{"id":50496,"date":"2024-08-12T18:47:34","date_gmt":"2024-08-12T16:47:34","guid":{"rendered":"https:\/\/www.laguiadepamplona.com\/actualidad\/?p=50496"},"modified":"2024-08-12T18:47:34","modified_gmt":"2024-08-12T16:47:34","slug":"la-instalacion-de-experimentacion-sonora-orkestronia-de-cia-la-cresta-protagoniza-la-programacion-familiar-del-patio-del-palacio-de-ezpeleta-este-martes","status":"publish","type":"post","link":"https:\/\/www.laguiadepamplona.com\/actualidad\/la-instalacion-de-experimentacion-sonora-orkestronia-de-cia-la-cresta-protagoniza-la-programacion-familiar-del-patio-del-palacio-de-ezpeleta-este-martes\/","title":{"rendered":"La instalaci\u00f3n de experimentaci\u00f3n sonora \u2018Orkestr\u00f3nia\u2019, de C\u00eda la Cresta, protagoniza la programaci\u00f3n familiar del patio del Palacio de Ezpeleta este martes"},"content":{"rendered":"<h2>La m\u00fasica en euskera anima el patio el mi\u00e9rcoles, con el concierto \u2018Txiki Rock\u2019, que repasa temas m\u00edticos de grupos como Kortatu, Itoiz o Hertzainak<\/h2>\n<p><!--more--><\/p>\n<p>El patio del Palacio de Ezpeleta contin\u00faa esta semana con su programaci\u00f3n familiar en los ciclos \u2018Instalaciones y juegos\u2019 y \u2018Respirando m\u00fasica en familia\u2019. Las actividades de martes y mi\u00e9rcoles por la tarde se van a centrar en la m\u00fasica, con la instalaci\u00f3n musical \u2018Orkestr\u00f2nia\u2019 y el concierto de m\u00fasica en euskera \u2018Txiki Rock\u2019. La entrada es gratuita y el acceso al patio se realiza por la calle de San Francisco.<\/p>\n<p>La instalaci\u00f3n \u2018Orkestr\u00f2nia\u2019 se desarrolla este martes, de 18.00 a 21.00 horas, y est\u00e1 dirigida a ni\u00f1os y ni\u00f1as mayores de 8 a\u00f1os, acompa\u00f1ados por una persona adulta. La entrada se realiza por orden de llegada, con las 20.30 horas como l\u00edmite para acceder. \u2018Orkestr\u00f2nia\u2019 es una instalaci\u00f3n participativa de experimentaci\u00f3n sonora integrada por instrumentos de fabricaci\u00f3n propia de C\u00eda La Cresta. Estos instrumentos generan sonidos y atm\u00f3sferas \u00fanicas que buscan sorprender al p\u00fablico visitante.<\/p>\n<p>El mi\u00e9rcoles 14, los temas m\u00e1s conocidos del rock euskaldun sonar\u00e1n en el concierto \u2018Txiki Rock. Euskal Rockari Errepasua\u2019, de la mano de Vitamin Producciones. A partir de las 19.30 horas, con entrada libre hasta completar aforo, el concierto har\u00e1 un recorrido por temas m\u00edticos de Kortatu, Itoiz o Hertzainak, para acercarlos a los m\u00e1s j\u00f3venes de forma amena y din\u00e1mica.<\/p>\n<p>Los dos ciclos seguir\u00e1n la semana pr\u00f3xima: el martes, con la instalaci\u00f3n \u2018La vuelta al mundo en 50 juegos\u2019, y el mi\u00e9rcoles, con el concierto esc\u00e9nico para quinteto \u2018Ooh!\u2019.<\/p>\n<p>&nbsp;<\/p>\n<h3>Patio del Palacio de Ezpeleta. Entrada por calle San Francisco<\/h3>\n<ul>\n<li>Instalaciones y juegos. \u2018Orkestr\u00f2nia\u2019\n<ul>\n<li>Martes 13 de agosto. 18.00-21.00 horas<\/li>\n<li>Dirigido a mayores de ocho a\u00f1os, en compa\u00f1\u00eda de una persona adulta<\/li>\n<li>Entrada libre por orden de llegada. \u00daltimo acceso: 20.30<\/li>\n<\/ul>\n<\/li>\n<li>Respirando m\u00fasica en familia. \u2018Txiki Rock\u2019 (euskera)\n<ul>\n<li>Mi\u00e9rcoles 14 de agosto, 19:30 horas<\/li>\n<li>Vitamin Producciones<\/li>\n<li>Entrada libre hasta completar aforo<\/li>\n<\/ul>\n<\/li>\n<\/ul>\n","protected":false},"excerpt":{"rendered":"<p>La m\u00fasica en euskera anima el patio el mi\u00e9rcoles, con el concierto \u2018Txiki Rock\u2019, que repasa temas m\u00edticos de grupos como Kortatu, Itoiz o Hertzainak<\/p>\n","protected":false},"author":1,"featured_media":50497,"comment_status":"open","ping_status":"closed","sticky":false,"template":"","format":"standard","meta":{"footnotes":""},"categories":[2],"tags":[],"class_list":["post-50496","post","type-post","status-publish","format-standard","has-post-thumbnail","hentry","category-ayuntamiento-pamplona"],"yoast_head":"<!-- This site is optimized with the Yoast SEO plugin v27.3 - https:\/\/yoast.com\/product\/yoast-seo-wordpress\/ -->\n<title>La instalaci\u00f3n de experimentaci\u00f3n sonora \u2018Orkestr\u00f3nia\u2019, de C\u00eda la Cresta, protagoniza la programaci\u00f3n familiar del patio del Palacio de Ezpeleta este martes<\/title>\n<meta name=\"robots\" content=\"index, follow, max-snippet:-1, max-image-preview:large, max-video-preview:-1\" \/>\n<link rel=\"canonical\" href=\"https:\/\/www.laguiadepamplona.com\/actualidad\/la-instalacion-de-experimentacion-sonora-orkestronia-de-cia-la-cresta-protagoniza-la-programacion-familiar-del-patio-del-palacio-de-ezpeleta-este-martes\/\" \/>\n<meta property=\"og:locale\" content=\"es_ES\" \/>\n<meta property=\"og:type\" content=\"article\" \/>\n<meta property=\"og:title\" content=\"La instalaci\u00f3n de experimentaci\u00f3n sonora \u2018Orkestr\u00f3nia\u2019, de C\u00eda la Cresta, protagoniza la programaci\u00f3n familiar del patio del Palacio de Ezpeleta este martes\" \/>\n<meta property=\"og:description\" content=\"La m\u00fasica en euskera anima el patio el mi\u00e9rcoles, con el concierto \u2018Txiki Rock\u2019, que repasa temas m\u00edticos de grupos como Kortatu, Itoiz o Hertzainak\" \/>\n<meta property=\"og:url\" content=\"https:\/\/www.laguiadepamplona.com\/actualidad\/la-instalacion-de-experimentacion-sonora-orkestronia-de-cia-la-cresta-protagoniza-la-programacion-familiar-del-patio-del-palacio-de-ezpeleta-este-martes\/\" \/>\n<meta property=\"og:site_name\" content=\"La Gu\u00eda de Pamplona\" \/>\n<meta property=\"article:publisher\" content=\"https:\/\/www.facebook.com\/laguiadepamplonacom-133175176762273\/?ref=hl\" \/>\n<meta property=\"article:published_time\" content=\"2024-08-12T16:47:34+00:00\" \/>\n<meta property=\"og:image\" content=\"https:\/\/www.laguiadepamplona.com\/actualidad\/wp-content\/uploads\/2024\/08\/Teatro-Ezpeleta.webp\" \/>\n\t<meta property=\"og:image:width\" content=\"1000\" \/>\n\t<meta property=\"og:image:height\" content=\"667\" \/>\n\t<meta property=\"og:image:type\" content=\"image\/webp\" \/>\n<meta name=\"author\" content=\"La Gu\u00eda de Pamplona\" \/>\n<meta name=\"twitter:card\" content=\"summary_large_image\" \/>\n<meta name=\"twitter:creator\" content=\"@LaGuiadPamplona\" \/>\n<meta name=\"twitter:site\" content=\"@LaGuiadPamplona\" \/>\n<meta name=\"twitter:label1\" content=\"Escrito por\" \/>\n\t<meta name=\"twitter:data1\" content=\"La Gu\u00eda de Pamplona\" \/>\n\t<meta name=\"twitter:label2\" content=\"Tiempo de lectura\" \/>\n\t<meta name=\"twitter:data2\" content=\"2 minutos\" \/>\n<script type=\"application\/ld+json\" class=\"yoast-schema-graph\">{\"@context\":\"https:\\\/\\\/schema.org\",\"@graph\":[{\"@type\":\"Article\",\"@id\":\"https:\\\/\\\/www.laguiadepamplona.com\\\/actualidad\\\/la-instalacion-de-experimentacion-sonora-orkestronia-de-cia-la-cresta-protagoniza-la-programacion-familiar-del-patio-del-palacio-de-ezpeleta-este-martes\\\/#article\",\"isPartOf\":{\"@id\":\"https:\\\/\\\/www.laguiadepamplona.com\\\/actualidad\\\/la-instalacion-de-experimentacion-sonora-orkestronia-de-cia-la-cresta-protagoniza-la-programacion-familiar-del-patio-del-palacio-de-ezpeleta-este-martes\\\/\"},\"author\":{\"name\":\"La Gu\u00eda de Pamplona\",\"@id\":\"https:\\\/\\\/www.laguiadepamplona.com\\\/actualidad\\\/#\\\/schema\\\/person\\\/efe887376f0213d4657c93adc50b1fdb\"},\"headline\":\"La instalaci\u00f3n de experimentaci\u00f3n sonora \u2018Orkestr\u00f3nia\u2019, de C\u00eda la Cresta, protagoniza la programaci\u00f3n familiar del patio del Palacio de Ezpeleta este martes\",\"datePublished\":\"2024-08-12T16:47:34+00:00\",\"mainEntityOfPage\":{\"@id\":\"https:\\\/\\\/www.laguiadepamplona.com\\\/actualidad\\\/la-instalacion-de-experimentacion-sonora-orkestronia-de-cia-la-cresta-protagoniza-la-programacion-familiar-del-patio-del-palacio-de-ezpeleta-este-martes\\\/\"},\"wordCount\":381,\"commentCount\":0,\"publisher\":{\"@id\":\"https:\\\/\\\/www.laguiadepamplona.com\\\/actualidad\\\/#organization\"},\"image\":{\"@id\":\"https:\\\/\\\/www.laguiadepamplona.com\\\/actualidad\\\/la-instalacion-de-experimentacion-sonora-orkestronia-de-cia-la-cresta-protagoniza-la-programacion-familiar-del-patio-del-palacio-de-ezpeleta-este-martes\\\/#primaryimage\"},\"thumbnailUrl\":\"https:\\\/\\\/www.laguiadepamplona.com\\\/actualidad\\\/wp-content\\\/uploads\\\/2024\\\/08\\\/Teatro-Ezpeleta.webp\",\"articleSection\":[\"Ayto Pamplona\"],\"inLanguage\":\"es\",\"potentialAction\":[{\"@type\":\"CommentAction\",\"name\":\"Comment\",\"target\":[\"https:\\\/\\\/www.laguiadepamplona.com\\\/actualidad\\\/la-instalacion-de-experimentacion-sonora-orkestronia-de-cia-la-cresta-protagoniza-la-programacion-familiar-del-patio-del-palacio-de-ezpeleta-este-martes\\\/#respond\"]}]},{\"@type\":\"WebPage\",\"@id\":\"https:\\\/\\\/www.laguiadepamplona.com\\\/actualidad\\\/la-instalacion-de-experimentacion-sonora-orkestronia-de-cia-la-cresta-protagoniza-la-programacion-familiar-del-patio-del-palacio-de-ezpeleta-este-martes\\\/\",\"url\":\"https:\\\/\\\/www.laguiadepamplona.com\\\/actualidad\\\/la-instalacion-de-experimentacion-sonora-orkestronia-de-cia-la-cresta-protagoniza-la-programacion-familiar-del-patio-del-palacio-de-ezpeleta-este-martes\\\/\",\"name\":\"La instalaci\u00f3n de experimentaci\u00f3n sonora \u2018Orkestr\u00f3nia\u2019, de C\u00eda la Cresta, protagoniza la programaci\u00f3n familiar del patio del Palacio de Ezpeleta este martes\",\"isPartOf\":{\"@id\":\"https:\\\/\\\/www.laguiadepamplona.com\\\/actualidad\\\/#website\"},\"primaryImageOfPage\":{\"@id\":\"https:\\\/\\\/www.laguiadepamplona.com\\\/actualidad\\\/la-instalacion-de-experimentacion-sonora-orkestronia-de-cia-la-cresta-protagoniza-la-programacion-familiar-del-patio-del-palacio-de-ezpeleta-este-martes\\\/#primaryimage\"},\"image\":{\"@id\":\"https:\\\/\\\/www.laguiadepamplona.com\\\/actualidad\\\/la-instalacion-de-experimentacion-sonora-orkestronia-de-cia-la-cresta-protagoniza-la-programacion-familiar-del-patio-del-palacio-de-ezpeleta-este-martes\\\/#primaryimage\"},\"thumbnailUrl\":\"https:\\\/\\\/www.laguiadepamplona.com\\\/actualidad\\\/wp-content\\\/uploads\\\/2024\\\/08\\\/Teatro-Ezpeleta.webp\",\"datePublished\":\"2024-08-12T16:47:34+00:00\",\"breadcrumb\":{\"@id\":\"https:\\\/\\\/www.laguiadepamplona.com\\\/actualidad\\\/la-instalacion-de-experimentacion-sonora-orkestronia-de-cia-la-cresta-protagoniza-la-programacion-familiar-del-patio-del-palacio-de-ezpeleta-este-martes\\\/#breadcrumb\"},\"inLanguage\":\"es\",\"potentialAction\":[{\"@type\":\"ReadAction\",\"target\":[\"https:\\\/\\\/www.laguiadepamplona.com\\\/actualidad\\\/la-instalacion-de-experimentacion-sonora-orkestronia-de-cia-la-cresta-protagoniza-la-programacion-familiar-del-patio-del-palacio-de-ezpeleta-este-martes\\\/\"]}]},{\"@type\":\"ImageObject\",\"inLanguage\":\"es\",\"@id\":\"https:\\\/\\\/www.laguiadepamplona.com\\\/actualidad\\\/la-instalacion-de-experimentacion-sonora-orkestronia-de-cia-la-cresta-protagoniza-la-programacion-familiar-del-patio-del-palacio-de-ezpeleta-este-martes\\\/#primaryimage\",\"url\":\"https:\\\/\\\/www.laguiadepamplona.com\\\/actualidad\\\/wp-content\\\/uploads\\\/2024\\\/08\\\/Teatro-Ezpeleta.webp\",\"contentUrl\":\"https:\\\/\\\/www.laguiadepamplona.com\\\/actualidad\\\/wp-content\\\/uploads\\\/2024\\\/08\\\/Teatro-Ezpeleta.webp\",\"width\":1000,\"height\":667,\"caption\":\"teatro ezpeleta\"},{\"@type\":\"BreadcrumbList\",\"@id\":\"https:\\\/\\\/www.laguiadepamplona.com\\\/actualidad\\\/la-instalacion-de-experimentacion-sonora-orkestronia-de-cia-la-cresta-protagoniza-la-programacion-familiar-del-patio-del-palacio-de-ezpeleta-este-martes\\\/#breadcrumb\",\"itemListElement\":[{\"@type\":\"ListItem\",\"position\":1,\"name\":\"Portada\",\"item\":\"https:\\\/\\\/www.laguiadepamplona.com\\\/actualidad\\\/\"},{\"@type\":\"ListItem\",\"position\":2,\"name\":\"La instalaci\u00f3n de experimentaci\u00f3n sonora \u2018Orkestr\u00f3nia\u2019, de C\u00eda la Cresta, protagoniza la programaci\u00f3n familiar del patio del Palacio de Ezpeleta este martes\"}]},{\"@type\":\"WebSite\",\"@id\":\"https:\\\/\\\/www.laguiadepamplona.com\\\/actualidad\\\/#website\",\"url\":\"https:\\\/\\\/www.laguiadepamplona.com\\\/actualidad\\\/\",\"name\":\"La gu\u00eda de Pamplona\",\"description\":\"Noticias de Pamplona\",\"publisher\":{\"@id\":\"https:\\\/\\\/www.laguiadepamplona.com\\\/actualidad\\\/#organization\"},\"potentialAction\":[{\"@type\":\"SearchAction\",\"target\":{\"@type\":\"EntryPoint\",\"urlTemplate\":\"https:\\\/\\\/www.laguiadepamplona.com\\\/actualidad\\\/?s={search_term_string}\"},\"query-input\":{\"@type\":\"PropertyValueSpecification\",\"valueRequired\":true,\"valueName\":\"search_term_string\"}}],\"inLanguage\":\"es\"},{\"@type\":\"Organization\",\"@id\":\"https:\\\/\\\/www.laguiadepamplona.com\\\/actualidad\\\/#organization\",\"name\":\"La Gu\u00eda de Pamplona \\\/ Noticias\",\"url\":\"https:\\\/\\\/www.laguiadepamplona.com\\\/actualidad\\\/\",\"logo\":{\"@type\":\"ImageObject\",\"inLanguage\":\"es\",\"@id\":\"https:\\\/\\\/www.laguiadepamplona.com\\\/actualidad\\\/#\\\/schema\\\/logo\\\/image\\\/\",\"url\":\"https:\\\/\\\/www.laguiadepamplona.com\\\/actualidad\\\/wp-content\\\/uploads\\\/2018\\\/11\\\/logo-laguiadepamplona18-web1.png\",\"contentUrl\":\"https:\\\/\\\/www.laguiadepamplona.com\\\/actualidad\\\/wp-content\\\/uploads\\\/2018\\\/11\\\/logo-laguiadepamplona18-web1.png\",\"width\":600,\"height\":196,\"caption\":\"La Gu\u00eda de Pamplona \\\/ Noticias\"},\"image\":{\"@id\":\"https:\\\/\\\/www.laguiadepamplona.com\\\/actualidad\\\/#\\\/schema\\\/logo\\\/image\\\/\"},\"sameAs\":[\"https:\\\/\\\/www.facebook.com\\\/laguiadepamplonacom-133175176762273\\\/?ref=hl\",\"https:\\\/\\\/x.com\\\/LaGuiadPamplona\",\"https:\\\/\\\/www.instagram.com\\\/la_guia_de_pamplona\\\/\",\"https:\\\/\\\/www.youtube.com\\\/user\\\/laguiadepamplona\"]},{\"@type\":\"Person\",\"@id\":\"https:\\\/\\\/www.laguiadepamplona.com\\\/actualidad\\\/#\\\/schema\\\/person\\\/efe887376f0213d4657c93adc50b1fdb\",\"name\":\"La Gu\u00eda de Pamplona\",\"image\":{\"@type\":\"ImageObject\",\"inLanguage\":\"es\",\"@id\":\"https:\\\/\\\/secure.gravatar.com\\\/avatar\\\/b6992f131dc8d30ab0dff15446e9d346d9dbd95992de0fef795073f5ea83a81c?s=96&d=mm&r=g\",\"url\":\"https:\\\/\\\/secure.gravatar.com\\\/avatar\\\/b6992f131dc8d30ab0dff15446e9d346d9dbd95992de0fef795073f5ea83a81c?s=96&d=mm&r=g\",\"contentUrl\":\"https:\\\/\\\/secure.gravatar.com\\\/avatar\\\/b6992f131dc8d30ab0dff15446e9d346d9dbd95992de0fef795073f5ea83a81c?s=96&d=mm&r=g\",\"caption\":\"La Gu\u00eda de Pamplona\"}}]}<\/script>\n<!-- \/ Yoast SEO plugin. -->","yoast_head_json":{"title":"La instalaci\u00f3n de experimentaci\u00f3n sonora \u2018Orkestr\u00f3nia\u2019, de C\u00eda la Cresta, protagoniza la programaci\u00f3n familiar del patio del Palacio de Ezpeleta este martes","robots":{"index":"index","follow":"follow","max-snippet":"max-snippet:-1","max-image-preview":"max-image-preview:large","max-video-preview":"max-video-preview:-1"},"canonical":"https:\/\/www.laguiadepamplona.com\/actualidad\/la-instalacion-de-experimentacion-sonora-orkestronia-de-cia-la-cresta-protagoniza-la-programacion-familiar-del-patio-del-palacio-de-ezpeleta-este-martes\/","og_locale":"es_ES","og_type":"article","og_title":"La instalaci\u00f3n de experimentaci\u00f3n sonora \u2018Orkestr\u00f3nia\u2019, de C\u00eda la Cresta, protagoniza la programaci\u00f3n familiar del patio del Palacio de Ezpeleta este martes","og_description":"La m\u00fasica en euskera anima el patio el mi\u00e9rcoles, con el concierto \u2018Txiki Rock\u2019, que repasa temas m\u00edticos de grupos como Kortatu, Itoiz o Hertzainak","og_url":"https:\/\/www.laguiadepamplona.com\/actualidad\/la-instalacion-de-experimentacion-sonora-orkestronia-de-cia-la-cresta-protagoniza-la-programacion-familiar-del-patio-del-palacio-de-ezpeleta-este-martes\/","og_site_name":"La Gu\u00eda de Pamplona","article_publisher":"https:\/\/www.facebook.com\/laguiadepamplonacom-133175176762273\/?ref=hl","article_published_time":"2024-08-12T16:47:34+00:00","og_image":[{"width":1000,"height":667,"url":"https:\/\/www.laguiadepamplona.com\/actualidad\/wp-content\/uploads\/2024\/08\/Teatro-Ezpeleta.webp","type":"image\/webp"}],"author":"La Gu\u00eda de Pamplona","twitter_card":"summary_large_image","twitter_creator":"@LaGuiadPamplona","twitter_site":"@LaGuiadPamplona","twitter_misc":{"Escrito por":"La Gu\u00eda de Pamplona","Tiempo de lectura":"2 minutos"},"schema":{"@context":"https:\/\/schema.org","@graph":[{"@type":"Article","@id":"https:\/\/www.laguiadepamplona.com\/actualidad\/la-instalacion-de-experimentacion-sonora-orkestronia-de-cia-la-cresta-protagoniza-la-programacion-familiar-del-patio-del-palacio-de-ezpeleta-este-martes\/#article","isPartOf":{"@id":"https:\/\/www.laguiadepamplona.com\/actualidad\/la-instalacion-de-experimentacion-sonora-orkestronia-de-cia-la-cresta-protagoniza-la-programacion-familiar-del-patio-del-palacio-de-ezpeleta-este-martes\/"},"author":{"name":"La Gu\u00eda de Pamplona","@id":"https:\/\/www.laguiadepamplona.com\/actualidad\/#\/schema\/person\/efe887376f0213d4657c93adc50b1fdb"},"headline":"La instalaci\u00f3n de experimentaci\u00f3n sonora \u2018Orkestr\u00f3nia\u2019, de C\u00eda la Cresta, protagoniza la programaci\u00f3n familiar del patio del Palacio de Ezpeleta este martes","datePublished":"2024-08-12T16:47:34+00:00","mainEntityOfPage":{"@id":"https:\/\/www.laguiadepamplona.com\/actualidad\/la-instalacion-de-experimentacion-sonora-orkestronia-de-cia-la-cresta-protagoniza-la-programacion-familiar-del-patio-del-palacio-de-ezpeleta-este-martes\/"},"wordCount":381,"commentCount":0,"publisher":{"@id":"https:\/\/www.laguiadepamplona.com\/actualidad\/#organization"},"image":{"@id":"https:\/\/www.laguiadepamplona.com\/actualidad\/la-instalacion-de-experimentacion-sonora-orkestronia-de-cia-la-cresta-protagoniza-la-programacion-familiar-del-patio-del-palacio-de-ezpeleta-este-martes\/#primaryimage"},"thumbnailUrl":"https:\/\/www.laguiadepamplona.com\/actualidad\/wp-content\/uploads\/2024\/08\/Teatro-Ezpeleta.webp","articleSection":["Ayto Pamplona"],"inLanguage":"es","potentialAction":[{"@type":"CommentAction","name":"Comment","target":["https:\/\/www.laguiadepamplona.com\/actualidad\/la-instalacion-de-experimentacion-sonora-orkestronia-de-cia-la-cresta-protagoniza-la-programacion-familiar-del-patio-del-palacio-de-ezpeleta-este-martes\/#respond"]}]},{"@type":"WebPage","@id":"https:\/\/www.laguiadepamplona.com\/actualidad\/la-instalacion-de-experimentacion-sonora-orkestronia-de-cia-la-cresta-protagoniza-la-programacion-familiar-del-patio-del-palacio-de-ezpeleta-este-martes\/","url":"https:\/\/www.laguiadepamplona.com\/actualidad\/la-instalacion-de-experimentacion-sonora-orkestronia-de-cia-la-cresta-protagoniza-la-programacion-familiar-del-patio-del-palacio-de-ezpeleta-este-martes\/","name":"La instalaci\u00f3n de experimentaci\u00f3n sonora \u2018Orkestr\u00f3nia\u2019, de C\u00eda la Cresta, protagoniza la programaci\u00f3n familiar del patio del Palacio de Ezpeleta este martes","isPartOf":{"@id":"https:\/\/www.laguiadepamplona.com\/actualidad\/#website"},"primaryImageOfPage":{"@id":"https:\/\/www.laguiadepamplona.com\/actualidad\/la-instalacion-de-experimentacion-sonora-orkestronia-de-cia-la-cresta-protagoniza-la-programacion-familiar-del-patio-del-palacio-de-ezpeleta-este-martes\/#primaryimage"},"image":{"@id":"https:\/\/www.laguiadepamplona.com\/actualidad\/la-instalacion-de-experimentacion-sonora-orkestronia-de-cia-la-cresta-protagoniza-la-programacion-familiar-del-patio-del-palacio-de-ezpeleta-este-martes\/#primaryimage"},"thumbnailUrl":"https:\/\/www.laguiadepamplona.com\/actualidad\/wp-content\/uploads\/2024\/08\/Teatro-Ezpeleta.webp","datePublished":"2024-08-12T16:47:34+00:00","breadcrumb":{"@id":"https:\/\/www.laguiadepamplona.com\/actualidad\/la-instalacion-de-experimentacion-sonora-orkestronia-de-cia-la-cresta-protagoniza-la-programacion-familiar-del-patio-del-palacio-de-ezpeleta-este-martes\/#breadcrumb"},"inLanguage":"es","potentialAction":[{"@type":"ReadAction","target":["https:\/\/www.laguiadepamplona.com\/actualidad\/la-instalacion-de-experimentacion-sonora-orkestronia-de-cia-la-cresta-protagoniza-la-programacion-familiar-del-patio-del-palacio-de-ezpeleta-este-martes\/"]}]},{"@type":"ImageObject","inLanguage":"es","@id":"https:\/\/www.laguiadepamplona.com\/actualidad\/la-instalacion-de-experimentacion-sonora-orkestronia-de-cia-la-cresta-protagoniza-la-programacion-familiar-del-patio-del-palacio-de-ezpeleta-este-martes\/#primaryimage","url":"https:\/\/www.laguiadepamplona.com\/actualidad\/wp-content\/uploads\/2024\/08\/Teatro-Ezpeleta.webp","contentUrl":"https:\/\/www.laguiadepamplona.com\/actualidad\/wp-content\/uploads\/2024\/08\/Teatro-Ezpeleta.webp","width":1000,"height":667,"caption":"teatro ezpeleta"},{"@type":"BreadcrumbList","@id":"https:\/\/www.laguiadepamplona.com\/actualidad\/la-instalacion-de-experimentacion-sonora-orkestronia-de-cia-la-cresta-protagoniza-la-programacion-familiar-del-patio-del-palacio-de-ezpeleta-este-martes\/#breadcrumb","itemListElement":[{"@type":"ListItem","position":1,"name":"Portada","item":"https:\/\/www.laguiadepamplona.com\/actualidad\/"},{"@type":"ListItem","position":2,"name":"La instalaci\u00f3n de experimentaci\u00f3n sonora \u2018Orkestr\u00f3nia\u2019, de C\u00eda la Cresta, protagoniza la programaci\u00f3n familiar del patio del Palacio de Ezpeleta este martes"}]},{"@type":"WebSite","@id":"https:\/\/www.laguiadepamplona.com\/actualidad\/#website","url":"https:\/\/www.laguiadepamplona.com\/actualidad\/","name":"La gu\u00eda de Pamplona","description":"Noticias de Pamplona","publisher":{"@id":"https:\/\/www.laguiadepamplona.com\/actualidad\/#organization"},"potentialAction":[{"@type":"SearchAction","target":{"@type":"EntryPoint","urlTemplate":"https:\/\/www.laguiadepamplona.com\/actualidad\/?s={search_term_string}"},"query-input":{"@type":"PropertyValueSpecification","valueRequired":true,"valueName":"search_term_string"}}],"inLanguage":"es"},{"@type":"Organization","@id":"https:\/\/www.laguiadepamplona.com\/actualidad\/#organization","name":"La Gu\u00eda de Pamplona \/ Noticias","url":"https:\/\/www.laguiadepamplona.com\/actualidad\/","logo":{"@type":"ImageObject","inLanguage":"es","@id":"https:\/\/www.laguiadepamplona.com\/actualidad\/#\/schema\/logo\/image\/","url":"https:\/\/www.laguiadepamplona.com\/actualidad\/wp-content\/uploads\/2018\/11\/logo-laguiadepamplona18-web1.png","contentUrl":"https:\/\/www.laguiadepamplona.com\/actualidad\/wp-content\/uploads\/2018\/11\/logo-laguiadepamplona18-web1.png","width":600,"height":196,"caption":"La Gu\u00eda de Pamplona \/ Noticias"},"image":{"@id":"https:\/\/www.laguiadepamplona.com\/actualidad\/#\/schema\/logo\/image\/"},"sameAs":["https:\/\/www.facebook.com\/laguiadepamplonacom-133175176762273\/?ref=hl","https:\/\/x.com\/LaGuiadPamplona","https:\/\/www.instagram.com\/la_guia_de_pamplona\/","https:\/\/www.youtube.com\/user\/laguiadepamplona"]},{"@type":"Person","@id":"https:\/\/www.laguiadepamplona.com\/actualidad\/#\/schema\/person\/efe887376f0213d4657c93adc50b1fdb","name":"La Gu\u00eda de Pamplona","image":{"@type":"ImageObject","inLanguage":"es","@id":"https:\/\/secure.gravatar.com\/avatar\/b6992f131dc8d30ab0dff15446e9d346d9dbd95992de0fef795073f5ea83a81c?s=96&d=mm&r=g","url":"https:\/\/secure.gravatar.com\/avatar\/b6992f131dc8d30ab0dff15446e9d346d9dbd95992de0fef795073f5ea83a81c?s=96&d=mm&r=g","contentUrl":"https:\/\/secure.gravatar.com\/avatar\/b6992f131dc8d30ab0dff15446e9d346d9dbd95992de0fef795073f5ea83a81c?s=96&d=mm&r=g","caption":"La Gu\u00eda de Pamplona"}}]}},"post_mailing_queue_ids":[],"_links":{"self":[{"href":"https:\/\/www.laguiadepamplona.com\/actualidad\/wp-json\/wp\/v2\/posts\/50496","targetHints":{"allow":["GET"]}}],"collection":[{"href":"https:\/\/www.laguiadepamplona.com\/actualidad\/wp-json\/wp\/v2\/posts"}],"about":[{"href":"https:\/\/www.laguiadepamplona.com\/actualidad\/wp-json\/wp\/v2\/types\/post"}],"author":[{"embeddable":true,"href":"https:\/\/www.laguiadepamplona.com\/actualidad\/wp-json\/wp\/v2\/users\/1"}],"replies":[{"embeddable":true,"href":"https:\/\/www.laguiadepamplona.com\/actualidad\/wp-json\/wp\/v2\/comments?post=50496"}],"version-history":[{"count":1,"href":"https:\/\/www.laguiadepamplona.com\/actualidad\/wp-json\/wp\/v2\/posts\/50496\/revisions"}],"predecessor-version":[{"id":50498,"href":"https:\/\/www.laguiadepamplona.com\/actualidad\/wp-json\/wp\/v2\/posts\/50496\/revisions\/50498"}],"wp:featuredmedia":[{"embeddable":true,"href":"https:\/\/www.laguiadepamplona.com\/actualidad\/wp-json\/wp\/v2\/media\/50497"}],"wp:attachment":[{"href":"https:\/\/www.laguiadepamplona.com\/actualidad\/wp-json\/wp\/v2\/media?parent=50496"}],"wp:term":[{"taxonomy":"category","embeddable":true,"href":"https:\/\/www.laguiadepamplona.com\/actualidad\/wp-json\/wp\/v2\/categories?post=50496"},{"taxonomy":"post_tag","embeddable":true,"href":"https:\/\/www.laguiadepamplona.com\/actualidad\/wp-json\/wp\/v2\/tags?post=50496"}],"curies":[{"name":"wp","href":"https:\/\/api.w.org\/{rel}","templated":true}]}}