{"id":50490,"date":"2024-08-12T18:43:24","date_gmt":"2024-08-12T16:43:24","guid":{"rendered":"https:\/\/www.laguiadepamplona.com\/actualidad\/?p=50490"},"modified":"2024-08-12T18:43:24","modified_gmt":"2024-08-12T16:43:24","slug":"cada-dia-un-plan-de-la-casa-de-la-juventud-ofrece-esta-semana-cuatro-tardes-de-actividades-gratuitas-una-de-ellas-en-euskera","status":"publish","type":"post","link":"https:\/\/www.laguiadepamplona.com\/actualidad\/cada-dia-un-plan-de-la-casa-de-la-juventud-ofrece-esta-semana-cuatro-tardes-de-actividades-gratuitas-una-de-ellas-en-euskera\/","title":{"rendered":"Cada d\u00eda un plan de la Casa de la Juventud ofrece esta semana cuatro tardes de actividades gratuitas, una de ellas en euskera"},"content":{"rendered":"<h2>Expresi\u00f3n corporal y comunicaci\u00f3n, verbal y no verbal, y un an\u00e1lisis de c\u00f3mo funcionan los v\u00ednculos afectivos, son las propuestas de esta semana<\/h2>\n<p><!--more--><\/p>\n<p>Talleres comunicaci\u00f3n verbal y no verbal, destrezas para manejar los v\u00ednculos afectivos (en euskera) y baile, son los temas que centran las cuatro propuestas de esta semana de \u2018Cada d\u00eda un plan\u2019, el programa de actividades gratuitas para las tardes del verano en la Casa de la Juventud. De lunes a viernes, con la excepci\u00f3n de este jueves 15, festivo, las personas j\u00f3venes de entre 12 y 30 a\u00f1os, tienen una cita en la calle Sang\u00fcesa 30, de 19 a 20.30 horas. Todo el programa municipal se puede consultar en la <a href=\"https:\/\/www.pamplonajoven.es\/casa-de-la-juventud\/actividades-verano-2024\/\" target=\"_blank\" rel=\"noopener\">web de Pamplona Joven<\/a>.<\/p>\n<p>La semana empieza con la revisi\u00f3n de un miedo bastante presente: la actriz y docente Est\u00edbaliz Balda impartir\u00e1 esta tarde el taller \u2018Qu\u00edtate el miedo a hablar en p\u00fablico\u2019; en la actividad se practicar\u00e1n t\u00e9cnicas de comunicaci\u00f3n, respiraci\u00f3n, vocalizaci\u00f3n y proyecci\u00f3n de voz para mejorar la comunicaci\u00f3n verbal, sin perder de vista el componente de comunicaci\u00f3n no verbal que hay en las intervenciones ante p\u00fablico. El objetivo: ganar confianza. Esa misma profesora volver\u00e1 a la casa el viernes para impartir un taller de Improvisaci\u00f3n teatral para aprender a comunicarse de forma creativa a trav\u00e9s de diversas din\u00e1micas. Balda compagina la actuaci\u00f3n con la ense\u00f1anza y tiene en su haber una amplia experiencia en el mundo de la interpretaci\u00f3n.<\/p>\n<p>Ma\u00f1ana martes 13 de agosto, Abel Silva, core\u00f3grafo, bailar\u00edn y profesor de la Casa de la Juventud, impartir\u00e1 un taller de Hip Hop, una danza urbana neoyorkina, m\u00e1s espec\u00edficamente de los barrios de Bronx y Harlem que surgi\u00f3 en los a\u00f1os 70. Una de sus caracter\u00edsticas es que su movimiento o est\u00e1 sujeto a reglas, sino que tienen un gran margen de evoluci\u00f3n, lo que ha cristalizado en nuevos estilos como New Style, Comercial Dance, Vogue&#8230;<\/p>\n<p>La tarde del mi\u00e9rcoles 14 de agosto la propuesta ser\u00e1 en euskera. Un taller de psicolog\u00eda para analizar los v\u00ednculos afectivos y las claves para relaciones personales. Se hablar\u00e1 de relaciones saludables, confianza, comunicaci\u00f3n abierta, respeto mutuo y empat\u00eda. por Idoia \u00c1ngel, responsable de la Asesor\u00eda Psicol\u00f3gica de la Casa de la Juventud, tambi\u00e9n ofrecer\u00e1 pautas y herramientas para mejorar las relaciones personales.<\/p>\n<p>&nbsp;<\/p>\n<h3><strong>cada d\u00eda un plan. semana del 12 al 16 de agosto<\/strong><\/h3>\n<p><strong>Lunes 12 de agosto<\/strong><\/p>\n<ul>\n<li>Qu\u00edtate el miedo a hablar en p\u00fablico\u2019<\/li>\n<li>Imparte: Est\u00edbaliz Balda, actriz y docente<\/li>\n<\/ul>\n<p><strong>Martes 13 de agosto<\/strong><\/p>\n<ul>\n<li>Taller de Hip Hop<\/li>\n<li>Imparte: Abel Silva, profesor de baile la Casa de la Juventud<\/li>\n<\/ul>\n<p><strong>Mi\u00e9rcoles 14 de agosto<\/strong><\/p>\n<ul>\n<li>V\u00ednculos afectivos y las claves para relaciones personales<\/li>\n<li>Imparte: Idoia \u00c1ngel, responsable de la Asesor\u00eda Psicol\u00f3gica de la Casa de la Juventud<\/li>\n<\/ul>\n<p><strong>Jueves 15 de agosto. FESTIVO.<\/strong><\/p>\n<p><strong>Viernes 16 de agosto<\/strong><\/p>\n<ul>\n<li>Improvisaci\u00f3n teatral<\/li>\n<li>Imparte: Est\u00edbaliz Balda, actriz y docente<\/li>\n<\/ul>\n","protected":false},"excerpt":{"rendered":"<p>Expresi\u00f3n corporal y comunicaci\u00f3n, verbal y no verbal, y un an\u00e1lisis de c\u00f3mo funcionan los v\u00ednculos afectivos, son las propuestas de esta semana<\/p>\n","protected":false},"author":1,"featured_media":50491,"comment_status":"open","ping_status":"closed","sticky":false,"template":"","format":"standard","meta":{"footnotes":""},"categories":[2],"tags":[],"class_list":["post-50490","post","type-post","status-publish","format-standard","has-post-thumbnail","hentry","category-ayuntamiento-pamplona"],"yoast_head":"<!-- This site is optimized with the Yoast SEO plugin v27.3 - https:\/\/yoast.com\/product\/yoast-seo-wordpress\/ -->\n<title>Cada d\u00eda un plan de la Casa de la Juventud ofrece esta semana cuatro tardes de actividades gratuitas, una de ellas en euskera<\/title>\n<meta name=\"description\" content=\"Expresi\u00f3n corporal y comunicaci\u00f3n, verbal y no verbal, y un an\u00e1lisis de c\u00f3mo funcionan los v\u00ednculos afectivos, son las propuestas de esta semana\" \/>\n<meta name=\"robots\" content=\"index, follow, max-snippet:-1, max-image-preview:large, max-video-preview:-1\" \/>\n<link rel=\"canonical\" href=\"https:\/\/www.laguiadepamplona.com\/actualidad\/cada-dia-un-plan-de-la-casa-de-la-juventud-ofrece-esta-semana-cuatro-tardes-de-actividades-gratuitas-una-de-ellas-en-euskera\/\" \/>\n<meta property=\"og:locale\" content=\"es_ES\" \/>\n<meta property=\"og:type\" content=\"article\" \/>\n<meta property=\"og:title\" content=\"Cada d\u00eda un plan de la Casa de la Juventud ofrece esta semana cuatro tardes de actividades gratuitas, una de ellas en euskera\" \/>\n<meta property=\"og:description\" content=\"Expresi\u00f3n corporal y comunicaci\u00f3n, verbal y no verbal, y un an\u00e1lisis de c\u00f3mo funcionan los v\u00ednculos afectivos, son las propuestas de esta semana\" \/>\n<meta property=\"og:url\" content=\"https:\/\/www.laguiadepamplona.com\/actualidad\/cada-dia-un-plan-de-la-casa-de-la-juventud-ofrece-esta-semana-cuatro-tardes-de-actividades-gratuitas-una-de-ellas-en-euskera\/\" \/>\n<meta property=\"og:site_name\" content=\"La Gu\u00eda de Pamplona\" \/>\n<meta property=\"article:publisher\" content=\"https:\/\/www.facebook.com\/laguiadepamplonacom-133175176762273\/?ref=hl\" \/>\n<meta property=\"article:published_time\" content=\"2024-08-12T16:43:24+00:00\" \/>\n<meta property=\"og:image\" content=\"https:\/\/www.laguiadepamplona.com\/actualidad\/wp-content\/uploads\/2024\/08\/cada-dia-1-plan_0.webp\" \/>\n\t<meta property=\"og:image:width\" content=\"945\" \/>\n\t<meta property=\"og:image:height\" content=\"848\" \/>\n\t<meta property=\"og:image:type\" content=\"image\/webp\" \/>\n<meta name=\"author\" content=\"La Gu\u00eda de Pamplona\" \/>\n<meta name=\"twitter:card\" content=\"summary_large_image\" \/>\n<meta name=\"twitter:creator\" content=\"@LaGuiadPamplona\" \/>\n<meta name=\"twitter:site\" content=\"@LaGuiadPamplona\" \/>\n<meta name=\"twitter:label1\" content=\"Escrito por\" \/>\n\t<meta name=\"twitter:data1\" content=\"La Gu\u00eda de Pamplona\" \/>\n\t<meta name=\"twitter:label2\" content=\"Tiempo de lectura\" \/>\n\t<meta name=\"twitter:data2\" content=\"3 minutos\" \/>\n<script type=\"application\/ld+json\" class=\"yoast-schema-graph\">{\"@context\":\"https:\\\/\\\/schema.org\",\"@graph\":[{\"@type\":\"Article\",\"@id\":\"https:\\\/\\\/www.laguiadepamplona.com\\\/actualidad\\\/cada-dia-un-plan-de-la-casa-de-la-juventud-ofrece-esta-semana-cuatro-tardes-de-actividades-gratuitas-una-de-ellas-en-euskera\\\/#article\",\"isPartOf\":{\"@id\":\"https:\\\/\\\/www.laguiadepamplona.com\\\/actualidad\\\/cada-dia-un-plan-de-la-casa-de-la-juventud-ofrece-esta-semana-cuatro-tardes-de-actividades-gratuitas-una-de-ellas-en-euskera\\\/\"},\"author\":{\"name\":\"La Gu\u00eda de Pamplona\",\"@id\":\"https:\\\/\\\/www.laguiadepamplona.com\\\/actualidad\\\/#\\\/schema\\\/person\\\/efe887376f0213d4657c93adc50b1fdb\"},\"headline\":\"Cada d\u00eda un plan de la Casa de la Juventud ofrece esta semana cuatro tardes de actividades gratuitas, una de ellas en euskera\",\"datePublished\":\"2024-08-12T16:43:24+00:00\",\"mainEntityOfPage\":{\"@id\":\"https:\\\/\\\/www.laguiadepamplona.com\\\/actualidad\\\/cada-dia-un-plan-de-la-casa-de-la-juventud-ofrece-esta-semana-cuatro-tardes-de-actividades-gratuitas-una-de-ellas-en-euskera\\\/\"},\"wordCount\":531,\"commentCount\":0,\"publisher\":{\"@id\":\"https:\\\/\\\/www.laguiadepamplona.com\\\/actualidad\\\/#organization\"},\"image\":{\"@id\":\"https:\\\/\\\/www.laguiadepamplona.com\\\/actualidad\\\/cada-dia-un-plan-de-la-casa-de-la-juventud-ofrece-esta-semana-cuatro-tardes-de-actividades-gratuitas-una-de-ellas-en-euskera\\\/#primaryimage\"},\"thumbnailUrl\":\"https:\\\/\\\/www.laguiadepamplona.com\\\/actualidad\\\/wp-content\\\/uploads\\\/2024\\\/08\\\/cada-dia-1-plan_0.webp\",\"articleSection\":[\"Ayto Pamplona\"],\"inLanguage\":\"es\",\"potentialAction\":[{\"@type\":\"CommentAction\",\"name\":\"Comment\",\"target\":[\"https:\\\/\\\/www.laguiadepamplona.com\\\/actualidad\\\/cada-dia-un-plan-de-la-casa-de-la-juventud-ofrece-esta-semana-cuatro-tardes-de-actividades-gratuitas-una-de-ellas-en-euskera\\\/#respond\"]}]},{\"@type\":\"WebPage\",\"@id\":\"https:\\\/\\\/www.laguiadepamplona.com\\\/actualidad\\\/cada-dia-un-plan-de-la-casa-de-la-juventud-ofrece-esta-semana-cuatro-tardes-de-actividades-gratuitas-una-de-ellas-en-euskera\\\/\",\"url\":\"https:\\\/\\\/www.laguiadepamplona.com\\\/actualidad\\\/cada-dia-un-plan-de-la-casa-de-la-juventud-ofrece-esta-semana-cuatro-tardes-de-actividades-gratuitas-una-de-ellas-en-euskera\\\/\",\"name\":\"Cada d\u00eda un plan de la Casa de la Juventud ofrece esta semana cuatro tardes de actividades gratuitas, una de ellas en euskera\",\"isPartOf\":{\"@id\":\"https:\\\/\\\/www.laguiadepamplona.com\\\/actualidad\\\/#website\"},\"primaryImageOfPage\":{\"@id\":\"https:\\\/\\\/www.laguiadepamplona.com\\\/actualidad\\\/cada-dia-un-plan-de-la-casa-de-la-juventud-ofrece-esta-semana-cuatro-tardes-de-actividades-gratuitas-una-de-ellas-en-euskera\\\/#primaryimage\"},\"image\":{\"@id\":\"https:\\\/\\\/www.laguiadepamplona.com\\\/actualidad\\\/cada-dia-un-plan-de-la-casa-de-la-juventud-ofrece-esta-semana-cuatro-tardes-de-actividades-gratuitas-una-de-ellas-en-euskera\\\/#primaryimage\"},\"thumbnailUrl\":\"https:\\\/\\\/www.laguiadepamplona.com\\\/actualidad\\\/wp-content\\\/uploads\\\/2024\\\/08\\\/cada-dia-1-plan_0.webp\",\"datePublished\":\"2024-08-12T16:43:24+00:00\",\"description\":\"Expresi\u00f3n corporal y comunicaci\u00f3n, verbal y no verbal, y un an\u00e1lisis de c\u00f3mo funcionan los v\u00ednculos afectivos, son las propuestas de esta semana\",\"breadcrumb\":{\"@id\":\"https:\\\/\\\/www.laguiadepamplona.com\\\/actualidad\\\/cada-dia-un-plan-de-la-casa-de-la-juventud-ofrece-esta-semana-cuatro-tardes-de-actividades-gratuitas-una-de-ellas-en-euskera\\\/#breadcrumb\"},\"inLanguage\":\"es\",\"potentialAction\":[{\"@type\":\"ReadAction\",\"target\":[\"https:\\\/\\\/www.laguiadepamplona.com\\\/actualidad\\\/cada-dia-un-plan-de-la-casa-de-la-juventud-ofrece-esta-semana-cuatro-tardes-de-actividades-gratuitas-una-de-ellas-en-euskera\\\/\"]}]},{\"@type\":\"ImageObject\",\"inLanguage\":\"es\",\"@id\":\"https:\\\/\\\/www.laguiadepamplona.com\\\/actualidad\\\/cada-dia-un-plan-de-la-casa-de-la-juventud-ofrece-esta-semana-cuatro-tardes-de-actividades-gratuitas-una-de-ellas-en-euskera\\\/#primaryimage\",\"url\":\"https:\\\/\\\/www.laguiadepamplona.com\\\/actualidad\\\/wp-content\\\/uploads\\\/2024\\\/08\\\/cada-dia-1-plan_0.webp\",\"contentUrl\":\"https:\\\/\\\/www.laguiadepamplona.com\\\/actualidad\\\/wp-content\\\/uploads\\\/2024\\\/08\\\/cada-dia-1-plan_0.webp\",\"width\":945,\"height\":848,\"caption\":\"cada d\u00eda un plan\"},{\"@type\":\"BreadcrumbList\",\"@id\":\"https:\\\/\\\/www.laguiadepamplona.com\\\/actualidad\\\/cada-dia-un-plan-de-la-casa-de-la-juventud-ofrece-esta-semana-cuatro-tardes-de-actividades-gratuitas-una-de-ellas-en-euskera\\\/#breadcrumb\",\"itemListElement\":[{\"@type\":\"ListItem\",\"position\":1,\"name\":\"Portada\",\"item\":\"https:\\\/\\\/www.laguiadepamplona.com\\\/actualidad\\\/\"},{\"@type\":\"ListItem\",\"position\":2,\"name\":\"Cada d\u00eda un plan de la Casa de la Juventud ofrece esta semana cuatro tardes de actividades gratuitas, una de ellas en euskera\"}]},{\"@type\":\"WebSite\",\"@id\":\"https:\\\/\\\/www.laguiadepamplona.com\\\/actualidad\\\/#website\",\"url\":\"https:\\\/\\\/www.laguiadepamplona.com\\\/actualidad\\\/\",\"name\":\"La gu\u00eda de Pamplona\",\"description\":\"Noticias de Pamplona\",\"publisher\":{\"@id\":\"https:\\\/\\\/www.laguiadepamplona.com\\\/actualidad\\\/#organization\"},\"potentialAction\":[{\"@type\":\"SearchAction\",\"target\":{\"@type\":\"EntryPoint\",\"urlTemplate\":\"https:\\\/\\\/www.laguiadepamplona.com\\\/actualidad\\\/?s={search_term_string}\"},\"query-input\":{\"@type\":\"PropertyValueSpecification\",\"valueRequired\":true,\"valueName\":\"search_term_string\"}}],\"inLanguage\":\"es\"},{\"@type\":\"Organization\",\"@id\":\"https:\\\/\\\/www.laguiadepamplona.com\\\/actualidad\\\/#organization\",\"name\":\"La Gu\u00eda de Pamplona \\\/ Noticias\",\"url\":\"https:\\\/\\\/www.laguiadepamplona.com\\\/actualidad\\\/\",\"logo\":{\"@type\":\"ImageObject\",\"inLanguage\":\"es\",\"@id\":\"https:\\\/\\\/www.laguiadepamplona.com\\\/actualidad\\\/#\\\/schema\\\/logo\\\/image\\\/\",\"url\":\"https:\\\/\\\/www.laguiadepamplona.com\\\/actualidad\\\/wp-content\\\/uploads\\\/2018\\\/11\\\/logo-laguiadepamplona18-web1.png\",\"contentUrl\":\"https:\\\/\\\/www.laguiadepamplona.com\\\/actualidad\\\/wp-content\\\/uploads\\\/2018\\\/11\\\/logo-laguiadepamplona18-web1.png\",\"width\":600,\"height\":196,\"caption\":\"La Gu\u00eda de Pamplona \\\/ Noticias\"},\"image\":{\"@id\":\"https:\\\/\\\/www.laguiadepamplona.com\\\/actualidad\\\/#\\\/schema\\\/logo\\\/image\\\/\"},\"sameAs\":[\"https:\\\/\\\/www.facebook.com\\\/laguiadepamplonacom-133175176762273\\\/?ref=hl\",\"https:\\\/\\\/x.com\\\/LaGuiadPamplona\",\"https:\\\/\\\/www.instagram.com\\\/la_guia_de_pamplona\\\/\",\"https:\\\/\\\/www.youtube.com\\\/user\\\/laguiadepamplona\"]},{\"@type\":\"Person\",\"@id\":\"https:\\\/\\\/www.laguiadepamplona.com\\\/actualidad\\\/#\\\/schema\\\/person\\\/efe887376f0213d4657c93adc50b1fdb\",\"name\":\"La Gu\u00eda de Pamplona\",\"image\":{\"@type\":\"ImageObject\",\"inLanguage\":\"es\",\"@id\":\"https:\\\/\\\/secure.gravatar.com\\\/avatar\\\/b6992f131dc8d30ab0dff15446e9d346d9dbd95992de0fef795073f5ea83a81c?s=96&d=mm&r=g\",\"url\":\"https:\\\/\\\/secure.gravatar.com\\\/avatar\\\/b6992f131dc8d30ab0dff15446e9d346d9dbd95992de0fef795073f5ea83a81c?s=96&d=mm&r=g\",\"contentUrl\":\"https:\\\/\\\/secure.gravatar.com\\\/avatar\\\/b6992f131dc8d30ab0dff15446e9d346d9dbd95992de0fef795073f5ea83a81c?s=96&d=mm&r=g\",\"caption\":\"La Gu\u00eda de Pamplona\"}}]}<\/script>\n<!-- \/ Yoast SEO plugin. -->","yoast_head_json":{"title":"Cada d\u00eda un plan de la Casa de la Juventud ofrece esta semana cuatro tardes de actividades gratuitas, una de ellas en euskera","description":"Expresi\u00f3n corporal y comunicaci\u00f3n, verbal y no verbal, y un an\u00e1lisis de c\u00f3mo funcionan los v\u00ednculos afectivos, son las propuestas de esta semana","robots":{"index":"index","follow":"follow","max-snippet":"max-snippet:-1","max-image-preview":"max-image-preview:large","max-video-preview":"max-video-preview:-1"},"canonical":"https:\/\/www.laguiadepamplona.com\/actualidad\/cada-dia-un-plan-de-la-casa-de-la-juventud-ofrece-esta-semana-cuatro-tardes-de-actividades-gratuitas-una-de-ellas-en-euskera\/","og_locale":"es_ES","og_type":"article","og_title":"Cada d\u00eda un plan de la Casa de la Juventud ofrece esta semana cuatro tardes de actividades gratuitas, una de ellas en euskera","og_description":"Expresi\u00f3n corporal y comunicaci\u00f3n, verbal y no verbal, y un an\u00e1lisis de c\u00f3mo funcionan los v\u00ednculos afectivos, son las propuestas de esta semana","og_url":"https:\/\/www.laguiadepamplona.com\/actualidad\/cada-dia-un-plan-de-la-casa-de-la-juventud-ofrece-esta-semana-cuatro-tardes-de-actividades-gratuitas-una-de-ellas-en-euskera\/","og_site_name":"La Gu\u00eda de Pamplona","article_publisher":"https:\/\/www.facebook.com\/laguiadepamplonacom-133175176762273\/?ref=hl","article_published_time":"2024-08-12T16:43:24+00:00","og_image":[{"width":945,"height":848,"url":"https:\/\/www.laguiadepamplona.com\/actualidad\/wp-content\/uploads\/2024\/08\/cada-dia-1-plan_0.webp","type":"image\/webp"}],"author":"La Gu\u00eda de Pamplona","twitter_card":"summary_large_image","twitter_creator":"@LaGuiadPamplona","twitter_site":"@LaGuiadPamplona","twitter_misc":{"Escrito por":"La Gu\u00eda de Pamplona","Tiempo de lectura":"3 minutos"},"schema":{"@context":"https:\/\/schema.org","@graph":[{"@type":"Article","@id":"https:\/\/www.laguiadepamplona.com\/actualidad\/cada-dia-un-plan-de-la-casa-de-la-juventud-ofrece-esta-semana-cuatro-tardes-de-actividades-gratuitas-una-de-ellas-en-euskera\/#article","isPartOf":{"@id":"https:\/\/www.laguiadepamplona.com\/actualidad\/cada-dia-un-plan-de-la-casa-de-la-juventud-ofrece-esta-semana-cuatro-tardes-de-actividades-gratuitas-una-de-ellas-en-euskera\/"},"author":{"name":"La Gu\u00eda de Pamplona","@id":"https:\/\/www.laguiadepamplona.com\/actualidad\/#\/schema\/person\/efe887376f0213d4657c93adc50b1fdb"},"headline":"Cada d\u00eda un plan de la Casa de la Juventud ofrece esta semana cuatro tardes de actividades gratuitas, una de ellas en euskera","datePublished":"2024-08-12T16:43:24+00:00","mainEntityOfPage":{"@id":"https:\/\/www.laguiadepamplona.com\/actualidad\/cada-dia-un-plan-de-la-casa-de-la-juventud-ofrece-esta-semana-cuatro-tardes-de-actividades-gratuitas-una-de-ellas-en-euskera\/"},"wordCount":531,"commentCount":0,"publisher":{"@id":"https:\/\/www.laguiadepamplona.com\/actualidad\/#organization"},"image":{"@id":"https:\/\/www.laguiadepamplona.com\/actualidad\/cada-dia-un-plan-de-la-casa-de-la-juventud-ofrece-esta-semana-cuatro-tardes-de-actividades-gratuitas-una-de-ellas-en-euskera\/#primaryimage"},"thumbnailUrl":"https:\/\/www.laguiadepamplona.com\/actualidad\/wp-content\/uploads\/2024\/08\/cada-dia-1-plan_0.webp","articleSection":["Ayto Pamplona"],"inLanguage":"es","potentialAction":[{"@type":"CommentAction","name":"Comment","target":["https:\/\/www.laguiadepamplona.com\/actualidad\/cada-dia-un-plan-de-la-casa-de-la-juventud-ofrece-esta-semana-cuatro-tardes-de-actividades-gratuitas-una-de-ellas-en-euskera\/#respond"]}]},{"@type":"WebPage","@id":"https:\/\/www.laguiadepamplona.com\/actualidad\/cada-dia-un-plan-de-la-casa-de-la-juventud-ofrece-esta-semana-cuatro-tardes-de-actividades-gratuitas-una-de-ellas-en-euskera\/","url":"https:\/\/www.laguiadepamplona.com\/actualidad\/cada-dia-un-plan-de-la-casa-de-la-juventud-ofrece-esta-semana-cuatro-tardes-de-actividades-gratuitas-una-de-ellas-en-euskera\/","name":"Cada d\u00eda un plan de la Casa de la Juventud ofrece esta semana cuatro tardes de actividades gratuitas, una de ellas en euskera","isPartOf":{"@id":"https:\/\/www.laguiadepamplona.com\/actualidad\/#website"},"primaryImageOfPage":{"@id":"https:\/\/www.laguiadepamplona.com\/actualidad\/cada-dia-un-plan-de-la-casa-de-la-juventud-ofrece-esta-semana-cuatro-tardes-de-actividades-gratuitas-una-de-ellas-en-euskera\/#primaryimage"},"image":{"@id":"https:\/\/www.laguiadepamplona.com\/actualidad\/cada-dia-un-plan-de-la-casa-de-la-juventud-ofrece-esta-semana-cuatro-tardes-de-actividades-gratuitas-una-de-ellas-en-euskera\/#primaryimage"},"thumbnailUrl":"https:\/\/www.laguiadepamplona.com\/actualidad\/wp-content\/uploads\/2024\/08\/cada-dia-1-plan_0.webp","datePublished":"2024-08-12T16:43:24+00:00","description":"Expresi\u00f3n corporal y comunicaci\u00f3n, verbal y no verbal, y un an\u00e1lisis de c\u00f3mo funcionan los v\u00ednculos afectivos, son las propuestas de esta semana","breadcrumb":{"@id":"https:\/\/www.laguiadepamplona.com\/actualidad\/cada-dia-un-plan-de-la-casa-de-la-juventud-ofrece-esta-semana-cuatro-tardes-de-actividades-gratuitas-una-de-ellas-en-euskera\/#breadcrumb"},"inLanguage":"es","potentialAction":[{"@type":"ReadAction","target":["https:\/\/www.laguiadepamplona.com\/actualidad\/cada-dia-un-plan-de-la-casa-de-la-juventud-ofrece-esta-semana-cuatro-tardes-de-actividades-gratuitas-una-de-ellas-en-euskera\/"]}]},{"@type":"ImageObject","inLanguage":"es","@id":"https:\/\/www.laguiadepamplona.com\/actualidad\/cada-dia-un-plan-de-la-casa-de-la-juventud-ofrece-esta-semana-cuatro-tardes-de-actividades-gratuitas-una-de-ellas-en-euskera\/#primaryimage","url":"https:\/\/www.laguiadepamplona.com\/actualidad\/wp-content\/uploads\/2024\/08\/cada-dia-1-plan_0.webp","contentUrl":"https:\/\/www.laguiadepamplona.com\/actualidad\/wp-content\/uploads\/2024\/08\/cada-dia-1-plan_0.webp","width":945,"height":848,"caption":"cada d\u00eda un plan"},{"@type":"BreadcrumbList","@id":"https:\/\/www.laguiadepamplona.com\/actualidad\/cada-dia-un-plan-de-la-casa-de-la-juventud-ofrece-esta-semana-cuatro-tardes-de-actividades-gratuitas-una-de-ellas-en-euskera\/#breadcrumb","itemListElement":[{"@type":"ListItem","position":1,"name":"Portada","item":"https:\/\/www.laguiadepamplona.com\/actualidad\/"},{"@type":"ListItem","position":2,"name":"Cada d\u00eda un plan de la Casa de la Juventud ofrece esta semana cuatro tardes de actividades gratuitas, una de ellas en euskera"}]},{"@type":"WebSite","@id":"https:\/\/www.laguiadepamplona.com\/actualidad\/#website","url":"https:\/\/www.laguiadepamplona.com\/actualidad\/","name":"La gu\u00eda de Pamplona","description":"Noticias de Pamplona","publisher":{"@id":"https:\/\/www.laguiadepamplona.com\/actualidad\/#organization"},"potentialAction":[{"@type":"SearchAction","target":{"@type":"EntryPoint","urlTemplate":"https:\/\/www.laguiadepamplona.com\/actualidad\/?s={search_term_string}"},"query-input":{"@type":"PropertyValueSpecification","valueRequired":true,"valueName":"search_term_string"}}],"inLanguage":"es"},{"@type":"Organization","@id":"https:\/\/www.laguiadepamplona.com\/actualidad\/#organization","name":"La Gu\u00eda de Pamplona \/ Noticias","url":"https:\/\/www.laguiadepamplona.com\/actualidad\/","logo":{"@type":"ImageObject","inLanguage":"es","@id":"https:\/\/www.laguiadepamplona.com\/actualidad\/#\/schema\/logo\/image\/","url":"https:\/\/www.laguiadepamplona.com\/actualidad\/wp-content\/uploads\/2018\/11\/logo-laguiadepamplona18-web1.png","contentUrl":"https:\/\/www.laguiadepamplona.com\/actualidad\/wp-content\/uploads\/2018\/11\/logo-laguiadepamplona18-web1.png","width":600,"height":196,"caption":"La Gu\u00eda de Pamplona \/ Noticias"},"image":{"@id":"https:\/\/www.laguiadepamplona.com\/actualidad\/#\/schema\/logo\/image\/"},"sameAs":["https:\/\/www.facebook.com\/laguiadepamplonacom-133175176762273\/?ref=hl","https:\/\/x.com\/LaGuiadPamplona","https:\/\/www.instagram.com\/la_guia_de_pamplona\/","https:\/\/www.youtube.com\/user\/laguiadepamplona"]},{"@type":"Person","@id":"https:\/\/www.laguiadepamplona.com\/actualidad\/#\/schema\/person\/efe887376f0213d4657c93adc50b1fdb","name":"La Gu\u00eda de Pamplona","image":{"@type":"ImageObject","inLanguage":"es","@id":"https:\/\/secure.gravatar.com\/avatar\/b6992f131dc8d30ab0dff15446e9d346d9dbd95992de0fef795073f5ea83a81c?s=96&d=mm&r=g","url":"https:\/\/secure.gravatar.com\/avatar\/b6992f131dc8d30ab0dff15446e9d346d9dbd95992de0fef795073f5ea83a81c?s=96&d=mm&r=g","contentUrl":"https:\/\/secure.gravatar.com\/avatar\/b6992f131dc8d30ab0dff15446e9d346d9dbd95992de0fef795073f5ea83a81c?s=96&d=mm&r=g","caption":"La Gu\u00eda de Pamplona"}}]}},"post_mailing_queue_ids":[],"_links":{"self":[{"href":"https:\/\/www.laguiadepamplona.com\/actualidad\/wp-json\/wp\/v2\/posts\/50490","targetHints":{"allow":["GET"]}}],"collection":[{"href":"https:\/\/www.laguiadepamplona.com\/actualidad\/wp-json\/wp\/v2\/posts"}],"about":[{"href":"https:\/\/www.laguiadepamplona.com\/actualidad\/wp-json\/wp\/v2\/types\/post"}],"author":[{"embeddable":true,"href":"https:\/\/www.laguiadepamplona.com\/actualidad\/wp-json\/wp\/v2\/users\/1"}],"replies":[{"embeddable":true,"href":"https:\/\/www.laguiadepamplona.com\/actualidad\/wp-json\/wp\/v2\/comments?post=50490"}],"version-history":[{"count":1,"href":"https:\/\/www.laguiadepamplona.com\/actualidad\/wp-json\/wp\/v2\/posts\/50490\/revisions"}],"predecessor-version":[{"id":50492,"href":"https:\/\/www.laguiadepamplona.com\/actualidad\/wp-json\/wp\/v2\/posts\/50490\/revisions\/50492"}],"wp:featuredmedia":[{"embeddable":true,"href":"https:\/\/www.laguiadepamplona.com\/actualidad\/wp-json\/wp\/v2\/media\/50491"}],"wp:attachment":[{"href":"https:\/\/www.laguiadepamplona.com\/actualidad\/wp-json\/wp\/v2\/media?parent=50490"}],"wp:term":[{"taxonomy":"category","embeddable":true,"href":"https:\/\/www.laguiadepamplona.com\/actualidad\/wp-json\/wp\/v2\/categories?post=50490"},{"taxonomy":"post_tag","embeddable":true,"href":"https:\/\/www.laguiadepamplona.com\/actualidad\/wp-json\/wp\/v2\/tags?post=50490"}],"curies":[{"name":"wp","href":"https:\/\/api.w.org\/{rel}","templated":true}]}}