{"id":50487,"date":"2024-08-12T18:41:05","date_gmt":"2024-08-12T16:41:05","guid":{"rendered":"https:\/\/www.laguiadepamplona.com\/actualidad\/?p=50487"},"modified":"2024-08-12T18:41:05","modified_gmt":"2024-08-12T16:41:05","slug":"una-compania-andaluza-una-navarra-y-una-alicantina-protagonizan-esta-semana-las-tardes-de-circo-del-festival-de-las-murallas","status":"publish","type":"post","link":"https:\/\/www.laguiadepamplona.com\/actualidad\/una-compania-andaluza-una-navarra-y-una-alicantina-protagonizan-esta-semana-las-tardes-de-circo-del-festival-de-las-murallas\/","title":{"rendered":"Una compa\u00f1\u00eda andaluza, una navarra y una alicantina protagonizan esta semana las tardes de circo del Festival de las Murallas"},"content":{"rendered":"<h2>Las actuaciones, gratuitas, se suceder\u00e1n martes, mi\u00e9rcoles y jueves a las 20 horas en el interior de la Ciudadela<\/h2>\n<p><!--more--><\/p>\n<p>Este martes 13 de agosto, a las 20 horas, vuelve el circo a la Ciudadela dentro del ciclo Cinco puntas. Desde Andaluc\u00eda llega la compa\u00f1\u00eda Lan\u00f6rdika, creada en 2017 por los artistas Dar\u00edo Dumont y Greta Garc\u00eda. Ma\u00f1ana en la Ciudadela representar\u00e1n su primer espect\u00e1culo propio \u2018Rojo Est\u00e1ndar\u2019, una obra que se estren\u00f3 en el festival Umore Azoka de Leioa. La funci\u00f3n, gratuita, comenzar\u00e1 en el interior de la fortificaci\u00f3n a las 20 horas.<\/p>\n<p>\u2018Rojo Est\u00e1ndar\u2019 es una pieza a medio camino entre el circo y la danza en la que forastero y forastera se mueven por un extra\u00f1o mundo. Marcados por el color blanco y el color rojo, quieren aproximarse desde la curiosidad, la diferencia y el juego. La obra, que lleva m\u00e1s de 300 representaciones ha obtenido obteniendo numerosos y relevantes premios entre ellos el FETEN, el Premio LORCA a Mejor Espect\u00e1culo de Calle en 2018, y Premio ACA a mejor espect\u00e1culo de circo en 2019.<\/p>\n<p>Cinco puntas es un ciclo de circo que tiene lugar en la Ciudadela los martes, mi\u00e9rcoles y jueves de agosto hasta el d\u00eda 22 y se enmarca en el Festival de las Murallas. Todas las actuaciones tienen una duraci\u00f3n aproximada de entre 40 y 60 minutos. Por su propio concepto se trata de espect\u00e1culos breves, pero intensos, llenos de acrobacias y equilibrios que exhiben una buena cantidad de cl\u00e1sicos en los ejercicios circenses.<\/p>\n<p><strong>La personalidad y los sue\u00f1os, el eje de los espect\u00e1culos de mi\u00e9rcoles y jueves<\/strong><\/p>\n<p>Para el mi\u00e9rcoles la propuesta es una compa\u00f1\u00eda navarra, Halako Ezpala que pondr\u00e1 en escena \u2018Motxila\u2019, su primer espect\u00e1culo, que gira alrededor de la m\u00fasica y el circo. Aunque la compa\u00f1\u00eda tiene un solo integrante, Gaspar Illoro, en el proyecto trabajan tres personas m\u00e1s Salome Duarte, Toni Gutierrez y Maitane Aspiroz que ulilizan las t\u00e9cnicas circenses como lenguaje. \u2018Motxila\u2019 hace referencia a un concepto metaf\u00f3rico: el bagaje, los miedos, las alegr\u00edas, los rasgos y experiencias que hacen que las personas sean lo que son.<\/p>\n<p>Por \u00faltimo, el jueves 14 la actuaci\u00f3n prevista es la que realizar\u00e1 la compa\u00f1\u00eda alicantina Tr\u00f3cola Circ, una troup de circo que fundamenta sus producciones en la investigaci\u00f3n con objetos y que, en Pamplona, presentar\u00e1 ma\u00f1ana su obra <em>R.E.M.<\/em>, su \u00faltima obra, estrenada en mayo de 2023. Con 12 a\u00f1os de trayectoria Tr\u00f3cola han representado en importantes espacios y festivales nacionales e internacionales en 11 pa\u00edses (Espa\u00f1a, Taiwan, Francia, Italia, B\u00e9lgica, Holanda, Alemania, Austria, Portugal, Polonia y Brasil). La coreograf\u00eda R.E.M, acr\u00f3stico que da nombre a una fase del sue\u00f1o humano, es un viaje al mundo de los sue\u00f1os, una reflexi\u00f3n y un trabajo de investigaci\u00f3n. Cuatro artistas y cuatro camas se convierten en material conductor de sue\u00f1os a trav\u00e9s de malabares en alturas, verticales, acrobacia, banquina y portes acrob\u00e1ticos.<\/p>\n<p>&nbsp;<\/p>\n<h3>Cinco Puntas. Ciudadela. Martes, mi\u00e9rcoles y jueves, a las 20 horas<\/h3>\n<ul>\n<li><strong>Martes, 13 de agosto.<\/strong> \u2018Rojo est\u00e1ndar\u2019. Circo y danza con la compa\u00f1\u00eda Lan\u00f6rdika<\/li>\n<li><strong>Mi\u00e9rcoles, 14 de agosto.<\/strong> \u2018Motxila\u2019. Circo y m\u00fasica con Halako Ezpala<\/li>\n<li><strong>Jueves, 15 de agosto.<\/strong> \u2018REM\u2019. Circo con la compa\u00f1\u00eda La trokola<\/li>\n<\/ul>\n","protected":false},"excerpt":{"rendered":"<p>Las actuaciones, gratuitas, se suceder\u00e1n martes, mi\u00e9rcoles y jueves a las 20 horas en el interior de la Ciudadela<\/p>\n","protected":false},"author":1,"featured_media":50488,"comment_status":"open","ping_status":"closed","sticky":false,"template":"","format":"standard","meta":{"footnotes":""},"categories":[2],"tags":[],"class_list":["post-50487","post","type-post","status-publish","format-standard","has-post-thumbnail","hentry","category-ayuntamiento-pamplona"],"yoast_head":"<!-- This site is optimized with the Yoast SEO plugin v27.3 - https:\/\/yoast.com\/product\/yoast-seo-wordpress\/ -->\n<title>Una compa\u00f1\u00eda andaluza, una navarra y una alicantina protagonizan esta semana las tardes de circo del Festival de las Murallas<\/title>\n<meta name=\"description\" content=\"Las actuaciones, gratuitas, se suceder\u00e1n martes, mi\u00e9rcoles y jueves a las 20 horas en el interior de la Ciudadela\" \/>\n<meta name=\"robots\" content=\"index, follow, max-snippet:-1, max-image-preview:large, max-video-preview:-1\" \/>\n<link rel=\"canonical\" href=\"https:\/\/www.laguiadepamplona.com\/actualidad\/una-compania-andaluza-una-navarra-y-una-alicantina-protagonizan-esta-semana-las-tardes-de-circo-del-festival-de-las-murallas\/\" \/>\n<meta property=\"og:locale\" content=\"es_ES\" \/>\n<meta property=\"og:type\" content=\"article\" \/>\n<meta property=\"og:title\" content=\"Una compa\u00f1\u00eda andaluza, una navarra y una alicantina protagonizan esta semana las tardes de circo del Festival de las Murallas\" \/>\n<meta property=\"og:description\" content=\"Las actuaciones, gratuitas, se suceder\u00e1n martes, mi\u00e9rcoles y jueves a las 20 horas en el interior de la Ciudadela\" \/>\n<meta property=\"og:url\" content=\"https:\/\/www.laguiadepamplona.com\/actualidad\/una-compania-andaluza-una-navarra-y-una-alicantina-protagonizan-esta-semana-las-tardes-de-circo-del-festival-de-las-murallas\/\" \/>\n<meta property=\"og:site_name\" content=\"La Gu\u00eda de Pamplona\" \/>\n<meta property=\"article:publisher\" content=\"https:\/\/www.facebook.com\/laguiadepamplonacom-133175176762273\/?ref=hl\" \/>\n<meta property=\"article:published_time\" content=\"2024-08-12T16:41:05+00:00\" \/>\n<meta property=\"og:image\" content=\"https:\/\/www.laguiadepamplona.com\/actualidad\/wp-content\/uploads\/2024\/08\/Cinco-puntas.webp\" \/>\n\t<meta property=\"og:image:width\" content=\"1000\" \/>\n\t<meta property=\"og:image:height\" content=\"667\" \/>\n\t<meta property=\"og:image:type\" content=\"image\/webp\" \/>\n<meta name=\"author\" content=\"La Gu\u00eda de Pamplona\" \/>\n<meta name=\"twitter:card\" content=\"summary_large_image\" \/>\n<meta name=\"twitter:creator\" content=\"@LaGuiadPamplona\" \/>\n<meta name=\"twitter:site\" content=\"@LaGuiadPamplona\" \/>\n<meta name=\"twitter:label1\" content=\"Escrito por\" \/>\n\t<meta name=\"twitter:data1\" content=\"La Gu\u00eda de Pamplona\" \/>\n\t<meta name=\"twitter:label2\" content=\"Tiempo de lectura\" \/>\n\t<meta name=\"twitter:data2\" content=\"3 minutos\" \/>\n<script type=\"application\/ld+json\" class=\"yoast-schema-graph\">{\"@context\":\"https:\\\/\\\/schema.org\",\"@graph\":[{\"@type\":\"Article\",\"@id\":\"https:\\\/\\\/www.laguiadepamplona.com\\\/actualidad\\\/una-compania-andaluza-una-navarra-y-una-alicantina-protagonizan-esta-semana-las-tardes-de-circo-del-festival-de-las-murallas\\\/#article\",\"isPartOf\":{\"@id\":\"https:\\\/\\\/www.laguiadepamplona.com\\\/actualidad\\\/una-compania-andaluza-una-navarra-y-una-alicantina-protagonizan-esta-semana-las-tardes-de-circo-del-festival-de-las-murallas\\\/\"},\"author\":{\"name\":\"La Gu\u00eda de Pamplona\",\"@id\":\"https:\\\/\\\/www.laguiadepamplona.com\\\/actualidad\\\/#\\\/schema\\\/person\\\/efe887376f0213d4657c93adc50b1fdb\"},\"headline\":\"Una compa\u00f1\u00eda andaluza, una navarra y una alicantina protagonizan esta semana las tardes de circo del Festival de las Murallas\",\"datePublished\":\"2024-08-12T16:41:05+00:00\",\"mainEntityOfPage\":{\"@id\":\"https:\\\/\\\/www.laguiadepamplona.com\\\/actualidad\\\/una-compania-andaluza-una-navarra-y-una-alicantina-protagonizan-esta-semana-las-tardes-de-circo-del-festival-de-las-murallas\\\/\"},\"wordCount\":592,\"commentCount\":0,\"publisher\":{\"@id\":\"https:\\\/\\\/www.laguiadepamplona.com\\\/actualidad\\\/#organization\"},\"image\":{\"@id\":\"https:\\\/\\\/www.laguiadepamplona.com\\\/actualidad\\\/una-compania-andaluza-una-navarra-y-una-alicantina-protagonizan-esta-semana-las-tardes-de-circo-del-festival-de-las-murallas\\\/#primaryimage\"},\"thumbnailUrl\":\"https:\\\/\\\/www.laguiadepamplona.com\\\/actualidad\\\/wp-content\\\/uploads\\\/2024\\\/08\\\/Cinco-puntas.webp\",\"articleSection\":[\"Ayto Pamplona\"],\"inLanguage\":\"es\",\"potentialAction\":[{\"@type\":\"CommentAction\",\"name\":\"Comment\",\"target\":[\"https:\\\/\\\/www.laguiadepamplona.com\\\/actualidad\\\/una-compania-andaluza-una-navarra-y-una-alicantina-protagonizan-esta-semana-las-tardes-de-circo-del-festival-de-las-murallas\\\/#respond\"]}]},{\"@type\":\"WebPage\",\"@id\":\"https:\\\/\\\/www.laguiadepamplona.com\\\/actualidad\\\/una-compania-andaluza-una-navarra-y-una-alicantina-protagonizan-esta-semana-las-tardes-de-circo-del-festival-de-las-murallas\\\/\",\"url\":\"https:\\\/\\\/www.laguiadepamplona.com\\\/actualidad\\\/una-compania-andaluza-una-navarra-y-una-alicantina-protagonizan-esta-semana-las-tardes-de-circo-del-festival-de-las-murallas\\\/\",\"name\":\"Una compa\u00f1\u00eda andaluza, una navarra y una alicantina protagonizan esta semana las tardes de circo del Festival de las Murallas\",\"isPartOf\":{\"@id\":\"https:\\\/\\\/www.laguiadepamplona.com\\\/actualidad\\\/#website\"},\"primaryImageOfPage\":{\"@id\":\"https:\\\/\\\/www.laguiadepamplona.com\\\/actualidad\\\/una-compania-andaluza-una-navarra-y-una-alicantina-protagonizan-esta-semana-las-tardes-de-circo-del-festival-de-las-murallas\\\/#primaryimage\"},\"image\":{\"@id\":\"https:\\\/\\\/www.laguiadepamplona.com\\\/actualidad\\\/una-compania-andaluza-una-navarra-y-una-alicantina-protagonizan-esta-semana-las-tardes-de-circo-del-festival-de-las-murallas\\\/#primaryimage\"},\"thumbnailUrl\":\"https:\\\/\\\/www.laguiadepamplona.com\\\/actualidad\\\/wp-content\\\/uploads\\\/2024\\\/08\\\/Cinco-puntas.webp\",\"datePublished\":\"2024-08-12T16:41:05+00:00\",\"description\":\"Las actuaciones, gratuitas, se suceder\u00e1n martes, mi\u00e9rcoles y jueves a las 20 horas en el interior de la Ciudadela\",\"breadcrumb\":{\"@id\":\"https:\\\/\\\/www.laguiadepamplona.com\\\/actualidad\\\/una-compania-andaluza-una-navarra-y-una-alicantina-protagonizan-esta-semana-las-tardes-de-circo-del-festival-de-las-murallas\\\/#breadcrumb\"},\"inLanguage\":\"es\",\"potentialAction\":[{\"@type\":\"ReadAction\",\"target\":[\"https:\\\/\\\/www.laguiadepamplona.com\\\/actualidad\\\/una-compania-andaluza-una-navarra-y-una-alicantina-protagonizan-esta-semana-las-tardes-de-circo-del-festival-de-las-murallas\\\/\"]}]},{\"@type\":\"ImageObject\",\"inLanguage\":\"es\",\"@id\":\"https:\\\/\\\/www.laguiadepamplona.com\\\/actualidad\\\/una-compania-andaluza-una-navarra-y-una-alicantina-protagonizan-esta-semana-las-tardes-de-circo-del-festival-de-las-murallas\\\/#primaryimage\",\"url\":\"https:\\\/\\\/www.laguiadepamplona.com\\\/actualidad\\\/wp-content\\\/uploads\\\/2024\\\/08\\\/Cinco-puntas.webp\",\"contentUrl\":\"https:\\\/\\\/www.laguiadepamplona.com\\\/actualidad\\\/wp-content\\\/uploads\\\/2024\\\/08\\\/Cinco-puntas.webp\",\"width\":1000,\"height\":667,\"caption\":\"cinco puntas\"},{\"@type\":\"BreadcrumbList\",\"@id\":\"https:\\\/\\\/www.laguiadepamplona.com\\\/actualidad\\\/una-compania-andaluza-una-navarra-y-una-alicantina-protagonizan-esta-semana-las-tardes-de-circo-del-festival-de-las-murallas\\\/#breadcrumb\",\"itemListElement\":[{\"@type\":\"ListItem\",\"position\":1,\"name\":\"Portada\",\"item\":\"https:\\\/\\\/www.laguiadepamplona.com\\\/actualidad\\\/\"},{\"@type\":\"ListItem\",\"position\":2,\"name\":\"Una compa\u00f1\u00eda andaluza, una navarra y una alicantina protagonizan esta semana las tardes de circo del Festival de las Murallas\"}]},{\"@type\":\"WebSite\",\"@id\":\"https:\\\/\\\/www.laguiadepamplona.com\\\/actualidad\\\/#website\",\"url\":\"https:\\\/\\\/www.laguiadepamplona.com\\\/actualidad\\\/\",\"name\":\"La gu\u00eda de Pamplona\",\"description\":\"Noticias de Pamplona\",\"publisher\":{\"@id\":\"https:\\\/\\\/www.laguiadepamplona.com\\\/actualidad\\\/#organization\"},\"potentialAction\":[{\"@type\":\"SearchAction\",\"target\":{\"@type\":\"EntryPoint\",\"urlTemplate\":\"https:\\\/\\\/www.laguiadepamplona.com\\\/actualidad\\\/?s={search_term_string}\"},\"query-input\":{\"@type\":\"PropertyValueSpecification\",\"valueRequired\":true,\"valueName\":\"search_term_string\"}}],\"inLanguage\":\"es\"},{\"@type\":\"Organization\",\"@id\":\"https:\\\/\\\/www.laguiadepamplona.com\\\/actualidad\\\/#organization\",\"name\":\"La Gu\u00eda de Pamplona \\\/ Noticias\",\"url\":\"https:\\\/\\\/www.laguiadepamplona.com\\\/actualidad\\\/\",\"logo\":{\"@type\":\"ImageObject\",\"inLanguage\":\"es\",\"@id\":\"https:\\\/\\\/www.laguiadepamplona.com\\\/actualidad\\\/#\\\/schema\\\/logo\\\/image\\\/\",\"url\":\"https:\\\/\\\/www.laguiadepamplona.com\\\/actualidad\\\/wp-content\\\/uploads\\\/2018\\\/11\\\/logo-laguiadepamplona18-web1.png\",\"contentUrl\":\"https:\\\/\\\/www.laguiadepamplona.com\\\/actualidad\\\/wp-content\\\/uploads\\\/2018\\\/11\\\/logo-laguiadepamplona18-web1.png\",\"width\":600,\"height\":196,\"caption\":\"La Gu\u00eda de Pamplona \\\/ Noticias\"},\"image\":{\"@id\":\"https:\\\/\\\/www.laguiadepamplona.com\\\/actualidad\\\/#\\\/schema\\\/logo\\\/image\\\/\"},\"sameAs\":[\"https:\\\/\\\/www.facebook.com\\\/laguiadepamplonacom-133175176762273\\\/?ref=hl\",\"https:\\\/\\\/x.com\\\/LaGuiadPamplona\",\"https:\\\/\\\/www.instagram.com\\\/la_guia_de_pamplona\\\/\",\"https:\\\/\\\/www.youtube.com\\\/user\\\/laguiadepamplona\"]},{\"@type\":\"Person\",\"@id\":\"https:\\\/\\\/www.laguiadepamplona.com\\\/actualidad\\\/#\\\/schema\\\/person\\\/efe887376f0213d4657c93adc50b1fdb\",\"name\":\"La Gu\u00eda de Pamplona\",\"image\":{\"@type\":\"ImageObject\",\"inLanguage\":\"es\",\"@id\":\"https:\\\/\\\/secure.gravatar.com\\\/avatar\\\/b6992f131dc8d30ab0dff15446e9d346d9dbd95992de0fef795073f5ea83a81c?s=96&d=mm&r=g\",\"url\":\"https:\\\/\\\/secure.gravatar.com\\\/avatar\\\/b6992f131dc8d30ab0dff15446e9d346d9dbd95992de0fef795073f5ea83a81c?s=96&d=mm&r=g\",\"contentUrl\":\"https:\\\/\\\/secure.gravatar.com\\\/avatar\\\/b6992f131dc8d30ab0dff15446e9d346d9dbd95992de0fef795073f5ea83a81c?s=96&d=mm&r=g\",\"caption\":\"La Gu\u00eda de Pamplona\"}}]}<\/script>\n<!-- \/ Yoast SEO plugin. -->","yoast_head_json":{"title":"Una compa\u00f1\u00eda andaluza, una navarra y una alicantina protagonizan esta semana las tardes de circo del Festival de las Murallas","description":"Las actuaciones, gratuitas, se suceder\u00e1n martes, mi\u00e9rcoles y jueves a las 20 horas en el interior de la Ciudadela","robots":{"index":"index","follow":"follow","max-snippet":"max-snippet:-1","max-image-preview":"max-image-preview:large","max-video-preview":"max-video-preview:-1"},"canonical":"https:\/\/www.laguiadepamplona.com\/actualidad\/una-compania-andaluza-una-navarra-y-una-alicantina-protagonizan-esta-semana-las-tardes-de-circo-del-festival-de-las-murallas\/","og_locale":"es_ES","og_type":"article","og_title":"Una compa\u00f1\u00eda andaluza, una navarra y una alicantina protagonizan esta semana las tardes de circo del Festival de las Murallas","og_description":"Las actuaciones, gratuitas, se suceder\u00e1n martes, mi\u00e9rcoles y jueves a las 20 horas en el interior de la Ciudadela","og_url":"https:\/\/www.laguiadepamplona.com\/actualidad\/una-compania-andaluza-una-navarra-y-una-alicantina-protagonizan-esta-semana-las-tardes-de-circo-del-festival-de-las-murallas\/","og_site_name":"La Gu\u00eda de Pamplona","article_publisher":"https:\/\/www.facebook.com\/laguiadepamplonacom-133175176762273\/?ref=hl","article_published_time":"2024-08-12T16:41:05+00:00","og_image":[{"width":1000,"height":667,"url":"https:\/\/www.laguiadepamplona.com\/actualidad\/wp-content\/uploads\/2024\/08\/Cinco-puntas.webp","type":"image\/webp"}],"author":"La Gu\u00eda de Pamplona","twitter_card":"summary_large_image","twitter_creator":"@LaGuiadPamplona","twitter_site":"@LaGuiadPamplona","twitter_misc":{"Escrito por":"La Gu\u00eda de Pamplona","Tiempo de lectura":"3 minutos"},"schema":{"@context":"https:\/\/schema.org","@graph":[{"@type":"Article","@id":"https:\/\/www.laguiadepamplona.com\/actualidad\/una-compania-andaluza-una-navarra-y-una-alicantina-protagonizan-esta-semana-las-tardes-de-circo-del-festival-de-las-murallas\/#article","isPartOf":{"@id":"https:\/\/www.laguiadepamplona.com\/actualidad\/una-compania-andaluza-una-navarra-y-una-alicantina-protagonizan-esta-semana-las-tardes-de-circo-del-festival-de-las-murallas\/"},"author":{"name":"La Gu\u00eda de Pamplona","@id":"https:\/\/www.laguiadepamplona.com\/actualidad\/#\/schema\/person\/efe887376f0213d4657c93adc50b1fdb"},"headline":"Una compa\u00f1\u00eda andaluza, una navarra y una alicantina protagonizan esta semana las tardes de circo del Festival de las Murallas","datePublished":"2024-08-12T16:41:05+00:00","mainEntityOfPage":{"@id":"https:\/\/www.laguiadepamplona.com\/actualidad\/una-compania-andaluza-una-navarra-y-una-alicantina-protagonizan-esta-semana-las-tardes-de-circo-del-festival-de-las-murallas\/"},"wordCount":592,"commentCount":0,"publisher":{"@id":"https:\/\/www.laguiadepamplona.com\/actualidad\/#organization"},"image":{"@id":"https:\/\/www.laguiadepamplona.com\/actualidad\/una-compania-andaluza-una-navarra-y-una-alicantina-protagonizan-esta-semana-las-tardes-de-circo-del-festival-de-las-murallas\/#primaryimage"},"thumbnailUrl":"https:\/\/www.laguiadepamplona.com\/actualidad\/wp-content\/uploads\/2024\/08\/Cinco-puntas.webp","articleSection":["Ayto Pamplona"],"inLanguage":"es","potentialAction":[{"@type":"CommentAction","name":"Comment","target":["https:\/\/www.laguiadepamplona.com\/actualidad\/una-compania-andaluza-una-navarra-y-una-alicantina-protagonizan-esta-semana-las-tardes-de-circo-del-festival-de-las-murallas\/#respond"]}]},{"@type":"WebPage","@id":"https:\/\/www.laguiadepamplona.com\/actualidad\/una-compania-andaluza-una-navarra-y-una-alicantina-protagonizan-esta-semana-las-tardes-de-circo-del-festival-de-las-murallas\/","url":"https:\/\/www.laguiadepamplona.com\/actualidad\/una-compania-andaluza-una-navarra-y-una-alicantina-protagonizan-esta-semana-las-tardes-de-circo-del-festival-de-las-murallas\/","name":"Una compa\u00f1\u00eda andaluza, una navarra y una alicantina protagonizan esta semana las tardes de circo del Festival de las Murallas","isPartOf":{"@id":"https:\/\/www.laguiadepamplona.com\/actualidad\/#website"},"primaryImageOfPage":{"@id":"https:\/\/www.laguiadepamplona.com\/actualidad\/una-compania-andaluza-una-navarra-y-una-alicantina-protagonizan-esta-semana-las-tardes-de-circo-del-festival-de-las-murallas\/#primaryimage"},"image":{"@id":"https:\/\/www.laguiadepamplona.com\/actualidad\/una-compania-andaluza-una-navarra-y-una-alicantina-protagonizan-esta-semana-las-tardes-de-circo-del-festival-de-las-murallas\/#primaryimage"},"thumbnailUrl":"https:\/\/www.laguiadepamplona.com\/actualidad\/wp-content\/uploads\/2024\/08\/Cinco-puntas.webp","datePublished":"2024-08-12T16:41:05+00:00","description":"Las actuaciones, gratuitas, se suceder\u00e1n martes, mi\u00e9rcoles y jueves a las 20 horas en el interior de la Ciudadela","breadcrumb":{"@id":"https:\/\/www.laguiadepamplona.com\/actualidad\/una-compania-andaluza-una-navarra-y-una-alicantina-protagonizan-esta-semana-las-tardes-de-circo-del-festival-de-las-murallas\/#breadcrumb"},"inLanguage":"es","potentialAction":[{"@type":"ReadAction","target":["https:\/\/www.laguiadepamplona.com\/actualidad\/una-compania-andaluza-una-navarra-y-una-alicantina-protagonizan-esta-semana-las-tardes-de-circo-del-festival-de-las-murallas\/"]}]},{"@type":"ImageObject","inLanguage":"es","@id":"https:\/\/www.laguiadepamplona.com\/actualidad\/una-compania-andaluza-una-navarra-y-una-alicantina-protagonizan-esta-semana-las-tardes-de-circo-del-festival-de-las-murallas\/#primaryimage","url":"https:\/\/www.laguiadepamplona.com\/actualidad\/wp-content\/uploads\/2024\/08\/Cinco-puntas.webp","contentUrl":"https:\/\/www.laguiadepamplona.com\/actualidad\/wp-content\/uploads\/2024\/08\/Cinco-puntas.webp","width":1000,"height":667,"caption":"cinco puntas"},{"@type":"BreadcrumbList","@id":"https:\/\/www.laguiadepamplona.com\/actualidad\/una-compania-andaluza-una-navarra-y-una-alicantina-protagonizan-esta-semana-las-tardes-de-circo-del-festival-de-las-murallas\/#breadcrumb","itemListElement":[{"@type":"ListItem","position":1,"name":"Portada","item":"https:\/\/www.laguiadepamplona.com\/actualidad\/"},{"@type":"ListItem","position":2,"name":"Una compa\u00f1\u00eda andaluza, una navarra y una alicantina protagonizan esta semana las tardes de circo del Festival de las Murallas"}]},{"@type":"WebSite","@id":"https:\/\/www.laguiadepamplona.com\/actualidad\/#website","url":"https:\/\/www.laguiadepamplona.com\/actualidad\/","name":"La gu\u00eda de Pamplona","description":"Noticias de Pamplona","publisher":{"@id":"https:\/\/www.laguiadepamplona.com\/actualidad\/#organization"},"potentialAction":[{"@type":"SearchAction","target":{"@type":"EntryPoint","urlTemplate":"https:\/\/www.laguiadepamplona.com\/actualidad\/?s={search_term_string}"},"query-input":{"@type":"PropertyValueSpecification","valueRequired":true,"valueName":"search_term_string"}}],"inLanguage":"es"},{"@type":"Organization","@id":"https:\/\/www.laguiadepamplona.com\/actualidad\/#organization","name":"La Gu\u00eda de Pamplona \/ Noticias","url":"https:\/\/www.laguiadepamplona.com\/actualidad\/","logo":{"@type":"ImageObject","inLanguage":"es","@id":"https:\/\/www.laguiadepamplona.com\/actualidad\/#\/schema\/logo\/image\/","url":"https:\/\/www.laguiadepamplona.com\/actualidad\/wp-content\/uploads\/2018\/11\/logo-laguiadepamplona18-web1.png","contentUrl":"https:\/\/www.laguiadepamplona.com\/actualidad\/wp-content\/uploads\/2018\/11\/logo-laguiadepamplona18-web1.png","width":600,"height":196,"caption":"La Gu\u00eda de Pamplona \/ Noticias"},"image":{"@id":"https:\/\/www.laguiadepamplona.com\/actualidad\/#\/schema\/logo\/image\/"},"sameAs":["https:\/\/www.facebook.com\/laguiadepamplonacom-133175176762273\/?ref=hl","https:\/\/x.com\/LaGuiadPamplona","https:\/\/www.instagram.com\/la_guia_de_pamplona\/","https:\/\/www.youtube.com\/user\/laguiadepamplona"]},{"@type":"Person","@id":"https:\/\/www.laguiadepamplona.com\/actualidad\/#\/schema\/person\/efe887376f0213d4657c93adc50b1fdb","name":"La Gu\u00eda de Pamplona","image":{"@type":"ImageObject","inLanguage":"es","@id":"https:\/\/secure.gravatar.com\/avatar\/b6992f131dc8d30ab0dff15446e9d346d9dbd95992de0fef795073f5ea83a81c?s=96&d=mm&r=g","url":"https:\/\/secure.gravatar.com\/avatar\/b6992f131dc8d30ab0dff15446e9d346d9dbd95992de0fef795073f5ea83a81c?s=96&d=mm&r=g","contentUrl":"https:\/\/secure.gravatar.com\/avatar\/b6992f131dc8d30ab0dff15446e9d346d9dbd95992de0fef795073f5ea83a81c?s=96&d=mm&r=g","caption":"La Gu\u00eda de Pamplona"}}]}},"post_mailing_queue_ids":[],"_links":{"self":[{"href":"https:\/\/www.laguiadepamplona.com\/actualidad\/wp-json\/wp\/v2\/posts\/50487","targetHints":{"allow":["GET"]}}],"collection":[{"href":"https:\/\/www.laguiadepamplona.com\/actualidad\/wp-json\/wp\/v2\/posts"}],"about":[{"href":"https:\/\/www.laguiadepamplona.com\/actualidad\/wp-json\/wp\/v2\/types\/post"}],"author":[{"embeddable":true,"href":"https:\/\/www.laguiadepamplona.com\/actualidad\/wp-json\/wp\/v2\/users\/1"}],"replies":[{"embeddable":true,"href":"https:\/\/www.laguiadepamplona.com\/actualidad\/wp-json\/wp\/v2\/comments?post=50487"}],"version-history":[{"count":1,"href":"https:\/\/www.laguiadepamplona.com\/actualidad\/wp-json\/wp\/v2\/posts\/50487\/revisions"}],"predecessor-version":[{"id":50489,"href":"https:\/\/www.laguiadepamplona.com\/actualidad\/wp-json\/wp\/v2\/posts\/50487\/revisions\/50489"}],"wp:featuredmedia":[{"embeddable":true,"href":"https:\/\/www.laguiadepamplona.com\/actualidad\/wp-json\/wp\/v2\/media\/50488"}],"wp:attachment":[{"href":"https:\/\/www.laguiadepamplona.com\/actualidad\/wp-json\/wp\/v2\/media?parent=50487"}],"wp:term":[{"taxonomy":"category","embeddable":true,"href":"https:\/\/www.laguiadepamplona.com\/actualidad\/wp-json\/wp\/v2\/categories?post=50487"},{"taxonomy":"post_tag","embeddable":true,"href":"https:\/\/www.laguiadepamplona.com\/actualidad\/wp-json\/wp\/v2\/tags?post=50487"}],"curies":[{"name":"wp","href":"https:\/\/api.w.org\/{rel}","templated":true}]}}