{"id":50484,"date":"2024-08-09T17:45:28","date_gmt":"2024-08-09T15:45:28","guid":{"rendered":"https:\/\/www.laguiadepamplona.com\/actualidad\/?p=50484"},"modified":"2024-08-09T17:45:28","modified_gmt":"2024-08-09T15:45:28","slug":"el-ayuntamiento-de-pamplona-quiere-comenzar-en-septiembre-la-reforma-de-la-unidad-de-barrio-del-casco-antiguo-a-traves-de-una-iniciativa-de-empleo-social","status":"publish","type":"post","link":"https:\/\/www.laguiadepamplona.com\/actualidad\/el-ayuntamiento-de-pamplona-quiere-comenzar-en-septiembre-la-reforma-de-la-unidad-de-barrio-del-casco-antiguo-a-traves-de-una-iniciativa-de-empleo-social\/","title":{"rendered":"El Ayuntamiento de Pamplona quiere comenzar en septiembre la reforma de la Unidad de Barrio del Casco Antiguo a trav\u00e9s de una iniciativa de empleo social"},"content":{"rendered":"<h2>La Junta de Gobierno acuerda presentar este proyecto a las subvenciones de obras y servicios de inter\u00e9s general o social de Gobierno de Navarra<\/h2>\n<p><!--more--><\/p>\n<p>El Ayuntamiento de Pamplona reformar\u00e1 la Unidad de Barrio del Casco Antiguo (calle Jarauta, 43), que alberga los servicios sociales de base de esta zona de la ciudad, para actualizar las instalaciones y darles la dimensi\u00f3n correcta para el momento actual. Y proyecta hacerlo a trav\u00e9s de una iniciativa de empleo social que llevar\u00eda a la contrataci\u00f3n durante 6 meses de ocho personas, una arquitecta t\u00e9cnica, un encargado de obra y seis operarios de alba\u00f1iler\u00eda (tres oficiales y tres peones).<\/p>\n<p>La Junta de Gobierno Local ha aprobado hoy presentar un proyecto de reformas a la convocatoria de Gobierno de Navarra \u00abSubvenci\u00f3n a entidades locales por la contrataci\u00f3n a personas desempleadas para realizar obras y servicios de inter\u00e9s general o social\u201d. De obtener la financiaci\u00f3n requerida, el Gobierno de Navarra se har\u00eda cargo del coste salarial del proyecto, estimado en 136.573 euros, y el Consistorio, adem\u00e1s de redactar el proyecto, correr\u00eda con el coste de materiales etc.<\/p>\n<p>La idea ser\u00eda comenzar a principios de septiembre. Las obras consistir\u00edan en el derribo y nueva distribuci\u00f3n del conjunto de los espacios interiores de un local con m\u00e1s de 20 a\u00f1os de antig\u00fcedad, en la que se obtendr\u00eda un despacho m\u00e1s. Se adaptar\u00edan los ba\u00f1os y se reformar\u00eda el saneamiento. Ya en el exterior, el proyecto prev\u00e9 un acabado cer\u00e1mico en fachada para facilitar la eliminaci\u00f3n de pintadas y graffitis, se eliminar\u00e1n las repisas exteriores de las ventanas para evitar acumulaci\u00f3n de residuos y se har\u00e1 un cambio de ubicaci\u00f3n de la puerta de acceso, anteriormente se encontraba en el lateral de acceso a la plaza de Santa Ana y la calle Jarauta, y ahora estar\u00e1 en la calle Jarauta. El proyecto de obra ha sido redactado por el \u00c1rea de Proyectos estrat\u00e9gicos del Ayuntamiento de Pamplona. De forma complementaria, en el proyecto se incluye la posibilidad de que el personal contratado intervenga en la reforma integral de viviendas municipales, para asegurar actividad laboral continuada ante posibles contingencias en las obras de la unidad de barrio.<\/p>\n<p><strong>Unidades de barrio y programas de empleo<\/strong><\/p>\n<p>La unidad de Casco Antiguo es la m\u00e1s antigua de la red municipal. La idea es acometer reformas, como ya se hizo, a trav\u00e9s de anteriores ediciones de esta misma convocatoria, en las unidades de bario de Rochapea (2016-2017 y 2018), Unidad de Barrio del Ensanche (2018) y San Juan (2019).<\/p>\n<p>Las unidades de barrio son un servicio de atenci\u00f3n social a la poblaci\u00f3n m\u00e1s vulnerable y la puerta de entrada al sistema municipal de servicios sociales. As\u00ed, todas estas actuaciones, est\u00e1n enmarcadas en un objetivo m\u00e1s global de mejora todos los espacios de atenci\u00f3n social de la ciudad.<\/p>\n<p>As\u00ed, la iniciativa tiene tres virtudes. Por una, lado es de inter\u00e9s general y social, porque revierte en beneficio y mejora de la ciudadan\u00eda al mejorar una dotaci\u00f3n; por otra es una acci\u00f3n municipal de fomento de Itinerarios de Inserci\u00f3n Sociolaboral, programas de mejora de la empleabilidad de las personas usuarias de Servicios Sociales a trav\u00e9s de la contrataci\u00f3n laboral y, m\u00e1s espec\u00edficamente est\u00e1 dirigida a colectivos especialmente afectados por el desempleo y\/o en especial desventaja en el acceso al mercado laboral (mujeres, mayores de 55 a\u00f1os en situaci\u00f3n de desempleo o personas perceptoras de renta garantizada).<\/p>\n","protected":false},"excerpt":{"rendered":"<p>La Junta de Gobierno acuerda presentar este proyecto a las subvenciones de obras y servicios de inter\u00e9s general o social de Gobierno de Navarra<\/p>\n","protected":false},"author":1,"featured_media":50485,"comment_status":"open","ping_status":"closed","sticky":false,"template":"","format":"standard","meta":{"footnotes":""},"categories":[2],"tags":[],"class_list":["post-50484","post","type-post","status-publish","format-standard","has-post-thumbnail","hentry","category-ayuntamiento-pamplona"],"yoast_head":"<!-- This site is optimized with the Yoast SEO plugin v27.3 - https:\/\/yoast.com\/product\/yoast-seo-wordpress\/ -->\n<title>El Ayuntamiento de Pamplona quiere comenzar en septiembre la reforma de la Unidad de Barrio del Casco Antiguo a trav\u00e9s de una iniciativa de empleo social<\/title>\n<meta name=\"description\" content=\"La Junta de Gobierno acuerda presentar este proyecto a las subvenciones de obras y servicios de inter\u00e9s general o social de Gobierno de Navarra\" \/>\n<meta name=\"robots\" content=\"index, follow, max-snippet:-1, max-image-preview:large, max-video-preview:-1\" \/>\n<link rel=\"canonical\" href=\"https:\/\/www.laguiadepamplona.com\/actualidad\/el-ayuntamiento-de-pamplona-quiere-comenzar-en-septiembre-la-reforma-de-la-unidad-de-barrio-del-casco-antiguo-a-traves-de-una-iniciativa-de-empleo-social\/\" \/>\n<meta property=\"og:locale\" content=\"es_ES\" \/>\n<meta property=\"og:type\" content=\"article\" \/>\n<meta property=\"og:title\" content=\"El Ayuntamiento de Pamplona quiere comenzar en septiembre la reforma de la Unidad de Barrio del Casco Antiguo a trav\u00e9s de una iniciativa de empleo social\" \/>\n<meta property=\"og:description\" content=\"La Junta de Gobierno acuerda presentar este proyecto a las subvenciones de obras y servicios de inter\u00e9s general o social de Gobierno de Navarra\" \/>\n<meta property=\"og:url\" content=\"https:\/\/www.laguiadepamplona.com\/actualidad\/el-ayuntamiento-de-pamplona-quiere-comenzar-en-septiembre-la-reforma-de-la-unidad-de-barrio-del-casco-antiguo-a-traves-de-una-iniciativa-de-empleo-social\/\" \/>\n<meta property=\"og:site_name\" content=\"La Gu\u00eda de Pamplona\" \/>\n<meta property=\"article:publisher\" content=\"https:\/\/www.facebook.com\/laguiadepamplonacom-133175176762273\/?ref=hl\" \/>\n<meta property=\"article:published_time\" content=\"2024-08-09T15:45:28+00:00\" \/>\n<meta property=\"og:image\" content=\"https:\/\/www.laguiadepamplona.com\/actualidad\/wp-content\/uploads\/2024\/08\/casco_antiguo_calle_nueva.webp\" \/>\n\t<meta property=\"og:image:width\" content=\"1000\" \/>\n\t<meta property=\"og:image:height\" content=\"770\" \/>\n\t<meta property=\"og:image:type\" content=\"image\/webp\" \/>\n<meta name=\"author\" content=\"La Gu\u00eda de Pamplona\" \/>\n<meta name=\"twitter:card\" content=\"summary_large_image\" \/>\n<meta name=\"twitter:creator\" content=\"@LaGuiadPamplona\" \/>\n<meta name=\"twitter:site\" content=\"@LaGuiadPamplona\" \/>\n<meta name=\"twitter:label1\" content=\"Escrito por\" \/>\n\t<meta name=\"twitter:data1\" content=\"La Gu\u00eda de Pamplona\" \/>\n\t<meta name=\"twitter:label2\" content=\"Tiempo de lectura\" \/>\n\t<meta name=\"twitter:data2\" content=\"3 minutos\" \/>\n<script type=\"application\/ld+json\" class=\"yoast-schema-graph\">{\"@context\":\"https:\\\/\\\/schema.org\",\"@graph\":[{\"@type\":\"Article\",\"@id\":\"https:\\\/\\\/www.laguiadepamplona.com\\\/actualidad\\\/el-ayuntamiento-de-pamplona-quiere-comenzar-en-septiembre-la-reforma-de-la-unidad-de-barrio-del-casco-antiguo-a-traves-de-una-iniciativa-de-empleo-social\\\/#article\",\"isPartOf\":{\"@id\":\"https:\\\/\\\/www.laguiadepamplona.com\\\/actualidad\\\/el-ayuntamiento-de-pamplona-quiere-comenzar-en-septiembre-la-reforma-de-la-unidad-de-barrio-del-casco-antiguo-a-traves-de-una-iniciativa-de-empleo-social\\\/\"},\"author\":{\"name\":\"La Gu\u00eda de Pamplona\",\"@id\":\"https:\\\/\\\/www.laguiadepamplona.com\\\/actualidad\\\/#\\\/schema\\\/person\\\/efe887376f0213d4657c93adc50b1fdb\"},\"headline\":\"El Ayuntamiento de Pamplona quiere comenzar en septiembre la reforma de la Unidad de Barrio del Casco Antiguo a trav\u00e9s de una iniciativa de empleo social\",\"datePublished\":\"2024-08-09T15:45:28+00:00\",\"mainEntityOfPage\":{\"@id\":\"https:\\\/\\\/www.laguiadepamplona.com\\\/actualidad\\\/el-ayuntamiento-de-pamplona-quiere-comenzar-en-septiembre-la-reforma-de-la-unidad-de-barrio-del-casco-antiguo-a-traves-de-una-iniciativa-de-empleo-social\\\/\"},\"wordCount\":630,\"commentCount\":0,\"publisher\":{\"@id\":\"https:\\\/\\\/www.laguiadepamplona.com\\\/actualidad\\\/#organization\"},\"image\":{\"@id\":\"https:\\\/\\\/www.laguiadepamplona.com\\\/actualidad\\\/el-ayuntamiento-de-pamplona-quiere-comenzar-en-septiembre-la-reforma-de-la-unidad-de-barrio-del-casco-antiguo-a-traves-de-una-iniciativa-de-empleo-social\\\/#primaryimage\"},\"thumbnailUrl\":\"https:\\\/\\\/www.laguiadepamplona.com\\\/actualidad\\\/wp-content\\\/uploads\\\/2024\\\/08\\\/casco_antiguo_calle_nueva.webp\",\"articleSection\":[\"Ayto Pamplona\"],\"inLanguage\":\"es\",\"potentialAction\":[{\"@type\":\"CommentAction\",\"name\":\"Comment\",\"target\":[\"https:\\\/\\\/www.laguiadepamplona.com\\\/actualidad\\\/el-ayuntamiento-de-pamplona-quiere-comenzar-en-septiembre-la-reforma-de-la-unidad-de-barrio-del-casco-antiguo-a-traves-de-una-iniciativa-de-empleo-social\\\/#respond\"]}]},{\"@type\":\"WebPage\",\"@id\":\"https:\\\/\\\/www.laguiadepamplona.com\\\/actualidad\\\/el-ayuntamiento-de-pamplona-quiere-comenzar-en-septiembre-la-reforma-de-la-unidad-de-barrio-del-casco-antiguo-a-traves-de-una-iniciativa-de-empleo-social\\\/\",\"url\":\"https:\\\/\\\/www.laguiadepamplona.com\\\/actualidad\\\/el-ayuntamiento-de-pamplona-quiere-comenzar-en-septiembre-la-reforma-de-la-unidad-de-barrio-del-casco-antiguo-a-traves-de-una-iniciativa-de-empleo-social\\\/\",\"name\":\"El Ayuntamiento de Pamplona quiere comenzar en septiembre la reforma de la Unidad de Barrio del Casco Antiguo a trav\u00e9s de una iniciativa de empleo social\",\"isPartOf\":{\"@id\":\"https:\\\/\\\/www.laguiadepamplona.com\\\/actualidad\\\/#website\"},\"primaryImageOfPage\":{\"@id\":\"https:\\\/\\\/www.laguiadepamplona.com\\\/actualidad\\\/el-ayuntamiento-de-pamplona-quiere-comenzar-en-septiembre-la-reforma-de-la-unidad-de-barrio-del-casco-antiguo-a-traves-de-una-iniciativa-de-empleo-social\\\/#primaryimage\"},\"image\":{\"@id\":\"https:\\\/\\\/www.laguiadepamplona.com\\\/actualidad\\\/el-ayuntamiento-de-pamplona-quiere-comenzar-en-septiembre-la-reforma-de-la-unidad-de-barrio-del-casco-antiguo-a-traves-de-una-iniciativa-de-empleo-social\\\/#primaryimage\"},\"thumbnailUrl\":\"https:\\\/\\\/www.laguiadepamplona.com\\\/actualidad\\\/wp-content\\\/uploads\\\/2024\\\/08\\\/casco_antiguo_calle_nueva.webp\",\"datePublished\":\"2024-08-09T15:45:28+00:00\",\"description\":\"La Junta de Gobierno acuerda presentar este proyecto a las subvenciones de obras y servicios de inter\u00e9s general o social de Gobierno de Navarra\",\"breadcrumb\":{\"@id\":\"https:\\\/\\\/www.laguiadepamplona.com\\\/actualidad\\\/el-ayuntamiento-de-pamplona-quiere-comenzar-en-septiembre-la-reforma-de-la-unidad-de-barrio-del-casco-antiguo-a-traves-de-una-iniciativa-de-empleo-social\\\/#breadcrumb\"},\"inLanguage\":\"es\",\"potentialAction\":[{\"@type\":\"ReadAction\",\"target\":[\"https:\\\/\\\/www.laguiadepamplona.com\\\/actualidad\\\/el-ayuntamiento-de-pamplona-quiere-comenzar-en-septiembre-la-reforma-de-la-unidad-de-barrio-del-casco-antiguo-a-traves-de-una-iniciativa-de-empleo-social\\\/\"]}]},{\"@type\":\"ImageObject\",\"inLanguage\":\"es\",\"@id\":\"https:\\\/\\\/www.laguiadepamplona.com\\\/actualidad\\\/el-ayuntamiento-de-pamplona-quiere-comenzar-en-septiembre-la-reforma-de-la-unidad-de-barrio-del-casco-antiguo-a-traves-de-una-iniciativa-de-empleo-social\\\/#primaryimage\",\"url\":\"https:\\\/\\\/www.laguiadepamplona.com\\\/actualidad\\\/wp-content\\\/uploads\\\/2024\\\/08\\\/casco_antiguo_calle_nueva.webp\",\"contentUrl\":\"https:\\\/\\\/www.laguiadepamplona.com\\\/actualidad\\\/wp-content\\\/uploads\\\/2024\\\/08\\\/casco_antiguo_calle_nueva.webp\",\"width\":1000,\"height\":770,\"caption\":\"casco antiguo calle nueva\"},{\"@type\":\"BreadcrumbList\",\"@id\":\"https:\\\/\\\/www.laguiadepamplona.com\\\/actualidad\\\/el-ayuntamiento-de-pamplona-quiere-comenzar-en-septiembre-la-reforma-de-la-unidad-de-barrio-del-casco-antiguo-a-traves-de-una-iniciativa-de-empleo-social\\\/#breadcrumb\",\"itemListElement\":[{\"@type\":\"ListItem\",\"position\":1,\"name\":\"Portada\",\"item\":\"https:\\\/\\\/www.laguiadepamplona.com\\\/actualidad\\\/\"},{\"@type\":\"ListItem\",\"position\":2,\"name\":\"El Ayuntamiento de Pamplona quiere comenzar en septiembre la reforma de la Unidad de Barrio del Casco Antiguo a trav\u00e9s de una iniciativa de empleo social\"}]},{\"@type\":\"WebSite\",\"@id\":\"https:\\\/\\\/www.laguiadepamplona.com\\\/actualidad\\\/#website\",\"url\":\"https:\\\/\\\/www.laguiadepamplona.com\\\/actualidad\\\/\",\"name\":\"La gu\u00eda de Pamplona\",\"description\":\"Noticias de Pamplona\",\"publisher\":{\"@id\":\"https:\\\/\\\/www.laguiadepamplona.com\\\/actualidad\\\/#organization\"},\"potentialAction\":[{\"@type\":\"SearchAction\",\"target\":{\"@type\":\"EntryPoint\",\"urlTemplate\":\"https:\\\/\\\/www.laguiadepamplona.com\\\/actualidad\\\/?s={search_term_string}\"},\"query-input\":{\"@type\":\"PropertyValueSpecification\",\"valueRequired\":true,\"valueName\":\"search_term_string\"}}],\"inLanguage\":\"es\"},{\"@type\":\"Organization\",\"@id\":\"https:\\\/\\\/www.laguiadepamplona.com\\\/actualidad\\\/#organization\",\"name\":\"La Gu\u00eda de Pamplona \\\/ Noticias\",\"url\":\"https:\\\/\\\/www.laguiadepamplona.com\\\/actualidad\\\/\",\"logo\":{\"@type\":\"ImageObject\",\"inLanguage\":\"es\",\"@id\":\"https:\\\/\\\/www.laguiadepamplona.com\\\/actualidad\\\/#\\\/schema\\\/logo\\\/image\\\/\",\"url\":\"https:\\\/\\\/www.laguiadepamplona.com\\\/actualidad\\\/wp-content\\\/uploads\\\/2018\\\/11\\\/logo-laguiadepamplona18-web1.png\",\"contentUrl\":\"https:\\\/\\\/www.laguiadepamplona.com\\\/actualidad\\\/wp-content\\\/uploads\\\/2018\\\/11\\\/logo-laguiadepamplona18-web1.png\",\"width\":600,\"height\":196,\"caption\":\"La Gu\u00eda de Pamplona \\\/ Noticias\"},\"image\":{\"@id\":\"https:\\\/\\\/www.laguiadepamplona.com\\\/actualidad\\\/#\\\/schema\\\/logo\\\/image\\\/\"},\"sameAs\":[\"https:\\\/\\\/www.facebook.com\\\/laguiadepamplonacom-133175176762273\\\/?ref=hl\",\"https:\\\/\\\/x.com\\\/LaGuiadPamplona\",\"https:\\\/\\\/www.instagram.com\\\/la_guia_de_pamplona\\\/\",\"https:\\\/\\\/www.youtube.com\\\/user\\\/laguiadepamplona\"]},{\"@type\":\"Person\",\"@id\":\"https:\\\/\\\/www.laguiadepamplona.com\\\/actualidad\\\/#\\\/schema\\\/person\\\/efe887376f0213d4657c93adc50b1fdb\",\"name\":\"La Gu\u00eda de Pamplona\",\"image\":{\"@type\":\"ImageObject\",\"inLanguage\":\"es\",\"@id\":\"https:\\\/\\\/secure.gravatar.com\\\/avatar\\\/b6992f131dc8d30ab0dff15446e9d346d9dbd95992de0fef795073f5ea83a81c?s=96&d=mm&r=g\",\"url\":\"https:\\\/\\\/secure.gravatar.com\\\/avatar\\\/b6992f131dc8d30ab0dff15446e9d346d9dbd95992de0fef795073f5ea83a81c?s=96&d=mm&r=g\",\"contentUrl\":\"https:\\\/\\\/secure.gravatar.com\\\/avatar\\\/b6992f131dc8d30ab0dff15446e9d346d9dbd95992de0fef795073f5ea83a81c?s=96&d=mm&r=g\",\"caption\":\"La Gu\u00eda de Pamplona\"}}]}<\/script>\n<!-- \/ Yoast SEO plugin. -->","yoast_head_json":{"title":"El Ayuntamiento de Pamplona quiere comenzar en septiembre la reforma de la Unidad de Barrio del Casco Antiguo a trav\u00e9s de una iniciativa de empleo social","description":"La Junta de Gobierno acuerda presentar este proyecto a las subvenciones de obras y servicios de inter\u00e9s general o social de Gobierno de Navarra","robots":{"index":"index","follow":"follow","max-snippet":"max-snippet:-1","max-image-preview":"max-image-preview:large","max-video-preview":"max-video-preview:-1"},"canonical":"https:\/\/www.laguiadepamplona.com\/actualidad\/el-ayuntamiento-de-pamplona-quiere-comenzar-en-septiembre-la-reforma-de-la-unidad-de-barrio-del-casco-antiguo-a-traves-de-una-iniciativa-de-empleo-social\/","og_locale":"es_ES","og_type":"article","og_title":"El Ayuntamiento de Pamplona quiere comenzar en septiembre la reforma de la Unidad de Barrio del Casco Antiguo a trav\u00e9s de una iniciativa de empleo social","og_description":"La Junta de Gobierno acuerda presentar este proyecto a las subvenciones de obras y servicios de inter\u00e9s general o social de Gobierno de Navarra","og_url":"https:\/\/www.laguiadepamplona.com\/actualidad\/el-ayuntamiento-de-pamplona-quiere-comenzar-en-septiembre-la-reforma-de-la-unidad-de-barrio-del-casco-antiguo-a-traves-de-una-iniciativa-de-empleo-social\/","og_site_name":"La Gu\u00eda de Pamplona","article_publisher":"https:\/\/www.facebook.com\/laguiadepamplonacom-133175176762273\/?ref=hl","article_published_time":"2024-08-09T15:45:28+00:00","og_image":[{"width":1000,"height":770,"url":"https:\/\/www.laguiadepamplona.com\/actualidad\/wp-content\/uploads\/2024\/08\/casco_antiguo_calle_nueva.webp","type":"image\/webp"}],"author":"La Gu\u00eda de Pamplona","twitter_card":"summary_large_image","twitter_creator":"@LaGuiadPamplona","twitter_site":"@LaGuiadPamplona","twitter_misc":{"Escrito por":"La Gu\u00eda de Pamplona","Tiempo de lectura":"3 minutos"},"schema":{"@context":"https:\/\/schema.org","@graph":[{"@type":"Article","@id":"https:\/\/www.laguiadepamplona.com\/actualidad\/el-ayuntamiento-de-pamplona-quiere-comenzar-en-septiembre-la-reforma-de-la-unidad-de-barrio-del-casco-antiguo-a-traves-de-una-iniciativa-de-empleo-social\/#article","isPartOf":{"@id":"https:\/\/www.laguiadepamplona.com\/actualidad\/el-ayuntamiento-de-pamplona-quiere-comenzar-en-septiembre-la-reforma-de-la-unidad-de-barrio-del-casco-antiguo-a-traves-de-una-iniciativa-de-empleo-social\/"},"author":{"name":"La Gu\u00eda de Pamplona","@id":"https:\/\/www.laguiadepamplona.com\/actualidad\/#\/schema\/person\/efe887376f0213d4657c93adc50b1fdb"},"headline":"El Ayuntamiento de Pamplona quiere comenzar en septiembre la reforma de la Unidad de Barrio del Casco Antiguo a trav\u00e9s de una iniciativa de empleo social","datePublished":"2024-08-09T15:45:28+00:00","mainEntityOfPage":{"@id":"https:\/\/www.laguiadepamplona.com\/actualidad\/el-ayuntamiento-de-pamplona-quiere-comenzar-en-septiembre-la-reforma-de-la-unidad-de-barrio-del-casco-antiguo-a-traves-de-una-iniciativa-de-empleo-social\/"},"wordCount":630,"commentCount":0,"publisher":{"@id":"https:\/\/www.laguiadepamplona.com\/actualidad\/#organization"},"image":{"@id":"https:\/\/www.laguiadepamplona.com\/actualidad\/el-ayuntamiento-de-pamplona-quiere-comenzar-en-septiembre-la-reforma-de-la-unidad-de-barrio-del-casco-antiguo-a-traves-de-una-iniciativa-de-empleo-social\/#primaryimage"},"thumbnailUrl":"https:\/\/www.laguiadepamplona.com\/actualidad\/wp-content\/uploads\/2024\/08\/casco_antiguo_calle_nueva.webp","articleSection":["Ayto Pamplona"],"inLanguage":"es","potentialAction":[{"@type":"CommentAction","name":"Comment","target":["https:\/\/www.laguiadepamplona.com\/actualidad\/el-ayuntamiento-de-pamplona-quiere-comenzar-en-septiembre-la-reforma-de-la-unidad-de-barrio-del-casco-antiguo-a-traves-de-una-iniciativa-de-empleo-social\/#respond"]}]},{"@type":"WebPage","@id":"https:\/\/www.laguiadepamplona.com\/actualidad\/el-ayuntamiento-de-pamplona-quiere-comenzar-en-septiembre-la-reforma-de-la-unidad-de-barrio-del-casco-antiguo-a-traves-de-una-iniciativa-de-empleo-social\/","url":"https:\/\/www.laguiadepamplona.com\/actualidad\/el-ayuntamiento-de-pamplona-quiere-comenzar-en-septiembre-la-reforma-de-la-unidad-de-barrio-del-casco-antiguo-a-traves-de-una-iniciativa-de-empleo-social\/","name":"El Ayuntamiento de Pamplona quiere comenzar en septiembre la reforma de la Unidad de Barrio del Casco Antiguo a trav\u00e9s de una iniciativa de empleo social","isPartOf":{"@id":"https:\/\/www.laguiadepamplona.com\/actualidad\/#website"},"primaryImageOfPage":{"@id":"https:\/\/www.laguiadepamplona.com\/actualidad\/el-ayuntamiento-de-pamplona-quiere-comenzar-en-septiembre-la-reforma-de-la-unidad-de-barrio-del-casco-antiguo-a-traves-de-una-iniciativa-de-empleo-social\/#primaryimage"},"image":{"@id":"https:\/\/www.laguiadepamplona.com\/actualidad\/el-ayuntamiento-de-pamplona-quiere-comenzar-en-septiembre-la-reforma-de-la-unidad-de-barrio-del-casco-antiguo-a-traves-de-una-iniciativa-de-empleo-social\/#primaryimage"},"thumbnailUrl":"https:\/\/www.laguiadepamplona.com\/actualidad\/wp-content\/uploads\/2024\/08\/casco_antiguo_calle_nueva.webp","datePublished":"2024-08-09T15:45:28+00:00","description":"La Junta de Gobierno acuerda presentar este proyecto a las subvenciones de obras y servicios de inter\u00e9s general o social de Gobierno de Navarra","breadcrumb":{"@id":"https:\/\/www.laguiadepamplona.com\/actualidad\/el-ayuntamiento-de-pamplona-quiere-comenzar-en-septiembre-la-reforma-de-la-unidad-de-barrio-del-casco-antiguo-a-traves-de-una-iniciativa-de-empleo-social\/#breadcrumb"},"inLanguage":"es","potentialAction":[{"@type":"ReadAction","target":["https:\/\/www.laguiadepamplona.com\/actualidad\/el-ayuntamiento-de-pamplona-quiere-comenzar-en-septiembre-la-reforma-de-la-unidad-de-barrio-del-casco-antiguo-a-traves-de-una-iniciativa-de-empleo-social\/"]}]},{"@type":"ImageObject","inLanguage":"es","@id":"https:\/\/www.laguiadepamplona.com\/actualidad\/el-ayuntamiento-de-pamplona-quiere-comenzar-en-septiembre-la-reforma-de-la-unidad-de-barrio-del-casco-antiguo-a-traves-de-una-iniciativa-de-empleo-social\/#primaryimage","url":"https:\/\/www.laguiadepamplona.com\/actualidad\/wp-content\/uploads\/2024\/08\/casco_antiguo_calle_nueva.webp","contentUrl":"https:\/\/www.laguiadepamplona.com\/actualidad\/wp-content\/uploads\/2024\/08\/casco_antiguo_calle_nueva.webp","width":1000,"height":770,"caption":"casco antiguo calle nueva"},{"@type":"BreadcrumbList","@id":"https:\/\/www.laguiadepamplona.com\/actualidad\/el-ayuntamiento-de-pamplona-quiere-comenzar-en-septiembre-la-reforma-de-la-unidad-de-barrio-del-casco-antiguo-a-traves-de-una-iniciativa-de-empleo-social\/#breadcrumb","itemListElement":[{"@type":"ListItem","position":1,"name":"Portada","item":"https:\/\/www.laguiadepamplona.com\/actualidad\/"},{"@type":"ListItem","position":2,"name":"El Ayuntamiento de Pamplona quiere comenzar en septiembre la reforma de la Unidad de Barrio del Casco Antiguo a trav\u00e9s de una iniciativa de empleo social"}]},{"@type":"WebSite","@id":"https:\/\/www.laguiadepamplona.com\/actualidad\/#website","url":"https:\/\/www.laguiadepamplona.com\/actualidad\/","name":"La gu\u00eda de Pamplona","description":"Noticias de Pamplona","publisher":{"@id":"https:\/\/www.laguiadepamplona.com\/actualidad\/#organization"},"potentialAction":[{"@type":"SearchAction","target":{"@type":"EntryPoint","urlTemplate":"https:\/\/www.laguiadepamplona.com\/actualidad\/?s={search_term_string}"},"query-input":{"@type":"PropertyValueSpecification","valueRequired":true,"valueName":"search_term_string"}}],"inLanguage":"es"},{"@type":"Organization","@id":"https:\/\/www.laguiadepamplona.com\/actualidad\/#organization","name":"La Gu\u00eda de Pamplona \/ Noticias","url":"https:\/\/www.laguiadepamplona.com\/actualidad\/","logo":{"@type":"ImageObject","inLanguage":"es","@id":"https:\/\/www.laguiadepamplona.com\/actualidad\/#\/schema\/logo\/image\/","url":"https:\/\/www.laguiadepamplona.com\/actualidad\/wp-content\/uploads\/2018\/11\/logo-laguiadepamplona18-web1.png","contentUrl":"https:\/\/www.laguiadepamplona.com\/actualidad\/wp-content\/uploads\/2018\/11\/logo-laguiadepamplona18-web1.png","width":600,"height":196,"caption":"La Gu\u00eda de Pamplona \/ Noticias"},"image":{"@id":"https:\/\/www.laguiadepamplona.com\/actualidad\/#\/schema\/logo\/image\/"},"sameAs":["https:\/\/www.facebook.com\/laguiadepamplonacom-133175176762273\/?ref=hl","https:\/\/x.com\/LaGuiadPamplona","https:\/\/www.instagram.com\/la_guia_de_pamplona\/","https:\/\/www.youtube.com\/user\/laguiadepamplona"]},{"@type":"Person","@id":"https:\/\/www.laguiadepamplona.com\/actualidad\/#\/schema\/person\/efe887376f0213d4657c93adc50b1fdb","name":"La Gu\u00eda de Pamplona","image":{"@type":"ImageObject","inLanguage":"es","@id":"https:\/\/secure.gravatar.com\/avatar\/b6992f131dc8d30ab0dff15446e9d346d9dbd95992de0fef795073f5ea83a81c?s=96&d=mm&r=g","url":"https:\/\/secure.gravatar.com\/avatar\/b6992f131dc8d30ab0dff15446e9d346d9dbd95992de0fef795073f5ea83a81c?s=96&d=mm&r=g","contentUrl":"https:\/\/secure.gravatar.com\/avatar\/b6992f131dc8d30ab0dff15446e9d346d9dbd95992de0fef795073f5ea83a81c?s=96&d=mm&r=g","caption":"La Gu\u00eda de Pamplona"}}]}},"post_mailing_queue_ids":[],"_links":{"self":[{"href":"https:\/\/www.laguiadepamplona.com\/actualidad\/wp-json\/wp\/v2\/posts\/50484","targetHints":{"allow":["GET"]}}],"collection":[{"href":"https:\/\/www.laguiadepamplona.com\/actualidad\/wp-json\/wp\/v2\/posts"}],"about":[{"href":"https:\/\/www.laguiadepamplona.com\/actualidad\/wp-json\/wp\/v2\/types\/post"}],"author":[{"embeddable":true,"href":"https:\/\/www.laguiadepamplona.com\/actualidad\/wp-json\/wp\/v2\/users\/1"}],"replies":[{"embeddable":true,"href":"https:\/\/www.laguiadepamplona.com\/actualidad\/wp-json\/wp\/v2\/comments?post=50484"}],"version-history":[{"count":1,"href":"https:\/\/www.laguiadepamplona.com\/actualidad\/wp-json\/wp\/v2\/posts\/50484\/revisions"}],"predecessor-version":[{"id":50486,"href":"https:\/\/www.laguiadepamplona.com\/actualidad\/wp-json\/wp\/v2\/posts\/50484\/revisions\/50486"}],"wp:featuredmedia":[{"embeddable":true,"href":"https:\/\/www.laguiadepamplona.com\/actualidad\/wp-json\/wp\/v2\/media\/50485"}],"wp:attachment":[{"href":"https:\/\/www.laguiadepamplona.com\/actualidad\/wp-json\/wp\/v2\/media?parent=50484"}],"wp:term":[{"taxonomy":"category","embeddable":true,"href":"https:\/\/www.laguiadepamplona.com\/actualidad\/wp-json\/wp\/v2\/categories?post=50484"},{"taxonomy":"post_tag","embeddable":true,"href":"https:\/\/www.laguiadepamplona.com\/actualidad\/wp-json\/wp\/v2\/tags?post=50484"}],"curies":[{"name":"wp","href":"https:\/\/api.w.org\/{rel}","templated":true}]}}