{"id":50482,"date":"2024-08-09T17:43:59","date_gmt":"2024-08-09T15:43:59","guid":{"rendered":"https:\/\/www.laguiadepamplona.com\/actualidad\/?p=50482"},"modified":"2024-08-09T17:43:59","modified_gmt":"2024-08-09T15:43:59","slug":"el-ayuntamiento-modificara-la-iluminacion-del-entorno-comercial-de-la-calle-amaya-para-mejorar-el-alumbrado-y-hacerlo-mas-eficiente","status":"publish","type":"post","link":"https:\/\/www.laguiadepamplona.com\/actualidad\/el-ayuntamiento-modificara-la-iluminacion-del-entorno-comercial-de-la-calle-amaya-para-mejorar-el-alumbrado-y-hacerlo-mas-eficiente\/","title":{"rendered":"El Ayuntamiento modificar\u00e1 la iluminaci\u00f3n del entorno comercial de la calle Amaya para mejorar el alumbrado y hacerlo m\u00e1s eficiente"},"content":{"rendered":"<h2>El coste de llevar tecnolog\u00eda LED 92 puntos de luz se financiar\u00e1 v\u00eda Plan de Recuperaci\u00f3n, Transformaci\u00f3n y Resiliencia (fondos NextGenerationEU)<\/h2>\n<p><!--more--><\/p>\n<p>El Ayuntamiento de Pamplona renovar\u00e1 92 puntos del alumbrado de la calle Amaya y otras v\u00edas adyacentes, as\u00ed como del entorno del mercado municipal para llevarlo a tecnolog\u00eda LED. La Junta de Gobierno Local ha aprobado hoy una inversi\u00f3n de 69.732,30 euros para hacerlo posible, un importe que ser\u00e1 financiado al 100% a trav\u00e9s del Plan de Recuperaci\u00f3n, Transformaci\u00f3n y Resiliencia de Espa\u00f1a con cargo a fondos NextGenerationEU. En concreto, esta sustituci\u00f3n de luminarias se enmarca en el proyecto municipal \u201cPamplona Puede: Plan de Apoyo a Mercados y Zonas Comerciales Urbanas\u201d y en las l\u00edneas de financiaci\u00f3n vinculadas a la promoci\u00f3n del comercio y el embellecimiento de ejes comerciales de alta densidad y su entorno.<\/p>\n<p>La empresa que se encargar\u00e1 es Montaje El\u00e9ctricos Pamplona y deber\u00e1 hacerlo en un plazo de 12 semanas desde el inicio de los trabajos de sustituci\u00f3n y siempre antes de final de a\u00f1o. Ser\u00e1n 92 luminarias que se distribuir\u00e1n en calle Amaya (38); calle Cortes de Navarra (5); calle Emilio Arrieta (5); calle Leyre (6); calle de los Teobaldos (6); calle Castillo Maya (7); calle Iturralde y Suit (6); plaza Blanca de Navarra (8) y calle Olite en su tramo hasta Baja Navarra (11).<\/p>\n<p>Las obras de renovaci\u00f3n consistir\u00e1n en la sustituci\u00f3n de las luminarias Hadasa M-400, actualmente equipadas con l\u00e1mparas 250 W, por otras m\u00e1s eficientes y con mejores prestaciones, de tecnolog\u00eda LED, de potencias y \u00f3pticas adecuadas a las necesidades concretas de cada zona de implantaci\u00f3n. Estos puntos de luz se encuentran instalados en brazos fijados a fachada o en b\u00e1culos de acero galvanizado. La altura de montaje actual es de alrededor de 9 metros. En el caso de la calle Olite se prev\u00e9 que parte de los puntos de luz que se sustituyan sean 5 de car\u00e1cter residencial en columnas de acero galvanizado de 4 m de altura.<\/p>\n<p>Con esta sustituci\u00f3n se obtendr\u00e1 un importante ahorro ya que la potencia de la instalaci\u00f3n pasar\u00e1 de los 24.775 a los 7.460 v\u00e1tios. El presupuesto de las 92 luminarias es de 58.615,09 euros y el resto del importe hasta el total de la adjudicaci\u00f3n son las tareas de desmontaje de las antiguas e instalaci\u00f3n de las nuevas.<\/p>\n<p>Pamplona cuenta con un total de 34.507 puntos de luz de alumbrado p\u00fablico y alumbrado ornamental (farolas de pie y de fachada y otros elementos lum\u00ednicos), con sus correspondientes centros de mando, circuitos de alimentaci\u00f3n o centros de transformaci\u00f3n. Todos ellos se programan desde un sistema de telecontrol, que ajusta el horario de encendido y apagado en funci\u00f3n de las horas de luz de cada estaci\u00f3n del a\u00f1o, de cada mes y de cada d\u00eda. Entre otras medidas de mejora del alumbrado, la ciudad lleva d\u00e9cadas trabajando en la actualizaci\u00f3n de las l\u00e1mparas\/puntos de luz para lograr el ahorro energ\u00e9tico (sostenibilidad) y de costes (ahorro), pero tambi\u00e9n con los criterios obtener una adecuada iluminaci\u00f3n, reduciendo la emisi\u00f3n hacia el cielo de luz directa o reflejada por las superficies iluminadas, para evitar la contaminaci\u00f3n lum\u00ednica. En todo ello cobra especial importancia la progresiva sustituci\u00f3n de luminarias de tecnolog\u00eda de descarga por otras de tecnolog\u00eda LED.<\/p>\n<h3>N\u00famero de puntos que se sustituir\u00e1n<\/h3>\n<ul>\n<li>Calle Amaya 38<\/li>\n<li>Calle Cortes de Navarra 5<\/li>\n<li>Calle Emilio Arrieta 5<\/li>\n<li>Calle Leyre 6<\/li>\n<li>Calle de los Teobaldos 6<\/li>\n<li>Calle Castillo Maya 7<\/li>\n<li>Calle Iturralde y Suit 6<\/li>\n<li>Plaza Blanca de Navarra 8<\/li>\n<li>Calle Olite 11 (tramo hasta Baja Navarra)<\/li>\n<li><strong>TOTAL 92<\/strong><\/li>\n<\/ul>\n","protected":false},"excerpt":{"rendered":"<p>El coste de llevar tecnolog\u00eda LED 92 puntos de luz se financiar\u00e1 v\u00eda Plan de Recuperaci\u00f3n, Transformaci\u00f3n y Resiliencia (fondos NextGenerationEU)<\/p>\n","protected":false},"author":1,"featured_media":48503,"comment_status":"open","ping_status":"closed","sticky":false,"template":"","format":"standard","meta":{"footnotes":""},"categories":[2],"tags":[],"class_list":["post-50482","post","type-post","status-publish","format-standard","has-post-thumbnail","hentry","category-ayuntamiento-pamplona"],"yoast_head":"<!-- This site is optimized with the Yoast SEO plugin v27.3 - https:\/\/yoast.com\/product\/yoast-seo-wordpress\/ -->\n<title>El Ayuntamiento modificar\u00e1 la iluminaci\u00f3n del entorno comercial de la calle Amaya para mejorar el alumbrado y hacerlo m\u00e1s eficiente<\/title>\n<meta name=\"description\" content=\"El Ayuntamiento modificar\u00e1 la iluminaci\u00f3n del entorno comercial de la calle Amaya para mejorar el alumbrado y hacerlo m\u00e1s eficiente\" \/>\n<meta name=\"robots\" content=\"index, follow, max-snippet:-1, max-image-preview:large, max-video-preview:-1\" \/>\n<link rel=\"canonical\" href=\"https:\/\/www.laguiadepamplona.com\/actualidad\/el-ayuntamiento-modificara-la-iluminacion-del-entorno-comercial-de-la-calle-amaya-para-mejorar-el-alumbrado-y-hacerlo-mas-eficiente\/\" \/>\n<meta property=\"og:locale\" content=\"es_ES\" \/>\n<meta property=\"og:type\" content=\"article\" \/>\n<meta property=\"og:title\" content=\"El Ayuntamiento modificar\u00e1 la iluminaci\u00f3n del entorno comercial de la calle Amaya para mejorar el alumbrado y hacerlo m\u00e1s eficiente\" \/>\n<meta property=\"og:description\" content=\"El Ayuntamiento modificar\u00e1 la iluminaci\u00f3n del entorno comercial de la calle Amaya para mejorar el alumbrado y hacerlo m\u00e1s eficiente\" \/>\n<meta property=\"og:url\" content=\"https:\/\/www.laguiadepamplona.com\/actualidad\/el-ayuntamiento-modificara-la-iluminacion-del-entorno-comercial-de-la-calle-amaya-para-mejorar-el-alumbrado-y-hacerlo-mas-eficiente\/\" \/>\n<meta property=\"og:site_name\" content=\"La Gu\u00eda de Pamplona\" \/>\n<meta property=\"article:publisher\" content=\"https:\/\/www.facebook.com\/laguiadepamplonacom-133175176762273\/?ref=hl\" \/>\n<meta property=\"article:published_time\" content=\"2024-08-09T15:43:59+00:00\" \/>\n<meta property=\"og:image\" content=\"https:\/\/www.laguiadepamplona.com\/actualidad\/wp-content\/uploads\/2024\/01\/ayuntamiento-pamplona.webp\" \/>\n\t<meta property=\"og:image:width\" content=\"1200\" \/>\n\t<meta property=\"og:image:height\" content=\"675\" \/>\n\t<meta property=\"og:image:type\" content=\"image\/webp\" \/>\n<meta name=\"author\" content=\"La Gu\u00eda de Pamplona\" \/>\n<meta name=\"twitter:card\" content=\"summary_large_image\" \/>\n<meta name=\"twitter:creator\" content=\"@LaGuiadPamplona\" \/>\n<meta name=\"twitter:site\" content=\"@LaGuiadPamplona\" \/>\n<meta name=\"twitter:label1\" content=\"Escrito por\" \/>\n\t<meta name=\"twitter:data1\" content=\"La Gu\u00eda de Pamplona\" \/>\n\t<meta name=\"twitter:label2\" content=\"Tiempo de lectura\" \/>\n\t<meta name=\"twitter:data2\" content=\"3 minutos\" \/>\n<script type=\"application\/ld+json\" class=\"yoast-schema-graph\">{\"@context\":\"https:\\\/\\\/schema.org\",\"@graph\":[{\"@type\":\"Article\",\"@id\":\"https:\\\/\\\/www.laguiadepamplona.com\\\/actualidad\\\/el-ayuntamiento-modificara-la-iluminacion-del-entorno-comercial-de-la-calle-amaya-para-mejorar-el-alumbrado-y-hacerlo-mas-eficiente\\\/#article\",\"isPartOf\":{\"@id\":\"https:\\\/\\\/www.laguiadepamplona.com\\\/actualidad\\\/el-ayuntamiento-modificara-la-iluminacion-del-entorno-comercial-de-la-calle-amaya-para-mejorar-el-alumbrado-y-hacerlo-mas-eficiente\\\/\"},\"author\":{\"name\":\"La Gu\u00eda de Pamplona\",\"@id\":\"https:\\\/\\\/www.laguiadepamplona.com\\\/actualidad\\\/#\\\/schema\\\/person\\\/efe887376f0213d4657c93adc50b1fdb\"},\"headline\":\"El Ayuntamiento modificar\u00e1 la iluminaci\u00f3n del entorno comercial de la calle Amaya para mejorar el alumbrado y hacerlo m\u00e1s eficiente\",\"datePublished\":\"2024-08-09T15:43:59+00:00\",\"mainEntityOfPage\":{\"@id\":\"https:\\\/\\\/www.laguiadepamplona.com\\\/actualidad\\\/el-ayuntamiento-modificara-la-iluminacion-del-entorno-comercial-de-la-calle-amaya-para-mejorar-el-alumbrado-y-hacerlo-mas-eficiente\\\/\"},\"wordCount\":632,\"commentCount\":0,\"publisher\":{\"@id\":\"https:\\\/\\\/www.laguiadepamplona.com\\\/actualidad\\\/#organization\"},\"image\":{\"@id\":\"https:\\\/\\\/www.laguiadepamplona.com\\\/actualidad\\\/el-ayuntamiento-modificara-la-iluminacion-del-entorno-comercial-de-la-calle-amaya-para-mejorar-el-alumbrado-y-hacerlo-mas-eficiente\\\/#primaryimage\"},\"thumbnailUrl\":\"https:\\\/\\\/www.laguiadepamplona.com\\\/actualidad\\\/wp-content\\\/uploads\\\/2024\\\/01\\\/ayuntamiento-pamplona.webp\",\"articleSection\":[\"Ayto Pamplona\"],\"inLanguage\":\"es\",\"potentialAction\":[{\"@type\":\"CommentAction\",\"name\":\"Comment\",\"target\":[\"https:\\\/\\\/www.laguiadepamplona.com\\\/actualidad\\\/el-ayuntamiento-modificara-la-iluminacion-del-entorno-comercial-de-la-calle-amaya-para-mejorar-el-alumbrado-y-hacerlo-mas-eficiente\\\/#respond\"]}]},{\"@type\":\"WebPage\",\"@id\":\"https:\\\/\\\/www.laguiadepamplona.com\\\/actualidad\\\/el-ayuntamiento-modificara-la-iluminacion-del-entorno-comercial-de-la-calle-amaya-para-mejorar-el-alumbrado-y-hacerlo-mas-eficiente\\\/\",\"url\":\"https:\\\/\\\/www.laguiadepamplona.com\\\/actualidad\\\/el-ayuntamiento-modificara-la-iluminacion-del-entorno-comercial-de-la-calle-amaya-para-mejorar-el-alumbrado-y-hacerlo-mas-eficiente\\\/\",\"name\":\"El Ayuntamiento modificar\u00e1 la iluminaci\u00f3n del entorno comercial de la calle Amaya para mejorar el alumbrado y hacerlo m\u00e1s eficiente\",\"isPartOf\":{\"@id\":\"https:\\\/\\\/www.laguiadepamplona.com\\\/actualidad\\\/#website\"},\"primaryImageOfPage\":{\"@id\":\"https:\\\/\\\/www.laguiadepamplona.com\\\/actualidad\\\/el-ayuntamiento-modificara-la-iluminacion-del-entorno-comercial-de-la-calle-amaya-para-mejorar-el-alumbrado-y-hacerlo-mas-eficiente\\\/#primaryimage\"},\"image\":{\"@id\":\"https:\\\/\\\/www.laguiadepamplona.com\\\/actualidad\\\/el-ayuntamiento-modificara-la-iluminacion-del-entorno-comercial-de-la-calle-amaya-para-mejorar-el-alumbrado-y-hacerlo-mas-eficiente\\\/#primaryimage\"},\"thumbnailUrl\":\"https:\\\/\\\/www.laguiadepamplona.com\\\/actualidad\\\/wp-content\\\/uploads\\\/2024\\\/01\\\/ayuntamiento-pamplona.webp\",\"datePublished\":\"2024-08-09T15:43:59+00:00\",\"description\":\"El Ayuntamiento modificar\u00e1 la iluminaci\u00f3n del entorno comercial de la calle Amaya para mejorar el alumbrado y hacerlo m\u00e1s eficiente\",\"breadcrumb\":{\"@id\":\"https:\\\/\\\/www.laguiadepamplona.com\\\/actualidad\\\/el-ayuntamiento-modificara-la-iluminacion-del-entorno-comercial-de-la-calle-amaya-para-mejorar-el-alumbrado-y-hacerlo-mas-eficiente\\\/#breadcrumb\"},\"inLanguage\":\"es\",\"potentialAction\":[{\"@type\":\"ReadAction\",\"target\":[\"https:\\\/\\\/www.laguiadepamplona.com\\\/actualidad\\\/el-ayuntamiento-modificara-la-iluminacion-del-entorno-comercial-de-la-calle-amaya-para-mejorar-el-alumbrado-y-hacerlo-mas-eficiente\\\/\"]}]},{\"@type\":\"ImageObject\",\"inLanguage\":\"es\",\"@id\":\"https:\\\/\\\/www.laguiadepamplona.com\\\/actualidad\\\/el-ayuntamiento-modificara-la-iluminacion-del-entorno-comercial-de-la-calle-amaya-para-mejorar-el-alumbrado-y-hacerlo-mas-eficiente\\\/#primaryimage\",\"url\":\"https:\\\/\\\/www.laguiadepamplona.com\\\/actualidad\\\/wp-content\\\/uploads\\\/2024\\\/01\\\/ayuntamiento-pamplona.webp\",\"contentUrl\":\"https:\\\/\\\/www.laguiadepamplona.com\\\/actualidad\\\/wp-content\\\/uploads\\\/2024\\\/01\\\/ayuntamiento-pamplona.webp\",\"width\":1200,\"height\":675,\"caption\":\"ayuntamiento pamplona\"},{\"@type\":\"BreadcrumbList\",\"@id\":\"https:\\\/\\\/www.laguiadepamplona.com\\\/actualidad\\\/el-ayuntamiento-modificara-la-iluminacion-del-entorno-comercial-de-la-calle-amaya-para-mejorar-el-alumbrado-y-hacerlo-mas-eficiente\\\/#breadcrumb\",\"itemListElement\":[{\"@type\":\"ListItem\",\"position\":1,\"name\":\"Portada\",\"item\":\"https:\\\/\\\/www.laguiadepamplona.com\\\/actualidad\\\/\"},{\"@type\":\"ListItem\",\"position\":2,\"name\":\"El Ayuntamiento modificar\u00e1 la iluminaci\u00f3n del entorno comercial de la calle Amaya para mejorar el alumbrado y hacerlo m\u00e1s eficiente\"}]},{\"@type\":\"WebSite\",\"@id\":\"https:\\\/\\\/www.laguiadepamplona.com\\\/actualidad\\\/#website\",\"url\":\"https:\\\/\\\/www.laguiadepamplona.com\\\/actualidad\\\/\",\"name\":\"La gu\u00eda de Pamplona\",\"description\":\"Noticias de Pamplona\",\"publisher\":{\"@id\":\"https:\\\/\\\/www.laguiadepamplona.com\\\/actualidad\\\/#organization\"},\"potentialAction\":[{\"@type\":\"SearchAction\",\"target\":{\"@type\":\"EntryPoint\",\"urlTemplate\":\"https:\\\/\\\/www.laguiadepamplona.com\\\/actualidad\\\/?s={search_term_string}\"},\"query-input\":{\"@type\":\"PropertyValueSpecification\",\"valueRequired\":true,\"valueName\":\"search_term_string\"}}],\"inLanguage\":\"es\"},{\"@type\":\"Organization\",\"@id\":\"https:\\\/\\\/www.laguiadepamplona.com\\\/actualidad\\\/#organization\",\"name\":\"La Gu\u00eda de Pamplona \\\/ Noticias\",\"url\":\"https:\\\/\\\/www.laguiadepamplona.com\\\/actualidad\\\/\",\"logo\":{\"@type\":\"ImageObject\",\"inLanguage\":\"es\",\"@id\":\"https:\\\/\\\/www.laguiadepamplona.com\\\/actualidad\\\/#\\\/schema\\\/logo\\\/image\\\/\",\"url\":\"https:\\\/\\\/www.laguiadepamplona.com\\\/actualidad\\\/wp-content\\\/uploads\\\/2018\\\/11\\\/logo-laguiadepamplona18-web1.png\",\"contentUrl\":\"https:\\\/\\\/www.laguiadepamplona.com\\\/actualidad\\\/wp-content\\\/uploads\\\/2018\\\/11\\\/logo-laguiadepamplona18-web1.png\",\"width\":600,\"height\":196,\"caption\":\"La Gu\u00eda de Pamplona \\\/ Noticias\"},\"image\":{\"@id\":\"https:\\\/\\\/www.laguiadepamplona.com\\\/actualidad\\\/#\\\/schema\\\/logo\\\/image\\\/\"},\"sameAs\":[\"https:\\\/\\\/www.facebook.com\\\/laguiadepamplonacom-133175176762273\\\/?ref=hl\",\"https:\\\/\\\/x.com\\\/LaGuiadPamplona\",\"https:\\\/\\\/www.instagram.com\\\/la_guia_de_pamplona\\\/\",\"https:\\\/\\\/www.youtube.com\\\/user\\\/laguiadepamplona\"]},{\"@type\":\"Person\",\"@id\":\"https:\\\/\\\/www.laguiadepamplona.com\\\/actualidad\\\/#\\\/schema\\\/person\\\/efe887376f0213d4657c93adc50b1fdb\",\"name\":\"La Gu\u00eda de Pamplona\",\"image\":{\"@type\":\"ImageObject\",\"inLanguage\":\"es\",\"@id\":\"https:\\\/\\\/secure.gravatar.com\\\/avatar\\\/b6992f131dc8d30ab0dff15446e9d346d9dbd95992de0fef795073f5ea83a81c?s=96&d=mm&r=g\",\"url\":\"https:\\\/\\\/secure.gravatar.com\\\/avatar\\\/b6992f131dc8d30ab0dff15446e9d346d9dbd95992de0fef795073f5ea83a81c?s=96&d=mm&r=g\",\"contentUrl\":\"https:\\\/\\\/secure.gravatar.com\\\/avatar\\\/b6992f131dc8d30ab0dff15446e9d346d9dbd95992de0fef795073f5ea83a81c?s=96&d=mm&r=g\",\"caption\":\"La Gu\u00eda de Pamplona\"}}]}<\/script>\n<!-- \/ Yoast SEO plugin. -->","yoast_head_json":{"title":"El Ayuntamiento modificar\u00e1 la iluminaci\u00f3n del entorno comercial de la calle Amaya para mejorar el alumbrado y hacerlo m\u00e1s eficiente","description":"El Ayuntamiento modificar\u00e1 la iluminaci\u00f3n del entorno comercial de la calle Amaya para mejorar el alumbrado y hacerlo m\u00e1s eficiente","robots":{"index":"index","follow":"follow","max-snippet":"max-snippet:-1","max-image-preview":"max-image-preview:large","max-video-preview":"max-video-preview:-1"},"canonical":"https:\/\/www.laguiadepamplona.com\/actualidad\/el-ayuntamiento-modificara-la-iluminacion-del-entorno-comercial-de-la-calle-amaya-para-mejorar-el-alumbrado-y-hacerlo-mas-eficiente\/","og_locale":"es_ES","og_type":"article","og_title":"El Ayuntamiento modificar\u00e1 la iluminaci\u00f3n del entorno comercial de la calle Amaya para mejorar el alumbrado y hacerlo m\u00e1s eficiente","og_description":"El Ayuntamiento modificar\u00e1 la iluminaci\u00f3n del entorno comercial de la calle Amaya para mejorar el alumbrado y hacerlo m\u00e1s eficiente","og_url":"https:\/\/www.laguiadepamplona.com\/actualidad\/el-ayuntamiento-modificara-la-iluminacion-del-entorno-comercial-de-la-calle-amaya-para-mejorar-el-alumbrado-y-hacerlo-mas-eficiente\/","og_site_name":"La Gu\u00eda de Pamplona","article_publisher":"https:\/\/www.facebook.com\/laguiadepamplonacom-133175176762273\/?ref=hl","article_published_time":"2024-08-09T15:43:59+00:00","og_image":[{"width":1200,"height":675,"url":"https:\/\/www.laguiadepamplona.com\/actualidad\/wp-content\/uploads\/2024\/01\/ayuntamiento-pamplona.webp","type":"image\/webp"}],"author":"La Gu\u00eda de Pamplona","twitter_card":"summary_large_image","twitter_creator":"@LaGuiadPamplona","twitter_site":"@LaGuiadPamplona","twitter_misc":{"Escrito por":"La Gu\u00eda de Pamplona","Tiempo de lectura":"3 minutos"},"schema":{"@context":"https:\/\/schema.org","@graph":[{"@type":"Article","@id":"https:\/\/www.laguiadepamplona.com\/actualidad\/el-ayuntamiento-modificara-la-iluminacion-del-entorno-comercial-de-la-calle-amaya-para-mejorar-el-alumbrado-y-hacerlo-mas-eficiente\/#article","isPartOf":{"@id":"https:\/\/www.laguiadepamplona.com\/actualidad\/el-ayuntamiento-modificara-la-iluminacion-del-entorno-comercial-de-la-calle-amaya-para-mejorar-el-alumbrado-y-hacerlo-mas-eficiente\/"},"author":{"name":"La Gu\u00eda de Pamplona","@id":"https:\/\/www.laguiadepamplona.com\/actualidad\/#\/schema\/person\/efe887376f0213d4657c93adc50b1fdb"},"headline":"El Ayuntamiento modificar\u00e1 la iluminaci\u00f3n del entorno comercial de la calle Amaya para mejorar el alumbrado y hacerlo m\u00e1s eficiente","datePublished":"2024-08-09T15:43:59+00:00","mainEntityOfPage":{"@id":"https:\/\/www.laguiadepamplona.com\/actualidad\/el-ayuntamiento-modificara-la-iluminacion-del-entorno-comercial-de-la-calle-amaya-para-mejorar-el-alumbrado-y-hacerlo-mas-eficiente\/"},"wordCount":632,"commentCount":0,"publisher":{"@id":"https:\/\/www.laguiadepamplona.com\/actualidad\/#organization"},"image":{"@id":"https:\/\/www.laguiadepamplona.com\/actualidad\/el-ayuntamiento-modificara-la-iluminacion-del-entorno-comercial-de-la-calle-amaya-para-mejorar-el-alumbrado-y-hacerlo-mas-eficiente\/#primaryimage"},"thumbnailUrl":"https:\/\/www.laguiadepamplona.com\/actualidad\/wp-content\/uploads\/2024\/01\/ayuntamiento-pamplona.webp","articleSection":["Ayto Pamplona"],"inLanguage":"es","potentialAction":[{"@type":"CommentAction","name":"Comment","target":["https:\/\/www.laguiadepamplona.com\/actualidad\/el-ayuntamiento-modificara-la-iluminacion-del-entorno-comercial-de-la-calle-amaya-para-mejorar-el-alumbrado-y-hacerlo-mas-eficiente\/#respond"]}]},{"@type":"WebPage","@id":"https:\/\/www.laguiadepamplona.com\/actualidad\/el-ayuntamiento-modificara-la-iluminacion-del-entorno-comercial-de-la-calle-amaya-para-mejorar-el-alumbrado-y-hacerlo-mas-eficiente\/","url":"https:\/\/www.laguiadepamplona.com\/actualidad\/el-ayuntamiento-modificara-la-iluminacion-del-entorno-comercial-de-la-calle-amaya-para-mejorar-el-alumbrado-y-hacerlo-mas-eficiente\/","name":"El Ayuntamiento modificar\u00e1 la iluminaci\u00f3n del entorno comercial de la calle Amaya para mejorar el alumbrado y hacerlo m\u00e1s eficiente","isPartOf":{"@id":"https:\/\/www.laguiadepamplona.com\/actualidad\/#website"},"primaryImageOfPage":{"@id":"https:\/\/www.laguiadepamplona.com\/actualidad\/el-ayuntamiento-modificara-la-iluminacion-del-entorno-comercial-de-la-calle-amaya-para-mejorar-el-alumbrado-y-hacerlo-mas-eficiente\/#primaryimage"},"image":{"@id":"https:\/\/www.laguiadepamplona.com\/actualidad\/el-ayuntamiento-modificara-la-iluminacion-del-entorno-comercial-de-la-calle-amaya-para-mejorar-el-alumbrado-y-hacerlo-mas-eficiente\/#primaryimage"},"thumbnailUrl":"https:\/\/www.laguiadepamplona.com\/actualidad\/wp-content\/uploads\/2024\/01\/ayuntamiento-pamplona.webp","datePublished":"2024-08-09T15:43:59+00:00","description":"El Ayuntamiento modificar\u00e1 la iluminaci\u00f3n del entorno comercial de la calle Amaya para mejorar el alumbrado y hacerlo m\u00e1s eficiente","breadcrumb":{"@id":"https:\/\/www.laguiadepamplona.com\/actualidad\/el-ayuntamiento-modificara-la-iluminacion-del-entorno-comercial-de-la-calle-amaya-para-mejorar-el-alumbrado-y-hacerlo-mas-eficiente\/#breadcrumb"},"inLanguage":"es","potentialAction":[{"@type":"ReadAction","target":["https:\/\/www.laguiadepamplona.com\/actualidad\/el-ayuntamiento-modificara-la-iluminacion-del-entorno-comercial-de-la-calle-amaya-para-mejorar-el-alumbrado-y-hacerlo-mas-eficiente\/"]}]},{"@type":"ImageObject","inLanguage":"es","@id":"https:\/\/www.laguiadepamplona.com\/actualidad\/el-ayuntamiento-modificara-la-iluminacion-del-entorno-comercial-de-la-calle-amaya-para-mejorar-el-alumbrado-y-hacerlo-mas-eficiente\/#primaryimage","url":"https:\/\/www.laguiadepamplona.com\/actualidad\/wp-content\/uploads\/2024\/01\/ayuntamiento-pamplona.webp","contentUrl":"https:\/\/www.laguiadepamplona.com\/actualidad\/wp-content\/uploads\/2024\/01\/ayuntamiento-pamplona.webp","width":1200,"height":675,"caption":"ayuntamiento pamplona"},{"@type":"BreadcrumbList","@id":"https:\/\/www.laguiadepamplona.com\/actualidad\/el-ayuntamiento-modificara-la-iluminacion-del-entorno-comercial-de-la-calle-amaya-para-mejorar-el-alumbrado-y-hacerlo-mas-eficiente\/#breadcrumb","itemListElement":[{"@type":"ListItem","position":1,"name":"Portada","item":"https:\/\/www.laguiadepamplona.com\/actualidad\/"},{"@type":"ListItem","position":2,"name":"El Ayuntamiento modificar\u00e1 la iluminaci\u00f3n del entorno comercial de la calle Amaya para mejorar el alumbrado y hacerlo m\u00e1s eficiente"}]},{"@type":"WebSite","@id":"https:\/\/www.laguiadepamplona.com\/actualidad\/#website","url":"https:\/\/www.laguiadepamplona.com\/actualidad\/","name":"La gu\u00eda de Pamplona","description":"Noticias de Pamplona","publisher":{"@id":"https:\/\/www.laguiadepamplona.com\/actualidad\/#organization"},"potentialAction":[{"@type":"SearchAction","target":{"@type":"EntryPoint","urlTemplate":"https:\/\/www.laguiadepamplona.com\/actualidad\/?s={search_term_string}"},"query-input":{"@type":"PropertyValueSpecification","valueRequired":true,"valueName":"search_term_string"}}],"inLanguage":"es"},{"@type":"Organization","@id":"https:\/\/www.laguiadepamplona.com\/actualidad\/#organization","name":"La Gu\u00eda de Pamplona \/ Noticias","url":"https:\/\/www.laguiadepamplona.com\/actualidad\/","logo":{"@type":"ImageObject","inLanguage":"es","@id":"https:\/\/www.laguiadepamplona.com\/actualidad\/#\/schema\/logo\/image\/","url":"https:\/\/www.laguiadepamplona.com\/actualidad\/wp-content\/uploads\/2018\/11\/logo-laguiadepamplona18-web1.png","contentUrl":"https:\/\/www.laguiadepamplona.com\/actualidad\/wp-content\/uploads\/2018\/11\/logo-laguiadepamplona18-web1.png","width":600,"height":196,"caption":"La Gu\u00eda de Pamplona \/ Noticias"},"image":{"@id":"https:\/\/www.laguiadepamplona.com\/actualidad\/#\/schema\/logo\/image\/"},"sameAs":["https:\/\/www.facebook.com\/laguiadepamplonacom-133175176762273\/?ref=hl","https:\/\/x.com\/LaGuiadPamplona","https:\/\/www.instagram.com\/la_guia_de_pamplona\/","https:\/\/www.youtube.com\/user\/laguiadepamplona"]},{"@type":"Person","@id":"https:\/\/www.laguiadepamplona.com\/actualidad\/#\/schema\/person\/efe887376f0213d4657c93adc50b1fdb","name":"La Gu\u00eda de Pamplona","image":{"@type":"ImageObject","inLanguage":"es","@id":"https:\/\/secure.gravatar.com\/avatar\/b6992f131dc8d30ab0dff15446e9d346d9dbd95992de0fef795073f5ea83a81c?s=96&d=mm&r=g","url":"https:\/\/secure.gravatar.com\/avatar\/b6992f131dc8d30ab0dff15446e9d346d9dbd95992de0fef795073f5ea83a81c?s=96&d=mm&r=g","contentUrl":"https:\/\/secure.gravatar.com\/avatar\/b6992f131dc8d30ab0dff15446e9d346d9dbd95992de0fef795073f5ea83a81c?s=96&d=mm&r=g","caption":"La Gu\u00eda de Pamplona"}}]}},"post_mailing_queue_ids":[],"_links":{"self":[{"href":"https:\/\/www.laguiadepamplona.com\/actualidad\/wp-json\/wp\/v2\/posts\/50482","targetHints":{"allow":["GET"]}}],"collection":[{"href":"https:\/\/www.laguiadepamplona.com\/actualidad\/wp-json\/wp\/v2\/posts"}],"about":[{"href":"https:\/\/www.laguiadepamplona.com\/actualidad\/wp-json\/wp\/v2\/types\/post"}],"author":[{"embeddable":true,"href":"https:\/\/www.laguiadepamplona.com\/actualidad\/wp-json\/wp\/v2\/users\/1"}],"replies":[{"embeddable":true,"href":"https:\/\/www.laguiadepamplona.com\/actualidad\/wp-json\/wp\/v2\/comments?post=50482"}],"version-history":[{"count":1,"href":"https:\/\/www.laguiadepamplona.com\/actualidad\/wp-json\/wp\/v2\/posts\/50482\/revisions"}],"predecessor-version":[{"id":50483,"href":"https:\/\/www.laguiadepamplona.com\/actualidad\/wp-json\/wp\/v2\/posts\/50482\/revisions\/50483"}],"wp:featuredmedia":[{"embeddable":true,"href":"https:\/\/www.laguiadepamplona.com\/actualidad\/wp-json\/wp\/v2\/media\/48503"}],"wp:attachment":[{"href":"https:\/\/www.laguiadepamplona.com\/actualidad\/wp-json\/wp\/v2\/media?parent=50482"}],"wp:term":[{"taxonomy":"category","embeddable":true,"href":"https:\/\/www.laguiadepamplona.com\/actualidad\/wp-json\/wp\/v2\/categories?post=50482"},{"taxonomy":"post_tag","embeddable":true,"href":"https:\/\/www.laguiadepamplona.com\/actualidad\/wp-json\/wp\/v2\/tags?post=50482"}],"curies":[{"name":"wp","href":"https:\/\/api.w.org\/{rel}","templated":true}]}}