{"id":50479,"date":"2024-08-09T17:42:46","date_gmt":"2024-08-09T15:42:46","guid":{"rendered":"https:\/\/www.laguiadepamplona.com\/actualidad\/?p=50479"},"modified":"2024-08-09T17:42:46","modified_gmt":"2024-08-09T15:42:46","slug":"el-ayuntamiento-de-pamplona-recibe-a-una-delegacion-de-menores-saharauis-procedentes-de-tindouf-gracias-al-programa-vacaciones-en-paz","status":"publish","type":"post","link":"https:\/\/www.laguiadepamplona.com\/actualidad\/el-ayuntamiento-de-pamplona-recibe-a-una-delegacion-de-menores-saharauis-procedentes-de-tindouf-gracias-al-programa-vacaciones-en-paz\/","title":{"rendered":"El Ayuntamiento de Pamplona recibe a una delegaci\u00f3n de menores saharauis procedentes de Tindouf gracias al programa \u2018Vacaciones en paz\u2019"},"content":{"rendered":"<h2>La Corporaci\u00f3n escucha a los menores y a la Asociaci\u00f3n Navarra Amigos del Sahara que refieren c\u00f3mo el conflicto armado sigue deteriorando la situaci\u00f3n<\/h2>\n<p><!--more--><\/p>\n<p>La Corporaci\u00f3n del Ayuntamiento de Pamplona, en un acto presidido por su alcalde Joseba Asiron Saez ha recibido hoy a 22 ni\u00f1os y ni\u00f1as de 6 a 13 a\u00f1os, as\u00ed como a algunas familias navarras de acogida. Son menores que vienen a pasar el verano en Pamplona y en otras localidades de la Comunidad foral con el programa \u2018Vacaciones en paz\u2019, de la Asociaci\u00f3n Navarra Amigos del Sahara. Con este encuentro, que ya tiene una larga tradici\u00f3n en el Consistorio, Ayuntamiento quiere mostrar su compromiso y su solidaridad con el pueblo saharaui, desplazado a campamentos de refugiados como Tindouf, en Argelia, y en especial con la poblaci\u00f3n infantil. Los chavales llegaron el 3 de julio y se marchar\u00e1n el 3 de septiembre. En total, con este programa, este verano est\u00e1n en Navarra 93 menores.<\/p>\n<p>La Asociaci\u00f3n Navarra Amigos del Sahara lleva, desde 1997, organizando acogimientos familiares u otros recursos para traer a ni\u00f1os y ni\u00f1as de entre 6 y 12 a\u00f1os a la Comunidad foral durante los meses de verano. En principio se trata de ofrecerles una v\u00eda de escape temporal frente a las altas temperaturas que se sufren en esa zona des\u00e9rtica en esta \u00e9poca del a\u00f1o y que muchas veces exceden los 55 grados y, de paso, romper la rutina diaria del campamento de refugiados ofreci\u00e9ndoles unos d\u00edas de ocio muy distinto, con actividades y planes como acudir a la piscina, a la playa, conocer la ciudad, etc.<\/p>\n<p>Pero, por debajo, hay objetivos paralelos: cuidar algo su salud mediante revisiones m\u00e9dicas e incluso obtener acceso a operaciones quir\u00fargicas y tratamientos que all\u00ed no son accesibles, y mejorar algo su pauta de alimentaci\u00f3n. Unos objetivos ahora acuciantes ya que, desde que en 2020 se diera por acabado el alto el fuego entre el Polisario y Marruecos, Tindouf est\u00e1 en situaci\u00f3n b\u00e9lica. El Programa Mundial de Alimentos ha reducido un 30% la cesta b\u00e1sica que distribuye a la poblaci\u00f3n en los campamentos; seg\u00fan la asociaci\u00f3n, los menores en Sahara hacen una comida cada dos o tres d\u00edas y carecen de medicamentos.<\/p>\n<p>La recepci\u00f3n ofrecida por el Ayuntamiento ha contado con la presencia del delegado y subdelegado saharaui en Navarra Hamdi Aomar Ahmed y Mohamed Abdalahi Ragani, respectivamente; del presidente de la Asociaci\u00f3n Navarra Amigos del Sahara, Jos\u00e9 Ochoa Segura; y de la responsable del programa \u2018Vacaciones en Paz\u2019 de la asociaci\u00f3n, Carol Garc\u00eda Pellejeros. La asociaci\u00f3n, adem\u00e1s de este programa \u201cde respiro\u201d, trabaja durante el a\u00f1o en la sensibilizaci\u00f3n de la comunidad navarra en torno a la situaci\u00f3n de la poblaci\u00f3n saharaui. En el acto de hoy, a los menores se les ha entregado una mochila con cartulinas blancas con im\u00e1genes de gigantes y kilikis para colorear, pinturas, taza con el cartel de San Ferm\u00edn 202 y un yo-yo con el logo del Ayuntamiento. Los asistentes han podido visitar, adem\u00e1s, las dependencias municipales.<\/p>\n","protected":false},"excerpt":{"rendered":"<p>La Corporaci\u00f3n escucha a los menores y a la Asociaci\u00f3n Navarra Amigos del Sahara que refieren c\u00f3mo el conflicto armado sigue deteriorando la situaci\u00f3n<\/p>\n","protected":false},"author":1,"featured_media":50480,"comment_status":"open","ping_status":"closed","sticky":false,"template":"","format":"standard","meta":{"footnotes":""},"categories":[2],"tags":[],"class_list":["post-50479","post","type-post","status-publish","format-standard","has-post-thumbnail","hentry","category-ayuntamiento-pamplona"],"yoast_head":"<!-- This site is optimized with the Yoast SEO plugin v27.3 - https:\/\/yoast.com\/product\/yoast-seo-wordpress\/ -->\n<title>El Ayuntamiento de Pamplona recibe a una delegaci\u00f3n de menores saharauis procedentes de Tindouf gracias al programa \u2018Vacaciones en paz\u2019<\/title>\n<meta name=\"description\" content=\"La Corporaci\u00f3n escucha a los menores y a la Asociaci\u00f3n Navarra Amigos del Sahara que refieren c\u00f3mo el conflicto armado sigue deteriorando la situaci\u00f3n\" \/>\n<meta name=\"robots\" content=\"index, follow, max-snippet:-1, max-image-preview:large, max-video-preview:-1\" \/>\n<link rel=\"canonical\" href=\"https:\/\/www.laguiadepamplona.com\/actualidad\/el-ayuntamiento-de-pamplona-recibe-a-una-delegacion-de-menores-saharauis-procedentes-de-tindouf-gracias-al-programa-vacaciones-en-paz\/\" \/>\n<meta property=\"og:locale\" content=\"es_ES\" \/>\n<meta property=\"og:type\" content=\"article\" \/>\n<meta property=\"og:title\" content=\"El Ayuntamiento de Pamplona recibe a una delegaci\u00f3n de menores saharauis procedentes de Tindouf gracias al programa \u2018Vacaciones en paz\u2019\" \/>\n<meta property=\"og:description\" content=\"La Corporaci\u00f3n escucha a los menores y a la Asociaci\u00f3n Navarra Amigos del Sahara que refieren c\u00f3mo el conflicto armado sigue deteriorando la situaci\u00f3n\" \/>\n<meta property=\"og:url\" content=\"https:\/\/www.laguiadepamplona.com\/actualidad\/el-ayuntamiento-de-pamplona-recibe-a-una-delegacion-de-menores-saharauis-procedentes-de-tindouf-gracias-al-programa-vacaciones-en-paz\/\" \/>\n<meta property=\"og:site_name\" content=\"La Gu\u00eda de Pamplona\" \/>\n<meta property=\"article:publisher\" content=\"https:\/\/www.facebook.com\/laguiadepamplonacom-133175176762273\/?ref=hl\" \/>\n<meta property=\"article:published_time\" content=\"2024-08-09T15:42:46+00:00\" \/>\n<meta property=\"og:image\" content=\"https:\/\/www.laguiadepamplona.com\/actualidad\/wp-content\/uploads\/2024\/08\/24_08_09-recep-saharauis_Q5A9808.webp\" \/>\n\t<meta property=\"og:image:width\" content=\"1000\" \/>\n\t<meta property=\"og:image:height\" content=\"667\" \/>\n\t<meta property=\"og:image:type\" content=\"image\/webp\" \/>\n<meta name=\"author\" content=\"La Gu\u00eda de Pamplona\" \/>\n<meta name=\"twitter:card\" content=\"summary_large_image\" \/>\n<meta name=\"twitter:creator\" content=\"@LaGuiadPamplona\" \/>\n<meta name=\"twitter:site\" content=\"@LaGuiadPamplona\" \/>\n<meta name=\"twitter:label1\" content=\"Escrito por\" \/>\n\t<meta name=\"twitter:data1\" content=\"La Gu\u00eda de Pamplona\" \/>\n\t<meta name=\"twitter:label2\" content=\"Tiempo de lectura\" \/>\n\t<meta name=\"twitter:data2\" content=\"3 minutos\" \/>\n<script type=\"application\/ld+json\" class=\"yoast-schema-graph\">{\"@context\":\"https:\\\/\\\/schema.org\",\"@graph\":[{\"@type\":\"Article\",\"@id\":\"https:\\\/\\\/www.laguiadepamplona.com\\\/actualidad\\\/el-ayuntamiento-de-pamplona-recibe-a-una-delegacion-de-menores-saharauis-procedentes-de-tindouf-gracias-al-programa-vacaciones-en-paz\\\/#article\",\"isPartOf\":{\"@id\":\"https:\\\/\\\/www.laguiadepamplona.com\\\/actualidad\\\/el-ayuntamiento-de-pamplona-recibe-a-una-delegacion-de-menores-saharauis-procedentes-de-tindouf-gracias-al-programa-vacaciones-en-paz\\\/\"},\"author\":{\"name\":\"La Gu\u00eda de Pamplona\",\"@id\":\"https:\\\/\\\/www.laguiadepamplona.com\\\/actualidad\\\/#\\\/schema\\\/person\\\/efe887376f0213d4657c93adc50b1fdb\"},\"headline\":\"El Ayuntamiento de Pamplona recibe a una delegaci\u00f3n de menores saharauis procedentes de Tindouf gracias al programa \u2018Vacaciones en paz\u2019\",\"datePublished\":\"2024-08-09T15:42:46+00:00\",\"mainEntityOfPage\":{\"@id\":\"https:\\\/\\\/www.laguiadepamplona.com\\\/actualidad\\\/el-ayuntamiento-de-pamplona-recibe-a-una-delegacion-de-menores-saharauis-procedentes-de-tindouf-gracias-al-programa-vacaciones-en-paz\\\/\"},\"wordCount\":550,\"commentCount\":0,\"publisher\":{\"@id\":\"https:\\\/\\\/www.laguiadepamplona.com\\\/actualidad\\\/#organization\"},\"image\":{\"@id\":\"https:\\\/\\\/www.laguiadepamplona.com\\\/actualidad\\\/el-ayuntamiento-de-pamplona-recibe-a-una-delegacion-de-menores-saharauis-procedentes-de-tindouf-gracias-al-programa-vacaciones-en-paz\\\/#primaryimage\"},\"thumbnailUrl\":\"https:\\\/\\\/www.laguiadepamplona.com\\\/actualidad\\\/wp-content\\\/uploads\\\/2024\\\/08\\\/24_08_09-recep-saharauis_Q5A9808.webp\",\"articleSection\":[\"Ayto Pamplona\"],\"inLanguage\":\"es\",\"potentialAction\":[{\"@type\":\"CommentAction\",\"name\":\"Comment\",\"target\":[\"https:\\\/\\\/www.laguiadepamplona.com\\\/actualidad\\\/el-ayuntamiento-de-pamplona-recibe-a-una-delegacion-de-menores-saharauis-procedentes-de-tindouf-gracias-al-programa-vacaciones-en-paz\\\/#respond\"]}]},{\"@type\":\"WebPage\",\"@id\":\"https:\\\/\\\/www.laguiadepamplona.com\\\/actualidad\\\/el-ayuntamiento-de-pamplona-recibe-a-una-delegacion-de-menores-saharauis-procedentes-de-tindouf-gracias-al-programa-vacaciones-en-paz\\\/\",\"url\":\"https:\\\/\\\/www.laguiadepamplona.com\\\/actualidad\\\/el-ayuntamiento-de-pamplona-recibe-a-una-delegacion-de-menores-saharauis-procedentes-de-tindouf-gracias-al-programa-vacaciones-en-paz\\\/\",\"name\":\"El Ayuntamiento de Pamplona recibe a una delegaci\u00f3n de menores saharauis procedentes de Tindouf gracias al programa \u2018Vacaciones en paz\u2019\",\"isPartOf\":{\"@id\":\"https:\\\/\\\/www.laguiadepamplona.com\\\/actualidad\\\/#website\"},\"primaryImageOfPage\":{\"@id\":\"https:\\\/\\\/www.laguiadepamplona.com\\\/actualidad\\\/el-ayuntamiento-de-pamplona-recibe-a-una-delegacion-de-menores-saharauis-procedentes-de-tindouf-gracias-al-programa-vacaciones-en-paz\\\/#primaryimage\"},\"image\":{\"@id\":\"https:\\\/\\\/www.laguiadepamplona.com\\\/actualidad\\\/el-ayuntamiento-de-pamplona-recibe-a-una-delegacion-de-menores-saharauis-procedentes-de-tindouf-gracias-al-programa-vacaciones-en-paz\\\/#primaryimage\"},\"thumbnailUrl\":\"https:\\\/\\\/www.laguiadepamplona.com\\\/actualidad\\\/wp-content\\\/uploads\\\/2024\\\/08\\\/24_08_09-recep-saharauis_Q5A9808.webp\",\"datePublished\":\"2024-08-09T15:42:46+00:00\",\"description\":\"La Corporaci\u00f3n escucha a los menores y a la Asociaci\u00f3n Navarra Amigos del Sahara que refieren c\u00f3mo el conflicto armado sigue deteriorando la situaci\u00f3n\",\"breadcrumb\":{\"@id\":\"https:\\\/\\\/www.laguiadepamplona.com\\\/actualidad\\\/el-ayuntamiento-de-pamplona-recibe-a-una-delegacion-de-menores-saharauis-procedentes-de-tindouf-gracias-al-programa-vacaciones-en-paz\\\/#breadcrumb\"},\"inLanguage\":\"es\",\"potentialAction\":[{\"@type\":\"ReadAction\",\"target\":[\"https:\\\/\\\/www.laguiadepamplona.com\\\/actualidad\\\/el-ayuntamiento-de-pamplona-recibe-a-una-delegacion-de-menores-saharauis-procedentes-de-tindouf-gracias-al-programa-vacaciones-en-paz\\\/\"]}]},{\"@type\":\"ImageObject\",\"inLanguage\":\"es\",\"@id\":\"https:\\\/\\\/www.laguiadepamplona.com\\\/actualidad\\\/el-ayuntamiento-de-pamplona-recibe-a-una-delegacion-de-menores-saharauis-procedentes-de-tindouf-gracias-al-programa-vacaciones-en-paz\\\/#primaryimage\",\"url\":\"https:\\\/\\\/www.laguiadepamplona.com\\\/actualidad\\\/wp-content\\\/uploads\\\/2024\\\/08\\\/24_08_09-recep-saharauis_Q5A9808.webp\",\"contentUrl\":\"https:\\\/\\\/www.laguiadepamplona.com\\\/actualidad\\\/wp-content\\\/uploads\\\/2024\\\/08\\\/24_08_09-recep-saharauis_Q5A9808.webp\",\"width\":1000,\"height\":667,\"caption\":\"recepci\u00f3n saharauis\"},{\"@type\":\"BreadcrumbList\",\"@id\":\"https:\\\/\\\/www.laguiadepamplona.com\\\/actualidad\\\/el-ayuntamiento-de-pamplona-recibe-a-una-delegacion-de-menores-saharauis-procedentes-de-tindouf-gracias-al-programa-vacaciones-en-paz\\\/#breadcrumb\",\"itemListElement\":[{\"@type\":\"ListItem\",\"position\":1,\"name\":\"Portada\",\"item\":\"https:\\\/\\\/www.laguiadepamplona.com\\\/actualidad\\\/\"},{\"@type\":\"ListItem\",\"position\":2,\"name\":\"El Ayuntamiento de Pamplona recibe a una delegaci\u00f3n de menores saharauis procedentes de Tindouf gracias al programa \u2018Vacaciones en paz\u2019\"}]},{\"@type\":\"WebSite\",\"@id\":\"https:\\\/\\\/www.laguiadepamplona.com\\\/actualidad\\\/#website\",\"url\":\"https:\\\/\\\/www.laguiadepamplona.com\\\/actualidad\\\/\",\"name\":\"La gu\u00eda de Pamplona\",\"description\":\"Noticias de Pamplona\",\"publisher\":{\"@id\":\"https:\\\/\\\/www.laguiadepamplona.com\\\/actualidad\\\/#organization\"},\"potentialAction\":[{\"@type\":\"SearchAction\",\"target\":{\"@type\":\"EntryPoint\",\"urlTemplate\":\"https:\\\/\\\/www.laguiadepamplona.com\\\/actualidad\\\/?s={search_term_string}\"},\"query-input\":{\"@type\":\"PropertyValueSpecification\",\"valueRequired\":true,\"valueName\":\"search_term_string\"}}],\"inLanguage\":\"es\"},{\"@type\":\"Organization\",\"@id\":\"https:\\\/\\\/www.laguiadepamplona.com\\\/actualidad\\\/#organization\",\"name\":\"La Gu\u00eda de Pamplona \\\/ Noticias\",\"url\":\"https:\\\/\\\/www.laguiadepamplona.com\\\/actualidad\\\/\",\"logo\":{\"@type\":\"ImageObject\",\"inLanguage\":\"es\",\"@id\":\"https:\\\/\\\/www.laguiadepamplona.com\\\/actualidad\\\/#\\\/schema\\\/logo\\\/image\\\/\",\"url\":\"https:\\\/\\\/www.laguiadepamplona.com\\\/actualidad\\\/wp-content\\\/uploads\\\/2018\\\/11\\\/logo-laguiadepamplona18-web1.png\",\"contentUrl\":\"https:\\\/\\\/www.laguiadepamplona.com\\\/actualidad\\\/wp-content\\\/uploads\\\/2018\\\/11\\\/logo-laguiadepamplona18-web1.png\",\"width\":600,\"height\":196,\"caption\":\"La Gu\u00eda de Pamplona \\\/ Noticias\"},\"image\":{\"@id\":\"https:\\\/\\\/www.laguiadepamplona.com\\\/actualidad\\\/#\\\/schema\\\/logo\\\/image\\\/\"},\"sameAs\":[\"https:\\\/\\\/www.facebook.com\\\/laguiadepamplonacom-133175176762273\\\/?ref=hl\",\"https:\\\/\\\/x.com\\\/LaGuiadPamplona\",\"https:\\\/\\\/www.instagram.com\\\/la_guia_de_pamplona\\\/\",\"https:\\\/\\\/www.youtube.com\\\/user\\\/laguiadepamplona\"]},{\"@type\":\"Person\",\"@id\":\"https:\\\/\\\/www.laguiadepamplona.com\\\/actualidad\\\/#\\\/schema\\\/person\\\/efe887376f0213d4657c93adc50b1fdb\",\"name\":\"La Gu\u00eda de Pamplona\",\"image\":{\"@type\":\"ImageObject\",\"inLanguage\":\"es\",\"@id\":\"https:\\\/\\\/secure.gravatar.com\\\/avatar\\\/b6992f131dc8d30ab0dff15446e9d346d9dbd95992de0fef795073f5ea83a81c?s=96&d=mm&r=g\",\"url\":\"https:\\\/\\\/secure.gravatar.com\\\/avatar\\\/b6992f131dc8d30ab0dff15446e9d346d9dbd95992de0fef795073f5ea83a81c?s=96&d=mm&r=g\",\"contentUrl\":\"https:\\\/\\\/secure.gravatar.com\\\/avatar\\\/b6992f131dc8d30ab0dff15446e9d346d9dbd95992de0fef795073f5ea83a81c?s=96&d=mm&r=g\",\"caption\":\"La Gu\u00eda de Pamplona\"}}]}<\/script>\n<!-- \/ Yoast SEO plugin. -->","yoast_head_json":{"title":"El Ayuntamiento de Pamplona recibe a una delegaci\u00f3n de menores saharauis procedentes de Tindouf gracias al programa \u2018Vacaciones en paz\u2019","description":"La Corporaci\u00f3n escucha a los menores y a la Asociaci\u00f3n Navarra Amigos del Sahara que refieren c\u00f3mo el conflicto armado sigue deteriorando la situaci\u00f3n","robots":{"index":"index","follow":"follow","max-snippet":"max-snippet:-1","max-image-preview":"max-image-preview:large","max-video-preview":"max-video-preview:-1"},"canonical":"https:\/\/www.laguiadepamplona.com\/actualidad\/el-ayuntamiento-de-pamplona-recibe-a-una-delegacion-de-menores-saharauis-procedentes-de-tindouf-gracias-al-programa-vacaciones-en-paz\/","og_locale":"es_ES","og_type":"article","og_title":"El Ayuntamiento de Pamplona recibe a una delegaci\u00f3n de menores saharauis procedentes de Tindouf gracias al programa \u2018Vacaciones en paz\u2019","og_description":"La Corporaci\u00f3n escucha a los menores y a la Asociaci\u00f3n Navarra Amigos del Sahara que refieren c\u00f3mo el conflicto armado sigue deteriorando la situaci\u00f3n","og_url":"https:\/\/www.laguiadepamplona.com\/actualidad\/el-ayuntamiento-de-pamplona-recibe-a-una-delegacion-de-menores-saharauis-procedentes-de-tindouf-gracias-al-programa-vacaciones-en-paz\/","og_site_name":"La Gu\u00eda de Pamplona","article_publisher":"https:\/\/www.facebook.com\/laguiadepamplonacom-133175176762273\/?ref=hl","article_published_time":"2024-08-09T15:42:46+00:00","og_image":[{"width":1000,"height":667,"url":"https:\/\/www.laguiadepamplona.com\/actualidad\/wp-content\/uploads\/2024\/08\/24_08_09-recep-saharauis_Q5A9808.webp","type":"image\/webp"}],"author":"La Gu\u00eda de Pamplona","twitter_card":"summary_large_image","twitter_creator":"@LaGuiadPamplona","twitter_site":"@LaGuiadPamplona","twitter_misc":{"Escrito por":"La Gu\u00eda de Pamplona","Tiempo de lectura":"3 minutos"},"schema":{"@context":"https:\/\/schema.org","@graph":[{"@type":"Article","@id":"https:\/\/www.laguiadepamplona.com\/actualidad\/el-ayuntamiento-de-pamplona-recibe-a-una-delegacion-de-menores-saharauis-procedentes-de-tindouf-gracias-al-programa-vacaciones-en-paz\/#article","isPartOf":{"@id":"https:\/\/www.laguiadepamplona.com\/actualidad\/el-ayuntamiento-de-pamplona-recibe-a-una-delegacion-de-menores-saharauis-procedentes-de-tindouf-gracias-al-programa-vacaciones-en-paz\/"},"author":{"name":"La Gu\u00eda de Pamplona","@id":"https:\/\/www.laguiadepamplona.com\/actualidad\/#\/schema\/person\/efe887376f0213d4657c93adc50b1fdb"},"headline":"El Ayuntamiento de Pamplona recibe a una delegaci\u00f3n de menores saharauis procedentes de Tindouf gracias al programa \u2018Vacaciones en paz\u2019","datePublished":"2024-08-09T15:42:46+00:00","mainEntityOfPage":{"@id":"https:\/\/www.laguiadepamplona.com\/actualidad\/el-ayuntamiento-de-pamplona-recibe-a-una-delegacion-de-menores-saharauis-procedentes-de-tindouf-gracias-al-programa-vacaciones-en-paz\/"},"wordCount":550,"commentCount":0,"publisher":{"@id":"https:\/\/www.laguiadepamplona.com\/actualidad\/#organization"},"image":{"@id":"https:\/\/www.laguiadepamplona.com\/actualidad\/el-ayuntamiento-de-pamplona-recibe-a-una-delegacion-de-menores-saharauis-procedentes-de-tindouf-gracias-al-programa-vacaciones-en-paz\/#primaryimage"},"thumbnailUrl":"https:\/\/www.laguiadepamplona.com\/actualidad\/wp-content\/uploads\/2024\/08\/24_08_09-recep-saharauis_Q5A9808.webp","articleSection":["Ayto Pamplona"],"inLanguage":"es","potentialAction":[{"@type":"CommentAction","name":"Comment","target":["https:\/\/www.laguiadepamplona.com\/actualidad\/el-ayuntamiento-de-pamplona-recibe-a-una-delegacion-de-menores-saharauis-procedentes-de-tindouf-gracias-al-programa-vacaciones-en-paz\/#respond"]}]},{"@type":"WebPage","@id":"https:\/\/www.laguiadepamplona.com\/actualidad\/el-ayuntamiento-de-pamplona-recibe-a-una-delegacion-de-menores-saharauis-procedentes-de-tindouf-gracias-al-programa-vacaciones-en-paz\/","url":"https:\/\/www.laguiadepamplona.com\/actualidad\/el-ayuntamiento-de-pamplona-recibe-a-una-delegacion-de-menores-saharauis-procedentes-de-tindouf-gracias-al-programa-vacaciones-en-paz\/","name":"El Ayuntamiento de Pamplona recibe a una delegaci\u00f3n de menores saharauis procedentes de Tindouf gracias al programa \u2018Vacaciones en paz\u2019","isPartOf":{"@id":"https:\/\/www.laguiadepamplona.com\/actualidad\/#website"},"primaryImageOfPage":{"@id":"https:\/\/www.laguiadepamplona.com\/actualidad\/el-ayuntamiento-de-pamplona-recibe-a-una-delegacion-de-menores-saharauis-procedentes-de-tindouf-gracias-al-programa-vacaciones-en-paz\/#primaryimage"},"image":{"@id":"https:\/\/www.laguiadepamplona.com\/actualidad\/el-ayuntamiento-de-pamplona-recibe-a-una-delegacion-de-menores-saharauis-procedentes-de-tindouf-gracias-al-programa-vacaciones-en-paz\/#primaryimage"},"thumbnailUrl":"https:\/\/www.laguiadepamplona.com\/actualidad\/wp-content\/uploads\/2024\/08\/24_08_09-recep-saharauis_Q5A9808.webp","datePublished":"2024-08-09T15:42:46+00:00","description":"La Corporaci\u00f3n escucha a los menores y a la Asociaci\u00f3n Navarra Amigos del Sahara que refieren c\u00f3mo el conflicto armado sigue deteriorando la situaci\u00f3n","breadcrumb":{"@id":"https:\/\/www.laguiadepamplona.com\/actualidad\/el-ayuntamiento-de-pamplona-recibe-a-una-delegacion-de-menores-saharauis-procedentes-de-tindouf-gracias-al-programa-vacaciones-en-paz\/#breadcrumb"},"inLanguage":"es","potentialAction":[{"@type":"ReadAction","target":["https:\/\/www.laguiadepamplona.com\/actualidad\/el-ayuntamiento-de-pamplona-recibe-a-una-delegacion-de-menores-saharauis-procedentes-de-tindouf-gracias-al-programa-vacaciones-en-paz\/"]}]},{"@type":"ImageObject","inLanguage":"es","@id":"https:\/\/www.laguiadepamplona.com\/actualidad\/el-ayuntamiento-de-pamplona-recibe-a-una-delegacion-de-menores-saharauis-procedentes-de-tindouf-gracias-al-programa-vacaciones-en-paz\/#primaryimage","url":"https:\/\/www.laguiadepamplona.com\/actualidad\/wp-content\/uploads\/2024\/08\/24_08_09-recep-saharauis_Q5A9808.webp","contentUrl":"https:\/\/www.laguiadepamplona.com\/actualidad\/wp-content\/uploads\/2024\/08\/24_08_09-recep-saharauis_Q5A9808.webp","width":1000,"height":667,"caption":"recepci\u00f3n saharauis"},{"@type":"BreadcrumbList","@id":"https:\/\/www.laguiadepamplona.com\/actualidad\/el-ayuntamiento-de-pamplona-recibe-a-una-delegacion-de-menores-saharauis-procedentes-de-tindouf-gracias-al-programa-vacaciones-en-paz\/#breadcrumb","itemListElement":[{"@type":"ListItem","position":1,"name":"Portada","item":"https:\/\/www.laguiadepamplona.com\/actualidad\/"},{"@type":"ListItem","position":2,"name":"El Ayuntamiento de Pamplona recibe a una delegaci\u00f3n de menores saharauis procedentes de Tindouf gracias al programa \u2018Vacaciones en paz\u2019"}]},{"@type":"WebSite","@id":"https:\/\/www.laguiadepamplona.com\/actualidad\/#website","url":"https:\/\/www.laguiadepamplona.com\/actualidad\/","name":"La gu\u00eda de Pamplona","description":"Noticias de Pamplona","publisher":{"@id":"https:\/\/www.laguiadepamplona.com\/actualidad\/#organization"},"potentialAction":[{"@type":"SearchAction","target":{"@type":"EntryPoint","urlTemplate":"https:\/\/www.laguiadepamplona.com\/actualidad\/?s={search_term_string}"},"query-input":{"@type":"PropertyValueSpecification","valueRequired":true,"valueName":"search_term_string"}}],"inLanguage":"es"},{"@type":"Organization","@id":"https:\/\/www.laguiadepamplona.com\/actualidad\/#organization","name":"La Gu\u00eda de Pamplona \/ Noticias","url":"https:\/\/www.laguiadepamplona.com\/actualidad\/","logo":{"@type":"ImageObject","inLanguage":"es","@id":"https:\/\/www.laguiadepamplona.com\/actualidad\/#\/schema\/logo\/image\/","url":"https:\/\/www.laguiadepamplona.com\/actualidad\/wp-content\/uploads\/2018\/11\/logo-laguiadepamplona18-web1.png","contentUrl":"https:\/\/www.laguiadepamplona.com\/actualidad\/wp-content\/uploads\/2018\/11\/logo-laguiadepamplona18-web1.png","width":600,"height":196,"caption":"La Gu\u00eda de Pamplona \/ Noticias"},"image":{"@id":"https:\/\/www.laguiadepamplona.com\/actualidad\/#\/schema\/logo\/image\/"},"sameAs":["https:\/\/www.facebook.com\/laguiadepamplonacom-133175176762273\/?ref=hl","https:\/\/x.com\/LaGuiadPamplona","https:\/\/www.instagram.com\/la_guia_de_pamplona\/","https:\/\/www.youtube.com\/user\/laguiadepamplona"]},{"@type":"Person","@id":"https:\/\/www.laguiadepamplona.com\/actualidad\/#\/schema\/person\/efe887376f0213d4657c93adc50b1fdb","name":"La Gu\u00eda de Pamplona","image":{"@type":"ImageObject","inLanguage":"es","@id":"https:\/\/secure.gravatar.com\/avatar\/b6992f131dc8d30ab0dff15446e9d346d9dbd95992de0fef795073f5ea83a81c?s=96&d=mm&r=g","url":"https:\/\/secure.gravatar.com\/avatar\/b6992f131dc8d30ab0dff15446e9d346d9dbd95992de0fef795073f5ea83a81c?s=96&d=mm&r=g","contentUrl":"https:\/\/secure.gravatar.com\/avatar\/b6992f131dc8d30ab0dff15446e9d346d9dbd95992de0fef795073f5ea83a81c?s=96&d=mm&r=g","caption":"La Gu\u00eda de Pamplona"}}]}},"post_mailing_queue_ids":[],"_links":{"self":[{"href":"https:\/\/www.laguiadepamplona.com\/actualidad\/wp-json\/wp\/v2\/posts\/50479","targetHints":{"allow":["GET"]}}],"collection":[{"href":"https:\/\/www.laguiadepamplona.com\/actualidad\/wp-json\/wp\/v2\/posts"}],"about":[{"href":"https:\/\/www.laguiadepamplona.com\/actualidad\/wp-json\/wp\/v2\/types\/post"}],"author":[{"embeddable":true,"href":"https:\/\/www.laguiadepamplona.com\/actualidad\/wp-json\/wp\/v2\/users\/1"}],"replies":[{"embeddable":true,"href":"https:\/\/www.laguiadepamplona.com\/actualidad\/wp-json\/wp\/v2\/comments?post=50479"}],"version-history":[{"count":1,"href":"https:\/\/www.laguiadepamplona.com\/actualidad\/wp-json\/wp\/v2\/posts\/50479\/revisions"}],"predecessor-version":[{"id":50481,"href":"https:\/\/www.laguiadepamplona.com\/actualidad\/wp-json\/wp\/v2\/posts\/50479\/revisions\/50481"}],"wp:featuredmedia":[{"embeddable":true,"href":"https:\/\/www.laguiadepamplona.com\/actualidad\/wp-json\/wp\/v2\/media\/50480"}],"wp:attachment":[{"href":"https:\/\/www.laguiadepamplona.com\/actualidad\/wp-json\/wp\/v2\/media?parent=50479"}],"wp:term":[{"taxonomy":"category","embeddable":true,"href":"https:\/\/www.laguiadepamplona.com\/actualidad\/wp-json\/wp\/v2\/categories?post=50479"},{"taxonomy":"post_tag","embeddable":true,"href":"https:\/\/www.laguiadepamplona.com\/actualidad\/wp-json\/wp\/v2\/tags?post=50479"}],"curies":[{"name":"wp","href":"https:\/\/api.w.org\/{rel}","templated":true}]}}