{"id":50477,"date":"2024-08-09T17:41:27","date_gmt":"2024-08-09T15:41:27","guid":{"rendered":"https:\/\/www.laguiadepamplona.com\/actualidad\/?p=50477"},"modified":"2024-08-09T17:41:27","modified_gmt":"2024-08-09T15:41:27","slug":"el-sistema-de-bicicletas-electricas-se-amplia-este-viernes-con-cinco-nuevas-bases-y-ofrece-ya-54-con-540-bicicletas-disponibles-las-24-horas","status":"publish","type":"post","link":"https:\/\/www.laguiadepamplona.com\/actualidad\/el-sistema-de-bicicletas-electricas-se-amplia-este-viernes-con-cinco-nuevas-bases-y-ofrece-ya-54-con-540-bicicletas-disponibles-las-24-horas\/","title":{"rendered":"El sistema de bicicletas el\u00e9ctricas se ampl\u00eda este viernes con cinco nuevas bases y ofrece ya 54, con 540 bicicletas, disponibles las 24 horas"},"content":{"rendered":"<h2>El servicio abarca todos los barrios de Pamplona y ha registrado 1.355.416 viajes hasta esta semana, m\u00e1s de la mitad de duraci\u00f3n inferior a 10 minutos<\/h2>\n<p><!--more--><\/p>\n<p>El sistema de bicicletas el\u00e9ctricas compartidas promovido por el Ayuntamiento de Pamplona cuenta desde este viernes con cinco nuevas bases, que se suman a las siete habilitadas la semana pasada para ampliar el servicio de las 42 bases preexistentes. Estas bases est\u00e1n ya disponibles en Mendillorri, Universidad de Navarra, Ensanche, Rochapea, San Juan, Txantrea, Buztintxuri, Iturrama, San Jorge y Etxabakoitz. Las bicicletas disponibles son ya 540. Para m\u00e1s informaci\u00f3n, se puede consultar la <a href=\"https:\/\/rideonpamplona.com\/\" target=\"_blank\" rel=\"noopener\">web de Ride On<\/a>, llamar al tel\u00e9fono 848 670 016 o escribir al correo electr\u00f3nico <a href=\"mailto:support@rideonpamplona.com\">support@rideonpamplona.com<\/a>.<\/p>\n<p>Pamplona quiere impulsar el uso de medios de transporte sostenible y la ampliaci\u00f3n permite una mejor cobertura para todos los barrios de la ciudad, de forma que la ciudadan\u00eda tenga bicicletas disponibles en un radio de 350 metros. Una vez concluida la fase de instalaci\u00f3n y puesta en servicio de las nuevas unidades, 20 bases y 240 bicicletas, el sistema ofrecer\u00e1 640 bicicletas distribuidas en 62 bases. Este sistema de bicicletas ha registrado 1.355.416 viajes hasta esta semana, m\u00e1s de la mitad de ellos de duraci\u00f3n inferior a los 10 minutos y el 35%, de 10 a 20 minutos. Las bicicletas se pueden coger en cualquier base y devolverlas en otras.<\/p>\n<p>El sistema municipal de bicicletas est\u00e1 disponible las 24 horas y para utilizarlo hay que darse de alta en la App Ride On Pamplona o en la web <a href=\"https:\/\/rideonpamplona.com\/index.html\" target=\"_blank\" rel=\"noopener\">https:\/\/rideonpamplona.com\/index.html<\/a>, como persona usuaria ocasional (pago por cada uso) o abonada (suscripci\u00f3n anual o mensual). El sistema ofrece diversas tarifas y la posibilidad de hacer reservas tanto de bicicletas como de anclajes. Tras efectuar el pago, se desbloquea la bicicleta el\u00e9ctrica a trav\u00e9s de un identificador virtual exclusivo enviado al m\u00f3vil o con una clave.<\/p>\n<p>La bicicleta el\u00e9ctrica constituye una alternativa saludable que promueve la actividad f\u00edsica moderada frente al sedentarismo de otros medios de transporte. Adem\u00e1s, el pedaleo asistido el\u00e9ctrico, que requiere menor esfuerzo para desplazarse y salvar desniveles, permite la utilizaci\u00f3n de un rango mayor de personas. Otras de las ventajas es que favorece la reducci\u00f3n de emisiones de gases de efecto invernadero, y aprovecha mejor que los veh\u00edculos el espacio requerido en calzada porque la infraestructura ciclable tiene menores dimensiones y ocupa menos espacio que la motorizada.<\/p>\n<p>&nbsp;<\/p>\n<h3>Ubicaci\u00f3n de las 12 nuevas bases<\/h3>\n<ul>\n<li><strong>Mendillorri<\/strong>. Calle San Guill\u00e9n 1<\/li>\n<li><strong>Universidad de Navarra<\/strong>. Aparcamiento Edificio Central<\/li>\n<li><strong>Ensanche \u2013 Monjard\u00edn<\/strong>. Rotonda con la calle Aoiz<\/li>\n<li><strong>Rochapea \u2013 Capuchinos<\/strong>. Avenida de Marcelo Celayeta 131<\/li>\n<li><strong>Rochapea<\/strong>. Calle Joaqu\u00edn Beunza 43<\/li>\n<li><strong>Palacio de Justicia<\/strong>. Plaza del Juez El\u00edo \u2013 Grupo Larraina 5Bis<\/li>\n<li><strong>Txantrea \u2013 Orvina III<\/strong>. Calle Miravalles 8<\/li>\n<li><strong>Buztintxuri<\/strong>. Calle Santos A. Ochandategui, 50\u00a0\u2013 Calle Ventura Rodr\u00edguez 50<\/li>\n<li><strong>Txantrea <\/strong>\u2013 <strong>Ezkaba<\/strong>. Calle Canal 25 \u2013 Plaza Almirad\u00edo de Navascu\u00e9s<\/li>\n<li><strong>Iturrama<\/strong>. Calle Fuente del Hierro 17<\/li>\n<li><strong>San Jorge<\/strong>. Avenida San Jorge 47<\/li>\n<li><strong>Avenida Ar\u00f3stegui<\/strong>. Calle Virgen del Soto \u2013 Avenida Ar\u00f3stegui 4<\/li>\n<\/ul>\n<p>&nbsp;<\/p>\n<p>&nbsp;<\/p>\n<p>M\u00e1s informaci\u00f3n<\/p>\n<ul>\n<li>Ride On Pamplona\n<ul>\n<li>Atenci\u00f3n telef\u00f3nica: 848 670 016, en horario de lunes a viernes de 8:00 a 20:00, y fines de semana y festivos, de 9:00 a 20:00<\/li>\n<li>Correo electr\u00f3nico: <a href=\"mailto:support@rideonpamplona.com\">support@rideonpamplona.com<\/a><\/li>\n<li>Atenci\u00f3n personal: calle Olite, 12. Horario, de lunes a s\u00e1bado, de 9 a 14 horas<\/li>\n<\/ul>\n<\/li>\n<\/ul>\n","protected":false},"excerpt":{"rendered":"<p>El servicio abarca todos los barrios de Pamplona y ha registrado 1.355.416 viajes hasta esta semana, m\u00e1s de la mitad de duraci\u00f3n inferior a 10 minutos<\/p>\n","protected":false},"author":1,"featured_media":48132,"comment_status":"open","ping_status":"closed","sticky":false,"template":"","format":"standard","meta":{"footnotes":""},"categories":[2],"tags":[],"class_list":["post-50477","post","type-post","status-publish","format-standard","has-post-thumbnail","hentry","category-ayuntamiento-pamplona"],"yoast_head":"<!-- This site is optimized with the Yoast SEO plugin v27.3 - https:\/\/yoast.com\/product\/yoast-seo-wordpress\/ -->\n<title>El sistema de bicicletas el\u00e9ctricas se ampl\u00eda este viernes con cinco nuevas bases y ofrece ya 54, con 540 bicicletas, disponibles las 24 horas<\/title>\n<meta name=\"description\" content=\"El servicio abarca todos los barrios de Pamplona y ha registrado 1.355.416 viajes hasta esta semana, m\u00e1s de la mitad de duraci\u00f3n inferior a 10 minutos\" \/>\n<meta name=\"robots\" content=\"index, follow, max-snippet:-1, max-image-preview:large, max-video-preview:-1\" \/>\n<link rel=\"canonical\" href=\"https:\/\/www.laguiadepamplona.com\/actualidad\/el-sistema-de-bicicletas-electricas-se-amplia-este-viernes-con-cinco-nuevas-bases-y-ofrece-ya-54-con-540-bicicletas-disponibles-las-24-horas\/\" \/>\n<meta property=\"og:locale\" content=\"es_ES\" \/>\n<meta property=\"og:type\" content=\"article\" \/>\n<meta property=\"og:title\" content=\"El sistema de bicicletas el\u00e9ctricas se ampl\u00eda este viernes con cinco nuevas bases y ofrece ya 54, con 540 bicicletas, disponibles las 24 horas\" \/>\n<meta property=\"og:description\" content=\"El servicio abarca todos los barrios de Pamplona y ha registrado 1.355.416 viajes hasta esta semana, m\u00e1s de la mitad de duraci\u00f3n inferior a 10 minutos\" \/>\n<meta property=\"og:url\" content=\"https:\/\/www.laguiadepamplona.com\/actualidad\/el-sistema-de-bicicletas-electricas-se-amplia-este-viernes-con-cinco-nuevas-bases-y-ofrece-ya-54-con-540-bicicletas-disponibles-las-24-horas\/\" \/>\n<meta property=\"og:site_name\" content=\"La Gu\u00eda de Pamplona\" \/>\n<meta property=\"article:publisher\" content=\"https:\/\/www.facebook.com\/laguiadepamplonacom-133175176762273\/?ref=hl\" \/>\n<meta property=\"article:published_time\" content=\"2024-08-09T15:41:27+00:00\" \/>\n<meta property=\"og:image\" content=\"https:\/\/www.laguiadepamplona.com\/actualidad\/wp-content\/uploads\/2023\/12\/bici-electrica.webp\" \/>\n\t<meta property=\"og:image:width\" content=\"1200\" \/>\n\t<meta property=\"og:image:height\" content=\"778\" \/>\n\t<meta property=\"og:image:type\" content=\"image\/webp\" \/>\n<meta name=\"author\" content=\"La Gu\u00eda de Pamplona\" \/>\n<meta name=\"twitter:card\" content=\"summary_large_image\" \/>\n<meta name=\"twitter:creator\" content=\"@LaGuiadPamplona\" \/>\n<meta name=\"twitter:site\" content=\"@LaGuiadPamplona\" \/>\n<meta name=\"twitter:label1\" content=\"Escrito por\" \/>\n\t<meta name=\"twitter:data1\" content=\"La Gu\u00eda de Pamplona\" \/>\n\t<meta name=\"twitter:label2\" content=\"Tiempo de lectura\" \/>\n\t<meta name=\"twitter:data2\" content=\"3 minutos\" \/>\n<script type=\"application\/ld+json\" class=\"yoast-schema-graph\">{\"@context\":\"https:\\\/\\\/schema.org\",\"@graph\":[{\"@type\":\"Article\",\"@id\":\"https:\\\/\\\/www.laguiadepamplona.com\\\/actualidad\\\/el-sistema-de-bicicletas-electricas-se-amplia-este-viernes-con-cinco-nuevas-bases-y-ofrece-ya-54-con-540-bicicletas-disponibles-las-24-horas\\\/#article\",\"isPartOf\":{\"@id\":\"https:\\\/\\\/www.laguiadepamplona.com\\\/actualidad\\\/el-sistema-de-bicicletas-electricas-se-amplia-este-viernes-con-cinco-nuevas-bases-y-ofrece-ya-54-con-540-bicicletas-disponibles-las-24-horas\\\/\"},\"author\":{\"name\":\"La Gu\u00eda de Pamplona\",\"@id\":\"https:\\\/\\\/www.laguiadepamplona.com\\\/actualidad\\\/#\\\/schema\\\/person\\\/efe887376f0213d4657c93adc50b1fdb\"},\"headline\":\"El sistema de bicicletas el\u00e9ctricas se ampl\u00eda este viernes con cinco nuevas bases y ofrece ya 54, con 540 bicicletas, disponibles las 24 horas\",\"datePublished\":\"2024-08-09T15:41:27+00:00\",\"mainEntityOfPage\":{\"@id\":\"https:\\\/\\\/www.laguiadepamplona.com\\\/actualidad\\\/el-sistema-de-bicicletas-electricas-se-amplia-este-viernes-con-cinco-nuevas-bases-y-ofrece-ya-54-con-540-bicicletas-disponibles-las-24-horas\\\/\"},\"wordCount\":570,\"commentCount\":0,\"publisher\":{\"@id\":\"https:\\\/\\\/www.laguiadepamplona.com\\\/actualidad\\\/#organization\"},\"image\":{\"@id\":\"https:\\\/\\\/www.laguiadepamplona.com\\\/actualidad\\\/el-sistema-de-bicicletas-electricas-se-amplia-este-viernes-con-cinco-nuevas-bases-y-ofrece-ya-54-con-540-bicicletas-disponibles-las-24-horas\\\/#primaryimage\"},\"thumbnailUrl\":\"https:\\\/\\\/www.laguiadepamplona.com\\\/actualidad\\\/wp-content\\\/uploads\\\/2023\\\/12\\\/bici-electrica.webp\",\"articleSection\":[\"Ayto Pamplona\"],\"inLanguage\":\"es\",\"potentialAction\":[{\"@type\":\"CommentAction\",\"name\":\"Comment\",\"target\":[\"https:\\\/\\\/www.laguiadepamplona.com\\\/actualidad\\\/el-sistema-de-bicicletas-electricas-se-amplia-este-viernes-con-cinco-nuevas-bases-y-ofrece-ya-54-con-540-bicicletas-disponibles-las-24-horas\\\/#respond\"]}]},{\"@type\":\"WebPage\",\"@id\":\"https:\\\/\\\/www.laguiadepamplona.com\\\/actualidad\\\/el-sistema-de-bicicletas-electricas-se-amplia-este-viernes-con-cinco-nuevas-bases-y-ofrece-ya-54-con-540-bicicletas-disponibles-las-24-horas\\\/\",\"url\":\"https:\\\/\\\/www.laguiadepamplona.com\\\/actualidad\\\/el-sistema-de-bicicletas-electricas-se-amplia-este-viernes-con-cinco-nuevas-bases-y-ofrece-ya-54-con-540-bicicletas-disponibles-las-24-horas\\\/\",\"name\":\"El sistema de bicicletas el\u00e9ctricas se ampl\u00eda este viernes con cinco nuevas bases y ofrece ya 54, con 540 bicicletas, disponibles las 24 horas\",\"isPartOf\":{\"@id\":\"https:\\\/\\\/www.laguiadepamplona.com\\\/actualidad\\\/#website\"},\"primaryImageOfPage\":{\"@id\":\"https:\\\/\\\/www.laguiadepamplona.com\\\/actualidad\\\/el-sistema-de-bicicletas-electricas-se-amplia-este-viernes-con-cinco-nuevas-bases-y-ofrece-ya-54-con-540-bicicletas-disponibles-las-24-horas\\\/#primaryimage\"},\"image\":{\"@id\":\"https:\\\/\\\/www.laguiadepamplona.com\\\/actualidad\\\/el-sistema-de-bicicletas-electricas-se-amplia-este-viernes-con-cinco-nuevas-bases-y-ofrece-ya-54-con-540-bicicletas-disponibles-las-24-horas\\\/#primaryimage\"},\"thumbnailUrl\":\"https:\\\/\\\/www.laguiadepamplona.com\\\/actualidad\\\/wp-content\\\/uploads\\\/2023\\\/12\\\/bici-electrica.webp\",\"datePublished\":\"2024-08-09T15:41:27+00:00\",\"description\":\"El servicio abarca todos los barrios de Pamplona y ha registrado 1.355.416 viajes hasta esta semana, m\u00e1s de la mitad de duraci\u00f3n inferior a 10 minutos\",\"breadcrumb\":{\"@id\":\"https:\\\/\\\/www.laguiadepamplona.com\\\/actualidad\\\/el-sistema-de-bicicletas-electricas-se-amplia-este-viernes-con-cinco-nuevas-bases-y-ofrece-ya-54-con-540-bicicletas-disponibles-las-24-horas\\\/#breadcrumb\"},\"inLanguage\":\"es\",\"potentialAction\":[{\"@type\":\"ReadAction\",\"target\":[\"https:\\\/\\\/www.laguiadepamplona.com\\\/actualidad\\\/el-sistema-de-bicicletas-electricas-se-amplia-este-viernes-con-cinco-nuevas-bases-y-ofrece-ya-54-con-540-bicicletas-disponibles-las-24-horas\\\/\"]}]},{\"@type\":\"ImageObject\",\"inLanguage\":\"es\",\"@id\":\"https:\\\/\\\/www.laguiadepamplona.com\\\/actualidad\\\/el-sistema-de-bicicletas-electricas-se-amplia-este-viernes-con-cinco-nuevas-bases-y-ofrece-ya-54-con-540-bicicletas-disponibles-las-24-horas\\\/#primaryimage\",\"url\":\"https:\\\/\\\/www.laguiadepamplona.com\\\/actualidad\\\/wp-content\\\/uploads\\\/2023\\\/12\\\/bici-electrica.webp\",\"contentUrl\":\"https:\\\/\\\/www.laguiadepamplona.com\\\/actualidad\\\/wp-content\\\/uploads\\\/2023\\\/12\\\/bici-electrica.webp\",\"width\":1200,\"height\":778,\"caption\":\"bici el\u00e9ctrica\"},{\"@type\":\"BreadcrumbList\",\"@id\":\"https:\\\/\\\/www.laguiadepamplona.com\\\/actualidad\\\/el-sistema-de-bicicletas-electricas-se-amplia-este-viernes-con-cinco-nuevas-bases-y-ofrece-ya-54-con-540-bicicletas-disponibles-las-24-horas\\\/#breadcrumb\",\"itemListElement\":[{\"@type\":\"ListItem\",\"position\":1,\"name\":\"Portada\",\"item\":\"https:\\\/\\\/www.laguiadepamplona.com\\\/actualidad\\\/\"},{\"@type\":\"ListItem\",\"position\":2,\"name\":\"El sistema de bicicletas el\u00e9ctricas se ampl\u00eda este viernes con cinco nuevas bases y ofrece ya 54, con 540 bicicletas, disponibles las 24 horas\"}]},{\"@type\":\"WebSite\",\"@id\":\"https:\\\/\\\/www.laguiadepamplona.com\\\/actualidad\\\/#website\",\"url\":\"https:\\\/\\\/www.laguiadepamplona.com\\\/actualidad\\\/\",\"name\":\"La gu\u00eda de Pamplona\",\"description\":\"Noticias de Pamplona\",\"publisher\":{\"@id\":\"https:\\\/\\\/www.laguiadepamplona.com\\\/actualidad\\\/#organization\"},\"potentialAction\":[{\"@type\":\"SearchAction\",\"target\":{\"@type\":\"EntryPoint\",\"urlTemplate\":\"https:\\\/\\\/www.laguiadepamplona.com\\\/actualidad\\\/?s={search_term_string}\"},\"query-input\":{\"@type\":\"PropertyValueSpecification\",\"valueRequired\":true,\"valueName\":\"search_term_string\"}}],\"inLanguage\":\"es\"},{\"@type\":\"Organization\",\"@id\":\"https:\\\/\\\/www.laguiadepamplona.com\\\/actualidad\\\/#organization\",\"name\":\"La Gu\u00eda de Pamplona \\\/ Noticias\",\"url\":\"https:\\\/\\\/www.laguiadepamplona.com\\\/actualidad\\\/\",\"logo\":{\"@type\":\"ImageObject\",\"inLanguage\":\"es\",\"@id\":\"https:\\\/\\\/www.laguiadepamplona.com\\\/actualidad\\\/#\\\/schema\\\/logo\\\/image\\\/\",\"url\":\"https:\\\/\\\/www.laguiadepamplona.com\\\/actualidad\\\/wp-content\\\/uploads\\\/2018\\\/11\\\/logo-laguiadepamplona18-web1.png\",\"contentUrl\":\"https:\\\/\\\/www.laguiadepamplona.com\\\/actualidad\\\/wp-content\\\/uploads\\\/2018\\\/11\\\/logo-laguiadepamplona18-web1.png\",\"width\":600,\"height\":196,\"caption\":\"La Gu\u00eda de Pamplona \\\/ Noticias\"},\"image\":{\"@id\":\"https:\\\/\\\/www.laguiadepamplona.com\\\/actualidad\\\/#\\\/schema\\\/logo\\\/image\\\/\"},\"sameAs\":[\"https:\\\/\\\/www.facebook.com\\\/laguiadepamplonacom-133175176762273\\\/?ref=hl\",\"https:\\\/\\\/x.com\\\/LaGuiadPamplona\",\"https:\\\/\\\/www.instagram.com\\\/la_guia_de_pamplona\\\/\",\"https:\\\/\\\/www.youtube.com\\\/user\\\/laguiadepamplona\"]},{\"@type\":\"Person\",\"@id\":\"https:\\\/\\\/www.laguiadepamplona.com\\\/actualidad\\\/#\\\/schema\\\/person\\\/efe887376f0213d4657c93adc50b1fdb\",\"name\":\"La Gu\u00eda de Pamplona\",\"image\":{\"@type\":\"ImageObject\",\"inLanguage\":\"es\",\"@id\":\"https:\\\/\\\/secure.gravatar.com\\\/avatar\\\/b6992f131dc8d30ab0dff15446e9d346d9dbd95992de0fef795073f5ea83a81c?s=96&d=mm&r=g\",\"url\":\"https:\\\/\\\/secure.gravatar.com\\\/avatar\\\/b6992f131dc8d30ab0dff15446e9d346d9dbd95992de0fef795073f5ea83a81c?s=96&d=mm&r=g\",\"contentUrl\":\"https:\\\/\\\/secure.gravatar.com\\\/avatar\\\/b6992f131dc8d30ab0dff15446e9d346d9dbd95992de0fef795073f5ea83a81c?s=96&d=mm&r=g\",\"caption\":\"La Gu\u00eda de Pamplona\"}}]}<\/script>\n<!-- \/ Yoast SEO plugin. -->","yoast_head_json":{"title":"El sistema de bicicletas el\u00e9ctricas se ampl\u00eda este viernes con cinco nuevas bases y ofrece ya 54, con 540 bicicletas, disponibles las 24 horas","description":"El servicio abarca todos los barrios de Pamplona y ha registrado 1.355.416 viajes hasta esta semana, m\u00e1s de la mitad de duraci\u00f3n inferior a 10 minutos","robots":{"index":"index","follow":"follow","max-snippet":"max-snippet:-1","max-image-preview":"max-image-preview:large","max-video-preview":"max-video-preview:-1"},"canonical":"https:\/\/www.laguiadepamplona.com\/actualidad\/el-sistema-de-bicicletas-electricas-se-amplia-este-viernes-con-cinco-nuevas-bases-y-ofrece-ya-54-con-540-bicicletas-disponibles-las-24-horas\/","og_locale":"es_ES","og_type":"article","og_title":"El sistema de bicicletas el\u00e9ctricas se ampl\u00eda este viernes con cinco nuevas bases y ofrece ya 54, con 540 bicicletas, disponibles las 24 horas","og_description":"El servicio abarca todos los barrios de Pamplona y ha registrado 1.355.416 viajes hasta esta semana, m\u00e1s de la mitad de duraci\u00f3n inferior a 10 minutos","og_url":"https:\/\/www.laguiadepamplona.com\/actualidad\/el-sistema-de-bicicletas-electricas-se-amplia-este-viernes-con-cinco-nuevas-bases-y-ofrece-ya-54-con-540-bicicletas-disponibles-las-24-horas\/","og_site_name":"La Gu\u00eda de Pamplona","article_publisher":"https:\/\/www.facebook.com\/laguiadepamplonacom-133175176762273\/?ref=hl","article_published_time":"2024-08-09T15:41:27+00:00","og_image":[{"width":1200,"height":778,"url":"https:\/\/www.laguiadepamplona.com\/actualidad\/wp-content\/uploads\/2023\/12\/bici-electrica.webp","type":"image\/webp"}],"author":"La Gu\u00eda de Pamplona","twitter_card":"summary_large_image","twitter_creator":"@LaGuiadPamplona","twitter_site":"@LaGuiadPamplona","twitter_misc":{"Escrito por":"La Gu\u00eda de Pamplona","Tiempo de lectura":"3 minutos"},"schema":{"@context":"https:\/\/schema.org","@graph":[{"@type":"Article","@id":"https:\/\/www.laguiadepamplona.com\/actualidad\/el-sistema-de-bicicletas-electricas-se-amplia-este-viernes-con-cinco-nuevas-bases-y-ofrece-ya-54-con-540-bicicletas-disponibles-las-24-horas\/#article","isPartOf":{"@id":"https:\/\/www.laguiadepamplona.com\/actualidad\/el-sistema-de-bicicletas-electricas-se-amplia-este-viernes-con-cinco-nuevas-bases-y-ofrece-ya-54-con-540-bicicletas-disponibles-las-24-horas\/"},"author":{"name":"La Gu\u00eda de Pamplona","@id":"https:\/\/www.laguiadepamplona.com\/actualidad\/#\/schema\/person\/efe887376f0213d4657c93adc50b1fdb"},"headline":"El sistema de bicicletas el\u00e9ctricas se ampl\u00eda este viernes con cinco nuevas bases y ofrece ya 54, con 540 bicicletas, disponibles las 24 horas","datePublished":"2024-08-09T15:41:27+00:00","mainEntityOfPage":{"@id":"https:\/\/www.laguiadepamplona.com\/actualidad\/el-sistema-de-bicicletas-electricas-se-amplia-este-viernes-con-cinco-nuevas-bases-y-ofrece-ya-54-con-540-bicicletas-disponibles-las-24-horas\/"},"wordCount":570,"commentCount":0,"publisher":{"@id":"https:\/\/www.laguiadepamplona.com\/actualidad\/#organization"},"image":{"@id":"https:\/\/www.laguiadepamplona.com\/actualidad\/el-sistema-de-bicicletas-electricas-se-amplia-este-viernes-con-cinco-nuevas-bases-y-ofrece-ya-54-con-540-bicicletas-disponibles-las-24-horas\/#primaryimage"},"thumbnailUrl":"https:\/\/www.laguiadepamplona.com\/actualidad\/wp-content\/uploads\/2023\/12\/bici-electrica.webp","articleSection":["Ayto Pamplona"],"inLanguage":"es","potentialAction":[{"@type":"CommentAction","name":"Comment","target":["https:\/\/www.laguiadepamplona.com\/actualidad\/el-sistema-de-bicicletas-electricas-se-amplia-este-viernes-con-cinco-nuevas-bases-y-ofrece-ya-54-con-540-bicicletas-disponibles-las-24-horas\/#respond"]}]},{"@type":"WebPage","@id":"https:\/\/www.laguiadepamplona.com\/actualidad\/el-sistema-de-bicicletas-electricas-se-amplia-este-viernes-con-cinco-nuevas-bases-y-ofrece-ya-54-con-540-bicicletas-disponibles-las-24-horas\/","url":"https:\/\/www.laguiadepamplona.com\/actualidad\/el-sistema-de-bicicletas-electricas-se-amplia-este-viernes-con-cinco-nuevas-bases-y-ofrece-ya-54-con-540-bicicletas-disponibles-las-24-horas\/","name":"El sistema de bicicletas el\u00e9ctricas se ampl\u00eda este viernes con cinco nuevas bases y ofrece ya 54, con 540 bicicletas, disponibles las 24 horas","isPartOf":{"@id":"https:\/\/www.laguiadepamplona.com\/actualidad\/#website"},"primaryImageOfPage":{"@id":"https:\/\/www.laguiadepamplona.com\/actualidad\/el-sistema-de-bicicletas-electricas-se-amplia-este-viernes-con-cinco-nuevas-bases-y-ofrece-ya-54-con-540-bicicletas-disponibles-las-24-horas\/#primaryimage"},"image":{"@id":"https:\/\/www.laguiadepamplona.com\/actualidad\/el-sistema-de-bicicletas-electricas-se-amplia-este-viernes-con-cinco-nuevas-bases-y-ofrece-ya-54-con-540-bicicletas-disponibles-las-24-horas\/#primaryimage"},"thumbnailUrl":"https:\/\/www.laguiadepamplona.com\/actualidad\/wp-content\/uploads\/2023\/12\/bici-electrica.webp","datePublished":"2024-08-09T15:41:27+00:00","description":"El servicio abarca todos los barrios de Pamplona y ha registrado 1.355.416 viajes hasta esta semana, m\u00e1s de la mitad de duraci\u00f3n inferior a 10 minutos","breadcrumb":{"@id":"https:\/\/www.laguiadepamplona.com\/actualidad\/el-sistema-de-bicicletas-electricas-se-amplia-este-viernes-con-cinco-nuevas-bases-y-ofrece-ya-54-con-540-bicicletas-disponibles-las-24-horas\/#breadcrumb"},"inLanguage":"es","potentialAction":[{"@type":"ReadAction","target":["https:\/\/www.laguiadepamplona.com\/actualidad\/el-sistema-de-bicicletas-electricas-se-amplia-este-viernes-con-cinco-nuevas-bases-y-ofrece-ya-54-con-540-bicicletas-disponibles-las-24-horas\/"]}]},{"@type":"ImageObject","inLanguage":"es","@id":"https:\/\/www.laguiadepamplona.com\/actualidad\/el-sistema-de-bicicletas-electricas-se-amplia-este-viernes-con-cinco-nuevas-bases-y-ofrece-ya-54-con-540-bicicletas-disponibles-las-24-horas\/#primaryimage","url":"https:\/\/www.laguiadepamplona.com\/actualidad\/wp-content\/uploads\/2023\/12\/bici-electrica.webp","contentUrl":"https:\/\/www.laguiadepamplona.com\/actualidad\/wp-content\/uploads\/2023\/12\/bici-electrica.webp","width":1200,"height":778,"caption":"bici el\u00e9ctrica"},{"@type":"BreadcrumbList","@id":"https:\/\/www.laguiadepamplona.com\/actualidad\/el-sistema-de-bicicletas-electricas-se-amplia-este-viernes-con-cinco-nuevas-bases-y-ofrece-ya-54-con-540-bicicletas-disponibles-las-24-horas\/#breadcrumb","itemListElement":[{"@type":"ListItem","position":1,"name":"Portada","item":"https:\/\/www.laguiadepamplona.com\/actualidad\/"},{"@type":"ListItem","position":2,"name":"El sistema de bicicletas el\u00e9ctricas se ampl\u00eda este viernes con cinco nuevas bases y ofrece ya 54, con 540 bicicletas, disponibles las 24 horas"}]},{"@type":"WebSite","@id":"https:\/\/www.laguiadepamplona.com\/actualidad\/#website","url":"https:\/\/www.laguiadepamplona.com\/actualidad\/","name":"La gu\u00eda de Pamplona","description":"Noticias de Pamplona","publisher":{"@id":"https:\/\/www.laguiadepamplona.com\/actualidad\/#organization"},"potentialAction":[{"@type":"SearchAction","target":{"@type":"EntryPoint","urlTemplate":"https:\/\/www.laguiadepamplona.com\/actualidad\/?s={search_term_string}"},"query-input":{"@type":"PropertyValueSpecification","valueRequired":true,"valueName":"search_term_string"}}],"inLanguage":"es"},{"@type":"Organization","@id":"https:\/\/www.laguiadepamplona.com\/actualidad\/#organization","name":"La Gu\u00eda de Pamplona \/ Noticias","url":"https:\/\/www.laguiadepamplona.com\/actualidad\/","logo":{"@type":"ImageObject","inLanguage":"es","@id":"https:\/\/www.laguiadepamplona.com\/actualidad\/#\/schema\/logo\/image\/","url":"https:\/\/www.laguiadepamplona.com\/actualidad\/wp-content\/uploads\/2018\/11\/logo-laguiadepamplona18-web1.png","contentUrl":"https:\/\/www.laguiadepamplona.com\/actualidad\/wp-content\/uploads\/2018\/11\/logo-laguiadepamplona18-web1.png","width":600,"height":196,"caption":"La Gu\u00eda de Pamplona \/ Noticias"},"image":{"@id":"https:\/\/www.laguiadepamplona.com\/actualidad\/#\/schema\/logo\/image\/"},"sameAs":["https:\/\/www.facebook.com\/laguiadepamplonacom-133175176762273\/?ref=hl","https:\/\/x.com\/LaGuiadPamplona","https:\/\/www.instagram.com\/la_guia_de_pamplona\/","https:\/\/www.youtube.com\/user\/laguiadepamplona"]},{"@type":"Person","@id":"https:\/\/www.laguiadepamplona.com\/actualidad\/#\/schema\/person\/efe887376f0213d4657c93adc50b1fdb","name":"La Gu\u00eda de Pamplona","image":{"@type":"ImageObject","inLanguage":"es","@id":"https:\/\/secure.gravatar.com\/avatar\/b6992f131dc8d30ab0dff15446e9d346d9dbd95992de0fef795073f5ea83a81c?s=96&d=mm&r=g","url":"https:\/\/secure.gravatar.com\/avatar\/b6992f131dc8d30ab0dff15446e9d346d9dbd95992de0fef795073f5ea83a81c?s=96&d=mm&r=g","contentUrl":"https:\/\/secure.gravatar.com\/avatar\/b6992f131dc8d30ab0dff15446e9d346d9dbd95992de0fef795073f5ea83a81c?s=96&d=mm&r=g","caption":"La Gu\u00eda de Pamplona"}}]}},"post_mailing_queue_ids":[],"_links":{"self":[{"href":"https:\/\/www.laguiadepamplona.com\/actualidad\/wp-json\/wp\/v2\/posts\/50477","targetHints":{"allow":["GET"]}}],"collection":[{"href":"https:\/\/www.laguiadepamplona.com\/actualidad\/wp-json\/wp\/v2\/posts"}],"about":[{"href":"https:\/\/www.laguiadepamplona.com\/actualidad\/wp-json\/wp\/v2\/types\/post"}],"author":[{"embeddable":true,"href":"https:\/\/www.laguiadepamplona.com\/actualidad\/wp-json\/wp\/v2\/users\/1"}],"replies":[{"embeddable":true,"href":"https:\/\/www.laguiadepamplona.com\/actualidad\/wp-json\/wp\/v2\/comments?post=50477"}],"version-history":[{"count":1,"href":"https:\/\/www.laguiadepamplona.com\/actualidad\/wp-json\/wp\/v2\/posts\/50477\/revisions"}],"predecessor-version":[{"id":50478,"href":"https:\/\/www.laguiadepamplona.com\/actualidad\/wp-json\/wp\/v2\/posts\/50477\/revisions\/50478"}],"wp:featuredmedia":[{"embeddable":true,"href":"https:\/\/www.laguiadepamplona.com\/actualidad\/wp-json\/wp\/v2\/media\/48132"}],"wp:attachment":[{"href":"https:\/\/www.laguiadepamplona.com\/actualidad\/wp-json\/wp\/v2\/media?parent=50477"}],"wp:term":[{"taxonomy":"category","embeddable":true,"href":"https:\/\/www.laguiadepamplona.com\/actualidad\/wp-json\/wp\/v2\/categories?post=50477"},{"taxonomy":"post_tag","embeddable":true,"href":"https:\/\/www.laguiadepamplona.com\/actualidad\/wp-json\/wp\/v2\/tags?post=50477"}],"curies":[{"name":"wp","href":"https:\/\/api.w.org\/{rel}","templated":true}]}}