{"id":50474,"date":"2024-08-09T17:40:14","date_gmt":"2024-08-09T15:40:14","guid":{"rendered":"https:\/\/www.laguiadepamplona.com\/actualidad\/?p=50474"},"modified":"2024-08-09T17:40:14","modified_gmt":"2024-08-09T15:40:14","slug":"pamplona-destina-72-38917-euros-para-reformar-la-sala-de-calderas-del-colegio-publico-elorri-en-mendillorri","status":"publish","type":"post","link":"https:\/\/www.laguiadepamplona.com\/actualidad\/pamplona-destina-72-38917-euros-para-reformar-la-sala-de-calderas-del-colegio-publico-elorri-en-mendillorri\/","title":{"rendered":"Pamplona destina 72.389,17 euros para reformar la sala de calderas del colegio p\u00fablico Elorri, en Mendillorri"},"content":{"rendered":"<h2>Las calderas, de los a\u00f1os 90, ser\u00e1n sustituidas por otras con mayor rendimiento y la sala se adapta para cumplir con la normativa vigente<\/h2>\n<p><!--more--><\/p>\n<p>La Junta de Gobierno Local ha aprobado la adjudicaci\u00f3n de la reforma de la sala de calderas del colegio p\u00fablico Elorri. El centro educativo cuenta con cuatro calderas que fueron instaladas cuando se construy\u00f3 el edificio, en los a\u00f1os 90, y est\u00e1n generado problemas de funcionamiento, por lo que van a ser sustituidas por otras con mayor rendimiento, al mismo tiempo que se adapta la sala a la normativa actual, dejando la instalaci\u00f3n prevista para, mediante un equipo de aerotermia, suministrar energ\u00eda renovable para la generaci\u00f3n de agua caliente sanitaria (ACS).<\/p>\n<p>La reforma se ha adjudicado a la empresa Eulen SA, por importe de 72.389,17 euros. La fecha de inicio de los trabajos est\u00e1 fijada el 1 de septiembre de 2024, con un plazo de ejecuci\u00f3n de 6 semanas. Las obras deben realizarse en la medida de lo posible fuera del periodo lectivo, para evitar interferir en el normal desarrollo del curso acad\u00e9mico. La caldera deber\u00e1 estar operativa al comienzo de la \u00e9poca de fr\u00edo.<\/p>\n<p>El Colegio P\u00fablico de Educaci\u00f3n Infantil y Primaria (CPEIP) Elorri, ubicado en el barrio de Mendillorri, dispone de una sala de calderas que suministra de forma conjunta agua caliente sanitaria (ACS) y calefacci\u00f3n. La sala de m\u00e1quinas se encuentra en la planta s\u00f3tano y alberga tres calderas para la producci\u00f3n de agua caliente para calefacci\u00f3n y otra adicional para el ACS. El combustible actual de la sala de calderas es el gas natural.<\/p>\n<p>Las calderas datan del a\u00f1o 1993, por lo que tienen una antig\u00fcedad de m\u00e1s de 30 a\u00f1os; la vida \u00fatil de las calderas de este tipo se estima en unos 20-25 a\u00f1os, por lo que se puede considerar que han terminado de su vida \u00fatil. De hecho, en la actualidad se encuentran grandes problemas para localizaci\u00f3n de repuestos, ya que est\u00e1n descatalogados. La sustituci\u00f3n es la v\u00eda para para garantizar el servicio el pr\u00f3ximo curso. Adem\u00e1s, el rendimiento de la instalaci\u00f3n mejorar\u00e1 con los nuevos equipos, tanto en consumo de combustible como de energ\u00eda el\u00e9ctrica.<\/p>\n","protected":false},"excerpt":{"rendered":"<p>Las calderas, de los a\u00f1os 90, ser\u00e1n sustituidas por otras con mayor rendimiento y la sala se adapta para cumplir con la normativa vigente<\/p>\n","protected":false},"author":1,"featured_media":50475,"comment_status":"open","ping_status":"closed","sticky":false,"template":"","format":"standard","meta":{"footnotes":""},"categories":[2],"tags":[],"class_list":["post-50474","post","type-post","status-publish","format-standard","has-post-thumbnail","hentry","category-ayuntamiento-pamplona"],"yoast_head":"<!-- This site is optimized with the Yoast SEO plugin v27.3 - https:\/\/yoast.com\/product\/yoast-seo-wordpress\/ -->\n<title>Pamplona destina 72.389,17 euros para reformar la sala de calderas del colegio p\u00fablico Elorri, en Mendillorri<\/title>\n<meta name=\"description\" content=\"Las calderas, de los a\u00f1os 90, ser\u00e1n sustituidas por otras con mayor rendimiento y la sala se adapta para cumplir con la normativa vigente\" \/>\n<meta name=\"robots\" content=\"index, follow, max-snippet:-1, max-image-preview:large, max-video-preview:-1\" \/>\n<link rel=\"canonical\" href=\"https:\/\/www.laguiadepamplona.com\/actualidad\/pamplona-destina-72-38917-euros-para-reformar-la-sala-de-calderas-del-colegio-publico-elorri-en-mendillorri\/\" \/>\n<meta property=\"og:locale\" content=\"es_ES\" \/>\n<meta property=\"og:type\" content=\"article\" \/>\n<meta property=\"og:title\" content=\"Pamplona destina 72.389,17 euros para reformar la sala de calderas del colegio p\u00fablico Elorri, en Mendillorri\" \/>\n<meta property=\"og:description\" content=\"Las calderas, de los a\u00f1os 90, ser\u00e1n sustituidas por otras con mayor rendimiento y la sala se adapta para cumplir con la normativa vigente\" \/>\n<meta property=\"og:url\" content=\"https:\/\/www.laguiadepamplona.com\/actualidad\/pamplona-destina-72-38917-euros-para-reformar-la-sala-de-calderas-del-colegio-publico-elorri-en-mendillorri\/\" \/>\n<meta property=\"og:site_name\" content=\"La Gu\u00eda de Pamplona\" \/>\n<meta property=\"article:publisher\" content=\"https:\/\/www.facebook.com\/laguiadepamplonacom-133175176762273\/?ref=hl\" \/>\n<meta property=\"article:published_time\" content=\"2024-08-09T15:40:14+00:00\" \/>\n<meta property=\"og:image\" content=\"https:\/\/www.laguiadepamplona.com\/actualidad\/wp-content\/uploads\/2024\/08\/calderas-elorri.webp\" \/>\n\t<meta property=\"og:image:width\" content=\"1000\" \/>\n\t<meta property=\"og:image:height\" content=\"758\" \/>\n\t<meta property=\"og:image:type\" content=\"image\/webp\" \/>\n<meta name=\"author\" content=\"La Gu\u00eda de Pamplona\" \/>\n<meta name=\"twitter:card\" content=\"summary_large_image\" \/>\n<meta name=\"twitter:creator\" content=\"@LaGuiadPamplona\" \/>\n<meta name=\"twitter:site\" content=\"@LaGuiadPamplona\" \/>\n<meta name=\"twitter:label1\" content=\"Escrito por\" \/>\n\t<meta name=\"twitter:data1\" content=\"La Gu\u00eda de Pamplona\" \/>\n\t<meta name=\"twitter:label2\" content=\"Tiempo de lectura\" \/>\n\t<meta name=\"twitter:data2\" content=\"2 minutos\" \/>\n<script type=\"application\/ld+json\" class=\"yoast-schema-graph\">{\"@context\":\"https:\\\/\\\/schema.org\",\"@graph\":[{\"@type\":\"Article\",\"@id\":\"https:\\\/\\\/www.laguiadepamplona.com\\\/actualidad\\\/pamplona-destina-72-38917-euros-para-reformar-la-sala-de-calderas-del-colegio-publico-elorri-en-mendillorri\\\/#article\",\"isPartOf\":{\"@id\":\"https:\\\/\\\/www.laguiadepamplona.com\\\/actualidad\\\/pamplona-destina-72-38917-euros-para-reformar-la-sala-de-calderas-del-colegio-publico-elorri-en-mendillorri\\\/\"},\"author\":{\"name\":\"La Gu\u00eda de Pamplona\",\"@id\":\"https:\\\/\\\/www.laguiadepamplona.com\\\/actualidad\\\/#\\\/schema\\\/person\\\/efe887376f0213d4657c93adc50b1fdb\"},\"headline\":\"Pamplona destina 72.389,17 euros para reformar la sala de calderas del colegio p\u00fablico Elorri, en Mendillorri\",\"datePublished\":\"2024-08-09T15:40:14+00:00\",\"mainEntityOfPage\":{\"@id\":\"https:\\\/\\\/www.laguiadepamplona.com\\\/actualidad\\\/pamplona-destina-72-38917-euros-para-reformar-la-sala-de-calderas-del-colegio-publico-elorri-en-mendillorri\\\/\"},\"wordCount\":398,\"commentCount\":0,\"publisher\":{\"@id\":\"https:\\\/\\\/www.laguiadepamplona.com\\\/actualidad\\\/#organization\"},\"image\":{\"@id\":\"https:\\\/\\\/www.laguiadepamplona.com\\\/actualidad\\\/pamplona-destina-72-38917-euros-para-reformar-la-sala-de-calderas-del-colegio-publico-elorri-en-mendillorri\\\/#primaryimage\"},\"thumbnailUrl\":\"https:\\\/\\\/www.laguiadepamplona.com\\\/actualidad\\\/wp-content\\\/uploads\\\/2024\\\/08\\\/calderas-elorri.webp\",\"articleSection\":[\"Ayto Pamplona\"],\"inLanguage\":\"es\",\"potentialAction\":[{\"@type\":\"CommentAction\",\"name\":\"Comment\",\"target\":[\"https:\\\/\\\/www.laguiadepamplona.com\\\/actualidad\\\/pamplona-destina-72-38917-euros-para-reformar-la-sala-de-calderas-del-colegio-publico-elorri-en-mendillorri\\\/#respond\"]}]},{\"@type\":\"WebPage\",\"@id\":\"https:\\\/\\\/www.laguiadepamplona.com\\\/actualidad\\\/pamplona-destina-72-38917-euros-para-reformar-la-sala-de-calderas-del-colegio-publico-elorri-en-mendillorri\\\/\",\"url\":\"https:\\\/\\\/www.laguiadepamplona.com\\\/actualidad\\\/pamplona-destina-72-38917-euros-para-reformar-la-sala-de-calderas-del-colegio-publico-elorri-en-mendillorri\\\/\",\"name\":\"Pamplona destina 72.389,17 euros para reformar la sala de calderas del colegio p\u00fablico Elorri, en Mendillorri\",\"isPartOf\":{\"@id\":\"https:\\\/\\\/www.laguiadepamplona.com\\\/actualidad\\\/#website\"},\"primaryImageOfPage\":{\"@id\":\"https:\\\/\\\/www.laguiadepamplona.com\\\/actualidad\\\/pamplona-destina-72-38917-euros-para-reformar-la-sala-de-calderas-del-colegio-publico-elorri-en-mendillorri\\\/#primaryimage\"},\"image\":{\"@id\":\"https:\\\/\\\/www.laguiadepamplona.com\\\/actualidad\\\/pamplona-destina-72-38917-euros-para-reformar-la-sala-de-calderas-del-colegio-publico-elorri-en-mendillorri\\\/#primaryimage\"},\"thumbnailUrl\":\"https:\\\/\\\/www.laguiadepamplona.com\\\/actualidad\\\/wp-content\\\/uploads\\\/2024\\\/08\\\/calderas-elorri.webp\",\"datePublished\":\"2024-08-09T15:40:14+00:00\",\"description\":\"Las calderas, de los a\u00f1os 90, ser\u00e1n sustituidas por otras con mayor rendimiento y la sala se adapta para cumplir con la normativa vigente\",\"breadcrumb\":{\"@id\":\"https:\\\/\\\/www.laguiadepamplona.com\\\/actualidad\\\/pamplona-destina-72-38917-euros-para-reformar-la-sala-de-calderas-del-colegio-publico-elorri-en-mendillorri\\\/#breadcrumb\"},\"inLanguage\":\"es\",\"potentialAction\":[{\"@type\":\"ReadAction\",\"target\":[\"https:\\\/\\\/www.laguiadepamplona.com\\\/actualidad\\\/pamplona-destina-72-38917-euros-para-reformar-la-sala-de-calderas-del-colegio-publico-elorri-en-mendillorri\\\/\"]}]},{\"@type\":\"ImageObject\",\"inLanguage\":\"es\",\"@id\":\"https:\\\/\\\/www.laguiadepamplona.com\\\/actualidad\\\/pamplona-destina-72-38917-euros-para-reformar-la-sala-de-calderas-del-colegio-publico-elorri-en-mendillorri\\\/#primaryimage\",\"url\":\"https:\\\/\\\/www.laguiadepamplona.com\\\/actualidad\\\/wp-content\\\/uploads\\\/2024\\\/08\\\/calderas-elorri.webp\",\"contentUrl\":\"https:\\\/\\\/www.laguiadepamplona.com\\\/actualidad\\\/wp-content\\\/uploads\\\/2024\\\/08\\\/calderas-elorri.webp\",\"width\":1000,\"height\":758,\"caption\":\"calderas elorri\"},{\"@type\":\"BreadcrumbList\",\"@id\":\"https:\\\/\\\/www.laguiadepamplona.com\\\/actualidad\\\/pamplona-destina-72-38917-euros-para-reformar-la-sala-de-calderas-del-colegio-publico-elorri-en-mendillorri\\\/#breadcrumb\",\"itemListElement\":[{\"@type\":\"ListItem\",\"position\":1,\"name\":\"Portada\",\"item\":\"https:\\\/\\\/www.laguiadepamplona.com\\\/actualidad\\\/\"},{\"@type\":\"ListItem\",\"position\":2,\"name\":\"Pamplona destina 72.389,17 euros para reformar la sala de calderas del colegio p\u00fablico Elorri, en Mendillorri\"}]},{\"@type\":\"WebSite\",\"@id\":\"https:\\\/\\\/www.laguiadepamplona.com\\\/actualidad\\\/#website\",\"url\":\"https:\\\/\\\/www.laguiadepamplona.com\\\/actualidad\\\/\",\"name\":\"La gu\u00eda de Pamplona\",\"description\":\"Noticias de Pamplona\",\"publisher\":{\"@id\":\"https:\\\/\\\/www.laguiadepamplona.com\\\/actualidad\\\/#organization\"},\"potentialAction\":[{\"@type\":\"SearchAction\",\"target\":{\"@type\":\"EntryPoint\",\"urlTemplate\":\"https:\\\/\\\/www.laguiadepamplona.com\\\/actualidad\\\/?s={search_term_string}\"},\"query-input\":{\"@type\":\"PropertyValueSpecification\",\"valueRequired\":true,\"valueName\":\"search_term_string\"}}],\"inLanguage\":\"es\"},{\"@type\":\"Organization\",\"@id\":\"https:\\\/\\\/www.laguiadepamplona.com\\\/actualidad\\\/#organization\",\"name\":\"La Gu\u00eda de Pamplona \\\/ Noticias\",\"url\":\"https:\\\/\\\/www.laguiadepamplona.com\\\/actualidad\\\/\",\"logo\":{\"@type\":\"ImageObject\",\"inLanguage\":\"es\",\"@id\":\"https:\\\/\\\/www.laguiadepamplona.com\\\/actualidad\\\/#\\\/schema\\\/logo\\\/image\\\/\",\"url\":\"https:\\\/\\\/www.laguiadepamplona.com\\\/actualidad\\\/wp-content\\\/uploads\\\/2018\\\/11\\\/logo-laguiadepamplona18-web1.png\",\"contentUrl\":\"https:\\\/\\\/www.laguiadepamplona.com\\\/actualidad\\\/wp-content\\\/uploads\\\/2018\\\/11\\\/logo-laguiadepamplona18-web1.png\",\"width\":600,\"height\":196,\"caption\":\"La Gu\u00eda de Pamplona \\\/ Noticias\"},\"image\":{\"@id\":\"https:\\\/\\\/www.laguiadepamplona.com\\\/actualidad\\\/#\\\/schema\\\/logo\\\/image\\\/\"},\"sameAs\":[\"https:\\\/\\\/www.facebook.com\\\/laguiadepamplonacom-133175176762273\\\/?ref=hl\",\"https:\\\/\\\/x.com\\\/LaGuiadPamplona\",\"https:\\\/\\\/www.instagram.com\\\/la_guia_de_pamplona\\\/\",\"https:\\\/\\\/www.youtube.com\\\/user\\\/laguiadepamplona\"]},{\"@type\":\"Person\",\"@id\":\"https:\\\/\\\/www.laguiadepamplona.com\\\/actualidad\\\/#\\\/schema\\\/person\\\/efe887376f0213d4657c93adc50b1fdb\",\"name\":\"La Gu\u00eda de Pamplona\",\"image\":{\"@type\":\"ImageObject\",\"inLanguage\":\"es\",\"@id\":\"https:\\\/\\\/secure.gravatar.com\\\/avatar\\\/b6992f131dc8d30ab0dff15446e9d346d9dbd95992de0fef795073f5ea83a81c?s=96&d=mm&r=g\",\"url\":\"https:\\\/\\\/secure.gravatar.com\\\/avatar\\\/b6992f131dc8d30ab0dff15446e9d346d9dbd95992de0fef795073f5ea83a81c?s=96&d=mm&r=g\",\"contentUrl\":\"https:\\\/\\\/secure.gravatar.com\\\/avatar\\\/b6992f131dc8d30ab0dff15446e9d346d9dbd95992de0fef795073f5ea83a81c?s=96&d=mm&r=g\",\"caption\":\"La Gu\u00eda de Pamplona\"}}]}<\/script>\n<!-- \/ Yoast SEO plugin. -->","yoast_head_json":{"title":"Pamplona destina 72.389,17 euros para reformar la sala de calderas del colegio p\u00fablico Elorri, en Mendillorri","description":"Las calderas, de los a\u00f1os 90, ser\u00e1n sustituidas por otras con mayor rendimiento y la sala se adapta para cumplir con la normativa vigente","robots":{"index":"index","follow":"follow","max-snippet":"max-snippet:-1","max-image-preview":"max-image-preview:large","max-video-preview":"max-video-preview:-1"},"canonical":"https:\/\/www.laguiadepamplona.com\/actualidad\/pamplona-destina-72-38917-euros-para-reformar-la-sala-de-calderas-del-colegio-publico-elorri-en-mendillorri\/","og_locale":"es_ES","og_type":"article","og_title":"Pamplona destina 72.389,17 euros para reformar la sala de calderas del colegio p\u00fablico Elorri, en Mendillorri","og_description":"Las calderas, de los a\u00f1os 90, ser\u00e1n sustituidas por otras con mayor rendimiento y la sala se adapta para cumplir con la normativa vigente","og_url":"https:\/\/www.laguiadepamplona.com\/actualidad\/pamplona-destina-72-38917-euros-para-reformar-la-sala-de-calderas-del-colegio-publico-elorri-en-mendillorri\/","og_site_name":"La Gu\u00eda de Pamplona","article_publisher":"https:\/\/www.facebook.com\/laguiadepamplonacom-133175176762273\/?ref=hl","article_published_time":"2024-08-09T15:40:14+00:00","og_image":[{"width":1000,"height":758,"url":"https:\/\/www.laguiadepamplona.com\/actualidad\/wp-content\/uploads\/2024\/08\/calderas-elorri.webp","type":"image\/webp"}],"author":"La Gu\u00eda de Pamplona","twitter_card":"summary_large_image","twitter_creator":"@LaGuiadPamplona","twitter_site":"@LaGuiadPamplona","twitter_misc":{"Escrito por":"La Gu\u00eda de Pamplona","Tiempo de lectura":"2 minutos"},"schema":{"@context":"https:\/\/schema.org","@graph":[{"@type":"Article","@id":"https:\/\/www.laguiadepamplona.com\/actualidad\/pamplona-destina-72-38917-euros-para-reformar-la-sala-de-calderas-del-colegio-publico-elorri-en-mendillorri\/#article","isPartOf":{"@id":"https:\/\/www.laguiadepamplona.com\/actualidad\/pamplona-destina-72-38917-euros-para-reformar-la-sala-de-calderas-del-colegio-publico-elorri-en-mendillorri\/"},"author":{"name":"La Gu\u00eda de Pamplona","@id":"https:\/\/www.laguiadepamplona.com\/actualidad\/#\/schema\/person\/efe887376f0213d4657c93adc50b1fdb"},"headline":"Pamplona destina 72.389,17 euros para reformar la sala de calderas del colegio p\u00fablico Elorri, en Mendillorri","datePublished":"2024-08-09T15:40:14+00:00","mainEntityOfPage":{"@id":"https:\/\/www.laguiadepamplona.com\/actualidad\/pamplona-destina-72-38917-euros-para-reformar-la-sala-de-calderas-del-colegio-publico-elorri-en-mendillorri\/"},"wordCount":398,"commentCount":0,"publisher":{"@id":"https:\/\/www.laguiadepamplona.com\/actualidad\/#organization"},"image":{"@id":"https:\/\/www.laguiadepamplona.com\/actualidad\/pamplona-destina-72-38917-euros-para-reformar-la-sala-de-calderas-del-colegio-publico-elorri-en-mendillorri\/#primaryimage"},"thumbnailUrl":"https:\/\/www.laguiadepamplona.com\/actualidad\/wp-content\/uploads\/2024\/08\/calderas-elorri.webp","articleSection":["Ayto Pamplona"],"inLanguage":"es","potentialAction":[{"@type":"CommentAction","name":"Comment","target":["https:\/\/www.laguiadepamplona.com\/actualidad\/pamplona-destina-72-38917-euros-para-reformar-la-sala-de-calderas-del-colegio-publico-elorri-en-mendillorri\/#respond"]}]},{"@type":"WebPage","@id":"https:\/\/www.laguiadepamplona.com\/actualidad\/pamplona-destina-72-38917-euros-para-reformar-la-sala-de-calderas-del-colegio-publico-elorri-en-mendillorri\/","url":"https:\/\/www.laguiadepamplona.com\/actualidad\/pamplona-destina-72-38917-euros-para-reformar-la-sala-de-calderas-del-colegio-publico-elorri-en-mendillorri\/","name":"Pamplona destina 72.389,17 euros para reformar la sala de calderas del colegio p\u00fablico Elorri, en Mendillorri","isPartOf":{"@id":"https:\/\/www.laguiadepamplona.com\/actualidad\/#website"},"primaryImageOfPage":{"@id":"https:\/\/www.laguiadepamplona.com\/actualidad\/pamplona-destina-72-38917-euros-para-reformar-la-sala-de-calderas-del-colegio-publico-elorri-en-mendillorri\/#primaryimage"},"image":{"@id":"https:\/\/www.laguiadepamplona.com\/actualidad\/pamplona-destina-72-38917-euros-para-reformar-la-sala-de-calderas-del-colegio-publico-elorri-en-mendillorri\/#primaryimage"},"thumbnailUrl":"https:\/\/www.laguiadepamplona.com\/actualidad\/wp-content\/uploads\/2024\/08\/calderas-elorri.webp","datePublished":"2024-08-09T15:40:14+00:00","description":"Las calderas, de los a\u00f1os 90, ser\u00e1n sustituidas por otras con mayor rendimiento y la sala se adapta para cumplir con la normativa vigente","breadcrumb":{"@id":"https:\/\/www.laguiadepamplona.com\/actualidad\/pamplona-destina-72-38917-euros-para-reformar-la-sala-de-calderas-del-colegio-publico-elorri-en-mendillorri\/#breadcrumb"},"inLanguage":"es","potentialAction":[{"@type":"ReadAction","target":["https:\/\/www.laguiadepamplona.com\/actualidad\/pamplona-destina-72-38917-euros-para-reformar-la-sala-de-calderas-del-colegio-publico-elorri-en-mendillorri\/"]}]},{"@type":"ImageObject","inLanguage":"es","@id":"https:\/\/www.laguiadepamplona.com\/actualidad\/pamplona-destina-72-38917-euros-para-reformar-la-sala-de-calderas-del-colegio-publico-elorri-en-mendillorri\/#primaryimage","url":"https:\/\/www.laguiadepamplona.com\/actualidad\/wp-content\/uploads\/2024\/08\/calderas-elorri.webp","contentUrl":"https:\/\/www.laguiadepamplona.com\/actualidad\/wp-content\/uploads\/2024\/08\/calderas-elorri.webp","width":1000,"height":758,"caption":"calderas elorri"},{"@type":"BreadcrumbList","@id":"https:\/\/www.laguiadepamplona.com\/actualidad\/pamplona-destina-72-38917-euros-para-reformar-la-sala-de-calderas-del-colegio-publico-elorri-en-mendillorri\/#breadcrumb","itemListElement":[{"@type":"ListItem","position":1,"name":"Portada","item":"https:\/\/www.laguiadepamplona.com\/actualidad\/"},{"@type":"ListItem","position":2,"name":"Pamplona destina 72.389,17 euros para reformar la sala de calderas del colegio p\u00fablico Elorri, en Mendillorri"}]},{"@type":"WebSite","@id":"https:\/\/www.laguiadepamplona.com\/actualidad\/#website","url":"https:\/\/www.laguiadepamplona.com\/actualidad\/","name":"La gu\u00eda de Pamplona","description":"Noticias de Pamplona","publisher":{"@id":"https:\/\/www.laguiadepamplona.com\/actualidad\/#organization"},"potentialAction":[{"@type":"SearchAction","target":{"@type":"EntryPoint","urlTemplate":"https:\/\/www.laguiadepamplona.com\/actualidad\/?s={search_term_string}"},"query-input":{"@type":"PropertyValueSpecification","valueRequired":true,"valueName":"search_term_string"}}],"inLanguage":"es"},{"@type":"Organization","@id":"https:\/\/www.laguiadepamplona.com\/actualidad\/#organization","name":"La Gu\u00eda de Pamplona \/ Noticias","url":"https:\/\/www.laguiadepamplona.com\/actualidad\/","logo":{"@type":"ImageObject","inLanguage":"es","@id":"https:\/\/www.laguiadepamplona.com\/actualidad\/#\/schema\/logo\/image\/","url":"https:\/\/www.laguiadepamplona.com\/actualidad\/wp-content\/uploads\/2018\/11\/logo-laguiadepamplona18-web1.png","contentUrl":"https:\/\/www.laguiadepamplona.com\/actualidad\/wp-content\/uploads\/2018\/11\/logo-laguiadepamplona18-web1.png","width":600,"height":196,"caption":"La Gu\u00eda de Pamplona \/ Noticias"},"image":{"@id":"https:\/\/www.laguiadepamplona.com\/actualidad\/#\/schema\/logo\/image\/"},"sameAs":["https:\/\/www.facebook.com\/laguiadepamplonacom-133175176762273\/?ref=hl","https:\/\/x.com\/LaGuiadPamplona","https:\/\/www.instagram.com\/la_guia_de_pamplona\/","https:\/\/www.youtube.com\/user\/laguiadepamplona"]},{"@type":"Person","@id":"https:\/\/www.laguiadepamplona.com\/actualidad\/#\/schema\/person\/efe887376f0213d4657c93adc50b1fdb","name":"La Gu\u00eda de Pamplona","image":{"@type":"ImageObject","inLanguage":"es","@id":"https:\/\/secure.gravatar.com\/avatar\/b6992f131dc8d30ab0dff15446e9d346d9dbd95992de0fef795073f5ea83a81c?s=96&d=mm&r=g","url":"https:\/\/secure.gravatar.com\/avatar\/b6992f131dc8d30ab0dff15446e9d346d9dbd95992de0fef795073f5ea83a81c?s=96&d=mm&r=g","contentUrl":"https:\/\/secure.gravatar.com\/avatar\/b6992f131dc8d30ab0dff15446e9d346d9dbd95992de0fef795073f5ea83a81c?s=96&d=mm&r=g","caption":"La Gu\u00eda de Pamplona"}}]}},"post_mailing_queue_ids":[],"_links":{"self":[{"href":"https:\/\/www.laguiadepamplona.com\/actualidad\/wp-json\/wp\/v2\/posts\/50474","targetHints":{"allow":["GET"]}}],"collection":[{"href":"https:\/\/www.laguiadepamplona.com\/actualidad\/wp-json\/wp\/v2\/posts"}],"about":[{"href":"https:\/\/www.laguiadepamplona.com\/actualidad\/wp-json\/wp\/v2\/types\/post"}],"author":[{"embeddable":true,"href":"https:\/\/www.laguiadepamplona.com\/actualidad\/wp-json\/wp\/v2\/users\/1"}],"replies":[{"embeddable":true,"href":"https:\/\/www.laguiadepamplona.com\/actualidad\/wp-json\/wp\/v2\/comments?post=50474"}],"version-history":[{"count":1,"href":"https:\/\/www.laguiadepamplona.com\/actualidad\/wp-json\/wp\/v2\/posts\/50474\/revisions"}],"predecessor-version":[{"id":50476,"href":"https:\/\/www.laguiadepamplona.com\/actualidad\/wp-json\/wp\/v2\/posts\/50474\/revisions\/50476"}],"wp:featuredmedia":[{"embeddable":true,"href":"https:\/\/www.laguiadepamplona.com\/actualidad\/wp-json\/wp\/v2\/media\/50475"}],"wp:attachment":[{"href":"https:\/\/www.laguiadepamplona.com\/actualidad\/wp-json\/wp\/v2\/media?parent=50474"}],"wp:term":[{"taxonomy":"category","embeddable":true,"href":"https:\/\/www.laguiadepamplona.com\/actualidad\/wp-json\/wp\/v2\/categories?post=50474"},{"taxonomy":"post_tag","embeddable":true,"href":"https:\/\/www.laguiadepamplona.com\/actualidad\/wp-json\/wp\/v2\/tags?post=50474"}],"curies":[{"name":"wp","href":"https:\/\/api.w.org\/{rel}","templated":true}]}}