{"id":50472,"date":"2024-08-09T17:38:59","date_gmt":"2024-08-09T15:38:59","guid":{"rendered":"https:\/\/www.laguiadepamplona.com\/actualidad\/?p=50472"},"modified":"2024-08-09T17:38:59","modified_gmt":"2024-08-09T15:38:59","slug":"una-comedia-romantica-y-un-musical-abren-la-semana-que-viene-las-noches-de-cine-en-el-parque-yamaguchi-y-el-paseo-de-buztintxuri","status":"publish","type":"post","link":"https:\/\/www.laguiadepamplona.com\/actualidad\/una-comedia-romantica-y-un-musical-abren-la-semana-que-viene-las-noches-de-cine-en-el-parque-yamaguchi-y-el-paseo-de-buztintxuri\/","title":{"rendered":"Una comedia rom\u00e1ntica y un musical abren la semana que viene las Noches de cine en el parque Yamaguchi y el paseo de Buztintxuri"},"content":{"rendered":"<h2>Lunes y martes se proyectar\u00e1n \u2018Viaje al para\u00edso\u2019 y \u2018Lilo, mi amigo el cocodrilo\u2019, respectivamente, en sesiones que comenzar\u00e1n a las 22 horas<\/h2>\n<p><!--more--><\/p>\n<p>El cine de verano al aire libre del Ayuntamiento de pamplona llega a su ecuador esta pr\u00f3xima semana. Noches de cine propone a la ciudadan\u00eda una pel\u00edcula para cada noche en un espacio p\u00fablico abierto de la ciudad, calle o plaza, a las 22 horas, en sesiones de exhibici\u00f3n gratuitas. Esta semana ser\u00e1n cuatro las veladas porque el jueves 15 de agosto, festivo, no se encender\u00e1 el proyector.<\/p>\n<p>Dos pel\u00edculas para todos los p\u00fablicos son la propuesta municipal para el inicio de la semana. El lunes al parque de Yamaguchi llegar\u00e1 \u2018Viaje al para\u00edso\u2019, (EEUU, 2022, 104\u2019), una comedia rom\u00e1ntica ambientada en Bali y con dos caras muy conocidas entre el elenco que la convierten en una apuesta segura: los protagonistas est\u00e1n encarnados por George Clooney y Julia Roberts. EEUU, 2022, 104\u2019). El argumento se centra en el intento de una pareja divorciada de evitar que su hija, perdidamente enamorada, cometa el mismo error que creen que cometieron ellos 25 a\u00f1os atr\u00e1s.<\/p>\n<p>El martes, la sala de proyecciones ser\u00e1 el paseo de Buztintxuri con la proyecci\u00f3n de \u2018Lilo, mi amigo el cocodrilo\u2019 (EEUU, 2022, 106\u2019), un musical de g\u00e9nero fant\u00e1stico en el que participa Javier Bardem, que tambi\u00e9n canta y baila como los dem\u00e1s miembros del reparto. Cuando la familia Primm se mude a Nueva York, su hijo adolescente Josh luchar\u00e1 por adaptarse a su nueva escuela y nuevos amigos. Todo eso cambia cuando descubre m\u00fasica viviendo en el \u00e1tico de su nueva casa a Lilo, un cocodrilo cantante. En versi\u00f3n original, el protagonista tiene la voz del conocid\u00edsimo cantante Shawn Mendes. La cinta es adaptaci\u00f3n de los cuentos infantiles de Will Speck y Josh Gordon.<\/p>\n<h3>La semana de Noches de cine<\/h3>\n<ul>\n<li><strong>Lunes 12 de agosto<\/strong>\n<ul>\n<li>Viaje al para\u00edso (EEUU, 2022, 104\u2019). Para todos los p\u00fablicos<\/li>\n<li>Parque Yamaguchi. San Juan<\/li>\n<\/ul>\n<\/li>\n<li><strong>Martes 13 de agosto<\/strong>\n<ul>\n<li>Lilo, mi amigo el cocodrilo (Para todos los p\u00fablicos)<\/li>\n<li>Paseo de Buztintxuri<\/li>\n<\/ul>\n<\/li>\n<li><strong>Mi\u00e9rcoles 14 de agosto <\/strong>\n<ul>\n<li>Paperezko Hegazkinak (Euskera. Para todos los p\u00fablicos)<\/li>\n<li>Plaza Doctor Gortari. San Jorge<\/li>\n<\/ul>\n<\/li>\n<li><strong>Viernes 16 de agosto<\/strong>\n<ul>\n<li>Momias (Para todos los p\u00fablicos)<\/li>\n<li>Parque de los Enamorados. Rochapea<\/li>\n<\/ul>\n<\/li>\n<\/ul>\n","protected":false},"excerpt":{"rendered":"<p>Lunes y martes se proyectar\u00e1n \u2018Viaje al para\u00edso\u2019 y \u2018Lilo, mi amigo el cocodrilo\u2019, respectivamente, en sesiones que comenzar\u00e1n a las 22 horas<\/p>\n","protected":false},"author":1,"featured_media":41383,"comment_status":"open","ping_status":"closed","sticky":false,"template":"","format":"standard","meta":{"footnotes":""},"categories":[2],"tags":[],"class_list":["post-50472","post","type-post","status-publish","format-standard","has-post-thumbnail","hentry","category-ayuntamiento-pamplona"],"yoast_head":"<!-- This site is optimized with the Yoast SEO plugin v27.5 - https:\/\/yoast.com\/product\/yoast-seo-wordpress\/ -->\n<title>Una comedia rom\u00e1ntica y un musical abren la semana que viene las Noches de cine en el parque Yamaguchi y el paseo de Buztintxuri<\/title>\n<meta name=\"description\" content=\"Lunes y martes se proyectar\u00e1n \u2018Viaje al para\u00edso\u2019 y \u2018Lilo, mi amigo el cocodrilo\u2019, respectivamente, en sesiones que comenzar\u00e1n a las 22 horas\" \/>\n<meta name=\"robots\" content=\"index, follow, max-snippet:-1, max-image-preview:large, max-video-preview:-1\" \/>\n<link rel=\"canonical\" href=\"https:\/\/www.laguiadepamplona.com\/actualidad\/una-comedia-romantica-y-un-musical-abren-la-semana-que-viene-las-noches-de-cine-en-el-parque-yamaguchi-y-el-paseo-de-buztintxuri\/\" \/>\n<meta property=\"og:locale\" content=\"es_ES\" \/>\n<meta property=\"og:type\" content=\"article\" \/>\n<meta property=\"og:title\" content=\"Una comedia rom\u00e1ntica y un musical abren la semana que viene las Noches de cine en el parque Yamaguchi y el paseo de Buztintxuri\" \/>\n<meta property=\"og:description\" content=\"Lunes y martes se proyectar\u00e1n \u2018Viaje al para\u00edso\u2019 y \u2018Lilo, mi amigo el cocodrilo\u2019, respectivamente, en sesiones que comenzar\u00e1n a las 22 horas\" \/>\n<meta property=\"og:url\" content=\"https:\/\/www.laguiadepamplona.com\/actualidad\/una-comedia-romantica-y-un-musical-abren-la-semana-que-viene-las-noches-de-cine-en-el-parque-yamaguchi-y-el-paseo-de-buztintxuri\/\" \/>\n<meta property=\"og:site_name\" content=\"La Gu\u00eda de Pamplona\" \/>\n<meta property=\"article:publisher\" content=\"https:\/\/www.facebook.com\/laguiadepamplonacom-133175176762273\/?ref=hl\" \/>\n<meta property=\"article:published_time\" content=\"2024-08-09T15:38:59+00:00\" \/>\n<meta property=\"og:image\" content=\"https:\/\/www.laguiadepamplona.com\/actualidad\/wp-content\/uploads\/2022\/08\/Q5A8510nochescine22-08-18.webp\" \/>\n\t<meta property=\"og:image:width\" content=\"1920\" \/>\n\t<meta property=\"og:image:height\" content=\"1281\" \/>\n\t<meta property=\"og:image:type\" content=\"image\/webp\" \/>\n<meta name=\"author\" content=\"La Gu\u00eda de Pamplona\" \/>\n<meta name=\"twitter:card\" content=\"summary_large_image\" \/>\n<meta name=\"twitter:creator\" content=\"@LaGuiadPamplona\" \/>\n<meta name=\"twitter:site\" content=\"@LaGuiadPamplona\" \/>\n<meta name=\"twitter:label1\" content=\"Escrito por\" \/>\n\t<meta name=\"twitter:data1\" content=\"La Gu\u00eda de Pamplona\" \/>\n\t<meta name=\"twitter:label2\" content=\"Tiempo de lectura\" \/>\n\t<meta name=\"twitter:data2\" content=\"2 minutos\" \/>\n<script type=\"application\/ld+json\" class=\"yoast-schema-graph\">{\"@context\":\"https:\\\/\\\/schema.org\",\"@graph\":[{\"@type\":\"Article\",\"@id\":\"https:\\\/\\\/www.laguiadepamplona.com\\\/actualidad\\\/una-comedia-romantica-y-un-musical-abren-la-semana-que-viene-las-noches-de-cine-en-el-parque-yamaguchi-y-el-paseo-de-buztintxuri\\\/#article\",\"isPartOf\":{\"@id\":\"https:\\\/\\\/www.laguiadepamplona.com\\\/actualidad\\\/una-comedia-romantica-y-un-musical-abren-la-semana-que-viene-las-noches-de-cine-en-el-parque-yamaguchi-y-el-paseo-de-buztintxuri\\\/\"},\"author\":{\"name\":\"La Gu\u00eda de Pamplona\",\"@id\":\"https:\\\/\\\/www.laguiadepamplona.com\\\/actualidad\\\/#\\\/schema\\\/person\\\/efe887376f0213d4657c93adc50b1fdb\"},\"headline\":\"Una comedia rom\u00e1ntica y un musical abren la semana que viene las Noches de cine en el parque Yamaguchi y el paseo de Buztintxuri\",\"datePublished\":\"2024-08-09T15:38:59+00:00\",\"mainEntityOfPage\":{\"@id\":\"https:\\\/\\\/www.laguiadepamplona.com\\\/actualidad\\\/una-comedia-romantica-y-un-musical-abren-la-semana-que-viene-las-noches-de-cine-en-el-parque-yamaguchi-y-el-paseo-de-buztintxuri\\\/\"},\"wordCount\":409,\"commentCount\":0,\"publisher\":{\"@id\":\"https:\\\/\\\/www.laguiadepamplona.com\\\/actualidad\\\/#organization\"},\"image\":{\"@id\":\"https:\\\/\\\/www.laguiadepamplona.com\\\/actualidad\\\/una-comedia-romantica-y-un-musical-abren-la-semana-que-viene-las-noches-de-cine-en-el-parque-yamaguchi-y-el-paseo-de-buztintxuri\\\/#primaryimage\"},\"thumbnailUrl\":\"https:\\\/\\\/www.laguiadepamplona.com\\\/actualidad\\\/wp-content\\\/uploads\\\/2022\\\/08\\\/Q5A8510nochescine22-08-18.webp\",\"articleSection\":[\"Ayto Pamplona\"],\"inLanguage\":\"es\",\"potentialAction\":[{\"@type\":\"CommentAction\",\"name\":\"Comment\",\"target\":[\"https:\\\/\\\/www.laguiadepamplona.com\\\/actualidad\\\/una-comedia-romantica-y-un-musical-abren-la-semana-que-viene-las-noches-de-cine-en-el-parque-yamaguchi-y-el-paseo-de-buztintxuri\\\/#respond\"]}]},{\"@type\":\"WebPage\",\"@id\":\"https:\\\/\\\/www.laguiadepamplona.com\\\/actualidad\\\/una-comedia-romantica-y-un-musical-abren-la-semana-que-viene-las-noches-de-cine-en-el-parque-yamaguchi-y-el-paseo-de-buztintxuri\\\/\",\"url\":\"https:\\\/\\\/www.laguiadepamplona.com\\\/actualidad\\\/una-comedia-romantica-y-un-musical-abren-la-semana-que-viene-las-noches-de-cine-en-el-parque-yamaguchi-y-el-paseo-de-buztintxuri\\\/\",\"name\":\"Una comedia rom\u00e1ntica y un musical abren la semana que viene las Noches de cine en el parque Yamaguchi y el paseo de Buztintxuri\",\"isPartOf\":{\"@id\":\"https:\\\/\\\/www.laguiadepamplona.com\\\/actualidad\\\/#website\"},\"primaryImageOfPage\":{\"@id\":\"https:\\\/\\\/www.laguiadepamplona.com\\\/actualidad\\\/una-comedia-romantica-y-un-musical-abren-la-semana-que-viene-las-noches-de-cine-en-el-parque-yamaguchi-y-el-paseo-de-buztintxuri\\\/#primaryimage\"},\"image\":{\"@id\":\"https:\\\/\\\/www.laguiadepamplona.com\\\/actualidad\\\/una-comedia-romantica-y-un-musical-abren-la-semana-que-viene-las-noches-de-cine-en-el-parque-yamaguchi-y-el-paseo-de-buztintxuri\\\/#primaryimage\"},\"thumbnailUrl\":\"https:\\\/\\\/www.laguiadepamplona.com\\\/actualidad\\\/wp-content\\\/uploads\\\/2022\\\/08\\\/Q5A8510nochescine22-08-18.webp\",\"datePublished\":\"2024-08-09T15:38:59+00:00\",\"description\":\"Lunes y martes se proyectar\u00e1n \u2018Viaje al para\u00edso\u2019 y \u2018Lilo, mi amigo el cocodrilo\u2019, respectivamente, en sesiones que comenzar\u00e1n a las 22 horas\",\"breadcrumb\":{\"@id\":\"https:\\\/\\\/www.laguiadepamplona.com\\\/actualidad\\\/una-comedia-romantica-y-un-musical-abren-la-semana-que-viene-las-noches-de-cine-en-el-parque-yamaguchi-y-el-paseo-de-buztintxuri\\\/#breadcrumb\"},\"inLanguage\":\"es\",\"potentialAction\":[{\"@type\":\"ReadAction\",\"target\":[\"https:\\\/\\\/www.laguiadepamplona.com\\\/actualidad\\\/una-comedia-romantica-y-un-musical-abren-la-semana-que-viene-las-noches-de-cine-en-el-parque-yamaguchi-y-el-paseo-de-buztintxuri\\\/\"]}]},{\"@type\":\"ImageObject\",\"inLanguage\":\"es\",\"@id\":\"https:\\\/\\\/www.laguiadepamplona.com\\\/actualidad\\\/una-comedia-romantica-y-un-musical-abren-la-semana-que-viene-las-noches-de-cine-en-el-parque-yamaguchi-y-el-paseo-de-buztintxuri\\\/#primaryimage\",\"url\":\"https:\\\/\\\/www.laguiadepamplona.com\\\/actualidad\\\/wp-content\\\/uploads\\\/2022\\\/08\\\/Q5A8510nochescine22-08-18.webp\",\"contentUrl\":\"https:\\\/\\\/www.laguiadepamplona.com\\\/actualidad\\\/wp-content\\\/uploads\\\/2022\\\/08\\\/Q5A8510nochescine22-08-18.webp\",\"width\":1920,\"height\":1281},{\"@type\":\"BreadcrumbList\",\"@id\":\"https:\\\/\\\/www.laguiadepamplona.com\\\/actualidad\\\/una-comedia-romantica-y-un-musical-abren-la-semana-que-viene-las-noches-de-cine-en-el-parque-yamaguchi-y-el-paseo-de-buztintxuri\\\/#breadcrumb\",\"itemListElement\":[{\"@type\":\"ListItem\",\"position\":1,\"name\":\"Portada\",\"item\":\"https:\\\/\\\/www.laguiadepamplona.com\\\/actualidad\\\/\"},{\"@type\":\"ListItem\",\"position\":2,\"name\":\"Una comedia rom\u00e1ntica y un musical abren la semana que viene las Noches de cine en el parque Yamaguchi y el paseo de Buztintxuri\"}]},{\"@type\":\"WebSite\",\"@id\":\"https:\\\/\\\/www.laguiadepamplona.com\\\/actualidad\\\/#website\",\"url\":\"https:\\\/\\\/www.laguiadepamplona.com\\\/actualidad\\\/\",\"name\":\"La gu\u00eda de Pamplona\",\"description\":\"Noticias de Pamplona\",\"publisher\":{\"@id\":\"https:\\\/\\\/www.laguiadepamplona.com\\\/actualidad\\\/#organization\"},\"potentialAction\":[{\"@type\":\"SearchAction\",\"target\":{\"@type\":\"EntryPoint\",\"urlTemplate\":\"https:\\\/\\\/www.laguiadepamplona.com\\\/actualidad\\\/?s={search_term_string}\"},\"query-input\":{\"@type\":\"PropertyValueSpecification\",\"valueRequired\":true,\"valueName\":\"search_term_string\"}}],\"inLanguage\":\"es\"},{\"@type\":\"Organization\",\"@id\":\"https:\\\/\\\/www.laguiadepamplona.com\\\/actualidad\\\/#organization\",\"name\":\"La Gu\u00eda de Pamplona \\\/ Noticias\",\"url\":\"https:\\\/\\\/www.laguiadepamplona.com\\\/actualidad\\\/\",\"logo\":{\"@type\":\"ImageObject\",\"inLanguage\":\"es\",\"@id\":\"https:\\\/\\\/www.laguiadepamplona.com\\\/actualidad\\\/#\\\/schema\\\/logo\\\/image\\\/\",\"url\":\"https:\\\/\\\/www.laguiadepamplona.com\\\/actualidad\\\/wp-content\\\/uploads\\\/2018\\\/11\\\/logo-laguiadepamplona18-web1.png\",\"contentUrl\":\"https:\\\/\\\/www.laguiadepamplona.com\\\/actualidad\\\/wp-content\\\/uploads\\\/2018\\\/11\\\/logo-laguiadepamplona18-web1.png\",\"width\":600,\"height\":196,\"caption\":\"La Gu\u00eda de Pamplona \\\/ Noticias\"},\"image\":{\"@id\":\"https:\\\/\\\/www.laguiadepamplona.com\\\/actualidad\\\/#\\\/schema\\\/logo\\\/image\\\/\"},\"sameAs\":[\"https:\\\/\\\/www.facebook.com\\\/laguiadepamplonacom-133175176762273\\\/?ref=hl\",\"https:\\\/\\\/x.com\\\/LaGuiadPamplona\",\"https:\\\/\\\/www.instagram.com\\\/la_guia_de_pamplona\\\/\",\"https:\\\/\\\/www.youtube.com\\\/user\\\/laguiadepamplona\"]},{\"@type\":\"Person\",\"@id\":\"https:\\\/\\\/www.laguiadepamplona.com\\\/actualidad\\\/#\\\/schema\\\/person\\\/efe887376f0213d4657c93adc50b1fdb\",\"name\":\"La Gu\u00eda de Pamplona\",\"image\":{\"@type\":\"ImageObject\",\"inLanguage\":\"es\",\"@id\":\"https:\\\/\\\/secure.gravatar.com\\\/avatar\\\/b6992f131dc8d30ab0dff15446e9d346d9dbd95992de0fef795073f5ea83a81c?s=96&d=mm&r=g\",\"url\":\"https:\\\/\\\/secure.gravatar.com\\\/avatar\\\/b6992f131dc8d30ab0dff15446e9d346d9dbd95992de0fef795073f5ea83a81c?s=96&d=mm&r=g\",\"contentUrl\":\"https:\\\/\\\/secure.gravatar.com\\\/avatar\\\/b6992f131dc8d30ab0dff15446e9d346d9dbd95992de0fef795073f5ea83a81c?s=96&d=mm&r=g\",\"caption\":\"La Gu\u00eda de Pamplona\"}}]}<\/script>\n<!-- \/ Yoast SEO plugin. -->","yoast_head_json":{"title":"Una comedia rom\u00e1ntica y un musical abren la semana que viene las Noches de cine en el parque Yamaguchi y el paseo de Buztintxuri","description":"Lunes y martes se proyectar\u00e1n \u2018Viaje al para\u00edso\u2019 y \u2018Lilo, mi amigo el cocodrilo\u2019, respectivamente, en sesiones que comenzar\u00e1n a las 22 horas","robots":{"index":"index","follow":"follow","max-snippet":"max-snippet:-1","max-image-preview":"max-image-preview:large","max-video-preview":"max-video-preview:-1"},"canonical":"https:\/\/www.laguiadepamplona.com\/actualidad\/una-comedia-romantica-y-un-musical-abren-la-semana-que-viene-las-noches-de-cine-en-el-parque-yamaguchi-y-el-paseo-de-buztintxuri\/","og_locale":"es_ES","og_type":"article","og_title":"Una comedia rom\u00e1ntica y un musical abren la semana que viene las Noches de cine en el parque Yamaguchi y el paseo de Buztintxuri","og_description":"Lunes y martes se proyectar\u00e1n \u2018Viaje al para\u00edso\u2019 y \u2018Lilo, mi amigo el cocodrilo\u2019, respectivamente, en sesiones que comenzar\u00e1n a las 22 horas","og_url":"https:\/\/www.laguiadepamplona.com\/actualidad\/una-comedia-romantica-y-un-musical-abren-la-semana-que-viene-las-noches-de-cine-en-el-parque-yamaguchi-y-el-paseo-de-buztintxuri\/","og_site_name":"La Gu\u00eda de Pamplona","article_publisher":"https:\/\/www.facebook.com\/laguiadepamplonacom-133175176762273\/?ref=hl","article_published_time":"2024-08-09T15:38:59+00:00","og_image":[{"width":1920,"height":1281,"url":"https:\/\/www.laguiadepamplona.com\/actualidad\/wp-content\/uploads\/2022\/08\/Q5A8510nochescine22-08-18.webp","type":"image\/webp"}],"author":"La Gu\u00eda de Pamplona","twitter_card":"summary_large_image","twitter_creator":"@LaGuiadPamplona","twitter_site":"@LaGuiadPamplona","twitter_misc":{"Escrito por":"La Gu\u00eda de Pamplona","Tiempo de lectura":"2 minutos"},"schema":{"@context":"https:\/\/schema.org","@graph":[{"@type":"Article","@id":"https:\/\/www.laguiadepamplona.com\/actualidad\/una-comedia-romantica-y-un-musical-abren-la-semana-que-viene-las-noches-de-cine-en-el-parque-yamaguchi-y-el-paseo-de-buztintxuri\/#article","isPartOf":{"@id":"https:\/\/www.laguiadepamplona.com\/actualidad\/una-comedia-romantica-y-un-musical-abren-la-semana-que-viene-las-noches-de-cine-en-el-parque-yamaguchi-y-el-paseo-de-buztintxuri\/"},"author":{"name":"La Gu\u00eda de Pamplona","@id":"https:\/\/www.laguiadepamplona.com\/actualidad\/#\/schema\/person\/efe887376f0213d4657c93adc50b1fdb"},"headline":"Una comedia rom\u00e1ntica y un musical abren la semana que viene las Noches de cine en el parque Yamaguchi y el paseo de Buztintxuri","datePublished":"2024-08-09T15:38:59+00:00","mainEntityOfPage":{"@id":"https:\/\/www.laguiadepamplona.com\/actualidad\/una-comedia-romantica-y-un-musical-abren-la-semana-que-viene-las-noches-de-cine-en-el-parque-yamaguchi-y-el-paseo-de-buztintxuri\/"},"wordCount":409,"commentCount":0,"publisher":{"@id":"https:\/\/www.laguiadepamplona.com\/actualidad\/#organization"},"image":{"@id":"https:\/\/www.laguiadepamplona.com\/actualidad\/una-comedia-romantica-y-un-musical-abren-la-semana-que-viene-las-noches-de-cine-en-el-parque-yamaguchi-y-el-paseo-de-buztintxuri\/#primaryimage"},"thumbnailUrl":"https:\/\/www.laguiadepamplona.com\/actualidad\/wp-content\/uploads\/2022\/08\/Q5A8510nochescine22-08-18.webp","articleSection":["Ayto Pamplona"],"inLanguage":"es","potentialAction":[{"@type":"CommentAction","name":"Comment","target":["https:\/\/www.laguiadepamplona.com\/actualidad\/una-comedia-romantica-y-un-musical-abren-la-semana-que-viene-las-noches-de-cine-en-el-parque-yamaguchi-y-el-paseo-de-buztintxuri\/#respond"]}]},{"@type":"WebPage","@id":"https:\/\/www.laguiadepamplona.com\/actualidad\/una-comedia-romantica-y-un-musical-abren-la-semana-que-viene-las-noches-de-cine-en-el-parque-yamaguchi-y-el-paseo-de-buztintxuri\/","url":"https:\/\/www.laguiadepamplona.com\/actualidad\/una-comedia-romantica-y-un-musical-abren-la-semana-que-viene-las-noches-de-cine-en-el-parque-yamaguchi-y-el-paseo-de-buztintxuri\/","name":"Una comedia rom\u00e1ntica y un musical abren la semana que viene las Noches de cine en el parque Yamaguchi y el paseo de Buztintxuri","isPartOf":{"@id":"https:\/\/www.laguiadepamplona.com\/actualidad\/#website"},"primaryImageOfPage":{"@id":"https:\/\/www.laguiadepamplona.com\/actualidad\/una-comedia-romantica-y-un-musical-abren-la-semana-que-viene-las-noches-de-cine-en-el-parque-yamaguchi-y-el-paseo-de-buztintxuri\/#primaryimage"},"image":{"@id":"https:\/\/www.laguiadepamplona.com\/actualidad\/una-comedia-romantica-y-un-musical-abren-la-semana-que-viene-las-noches-de-cine-en-el-parque-yamaguchi-y-el-paseo-de-buztintxuri\/#primaryimage"},"thumbnailUrl":"https:\/\/www.laguiadepamplona.com\/actualidad\/wp-content\/uploads\/2022\/08\/Q5A8510nochescine22-08-18.webp","datePublished":"2024-08-09T15:38:59+00:00","description":"Lunes y martes se proyectar\u00e1n \u2018Viaje al para\u00edso\u2019 y \u2018Lilo, mi amigo el cocodrilo\u2019, respectivamente, en sesiones que comenzar\u00e1n a las 22 horas","breadcrumb":{"@id":"https:\/\/www.laguiadepamplona.com\/actualidad\/una-comedia-romantica-y-un-musical-abren-la-semana-que-viene-las-noches-de-cine-en-el-parque-yamaguchi-y-el-paseo-de-buztintxuri\/#breadcrumb"},"inLanguage":"es","potentialAction":[{"@type":"ReadAction","target":["https:\/\/www.laguiadepamplona.com\/actualidad\/una-comedia-romantica-y-un-musical-abren-la-semana-que-viene-las-noches-de-cine-en-el-parque-yamaguchi-y-el-paseo-de-buztintxuri\/"]}]},{"@type":"ImageObject","inLanguage":"es","@id":"https:\/\/www.laguiadepamplona.com\/actualidad\/una-comedia-romantica-y-un-musical-abren-la-semana-que-viene-las-noches-de-cine-en-el-parque-yamaguchi-y-el-paseo-de-buztintxuri\/#primaryimage","url":"https:\/\/www.laguiadepamplona.com\/actualidad\/wp-content\/uploads\/2022\/08\/Q5A8510nochescine22-08-18.webp","contentUrl":"https:\/\/www.laguiadepamplona.com\/actualidad\/wp-content\/uploads\/2022\/08\/Q5A8510nochescine22-08-18.webp","width":1920,"height":1281},{"@type":"BreadcrumbList","@id":"https:\/\/www.laguiadepamplona.com\/actualidad\/una-comedia-romantica-y-un-musical-abren-la-semana-que-viene-las-noches-de-cine-en-el-parque-yamaguchi-y-el-paseo-de-buztintxuri\/#breadcrumb","itemListElement":[{"@type":"ListItem","position":1,"name":"Portada","item":"https:\/\/www.laguiadepamplona.com\/actualidad\/"},{"@type":"ListItem","position":2,"name":"Una comedia rom\u00e1ntica y un musical abren la semana que viene las Noches de cine en el parque Yamaguchi y el paseo de Buztintxuri"}]},{"@type":"WebSite","@id":"https:\/\/www.laguiadepamplona.com\/actualidad\/#website","url":"https:\/\/www.laguiadepamplona.com\/actualidad\/","name":"La gu\u00eda de Pamplona","description":"Noticias de Pamplona","publisher":{"@id":"https:\/\/www.laguiadepamplona.com\/actualidad\/#organization"},"potentialAction":[{"@type":"SearchAction","target":{"@type":"EntryPoint","urlTemplate":"https:\/\/www.laguiadepamplona.com\/actualidad\/?s={search_term_string}"},"query-input":{"@type":"PropertyValueSpecification","valueRequired":true,"valueName":"search_term_string"}}],"inLanguage":"es"},{"@type":"Organization","@id":"https:\/\/www.laguiadepamplona.com\/actualidad\/#organization","name":"La Gu\u00eda de Pamplona \/ Noticias","url":"https:\/\/www.laguiadepamplona.com\/actualidad\/","logo":{"@type":"ImageObject","inLanguage":"es","@id":"https:\/\/www.laguiadepamplona.com\/actualidad\/#\/schema\/logo\/image\/","url":"https:\/\/www.laguiadepamplona.com\/actualidad\/wp-content\/uploads\/2018\/11\/logo-laguiadepamplona18-web1.png","contentUrl":"https:\/\/www.laguiadepamplona.com\/actualidad\/wp-content\/uploads\/2018\/11\/logo-laguiadepamplona18-web1.png","width":600,"height":196,"caption":"La Gu\u00eda de Pamplona \/ Noticias"},"image":{"@id":"https:\/\/www.laguiadepamplona.com\/actualidad\/#\/schema\/logo\/image\/"},"sameAs":["https:\/\/www.facebook.com\/laguiadepamplonacom-133175176762273\/?ref=hl","https:\/\/x.com\/LaGuiadPamplona","https:\/\/www.instagram.com\/la_guia_de_pamplona\/","https:\/\/www.youtube.com\/user\/laguiadepamplona"]},{"@type":"Person","@id":"https:\/\/www.laguiadepamplona.com\/actualidad\/#\/schema\/person\/efe887376f0213d4657c93adc50b1fdb","name":"La Gu\u00eda de Pamplona","image":{"@type":"ImageObject","inLanguage":"es","@id":"https:\/\/secure.gravatar.com\/avatar\/b6992f131dc8d30ab0dff15446e9d346d9dbd95992de0fef795073f5ea83a81c?s=96&d=mm&r=g","url":"https:\/\/secure.gravatar.com\/avatar\/b6992f131dc8d30ab0dff15446e9d346d9dbd95992de0fef795073f5ea83a81c?s=96&d=mm&r=g","contentUrl":"https:\/\/secure.gravatar.com\/avatar\/b6992f131dc8d30ab0dff15446e9d346d9dbd95992de0fef795073f5ea83a81c?s=96&d=mm&r=g","caption":"La Gu\u00eda de Pamplona"}}]}},"post_mailing_queue_ids":[],"_links":{"self":[{"href":"https:\/\/www.laguiadepamplona.com\/actualidad\/wp-json\/wp\/v2\/posts\/50472","targetHints":{"allow":["GET"]}}],"collection":[{"href":"https:\/\/www.laguiadepamplona.com\/actualidad\/wp-json\/wp\/v2\/posts"}],"about":[{"href":"https:\/\/www.laguiadepamplona.com\/actualidad\/wp-json\/wp\/v2\/types\/post"}],"author":[{"embeddable":true,"href":"https:\/\/www.laguiadepamplona.com\/actualidad\/wp-json\/wp\/v2\/users\/1"}],"replies":[{"embeddable":true,"href":"https:\/\/www.laguiadepamplona.com\/actualidad\/wp-json\/wp\/v2\/comments?post=50472"}],"version-history":[{"count":1,"href":"https:\/\/www.laguiadepamplona.com\/actualidad\/wp-json\/wp\/v2\/posts\/50472\/revisions"}],"predecessor-version":[{"id":50473,"href":"https:\/\/www.laguiadepamplona.com\/actualidad\/wp-json\/wp\/v2\/posts\/50472\/revisions\/50473"}],"wp:featuredmedia":[{"embeddable":true,"href":"https:\/\/www.laguiadepamplona.com\/actualidad\/wp-json\/wp\/v2\/media\/41383"}],"wp:attachment":[{"href":"https:\/\/www.laguiadepamplona.com\/actualidad\/wp-json\/wp\/v2\/media?parent=50472"}],"wp:term":[{"taxonomy":"category","embeddable":true,"href":"https:\/\/www.laguiadepamplona.com\/actualidad\/wp-json\/wp\/v2\/categories?post=50472"},{"taxonomy":"post_tag","embeddable":true,"href":"https:\/\/www.laguiadepamplona.com\/actualidad\/wp-json\/wp\/v2\/tags?post=50472"}],"curies":[{"name":"wp","href":"https:\/\/api.w.org\/{rel}","templated":true}]}}