{"id":50468,"date":"2024-08-09T17:38:11","date_gmt":"2024-08-09T15:38:11","guid":{"rendered":"https:\/\/www.laguiadepamplona.com\/actualidad\/?p=50468"},"modified":"2024-08-09T17:38:11","modified_gmt":"2024-08-09T15:38:11","slug":"canciones-menos-conocidas-de-grandes-de-la-musica-rock-la-propuesta-de-mind-the-gap-para-este-lunes-dentro-del-ciclo-de-conciertos-versionando","status":"publish","type":"post","link":"https:\/\/www.laguiadepamplona.com\/actualidad\/canciones-menos-conocidas-de-grandes-de-la-musica-rock-la-propuesta-de-mind-the-gap-para-este-lunes-dentro-del-ciclo-de-conciertos-versionando\/","title":{"rendered":"Canciones menos conocidas de \u201cgrandes\u201d de la m\u00fasica rock: la propuesta de Mind the gap para este lunes dentro del ciclo de conciertos Versionando"},"content":{"rendered":"<h2>La plaza de San Jos\u00e9 acoger\u00e1, a las 20 horas, el espect\u00e1culo gratuito de una banda que repite en la programaci\u00f3n estival del Ayuntamiento<\/h2>\n<p><!--more--><\/p>\n<p>Este lunes la plaza de San Jos\u00e9 acoge el segundo concierto del ciclo Versionando, una programaci\u00f3n ya consolidada que ofrece m\u00fasica de versiones con grupos locales las tardes de los lunes de agosto. El concierto comenzar\u00e1 a las 20 horas y el grupo protagonistas es la banda pamplonesa de rock Mind the gap \/ Cuidado con el hueco. Esta banda ya toc\u00f3 en el marco del programa Versionando en agosto de 2019.<\/p>\n<p>Ese concierto fue parte de su debut ya 2019 que es la fecha de inicio de la trayectoria de la banda. Desde entonces sus integrantes Peio Mendioroz (guitarra y voz); Alberto Moreno (voz); Nino Fraile (bajo); Miguel Zaratiegui (bater\u00eda) y Adolfo Lacunza (guitarra y voz) siguen proponiendo a las personas asistentes a sus bolos un remedio contra el aburrimiento que, adem\u00e1s, tiene una vertiente did\u00e1ctica. Y es que Mind the gap interpreta versiones de temas, en algunos casos inexplicablemente poco conocidos, de figuras tan relevantes y variadas como Allman Brothers, Bob Dylan, Fito Cabrales, Van Morrison, Elvis Presley, Lynyrd Skynyrd o Joe Cocker.<\/p>\n<p>Versionando lleva 14 a\u00f1os proponiendo desde la plazuela tardes de grandes cl\u00e1sicos de todos conocidos y de los m\u00e1s variados estilos. El de ma\u00f1ana ser\u00e1 el segundo de los cuatro conciertos gratuitos previstos este a\u00f1o y que se extender\u00e1 hasta el 26 de agosto. Tras Mind the gap, Los Apandadores y 100 to 8 tocar\u00e1n los d\u00edas 19 y 26 de agosto, respectivamente.<\/p>\n<h3>Versionando. Pr\u00f3ximas actuaciones<\/h3>\n<p><strong>Plaza de San Jos\u00e9<\/strong><\/p>\n<p><strong>20 horas<\/strong><\/p>\n<p><strong>Todos los p\u00fablicos. Libre participaci\u00f3n<\/strong><\/p>\n<p><strong>ATUACIONES<\/strong><\/p>\n<ul>\n<li>12 de agosto\u00a0\u00a0\u00a0\u00a0\u00a0\u00a0\u00a0\u00a0\u00a0\u00a0\u00a0\u00a0\u00a0\u00a0\u00a0\u00a0\u00a0\u00a0\u00a0\u00a0\u00a0 Mind the gap<\/li>\n<li>19 de agosto\u00a0\u00a0\u00a0\u00a0\u00a0\u00a0\u00a0\u00a0\u00a0\u00a0\u00a0\u00a0\u00a0\u00a0\u00a0\u00a0\u00a0\u00a0\u00a0\u00a0\u00a0 Los apandadores<\/li>\n<\/ul>\n","protected":false},"excerpt":{"rendered":"<p>La plaza de San Jos\u00e9 acoger\u00e1, a las 20 horas, el espect\u00e1culo gratuito de una banda que repite en la programaci\u00f3n estival del Ayuntamiento<\/p>\n","protected":false},"author":1,"featured_media":50470,"comment_status":"open","ping_status":"closed","sticky":false,"template":"","format":"standard","meta":{"footnotes":""},"categories":[2],"tags":[],"class_list":["post-50468","post","type-post","status-publish","format-standard","has-post-thumbnail","hentry","category-ayuntamiento-pamplona"],"yoast_head":"<!-- This site is optimized with the Yoast SEO plugin v27.3 - https:\/\/yoast.com\/product\/yoast-seo-wordpress\/ -->\n<title>Canciones menos conocidas de \u201cgrandes\u201d de la m\u00fasica rock: la propuesta de Mind the gap para este lunes dentro del ciclo de conciertos Versionando<\/title>\n<meta name=\"description\" content=\"La plaza de San Jos\u00e9 acoger\u00e1, a las 20 horas, el espect\u00e1culo gratuito de una banda que repite en la programaci\u00f3n estival del Ayuntamiento\" \/>\n<meta name=\"robots\" content=\"index, follow, max-snippet:-1, max-image-preview:large, max-video-preview:-1\" \/>\n<link rel=\"canonical\" href=\"https:\/\/www.laguiadepamplona.com\/actualidad\/canciones-menos-conocidas-de-grandes-de-la-musica-rock-la-propuesta-de-mind-the-gap-para-este-lunes-dentro-del-ciclo-de-conciertos-versionando\/\" \/>\n<meta property=\"og:locale\" content=\"es_ES\" \/>\n<meta property=\"og:type\" content=\"article\" \/>\n<meta property=\"og:title\" content=\"Canciones menos conocidas de \u201cgrandes\u201d de la m\u00fasica rock: la propuesta de Mind the gap para este lunes dentro del ciclo de conciertos Versionando\" \/>\n<meta property=\"og:description\" content=\"La plaza de San Jos\u00e9 acoger\u00e1, a las 20 horas, el espect\u00e1culo gratuito de una banda que repite en la programaci\u00f3n estival del Ayuntamiento\" \/>\n<meta property=\"og:url\" content=\"https:\/\/www.laguiadepamplona.com\/actualidad\/canciones-menos-conocidas-de-grandes-de-la-musica-rock-la-propuesta-de-mind-the-gap-para-este-lunes-dentro-del-ciclo-de-conciertos-versionando\/\" \/>\n<meta property=\"og:site_name\" content=\"La Gu\u00eda de Pamplona\" \/>\n<meta property=\"article:publisher\" content=\"https:\/\/www.facebook.com\/laguiadepamplonacom-133175176762273\/?ref=hl\" \/>\n<meta property=\"article:published_time\" content=\"2024-08-09T15:38:11+00:00\" \/>\n<meta property=\"og:image\" content=\"https:\/\/www.laguiadepamplona.com\/actualidad\/wp-content\/uploads\/2024\/08\/mind_the_gap.webp\" \/>\n\t<meta property=\"og:image:width\" content=\"1000\" \/>\n\t<meta property=\"og:image:height\" content=\"1000\" \/>\n\t<meta property=\"og:image:type\" content=\"image\/webp\" \/>\n<meta name=\"author\" content=\"La Gu\u00eda de Pamplona\" \/>\n<meta name=\"twitter:card\" content=\"summary_large_image\" \/>\n<meta name=\"twitter:creator\" content=\"@LaGuiadPamplona\" \/>\n<meta name=\"twitter:site\" content=\"@LaGuiadPamplona\" \/>\n<meta name=\"twitter:label1\" content=\"Escrito por\" \/>\n\t<meta name=\"twitter:data1\" content=\"La Gu\u00eda de Pamplona\" \/>\n\t<meta name=\"twitter:label2\" content=\"Tiempo de lectura\" \/>\n\t<meta name=\"twitter:data2\" content=\"2 minutos\" \/>\n<script type=\"application\/ld+json\" class=\"yoast-schema-graph\">{\"@context\":\"https:\\\/\\\/schema.org\",\"@graph\":[{\"@type\":\"Article\",\"@id\":\"https:\\\/\\\/www.laguiadepamplona.com\\\/actualidad\\\/canciones-menos-conocidas-de-grandes-de-la-musica-rock-la-propuesta-de-mind-the-gap-para-este-lunes-dentro-del-ciclo-de-conciertos-versionando\\\/#article\",\"isPartOf\":{\"@id\":\"https:\\\/\\\/www.laguiadepamplona.com\\\/actualidad\\\/canciones-menos-conocidas-de-grandes-de-la-musica-rock-la-propuesta-de-mind-the-gap-para-este-lunes-dentro-del-ciclo-de-conciertos-versionando\\\/\"},\"author\":{\"name\":\"La Gu\u00eda de Pamplona\",\"@id\":\"https:\\\/\\\/www.laguiadepamplona.com\\\/actualidad\\\/#\\\/schema\\\/person\\\/efe887376f0213d4657c93adc50b1fdb\"},\"headline\":\"Canciones menos conocidas de \u201cgrandes\u201d de la m\u00fasica rock: la propuesta de Mind the gap para este lunes dentro del ciclo de conciertos Versionando\",\"datePublished\":\"2024-08-09T15:38:11+00:00\",\"mainEntityOfPage\":{\"@id\":\"https:\\\/\\\/www.laguiadepamplona.com\\\/actualidad\\\/canciones-menos-conocidas-de-grandes-de-la-musica-rock-la-propuesta-de-mind-the-gap-para-este-lunes-dentro-del-ciclo-de-conciertos-versionando\\\/\"},\"wordCount\":316,\"commentCount\":0,\"publisher\":{\"@id\":\"https:\\\/\\\/www.laguiadepamplona.com\\\/actualidad\\\/#organization\"},\"image\":{\"@id\":\"https:\\\/\\\/www.laguiadepamplona.com\\\/actualidad\\\/canciones-menos-conocidas-de-grandes-de-la-musica-rock-la-propuesta-de-mind-the-gap-para-este-lunes-dentro-del-ciclo-de-conciertos-versionando\\\/#primaryimage\"},\"thumbnailUrl\":\"https:\\\/\\\/www.laguiadepamplona.com\\\/actualidad\\\/wp-content\\\/uploads\\\/2024\\\/08\\\/mind_the_gap.webp\",\"articleSection\":[\"Ayto Pamplona\"],\"inLanguage\":\"es\",\"potentialAction\":[{\"@type\":\"CommentAction\",\"name\":\"Comment\",\"target\":[\"https:\\\/\\\/www.laguiadepamplona.com\\\/actualidad\\\/canciones-menos-conocidas-de-grandes-de-la-musica-rock-la-propuesta-de-mind-the-gap-para-este-lunes-dentro-del-ciclo-de-conciertos-versionando\\\/#respond\"]}]},{\"@type\":\"WebPage\",\"@id\":\"https:\\\/\\\/www.laguiadepamplona.com\\\/actualidad\\\/canciones-menos-conocidas-de-grandes-de-la-musica-rock-la-propuesta-de-mind-the-gap-para-este-lunes-dentro-del-ciclo-de-conciertos-versionando\\\/\",\"url\":\"https:\\\/\\\/www.laguiadepamplona.com\\\/actualidad\\\/canciones-menos-conocidas-de-grandes-de-la-musica-rock-la-propuesta-de-mind-the-gap-para-este-lunes-dentro-del-ciclo-de-conciertos-versionando\\\/\",\"name\":\"Canciones menos conocidas de \u201cgrandes\u201d de la m\u00fasica rock: la propuesta de Mind the gap para este lunes dentro del ciclo de conciertos Versionando\",\"isPartOf\":{\"@id\":\"https:\\\/\\\/www.laguiadepamplona.com\\\/actualidad\\\/#website\"},\"primaryImageOfPage\":{\"@id\":\"https:\\\/\\\/www.laguiadepamplona.com\\\/actualidad\\\/canciones-menos-conocidas-de-grandes-de-la-musica-rock-la-propuesta-de-mind-the-gap-para-este-lunes-dentro-del-ciclo-de-conciertos-versionando\\\/#primaryimage\"},\"image\":{\"@id\":\"https:\\\/\\\/www.laguiadepamplona.com\\\/actualidad\\\/canciones-menos-conocidas-de-grandes-de-la-musica-rock-la-propuesta-de-mind-the-gap-para-este-lunes-dentro-del-ciclo-de-conciertos-versionando\\\/#primaryimage\"},\"thumbnailUrl\":\"https:\\\/\\\/www.laguiadepamplona.com\\\/actualidad\\\/wp-content\\\/uploads\\\/2024\\\/08\\\/mind_the_gap.webp\",\"datePublished\":\"2024-08-09T15:38:11+00:00\",\"description\":\"La plaza de San Jos\u00e9 acoger\u00e1, a las 20 horas, el espect\u00e1culo gratuito de una banda que repite en la programaci\u00f3n estival del Ayuntamiento\",\"breadcrumb\":{\"@id\":\"https:\\\/\\\/www.laguiadepamplona.com\\\/actualidad\\\/canciones-menos-conocidas-de-grandes-de-la-musica-rock-la-propuesta-de-mind-the-gap-para-este-lunes-dentro-del-ciclo-de-conciertos-versionando\\\/#breadcrumb\"},\"inLanguage\":\"es\",\"potentialAction\":[{\"@type\":\"ReadAction\",\"target\":[\"https:\\\/\\\/www.laguiadepamplona.com\\\/actualidad\\\/canciones-menos-conocidas-de-grandes-de-la-musica-rock-la-propuesta-de-mind-the-gap-para-este-lunes-dentro-del-ciclo-de-conciertos-versionando\\\/\"]}]},{\"@type\":\"ImageObject\",\"inLanguage\":\"es\",\"@id\":\"https:\\\/\\\/www.laguiadepamplona.com\\\/actualidad\\\/canciones-menos-conocidas-de-grandes-de-la-musica-rock-la-propuesta-de-mind-the-gap-para-este-lunes-dentro-del-ciclo-de-conciertos-versionando\\\/#primaryimage\",\"url\":\"https:\\\/\\\/www.laguiadepamplona.com\\\/actualidad\\\/wp-content\\\/uploads\\\/2024\\\/08\\\/mind_the_gap.webp\",\"contentUrl\":\"https:\\\/\\\/www.laguiadepamplona.com\\\/actualidad\\\/wp-content\\\/uploads\\\/2024\\\/08\\\/mind_the_gap.webp\",\"width\":1000,\"height\":1000,\"caption\":\"MIND THE GAP\"},{\"@type\":\"BreadcrumbList\",\"@id\":\"https:\\\/\\\/www.laguiadepamplona.com\\\/actualidad\\\/canciones-menos-conocidas-de-grandes-de-la-musica-rock-la-propuesta-de-mind-the-gap-para-este-lunes-dentro-del-ciclo-de-conciertos-versionando\\\/#breadcrumb\",\"itemListElement\":[{\"@type\":\"ListItem\",\"position\":1,\"name\":\"Portada\",\"item\":\"https:\\\/\\\/www.laguiadepamplona.com\\\/actualidad\\\/\"},{\"@type\":\"ListItem\",\"position\":2,\"name\":\"Canciones menos conocidas de \u201cgrandes\u201d de la m\u00fasica rock: la propuesta de Mind the gap para este lunes dentro del ciclo de conciertos Versionando\"}]},{\"@type\":\"WebSite\",\"@id\":\"https:\\\/\\\/www.laguiadepamplona.com\\\/actualidad\\\/#website\",\"url\":\"https:\\\/\\\/www.laguiadepamplona.com\\\/actualidad\\\/\",\"name\":\"La gu\u00eda de Pamplona\",\"description\":\"Noticias de Pamplona\",\"publisher\":{\"@id\":\"https:\\\/\\\/www.laguiadepamplona.com\\\/actualidad\\\/#organization\"},\"potentialAction\":[{\"@type\":\"SearchAction\",\"target\":{\"@type\":\"EntryPoint\",\"urlTemplate\":\"https:\\\/\\\/www.laguiadepamplona.com\\\/actualidad\\\/?s={search_term_string}\"},\"query-input\":{\"@type\":\"PropertyValueSpecification\",\"valueRequired\":true,\"valueName\":\"search_term_string\"}}],\"inLanguage\":\"es\"},{\"@type\":\"Organization\",\"@id\":\"https:\\\/\\\/www.laguiadepamplona.com\\\/actualidad\\\/#organization\",\"name\":\"La Gu\u00eda de Pamplona \\\/ Noticias\",\"url\":\"https:\\\/\\\/www.laguiadepamplona.com\\\/actualidad\\\/\",\"logo\":{\"@type\":\"ImageObject\",\"inLanguage\":\"es\",\"@id\":\"https:\\\/\\\/www.laguiadepamplona.com\\\/actualidad\\\/#\\\/schema\\\/logo\\\/image\\\/\",\"url\":\"https:\\\/\\\/www.laguiadepamplona.com\\\/actualidad\\\/wp-content\\\/uploads\\\/2018\\\/11\\\/logo-laguiadepamplona18-web1.png\",\"contentUrl\":\"https:\\\/\\\/www.laguiadepamplona.com\\\/actualidad\\\/wp-content\\\/uploads\\\/2018\\\/11\\\/logo-laguiadepamplona18-web1.png\",\"width\":600,\"height\":196,\"caption\":\"La Gu\u00eda de Pamplona \\\/ Noticias\"},\"image\":{\"@id\":\"https:\\\/\\\/www.laguiadepamplona.com\\\/actualidad\\\/#\\\/schema\\\/logo\\\/image\\\/\"},\"sameAs\":[\"https:\\\/\\\/www.facebook.com\\\/laguiadepamplonacom-133175176762273\\\/?ref=hl\",\"https:\\\/\\\/x.com\\\/LaGuiadPamplona\",\"https:\\\/\\\/www.instagram.com\\\/la_guia_de_pamplona\\\/\",\"https:\\\/\\\/www.youtube.com\\\/user\\\/laguiadepamplona\"]},{\"@type\":\"Person\",\"@id\":\"https:\\\/\\\/www.laguiadepamplona.com\\\/actualidad\\\/#\\\/schema\\\/person\\\/efe887376f0213d4657c93adc50b1fdb\",\"name\":\"La Gu\u00eda de Pamplona\",\"image\":{\"@type\":\"ImageObject\",\"inLanguage\":\"es\",\"@id\":\"https:\\\/\\\/secure.gravatar.com\\\/avatar\\\/b6992f131dc8d30ab0dff15446e9d346d9dbd95992de0fef795073f5ea83a81c?s=96&d=mm&r=g\",\"url\":\"https:\\\/\\\/secure.gravatar.com\\\/avatar\\\/b6992f131dc8d30ab0dff15446e9d346d9dbd95992de0fef795073f5ea83a81c?s=96&d=mm&r=g\",\"contentUrl\":\"https:\\\/\\\/secure.gravatar.com\\\/avatar\\\/b6992f131dc8d30ab0dff15446e9d346d9dbd95992de0fef795073f5ea83a81c?s=96&d=mm&r=g\",\"caption\":\"La Gu\u00eda de Pamplona\"}}]}<\/script>\n<!-- \/ Yoast SEO plugin. -->","yoast_head_json":{"title":"Canciones menos conocidas de \u201cgrandes\u201d de la m\u00fasica rock: la propuesta de Mind the gap para este lunes dentro del ciclo de conciertos Versionando","description":"La plaza de San Jos\u00e9 acoger\u00e1, a las 20 horas, el espect\u00e1culo gratuito de una banda que repite en la programaci\u00f3n estival del Ayuntamiento","robots":{"index":"index","follow":"follow","max-snippet":"max-snippet:-1","max-image-preview":"max-image-preview:large","max-video-preview":"max-video-preview:-1"},"canonical":"https:\/\/www.laguiadepamplona.com\/actualidad\/canciones-menos-conocidas-de-grandes-de-la-musica-rock-la-propuesta-de-mind-the-gap-para-este-lunes-dentro-del-ciclo-de-conciertos-versionando\/","og_locale":"es_ES","og_type":"article","og_title":"Canciones menos conocidas de \u201cgrandes\u201d de la m\u00fasica rock: la propuesta de Mind the gap para este lunes dentro del ciclo de conciertos Versionando","og_description":"La plaza de San Jos\u00e9 acoger\u00e1, a las 20 horas, el espect\u00e1culo gratuito de una banda que repite en la programaci\u00f3n estival del Ayuntamiento","og_url":"https:\/\/www.laguiadepamplona.com\/actualidad\/canciones-menos-conocidas-de-grandes-de-la-musica-rock-la-propuesta-de-mind-the-gap-para-este-lunes-dentro-del-ciclo-de-conciertos-versionando\/","og_site_name":"La Gu\u00eda de Pamplona","article_publisher":"https:\/\/www.facebook.com\/laguiadepamplonacom-133175176762273\/?ref=hl","article_published_time":"2024-08-09T15:38:11+00:00","og_image":[{"width":1000,"height":1000,"url":"https:\/\/www.laguiadepamplona.com\/actualidad\/wp-content\/uploads\/2024\/08\/mind_the_gap.webp","type":"image\/webp"}],"author":"La Gu\u00eda de Pamplona","twitter_card":"summary_large_image","twitter_creator":"@LaGuiadPamplona","twitter_site":"@LaGuiadPamplona","twitter_misc":{"Escrito por":"La Gu\u00eda de Pamplona","Tiempo de lectura":"2 minutos"},"schema":{"@context":"https:\/\/schema.org","@graph":[{"@type":"Article","@id":"https:\/\/www.laguiadepamplona.com\/actualidad\/canciones-menos-conocidas-de-grandes-de-la-musica-rock-la-propuesta-de-mind-the-gap-para-este-lunes-dentro-del-ciclo-de-conciertos-versionando\/#article","isPartOf":{"@id":"https:\/\/www.laguiadepamplona.com\/actualidad\/canciones-menos-conocidas-de-grandes-de-la-musica-rock-la-propuesta-de-mind-the-gap-para-este-lunes-dentro-del-ciclo-de-conciertos-versionando\/"},"author":{"name":"La Gu\u00eda de Pamplona","@id":"https:\/\/www.laguiadepamplona.com\/actualidad\/#\/schema\/person\/efe887376f0213d4657c93adc50b1fdb"},"headline":"Canciones menos conocidas de \u201cgrandes\u201d de la m\u00fasica rock: la propuesta de Mind the gap para este lunes dentro del ciclo de conciertos Versionando","datePublished":"2024-08-09T15:38:11+00:00","mainEntityOfPage":{"@id":"https:\/\/www.laguiadepamplona.com\/actualidad\/canciones-menos-conocidas-de-grandes-de-la-musica-rock-la-propuesta-de-mind-the-gap-para-este-lunes-dentro-del-ciclo-de-conciertos-versionando\/"},"wordCount":316,"commentCount":0,"publisher":{"@id":"https:\/\/www.laguiadepamplona.com\/actualidad\/#organization"},"image":{"@id":"https:\/\/www.laguiadepamplona.com\/actualidad\/canciones-menos-conocidas-de-grandes-de-la-musica-rock-la-propuesta-de-mind-the-gap-para-este-lunes-dentro-del-ciclo-de-conciertos-versionando\/#primaryimage"},"thumbnailUrl":"https:\/\/www.laguiadepamplona.com\/actualidad\/wp-content\/uploads\/2024\/08\/mind_the_gap.webp","articleSection":["Ayto Pamplona"],"inLanguage":"es","potentialAction":[{"@type":"CommentAction","name":"Comment","target":["https:\/\/www.laguiadepamplona.com\/actualidad\/canciones-menos-conocidas-de-grandes-de-la-musica-rock-la-propuesta-de-mind-the-gap-para-este-lunes-dentro-del-ciclo-de-conciertos-versionando\/#respond"]}]},{"@type":"WebPage","@id":"https:\/\/www.laguiadepamplona.com\/actualidad\/canciones-menos-conocidas-de-grandes-de-la-musica-rock-la-propuesta-de-mind-the-gap-para-este-lunes-dentro-del-ciclo-de-conciertos-versionando\/","url":"https:\/\/www.laguiadepamplona.com\/actualidad\/canciones-menos-conocidas-de-grandes-de-la-musica-rock-la-propuesta-de-mind-the-gap-para-este-lunes-dentro-del-ciclo-de-conciertos-versionando\/","name":"Canciones menos conocidas de \u201cgrandes\u201d de la m\u00fasica rock: la propuesta de Mind the gap para este lunes dentro del ciclo de conciertos Versionando","isPartOf":{"@id":"https:\/\/www.laguiadepamplona.com\/actualidad\/#website"},"primaryImageOfPage":{"@id":"https:\/\/www.laguiadepamplona.com\/actualidad\/canciones-menos-conocidas-de-grandes-de-la-musica-rock-la-propuesta-de-mind-the-gap-para-este-lunes-dentro-del-ciclo-de-conciertos-versionando\/#primaryimage"},"image":{"@id":"https:\/\/www.laguiadepamplona.com\/actualidad\/canciones-menos-conocidas-de-grandes-de-la-musica-rock-la-propuesta-de-mind-the-gap-para-este-lunes-dentro-del-ciclo-de-conciertos-versionando\/#primaryimage"},"thumbnailUrl":"https:\/\/www.laguiadepamplona.com\/actualidad\/wp-content\/uploads\/2024\/08\/mind_the_gap.webp","datePublished":"2024-08-09T15:38:11+00:00","description":"La plaza de San Jos\u00e9 acoger\u00e1, a las 20 horas, el espect\u00e1culo gratuito de una banda que repite en la programaci\u00f3n estival del Ayuntamiento","breadcrumb":{"@id":"https:\/\/www.laguiadepamplona.com\/actualidad\/canciones-menos-conocidas-de-grandes-de-la-musica-rock-la-propuesta-de-mind-the-gap-para-este-lunes-dentro-del-ciclo-de-conciertos-versionando\/#breadcrumb"},"inLanguage":"es","potentialAction":[{"@type":"ReadAction","target":["https:\/\/www.laguiadepamplona.com\/actualidad\/canciones-menos-conocidas-de-grandes-de-la-musica-rock-la-propuesta-de-mind-the-gap-para-este-lunes-dentro-del-ciclo-de-conciertos-versionando\/"]}]},{"@type":"ImageObject","inLanguage":"es","@id":"https:\/\/www.laguiadepamplona.com\/actualidad\/canciones-menos-conocidas-de-grandes-de-la-musica-rock-la-propuesta-de-mind-the-gap-para-este-lunes-dentro-del-ciclo-de-conciertos-versionando\/#primaryimage","url":"https:\/\/www.laguiadepamplona.com\/actualidad\/wp-content\/uploads\/2024\/08\/mind_the_gap.webp","contentUrl":"https:\/\/www.laguiadepamplona.com\/actualidad\/wp-content\/uploads\/2024\/08\/mind_the_gap.webp","width":1000,"height":1000,"caption":"MIND THE GAP"},{"@type":"BreadcrumbList","@id":"https:\/\/www.laguiadepamplona.com\/actualidad\/canciones-menos-conocidas-de-grandes-de-la-musica-rock-la-propuesta-de-mind-the-gap-para-este-lunes-dentro-del-ciclo-de-conciertos-versionando\/#breadcrumb","itemListElement":[{"@type":"ListItem","position":1,"name":"Portada","item":"https:\/\/www.laguiadepamplona.com\/actualidad\/"},{"@type":"ListItem","position":2,"name":"Canciones menos conocidas de \u201cgrandes\u201d de la m\u00fasica rock: la propuesta de Mind the gap para este lunes dentro del ciclo de conciertos Versionando"}]},{"@type":"WebSite","@id":"https:\/\/www.laguiadepamplona.com\/actualidad\/#website","url":"https:\/\/www.laguiadepamplona.com\/actualidad\/","name":"La gu\u00eda de Pamplona","description":"Noticias de Pamplona","publisher":{"@id":"https:\/\/www.laguiadepamplona.com\/actualidad\/#organization"},"potentialAction":[{"@type":"SearchAction","target":{"@type":"EntryPoint","urlTemplate":"https:\/\/www.laguiadepamplona.com\/actualidad\/?s={search_term_string}"},"query-input":{"@type":"PropertyValueSpecification","valueRequired":true,"valueName":"search_term_string"}}],"inLanguage":"es"},{"@type":"Organization","@id":"https:\/\/www.laguiadepamplona.com\/actualidad\/#organization","name":"La Gu\u00eda de Pamplona \/ Noticias","url":"https:\/\/www.laguiadepamplona.com\/actualidad\/","logo":{"@type":"ImageObject","inLanguage":"es","@id":"https:\/\/www.laguiadepamplona.com\/actualidad\/#\/schema\/logo\/image\/","url":"https:\/\/www.laguiadepamplona.com\/actualidad\/wp-content\/uploads\/2018\/11\/logo-laguiadepamplona18-web1.png","contentUrl":"https:\/\/www.laguiadepamplona.com\/actualidad\/wp-content\/uploads\/2018\/11\/logo-laguiadepamplona18-web1.png","width":600,"height":196,"caption":"La Gu\u00eda de Pamplona \/ Noticias"},"image":{"@id":"https:\/\/www.laguiadepamplona.com\/actualidad\/#\/schema\/logo\/image\/"},"sameAs":["https:\/\/www.facebook.com\/laguiadepamplonacom-133175176762273\/?ref=hl","https:\/\/x.com\/LaGuiadPamplona","https:\/\/www.instagram.com\/la_guia_de_pamplona\/","https:\/\/www.youtube.com\/user\/laguiadepamplona"]},{"@type":"Person","@id":"https:\/\/www.laguiadepamplona.com\/actualidad\/#\/schema\/person\/efe887376f0213d4657c93adc50b1fdb","name":"La Gu\u00eda de Pamplona","image":{"@type":"ImageObject","inLanguage":"es","@id":"https:\/\/secure.gravatar.com\/avatar\/b6992f131dc8d30ab0dff15446e9d346d9dbd95992de0fef795073f5ea83a81c?s=96&d=mm&r=g","url":"https:\/\/secure.gravatar.com\/avatar\/b6992f131dc8d30ab0dff15446e9d346d9dbd95992de0fef795073f5ea83a81c?s=96&d=mm&r=g","contentUrl":"https:\/\/secure.gravatar.com\/avatar\/b6992f131dc8d30ab0dff15446e9d346d9dbd95992de0fef795073f5ea83a81c?s=96&d=mm&r=g","caption":"La Gu\u00eda de Pamplona"}}]}},"post_mailing_queue_ids":[],"_links":{"self":[{"href":"https:\/\/www.laguiadepamplona.com\/actualidad\/wp-json\/wp\/v2\/posts\/50468","targetHints":{"allow":["GET"]}}],"collection":[{"href":"https:\/\/www.laguiadepamplona.com\/actualidad\/wp-json\/wp\/v2\/posts"}],"about":[{"href":"https:\/\/www.laguiadepamplona.com\/actualidad\/wp-json\/wp\/v2\/types\/post"}],"author":[{"embeddable":true,"href":"https:\/\/www.laguiadepamplona.com\/actualidad\/wp-json\/wp\/v2\/users\/1"}],"replies":[{"embeddable":true,"href":"https:\/\/www.laguiadepamplona.com\/actualidad\/wp-json\/wp\/v2\/comments?post=50468"}],"version-history":[{"count":1,"href":"https:\/\/www.laguiadepamplona.com\/actualidad\/wp-json\/wp\/v2\/posts\/50468\/revisions"}],"predecessor-version":[{"id":50471,"href":"https:\/\/www.laguiadepamplona.com\/actualidad\/wp-json\/wp\/v2\/posts\/50468\/revisions\/50471"}],"wp:featuredmedia":[{"embeddable":true,"href":"https:\/\/www.laguiadepamplona.com\/actualidad\/wp-json\/wp\/v2\/media\/50470"}],"wp:attachment":[{"href":"https:\/\/www.laguiadepamplona.com\/actualidad\/wp-json\/wp\/v2\/media?parent=50468"}],"wp:term":[{"taxonomy":"category","embeddable":true,"href":"https:\/\/www.laguiadepamplona.com\/actualidad\/wp-json\/wp\/v2\/categories?post=50468"},{"taxonomy":"post_tag","embeddable":true,"href":"https:\/\/www.laguiadepamplona.com\/actualidad\/wp-json\/wp\/v2\/tags?post=50468"}],"curies":[{"name":"wp","href":"https:\/\/api.w.org\/{rel}","templated":true}]}}