{"id":50465,"date":"2024-08-09T17:32:17","date_gmt":"2024-08-09T15:32:17","guid":{"rendered":"https:\/\/www.laguiadepamplona.com\/actualidad\/?p=50465"},"modified":"2024-08-09T17:32:17","modified_gmt":"2024-08-09T15:32:17","slug":"la-novena-edicion-de-danzad-danzad-malditos-verano-vuelve-a-acercar-la-danza-a-la-ciudadania-y-se-inicia-con-una-cita-con-companias-internacionales","status":"publish","type":"post","link":"https:\/\/www.laguiadepamplona.com\/actualidad\/la-novena-edicion-de-danzad-danzad-malditos-verano-vuelve-a-acercar-la-danza-a-la-ciudadania-y-se-inicia-con-una-cita-con-companias-internacionales\/","title":{"rendered":"La novena edici\u00f3n de Danzad, Danzad, Malditos Verano vuelve a acercar la danza a la ciudadan\u00eda y se inicia con una cita con compa\u00f1\u00edas internacionales"},"content":{"rendered":"<h2>Este s\u00e1bado comienzan las actuaciones a partir de las 20 horas con punto de encuentro en el Rinc\u00f3n del Caballo Blanco y, despu\u00e9s, \u2018Malditos Night\u2019<\/h2>\n<p><!--more--><\/p>\n<p>El festival de danza itinerante programado por el Ayuntamiento de Pamplona Danzad, Danzad, Malditos Verano comienza este s\u00e1bado 10 de agosto en el Rinc\u00f3n del Caballo Blanco. Desde esa ubicaci\u00f3n el p\u00fablico, guiado por el equipo de <em>parkour<\/em> de DDM, recorrer\u00e1 los diferentes puntos situados en el recorrido: Caballo Blanco &#8211; Ronda Barbazana \u2013 Jito Alai, en los que habr\u00e1 breves coreograf\u00edas. El ciclo se enmarca en el Festival de las Murallas, el programa estival de actividades culturales en el entorno de las murallas y la Ciudadela.<\/p>\n<p>Este a\u00f1o, entre el 10 y el 24 de agosto, se celebra la novena edici\u00f3n de un programa que vuelve a apostar por la danza y la combinaci\u00f3n de diferentes disciplinas entorno al movimiento. Una vez m\u00e1s, el objetivo de la organizaci\u00f3n es acercar esta disciplina a la ciudadan\u00eda, haciendo accesible el lenguaje art\u00edstico y generando nuevos di\u00e1logos y miradas sobre la realidad. El proyecto, que pretende ser una plataforma que impulse tanto la creaci\u00f3n como la exhibici\u00f3n, cuenta con el apoyo del Programa Innova de Fundaci\u00f3n \u201cla Caixa\u201d y Fundaci\u00f3n Caja Navarra, el Gobierno de Navarra y la Red Acieloabierto.<\/p>\n<p>La primera actuaci\u00f3n, ma\u00f1ana s\u00e1bado, ser\u00e1 una cita con compa\u00f1\u00edas internacionales como Useless Machines, afincados entre Francia y Suecia; Duo nux, de Italia y Evgenii Melentev de Rusia. Las actividades estar\u00e1n guiadas, como cada edici\u00f3n por el equipo de parkour, que <strong>articula la parte itinerante del festival encaminando secuencialmente a las personas asistentes a los diferentes espacios en los que tendr\u00e1n lugar las actuaciones. Por la noche, a las 22 horas, llegar\u00e1 a Jito Alai la m\u00fasica electr\u00f3nica de Malditos Night.<\/strong><\/p>\n<p><strong>Agua y az\u00facar en las coreograf\u00edas<\/strong><\/p>\n<p>\u2018Stay Hydrated \/ Mantente hidratado\u2019 es la primera producci\u00f3n de Useless Machines es una compa\u00f1\u00eda internacional compuesta por cuatro miembros procedentes de tres pa\u00edses diferentes (Suecia\/Francia\/Corea). La pieza que iniciar\u00e1 la sesi\u00f3n en el Rinc\u00f3n del Caballo Blanco es un experimento sobre c\u00f3mo un acto tan simple como beber agua se puede transformar en un acto deportivo y art\u00edstico. \u2018Stay Hydrated\u2019 llega a Pamplona tres girar por festivales de Europa, como Dock 11 en Berl\u00edn, Tanesco en Eslovaquia, Plateform 14 en Berl\u00edn o el festival Do en Polonia. La compa\u00f1\u00eda est\u00e1 interesada en explorar los temas de la teatralidad, la performatividad, el humor y el sinsentido a trav\u00e9s de la danza.<\/p>\n<p>La compa\u00f1\u00eda italiana Duo nux presenta en la Ronda del obispo Barbaz\u00e1n \u2018Delicious overdose \/ Deliciosa sobredosis\u2019\u2019, una premiada obra del a\u00f1o 2020 que interpretan los bailarines Alice Beatrice Carrino and Cristian Cucco. La coreograf\u00eda refleja un sue\u00f1o, una met\u00e1fora visionaria y un viaje interior on\u00edrico. Ella emprende un viaje -seguido y acompa\u00f1ado por \u00e9l-. El dulzor parece muy dulce hasta que sobrepasa el l\u00edmite, se vuelve t\u00f3xico, debido a una sobredosis de glucemia que la abruma y le quita la energ\u00eda vital. nvitado a muchos eventos internacionales. La pieza se ha podido ver en festivales como NEO-TanzOFFensive (Eisfabrik\/Hannover, Alemania), Craft Choreography (Viena, Austria), Festival Internacional de Danza Contempor\u00e1nea de la Ciudad de M\u00e9xico, FIDCDMX 2021 o Festival de danza de Florencia (Italia).<\/p>\n<p>Finalmente, Evgenii Melentev presentar\u00e1 en Jito Alai \u2018River \/ R\u00edo\u2019, una obra que define como \u201cUn paso m\u00e1s, otro d\u00eda, a\u00f1o y vida&#8230;un c\u00edrculo m\u00e1s\u201d. La coreograf\u00eda, para dos intervinientes, ser\u00e1 ejecutada por el propio Melentev y por la bailarina Tatiana Melnikova. Desde 2014 hasta la actualidad Mentelev ha sido un bailar\u00edn activo y core\u00f3grafo en la compa\u00f1\u00eda de danza FarFor Yo. Durante este per\u00edodo se dedica a la creaci\u00f3n de espect\u00e1culos de arte: Hennessy 250 a\u00f1os (Mosc\u00fa), Hermes. Diferentes proyectos de arte en Rusia (Mosc\u00fa), China (Ch\u00e9ngdu) Francia (Lille). Realiza, adem\u00e1s, actuaciones en museos de Mosc\u00fa: Museo Jud\u00edo y Centro de tolerancia, Museo Polit\u00e9cnico, Galer\u00eda Ikusstv y otros.<\/p>\n<p><strong>Malditos Night o la m\u00fasica electr\u00f3nica<\/strong><\/p>\n<p>DDM Verano sigue apostando por la secci\u00f3n dedicada al movimiento de la m\u00fasica electr\u00f3nica, Malditos Night, que ser\u00e1 cada s\u00e1bado de agosto en el Front\u00f3n Jito Alai de 22 a 00.00 horas con un artista invitado que realizar\u00e1 una Live Session o Dj Set de m\u00fasica electr\u00f3nica. Abrir\u00e1 la primera sesi\u00f3n la artista de la escena local M\u00f3nica Elektra con un Vinyl Dj Set, a la que acompa\u00f1ar\u00e1 la artista vizca\u00edna Celia Carrera que presentar\u00e1 un Dj Set con diferentes estilos.<\/p>\n<p>Este espacio propone m\u00fasica electr\u00f3nica de vanguardia como medio para la expresi\u00f3n del movimiento a trav\u00e9s del baile. El objetivo de estas sesiones es animar al p\u00fablico y bailarines asistentes a compartir, participar y danzar en un espacio abierto, disfrutando de la experiencia colectiva.<\/p>\n<h3>DDM y Malditos Night 2024<\/h3>\n<p><strong>Viernes 9 de agosto<\/strong><\/p>\n<ul>\n<li>Charla actuaci\u00f3n \u2018Parkour, historia y fundamentos\u2019<\/li>\n<li>Imparte: Equipo de parkour DDM (Rafael Arenas, Carlos Lezaun, Idoia Rodr\u00edguez, Alejandro Abad y Alba Duarte)<\/li>\n<li>Patio de Civican<\/li>\n<\/ul>\n<p><strong>S\u00e1bado 10 de agosto <\/strong><\/p>\n<p><u>DDM<\/u><\/p>\n<ul>\n<li>Useless Machines Stay hydrated<\/li>\n<li>Duonoux Delicious Overdose<\/li>\n<li>Evgenii Melentev &amp; Tatiana Melnikova River<\/li>\n<\/ul>\n<p>Punto de inicio: Caballo Blanco. 20 horas<\/p>\n<p><u>Malditos Night <\/u><\/p>\n<ul>\n<li>Monica Elektra Vinyl Dj Set<\/li>\n<li>Celia Carrera Dj Set<\/li>\n<\/ul>\n<p>Front\u00f3n Jito Alai. 22 horas<\/p>\n<p><strong>S\u00e1bado 17 de agosto<\/strong><\/p>\n<p><u>DDM<\/u><\/p>\n<ul>\n<li>Flow Force Todo Bajo Control<\/li>\n<li>Elisa Arteta Danzad al aterdecer<\/li>\n<li>Ferenc Feh\u00e9r Disco Boys<\/li>\n<\/ul>\n<p>Punto de inicio: Caballo Blanco. 20 horas<\/p>\n<p><u>Malditos Night <\/u><\/p>\n<ul>\n<li>Vema Diodes Live<\/li>\n<li>A4 Live<\/li>\n<\/ul>\n<p>Front\u00f3n Jito Alai. 22 horas<\/p>\n<p><strong>S\u00e1bado 24 de agosto<\/strong><\/p>\n<p><u>DDM<\/u><\/p>\n<ul>\n<li>Areli Moran Nuestro Cuerpo, Tierra Suave<\/li>\n<li>Pepa Cases Pols<\/li>\n<li>Led Silhouette Los Perros<\/li>\n<li>Anouar Merabet \/ Mother founding Kiki House of Anunnaki Tiempo<\/li>\n<\/ul>\n<p>Punto de inicio: Caballo Blanco. 20 horas<\/p>\n<p><u>Malditos Night <\/u><\/p>\n<ul>\n<li>Divorce from New York Live<\/li>\n<li>Ope Loeb Dj Set<\/li>\n<\/ul>\n<p>Front\u00f3n Jito Alai. 22 horas<\/p>\n<p>&nbsp;<\/p>\n<p><strong>Equipo de parkour,<\/strong> bajo la direcci\u00f3n de Rafa Arenas y Carmen Larraz, est\u00e1 formado por: Alba Duarte, Idoia Rodriguez, Rafael Arenas, Carlos Lezaun, Urtxi Ortega, Alejandro Abad, Lucas Torres, Ander San Mart\u00edn, Marcos Quel, Enrique Cabreras, Isaak Duarte, \u00c1lvaro Taravillo y Rub\u00e9n Gim\u00e9nez<\/p>\n","protected":false},"excerpt":{"rendered":"<p>Este s\u00e1bado comienzan las actuaciones a partir de las 20 horas con punto de encuentro en el Rinc\u00f3n del Caballo Blanco y, despu\u00e9s, \u2018Malditos Night\u2019<\/p>\n","protected":false},"author":1,"featured_media":50466,"comment_status":"open","ping_status":"closed","sticky":false,"template":"","format":"standard","meta":{"footnotes":""},"categories":[2],"tags":[],"class_list":["post-50465","post","type-post","status-publish","format-standard","has-post-thumbnail","hentry","category-ayuntamiento-pamplona"],"yoast_head":"<!-- This site is optimized with the Yoast SEO plugin v27.3 - https:\/\/yoast.com\/product\/yoast-seo-wordpress\/ -->\n<title>La novena edici\u00f3n de Danzad, Danzad, Malditos Verano vuelve a acercar la danza a la ciudadan\u00eda y se inicia con una cita con compa\u00f1\u00edas internacionales<\/title>\n<meta name=\"description\" content=\"La novena edici\u00f3n de Danzad, Danzad, Malditos Verano vuelve a acercar la danza a la ciudadan\u00eda y se inicia con una cita con compa\u00f1\u00edas internacionales\" \/>\n<meta name=\"robots\" content=\"index, follow, max-snippet:-1, max-image-preview:large, max-video-preview:-1\" \/>\n<link rel=\"canonical\" href=\"https:\/\/www.laguiadepamplona.com\/actualidad\/la-novena-edicion-de-danzad-danzad-malditos-verano-vuelve-a-acercar-la-danza-a-la-ciudadania-y-se-inicia-con-una-cita-con-companias-internacionales\/\" \/>\n<meta property=\"og:locale\" content=\"es_ES\" \/>\n<meta property=\"og:type\" content=\"article\" \/>\n<meta property=\"og:title\" content=\"La novena edici\u00f3n de Danzad, Danzad, Malditos Verano vuelve a acercar la danza a la ciudadan\u00eda y se inicia con una cita con compa\u00f1\u00edas internacionales\" \/>\n<meta property=\"og:description\" content=\"La novena edici\u00f3n de Danzad, Danzad, Malditos Verano vuelve a acercar la danza a la ciudadan\u00eda y se inicia con una cita con compa\u00f1\u00edas internacionales\" \/>\n<meta property=\"og:url\" content=\"https:\/\/www.laguiadepamplona.com\/actualidad\/la-novena-edicion-de-danzad-danzad-malditos-verano-vuelve-a-acercar-la-danza-a-la-ciudadania-y-se-inicia-con-una-cita-con-companias-internacionales\/\" \/>\n<meta property=\"og:site_name\" content=\"La Gu\u00eda de Pamplona\" \/>\n<meta property=\"article:publisher\" content=\"https:\/\/www.facebook.com\/laguiadepamplonacom-133175176762273\/?ref=hl\" \/>\n<meta property=\"article:published_time\" content=\"2024-08-09T15:32:17+00:00\" \/>\n<meta property=\"og:image\" content=\"https:\/\/www.laguiadepamplona.com\/actualidad\/wp-content\/uploads\/2024\/08\/duonuxs.webp\" \/>\n\t<meta property=\"og:image:width\" content=\"1000\" \/>\n\t<meta property=\"og:image:height\" content=\"667\" \/>\n\t<meta property=\"og:image:type\" content=\"image\/webp\" \/>\n<meta name=\"author\" content=\"La Gu\u00eda de Pamplona\" \/>\n<meta name=\"twitter:card\" content=\"summary_large_image\" \/>\n<meta name=\"twitter:creator\" content=\"@LaGuiadPamplona\" \/>\n<meta name=\"twitter:site\" content=\"@LaGuiadPamplona\" \/>\n<meta name=\"twitter:label1\" content=\"Escrito por\" \/>\n\t<meta name=\"twitter:data1\" content=\"La Gu\u00eda de Pamplona\" \/>\n\t<meta name=\"twitter:label2\" content=\"Tiempo de lectura\" \/>\n\t<meta name=\"twitter:data2\" content=\"5 minutos\" \/>\n<script type=\"application\/ld+json\" class=\"yoast-schema-graph\">{\"@context\":\"https:\\\/\\\/schema.org\",\"@graph\":[{\"@type\":\"Article\",\"@id\":\"https:\\\/\\\/www.laguiadepamplona.com\\\/actualidad\\\/la-novena-edicion-de-danzad-danzad-malditos-verano-vuelve-a-acercar-la-danza-a-la-ciudadania-y-se-inicia-con-una-cita-con-companias-internacionales\\\/#article\",\"isPartOf\":{\"@id\":\"https:\\\/\\\/www.laguiadepamplona.com\\\/actualidad\\\/la-novena-edicion-de-danzad-danzad-malditos-verano-vuelve-a-acercar-la-danza-a-la-ciudadania-y-se-inicia-con-una-cita-con-companias-internacionales\\\/\"},\"author\":{\"name\":\"La Gu\u00eda de Pamplona\",\"@id\":\"https:\\\/\\\/www.laguiadepamplona.com\\\/actualidad\\\/#\\\/schema\\\/person\\\/efe887376f0213d4657c93adc50b1fdb\"},\"headline\":\"La novena edici\u00f3n de Danzad, Danzad, Malditos Verano vuelve a acercar la danza a la ciudadan\u00eda y se inicia con una cita con compa\u00f1\u00edas internacionales\",\"datePublished\":\"2024-08-09T15:32:17+00:00\",\"mainEntityOfPage\":{\"@id\":\"https:\\\/\\\/www.laguiadepamplona.com\\\/actualidad\\\/la-novena-edicion-de-danzad-danzad-malditos-verano-vuelve-a-acercar-la-danza-a-la-ciudadania-y-se-inicia-con-una-cita-con-companias-internacionales\\\/\"},\"wordCount\":1090,\"commentCount\":0,\"publisher\":{\"@id\":\"https:\\\/\\\/www.laguiadepamplona.com\\\/actualidad\\\/#organization\"},\"image\":{\"@id\":\"https:\\\/\\\/www.laguiadepamplona.com\\\/actualidad\\\/la-novena-edicion-de-danzad-danzad-malditos-verano-vuelve-a-acercar-la-danza-a-la-ciudadania-y-se-inicia-con-una-cita-con-companias-internacionales\\\/#primaryimage\"},\"thumbnailUrl\":\"https:\\\/\\\/www.laguiadepamplona.com\\\/actualidad\\\/wp-content\\\/uploads\\\/2024\\\/08\\\/duonuxs.webp\",\"articleSection\":[\"Ayto Pamplona\"],\"inLanguage\":\"es\",\"potentialAction\":[{\"@type\":\"CommentAction\",\"name\":\"Comment\",\"target\":[\"https:\\\/\\\/www.laguiadepamplona.com\\\/actualidad\\\/la-novena-edicion-de-danzad-danzad-malditos-verano-vuelve-a-acercar-la-danza-a-la-ciudadania-y-se-inicia-con-una-cita-con-companias-internacionales\\\/#respond\"]}]},{\"@type\":\"WebPage\",\"@id\":\"https:\\\/\\\/www.laguiadepamplona.com\\\/actualidad\\\/la-novena-edicion-de-danzad-danzad-malditos-verano-vuelve-a-acercar-la-danza-a-la-ciudadania-y-se-inicia-con-una-cita-con-companias-internacionales\\\/\",\"url\":\"https:\\\/\\\/www.laguiadepamplona.com\\\/actualidad\\\/la-novena-edicion-de-danzad-danzad-malditos-verano-vuelve-a-acercar-la-danza-a-la-ciudadania-y-se-inicia-con-una-cita-con-companias-internacionales\\\/\",\"name\":\"La novena edici\u00f3n de Danzad, Danzad, Malditos Verano vuelve a acercar la danza a la ciudadan\u00eda y se inicia con una cita con compa\u00f1\u00edas internacionales\",\"isPartOf\":{\"@id\":\"https:\\\/\\\/www.laguiadepamplona.com\\\/actualidad\\\/#website\"},\"primaryImageOfPage\":{\"@id\":\"https:\\\/\\\/www.laguiadepamplona.com\\\/actualidad\\\/la-novena-edicion-de-danzad-danzad-malditos-verano-vuelve-a-acercar-la-danza-a-la-ciudadania-y-se-inicia-con-una-cita-con-companias-internacionales\\\/#primaryimage\"},\"image\":{\"@id\":\"https:\\\/\\\/www.laguiadepamplona.com\\\/actualidad\\\/la-novena-edicion-de-danzad-danzad-malditos-verano-vuelve-a-acercar-la-danza-a-la-ciudadania-y-se-inicia-con-una-cita-con-companias-internacionales\\\/#primaryimage\"},\"thumbnailUrl\":\"https:\\\/\\\/www.laguiadepamplona.com\\\/actualidad\\\/wp-content\\\/uploads\\\/2024\\\/08\\\/duonuxs.webp\",\"datePublished\":\"2024-08-09T15:32:17+00:00\",\"description\":\"La novena edici\u00f3n de Danzad, Danzad, Malditos Verano vuelve a acercar la danza a la ciudadan\u00eda y se inicia con una cita con compa\u00f1\u00edas internacionales\",\"breadcrumb\":{\"@id\":\"https:\\\/\\\/www.laguiadepamplona.com\\\/actualidad\\\/la-novena-edicion-de-danzad-danzad-malditos-verano-vuelve-a-acercar-la-danza-a-la-ciudadania-y-se-inicia-con-una-cita-con-companias-internacionales\\\/#breadcrumb\"},\"inLanguage\":\"es\",\"potentialAction\":[{\"@type\":\"ReadAction\",\"target\":[\"https:\\\/\\\/www.laguiadepamplona.com\\\/actualidad\\\/la-novena-edicion-de-danzad-danzad-malditos-verano-vuelve-a-acercar-la-danza-a-la-ciudadania-y-se-inicia-con-una-cita-con-companias-internacionales\\\/\"]}]},{\"@type\":\"ImageObject\",\"inLanguage\":\"es\",\"@id\":\"https:\\\/\\\/www.laguiadepamplona.com\\\/actualidad\\\/la-novena-edicion-de-danzad-danzad-malditos-verano-vuelve-a-acercar-la-danza-a-la-ciudadania-y-se-inicia-con-una-cita-con-companias-internacionales\\\/#primaryimage\",\"url\":\"https:\\\/\\\/www.laguiadepamplona.com\\\/actualidad\\\/wp-content\\\/uploads\\\/2024\\\/08\\\/duonuxs.webp\",\"contentUrl\":\"https:\\\/\\\/www.laguiadepamplona.com\\\/actualidad\\\/wp-content\\\/uploads\\\/2024\\\/08\\\/duonuxs.webp\",\"width\":1000,\"height\":667,\"caption\":\"duonuxs\"},{\"@type\":\"BreadcrumbList\",\"@id\":\"https:\\\/\\\/www.laguiadepamplona.com\\\/actualidad\\\/la-novena-edicion-de-danzad-danzad-malditos-verano-vuelve-a-acercar-la-danza-a-la-ciudadania-y-se-inicia-con-una-cita-con-companias-internacionales\\\/#breadcrumb\",\"itemListElement\":[{\"@type\":\"ListItem\",\"position\":1,\"name\":\"Portada\",\"item\":\"https:\\\/\\\/www.laguiadepamplona.com\\\/actualidad\\\/\"},{\"@type\":\"ListItem\",\"position\":2,\"name\":\"La novena edici\u00f3n de Danzad, Danzad, Malditos Verano vuelve a acercar la danza a la ciudadan\u00eda y se inicia con una cita con compa\u00f1\u00edas internacionales\"}]},{\"@type\":\"WebSite\",\"@id\":\"https:\\\/\\\/www.laguiadepamplona.com\\\/actualidad\\\/#website\",\"url\":\"https:\\\/\\\/www.laguiadepamplona.com\\\/actualidad\\\/\",\"name\":\"La gu\u00eda de Pamplona\",\"description\":\"Noticias de Pamplona\",\"publisher\":{\"@id\":\"https:\\\/\\\/www.laguiadepamplona.com\\\/actualidad\\\/#organization\"},\"potentialAction\":[{\"@type\":\"SearchAction\",\"target\":{\"@type\":\"EntryPoint\",\"urlTemplate\":\"https:\\\/\\\/www.laguiadepamplona.com\\\/actualidad\\\/?s={search_term_string}\"},\"query-input\":{\"@type\":\"PropertyValueSpecification\",\"valueRequired\":true,\"valueName\":\"search_term_string\"}}],\"inLanguage\":\"es\"},{\"@type\":\"Organization\",\"@id\":\"https:\\\/\\\/www.laguiadepamplona.com\\\/actualidad\\\/#organization\",\"name\":\"La Gu\u00eda de Pamplona \\\/ Noticias\",\"url\":\"https:\\\/\\\/www.laguiadepamplona.com\\\/actualidad\\\/\",\"logo\":{\"@type\":\"ImageObject\",\"inLanguage\":\"es\",\"@id\":\"https:\\\/\\\/www.laguiadepamplona.com\\\/actualidad\\\/#\\\/schema\\\/logo\\\/image\\\/\",\"url\":\"https:\\\/\\\/www.laguiadepamplona.com\\\/actualidad\\\/wp-content\\\/uploads\\\/2018\\\/11\\\/logo-laguiadepamplona18-web1.png\",\"contentUrl\":\"https:\\\/\\\/www.laguiadepamplona.com\\\/actualidad\\\/wp-content\\\/uploads\\\/2018\\\/11\\\/logo-laguiadepamplona18-web1.png\",\"width\":600,\"height\":196,\"caption\":\"La Gu\u00eda de Pamplona \\\/ Noticias\"},\"image\":{\"@id\":\"https:\\\/\\\/www.laguiadepamplona.com\\\/actualidad\\\/#\\\/schema\\\/logo\\\/image\\\/\"},\"sameAs\":[\"https:\\\/\\\/www.facebook.com\\\/laguiadepamplonacom-133175176762273\\\/?ref=hl\",\"https:\\\/\\\/x.com\\\/LaGuiadPamplona\",\"https:\\\/\\\/www.instagram.com\\\/la_guia_de_pamplona\\\/\",\"https:\\\/\\\/www.youtube.com\\\/user\\\/laguiadepamplona\"]},{\"@type\":\"Person\",\"@id\":\"https:\\\/\\\/www.laguiadepamplona.com\\\/actualidad\\\/#\\\/schema\\\/person\\\/efe887376f0213d4657c93adc50b1fdb\",\"name\":\"La Gu\u00eda de Pamplona\",\"image\":{\"@type\":\"ImageObject\",\"inLanguage\":\"es\",\"@id\":\"https:\\\/\\\/secure.gravatar.com\\\/avatar\\\/b6992f131dc8d30ab0dff15446e9d346d9dbd95992de0fef795073f5ea83a81c?s=96&d=mm&r=g\",\"url\":\"https:\\\/\\\/secure.gravatar.com\\\/avatar\\\/b6992f131dc8d30ab0dff15446e9d346d9dbd95992de0fef795073f5ea83a81c?s=96&d=mm&r=g\",\"contentUrl\":\"https:\\\/\\\/secure.gravatar.com\\\/avatar\\\/b6992f131dc8d30ab0dff15446e9d346d9dbd95992de0fef795073f5ea83a81c?s=96&d=mm&r=g\",\"caption\":\"La Gu\u00eda de Pamplona\"}}]}<\/script>\n<!-- \/ Yoast SEO plugin. -->","yoast_head_json":{"title":"La novena edici\u00f3n de Danzad, Danzad, Malditos Verano vuelve a acercar la danza a la ciudadan\u00eda y se inicia con una cita con compa\u00f1\u00edas internacionales","description":"La novena edici\u00f3n de Danzad, Danzad, Malditos Verano vuelve a acercar la danza a la ciudadan\u00eda y se inicia con una cita con compa\u00f1\u00edas internacionales","robots":{"index":"index","follow":"follow","max-snippet":"max-snippet:-1","max-image-preview":"max-image-preview:large","max-video-preview":"max-video-preview:-1"},"canonical":"https:\/\/www.laguiadepamplona.com\/actualidad\/la-novena-edicion-de-danzad-danzad-malditos-verano-vuelve-a-acercar-la-danza-a-la-ciudadania-y-se-inicia-con-una-cita-con-companias-internacionales\/","og_locale":"es_ES","og_type":"article","og_title":"La novena edici\u00f3n de Danzad, Danzad, Malditos Verano vuelve a acercar la danza a la ciudadan\u00eda y se inicia con una cita con compa\u00f1\u00edas internacionales","og_description":"La novena edici\u00f3n de Danzad, Danzad, Malditos Verano vuelve a acercar la danza a la ciudadan\u00eda y se inicia con una cita con compa\u00f1\u00edas internacionales","og_url":"https:\/\/www.laguiadepamplona.com\/actualidad\/la-novena-edicion-de-danzad-danzad-malditos-verano-vuelve-a-acercar-la-danza-a-la-ciudadania-y-se-inicia-con-una-cita-con-companias-internacionales\/","og_site_name":"La Gu\u00eda de Pamplona","article_publisher":"https:\/\/www.facebook.com\/laguiadepamplonacom-133175176762273\/?ref=hl","article_published_time":"2024-08-09T15:32:17+00:00","og_image":[{"width":1000,"height":667,"url":"https:\/\/www.laguiadepamplona.com\/actualidad\/wp-content\/uploads\/2024\/08\/duonuxs.webp","type":"image\/webp"}],"author":"La Gu\u00eda de Pamplona","twitter_card":"summary_large_image","twitter_creator":"@LaGuiadPamplona","twitter_site":"@LaGuiadPamplona","twitter_misc":{"Escrito por":"La Gu\u00eda de Pamplona","Tiempo de lectura":"5 minutos"},"schema":{"@context":"https:\/\/schema.org","@graph":[{"@type":"Article","@id":"https:\/\/www.laguiadepamplona.com\/actualidad\/la-novena-edicion-de-danzad-danzad-malditos-verano-vuelve-a-acercar-la-danza-a-la-ciudadania-y-se-inicia-con-una-cita-con-companias-internacionales\/#article","isPartOf":{"@id":"https:\/\/www.laguiadepamplona.com\/actualidad\/la-novena-edicion-de-danzad-danzad-malditos-verano-vuelve-a-acercar-la-danza-a-la-ciudadania-y-se-inicia-con-una-cita-con-companias-internacionales\/"},"author":{"name":"La Gu\u00eda de Pamplona","@id":"https:\/\/www.laguiadepamplona.com\/actualidad\/#\/schema\/person\/efe887376f0213d4657c93adc50b1fdb"},"headline":"La novena edici\u00f3n de Danzad, Danzad, Malditos Verano vuelve a acercar la danza a la ciudadan\u00eda y se inicia con una cita con compa\u00f1\u00edas internacionales","datePublished":"2024-08-09T15:32:17+00:00","mainEntityOfPage":{"@id":"https:\/\/www.laguiadepamplona.com\/actualidad\/la-novena-edicion-de-danzad-danzad-malditos-verano-vuelve-a-acercar-la-danza-a-la-ciudadania-y-se-inicia-con-una-cita-con-companias-internacionales\/"},"wordCount":1090,"commentCount":0,"publisher":{"@id":"https:\/\/www.laguiadepamplona.com\/actualidad\/#organization"},"image":{"@id":"https:\/\/www.laguiadepamplona.com\/actualidad\/la-novena-edicion-de-danzad-danzad-malditos-verano-vuelve-a-acercar-la-danza-a-la-ciudadania-y-se-inicia-con-una-cita-con-companias-internacionales\/#primaryimage"},"thumbnailUrl":"https:\/\/www.laguiadepamplona.com\/actualidad\/wp-content\/uploads\/2024\/08\/duonuxs.webp","articleSection":["Ayto Pamplona"],"inLanguage":"es","potentialAction":[{"@type":"CommentAction","name":"Comment","target":["https:\/\/www.laguiadepamplona.com\/actualidad\/la-novena-edicion-de-danzad-danzad-malditos-verano-vuelve-a-acercar-la-danza-a-la-ciudadania-y-se-inicia-con-una-cita-con-companias-internacionales\/#respond"]}]},{"@type":"WebPage","@id":"https:\/\/www.laguiadepamplona.com\/actualidad\/la-novena-edicion-de-danzad-danzad-malditos-verano-vuelve-a-acercar-la-danza-a-la-ciudadania-y-se-inicia-con-una-cita-con-companias-internacionales\/","url":"https:\/\/www.laguiadepamplona.com\/actualidad\/la-novena-edicion-de-danzad-danzad-malditos-verano-vuelve-a-acercar-la-danza-a-la-ciudadania-y-se-inicia-con-una-cita-con-companias-internacionales\/","name":"La novena edici\u00f3n de Danzad, Danzad, Malditos Verano vuelve a acercar la danza a la ciudadan\u00eda y se inicia con una cita con compa\u00f1\u00edas internacionales","isPartOf":{"@id":"https:\/\/www.laguiadepamplona.com\/actualidad\/#website"},"primaryImageOfPage":{"@id":"https:\/\/www.laguiadepamplona.com\/actualidad\/la-novena-edicion-de-danzad-danzad-malditos-verano-vuelve-a-acercar-la-danza-a-la-ciudadania-y-se-inicia-con-una-cita-con-companias-internacionales\/#primaryimage"},"image":{"@id":"https:\/\/www.laguiadepamplona.com\/actualidad\/la-novena-edicion-de-danzad-danzad-malditos-verano-vuelve-a-acercar-la-danza-a-la-ciudadania-y-se-inicia-con-una-cita-con-companias-internacionales\/#primaryimage"},"thumbnailUrl":"https:\/\/www.laguiadepamplona.com\/actualidad\/wp-content\/uploads\/2024\/08\/duonuxs.webp","datePublished":"2024-08-09T15:32:17+00:00","description":"La novena edici\u00f3n de Danzad, Danzad, Malditos Verano vuelve a acercar la danza a la ciudadan\u00eda y se inicia con una cita con compa\u00f1\u00edas internacionales","breadcrumb":{"@id":"https:\/\/www.laguiadepamplona.com\/actualidad\/la-novena-edicion-de-danzad-danzad-malditos-verano-vuelve-a-acercar-la-danza-a-la-ciudadania-y-se-inicia-con-una-cita-con-companias-internacionales\/#breadcrumb"},"inLanguage":"es","potentialAction":[{"@type":"ReadAction","target":["https:\/\/www.laguiadepamplona.com\/actualidad\/la-novena-edicion-de-danzad-danzad-malditos-verano-vuelve-a-acercar-la-danza-a-la-ciudadania-y-se-inicia-con-una-cita-con-companias-internacionales\/"]}]},{"@type":"ImageObject","inLanguage":"es","@id":"https:\/\/www.laguiadepamplona.com\/actualidad\/la-novena-edicion-de-danzad-danzad-malditos-verano-vuelve-a-acercar-la-danza-a-la-ciudadania-y-se-inicia-con-una-cita-con-companias-internacionales\/#primaryimage","url":"https:\/\/www.laguiadepamplona.com\/actualidad\/wp-content\/uploads\/2024\/08\/duonuxs.webp","contentUrl":"https:\/\/www.laguiadepamplona.com\/actualidad\/wp-content\/uploads\/2024\/08\/duonuxs.webp","width":1000,"height":667,"caption":"duonuxs"},{"@type":"BreadcrumbList","@id":"https:\/\/www.laguiadepamplona.com\/actualidad\/la-novena-edicion-de-danzad-danzad-malditos-verano-vuelve-a-acercar-la-danza-a-la-ciudadania-y-se-inicia-con-una-cita-con-companias-internacionales\/#breadcrumb","itemListElement":[{"@type":"ListItem","position":1,"name":"Portada","item":"https:\/\/www.laguiadepamplona.com\/actualidad\/"},{"@type":"ListItem","position":2,"name":"La novena edici\u00f3n de Danzad, Danzad, Malditos Verano vuelve a acercar la danza a la ciudadan\u00eda y se inicia con una cita con compa\u00f1\u00edas internacionales"}]},{"@type":"WebSite","@id":"https:\/\/www.laguiadepamplona.com\/actualidad\/#website","url":"https:\/\/www.laguiadepamplona.com\/actualidad\/","name":"La gu\u00eda de Pamplona","description":"Noticias de Pamplona","publisher":{"@id":"https:\/\/www.laguiadepamplona.com\/actualidad\/#organization"},"potentialAction":[{"@type":"SearchAction","target":{"@type":"EntryPoint","urlTemplate":"https:\/\/www.laguiadepamplona.com\/actualidad\/?s={search_term_string}"},"query-input":{"@type":"PropertyValueSpecification","valueRequired":true,"valueName":"search_term_string"}}],"inLanguage":"es"},{"@type":"Organization","@id":"https:\/\/www.laguiadepamplona.com\/actualidad\/#organization","name":"La Gu\u00eda de Pamplona \/ Noticias","url":"https:\/\/www.laguiadepamplona.com\/actualidad\/","logo":{"@type":"ImageObject","inLanguage":"es","@id":"https:\/\/www.laguiadepamplona.com\/actualidad\/#\/schema\/logo\/image\/","url":"https:\/\/www.laguiadepamplona.com\/actualidad\/wp-content\/uploads\/2018\/11\/logo-laguiadepamplona18-web1.png","contentUrl":"https:\/\/www.laguiadepamplona.com\/actualidad\/wp-content\/uploads\/2018\/11\/logo-laguiadepamplona18-web1.png","width":600,"height":196,"caption":"La Gu\u00eda de Pamplona \/ Noticias"},"image":{"@id":"https:\/\/www.laguiadepamplona.com\/actualidad\/#\/schema\/logo\/image\/"},"sameAs":["https:\/\/www.facebook.com\/laguiadepamplonacom-133175176762273\/?ref=hl","https:\/\/x.com\/LaGuiadPamplona","https:\/\/www.instagram.com\/la_guia_de_pamplona\/","https:\/\/www.youtube.com\/user\/laguiadepamplona"]},{"@type":"Person","@id":"https:\/\/www.laguiadepamplona.com\/actualidad\/#\/schema\/person\/efe887376f0213d4657c93adc50b1fdb","name":"La Gu\u00eda de Pamplona","image":{"@type":"ImageObject","inLanguage":"es","@id":"https:\/\/secure.gravatar.com\/avatar\/b6992f131dc8d30ab0dff15446e9d346d9dbd95992de0fef795073f5ea83a81c?s=96&d=mm&r=g","url":"https:\/\/secure.gravatar.com\/avatar\/b6992f131dc8d30ab0dff15446e9d346d9dbd95992de0fef795073f5ea83a81c?s=96&d=mm&r=g","contentUrl":"https:\/\/secure.gravatar.com\/avatar\/b6992f131dc8d30ab0dff15446e9d346d9dbd95992de0fef795073f5ea83a81c?s=96&d=mm&r=g","caption":"La Gu\u00eda de Pamplona"}}]}},"post_mailing_queue_ids":[],"_links":{"self":[{"href":"https:\/\/www.laguiadepamplona.com\/actualidad\/wp-json\/wp\/v2\/posts\/50465","targetHints":{"allow":["GET"]}}],"collection":[{"href":"https:\/\/www.laguiadepamplona.com\/actualidad\/wp-json\/wp\/v2\/posts"}],"about":[{"href":"https:\/\/www.laguiadepamplona.com\/actualidad\/wp-json\/wp\/v2\/types\/post"}],"author":[{"embeddable":true,"href":"https:\/\/www.laguiadepamplona.com\/actualidad\/wp-json\/wp\/v2\/users\/1"}],"replies":[{"embeddable":true,"href":"https:\/\/www.laguiadepamplona.com\/actualidad\/wp-json\/wp\/v2\/comments?post=50465"}],"version-history":[{"count":1,"href":"https:\/\/www.laguiadepamplona.com\/actualidad\/wp-json\/wp\/v2\/posts\/50465\/revisions"}],"predecessor-version":[{"id":50467,"href":"https:\/\/www.laguiadepamplona.com\/actualidad\/wp-json\/wp\/v2\/posts\/50465\/revisions\/50467"}],"wp:featuredmedia":[{"embeddable":true,"href":"https:\/\/www.laguiadepamplona.com\/actualidad\/wp-json\/wp\/v2\/media\/50466"}],"wp:attachment":[{"href":"https:\/\/www.laguiadepamplona.com\/actualidad\/wp-json\/wp\/v2\/media?parent=50465"}],"wp:term":[{"taxonomy":"category","embeddable":true,"href":"https:\/\/www.laguiadepamplona.com\/actualidad\/wp-json\/wp\/v2\/categories?post=50465"},{"taxonomy":"post_tag","embeddable":true,"href":"https:\/\/www.laguiadepamplona.com\/actualidad\/wp-json\/wp\/v2\/tags?post=50465"}],"curies":[{"name":"wp","href":"https:\/\/api.w.org\/{rel}","templated":true}]}}