{"id":50462,"date":"2024-08-08T18:18:03","date_gmt":"2024-08-08T16:18:03","guid":{"rendered":"https:\/\/www.laguiadepamplona.com\/actualidad\/?p=50462"},"modified":"2024-08-08T18:18:03","modified_gmt":"2024-08-08T16:18:03","slug":"adjudicadas-las-obras-para-sustituir-las-carpinterias-exteriores-en-hegoalde-ikastola-que-comienzan-el-16-de-agosto-y-tienen-una-duracion-prevista-de-cuatro-meses","status":"publish","type":"post","link":"https:\/\/www.laguiadepamplona.com\/actualidad\/adjudicadas-las-obras-para-sustituir-las-carpinterias-exteriores-en-hegoalde-ikastola-que-comienzan-el-16-de-agosto-y-tienen-una-duracion-prevista-de-cuatro-meses\/","title":{"rendered":"Adjudicadas las obras para sustituir las carpinter\u00edas exteriores en Hegoalde Ikastola que comienzan el 16 de agosto y tienen una duraci\u00f3n prevista de cuatro meses"},"content":{"rendered":"<h2 class=\"x_2Subtitulo\">Los trabajos comienzan por la planta baja para tener listas las ventanas y las rampas de acceso a las aulas de Infantil al inicio del nuevo curso escolar<\/h2>\n<p class=\"x_MsoNormal\"><!--more--><\/p>\n<p class=\"x_3Texto\">La Junta de Gobierno Local ha aprobado la adjudicaci\u00f3n de las obras de sustituci\u00f3n de las carpinter\u00edas exteriores en Hegoalde Ikastola, centro educativo ubicado en el barrio de Milagrosa. La adjudicaci\u00f3n corresponde a la empresa Erki Construcci\u00f3n Sostenible SL, por un importe de 346.850,83 euros y un plazo de ejecuci\u00f3n de 4 meses. El inicio de la obra est\u00e1 fijado para mediados de agosto y se desarrollar\u00e1 en tres fases. Los trabajos tienen por objetivo mejorar las condiciones t\u00e9rmicas y de habitabilidad del edificio.<\/p>\n<p class=\"x_3Texto\">Las carpinter\u00edas exteriores, que datan de los a\u00f1os de construcci\u00f3n de la Ikastola, entre los a\u00f1os 1986 y 1988, se encuentran en relativo buen estado de conservaci\u00f3n, por ser de aluminio, pero deben adaptarse para cumplir con los est\u00e1ndares requeridos en la actualidad en cuanto a confort y eficiencia energ\u00e9tica. El contrato contempla, adem\u00e1s, mejoras de accesibilidad, con la ejecuci\u00f3n de tres rampas de acceso a las aulas de Educaci\u00f3n Infantil desde el patio de recreo.<\/p>\n<p class=\"x_3Texto\">Las carpinter\u00edas que se sustituyen se encuentran en la planta s\u00f3tano, planta baja y planta primera de Hegoalde Ikastola. Previamente, se deber\u00e1n retirar los radiadores ubicados en las aulas infantiles donde se desarrollar\u00e1n las rampas para el cambio de carpinter\u00eda, el mobiliario y cortinas existentes, y se desmontar\u00e1 el revestimiento de las fachadas. Tras la instalaci\u00f3n, se proceder\u00e1 a la pintura, reposici\u00f3n de corcho y alicatados, y colocaci\u00f3n de vinilos.<\/p>\n<p class=\"x_3Texto\">El inicio de la instalaci\u00f3n de las ventanas est\u00e1 previsto para el 19 de agosto, con prioridad para la planta baja, que se aborda en primer lugar: se intentar\u00e1 tener esta planta terminada el 6 de septiembre, antes del inicio de curso, para que la pueda utilizar el alumnado de Educaci\u00f3n Infantil. La segunda fase se ejecuta con el curso ya iniciado, por lo que se trabajar\u00e1 cuando se termine la jornada escolar; y la sustituci\u00f3n de las carpinter\u00edas de la Planta S\u00f3tano y los trabajos en el comedor, se abordar\u00e1n en el puente foral, para no interferir en la actividad del centro.<\/p>\n<p class=\"x_3Texto\">La planta primera se realizar\u00e1 por aulas, desde el 9 de septiembre hasta el 29 de noviembre, ya que se ir\u00e1 ejecutando a la vez que el centro escolar est\u00e1 en funcionamiento. Se efectuar\u00e1 el traslado del alumnado de las aulas en las que se va a realizar la sustituci\u00f3n de las carpinter\u00edas a la biblioteca o al aula de inform\u00e1tica, seg\u00fan el criterio del centro. La planta s\u00f3tano se abordar\u00e1 desde el 2 de diciembre hasta el 13 de diciembre. Los repasos y limpieza final, junto a la retirada de los medios auxiliares e instalaciones de obra, dar\u00e1n por concluidos los trabajos.<\/p>\n","protected":false},"excerpt":{"rendered":"<p>Los trabajos comienzan por la planta baja para tener listas las ventanas y las rampas de acceso a las aulas de Infantil al inicio del nuevo curso escolar<\/p>\n","protected":false},"author":1,"featured_media":50463,"comment_status":"open","ping_status":"closed","sticky":false,"template":"","format":"standard","meta":{"footnotes":""},"categories":[2],"tags":[],"class_list":["post-50462","post","type-post","status-publish","format-standard","has-post-thumbnail","hentry","category-ayuntamiento-pamplona"],"yoast_head":"<!-- This site is optimized with the Yoast SEO plugin v27.3 - https:\/\/yoast.com\/product\/yoast-seo-wordpress\/ -->\n<title>Adjudicadas las obras para sustituir las carpinter\u00edas exteriores en Hegoalde Ikastola que comienzan el 16 de agosto y tienen una duraci\u00f3n prevista de cuatro meses<\/title>\n<meta name=\"description\" content=\"Los trabajos comienzan por la planta baja para tener listas las ventanas y las rampas de acceso a las aulas de Infantil al inicio del nuevo curso escolar\" \/>\n<meta name=\"robots\" content=\"index, follow, max-snippet:-1, max-image-preview:large, max-video-preview:-1\" \/>\n<link rel=\"canonical\" href=\"https:\/\/www.laguiadepamplona.com\/actualidad\/adjudicadas-las-obras-para-sustituir-las-carpinterias-exteriores-en-hegoalde-ikastola-que-comienzan-el-16-de-agosto-y-tienen-una-duracion-prevista-de-cuatro-meses\/\" \/>\n<meta property=\"og:locale\" content=\"es_ES\" \/>\n<meta property=\"og:type\" content=\"article\" \/>\n<meta property=\"og:title\" content=\"Adjudicadas las obras para sustituir las carpinter\u00edas exteriores en Hegoalde Ikastola que comienzan el 16 de agosto y tienen una duraci\u00f3n prevista de cuatro meses\" \/>\n<meta property=\"og:description\" content=\"Los trabajos comienzan por la planta baja para tener listas las ventanas y las rampas de acceso a las aulas de Infantil al inicio del nuevo curso escolar\" \/>\n<meta property=\"og:url\" content=\"https:\/\/www.laguiadepamplona.com\/actualidad\/adjudicadas-las-obras-para-sustituir-las-carpinterias-exteriores-en-hegoalde-ikastola-que-comienzan-el-16-de-agosto-y-tienen-una-duracion-prevista-de-cuatro-meses\/\" \/>\n<meta property=\"og:site_name\" content=\"La Gu\u00eda de Pamplona\" \/>\n<meta property=\"article:publisher\" content=\"https:\/\/www.facebook.com\/laguiadepamplonacom-133175176762273\/?ref=hl\" \/>\n<meta property=\"article:published_time\" content=\"2024-08-08T16:18:03+00:00\" \/>\n<meta property=\"og:image\" content=\"https:\/\/www.laguiadepamplona.com\/actualidad\/wp-content\/uploads\/2024\/08\/ventanas-hegoalde_0.webp\" \/>\n\t<meta property=\"og:image:width\" content=\"1000\" \/>\n\t<meta property=\"og:image:height\" content=\"563\" \/>\n\t<meta property=\"og:image:type\" content=\"image\/webp\" \/>\n<meta name=\"author\" content=\"La Gu\u00eda de Pamplona\" \/>\n<meta name=\"twitter:card\" content=\"summary_large_image\" \/>\n<meta name=\"twitter:creator\" content=\"@LaGuiadPamplona\" \/>\n<meta name=\"twitter:site\" content=\"@LaGuiadPamplona\" \/>\n<meta name=\"twitter:label1\" content=\"Escrito por\" \/>\n\t<meta name=\"twitter:data1\" content=\"La Gu\u00eda de Pamplona\" \/>\n\t<meta name=\"twitter:label2\" content=\"Tiempo de lectura\" \/>\n\t<meta name=\"twitter:data2\" content=\"3 minutos\" \/>\n<script type=\"application\/ld+json\" class=\"yoast-schema-graph\">{\"@context\":\"https:\\\/\\\/schema.org\",\"@graph\":[{\"@type\":\"Article\",\"@id\":\"https:\\\/\\\/www.laguiadepamplona.com\\\/actualidad\\\/adjudicadas-las-obras-para-sustituir-las-carpinterias-exteriores-en-hegoalde-ikastola-que-comienzan-el-16-de-agosto-y-tienen-una-duracion-prevista-de-cuatro-meses\\\/#article\",\"isPartOf\":{\"@id\":\"https:\\\/\\\/www.laguiadepamplona.com\\\/actualidad\\\/adjudicadas-las-obras-para-sustituir-las-carpinterias-exteriores-en-hegoalde-ikastola-que-comienzan-el-16-de-agosto-y-tienen-una-duracion-prevista-de-cuatro-meses\\\/\"},\"author\":{\"name\":\"La Gu\u00eda de Pamplona\",\"@id\":\"https:\\\/\\\/www.laguiadepamplona.com\\\/actualidad\\\/#\\\/schema\\\/person\\\/efe887376f0213d4657c93adc50b1fdb\"},\"headline\":\"Adjudicadas las obras para sustituir las carpinter\u00edas exteriores en Hegoalde Ikastola que comienzan el 16 de agosto y tienen una duraci\u00f3n prevista de cuatro meses\",\"datePublished\":\"2024-08-08T16:18:03+00:00\",\"mainEntityOfPage\":{\"@id\":\"https:\\\/\\\/www.laguiadepamplona.com\\\/actualidad\\\/adjudicadas-las-obras-para-sustituir-las-carpinterias-exteriores-en-hegoalde-ikastola-que-comienzan-el-16-de-agosto-y-tienen-una-duracion-prevista-de-cuatro-meses\\\/\"},\"wordCount\":517,\"commentCount\":0,\"publisher\":{\"@id\":\"https:\\\/\\\/www.laguiadepamplona.com\\\/actualidad\\\/#organization\"},\"image\":{\"@id\":\"https:\\\/\\\/www.laguiadepamplona.com\\\/actualidad\\\/adjudicadas-las-obras-para-sustituir-las-carpinterias-exteriores-en-hegoalde-ikastola-que-comienzan-el-16-de-agosto-y-tienen-una-duracion-prevista-de-cuatro-meses\\\/#primaryimage\"},\"thumbnailUrl\":\"https:\\\/\\\/www.laguiadepamplona.com\\\/actualidad\\\/wp-content\\\/uploads\\\/2024\\\/08\\\/ventanas-hegoalde_0.webp\",\"articleSection\":[\"Ayto Pamplona\"],\"inLanguage\":\"es\",\"potentialAction\":[{\"@type\":\"CommentAction\",\"name\":\"Comment\",\"target\":[\"https:\\\/\\\/www.laguiadepamplona.com\\\/actualidad\\\/adjudicadas-las-obras-para-sustituir-las-carpinterias-exteriores-en-hegoalde-ikastola-que-comienzan-el-16-de-agosto-y-tienen-una-duracion-prevista-de-cuatro-meses\\\/#respond\"]}]},{\"@type\":\"WebPage\",\"@id\":\"https:\\\/\\\/www.laguiadepamplona.com\\\/actualidad\\\/adjudicadas-las-obras-para-sustituir-las-carpinterias-exteriores-en-hegoalde-ikastola-que-comienzan-el-16-de-agosto-y-tienen-una-duracion-prevista-de-cuatro-meses\\\/\",\"url\":\"https:\\\/\\\/www.laguiadepamplona.com\\\/actualidad\\\/adjudicadas-las-obras-para-sustituir-las-carpinterias-exteriores-en-hegoalde-ikastola-que-comienzan-el-16-de-agosto-y-tienen-una-duracion-prevista-de-cuatro-meses\\\/\",\"name\":\"Adjudicadas las obras para sustituir las carpinter\u00edas exteriores en Hegoalde Ikastola que comienzan el 16 de agosto y tienen una duraci\u00f3n prevista de cuatro meses\",\"isPartOf\":{\"@id\":\"https:\\\/\\\/www.laguiadepamplona.com\\\/actualidad\\\/#website\"},\"primaryImageOfPage\":{\"@id\":\"https:\\\/\\\/www.laguiadepamplona.com\\\/actualidad\\\/adjudicadas-las-obras-para-sustituir-las-carpinterias-exteriores-en-hegoalde-ikastola-que-comienzan-el-16-de-agosto-y-tienen-una-duracion-prevista-de-cuatro-meses\\\/#primaryimage\"},\"image\":{\"@id\":\"https:\\\/\\\/www.laguiadepamplona.com\\\/actualidad\\\/adjudicadas-las-obras-para-sustituir-las-carpinterias-exteriores-en-hegoalde-ikastola-que-comienzan-el-16-de-agosto-y-tienen-una-duracion-prevista-de-cuatro-meses\\\/#primaryimage\"},\"thumbnailUrl\":\"https:\\\/\\\/www.laguiadepamplona.com\\\/actualidad\\\/wp-content\\\/uploads\\\/2024\\\/08\\\/ventanas-hegoalde_0.webp\",\"datePublished\":\"2024-08-08T16:18:03+00:00\",\"description\":\"Los trabajos comienzan por la planta baja para tener listas las ventanas y las rampas de acceso a las aulas de Infantil al inicio del nuevo curso escolar\",\"breadcrumb\":{\"@id\":\"https:\\\/\\\/www.laguiadepamplona.com\\\/actualidad\\\/adjudicadas-las-obras-para-sustituir-las-carpinterias-exteriores-en-hegoalde-ikastola-que-comienzan-el-16-de-agosto-y-tienen-una-duracion-prevista-de-cuatro-meses\\\/#breadcrumb\"},\"inLanguage\":\"es\",\"potentialAction\":[{\"@type\":\"ReadAction\",\"target\":[\"https:\\\/\\\/www.laguiadepamplona.com\\\/actualidad\\\/adjudicadas-las-obras-para-sustituir-las-carpinterias-exteriores-en-hegoalde-ikastola-que-comienzan-el-16-de-agosto-y-tienen-una-duracion-prevista-de-cuatro-meses\\\/\"]}]},{\"@type\":\"ImageObject\",\"inLanguage\":\"es\",\"@id\":\"https:\\\/\\\/www.laguiadepamplona.com\\\/actualidad\\\/adjudicadas-las-obras-para-sustituir-las-carpinterias-exteriores-en-hegoalde-ikastola-que-comienzan-el-16-de-agosto-y-tienen-una-duracion-prevista-de-cuatro-meses\\\/#primaryimage\",\"url\":\"https:\\\/\\\/www.laguiadepamplona.com\\\/actualidad\\\/wp-content\\\/uploads\\\/2024\\\/08\\\/ventanas-hegoalde_0.webp\",\"contentUrl\":\"https:\\\/\\\/www.laguiadepamplona.com\\\/actualidad\\\/wp-content\\\/uploads\\\/2024\\\/08\\\/ventanas-hegoalde_0.webp\",\"width\":1000,\"height\":563,\"caption\":\"ventanas, placas solares\"},{\"@type\":\"BreadcrumbList\",\"@id\":\"https:\\\/\\\/www.laguiadepamplona.com\\\/actualidad\\\/adjudicadas-las-obras-para-sustituir-las-carpinterias-exteriores-en-hegoalde-ikastola-que-comienzan-el-16-de-agosto-y-tienen-una-duracion-prevista-de-cuatro-meses\\\/#breadcrumb\",\"itemListElement\":[{\"@type\":\"ListItem\",\"position\":1,\"name\":\"Portada\",\"item\":\"https:\\\/\\\/www.laguiadepamplona.com\\\/actualidad\\\/\"},{\"@type\":\"ListItem\",\"position\":2,\"name\":\"Adjudicadas las obras para sustituir las carpinter\u00edas exteriores en Hegoalde Ikastola que comienzan el 16 de agosto y tienen una duraci\u00f3n prevista de cuatro meses\"}]},{\"@type\":\"WebSite\",\"@id\":\"https:\\\/\\\/www.laguiadepamplona.com\\\/actualidad\\\/#website\",\"url\":\"https:\\\/\\\/www.laguiadepamplona.com\\\/actualidad\\\/\",\"name\":\"La gu\u00eda de Pamplona\",\"description\":\"Noticias de Pamplona\",\"publisher\":{\"@id\":\"https:\\\/\\\/www.laguiadepamplona.com\\\/actualidad\\\/#organization\"},\"potentialAction\":[{\"@type\":\"SearchAction\",\"target\":{\"@type\":\"EntryPoint\",\"urlTemplate\":\"https:\\\/\\\/www.laguiadepamplona.com\\\/actualidad\\\/?s={search_term_string}\"},\"query-input\":{\"@type\":\"PropertyValueSpecification\",\"valueRequired\":true,\"valueName\":\"search_term_string\"}}],\"inLanguage\":\"es\"},{\"@type\":\"Organization\",\"@id\":\"https:\\\/\\\/www.laguiadepamplona.com\\\/actualidad\\\/#organization\",\"name\":\"La Gu\u00eda de Pamplona \\\/ Noticias\",\"url\":\"https:\\\/\\\/www.laguiadepamplona.com\\\/actualidad\\\/\",\"logo\":{\"@type\":\"ImageObject\",\"inLanguage\":\"es\",\"@id\":\"https:\\\/\\\/www.laguiadepamplona.com\\\/actualidad\\\/#\\\/schema\\\/logo\\\/image\\\/\",\"url\":\"https:\\\/\\\/www.laguiadepamplona.com\\\/actualidad\\\/wp-content\\\/uploads\\\/2018\\\/11\\\/logo-laguiadepamplona18-web1.png\",\"contentUrl\":\"https:\\\/\\\/www.laguiadepamplona.com\\\/actualidad\\\/wp-content\\\/uploads\\\/2018\\\/11\\\/logo-laguiadepamplona18-web1.png\",\"width\":600,\"height\":196,\"caption\":\"La Gu\u00eda de Pamplona \\\/ Noticias\"},\"image\":{\"@id\":\"https:\\\/\\\/www.laguiadepamplona.com\\\/actualidad\\\/#\\\/schema\\\/logo\\\/image\\\/\"},\"sameAs\":[\"https:\\\/\\\/www.facebook.com\\\/laguiadepamplonacom-133175176762273\\\/?ref=hl\",\"https:\\\/\\\/x.com\\\/LaGuiadPamplona\",\"https:\\\/\\\/www.instagram.com\\\/la_guia_de_pamplona\\\/\",\"https:\\\/\\\/www.youtube.com\\\/user\\\/laguiadepamplona\"]},{\"@type\":\"Person\",\"@id\":\"https:\\\/\\\/www.laguiadepamplona.com\\\/actualidad\\\/#\\\/schema\\\/person\\\/efe887376f0213d4657c93adc50b1fdb\",\"name\":\"La Gu\u00eda de Pamplona\",\"image\":{\"@type\":\"ImageObject\",\"inLanguage\":\"es\",\"@id\":\"https:\\\/\\\/secure.gravatar.com\\\/avatar\\\/b6992f131dc8d30ab0dff15446e9d346d9dbd95992de0fef795073f5ea83a81c?s=96&d=mm&r=g\",\"url\":\"https:\\\/\\\/secure.gravatar.com\\\/avatar\\\/b6992f131dc8d30ab0dff15446e9d346d9dbd95992de0fef795073f5ea83a81c?s=96&d=mm&r=g\",\"contentUrl\":\"https:\\\/\\\/secure.gravatar.com\\\/avatar\\\/b6992f131dc8d30ab0dff15446e9d346d9dbd95992de0fef795073f5ea83a81c?s=96&d=mm&r=g\",\"caption\":\"La Gu\u00eda de Pamplona\"}}]}<\/script>\n<!-- \/ Yoast SEO plugin. -->","yoast_head_json":{"title":"Adjudicadas las obras para sustituir las carpinter\u00edas exteriores en Hegoalde Ikastola que comienzan el 16 de agosto y tienen una duraci\u00f3n prevista de cuatro meses","description":"Los trabajos comienzan por la planta baja para tener listas las ventanas y las rampas de acceso a las aulas de Infantil al inicio del nuevo curso escolar","robots":{"index":"index","follow":"follow","max-snippet":"max-snippet:-1","max-image-preview":"max-image-preview:large","max-video-preview":"max-video-preview:-1"},"canonical":"https:\/\/www.laguiadepamplona.com\/actualidad\/adjudicadas-las-obras-para-sustituir-las-carpinterias-exteriores-en-hegoalde-ikastola-que-comienzan-el-16-de-agosto-y-tienen-una-duracion-prevista-de-cuatro-meses\/","og_locale":"es_ES","og_type":"article","og_title":"Adjudicadas las obras para sustituir las carpinter\u00edas exteriores en Hegoalde Ikastola que comienzan el 16 de agosto y tienen una duraci\u00f3n prevista de cuatro meses","og_description":"Los trabajos comienzan por la planta baja para tener listas las ventanas y las rampas de acceso a las aulas de Infantil al inicio del nuevo curso escolar","og_url":"https:\/\/www.laguiadepamplona.com\/actualidad\/adjudicadas-las-obras-para-sustituir-las-carpinterias-exteriores-en-hegoalde-ikastola-que-comienzan-el-16-de-agosto-y-tienen-una-duracion-prevista-de-cuatro-meses\/","og_site_name":"La Gu\u00eda de Pamplona","article_publisher":"https:\/\/www.facebook.com\/laguiadepamplonacom-133175176762273\/?ref=hl","article_published_time":"2024-08-08T16:18:03+00:00","og_image":[{"width":1000,"height":563,"url":"https:\/\/www.laguiadepamplona.com\/actualidad\/wp-content\/uploads\/2024\/08\/ventanas-hegoalde_0.webp","type":"image\/webp"}],"author":"La Gu\u00eda de Pamplona","twitter_card":"summary_large_image","twitter_creator":"@LaGuiadPamplona","twitter_site":"@LaGuiadPamplona","twitter_misc":{"Escrito por":"La Gu\u00eda de Pamplona","Tiempo de lectura":"3 minutos"},"schema":{"@context":"https:\/\/schema.org","@graph":[{"@type":"Article","@id":"https:\/\/www.laguiadepamplona.com\/actualidad\/adjudicadas-las-obras-para-sustituir-las-carpinterias-exteriores-en-hegoalde-ikastola-que-comienzan-el-16-de-agosto-y-tienen-una-duracion-prevista-de-cuatro-meses\/#article","isPartOf":{"@id":"https:\/\/www.laguiadepamplona.com\/actualidad\/adjudicadas-las-obras-para-sustituir-las-carpinterias-exteriores-en-hegoalde-ikastola-que-comienzan-el-16-de-agosto-y-tienen-una-duracion-prevista-de-cuatro-meses\/"},"author":{"name":"La Gu\u00eda de Pamplona","@id":"https:\/\/www.laguiadepamplona.com\/actualidad\/#\/schema\/person\/efe887376f0213d4657c93adc50b1fdb"},"headline":"Adjudicadas las obras para sustituir las carpinter\u00edas exteriores en Hegoalde Ikastola que comienzan el 16 de agosto y tienen una duraci\u00f3n prevista de cuatro meses","datePublished":"2024-08-08T16:18:03+00:00","mainEntityOfPage":{"@id":"https:\/\/www.laguiadepamplona.com\/actualidad\/adjudicadas-las-obras-para-sustituir-las-carpinterias-exteriores-en-hegoalde-ikastola-que-comienzan-el-16-de-agosto-y-tienen-una-duracion-prevista-de-cuatro-meses\/"},"wordCount":517,"commentCount":0,"publisher":{"@id":"https:\/\/www.laguiadepamplona.com\/actualidad\/#organization"},"image":{"@id":"https:\/\/www.laguiadepamplona.com\/actualidad\/adjudicadas-las-obras-para-sustituir-las-carpinterias-exteriores-en-hegoalde-ikastola-que-comienzan-el-16-de-agosto-y-tienen-una-duracion-prevista-de-cuatro-meses\/#primaryimage"},"thumbnailUrl":"https:\/\/www.laguiadepamplona.com\/actualidad\/wp-content\/uploads\/2024\/08\/ventanas-hegoalde_0.webp","articleSection":["Ayto Pamplona"],"inLanguage":"es","potentialAction":[{"@type":"CommentAction","name":"Comment","target":["https:\/\/www.laguiadepamplona.com\/actualidad\/adjudicadas-las-obras-para-sustituir-las-carpinterias-exteriores-en-hegoalde-ikastola-que-comienzan-el-16-de-agosto-y-tienen-una-duracion-prevista-de-cuatro-meses\/#respond"]}]},{"@type":"WebPage","@id":"https:\/\/www.laguiadepamplona.com\/actualidad\/adjudicadas-las-obras-para-sustituir-las-carpinterias-exteriores-en-hegoalde-ikastola-que-comienzan-el-16-de-agosto-y-tienen-una-duracion-prevista-de-cuatro-meses\/","url":"https:\/\/www.laguiadepamplona.com\/actualidad\/adjudicadas-las-obras-para-sustituir-las-carpinterias-exteriores-en-hegoalde-ikastola-que-comienzan-el-16-de-agosto-y-tienen-una-duracion-prevista-de-cuatro-meses\/","name":"Adjudicadas las obras para sustituir las carpinter\u00edas exteriores en Hegoalde Ikastola que comienzan el 16 de agosto y tienen una duraci\u00f3n prevista de cuatro meses","isPartOf":{"@id":"https:\/\/www.laguiadepamplona.com\/actualidad\/#website"},"primaryImageOfPage":{"@id":"https:\/\/www.laguiadepamplona.com\/actualidad\/adjudicadas-las-obras-para-sustituir-las-carpinterias-exteriores-en-hegoalde-ikastola-que-comienzan-el-16-de-agosto-y-tienen-una-duracion-prevista-de-cuatro-meses\/#primaryimage"},"image":{"@id":"https:\/\/www.laguiadepamplona.com\/actualidad\/adjudicadas-las-obras-para-sustituir-las-carpinterias-exteriores-en-hegoalde-ikastola-que-comienzan-el-16-de-agosto-y-tienen-una-duracion-prevista-de-cuatro-meses\/#primaryimage"},"thumbnailUrl":"https:\/\/www.laguiadepamplona.com\/actualidad\/wp-content\/uploads\/2024\/08\/ventanas-hegoalde_0.webp","datePublished":"2024-08-08T16:18:03+00:00","description":"Los trabajos comienzan por la planta baja para tener listas las ventanas y las rampas de acceso a las aulas de Infantil al inicio del nuevo curso escolar","breadcrumb":{"@id":"https:\/\/www.laguiadepamplona.com\/actualidad\/adjudicadas-las-obras-para-sustituir-las-carpinterias-exteriores-en-hegoalde-ikastola-que-comienzan-el-16-de-agosto-y-tienen-una-duracion-prevista-de-cuatro-meses\/#breadcrumb"},"inLanguage":"es","potentialAction":[{"@type":"ReadAction","target":["https:\/\/www.laguiadepamplona.com\/actualidad\/adjudicadas-las-obras-para-sustituir-las-carpinterias-exteriores-en-hegoalde-ikastola-que-comienzan-el-16-de-agosto-y-tienen-una-duracion-prevista-de-cuatro-meses\/"]}]},{"@type":"ImageObject","inLanguage":"es","@id":"https:\/\/www.laguiadepamplona.com\/actualidad\/adjudicadas-las-obras-para-sustituir-las-carpinterias-exteriores-en-hegoalde-ikastola-que-comienzan-el-16-de-agosto-y-tienen-una-duracion-prevista-de-cuatro-meses\/#primaryimage","url":"https:\/\/www.laguiadepamplona.com\/actualidad\/wp-content\/uploads\/2024\/08\/ventanas-hegoalde_0.webp","contentUrl":"https:\/\/www.laguiadepamplona.com\/actualidad\/wp-content\/uploads\/2024\/08\/ventanas-hegoalde_0.webp","width":1000,"height":563,"caption":"ventanas, placas solares"},{"@type":"BreadcrumbList","@id":"https:\/\/www.laguiadepamplona.com\/actualidad\/adjudicadas-las-obras-para-sustituir-las-carpinterias-exteriores-en-hegoalde-ikastola-que-comienzan-el-16-de-agosto-y-tienen-una-duracion-prevista-de-cuatro-meses\/#breadcrumb","itemListElement":[{"@type":"ListItem","position":1,"name":"Portada","item":"https:\/\/www.laguiadepamplona.com\/actualidad\/"},{"@type":"ListItem","position":2,"name":"Adjudicadas las obras para sustituir las carpinter\u00edas exteriores en Hegoalde Ikastola que comienzan el 16 de agosto y tienen una duraci\u00f3n prevista de cuatro meses"}]},{"@type":"WebSite","@id":"https:\/\/www.laguiadepamplona.com\/actualidad\/#website","url":"https:\/\/www.laguiadepamplona.com\/actualidad\/","name":"La gu\u00eda de Pamplona","description":"Noticias de Pamplona","publisher":{"@id":"https:\/\/www.laguiadepamplona.com\/actualidad\/#organization"},"potentialAction":[{"@type":"SearchAction","target":{"@type":"EntryPoint","urlTemplate":"https:\/\/www.laguiadepamplona.com\/actualidad\/?s={search_term_string}"},"query-input":{"@type":"PropertyValueSpecification","valueRequired":true,"valueName":"search_term_string"}}],"inLanguage":"es"},{"@type":"Organization","@id":"https:\/\/www.laguiadepamplona.com\/actualidad\/#organization","name":"La Gu\u00eda de Pamplona \/ Noticias","url":"https:\/\/www.laguiadepamplona.com\/actualidad\/","logo":{"@type":"ImageObject","inLanguage":"es","@id":"https:\/\/www.laguiadepamplona.com\/actualidad\/#\/schema\/logo\/image\/","url":"https:\/\/www.laguiadepamplona.com\/actualidad\/wp-content\/uploads\/2018\/11\/logo-laguiadepamplona18-web1.png","contentUrl":"https:\/\/www.laguiadepamplona.com\/actualidad\/wp-content\/uploads\/2018\/11\/logo-laguiadepamplona18-web1.png","width":600,"height":196,"caption":"La Gu\u00eda de Pamplona \/ Noticias"},"image":{"@id":"https:\/\/www.laguiadepamplona.com\/actualidad\/#\/schema\/logo\/image\/"},"sameAs":["https:\/\/www.facebook.com\/laguiadepamplonacom-133175176762273\/?ref=hl","https:\/\/x.com\/LaGuiadPamplona","https:\/\/www.instagram.com\/la_guia_de_pamplona\/","https:\/\/www.youtube.com\/user\/laguiadepamplona"]},{"@type":"Person","@id":"https:\/\/www.laguiadepamplona.com\/actualidad\/#\/schema\/person\/efe887376f0213d4657c93adc50b1fdb","name":"La Gu\u00eda de Pamplona","image":{"@type":"ImageObject","inLanguage":"es","@id":"https:\/\/secure.gravatar.com\/avatar\/b6992f131dc8d30ab0dff15446e9d346d9dbd95992de0fef795073f5ea83a81c?s=96&d=mm&r=g","url":"https:\/\/secure.gravatar.com\/avatar\/b6992f131dc8d30ab0dff15446e9d346d9dbd95992de0fef795073f5ea83a81c?s=96&d=mm&r=g","contentUrl":"https:\/\/secure.gravatar.com\/avatar\/b6992f131dc8d30ab0dff15446e9d346d9dbd95992de0fef795073f5ea83a81c?s=96&d=mm&r=g","caption":"La Gu\u00eda de Pamplona"}}]}},"post_mailing_queue_ids":[],"_links":{"self":[{"href":"https:\/\/www.laguiadepamplona.com\/actualidad\/wp-json\/wp\/v2\/posts\/50462","targetHints":{"allow":["GET"]}}],"collection":[{"href":"https:\/\/www.laguiadepamplona.com\/actualidad\/wp-json\/wp\/v2\/posts"}],"about":[{"href":"https:\/\/www.laguiadepamplona.com\/actualidad\/wp-json\/wp\/v2\/types\/post"}],"author":[{"embeddable":true,"href":"https:\/\/www.laguiadepamplona.com\/actualidad\/wp-json\/wp\/v2\/users\/1"}],"replies":[{"embeddable":true,"href":"https:\/\/www.laguiadepamplona.com\/actualidad\/wp-json\/wp\/v2\/comments?post=50462"}],"version-history":[{"count":1,"href":"https:\/\/www.laguiadepamplona.com\/actualidad\/wp-json\/wp\/v2\/posts\/50462\/revisions"}],"predecessor-version":[{"id":50464,"href":"https:\/\/www.laguiadepamplona.com\/actualidad\/wp-json\/wp\/v2\/posts\/50462\/revisions\/50464"}],"wp:featuredmedia":[{"embeddable":true,"href":"https:\/\/www.laguiadepamplona.com\/actualidad\/wp-json\/wp\/v2\/media\/50463"}],"wp:attachment":[{"href":"https:\/\/www.laguiadepamplona.com\/actualidad\/wp-json\/wp\/v2\/media?parent=50462"}],"wp:term":[{"taxonomy":"category","embeddable":true,"href":"https:\/\/www.laguiadepamplona.com\/actualidad\/wp-json\/wp\/v2\/categories?post=50462"},{"taxonomy":"post_tag","embeddable":true,"href":"https:\/\/www.laguiadepamplona.com\/actualidad\/wp-json\/wp\/v2\/tags?post=50462"}],"curies":[{"name":"wp","href":"https:\/\/api.w.org\/{rel}","templated":true}]}}