{"id":50456,"date":"2024-08-08T18:14:10","date_gmt":"2024-08-08T16:14:10","guid":{"rendered":"https:\/\/www.laguiadepamplona.com\/actualidad\/?p=50456"},"modified":"2024-08-08T18:14:10","modified_gmt":"2024-08-08T16:14:10","slug":"una-distopia-sobre-zancos-oxygen2-es-la-propuesta-de-atardecer-pamplona-un-ciclo-que-comienza-este-viernes-dentro-del-festival-de-las-murallas","status":"publish","type":"post","link":"https:\/\/www.laguiadepamplona.com\/actualidad\/una-distopia-sobre-zancos-oxygen2-es-la-propuesta-de-atardecer-pamplona-un-ciclo-que-comienza-este-viernes-dentro-del-festival-de-las-murallas\/","title":{"rendered":"Una distop\u00eda sobre zancos, \u2018Oxygen2\u2019, es la propuesta de Atardecer Pamplona, un ciclo que comienza este viernes dentro del Festival de las Murallas"},"content":{"rendered":"<h2 class=\"x_2Subtitulo\">La plaza de la Virgen de la O acoge la octava edici\u00f3n de este programa municipal que explora la simbiosis entre ciencia, arte, tecnolog\u00eda y energ\u00eda<\/h2>\n<p class=\"x_2Subtitulo\"><!--more--><\/p>\n<p class=\"x_MsoNormal\">Por octavo a\u00f1o consecutivo los viernes de agosto el Festival de las Murallas propone citas al atardecer en la plaza de la Virgen de la O. Y es que en ese espacio se desarrolla Atardecer Pamplona, una acci\u00f3n cultural gratuita al aire libre que integra algunas de las claves m\u00e1s importantes en la sociedad del futuro: ciencia, arte, nuevas tecnolog\u00edas y energ\u00edas renovables. La propuesta del Ayuntamiento de Pamplona en colaboraci\u00f3n con el colectivo conCienciaArte, se desarrollar\u00e1 desde ma\u00f1ana, 9 de agosto hasta el d\u00eda 23, siempre a las 20 horas. Desde el inicio de esta programaci\u00f3n, y como caracter\u00edstica de este ciclo, el funcionamiento de los medios t\u00e9cnicos de estos espect\u00e1culos es posible gracias a la energ\u00eda que recoge en ese mismo entorno una peque\u00f1a instalaci\u00f3n solar fotovoltaica.<\/p>\n<p class=\"x_MsoNormal\">El ciclo comienza ma\u00f1ana viernes 9 con la reflexi\u00f3n circense sobre ecolog\u00eda que propone la compa\u00f1\u00eda P\u00eda en la actuaci\u00f3n \u2018Oxygen 2\u2019, una exploraci\u00f3n de un mundo en el que el ox\u00edgeno es un bien escaso y la tecnolog\u00eda desvanece las relaciones humanas. Esta distop\u00eda es un proyecto de arte p\u00fablico intercultural que nace a principios de 2019 en la ciudad de Macao, donde empiezan a ser recurrentes los registros de niveles alarmantes de part\u00edculas contaminantes. Esta obra, que se desarrolla en aproximadamente 50 minutos surgi\u00f3 con el objetivo de sensibilizar sobre la necesidad cada vez mayor de encontrar pr\u00e1cticas sostenibles como manera de superar los cambios ambientales adversos y tiene una puesta en escena de seres fant\u00e1sticos sobre zancos.<\/p>\n<p class=\"x_MsoNormal\">La Compa\u00f1ia PIA Projectos de Interven\u00e7\u00e3o Art\u00edstica, fue fundada en mayo de 2002, en Pinhal Novo (Portugal), como una plataforma profesional dirigido para las Artes Performativas de Calle. De car\u00e1cter multidisciplinar, las creaciones de esta compa\u00f1\u00eda abordan el teatro f\u00edsico, el lenguaje corporal ilustrado por las formas animadas -como movimiento primordial y base para la dramaturgia- y el nuevo circo, utilizando t\u00e9cnicas a\u00e9reas y, en particular, los zancos.<\/p>\n<p class=\"x_MsoNormal\">De su carrera internacional se destaca la participaci\u00f3n en el Festival Iberoamericano de Teatro de Bogot\u00e1 (Colombia); en Bergen International Festival (Noruega), en Festivalul Interna\u021bional de Teatru de Strad\u0103 Bucure\u0219ti \u2013 B-FIT in the Street!\u00a0<span lang=\"EN-US\">(Romania); el Kotor International Theater Festival for Children (Montenegro) y el FETA ETA International Festival of Street &amp; Open-Air Theatres de Gdansk (Polonia).\u00a0<\/span>Adem\u00e1s, la compa\u00f1\u00eda en 2011, 2013 y 2018 fue invitada por el Instituto Cultural de Macao para la creaci\u00f3n de una obra con entidades locales para presentaci\u00f3n en las Celebraciones de Entrega de Macau a China.<\/p>\n<div>\n<h3 class=\"x_5TituloApoyodedatos\">Atardecer Pamplona. Plaza Virgen de la O. Viernes, 20 horas<\/h3>\n<\/div>\n<p class=\"x_6Textoapoyodatos\">\u00b7\u00a0\u00a0\u00a0\u00a0\u00a0\u00a0<b>Viernes 9 de agosto.<\/b>\u00a0\u2018O2 Oxygen\u2019, con la compa\u00f1\u00eda PIA Ecolog\u00eda y circo<\/p>\n<p class=\"x_6Textoapoyodatos\">\u00b7\u00a0\u00a0\u00a0\u00a0\u00a0\u00a0<b>Viernes 16 de agosto.<\/b>\u00a0\u2018Des\u00aanuda\u2019, con Maitane Sarralde. Danza contempor\u00e1neo y circo<\/p>\n<p class=\"x_6Textoapoyodatos\">\u00b7\u00a0\u00a0\u00a0\u00a0\u00a0\u00a0<b>Viernes 23 de agosto<\/b>. \u2018Ardatzak (Ejes)\u2019, con la compa\u00f1\u00eda Zirkozaurre. Circo y acrobacias.<\/p>\n","protected":false},"excerpt":{"rendered":"<p>La plaza de la Virgen de la O acoge la octava edici\u00f3n de este programa municipal que explora la simbiosis entre ciencia, arte, tecnolog\u00eda y energ\u00eda<\/p>\n","protected":false},"author":1,"featured_media":50457,"comment_status":"open","ping_status":"closed","sticky":false,"template":"","format":"standard","meta":{"footnotes":""},"categories":[2],"tags":[],"class_list":["post-50456","post","type-post","status-publish","format-standard","has-post-thumbnail","hentry","category-ayuntamiento-pamplona"],"yoast_head":"<!-- This site is optimized with the Yoast SEO plugin v27.3 - https:\/\/yoast.com\/product\/yoast-seo-wordpress\/ -->\n<title>Una distop\u00eda sobre zancos, \u2018Oxygen2\u2019, es la propuesta de Atardecer Pamplona, un ciclo que comienza este viernes dentro del Festival de las Murallas<\/title>\n<meta name=\"description\" content=\"La plaza de la Virgen de la O acoge la octava edici\u00f3n de este programa municipal que explora la simbiosis entre ciencia, arte, tecnolog\u00eda y energ\u00eda\" \/>\n<meta name=\"robots\" content=\"index, follow, max-snippet:-1, max-image-preview:large, max-video-preview:-1\" \/>\n<link rel=\"canonical\" href=\"https:\/\/www.laguiadepamplona.com\/actualidad\/una-distopia-sobre-zancos-oxygen2-es-la-propuesta-de-atardecer-pamplona-un-ciclo-que-comienza-este-viernes-dentro-del-festival-de-las-murallas\/\" \/>\n<meta property=\"og:locale\" content=\"es_ES\" \/>\n<meta property=\"og:type\" content=\"article\" \/>\n<meta property=\"og:title\" content=\"Una distop\u00eda sobre zancos, \u2018Oxygen2\u2019, es la propuesta de Atardecer Pamplona, un ciclo que comienza este viernes dentro del Festival de las Murallas\" \/>\n<meta property=\"og:description\" content=\"La plaza de la Virgen de la O acoge la octava edici\u00f3n de este programa municipal que explora la simbiosis entre ciencia, arte, tecnolog\u00eda y energ\u00eda\" \/>\n<meta property=\"og:url\" content=\"https:\/\/www.laguiadepamplona.com\/actualidad\/una-distopia-sobre-zancos-oxygen2-es-la-propuesta-de-atardecer-pamplona-un-ciclo-que-comienza-este-viernes-dentro-del-festival-de-las-murallas\/\" \/>\n<meta property=\"og:site_name\" content=\"La Gu\u00eda de Pamplona\" \/>\n<meta property=\"article:publisher\" content=\"https:\/\/www.facebook.com\/laguiadepamplonacom-133175176762273\/?ref=hl\" \/>\n<meta property=\"article:published_time\" content=\"2024-08-08T16:14:10+00:00\" \/>\n<meta property=\"og:image\" content=\"https:\/\/www.laguiadepamplona.com\/actualidad\/wp-content\/uploads\/2024\/08\/Atardecer_oxygen.webp\" \/>\n\t<meta property=\"og:image:width\" content=\"1000\" \/>\n\t<meta property=\"og:image:height\" content=\"668\" \/>\n\t<meta property=\"og:image:type\" content=\"image\/webp\" \/>\n<meta name=\"author\" content=\"La Gu\u00eda de Pamplona\" \/>\n<meta name=\"twitter:card\" content=\"summary_large_image\" \/>\n<meta name=\"twitter:creator\" content=\"@LaGuiadPamplona\" \/>\n<meta name=\"twitter:site\" content=\"@LaGuiadPamplona\" \/>\n<meta name=\"twitter:label1\" content=\"Escrito por\" \/>\n\t<meta name=\"twitter:data1\" content=\"La Gu\u00eda de Pamplona\" \/>\n\t<meta name=\"twitter:label2\" content=\"Tiempo de lectura\" \/>\n\t<meta name=\"twitter:data2\" content=\"3 minutos\" \/>\n<script type=\"application\/ld+json\" class=\"yoast-schema-graph\">{\"@context\":\"https:\\\/\\\/schema.org\",\"@graph\":[{\"@type\":\"Article\",\"@id\":\"https:\\\/\\\/www.laguiadepamplona.com\\\/actualidad\\\/una-distopia-sobre-zancos-oxygen2-es-la-propuesta-de-atardecer-pamplona-un-ciclo-que-comienza-este-viernes-dentro-del-festival-de-las-murallas\\\/#article\",\"isPartOf\":{\"@id\":\"https:\\\/\\\/www.laguiadepamplona.com\\\/actualidad\\\/una-distopia-sobre-zancos-oxygen2-es-la-propuesta-de-atardecer-pamplona-un-ciclo-que-comienza-este-viernes-dentro-del-festival-de-las-murallas\\\/\"},\"author\":{\"name\":\"La Gu\u00eda de Pamplona\",\"@id\":\"https:\\\/\\\/www.laguiadepamplona.com\\\/actualidad\\\/#\\\/schema\\\/person\\\/efe887376f0213d4657c93adc50b1fdb\"},\"headline\":\"Una distop\u00eda sobre zancos, \u2018Oxygen2\u2019, es la propuesta de Atardecer Pamplona, un ciclo que comienza este viernes dentro del Festival de las Murallas\",\"datePublished\":\"2024-08-08T16:14:10+00:00\",\"mainEntityOfPage\":{\"@id\":\"https:\\\/\\\/www.laguiadepamplona.com\\\/actualidad\\\/una-distopia-sobre-zancos-oxygen2-es-la-propuesta-de-atardecer-pamplona-un-ciclo-que-comienza-este-viernes-dentro-del-festival-de-las-murallas\\\/\"},\"wordCount\":545,\"commentCount\":0,\"publisher\":{\"@id\":\"https:\\\/\\\/www.laguiadepamplona.com\\\/actualidad\\\/#organization\"},\"image\":{\"@id\":\"https:\\\/\\\/www.laguiadepamplona.com\\\/actualidad\\\/una-distopia-sobre-zancos-oxygen2-es-la-propuesta-de-atardecer-pamplona-un-ciclo-que-comienza-este-viernes-dentro-del-festival-de-las-murallas\\\/#primaryimage\"},\"thumbnailUrl\":\"https:\\\/\\\/www.laguiadepamplona.com\\\/actualidad\\\/wp-content\\\/uploads\\\/2024\\\/08\\\/Atardecer_oxygen.webp\",\"articleSection\":[\"Ayto Pamplona\"],\"inLanguage\":\"es\",\"potentialAction\":[{\"@type\":\"CommentAction\",\"name\":\"Comment\",\"target\":[\"https:\\\/\\\/www.laguiadepamplona.com\\\/actualidad\\\/una-distopia-sobre-zancos-oxygen2-es-la-propuesta-de-atardecer-pamplona-un-ciclo-que-comienza-este-viernes-dentro-del-festival-de-las-murallas\\\/#respond\"]}]},{\"@type\":\"WebPage\",\"@id\":\"https:\\\/\\\/www.laguiadepamplona.com\\\/actualidad\\\/una-distopia-sobre-zancos-oxygen2-es-la-propuesta-de-atardecer-pamplona-un-ciclo-que-comienza-este-viernes-dentro-del-festival-de-las-murallas\\\/\",\"url\":\"https:\\\/\\\/www.laguiadepamplona.com\\\/actualidad\\\/una-distopia-sobre-zancos-oxygen2-es-la-propuesta-de-atardecer-pamplona-un-ciclo-que-comienza-este-viernes-dentro-del-festival-de-las-murallas\\\/\",\"name\":\"Una distop\u00eda sobre zancos, \u2018Oxygen2\u2019, es la propuesta de Atardecer Pamplona, un ciclo que comienza este viernes dentro del Festival de las Murallas\",\"isPartOf\":{\"@id\":\"https:\\\/\\\/www.laguiadepamplona.com\\\/actualidad\\\/#website\"},\"primaryImageOfPage\":{\"@id\":\"https:\\\/\\\/www.laguiadepamplona.com\\\/actualidad\\\/una-distopia-sobre-zancos-oxygen2-es-la-propuesta-de-atardecer-pamplona-un-ciclo-que-comienza-este-viernes-dentro-del-festival-de-las-murallas\\\/#primaryimage\"},\"image\":{\"@id\":\"https:\\\/\\\/www.laguiadepamplona.com\\\/actualidad\\\/una-distopia-sobre-zancos-oxygen2-es-la-propuesta-de-atardecer-pamplona-un-ciclo-que-comienza-este-viernes-dentro-del-festival-de-las-murallas\\\/#primaryimage\"},\"thumbnailUrl\":\"https:\\\/\\\/www.laguiadepamplona.com\\\/actualidad\\\/wp-content\\\/uploads\\\/2024\\\/08\\\/Atardecer_oxygen.webp\",\"datePublished\":\"2024-08-08T16:14:10+00:00\",\"description\":\"La plaza de la Virgen de la O acoge la octava edici\u00f3n de este programa municipal que explora la simbiosis entre ciencia, arte, tecnolog\u00eda y energ\u00eda\",\"breadcrumb\":{\"@id\":\"https:\\\/\\\/www.laguiadepamplona.com\\\/actualidad\\\/una-distopia-sobre-zancos-oxygen2-es-la-propuesta-de-atardecer-pamplona-un-ciclo-que-comienza-este-viernes-dentro-del-festival-de-las-murallas\\\/#breadcrumb\"},\"inLanguage\":\"es\",\"potentialAction\":[{\"@type\":\"ReadAction\",\"target\":[\"https:\\\/\\\/www.laguiadepamplona.com\\\/actualidad\\\/una-distopia-sobre-zancos-oxygen2-es-la-propuesta-de-atardecer-pamplona-un-ciclo-que-comienza-este-viernes-dentro-del-festival-de-las-murallas\\\/\"]}]},{\"@type\":\"ImageObject\",\"inLanguage\":\"es\",\"@id\":\"https:\\\/\\\/www.laguiadepamplona.com\\\/actualidad\\\/una-distopia-sobre-zancos-oxygen2-es-la-propuesta-de-atardecer-pamplona-un-ciclo-que-comienza-este-viernes-dentro-del-festival-de-las-murallas\\\/#primaryimage\",\"url\":\"https:\\\/\\\/www.laguiadepamplona.com\\\/actualidad\\\/wp-content\\\/uploads\\\/2024\\\/08\\\/Atardecer_oxygen.webp\",\"contentUrl\":\"https:\\\/\\\/www.laguiadepamplona.com\\\/actualidad\\\/wp-content\\\/uploads\\\/2024\\\/08\\\/Atardecer_oxygen.webp\",\"width\":1000,\"height\":668,\"caption\":\"atardecer oxygen\"},{\"@type\":\"BreadcrumbList\",\"@id\":\"https:\\\/\\\/www.laguiadepamplona.com\\\/actualidad\\\/una-distopia-sobre-zancos-oxygen2-es-la-propuesta-de-atardecer-pamplona-un-ciclo-que-comienza-este-viernes-dentro-del-festival-de-las-murallas\\\/#breadcrumb\",\"itemListElement\":[{\"@type\":\"ListItem\",\"position\":1,\"name\":\"Portada\",\"item\":\"https:\\\/\\\/www.laguiadepamplona.com\\\/actualidad\\\/\"},{\"@type\":\"ListItem\",\"position\":2,\"name\":\"Una distop\u00eda sobre zancos, \u2018Oxygen2\u2019, es la propuesta de Atardecer Pamplona, un ciclo que comienza este viernes dentro del Festival de las Murallas\"}]},{\"@type\":\"WebSite\",\"@id\":\"https:\\\/\\\/www.laguiadepamplona.com\\\/actualidad\\\/#website\",\"url\":\"https:\\\/\\\/www.laguiadepamplona.com\\\/actualidad\\\/\",\"name\":\"La gu\u00eda de Pamplona\",\"description\":\"Noticias de Pamplona\",\"publisher\":{\"@id\":\"https:\\\/\\\/www.laguiadepamplona.com\\\/actualidad\\\/#organization\"},\"potentialAction\":[{\"@type\":\"SearchAction\",\"target\":{\"@type\":\"EntryPoint\",\"urlTemplate\":\"https:\\\/\\\/www.laguiadepamplona.com\\\/actualidad\\\/?s={search_term_string}\"},\"query-input\":{\"@type\":\"PropertyValueSpecification\",\"valueRequired\":true,\"valueName\":\"search_term_string\"}}],\"inLanguage\":\"es\"},{\"@type\":\"Organization\",\"@id\":\"https:\\\/\\\/www.laguiadepamplona.com\\\/actualidad\\\/#organization\",\"name\":\"La Gu\u00eda de Pamplona \\\/ Noticias\",\"url\":\"https:\\\/\\\/www.laguiadepamplona.com\\\/actualidad\\\/\",\"logo\":{\"@type\":\"ImageObject\",\"inLanguage\":\"es\",\"@id\":\"https:\\\/\\\/www.laguiadepamplona.com\\\/actualidad\\\/#\\\/schema\\\/logo\\\/image\\\/\",\"url\":\"https:\\\/\\\/www.laguiadepamplona.com\\\/actualidad\\\/wp-content\\\/uploads\\\/2018\\\/11\\\/logo-laguiadepamplona18-web1.png\",\"contentUrl\":\"https:\\\/\\\/www.laguiadepamplona.com\\\/actualidad\\\/wp-content\\\/uploads\\\/2018\\\/11\\\/logo-laguiadepamplona18-web1.png\",\"width\":600,\"height\":196,\"caption\":\"La Gu\u00eda de Pamplona \\\/ Noticias\"},\"image\":{\"@id\":\"https:\\\/\\\/www.laguiadepamplona.com\\\/actualidad\\\/#\\\/schema\\\/logo\\\/image\\\/\"},\"sameAs\":[\"https:\\\/\\\/www.facebook.com\\\/laguiadepamplonacom-133175176762273\\\/?ref=hl\",\"https:\\\/\\\/x.com\\\/LaGuiadPamplona\",\"https:\\\/\\\/www.instagram.com\\\/la_guia_de_pamplona\\\/\",\"https:\\\/\\\/www.youtube.com\\\/user\\\/laguiadepamplona\"]},{\"@type\":\"Person\",\"@id\":\"https:\\\/\\\/www.laguiadepamplona.com\\\/actualidad\\\/#\\\/schema\\\/person\\\/efe887376f0213d4657c93adc50b1fdb\",\"name\":\"La Gu\u00eda de Pamplona\",\"image\":{\"@type\":\"ImageObject\",\"inLanguage\":\"es\",\"@id\":\"https:\\\/\\\/secure.gravatar.com\\\/avatar\\\/b6992f131dc8d30ab0dff15446e9d346d9dbd95992de0fef795073f5ea83a81c?s=96&d=mm&r=g\",\"url\":\"https:\\\/\\\/secure.gravatar.com\\\/avatar\\\/b6992f131dc8d30ab0dff15446e9d346d9dbd95992de0fef795073f5ea83a81c?s=96&d=mm&r=g\",\"contentUrl\":\"https:\\\/\\\/secure.gravatar.com\\\/avatar\\\/b6992f131dc8d30ab0dff15446e9d346d9dbd95992de0fef795073f5ea83a81c?s=96&d=mm&r=g\",\"caption\":\"La Gu\u00eda de Pamplona\"}}]}<\/script>\n<!-- \/ Yoast SEO plugin. -->","yoast_head_json":{"title":"Una distop\u00eda sobre zancos, \u2018Oxygen2\u2019, es la propuesta de Atardecer Pamplona, un ciclo que comienza este viernes dentro del Festival de las Murallas","description":"La plaza de la Virgen de la O acoge la octava edici\u00f3n de este programa municipal que explora la simbiosis entre ciencia, arte, tecnolog\u00eda y energ\u00eda","robots":{"index":"index","follow":"follow","max-snippet":"max-snippet:-1","max-image-preview":"max-image-preview:large","max-video-preview":"max-video-preview:-1"},"canonical":"https:\/\/www.laguiadepamplona.com\/actualidad\/una-distopia-sobre-zancos-oxygen2-es-la-propuesta-de-atardecer-pamplona-un-ciclo-que-comienza-este-viernes-dentro-del-festival-de-las-murallas\/","og_locale":"es_ES","og_type":"article","og_title":"Una distop\u00eda sobre zancos, \u2018Oxygen2\u2019, es la propuesta de Atardecer Pamplona, un ciclo que comienza este viernes dentro del Festival de las Murallas","og_description":"La plaza de la Virgen de la O acoge la octava edici\u00f3n de este programa municipal que explora la simbiosis entre ciencia, arte, tecnolog\u00eda y energ\u00eda","og_url":"https:\/\/www.laguiadepamplona.com\/actualidad\/una-distopia-sobre-zancos-oxygen2-es-la-propuesta-de-atardecer-pamplona-un-ciclo-que-comienza-este-viernes-dentro-del-festival-de-las-murallas\/","og_site_name":"La Gu\u00eda de Pamplona","article_publisher":"https:\/\/www.facebook.com\/laguiadepamplonacom-133175176762273\/?ref=hl","article_published_time":"2024-08-08T16:14:10+00:00","og_image":[{"width":1000,"height":668,"url":"https:\/\/www.laguiadepamplona.com\/actualidad\/wp-content\/uploads\/2024\/08\/Atardecer_oxygen.webp","type":"image\/webp"}],"author":"La Gu\u00eda de Pamplona","twitter_card":"summary_large_image","twitter_creator":"@LaGuiadPamplona","twitter_site":"@LaGuiadPamplona","twitter_misc":{"Escrito por":"La Gu\u00eda de Pamplona","Tiempo de lectura":"3 minutos"},"schema":{"@context":"https:\/\/schema.org","@graph":[{"@type":"Article","@id":"https:\/\/www.laguiadepamplona.com\/actualidad\/una-distopia-sobre-zancos-oxygen2-es-la-propuesta-de-atardecer-pamplona-un-ciclo-que-comienza-este-viernes-dentro-del-festival-de-las-murallas\/#article","isPartOf":{"@id":"https:\/\/www.laguiadepamplona.com\/actualidad\/una-distopia-sobre-zancos-oxygen2-es-la-propuesta-de-atardecer-pamplona-un-ciclo-que-comienza-este-viernes-dentro-del-festival-de-las-murallas\/"},"author":{"name":"La Gu\u00eda de Pamplona","@id":"https:\/\/www.laguiadepamplona.com\/actualidad\/#\/schema\/person\/efe887376f0213d4657c93adc50b1fdb"},"headline":"Una distop\u00eda sobre zancos, \u2018Oxygen2\u2019, es la propuesta de Atardecer Pamplona, un ciclo que comienza este viernes dentro del Festival de las Murallas","datePublished":"2024-08-08T16:14:10+00:00","mainEntityOfPage":{"@id":"https:\/\/www.laguiadepamplona.com\/actualidad\/una-distopia-sobre-zancos-oxygen2-es-la-propuesta-de-atardecer-pamplona-un-ciclo-que-comienza-este-viernes-dentro-del-festival-de-las-murallas\/"},"wordCount":545,"commentCount":0,"publisher":{"@id":"https:\/\/www.laguiadepamplona.com\/actualidad\/#organization"},"image":{"@id":"https:\/\/www.laguiadepamplona.com\/actualidad\/una-distopia-sobre-zancos-oxygen2-es-la-propuesta-de-atardecer-pamplona-un-ciclo-que-comienza-este-viernes-dentro-del-festival-de-las-murallas\/#primaryimage"},"thumbnailUrl":"https:\/\/www.laguiadepamplona.com\/actualidad\/wp-content\/uploads\/2024\/08\/Atardecer_oxygen.webp","articleSection":["Ayto Pamplona"],"inLanguage":"es","potentialAction":[{"@type":"CommentAction","name":"Comment","target":["https:\/\/www.laguiadepamplona.com\/actualidad\/una-distopia-sobre-zancos-oxygen2-es-la-propuesta-de-atardecer-pamplona-un-ciclo-que-comienza-este-viernes-dentro-del-festival-de-las-murallas\/#respond"]}]},{"@type":"WebPage","@id":"https:\/\/www.laguiadepamplona.com\/actualidad\/una-distopia-sobre-zancos-oxygen2-es-la-propuesta-de-atardecer-pamplona-un-ciclo-que-comienza-este-viernes-dentro-del-festival-de-las-murallas\/","url":"https:\/\/www.laguiadepamplona.com\/actualidad\/una-distopia-sobre-zancos-oxygen2-es-la-propuesta-de-atardecer-pamplona-un-ciclo-que-comienza-este-viernes-dentro-del-festival-de-las-murallas\/","name":"Una distop\u00eda sobre zancos, \u2018Oxygen2\u2019, es la propuesta de Atardecer Pamplona, un ciclo que comienza este viernes dentro del Festival de las Murallas","isPartOf":{"@id":"https:\/\/www.laguiadepamplona.com\/actualidad\/#website"},"primaryImageOfPage":{"@id":"https:\/\/www.laguiadepamplona.com\/actualidad\/una-distopia-sobre-zancos-oxygen2-es-la-propuesta-de-atardecer-pamplona-un-ciclo-que-comienza-este-viernes-dentro-del-festival-de-las-murallas\/#primaryimage"},"image":{"@id":"https:\/\/www.laguiadepamplona.com\/actualidad\/una-distopia-sobre-zancos-oxygen2-es-la-propuesta-de-atardecer-pamplona-un-ciclo-que-comienza-este-viernes-dentro-del-festival-de-las-murallas\/#primaryimage"},"thumbnailUrl":"https:\/\/www.laguiadepamplona.com\/actualidad\/wp-content\/uploads\/2024\/08\/Atardecer_oxygen.webp","datePublished":"2024-08-08T16:14:10+00:00","description":"La plaza de la Virgen de la O acoge la octava edici\u00f3n de este programa municipal que explora la simbiosis entre ciencia, arte, tecnolog\u00eda y energ\u00eda","breadcrumb":{"@id":"https:\/\/www.laguiadepamplona.com\/actualidad\/una-distopia-sobre-zancos-oxygen2-es-la-propuesta-de-atardecer-pamplona-un-ciclo-que-comienza-este-viernes-dentro-del-festival-de-las-murallas\/#breadcrumb"},"inLanguage":"es","potentialAction":[{"@type":"ReadAction","target":["https:\/\/www.laguiadepamplona.com\/actualidad\/una-distopia-sobre-zancos-oxygen2-es-la-propuesta-de-atardecer-pamplona-un-ciclo-que-comienza-este-viernes-dentro-del-festival-de-las-murallas\/"]}]},{"@type":"ImageObject","inLanguage":"es","@id":"https:\/\/www.laguiadepamplona.com\/actualidad\/una-distopia-sobre-zancos-oxygen2-es-la-propuesta-de-atardecer-pamplona-un-ciclo-que-comienza-este-viernes-dentro-del-festival-de-las-murallas\/#primaryimage","url":"https:\/\/www.laguiadepamplona.com\/actualidad\/wp-content\/uploads\/2024\/08\/Atardecer_oxygen.webp","contentUrl":"https:\/\/www.laguiadepamplona.com\/actualidad\/wp-content\/uploads\/2024\/08\/Atardecer_oxygen.webp","width":1000,"height":668,"caption":"atardecer oxygen"},{"@type":"BreadcrumbList","@id":"https:\/\/www.laguiadepamplona.com\/actualidad\/una-distopia-sobre-zancos-oxygen2-es-la-propuesta-de-atardecer-pamplona-un-ciclo-que-comienza-este-viernes-dentro-del-festival-de-las-murallas\/#breadcrumb","itemListElement":[{"@type":"ListItem","position":1,"name":"Portada","item":"https:\/\/www.laguiadepamplona.com\/actualidad\/"},{"@type":"ListItem","position":2,"name":"Una distop\u00eda sobre zancos, \u2018Oxygen2\u2019, es la propuesta de Atardecer Pamplona, un ciclo que comienza este viernes dentro del Festival de las Murallas"}]},{"@type":"WebSite","@id":"https:\/\/www.laguiadepamplona.com\/actualidad\/#website","url":"https:\/\/www.laguiadepamplona.com\/actualidad\/","name":"La gu\u00eda de Pamplona","description":"Noticias de Pamplona","publisher":{"@id":"https:\/\/www.laguiadepamplona.com\/actualidad\/#organization"},"potentialAction":[{"@type":"SearchAction","target":{"@type":"EntryPoint","urlTemplate":"https:\/\/www.laguiadepamplona.com\/actualidad\/?s={search_term_string}"},"query-input":{"@type":"PropertyValueSpecification","valueRequired":true,"valueName":"search_term_string"}}],"inLanguage":"es"},{"@type":"Organization","@id":"https:\/\/www.laguiadepamplona.com\/actualidad\/#organization","name":"La Gu\u00eda de Pamplona \/ Noticias","url":"https:\/\/www.laguiadepamplona.com\/actualidad\/","logo":{"@type":"ImageObject","inLanguage":"es","@id":"https:\/\/www.laguiadepamplona.com\/actualidad\/#\/schema\/logo\/image\/","url":"https:\/\/www.laguiadepamplona.com\/actualidad\/wp-content\/uploads\/2018\/11\/logo-laguiadepamplona18-web1.png","contentUrl":"https:\/\/www.laguiadepamplona.com\/actualidad\/wp-content\/uploads\/2018\/11\/logo-laguiadepamplona18-web1.png","width":600,"height":196,"caption":"La Gu\u00eda de Pamplona \/ Noticias"},"image":{"@id":"https:\/\/www.laguiadepamplona.com\/actualidad\/#\/schema\/logo\/image\/"},"sameAs":["https:\/\/www.facebook.com\/laguiadepamplonacom-133175176762273\/?ref=hl","https:\/\/x.com\/LaGuiadPamplona","https:\/\/www.instagram.com\/la_guia_de_pamplona\/","https:\/\/www.youtube.com\/user\/laguiadepamplona"]},{"@type":"Person","@id":"https:\/\/www.laguiadepamplona.com\/actualidad\/#\/schema\/person\/efe887376f0213d4657c93adc50b1fdb","name":"La Gu\u00eda de Pamplona","image":{"@type":"ImageObject","inLanguage":"es","@id":"https:\/\/secure.gravatar.com\/avatar\/b6992f131dc8d30ab0dff15446e9d346d9dbd95992de0fef795073f5ea83a81c?s=96&d=mm&r=g","url":"https:\/\/secure.gravatar.com\/avatar\/b6992f131dc8d30ab0dff15446e9d346d9dbd95992de0fef795073f5ea83a81c?s=96&d=mm&r=g","contentUrl":"https:\/\/secure.gravatar.com\/avatar\/b6992f131dc8d30ab0dff15446e9d346d9dbd95992de0fef795073f5ea83a81c?s=96&d=mm&r=g","caption":"La Gu\u00eda de Pamplona"}}]}},"post_mailing_queue_ids":[],"_links":{"self":[{"href":"https:\/\/www.laguiadepamplona.com\/actualidad\/wp-json\/wp\/v2\/posts\/50456","targetHints":{"allow":["GET"]}}],"collection":[{"href":"https:\/\/www.laguiadepamplona.com\/actualidad\/wp-json\/wp\/v2\/posts"}],"about":[{"href":"https:\/\/www.laguiadepamplona.com\/actualidad\/wp-json\/wp\/v2\/types\/post"}],"author":[{"embeddable":true,"href":"https:\/\/www.laguiadepamplona.com\/actualidad\/wp-json\/wp\/v2\/users\/1"}],"replies":[{"embeddable":true,"href":"https:\/\/www.laguiadepamplona.com\/actualidad\/wp-json\/wp\/v2\/comments?post=50456"}],"version-history":[{"count":1,"href":"https:\/\/www.laguiadepamplona.com\/actualidad\/wp-json\/wp\/v2\/posts\/50456\/revisions"}],"predecessor-version":[{"id":50458,"href":"https:\/\/www.laguiadepamplona.com\/actualidad\/wp-json\/wp\/v2\/posts\/50456\/revisions\/50458"}],"wp:featuredmedia":[{"embeddable":true,"href":"https:\/\/www.laguiadepamplona.com\/actualidad\/wp-json\/wp\/v2\/media\/50457"}],"wp:attachment":[{"href":"https:\/\/www.laguiadepamplona.com\/actualidad\/wp-json\/wp\/v2\/media?parent=50456"}],"wp:term":[{"taxonomy":"category","embeddable":true,"href":"https:\/\/www.laguiadepamplona.com\/actualidad\/wp-json\/wp\/v2\/categories?post=50456"},{"taxonomy":"post_tag","embeddable":true,"href":"https:\/\/www.laguiadepamplona.com\/actualidad\/wp-json\/wp\/v2\/tags?post=50456"}],"curies":[{"name":"wp","href":"https:\/\/api.w.org\/{rel}","templated":true}]}}