{"id":50450,"date":"2024-08-07T17:15:22","date_gmt":"2024-08-07T15:15:22","guid":{"rendered":"https:\/\/www.laguiadepamplona.com\/actualidad\/?p=50450"},"modified":"2024-08-07T17:15:22","modified_gmt":"2024-08-07T15:15:22","slug":"la-fachada-de-la-casa-consistorial-se-ilumina-en-color-azul-oscuro-este-jueves-por-el-dia-mundial-de-la-encefalomielitis-mialgica-severa-o-sindrome-de-fatiga-cronica","status":"publish","type":"post","link":"https:\/\/www.laguiadepamplona.com\/actualidad\/la-fachada-de-la-casa-consistorial-se-ilumina-en-color-azul-oscuro-este-jueves-por-el-dia-mundial-de-la-encefalomielitis-mialgica-severa-o-sindrome-de-fatiga-cronica\/","title":{"rendered":"La fachada de la Casa Consistorial se ilumina en color azul oscuro este jueves por el D\u00eda Mundial de la Encefalomielitis Mi\u00e1lgica Severa o S\u00edndrome de F\u00e1tiga Cr\u00f3nica"},"content":{"rendered":"<h2 class=\"x_2Subtitulo\">Las personas afectadas por esta enfermedad no pueden realizar sus actividades diarias habituales por el cansancio extremo que sufren<\/h2>\n<p class=\"x_MsoNormal\"><!--more--><\/p>\n<p class=\"x_3Texto\">La fachada de la Casa Consistorial se ilumina en color azul oscuro este jueves con motivo de la celebraci\u00f3n del D\u00eda Mundial de la Encefalomielitis Mi\u00e1lgica Severa (EMS), enfermedad rara tambi\u00e9n conocida como S\u00edndrome de F\u00e1tiga Cr\u00f3nica (SFC). Esta enfermedad neurol\u00f3gica cr\u00f3nica se caracteriza por la fatiga extrema y persistente de las personas que la sufren, que en ocasiones sufren crisis o brotes incapacitantes.<\/p>\n<p class=\"x_3Texto\">Los s\u00edntomas m\u00e1s comunes de la EMS son dolor y mareos, gran reducci\u00f3n en la capacidad de la persona para realizar actividades habituales, hipersensibilidad, cansancio extremo, problemas para dormir y sue\u00f1o no reparador, o problemas de memoria, entre otros. Las causas son desconocidas, si bien la EMS se atribuye a una combinaci\u00f3n de factores gen\u00e9ticos, infecciones y traumas f\u00edsicos o emocionales.<\/p>\n<p class=\"x_3Texto\">En la actualidad, no existe un tratamiento para esta dolencia, pero se pueden tratar algunos de los s\u00edntomas que la acompa\u00f1an. La EMS es m\u00e1s com\u00fan en las personas de 40 a 60 a\u00f1os, y afecta a personas de todas las edades: ni\u00f1os, ni\u00f1as, adolescentes y adultos. Entre las personas adultas, afecta en mayor n\u00famero a mujeres frente a hombres.<\/p>\n<p class=\"x_3Texto\">La celebraci\u00f3n del Mundial de la Encefalomielitis Mi\u00e1lgica Severa o S\u00edndrome de F\u00e1tiga Cr\u00f3nica se puede seguir en redes sociales con el hashtag #D\u00edaDeLaEncefalomielitisMi\u00e1lgicaSevera.<\/p>\n","protected":false},"excerpt":{"rendered":"<p>Las personas afectadas por esta enfermedad no pueden realizar sus actividades diarias habituales por el cansancio extremo que sufren<\/p>\n","protected":false},"author":1,"featured_media":42175,"comment_status":"open","ping_status":"closed","sticky":false,"template":"","format":"standard","meta":{"footnotes":""},"categories":[2],"tags":[],"class_list":["post-50450","post","type-post","status-publish","format-standard","has-post-thumbnail","hentry","category-ayuntamiento-pamplona"],"yoast_head":"<!-- This site is optimized with the Yoast SEO plugin v27.3 - https:\/\/yoast.com\/product\/yoast-seo-wordpress\/ -->\n<title>La fachada de la Casa Consistorial se ilumina en color azul oscuro este jueves por el D\u00eda Mundial de la Encefalomielitis Mi\u00e1lgica Severa o S\u00edndrome de F\u00e1tiga Cr\u00f3nica<\/title>\n<meta name=\"description\" content=\"Las personas afectadas por esta enfermedad no pueden realizar sus actividades diarias habituales por el cansancio extremo que sufren\" \/>\n<meta name=\"robots\" content=\"index, follow, max-snippet:-1, max-image-preview:large, max-video-preview:-1\" \/>\n<link rel=\"canonical\" href=\"https:\/\/www.laguiadepamplona.com\/actualidad\/la-fachada-de-la-casa-consistorial-se-ilumina-en-color-azul-oscuro-este-jueves-por-el-dia-mundial-de-la-encefalomielitis-mialgica-severa-o-sindrome-de-fatiga-cronica\/\" \/>\n<meta property=\"og:locale\" content=\"es_ES\" \/>\n<meta property=\"og:type\" content=\"article\" \/>\n<meta property=\"og:title\" content=\"La fachada de la Casa Consistorial se ilumina en color azul oscuro este jueves por el D\u00eda Mundial de la Encefalomielitis Mi\u00e1lgica Severa o S\u00edndrome de F\u00e1tiga Cr\u00f3nica\" \/>\n<meta property=\"og:description\" content=\"Las personas afectadas por esta enfermedad no pueden realizar sus actividades diarias habituales por el cansancio extremo que sufren\" \/>\n<meta property=\"og:url\" content=\"https:\/\/www.laguiadepamplona.com\/actualidad\/la-fachada-de-la-casa-consistorial-se-ilumina-en-color-azul-oscuro-este-jueves-por-el-dia-mundial-de-la-encefalomielitis-mialgica-severa-o-sindrome-de-fatiga-cronica\/\" \/>\n<meta property=\"og:site_name\" content=\"La Gu\u00eda de Pamplona\" \/>\n<meta property=\"article:publisher\" content=\"https:\/\/www.facebook.com\/laguiadepamplonacom-133175176762273\/?ref=hl\" \/>\n<meta property=\"article:published_time\" content=\"2024-08-07T15:15:22+00:00\" \/>\n<meta property=\"og:image\" content=\"https:\/\/www.laguiadepamplona.com\/actualidad\/wp-content\/uploads\/2022\/11\/ayto-azul_JGV8972_15.webp\" \/>\n\t<meta property=\"og:image:width\" content=\"1920\" \/>\n\t<meta property=\"og:image:height\" content=\"1280\" \/>\n\t<meta property=\"og:image:type\" content=\"image\/webp\" \/>\n<meta name=\"author\" content=\"La Gu\u00eda de Pamplona\" \/>\n<meta name=\"twitter:card\" content=\"summary_large_image\" \/>\n<meta name=\"twitter:creator\" content=\"@LaGuiadPamplona\" \/>\n<meta name=\"twitter:site\" content=\"@LaGuiadPamplona\" \/>\n<meta name=\"twitter:label1\" content=\"Escrito por\" \/>\n\t<meta name=\"twitter:data1\" content=\"La Gu\u00eda de Pamplona\" \/>\n\t<meta name=\"twitter:label2\" content=\"Tiempo de lectura\" \/>\n\t<meta name=\"twitter:data2\" content=\"2 minutos\" \/>\n<script type=\"application\/ld+json\" class=\"yoast-schema-graph\">{\"@context\":\"https:\\\/\\\/schema.org\",\"@graph\":[{\"@type\":\"Article\",\"@id\":\"https:\\\/\\\/www.laguiadepamplona.com\\\/actualidad\\\/la-fachada-de-la-casa-consistorial-se-ilumina-en-color-azul-oscuro-este-jueves-por-el-dia-mundial-de-la-encefalomielitis-mialgica-severa-o-sindrome-de-fatiga-cronica\\\/#article\",\"isPartOf\":{\"@id\":\"https:\\\/\\\/www.laguiadepamplona.com\\\/actualidad\\\/la-fachada-de-la-casa-consistorial-se-ilumina-en-color-azul-oscuro-este-jueves-por-el-dia-mundial-de-la-encefalomielitis-mialgica-severa-o-sindrome-de-fatiga-cronica\\\/\"},\"author\":{\"name\":\"La Gu\u00eda de Pamplona\",\"@id\":\"https:\\\/\\\/www.laguiadepamplona.com\\\/actualidad\\\/#\\\/schema\\\/person\\\/efe887376f0213d4657c93adc50b1fdb\"},\"headline\":\"La fachada de la Casa Consistorial se ilumina en color azul oscuro este jueves por el D\u00eda Mundial de la Encefalomielitis Mi\u00e1lgica Severa o S\u00edndrome de F\u00e1tiga Cr\u00f3nica\",\"datePublished\":\"2024-08-07T15:15:22+00:00\",\"mainEntityOfPage\":{\"@id\":\"https:\\\/\\\/www.laguiadepamplona.com\\\/actualidad\\\/la-fachada-de-la-casa-consistorial-se-ilumina-en-color-azul-oscuro-este-jueves-por-el-dia-mundial-de-la-encefalomielitis-mialgica-severa-o-sindrome-de-fatiga-cronica\\\/\"},\"wordCount\":290,\"commentCount\":0,\"publisher\":{\"@id\":\"https:\\\/\\\/www.laguiadepamplona.com\\\/actualidad\\\/#organization\"},\"image\":{\"@id\":\"https:\\\/\\\/www.laguiadepamplona.com\\\/actualidad\\\/la-fachada-de-la-casa-consistorial-se-ilumina-en-color-azul-oscuro-este-jueves-por-el-dia-mundial-de-la-encefalomielitis-mialgica-severa-o-sindrome-de-fatiga-cronica\\\/#primaryimage\"},\"thumbnailUrl\":\"https:\\\/\\\/www.laguiadepamplona.com\\\/actualidad\\\/wp-content\\\/uploads\\\/2022\\\/11\\\/ayto-azul_JGV8972_15.webp\",\"articleSection\":[\"Ayto Pamplona\"],\"inLanguage\":\"es\",\"potentialAction\":[{\"@type\":\"CommentAction\",\"name\":\"Comment\",\"target\":[\"https:\\\/\\\/www.laguiadepamplona.com\\\/actualidad\\\/la-fachada-de-la-casa-consistorial-se-ilumina-en-color-azul-oscuro-este-jueves-por-el-dia-mundial-de-la-encefalomielitis-mialgica-severa-o-sindrome-de-fatiga-cronica\\\/#respond\"]}]},{\"@type\":\"WebPage\",\"@id\":\"https:\\\/\\\/www.laguiadepamplona.com\\\/actualidad\\\/la-fachada-de-la-casa-consistorial-se-ilumina-en-color-azul-oscuro-este-jueves-por-el-dia-mundial-de-la-encefalomielitis-mialgica-severa-o-sindrome-de-fatiga-cronica\\\/\",\"url\":\"https:\\\/\\\/www.laguiadepamplona.com\\\/actualidad\\\/la-fachada-de-la-casa-consistorial-se-ilumina-en-color-azul-oscuro-este-jueves-por-el-dia-mundial-de-la-encefalomielitis-mialgica-severa-o-sindrome-de-fatiga-cronica\\\/\",\"name\":\"La fachada de la Casa Consistorial se ilumina en color azul oscuro este jueves por el D\u00eda Mundial de la Encefalomielitis Mi\u00e1lgica Severa o S\u00edndrome de F\u00e1tiga Cr\u00f3nica\",\"isPartOf\":{\"@id\":\"https:\\\/\\\/www.laguiadepamplona.com\\\/actualidad\\\/#website\"},\"primaryImageOfPage\":{\"@id\":\"https:\\\/\\\/www.laguiadepamplona.com\\\/actualidad\\\/la-fachada-de-la-casa-consistorial-se-ilumina-en-color-azul-oscuro-este-jueves-por-el-dia-mundial-de-la-encefalomielitis-mialgica-severa-o-sindrome-de-fatiga-cronica\\\/#primaryimage\"},\"image\":{\"@id\":\"https:\\\/\\\/www.laguiadepamplona.com\\\/actualidad\\\/la-fachada-de-la-casa-consistorial-se-ilumina-en-color-azul-oscuro-este-jueves-por-el-dia-mundial-de-la-encefalomielitis-mialgica-severa-o-sindrome-de-fatiga-cronica\\\/#primaryimage\"},\"thumbnailUrl\":\"https:\\\/\\\/www.laguiadepamplona.com\\\/actualidad\\\/wp-content\\\/uploads\\\/2022\\\/11\\\/ayto-azul_JGV8972_15.webp\",\"datePublished\":\"2024-08-07T15:15:22+00:00\",\"description\":\"Las personas afectadas por esta enfermedad no pueden realizar sus actividades diarias habituales por el cansancio extremo que sufren\",\"breadcrumb\":{\"@id\":\"https:\\\/\\\/www.laguiadepamplona.com\\\/actualidad\\\/la-fachada-de-la-casa-consistorial-se-ilumina-en-color-azul-oscuro-este-jueves-por-el-dia-mundial-de-la-encefalomielitis-mialgica-severa-o-sindrome-de-fatiga-cronica\\\/#breadcrumb\"},\"inLanguage\":\"es\",\"potentialAction\":[{\"@type\":\"ReadAction\",\"target\":[\"https:\\\/\\\/www.laguiadepamplona.com\\\/actualidad\\\/la-fachada-de-la-casa-consistorial-se-ilumina-en-color-azul-oscuro-este-jueves-por-el-dia-mundial-de-la-encefalomielitis-mialgica-severa-o-sindrome-de-fatiga-cronica\\\/\"]}]},{\"@type\":\"ImageObject\",\"inLanguage\":\"es\",\"@id\":\"https:\\\/\\\/www.laguiadepamplona.com\\\/actualidad\\\/la-fachada-de-la-casa-consistorial-se-ilumina-en-color-azul-oscuro-este-jueves-por-el-dia-mundial-de-la-encefalomielitis-mialgica-severa-o-sindrome-de-fatiga-cronica\\\/#primaryimage\",\"url\":\"https:\\\/\\\/www.laguiadepamplona.com\\\/actualidad\\\/wp-content\\\/uploads\\\/2022\\\/11\\\/ayto-azul_JGV8972_15.webp\",\"contentUrl\":\"https:\\\/\\\/www.laguiadepamplona.com\\\/actualidad\\\/wp-content\\\/uploads\\\/2022\\\/11\\\/ayto-azul_JGV8972_15.webp\",\"width\":1920,\"height\":1280,\"caption\":\"ayuntamiento azul\"},{\"@type\":\"BreadcrumbList\",\"@id\":\"https:\\\/\\\/www.laguiadepamplona.com\\\/actualidad\\\/la-fachada-de-la-casa-consistorial-se-ilumina-en-color-azul-oscuro-este-jueves-por-el-dia-mundial-de-la-encefalomielitis-mialgica-severa-o-sindrome-de-fatiga-cronica\\\/#breadcrumb\",\"itemListElement\":[{\"@type\":\"ListItem\",\"position\":1,\"name\":\"Portada\",\"item\":\"https:\\\/\\\/www.laguiadepamplona.com\\\/actualidad\\\/\"},{\"@type\":\"ListItem\",\"position\":2,\"name\":\"La fachada de la Casa Consistorial se ilumina en color azul oscuro este jueves por el D\u00eda Mundial de la Encefalomielitis Mi\u00e1lgica Severa o S\u00edndrome de F\u00e1tiga Cr\u00f3nica\"}]},{\"@type\":\"WebSite\",\"@id\":\"https:\\\/\\\/www.laguiadepamplona.com\\\/actualidad\\\/#website\",\"url\":\"https:\\\/\\\/www.laguiadepamplona.com\\\/actualidad\\\/\",\"name\":\"La gu\u00eda de Pamplona\",\"description\":\"Noticias de Pamplona\",\"publisher\":{\"@id\":\"https:\\\/\\\/www.laguiadepamplona.com\\\/actualidad\\\/#organization\"},\"potentialAction\":[{\"@type\":\"SearchAction\",\"target\":{\"@type\":\"EntryPoint\",\"urlTemplate\":\"https:\\\/\\\/www.laguiadepamplona.com\\\/actualidad\\\/?s={search_term_string}\"},\"query-input\":{\"@type\":\"PropertyValueSpecification\",\"valueRequired\":true,\"valueName\":\"search_term_string\"}}],\"inLanguage\":\"es\"},{\"@type\":\"Organization\",\"@id\":\"https:\\\/\\\/www.laguiadepamplona.com\\\/actualidad\\\/#organization\",\"name\":\"La Gu\u00eda de Pamplona \\\/ Noticias\",\"url\":\"https:\\\/\\\/www.laguiadepamplona.com\\\/actualidad\\\/\",\"logo\":{\"@type\":\"ImageObject\",\"inLanguage\":\"es\",\"@id\":\"https:\\\/\\\/www.laguiadepamplona.com\\\/actualidad\\\/#\\\/schema\\\/logo\\\/image\\\/\",\"url\":\"https:\\\/\\\/www.laguiadepamplona.com\\\/actualidad\\\/wp-content\\\/uploads\\\/2018\\\/11\\\/logo-laguiadepamplona18-web1.png\",\"contentUrl\":\"https:\\\/\\\/www.laguiadepamplona.com\\\/actualidad\\\/wp-content\\\/uploads\\\/2018\\\/11\\\/logo-laguiadepamplona18-web1.png\",\"width\":600,\"height\":196,\"caption\":\"La Gu\u00eda de Pamplona \\\/ Noticias\"},\"image\":{\"@id\":\"https:\\\/\\\/www.laguiadepamplona.com\\\/actualidad\\\/#\\\/schema\\\/logo\\\/image\\\/\"},\"sameAs\":[\"https:\\\/\\\/www.facebook.com\\\/laguiadepamplonacom-133175176762273\\\/?ref=hl\",\"https:\\\/\\\/x.com\\\/LaGuiadPamplona\",\"https:\\\/\\\/www.instagram.com\\\/la_guia_de_pamplona\\\/\",\"https:\\\/\\\/www.youtube.com\\\/user\\\/laguiadepamplona\"]},{\"@type\":\"Person\",\"@id\":\"https:\\\/\\\/www.laguiadepamplona.com\\\/actualidad\\\/#\\\/schema\\\/person\\\/efe887376f0213d4657c93adc50b1fdb\",\"name\":\"La Gu\u00eda de Pamplona\",\"image\":{\"@type\":\"ImageObject\",\"inLanguage\":\"es\",\"@id\":\"https:\\\/\\\/secure.gravatar.com\\\/avatar\\\/b6992f131dc8d30ab0dff15446e9d346d9dbd95992de0fef795073f5ea83a81c?s=96&d=mm&r=g\",\"url\":\"https:\\\/\\\/secure.gravatar.com\\\/avatar\\\/b6992f131dc8d30ab0dff15446e9d346d9dbd95992de0fef795073f5ea83a81c?s=96&d=mm&r=g\",\"contentUrl\":\"https:\\\/\\\/secure.gravatar.com\\\/avatar\\\/b6992f131dc8d30ab0dff15446e9d346d9dbd95992de0fef795073f5ea83a81c?s=96&d=mm&r=g\",\"caption\":\"La Gu\u00eda de Pamplona\"}}]}<\/script>\n<!-- \/ Yoast SEO plugin. -->","yoast_head_json":{"title":"La fachada de la Casa Consistorial se ilumina en color azul oscuro este jueves por el D\u00eda Mundial de la Encefalomielitis Mi\u00e1lgica Severa o S\u00edndrome de F\u00e1tiga Cr\u00f3nica","description":"Las personas afectadas por esta enfermedad no pueden realizar sus actividades diarias habituales por el cansancio extremo que sufren","robots":{"index":"index","follow":"follow","max-snippet":"max-snippet:-1","max-image-preview":"max-image-preview:large","max-video-preview":"max-video-preview:-1"},"canonical":"https:\/\/www.laguiadepamplona.com\/actualidad\/la-fachada-de-la-casa-consistorial-se-ilumina-en-color-azul-oscuro-este-jueves-por-el-dia-mundial-de-la-encefalomielitis-mialgica-severa-o-sindrome-de-fatiga-cronica\/","og_locale":"es_ES","og_type":"article","og_title":"La fachada de la Casa Consistorial se ilumina en color azul oscuro este jueves por el D\u00eda Mundial de la Encefalomielitis Mi\u00e1lgica Severa o S\u00edndrome de F\u00e1tiga Cr\u00f3nica","og_description":"Las personas afectadas por esta enfermedad no pueden realizar sus actividades diarias habituales por el cansancio extremo que sufren","og_url":"https:\/\/www.laguiadepamplona.com\/actualidad\/la-fachada-de-la-casa-consistorial-se-ilumina-en-color-azul-oscuro-este-jueves-por-el-dia-mundial-de-la-encefalomielitis-mialgica-severa-o-sindrome-de-fatiga-cronica\/","og_site_name":"La Gu\u00eda de Pamplona","article_publisher":"https:\/\/www.facebook.com\/laguiadepamplonacom-133175176762273\/?ref=hl","article_published_time":"2024-08-07T15:15:22+00:00","og_image":[{"width":1920,"height":1280,"url":"https:\/\/www.laguiadepamplona.com\/actualidad\/wp-content\/uploads\/2022\/11\/ayto-azul_JGV8972_15.webp","type":"image\/webp"}],"author":"La Gu\u00eda de Pamplona","twitter_card":"summary_large_image","twitter_creator":"@LaGuiadPamplona","twitter_site":"@LaGuiadPamplona","twitter_misc":{"Escrito por":"La Gu\u00eda de Pamplona","Tiempo de lectura":"2 minutos"},"schema":{"@context":"https:\/\/schema.org","@graph":[{"@type":"Article","@id":"https:\/\/www.laguiadepamplona.com\/actualidad\/la-fachada-de-la-casa-consistorial-se-ilumina-en-color-azul-oscuro-este-jueves-por-el-dia-mundial-de-la-encefalomielitis-mialgica-severa-o-sindrome-de-fatiga-cronica\/#article","isPartOf":{"@id":"https:\/\/www.laguiadepamplona.com\/actualidad\/la-fachada-de-la-casa-consistorial-se-ilumina-en-color-azul-oscuro-este-jueves-por-el-dia-mundial-de-la-encefalomielitis-mialgica-severa-o-sindrome-de-fatiga-cronica\/"},"author":{"name":"La Gu\u00eda de Pamplona","@id":"https:\/\/www.laguiadepamplona.com\/actualidad\/#\/schema\/person\/efe887376f0213d4657c93adc50b1fdb"},"headline":"La fachada de la Casa Consistorial se ilumina en color azul oscuro este jueves por el D\u00eda Mundial de la Encefalomielitis Mi\u00e1lgica Severa o S\u00edndrome de F\u00e1tiga Cr\u00f3nica","datePublished":"2024-08-07T15:15:22+00:00","mainEntityOfPage":{"@id":"https:\/\/www.laguiadepamplona.com\/actualidad\/la-fachada-de-la-casa-consistorial-se-ilumina-en-color-azul-oscuro-este-jueves-por-el-dia-mundial-de-la-encefalomielitis-mialgica-severa-o-sindrome-de-fatiga-cronica\/"},"wordCount":290,"commentCount":0,"publisher":{"@id":"https:\/\/www.laguiadepamplona.com\/actualidad\/#organization"},"image":{"@id":"https:\/\/www.laguiadepamplona.com\/actualidad\/la-fachada-de-la-casa-consistorial-se-ilumina-en-color-azul-oscuro-este-jueves-por-el-dia-mundial-de-la-encefalomielitis-mialgica-severa-o-sindrome-de-fatiga-cronica\/#primaryimage"},"thumbnailUrl":"https:\/\/www.laguiadepamplona.com\/actualidad\/wp-content\/uploads\/2022\/11\/ayto-azul_JGV8972_15.webp","articleSection":["Ayto Pamplona"],"inLanguage":"es","potentialAction":[{"@type":"CommentAction","name":"Comment","target":["https:\/\/www.laguiadepamplona.com\/actualidad\/la-fachada-de-la-casa-consistorial-se-ilumina-en-color-azul-oscuro-este-jueves-por-el-dia-mundial-de-la-encefalomielitis-mialgica-severa-o-sindrome-de-fatiga-cronica\/#respond"]}]},{"@type":"WebPage","@id":"https:\/\/www.laguiadepamplona.com\/actualidad\/la-fachada-de-la-casa-consistorial-se-ilumina-en-color-azul-oscuro-este-jueves-por-el-dia-mundial-de-la-encefalomielitis-mialgica-severa-o-sindrome-de-fatiga-cronica\/","url":"https:\/\/www.laguiadepamplona.com\/actualidad\/la-fachada-de-la-casa-consistorial-se-ilumina-en-color-azul-oscuro-este-jueves-por-el-dia-mundial-de-la-encefalomielitis-mialgica-severa-o-sindrome-de-fatiga-cronica\/","name":"La fachada de la Casa Consistorial se ilumina en color azul oscuro este jueves por el D\u00eda Mundial de la Encefalomielitis Mi\u00e1lgica Severa o S\u00edndrome de F\u00e1tiga Cr\u00f3nica","isPartOf":{"@id":"https:\/\/www.laguiadepamplona.com\/actualidad\/#website"},"primaryImageOfPage":{"@id":"https:\/\/www.laguiadepamplona.com\/actualidad\/la-fachada-de-la-casa-consistorial-se-ilumina-en-color-azul-oscuro-este-jueves-por-el-dia-mundial-de-la-encefalomielitis-mialgica-severa-o-sindrome-de-fatiga-cronica\/#primaryimage"},"image":{"@id":"https:\/\/www.laguiadepamplona.com\/actualidad\/la-fachada-de-la-casa-consistorial-se-ilumina-en-color-azul-oscuro-este-jueves-por-el-dia-mundial-de-la-encefalomielitis-mialgica-severa-o-sindrome-de-fatiga-cronica\/#primaryimage"},"thumbnailUrl":"https:\/\/www.laguiadepamplona.com\/actualidad\/wp-content\/uploads\/2022\/11\/ayto-azul_JGV8972_15.webp","datePublished":"2024-08-07T15:15:22+00:00","description":"Las personas afectadas por esta enfermedad no pueden realizar sus actividades diarias habituales por el cansancio extremo que sufren","breadcrumb":{"@id":"https:\/\/www.laguiadepamplona.com\/actualidad\/la-fachada-de-la-casa-consistorial-se-ilumina-en-color-azul-oscuro-este-jueves-por-el-dia-mundial-de-la-encefalomielitis-mialgica-severa-o-sindrome-de-fatiga-cronica\/#breadcrumb"},"inLanguage":"es","potentialAction":[{"@type":"ReadAction","target":["https:\/\/www.laguiadepamplona.com\/actualidad\/la-fachada-de-la-casa-consistorial-se-ilumina-en-color-azul-oscuro-este-jueves-por-el-dia-mundial-de-la-encefalomielitis-mialgica-severa-o-sindrome-de-fatiga-cronica\/"]}]},{"@type":"ImageObject","inLanguage":"es","@id":"https:\/\/www.laguiadepamplona.com\/actualidad\/la-fachada-de-la-casa-consistorial-se-ilumina-en-color-azul-oscuro-este-jueves-por-el-dia-mundial-de-la-encefalomielitis-mialgica-severa-o-sindrome-de-fatiga-cronica\/#primaryimage","url":"https:\/\/www.laguiadepamplona.com\/actualidad\/wp-content\/uploads\/2022\/11\/ayto-azul_JGV8972_15.webp","contentUrl":"https:\/\/www.laguiadepamplona.com\/actualidad\/wp-content\/uploads\/2022\/11\/ayto-azul_JGV8972_15.webp","width":1920,"height":1280,"caption":"ayuntamiento azul"},{"@type":"BreadcrumbList","@id":"https:\/\/www.laguiadepamplona.com\/actualidad\/la-fachada-de-la-casa-consistorial-se-ilumina-en-color-azul-oscuro-este-jueves-por-el-dia-mundial-de-la-encefalomielitis-mialgica-severa-o-sindrome-de-fatiga-cronica\/#breadcrumb","itemListElement":[{"@type":"ListItem","position":1,"name":"Portada","item":"https:\/\/www.laguiadepamplona.com\/actualidad\/"},{"@type":"ListItem","position":2,"name":"La fachada de la Casa Consistorial se ilumina en color azul oscuro este jueves por el D\u00eda Mundial de la Encefalomielitis Mi\u00e1lgica Severa o S\u00edndrome de F\u00e1tiga Cr\u00f3nica"}]},{"@type":"WebSite","@id":"https:\/\/www.laguiadepamplona.com\/actualidad\/#website","url":"https:\/\/www.laguiadepamplona.com\/actualidad\/","name":"La gu\u00eda de Pamplona","description":"Noticias de Pamplona","publisher":{"@id":"https:\/\/www.laguiadepamplona.com\/actualidad\/#organization"},"potentialAction":[{"@type":"SearchAction","target":{"@type":"EntryPoint","urlTemplate":"https:\/\/www.laguiadepamplona.com\/actualidad\/?s={search_term_string}"},"query-input":{"@type":"PropertyValueSpecification","valueRequired":true,"valueName":"search_term_string"}}],"inLanguage":"es"},{"@type":"Organization","@id":"https:\/\/www.laguiadepamplona.com\/actualidad\/#organization","name":"La Gu\u00eda de Pamplona \/ Noticias","url":"https:\/\/www.laguiadepamplona.com\/actualidad\/","logo":{"@type":"ImageObject","inLanguage":"es","@id":"https:\/\/www.laguiadepamplona.com\/actualidad\/#\/schema\/logo\/image\/","url":"https:\/\/www.laguiadepamplona.com\/actualidad\/wp-content\/uploads\/2018\/11\/logo-laguiadepamplona18-web1.png","contentUrl":"https:\/\/www.laguiadepamplona.com\/actualidad\/wp-content\/uploads\/2018\/11\/logo-laguiadepamplona18-web1.png","width":600,"height":196,"caption":"La Gu\u00eda de Pamplona \/ Noticias"},"image":{"@id":"https:\/\/www.laguiadepamplona.com\/actualidad\/#\/schema\/logo\/image\/"},"sameAs":["https:\/\/www.facebook.com\/laguiadepamplonacom-133175176762273\/?ref=hl","https:\/\/x.com\/LaGuiadPamplona","https:\/\/www.instagram.com\/la_guia_de_pamplona\/","https:\/\/www.youtube.com\/user\/laguiadepamplona"]},{"@type":"Person","@id":"https:\/\/www.laguiadepamplona.com\/actualidad\/#\/schema\/person\/efe887376f0213d4657c93adc50b1fdb","name":"La Gu\u00eda de Pamplona","image":{"@type":"ImageObject","inLanguage":"es","@id":"https:\/\/secure.gravatar.com\/avatar\/b6992f131dc8d30ab0dff15446e9d346d9dbd95992de0fef795073f5ea83a81c?s=96&d=mm&r=g","url":"https:\/\/secure.gravatar.com\/avatar\/b6992f131dc8d30ab0dff15446e9d346d9dbd95992de0fef795073f5ea83a81c?s=96&d=mm&r=g","contentUrl":"https:\/\/secure.gravatar.com\/avatar\/b6992f131dc8d30ab0dff15446e9d346d9dbd95992de0fef795073f5ea83a81c?s=96&d=mm&r=g","caption":"La Gu\u00eda de Pamplona"}}]}},"post_mailing_queue_ids":[],"_links":{"self":[{"href":"https:\/\/www.laguiadepamplona.com\/actualidad\/wp-json\/wp\/v2\/posts\/50450","targetHints":{"allow":["GET"]}}],"collection":[{"href":"https:\/\/www.laguiadepamplona.com\/actualidad\/wp-json\/wp\/v2\/posts"}],"about":[{"href":"https:\/\/www.laguiadepamplona.com\/actualidad\/wp-json\/wp\/v2\/types\/post"}],"author":[{"embeddable":true,"href":"https:\/\/www.laguiadepamplona.com\/actualidad\/wp-json\/wp\/v2\/users\/1"}],"replies":[{"embeddable":true,"href":"https:\/\/www.laguiadepamplona.com\/actualidad\/wp-json\/wp\/v2\/comments?post=50450"}],"version-history":[{"count":1,"href":"https:\/\/www.laguiadepamplona.com\/actualidad\/wp-json\/wp\/v2\/posts\/50450\/revisions"}],"predecessor-version":[{"id":50451,"href":"https:\/\/www.laguiadepamplona.com\/actualidad\/wp-json\/wp\/v2\/posts\/50450\/revisions\/50451"}],"wp:featuredmedia":[{"embeddable":true,"href":"https:\/\/www.laguiadepamplona.com\/actualidad\/wp-json\/wp\/v2\/media\/42175"}],"wp:attachment":[{"href":"https:\/\/www.laguiadepamplona.com\/actualidad\/wp-json\/wp\/v2\/media?parent=50450"}],"wp:term":[{"taxonomy":"category","embeddable":true,"href":"https:\/\/www.laguiadepamplona.com\/actualidad\/wp-json\/wp\/v2\/categories?post=50450"},{"taxonomy":"post_tag","embeddable":true,"href":"https:\/\/www.laguiadepamplona.com\/actualidad\/wp-json\/wp\/v2\/tags?post=50450"}],"curies":[{"name":"wp","href":"https:\/\/api.w.org\/{rel}","templated":true}]}}