{"id":50444,"date":"2024-08-07T17:11:25","date_gmt":"2024-08-07T15:11:25","guid":{"rendered":"https:\/\/www.laguiadepamplona.com\/actualidad\/?p=50444"},"modified":"2024-08-07T17:11:25","modified_gmt":"2024-08-07T15:11:25","slug":"este-agosto-comenzara-la-renaturalizacion-de-patios-escolares-como-pulmones-verdes-en-san-jorge-iturrama-y-amaiur","status":"publish","type":"post","link":"https:\/\/www.laguiadepamplona.com\/actualidad\/este-agosto-comenzara-la-renaturalizacion-de-patios-escolares-como-pulmones-verdes-en-san-jorge-iturrama-y-amaiur\/","title":{"rendered":"Este agosto comenzar\u00e1 la renaturalizaci\u00f3n de patios escolares como pulmones verdes en San Jorge, Iturrama y Amaiur"},"content":{"rendered":"<h2 class=\"x_2Subtitulo\">Se trata de acercarlos a los objetivos educativos y sociales actuales y contribuir desde los centros educativos a la lucha contra el cambio clim\u00e1tico<\/h2>\n<p class=\"x_MsoNormal\"><!--more--><\/p>\n<p class=\"x_MsoNormal\">El Ayuntamiento, a demanda de las comunidades educativas de los propios centros escolares, renaturalizar\u00e1 los patios de CPEIP San Jorge; Ikastola Amaiur y CPEIP Iturrama replicando Soluciones Basadas en la Naturaleza (SBN). La junta de Gobierno Local ha adjudicado las obras a la empresa Lacunza Hermanos S.L. por un importe total de 438.673,28 euros. Est\u00e1 previsto que comiencen este mismo mes para terminar en noviembre de 2024. La actuaci\u00f3n, que transformar\u00e1 la concepci\u00f3n global de los colegios ejecutar\u00e1 los proyectos del arquitecto Ferm\u00edn Gonz\u00e1lez Blanco para el CPEIP San Jorge y el CPEIP Iturrama y del Estudio Eslava y Tejada arquitectos para la Ikastola Amaiur. En conjunto los tres centros han acogido en el curso 2023\/2024 a un total de 805 ni\u00f1os y ni\u00f1as.<\/p>\n<p class=\"x_MsoNormal\">Se trata de acomodar el dise\u00f1o y funcionamiento de estos tres patios, con tipolog\u00edas diversas, a los objetivos educativos, sociales y ambientales de los centros. Adem\u00e1s de naturalizar los patios, las intervenciones pretenden hacerlos m\u00e1s inclusivos ya que se buscar\u00e1 la diversificaci\u00f3n del uso de los espacios exteriores generando una multiplicidad de espacios de juego libre, estancia y conversaci\u00f3n, acabando con la ocupaci\u00f3n excesiva del juego reglado, estructurado en general en torno a deportes, especialmente el f\u00fatbol. Esa din\u00e1mica vinculada al bal\u00f3n hoy representa toda una estructura social y de g\u00e9nero.\u00a0El patio del CPEIP San Jorge se transformar\u00e1 de manera integral, mientras que las intervenciones en la Ikastola Amaiur y el CPEIP Iturrama corresponden a una primera fase de los proyectos. El objetivo es que estas actuaciones sirvan como germen para el cambio de din\u00e1micas del uso de los patios.<\/p>\n<p class=\"x_MsoNormal\">El proceso de naturalizaci\u00f3n de patios generando zonas de vegetaci\u00f3n y de sombra, adem\u00e1s de mejorar la vivencia y calidad paisaj\u00edstica para el alumnado, busca apoyar el proceso emprendido por el Consistorio para generar una ciudad m\u00e1s resiliente contra el cambio clim\u00e1tico, ya que los patios funcionar\u00e1n como nodos de conexi\u00f3n entre corredores verdes y se\u00a0<span class=\"x_3TextoCar\">adaptar\u00e1 su sistema de evacuaci\u00f3n de aguas hacia el drenaje sostenible. Estas obras figuran dentro de la Agenda Urbana de Pamplona y forman parte de las medidas del Plan de Infraestructuras Verdes y Azules de la ciudad, as\u00ed como de la Estrategia 2030 de Transici\u00f3n Energ\u00e9tica y Cambio Clim\u00e1tico, que en su plan de acci\u00f3n recoge rehabilitar y renaturalizar el entorno urbano.<\/span><\/p>\n<p class=\"x_4Ladillo\"><strong>Islas de topograf\u00edas naturales para el CPEIP San Jorge<\/strong><\/p>\n<p class=\"x_3Texto\">El \u00e1mbito de intervenci\u00f3n est\u00e1 conformado por el espacio exterior del centro escolar delimitado al norte por la calle Doctor Juaristi y al este y sur por el parque asociado al r\u00edo Arga. Es un paisaje de ribera que se presta como fondo esc\u00e9nico del patio, que puede resultar estrat\u00e9gico para la continuidad de distintas \u00e1reas verdes urbanas, conformando un pulm\u00f3n verde que extienda la vegetaci\u00f3n de la ribera del r\u00edo m\u00e1s all\u00e1 de sus m\u00e1rgenes, incorpor\u00e1ndola a la ciudad. En este caso el coste de las obras ser\u00e1 de 324.099 euros.<\/p>\n<p class=\"x_3Texto\">El CPEIP San Jorge se construy\u00f3 en 1972 y, debido a su crecimiento, se acab\u00f3 desdoblando en dos edificios (y dos patios) uno de Primaria (patio a Sur con una de las pistas cubiertas con estructura de madera laminada) y otro de Infantil. El patio de Primaria cuenta con diversas \u00e1reas, entre las que hay dos pistas principales para futbol, un pabell\u00f3n cubierto con una pista para\u00a0f\u00fatbol y dos para baloncesto, una pista de voleibol y una zona de juegos infantil, delimitada f\u00edsicamente con una verja. Tiene una pavimentaci\u00f3n donde predominan el asfalto y el hormig\u00f3n. aunque existen unos pocos \u00e1rboles en las zonas perimetrales.<\/p>\n<p class=\"x_3Texto\">La intervenci\u00f3n en este espacio buscar\u00e1 la inclusi\u00f3n de arbolado a lo largo del patio y generar diferentes texturas mediante islas de topograf\u00edas naturales que servir\u00e1n para enriquecer el espacio, generado zonas de juego y espacios de estancia. Se mejorar\u00e1 tambi\u00e9n el drenaje con pavimento filtrante. En el l\u00edmite sur del patio se plantea reducir la altura del muro de cierre y la recolocaci\u00f3n y pintado del cierre met\u00e1lico, de modo que el parque fluvial sea m\u00e1s visible desde el interior del patio. Esta intervenci\u00f3n es especialmente beneficiosa en el \u00e1rea de Infantil, donde reducir la altura del muro permite la vista del parque a los m\u00e1s peque\u00f1os.<\/p>\n<p class=\"x_4Ladillo\"><strong>Amaiur: usos m\u00faltiples y vegetaci\u00f3n para las pistas<\/strong><\/p>\n<p class=\"x_3Texto\">La primera de las actuaciones previstas en el proyecto del patio de la Ikastola Amaiur. La ikastola se sit\u00faa entre las calles Pedro I, Pintor Maeztu, Fuente del Hierro y calle de Iturrama, con acceso desde esta \u00faltima. Por su amplitud, puede resultar un enclave estrat\u00e9gico como \u201cpeque\u00f1o pulm\u00f3n verde\u201d, actuando de nodo de conexi\u00f3n entre distintas \u00e1reas verdes urbanas del entorno. Las obras est\u00e1n presupuestadas en 59.565 euros. Construida a iniciativa municipal y promovida en los a\u00f1os 80 por la comunidad educativa, es la primera ikastola p\u00fablica de Pamplona, obra de Miguel \u00c1ngel Garaikoetxea y Ferm\u00edn Modrego. Tienen una estructura en forma de peine que se cierra hacia la calle Iturrama y se abre hacia el paisaje, articulando la relaci\u00f3n entre los vol\u00famenes de aulas y la pieza principal mediante vac\u00edos interiores con geometr\u00eda semicircular.<\/p>\n<p class=\"x_3Texto\">La actual intervenci\u00f3n afecta a las pistas deportivas centrales: una de f\u00fatbol (1017,72 m2) y otra\u00a0de baloncesto (1011,28 m2). Las obras transformar\u00e1n la pista de f\u00fatbol en una pista multifuncional, ampliando su contorno e integrando en ella el baloncesto. La pista actualmente dedicada al baloncesto se destinar\u00e1 a zonas de juego diverso. El proyecto contempla crear entre ambos espacios un relieve natural ajardinado, que sirva para separar los juegos con bal\u00f3n del resto del \u00e1mbito e introducir nuevos espacios verdes.<\/p>\n<p class=\"x_3Texto\">El patio, en la actualidad, est\u00e1 dotado de una interesante variedad de arbolado situado en las \u00e1reas perimetrales, plantado formando ret\u00edculas y alineaciones mediante alcorques en zonas duras, pero no hay \u00e1reas de terreno natural que puedan contar con pradera, herb\u00e1ceas o arbustivas (excepto el huerto). Tras las obras, la separaci\u00f3n entre pistas ser\u00e1 una isla vegetal de bordes y relieves \u201corg\u00e1nicos\u201d, vegetalizada con arbustivas y arbolado, as\u00ed como con elementos sueltos de troncos tumbados que generar\u00e1n recorridos ascendentes y descendentes<\/p>\n<p class=\"x_4Ladillo\"><strong>Iturrama: espacios de juego libre y espacios de estancia que convivan<\/strong><\/p>\n<p class=\"x_3Texto\">El CP Iturrama se sit\u00faa en la manzana delimitada por las calles Seraf\u00edn Olave al norte-noreste, la\u00a0calle de<b>\u00a0<\/b>Iturrama al sur-suroeste, la calle Esqu\u00edroz al este-sureste y la calle de I\u00f1igo Arista al oeste-noroeste, con el<b>\u00a0<\/b>\u00fanico acceso rodado desde esta \u00faltima. La parcela se emplaza en un entorno mayoritariamente peatonal y<b>\u00a0<\/b>entre dos plazas naturalizadas, la Plaza Roja Iturrama y el parque Iturrama<b>.\u00a0<\/b>La amplia parcela que ocupa la ikastola se sit\u00faa en un enclave que puede resultar estrat\u00e9gico para lograr y<b>\u00a0<\/b>consolidar la continuidad de distintas \u00e1reas verdes urbanas.<b><\/b><\/p>\n<p class=\"x_3Texto\">El planteamiento del edificio responde al contexto urbano posicion\u00e1ndose en el centro de la parcela con una<b>\u00a0<\/b>estructura en U que abre hacia el sur-suroeste<b>\u00a0<\/b>dos espacios de patio, el principal orientado al sur y un secundario hacia el<b>\u00a0<\/b>norte-noreste. El patio cuenta con dos pistas deportivas de f\u00fatbol sala dominantes, tanto en la zona norte como en la sur.<b>\u00a0<\/b>Adem\u00e1s, en la zona norte existe una pista de voleibol o b\u00e1dminton con red alta, y en la zona sur dos pistas de<b>\u00a0<\/b>baloncesto de diferente tama\u00f1o hacia el cierre este. El conjunto se caracteriza por ser un espacio excesivamente condicionado por el uso deportivo y por presentar un m\u00ednimo arbolado interior (sombras)<b>,<\/b>\u00a0aunque s\u00ed existe arbolado de gran porte en las \u00e1reas perimetrales<b>.<s><\/s><\/b><\/p>\n<p class=\"x_3Texto\">La intervenci\u00f3n busca introducir mejoras funcionales, ambientales, paisaj\u00edsticas y l\u00fadico-educativas en el patio. La estrategia es nuevamente la de incorporar arbolado y diferentes texturas mediante la integraci\u00f3n de islas de topograf\u00edas naturales<s>.<\/s>\u00a0Se generar\u00e1n espacios de juego libre y zonas de estancia que convivan entre s\u00ed, mejorando tambi\u00e9n el drenaje con la aparici\u00f3n de un pavimento filtrante pintado<b>.\u00a0<\/b>El espacio exterior al que se vuelcan los vol\u00famenes\u00a0edificados se convertir\u00e1 es un espacio de usos m\u00faltiples (juego libre o auditorio) en torno a una\u00a0nueva una isla con topograf\u00eda natural de c\u00e9sped y arbolado. Las obras costar\u00e1n 56.336 euros.<\/p>\n<div>\n<p class=\"x_5TituloApoyodedatos\" aria-hidden=\"true\">\n<h3 class=\"x_5TituloApoyodedatos\">Renaturalizaci\u00f3n de patios escolares<\/h3>\n<\/div>\n<p class=\"x_6Textoapoyodatos\">\u00b7\u00a0\u00a0\u00a0\u00a0\u00a0\u00a0\u00a0\u00a0\u00a0Presupuesto de licitaci\u00f3n: 439.999,99 euros<\/p>\n<p class=\"x_6Textoapoyodatos\">\u00b7\u00a0\u00a0\u00a0\u00a0\u00a0\u00a0\u00a0\u00a0\u00a0Presupuesto de ejecuci\u00f3n: 438.673,28 euros<\/p>\n<p class=\"x_6Textoapoyodatos\">\u00b7\u00a0\u00a0\u00a0\u00a0\u00a0\u00a0\u00a0\u00a0\u00a0Fecha prevista de inicio: agosto de 2024<\/p>\n<p class=\"x_6Textoapoyodatos\">\u00b7\u00a0\u00a0\u00a0\u00a0\u00a0\u00a0\u00a0\u00a0\u00a0Fecha prevista de final: noviembre de 2024<\/p>\n<p class=\"x_6Textoapoyodatos\"><strong>CPEIP San Jorge<\/strong><\/p>\n<p class=\"x_6Textoapoyodatos\">\u00b7\u00a0\u00a0\u00a0\u00a0\u00a0\u00a0Proyecto: Ferm\u00edn Gonz\u00e1lez Blanco, arquitecto<\/p>\n<p class=\"x_6Textoapoyodatos\">\u00b7\u00a0\u00a0\u00a0\u00a0\u00a0\u00a0Obras: Lacunza Hermanos S.L<\/p>\n<p class=\"x_6Textoapoyodatos\"><strong>Ikastola Amaiur<\/strong><\/p>\n<p class=\"x_6Textoapoyodatos\">\u00b7\u00a0\u00a0\u00a0\u00a0\u00a0\u00a0Proyecto: Estudio Eslava y Tejada arquitectos<\/p>\n<p class=\"x_6Textoapoyodatos\">\u00b7\u00a0\u00a0\u00a0\u00a0\u00a0\u00a0Obras: Lacunza Hermanos S.L<\/p>\n<p class=\"x_6Textoapoyodatos\"><strong>CPEIP Iturrama<\/strong><\/p>\n<p class=\"x_6Textoapoyodatos\">\u00b7\u00a0\u00a0\u00a0\u00a0\u00a0\u00a0Proyecto: Ferm\u00edn Gonz\u00e1lez Blanco, arquitecto<\/p>\n<p class=\"x_6Textoapoyodatos\">\u00b7\u00a0\u00a0\u00a0\u00a0\u00a0\u00a0Obras: Lacunza Hermanos S.L<\/p>\n","protected":false},"excerpt":{"rendered":"<p>Se trata de acercarlos a los objetivos educativos y sociales actuales y contribuir desde los centros educativos a la lucha contra el cambio clim\u00e1tico<\/p>\n","protected":false},"author":1,"featured_media":50445,"comment_status":"open","ping_status":"closed","sticky":false,"template":"","format":"standard","meta":{"footnotes":""},"categories":[2],"tags":[],"class_list":["post-50444","post","type-post","status-publish","format-standard","has-post-thumbnail","hentry","category-ayuntamiento-pamplona"],"yoast_head":"<!-- This site is optimized with the Yoast SEO plugin v27.3 - https:\/\/yoast.com\/product\/yoast-seo-wordpress\/ -->\n<title>Este agosto comenzar\u00e1 la renaturalizaci\u00f3n de patios escolares como pulmones verdes en San Jorge, Iturrama y Amaiur<\/title>\n<meta name=\"description\" content=\"Se trata de acercarlos a los objetivos educativos y sociales actuales y contribuir desde los centros educativos a la lucha contra el cambio clim\u00e1tico\" \/>\n<meta name=\"robots\" content=\"index, follow, max-snippet:-1, max-image-preview:large, max-video-preview:-1\" \/>\n<link rel=\"canonical\" href=\"https:\/\/www.laguiadepamplona.com\/actualidad\/este-agosto-comenzara-la-renaturalizacion-de-patios-escolares-como-pulmones-verdes-en-san-jorge-iturrama-y-amaiur\/\" \/>\n<meta property=\"og:locale\" content=\"es_ES\" \/>\n<meta property=\"og:type\" content=\"article\" \/>\n<meta property=\"og:title\" content=\"Este agosto comenzar\u00e1 la renaturalizaci\u00f3n de patios escolares como pulmones verdes en San Jorge, Iturrama y Amaiur\" \/>\n<meta property=\"og:description\" content=\"Se trata de acercarlos a los objetivos educativos y sociales actuales y contribuir desde los centros educativos a la lucha contra el cambio clim\u00e1tico\" \/>\n<meta property=\"og:url\" content=\"https:\/\/www.laguiadepamplona.com\/actualidad\/este-agosto-comenzara-la-renaturalizacion-de-patios-escolares-como-pulmones-verdes-en-san-jorge-iturrama-y-amaiur\/\" \/>\n<meta property=\"og:site_name\" content=\"La Gu\u00eda de Pamplona\" \/>\n<meta property=\"article:publisher\" content=\"https:\/\/www.facebook.com\/laguiadepamplonacom-133175176762273\/?ref=hl\" \/>\n<meta property=\"article:published_time\" content=\"2024-08-07T15:11:25+00:00\" \/>\n<meta property=\"og:image\" content=\"https:\/\/www.laguiadepamplona.com\/actualidad\/wp-content\/uploads\/2024\/08\/colegios.webp\" \/>\n\t<meta property=\"og:image:width\" content=\"1000\" \/>\n\t<meta property=\"og:image:height\" content=\"656\" \/>\n\t<meta property=\"og:image:type\" content=\"image\/webp\" \/>\n<meta name=\"author\" content=\"La Gu\u00eda de Pamplona\" \/>\n<meta name=\"twitter:card\" content=\"summary_large_image\" \/>\n<meta name=\"twitter:creator\" content=\"@LaGuiadPamplona\" \/>\n<meta name=\"twitter:site\" content=\"@LaGuiadPamplona\" \/>\n<meta name=\"twitter:label1\" content=\"Escrito por\" \/>\n\t<meta name=\"twitter:data1\" content=\"La Gu\u00eda de Pamplona\" \/>\n\t<meta name=\"twitter:label2\" content=\"Tiempo de lectura\" \/>\n\t<meta name=\"twitter:data2\" content=\"7 minutos\" \/>\n<script type=\"application\/ld+json\" class=\"yoast-schema-graph\">{\"@context\":\"https:\\\/\\\/schema.org\",\"@graph\":[{\"@type\":\"Article\",\"@id\":\"https:\\\/\\\/www.laguiadepamplona.com\\\/actualidad\\\/este-agosto-comenzara-la-renaturalizacion-de-patios-escolares-como-pulmones-verdes-en-san-jorge-iturrama-y-amaiur\\\/#article\",\"isPartOf\":{\"@id\":\"https:\\\/\\\/www.laguiadepamplona.com\\\/actualidad\\\/este-agosto-comenzara-la-renaturalizacion-de-patios-escolares-como-pulmones-verdes-en-san-jorge-iturrama-y-amaiur\\\/\"},\"author\":{\"name\":\"La Gu\u00eda de Pamplona\",\"@id\":\"https:\\\/\\\/www.laguiadepamplona.com\\\/actualidad\\\/#\\\/schema\\\/person\\\/efe887376f0213d4657c93adc50b1fdb\"},\"headline\":\"Este agosto comenzar\u00e1 la renaturalizaci\u00f3n de patios escolares como pulmones verdes en San Jorge, Iturrama y Amaiur\",\"datePublished\":\"2024-08-07T15:11:25+00:00\",\"mainEntityOfPage\":{\"@id\":\"https:\\\/\\\/www.laguiadepamplona.com\\\/actualidad\\\/este-agosto-comenzara-la-renaturalizacion-de-patios-escolares-como-pulmones-verdes-en-san-jorge-iturrama-y-amaiur\\\/\"},\"wordCount\":1540,\"commentCount\":0,\"publisher\":{\"@id\":\"https:\\\/\\\/www.laguiadepamplona.com\\\/actualidad\\\/#organization\"},\"image\":{\"@id\":\"https:\\\/\\\/www.laguiadepamplona.com\\\/actualidad\\\/este-agosto-comenzara-la-renaturalizacion-de-patios-escolares-como-pulmones-verdes-en-san-jorge-iturrama-y-amaiur\\\/#primaryimage\"},\"thumbnailUrl\":\"https:\\\/\\\/www.laguiadepamplona.com\\\/actualidad\\\/wp-content\\\/uploads\\\/2024\\\/08\\\/colegios.webp\",\"articleSection\":[\"Ayto Pamplona\"],\"inLanguage\":\"es\",\"potentialAction\":[{\"@type\":\"CommentAction\",\"name\":\"Comment\",\"target\":[\"https:\\\/\\\/www.laguiadepamplona.com\\\/actualidad\\\/este-agosto-comenzara-la-renaturalizacion-de-patios-escolares-como-pulmones-verdes-en-san-jorge-iturrama-y-amaiur\\\/#respond\"]}]},{\"@type\":\"WebPage\",\"@id\":\"https:\\\/\\\/www.laguiadepamplona.com\\\/actualidad\\\/este-agosto-comenzara-la-renaturalizacion-de-patios-escolares-como-pulmones-verdes-en-san-jorge-iturrama-y-amaiur\\\/\",\"url\":\"https:\\\/\\\/www.laguiadepamplona.com\\\/actualidad\\\/este-agosto-comenzara-la-renaturalizacion-de-patios-escolares-como-pulmones-verdes-en-san-jorge-iturrama-y-amaiur\\\/\",\"name\":\"Este agosto comenzar\u00e1 la renaturalizaci\u00f3n de patios escolares como pulmones verdes en San Jorge, Iturrama y Amaiur\",\"isPartOf\":{\"@id\":\"https:\\\/\\\/www.laguiadepamplona.com\\\/actualidad\\\/#website\"},\"primaryImageOfPage\":{\"@id\":\"https:\\\/\\\/www.laguiadepamplona.com\\\/actualidad\\\/este-agosto-comenzara-la-renaturalizacion-de-patios-escolares-como-pulmones-verdes-en-san-jorge-iturrama-y-amaiur\\\/#primaryimage\"},\"image\":{\"@id\":\"https:\\\/\\\/www.laguiadepamplona.com\\\/actualidad\\\/este-agosto-comenzara-la-renaturalizacion-de-patios-escolares-como-pulmones-verdes-en-san-jorge-iturrama-y-amaiur\\\/#primaryimage\"},\"thumbnailUrl\":\"https:\\\/\\\/www.laguiadepamplona.com\\\/actualidad\\\/wp-content\\\/uploads\\\/2024\\\/08\\\/colegios.webp\",\"datePublished\":\"2024-08-07T15:11:25+00:00\",\"description\":\"Se trata de acercarlos a los objetivos educativos y sociales actuales y contribuir desde los centros educativos a la lucha contra el cambio clim\u00e1tico\",\"breadcrumb\":{\"@id\":\"https:\\\/\\\/www.laguiadepamplona.com\\\/actualidad\\\/este-agosto-comenzara-la-renaturalizacion-de-patios-escolares-como-pulmones-verdes-en-san-jorge-iturrama-y-amaiur\\\/#breadcrumb\"},\"inLanguage\":\"es\",\"potentialAction\":[{\"@type\":\"ReadAction\",\"target\":[\"https:\\\/\\\/www.laguiadepamplona.com\\\/actualidad\\\/este-agosto-comenzara-la-renaturalizacion-de-patios-escolares-como-pulmones-verdes-en-san-jorge-iturrama-y-amaiur\\\/\"]}]},{\"@type\":\"ImageObject\",\"inLanguage\":\"es\",\"@id\":\"https:\\\/\\\/www.laguiadepamplona.com\\\/actualidad\\\/este-agosto-comenzara-la-renaturalizacion-de-patios-escolares-como-pulmones-verdes-en-san-jorge-iturrama-y-amaiur\\\/#primaryimage\",\"url\":\"https:\\\/\\\/www.laguiadepamplona.com\\\/actualidad\\\/wp-content\\\/uploads\\\/2024\\\/08\\\/colegios.webp\",\"contentUrl\":\"https:\\\/\\\/www.laguiadepamplona.com\\\/actualidad\\\/wp-content\\\/uploads\\\/2024\\\/08\\\/colegios.webp\",\"width\":1000,\"height\":656,\"caption\":\"colegios\"},{\"@type\":\"BreadcrumbList\",\"@id\":\"https:\\\/\\\/www.laguiadepamplona.com\\\/actualidad\\\/este-agosto-comenzara-la-renaturalizacion-de-patios-escolares-como-pulmones-verdes-en-san-jorge-iturrama-y-amaiur\\\/#breadcrumb\",\"itemListElement\":[{\"@type\":\"ListItem\",\"position\":1,\"name\":\"Portada\",\"item\":\"https:\\\/\\\/www.laguiadepamplona.com\\\/actualidad\\\/\"},{\"@type\":\"ListItem\",\"position\":2,\"name\":\"Este agosto comenzar\u00e1 la renaturalizaci\u00f3n de patios escolares como pulmones verdes en San Jorge, Iturrama y Amaiur\"}]},{\"@type\":\"WebSite\",\"@id\":\"https:\\\/\\\/www.laguiadepamplona.com\\\/actualidad\\\/#website\",\"url\":\"https:\\\/\\\/www.laguiadepamplona.com\\\/actualidad\\\/\",\"name\":\"La gu\u00eda de Pamplona\",\"description\":\"Noticias de Pamplona\",\"publisher\":{\"@id\":\"https:\\\/\\\/www.laguiadepamplona.com\\\/actualidad\\\/#organization\"},\"potentialAction\":[{\"@type\":\"SearchAction\",\"target\":{\"@type\":\"EntryPoint\",\"urlTemplate\":\"https:\\\/\\\/www.laguiadepamplona.com\\\/actualidad\\\/?s={search_term_string}\"},\"query-input\":{\"@type\":\"PropertyValueSpecification\",\"valueRequired\":true,\"valueName\":\"search_term_string\"}}],\"inLanguage\":\"es\"},{\"@type\":\"Organization\",\"@id\":\"https:\\\/\\\/www.laguiadepamplona.com\\\/actualidad\\\/#organization\",\"name\":\"La Gu\u00eda de Pamplona \\\/ Noticias\",\"url\":\"https:\\\/\\\/www.laguiadepamplona.com\\\/actualidad\\\/\",\"logo\":{\"@type\":\"ImageObject\",\"inLanguage\":\"es\",\"@id\":\"https:\\\/\\\/www.laguiadepamplona.com\\\/actualidad\\\/#\\\/schema\\\/logo\\\/image\\\/\",\"url\":\"https:\\\/\\\/www.laguiadepamplona.com\\\/actualidad\\\/wp-content\\\/uploads\\\/2018\\\/11\\\/logo-laguiadepamplona18-web1.png\",\"contentUrl\":\"https:\\\/\\\/www.laguiadepamplona.com\\\/actualidad\\\/wp-content\\\/uploads\\\/2018\\\/11\\\/logo-laguiadepamplona18-web1.png\",\"width\":600,\"height\":196,\"caption\":\"La Gu\u00eda de Pamplona \\\/ Noticias\"},\"image\":{\"@id\":\"https:\\\/\\\/www.laguiadepamplona.com\\\/actualidad\\\/#\\\/schema\\\/logo\\\/image\\\/\"},\"sameAs\":[\"https:\\\/\\\/www.facebook.com\\\/laguiadepamplonacom-133175176762273\\\/?ref=hl\",\"https:\\\/\\\/x.com\\\/LaGuiadPamplona\",\"https:\\\/\\\/www.instagram.com\\\/la_guia_de_pamplona\\\/\",\"https:\\\/\\\/www.youtube.com\\\/user\\\/laguiadepamplona\"]},{\"@type\":\"Person\",\"@id\":\"https:\\\/\\\/www.laguiadepamplona.com\\\/actualidad\\\/#\\\/schema\\\/person\\\/efe887376f0213d4657c93adc50b1fdb\",\"name\":\"La Gu\u00eda de Pamplona\",\"image\":{\"@type\":\"ImageObject\",\"inLanguage\":\"es\",\"@id\":\"https:\\\/\\\/secure.gravatar.com\\\/avatar\\\/b6992f131dc8d30ab0dff15446e9d346d9dbd95992de0fef795073f5ea83a81c?s=96&d=mm&r=g\",\"url\":\"https:\\\/\\\/secure.gravatar.com\\\/avatar\\\/b6992f131dc8d30ab0dff15446e9d346d9dbd95992de0fef795073f5ea83a81c?s=96&d=mm&r=g\",\"contentUrl\":\"https:\\\/\\\/secure.gravatar.com\\\/avatar\\\/b6992f131dc8d30ab0dff15446e9d346d9dbd95992de0fef795073f5ea83a81c?s=96&d=mm&r=g\",\"caption\":\"La Gu\u00eda de Pamplona\"}}]}<\/script>\n<!-- \/ Yoast SEO plugin. -->","yoast_head_json":{"title":"Este agosto comenzar\u00e1 la renaturalizaci\u00f3n de patios escolares como pulmones verdes en San Jorge, Iturrama y Amaiur","description":"Se trata de acercarlos a los objetivos educativos y sociales actuales y contribuir desde los centros educativos a la lucha contra el cambio clim\u00e1tico","robots":{"index":"index","follow":"follow","max-snippet":"max-snippet:-1","max-image-preview":"max-image-preview:large","max-video-preview":"max-video-preview:-1"},"canonical":"https:\/\/www.laguiadepamplona.com\/actualidad\/este-agosto-comenzara-la-renaturalizacion-de-patios-escolares-como-pulmones-verdes-en-san-jorge-iturrama-y-amaiur\/","og_locale":"es_ES","og_type":"article","og_title":"Este agosto comenzar\u00e1 la renaturalizaci\u00f3n de patios escolares como pulmones verdes en San Jorge, Iturrama y Amaiur","og_description":"Se trata de acercarlos a los objetivos educativos y sociales actuales y contribuir desde los centros educativos a la lucha contra el cambio clim\u00e1tico","og_url":"https:\/\/www.laguiadepamplona.com\/actualidad\/este-agosto-comenzara-la-renaturalizacion-de-patios-escolares-como-pulmones-verdes-en-san-jorge-iturrama-y-amaiur\/","og_site_name":"La Gu\u00eda de Pamplona","article_publisher":"https:\/\/www.facebook.com\/laguiadepamplonacom-133175176762273\/?ref=hl","article_published_time":"2024-08-07T15:11:25+00:00","og_image":[{"width":1000,"height":656,"url":"https:\/\/www.laguiadepamplona.com\/actualidad\/wp-content\/uploads\/2024\/08\/colegios.webp","type":"image\/webp"}],"author":"La Gu\u00eda de Pamplona","twitter_card":"summary_large_image","twitter_creator":"@LaGuiadPamplona","twitter_site":"@LaGuiadPamplona","twitter_misc":{"Escrito por":"La Gu\u00eda de Pamplona","Tiempo de lectura":"7 minutos"},"schema":{"@context":"https:\/\/schema.org","@graph":[{"@type":"Article","@id":"https:\/\/www.laguiadepamplona.com\/actualidad\/este-agosto-comenzara-la-renaturalizacion-de-patios-escolares-como-pulmones-verdes-en-san-jorge-iturrama-y-amaiur\/#article","isPartOf":{"@id":"https:\/\/www.laguiadepamplona.com\/actualidad\/este-agosto-comenzara-la-renaturalizacion-de-patios-escolares-como-pulmones-verdes-en-san-jorge-iturrama-y-amaiur\/"},"author":{"name":"La Gu\u00eda de Pamplona","@id":"https:\/\/www.laguiadepamplona.com\/actualidad\/#\/schema\/person\/efe887376f0213d4657c93adc50b1fdb"},"headline":"Este agosto comenzar\u00e1 la renaturalizaci\u00f3n de patios escolares como pulmones verdes en San Jorge, Iturrama y Amaiur","datePublished":"2024-08-07T15:11:25+00:00","mainEntityOfPage":{"@id":"https:\/\/www.laguiadepamplona.com\/actualidad\/este-agosto-comenzara-la-renaturalizacion-de-patios-escolares-como-pulmones-verdes-en-san-jorge-iturrama-y-amaiur\/"},"wordCount":1540,"commentCount":0,"publisher":{"@id":"https:\/\/www.laguiadepamplona.com\/actualidad\/#organization"},"image":{"@id":"https:\/\/www.laguiadepamplona.com\/actualidad\/este-agosto-comenzara-la-renaturalizacion-de-patios-escolares-como-pulmones-verdes-en-san-jorge-iturrama-y-amaiur\/#primaryimage"},"thumbnailUrl":"https:\/\/www.laguiadepamplona.com\/actualidad\/wp-content\/uploads\/2024\/08\/colegios.webp","articleSection":["Ayto Pamplona"],"inLanguage":"es","potentialAction":[{"@type":"CommentAction","name":"Comment","target":["https:\/\/www.laguiadepamplona.com\/actualidad\/este-agosto-comenzara-la-renaturalizacion-de-patios-escolares-como-pulmones-verdes-en-san-jorge-iturrama-y-amaiur\/#respond"]}]},{"@type":"WebPage","@id":"https:\/\/www.laguiadepamplona.com\/actualidad\/este-agosto-comenzara-la-renaturalizacion-de-patios-escolares-como-pulmones-verdes-en-san-jorge-iturrama-y-amaiur\/","url":"https:\/\/www.laguiadepamplona.com\/actualidad\/este-agosto-comenzara-la-renaturalizacion-de-patios-escolares-como-pulmones-verdes-en-san-jorge-iturrama-y-amaiur\/","name":"Este agosto comenzar\u00e1 la renaturalizaci\u00f3n de patios escolares como pulmones verdes en San Jorge, Iturrama y Amaiur","isPartOf":{"@id":"https:\/\/www.laguiadepamplona.com\/actualidad\/#website"},"primaryImageOfPage":{"@id":"https:\/\/www.laguiadepamplona.com\/actualidad\/este-agosto-comenzara-la-renaturalizacion-de-patios-escolares-como-pulmones-verdes-en-san-jorge-iturrama-y-amaiur\/#primaryimage"},"image":{"@id":"https:\/\/www.laguiadepamplona.com\/actualidad\/este-agosto-comenzara-la-renaturalizacion-de-patios-escolares-como-pulmones-verdes-en-san-jorge-iturrama-y-amaiur\/#primaryimage"},"thumbnailUrl":"https:\/\/www.laguiadepamplona.com\/actualidad\/wp-content\/uploads\/2024\/08\/colegios.webp","datePublished":"2024-08-07T15:11:25+00:00","description":"Se trata de acercarlos a los objetivos educativos y sociales actuales y contribuir desde los centros educativos a la lucha contra el cambio clim\u00e1tico","breadcrumb":{"@id":"https:\/\/www.laguiadepamplona.com\/actualidad\/este-agosto-comenzara-la-renaturalizacion-de-patios-escolares-como-pulmones-verdes-en-san-jorge-iturrama-y-amaiur\/#breadcrumb"},"inLanguage":"es","potentialAction":[{"@type":"ReadAction","target":["https:\/\/www.laguiadepamplona.com\/actualidad\/este-agosto-comenzara-la-renaturalizacion-de-patios-escolares-como-pulmones-verdes-en-san-jorge-iturrama-y-amaiur\/"]}]},{"@type":"ImageObject","inLanguage":"es","@id":"https:\/\/www.laguiadepamplona.com\/actualidad\/este-agosto-comenzara-la-renaturalizacion-de-patios-escolares-como-pulmones-verdes-en-san-jorge-iturrama-y-amaiur\/#primaryimage","url":"https:\/\/www.laguiadepamplona.com\/actualidad\/wp-content\/uploads\/2024\/08\/colegios.webp","contentUrl":"https:\/\/www.laguiadepamplona.com\/actualidad\/wp-content\/uploads\/2024\/08\/colegios.webp","width":1000,"height":656,"caption":"colegios"},{"@type":"BreadcrumbList","@id":"https:\/\/www.laguiadepamplona.com\/actualidad\/este-agosto-comenzara-la-renaturalizacion-de-patios-escolares-como-pulmones-verdes-en-san-jorge-iturrama-y-amaiur\/#breadcrumb","itemListElement":[{"@type":"ListItem","position":1,"name":"Portada","item":"https:\/\/www.laguiadepamplona.com\/actualidad\/"},{"@type":"ListItem","position":2,"name":"Este agosto comenzar\u00e1 la renaturalizaci\u00f3n de patios escolares como pulmones verdes en San Jorge, Iturrama y Amaiur"}]},{"@type":"WebSite","@id":"https:\/\/www.laguiadepamplona.com\/actualidad\/#website","url":"https:\/\/www.laguiadepamplona.com\/actualidad\/","name":"La gu\u00eda de Pamplona","description":"Noticias de Pamplona","publisher":{"@id":"https:\/\/www.laguiadepamplona.com\/actualidad\/#organization"},"potentialAction":[{"@type":"SearchAction","target":{"@type":"EntryPoint","urlTemplate":"https:\/\/www.laguiadepamplona.com\/actualidad\/?s={search_term_string}"},"query-input":{"@type":"PropertyValueSpecification","valueRequired":true,"valueName":"search_term_string"}}],"inLanguage":"es"},{"@type":"Organization","@id":"https:\/\/www.laguiadepamplona.com\/actualidad\/#organization","name":"La Gu\u00eda de Pamplona \/ Noticias","url":"https:\/\/www.laguiadepamplona.com\/actualidad\/","logo":{"@type":"ImageObject","inLanguage":"es","@id":"https:\/\/www.laguiadepamplona.com\/actualidad\/#\/schema\/logo\/image\/","url":"https:\/\/www.laguiadepamplona.com\/actualidad\/wp-content\/uploads\/2018\/11\/logo-laguiadepamplona18-web1.png","contentUrl":"https:\/\/www.laguiadepamplona.com\/actualidad\/wp-content\/uploads\/2018\/11\/logo-laguiadepamplona18-web1.png","width":600,"height":196,"caption":"La Gu\u00eda de Pamplona \/ Noticias"},"image":{"@id":"https:\/\/www.laguiadepamplona.com\/actualidad\/#\/schema\/logo\/image\/"},"sameAs":["https:\/\/www.facebook.com\/laguiadepamplonacom-133175176762273\/?ref=hl","https:\/\/x.com\/LaGuiadPamplona","https:\/\/www.instagram.com\/la_guia_de_pamplona\/","https:\/\/www.youtube.com\/user\/laguiadepamplona"]},{"@type":"Person","@id":"https:\/\/www.laguiadepamplona.com\/actualidad\/#\/schema\/person\/efe887376f0213d4657c93adc50b1fdb","name":"La Gu\u00eda de Pamplona","image":{"@type":"ImageObject","inLanguage":"es","@id":"https:\/\/secure.gravatar.com\/avatar\/b6992f131dc8d30ab0dff15446e9d346d9dbd95992de0fef795073f5ea83a81c?s=96&d=mm&r=g","url":"https:\/\/secure.gravatar.com\/avatar\/b6992f131dc8d30ab0dff15446e9d346d9dbd95992de0fef795073f5ea83a81c?s=96&d=mm&r=g","contentUrl":"https:\/\/secure.gravatar.com\/avatar\/b6992f131dc8d30ab0dff15446e9d346d9dbd95992de0fef795073f5ea83a81c?s=96&d=mm&r=g","caption":"La Gu\u00eda de Pamplona"}}]}},"post_mailing_queue_ids":[],"_links":{"self":[{"href":"https:\/\/www.laguiadepamplona.com\/actualidad\/wp-json\/wp\/v2\/posts\/50444","targetHints":{"allow":["GET"]}}],"collection":[{"href":"https:\/\/www.laguiadepamplona.com\/actualidad\/wp-json\/wp\/v2\/posts"}],"about":[{"href":"https:\/\/www.laguiadepamplona.com\/actualidad\/wp-json\/wp\/v2\/types\/post"}],"author":[{"embeddable":true,"href":"https:\/\/www.laguiadepamplona.com\/actualidad\/wp-json\/wp\/v2\/users\/1"}],"replies":[{"embeddable":true,"href":"https:\/\/www.laguiadepamplona.com\/actualidad\/wp-json\/wp\/v2\/comments?post=50444"}],"version-history":[{"count":1,"href":"https:\/\/www.laguiadepamplona.com\/actualidad\/wp-json\/wp\/v2\/posts\/50444\/revisions"}],"predecessor-version":[{"id":50446,"href":"https:\/\/www.laguiadepamplona.com\/actualidad\/wp-json\/wp\/v2\/posts\/50444\/revisions\/50446"}],"wp:featuredmedia":[{"embeddable":true,"href":"https:\/\/www.laguiadepamplona.com\/actualidad\/wp-json\/wp\/v2\/media\/50445"}],"wp:attachment":[{"href":"https:\/\/www.laguiadepamplona.com\/actualidad\/wp-json\/wp\/v2\/media?parent=50444"}],"wp:term":[{"taxonomy":"category","embeddable":true,"href":"https:\/\/www.laguiadepamplona.com\/actualidad\/wp-json\/wp\/v2\/categories?post=50444"},{"taxonomy":"post_tag","embeddable":true,"href":"https:\/\/www.laguiadepamplona.com\/actualidad\/wp-json\/wp\/v2\/tags?post=50444"}],"curies":[{"name":"wp","href":"https:\/\/api.w.org\/{rel}","templated":true}]}}