{"id":50441,"date":"2024-08-07T17:09:26","date_gmt":"2024-08-07T15:09:26","guid":{"rendered":"https:\/\/www.laguiadepamplona.com\/actualidad\/?p=50441"},"modified":"2024-08-07T17:09:26","modified_gmt":"2024-08-07T15:09:26","slug":"adjudicadas-las-obras-de-ampliacion-de-la-acera-norte-de-la-calle-rio-queiles-dentro-del-acuerdo-marco-2024-2026-para-obras-de-rehabilitacion-de-espacios-publicos","status":"publish","type":"post","link":"https:\/\/www.laguiadepamplona.com\/actualidad\/adjudicadas-las-obras-de-ampliacion-de-la-acera-norte-de-la-calle-rio-queiles-dentro-del-acuerdo-marco-2024-2026-para-obras-de-rehabilitacion-de-espacios-publicos\/","title":{"rendered":"Adjudicadas las obras de ampliaci\u00f3n de la acera norte de la calle R\u00edo Queiles, dentro del acuerdo marco 2024-2026 para obras de rehabilitaci\u00f3n de espacios p\u00fablicos"},"content":{"rendered":"<h2 class=\"x_2Subtitulo\">El inicio de las obras, con una duraci\u00f3n de 1,5 meses, est\u00e1 previsto para esta semana<\/h2>\n<p class=\"x_MsoNormal\"><!--more--><\/p>\n<p class=\"x_3Texto\">La Junta de Gobierno Local del Ayuntamiento de Pamplona ha adjudicado las obras de ampliaci\u00f3n de la acera norte de la calle R\u00edo Queiles, en Azpilaga\u00f1a, a la empresa\u00a0Construcciones\u00a0Lacunza Hermanos SL. Esta adjudicaci\u00f3n es la primera dentro del acuerdo marco 2024-2026 para obras de rehabilitaci\u00f3n de espacios p\u00fablicos de la ciudad, y en concreto, en el lote 2, para el Plan de Mejora de la Caminabilidad y del Transporte Comarcal.<\/p>\n<p class=\"x_3Texto\">Las obras tienen por objeto la ampliaci\u00f3n de la acera norte de la calle R\u00edo Queiles hasta la ocupaci\u00f3n del actual carril de aparcamiento y la zona de carga y descarga, con un presupuesto de 138.296,59 euros. El inicio est\u00e1 previsto para esta semana, con una duraci\u00f3n de 1,5 meses. La actuaci\u00f3n conlleva la modificaci\u00f3n de las paradas de la villavesa, la modificaci\u00f3n de las zonas de carga y descarga y aparcamiento de personas con discapacidad, la creaci\u00f3n de un paso de peatones y la modificaci\u00f3n de otro, la implantaci\u00f3n de jardineras en la zona m\u00e1s pr\u00f3xima a la avenida de Zaragoza y de posiciones de arbolado en la zona m\u00e1s pr\u00f3xima a la glorieta de la zona este, y la modificaci\u00f3n del sistema de drenaje de la zona norte de la calle.<\/p>\n<p class=\"x_3Texto\">Los trabajos adjudicados incluyen la renovaci\u00f3n del pavimento actual de la acera, y la ampliaci\u00f3n de la misma en la zona de aparcamiento de la calle en una anchura de 2 metros, manteniendo la pendiente transversal, por lo que se debe realizar una modificaci\u00f3n del sistema de drenaje global de la zona norte de la calle. La nueva configuraci\u00f3n de la acera norte implica la modificaci\u00f3n de las zonas de carga y descarga, y de la plaza de personas con discapacidad, que cambia de ubicaci\u00f3n de la acera norte a la sur.<\/p>\n<p class=\"x_3Texto\">Los espacios contemplados para mobiliario urbano (recipientes de almacenaje y recogidas de basuras e inertes) se mantienen o se desplazan a la ampliaci\u00f3n de la acera. De acuerdo con los servicios t\u00e9cnicos de la Mancomunidad de la Comarca de Pamplona, se modifican las paradas de los autobuses en ambas m\u00e1rgenes de la calle, ubicando una nueva marquesina en la acera norte, con avance de la parada al carril de circulaci\u00f3n en sentido este-oeste y modificando la parada en la margen sur, intercambiando la zona de parada con la zona de carga y descarga existente (esta modificaci\u00f3n implica adem\u00e1s el traslado de la marquesina actual).<\/p>\n<p class=\"x_4Ladillo\"><strong>Nuevo paso peatonal<\/strong><\/p>\n<p class=\"x_3Texto\">Junto a las actuaciones en la calle se ha previsto un nuevo paso de peatones al este de la intersecci\u00f3n con la calle R\u00edo Irati y se prev\u00e9 modificar el paso de peatones pr\u00f3ximo a la glorieta del extremo este de la calle. Este cambio implica una peque\u00f1a modificaci\u00f3n de la acera de la margen noroeste anexa a la glorieta. Adem\u00e1s, la ampliaci\u00f3n de la acera en la confluencia con la avenida de Zaragoza implica el traslado del sem\u00e1foro existente a su nueva ubicaci\u00f3n.<\/p>\n<p class=\"x_3Texto\">Las obras prev\u00e9n dos actuaciones de car\u00e1cter medioambiental: la instalaci\u00f3n de jardineras en la zona de acera ampliada entre las calles R\u00edo Irati y avenida de Zaragoza, y la ejecuci\u00f3n de posiciones de arbolado en la zona de la ampliaci\u00f3n de la acera entre la calle R\u00edo Irati y la Glorieta Este. Los trabajos no incluyen la plantaci\u00f3n de las especies correspondientes, pero dejan el espacio preparado para el arbolado viario en las zonas pavimentadas.<\/p>\n","protected":false},"excerpt":{"rendered":"<p>El inicio de las obras, con una duraci\u00f3n de 1,5 meses, est\u00e1 previsto para esta semana<\/p>\n","protected":false},"author":1,"featured_media":50442,"comment_status":"open","ping_status":"closed","sticky":false,"template":"","format":"standard","meta":{"footnotes":""},"categories":[2],"tags":[],"class_list":["post-50441","post","type-post","status-publish","format-standard","has-post-thumbnail","hentry","category-ayuntamiento-pamplona"],"yoast_head":"<!-- This site is optimized with the Yoast SEO plugin v27.3 - https:\/\/yoast.com\/product\/yoast-seo-wordpress\/ -->\n<title>Adjudicadas las obras de ampliaci\u00f3n de la acera norte de la calle R\u00edo Queiles, dentro del acuerdo marco 2024-2026 para obras de rehabilitaci\u00f3n de espacios p\u00fablicos<\/title>\n<meta name=\"description\" content=\"El inicio de las obras, con una duraci\u00f3n de 1,5 meses, est\u00e1 previsto para esta semana\" \/>\n<meta name=\"robots\" content=\"index, follow, max-snippet:-1, max-image-preview:large, max-video-preview:-1\" \/>\n<link rel=\"canonical\" href=\"https:\/\/www.laguiadepamplona.com\/actualidad\/adjudicadas-las-obras-de-ampliacion-de-la-acera-norte-de-la-calle-rio-queiles-dentro-del-acuerdo-marco-2024-2026-para-obras-de-rehabilitacion-de-espacios-publicos\/\" \/>\n<meta property=\"og:locale\" content=\"es_ES\" \/>\n<meta property=\"og:type\" content=\"article\" \/>\n<meta property=\"og:title\" content=\"Adjudicadas las obras de ampliaci\u00f3n de la acera norte de la calle R\u00edo Queiles, dentro del acuerdo marco 2024-2026 para obras de rehabilitaci\u00f3n de espacios p\u00fablicos\" \/>\n<meta property=\"og:description\" content=\"El inicio de las obras, con una duraci\u00f3n de 1,5 meses, est\u00e1 previsto para esta semana\" \/>\n<meta property=\"og:url\" content=\"https:\/\/www.laguiadepamplona.com\/actualidad\/adjudicadas-las-obras-de-ampliacion-de-la-acera-norte-de-la-calle-rio-queiles-dentro-del-acuerdo-marco-2024-2026-para-obras-de-rehabilitacion-de-espacios-publicos\/\" \/>\n<meta property=\"og:site_name\" content=\"La Gu\u00eda de Pamplona\" \/>\n<meta property=\"article:publisher\" content=\"https:\/\/www.facebook.com\/laguiadepamplonacom-133175176762273\/?ref=hl\" \/>\n<meta property=\"article:published_time\" content=\"2024-08-07T15:09:26+00:00\" \/>\n<meta property=\"og:image\" content=\"https:\/\/www.laguiadepamplona.com\/actualidad\/wp-content\/uploads\/2024\/08\/renovacion-aceras.webp\" \/>\n\t<meta property=\"og:image:width\" content=\"1000\" \/>\n\t<meta property=\"og:image:height\" content=\"696\" \/>\n\t<meta property=\"og:image:type\" content=\"image\/webp\" \/>\n<meta name=\"author\" content=\"La Gu\u00eda de Pamplona\" \/>\n<meta name=\"twitter:card\" content=\"summary_large_image\" \/>\n<meta name=\"twitter:creator\" content=\"@LaGuiadPamplona\" \/>\n<meta name=\"twitter:site\" content=\"@LaGuiadPamplona\" \/>\n<meta name=\"twitter:label1\" content=\"Escrito por\" \/>\n\t<meta name=\"twitter:data1\" content=\"La Gu\u00eda de Pamplona\" \/>\n\t<meta name=\"twitter:label2\" content=\"Tiempo de lectura\" \/>\n\t<meta name=\"twitter:data2\" content=\"3 minutos\" \/>\n<script type=\"application\/ld+json\" class=\"yoast-schema-graph\">{\"@context\":\"https:\\\/\\\/schema.org\",\"@graph\":[{\"@type\":\"Article\",\"@id\":\"https:\\\/\\\/www.laguiadepamplona.com\\\/actualidad\\\/adjudicadas-las-obras-de-ampliacion-de-la-acera-norte-de-la-calle-rio-queiles-dentro-del-acuerdo-marco-2024-2026-para-obras-de-rehabilitacion-de-espacios-publicos\\\/#article\",\"isPartOf\":{\"@id\":\"https:\\\/\\\/www.laguiadepamplona.com\\\/actualidad\\\/adjudicadas-las-obras-de-ampliacion-de-la-acera-norte-de-la-calle-rio-queiles-dentro-del-acuerdo-marco-2024-2026-para-obras-de-rehabilitacion-de-espacios-publicos\\\/\"},\"author\":{\"name\":\"La Gu\u00eda de Pamplona\",\"@id\":\"https:\\\/\\\/www.laguiadepamplona.com\\\/actualidad\\\/#\\\/schema\\\/person\\\/efe887376f0213d4657c93adc50b1fdb\"},\"headline\":\"Adjudicadas las obras de ampliaci\u00f3n de la acera norte de la calle R\u00edo Queiles, dentro del acuerdo marco 2024-2026 para obras de rehabilitaci\u00f3n de espacios p\u00fablicos\",\"datePublished\":\"2024-08-07T15:09:26+00:00\",\"mainEntityOfPage\":{\"@id\":\"https:\\\/\\\/www.laguiadepamplona.com\\\/actualidad\\\/adjudicadas-las-obras-de-ampliacion-de-la-acera-norte-de-la-calle-rio-queiles-dentro-del-acuerdo-marco-2024-2026-para-obras-de-rehabilitacion-de-espacios-publicos\\\/\"},\"wordCount\":655,\"commentCount\":0,\"publisher\":{\"@id\":\"https:\\\/\\\/www.laguiadepamplona.com\\\/actualidad\\\/#organization\"},\"image\":{\"@id\":\"https:\\\/\\\/www.laguiadepamplona.com\\\/actualidad\\\/adjudicadas-las-obras-de-ampliacion-de-la-acera-norte-de-la-calle-rio-queiles-dentro-del-acuerdo-marco-2024-2026-para-obras-de-rehabilitacion-de-espacios-publicos\\\/#primaryimage\"},\"thumbnailUrl\":\"https:\\\/\\\/www.laguiadepamplona.com\\\/actualidad\\\/wp-content\\\/uploads\\\/2024\\\/08\\\/renovacion-aceras.webp\",\"articleSection\":[\"Ayto Pamplona\"],\"inLanguage\":\"es\",\"potentialAction\":[{\"@type\":\"CommentAction\",\"name\":\"Comment\",\"target\":[\"https:\\\/\\\/www.laguiadepamplona.com\\\/actualidad\\\/adjudicadas-las-obras-de-ampliacion-de-la-acera-norte-de-la-calle-rio-queiles-dentro-del-acuerdo-marco-2024-2026-para-obras-de-rehabilitacion-de-espacios-publicos\\\/#respond\"]}]},{\"@type\":\"WebPage\",\"@id\":\"https:\\\/\\\/www.laguiadepamplona.com\\\/actualidad\\\/adjudicadas-las-obras-de-ampliacion-de-la-acera-norte-de-la-calle-rio-queiles-dentro-del-acuerdo-marco-2024-2026-para-obras-de-rehabilitacion-de-espacios-publicos\\\/\",\"url\":\"https:\\\/\\\/www.laguiadepamplona.com\\\/actualidad\\\/adjudicadas-las-obras-de-ampliacion-de-la-acera-norte-de-la-calle-rio-queiles-dentro-del-acuerdo-marco-2024-2026-para-obras-de-rehabilitacion-de-espacios-publicos\\\/\",\"name\":\"Adjudicadas las obras de ampliaci\u00f3n de la acera norte de la calle R\u00edo Queiles, dentro del acuerdo marco 2024-2026 para obras de rehabilitaci\u00f3n de espacios p\u00fablicos\",\"isPartOf\":{\"@id\":\"https:\\\/\\\/www.laguiadepamplona.com\\\/actualidad\\\/#website\"},\"primaryImageOfPage\":{\"@id\":\"https:\\\/\\\/www.laguiadepamplona.com\\\/actualidad\\\/adjudicadas-las-obras-de-ampliacion-de-la-acera-norte-de-la-calle-rio-queiles-dentro-del-acuerdo-marco-2024-2026-para-obras-de-rehabilitacion-de-espacios-publicos\\\/#primaryimage\"},\"image\":{\"@id\":\"https:\\\/\\\/www.laguiadepamplona.com\\\/actualidad\\\/adjudicadas-las-obras-de-ampliacion-de-la-acera-norte-de-la-calle-rio-queiles-dentro-del-acuerdo-marco-2024-2026-para-obras-de-rehabilitacion-de-espacios-publicos\\\/#primaryimage\"},\"thumbnailUrl\":\"https:\\\/\\\/www.laguiadepamplona.com\\\/actualidad\\\/wp-content\\\/uploads\\\/2024\\\/08\\\/renovacion-aceras.webp\",\"datePublished\":\"2024-08-07T15:09:26+00:00\",\"description\":\"El inicio de las obras, con una duraci\u00f3n de 1,5 meses, est\u00e1 previsto para esta semana\",\"breadcrumb\":{\"@id\":\"https:\\\/\\\/www.laguiadepamplona.com\\\/actualidad\\\/adjudicadas-las-obras-de-ampliacion-de-la-acera-norte-de-la-calle-rio-queiles-dentro-del-acuerdo-marco-2024-2026-para-obras-de-rehabilitacion-de-espacios-publicos\\\/#breadcrumb\"},\"inLanguage\":\"es\",\"potentialAction\":[{\"@type\":\"ReadAction\",\"target\":[\"https:\\\/\\\/www.laguiadepamplona.com\\\/actualidad\\\/adjudicadas-las-obras-de-ampliacion-de-la-acera-norte-de-la-calle-rio-queiles-dentro-del-acuerdo-marco-2024-2026-para-obras-de-rehabilitacion-de-espacios-publicos\\\/\"]}]},{\"@type\":\"ImageObject\",\"inLanguage\":\"es\",\"@id\":\"https:\\\/\\\/www.laguiadepamplona.com\\\/actualidad\\\/adjudicadas-las-obras-de-ampliacion-de-la-acera-norte-de-la-calle-rio-queiles-dentro-del-acuerdo-marco-2024-2026-para-obras-de-rehabilitacion-de-espacios-publicos\\\/#primaryimage\",\"url\":\"https:\\\/\\\/www.laguiadepamplona.com\\\/actualidad\\\/wp-content\\\/uploads\\\/2024\\\/08\\\/renovacion-aceras.webp\",\"contentUrl\":\"https:\\\/\\\/www.laguiadepamplona.com\\\/actualidad\\\/wp-content\\\/uploads\\\/2024\\\/08\\\/renovacion-aceras.webp\",\"width\":1000,\"height\":696,\"caption\":\"renovaci\u00f3n aceras\"},{\"@type\":\"BreadcrumbList\",\"@id\":\"https:\\\/\\\/www.laguiadepamplona.com\\\/actualidad\\\/adjudicadas-las-obras-de-ampliacion-de-la-acera-norte-de-la-calle-rio-queiles-dentro-del-acuerdo-marco-2024-2026-para-obras-de-rehabilitacion-de-espacios-publicos\\\/#breadcrumb\",\"itemListElement\":[{\"@type\":\"ListItem\",\"position\":1,\"name\":\"Portada\",\"item\":\"https:\\\/\\\/www.laguiadepamplona.com\\\/actualidad\\\/\"},{\"@type\":\"ListItem\",\"position\":2,\"name\":\"Adjudicadas las obras de ampliaci\u00f3n de la acera norte de la calle R\u00edo Queiles, dentro del acuerdo marco 2024-2026 para obras de rehabilitaci\u00f3n de espacios p\u00fablicos\"}]},{\"@type\":\"WebSite\",\"@id\":\"https:\\\/\\\/www.laguiadepamplona.com\\\/actualidad\\\/#website\",\"url\":\"https:\\\/\\\/www.laguiadepamplona.com\\\/actualidad\\\/\",\"name\":\"La gu\u00eda de Pamplona\",\"description\":\"Noticias de Pamplona\",\"publisher\":{\"@id\":\"https:\\\/\\\/www.laguiadepamplona.com\\\/actualidad\\\/#organization\"},\"potentialAction\":[{\"@type\":\"SearchAction\",\"target\":{\"@type\":\"EntryPoint\",\"urlTemplate\":\"https:\\\/\\\/www.laguiadepamplona.com\\\/actualidad\\\/?s={search_term_string}\"},\"query-input\":{\"@type\":\"PropertyValueSpecification\",\"valueRequired\":true,\"valueName\":\"search_term_string\"}}],\"inLanguage\":\"es\"},{\"@type\":\"Organization\",\"@id\":\"https:\\\/\\\/www.laguiadepamplona.com\\\/actualidad\\\/#organization\",\"name\":\"La Gu\u00eda de Pamplona \\\/ Noticias\",\"url\":\"https:\\\/\\\/www.laguiadepamplona.com\\\/actualidad\\\/\",\"logo\":{\"@type\":\"ImageObject\",\"inLanguage\":\"es\",\"@id\":\"https:\\\/\\\/www.laguiadepamplona.com\\\/actualidad\\\/#\\\/schema\\\/logo\\\/image\\\/\",\"url\":\"https:\\\/\\\/www.laguiadepamplona.com\\\/actualidad\\\/wp-content\\\/uploads\\\/2018\\\/11\\\/logo-laguiadepamplona18-web1.png\",\"contentUrl\":\"https:\\\/\\\/www.laguiadepamplona.com\\\/actualidad\\\/wp-content\\\/uploads\\\/2018\\\/11\\\/logo-laguiadepamplona18-web1.png\",\"width\":600,\"height\":196,\"caption\":\"La Gu\u00eda de Pamplona \\\/ Noticias\"},\"image\":{\"@id\":\"https:\\\/\\\/www.laguiadepamplona.com\\\/actualidad\\\/#\\\/schema\\\/logo\\\/image\\\/\"},\"sameAs\":[\"https:\\\/\\\/www.facebook.com\\\/laguiadepamplonacom-133175176762273\\\/?ref=hl\",\"https:\\\/\\\/x.com\\\/LaGuiadPamplona\",\"https:\\\/\\\/www.instagram.com\\\/la_guia_de_pamplona\\\/\",\"https:\\\/\\\/www.youtube.com\\\/user\\\/laguiadepamplona\"]},{\"@type\":\"Person\",\"@id\":\"https:\\\/\\\/www.laguiadepamplona.com\\\/actualidad\\\/#\\\/schema\\\/person\\\/efe887376f0213d4657c93adc50b1fdb\",\"name\":\"La Gu\u00eda de Pamplona\",\"image\":{\"@type\":\"ImageObject\",\"inLanguage\":\"es\",\"@id\":\"https:\\\/\\\/secure.gravatar.com\\\/avatar\\\/b6992f131dc8d30ab0dff15446e9d346d9dbd95992de0fef795073f5ea83a81c?s=96&d=mm&r=g\",\"url\":\"https:\\\/\\\/secure.gravatar.com\\\/avatar\\\/b6992f131dc8d30ab0dff15446e9d346d9dbd95992de0fef795073f5ea83a81c?s=96&d=mm&r=g\",\"contentUrl\":\"https:\\\/\\\/secure.gravatar.com\\\/avatar\\\/b6992f131dc8d30ab0dff15446e9d346d9dbd95992de0fef795073f5ea83a81c?s=96&d=mm&r=g\",\"caption\":\"La Gu\u00eda de Pamplona\"}}]}<\/script>\n<!-- \/ Yoast SEO plugin. -->","yoast_head_json":{"title":"Adjudicadas las obras de ampliaci\u00f3n de la acera norte de la calle R\u00edo Queiles, dentro del acuerdo marco 2024-2026 para obras de rehabilitaci\u00f3n de espacios p\u00fablicos","description":"El inicio de las obras, con una duraci\u00f3n de 1,5 meses, est\u00e1 previsto para esta semana","robots":{"index":"index","follow":"follow","max-snippet":"max-snippet:-1","max-image-preview":"max-image-preview:large","max-video-preview":"max-video-preview:-1"},"canonical":"https:\/\/www.laguiadepamplona.com\/actualidad\/adjudicadas-las-obras-de-ampliacion-de-la-acera-norte-de-la-calle-rio-queiles-dentro-del-acuerdo-marco-2024-2026-para-obras-de-rehabilitacion-de-espacios-publicos\/","og_locale":"es_ES","og_type":"article","og_title":"Adjudicadas las obras de ampliaci\u00f3n de la acera norte de la calle R\u00edo Queiles, dentro del acuerdo marco 2024-2026 para obras de rehabilitaci\u00f3n de espacios p\u00fablicos","og_description":"El inicio de las obras, con una duraci\u00f3n de 1,5 meses, est\u00e1 previsto para esta semana","og_url":"https:\/\/www.laguiadepamplona.com\/actualidad\/adjudicadas-las-obras-de-ampliacion-de-la-acera-norte-de-la-calle-rio-queiles-dentro-del-acuerdo-marco-2024-2026-para-obras-de-rehabilitacion-de-espacios-publicos\/","og_site_name":"La Gu\u00eda de Pamplona","article_publisher":"https:\/\/www.facebook.com\/laguiadepamplonacom-133175176762273\/?ref=hl","article_published_time":"2024-08-07T15:09:26+00:00","og_image":[{"width":1000,"height":696,"url":"https:\/\/www.laguiadepamplona.com\/actualidad\/wp-content\/uploads\/2024\/08\/renovacion-aceras.webp","type":"image\/webp"}],"author":"La Gu\u00eda de Pamplona","twitter_card":"summary_large_image","twitter_creator":"@LaGuiadPamplona","twitter_site":"@LaGuiadPamplona","twitter_misc":{"Escrito por":"La Gu\u00eda de Pamplona","Tiempo de lectura":"3 minutos"},"schema":{"@context":"https:\/\/schema.org","@graph":[{"@type":"Article","@id":"https:\/\/www.laguiadepamplona.com\/actualidad\/adjudicadas-las-obras-de-ampliacion-de-la-acera-norte-de-la-calle-rio-queiles-dentro-del-acuerdo-marco-2024-2026-para-obras-de-rehabilitacion-de-espacios-publicos\/#article","isPartOf":{"@id":"https:\/\/www.laguiadepamplona.com\/actualidad\/adjudicadas-las-obras-de-ampliacion-de-la-acera-norte-de-la-calle-rio-queiles-dentro-del-acuerdo-marco-2024-2026-para-obras-de-rehabilitacion-de-espacios-publicos\/"},"author":{"name":"La Gu\u00eda de Pamplona","@id":"https:\/\/www.laguiadepamplona.com\/actualidad\/#\/schema\/person\/efe887376f0213d4657c93adc50b1fdb"},"headline":"Adjudicadas las obras de ampliaci\u00f3n de la acera norte de la calle R\u00edo Queiles, dentro del acuerdo marco 2024-2026 para obras de rehabilitaci\u00f3n de espacios p\u00fablicos","datePublished":"2024-08-07T15:09:26+00:00","mainEntityOfPage":{"@id":"https:\/\/www.laguiadepamplona.com\/actualidad\/adjudicadas-las-obras-de-ampliacion-de-la-acera-norte-de-la-calle-rio-queiles-dentro-del-acuerdo-marco-2024-2026-para-obras-de-rehabilitacion-de-espacios-publicos\/"},"wordCount":655,"commentCount":0,"publisher":{"@id":"https:\/\/www.laguiadepamplona.com\/actualidad\/#organization"},"image":{"@id":"https:\/\/www.laguiadepamplona.com\/actualidad\/adjudicadas-las-obras-de-ampliacion-de-la-acera-norte-de-la-calle-rio-queiles-dentro-del-acuerdo-marco-2024-2026-para-obras-de-rehabilitacion-de-espacios-publicos\/#primaryimage"},"thumbnailUrl":"https:\/\/www.laguiadepamplona.com\/actualidad\/wp-content\/uploads\/2024\/08\/renovacion-aceras.webp","articleSection":["Ayto Pamplona"],"inLanguage":"es","potentialAction":[{"@type":"CommentAction","name":"Comment","target":["https:\/\/www.laguiadepamplona.com\/actualidad\/adjudicadas-las-obras-de-ampliacion-de-la-acera-norte-de-la-calle-rio-queiles-dentro-del-acuerdo-marco-2024-2026-para-obras-de-rehabilitacion-de-espacios-publicos\/#respond"]}]},{"@type":"WebPage","@id":"https:\/\/www.laguiadepamplona.com\/actualidad\/adjudicadas-las-obras-de-ampliacion-de-la-acera-norte-de-la-calle-rio-queiles-dentro-del-acuerdo-marco-2024-2026-para-obras-de-rehabilitacion-de-espacios-publicos\/","url":"https:\/\/www.laguiadepamplona.com\/actualidad\/adjudicadas-las-obras-de-ampliacion-de-la-acera-norte-de-la-calle-rio-queiles-dentro-del-acuerdo-marco-2024-2026-para-obras-de-rehabilitacion-de-espacios-publicos\/","name":"Adjudicadas las obras de ampliaci\u00f3n de la acera norte de la calle R\u00edo Queiles, dentro del acuerdo marco 2024-2026 para obras de rehabilitaci\u00f3n de espacios p\u00fablicos","isPartOf":{"@id":"https:\/\/www.laguiadepamplona.com\/actualidad\/#website"},"primaryImageOfPage":{"@id":"https:\/\/www.laguiadepamplona.com\/actualidad\/adjudicadas-las-obras-de-ampliacion-de-la-acera-norte-de-la-calle-rio-queiles-dentro-del-acuerdo-marco-2024-2026-para-obras-de-rehabilitacion-de-espacios-publicos\/#primaryimage"},"image":{"@id":"https:\/\/www.laguiadepamplona.com\/actualidad\/adjudicadas-las-obras-de-ampliacion-de-la-acera-norte-de-la-calle-rio-queiles-dentro-del-acuerdo-marco-2024-2026-para-obras-de-rehabilitacion-de-espacios-publicos\/#primaryimage"},"thumbnailUrl":"https:\/\/www.laguiadepamplona.com\/actualidad\/wp-content\/uploads\/2024\/08\/renovacion-aceras.webp","datePublished":"2024-08-07T15:09:26+00:00","description":"El inicio de las obras, con una duraci\u00f3n de 1,5 meses, est\u00e1 previsto para esta semana","breadcrumb":{"@id":"https:\/\/www.laguiadepamplona.com\/actualidad\/adjudicadas-las-obras-de-ampliacion-de-la-acera-norte-de-la-calle-rio-queiles-dentro-del-acuerdo-marco-2024-2026-para-obras-de-rehabilitacion-de-espacios-publicos\/#breadcrumb"},"inLanguage":"es","potentialAction":[{"@type":"ReadAction","target":["https:\/\/www.laguiadepamplona.com\/actualidad\/adjudicadas-las-obras-de-ampliacion-de-la-acera-norte-de-la-calle-rio-queiles-dentro-del-acuerdo-marco-2024-2026-para-obras-de-rehabilitacion-de-espacios-publicos\/"]}]},{"@type":"ImageObject","inLanguage":"es","@id":"https:\/\/www.laguiadepamplona.com\/actualidad\/adjudicadas-las-obras-de-ampliacion-de-la-acera-norte-de-la-calle-rio-queiles-dentro-del-acuerdo-marco-2024-2026-para-obras-de-rehabilitacion-de-espacios-publicos\/#primaryimage","url":"https:\/\/www.laguiadepamplona.com\/actualidad\/wp-content\/uploads\/2024\/08\/renovacion-aceras.webp","contentUrl":"https:\/\/www.laguiadepamplona.com\/actualidad\/wp-content\/uploads\/2024\/08\/renovacion-aceras.webp","width":1000,"height":696,"caption":"renovaci\u00f3n aceras"},{"@type":"BreadcrumbList","@id":"https:\/\/www.laguiadepamplona.com\/actualidad\/adjudicadas-las-obras-de-ampliacion-de-la-acera-norte-de-la-calle-rio-queiles-dentro-del-acuerdo-marco-2024-2026-para-obras-de-rehabilitacion-de-espacios-publicos\/#breadcrumb","itemListElement":[{"@type":"ListItem","position":1,"name":"Portada","item":"https:\/\/www.laguiadepamplona.com\/actualidad\/"},{"@type":"ListItem","position":2,"name":"Adjudicadas las obras de ampliaci\u00f3n de la acera norte de la calle R\u00edo Queiles, dentro del acuerdo marco 2024-2026 para obras de rehabilitaci\u00f3n de espacios p\u00fablicos"}]},{"@type":"WebSite","@id":"https:\/\/www.laguiadepamplona.com\/actualidad\/#website","url":"https:\/\/www.laguiadepamplona.com\/actualidad\/","name":"La gu\u00eda de Pamplona","description":"Noticias de Pamplona","publisher":{"@id":"https:\/\/www.laguiadepamplona.com\/actualidad\/#organization"},"potentialAction":[{"@type":"SearchAction","target":{"@type":"EntryPoint","urlTemplate":"https:\/\/www.laguiadepamplona.com\/actualidad\/?s={search_term_string}"},"query-input":{"@type":"PropertyValueSpecification","valueRequired":true,"valueName":"search_term_string"}}],"inLanguage":"es"},{"@type":"Organization","@id":"https:\/\/www.laguiadepamplona.com\/actualidad\/#organization","name":"La Gu\u00eda de Pamplona \/ Noticias","url":"https:\/\/www.laguiadepamplona.com\/actualidad\/","logo":{"@type":"ImageObject","inLanguage":"es","@id":"https:\/\/www.laguiadepamplona.com\/actualidad\/#\/schema\/logo\/image\/","url":"https:\/\/www.laguiadepamplona.com\/actualidad\/wp-content\/uploads\/2018\/11\/logo-laguiadepamplona18-web1.png","contentUrl":"https:\/\/www.laguiadepamplona.com\/actualidad\/wp-content\/uploads\/2018\/11\/logo-laguiadepamplona18-web1.png","width":600,"height":196,"caption":"La Gu\u00eda de Pamplona \/ Noticias"},"image":{"@id":"https:\/\/www.laguiadepamplona.com\/actualidad\/#\/schema\/logo\/image\/"},"sameAs":["https:\/\/www.facebook.com\/laguiadepamplonacom-133175176762273\/?ref=hl","https:\/\/x.com\/LaGuiadPamplona","https:\/\/www.instagram.com\/la_guia_de_pamplona\/","https:\/\/www.youtube.com\/user\/laguiadepamplona"]},{"@type":"Person","@id":"https:\/\/www.laguiadepamplona.com\/actualidad\/#\/schema\/person\/efe887376f0213d4657c93adc50b1fdb","name":"La Gu\u00eda de Pamplona","image":{"@type":"ImageObject","inLanguage":"es","@id":"https:\/\/secure.gravatar.com\/avatar\/b6992f131dc8d30ab0dff15446e9d346d9dbd95992de0fef795073f5ea83a81c?s=96&d=mm&r=g","url":"https:\/\/secure.gravatar.com\/avatar\/b6992f131dc8d30ab0dff15446e9d346d9dbd95992de0fef795073f5ea83a81c?s=96&d=mm&r=g","contentUrl":"https:\/\/secure.gravatar.com\/avatar\/b6992f131dc8d30ab0dff15446e9d346d9dbd95992de0fef795073f5ea83a81c?s=96&d=mm&r=g","caption":"La Gu\u00eda de Pamplona"}}]}},"post_mailing_queue_ids":[],"_links":{"self":[{"href":"https:\/\/www.laguiadepamplona.com\/actualidad\/wp-json\/wp\/v2\/posts\/50441","targetHints":{"allow":["GET"]}}],"collection":[{"href":"https:\/\/www.laguiadepamplona.com\/actualidad\/wp-json\/wp\/v2\/posts"}],"about":[{"href":"https:\/\/www.laguiadepamplona.com\/actualidad\/wp-json\/wp\/v2\/types\/post"}],"author":[{"embeddable":true,"href":"https:\/\/www.laguiadepamplona.com\/actualidad\/wp-json\/wp\/v2\/users\/1"}],"replies":[{"embeddable":true,"href":"https:\/\/www.laguiadepamplona.com\/actualidad\/wp-json\/wp\/v2\/comments?post=50441"}],"version-history":[{"count":1,"href":"https:\/\/www.laguiadepamplona.com\/actualidad\/wp-json\/wp\/v2\/posts\/50441\/revisions"}],"predecessor-version":[{"id":50443,"href":"https:\/\/www.laguiadepamplona.com\/actualidad\/wp-json\/wp\/v2\/posts\/50441\/revisions\/50443"}],"wp:featuredmedia":[{"embeddable":true,"href":"https:\/\/www.laguiadepamplona.com\/actualidad\/wp-json\/wp\/v2\/media\/50442"}],"wp:attachment":[{"href":"https:\/\/www.laguiadepamplona.com\/actualidad\/wp-json\/wp\/v2\/media?parent=50441"}],"wp:term":[{"taxonomy":"category","embeddable":true,"href":"https:\/\/www.laguiadepamplona.com\/actualidad\/wp-json\/wp\/v2\/categories?post=50441"},{"taxonomy":"post_tag","embeddable":true,"href":"https:\/\/www.laguiadepamplona.com\/actualidad\/wp-json\/wp\/v2\/tags?post=50441"}],"curies":[{"name":"wp","href":"https:\/\/api.w.org\/{rel}","templated":true}]}}