{"id":50438,"date":"2024-08-07T17:07:44","date_gmt":"2024-08-07T15:07:44","guid":{"rendered":"https:\/\/www.laguiadepamplona.com\/actualidad\/?p=50438"},"modified":"2024-08-07T17:07:44","modified_gmt":"2024-08-07T15:07:44","slug":"la-diversidad-el-humor-y-el-respeto-se-combinan-en-ipurbeltz-espectaculo-de-teatro-y-circo-en-euskera-que-se-representa-este-jueves-en-el-patio-del-palacio-de-ezpeleta","status":"publish","type":"post","link":"https:\/\/www.laguiadepamplona.com\/actualidad\/la-diversidad-el-humor-y-el-respeto-se-combinan-en-ipurbeltz-espectaculo-de-teatro-y-circo-en-euskera-que-se-representa-este-jueves-en-el-patio-del-palacio-de-ezpeleta\/","title":{"rendered":"La diversidad, el humor y el respeto se combinan en \u2018Ipurbeltz\u2019, espect\u00e1culo de teatro y circo en euskera que se representa este jueves en el patio del Palacio de Ezpeleta"},"content":{"rendered":"<h2 class=\"x_2Subtitulo\">Artes de calle, Instalaciones y juegos, y Respirando m\u00fasica en familia son los tres ciclos gratuitos que integran el programa para p\u00fablico familiar<\/h2>\n<p class=\"x_MsoNormal\"><!--more--><\/p>\n<p class=\"x_3Texto\">El patio del Palacio de Ezpeleta acoge este jueves, a las 19.30, un nuevo espect\u00e1culo, dentro del ciclo de Artes de calle, dirigido a todos los p\u00fablicos y con entrada libre hasta completar aforo. El teatro y el circo en euskera son protagonistas, con la representaci\u00f3n de la obra \u2018Ipurbeltz\u2019, una historia sobre diversidad que llega de la mano de Producciones Ameztu. La entrada al teatro se realiza por la calle San Francisco.<\/p>\n<p class=\"x_3Texto\">\u2018Ipurbeltz. Zozoak beleari\u2019 cuenta los problemas de Zuhaitz y Arbi, que no entienden sus distintos puntos de vista sobre muchas cosas y se burlan uno del otro. Les toca trabajar juntos y los problemas iniciales dejan paso a un profundo aprendizaje, a trav\u00e9s del humor y el respeto, para dar cabida a todas las ideas y formas de ver el mundo.<\/p>\n<p class=\"x_3Texto\">El espect\u00e1culo es obras de Producciones Ameztu, compa\u00f1\u00eda creada en 2006, que atesora m\u00e1s de mil representaciones en teatros, calles y salas, y ha participado con numerosas ferias y festivales, como Fira de Tarrega, FETEN, Kaldearte, Kalerki o el Festival de humor de Araia.<\/p>\n<p class=\"x_3Texto\">El ciclo de Artes de calle se completa el jueves 22 de agosto con el espect\u00e1culo WC, una combinaci\u00f3n de teatro, circo y clown. El show es una comedia sin palabras para todos los p\u00fablicos, con im\u00e1genes imposibles y elementos sorpresivos y absurdos.<\/p>\n<p class=\"x_4Ladillo\"><strong>Programa familiar del Palacio de Ezpeleta<\/strong><\/p>\n<p class=\"x_3Texto\">Las artes de calle de los jueves integran uno de los tres programas gratuitos que ofrece el patio del Palacio de Ezpeleta en agosto, dedicados al p\u00fablico familiar, en la programaci\u00f3n de verano de la red Civivox. Los martes la propuesta son Instalaciones y juegos, que invitan a la participaci\u00f3n interactiva. La semana pr\u00f3xima se ofrecer\u00e1 la instalaci\u00f3n musical Orkestr\u00f2nia, para experimentar con instrumentos de creaci\u00f3n propia, y el martes 20 de agosto, La vuelta al mundo en 50 juegos, con propuestas de todo el mundo a tama\u00f1o gigante.<\/p>\n<p class=\"x_3Texto\">Los mi\u00e9rcoles el ciclo \u2018Respirando M\u00fasica en Familia\u2019 apuesta por la difusi\u00f3n musical. De las tres citas previstas, a\u00fan quedan un concierto de rock el pr\u00f3ximo 14 de agosto, Txiki Rock, que revisa cl\u00e1sicos de la m\u00fasica en euskera; y el ciclo lo cierra, el 21 de agosto, el concierto esc\u00e9nico para quinteto Ooh!, de La Fant\u00e1stica Banda, guiado por el asombro con canciones originales sobre textos de poetas actuales.<\/p>\n<div>\n<p class=\"x_5TituloApoyodedatos\" aria-hidden=\"true\">\n<h3 class=\"x_5TituloApoyodedatos\">Agosto en el patio del Palacio de Ezpeleta<\/h3>\n<\/div>\n<p class=\"x_6Textoapoyodatos\">\u00b7\u00a0\u00a0\u00a0\u00a0\u00a0\u00a0Artes de calle. 19.30 horas. Entrada libre hasta completar aforo<\/p>\n<p class=\"x_7texto2apoyodatos\">o\u00a0\u00a0\u00a0\u00a0Jueves 8 de agosto: Ipurbeltz. Teatro en euskera. Producciones Ameztu Produkzioak<\/p>\n<p class=\"x_7texto2apoyodatos\">o\u00a0\u00a0\u00a0\u00a0Jueves 22 de agosto: WC. Teatro, circo, clown. David Cebri\u00e1n<\/p>\n<p class=\"x_6Textoapoyodatos\">\u00b7\u00a0\u00a0\u00a0\u00a0\u00a0\u00a0Instalaciones y juegos. 18.00-21.00 horas. Entrada libre por orden de llegada<\/p>\n<p class=\"x_7texto2apoyodatos\">o\u00a0\u00a0\u00a0\u00a0Martes 13 de agosto: Orkestr\u00f2nia. Instalaci\u00f3n musical. C\u00eda La Cresta<\/p>\n<p class=\"x_7texto2apoyodatos\">o\u00a0\u00a0\u00a0\u00a0Martes 20 de agosto: La vuelta al mundo en 50 juegos. Instalaci\u00f3n de juegos. Ludiespai<\/p>\n<p class=\"x_6Textoapoyodatos\">\u00b7\u00a0\u00a0\u00a0\u00a0\u00a0\u00a0\u00a0Respirando m\u00fasica en familia. 18.00-21.00 horas. Entrada libre por orden de llegada<\/p>\n<p class=\"x_7texto2apoyodatos\">o\u00a0\u00a0\u00a0\u00a0Mi\u00e9rcoles 14 de agosto: Txiki Rock (euskera). Concierto de rock. Vitamin Producciones<\/p>\n<p class=\"x_7texto2apoyodatos\">o\u00a0\u00a0\u00a0\u00a0Mi\u00e9rcoles 21 de agosto: Ooh! Concierto esc\u00e9nico para quinteto. La Fant\u00e1stica Banda<\/p>\n","protected":false},"excerpt":{"rendered":"<p>Artes de calle, Instalaciones y juegos, y Respirando m\u00fasica en familia son los tres ciclos gratuitos que integran el programa para p\u00fablico familiar<\/p>\n","protected":false},"author":1,"featured_media":50439,"comment_status":"open","ping_status":"closed","sticky":false,"template":"","format":"standard","meta":{"footnotes":""},"categories":[2],"tags":[],"class_list":["post-50438","post","type-post","status-publish","format-standard","has-post-thumbnail","hentry","category-ayuntamiento-pamplona"],"yoast_head":"<!-- This site is optimized with the Yoast SEO plugin v27.5 - https:\/\/yoast.com\/product\/yoast-seo-wordpress\/ -->\n<title>La diversidad, el humor y el respeto se combinan en \u2018Ipurbeltz\u2019, espect\u00e1culo de teatro y circo en euskera que se representa este jueves en el patio del Palacio de Ezpeleta<\/title>\n<meta name=\"description\" content=\"Artes de calle, Instalaciones y juegos, y Respirando m\u00fasica en familia son los tres ciclos gratuitos que integran el programa para p\u00fablico familiar\" \/>\n<meta name=\"robots\" content=\"index, follow, max-snippet:-1, max-image-preview:large, max-video-preview:-1\" \/>\n<link rel=\"canonical\" href=\"https:\/\/www.laguiadepamplona.com\/actualidad\/la-diversidad-el-humor-y-el-respeto-se-combinan-en-ipurbeltz-espectaculo-de-teatro-y-circo-en-euskera-que-se-representa-este-jueves-en-el-patio-del-palacio-de-ezpeleta\/\" \/>\n<meta property=\"og:locale\" content=\"es_ES\" \/>\n<meta property=\"og:type\" content=\"article\" \/>\n<meta property=\"og:title\" content=\"La diversidad, el humor y el respeto se combinan en \u2018Ipurbeltz\u2019, espect\u00e1culo de teatro y circo en euskera que se representa este jueves en el patio del Palacio de Ezpeleta\" \/>\n<meta property=\"og:description\" content=\"Artes de calle, Instalaciones y juegos, y Respirando m\u00fasica en familia son los tres ciclos gratuitos que integran el programa para p\u00fablico familiar\" \/>\n<meta property=\"og:url\" content=\"https:\/\/www.laguiadepamplona.com\/actualidad\/la-diversidad-el-humor-y-el-respeto-se-combinan-en-ipurbeltz-espectaculo-de-teatro-y-circo-en-euskera-que-se-representa-este-jueves-en-el-patio-del-palacio-de-ezpeleta\/\" \/>\n<meta property=\"og:site_name\" content=\"La Gu\u00eda de Pamplona\" \/>\n<meta property=\"article:publisher\" content=\"https:\/\/www.facebook.com\/laguiadepamplonacom-133175176762273\/?ref=hl\" \/>\n<meta property=\"article:published_time\" content=\"2024-08-07T15:07:44+00:00\" \/>\n<meta property=\"og:image\" content=\"https:\/\/www.laguiadepamplona.com\/actualidad\/wp-content\/uploads\/2024\/08\/actividades-espeleta_0.webp\" \/>\n\t<meta property=\"og:image:width\" content=\"1000\" \/>\n\t<meta property=\"og:image:height\" content=\"554\" \/>\n\t<meta property=\"og:image:type\" content=\"image\/webp\" \/>\n<meta name=\"author\" content=\"La Gu\u00eda de Pamplona\" \/>\n<meta name=\"twitter:card\" content=\"summary_large_image\" \/>\n<meta name=\"twitter:creator\" content=\"@LaGuiadPamplona\" \/>\n<meta name=\"twitter:site\" content=\"@LaGuiadPamplona\" \/>\n<meta name=\"twitter:label1\" content=\"Escrito por\" \/>\n\t<meta name=\"twitter:data1\" content=\"La Gu\u00eda de Pamplona\" \/>\n\t<meta name=\"twitter:label2\" content=\"Tiempo de lectura\" \/>\n\t<meta name=\"twitter:data2\" content=\"3 minutos\" \/>\n<script type=\"application\/ld+json\" class=\"yoast-schema-graph\">{\"@context\":\"https:\\\/\\\/schema.org\",\"@graph\":[{\"@type\":\"Article\",\"@id\":\"https:\\\/\\\/www.laguiadepamplona.com\\\/actualidad\\\/la-diversidad-el-humor-y-el-respeto-se-combinan-en-ipurbeltz-espectaculo-de-teatro-y-circo-en-euskera-que-se-representa-este-jueves-en-el-patio-del-palacio-de-ezpeleta\\\/#article\",\"isPartOf\":{\"@id\":\"https:\\\/\\\/www.laguiadepamplona.com\\\/actualidad\\\/la-diversidad-el-humor-y-el-respeto-se-combinan-en-ipurbeltz-espectaculo-de-teatro-y-circo-en-euskera-que-se-representa-este-jueves-en-el-patio-del-palacio-de-ezpeleta\\\/\"},\"author\":{\"name\":\"La Gu\u00eda de Pamplona\",\"@id\":\"https:\\\/\\\/www.laguiadepamplona.com\\\/actualidad\\\/#\\\/schema\\\/person\\\/efe887376f0213d4657c93adc50b1fdb\"},\"headline\":\"La diversidad, el humor y el respeto se combinan en \u2018Ipurbeltz\u2019, espect\u00e1culo de teatro y circo en euskera que se representa este jueves en el patio del Palacio de Ezpeleta\",\"datePublished\":\"2024-08-07T15:07:44+00:00\",\"mainEntityOfPage\":{\"@id\":\"https:\\\/\\\/www.laguiadepamplona.com\\\/actualidad\\\/la-diversidad-el-humor-y-el-respeto-se-combinan-en-ipurbeltz-espectaculo-de-teatro-y-circo-en-euskera-que-se-representa-este-jueves-en-el-patio-del-palacio-de-ezpeleta\\\/\"},\"wordCount\":582,\"commentCount\":0,\"publisher\":{\"@id\":\"https:\\\/\\\/www.laguiadepamplona.com\\\/actualidad\\\/#organization\"},\"image\":{\"@id\":\"https:\\\/\\\/www.laguiadepamplona.com\\\/actualidad\\\/la-diversidad-el-humor-y-el-respeto-se-combinan-en-ipurbeltz-espectaculo-de-teatro-y-circo-en-euskera-que-se-representa-este-jueves-en-el-patio-del-palacio-de-ezpeleta\\\/#primaryimage\"},\"thumbnailUrl\":\"https:\\\/\\\/www.laguiadepamplona.com\\\/actualidad\\\/wp-content\\\/uploads\\\/2024\\\/08\\\/actividades-espeleta_0.webp\",\"articleSection\":[\"Ayto Pamplona\"],\"inLanguage\":\"es\",\"potentialAction\":[{\"@type\":\"CommentAction\",\"name\":\"Comment\",\"target\":[\"https:\\\/\\\/www.laguiadepamplona.com\\\/actualidad\\\/la-diversidad-el-humor-y-el-respeto-se-combinan-en-ipurbeltz-espectaculo-de-teatro-y-circo-en-euskera-que-se-representa-este-jueves-en-el-patio-del-palacio-de-ezpeleta\\\/#respond\"]}]},{\"@type\":\"WebPage\",\"@id\":\"https:\\\/\\\/www.laguiadepamplona.com\\\/actualidad\\\/la-diversidad-el-humor-y-el-respeto-se-combinan-en-ipurbeltz-espectaculo-de-teatro-y-circo-en-euskera-que-se-representa-este-jueves-en-el-patio-del-palacio-de-ezpeleta\\\/\",\"url\":\"https:\\\/\\\/www.laguiadepamplona.com\\\/actualidad\\\/la-diversidad-el-humor-y-el-respeto-se-combinan-en-ipurbeltz-espectaculo-de-teatro-y-circo-en-euskera-que-se-representa-este-jueves-en-el-patio-del-palacio-de-ezpeleta\\\/\",\"name\":\"La diversidad, el humor y el respeto se combinan en \u2018Ipurbeltz\u2019, espect\u00e1culo de teatro y circo en euskera que se representa este jueves en el patio del Palacio de Ezpeleta\",\"isPartOf\":{\"@id\":\"https:\\\/\\\/www.laguiadepamplona.com\\\/actualidad\\\/#website\"},\"primaryImageOfPage\":{\"@id\":\"https:\\\/\\\/www.laguiadepamplona.com\\\/actualidad\\\/la-diversidad-el-humor-y-el-respeto-se-combinan-en-ipurbeltz-espectaculo-de-teatro-y-circo-en-euskera-que-se-representa-este-jueves-en-el-patio-del-palacio-de-ezpeleta\\\/#primaryimage\"},\"image\":{\"@id\":\"https:\\\/\\\/www.laguiadepamplona.com\\\/actualidad\\\/la-diversidad-el-humor-y-el-respeto-se-combinan-en-ipurbeltz-espectaculo-de-teatro-y-circo-en-euskera-que-se-representa-este-jueves-en-el-patio-del-palacio-de-ezpeleta\\\/#primaryimage\"},\"thumbnailUrl\":\"https:\\\/\\\/www.laguiadepamplona.com\\\/actualidad\\\/wp-content\\\/uploads\\\/2024\\\/08\\\/actividades-espeleta_0.webp\",\"datePublished\":\"2024-08-07T15:07:44+00:00\",\"description\":\"Artes de calle, Instalaciones y juegos, y Respirando m\u00fasica en familia son los tres ciclos gratuitos que integran el programa para p\u00fablico familiar\",\"breadcrumb\":{\"@id\":\"https:\\\/\\\/www.laguiadepamplona.com\\\/actualidad\\\/la-diversidad-el-humor-y-el-respeto-se-combinan-en-ipurbeltz-espectaculo-de-teatro-y-circo-en-euskera-que-se-representa-este-jueves-en-el-patio-del-palacio-de-ezpeleta\\\/#breadcrumb\"},\"inLanguage\":\"es\",\"potentialAction\":[{\"@type\":\"ReadAction\",\"target\":[\"https:\\\/\\\/www.laguiadepamplona.com\\\/actualidad\\\/la-diversidad-el-humor-y-el-respeto-se-combinan-en-ipurbeltz-espectaculo-de-teatro-y-circo-en-euskera-que-se-representa-este-jueves-en-el-patio-del-palacio-de-ezpeleta\\\/\"]}]},{\"@type\":\"ImageObject\",\"inLanguage\":\"es\",\"@id\":\"https:\\\/\\\/www.laguiadepamplona.com\\\/actualidad\\\/la-diversidad-el-humor-y-el-respeto-se-combinan-en-ipurbeltz-espectaculo-de-teatro-y-circo-en-euskera-que-se-representa-este-jueves-en-el-patio-del-palacio-de-ezpeleta\\\/#primaryimage\",\"url\":\"https:\\\/\\\/www.laguiadepamplona.com\\\/actualidad\\\/wp-content\\\/uploads\\\/2024\\\/08\\\/actividades-espeleta_0.webp\",\"contentUrl\":\"https:\\\/\\\/www.laguiadepamplona.com\\\/actualidad\\\/wp-content\\\/uploads\\\/2024\\\/08\\\/actividades-espeleta_0.webp\",\"width\":1000,\"height\":554,\"caption\":\"actividades espeleta\"},{\"@type\":\"BreadcrumbList\",\"@id\":\"https:\\\/\\\/www.laguiadepamplona.com\\\/actualidad\\\/la-diversidad-el-humor-y-el-respeto-se-combinan-en-ipurbeltz-espectaculo-de-teatro-y-circo-en-euskera-que-se-representa-este-jueves-en-el-patio-del-palacio-de-ezpeleta\\\/#breadcrumb\",\"itemListElement\":[{\"@type\":\"ListItem\",\"position\":1,\"name\":\"Portada\",\"item\":\"https:\\\/\\\/www.laguiadepamplona.com\\\/actualidad\\\/\"},{\"@type\":\"ListItem\",\"position\":2,\"name\":\"La diversidad, el humor y el respeto se combinan en \u2018Ipurbeltz\u2019, espect\u00e1culo de teatro y circo en euskera que se representa este jueves en el patio del Palacio de Ezpeleta\"}]},{\"@type\":\"WebSite\",\"@id\":\"https:\\\/\\\/www.laguiadepamplona.com\\\/actualidad\\\/#website\",\"url\":\"https:\\\/\\\/www.laguiadepamplona.com\\\/actualidad\\\/\",\"name\":\"La gu\u00eda de Pamplona\",\"description\":\"Noticias de Pamplona\",\"publisher\":{\"@id\":\"https:\\\/\\\/www.laguiadepamplona.com\\\/actualidad\\\/#organization\"},\"potentialAction\":[{\"@type\":\"SearchAction\",\"target\":{\"@type\":\"EntryPoint\",\"urlTemplate\":\"https:\\\/\\\/www.laguiadepamplona.com\\\/actualidad\\\/?s={search_term_string}\"},\"query-input\":{\"@type\":\"PropertyValueSpecification\",\"valueRequired\":true,\"valueName\":\"search_term_string\"}}],\"inLanguage\":\"es\"},{\"@type\":\"Organization\",\"@id\":\"https:\\\/\\\/www.laguiadepamplona.com\\\/actualidad\\\/#organization\",\"name\":\"La Gu\u00eda de Pamplona \\\/ Noticias\",\"url\":\"https:\\\/\\\/www.laguiadepamplona.com\\\/actualidad\\\/\",\"logo\":{\"@type\":\"ImageObject\",\"inLanguage\":\"es\",\"@id\":\"https:\\\/\\\/www.laguiadepamplona.com\\\/actualidad\\\/#\\\/schema\\\/logo\\\/image\\\/\",\"url\":\"https:\\\/\\\/www.laguiadepamplona.com\\\/actualidad\\\/wp-content\\\/uploads\\\/2018\\\/11\\\/logo-laguiadepamplona18-web1.png\",\"contentUrl\":\"https:\\\/\\\/www.laguiadepamplona.com\\\/actualidad\\\/wp-content\\\/uploads\\\/2018\\\/11\\\/logo-laguiadepamplona18-web1.png\",\"width\":600,\"height\":196,\"caption\":\"La Gu\u00eda de Pamplona \\\/ Noticias\"},\"image\":{\"@id\":\"https:\\\/\\\/www.laguiadepamplona.com\\\/actualidad\\\/#\\\/schema\\\/logo\\\/image\\\/\"},\"sameAs\":[\"https:\\\/\\\/www.facebook.com\\\/laguiadepamplonacom-133175176762273\\\/?ref=hl\",\"https:\\\/\\\/x.com\\\/LaGuiadPamplona\",\"https:\\\/\\\/www.instagram.com\\\/la_guia_de_pamplona\\\/\",\"https:\\\/\\\/www.youtube.com\\\/user\\\/laguiadepamplona\"]},{\"@type\":\"Person\",\"@id\":\"https:\\\/\\\/www.laguiadepamplona.com\\\/actualidad\\\/#\\\/schema\\\/person\\\/efe887376f0213d4657c93adc50b1fdb\",\"name\":\"La Gu\u00eda de Pamplona\",\"image\":{\"@type\":\"ImageObject\",\"inLanguage\":\"es\",\"@id\":\"https:\\\/\\\/secure.gravatar.com\\\/avatar\\\/b6992f131dc8d30ab0dff15446e9d346d9dbd95992de0fef795073f5ea83a81c?s=96&d=mm&r=g\",\"url\":\"https:\\\/\\\/secure.gravatar.com\\\/avatar\\\/b6992f131dc8d30ab0dff15446e9d346d9dbd95992de0fef795073f5ea83a81c?s=96&d=mm&r=g\",\"contentUrl\":\"https:\\\/\\\/secure.gravatar.com\\\/avatar\\\/b6992f131dc8d30ab0dff15446e9d346d9dbd95992de0fef795073f5ea83a81c?s=96&d=mm&r=g\",\"caption\":\"La Gu\u00eda de Pamplona\"}}]}<\/script>\n<!-- \/ Yoast SEO plugin. -->","yoast_head_json":{"title":"La diversidad, el humor y el respeto se combinan en \u2018Ipurbeltz\u2019, espect\u00e1culo de teatro y circo en euskera que se representa este jueves en el patio del Palacio de Ezpeleta","description":"Artes de calle, Instalaciones y juegos, y Respirando m\u00fasica en familia son los tres ciclos gratuitos que integran el programa para p\u00fablico familiar","robots":{"index":"index","follow":"follow","max-snippet":"max-snippet:-1","max-image-preview":"max-image-preview:large","max-video-preview":"max-video-preview:-1"},"canonical":"https:\/\/www.laguiadepamplona.com\/actualidad\/la-diversidad-el-humor-y-el-respeto-se-combinan-en-ipurbeltz-espectaculo-de-teatro-y-circo-en-euskera-que-se-representa-este-jueves-en-el-patio-del-palacio-de-ezpeleta\/","og_locale":"es_ES","og_type":"article","og_title":"La diversidad, el humor y el respeto se combinan en \u2018Ipurbeltz\u2019, espect\u00e1culo de teatro y circo en euskera que se representa este jueves en el patio del Palacio de Ezpeleta","og_description":"Artes de calle, Instalaciones y juegos, y Respirando m\u00fasica en familia son los tres ciclos gratuitos que integran el programa para p\u00fablico familiar","og_url":"https:\/\/www.laguiadepamplona.com\/actualidad\/la-diversidad-el-humor-y-el-respeto-se-combinan-en-ipurbeltz-espectaculo-de-teatro-y-circo-en-euskera-que-se-representa-este-jueves-en-el-patio-del-palacio-de-ezpeleta\/","og_site_name":"La Gu\u00eda de Pamplona","article_publisher":"https:\/\/www.facebook.com\/laguiadepamplonacom-133175176762273\/?ref=hl","article_published_time":"2024-08-07T15:07:44+00:00","og_image":[{"width":1000,"height":554,"url":"https:\/\/www.laguiadepamplona.com\/actualidad\/wp-content\/uploads\/2024\/08\/actividades-espeleta_0.webp","type":"image\/webp"}],"author":"La Gu\u00eda de Pamplona","twitter_card":"summary_large_image","twitter_creator":"@LaGuiadPamplona","twitter_site":"@LaGuiadPamplona","twitter_misc":{"Escrito por":"La Gu\u00eda de Pamplona","Tiempo de lectura":"3 minutos"},"schema":{"@context":"https:\/\/schema.org","@graph":[{"@type":"Article","@id":"https:\/\/www.laguiadepamplona.com\/actualidad\/la-diversidad-el-humor-y-el-respeto-se-combinan-en-ipurbeltz-espectaculo-de-teatro-y-circo-en-euskera-que-se-representa-este-jueves-en-el-patio-del-palacio-de-ezpeleta\/#article","isPartOf":{"@id":"https:\/\/www.laguiadepamplona.com\/actualidad\/la-diversidad-el-humor-y-el-respeto-se-combinan-en-ipurbeltz-espectaculo-de-teatro-y-circo-en-euskera-que-se-representa-este-jueves-en-el-patio-del-palacio-de-ezpeleta\/"},"author":{"name":"La Gu\u00eda de Pamplona","@id":"https:\/\/www.laguiadepamplona.com\/actualidad\/#\/schema\/person\/efe887376f0213d4657c93adc50b1fdb"},"headline":"La diversidad, el humor y el respeto se combinan en \u2018Ipurbeltz\u2019, espect\u00e1culo de teatro y circo en euskera que se representa este jueves en el patio del Palacio de Ezpeleta","datePublished":"2024-08-07T15:07:44+00:00","mainEntityOfPage":{"@id":"https:\/\/www.laguiadepamplona.com\/actualidad\/la-diversidad-el-humor-y-el-respeto-se-combinan-en-ipurbeltz-espectaculo-de-teatro-y-circo-en-euskera-que-se-representa-este-jueves-en-el-patio-del-palacio-de-ezpeleta\/"},"wordCount":582,"commentCount":0,"publisher":{"@id":"https:\/\/www.laguiadepamplona.com\/actualidad\/#organization"},"image":{"@id":"https:\/\/www.laguiadepamplona.com\/actualidad\/la-diversidad-el-humor-y-el-respeto-se-combinan-en-ipurbeltz-espectaculo-de-teatro-y-circo-en-euskera-que-se-representa-este-jueves-en-el-patio-del-palacio-de-ezpeleta\/#primaryimage"},"thumbnailUrl":"https:\/\/www.laguiadepamplona.com\/actualidad\/wp-content\/uploads\/2024\/08\/actividades-espeleta_0.webp","articleSection":["Ayto Pamplona"],"inLanguage":"es","potentialAction":[{"@type":"CommentAction","name":"Comment","target":["https:\/\/www.laguiadepamplona.com\/actualidad\/la-diversidad-el-humor-y-el-respeto-se-combinan-en-ipurbeltz-espectaculo-de-teatro-y-circo-en-euskera-que-se-representa-este-jueves-en-el-patio-del-palacio-de-ezpeleta\/#respond"]}]},{"@type":"WebPage","@id":"https:\/\/www.laguiadepamplona.com\/actualidad\/la-diversidad-el-humor-y-el-respeto-se-combinan-en-ipurbeltz-espectaculo-de-teatro-y-circo-en-euskera-que-se-representa-este-jueves-en-el-patio-del-palacio-de-ezpeleta\/","url":"https:\/\/www.laguiadepamplona.com\/actualidad\/la-diversidad-el-humor-y-el-respeto-se-combinan-en-ipurbeltz-espectaculo-de-teatro-y-circo-en-euskera-que-se-representa-este-jueves-en-el-patio-del-palacio-de-ezpeleta\/","name":"La diversidad, el humor y el respeto se combinan en \u2018Ipurbeltz\u2019, espect\u00e1culo de teatro y circo en euskera que se representa este jueves en el patio del Palacio de Ezpeleta","isPartOf":{"@id":"https:\/\/www.laguiadepamplona.com\/actualidad\/#website"},"primaryImageOfPage":{"@id":"https:\/\/www.laguiadepamplona.com\/actualidad\/la-diversidad-el-humor-y-el-respeto-se-combinan-en-ipurbeltz-espectaculo-de-teatro-y-circo-en-euskera-que-se-representa-este-jueves-en-el-patio-del-palacio-de-ezpeleta\/#primaryimage"},"image":{"@id":"https:\/\/www.laguiadepamplona.com\/actualidad\/la-diversidad-el-humor-y-el-respeto-se-combinan-en-ipurbeltz-espectaculo-de-teatro-y-circo-en-euskera-que-se-representa-este-jueves-en-el-patio-del-palacio-de-ezpeleta\/#primaryimage"},"thumbnailUrl":"https:\/\/www.laguiadepamplona.com\/actualidad\/wp-content\/uploads\/2024\/08\/actividades-espeleta_0.webp","datePublished":"2024-08-07T15:07:44+00:00","description":"Artes de calle, Instalaciones y juegos, y Respirando m\u00fasica en familia son los tres ciclos gratuitos que integran el programa para p\u00fablico familiar","breadcrumb":{"@id":"https:\/\/www.laguiadepamplona.com\/actualidad\/la-diversidad-el-humor-y-el-respeto-se-combinan-en-ipurbeltz-espectaculo-de-teatro-y-circo-en-euskera-que-se-representa-este-jueves-en-el-patio-del-palacio-de-ezpeleta\/#breadcrumb"},"inLanguage":"es","potentialAction":[{"@type":"ReadAction","target":["https:\/\/www.laguiadepamplona.com\/actualidad\/la-diversidad-el-humor-y-el-respeto-se-combinan-en-ipurbeltz-espectaculo-de-teatro-y-circo-en-euskera-que-se-representa-este-jueves-en-el-patio-del-palacio-de-ezpeleta\/"]}]},{"@type":"ImageObject","inLanguage":"es","@id":"https:\/\/www.laguiadepamplona.com\/actualidad\/la-diversidad-el-humor-y-el-respeto-se-combinan-en-ipurbeltz-espectaculo-de-teatro-y-circo-en-euskera-que-se-representa-este-jueves-en-el-patio-del-palacio-de-ezpeleta\/#primaryimage","url":"https:\/\/www.laguiadepamplona.com\/actualidad\/wp-content\/uploads\/2024\/08\/actividades-espeleta_0.webp","contentUrl":"https:\/\/www.laguiadepamplona.com\/actualidad\/wp-content\/uploads\/2024\/08\/actividades-espeleta_0.webp","width":1000,"height":554,"caption":"actividades espeleta"},{"@type":"BreadcrumbList","@id":"https:\/\/www.laguiadepamplona.com\/actualidad\/la-diversidad-el-humor-y-el-respeto-se-combinan-en-ipurbeltz-espectaculo-de-teatro-y-circo-en-euskera-que-se-representa-este-jueves-en-el-patio-del-palacio-de-ezpeleta\/#breadcrumb","itemListElement":[{"@type":"ListItem","position":1,"name":"Portada","item":"https:\/\/www.laguiadepamplona.com\/actualidad\/"},{"@type":"ListItem","position":2,"name":"La diversidad, el humor y el respeto se combinan en \u2018Ipurbeltz\u2019, espect\u00e1culo de teatro y circo en euskera que se representa este jueves en el patio del Palacio de Ezpeleta"}]},{"@type":"WebSite","@id":"https:\/\/www.laguiadepamplona.com\/actualidad\/#website","url":"https:\/\/www.laguiadepamplona.com\/actualidad\/","name":"La gu\u00eda de Pamplona","description":"Noticias de Pamplona","publisher":{"@id":"https:\/\/www.laguiadepamplona.com\/actualidad\/#organization"},"potentialAction":[{"@type":"SearchAction","target":{"@type":"EntryPoint","urlTemplate":"https:\/\/www.laguiadepamplona.com\/actualidad\/?s={search_term_string}"},"query-input":{"@type":"PropertyValueSpecification","valueRequired":true,"valueName":"search_term_string"}}],"inLanguage":"es"},{"@type":"Organization","@id":"https:\/\/www.laguiadepamplona.com\/actualidad\/#organization","name":"La Gu\u00eda de Pamplona \/ Noticias","url":"https:\/\/www.laguiadepamplona.com\/actualidad\/","logo":{"@type":"ImageObject","inLanguage":"es","@id":"https:\/\/www.laguiadepamplona.com\/actualidad\/#\/schema\/logo\/image\/","url":"https:\/\/www.laguiadepamplona.com\/actualidad\/wp-content\/uploads\/2018\/11\/logo-laguiadepamplona18-web1.png","contentUrl":"https:\/\/www.laguiadepamplona.com\/actualidad\/wp-content\/uploads\/2018\/11\/logo-laguiadepamplona18-web1.png","width":600,"height":196,"caption":"La Gu\u00eda de Pamplona \/ Noticias"},"image":{"@id":"https:\/\/www.laguiadepamplona.com\/actualidad\/#\/schema\/logo\/image\/"},"sameAs":["https:\/\/www.facebook.com\/laguiadepamplonacom-133175176762273\/?ref=hl","https:\/\/x.com\/LaGuiadPamplona","https:\/\/www.instagram.com\/la_guia_de_pamplona\/","https:\/\/www.youtube.com\/user\/laguiadepamplona"]},{"@type":"Person","@id":"https:\/\/www.laguiadepamplona.com\/actualidad\/#\/schema\/person\/efe887376f0213d4657c93adc50b1fdb","name":"La Gu\u00eda de Pamplona","image":{"@type":"ImageObject","inLanguage":"es","@id":"https:\/\/secure.gravatar.com\/avatar\/b6992f131dc8d30ab0dff15446e9d346d9dbd95992de0fef795073f5ea83a81c?s=96&d=mm&r=g","url":"https:\/\/secure.gravatar.com\/avatar\/b6992f131dc8d30ab0dff15446e9d346d9dbd95992de0fef795073f5ea83a81c?s=96&d=mm&r=g","contentUrl":"https:\/\/secure.gravatar.com\/avatar\/b6992f131dc8d30ab0dff15446e9d346d9dbd95992de0fef795073f5ea83a81c?s=96&d=mm&r=g","caption":"La Gu\u00eda de Pamplona"}}]}},"post_mailing_queue_ids":[],"_links":{"self":[{"href":"https:\/\/www.laguiadepamplona.com\/actualidad\/wp-json\/wp\/v2\/posts\/50438","targetHints":{"allow":["GET"]}}],"collection":[{"href":"https:\/\/www.laguiadepamplona.com\/actualidad\/wp-json\/wp\/v2\/posts"}],"about":[{"href":"https:\/\/www.laguiadepamplona.com\/actualidad\/wp-json\/wp\/v2\/types\/post"}],"author":[{"embeddable":true,"href":"https:\/\/www.laguiadepamplona.com\/actualidad\/wp-json\/wp\/v2\/users\/1"}],"replies":[{"embeddable":true,"href":"https:\/\/www.laguiadepamplona.com\/actualidad\/wp-json\/wp\/v2\/comments?post=50438"}],"version-history":[{"count":1,"href":"https:\/\/www.laguiadepamplona.com\/actualidad\/wp-json\/wp\/v2\/posts\/50438\/revisions"}],"predecessor-version":[{"id":50440,"href":"https:\/\/www.laguiadepamplona.com\/actualidad\/wp-json\/wp\/v2\/posts\/50438\/revisions\/50440"}],"wp:featuredmedia":[{"embeddable":true,"href":"https:\/\/www.laguiadepamplona.com\/actualidad\/wp-json\/wp\/v2\/media\/50439"}],"wp:attachment":[{"href":"https:\/\/www.laguiadepamplona.com\/actualidad\/wp-json\/wp\/v2\/media?parent=50438"}],"wp:term":[{"taxonomy":"category","embeddable":true,"href":"https:\/\/www.laguiadepamplona.com\/actualidad\/wp-json\/wp\/v2\/categories?post=50438"},{"taxonomy":"post_tag","embeddable":true,"href":"https:\/\/www.laguiadepamplona.com\/actualidad\/wp-json\/wp\/v2\/tags?post=50438"}],"curies":[{"name":"wp","href":"https:\/\/api.w.org\/{rel}","templated":true}]}}