{"id":50435,"date":"2024-08-06T19:07:34","date_gmt":"2024-08-06T17:07:34","guid":{"rendered":"https:\/\/www.laguiadepamplona.com\/actualidad\/?p=50435"},"modified":"2024-08-06T19:07:34","modified_gmt":"2024-08-06T17:07:34","slug":"la-calle-bosquecillo-acoge-este-miercoles-el-concierto-del-grupo-de-rock-en-euskera-nx-de-la-mano-de-terminal-dentro-del-ciclo-de-salas-de-musica-en-la-calle","status":"publish","type":"post","link":"https:\/\/www.laguiadepamplona.com\/actualidad\/la-calle-bosquecillo-acoge-este-miercoles-el-concierto-del-grupo-de-rock-en-euskera-nx-de-la-mano-de-terminal-dentro-del-ciclo-de-salas-de-musica-en-la-calle\/","title":{"rendered":"La calle Bosquecillo acoge este mi\u00e9rcoles el concierto del grupo de rock en euskera NX, de la mano de Terminal, dentro del ciclo de \u2018Salas de M\u00fasica en la Calle\u2019"},"content":{"rendered":"<h2 class=\"x_2Subtitulo\">La actuaci\u00f3n, a partir de las 20 horas en el espacio peatonal entre el Bosquecillo y el parque de la Taconera, es gratuita<\/h2>\n<p class=\"x_MsoNormal\"><!--more--><\/p>\n<p class=\"x_3Texto\">La calle Bosquecillo acoge este mi\u00e9rcoles un nuevo concierto del ciclo \u2018Salas de M\u00fasica en la Calle\u2019, organizado por el Ayuntamiento de Pamplona. A partir de las 20 horas y con entrada gratuita, act\u00faa el grupo de rock, punk y metal en euskera NX, que llega de la mano de la sala Terminal. El escenario se ubica en el espacio peatonal entre Bosquecillo y Taconera, y cuenta con servicio de hosteler\u00eda.<\/p>\n<p class=\"x_3Texto\">El grupo NX, que se encuentra preparando su pr\u00f3ximo \u00e1lbum, propone un directo din\u00e1mico y participativo, entregado al p\u00fablico, con temas frescos dentro de su l\u00ednea principal de rock en euskera, sin perder de vista el punk y el metal. Integran la formaci\u00f3n la voz de Itzi, Jes\u00fas a la bater\u00eda, Carlos con la guitarra y Pedro al bajo. Para conocer m\u00e1s sobre el grupo, se pueden consultar los siguientes enlaces:\u00a0<a href=\"https:\/\/www.instagram.com\/nxtaldea\/\" target=\"_blank\" rel=\"noopener\" data-auth=\"NotApplicable\" data-linkindex=\"1\">Instagram<\/a>,\u00a0<a href=\"https:\/\/www.youtube.com\/nxtaldea\" target=\"_blank\" rel=\"noopener\" data-auth=\"NotApplicable\" data-linkindex=\"2\">Youtube<\/a>\u00a0y\u00a0<a href=\"https:\/\/open.spotify.com\/album\/2dVIKJsXnNmmuuOesLaLQP\" target=\"_blank\" rel=\"noopener\" data-auth=\"NotApplicable\" data-linkindex=\"3\">Spotify<\/a>.<\/p>\n<p class=\"x_3Texto\">El programa \u2018Salas de M\u00fasica en la Calle\u2019 apuesta por apoyar a las salas de peque\u00f1o y gran aforo de la ciudad,\u00a0dando visibilidad a su difusi\u00f3n de m\u00fasica de todos los estilos y procedencias, y su implicaci\u00f3n en la promoci\u00f3n e identificaci\u00f3n de talento musical. En el programa participan las salas pamplonesas Garazi, Toki Leza, Zentral, Terminal, Txintxarri, Krawill y Canalla.<\/p>\n<p class=\"x_3Texto\">El pr\u00f3ximo concierto del ciclo, el mi\u00e9rcoles 14 de agosto, corresponde a Airu, que llega de la mano de la sala Zentral.<\/p>\n<p class=\"x_6Textoapoyodatos\" aria-hidden=\"true\">\n<div>\n<h3 class=\"x_5TituloApoyodedatos\">Salas de M\u00fasica en la Calle. Programaci\u00f3n Bosquecillo<\/h3>\n<\/div>\n<p class=\"x_6Textoapoyodatos\">\u00b7\u00a0\u00a0\u00a0\u00a0\u00a0\u00a0En Pamplona. Calle Bosquecillo, a las 20 horas:<\/p>\n<p class=\"x_7texto2apoyodatos\">o\u00a0\u00a0\u00a0\u00a0Mi\u00e9rcoles 7 de agosto. Concierto de \u2018<span lang=\"EN-US\">NX\u2019, de la mano de Terminal<\/span><\/p>\n<p class=\"x_7texto2apoyodatos\">o\u00a0\u00a0\u00a0\u00a0Mi\u00e9rcoles 14 de agosto. Concierto de \u2018Airu\u2019, de la mano de Zentral<\/p>\n<p class=\"x_7texto2apoyodatos\">o\u00a0\u00a0\u00a0\u00a0Mi\u00e9rcoles 21 de agosto. Concierto de \u2018No Sanctuary\u2019, de la mano de Krawill<\/p>\n<p class=\"x_7texto2apoyodatos\">o\u00a0\u00a0\u00a0\u00a0Mi\u00e9rcoles 4 de septiembre. Concierto de \u2018<span lang=\"EN-US\">Mourn\u2019, de la mano de\u00a0<\/span>Txintxarri<\/p>\n<p class=\"x_7texto2apoyodatos\">o\u00a0\u00a0\u00a0\u00a0Mi\u00e9rcoles 11 de septiembre. Concierto de \u2018The Parrockos\u2019, de la mano de Toki Leza<\/p>\n<p class=\"x_7texto2apoyodatos\">o\u00a0\u00a0\u00a0\u00a0Mi\u00e9rcoles 18 de septiembre. Concierto de \u2018Ezpalak\u2019, de la mano de Canalla<\/p>\n","protected":false},"excerpt":{"rendered":"<p>La actuaci\u00f3n, a partir de las 20 horas en el espacio peatonal entre el Bosquecillo y el parque de la Taconera, es gratuita<\/p>\n","protected":false},"author":1,"featured_media":50436,"comment_status":"open","ping_status":"closed","sticky":false,"template":"","format":"standard","meta":{"footnotes":""},"categories":[2],"tags":[],"class_list":["post-50435","post","type-post","status-publish","format-standard","has-post-thumbnail","hentry","category-ayuntamiento-pamplona"],"yoast_head":"<!-- This site is optimized with the Yoast SEO plugin v27.3 - https:\/\/yoast.com\/product\/yoast-seo-wordpress\/ -->\n<title>La calle Bosquecillo acoge este mi\u00e9rcoles el concierto del grupo de rock en euskera NX, de la mano de Terminal, dentro del ciclo de \u2018Salas de M\u00fasica en la Calle\u2019<\/title>\n<meta name=\"description\" content=\"La actuaci\u00f3n, a partir de las 20 horas en el espacio peatonal entre el Bosquecillo y el parque de la Taconera, es gratuita\u00a0\" \/>\n<meta name=\"robots\" content=\"index, follow, max-snippet:-1, max-image-preview:large, max-video-preview:-1\" \/>\n<link rel=\"canonical\" href=\"https:\/\/www.laguiadepamplona.com\/actualidad\/la-calle-bosquecillo-acoge-este-miercoles-el-concierto-del-grupo-de-rock-en-euskera-nx-de-la-mano-de-terminal-dentro-del-ciclo-de-salas-de-musica-en-la-calle\/\" \/>\n<meta property=\"og:locale\" content=\"es_ES\" \/>\n<meta property=\"og:type\" content=\"article\" \/>\n<meta property=\"og:title\" content=\"La calle Bosquecillo acoge este mi\u00e9rcoles el concierto del grupo de rock en euskera NX, de la mano de Terminal, dentro del ciclo de \u2018Salas de M\u00fasica en la Calle\u2019\" \/>\n<meta property=\"og:description\" content=\"La actuaci\u00f3n, a partir de las 20 horas en el espacio peatonal entre el Bosquecillo y el parque de la Taconera, es gratuita\u00a0\" \/>\n<meta property=\"og:url\" content=\"https:\/\/www.laguiadepamplona.com\/actualidad\/la-calle-bosquecillo-acoge-este-miercoles-el-concierto-del-grupo-de-rock-en-euskera-nx-de-la-mano-de-terminal-dentro-del-ciclo-de-salas-de-musica-en-la-calle\/\" \/>\n<meta property=\"og:site_name\" content=\"La Gu\u00eda de Pamplona\" \/>\n<meta property=\"article:publisher\" content=\"https:\/\/www.facebook.com\/laguiadepamplonacom-133175176762273\/?ref=hl\" \/>\n<meta property=\"article:published_time\" content=\"2024-08-06T17:07:34+00:00\" \/>\n<meta property=\"og:image\" content=\"https:\/\/www.laguiadepamplona.com\/actualidad\/wp-content\/uploads\/2024\/08\/SMC_04.webp\" \/>\n\t<meta property=\"og:image:width\" content=\"1000\" \/>\n\t<meta property=\"og:image:height\" content=\"1000\" \/>\n\t<meta property=\"og:image:type\" content=\"image\/webp\" \/>\n<meta name=\"author\" content=\"La Gu\u00eda de Pamplona\" \/>\n<meta name=\"twitter:card\" content=\"summary_large_image\" \/>\n<meta name=\"twitter:creator\" content=\"@LaGuiadPamplona\" \/>\n<meta name=\"twitter:site\" content=\"@LaGuiadPamplona\" \/>\n<meta name=\"twitter:label1\" content=\"Escrito por\" \/>\n\t<meta name=\"twitter:data1\" content=\"La Gu\u00eda de Pamplona\" \/>\n\t<meta name=\"twitter:label2\" content=\"Tiempo de lectura\" \/>\n\t<meta name=\"twitter:data2\" content=\"2 minutos\" \/>\n<script type=\"application\/ld+json\" class=\"yoast-schema-graph\">{\"@context\":\"https:\\\/\\\/schema.org\",\"@graph\":[{\"@type\":\"Article\",\"@id\":\"https:\\\/\\\/www.laguiadepamplona.com\\\/actualidad\\\/la-calle-bosquecillo-acoge-este-miercoles-el-concierto-del-grupo-de-rock-en-euskera-nx-de-la-mano-de-terminal-dentro-del-ciclo-de-salas-de-musica-en-la-calle\\\/#article\",\"isPartOf\":{\"@id\":\"https:\\\/\\\/www.laguiadepamplona.com\\\/actualidad\\\/la-calle-bosquecillo-acoge-este-miercoles-el-concierto-del-grupo-de-rock-en-euskera-nx-de-la-mano-de-terminal-dentro-del-ciclo-de-salas-de-musica-en-la-calle\\\/\"},\"author\":{\"name\":\"La Gu\u00eda de Pamplona\",\"@id\":\"https:\\\/\\\/www.laguiadepamplona.com\\\/actualidad\\\/#\\\/schema\\\/person\\\/efe887376f0213d4657c93adc50b1fdb\"},\"headline\":\"La calle Bosquecillo acoge este mi\u00e9rcoles el concierto del grupo de rock en euskera NX, de la mano de Terminal, dentro del ciclo de \u2018Salas de M\u00fasica en la Calle\u2019\",\"datePublished\":\"2024-08-06T17:07:34+00:00\",\"mainEntityOfPage\":{\"@id\":\"https:\\\/\\\/www.laguiadepamplona.com\\\/actualidad\\\/la-calle-bosquecillo-acoge-este-miercoles-el-concierto-del-grupo-de-rock-en-euskera-nx-de-la-mano-de-terminal-dentro-del-ciclo-de-salas-de-musica-en-la-calle\\\/\"},\"wordCount\":402,\"commentCount\":0,\"publisher\":{\"@id\":\"https:\\\/\\\/www.laguiadepamplona.com\\\/actualidad\\\/#organization\"},\"image\":{\"@id\":\"https:\\\/\\\/www.laguiadepamplona.com\\\/actualidad\\\/la-calle-bosquecillo-acoge-este-miercoles-el-concierto-del-grupo-de-rock-en-euskera-nx-de-la-mano-de-terminal-dentro-del-ciclo-de-salas-de-musica-en-la-calle\\\/#primaryimage\"},\"thumbnailUrl\":\"https:\\\/\\\/www.laguiadepamplona.com\\\/actualidad\\\/wp-content\\\/uploads\\\/2024\\\/08\\\/SMC_04.webp\",\"articleSection\":[\"Ayto Pamplona\"],\"inLanguage\":\"es\",\"potentialAction\":[{\"@type\":\"CommentAction\",\"name\":\"Comment\",\"target\":[\"https:\\\/\\\/www.laguiadepamplona.com\\\/actualidad\\\/la-calle-bosquecillo-acoge-este-miercoles-el-concierto-del-grupo-de-rock-en-euskera-nx-de-la-mano-de-terminal-dentro-del-ciclo-de-salas-de-musica-en-la-calle\\\/#respond\"]}]},{\"@type\":\"WebPage\",\"@id\":\"https:\\\/\\\/www.laguiadepamplona.com\\\/actualidad\\\/la-calle-bosquecillo-acoge-este-miercoles-el-concierto-del-grupo-de-rock-en-euskera-nx-de-la-mano-de-terminal-dentro-del-ciclo-de-salas-de-musica-en-la-calle\\\/\",\"url\":\"https:\\\/\\\/www.laguiadepamplona.com\\\/actualidad\\\/la-calle-bosquecillo-acoge-este-miercoles-el-concierto-del-grupo-de-rock-en-euskera-nx-de-la-mano-de-terminal-dentro-del-ciclo-de-salas-de-musica-en-la-calle\\\/\",\"name\":\"La calle Bosquecillo acoge este mi\u00e9rcoles el concierto del grupo de rock en euskera NX, de la mano de Terminal, dentro del ciclo de \u2018Salas de M\u00fasica en la Calle\u2019\",\"isPartOf\":{\"@id\":\"https:\\\/\\\/www.laguiadepamplona.com\\\/actualidad\\\/#website\"},\"primaryImageOfPage\":{\"@id\":\"https:\\\/\\\/www.laguiadepamplona.com\\\/actualidad\\\/la-calle-bosquecillo-acoge-este-miercoles-el-concierto-del-grupo-de-rock-en-euskera-nx-de-la-mano-de-terminal-dentro-del-ciclo-de-salas-de-musica-en-la-calle\\\/#primaryimage\"},\"image\":{\"@id\":\"https:\\\/\\\/www.laguiadepamplona.com\\\/actualidad\\\/la-calle-bosquecillo-acoge-este-miercoles-el-concierto-del-grupo-de-rock-en-euskera-nx-de-la-mano-de-terminal-dentro-del-ciclo-de-salas-de-musica-en-la-calle\\\/#primaryimage\"},\"thumbnailUrl\":\"https:\\\/\\\/www.laguiadepamplona.com\\\/actualidad\\\/wp-content\\\/uploads\\\/2024\\\/08\\\/SMC_04.webp\",\"datePublished\":\"2024-08-06T17:07:34+00:00\",\"description\":\"La actuaci\u00f3n, a partir de las 20 horas en el espacio peatonal entre el Bosquecillo y el parque de la Taconera, es gratuita\u00a0\",\"breadcrumb\":{\"@id\":\"https:\\\/\\\/www.laguiadepamplona.com\\\/actualidad\\\/la-calle-bosquecillo-acoge-este-miercoles-el-concierto-del-grupo-de-rock-en-euskera-nx-de-la-mano-de-terminal-dentro-del-ciclo-de-salas-de-musica-en-la-calle\\\/#breadcrumb\"},\"inLanguage\":\"es\",\"potentialAction\":[{\"@type\":\"ReadAction\",\"target\":[\"https:\\\/\\\/www.laguiadepamplona.com\\\/actualidad\\\/la-calle-bosquecillo-acoge-este-miercoles-el-concierto-del-grupo-de-rock-en-euskera-nx-de-la-mano-de-terminal-dentro-del-ciclo-de-salas-de-musica-en-la-calle\\\/\"]}]},{\"@type\":\"ImageObject\",\"inLanguage\":\"es\",\"@id\":\"https:\\\/\\\/www.laguiadepamplona.com\\\/actualidad\\\/la-calle-bosquecillo-acoge-este-miercoles-el-concierto-del-grupo-de-rock-en-euskera-nx-de-la-mano-de-terminal-dentro-del-ciclo-de-salas-de-musica-en-la-calle\\\/#primaryimage\",\"url\":\"https:\\\/\\\/www.laguiadepamplona.com\\\/actualidad\\\/wp-content\\\/uploads\\\/2024\\\/08\\\/SMC_04.webp\",\"contentUrl\":\"https:\\\/\\\/www.laguiadepamplona.com\\\/actualidad\\\/wp-content\\\/uploads\\\/2024\\\/08\\\/SMC_04.webp\",\"width\":1000,\"height\":1000,\"caption\":\"smc\"},{\"@type\":\"BreadcrumbList\",\"@id\":\"https:\\\/\\\/www.laguiadepamplona.com\\\/actualidad\\\/la-calle-bosquecillo-acoge-este-miercoles-el-concierto-del-grupo-de-rock-en-euskera-nx-de-la-mano-de-terminal-dentro-del-ciclo-de-salas-de-musica-en-la-calle\\\/#breadcrumb\",\"itemListElement\":[{\"@type\":\"ListItem\",\"position\":1,\"name\":\"Portada\",\"item\":\"https:\\\/\\\/www.laguiadepamplona.com\\\/actualidad\\\/\"},{\"@type\":\"ListItem\",\"position\":2,\"name\":\"La calle Bosquecillo acoge este mi\u00e9rcoles el concierto del grupo de rock en euskera NX, de la mano de Terminal, dentro del ciclo de \u2018Salas de M\u00fasica en la Calle\u2019\"}]},{\"@type\":\"WebSite\",\"@id\":\"https:\\\/\\\/www.laguiadepamplona.com\\\/actualidad\\\/#website\",\"url\":\"https:\\\/\\\/www.laguiadepamplona.com\\\/actualidad\\\/\",\"name\":\"La gu\u00eda de Pamplona\",\"description\":\"Noticias de Pamplona\",\"publisher\":{\"@id\":\"https:\\\/\\\/www.laguiadepamplona.com\\\/actualidad\\\/#organization\"},\"potentialAction\":[{\"@type\":\"SearchAction\",\"target\":{\"@type\":\"EntryPoint\",\"urlTemplate\":\"https:\\\/\\\/www.laguiadepamplona.com\\\/actualidad\\\/?s={search_term_string}\"},\"query-input\":{\"@type\":\"PropertyValueSpecification\",\"valueRequired\":true,\"valueName\":\"search_term_string\"}}],\"inLanguage\":\"es\"},{\"@type\":\"Organization\",\"@id\":\"https:\\\/\\\/www.laguiadepamplona.com\\\/actualidad\\\/#organization\",\"name\":\"La Gu\u00eda de Pamplona \\\/ Noticias\",\"url\":\"https:\\\/\\\/www.laguiadepamplona.com\\\/actualidad\\\/\",\"logo\":{\"@type\":\"ImageObject\",\"inLanguage\":\"es\",\"@id\":\"https:\\\/\\\/www.laguiadepamplona.com\\\/actualidad\\\/#\\\/schema\\\/logo\\\/image\\\/\",\"url\":\"https:\\\/\\\/www.laguiadepamplona.com\\\/actualidad\\\/wp-content\\\/uploads\\\/2018\\\/11\\\/logo-laguiadepamplona18-web1.png\",\"contentUrl\":\"https:\\\/\\\/www.laguiadepamplona.com\\\/actualidad\\\/wp-content\\\/uploads\\\/2018\\\/11\\\/logo-laguiadepamplona18-web1.png\",\"width\":600,\"height\":196,\"caption\":\"La Gu\u00eda de Pamplona \\\/ Noticias\"},\"image\":{\"@id\":\"https:\\\/\\\/www.laguiadepamplona.com\\\/actualidad\\\/#\\\/schema\\\/logo\\\/image\\\/\"},\"sameAs\":[\"https:\\\/\\\/www.facebook.com\\\/laguiadepamplonacom-133175176762273\\\/?ref=hl\",\"https:\\\/\\\/x.com\\\/LaGuiadPamplona\",\"https:\\\/\\\/www.instagram.com\\\/la_guia_de_pamplona\\\/\",\"https:\\\/\\\/www.youtube.com\\\/user\\\/laguiadepamplona\"]},{\"@type\":\"Person\",\"@id\":\"https:\\\/\\\/www.laguiadepamplona.com\\\/actualidad\\\/#\\\/schema\\\/person\\\/efe887376f0213d4657c93adc50b1fdb\",\"name\":\"La Gu\u00eda de Pamplona\",\"image\":{\"@type\":\"ImageObject\",\"inLanguage\":\"es\",\"@id\":\"https:\\\/\\\/secure.gravatar.com\\\/avatar\\\/b6992f131dc8d30ab0dff15446e9d346d9dbd95992de0fef795073f5ea83a81c?s=96&d=mm&r=g\",\"url\":\"https:\\\/\\\/secure.gravatar.com\\\/avatar\\\/b6992f131dc8d30ab0dff15446e9d346d9dbd95992de0fef795073f5ea83a81c?s=96&d=mm&r=g\",\"contentUrl\":\"https:\\\/\\\/secure.gravatar.com\\\/avatar\\\/b6992f131dc8d30ab0dff15446e9d346d9dbd95992de0fef795073f5ea83a81c?s=96&d=mm&r=g\",\"caption\":\"La Gu\u00eda de Pamplona\"}}]}<\/script>\n<!-- \/ Yoast SEO plugin. -->","yoast_head_json":{"title":"La calle Bosquecillo acoge este mi\u00e9rcoles el concierto del grupo de rock en euskera NX, de la mano de Terminal, dentro del ciclo de \u2018Salas de M\u00fasica en la Calle\u2019","description":"La actuaci\u00f3n, a partir de las 20 horas en el espacio peatonal entre el Bosquecillo y el parque de la Taconera, es gratuita\u00a0","robots":{"index":"index","follow":"follow","max-snippet":"max-snippet:-1","max-image-preview":"max-image-preview:large","max-video-preview":"max-video-preview:-1"},"canonical":"https:\/\/www.laguiadepamplona.com\/actualidad\/la-calle-bosquecillo-acoge-este-miercoles-el-concierto-del-grupo-de-rock-en-euskera-nx-de-la-mano-de-terminal-dentro-del-ciclo-de-salas-de-musica-en-la-calle\/","og_locale":"es_ES","og_type":"article","og_title":"La calle Bosquecillo acoge este mi\u00e9rcoles el concierto del grupo de rock en euskera NX, de la mano de Terminal, dentro del ciclo de \u2018Salas de M\u00fasica en la Calle\u2019","og_description":"La actuaci\u00f3n, a partir de las 20 horas en el espacio peatonal entre el Bosquecillo y el parque de la Taconera, es gratuita\u00a0","og_url":"https:\/\/www.laguiadepamplona.com\/actualidad\/la-calle-bosquecillo-acoge-este-miercoles-el-concierto-del-grupo-de-rock-en-euskera-nx-de-la-mano-de-terminal-dentro-del-ciclo-de-salas-de-musica-en-la-calle\/","og_site_name":"La Gu\u00eda de Pamplona","article_publisher":"https:\/\/www.facebook.com\/laguiadepamplonacom-133175176762273\/?ref=hl","article_published_time":"2024-08-06T17:07:34+00:00","og_image":[{"width":1000,"height":1000,"url":"https:\/\/www.laguiadepamplona.com\/actualidad\/wp-content\/uploads\/2024\/08\/SMC_04.webp","type":"image\/webp"}],"author":"La Gu\u00eda de Pamplona","twitter_card":"summary_large_image","twitter_creator":"@LaGuiadPamplona","twitter_site":"@LaGuiadPamplona","twitter_misc":{"Escrito por":"La Gu\u00eda de Pamplona","Tiempo de lectura":"2 minutos"},"schema":{"@context":"https:\/\/schema.org","@graph":[{"@type":"Article","@id":"https:\/\/www.laguiadepamplona.com\/actualidad\/la-calle-bosquecillo-acoge-este-miercoles-el-concierto-del-grupo-de-rock-en-euskera-nx-de-la-mano-de-terminal-dentro-del-ciclo-de-salas-de-musica-en-la-calle\/#article","isPartOf":{"@id":"https:\/\/www.laguiadepamplona.com\/actualidad\/la-calle-bosquecillo-acoge-este-miercoles-el-concierto-del-grupo-de-rock-en-euskera-nx-de-la-mano-de-terminal-dentro-del-ciclo-de-salas-de-musica-en-la-calle\/"},"author":{"name":"La Gu\u00eda de Pamplona","@id":"https:\/\/www.laguiadepamplona.com\/actualidad\/#\/schema\/person\/efe887376f0213d4657c93adc50b1fdb"},"headline":"La calle Bosquecillo acoge este mi\u00e9rcoles el concierto del grupo de rock en euskera NX, de la mano de Terminal, dentro del ciclo de \u2018Salas de M\u00fasica en la Calle\u2019","datePublished":"2024-08-06T17:07:34+00:00","mainEntityOfPage":{"@id":"https:\/\/www.laguiadepamplona.com\/actualidad\/la-calle-bosquecillo-acoge-este-miercoles-el-concierto-del-grupo-de-rock-en-euskera-nx-de-la-mano-de-terminal-dentro-del-ciclo-de-salas-de-musica-en-la-calle\/"},"wordCount":402,"commentCount":0,"publisher":{"@id":"https:\/\/www.laguiadepamplona.com\/actualidad\/#organization"},"image":{"@id":"https:\/\/www.laguiadepamplona.com\/actualidad\/la-calle-bosquecillo-acoge-este-miercoles-el-concierto-del-grupo-de-rock-en-euskera-nx-de-la-mano-de-terminal-dentro-del-ciclo-de-salas-de-musica-en-la-calle\/#primaryimage"},"thumbnailUrl":"https:\/\/www.laguiadepamplona.com\/actualidad\/wp-content\/uploads\/2024\/08\/SMC_04.webp","articleSection":["Ayto Pamplona"],"inLanguage":"es","potentialAction":[{"@type":"CommentAction","name":"Comment","target":["https:\/\/www.laguiadepamplona.com\/actualidad\/la-calle-bosquecillo-acoge-este-miercoles-el-concierto-del-grupo-de-rock-en-euskera-nx-de-la-mano-de-terminal-dentro-del-ciclo-de-salas-de-musica-en-la-calle\/#respond"]}]},{"@type":"WebPage","@id":"https:\/\/www.laguiadepamplona.com\/actualidad\/la-calle-bosquecillo-acoge-este-miercoles-el-concierto-del-grupo-de-rock-en-euskera-nx-de-la-mano-de-terminal-dentro-del-ciclo-de-salas-de-musica-en-la-calle\/","url":"https:\/\/www.laguiadepamplona.com\/actualidad\/la-calle-bosquecillo-acoge-este-miercoles-el-concierto-del-grupo-de-rock-en-euskera-nx-de-la-mano-de-terminal-dentro-del-ciclo-de-salas-de-musica-en-la-calle\/","name":"La calle Bosquecillo acoge este mi\u00e9rcoles el concierto del grupo de rock en euskera NX, de la mano de Terminal, dentro del ciclo de \u2018Salas de M\u00fasica en la Calle\u2019","isPartOf":{"@id":"https:\/\/www.laguiadepamplona.com\/actualidad\/#website"},"primaryImageOfPage":{"@id":"https:\/\/www.laguiadepamplona.com\/actualidad\/la-calle-bosquecillo-acoge-este-miercoles-el-concierto-del-grupo-de-rock-en-euskera-nx-de-la-mano-de-terminal-dentro-del-ciclo-de-salas-de-musica-en-la-calle\/#primaryimage"},"image":{"@id":"https:\/\/www.laguiadepamplona.com\/actualidad\/la-calle-bosquecillo-acoge-este-miercoles-el-concierto-del-grupo-de-rock-en-euskera-nx-de-la-mano-de-terminal-dentro-del-ciclo-de-salas-de-musica-en-la-calle\/#primaryimage"},"thumbnailUrl":"https:\/\/www.laguiadepamplona.com\/actualidad\/wp-content\/uploads\/2024\/08\/SMC_04.webp","datePublished":"2024-08-06T17:07:34+00:00","description":"La actuaci\u00f3n, a partir de las 20 horas en el espacio peatonal entre el Bosquecillo y el parque de la Taconera, es gratuita\u00a0","breadcrumb":{"@id":"https:\/\/www.laguiadepamplona.com\/actualidad\/la-calle-bosquecillo-acoge-este-miercoles-el-concierto-del-grupo-de-rock-en-euskera-nx-de-la-mano-de-terminal-dentro-del-ciclo-de-salas-de-musica-en-la-calle\/#breadcrumb"},"inLanguage":"es","potentialAction":[{"@type":"ReadAction","target":["https:\/\/www.laguiadepamplona.com\/actualidad\/la-calle-bosquecillo-acoge-este-miercoles-el-concierto-del-grupo-de-rock-en-euskera-nx-de-la-mano-de-terminal-dentro-del-ciclo-de-salas-de-musica-en-la-calle\/"]}]},{"@type":"ImageObject","inLanguage":"es","@id":"https:\/\/www.laguiadepamplona.com\/actualidad\/la-calle-bosquecillo-acoge-este-miercoles-el-concierto-del-grupo-de-rock-en-euskera-nx-de-la-mano-de-terminal-dentro-del-ciclo-de-salas-de-musica-en-la-calle\/#primaryimage","url":"https:\/\/www.laguiadepamplona.com\/actualidad\/wp-content\/uploads\/2024\/08\/SMC_04.webp","contentUrl":"https:\/\/www.laguiadepamplona.com\/actualidad\/wp-content\/uploads\/2024\/08\/SMC_04.webp","width":1000,"height":1000,"caption":"smc"},{"@type":"BreadcrumbList","@id":"https:\/\/www.laguiadepamplona.com\/actualidad\/la-calle-bosquecillo-acoge-este-miercoles-el-concierto-del-grupo-de-rock-en-euskera-nx-de-la-mano-de-terminal-dentro-del-ciclo-de-salas-de-musica-en-la-calle\/#breadcrumb","itemListElement":[{"@type":"ListItem","position":1,"name":"Portada","item":"https:\/\/www.laguiadepamplona.com\/actualidad\/"},{"@type":"ListItem","position":2,"name":"La calle Bosquecillo acoge este mi\u00e9rcoles el concierto del grupo de rock en euskera NX, de la mano de Terminal, dentro del ciclo de \u2018Salas de M\u00fasica en la Calle\u2019"}]},{"@type":"WebSite","@id":"https:\/\/www.laguiadepamplona.com\/actualidad\/#website","url":"https:\/\/www.laguiadepamplona.com\/actualidad\/","name":"La gu\u00eda de Pamplona","description":"Noticias de Pamplona","publisher":{"@id":"https:\/\/www.laguiadepamplona.com\/actualidad\/#organization"},"potentialAction":[{"@type":"SearchAction","target":{"@type":"EntryPoint","urlTemplate":"https:\/\/www.laguiadepamplona.com\/actualidad\/?s={search_term_string}"},"query-input":{"@type":"PropertyValueSpecification","valueRequired":true,"valueName":"search_term_string"}}],"inLanguage":"es"},{"@type":"Organization","@id":"https:\/\/www.laguiadepamplona.com\/actualidad\/#organization","name":"La Gu\u00eda de Pamplona \/ Noticias","url":"https:\/\/www.laguiadepamplona.com\/actualidad\/","logo":{"@type":"ImageObject","inLanguage":"es","@id":"https:\/\/www.laguiadepamplona.com\/actualidad\/#\/schema\/logo\/image\/","url":"https:\/\/www.laguiadepamplona.com\/actualidad\/wp-content\/uploads\/2018\/11\/logo-laguiadepamplona18-web1.png","contentUrl":"https:\/\/www.laguiadepamplona.com\/actualidad\/wp-content\/uploads\/2018\/11\/logo-laguiadepamplona18-web1.png","width":600,"height":196,"caption":"La Gu\u00eda de Pamplona \/ Noticias"},"image":{"@id":"https:\/\/www.laguiadepamplona.com\/actualidad\/#\/schema\/logo\/image\/"},"sameAs":["https:\/\/www.facebook.com\/laguiadepamplonacom-133175176762273\/?ref=hl","https:\/\/x.com\/LaGuiadPamplona","https:\/\/www.instagram.com\/la_guia_de_pamplona\/","https:\/\/www.youtube.com\/user\/laguiadepamplona"]},{"@type":"Person","@id":"https:\/\/www.laguiadepamplona.com\/actualidad\/#\/schema\/person\/efe887376f0213d4657c93adc50b1fdb","name":"La Gu\u00eda de Pamplona","image":{"@type":"ImageObject","inLanguage":"es","@id":"https:\/\/secure.gravatar.com\/avatar\/b6992f131dc8d30ab0dff15446e9d346d9dbd95992de0fef795073f5ea83a81c?s=96&d=mm&r=g","url":"https:\/\/secure.gravatar.com\/avatar\/b6992f131dc8d30ab0dff15446e9d346d9dbd95992de0fef795073f5ea83a81c?s=96&d=mm&r=g","contentUrl":"https:\/\/secure.gravatar.com\/avatar\/b6992f131dc8d30ab0dff15446e9d346d9dbd95992de0fef795073f5ea83a81c?s=96&d=mm&r=g","caption":"La Gu\u00eda de Pamplona"}}]}},"post_mailing_queue_ids":[],"_links":{"self":[{"href":"https:\/\/www.laguiadepamplona.com\/actualidad\/wp-json\/wp\/v2\/posts\/50435","targetHints":{"allow":["GET"]}}],"collection":[{"href":"https:\/\/www.laguiadepamplona.com\/actualidad\/wp-json\/wp\/v2\/posts"}],"about":[{"href":"https:\/\/www.laguiadepamplona.com\/actualidad\/wp-json\/wp\/v2\/types\/post"}],"author":[{"embeddable":true,"href":"https:\/\/www.laguiadepamplona.com\/actualidad\/wp-json\/wp\/v2\/users\/1"}],"replies":[{"embeddable":true,"href":"https:\/\/www.laguiadepamplona.com\/actualidad\/wp-json\/wp\/v2\/comments?post=50435"}],"version-history":[{"count":1,"href":"https:\/\/www.laguiadepamplona.com\/actualidad\/wp-json\/wp\/v2\/posts\/50435\/revisions"}],"predecessor-version":[{"id":50437,"href":"https:\/\/www.laguiadepamplona.com\/actualidad\/wp-json\/wp\/v2\/posts\/50435\/revisions\/50437"}],"wp:featuredmedia":[{"embeddable":true,"href":"https:\/\/www.laguiadepamplona.com\/actualidad\/wp-json\/wp\/v2\/media\/50436"}],"wp:attachment":[{"href":"https:\/\/www.laguiadepamplona.com\/actualidad\/wp-json\/wp\/v2\/media?parent=50435"}],"wp:term":[{"taxonomy":"category","embeddable":true,"href":"https:\/\/www.laguiadepamplona.com\/actualidad\/wp-json\/wp\/v2\/categories?post=50435"},{"taxonomy":"post_tag","embeddable":true,"href":"https:\/\/www.laguiadepamplona.com\/actualidad\/wp-json\/wp\/v2\/tags?post=50435"}],"curies":[{"name":"wp","href":"https:\/\/api.w.org\/{rel}","templated":true}]}}