{"id":50422,"date":"2024-08-01T18:11:08","date_gmt":"2024-08-01T16:11:08","guid":{"rendered":"https:\/\/www.laguiadepamplona.com\/actualidad\/?p=50422"},"modified":"2024-08-01T18:11:08","modified_gmt":"2024-08-01T16:11:08","slug":"la-calle-bosquecillo-acogera-los-primeros-sabados-de-mes-una-feria-de-artesania-y-producto-local","status":"publish","type":"post","link":"https:\/\/www.laguiadepamplona.com\/actualidad\/la-calle-bosquecillo-acogera-los-primeros-sabados-de-mes-una-feria-de-artesania-y-producto-local\/","title":{"rendered":"La calle Bosquecillo acoger\u00e1 los primeros s\u00e1bados de mes una feria de artesan\u00eda y producto local"},"content":{"rendered":"<h2>La primera feria se celebrar\u00e1 este mismo s\u00e1bado y contar\u00e1 con 20 puestos, que podr\u00e1n visitarse de 10 a 15 horas<\/h2>\n<p><!--more--><\/p>\n<p>Pamplona tendr\u00e1 una cita con la artesan\u00eda cada primer s\u00e1bado de mes en la calle Bosquecillo. All\u00ed se reunir\u00e1n productores y compradores, con el objetivo de promover la artesan\u00eda navarra, tanto agroalimentaria como de productos tradicionales. Este mismo s\u00e1bado, d\u00eda 3, arrancar\u00e1 la primera Feria de Producto Local Artesano \/ Bertako Artisau Produktuen Azoka 2024 con una veintena de puestos artesanos, que atender\u00e1n al p\u00fablico entre las 10 y las 15 horas. El Ayuntamiento de Pamplona colabora con esta propuesta, organizada por la Asociaci\u00f3n de Producto Local y por Napar Bideak \/ Asociaci\u00f3n de Artesanos Agro Alimentarios de Navarra.<\/p>\n<p>Entre la veintena de puestos habilitados, habr\u00e1 diez de artesan\u00eda agro-alimentaria y otros diez de artesan\u00eda, que representan la producci\u00f3n kil\u00f3metro 0 de Navarra. Estas empresas est\u00e1n situadas en pueblos peque\u00f1os de la Comunidad foral y se acercan a la capital navarra para mostrar sus productos de primera mano a visitantes y for\u00e1neos.<\/p>\n<p>En la mayor\u00eda de los casos se trata de peque\u00f1as empresas que generan empleo local y que ayudan a luchar contra el despoblamiento de las zonas rurales. Todas ellas impulsan y promueven el consumo de los productos artesanos de la tierra, desde productos alimentarios como queso, pasteler\u00eda o miel hasta creaciones artesanas en cuero, cer\u00e1mica o cosm\u00e9tica.<\/p>\n<p>La feria permitir\u00e1 dar a conocer todos esos productos y facilitar\u00e1 el acceso de las personas compradoras con los productores directamente, que realizar\u00e1n explicaciones de c\u00f3mo se elaboran los distintos productos. Con esta iniciativa, el Ayuntamiento de Pamplona quiere dinamizar, por un lado, el comercio local y, por otro, la propia ciudad, ampliando su oferta comercial, cultural y de ocio, en un espacio como el Bosquecillo, junto al Casco Antiguo y en una zona recientemente reurbanizada.<\/p>\n<p>&nbsp;<\/p>\n<h3>Participantes en la Feria del 3 de Agosto<\/h3>\n<ul>\n<li><strong>Productos agroalimentarios<\/strong>\n<ul>\n<li>ENEKO AYENSA, Pastas Monasterio de Cascante<\/li>\n<li>IRULAR, Mermeladas de Irurita (Valle del Bazt\u00e1n)<\/li>\n<li>KATEALDE, Productos Artesanos del Pato de Altsasu (Sakana)<\/li>\n<li>GARRARTE, Productos garrapi\u00f1ados de Tafalla (Zona Media).<\/li>\n<li>QUESO RONCAL, Larra de Burgi (Valle de Roncal)<\/li>\n<li>CHOCOLATES DE NAVARRA, Pedro Mayo de Pamplona<\/li>\n<li>CONSERVAS DE NAVARRA, Mendavia, Allo, Lodosa (Ribera estellesa)<\/li>\n<li>EL BORDON, embutidos de Viana<\/li>\n<li>BIKAIN, Quesos de Etxarri-Larraun<\/li>\n<li>PASTAS URRUTIA de Uju\u00e9<\/li>\n<\/ul>\n<\/li>\n<li><strong>Productos artesanos<\/strong>\n<ul>\n<li>BOLSOS &#8211; OLGA MURO de Burlada en la Cuenca de Pamplona<\/li>\n<li>KURUNKUN, Kilikis del Valle de Ollo<\/li>\n<li>HNOS ORTA, Artesan\u00eda en madera de olivo de Cascante<\/li>\n<li>PEDRO JUEGOS, artista invitado de Zaragoza, juguetes de madera<\/li>\n<li>EL GANTXILLO DE MARI, productos de lana y ganchillo de Aoiz<\/li>\n<li>LOS JABONES DE MONTSE, productos de jab\u00f3n de Aoiz<\/li>\n<li>NAHARRO, artesano invitado de Navarrete (La Rioja), piezas de cocina en barro<\/li>\n<li>ARTISAI, artesan\u00eda textil de Pamplona-Iru\u00f1a<\/li>\n<li>ML COSITOS, artesan\u00eda en papel de Huarte en la Cuenca de Pamplona<\/li>\n<li>LA ESPIRAL, artesan\u00eda energ\u00e9tica en Bearin (Tierra Estella)<\/li>\n<\/ul>\n<\/li>\n<\/ul>\n","protected":false},"excerpt":{"rendered":"<p>La primera feria se celebrar\u00e1 este mismo s\u00e1bado y contar\u00e1 con 20 puestos, que podr\u00e1n visitarse de 10 a 15 horas<\/p>\n","protected":false},"author":1,"featured_media":50423,"comment_status":"open","ping_status":"closed","sticky":false,"template":"","format":"standard","meta":{"footnotes":""},"categories":[2],"tags":[],"class_list":["post-50422","post","type-post","status-publish","format-standard","has-post-thumbnail","hentry","category-ayuntamiento-pamplona"],"yoast_head":"<!-- This site is optimized with the Yoast SEO plugin v27.3 - https:\/\/yoast.com\/product\/yoast-seo-wordpress\/ -->\n<title>La calle Bosquecillo acoger\u00e1 los primeros s\u00e1bados de mes una feria de artesan\u00eda y producto local<\/title>\n<meta name=\"description\" content=\"La primera feria se celebrar\u00e1 este mismo s\u00e1bado y contar\u00e1 con 20 puestos, que podr\u00e1n visitarse de 10 a 15 horas\" \/>\n<meta name=\"robots\" content=\"index, follow, max-snippet:-1, max-image-preview:large, max-video-preview:-1\" \/>\n<link rel=\"canonical\" href=\"https:\/\/www.laguiadepamplona.com\/actualidad\/la-calle-bosquecillo-acogera-los-primeros-sabados-de-mes-una-feria-de-artesania-y-producto-local\/\" \/>\n<meta property=\"og:locale\" content=\"es_ES\" \/>\n<meta property=\"og:type\" content=\"article\" \/>\n<meta property=\"og:title\" content=\"La calle Bosquecillo acoger\u00e1 los primeros s\u00e1bados de mes una feria de artesan\u00eda y producto local\" \/>\n<meta property=\"og:description\" content=\"La primera feria se celebrar\u00e1 este mismo s\u00e1bado y contar\u00e1 con 20 puestos, que podr\u00e1n visitarse de 10 a 15 horas\" \/>\n<meta property=\"og:url\" content=\"https:\/\/www.laguiadepamplona.com\/actualidad\/la-calle-bosquecillo-acogera-los-primeros-sabados-de-mes-una-feria-de-artesania-y-producto-local\/\" \/>\n<meta property=\"og:site_name\" content=\"La Gu\u00eda de Pamplona\" \/>\n<meta property=\"article:publisher\" content=\"https:\/\/www.facebook.com\/laguiadepamplonacom-133175176762273\/?ref=hl\" \/>\n<meta property=\"article:published_time\" content=\"2024-08-01T16:11:08+00:00\" \/>\n<meta property=\"og:image\" content=\"https:\/\/www.laguiadepamplona.com\/actualidad\/wp-content\/uploads\/2024\/08\/bosquecillo_.webp\" \/>\n\t<meta property=\"og:image:width\" content=\"1000\" \/>\n\t<meta property=\"og:image:height\" content=\"960\" \/>\n\t<meta property=\"og:image:type\" content=\"image\/webp\" \/>\n<meta name=\"author\" content=\"La Gu\u00eda de Pamplona\" \/>\n<meta name=\"twitter:card\" content=\"summary_large_image\" \/>\n<meta name=\"twitter:creator\" content=\"@LaGuiadPamplona\" \/>\n<meta name=\"twitter:site\" content=\"@LaGuiadPamplona\" \/>\n<meta name=\"twitter:label1\" content=\"Escrito por\" \/>\n\t<meta name=\"twitter:data1\" content=\"La Gu\u00eda de Pamplona\" \/>\n\t<meta name=\"twitter:label2\" content=\"Tiempo de lectura\" \/>\n\t<meta name=\"twitter:data2\" content=\"3 minutos\" \/>\n<script type=\"application\/ld+json\" class=\"yoast-schema-graph\">{\"@context\":\"https:\\\/\\\/schema.org\",\"@graph\":[{\"@type\":\"Article\",\"@id\":\"https:\\\/\\\/www.laguiadepamplona.com\\\/actualidad\\\/la-calle-bosquecillo-acogera-los-primeros-sabados-de-mes-una-feria-de-artesania-y-producto-local\\\/#article\",\"isPartOf\":{\"@id\":\"https:\\\/\\\/www.laguiadepamplona.com\\\/actualidad\\\/la-calle-bosquecillo-acogera-los-primeros-sabados-de-mes-una-feria-de-artesania-y-producto-local\\\/\"},\"author\":{\"name\":\"La Gu\u00eda de Pamplona\",\"@id\":\"https:\\\/\\\/www.laguiadepamplona.com\\\/actualidad\\\/#\\\/schema\\\/person\\\/efe887376f0213d4657c93adc50b1fdb\"},\"headline\":\"La calle Bosquecillo acoger\u00e1 los primeros s\u00e1bados de mes una feria de artesan\u00eda y producto local\",\"datePublished\":\"2024-08-01T16:11:08+00:00\",\"mainEntityOfPage\":{\"@id\":\"https:\\\/\\\/www.laguiadepamplona.com\\\/actualidad\\\/la-calle-bosquecillo-acogera-los-primeros-sabados-de-mes-una-feria-de-artesania-y-producto-local\\\/\"},\"wordCount\":517,\"commentCount\":0,\"publisher\":{\"@id\":\"https:\\\/\\\/www.laguiadepamplona.com\\\/actualidad\\\/#organization\"},\"image\":{\"@id\":\"https:\\\/\\\/www.laguiadepamplona.com\\\/actualidad\\\/la-calle-bosquecillo-acogera-los-primeros-sabados-de-mes-una-feria-de-artesania-y-producto-local\\\/#primaryimage\"},\"thumbnailUrl\":\"https:\\\/\\\/www.laguiadepamplona.com\\\/actualidad\\\/wp-content\\\/uploads\\\/2024\\\/08\\\/bosquecillo_.webp\",\"articleSection\":[\"Ayto Pamplona\"],\"inLanguage\":\"es\",\"potentialAction\":[{\"@type\":\"CommentAction\",\"name\":\"Comment\",\"target\":[\"https:\\\/\\\/www.laguiadepamplona.com\\\/actualidad\\\/la-calle-bosquecillo-acogera-los-primeros-sabados-de-mes-una-feria-de-artesania-y-producto-local\\\/#respond\"]}]},{\"@type\":\"WebPage\",\"@id\":\"https:\\\/\\\/www.laguiadepamplona.com\\\/actualidad\\\/la-calle-bosquecillo-acogera-los-primeros-sabados-de-mes-una-feria-de-artesania-y-producto-local\\\/\",\"url\":\"https:\\\/\\\/www.laguiadepamplona.com\\\/actualidad\\\/la-calle-bosquecillo-acogera-los-primeros-sabados-de-mes-una-feria-de-artesania-y-producto-local\\\/\",\"name\":\"La calle Bosquecillo acoger\u00e1 los primeros s\u00e1bados de mes una feria de artesan\u00eda y producto local\",\"isPartOf\":{\"@id\":\"https:\\\/\\\/www.laguiadepamplona.com\\\/actualidad\\\/#website\"},\"primaryImageOfPage\":{\"@id\":\"https:\\\/\\\/www.laguiadepamplona.com\\\/actualidad\\\/la-calle-bosquecillo-acogera-los-primeros-sabados-de-mes-una-feria-de-artesania-y-producto-local\\\/#primaryimage\"},\"image\":{\"@id\":\"https:\\\/\\\/www.laguiadepamplona.com\\\/actualidad\\\/la-calle-bosquecillo-acogera-los-primeros-sabados-de-mes-una-feria-de-artesania-y-producto-local\\\/#primaryimage\"},\"thumbnailUrl\":\"https:\\\/\\\/www.laguiadepamplona.com\\\/actualidad\\\/wp-content\\\/uploads\\\/2024\\\/08\\\/bosquecillo_.webp\",\"datePublished\":\"2024-08-01T16:11:08+00:00\",\"description\":\"La primera feria se celebrar\u00e1 este mismo s\u00e1bado y contar\u00e1 con 20 puestos, que podr\u00e1n visitarse de 10 a 15 horas\",\"breadcrumb\":{\"@id\":\"https:\\\/\\\/www.laguiadepamplona.com\\\/actualidad\\\/la-calle-bosquecillo-acogera-los-primeros-sabados-de-mes-una-feria-de-artesania-y-producto-local\\\/#breadcrumb\"},\"inLanguage\":\"es\",\"potentialAction\":[{\"@type\":\"ReadAction\",\"target\":[\"https:\\\/\\\/www.laguiadepamplona.com\\\/actualidad\\\/la-calle-bosquecillo-acogera-los-primeros-sabados-de-mes-una-feria-de-artesania-y-producto-local\\\/\"]}]},{\"@type\":\"ImageObject\",\"inLanguage\":\"es\",\"@id\":\"https:\\\/\\\/www.laguiadepamplona.com\\\/actualidad\\\/la-calle-bosquecillo-acogera-los-primeros-sabados-de-mes-una-feria-de-artesania-y-producto-local\\\/#primaryimage\",\"url\":\"https:\\\/\\\/www.laguiadepamplona.com\\\/actualidad\\\/wp-content\\\/uploads\\\/2024\\\/08\\\/bosquecillo_.webp\",\"contentUrl\":\"https:\\\/\\\/www.laguiadepamplona.com\\\/actualidad\\\/wp-content\\\/uploads\\\/2024\\\/08\\\/bosquecillo_.webp\",\"width\":1000,\"height\":960,\"caption\":\"bosquecillo\"},{\"@type\":\"BreadcrumbList\",\"@id\":\"https:\\\/\\\/www.laguiadepamplona.com\\\/actualidad\\\/la-calle-bosquecillo-acogera-los-primeros-sabados-de-mes-una-feria-de-artesania-y-producto-local\\\/#breadcrumb\",\"itemListElement\":[{\"@type\":\"ListItem\",\"position\":1,\"name\":\"Portada\",\"item\":\"https:\\\/\\\/www.laguiadepamplona.com\\\/actualidad\\\/\"},{\"@type\":\"ListItem\",\"position\":2,\"name\":\"La calle Bosquecillo acoger\u00e1 los primeros s\u00e1bados de mes una feria de artesan\u00eda y producto local\"}]},{\"@type\":\"WebSite\",\"@id\":\"https:\\\/\\\/www.laguiadepamplona.com\\\/actualidad\\\/#website\",\"url\":\"https:\\\/\\\/www.laguiadepamplona.com\\\/actualidad\\\/\",\"name\":\"La gu\u00eda de Pamplona\",\"description\":\"Noticias de Pamplona\",\"publisher\":{\"@id\":\"https:\\\/\\\/www.laguiadepamplona.com\\\/actualidad\\\/#organization\"},\"potentialAction\":[{\"@type\":\"SearchAction\",\"target\":{\"@type\":\"EntryPoint\",\"urlTemplate\":\"https:\\\/\\\/www.laguiadepamplona.com\\\/actualidad\\\/?s={search_term_string}\"},\"query-input\":{\"@type\":\"PropertyValueSpecification\",\"valueRequired\":true,\"valueName\":\"search_term_string\"}}],\"inLanguage\":\"es\"},{\"@type\":\"Organization\",\"@id\":\"https:\\\/\\\/www.laguiadepamplona.com\\\/actualidad\\\/#organization\",\"name\":\"La Gu\u00eda de Pamplona \\\/ Noticias\",\"url\":\"https:\\\/\\\/www.laguiadepamplona.com\\\/actualidad\\\/\",\"logo\":{\"@type\":\"ImageObject\",\"inLanguage\":\"es\",\"@id\":\"https:\\\/\\\/www.laguiadepamplona.com\\\/actualidad\\\/#\\\/schema\\\/logo\\\/image\\\/\",\"url\":\"https:\\\/\\\/www.laguiadepamplona.com\\\/actualidad\\\/wp-content\\\/uploads\\\/2018\\\/11\\\/logo-laguiadepamplona18-web1.png\",\"contentUrl\":\"https:\\\/\\\/www.laguiadepamplona.com\\\/actualidad\\\/wp-content\\\/uploads\\\/2018\\\/11\\\/logo-laguiadepamplona18-web1.png\",\"width\":600,\"height\":196,\"caption\":\"La Gu\u00eda de Pamplona \\\/ Noticias\"},\"image\":{\"@id\":\"https:\\\/\\\/www.laguiadepamplona.com\\\/actualidad\\\/#\\\/schema\\\/logo\\\/image\\\/\"},\"sameAs\":[\"https:\\\/\\\/www.facebook.com\\\/laguiadepamplonacom-133175176762273\\\/?ref=hl\",\"https:\\\/\\\/x.com\\\/LaGuiadPamplona\",\"https:\\\/\\\/www.instagram.com\\\/la_guia_de_pamplona\\\/\",\"https:\\\/\\\/www.youtube.com\\\/user\\\/laguiadepamplona\"]},{\"@type\":\"Person\",\"@id\":\"https:\\\/\\\/www.laguiadepamplona.com\\\/actualidad\\\/#\\\/schema\\\/person\\\/efe887376f0213d4657c93adc50b1fdb\",\"name\":\"La Gu\u00eda de Pamplona\",\"image\":{\"@type\":\"ImageObject\",\"inLanguage\":\"es\",\"@id\":\"https:\\\/\\\/secure.gravatar.com\\\/avatar\\\/b6992f131dc8d30ab0dff15446e9d346d9dbd95992de0fef795073f5ea83a81c?s=96&d=mm&r=g\",\"url\":\"https:\\\/\\\/secure.gravatar.com\\\/avatar\\\/b6992f131dc8d30ab0dff15446e9d346d9dbd95992de0fef795073f5ea83a81c?s=96&d=mm&r=g\",\"contentUrl\":\"https:\\\/\\\/secure.gravatar.com\\\/avatar\\\/b6992f131dc8d30ab0dff15446e9d346d9dbd95992de0fef795073f5ea83a81c?s=96&d=mm&r=g\",\"caption\":\"La Gu\u00eda de Pamplona\"}}]}<\/script>\n<!-- \/ Yoast SEO plugin. -->","yoast_head_json":{"title":"La calle Bosquecillo acoger\u00e1 los primeros s\u00e1bados de mes una feria de artesan\u00eda y producto local","description":"La primera feria se celebrar\u00e1 este mismo s\u00e1bado y contar\u00e1 con 20 puestos, que podr\u00e1n visitarse de 10 a 15 horas","robots":{"index":"index","follow":"follow","max-snippet":"max-snippet:-1","max-image-preview":"max-image-preview:large","max-video-preview":"max-video-preview:-1"},"canonical":"https:\/\/www.laguiadepamplona.com\/actualidad\/la-calle-bosquecillo-acogera-los-primeros-sabados-de-mes-una-feria-de-artesania-y-producto-local\/","og_locale":"es_ES","og_type":"article","og_title":"La calle Bosquecillo acoger\u00e1 los primeros s\u00e1bados de mes una feria de artesan\u00eda y producto local","og_description":"La primera feria se celebrar\u00e1 este mismo s\u00e1bado y contar\u00e1 con 20 puestos, que podr\u00e1n visitarse de 10 a 15 horas","og_url":"https:\/\/www.laguiadepamplona.com\/actualidad\/la-calle-bosquecillo-acogera-los-primeros-sabados-de-mes-una-feria-de-artesania-y-producto-local\/","og_site_name":"La Gu\u00eda de Pamplona","article_publisher":"https:\/\/www.facebook.com\/laguiadepamplonacom-133175176762273\/?ref=hl","article_published_time":"2024-08-01T16:11:08+00:00","og_image":[{"width":1000,"height":960,"url":"https:\/\/www.laguiadepamplona.com\/actualidad\/wp-content\/uploads\/2024\/08\/bosquecillo_.webp","type":"image\/webp"}],"author":"La Gu\u00eda de Pamplona","twitter_card":"summary_large_image","twitter_creator":"@LaGuiadPamplona","twitter_site":"@LaGuiadPamplona","twitter_misc":{"Escrito por":"La Gu\u00eda de Pamplona","Tiempo de lectura":"3 minutos"},"schema":{"@context":"https:\/\/schema.org","@graph":[{"@type":"Article","@id":"https:\/\/www.laguiadepamplona.com\/actualidad\/la-calle-bosquecillo-acogera-los-primeros-sabados-de-mes-una-feria-de-artesania-y-producto-local\/#article","isPartOf":{"@id":"https:\/\/www.laguiadepamplona.com\/actualidad\/la-calle-bosquecillo-acogera-los-primeros-sabados-de-mes-una-feria-de-artesania-y-producto-local\/"},"author":{"name":"La Gu\u00eda de Pamplona","@id":"https:\/\/www.laguiadepamplona.com\/actualidad\/#\/schema\/person\/efe887376f0213d4657c93adc50b1fdb"},"headline":"La calle Bosquecillo acoger\u00e1 los primeros s\u00e1bados de mes una feria de artesan\u00eda y producto local","datePublished":"2024-08-01T16:11:08+00:00","mainEntityOfPage":{"@id":"https:\/\/www.laguiadepamplona.com\/actualidad\/la-calle-bosquecillo-acogera-los-primeros-sabados-de-mes-una-feria-de-artesania-y-producto-local\/"},"wordCount":517,"commentCount":0,"publisher":{"@id":"https:\/\/www.laguiadepamplona.com\/actualidad\/#organization"},"image":{"@id":"https:\/\/www.laguiadepamplona.com\/actualidad\/la-calle-bosquecillo-acogera-los-primeros-sabados-de-mes-una-feria-de-artesania-y-producto-local\/#primaryimage"},"thumbnailUrl":"https:\/\/www.laguiadepamplona.com\/actualidad\/wp-content\/uploads\/2024\/08\/bosquecillo_.webp","articleSection":["Ayto Pamplona"],"inLanguage":"es","potentialAction":[{"@type":"CommentAction","name":"Comment","target":["https:\/\/www.laguiadepamplona.com\/actualidad\/la-calle-bosquecillo-acogera-los-primeros-sabados-de-mes-una-feria-de-artesania-y-producto-local\/#respond"]}]},{"@type":"WebPage","@id":"https:\/\/www.laguiadepamplona.com\/actualidad\/la-calle-bosquecillo-acogera-los-primeros-sabados-de-mes-una-feria-de-artesania-y-producto-local\/","url":"https:\/\/www.laguiadepamplona.com\/actualidad\/la-calle-bosquecillo-acogera-los-primeros-sabados-de-mes-una-feria-de-artesania-y-producto-local\/","name":"La calle Bosquecillo acoger\u00e1 los primeros s\u00e1bados de mes una feria de artesan\u00eda y producto local","isPartOf":{"@id":"https:\/\/www.laguiadepamplona.com\/actualidad\/#website"},"primaryImageOfPage":{"@id":"https:\/\/www.laguiadepamplona.com\/actualidad\/la-calle-bosquecillo-acogera-los-primeros-sabados-de-mes-una-feria-de-artesania-y-producto-local\/#primaryimage"},"image":{"@id":"https:\/\/www.laguiadepamplona.com\/actualidad\/la-calle-bosquecillo-acogera-los-primeros-sabados-de-mes-una-feria-de-artesania-y-producto-local\/#primaryimage"},"thumbnailUrl":"https:\/\/www.laguiadepamplona.com\/actualidad\/wp-content\/uploads\/2024\/08\/bosquecillo_.webp","datePublished":"2024-08-01T16:11:08+00:00","description":"La primera feria se celebrar\u00e1 este mismo s\u00e1bado y contar\u00e1 con 20 puestos, que podr\u00e1n visitarse de 10 a 15 horas","breadcrumb":{"@id":"https:\/\/www.laguiadepamplona.com\/actualidad\/la-calle-bosquecillo-acogera-los-primeros-sabados-de-mes-una-feria-de-artesania-y-producto-local\/#breadcrumb"},"inLanguage":"es","potentialAction":[{"@type":"ReadAction","target":["https:\/\/www.laguiadepamplona.com\/actualidad\/la-calle-bosquecillo-acogera-los-primeros-sabados-de-mes-una-feria-de-artesania-y-producto-local\/"]}]},{"@type":"ImageObject","inLanguage":"es","@id":"https:\/\/www.laguiadepamplona.com\/actualidad\/la-calle-bosquecillo-acogera-los-primeros-sabados-de-mes-una-feria-de-artesania-y-producto-local\/#primaryimage","url":"https:\/\/www.laguiadepamplona.com\/actualidad\/wp-content\/uploads\/2024\/08\/bosquecillo_.webp","contentUrl":"https:\/\/www.laguiadepamplona.com\/actualidad\/wp-content\/uploads\/2024\/08\/bosquecillo_.webp","width":1000,"height":960,"caption":"bosquecillo"},{"@type":"BreadcrumbList","@id":"https:\/\/www.laguiadepamplona.com\/actualidad\/la-calle-bosquecillo-acogera-los-primeros-sabados-de-mes-una-feria-de-artesania-y-producto-local\/#breadcrumb","itemListElement":[{"@type":"ListItem","position":1,"name":"Portada","item":"https:\/\/www.laguiadepamplona.com\/actualidad\/"},{"@type":"ListItem","position":2,"name":"La calle Bosquecillo acoger\u00e1 los primeros s\u00e1bados de mes una feria de artesan\u00eda y producto local"}]},{"@type":"WebSite","@id":"https:\/\/www.laguiadepamplona.com\/actualidad\/#website","url":"https:\/\/www.laguiadepamplona.com\/actualidad\/","name":"La gu\u00eda de Pamplona","description":"Noticias de Pamplona","publisher":{"@id":"https:\/\/www.laguiadepamplona.com\/actualidad\/#organization"},"potentialAction":[{"@type":"SearchAction","target":{"@type":"EntryPoint","urlTemplate":"https:\/\/www.laguiadepamplona.com\/actualidad\/?s={search_term_string}"},"query-input":{"@type":"PropertyValueSpecification","valueRequired":true,"valueName":"search_term_string"}}],"inLanguage":"es"},{"@type":"Organization","@id":"https:\/\/www.laguiadepamplona.com\/actualidad\/#organization","name":"La Gu\u00eda de Pamplona \/ Noticias","url":"https:\/\/www.laguiadepamplona.com\/actualidad\/","logo":{"@type":"ImageObject","inLanguage":"es","@id":"https:\/\/www.laguiadepamplona.com\/actualidad\/#\/schema\/logo\/image\/","url":"https:\/\/www.laguiadepamplona.com\/actualidad\/wp-content\/uploads\/2018\/11\/logo-laguiadepamplona18-web1.png","contentUrl":"https:\/\/www.laguiadepamplona.com\/actualidad\/wp-content\/uploads\/2018\/11\/logo-laguiadepamplona18-web1.png","width":600,"height":196,"caption":"La Gu\u00eda de Pamplona \/ Noticias"},"image":{"@id":"https:\/\/www.laguiadepamplona.com\/actualidad\/#\/schema\/logo\/image\/"},"sameAs":["https:\/\/www.facebook.com\/laguiadepamplonacom-133175176762273\/?ref=hl","https:\/\/x.com\/LaGuiadPamplona","https:\/\/www.instagram.com\/la_guia_de_pamplona\/","https:\/\/www.youtube.com\/user\/laguiadepamplona"]},{"@type":"Person","@id":"https:\/\/www.laguiadepamplona.com\/actualidad\/#\/schema\/person\/efe887376f0213d4657c93adc50b1fdb","name":"La Gu\u00eda de Pamplona","image":{"@type":"ImageObject","inLanguage":"es","@id":"https:\/\/secure.gravatar.com\/avatar\/b6992f131dc8d30ab0dff15446e9d346d9dbd95992de0fef795073f5ea83a81c?s=96&d=mm&r=g","url":"https:\/\/secure.gravatar.com\/avatar\/b6992f131dc8d30ab0dff15446e9d346d9dbd95992de0fef795073f5ea83a81c?s=96&d=mm&r=g","contentUrl":"https:\/\/secure.gravatar.com\/avatar\/b6992f131dc8d30ab0dff15446e9d346d9dbd95992de0fef795073f5ea83a81c?s=96&d=mm&r=g","caption":"La Gu\u00eda de Pamplona"}}]}},"post_mailing_queue_ids":[],"_links":{"self":[{"href":"https:\/\/www.laguiadepamplona.com\/actualidad\/wp-json\/wp\/v2\/posts\/50422","targetHints":{"allow":["GET"]}}],"collection":[{"href":"https:\/\/www.laguiadepamplona.com\/actualidad\/wp-json\/wp\/v2\/posts"}],"about":[{"href":"https:\/\/www.laguiadepamplona.com\/actualidad\/wp-json\/wp\/v2\/types\/post"}],"author":[{"embeddable":true,"href":"https:\/\/www.laguiadepamplona.com\/actualidad\/wp-json\/wp\/v2\/users\/1"}],"replies":[{"embeddable":true,"href":"https:\/\/www.laguiadepamplona.com\/actualidad\/wp-json\/wp\/v2\/comments?post=50422"}],"version-history":[{"count":1,"href":"https:\/\/www.laguiadepamplona.com\/actualidad\/wp-json\/wp\/v2\/posts\/50422\/revisions"}],"predecessor-version":[{"id":50424,"href":"https:\/\/www.laguiadepamplona.com\/actualidad\/wp-json\/wp\/v2\/posts\/50422\/revisions\/50424"}],"wp:featuredmedia":[{"embeddable":true,"href":"https:\/\/www.laguiadepamplona.com\/actualidad\/wp-json\/wp\/v2\/media\/50423"}],"wp:attachment":[{"href":"https:\/\/www.laguiadepamplona.com\/actualidad\/wp-json\/wp\/v2\/media?parent=50422"}],"wp:term":[{"taxonomy":"category","embeddable":true,"href":"https:\/\/www.laguiadepamplona.com\/actualidad\/wp-json\/wp\/v2\/categories?post=50422"},{"taxonomy":"post_tag","embeddable":true,"href":"https:\/\/www.laguiadepamplona.com\/actualidad\/wp-json\/wp\/v2\/tags?post=50422"}],"curies":[{"name":"wp","href":"https:\/\/api.w.org\/{rel}","templated":true}]}}