{"id":50416,"date":"2024-08-01T17:53:38","date_gmt":"2024-08-01T15:53:38","guid":{"rendered":"https:\/\/www.laguiadepamplona.com\/actualidad\/?p=50416"},"modified":"2024-08-01T17:53:38","modified_gmt":"2024-08-01T15:53:38","slug":"una-decena-de-mujeres-jovenes-con-menores-a-cargo-visitan-la-carbonilla-y-el-tajo-de-serigrafia-y-encuadernacion-municipal-en-rochapea","status":"publish","type":"post","link":"https:\/\/www.laguiadepamplona.com\/actualidad\/una-decena-de-mujeres-jovenes-con-menores-a-cargo-visitan-la-carbonilla-y-el-tajo-de-serigrafia-y-encuadernacion-municipal-en-rochapea\/","title":{"rendered":"Una decena de mujeres j\u00f3venes con menores a cargo visitan la Carbonilla y el tajo de Serigraf\u00eda y Encuadernaci\u00f3n municipal en Rochapea"},"content":{"rendered":"<h2>Son parte de las actividades formativas transversales y de los \u2018encuentros improbables\u2019 del programa de activaci\u00f3n laboral Konekta<\/h2>\n<p><!--more--><\/p>\n<p>Esta ma\u00f1ana un grupo de mujeres j\u00f3venes que trabajan dentro del programa de activaci\u00f3n laboral Konekta han estado de visita con sus hijos e hijas en el local de Carbonilla (Rochapea). En ese espacio han recibido formaci\u00f3n sobre los recursos de conciliaci\u00f3n que existen a su disposici\u00f3n y sobre los centros comunitarios del Ayuntamiento de Pamplona, conocidos como CCIS. Personal t\u00e9cnico del Programa de Prevenci\u00f3n en Infancia, Adolescencia y Familia del Consistorio les ha explicado las actividades que desarrolla.<\/p>\n<p>De hecho, para hacer posible la sesi\u00f3n, el Ayuntamiento de Pamplona ha organizado una ludoteca para 13 menores, de entre 1 y 9 a\u00f1os en la misma Carbonilla. Los menores, al cuidado de personal municipal del \u00c1rea de Acci\u00f3n Social y de voluntariado de Pamplonistas, han permanecido all\u00ed hasta las 12.30 horas mientras sus madres se desplazaban a las dependencias del tajo municipal de Encuadernaci\u00f3n y Serigraf\u00eda, en Monasterio Viejo de San Pedro s\/n.<\/p>\n<p>En el tajo, como parte de la formaci\u00f3n en competencias transversales del programa, las 10 mujeres han podido conocer en qu\u00e9 consiste ese oficio como salida profesional y qu\u00e9 competencias son necesarias para realizarlo.<\/p>\n<p>Konekta se enmarca en el Plan de Recuperaci\u00f3n Transformaci\u00f3n y Resiliencia a cargo de fondos Next Generation de la Uni\u00f3n Europea tiene un importe asignado de 99.029 euros y se extender\u00e1 hasta oto\u00f1o. Es un programa que se realiza en Gobierno de Navarra, a trav\u00e9s del Servicio Navarro de Empleo \u2013Nafar Lansare y est\u00e1 incluido en el plan de trabajo 2024 del Centro de Orientaci\u00f3n y Emprendimiento, Acompa\u00f1amiento e Innovaci\u00f3n para el Empleo de Navarra (COE).<\/p>\n<p><strong>Conocer empleos sobre el terreno<\/strong><\/p>\n<p>El programa Konekta, iniciado en Pamplona en el mes de abril, trata ayudar a la inserci\u00f3n laboral de hasta 90 personas menores de 30 a\u00f1os, residentes en Pamplona, que est\u00e9n percibiendo o sean beneficiarios de la renta garantizada o del ingreso m\u00ednimo vital. Este objetivo se trabaja a trav\u00e9s de un diagn\u00f3stico de \u00e1reas de mejora y de la elaboraci\u00f3n de perfiles e itinerarios personalizados que se desarrollan mediante asesoramiento individualizado, continuado y tutorizado.<\/p>\n<p>En el caso de estas 10 mujeres se detect\u00f3 la necesidad de informaci\u00f3n y formaci\u00f3n en algunos de los programas de servicios sociales municipales a los que pueden acceder. Adem\u00e1s, Konekta usa como metodolog\u00eda el sistema \u2018Encuentros improbables\u2019, es decir propiciar espacios que posibiliten el encuentro, la relaci\u00f3n, la comunicaci\u00f3n a quienes participan en el programa con personas que presentan historias, or\u00edgenes y situaciones vitales diversas y les pueden ayudar en la mejora de la autoconfianza. Es el caso del personal que trabaja contratado en el tajo, que, procedente de programas de los servicios municipales, est\u00e1n form\u00e1ndose en un oficio que les capacitar\u00e1 para el mundo laboral.<\/p>\n<p>Esta ma\u00f1ana la particularidad era que la composici\u00f3n era exclusivamente de mujeres con hijos a cargo por lo que se ha organizado la ludoteca, pero, en general, las personas usuarias del programa est\u00e1n testando espacios laborales mediante visitas en grupos reducidos. Adem\u00e1s de tajos como Reciclo (bicis), Costura y Tapicer\u00eda y Encuadernaci\u00f3n y serigraf\u00eda, o la Escuela \u2013taller de Landaben municipales, se han visitado o se van a visitar Volkswagen o Josenea.<\/p>\n","protected":false},"excerpt":{"rendered":"<p>Son parte de las actividades formativas transversales y de los \u2018encuentros improbables\u2019 del programa de activaci\u00f3n laboral Konekta<\/p>\n","protected":false},"author":1,"featured_media":50417,"comment_status":"open","ping_status":"closed","sticky":false,"template":"","format":"standard","meta":{"footnotes":""},"categories":[2],"tags":[],"class_list":["post-50416","post","type-post","status-publish","format-standard","has-post-thumbnail","hentry","category-ayuntamiento-pamplona"],"yoast_head":"<!-- This site is optimized with the Yoast SEO plugin v27.5 - https:\/\/yoast.com\/product\/yoast-seo-wordpress\/ -->\n<title>Una decena de mujeres j\u00f3venes con menores a cargo visitan la Carbonilla y el tajo de Serigraf\u00eda y Encuadernaci\u00f3n municipal en Rochapea<\/title>\n<meta name=\"description\" content=\"Son parte de las actividades formativas transversales y de los \u2018encuentros improbables\u2019 del programa de activaci\u00f3n laboral Konekta\" \/>\n<meta name=\"robots\" content=\"index, follow, max-snippet:-1, max-image-preview:large, max-video-preview:-1\" \/>\n<link rel=\"canonical\" href=\"https:\/\/www.laguiadepamplona.com\/actualidad\/una-decena-de-mujeres-jovenes-con-menores-a-cargo-visitan-la-carbonilla-y-el-tajo-de-serigrafia-y-encuadernacion-municipal-en-rochapea\/\" \/>\n<meta property=\"og:locale\" content=\"es_ES\" \/>\n<meta property=\"og:type\" content=\"article\" \/>\n<meta property=\"og:title\" content=\"Una decena de mujeres j\u00f3venes con menores a cargo visitan la Carbonilla y el tajo de Serigraf\u00eda y Encuadernaci\u00f3n municipal en Rochapea\" \/>\n<meta property=\"og:description\" content=\"Son parte de las actividades formativas transversales y de los \u2018encuentros improbables\u2019 del programa de activaci\u00f3n laboral Konekta\" \/>\n<meta property=\"og:url\" content=\"https:\/\/www.laguiadepamplona.com\/actualidad\/una-decena-de-mujeres-jovenes-con-menores-a-cargo-visitan-la-carbonilla-y-el-tajo-de-serigrafia-y-encuadernacion-municipal-en-rochapea\/\" \/>\n<meta property=\"og:site_name\" content=\"La Gu\u00eda de Pamplona\" \/>\n<meta property=\"article:publisher\" content=\"https:\/\/www.facebook.com\/laguiadepamplonacom-133175176762273\/?ref=hl\" \/>\n<meta property=\"article:published_time\" content=\"2024-08-01T15:53:38+00:00\" \/>\n<meta property=\"og:image\" content=\"https:\/\/www.laguiadepamplona.com\/actualidad\/wp-content\/uploads\/2024\/08\/konetka1_0.webp\" \/>\n\t<meta property=\"og:image:width\" content=\"1000\" \/>\n\t<meta property=\"og:image:height\" content=\"667\" \/>\n\t<meta property=\"og:image:type\" content=\"image\/webp\" \/>\n<meta name=\"author\" content=\"La Gu\u00eda de Pamplona\" \/>\n<meta name=\"twitter:card\" content=\"summary_large_image\" \/>\n<meta name=\"twitter:creator\" content=\"@LaGuiadPamplona\" \/>\n<meta name=\"twitter:site\" content=\"@LaGuiadPamplona\" \/>\n<meta name=\"twitter:label1\" content=\"Escrito por\" \/>\n\t<meta name=\"twitter:data1\" content=\"La Gu\u00eda de Pamplona\" \/>\n\t<meta name=\"twitter:label2\" content=\"Tiempo de lectura\" \/>\n\t<meta name=\"twitter:data2\" content=\"3 minutos\" \/>\n<script type=\"application\/ld+json\" class=\"yoast-schema-graph\">{\"@context\":\"https:\\\/\\\/schema.org\",\"@graph\":[{\"@type\":\"Article\",\"@id\":\"https:\\\/\\\/www.laguiadepamplona.com\\\/actualidad\\\/una-decena-de-mujeres-jovenes-con-menores-a-cargo-visitan-la-carbonilla-y-el-tajo-de-serigrafia-y-encuadernacion-municipal-en-rochapea\\\/#article\",\"isPartOf\":{\"@id\":\"https:\\\/\\\/www.laguiadepamplona.com\\\/actualidad\\\/una-decena-de-mujeres-jovenes-con-menores-a-cargo-visitan-la-carbonilla-y-el-tajo-de-serigrafia-y-encuadernacion-municipal-en-rochapea\\\/\"},\"author\":{\"name\":\"La Gu\u00eda de Pamplona\",\"@id\":\"https:\\\/\\\/www.laguiadepamplona.com\\\/actualidad\\\/#\\\/schema\\\/person\\\/efe887376f0213d4657c93adc50b1fdb\"},\"headline\":\"Una decena de mujeres j\u00f3venes con menores a cargo visitan la Carbonilla y el tajo de Serigraf\u00eda y Encuadernaci\u00f3n municipal en Rochapea\",\"datePublished\":\"2024-08-01T15:53:38+00:00\",\"mainEntityOfPage\":{\"@id\":\"https:\\\/\\\/www.laguiadepamplona.com\\\/actualidad\\\/una-decena-de-mujeres-jovenes-con-menores-a-cargo-visitan-la-carbonilla-y-el-tajo-de-serigrafia-y-encuadernacion-municipal-en-rochapea\\\/\"},\"wordCount\":601,\"commentCount\":0,\"publisher\":{\"@id\":\"https:\\\/\\\/www.laguiadepamplona.com\\\/actualidad\\\/#organization\"},\"image\":{\"@id\":\"https:\\\/\\\/www.laguiadepamplona.com\\\/actualidad\\\/una-decena-de-mujeres-jovenes-con-menores-a-cargo-visitan-la-carbonilla-y-el-tajo-de-serigrafia-y-encuadernacion-municipal-en-rochapea\\\/#primaryimage\"},\"thumbnailUrl\":\"https:\\\/\\\/www.laguiadepamplona.com\\\/actualidad\\\/wp-content\\\/uploads\\\/2024\\\/08\\\/konetka1_0.webp\",\"articleSection\":[\"Ayto Pamplona\"],\"inLanguage\":\"es\",\"potentialAction\":[{\"@type\":\"CommentAction\",\"name\":\"Comment\",\"target\":[\"https:\\\/\\\/www.laguiadepamplona.com\\\/actualidad\\\/una-decena-de-mujeres-jovenes-con-menores-a-cargo-visitan-la-carbonilla-y-el-tajo-de-serigrafia-y-encuadernacion-municipal-en-rochapea\\\/#respond\"]}]},{\"@type\":\"WebPage\",\"@id\":\"https:\\\/\\\/www.laguiadepamplona.com\\\/actualidad\\\/una-decena-de-mujeres-jovenes-con-menores-a-cargo-visitan-la-carbonilla-y-el-tajo-de-serigrafia-y-encuadernacion-municipal-en-rochapea\\\/\",\"url\":\"https:\\\/\\\/www.laguiadepamplona.com\\\/actualidad\\\/una-decena-de-mujeres-jovenes-con-menores-a-cargo-visitan-la-carbonilla-y-el-tajo-de-serigrafia-y-encuadernacion-municipal-en-rochapea\\\/\",\"name\":\"Una decena de mujeres j\u00f3venes con menores a cargo visitan la Carbonilla y el tajo de Serigraf\u00eda y Encuadernaci\u00f3n municipal en Rochapea\",\"isPartOf\":{\"@id\":\"https:\\\/\\\/www.laguiadepamplona.com\\\/actualidad\\\/#website\"},\"primaryImageOfPage\":{\"@id\":\"https:\\\/\\\/www.laguiadepamplona.com\\\/actualidad\\\/una-decena-de-mujeres-jovenes-con-menores-a-cargo-visitan-la-carbonilla-y-el-tajo-de-serigrafia-y-encuadernacion-municipal-en-rochapea\\\/#primaryimage\"},\"image\":{\"@id\":\"https:\\\/\\\/www.laguiadepamplona.com\\\/actualidad\\\/una-decena-de-mujeres-jovenes-con-menores-a-cargo-visitan-la-carbonilla-y-el-tajo-de-serigrafia-y-encuadernacion-municipal-en-rochapea\\\/#primaryimage\"},\"thumbnailUrl\":\"https:\\\/\\\/www.laguiadepamplona.com\\\/actualidad\\\/wp-content\\\/uploads\\\/2024\\\/08\\\/konetka1_0.webp\",\"datePublished\":\"2024-08-01T15:53:38+00:00\",\"description\":\"Son parte de las actividades formativas transversales y de los \u2018encuentros improbables\u2019 del programa de activaci\u00f3n laboral Konekta\",\"breadcrumb\":{\"@id\":\"https:\\\/\\\/www.laguiadepamplona.com\\\/actualidad\\\/una-decena-de-mujeres-jovenes-con-menores-a-cargo-visitan-la-carbonilla-y-el-tajo-de-serigrafia-y-encuadernacion-municipal-en-rochapea\\\/#breadcrumb\"},\"inLanguage\":\"es\",\"potentialAction\":[{\"@type\":\"ReadAction\",\"target\":[\"https:\\\/\\\/www.laguiadepamplona.com\\\/actualidad\\\/una-decena-de-mujeres-jovenes-con-menores-a-cargo-visitan-la-carbonilla-y-el-tajo-de-serigrafia-y-encuadernacion-municipal-en-rochapea\\\/\"]}]},{\"@type\":\"ImageObject\",\"inLanguage\":\"es\",\"@id\":\"https:\\\/\\\/www.laguiadepamplona.com\\\/actualidad\\\/una-decena-de-mujeres-jovenes-con-menores-a-cargo-visitan-la-carbonilla-y-el-tajo-de-serigrafia-y-encuadernacion-municipal-en-rochapea\\\/#primaryimage\",\"url\":\"https:\\\/\\\/www.laguiadepamplona.com\\\/actualidad\\\/wp-content\\\/uploads\\\/2024\\\/08\\\/konetka1_0.webp\",\"contentUrl\":\"https:\\\/\\\/www.laguiadepamplona.com\\\/actualidad\\\/wp-content\\\/uploads\\\/2024\\\/08\\\/konetka1_0.webp\",\"width\":1000,\"height\":667,\"caption\":\"konetka\"},{\"@type\":\"BreadcrumbList\",\"@id\":\"https:\\\/\\\/www.laguiadepamplona.com\\\/actualidad\\\/una-decena-de-mujeres-jovenes-con-menores-a-cargo-visitan-la-carbonilla-y-el-tajo-de-serigrafia-y-encuadernacion-municipal-en-rochapea\\\/#breadcrumb\",\"itemListElement\":[{\"@type\":\"ListItem\",\"position\":1,\"name\":\"Portada\",\"item\":\"https:\\\/\\\/www.laguiadepamplona.com\\\/actualidad\\\/\"},{\"@type\":\"ListItem\",\"position\":2,\"name\":\"Una decena de mujeres j\u00f3venes con menores a cargo visitan la Carbonilla y el tajo de Serigraf\u00eda y Encuadernaci\u00f3n municipal en Rochapea\"}]},{\"@type\":\"WebSite\",\"@id\":\"https:\\\/\\\/www.laguiadepamplona.com\\\/actualidad\\\/#website\",\"url\":\"https:\\\/\\\/www.laguiadepamplona.com\\\/actualidad\\\/\",\"name\":\"La gu\u00eda de Pamplona\",\"description\":\"Noticias de Pamplona\",\"publisher\":{\"@id\":\"https:\\\/\\\/www.laguiadepamplona.com\\\/actualidad\\\/#organization\"},\"potentialAction\":[{\"@type\":\"SearchAction\",\"target\":{\"@type\":\"EntryPoint\",\"urlTemplate\":\"https:\\\/\\\/www.laguiadepamplona.com\\\/actualidad\\\/?s={search_term_string}\"},\"query-input\":{\"@type\":\"PropertyValueSpecification\",\"valueRequired\":true,\"valueName\":\"search_term_string\"}}],\"inLanguage\":\"es\"},{\"@type\":\"Organization\",\"@id\":\"https:\\\/\\\/www.laguiadepamplona.com\\\/actualidad\\\/#organization\",\"name\":\"La Gu\u00eda de Pamplona \\\/ Noticias\",\"url\":\"https:\\\/\\\/www.laguiadepamplona.com\\\/actualidad\\\/\",\"logo\":{\"@type\":\"ImageObject\",\"inLanguage\":\"es\",\"@id\":\"https:\\\/\\\/www.laguiadepamplona.com\\\/actualidad\\\/#\\\/schema\\\/logo\\\/image\\\/\",\"url\":\"https:\\\/\\\/www.laguiadepamplona.com\\\/actualidad\\\/wp-content\\\/uploads\\\/2018\\\/11\\\/logo-laguiadepamplona18-web1.png\",\"contentUrl\":\"https:\\\/\\\/www.laguiadepamplona.com\\\/actualidad\\\/wp-content\\\/uploads\\\/2018\\\/11\\\/logo-laguiadepamplona18-web1.png\",\"width\":600,\"height\":196,\"caption\":\"La Gu\u00eda de Pamplona \\\/ Noticias\"},\"image\":{\"@id\":\"https:\\\/\\\/www.laguiadepamplona.com\\\/actualidad\\\/#\\\/schema\\\/logo\\\/image\\\/\"},\"sameAs\":[\"https:\\\/\\\/www.facebook.com\\\/laguiadepamplonacom-133175176762273\\\/?ref=hl\",\"https:\\\/\\\/x.com\\\/LaGuiadPamplona\",\"https:\\\/\\\/www.instagram.com\\\/la_guia_de_pamplona\\\/\",\"https:\\\/\\\/www.youtube.com\\\/user\\\/laguiadepamplona\"]},{\"@type\":\"Person\",\"@id\":\"https:\\\/\\\/www.laguiadepamplona.com\\\/actualidad\\\/#\\\/schema\\\/person\\\/efe887376f0213d4657c93adc50b1fdb\",\"name\":\"La Gu\u00eda de Pamplona\",\"image\":{\"@type\":\"ImageObject\",\"inLanguage\":\"es\",\"@id\":\"https:\\\/\\\/secure.gravatar.com\\\/avatar\\\/b6992f131dc8d30ab0dff15446e9d346d9dbd95992de0fef795073f5ea83a81c?s=96&d=mm&r=g\",\"url\":\"https:\\\/\\\/secure.gravatar.com\\\/avatar\\\/b6992f131dc8d30ab0dff15446e9d346d9dbd95992de0fef795073f5ea83a81c?s=96&d=mm&r=g\",\"contentUrl\":\"https:\\\/\\\/secure.gravatar.com\\\/avatar\\\/b6992f131dc8d30ab0dff15446e9d346d9dbd95992de0fef795073f5ea83a81c?s=96&d=mm&r=g\",\"caption\":\"La Gu\u00eda de Pamplona\"}}]}<\/script>\n<!-- \/ Yoast SEO plugin. -->","yoast_head_json":{"title":"Una decena de mujeres j\u00f3venes con menores a cargo visitan la Carbonilla y el tajo de Serigraf\u00eda y Encuadernaci\u00f3n municipal en Rochapea","description":"Son parte de las actividades formativas transversales y de los \u2018encuentros improbables\u2019 del programa de activaci\u00f3n laboral Konekta","robots":{"index":"index","follow":"follow","max-snippet":"max-snippet:-1","max-image-preview":"max-image-preview:large","max-video-preview":"max-video-preview:-1"},"canonical":"https:\/\/www.laguiadepamplona.com\/actualidad\/una-decena-de-mujeres-jovenes-con-menores-a-cargo-visitan-la-carbonilla-y-el-tajo-de-serigrafia-y-encuadernacion-municipal-en-rochapea\/","og_locale":"es_ES","og_type":"article","og_title":"Una decena de mujeres j\u00f3venes con menores a cargo visitan la Carbonilla y el tajo de Serigraf\u00eda y Encuadernaci\u00f3n municipal en Rochapea","og_description":"Son parte de las actividades formativas transversales y de los \u2018encuentros improbables\u2019 del programa de activaci\u00f3n laboral Konekta","og_url":"https:\/\/www.laguiadepamplona.com\/actualidad\/una-decena-de-mujeres-jovenes-con-menores-a-cargo-visitan-la-carbonilla-y-el-tajo-de-serigrafia-y-encuadernacion-municipal-en-rochapea\/","og_site_name":"La Gu\u00eda de Pamplona","article_publisher":"https:\/\/www.facebook.com\/laguiadepamplonacom-133175176762273\/?ref=hl","article_published_time":"2024-08-01T15:53:38+00:00","og_image":[{"width":1000,"height":667,"url":"https:\/\/www.laguiadepamplona.com\/actualidad\/wp-content\/uploads\/2024\/08\/konetka1_0.webp","type":"image\/webp"}],"author":"La Gu\u00eda de Pamplona","twitter_card":"summary_large_image","twitter_creator":"@LaGuiadPamplona","twitter_site":"@LaGuiadPamplona","twitter_misc":{"Escrito por":"La Gu\u00eda de Pamplona","Tiempo de lectura":"3 minutos"},"schema":{"@context":"https:\/\/schema.org","@graph":[{"@type":"Article","@id":"https:\/\/www.laguiadepamplona.com\/actualidad\/una-decena-de-mujeres-jovenes-con-menores-a-cargo-visitan-la-carbonilla-y-el-tajo-de-serigrafia-y-encuadernacion-municipal-en-rochapea\/#article","isPartOf":{"@id":"https:\/\/www.laguiadepamplona.com\/actualidad\/una-decena-de-mujeres-jovenes-con-menores-a-cargo-visitan-la-carbonilla-y-el-tajo-de-serigrafia-y-encuadernacion-municipal-en-rochapea\/"},"author":{"name":"La Gu\u00eda de Pamplona","@id":"https:\/\/www.laguiadepamplona.com\/actualidad\/#\/schema\/person\/efe887376f0213d4657c93adc50b1fdb"},"headline":"Una decena de mujeres j\u00f3venes con menores a cargo visitan la Carbonilla y el tajo de Serigraf\u00eda y Encuadernaci\u00f3n municipal en Rochapea","datePublished":"2024-08-01T15:53:38+00:00","mainEntityOfPage":{"@id":"https:\/\/www.laguiadepamplona.com\/actualidad\/una-decena-de-mujeres-jovenes-con-menores-a-cargo-visitan-la-carbonilla-y-el-tajo-de-serigrafia-y-encuadernacion-municipal-en-rochapea\/"},"wordCount":601,"commentCount":0,"publisher":{"@id":"https:\/\/www.laguiadepamplona.com\/actualidad\/#organization"},"image":{"@id":"https:\/\/www.laguiadepamplona.com\/actualidad\/una-decena-de-mujeres-jovenes-con-menores-a-cargo-visitan-la-carbonilla-y-el-tajo-de-serigrafia-y-encuadernacion-municipal-en-rochapea\/#primaryimage"},"thumbnailUrl":"https:\/\/www.laguiadepamplona.com\/actualidad\/wp-content\/uploads\/2024\/08\/konetka1_0.webp","articleSection":["Ayto Pamplona"],"inLanguage":"es","potentialAction":[{"@type":"CommentAction","name":"Comment","target":["https:\/\/www.laguiadepamplona.com\/actualidad\/una-decena-de-mujeres-jovenes-con-menores-a-cargo-visitan-la-carbonilla-y-el-tajo-de-serigrafia-y-encuadernacion-municipal-en-rochapea\/#respond"]}]},{"@type":"WebPage","@id":"https:\/\/www.laguiadepamplona.com\/actualidad\/una-decena-de-mujeres-jovenes-con-menores-a-cargo-visitan-la-carbonilla-y-el-tajo-de-serigrafia-y-encuadernacion-municipal-en-rochapea\/","url":"https:\/\/www.laguiadepamplona.com\/actualidad\/una-decena-de-mujeres-jovenes-con-menores-a-cargo-visitan-la-carbonilla-y-el-tajo-de-serigrafia-y-encuadernacion-municipal-en-rochapea\/","name":"Una decena de mujeres j\u00f3venes con menores a cargo visitan la Carbonilla y el tajo de Serigraf\u00eda y Encuadernaci\u00f3n municipal en Rochapea","isPartOf":{"@id":"https:\/\/www.laguiadepamplona.com\/actualidad\/#website"},"primaryImageOfPage":{"@id":"https:\/\/www.laguiadepamplona.com\/actualidad\/una-decena-de-mujeres-jovenes-con-menores-a-cargo-visitan-la-carbonilla-y-el-tajo-de-serigrafia-y-encuadernacion-municipal-en-rochapea\/#primaryimage"},"image":{"@id":"https:\/\/www.laguiadepamplona.com\/actualidad\/una-decena-de-mujeres-jovenes-con-menores-a-cargo-visitan-la-carbonilla-y-el-tajo-de-serigrafia-y-encuadernacion-municipal-en-rochapea\/#primaryimage"},"thumbnailUrl":"https:\/\/www.laguiadepamplona.com\/actualidad\/wp-content\/uploads\/2024\/08\/konetka1_0.webp","datePublished":"2024-08-01T15:53:38+00:00","description":"Son parte de las actividades formativas transversales y de los \u2018encuentros improbables\u2019 del programa de activaci\u00f3n laboral Konekta","breadcrumb":{"@id":"https:\/\/www.laguiadepamplona.com\/actualidad\/una-decena-de-mujeres-jovenes-con-menores-a-cargo-visitan-la-carbonilla-y-el-tajo-de-serigrafia-y-encuadernacion-municipal-en-rochapea\/#breadcrumb"},"inLanguage":"es","potentialAction":[{"@type":"ReadAction","target":["https:\/\/www.laguiadepamplona.com\/actualidad\/una-decena-de-mujeres-jovenes-con-menores-a-cargo-visitan-la-carbonilla-y-el-tajo-de-serigrafia-y-encuadernacion-municipal-en-rochapea\/"]}]},{"@type":"ImageObject","inLanguage":"es","@id":"https:\/\/www.laguiadepamplona.com\/actualidad\/una-decena-de-mujeres-jovenes-con-menores-a-cargo-visitan-la-carbonilla-y-el-tajo-de-serigrafia-y-encuadernacion-municipal-en-rochapea\/#primaryimage","url":"https:\/\/www.laguiadepamplona.com\/actualidad\/wp-content\/uploads\/2024\/08\/konetka1_0.webp","contentUrl":"https:\/\/www.laguiadepamplona.com\/actualidad\/wp-content\/uploads\/2024\/08\/konetka1_0.webp","width":1000,"height":667,"caption":"konetka"},{"@type":"BreadcrumbList","@id":"https:\/\/www.laguiadepamplona.com\/actualidad\/una-decena-de-mujeres-jovenes-con-menores-a-cargo-visitan-la-carbonilla-y-el-tajo-de-serigrafia-y-encuadernacion-municipal-en-rochapea\/#breadcrumb","itemListElement":[{"@type":"ListItem","position":1,"name":"Portada","item":"https:\/\/www.laguiadepamplona.com\/actualidad\/"},{"@type":"ListItem","position":2,"name":"Una decena de mujeres j\u00f3venes con menores a cargo visitan la Carbonilla y el tajo de Serigraf\u00eda y Encuadernaci\u00f3n municipal en Rochapea"}]},{"@type":"WebSite","@id":"https:\/\/www.laguiadepamplona.com\/actualidad\/#website","url":"https:\/\/www.laguiadepamplona.com\/actualidad\/","name":"La gu\u00eda de Pamplona","description":"Noticias de Pamplona","publisher":{"@id":"https:\/\/www.laguiadepamplona.com\/actualidad\/#organization"},"potentialAction":[{"@type":"SearchAction","target":{"@type":"EntryPoint","urlTemplate":"https:\/\/www.laguiadepamplona.com\/actualidad\/?s={search_term_string}"},"query-input":{"@type":"PropertyValueSpecification","valueRequired":true,"valueName":"search_term_string"}}],"inLanguage":"es"},{"@type":"Organization","@id":"https:\/\/www.laguiadepamplona.com\/actualidad\/#organization","name":"La Gu\u00eda de Pamplona \/ Noticias","url":"https:\/\/www.laguiadepamplona.com\/actualidad\/","logo":{"@type":"ImageObject","inLanguage":"es","@id":"https:\/\/www.laguiadepamplona.com\/actualidad\/#\/schema\/logo\/image\/","url":"https:\/\/www.laguiadepamplona.com\/actualidad\/wp-content\/uploads\/2018\/11\/logo-laguiadepamplona18-web1.png","contentUrl":"https:\/\/www.laguiadepamplona.com\/actualidad\/wp-content\/uploads\/2018\/11\/logo-laguiadepamplona18-web1.png","width":600,"height":196,"caption":"La Gu\u00eda de Pamplona \/ Noticias"},"image":{"@id":"https:\/\/www.laguiadepamplona.com\/actualidad\/#\/schema\/logo\/image\/"},"sameAs":["https:\/\/www.facebook.com\/laguiadepamplonacom-133175176762273\/?ref=hl","https:\/\/x.com\/LaGuiadPamplona","https:\/\/www.instagram.com\/la_guia_de_pamplona\/","https:\/\/www.youtube.com\/user\/laguiadepamplona"]},{"@type":"Person","@id":"https:\/\/www.laguiadepamplona.com\/actualidad\/#\/schema\/person\/efe887376f0213d4657c93adc50b1fdb","name":"La Gu\u00eda de Pamplona","image":{"@type":"ImageObject","inLanguage":"es","@id":"https:\/\/secure.gravatar.com\/avatar\/b6992f131dc8d30ab0dff15446e9d346d9dbd95992de0fef795073f5ea83a81c?s=96&d=mm&r=g","url":"https:\/\/secure.gravatar.com\/avatar\/b6992f131dc8d30ab0dff15446e9d346d9dbd95992de0fef795073f5ea83a81c?s=96&d=mm&r=g","contentUrl":"https:\/\/secure.gravatar.com\/avatar\/b6992f131dc8d30ab0dff15446e9d346d9dbd95992de0fef795073f5ea83a81c?s=96&d=mm&r=g","caption":"La Gu\u00eda de Pamplona"}}]}},"post_mailing_queue_ids":[],"_links":{"self":[{"href":"https:\/\/www.laguiadepamplona.com\/actualidad\/wp-json\/wp\/v2\/posts\/50416","targetHints":{"allow":["GET"]}}],"collection":[{"href":"https:\/\/www.laguiadepamplona.com\/actualidad\/wp-json\/wp\/v2\/posts"}],"about":[{"href":"https:\/\/www.laguiadepamplona.com\/actualidad\/wp-json\/wp\/v2\/types\/post"}],"author":[{"embeddable":true,"href":"https:\/\/www.laguiadepamplona.com\/actualidad\/wp-json\/wp\/v2\/users\/1"}],"replies":[{"embeddable":true,"href":"https:\/\/www.laguiadepamplona.com\/actualidad\/wp-json\/wp\/v2\/comments?post=50416"}],"version-history":[{"count":1,"href":"https:\/\/www.laguiadepamplona.com\/actualidad\/wp-json\/wp\/v2\/posts\/50416\/revisions"}],"predecessor-version":[{"id":50418,"href":"https:\/\/www.laguiadepamplona.com\/actualidad\/wp-json\/wp\/v2\/posts\/50416\/revisions\/50418"}],"wp:featuredmedia":[{"embeddable":true,"href":"https:\/\/www.laguiadepamplona.com\/actualidad\/wp-json\/wp\/v2\/media\/50417"}],"wp:attachment":[{"href":"https:\/\/www.laguiadepamplona.com\/actualidad\/wp-json\/wp\/v2\/media?parent=50416"}],"wp:term":[{"taxonomy":"category","embeddable":true,"href":"https:\/\/www.laguiadepamplona.com\/actualidad\/wp-json\/wp\/v2\/categories?post=50416"},{"taxonomy":"post_tag","embeddable":true,"href":"https:\/\/www.laguiadepamplona.com\/actualidad\/wp-json\/wp\/v2\/tags?post=50416"}],"curies":[{"name":"wp","href":"https:\/\/api.w.org\/{rel}","templated":true}]}}