{"id":50414,"date":"2024-08-01T17:43:49","date_gmt":"2024-08-01T15:43:49","guid":{"rendered":"https:\/\/www.laguiadepamplona.com\/actualidad\/?p=50414"},"modified":"2024-08-01T17:43:49","modified_gmt":"2024-08-01T15:43:49","slug":"las-obras-del-panteon-del-cementerio-san-jose-de-pamplona-dedicado-a-personas-fusiladas-no-identificadas-de-la-guerra-civil-y-el-franquismo-costaran-278-106-euros","status":"publish","type":"post","link":"https:\/\/www.laguiadepamplona.com\/actualidad\/las-obras-del-panteon-del-cementerio-san-jose-de-pamplona-dedicado-a-personas-fusiladas-no-identificadas-de-la-guerra-civil-y-el-franquismo-costaran-278-106-euros\/","title":{"rendered":"Las obras del pante\u00f3n del cementerio San Jos\u00e9 de Pamplona dedicado a personas fusiladas no identificadas de la Guerra Civil y el franquismo costar\u00e1n 278.106 euros"},"content":{"rendered":"<h2>El Consistorio ha asignado 80 d\u00edas para concluir los trabajos, que est\u00e1n cofinanciados por el Gobierno de Navarra, que aportar\u00e1 125.000 euros<\/h2>\n<p><!--more--><\/p>\n<p>La Junta de Gobierno Local del Ayuntamiento de Pamplona ha aprobado la adjudicaci\u00f3n de las obras para renovar y ampliar el pante\u00f3n de restos de personas fusiladas no identificadas de la Guerra Civil y el franquismo que existe en el cementerio municipal de San Jos\u00e9 por un importe total de 278.106,40 euros. La cuant\u00eda es 21.882 euros inferior al precio de licitaci\u00f3n, fijado en casi 300.000 euros. El objetivo es que el nuevo pante\u00f3n est\u00e9 listo en el plazo de 80 d\u00edas, desde el inicio de las obras.<\/p>\n<p>El Ayuntamiento de Pamplona y el Gobierno de Navarra colaboran en la ampliaci\u00f3n de este pante\u00f3n, a trav\u00e9s de un convenio por el que el Ejecutivo foral se comprometi\u00f3 a aportar 125.000 euros. La propuesta de actuaci\u00f3n viene motivada por la ausencia de espacio en la ubicaci\u00f3n actual de pante\u00f3n para albergar m\u00e1s restos. Es por ello que lo que se plantea es levantar un pante\u00f3n nuevo en otro espacio del cementerio municipal.<\/p>\n<p>El actual pante\u00f3n, de 3&#215;3 metros y con capacidad para colocar 60 cajas, se construy\u00f3 en 2013, fruto de un convenio de colaboraci\u00f3n entre Gobierno de Navarra y el Ayuntamiento de Pamplona. Se ubica en una parcela triangular entre las calles Santa Felicia y San Mariano del cementerio municipal, en la parte posterior del edificio del crematorio y la sala de despedidas. Sin embargo, ante las limitaciones de espacio para proceder a su ampliaci\u00f3n, se ha acordado construir uno nuevo en la parte interior del cuadro 21 del camposanto. Esa zona est\u00e1 delimitada por las calles San Sim\u00f3n, San Juan, San Gabriel y San Lucas, y se encuentra pr\u00f3xima a la puerta de los ciervos, al norte del recinto. En la actualidad, en ese cuadro 21 se sit\u00faan panteones en sus caras exteriores y fosas triples en sus lados interiores, que no se encuentran ocupadas. En el centro del espacio, existe una zona verde, enmarcada con cuatro pilastras y una fuente.<\/p>\n<p>El nuevo pante\u00f3n, que ser\u00e1 de titularidad municipal, seguir\u00e1 el concepto y la imagen del existente. En este sentido, se plantea la instalaci\u00f3n de un monolito de piedra caliza similar al que hay en el pante\u00f3n actual, acompa\u00f1ado de dos panteones de 3&#215;3 metros en planta, dos bancos y dos atriles colocados de manera sim\u00e9trica. El conjunto estar\u00e1 rodeado de una zona verde. Las obras se han adjudicado a la empresa Aguaser Suministros y Servicios SL.<\/p>\n<p><strong>Ampliar su capacidad ante nuevas casuisticas<\/strong><\/p>\n<p>La construcci\u00f3n del primer pante\u00f3n fue fruto de un convenio de colaboraci\u00f3n entre el Ayuntamiento de Pamplona y el Gobierno de Navarra, para dar cumplimiento de la Ley Foral 33\/2013, de 26 de noviembre, de reconocimiento y reparaci\u00f3n moral de las ciudadanas y ciudadanos navarros asesinados y v\u00edctimas de la represi\u00f3n a ra\u00edz del golpe militar de 1936. Adem\u00e1s, la existencia de un espacio de reconocimiento y recuerdo es una demanda hist\u00f3rica del mundo asociativo memorialista.<\/p>\n<p>Ambas instituciones acordaron en 2019 renovar el convenio de colaboraci\u00f3n con el objetivo de cumplir las \u00faltimas modificaciones legales y ampliar la posibilidad de acceder al pante\u00f3n a una mayor casu\u00edstica de personas fusiladas y exhumadas. De hecho, hasta entonces, el pante\u00f3n pod\u00eda acoger \u00fanicamente restos humanos de v\u00edctimas de la Guerra Civil o del franquismo desaparecidas y exhumadas conforme a la normativa foral y a v\u00edctimas cuyos restos se hubieran encontrado en una fosa de Navarra, sin que haya sido posible su identificaci\u00f3n.<\/p>\n<p>No obstante, con las \u00faltimas modificaciones legales, el pante\u00f3n se abrir\u00e1 a tres nuevos tipos de v\u00edctimas. Por un lado, se podr\u00e1n inhumar v\u00edctimas cuyo resto se hayan encontrado en una fosa de Navarra y que, habiendo sido identificados, no han podido ser entregados a sus familiares o sus familias no han podido hacerse cargo de ellas. Tambi\u00e9n tendr\u00e1n cabida aquellos restos de residentes en Pamplona fusilados e identificados, cuyas familias soliciten ser inhumadas en el pante\u00f3n. Y, por \u00faltimo, este espacio tambi\u00e9n podr\u00e1 acoger a las v\u00edctimas navarras que, habi\u00e9ndose encontrado sus restos en fosas de otros lugares de Espa\u00f1a, y que, habiendo sido identificados sus cuerpos, no han podido ser entregados a sus familiares o no han podido hacerse cargo de ellos\u201d.<\/p>\n","protected":false},"excerpt":{"rendered":"<p>El Consistorio ha asignado 80 d\u00edas para concluir los trabajos, que est\u00e1n cofinanciados por el Gobierno de Navarra, que aportar\u00e1 125.000 euros<\/p>\n","protected":false},"author":1,"featured_media":35940,"comment_status":"open","ping_status":"closed","sticky":false,"template":"","format":"standard","meta":{"footnotes":""},"categories":[2],"tags":[],"class_list":["post-50414","post","type-post","status-publish","format-standard","has-post-thumbnail","hentry","category-ayuntamiento-pamplona"],"yoast_head":"<!-- This site is optimized with the Yoast SEO plugin v27.3 - https:\/\/yoast.com\/product\/yoast-seo-wordpress\/ -->\n<title>Las obras del pante\u00f3n del cementerio San Jos\u00e9 de Pamplona dedicado a personas fusiladas no identificadas de la Guerra Civil y el franquismo costar\u00e1n 278.106 euros<\/title>\n<meta name=\"description\" content=\"El Consistorio ha asignado 80 d\u00edas para concluir los trabajos, que est\u00e1n cofinanciados por el Gobierno de Navarra, que aportar\u00e1 125.000 euros\" \/>\n<meta name=\"robots\" content=\"index, follow, max-snippet:-1, max-image-preview:large, max-video-preview:-1\" \/>\n<link rel=\"canonical\" href=\"https:\/\/www.laguiadepamplona.com\/actualidad\/las-obras-del-panteon-del-cementerio-san-jose-de-pamplona-dedicado-a-personas-fusiladas-no-identificadas-de-la-guerra-civil-y-el-franquismo-costaran-278-106-euros\/\" \/>\n<meta property=\"og:locale\" content=\"es_ES\" \/>\n<meta property=\"og:type\" content=\"article\" \/>\n<meta property=\"og:title\" content=\"Las obras del pante\u00f3n del cementerio San Jos\u00e9 de Pamplona dedicado a personas fusiladas no identificadas de la Guerra Civil y el franquismo costar\u00e1n 278.106 euros\" \/>\n<meta property=\"og:description\" content=\"El Consistorio ha asignado 80 d\u00edas para concluir los trabajos, que est\u00e1n cofinanciados por el Gobierno de Navarra, que aportar\u00e1 125.000 euros\" \/>\n<meta property=\"og:url\" content=\"https:\/\/www.laguiadepamplona.com\/actualidad\/las-obras-del-panteon-del-cementerio-san-jose-de-pamplona-dedicado-a-personas-fusiladas-no-identificadas-de-la-guerra-civil-y-el-franquismo-costaran-278-106-euros\/\" \/>\n<meta property=\"og:site_name\" content=\"La Gu\u00eda de Pamplona\" \/>\n<meta property=\"article:publisher\" content=\"https:\/\/www.facebook.com\/laguiadepamplonacom-133175176762273\/?ref=hl\" \/>\n<meta property=\"article:published_time\" content=\"2024-08-01T15:43:49+00:00\" \/>\n<meta property=\"og:image\" content=\"https:\/\/www.laguiadepamplona.com\/actualidad\/wp-content\/uploads\/2021\/07\/cementerio_JMG4967.jpg\" \/>\n\t<meta property=\"og:image:width\" content=\"1920\" \/>\n\t<meta property=\"og:image:height\" content=\"1280\" \/>\n\t<meta property=\"og:image:type\" content=\"image\/jpeg\" \/>\n<meta name=\"author\" content=\"La Gu\u00eda de Pamplona\" \/>\n<meta name=\"twitter:card\" content=\"summary_large_image\" \/>\n<meta name=\"twitter:creator\" content=\"@LaGuiadPamplona\" \/>\n<meta name=\"twitter:site\" content=\"@LaGuiadPamplona\" \/>\n<meta name=\"twitter:label1\" content=\"Escrito por\" \/>\n\t<meta name=\"twitter:data1\" content=\"La Gu\u00eda de Pamplona\" \/>\n\t<meta name=\"twitter:label2\" content=\"Tiempo de lectura\" \/>\n\t<meta name=\"twitter:data2\" content=\"4 minutos\" \/>\n<script type=\"application\/ld+json\" class=\"yoast-schema-graph\">{\"@context\":\"https:\\\/\\\/schema.org\",\"@graph\":[{\"@type\":\"Article\",\"@id\":\"https:\\\/\\\/www.laguiadepamplona.com\\\/actualidad\\\/las-obras-del-panteon-del-cementerio-san-jose-de-pamplona-dedicado-a-personas-fusiladas-no-identificadas-de-la-guerra-civil-y-el-franquismo-costaran-278-106-euros\\\/#article\",\"isPartOf\":{\"@id\":\"https:\\\/\\\/www.laguiadepamplona.com\\\/actualidad\\\/las-obras-del-panteon-del-cementerio-san-jose-de-pamplona-dedicado-a-personas-fusiladas-no-identificadas-de-la-guerra-civil-y-el-franquismo-costaran-278-106-euros\\\/\"},\"author\":{\"name\":\"La Gu\u00eda de Pamplona\",\"@id\":\"https:\\\/\\\/www.laguiadepamplona.com\\\/actualidad\\\/#\\\/schema\\\/person\\\/efe887376f0213d4657c93adc50b1fdb\"},\"headline\":\"Las obras del pante\u00f3n del cementerio San Jos\u00e9 de Pamplona dedicado a personas fusiladas no identificadas de la Guerra Civil y el franquismo costar\u00e1n 278.106 euros\",\"datePublished\":\"2024-08-01T15:43:49+00:00\",\"mainEntityOfPage\":{\"@id\":\"https:\\\/\\\/www.laguiadepamplona.com\\\/actualidad\\\/las-obras-del-panteon-del-cementerio-san-jose-de-pamplona-dedicado-a-personas-fusiladas-no-identificadas-de-la-guerra-civil-y-el-franquismo-costaran-278-106-euros\\\/\"},\"wordCount\":777,\"commentCount\":0,\"publisher\":{\"@id\":\"https:\\\/\\\/www.laguiadepamplona.com\\\/actualidad\\\/#organization\"},\"image\":{\"@id\":\"https:\\\/\\\/www.laguiadepamplona.com\\\/actualidad\\\/las-obras-del-panteon-del-cementerio-san-jose-de-pamplona-dedicado-a-personas-fusiladas-no-identificadas-de-la-guerra-civil-y-el-franquismo-costaran-278-106-euros\\\/#primaryimage\"},\"thumbnailUrl\":\"https:\\\/\\\/www.laguiadepamplona.com\\\/actualidad\\\/wp-content\\\/uploads\\\/2021\\\/07\\\/cementerio_JMG4967.jpg\",\"articleSection\":[\"Ayto Pamplona\"],\"inLanguage\":\"es\",\"potentialAction\":[{\"@type\":\"CommentAction\",\"name\":\"Comment\",\"target\":[\"https:\\\/\\\/www.laguiadepamplona.com\\\/actualidad\\\/las-obras-del-panteon-del-cementerio-san-jose-de-pamplona-dedicado-a-personas-fusiladas-no-identificadas-de-la-guerra-civil-y-el-franquismo-costaran-278-106-euros\\\/#respond\"]}]},{\"@type\":\"WebPage\",\"@id\":\"https:\\\/\\\/www.laguiadepamplona.com\\\/actualidad\\\/las-obras-del-panteon-del-cementerio-san-jose-de-pamplona-dedicado-a-personas-fusiladas-no-identificadas-de-la-guerra-civil-y-el-franquismo-costaran-278-106-euros\\\/\",\"url\":\"https:\\\/\\\/www.laguiadepamplona.com\\\/actualidad\\\/las-obras-del-panteon-del-cementerio-san-jose-de-pamplona-dedicado-a-personas-fusiladas-no-identificadas-de-la-guerra-civil-y-el-franquismo-costaran-278-106-euros\\\/\",\"name\":\"Las obras del pante\u00f3n del cementerio San Jos\u00e9 de Pamplona dedicado a personas fusiladas no identificadas de la Guerra Civil y el franquismo costar\u00e1n 278.106 euros\",\"isPartOf\":{\"@id\":\"https:\\\/\\\/www.laguiadepamplona.com\\\/actualidad\\\/#website\"},\"primaryImageOfPage\":{\"@id\":\"https:\\\/\\\/www.laguiadepamplona.com\\\/actualidad\\\/las-obras-del-panteon-del-cementerio-san-jose-de-pamplona-dedicado-a-personas-fusiladas-no-identificadas-de-la-guerra-civil-y-el-franquismo-costaran-278-106-euros\\\/#primaryimage\"},\"image\":{\"@id\":\"https:\\\/\\\/www.laguiadepamplona.com\\\/actualidad\\\/las-obras-del-panteon-del-cementerio-san-jose-de-pamplona-dedicado-a-personas-fusiladas-no-identificadas-de-la-guerra-civil-y-el-franquismo-costaran-278-106-euros\\\/#primaryimage\"},\"thumbnailUrl\":\"https:\\\/\\\/www.laguiadepamplona.com\\\/actualidad\\\/wp-content\\\/uploads\\\/2021\\\/07\\\/cementerio_JMG4967.jpg\",\"datePublished\":\"2024-08-01T15:43:49+00:00\",\"description\":\"El Consistorio ha asignado 80 d\u00edas para concluir los trabajos, que est\u00e1n cofinanciados por el Gobierno de Navarra, que aportar\u00e1 125.000 euros\",\"breadcrumb\":{\"@id\":\"https:\\\/\\\/www.laguiadepamplona.com\\\/actualidad\\\/las-obras-del-panteon-del-cementerio-san-jose-de-pamplona-dedicado-a-personas-fusiladas-no-identificadas-de-la-guerra-civil-y-el-franquismo-costaran-278-106-euros\\\/#breadcrumb\"},\"inLanguage\":\"es\",\"potentialAction\":[{\"@type\":\"ReadAction\",\"target\":[\"https:\\\/\\\/www.laguiadepamplona.com\\\/actualidad\\\/las-obras-del-panteon-del-cementerio-san-jose-de-pamplona-dedicado-a-personas-fusiladas-no-identificadas-de-la-guerra-civil-y-el-franquismo-costaran-278-106-euros\\\/\"]}]},{\"@type\":\"ImageObject\",\"inLanguage\":\"es\",\"@id\":\"https:\\\/\\\/www.laguiadepamplona.com\\\/actualidad\\\/las-obras-del-panteon-del-cementerio-san-jose-de-pamplona-dedicado-a-personas-fusiladas-no-identificadas-de-la-guerra-civil-y-el-franquismo-costaran-278-106-euros\\\/#primaryimage\",\"url\":\"https:\\\/\\\/www.laguiadepamplona.com\\\/actualidad\\\/wp-content\\\/uploads\\\/2021\\\/07\\\/cementerio_JMG4967.jpg\",\"contentUrl\":\"https:\\\/\\\/www.laguiadepamplona.com\\\/actualidad\\\/wp-content\\\/uploads\\\/2021\\\/07\\\/cementerio_JMG4967.jpg\",\"width\":1920,\"height\":1280,\"caption\":\"A* Jes\u00fas Garzaron F* 2020_10_27 T* Di\u00e1s previos al D\u00eda de todos los Santos. L* Cementerio de Pamplona\"},{\"@type\":\"BreadcrumbList\",\"@id\":\"https:\\\/\\\/www.laguiadepamplona.com\\\/actualidad\\\/las-obras-del-panteon-del-cementerio-san-jose-de-pamplona-dedicado-a-personas-fusiladas-no-identificadas-de-la-guerra-civil-y-el-franquismo-costaran-278-106-euros\\\/#breadcrumb\",\"itemListElement\":[{\"@type\":\"ListItem\",\"position\":1,\"name\":\"Portada\",\"item\":\"https:\\\/\\\/www.laguiadepamplona.com\\\/actualidad\\\/\"},{\"@type\":\"ListItem\",\"position\":2,\"name\":\"Las obras del pante\u00f3n del cementerio San Jos\u00e9 de Pamplona dedicado a personas fusiladas no identificadas de la Guerra Civil y el franquismo costar\u00e1n 278.106 euros\"}]},{\"@type\":\"WebSite\",\"@id\":\"https:\\\/\\\/www.laguiadepamplona.com\\\/actualidad\\\/#website\",\"url\":\"https:\\\/\\\/www.laguiadepamplona.com\\\/actualidad\\\/\",\"name\":\"La gu\u00eda de Pamplona\",\"description\":\"Noticias de Pamplona\",\"publisher\":{\"@id\":\"https:\\\/\\\/www.laguiadepamplona.com\\\/actualidad\\\/#organization\"},\"potentialAction\":[{\"@type\":\"SearchAction\",\"target\":{\"@type\":\"EntryPoint\",\"urlTemplate\":\"https:\\\/\\\/www.laguiadepamplona.com\\\/actualidad\\\/?s={search_term_string}\"},\"query-input\":{\"@type\":\"PropertyValueSpecification\",\"valueRequired\":true,\"valueName\":\"search_term_string\"}}],\"inLanguage\":\"es\"},{\"@type\":\"Organization\",\"@id\":\"https:\\\/\\\/www.laguiadepamplona.com\\\/actualidad\\\/#organization\",\"name\":\"La Gu\u00eda de Pamplona \\\/ Noticias\",\"url\":\"https:\\\/\\\/www.laguiadepamplona.com\\\/actualidad\\\/\",\"logo\":{\"@type\":\"ImageObject\",\"inLanguage\":\"es\",\"@id\":\"https:\\\/\\\/www.laguiadepamplona.com\\\/actualidad\\\/#\\\/schema\\\/logo\\\/image\\\/\",\"url\":\"https:\\\/\\\/www.laguiadepamplona.com\\\/actualidad\\\/wp-content\\\/uploads\\\/2018\\\/11\\\/logo-laguiadepamplona18-web1.png\",\"contentUrl\":\"https:\\\/\\\/www.laguiadepamplona.com\\\/actualidad\\\/wp-content\\\/uploads\\\/2018\\\/11\\\/logo-laguiadepamplona18-web1.png\",\"width\":600,\"height\":196,\"caption\":\"La Gu\u00eda de Pamplona \\\/ Noticias\"},\"image\":{\"@id\":\"https:\\\/\\\/www.laguiadepamplona.com\\\/actualidad\\\/#\\\/schema\\\/logo\\\/image\\\/\"},\"sameAs\":[\"https:\\\/\\\/www.facebook.com\\\/laguiadepamplonacom-133175176762273\\\/?ref=hl\",\"https:\\\/\\\/x.com\\\/LaGuiadPamplona\",\"https:\\\/\\\/www.instagram.com\\\/la_guia_de_pamplona\\\/\",\"https:\\\/\\\/www.youtube.com\\\/user\\\/laguiadepamplona\"]},{\"@type\":\"Person\",\"@id\":\"https:\\\/\\\/www.laguiadepamplona.com\\\/actualidad\\\/#\\\/schema\\\/person\\\/efe887376f0213d4657c93adc50b1fdb\",\"name\":\"La Gu\u00eda de Pamplona\",\"image\":{\"@type\":\"ImageObject\",\"inLanguage\":\"es\",\"@id\":\"https:\\\/\\\/secure.gravatar.com\\\/avatar\\\/b6992f131dc8d30ab0dff15446e9d346d9dbd95992de0fef795073f5ea83a81c?s=96&d=mm&r=g\",\"url\":\"https:\\\/\\\/secure.gravatar.com\\\/avatar\\\/b6992f131dc8d30ab0dff15446e9d346d9dbd95992de0fef795073f5ea83a81c?s=96&d=mm&r=g\",\"contentUrl\":\"https:\\\/\\\/secure.gravatar.com\\\/avatar\\\/b6992f131dc8d30ab0dff15446e9d346d9dbd95992de0fef795073f5ea83a81c?s=96&d=mm&r=g\",\"caption\":\"La Gu\u00eda de Pamplona\"}}]}<\/script>\n<!-- \/ Yoast SEO plugin. -->","yoast_head_json":{"title":"Las obras del pante\u00f3n del cementerio San Jos\u00e9 de Pamplona dedicado a personas fusiladas no identificadas de la Guerra Civil y el franquismo costar\u00e1n 278.106 euros","description":"El Consistorio ha asignado 80 d\u00edas para concluir los trabajos, que est\u00e1n cofinanciados por el Gobierno de Navarra, que aportar\u00e1 125.000 euros","robots":{"index":"index","follow":"follow","max-snippet":"max-snippet:-1","max-image-preview":"max-image-preview:large","max-video-preview":"max-video-preview:-1"},"canonical":"https:\/\/www.laguiadepamplona.com\/actualidad\/las-obras-del-panteon-del-cementerio-san-jose-de-pamplona-dedicado-a-personas-fusiladas-no-identificadas-de-la-guerra-civil-y-el-franquismo-costaran-278-106-euros\/","og_locale":"es_ES","og_type":"article","og_title":"Las obras del pante\u00f3n del cementerio San Jos\u00e9 de Pamplona dedicado a personas fusiladas no identificadas de la Guerra Civil y el franquismo costar\u00e1n 278.106 euros","og_description":"El Consistorio ha asignado 80 d\u00edas para concluir los trabajos, que est\u00e1n cofinanciados por el Gobierno de Navarra, que aportar\u00e1 125.000 euros","og_url":"https:\/\/www.laguiadepamplona.com\/actualidad\/las-obras-del-panteon-del-cementerio-san-jose-de-pamplona-dedicado-a-personas-fusiladas-no-identificadas-de-la-guerra-civil-y-el-franquismo-costaran-278-106-euros\/","og_site_name":"La Gu\u00eda de Pamplona","article_publisher":"https:\/\/www.facebook.com\/laguiadepamplonacom-133175176762273\/?ref=hl","article_published_time":"2024-08-01T15:43:49+00:00","og_image":[{"width":1920,"height":1280,"url":"https:\/\/www.laguiadepamplona.com\/actualidad\/wp-content\/uploads\/2021\/07\/cementerio_JMG4967.jpg","type":"image\/jpeg"}],"author":"La Gu\u00eda de Pamplona","twitter_card":"summary_large_image","twitter_creator":"@LaGuiadPamplona","twitter_site":"@LaGuiadPamplona","twitter_misc":{"Escrito por":"La Gu\u00eda de Pamplona","Tiempo de lectura":"4 minutos"},"schema":{"@context":"https:\/\/schema.org","@graph":[{"@type":"Article","@id":"https:\/\/www.laguiadepamplona.com\/actualidad\/las-obras-del-panteon-del-cementerio-san-jose-de-pamplona-dedicado-a-personas-fusiladas-no-identificadas-de-la-guerra-civil-y-el-franquismo-costaran-278-106-euros\/#article","isPartOf":{"@id":"https:\/\/www.laguiadepamplona.com\/actualidad\/las-obras-del-panteon-del-cementerio-san-jose-de-pamplona-dedicado-a-personas-fusiladas-no-identificadas-de-la-guerra-civil-y-el-franquismo-costaran-278-106-euros\/"},"author":{"name":"La Gu\u00eda de Pamplona","@id":"https:\/\/www.laguiadepamplona.com\/actualidad\/#\/schema\/person\/efe887376f0213d4657c93adc50b1fdb"},"headline":"Las obras del pante\u00f3n del cementerio San Jos\u00e9 de Pamplona dedicado a personas fusiladas no identificadas de la Guerra Civil y el franquismo costar\u00e1n 278.106 euros","datePublished":"2024-08-01T15:43:49+00:00","mainEntityOfPage":{"@id":"https:\/\/www.laguiadepamplona.com\/actualidad\/las-obras-del-panteon-del-cementerio-san-jose-de-pamplona-dedicado-a-personas-fusiladas-no-identificadas-de-la-guerra-civil-y-el-franquismo-costaran-278-106-euros\/"},"wordCount":777,"commentCount":0,"publisher":{"@id":"https:\/\/www.laguiadepamplona.com\/actualidad\/#organization"},"image":{"@id":"https:\/\/www.laguiadepamplona.com\/actualidad\/las-obras-del-panteon-del-cementerio-san-jose-de-pamplona-dedicado-a-personas-fusiladas-no-identificadas-de-la-guerra-civil-y-el-franquismo-costaran-278-106-euros\/#primaryimage"},"thumbnailUrl":"https:\/\/www.laguiadepamplona.com\/actualidad\/wp-content\/uploads\/2021\/07\/cementerio_JMG4967.jpg","articleSection":["Ayto Pamplona"],"inLanguage":"es","potentialAction":[{"@type":"CommentAction","name":"Comment","target":["https:\/\/www.laguiadepamplona.com\/actualidad\/las-obras-del-panteon-del-cementerio-san-jose-de-pamplona-dedicado-a-personas-fusiladas-no-identificadas-de-la-guerra-civil-y-el-franquismo-costaran-278-106-euros\/#respond"]}]},{"@type":"WebPage","@id":"https:\/\/www.laguiadepamplona.com\/actualidad\/las-obras-del-panteon-del-cementerio-san-jose-de-pamplona-dedicado-a-personas-fusiladas-no-identificadas-de-la-guerra-civil-y-el-franquismo-costaran-278-106-euros\/","url":"https:\/\/www.laguiadepamplona.com\/actualidad\/las-obras-del-panteon-del-cementerio-san-jose-de-pamplona-dedicado-a-personas-fusiladas-no-identificadas-de-la-guerra-civil-y-el-franquismo-costaran-278-106-euros\/","name":"Las obras del pante\u00f3n del cementerio San Jos\u00e9 de Pamplona dedicado a personas fusiladas no identificadas de la Guerra Civil y el franquismo costar\u00e1n 278.106 euros","isPartOf":{"@id":"https:\/\/www.laguiadepamplona.com\/actualidad\/#website"},"primaryImageOfPage":{"@id":"https:\/\/www.laguiadepamplona.com\/actualidad\/las-obras-del-panteon-del-cementerio-san-jose-de-pamplona-dedicado-a-personas-fusiladas-no-identificadas-de-la-guerra-civil-y-el-franquismo-costaran-278-106-euros\/#primaryimage"},"image":{"@id":"https:\/\/www.laguiadepamplona.com\/actualidad\/las-obras-del-panteon-del-cementerio-san-jose-de-pamplona-dedicado-a-personas-fusiladas-no-identificadas-de-la-guerra-civil-y-el-franquismo-costaran-278-106-euros\/#primaryimage"},"thumbnailUrl":"https:\/\/www.laguiadepamplona.com\/actualidad\/wp-content\/uploads\/2021\/07\/cementerio_JMG4967.jpg","datePublished":"2024-08-01T15:43:49+00:00","description":"El Consistorio ha asignado 80 d\u00edas para concluir los trabajos, que est\u00e1n cofinanciados por el Gobierno de Navarra, que aportar\u00e1 125.000 euros","breadcrumb":{"@id":"https:\/\/www.laguiadepamplona.com\/actualidad\/las-obras-del-panteon-del-cementerio-san-jose-de-pamplona-dedicado-a-personas-fusiladas-no-identificadas-de-la-guerra-civil-y-el-franquismo-costaran-278-106-euros\/#breadcrumb"},"inLanguage":"es","potentialAction":[{"@type":"ReadAction","target":["https:\/\/www.laguiadepamplona.com\/actualidad\/las-obras-del-panteon-del-cementerio-san-jose-de-pamplona-dedicado-a-personas-fusiladas-no-identificadas-de-la-guerra-civil-y-el-franquismo-costaran-278-106-euros\/"]}]},{"@type":"ImageObject","inLanguage":"es","@id":"https:\/\/www.laguiadepamplona.com\/actualidad\/las-obras-del-panteon-del-cementerio-san-jose-de-pamplona-dedicado-a-personas-fusiladas-no-identificadas-de-la-guerra-civil-y-el-franquismo-costaran-278-106-euros\/#primaryimage","url":"https:\/\/www.laguiadepamplona.com\/actualidad\/wp-content\/uploads\/2021\/07\/cementerio_JMG4967.jpg","contentUrl":"https:\/\/www.laguiadepamplona.com\/actualidad\/wp-content\/uploads\/2021\/07\/cementerio_JMG4967.jpg","width":1920,"height":1280,"caption":"A* Jes\u00fas Garzaron F* 2020_10_27 T* Di\u00e1s previos al D\u00eda de todos los Santos. L* Cementerio de Pamplona"},{"@type":"BreadcrumbList","@id":"https:\/\/www.laguiadepamplona.com\/actualidad\/las-obras-del-panteon-del-cementerio-san-jose-de-pamplona-dedicado-a-personas-fusiladas-no-identificadas-de-la-guerra-civil-y-el-franquismo-costaran-278-106-euros\/#breadcrumb","itemListElement":[{"@type":"ListItem","position":1,"name":"Portada","item":"https:\/\/www.laguiadepamplona.com\/actualidad\/"},{"@type":"ListItem","position":2,"name":"Las obras del pante\u00f3n del cementerio San Jos\u00e9 de Pamplona dedicado a personas fusiladas no identificadas de la Guerra Civil y el franquismo costar\u00e1n 278.106 euros"}]},{"@type":"WebSite","@id":"https:\/\/www.laguiadepamplona.com\/actualidad\/#website","url":"https:\/\/www.laguiadepamplona.com\/actualidad\/","name":"La gu\u00eda de Pamplona","description":"Noticias de Pamplona","publisher":{"@id":"https:\/\/www.laguiadepamplona.com\/actualidad\/#organization"},"potentialAction":[{"@type":"SearchAction","target":{"@type":"EntryPoint","urlTemplate":"https:\/\/www.laguiadepamplona.com\/actualidad\/?s={search_term_string}"},"query-input":{"@type":"PropertyValueSpecification","valueRequired":true,"valueName":"search_term_string"}}],"inLanguage":"es"},{"@type":"Organization","@id":"https:\/\/www.laguiadepamplona.com\/actualidad\/#organization","name":"La Gu\u00eda de Pamplona \/ Noticias","url":"https:\/\/www.laguiadepamplona.com\/actualidad\/","logo":{"@type":"ImageObject","inLanguage":"es","@id":"https:\/\/www.laguiadepamplona.com\/actualidad\/#\/schema\/logo\/image\/","url":"https:\/\/www.laguiadepamplona.com\/actualidad\/wp-content\/uploads\/2018\/11\/logo-laguiadepamplona18-web1.png","contentUrl":"https:\/\/www.laguiadepamplona.com\/actualidad\/wp-content\/uploads\/2018\/11\/logo-laguiadepamplona18-web1.png","width":600,"height":196,"caption":"La Gu\u00eda de Pamplona \/ Noticias"},"image":{"@id":"https:\/\/www.laguiadepamplona.com\/actualidad\/#\/schema\/logo\/image\/"},"sameAs":["https:\/\/www.facebook.com\/laguiadepamplonacom-133175176762273\/?ref=hl","https:\/\/x.com\/LaGuiadPamplona","https:\/\/www.instagram.com\/la_guia_de_pamplona\/","https:\/\/www.youtube.com\/user\/laguiadepamplona"]},{"@type":"Person","@id":"https:\/\/www.laguiadepamplona.com\/actualidad\/#\/schema\/person\/efe887376f0213d4657c93adc50b1fdb","name":"La Gu\u00eda de Pamplona","image":{"@type":"ImageObject","inLanguage":"es","@id":"https:\/\/secure.gravatar.com\/avatar\/b6992f131dc8d30ab0dff15446e9d346d9dbd95992de0fef795073f5ea83a81c?s=96&d=mm&r=g","url":"https:\/\/secure.gravatar.com\/avatar\/b6992f131dc8d30ab0dff15446e9d346d9dbd95992de0fef795073f5ea83a81c?s=96&d=mm&r=g","contentUrl":"https:\/\/secure.gravatar.com\/avatar\/b6992f131dc8d30ab0dff15446e9d346d9dbd95992de0fef795073f5ea83a81c?s=96&d=mm&r=g","caption":"La Gu\u00eda de Pamplona"}}]}},"post_mailing_queue_ids":[],"_links":{"self":[{"href":"https:\/\/www.laguiadepamplona.com\/actualidad\/wp-json\/wp\/v2\/posts\/50414","targetHints":{"allow":["GET"]}}],"collection":[{"href":"https:\/\/www.laguiadepamplona.com\/actualidad\/wp-json\/wp\/v2\/posts"}],"about":[{"href":"https:\/\/www.laguiadepamplona.com\/actualidad\/wp-json\/wp\/v2\/types\/post"}],"author":[{"embeddable":true,"href":"https:\/\/www.laguiadepamplona.com\/actualidad\/wp-json\/wp\/v2\/users\/1"}],"replies":[{"embeddable":true,"href":"https:\/\/www.laguiadepamplona.com\/actualidad\/wp-json\/wp\/v2\/comments?post=50414"}],"version-history":[{"count":1,"href":"https:\/\/www.laguiadepamplona.com\/actualidad\/wp-json\/wp\/v2\/posts\/50414\/revisions"}],"predecessor-version":[{"id":50415,"href":"https:\/\/www.laguiadepamplona.com\/actualidad\/wp-json\/wp\/v2\/posts\/50414\/revisions\/50415"}],"wp:featuredmedia":[{"embeddable":true,"href":"https:\/\/www.laguiadepamplona.com\/actualidad\/wp-json\/wp\/v2\/media\/35940"}],"wp:attachment":[{"href":"https:\/\/www.laguiadepamplona.com\/actualidad\/wp-json\/wp\/v2\/media?parent=50414"}],"wp:term":[{"taxonomy":"category","embeddable":true,"href":"https:\/\/www.laguiadepamplona.com\/actualidad\/wp-json\/wp\/v2\/categories?post=50414"},{"taxonomy":"post_tag","embeddable":true,"href":"https:\/\/www.laguiadepamplona.com\/actualidad\/wp-json\/wp\/v2\/tags?post=50414"}],"curies":[{"name":"wp","href":"https:\/\/api.w.org\/{rel}","templated":true}]}}