{"id":50411,"date":"2024-08-01T17:41:48","date_gmt":"2024-08-01T15:41:48","guid":{"rendered":"https:\/\/www.laguiadepamplona.com\/actualidad\/?p=50411"},"modified":"2024-08-01T17:41:48","modified_gmt":"2024-08-01T15:41:48","slug":"entrega-de-los-premios-sorteados-entre-quienes-participaron-en-la-votacion-popular-del-xxiii-concurso-de-fuegos-artificiales-de-san-fermin","status":"publish","type":"post","link":"https:\/\/www.laguiadepamplona.com\/actualidad\/entrega-de-los-premios-sorteados-entre-quienes-participaron-en-la-votacion-popular-del-xxiii-concurso-de-fuegos-artificiales-de-san-fermin\/","title":{"rendered":"Entrega de los premios sorteados entre quienes participaron en la votaci\u00f3n popular del XXIII Concurso de Fuegos Artificiales de San Ferm\u00edn"},"content":{"rendered":"<h2>El acto ha sido en la Casa Consistorial y ha estado presidido por la concejala de Cultura, Maider Beloki, y representantes de los patrocinios<\/h2>\n<p><!--more--><\/p>\n<p>El Ayuntamiento de Pamplona ha entregado esta ma\u00f1ana premios a algunas de las personas que participaron este a\u00f1o en la votaci\u00f3n popular del XXIII Concurso de Fuegos Artificiales de San Ferm\u00edn \u2013 Fuegos de Autor. Los premios se han asignado a trav\u00e9s de un sorteo entre las personas que decidieron emitir sus votos, un total de 3.650, sobre las colecciones pirot\u00e9cnicas de Sanfermines 2024. El concreto la colecci\u00f3n \u2018La magia de la noche\u2019, del dan\u00e9s Gunnar Boerge Knudsen, fue la que obtuvo el favor del p\u00fablico en 2024, algo que se hizo p\u00fablico el pasado 18 de julio.<\/p>\n<p>La concejala delegada de Cultura, Fiestas, Educaci\u00f3n y Deporte, Maider Beloki, ha presidido el acto de entrega de premios, en el que tambi\u00e9n han estado presentes Diego Puente y Marian Garc\u00eda, de Eroski, y Marta P\u00e9rez-Nievas, de Diario de Navarra, como empresas patrocinadoras de la consulta popular.<\/p>\n<p>Los 26 regalos sorteados han sido 4 altavoces Urban Box; 4 lotes productos gourmet; 3 auriculares diadema Chill Teal; 3 neveras port\u00e1tiles Polarbox; 2 relojes Redmi Swach; 1 freidora sin aceite Jocca; 2 packs de experiencias, 1 juego de cubiertos de pasta; 1 torre de sonido DSK-610 Daewoo; 1 olla a presi\u00f3n; 1 cesta de tela Aloe Vera; 1 Earphones Urban 1 y dos 2 Chromecast Boreal. Las personas agraciadas que no han podido asistir hoy al acto para recoger sus premios podr\u00e1n hacerlo en los locales del \u00c1rea, en Descalzos, 72.<\/p>\n<p>Los 3.650 votos emitidos (2.892 votos v\u00eda web y 758 votos presentados en papel), suponen un 53% m\u00e1s de participaci\u00f3n que en la edici\u00f3n del a\u00f1o pasado. La elecci\u00f3n ciudadana fue la colecci\u00f3n del dan\u00e9s Gunnar Boerge Knudsen, por su colecci\u00f3n del d\u00eda 7 de julio, \u2018La magia de la noche\/ Nattens magi\u2019, ganadora tambi\u00e9n del primer premio del jurado t\u00e9cnico.<\/p>\n","protected":false},"excerpt":{"rendered":"<p>El acto ha sido en la Casa Consistorial y ha estado presidido por la concejala de Cultura, Maider Beloki, y representantes de los patrocinios<\/p>\n","protected":false},"author":1,"featured_media":50412,"comment_status":"open","ping_status":"closed","sticky":false,"template":"","format":"standard","meta":{"footnotes":""},"categories":[2],"tags":[],"class_list":["post-50411","post","type-post","status-publish","format-standard","has-post-thumbnail","hentry","category-ayuntamiento-pamplona"],"yoast_head":"<!-- This site is optimized with the Yoast SEO plugin v27.3 - https:\/\/yoast.com\/product\/yoast-seo-wordpress\/ -->\n<title>Entrega de los premios sorteados entre quienes participaron en la votaci\u00f3n popular del XXIII Concurso de Fuegos Artificiales de San Ferm\u00edn<\/title>\n<meta name=\"description\" content=\"El acto ha sido en la Casa Consistorial y ha estado presidido por la concejala de Cultura, Maider Beloki, y representantes de los patrocinios\" \/>\n<meta name=\"robots\" content=\"index, follow, max-snippet:-1, max-image-preview:large, max-video-preview:-1\" \/>\n<link rel=\"canonical\" href=\"https:\/\/www.laguiadepamplona.com\/actualidad\/entrega-de-los-premios-sorteados-entre-quienes-participaron-en-la-votacion-popular-del-xxiii-concurso-de-fuegos-artificiales-de-san-fermin\/\" \/>\n<meta property=\"og:locale\" content=\"es_ES\" \/>\n<meta property=\"og:type\" content=\"article\" \/>\n<meta property=\"og:title\" content=\"Entrega de los premios sorteados entre quienes participaron en la votaci\u00f3n popular del XXIII Concurso de Fuegos Artificiales de San Ferm\u00edn\" \/>\n<meta property=\"og:description\" content=\"El acto ha sido en la Casa Consistorial y ha estado presidido por la concejala de Cultura, Maider Beloki, y representantes de los patrocinios\" \/>\n<meta property=\"og:url\" content=\"https:\/\/www.laguiadepamplona.com\/actualidad\/entrega-de-los-premios-sorteados-entre-quienes-participaron-en-la-votacion-popular-del-xxiii-concurso-de-fuegos-artificiales-de-san-fermin\/\" \/>\n<meta property=\"og:site_name\" content=\"La Gu\u00eda de Pamplona\" \/>\n<meta property=\"article:publisher\" content=\"https:\/\/www.facebook.com\/laguiadepamplonacom-133175176762273\/?ref=hl\" \/>\n<meta property=\"article:published_time\" content=\"2024-08-01T15:41:48+00:00\" \/>\n<meta property=\"og:image\" content=\"https:\/\/www.laguiadepamplona.com\/actualidad\/wp-content\/uploads\/2024\/08\/PREMIOS-FUEGOS.webp\" \/>\n\t<meta property=\"og:image:width\" content=\"1000\" \/>\n\t<meta property=\"og:image:height\" content=\"667\" \/>\n\t<meta property=\"og:image:type\" content=\"image\/webp\" \/>\n<meta name=\"author\" content=\"La Gu\u00eda de Pamplona\" \/>\n<meta name=\"twitter:card\" content=\"summary_large_image\" \/>\n<meta name=\"twitter:creator\" content=\"@LaGuiadPamplona\" \/>\n<meta name=\"twitter:site\" content=\"@LaGuiadPamplona\" \/>\n<meta name=\"twitter:label1\" content=\"Escrito por\" \/>\n\t<meta name=\"twitter:data1\" content=\"La Gu\u00eda de Pamplona\" \/>\n\t<meta name=\"twitter:label2\" content=\"Tiempo de lectura\" \/>\n\t<meta name=\"twitter:data2\" content=\"2 minutos\" \/>\n<script type=\"application\/ld+json\" class=\"yoast-schema-graph\">{\"@context\":\"https:\\\/\\\/schema.org\",\"@graph\":[{\"@type\":\"Article\",\"@id\":\"https:\\\/\\\/www.laguiadepamplona.com\\\/actualidad\\\/entrega-de-los-premios-sorteados-entre-quienes-participaron-en-la-votacion-popular-del-xxiii-concurso-de-fuegos-artificiales-de-san-fermin\\\/#article\",\"isPartOf\":{\"@id\":\"https:\\\/\\\/www.laguiadepamplona.com\\\/actualidad\\\/entrega-de-los-premios-sorteados-entre-quienes-participaron-en-la-votacion-popular-del-xxiii-concurso-de-fuegos-artificiales-de-san-fermin\\\/\"},\"author\":{\"name\":\"La Gu\u00eda de Pamplona\",\"@id\":\"https:\\\/\\\/www.laguiadepamplona.com\\\/actualidad\\\/#\\\/schema\\\/person\\\/efe887376f0213d4657c93adc50b1fdb\"},\"headline\":\"Entrega de los premios sorteados entre quienes participaron en la votaci\u00f3n popular del XXIII Concurso de Fuegos Artificiales de San Ferm\u00edn\",\"datePublished\":\"2024-08-01T15:41:48+00:00\",\"mainEntityOfPage\":{\"@id\":\"https:\\\/\\\/www.laguiadepamplona.com\\\/actualidad\\\/entrega-de-los-premios-sorteados-entre-quienes-participaron-en-la-votacion-popular-del-xxiii-concurso-de-fuegos-artificiales-de-san-fermin\\\/\"},\"wordCount\":348,\"commentCount\":0,\"publisher\":{\"@id\":\"https:\\\/\\\/www.laguiadepamplona.com\\\/actualidad\\\/#organization\"},\"image\":{\"@id\":\"https:\\\/\\\/www.laguiadepamplona.com\\\/actualidad\\\/entrega-de-los-premios-sorteados-entre-quienes-participaron-en-la-votacion-popular-del-xxiii-concurso-de-fuegos-artificiales-de-san-fermin\\\/#primaryimage\"},\"thumbnailUrl\":\"https:\\\/\\\/www.laguiadepamplona.com\\\/actualidad\\\/wp-content\\\/uploads\\\/2024\\\/08\\\/PREMIOS-FUEGOS.webp\",\"articleSection\":[\"Ayto Pamplona\"],\"inLanguage\":\"es\",\"potentialAction\":[{\"@type\":\"CommentAction\",\"name\":\"Comment\",\"target\":[\"https:\\\/\\\/www.laguiadepamplona.com\\\/actualidad\\\/entrega-de-los-premios-sorteados-entre-quienes-participaron-en-la-votacion-popular-del-xxiii-concurso-de-fuegos-artificiales-de-san-fermin\\\/#respond\"]}]},{\"@type\":\"WebPage\",\"@id\":\"https:\\\/\\\/www.laguiadepamplona.com\\\/actualidad\\\/entrega-de-los-premios-sorteados-entre-quienes-participaron-en-la-votacion-popular-del-xxiii-concurso-de-fuegos-artificiales-de-san-fermin\\\/\",\"url\":\"https:\\\/\\\/www.laguiadepamplona.com\\\/actualidad\\\/entrega-de-los-premios-sorteados-entre-quienes-participaron-en-la-votacion-popular-del-xxiii-concurso-de-fuegos-artificiales-de-san-fermin\\\/\",\"name\":\"Entrega de los premios sorteados entre quienes participaron en la votaci\u00f3n popular del XXIII Concurso de Fuegos Artificiales de San Ferm\u00edn\",\"isPartOf\":{\"@id\":\"https:\\\/\\\/www.laguiadepamplona.com\\\/actualidad\\\/#website\"},\"primaryImageOfPage\":{\"@id\":\"https:\\\/\\\/www.laguiadepamplona.com\\\/actualidad\\\/entrega-de-los-premios-sorteados-entre-quienes-participaron-en-la-votacion-popular-del-xxiii-concurso-de-fuegos-artificiales-de-san-fermin\\\/#primaryimage\"},\"image\":{\"@id\":\"https:\\\/\\\/www.laguiadepamplona.com\\\/actualidad\\\/entrega-de-los-premios-sorteados-entre-quienes-participaron-en-la-votacion-popular-del-xxiii-concurso-de-fuegos-artificiales-de-san-fermin\\\/#primaryimage\"},\"thumbnailUrl\":\"https:\\\/\\\/www.laguiadepamplona.com\\\/actualidad\\\/wp-content\\\/uploads\\\/2024\\\/08\\\/PREMIOS-FUEGOS.webp\",\"datePublished\":\"2024-08-01T15:41:48+00:00\",\"description\":\"El acto ha sido en la Casa Consistorial y ha estado presidido por la concejala de Cultura, Maider Beloki, y representantes de los patrocinios\",\"breadcrumb\":{\"@id\":\"https:\\\/\\\/www.laguiadepamplona.com\\\/actualidad\\\/entrega-de-los-premios-sorteados-entre-quienes-participaron-en-la-votacion-popular-del-xxiii-concurso-de-fuegos-artificiales-de-san-fermin\\\/#breadcrumb\"},\"inLanguage\":\"es\",\"potentialAction\":[{\"@type\":\"ReadAction\",\"target\":[\"https:\\\/\\\/www.laguiadepamplona.com\\\/actualidad\\\/entrega-de-los-premios-sorteados-entre-quienes-participaron-en-la-votacion-popular-del-xxiii-concurso-de-fuegos-artificiales-de-san-fermin\\\/\"]}]},{\"@type\":\"ImageObject\",\"inLanguage\":\"es\",\"@id\":\"https:\\\/\\\/www.laguiadepamplona.com\\\/actualidad\\\/entrega-de-los-premios-sorteados-entre-quienes-participaron-en-la-votacion-popular-del-xxiii-concurso-de-fuegos-artificiales-de-san-fermin\\\/#primaryimage\",\"url\":\"https:\\\/\\\/www.laguiadepamplona.com\\\/actualidad\\\/wp-content\\\/uploads\\\/2024\\\/08\\\/PREMIOS-FUEGOS.webp\",\"contentUrl\":\"https:\\\/\\\/www.laguiadepamplona.com\\\/actualidad\\\/wp-content\\\/uploads\\\/2024\\\/08\\\/PREMIOS-FUEGOS.webp\",\"width\":1000,\"height\":667,\"caption\":\"premios fuegos artificiales 2024\"},{\"@type\":\"BreadcrumbList\",\"@id\":\"https:\\\/\\\/www.laguiadepamplona.com\\\/actualidad\\\/entrega-de-los-premios-sorteados-entre-quienes-participaron-en-la-votacion-popular-del-xxiii-concurso-de-fuegos-artificiales-de-san-fermin\\\/#breadcrumb\",\"itemListElement\":[{\"@type\":\"ListItem\",\"position\":1,\"name\":\"Portada\",\"item\":\"https:\\\/\\\/www.laguiadepamplona.com\\\/actualidad\\\/\"},{\"@type\":\"ListItem\",\"position\":2,\"name\":\"Entrega de los premios sorteados entre quienes participaron en la votaci\u00f3n popular del XXIII Concurso de Fuegos Artificiales de San Ferm\u00edn\"}]},{\"@type\":\"WebSite\",\"@id\":\"https:\\\/\\\/www.laguiadepamplona.com\\\/actualidad\\\/#website\",\"url\":\"https:\\\/\\\/www.laguiadepamplona.com\\\/actualidad\\\/\",\"name\":\"La gu\u00eda de Pamplona\",\"description\":\"Noticias de Pamplona\",\"publisher\":{\"@id\":\"https:\\\/\\\/www.laguiadepamplona.com\\\/actualidad\\\/#organization\"},\"potentialAction\":[{\"@type\":\"SearchAction\",\"target\":{\"@type\":\"EntryPoint\",\"urlTemplate\":\"https:\\\/\\\/www.laguiadepamplona.com\\\/actualidad\\\/?s={search_term_string}\"},\"query-input\":{\"@type\":\"PropertyValueSpecification\",\"valueRequired\":true,\"valueName\":\"search_term_string\"}}],\"inLanguage\":\"es\"},{\"@type\":\"Organization\",\"@id\":\"https:\\\/\\\/www.laguiadepamplona.com\\\/actualidad\\\/#organization\",\"name\":\"La Gu\u00eda de Pamplona \\\/ Noticias\",\"url\":\"https:\\\/\\\/www.laguiadepamplona.com\\\/actualidad\\\/\",\"logo\":{\"@type\":\"ImageObject\",\"inLanguage\":\"es\",\"@id\":\"https:\\\/\\\/www.laguiadepamplona.com\\\/actualidad\\\/#\\\/schema\\\/logo\\\/image\\\/\",\"url\":\"https:\\\/\\\/www.laguiadepamplona.com\\\/actualidad\\\/wp-content\\\/uploads\\\/2018\\\/11\\\/logo-laguiadepamplona18-web1.png\",\"contentUrl\":\"https:\\\/\\\/www.laguiadepamplona.com\\\/actualidad\\\/wp-content\\\/uploads\\\/2018\\\/11\\\/logo-laguiadepamplona18-web1.png\",\"width\":600,\"height\":196,\"caption\":\"La Gu\u00eda de Pamplona \\\/ Noticias\"},\"image\":{\"@id\":\"https:\\\/\\\/www.laguiadepamplona.com\\\/actualidad\\\/#\\\/schema\\\/logo\\\/image\\\/\"},\"sameAs\":[\"https:\\\/\\\/www.facebook.com\\\/laguiadepamplonacom-133175176762273\\\/?ref=hl\",\"https:\\\/\\\/x.com\\\/LaGuiadPamplona\",\"https:\\\/\\\/www.instagram.com\\\/la_guia_de_pamplona\\\/\",\"https:\\\/\\\/www.youtube.com\\\/user\\\/laguiadepamplona\"]},{\"@type\":\"Person\",\"@id\":\"https:\\\/\\\/www.laguiadepamplona.com\\\/actualidad\\\/#\\\/schema\\\/person\\\/efe887376f0213d4657c93adc50b1fdb\",\"name\":\"La Gu\u00eda de Pamplona\",\"image\":{\"@type\":\"ImageObject\",\"inLanguage\":\"es\",\"@id\":\"https:\\\/\\\/secure.gravatar.com\\\/avatar\\\/b6992f131dc8d30ab0dff15446e9d346d9dbd95992de0fef795073f5ea83a81c?s=96&d=mm&r=g\",\"url\":\"https:\\\/\\\/secure.gravatar.com\\\/avatar\\\/b6992f131dc8d30ab0dff15446e9d346d9dbd95992de0fef795073f5ea83a81c?s=96&d=mm&r=g\",\"contentUrl\":\"https:\\\/\\\/secure.gravatar.com\\\/avatar\\\/b6992f131dc8d30ab0dff15446e9d346d9dbd95992de0fef795073f5ea83a81c?s=96&d=mm&r=g\",\"caption\":\"La Gu\u00eda de Pamplona\"}}]}<\/script>\n<!-- \/ Yoast SEO plugin. -->","yoast_head_json":{"title":"Entrega de los premios sorteados entre quienes participaron en la votaci\u00f3n popular del XXIII Concurso de Fuegos Artificiales de San Ferm\u00edn","description":"El acto ha sido en la Casa Consistorial y ha estado presidido por la concejala de Cultura, Maider Beloki, y representantes de los patrocinios","robots":{"index":"index","follow":"follow","max-snippet":"max-snippet:-1","max-image-preview":"max-image-preview:large","max-video-preview":"max-video-preview:-1"},"canonical":"https:\/\/www.laguiadepamplona.com\/actualidad\/entrega-de-los-premios-sorteados-entre-quienes-participaron-en-la-votacion-popular-del-xxiii-concurso-de-fuegos-artificiales-de-san-fermin\/","og_locale":"es_ES","og_type":"article","og_title":"Entrega de los premios sorteados entre quienes participaron en la votaci\u00f3n popular del XXIII Concurso de Fuegos Artificiales de San Ferm\u00edn","og_description":"El acto ha sido en la Casa Consistorial y ha estado presidido por la concejala de Cultura, Maider Beloki, y representantes de los patrocinios","og_url":"https:\/\/www.laguiadepamplona.com\/actualidad\/entrega-de-los-premios-sorteados-entre-quienes-participaron-en-la-votacion-popular-del-xxiii-concurso-de-fuegos-artificiales-de-san-fermin\/","og_site_name":"La Gu\u00eda de Pamplona","article_publisher":"https:\/\/www.facebook.com\/laguiadepamplonacom-133175176762273\/?ref=hl","article_published_time":"2024-08-01T15:41:48+00:00","og_image":[{"width":1000,"height":667,"url":"https:\/\/www.laguiadepamplona.com\/actualidad\/wp-content\/uploads\/2024\/08\/PREMIOS-FUEGOS.webp","type":"image\/webp"}],"author":"La Gu\u00eda de Pamplona","twitter_card":"summary_large_image","twitter_creator":"@LaGuiadPamplona","twitter_site":"@LaGuiadPamplona","twitter_misc":{"Escrito por":"La Gu\u00eda de Pamplona","Tiempo de lectura":"2 minutos"},"schema":{"@context":"https:\/\/schema.org","@graph":[{"@type":"Article","@id":"https:\/\/www.laguiadepamplona.com\/actualidad\/entrega-de-los-premios-sorteados-entre-quienes-participaron-en-la-votacion-popular-del-xxiii-concurso-de-fuegos-artificiales-de-san-fermin\/#article","isPartOf":{"@id":"https:\/\/www.laguiadepamplona.com\/actualidad\/entrega-de-los-premios-sorteados-entre-quienes-participaron-en-la-votacion-popular-del-xxiii-concurso-de-fuegos-artificiales-de-san-fermin\/"},"author":{"name":"La Gu\u00eda de Pamplona","@id":"https:\/\/www.laguiadepamplona.com\/actualidad\/#\/schema\/person\/efe887376f0213d4657c93adc50b1fdb"},"headline":"Entrega de los premios sorteados entre quienes participaron en la votaci\u00f3n popular del XXIII Concurso de Fuegos Artificiales de San Ferm\u00edn","datePublished":"2024-08-01T15:41:48+00:00","mainEntityOfPage":{"@id":"https:\/\/www.laguiadepamplona.com\/actualidad\/entrega-de-los-premios-sorteados-entre-quienes-participaron-en-la-votacion-popular-del-xxiii-concurso-de-fuegos-artificiales-de-san-fermin\/"},"wordCount":348,"commentCount":0,"publisher":{"@id":"https:\/\/www.laguiadepamplona.com\/actualidad\/#organization"},"image":{"@id":"https:\/\/www.laguiadepamplona.com\/actualidad\/entrega-de-los-premios-sorteados-entre-quienes-participaron-en-la-votacion-popular-del-xxiii-concurso-de-fuegos-artificiales-de-san-fermin\/#primaryimage"},"thumbnailUrl":"https:\/\/www.laguiadepamplona.com\/actualidad\/wp-content\/uploads\/2024\/08\/PREMIOS-FUEGOS.webp","articleSection":["Ayto Pamplona"],"inLanguage":"es","potentialAction":[{"@type":"CommentAction","name":"Comment","target":["https:\/\/www.laguiadepamplona.com\/actualidad\/entrega-de-los-premios-sorteados-entre-quienes-participaron-en-la-votacion-popular-del-xxiii-concurso-de-fuegos-artificiales-de-san-fermin\/#respond"]}]},{"@type":"WebPage","@id":"https:\/\/www.laguiadepamplona.com\/actualidad\/entrega-de-los-premios-sorteados-entre-quienes-participaron-en-la-votacion-popular-del-xxiii-concurso-de-fuegos-artificiales-de-san-fermin\/","url":"https:\/\/www.laguiadepamplona.com\/actualidad\/entrega-de-los-premios-sorteados-entre-quienes-participaron-en-la-votacion-popular-del-xxiii-concurso-de-fuegos-artificiales-de-san-fermin\/","name":"Entrega de los premios sorteados entre quienes participaron en la votaci\u00f3n popular del XXIII Concurso de Fuegos Artificiales de San Ferm\u00edn","isPartOf":{"@id":"https:\/\/www.laguiadepamplona.com\/actualidad\/#website"},"primaryImageOfPage":{"@id":"https:\/\/www.laguiadepamplona.com\/actualidad\/entrega-de-los-premios-sorteados-entre-quienes-participaron-en-la-votacion-popular-del-xxiii-concurso-de-fuegos-artificiales-de-san-fermin\/#primaryimage"},"image":{"@id":"https:\/\/www.laguiadepamplona.com\/actualidad\/entrega-de-los-premios-sorteados-entre-quienes-participaron-en-la-votacion-popular-del-xxiii-concurso-de-fuegos-artificiales-de-san-fermin\/#primaryimage"},"thumbnailUrl":"https:\/\/www.laguiadepamplona.com\/actualidad\/wp-content\/uploads\/2024\/08\/PREMIOS-FUEGOS.webp","datePublished":"2024-08-01T15:41:48+00:00","description":"El acto ha sido en la Casa Consistorial y ha estado presidido por la concejala de Cultura, Maider Beloki, y representantes de los patrocinios","breadcrumb":{"@id":"https:\/\/www.laguiadepamplona.com\/actualidad\/entrega-de-los-premios-sorteados-entre-quienes-participaron-en-la-votacion-popular-del-xxiii-concurso-de-fuegos-artificiales-de-san-fermin\/#breadcrumb"},"inLanguage":"es","potentialAction":[{"@type":"ReadAction","target":["https:\/\/www.laguiadepamplona.com\/actualidad\/entrega-de-los-premios-sorteados-entre-quienes-participaron-en-la-votacion-popular-del-xxiii-concurso-de-fuegos-artificiales-de-san-fermin\/"]}]},{"@type":"ImageObject","inLanguage":"es","@id":"https:\/\/www.laguiadepamplona.com\/actualidad\/entrega-de-los-premios-sorteados-entre-quienes-participaron-en-la-votacion-popular-del-xxiii-concurso-de-fuegos-artificiales-de-san-fermin\/#primaryimage","url":"https:\/\/www.laguiadepamplona.com\/actualidad\/wp-content\/uploads\/2024\/08\/PREMIOS-FUEGOS.webp","contentUrl":"https:\/\/www.laguiadepamplona.com\/actualidad\/wp-content\/uploads\/2024\/08\/PREMIOS-FUEGOS.webp","width":1000,"height":667,"caption":"premios fuegos artificiales 2024"},{"@type":"BreadcrumbList","@id":"https:\/\/www.laguiadepamplona.com\/actualidad\/entrega-de-los-premios-sorteados-entre-quienes-participaron-en-la-votacion-popular-del-xxiii-concurso-de-fuegos-artificiales-de-san-fermin\/#breadcrumb","itemListElement":[{"@type":"ListItem","position":1,"name":"Portada","item":"https:\/\/www.laguiadepamplona.com\/actualidad\/"},{"@type":"ListItem","position":2,"name":"Entrega de los premios sorteados entre quienes participaron en la votaci\u00f3n popular del XXIII Concurso de Fuegos Artificiales de San Ferm\u00edn"}]},{"@type":"WebSite","@id":"https:\/\/www.laguiadepamplona.com\/actualidad\/#website","url":"https:\/\/www.laguiadepamplona.com\/actualidad\/","name":"La gu\u00eda de Pamplona","description":"Noticias de Pamplona","publisher":{"@id":"https:\/\/www.laguiadepamplona.com\/actualidad\/#organization"},"potentialAction":[{"@type":"SearchAction","target":{"@type":"EntryPoint","urlTemplate":"https:\/\/www.laguiadepamplona.com\/actualidad\/?s={search_term_string}"},"query-input":{"@type":"PropertyValueSpecification","valueRequired":true,"valueName":"search_term_string"}}],"inLanguage":"es"},{"@type":"Organization","@id":"https:\/\/www.laguiadepamplona.com\/actualidad\/#organization","name":"La Gu\u00eda de Pamplona \/ Noticias","url":"https:\/\/www.laguiadepamplona.com\/actualidad\/","logo":{"@type":"ImageObject","inLanguage":"es","@id":"https:\/\/www.laguiadepamplona.com\/actualidad\/#\/schema\/logo\/image\/","url":"https:\/\/www.laguiadepamplona.com\/actualidad\/wp-content\/uploads\/2018\/11\/logo-laguiadepamplona18-web1.png","contentUrl":"https:\/\/www.laguiadepamplona.com\/actualidad\/wp-content\/uploads\/2018\/11\/logo-laguiadepamplona18-web1.png","width":600,"height":196,"caption":"La Gu\u00eda de Pamplona \/ Noticias"},"image":{"@id":"https:\/\/www.laguiadepamplona.com\/actualidad\/#\/schema\/logo\/image\/"},"sameAs":["https:\/\/www.facebook.com\/laguiadepamplonacom-133175176762273\/?ref=hl","https:\/\/x.com\/LaGuiadPamplona","https:\/\/www.instagram.com\/la_guia_de_pamplona\/","https:\/\/www.youtube.com\/user\/laguiadepamplona"]},{"@type":"Person","@id":"https:\/\/www.laguiadepamplona.com\/actualidad\/#\/schema\/person\/efe887376f0213d4657c93adc50b1fdb","name":"La Gu\u00eda de Pamplona","image":{"@type":"ImageObject","inLanguage":"es","@id":"https:\/\/secure.gravatar.com\/avatar\/b6992f131dc8d30ab0dff15446e9d346d9dbd95992de0fef795073f5ea83a81c?s=96&d=mm&r=g","url":"https:\/\/secure.gravatar.com\/avatar\/b6992f131dc8d30ab0dff15446e9d346d9dbd95992de0fef795073f5ea83a81c?s=96&d=mm&r=g","contentUrl":"https:\/\/secure.gravatar.com\/avatar\/b6992f131dc8d30ab0dff15446e9d346d9dbd95992de0fef795073f5ea83a81c?s=96&d=mm&r=g","caption":"La Gu\u00eda de Pamplona"}}]}},"post_mailing_queue_ids":[],"_links":{"self":[{"href":"https:\/\/www.laguiadepamplona.com\/actualidad\/wp-json\/wp\/v2\/posts\/50411","targetHints":{"allow":["GET"]}}],"collection":[{"href":"https:\/\/www.laguiadepamplona.com\/actualidad\/wp-json\/wp\/v2\/posts"}],"about":[{"href":"https:\/\/www.laguiadepamplona.com\/actualidad\/wp-json\/wp\/v2\/types\/post"}],"author":[{"embeddable":true,"href":"https:\/\/www.laguiadepamplona.com\/actualidad\/wp-json\/wp\/v2\/users\/1"}],"replies":[{"embeddable":true,"href":"https:\/\/www.laguiadepamplona.com\/actualidad\/wp-json\/wp\/v2\/comments?post=50411"}],"version-history":[{"count":1,"href":"https:\/\/www.laguiadepamplona.com\/actualidad\/wp-json\/wp\/v2\/posts\/50411\/revisions"}],"predecessor-version":[{"id":50413,"href":"https:\/\/www.laguiadepamplona.com\/actualidad\/wp-json\/wp\/v2\/posts\/50411\/revisions\/50413"}],"wp:featuredmedia":[{"embeddable":true,"href":"https:\/\/www.laguiadepamplona.com\/actualidad\/wp-json\/wp\/v2\/media\/50412"}],"wp:attachment":[{"href":"https:\/\/www.laguiadepamplona.com\/actualidad\/wp-json\/wp\/v2\/media?parent=50411"}],"wp:term":[{"taxonomy":"category","embeddable":true,"href":"https:\/\/www.laguiadepamplona.com\/actualidad\/wp-json\/wp\/v2\/categories?post=50411"},{"taxonomy":"post_tag","embeddable":true,"href":"https:\/\/www.laguiadepamplona.com\/actualidad\/wp-json\/wp\/v2\/tags?post=50411"}],"curies":[{"name":"wp","href":"https:\/\/api.w.org\/{rel}","templated":true}]}}