{"id":50408,"date":"2024-08-01T17:39:43","date_gmt":"2024-08-01T15:39:43","guid":{"rendered":"https:\/\/www.laguiadepamplona.com\/actualidad\/?p=50408"},"modified":"2024-08-01T17:39:43","modified_gmt":"2024-08-01T15:39:43","slug":"vuelve-el-festival-de-las-murallas-con-una-completa-propuesta-artistica-que-incluye-circo-musica-danza-y-teatro-para-las-tardes-de-agosto","status":"publish","type":"post","link":"https:\/\/www.laguiadepamplona.com\/actualidad\/vuelve-el-festival-de-las-murallas-con-una-completa-propuesta-artistica-que-incluye-circo-musica-danza-y-teatro-para-las-tardes-de-agosto\/","title":{"rendered":"Vuelve el Festival de las Murallas con una completa propuesta art\u00edstica que incluye circo, m\u00fasica, danza y teatro para las tardes de agosto"},"content":{"rendered":"<h2>El festival se desarrollar\u00e1 desde el 6 hasta el 24 de agosto, en la Ciudadela, la plaza de la Virgen de la O, la ronda Barbazana y el front\u00f3n Jito Alai<\/h2>\n<p><!--more--><\/p>\n<p>Un a\u00f1o m\u00e1s, y ya son 18, la Ciudadela y el entorno amurallado de Pamplona se convertir\u00e1n este mes de agosto en el escenario del Festival de las Murallas, una propuesta cultural del Ayuntamiento, que acerca a las artes esc\u00e9nicas al conjunto de la ciudadan\u00eda de forma gratuita en unos espacios emblem\u00e1ticos de la ciudad. La propia Ciudadela, la plaza Virgen de la O, el Caballo Blanco y la ronda Barbazana y el front\u00f3n Jito Alai ser\u00e1n los lugares de encuentro para cada uno de los cuatro ciclos que componen esta oferta cultural, que se desarrollar\u00e1 entre el 6 y el 24 de agosto.<\/p>\n<p>Bajo el paraguas del Festival de las Muralla, se encuentra el programa Cinco Puntas, que convertir\u00e1 la Ciudadela en una improvisada carpa al aire libre para espect\u00e1culos de circo y acrobacias. Por su parte, la plaza Virgen de la O ser\u00e1 el lugar elegido para llevar el arte, la innovaci\u00f3n y la ciencia al conjunto de la poblaci\u00f3n de la mano del ciclo Atardecer Pamplona. Hasta el Caballo Blanco y la ronda Barbazana se trasladar\u00e1 el programa Danzad, Danzad, Malditos, que una vez m\u00e1s llenar\u00e1 de danza contempor\u00e1nea las tardes de Pamplona, combinando esta disciplina con el parkour, que guiar\u00e1 a los asistentes de actuaci\u00f3n a actuaci\u00f3n a lo largo del recinto amurallado. El cierre lo podr\u00e1n las noches musicales de Malditos Night, en el front\u00f3n Jito Alai.<\/p>\n<p>La concejala delegada de Cultura, Fiestas, Educaci\u00f3n y Deporte, Maider Beloki Unzu, ha sido la encargada de presentar este jueves en el Palacio de Condestable una nueva edici\u00f3n del Festival de las Murallas, junto con David Ballano, responsable del programa Atardecer y Malditos Night; Carmen Larraz, responsable de Danzad, Danzad, Malditos; y Bel\u00e9n \u00c1lvarez, responsable de Cinco Puntas.<\/p>\n<p>De la mano de todos estos ciclos, la ciudad contar\u00e1 con actuaciones todos los d\u00edas, de martes a s\u00e1bado, de distintas disciplinas y en distintas ubicaciones. El Ayuntamiento arranc\u00f3 en el a\u00f1o 2007 con la programaci\u00f3n de actividades como danza vertical, catas o conciertos a la luz de las velas en el entorno de la Ciudadela con el objetivo de resaltar la importancia de este bien patrimonial y convertirlo en un referente del ocio y la cultura de la ciudad.\u00a0 Los espect\u00e1culos programados este a\u00f1o en el Festival de las Murallas se completar\u00e1n por orden de llegada del p\u00fablico. Toda la programaci\u00f3n del Festival de las Murallas est\u00e1 detallada en la web pamplonaescultura.es.<\/p>\n<p><strong>Cinco Puntas: acrobacias y circo en la Ciudadela<\/strong><\/p>\n<p>En una clara referencia al plano de la Ciudadela, con su forma de estrella, el programa Cinco Puntas ser\u00e1 el encargado de abrir el Festival de las Murallas el pr\u00f3ximo martes, d\u00eda 6. Un total de nueve actuaciones circenses, de otras tantas compa\u00f1\u00edas, componen el programa, que invitar\u00e1 a la ciudadan\u00eda a disfrutar de estos espect\u00e1culos en las tardes de los martes, mi\u00e9rcoles y jueves, hasta el 22 de agosto. Todas las citas, a lo largo de estas tres semanas, ser\u00e1n a las 20 horas, salvo la que tendr\u00e1 lugar el 22 de agosto, que comenzar\u00e1 a las 22 horas. Todas tendr\u00e1n una duraci\u00f3n aproximada de entre 40 y 60 minutos. Se trata, de hecho, de espect\u00e1culos breves, pero intensos, llenos de acrobacias y equilibrios.<\/p>\n<p>La compa\u00f1\u00eda Pistolet ser\u00e1 la encargada de inaugurar el ciclo, con su espect\u00e1culo \u2018El Itinerante\u2019, que arrancar\u00e1 desde el exterior de la Sala de Armas de la Ciudadela. Un d\u00eda despu\u00e9s, ser\u00e1 el turno de la compa\u00f1\u00eda Siroco, que traer\u00e1 a Pamplona la obra \u2018L\u2019appel du vide\u2019, de acrodanza y equilibrios. Esta primera semana concluir\u00e1 con el espect\u00e1culo, el jueves d\u00eda 8, de La banda del otro, compa\u00f1\u00eda que representar\u00e1 \u2018Yee Haw\u2019, ambientada en el viejo Oeste, con m\u00fasicos, payasos y malabaristas.<\/p>\n<p>La segunda semana del Festival, la Ciudadela acoger\u00e1 el espect\u00e1culo \u2018Rojo est\u00e1ndar\u2019, de la compa\u00f1\u00eda Lan\u00f6rdika. Esta cita con el circo y la danza tendr\u00e1 lugar el martes d\u00eda 13. El mi\u00e9rcoles el protagonismo se lo llevar\u00e1 Halako Ezpala, con la actuaci\u00f3n \u2018Motxila\u2019, que combina m\u00fasica y circo. El jueves d\u00eda 15 ser\u00e1 el grupo La Trokola quien lleve su espect\u00e1culo \u2018REM\u2019 entre los muros de la Ciudadela.<\/p>\n<p>La tercera y \u00faltima semana del ciclo Cinco Puntas, este recinto amurallado del centro de la ciudad volver\u00e1 a acoger tres actuaciones nuevas. El martes 20 de agosto la compa\u00f1\u00eda Trotamundos presentar\u00e1 \u2018Finito-infinito\u2019, una acci\u00f3n art\u00edstica que combina circo, teatro y danza. El mi\u00e9rcoles 21 el Cirque Entre-Nous acercar\u00e1 a Pamplona su obra \u2018Bordeline\u2019, de circo en movimiento. Precisamente por ello, el espect\u00e1culo arrancar\u00e1 desde la sala Lidia Biurrun, para luego recorrer distintos espacios de la Ciudadela.<\/p>\n<p>El punto final a este Cinco Puntas lo pondr\u00e1 el espect\u00e1culo de circo \u2018R\u00e9siste\u2019, de la compa\u00f1\u00eda Les filles du Renard Pale. Se trata de un espect\u00e1culo de funambulismo a gran altura, donde se juega con el vac\u00edo y la suspensi\u00f3n. En esta ocasi\u00f3n la actuaci\u00f3n arrancar\u00e1 a las 22 horas.<\/p>\n<p><strong>Atardeceres de los viernes en la plaza de la O<\/strong><\/p>\n<p>Por octavo a\u00f1o consecutivo en las tardes de los viernes de agosto del Festival de las Murallas las citas ser\u00e1n en la plaza de la Virgen de la O. En ese espacio del entorno fortificado de la ciudad las puestas de sol enmarcan Atardecer Pamplona, una acci\u00f3n cultural gratuita al aire libre que integra algunas de las claves m\u00e1s importantes en la sociedad del futuro: ciencia, arte, nuevas tecnolog\u00edas y energ\u00edas renovables. Y lo hace mediante espect\u00e1culos variados de danza o circo.<\/p>\n<p>El programa se desarrollar\u00e1 del 9 al 23 de agosto a las 20 horas, para coincidir con los momentos del atardecer, comenzando el viernes 9 con la reflexi\u00f3n circense sobre ecolog\u00eda que propone la compa\u00f1\u00eda P\u00eda en la actuaci\u00f3n \u2019Oxygen 2, una exploraci\u00f3n de un mundo en el que el ox\u00edgeno es un bien escaso\u2019. El viernes 16 de agosto Maitana Sarralde interpretar\u00e1 una sesi\u00f3n de danza con arn\u00e9s con componentes circenses bajo el t\u00edtulo \u2018Des\u00aanuda\u2019 y, para acabar la propuesta de la plaza de la 0, la compa\u00f1\u00eda Zirkozaurre pondr\u00e1 en escena \u2018Ardatzak\u2019 (Ejes) un espect\u00e1culo con di\u00e1bolo, acrobacias y equilibrios<\/p>\n<p>Una peque\u00f1a instalaci\u00f3n solar fotovoltaica proporciona la energ\u00eda el\u00e9ctrica que hace posible el funcionamiento de los medios t\u00e9cnicos de estos espect\u00e1culos. El Ayuntamiento de Pamplona produce este ciclo en colaboraci\u00f3n con el colectivo conCienciaArte.<\/p>\n<p><strong>Creaci\u00f3n corporal internacional y local<\/strong><\/p>\n<p>El festival itinerante de danza y creaci\u00f3n corporal de la programaci\u00f3n del Festival de las Murallas, Danzad, Danzad, Malditos (DDM), celebra este a\u00f1o su novena edici\u00f3n. Las citas, en este 2024, tendr\u00e1n lugar los s\u00e1bados 10, 17 y 24 de agosto. El festival apuesta por lo experimental y por la combinaci\u00f3n de diferentes disciplinas entorno al movimiento: danza contempor\u00e1nea, teatro corporal, la danza f\u00edsica, el estilo circense, el vogue, etc.<\/p>\n<p>Como siempre el punto de encuentro ser\u00e1 el Caballo Blanco a las 20 horas, y el p\u00fablico, guiado por un equipo de Parkour, podr\u00e1 recorrer distintos espacios esc\u00e9nicos para disfrutar de los diversos espect\u00e1culos que se ofrecer\u00e1n cada tarde en la zona de las Murallas de Pamplona. Y por segundo a\u00f1o consecutivo, los noct\u00e1mbulos amantes de la danza tienen otro espacio que, adem\u00e1s, es participativo: Malditos Nigth en el front\u00f3n Jito Alai de 22 a 01 horas, un espacio abierto con m\u00fasica de vanguardia. Cada noche, un artista invitado realizar\u00e1 una Live Session o Dj Set de m\u00fasica electr\u00f3nica. Adem\u00e1s, en esta edici\u00f3n el viernes 9 de julio tendr\u00e1 lugar la charla \u2018Parkour, historia y fundamentos\u2019, en el patio de Civican<\/p>\n<p>El s\u00e1bado 10 de agosto participar\u00e1n en la propuesta de DDM Useless Mavchine, C\u00eda Duonuz y Eugeny Melentiev; el 17 de agosto lo har\u00e1n Flow Force, Elisa Arteta y Ferenc Fecer y, finalmente, en la sesi\u00f3n del 24 de agosto la cita ser\u00e1 con los artistas Areli Mor\u00e1n, Pepa Cases y Led Silhouette. Francia, Suecia, Italia, Rusia, Hungr\u00eda o M\u00e9xico, son algunos de los pa\u00edses de procedencia de los artistas, pero tambi\u00e9n hay espacio en este ciclo para compa\u00f1\u00edas de Navarra.<\/p>\n<p><strong>M\u00fasica en el Jito Alai con Malditos Night<\/strong><\/p>\n<p>Como colof\u00f3n a cada una de las citas de Danzad, Danzad, Malditos, esos s\u00e1bados 10, 17 y 24 de agosto, la programaci\u00f3n cultural continua a las 22 horas en el front\u00f3n Jito Alai. Ah\u00ed, donde concluye el programa Danzad, Danzad, Malditos, arranca Malditos Night. Un espacio donde bailar e interactuar con propuestas novedosas de m\u00fasica electr\u00f3nica, a trav\u00e9s de la danza, el movimiento corporal y el baile.<\/p>\n<p>Cada noche habr\u00e1 dos actuaciones de DJ, una a las 22 y otra a las 23.30 horas. El primer Malditos Night de esta edici\u00f3n tendr\u00e1 lugar el s\u00e1bado 10. En \u00e9l pinchar\u00e1n M\u00f3nica Elektra y Celia Carrera. El s\u00e1bado 17, tras las danzas de Danzad, Danzad, Malditos, el Jito Alai convocar\u00e1 a la ciudadan\u00eda para escuchar y bailar con Vema Diodes y A4. Por \u00faltimo, el s\u00e1bado 24, ser\u00e1 el turno de Divorce from New York y de Ope Loeb.<\/p>\n<h3>Festival de las Murallas<\/h3>\n<ul>\n<li><strong>Cinco Puntas<\/strong>. Ciudadela. Martes, mi\u00e9rcoles y jueves, a las 20 horas (salvo el d\u00eda 22, que ser\u00e1 a las 22 horas)\n<ul>\n<li><strong>Martes, 6 de agosto.<\/strong> \u2018El itinerante\u2019. Circo con la compa\u00f1\u00eda Pistolet. Espect\u00e1culo itinerante desde la Sala de Armas<\/li>\n<li><strong>Mi\u00e9rcoles, 7 de agosto.<\/strong> \u2018L&#8217;appel du vide\u2019. Circo y teatro con la compa\u00f1\u00eda Sirco<\/li>\n<li><strong>Jueves, 8 de agosto.<\/strong> \u2018Yee Haw\u2019. Circo y m\u00fasica con La Banda del Otro<\/li>\n<li><strong>Martes, 13 de agosto.<\/strong> \u2018Rojo est\u00e1ndar\u2019. Circo y danza con la compa\u00f1\u00eda Lan\u00f6rdika<\/li>\n<li><strong>Mi\u00e9rcoles, 14 de agosto.<\/strong> \u2018Motxila\u2019. Circo y m\u00fasica con Halako Ezpala<\/li>\n<li><strong>Jueves, 15 de agosto.<\/strong> \u2018REM\u2019. Circo con la compa\u00f1\u00eda La trokola<\/li>\n<li><strong>Martes, 20 de agosto.<\/strong> \u2018Finito-infinito\u2019. Circo, teatro y danza con la compa\u00f1\u00eda Trotamundos<\/li>\n<li><strong>Mi\u00e9rcoles, 21 de agosto<\/strong>. \u2018Bordeline\u2019. Circo con la compa\u00f1\u00eda Cirque entre nous. Espect\u00e1culo itinerante desde la sala Lidia Biurrun<\/li>\n<li><strong>Jueves, 22 de agosto.<\/strong> A las 22 horas. \u2018R\u00e9siste\u2019. Funanbulismo en altura con Les Filles du Renard Pale<\/li>\n<\/ul>\n<\/li>\n<li><strong>Atardecer Pamplona<\/strong>. Plaza Virgen de la O. Viernes, a las 20 horas.\n<ul>\n<li><strong>Viernes 9 de agosto.<\/strong> \u2018O2 Oxygen\u2019, con la compa\u00f1\u00eda PIA Ecolog\u00eda y circo.<\/li>\n<li><strong>Viernes 16 de agosto.<\/strong> \u2018Des\u00aanuda\u2019, con Maitane Sarralde. Danza contempor\u00e1neo y circo.<\/li>\n<li><strong>Viernes 23 de agosto.<\/strong> \u2018Ardatzak (Ejes)\u2019, con la compa\u00f1\u00eda Zirkozaurre. Circo y acrobacias.<\/li>\n<\/ul>\n<\/li>\n<li><strong>Danzad, Danzad, Malditos. <\/strong>Caballo Blanco &#8211; Ronda Barbazana. S\u00e1bados a las 20 horas.\n<ul>\n<li><strong>S\u00e1bado 10 de agosto.<\/strong> Espect\u00e1culo de teatro f\u00edsico \u2018Stay hydrated\u2019, de Useless Machines; danza \u2018Delicious Overdose\u2019, de Duonoux; y performance art\u00edstica \u2018River\u2019, de Evgenii Melentev &amp; Tatiana Melnikova. Entre actuaci\u00f3n y actuaci\u00f3n, ser\u00e1 el turno del equipo de parkour DDM<\/li>\n<li><strong>S\u00e1bado 17 de agosto<\/strong>. Espect\u00e1culo de acrodanza y circo \u2018Todo bajo control\u2019, de Flow Force; el espect\u00e1culo \u2018Danzad al atardecer\u2019, de danza con la compa\u00f1\u00eda Elisa Arteta; y el espect\u00e1culo \u2018Disco Boys\u2019, de danza y m\u00fasica, de Ferenc Feh\u00e9r. Entre espect\u00e1culo y espect\u00e1culo, actuar\u00e1 el equipo de parkour DDM<\/li>\n<li><strong>S\u00e1bado 24 de agosto.<\/strong> Espect\u00e1culo de danza en proceso \u2018Nuestro Cuerpo, Tierra Suave\u2019, de Areli Moran; espect\u00e1culo de danza y teatro \u2018Pols\u2019, de Pepa Cases; espect\u00e1culo de danza contempor\u00e1nea \u2018Los perros\u2019, de Led Silhouette; y espect\u00e1culo de danza contempor\u00e1nea y voguing \u2018Tiempo\u2019, de Anouar Merabet \/ Mother founding Kiki House of Anunnaki. Como en el resto de actuaciones, el equipo de parkour DDM acompa\u00f1ar\u00e1 el tr\u00e1nsito entre uno y otro espect\u00e1culo.<\/li>\n<\/ul>\n<\/li>\n<li><strong>Malditos Night.<\/strong> Front\u00f3n Jito Alai. S\u00e1bados, a las 22 horas.\n<ul>\n<li><strong>S\u00e1bado 10 de agosto<\/strong>. Actuaci\u00f3n de M\u00f3nica Elektra, a las 22 horas; y, despu\u00e9s, a las 23.30 horas, de Celia Carrera.<\/li>\n<li><strong>S\u00e1bado 17 de agosto.<\/strong> Actuaci\u00f3n de Vema Diodes, a las 22 horas; y de A4, a las 23.30 horas.<\/li>\n<li><strong>S\u00e1bado 24 de agosto<\/strong>. Actuaci\u00f3n de Divorce from New York, a las 22 horas; y de Ope Loeb, a las 23.30 horas.<\/li>\n<\/ul>\n<\/li>\n<\/ul>\n","protected":false},"excerpt":{"rendered":"<p>El festival se desarrollar\u00e1 desde el 6 hasta el 24 de agosto, en la Ciudadela, la plaza de la Virgen de la O, la ronda Barbazana y el front\u00f3n Jito&#8230;<\/p>\n","protected":false},"author":1,"featured_media":50409,"comment_status":"open","ping_status":"closed","sticky":false,"template":"","format":"standard","meta":{"footnotes":""},"categories":[2],"tags":[],"class_list":["post-50408","post","type-post","status-publish","format-standard","has-post-thumbnail","hentry","category-ayuntamiento-pamplona"],"yoast_head":"<!-- This site is optimized with the Yoast SEO plugin v27.3 - https:\/\/yoast.com\/product\/yoast-seo-wordpress\/ -->\n<title>Vuelve el Festival de las Murallas con una completa propuesta art\u00edstica que incluye circo, m\u00fasica, danza y teatro para las tardes de agosto<\/title>\n<meta name=\"description\" content=\"El festival se desarrollar\u00e1 desde el 6 hasta el 24 de agosto, en la Ciudadela, la plaza de la Virgen de la O, la ronda Barbazana y el front\u00f3n Jito Alai\" \/>\n<meta name=\"robots\" content=\"index, follow, max-snippet:-1, max-image-preview:large, max-video-preview:-1\" \/>\n<link rel=\"canonical\" href=\"https:\/\/www.laguiadepamplona.com\/actualidad\/vuelve-el-festival-de-las-murallas-con-una-completa-propuesta-artistica-que-incluye-circo-musica-danza-y-teatro-para-las-tardes-de-agosto\/\" \/>\n<meta property=\"og:locale\" content=\"es_ES\" \/>\n<meta property=\"og:type\" content=\"article\" \/>\n<meta property=\"og:title\" content=\"Vuelve el Festival de las Murallas con una completa propuesta art\u00edstica que incluye circo, m\u00fasica, danza y teatro para las tardes de agosto\" \/>\n<meta property=\"og:description\" content=\"El festival se desarrollar\u00e1 desde el 6 hasta el 24 de agosto, en la Ciudadela, la plaza de la Virgen de la O, la ronda Barbazana y el front\u00f3n Jito Alai\" \/>\n<meta property=\"og:url\" content=\"https:\/\/www.laguiadepamplona.com\/actualidad\/vuelve-el-festival-de-las-murallas-con-una-completa-propuesta-artistica-que-incluye-circo-musica-danza-y-teatro-para-las-tardes-de-agosto\/\" \/>\n<meta property=\"og:site_name\" content=\"La Gu\u00eda de Pamplona\" \/>\n<meta property=\"article:publisher\" content=\"https:\/\/www.facebook.com\/laguiadepamplonacom-133175176762273\/?ref=hl\" \/>\n<meta property=\"article:published_time\" content=\"2024-08-01T15:39:43+00:00\" \/>\n<meta property=\"og:image\" content=\"https:\/\/www.laguiadepamplona.com\/actualidad\/wp-content\/uploads\/2024\/08\/ruedaprensafestivalmurallasnb3131-scaled.jpg\" \/>\n\t<meta property=\"og:image:width\" content=\"2560\" \/>\n\t<meta property=\"og:image:height\" content=\"1707\" \/>\n\t<meta property=\"og:image:type\" content=\"image\/jpeg\" \/>\n<meta name=\"author\" content=\"La Gu\u00eda de Pamplona\" \/>\n<meta name=\"twitter:card\" content=\"summary_large_image\" \/>\n<meta name=\"twitter:creator\" content=\"@LaGuiadPamplona\" \/>\n<meta name=\"twitter:site\" content=\"@LaGuiadPamplona\" \/>\n<meta name=\"twitter:label1\" content=\"Escrito por\" \/>\n\t<meta name=\"twitter:data1\" content=\"La Gu\u00eda de Pamplona\" \/>\n\t<meta name=\"twitter:label2\" content=\"Tiempo de lectura\" \/>\n\t<meta name=\"twitter:data2\" content=\"9 minutos\" \/>\n<script type=\"application\/ld+json\" class=\"yoast-schema-graph\">{\"@context\":\"https:\\\/\\\/schema.org\",\"@graph\":[{\"@type\":\"Article\",\"@id\":\"https:\\\/\\\/www.laguiadepamplona.com\\\/actualidad\\\/vuelve-el-festival-de-las-murallas-con-una-completa-propuesta-artistica-que-incluye-circo-musica-danza-y-teatro-para-las-tardes-de-agosto\\\/#article\",\"isPartOf\":{\"@id\":\"https:\\\/\\\/www.laguiadepamplona.com\\\/actualidad\\\/vuelve-el-festival-de-las-murallas-con-una-completa-propuesta-artistica-que-incluye-circo-musica-danza-y-teatro-para-las-tardes-de-agosto\\\/\"},\"author\":{\"name\":\"La Gu\u00eda de Pamplona\",\"@id\":\"https:\\\/\\\/www.laguiadepamplona.com\\\/actualidad\\\/#\\\/schema\\\/person\\\/efe887376f0213d4657c93adc50b1fdb\"},\"headline\":\"Vuelve el Festival de las Murallas con una completa propuesta art\u00edstica que incluye circo, m\u00fasica, danza y teatro para las tardes de agosto\",\"datePublished\":\"2024-08-01T15:39:43+00:00\",\"mainEntityOfPage\":{\"@id\":\"https:\\\/\\\/www.laguiadepamplona.com\\\/actualidad\\\/vuelve-el-festival-de-las-murallas-con-una-completa-propuesta-artistica-que-incluye-circo-musica-danza-y-teatro-para-las-tardes-de-agosto\\\/\"},\"wordCount\":2114,\"commentCount\":0,\"publisher\":{\"@id\":\"https:\\\/\\\/www.laguiadepamplona.com\\\/actualidad\\\/#organization\"},\"image\":{\"@id\":\"https:\\\/\\\/www.laguiadepamplona.com\\\/actualidad\\\/vuelve-el-festival-de-las-murallas-con-una-completa-propuesta-artistica-que-incluye-circo-musica-danza-y-teatro-para-las-tardes-de-agosto\\\/#primaryimage\"},\"thumbnailUrl\":\"https:\\\/\\\/www.laguiadepamplona.com\\\/actualidad\\\/wp-content\\\/uploads\\\/2024\\\/08\\\/ruedaprensafestivalmurallasnb3131-scaled.jpg\",\"articleSection\":[\"Ayto Pamplona\"],\"inLanguage\":\"es\",\"potentialAction\":[{\"@type\":\"CommentAction\",\"name\":\"Comment\",\"target\":[\"https:\\\/\\\/www.laguiadepamplona.com\\\/actualidad\\\/vuelve-el-festival-de-las-murallas-con-una-completa-propuesta-artistica-que-incluye-circo-musica-danza-y-teatro-para-las-tardes-de-agosto\\\/#respond\"]}]},{\"@type\":\"WebPage\",\"@id\":\"https:\\\/\\\/www.laguiadepamplona.com\\\/actualidad\\\/vuelve-el-festival-de-las-murallas-con-una-completa-propuesta-artistica-que-incluye-circo-musica-danza-y-teatro-para-las-tardes-de-agosto\\\/\",\"url\":\"https:\\\/\\\/www.laguiadepamplona.com\\\/actualidad\\\/vuelve-el-festival-de-las-murallas-con-una-completa-propuesta-artistica-que-incluye-circo-musica-danza-y-teatro-para-las-tardes-de-agosto\\\/\",\"name\":\"Vuelve el Festival de las Murallas con una completa propuesta art\u00edstica que incluye circo, m\u00fasica, danza y teatro para las tardes de agosto\",\"isPartOf\":{\"@id\":\"https:\\\/\\\/www.laguiadepamplona.com\\\/actualidad\\\/#website\"},\"primaryImageOfPage\":{\"@id\":\"https:\\\/\\\/www.laguiadepamplona.com\\\/actualidad\\\/vuelve-el-festival-de-las-murallas-con-una-completa-propuesta-artistica-que-incluye-circo-musica-danza-y-teatro-para-las-tardes-de-agosto\\\/#primaryimage\"},\"image\":{\"@id\":\"https:\\\/\\\/www.laguiadepamplona.com\\\/actualidad\\\/vuelve-el-festival-de-las-murallas-con-una-completa-propuesta-artistica-que-incluye-circo-musica-danza-y-teatro-para-las-tardes-de-agosto\\\/#primaryimage\"},\"thumbnailUrl\":\"https:\\\/\\\/www.laguiadepamplona.com\\\/actualidad\\\/wp-content\\\/uploads\\\/2024\\\/08\\\/ruedaprensafestivalmurallasnb3131-scaled.jpg\",\"datePublished\":\"2024-08-01T15:39:43+00:00\",\"description\":\"El festival se desarrollar\u00e1 desde el 6 hasta el 24 de agosto, en la Ciudadela, la plaza de la Virgen de la O, la ronda Barbazana y el front\u00f3n Jito Alai\",\"breadcrumb\":{\"@id\":\"https:\\\/\\\/www.laguiadepamplona.com\\\/actualidad\\\/vuelve-el-festival-de-las-murallas-con-una-completa-propuesta-artistica-que-incluye-circo-musica-danza-y-teatro-para-las-tardes-de-agosto\\\/#breadcrumb\"},\"inLanguage\":\"es\",\"potentialAction\":[{\"@type\":\"ReadAction\",\"target\":[\"https:\\\/\\\/www.laguiadepamplona.com\\\/actualidad\\\/vuelve-el-festival-de-las-murallas-con-una-completa-propuesta-artistica-que-incluye-circo-musica-danza-y-teatro-para-las-tardes-de-agosto\\\/\"]}]},{\"@type\":\"ImageObject\",\"inLanguage\":\"es\",\"@id\":\"https:\\\/\\\/www.laguiadepamplona.com\\\/actualidad\\\/vuelve-el-festival-de-las-murallas-con-una-completa-propuesta-artistica-que-incluye-circo-musica-danza-y-teatro-para-las-tardes-de-agosto\\\/#primaryimage\",\"url\":\"https:\\\/\\\/www.laguiadepamplona.com\\\/actualidad\\\/wp-content\\\/uploads\\\/2024\\\/08\\\/ruedaprensafestivalmurallasnb3131-scaled.jpg\",\"contentUrl\":\"https:\\\/\\\/www.laguiadepamplona.com\\\/actualidad\\\/wp-content\\\/uploads\\\/2024\\\/08\\\/ruedaprensafestivalmurallasnb3131-scaled.jpg\",\"width\":2560,\"height\":1707,\"caption\":\"festival murallas\"},{\"@type\":\"BreadcrumbList\",\"@id\":\"https:\\\/\\\/www.laguiadepamplona.com\\\/actualidad\\\/vuelve-el-festival-de-las-murallas-con-una-completa-propuesta-artistica-que-incluye-circo-musica-danza-y-teatro-para-las-tardes-de-agosto\\\/#breadcrumb\",\"itemListElement\":[{\"@type\":\"ListItem\",\"position\":1,\"name\":\"Portada\",\"item\":\"https:\\\/\\\/www.laguiadepamplona.com\\\/actualidad\\\/\"},{\"@type\":\"ListItem\",\"position\":2,\"name\":\"Vuelve el Festival de las Murallas con una completa propuesta art\u00edstica que incluye circo, m\u00fasica, danza y teatro para las tardes de agosto\"}]},{\"@type\":\"WebSite\",\"@id\":\"https:\\\/\\\/www.laguiadepamplona.com\\\/actualidad\\\/#website\",\"url\":\"https:\\\/\\\/www.laguiadepamplona.com\\\/actualidad\\\/\",\"name\":\"La gu\u00eda de Pamplona\",\"description\":\"Noticias de Pamplona\",\"publisher\":{\"@id\":\"https:\\\/\\\/www.laguiadepamplona.com\\\/actualidad\\\/#organization\"},\"potentialAction\":[{\"@type\":\"SearchAction\",\"target\":{\"@type\":\"EntryPoint\",\"urlTemplate\":\"https:\\\/\\\/www.laguiadepamplona.com\\\/actualidad\\\/?s={search_term_string}\"},\"query-input\":{\"@type\":\"PropertyValueSpecification\",\"valueRequired\":true,\"valueName\":\"search_term_string\"}}],\"inLanguage\":\"es\"},{\"@type\":\"Organization\",\"@id\":\"https:\\\/\\\/www.laguiadepamplona.com\\\/actualidad\\\/#organization\",\"name\":\"La Gu\u00eda de Pamplona \\\/ Noticias\",\"url\":\"https:\\\/\\\/www.laguiadepamplona.com\\\/actualidad\\\/\",\"logo\":{\"@type\":\"ImageObject\",\"inLanguage\":\"es\",\"@id\":\"https:\\\/\\\/www.laguiadepamplona.com\\\/actualidad\\\/#\\\/schema\\\/logo\\\/image\\\/\",\"url\":\"https:\\\/\\\/www.laguiadepamplona.com\\\/actualidad\\\/wp-content\\\/uploads\\\/2018\\\/11\\\/logo-laguiadepamplona18-web1.png\",\"contentUrl\":\"https:\\\/\\\/www.laguiadepamplona.com\\\/actualidad\\\/wp-content\\\/uploads\\\/2018\\\/11\\\/logo-laguiadepamplona18-web1.png\",\"width\":600,\"height\":196,\"caption\":\"La Gu\u00eda de Pamplona \\\/ Noticias\"},\"image\":{\"@id\":\"https:\\\/\\\/www.laguiadepamplona.com\\\/actualidad\\\/#\\\/schema\\\/logo\\\/image\\\/\"},\"sameAs\":[\"https:\\\/\\\/www.facebook.com\\\/laguiadepamplonacom-133175176762273\\\/?ref=hl\",\"https:\\\/\\\/x.com\\\/LaGuiadPamplona\",\"https:\\\/\\\/www.instagram.com\\\/la_guia_de_pamplona\\\/\",\"https:\\\/\\\/www.youtube.com\\\/user\\\/laguiadepamplona\"]},{\"@type\":\"Person\",\"@id\":\"https:\\\/\\\/www.laguiadepamplona.com\\\/actualidad\\\/#\\\/schema\\\/person\\\/efe887376f0213d4657c93adc50b1fdb\",\"name\":\"La Gu\u00eda de Pamplona\",\"image\":{\"@type\":\"ImageObject\",\"inLanguage\":\"es\",\"@id\":\"https:\\\/\\\/secure.gravatar.com\\\/avatar\\\/b6992f131dc8d30ab0dff15446e9d346d9dbd95992de0fef795073f5ea83a81c?s=96&d=mm&r=g\",\"url\":\"https:\\\/\\\/secure.gravatar.com\\\/avatar\\\/b6992f131dc8d30ab0dff15446e9d346d9dbd95992de0fef795073f5ea83a81c?s=96&d=mm&r=g\",\"contentUrl\":\"https:\\\/\\\/secure.gravatar.com\\\/avatar\\\/b6992f131dc8d30ab0dff15446e9d346d9dbd95992de0fef795073f5ea83a81c?s=96&d=mm&r=g\",\"caption\":\"La Gu\u00eda de Pamplona\"}}]}<\/script>\n<!-- \/ Yoast SEO plugin. -->","yoast_head_json":{"title":"Vuelve el Festival de las Murallas con una completa propuesta art\u00edstica que incluye circo, m\u00fasica, danza y teatro para las tardes de agosto","description":"El festival se desarrollar\u00e1 desde el 6 hasta el 24 de agosto, en la Ciudadela, la plaza de la Virgen de la O, la ronda Barbazana y el front\u00f3n Jito Alai","robots":{"index":"index","follow":"follow","max-snippet":"max-snippet:-1","max-image-preview":"max-image-preview:large","max-video-preview":"max-video-preview:-1"},"canonical":"https:\/\/www.laguiadepamplona.com\/actualidad\/vuelve-el-festival-de-las-murallas-con-una-completa-propuesta-artistica-que-incluye-circo-musica-danza-y-teatro-para-las-tardes-de-agosto\/","og_locale":"es_ES","og_type":"article","og_title":"Vuelve el Festival de las Murallas con una completa propuesta art\u00edstica que incluye circo, m\u00fasica, danza y teatro para las tardes de agosto","og_description":"El festival se desarrollar\u00e1 desde el 6 hasta el 24 de agosto, en la Ciudadela, la plaza de la Virgen de la O, la ronda Barbazana y el front\u00f3n Jito Alai","og_url":"https:\/\/www.laguiadepamplona.com\/actualidad\/vuelve-el-festival-de-las-murallas-con-una-completa-propuesta-artistica-que-incluye-circo-musica-danza-y-teatro-para-las-tardes-de-agosto\/","og_site_name":"La Gu\u00eda de Pamplona","article_publisher":"https:\/\/www.facebook.com\/laguiadepamplonacom-133175176762273\/?ref=hl","article_published_time":"2024-08-01T15:39:43+00:00","og_image":[{"width":2560,"height":1707,"url":"https:\/\/www.laguiadepamplona.com\/actualidad\/wp-content\/uploads\/2024\/08\/ruedaprensafestivalmurallasnb3131-scaled.jpg","type":"image\/jpeg"}],"author":"La Gu\u00eda de Pamplona","twitter_card":"summary_large_image","twitter_creator":"@LaGuiadPamplona","twitter_site":"@LaGuiadPamplona","twitter_misc":{"Escrito por":"La Gu\u00eda de Pamplona","Tiempo de lectura":"9 minutos"},"schema":{"@context":"https:\/\/schema.org","@graph":[{"@type":"Article","@id":"https:\/\/www.laguiadepamplona.com\/actualidad\/vuelve-el-festival-de-las-murallas-con-una-completa-propuesta-artistica-que-incluye-circo-musica-danza-y-teatro-para-las-tardes-de-agosto\/#article","isPartOf":{"@id":"https:\/\/www.laguiadepamplona.com\/actualidad\/vuelve-el-festival-de-las-murallas-con-una-completa-propuesta-artistica-que-incluye-circo-musica-danza-y-teatro-para-las-tardes-de-agosto\/"},"author":{"name":"La Gu\u00eda de Pamplona","@id":"https:\/\/www.laguiadepamplona.com\/actualidad\/#\/schema\/person\/efe887376f0213d4657c93adc50b1fdb"},"headline":"Vuelve el Festival de las Murallas con una completa propuesta art\u00edstica que incluye circo, m\u00fasica, danza y teatro para las tardes de agosto","datePublished":"2024-08-01T15:39:43+00:00","mainEntityOfPage":{"@id":"https:\/\/www.laguiadepamplona.com\/actualidad\/vuelve-el-festival-de-las-murallas-con-una-completa-propuesta-artistica-que-incluye-circo-musica-danza-y-teatro-para-las-tardes-de-agosto\/"},"wordCount":2114,"commentCount":0,"publisher":{"@id":"https:\/\/www.laguiadepamplona.com\/actualidad\/#organization"},"image":{"@id":"https:\/\/www.laguiadepamplona.com\/actualidad\/vuelve-el-festival-de-las-murallas-con-una-completa-propuesta-artistica-que-incluye-circo-musica-danza-y-teatro-para-las-tardes-de-agosto\/#primaryimage"},"thumbnailUrl":"https:\/\/www.laguiadepamplona.com\/actualidad\/wp-content\/uploads\/2024\/08\/ruedaprensafestivalmurallasnb3131-scaled.jpg","articleSection":["Ayto Pamplona"],"inLanguage":"es","potentialAction":[{"@type":"CommentAction","name":"Comment","target":["https:\/\/www.laguiadepamplona.com\/actualidad\/vuelve-el-festival-de-las-murallas-con-una-completa-propuesta-artistica-que-incluye-circo-musica-danza-y-teatro-para-las-tardes-de-agosto\/#respond"]}]},{"@type":"WebPage","@id":"https:\/\/www.laguiadepamplona.com\/actualidad\/vuelve-el-festival-de-las-murallas-con-una-completa-propuesta-artistica-que-incluye-circo-musica-danza-y-teatro-para-las-tardes-de-agosto\/","url":"https:\/\/www.laguiadepamplona.com\/actualidad\/vuelve-el-festival-de-las-murallas-con-una-completa-propuesta-artistica-que-incluye-circo-musica-danza-y-teatro-para-las-tardes-de-agosto\/","name":"Vuelve el Festival de las Murallas con una completa propuesta art\u00edstica que incluye circo, m\u00fasica, danza y teatro para las tardes de agosto","isPartOf":{"@id":"https:\/\/www.laguiadepamplona.com\/actualidad\/#website"},"primaryImageOfPage":{"@id":"https:\/\/www.laguiadepamplona.com\/actualidad\/vuelve-el-festival-de-las-murallas-con-una-completa-propuesta-artistica-que-incluye-circo-musica-danza-y-teatro-para-las-tardes-de-agosto\/#primaryimage"},"image":{"@id":"https:\/\/www.laguiadepamplona.com\/actualidad\/vuelve-el-festival-de-las-murallas-con-una-completa-propuesta-artistica-que-incluye-circo-musica-danza-y-teatro-para-las-tardes-de-agosto\/#primaryimage"},"thumbnailUrl":"https:\/\/www.laguiadepamplona.com\/actualidad\/wp-content\/uploads\/2024\/08\/ruedaprensafestivalmurallasnb3131-scaled.jpg","datePublished":"2024-08-01T15:39:43+00:00","description":"El festival se desarrollar\u00e1 desde el 6 hasta el 24 de agosto, en la Ciudadela, la plaza de la Virgen de la O, la ronda Barbazana y el front\u00f3n Jito Alai","breadcrumb":{"@id":"https:\/\/www.laguiadepamplona.com\/actualidad\/vuelve-el-festival-de-las-murallas-con-una-completa-propuesta-artistica-que-incluye-circo-musica-danza-y-teatro-para-las-tardes-de-agosto\/#breadcrumb"},"inLanguage":"es","potentialAction":[{"@type":"ReadAction","target":["https:\/\/www.laguiadepamplona.com\/actualidad\/vuelve-el-festival-de-las-murallas-con-una-completa-propuesta-artistica-que-incluye-circo-musica-danza-y-teatro-para-las-tardes-de-agosto\/"]}]},{"@type":"ImageObject","inLanguage":"es","@id":"https:\/\/www.laguiadepamplona.com\/actualidad\/vuelve-el-festival-de-las-murallas-con-una-completa-propuesta-artistica-que-incluye-circo-musica-danza-y-teatro-para-las-tardes-de-agosto\/#primaryimage","url":"https:\/\/www.laguiadepamplona.com\/actualidad\/wp-content\/uploads\/2024\/08\/ruedaprensafestivalmurallasnb3131-scaled.jpg","contentUrl":"https:\/\/www.laguiadepamplona.com\/actualidad\/wp-content\/uploads\/2024\/08\/ruedaprensafestivalmurallasnb3131-scaled.jpg","width":2560,"height":1707,"caption":"festival murallas"},{"@type":"BreadcrumbList","@id":"https:\/\/www.laguiadepamplona.com\/actualidad\/vuelve-el-festival-de-las-murallas-con-una-completa-propuesta-artistica-que-incluye-circo-musica-danza-y-teatro-para-las-tardes-de-agosto\/#breadcrumb","itemListElement":[{"@type":"ListItem","position":1,"name":"Portada","item":"https:\/\/www.laguiadepamplona.com\/actualidad\/"},{"@type":"ListItem","position":2,"name":"Vuelve el Festival de las Murallas con una completa propuesta art\u00edstica que incluye circo, m\u00fasica, danza y teatro para las tardes de agosto"}]},{"@type":"WebSite","@id":"https:\/\/www.laguiadepamplona.com\/actualidad\/#website","url":"https:\/\/www.laguiadepamplona.com\/actualidad\/","name":"La gu\u00eda de Pamplona","description":"Noticias de Pamplona","publisher":{"@id":"https:\/\/www.laguiadepamplona.com\/actualidad\/#organization"},"potentialAction":[{"@type":"SearchAction","target":{"@type":"EntryPoint","urlTemplate":"https:\/\/www.laguiadepamplona.com\/actualidad\/?s={search_term_string}"},"query-input":{"@type":"PropertyValueSpecification","valueRequired":true,"valueName":"search_term_string"}}],"inLanguage":"es"},{"@type":"Organization","@id":"https:\/\/www.laguiadepamplona.com\/actualidad\/#organization","name":"La Gu\u00eda de Pamplona \/ Noticias","url":"https:\/\/www.laguiadepamplona.com\/actualidad\/","logo":{"@type":"ImageObject","inLanguage":"es","@id":"https:\/\/www.laguiadepamplona.com\/actualidad\/#\/schema\/logo\/image\/","url":"https:\/\/www.laguiadepamplona.com\/actualidad\/wp-content\/uploads\/2018\/11\/logo-laguiadepamplona18-web1.png","contentUrl":"https:\/\/www.laguiadepamplona.com\/actualidad\/wp-content\/uploads\/2018\/11\/logo-laguiadepamplona18-web1.png","width":600,"height":196,"caption":"La Gu\u00eda de Pamplona \/ Noticias"},"image":{"@id":"https:\/\/www.laguiadepamplona.com\/actualidad\/#\/schema\/logo\/image\/"},"sameAs":["https:\/\/www.facebook.com\/laguiadepamplonacom-133175176762273\/?ref=hl","https:\/\/x.com\/LaGuiadPamplona","https:\/\/www.instagram.com\/la_guia_de_pamplona\/","https:\/\/www.youtube.com\/user\/laguiadepamplona"]},{"@type":"Person","@id":"https:\/\/www.laguiadepamplona.com\/actualidad\/#\/schema\/person\/efe887376f0213d4657c93adc50b1fdb","name":"La Gu\u00eda de Pamplona","image":{"@type":"ImageObject","inLanguage":"es","@id":"https:\/\/secure.gravatar.com\/avatar\/b6992f131dc8d30ab0dff15446e9d346d9dbd95992de0fef795073f5ea83a81c?s=96&d=mm&r=g","url":"https:\/\/secure.gravatar.com\/avatar\/b6992f131dc8d30ab0dff15446e9d346d9dbd95992de0fef795073f5ea83a81c?s=96&d=mm&r=g","contentUrl":"https:\/\/secure.gravatar.com\/avatar\/b6992f131dc8d30ab0dff15446e9d346d9dbd95992de0fef795073f5ea83a81c?s=96&d=mm&r=g","caption":"La Gu\u00eda de Pamplona"}}]}},"post_mailing_queue_ids":[],"_links":{"self":[{"href":"https:\/\/www.laguiadepamplona.com\/actualidad\/wp-json\/wp\/v2\/posts\/50408","targetHints":{"allow":["GET"]}}],"collection":[{"href":"https:\/\/www.laguiadepamplona.com\/actualidad\/wp-json\/wp\/v2\/posts"}],"about":[{"href":"https:\/\/www.laguiadepamplona.com\/actualidad\/wp-json\/wp\/v2\/types\/post"}],"author":[{"embeddable":true,"href":"https:\/\/www.laguiadepamplona.com\/actualidad\/wp-json\/wp\/v2\/users\/1"}],"replies":[{"embeddable":true,"href":"https:\/\/www.laguiadepamplona.com\/actualidad\/wp-json\/wp\/v2\/comments?post=50408"}],"version-history":[{"count":1,"href":"https:\/\/www.laguiadepamplona.com\/actualidad\/wp-json\/wp\/v2\/posts\/50408\/revisions"}],"predecessor-version":[{"id":50410,"href":"https:\/\/www.laguiadepamplona.com\/actualidad\/wp-json\/wp\/v2\/posts\/50408\/revisions\/50410"}],"wp:featuredmedia":[{"embeddable":true,"href":"https:\/\/www.laguiadepamplona.com\/actualidad\/wp-json\/wp\/v2\/media\/50409"}],"wp:attachment":[{"href":"https:\/\/www.laguiadepamplona.com\/actualidad\/wp-json\/wp\/v2\/media?parent=50408"}],"wp:term":[{"taxonomy":"category","embeddable":true,"href":"https:\/\/www.laguiadepamplona.com\/actualidad\/wp-json\/wp\/v2\/categories?post=50408"},{"taxonomy":"post_tag","embeddable":true,"href":"https:\/\/www.laguiadepamplona.com\/actualidad\/wp-json\/wp\/v2\/tags?post=50408"}],"curies":[{"name":"wp","href":"https:\/\/api.w.org\/{rel}","templated":true}]}}