{"id":50405,"date":"2024-07-31T18:12:40","date_gmt":"2024-07-31T16:12:40","guid":{"rendered":"https:\/\/www.laguiadepamplona.com\/actualidad\/?p=50405"},"modified":"2024-07-31T18:12:40","modified_gmt":"2024-07-31T16:12:40","slug":"estos-dias-se-celebran-en-pamplona-las-primeras-olimpiadas-intergeneracionales-de-la-ciudad-dentro-del-programa-en-verano-muevete","status":"publish","type":"post","link":"https:\/\/www.laguiadepamplona.com\/actualidad\/estos-dias-se-celebran-en-pamplona-las-primeras-olimpiadas-intergeneracionales-de-la-ciudad-dentro-del-programa-en-verano-muevete\/","title":{"rendered":"Estos d\u00edas se celebran en Pamplona las primeras Olimpiadas Intergeneracionales de la ciudad dentro del programa \u2018En Verano Mu\u00e9vete\u2019"},"content":{"rendered":"<h2>Las pruebas enfrentan a personas mayores con receta deportiva-social y sus nietos y nietas por equipos y hoy se han disputado en Txantrea<\/h2>\n<p><!--more--><\/p>\n<p>No hay p\u00f3dium ni medallero, pero s\u00ed diplomas, complicidad y sana competencia. Estos d\u00edas se est\u00e1n celebrando en Pamplona las primeras Olimpiadas intergeneracionales de la ciudad. Ayer tuvieron lugar en el Ensanche, hoy en Txantrea y ma\u00f1ana en Iturrama. Los y las atletas deben ostentar una condici\u00f3n obligatoria, ser personas usuarias de la receta deportiva-social. Para completar los equipos, sus nietos y nietas.<\/p>\n<p>Hoy las pruebas se disputaban en el entorno del centro de Salud de Txantrea. Alrededor de 10 personas divididas en dos equipos con vocaci\u00f3n de equilibrio, han disputado tres pruebas eliminatorias: hockey con stick y disco, aunque a un ritmo m\u00e1s pausado ya que en vez de correr se trataba de marcar tantos a ritmo de paseo; v\u00f3ley con red, pero sin impacto, ya que los balones de reglamento han sido sustituidos por globos y, para conjurar el calor, una actividad m\u00e1s pausada: un tres en raya andando. Son las mismas pruebas que el 30 de julio se disputaron entre el conjunto de deportistas del Centro de Salud del Ensanche y sus nietos y ma\u00f1ana les tocar\u00e1 a quienes tienen la receta del Centro de salud de Iturrama.<\/p>\n<p>Los equipos ganadores se llevan un diploma conmemorativo y quienes han realizado las pruebas, una fotograf\u00eda conmemorativa de la jornada. Una de las particularidades de la ceremonia de entrega de premios es que, todos quienes han participado, han realizado una sesi\u00f3n de estiramientos. Los d\u00edas 27, 28 y 29 de agosto tendr\u00e1 lugar la segunda olimpiada, pero en este caso las pruebas que se disputar\u00e1n ser\u00e1n \u201cde anta\u00f1o\u201d, es decir se escoger\u00e1n modalidades m\u00e1s cercanas a los mayores que a sus nietos y nietas, para dar un paso m\u00e1s hacia la intergeneracionalidad. Los equipos se enfrentar\u00e1n en petanca, lanzamiento de aros, y rayuela.<\/p>\n<p>El comit\u00e9 ol\u00edmpico de estas pruebas es la educadora f\u00edsica-deportiva Amaia Eslava Arce que se est\u00e1 encargando de las actividades programadas en la receta deportiva-social durante los meses de julio, agosto y septiembre, del programa \u201cEn Verano Mu\u00e9vete \u2013 Udan Mugitu 2024\u201d.<\/p>\n<p>Este conjunto de actividades veraniegas son una parte de los recursos que se disponen anualmente para las derivaciones y pautados de las recetas deportivas-sociales del programa \u201cCitius, Longaevus, Fortius\u201d. Cuentan con la financiaci\u00f3n parcial tanto del Gobierno de Navarra como de fondos europeos Next Generation EU, a trav\u00e9s del Plan de Recuperaci\u00f3n, Transformaci\u00f3n y Resiliencia (PRTR) del Gobierno de Espa\u00f1a. Las recetas deportivas-sociales del programa &#8216;Citius, Longaevus, Fortius&#8217;, son un programa de ejercicio f\u00edsico, deporte y de otras actividades sociales enfocado espec\u00edficamente desde un punto de vista terap\u00e9utico, con recetas prescritas por profesionales. El programa comenz\u00f3 su andadura en 2022 y antes de finalizar este a\u00f1o, se prev\u00e9 su expansi\u00f3n a Etzabakoitz y Azpilaga\u00f1a.<\/p>\n<p><strong>252 posibles atletas en tres barrios<\/strong><\/p>\n<p>Adem\u00e1s de las Olimpiadas Intergeneracionales, las propuestas estos meses pasan tambi\u00e9n por gimnasios urbanos (20 de agosto y 3 y 23 de septiembre), marchas n\u00f3rdicas con ayuda de un monitor especializado (6 de agosto y 17 de septiembre) y sesiones de videojuegos activos el 10 de septiembre. El lugar de encuentro para todas las actividades es la puerta del correspondiente centro de salud, a las 9 horas, o a las 10 horas, dependiendo de la actividad. la idea es hacer al trabajo f\u00edsico en espacios cercanos y a la sombra, garantizando adem\u00e1s unas pautas adecuadas de hidrataci\u00f3n.<\/p>\n<p>Todas las actividades son gratuitas, aunque a ellas \u00fanicamente se pueden inscribir las personas con receta de los barrios correspondientes con un m\u00ednimo de una semana de antelaci\u00f3n a trav\u00e9s del WhatsApp o el n\u00famero de tel\u00e9fono 674 03 61 49. Estas actividades tienen un car\u00e1cter estacional durante el verano, aprovechando el buen tiempo y la menor oferta de actividad organizada en instalaciones municipales. Se a\u00f1aden a los cursos y talleres de diferente tipo, paseos pautados, retos de pasos, y tablas personales de ejercicios que sirven de \u201cmedicamento\u201d de cara a la prevenci\u00f3n o mejora de la salud de las personas mayores.<\/p>\n<p>Este programa se est\u00e1 realizando en los barrios de Txantrea, II Ensanche e Iturrama; emplazamientos con el programa de receta activado en estos momentos. En esos barrios en total se han emitido 252 recetas a raz\u00f3n de 120 en el II Ensanche, 72 en Txantrea y 60 en Iturrama. La media de edad de las personas usuarias de es 71,59 a\u00f1os y el 73,4% de las son mujeres.<\/p>\n","protected":false},"excerpt":{"rendered":"<p>Las pruebas enfrentan a personas mayores con receta deportiva-social y sus nietos y nietas por equipos y hoy se han disputado en Txantrea<\/p>\n","protected":false},"author":1,"featured_media":50406,"comment_status":"open","ping_status":"closed","sticky":false,"template":"","format":"standard","meta":{"footnotes":""},"categories":[2],"tags":[],"class_list":["post-50405","post","type-post","status-publish","format-standard","has-post-thumbnail","hentry","category-ayuntamiento-pamplona"],"yoast_head":"<!-- This site is optimized with the Yoast SEO plugin v27.3 - https:\/\/yoast.com\/product\/yoast-seo-wordpress\/ -->\n<title>Estos d\u00edas se celebran en Pamplona las primeras Olimpiadas Intergeneracionales de la ciudad dentro del programa \u2018En Verano Mu\u00e9vete\u2019<\/title>\n<meta name=\"description\" content=\"Las pruebas enfrentan a personas mayores con receta deportiva-social y sus nietos y nietas por equipos y hoy se han disputado en Txantrea\" \/>\n<meta name=\"robots\" content=\"index, follow, max-snippet:-1, max-image-preview:large, max-video-preview:-1\" \/>\n<link rel=\"canonical\" href=\"https:\/\/www.laguiadepamplona.com\/actualidad\/estos-dias-se-celebran-en-pamplona-las-primeras-olimpiadas-intergeneracionales-de-la-ciudad-dentro-del-programa-en-verano-muevete\/\" \/>\n<meta property=\"og:locale\" content=\"es_ES\" \/>\n<meta property=\"og:type\" content=\"article\" \/>\n<meta property=\"og:title\" content=\"Estos d\u00edas se celebran en Pamplona las primeras Olimpiadas Intergeneracionales de la ciudad dentro del programa \u2018En Verano Mu\u00e9vete\u2019\" \/>\n<meta property=\"og:description\" content=\"Las pruebas enfrentan a personas mayores con receta deportiva-social y sus nietos y nietas por equipos y hoy se han disputado en Txantrea\" \/>\n<meta property=\"og:url\" content=\"https:\/\/www.laguiadepamplona.com\/actualidad\/estos-dias-se-celebran-en-pamplona-las-primeras-olimpiadas-intergeneracionales-de-la-ciudad-dentro-del-programa-en-verano-muevete\/\" \/>\n<meta property=\"og:site_name\" content=\"La Gu\u00eda de Pamplona\" \/>\n<meta property=\"article:publisher\" content=\"https:\/\/www.facebook.com\/laguiadepamplonacom-133175176762273\/?ref=hl\" \/>\n<meta property=\"article:published_time\" content=\"2024-07-31T16:12:40+00:00\" \/>\n<meta property=\"og:image\" content=\"https:\/\/www.laguiadepamplona.com\/actualidad\/wp-content\/uploads\/2024\/07\/olimpiadasintergeneracionalestxantreanb2973_0.webp\" \/>\n\t<meta property=\"og:image:width\" content=\"1000\" \/>\n\t<meta property=\"og:image:height\" content=\"667\" \/>\n\t<meta property=\"og:image:type\" content=\"image\/webp\" \/>\n<meta name=\"author\" content=\"La Gu\u00eda de Pamplona\" \/>\n<meta name=\"twitter:card\" content=\"summary_large_image\" \/>\n<meta name=\"twitter:creator\" content=\"@LaGuiadPamplona\" \/>\n<meta name=\"twitter:site\" content=\"@LaGuiadPamplona\" \/>\n<meta name=\"twitter:label1\" content=\"Escrito por\" \/>\n\t<meta name=\"twitter:data1\" content=\"La Gu\u00eda de Pamplona\" \/>\n\t<meta name=\"twitter:label2\" content=\"Tiempo de lectura\" \/>\n\t<meta name=\"twitter:data2\" content=\"4 minutos\" \/>\n<script type=\"application\/ld+json\" class=\"yoast-schema-graph\">{\"@context\":\"https:\\\/\\\/schema.org\",\"@graph\":[{\"@type\":\"Article\",\"@id\":\"https:\\\/\\\/www.laguiadepamplona.com\\\/actualidad\\\/estos-dias-se-celebran-en-pamplona-las-primeras-olimpiadas-intergeneracionales-de-la-ciudad-dentro-del-programa-en-verano-muevete\\\/#article\",\"isPartOf\":{\"@id\":\"https:\\\/\\\/www.laguiadepamplona.com\\\/actualidad\\\/estos-dias-se-celebran-en-pamplona-las-primeras-olimpiadas-intergeneracionales-de-la-ciudad-dentro-del-programa-en-verano-muevete\\\/\"},\"author\":{\"name\":\"La Gu\u00eda de Pamplona\",\"@id\":\"https:\\\/\\\/www.laguiadepamplona.com\\\/actualidad\\\/#\\\/schema\\\/person\\\/efe887376f0213d4657c93adc50b1fdb\"},\"headline\":\"Estos d\u00edas se celebran en Pamplona las primeras Olimpiadas Intergeneracionales de la ciudad dentro del programa \u2018En Verano Mu\u00e9vete\u2019\",\"datePublished\":\"2024-07-31T16:12:40+00:00\",\"mainEntityOfPage\":{\"@id\":\"https:\\\/\\\/www.laguiadepamplona.com\\\/actualidad\\\/estos-dias-se-celebran-en-pamplona-las-primeras-olimpiadas-intergeneracionales-de-la-ciudad-dentro-del-programa-en-verano-muevete\\\/\"},\"wordCount\":790,\"commentCount\":0,\"publisher\":{\"@id\":\"https:\\\/\\\/www.laguiadepamplona.com\\\/actualidad\\\/#organization\"},\"image\":{\"@id\":\"https:\\\/\\\/www.laguiadepamplona.com\\\/actualidad\\\/estos-dias-se-celebran-en-pamplona-las-primeras-olimpiadas-intergeneracionales-de-la-ciudad-dentro-del-programa-en-verano-muevete\\\/#primaryimage\"},\"thumbnailUrl\":\"https:\\\/\\\/www.laguiadepamplona.com\\\/actualidad\\\/wp-content\\\/uploads\\\/2024\\\/07\\\/olimpiadasintergeneracionalestxantreanb2973_0.webp\",\"articleSection\":[\"Ayto Pamplona\"],\"inLanguage\":\"es\",\"potentialAction\":[{\"@type\":\"CommentAction\",\"name\":\"Comment\",\"target\":[\"https:\\\/\\\/www.laguiadepamplona.com\\\/actualidad\\\/estos-dias-se-celebran-en-pamplona-las-primeras-olimpiadas-intergeneracionales-de-la-ciudad-dentro-del-programa-en-verano-muevete\\\/#respond\"]}]},{\"@type\":\"WebPage\",\"@id\":\"https:\\\/\\\/www.laguiadepamplona.com\\\/actualidad\\\/estos-dias-se-celebran-en-pamplona-las-primeras-olimpiadas-intergeneracionales-de-la-ciudad-dentro-del-programa-en-verano-muevete\\\/\",\"url\":\"https:\\\/\\\/www.laguiadepamplona.com\\\/actualidad\\\/estos-dias-se-celebran-en-pamplona-las-primeras-olimpiadas-intergeneracionales-de-la-ciudad-dentro-del-programa-en-verano-muevete\\\/\",\"name\":\"Estos d\u00edas se celebran en Pamplona las primeras Olimpiadas Intergeneracionales de la ciudad dentro del programa \u2018En Verano Mu\u00e9vete\u2019\",\"isPartOf\":{\"@id\":\"https:\\\/\\\/www.laguiadepamplona.com\\\/actualidad\\\/#website\"},\"primaryImageOfPage\":{\"@id\":\"https:\\\/\\\/www.laguiadepamplona.com\\\/actualidad\\\/estos-dias-se-celebran-en-pamplona-las-primeras-olimpiadas-intergeneracionales-de-la-ciudad-dentro-del-programa-en-verano-muevete\\\/#primaryimage\"},\"image\":{\"@id\":\"https:\\\/\\\/www.laguiadepamplona.com\\\/actualidad\\\/estos-dias-se-celebran-en-pamplona-las-primeras-olimpiadas-intergeneracionales-de-la-ciudad-dentro-del-programa-en-verano-muevete\\\/#primaryimage\"},\"thumbnailUrl\":\"https:\\\/\\\/www.laguiadepamplona.com\\\/actualidad\\\/wp-content\\\/uploads\\\/2024\\\/07\\\/olimpiadasintergeneracionalestxantreanb2973_0.webp\",\"datePublished\":\"2024-07-31T16:12:40+00:00\",\"description\":\"Las pruebas enfrentan a personas mayores con receta deportiva-social y sus nietos y nietas por equipos y hoy se han disputado en Txantrea\",\"breadcrumb\":{\"@id\":\"https:\\\/\\\/www.laguiadepamplona.com\\\/actualidad\\\/estos-dias-se-celebran-en-pamplona-las-primeras-olimpiadas-intergeneracionales-de-la-ciudad-dentro-del-programa-en-verano-muevete\\\/#breadcrumb\"},\"inLanguage\":\"es\",\"potentialAction\":[{\"@type\":\"ReadAction\",\"target\":[\"https:\\\/\\\/www.laguiadepamplona.com\\\/actualidad\\\/estos-dias-se-celebran-en-pamplona-las-primeras-olimpiadas-intergeneracionales-de-la-ciudad-dentro-del-programa-en-verano-muevete\\\/\"]}]},{\"@type\":\"ImageObject\",\"inLanguage\":\"es\",\"@id\":\"https:\\\/\\\/www.laguiadepamplona.com\\\/actualidad\\\/estos-dias-se-celebran-en-pamplona-las-primeras-olimpiadas-intergeneracionales-de-la-ciudad-dentro-del-programa-en-verano-muevete\\\/#primaryimage\",\"url\":\"https:\\\/\\\/www.laguiadepamplona.com\\\/actualidad\\\/wp-content\\\/uploads\\\/2024\\\/07\\\/olimpiadasintergeneracionalestxantreanb2973_0.webp\",\"contentUrl\":\"https:\\\/\\\/www.laguiadepamplona.com\\\/actualidad\\\/wp-content\\\/uploads\\\/2024\\\/07\\\/olimpiadasintergeneracionalestxantreanb2973_0.webp\",\"width\":1000,\"height\":667},{\"@type\":\"BreadcrumbList\",\"@id\":\"https:\\\/\\\/www.laguiadepamplona.com\\\/actualidad\\\/estos-dias-se-celebran-en-pamplona-las-primeras-olimpiadas-intergeneracionales-de-la-ciudad-dentro-del-programa-en-verano-muevete\\\/#breadcrumb\",\"itemListElement\":[{\"@type\":\"ListItem\",\"position\":1,\"name\":\"Portada\",\"item\":\"https:\\\/\\\/www.laguiadepamplona.com\\\/actualidad\\\/\"},{\"@type\":\"ListItem\",\"position\":2,\"name\":\"Estos d\u00edas se celebran en Pamplona las primeras Olimpiadas Intergeneracionales de la ciudad dentro del programa \u2018En Verano Mu\u00e9vete\u2019\"}]},{\"@type\":\"WebSite\",\"@id\":\"https:\\\/\\\/www.laguiadepamplona.com\\\/actualidad\\\/#website\",\"url\":\"https:\\\/\\\/www.laguiadepamplona.com\\\/actualidad\\\/\",\"name\":\"La gu\u00eda de Pamplona\",\"description\":\"Noticias de Pamplona\",\"publisher\":{\"@id\":\"https:\\\/\\\/www.laguiadepamplona.com\\\/actualidad\\\/#organization\"},\"potentialAction\":[{\"@type\":\"SearchAction\",\"target\":{\"@type\":\"EntryPoint\",\"urlTemplate\":\"https:\\\/\\\/www.laguiadepamplona.com\\\/actualidad\\\/?s={search_term_string}\"},\"query-input\":{\"@type\":\"PropertyValueSpecification\",\"valueRequired\":true,\"valueName\":\"search_term_string\"}}],\"inLanguage\":\"es\"},{\"@type\":\"Organization\",\"@id\":\"https:\\\/\\\/www.laguiadepamplona.com\\\/actualidad\\\/#organization\",\"name\":\"La Gu\u00eda de Pamplona \\\/ Noticias\",\"url\":\"https:\\\/\\\/www.laguiadepamplona.com\\\/actualidad\\\/\",\"logo\":{\"@type\":\"ImageObject\",\"inLanguage\":\"es\",\"@id\":\"https:\\\/\\\/www.laguiadepamplona.com\\\/actualidad\\\/#\\\/schema\\\/logo\\\/image\\\/\",\"url\":\"https:\\\/\\\/www.laguiadepamplona.com\\\/actualidad\\\/wp-content\\\/uploads\\\/2018\\\/11\\\/logo-laguiadepamplona18-web1.png\",\"contentUrl\":\"https:\\\/\\\/www.laguiadepamplona.com\\\/actualidad\\\/wp-content\\\/uploads\\\/2018\\\/11\\\/logo-laguiadepamplona18-web1.png\",\"width\":600,\"height\":196,\"caption\":\"La Gu\u00eda de Pamplona \\\/ Noticias\"},\"image\":{\"@id\":\"https:\\\/\\\/www.laguiadepamplona.com\\\/actualidad\\\/#\\\/schema\\\/logo\\\/image\\\/\"},\"sameAs\":[\"https:\\\/\\\/www.facebook.com\\\/laguiadepamplonacom-133175176762273\\\/?ref=hl\",\"https:\\\/\\\/x.com\\\/LaGuiadPamplona\",\"https:\\\/\\\/www.instagram.com\\\/la_guia_de_pamplona\\\/\",\"https:\\\/\\\/www.youtube.com\\\/user\\\/laguiadepamplona\"]},{\"@type\":\"Person\",\"@id\":\"https:\\\/\\\/www.laguiadepamplona.com\\\/actualidad\\\/#\\\/schema\\\/person\\\/efe887376f0213d4657c93adc50b1fdb\",\"name\":\"La Gu\u00eda de Pamplona\",\"image\":{\"@type\":\"ImageObject\",\"inLanguage\":\"es\",\"@id\":\"https:\\\/\\\/secure.gravatar.com\\\/avatar\\\/b6992f131dc8d30ab0dff15446e9d346d9dbd95992de0fef795073f5ea83a81c?s=96&d=mm&r=g\",\"url\":\"https:\\\/\\\/secure.gravatar.com\\\/avatar\\\/b6992f131dc8d30ab0dff15446e9d346d9dbd95992de0fef795073f5ea83a81c?s=96&d=mm&r=g\",\"contentUrl\":\"https:\\\/\\\/secure.gravatar.com\\\/avatar\\\/b6992f131dc8d30ab0dff15446e9d346d9dbd95992de0fef795073f5ea83a81c?s=96&d=mm&r=g\",\"caption\":\"La Gu\u00eda de Pamplona\"}}]}<\/script>\n<!-- \/ Yoast SEO plugin. -->","yoast_head_json":{"title":"Estos d\u00edas se celebran en Pamplona las primeras Olimpiadas Intergeneracionales de la ciudad dentro del programa \u2018En Verano Mu\u00e9vete\u2019","description":"Las pruebas enfrentan a personas mayores con receta deportiva-social y sus nietos y nietas por equipos y hoy se han disputado en Txantrea","robots":{"index":"index","follow":"follow","max-snippet":"max-snippet:-1","max-image-preview":"max-image-preview:large","max-video-preview":"max-video-preview:-1"},"canonical":"https:\/\/www.laguiadepamplona.com\/actualidad\/estos-dias-se-celebran-en-pamplona-las-primeras-olimpiadas-intergeneracionales-de-la-ciudad-dentro-del-programa-en-verano-muevete\/","og_locale":"es_ES","og_type":"article","og_title":"Estos d\u00edas se celebran en Pamplona las primeras Olimpiadas Intergeneracionales de la ciudad dentro del programa \u2018En Verano Mu\u00e9vete\u2019","og_description":"Las pruebas enfrentan a personas mayores con receta deportiva-social y sus nietos y nietas por equipos y hoy se han disputado en Txantrea","og_url":"https:\/\/www.laguiadepamplona.com\/actualidad\/estos-dias-se-celebran-en-pamplona-las-primeras-olimpiadas-intergeneracionales-de-la-ciudad-dentro-del-programa-en-verano-muevete\/","og_site_name":"La Gu\u00eda de Pamplona","article_publisher":"https:\/\/www.facebook.com\/laguiadepamplonacom-133175176762273\/?ref=hl","article_published_time":"2024-07-31T16:12:40+00:00","og_image":[{"width":1000,"height":667,"url":"https:\/\/www.laguiadepamplona.com\/actualidad\/wp-content\/uploads\/2024\/07\/olimpiadasintergeneracionalestxantreanb2973_0.webp","type":"image\/webp"}],"author":"La Gu\u00eda de Pamplona","twitter_card":"summary_large_image","twitter_creator":"@LaGuiadPamplona","twitter_site":"@LaGuiadPamplona","twitter_misc":{"Escrito por":"La Gu\u00eda de Pamplona","Tiempo de lectura":"4 minutos"},"schema":{"@context":"https:\/\/schema.org","@graph":[{"@type":"Article","@id":"https:\/\/www.laguiadepamplona.com\/actualidad\/estos-dias-se-celebran-en-pamplona-las-primeras-olimpiadas-intergeneracionales-de-la-ciudad-dentro-del-programa-en-verano-muevete\/#article","isPartOf":{"@id":"https:\/\/www.laguiadepamplona.com\/actualidad\/estos-dias-se-celebran-en-pamplona-las-primeras-olimpiadas-intergeneracionales-de-la-ciudad-dentro-del-programa-en-verano-muevete\/"},"author":{"name":"La Gu\u00eda de Pamplona","@id":"https:\/\/www.laguiadepamplona.com\/actualidad\/#\/schema\/person\/efe887376f0213d4657c93adc50b1fdb"},"headline":"Estos d\u00edas se celebran en Pamplona las primeras Olimpiadas Intergeneracionales de la ciudad dentro del programa \u2018En Verano Mu\u00e9vete\u2019","datePublished":"2024-07-31T16:12:40+00:00","mainEntityOfPage":{"@id":"https:\/\/www.laguiadepamplona.com\/actualidad\/estos-dias-se-celebran-en-pamplona-las-primeras-olimpiadas-intergeneracionales-de-la-ciudad-dentro-del-programa-en-verano-muevete\/"},"wordCount":790,"commentCount":0,"publisher":{"@id":"https:\/\/www.laguiadepamplona.com\/actualidad\/#organization"},"image":{"@id":"https:\/\/www.laguiadepamplona.com\/actualidad\/estos-dias-se-celebran-en-pamplona-las-primeras-olimpiadas-intergeneracionales-de-la-ciudad-dentro-del-programa-en-verano-muevete\/#primaryimage"},"thumbnailUrl":"https:\/\/www.laguiadepamplona.com\/actualidad\/wp-content\/uploads\/2024\/07\/olimpiadasintergeneracionalestxantreanb2973_0.webp","articleSection":["Ayto Pamplona"],"inLanguage":"es","potentialAction":[{"@type":"CommentAction","name":"Comment","target":["https:\/\/www.laguiadepamplona.com\/actualidad\/estos-dias-se-celebran-en-pamplona-las-primeras-olimpiadas-intergeneracionales-de-la-ciudad-dentro-del-programa-en-verano-muevete\/#respond"]}]},{"@type":"WebPage","@id":"https:\/\/www.laguiadepamplona.com\/actualidad\/estos-dias-se-celebran-en-pamplona-las-primeras-olimpiadas-intergeneracionales-de-la-ciudad-dentro-del-programa-en-verano-muevete\/","url":"https:\/\/www.laguiadepamplona.com\/actualidad\/estos-dias-se-celebran-en-pamplona-las-primeras-olimpiadas-intergeneracionales-de-la-ciudad-dentro-del-programa-en-verano-muevete\/","name":"Estos d\u00edas se celebran en Pamplona las primeras Olimpiadas Intergeneracionales de la ciudad dentro del programa \u2018En Verano Mu\u00e9vete\u2019","isPartOf":{"@id":"https:\/\/www.laguiadepamplona.com\/actualidad\/#website"},"primaryImageOfPage":{"@id":"https:\/\/www.laguiadepamplona.com\/actualidad\/estos-dias-se-celebran-en-pamplona-las-primeras-olimpiadas-intergeneracionales-de-la-ciudad-dentro-del-programa-en-verano-muevete\/#primaryimage"},"image":{"@id":"https:\/\/www.laguiadepamplona.com\/actualidad\/estos-dias-se-celebran-en-pamplona-las-primeras-olimpiadas-intergeneracionales-de-la-ciudad-dentro-del-programa-en-verano-muevete\/#primaryimage"},"thumbnailUrl":"https:\/\/www.laguiadepamplona.com\/actualidad\/wp-content\/uploads\/2024\/07\/olimpiadasintergeneracionalestxantreanb2973_0.webp","datePublished":"2024-07-31T16:12:40+00:00","description":"Las pruebas enfrentan a personas mayores con receta deportiva-social y sus nietos y nietas por equipos y hoy se han disputado en Txantrea","breadcrumb":{"@id":"https:\/\/www.laguiadepamplona.com\/actualidad\/estos-dias-se-celebran-en-pamplona-las-primeras-olimpiadas-intergeneracionales-de-la-ciudad-dentro-del-programa-en-verano-muevete\/#breadcrumb"},"inLanguage":"es","potentialAction":[{"@type":"ReadAction","target":["https:\/\/www.laguiadepamplona.com\/actualidad\/estos-dias-se-celebran-en-pamplona-las-primeras-olimpiadas-intergeneracionales-de-la-ciudad-dentro-del-programa-en-verano-muevete\/"]}]},{"@type":"ImageObject","inLanguage":"es","@id":"https:\/\/www.laguiadepamplona.com\/actualidad\/estos-dias-se-celebran-en-pamplona-las-primeras-olimpiadas-intergeneracionales-de-la-ciudad-dentro-del-programa-en-verano-muevete\/#primaryimage","url":"https:\/\/www.laguiadepamplona.com\/actualidad\/wp-content\/uploads\/2024\/07\/olimpiadasintergeneracionalestxantreanb2973_0.webp","contentUrl":"https:\/\/www.laguiadepamplona.com\/actualidad\/wp-content\/uploads\/2024\/07\/olimpiadasintergeneracionalestxantreanb2973_0.webp","width":1000,"height":667},{"@type":"BreadcrumbList","@id":"https:\/\/www.laguiadepamplona.com\/actualidad\/estos-dias-se-celebran-en-pamplona-las-primeras-olimpiadas-intergeneracionales-de-la-ciudad-dentro-del-programa-en-verano-muevete\/#breadcrumb","itemListElement":[{"@type":"ListItem","position":1,"name":"Portada","item":"https:\/\/www.laguiadepamplona.com\/actualidad\/"},{"@type":"ListItem","position":2,"name":"Estos d\u00edas se celebran en Pamplona las primeras Olimpiadas Intergeneracionales de la ciudad dentro del programa \u2018En Verano Mu\u00e9vete\u2019"}]},{"@type":"WebSite","@id":"https:\/\/www.laguiadepamplona.com\/actualidad\/#website","url":"https:\/\/www.laguiadepamplona.com\/actualidad\/","name":"La gu\u00eda de Pamplona","description":"Noticias de Pamplona","publisher":{"@id":"https:\/\/www.laguiadepamplona.com\/actualidad\/#organization"},"potentialAction":[{"@type":"SearchAction","target":{"@type":"EntryPoint","urlTemplate":"https:\/\/www.laguiadepamplona.com\/actualidad\/?s={search_term_string}"},"query-input":{"@type":"PropertyValueSpecification","valueRequired":true,"valueName":"search_term_string"}}],"inLanguage":"es"},{"@type":"Organization","@id":"https:\/\/www.laguiadepamplona.com\/actualidad\/#organization","name":"La Gu\u00eda de Pamplona \/ Noticias","url":"https:\/\/www.laguiadepamplona.com\/actualidad\/","logo":{"@type":"ImageObject","inLanguage":"es","@id":"https:\/\/www.laguiadepamplona.com\/actualidad\/#\/schema\/logo\/image\/","url":"https:\/\/www.laguiadepamplona.com\/actualidad\/wp-content\/uploads\/2018\/11\/logo-laguiadepamplona18-web1.png","contentUrl":"https:\/\/www.laguiadepamplona.com\/actualidad\/wp-content\/uploads\/2018\/11\/logo-laguiadepamplona18-web1.png","width":600,"height":196,"caption":"La Gu\u00eda de Pamplona \/ Noticias"},"image":{"@id":"https:\/\/www.laguiadepamplona.com\/actualidad\/#\/schema\/logo\/image\/"},"sameAs":["https:\/\/www.facebook.com\/laguiadepamplonacom-133175176762273\/?ref=hl","https:\/\/x.com\/LaGuiadPamplona","https:\/\/www.instagram.com\/la_guia_de_pamplona\/","https:\/\/www.youtube.com\/user\/laguiadepamplona"]},{"@type":"Person","@id":"https:\/\/www.laguiadepamplona.com\/actualidad\/#\/schema\/person\/efe887376f0213d4657c93adc50b1fdb","name":"La Gu\u00eda de Pamplona","image":{"@type":"ImageObject","inLanguage":"es","@id":"https:\/\/secure.gravatar.com\/avatar\/b6992f131dc8d30ab0dff15446e9d346d9dbd95992de0fef795073f5ea83a81c?s=96&d=mm&r=g","url":"https:\/\/secure.gravatar.com\/avatar\/b6992f131dc8d30ab0dff15446e9d346d9dbd95992de0fef795073f5ea83a81c?s=96&d=mm&r=g","contentUrl":"https:\/\/secure.gravatar.com\/avatar\/b6992f131dc8d30ab0dff15446e9d346d9dbd95992de0fef795073f5ea83a81c?s=96&d=mm&r=g","caption":"La Gu\u00eda de Pamplona"}}]}},"post_mailing_queue_ids":[],"_links":{"self":[{"href":"https:\/\/www.laguiadepamplona.com\/actualidad\/wp-json\/wp\/v2\/posts\/50405","targetHints":{"allow":["GET"]}}],"collection":[{"href":"https:\/\/www.laguiadepamplona.com\/actualidad\/wp-json\/wp\/v2\/posts"}],"about":[{"href":"https:\/\/www.laguiadepamplona.com\/actualidad\/wp-json\/wp\/v2\/types\/post"}],"author":[{"embeddable":true,"href":"https:\/\/www.laguiadepamplona.com\/actualidad\/wp-json\/wp\/v2\/users\/1"}],"replies":[{"embeddable":true,"href":"https:\/\/www.laguiadepamplona.com\/actualidad\/wp-json\/wp\/v2\/comments?post=50405"}],"version-history":[{"count":1,"href":"https:\/\/www.laguiadepamplona.com\/actualidad\/wp-json\/wp\/v2\/posts\/50405\/revisions"}],"predecessor-version":[{"id":50407,"href":"https:\/\/www.laguiadepamplona.com\/actualidad\/wp-json\/wp\/v2\/posts\/50405\/revisions\/50407"}],"wp:featuredmedia":[{"embeddable":true,"href":"https:\/\/www.laguiadepamplona.com\/actualidad\/wp-json\/wp\/v2\/media\/50406"}],"wp:attachment":[{"href":"https:\/\/www.laguiadepamplona.com\/actualidad\/wp-json\/wp\/v2\/media?parent=50405"}],"wp:term":[{"taxonomy":"category","embeddable":true,"href":"https:\/\/www.laguiadepamplona.com\/actualidad\/wp-json\/wp\/v2\/categories?post=50405"},{"taxonomy":"post_tag","embeddable":true,"href":"https:\/\/www.laguiadepamplona.com\/actualidad\/wp-json\/wp\/v2\/tags?post=50405"}],"curies":[{"name":"wp","href":"https:\/\/api.w.org\/{rel}","templated":true}]}}