{"id":50387,"date":"2024-07-30T18:09:31","date_gmt":"2024-07-30T16:09:31","guid":{"rendered":"https:\/\/www.laguiadepamplona.com\/actualidad\/?p=50387"},"modified":"2024-07-30T18:09:31","modified_gmt":"2024-07-30T16:09:31","slug":"el-museo-de-educacion-ambiental-reabre-este-1-de-agosto-y-propone-la-exposicion-temporal-historias-de-los-rios-de-pamplona-dentro-del-proyecto-runa-2025","status":"publish","type":"post","link":"https:\/\/www.laguiadepamplona.com\/actualidad\/el-museo-de-educacion-ambiental-reabre-este-1-de-agosto-y-propone-la-exposicion-temporal-historias-de-los-rios-de-pamplona-dentro-del-proyecto-runa-2025\/","title":{"rendered":"El Museo de Educaci\u00f3n Ambiental reabre este 1 de agosto y propone la exposici\u00f3n temporal \u2018Historias de los r\u00edos de Pamplona, dentro del proyecto RUNA 2025"},"content":{"rendered":"<h2>Adem\u00e1s de exposiciones, el equipo ofrece materiales \u2018viajeros\u2019 en pr\u00e9stamo a los grupos interesados y resoluci\u00f3n de consultas medioambientales<\/h2>\n<p><!--more--><\/p>\n<p>El Museo de Educaci\u00f3n Ambiental (Monasterio Viejo de San Pedro s\/n) reabre sus puertas este jueves 1 de agosto y, durante todo el mes se mantendr\u00e1 en horario de martes a viernes, de 10 a 13 horas. El servicio, ubicado en el barrio de Rochapea, retoma servicios como las consultas medioambientales o el pr\u00e9stamo de \u2018materiales viajeros\u2019 y reabre su exposici\u00f3n permanente, una muestra que se encuentra desde 2003 en el claustro desacralizado.<\/p>\n<p>Este mes de agosto, como siempre de forma gratuita, el museo ofrece la muestra \u2018Historias de los r\u00edos de Pamplona\u201d, es una combinaci\u00f3n de fotos hist\u00f3ricas y actuales que invitan a seguir descubriendo los r\u00edos de la ciudad: sus habitantes, su patrimonio hist\u00f3rico-arquitect\u00f3nico y la relaci\u00f3n del r\u00edo con el espacio urbano y sus pobladores. La selecci\u00f3n de fotograf\u00edas pretende acercar a la ciudadan\u00eda a los r\u00edos, eje vertebrador de Pamplona y principal espacio natural de la ciudad.<\/p>\n<p>La muestra, de visita libre, integra im\u00e1genes de la fototeca del Archivo Municipal del Ayuntamiento de Pamplona y de los archivos personales de los fot\u00f3grafos I\u00f1aki Vergara P\u00e9rez y Daniel Garc\u00eda Mina. esta exposici\u00f3n es parte del proyecto europeo RUNA 2025 que cuenta con el apoyo de la Fundaci\u00f3n Biodiversidad del Ministerio para la Transici\u00f3n Ecol\u00f3gica y el Reto Demogr\u00e1fico (MITECO) en el marco del Plan de Recuperaci\u00f3n, Transformaci\u00f3n y Resiliencia (PRTR) financiado por la Uni\u00f3n Europea Next Generation EU.<\/p>\n<p>El a\u00f1o pasado 1.019 personas visitaron el Museo por cuenta propia y realizaron consultas en torno al medio ambiente. Esta dotaci\u00f3n es parte de los esfuerzos del Ayuntamiento de Pamplona para la educaci\u00f3n ambiental de la ciudadan\u00eda, con especial sensibilidad ante los m\u00e1s peque\u00f1os. este esfuerzo forma parte de en la Estrategia de Transici\u00f3n Energ\u00e9tica y Cambio Clim\u00e1tico 2030. Los programas municipales desarrollados en este \u00e1mbito se pueden encontrar en\u00a0 <a href=\"https:\/\/educacionambiental.pamplona.es\/\" target=\"_blank\" rel=\"noopener\">https:\/\/educacionambiental.pamplona.es\/<\/a><\/p>\n<p><strong>Otras propuestas para ciudadan\u00eda y colectivos<\/strong><\/p>\n<p>La muestra permanente del museo est\u00e1 dedicada a informar y sensibilizar sobre recursos naturales (tres salas) e intervenci\u00f3n del ser humano en el medio y el desarrollo sostenible (cuatro salas). Cada sala trata un tema diferente: el sol, fuente de toda la energ\u00eda; el aire, el agua y el suelo; la biodiversidad; el uso del territorio; consumo y residuos; transporte y movilidad; y el ruido. Inaugurada en el a\u00f1o 2003, cumple 21 a\u00f1os sin que hayan sido resueltas la mayor\u00eda de los retos y propuestas que planteaba.<\/p>\n<p>Adem\u00e1s de las exposiciones permanentes y temporales, el equipo de Educaci\u00f3n Ambiental propone entre sus actividades los materiales viajeros, un conjunto de recursos educativos que en verano se ofrecen en pr\u00e9stamo a las asociaciones y colectivos que los soliciten. Estos materiales, que durante el curso escolar se destinan a centros educativos, incluyen juegos cooperativos, medidores de ruido y de calidad del agua, lupas, cuentos, semillas, fichas de actividades y todo el material necesario para utilizarlas. Los recursos que se ofrecen son la maleta de la alimentaci\u00f3n, la cesta de la huerta, la maleta del agua, el equipo antiruido, la maleta energ\u00e9tica y la maleta de transici\u00f3n energ\u00e9tica.<\/p>\n<h3><strong>Agosto en el Museo de Educaci\u00f3n Ambiental<\/strong><\/h3>\n<ul>\n<li>Horario de verano:\n<ul>\n<li>De martes a viernes, de 10 a 13 horas<\/li>\n<\/ul>\n<\/li>\n<li>Exposiciones:\n<ul>\n<li>Exposici\u00f3n permanente: siete salas tem\u00e1ticas<\/li>\n<li>Exposici\u00f3n temporal: \u2019Historias de los r\u00edos de Pamplona\u2019<\/li>\n<\/ul>\n<\/li>\n<li>Materiales viajeros:\n<ul>\n<li>Maleta de la alimentaci\u00f3n<\/li>\n<li>Cesta de la huerta<\/li>\n<li>Maleta del agua<\/li>\n<li>Equipo antiruido<\/li>\n<li>Maleta energ\u00e9tica<\/li>\n<li>Maleta de la transici\u00f3n energ\u00e9tica<\/li>\n<\/ul>\n<\/li>\n<\/ul>\n","protected":false},"excerpt":{"rendered":"<p>Adem\u00e1s de exposiciones, el equipo ofrece materiales \u2018viajeros\u2019 en pr\u00e9stamo a los grupos interesados y resoluci\u00f3n de consultas medioambientales<\/p>\n","protected":false},"author":1,"featured_media":50388,"comment_status":"open","ping_status":"closed","sticky":false,"template":"","format":"standard","meta":{"footnotes":""},"categories":[2],"tags":[],"class_list":["post-50387","post","type-post","status-publish","format-standard","has-post-thumbnail","hentry","category-ayuntamiento-pamplona"],"yoast_head":"<!-- This site is optimized with the Yoast SEO plugin v27.3 - https:\/\/yoast.com\/product\/yoast-seo-wordpress\/ -->\n<title>El Museo de Educaci\u00f3n Ambiental reabre este 1 de agosto y propone la exposici\u00f3n temporal \u2018Historias de los r\u00edos de Pamplona, dentro del proyecto RUNA 2025<\/title>\n<meta name=\"description\" content=\"Adem\u00e1s de exposiciones, el equipo ofrece materiales \u2018viajeros\u2019 en pr\u00e9stamo a los grupos interesados y resoluci\u00f3n de consultas medioambientales\" \/>\n<meta name=\"robots\" content=\"index, follow, max-snippet:-1, max-image-preview:large, max-video-preview:-1\" \/>\n<link rel=\"canonical\" href=\"https:\/\/www.laguiadepamplona.com\/actualidad\/el-museo-de-educacion-ambiental-reabre-este-1-de-agosto-y-propone-la-exposicion-temporal-historias-de-los-rios-de-pamplona-dentro-del-proyecto-runa-2025\/\" \/>\n<meta property=\"og:locale\" content=\"es_ES\" \/>\n<meta property=\"og:type\" content=\"article\" \/>\n<meta property=\"og:title\" content=\"El Museo de Educaci\u00f3n Ambiental reabre este 1 de agosto y propone la exposici\u00f3n temporal \u2018Historias de los r\u00edos de Pamplona, dentro del proyecto RUNA 2025\" \/>\n<meta property=\"og:description\" content=\"Adem\u00e1s de exposiciones, el equipo ofrece materiales \u2018viajeros\u2019 en pr\u00e9stamo a los grupos interesados y resoluci\u00f3n de consultas medioambientales\" \/>\n<meta property=\"og:url\" content=\"https:\/\/www.laguiadepamplona.com\/actualidad\/el-museo-de-educacion-ambiental-reabre-este-1-de-agosto-y-propone-la-exposicion-temporal-historias-de-los-rios-de-pamplona-dentro-del-proyecto-runa-2025\/\" \/>\n<meta property=\"og:site_name\" content=\"La Gu\u00eda de Pamplona\" \/>\n<meta property=\"article:publisher\" content=\"https:\/\/www.facebook.com\/laguiadepamplonacom-133175176762273\/?ref=hl\" \/>\n<meta property=\"article:published_time\" content=\"2024-07-30T16:09:31+00:00\" \/>\n<meta property=\"og:image\" content=\"https:\/\/www.laguiadepamplona.com\/actualidad\/wp-content\/uploads\/2024\/07\/museo_educacion_ambiental_puente_0.webp\" \/>\n\t<meta property=\"og:image:width\" content=\"1000\" \/>\n\t<meta property=\"og:image:height\" content=\"667\" \/>\n\t<meta property=\"og:image:type\" content=\"image\/webp\" \/>\n<meta name=\"author\" content=\"La Gu\u00eda de Pamplona\" \/>\n<meta name=\"twitter:card\" content=\"summary_large_image\" \/>\n<meta name=\"twitter:creator\" content=\"@LaGuiadPamplona\" \/>\n<meta name=\"twitter:site\" content=\"@LaGuiadPamplona\" \/>\n<meta name=\"twitter:label1\" content=\"Escrito por\" \/>\n\t<meta name=\"twitter:data1\" content=\"La Gu\u00eda de Pamplona\" \/>\n\t<meta name=\"twitter:label2\" content=\"Tiempo de lectura\" \/>\n\t<meta name=\"twitter:data2\" content=\"3 minutos\" \/>\n<script type=\"application\/ld+json\" class=\"yoast-schema-graph\">{\"@context\":\"https:\\\/\\\/schema.org\",\"@graph\":[{\"@type\":\"Article\",\"@id\":\"https:\\\/\\\/www.laguiadepamplona.com\\\/actualidad\\\/el-museo-de-educacion-ambiental-reabre-este-1-de-agosto-y-propone-la-exposicion-temporal-historias-de-los-rios-de-pamplona-dentro-del-proyecto-runa-2025\\\/#article\",\"isPartOf\":{\"@id\":\"https:\\\/\\\/www.laguiadepamplona.com\\\/actualidad\\\/el-museo-de-educacion-ambiental-reabre-este-1-de-agosto-y-propone-la-exposicion-temporal-historias-de-los-rios-de-pamplona-dentro-del-proyecto-runa-2025\\\/\"},\"author\":{\"name\":\"La Gu\u00eda de Pamplona\",\"@id\":\"https:\\\/\\\/www.laguiadepamplona.com\\\/actualidad\\\/#\\\/schema\\\/person\\\/efe887376f0213d4657c93adc50b1fdb\"},\"headline\":\"El Museo de Educaci\u00f3n Ambiental reabre este 1 de agosto y propone la exposici\u00f3n temporal \u2018Historias de los r\u00edos de Pamplona, dentro del proyecto RUNA 2025\",\"datePublished\":\"2024-07-30T16:09:31+00:00\",\"mainEntityOfPage\":{\"@id\":\"https:\\\/\\\/www.laguiadepamplona.com\\\/actualidad\\\/el-museo-de-educacion-ambiental-reabre-este-1-de-agosto-y-propone-la-exposicion-temporal-historias-de-los-rios-de-pamplona-dentro-del-proyecto-runa-2025\\\/\"},\"wordCount\":658,\"commentCount\":0,\"publisher\":{\"@id\":\"https:\\\/\\\/www.laguiadepamplona.com\\\/actualidad\\\/#organization\"},\"image\":{\"@id\":\"https:\\\/\\\/www.laguiadepamplona.com\\\/actualidad\\\/el-museo-de-educacion-ambiental-reabre-este-1-de-agosto-y-propone-la-exposicion-temporal-historias-de-los-rios-de-pamplona-dentro-del-proyecto-runa-2025\\\/#primaryimage\"},\"thumbnailUrl\":\"https:\\\/\\\/www.laguiadepamplona.com\\\/actualidad\\\/wp-content\\\/uploads\\\/2024\\\/07\\\/museo_educacion_ambiental_puente_0.webp\",\"articleSection\":[\"Ayto Pamplona\"],\"inLanguage\":\"es\",\"potentialAction\":[{\"@type\":\"CommentAction\",\"name\":\"Comment\",\"target\":[\"https:\\\/\\\/www.laguiadepamplona.com\\\/actualidad\\\/el-museo-de-educacion-ambiental-reabre-este-1-de-agosto-y-propone-la-exposicion-temporal-historias-de-los-rios-de-pamplona-dentro-del-proyecto-runa-2025\\\/#respond\"]}]},{\"@type\":\"WebPage\",\"@id\":\"https:\\\/\\\/www.laguiadepamplona.com\\\/actualidad\\\/el-museo-de-educacion-ambiental-reabre-este-1-de-agosto-y-propone-la-exposicion-temporal-historias-de-los-rios-de-pamplona-dentro-del-proyecto-runa-2025\\\/\",\"url\":\"https:\\\/\\\/www.laguiadepamplona.com\\\/actualidad\\\/el-museo-de-educacion-ambiental-reabre-este-1-de-agosto-y-propone-la-exposicion-temporal-historias-de-los-rios-de-pamplona-dentro-del-proyecto-runa-2025\\\/\",\"name\":\"El Museo de Educaci\u00f3n Ambiental reabre este 1 de agosto y propone la exposici\u00f3n temporal \u2018Historias de los r\u00edos de Pamplona, dentro del proyecto RUNA 2025\",\"isPartOf\":{\"@id\":\"https:\\\/\\\/www.laguiadepamplona.com\\\/actualidad\\\/#website\"},\"primaryImageOfPage\":{\"@id\":\"https:\\\/\\\/www.laguiadepamplona.com\\\/actualidad\\\/el-museo-de-educacion-ambiental-reabre-este-1-de-agosto-y-propone-la-exposicion-temporal-historias-de-los-rios-de-pamplona-dentro-del-proyecto-runa-2025\\\/#primaryimage\"},\"image\":{\"@id\":\"https:\\\/\\\/www.laguiadepamplona.com\\\/actualidad\\\/el-museo-de-educacion-ambiental-reabre-este-1-de-agosto-y-propone-la-exposicion-temporal-historias-de-los-rios-de-pamplona-dentro-del-proyecto-runa-2025\\\/#primaryimage\"},\"thumbnailUrl\":\"https:\\\/\\\/www.laguiadepamplona.com\\\/actualidad\\\/wp-content\\\/uploads\\\/2024\\\/07\\\/museo_educacion_ambiental_puente_0.webp\",\"datePublished\":\"2024-07-30T16:09:31+00:00\",\"description\":\"Adem\u00e1s de exposiciones, el equipo ofrece materiales \u2018viajeros\u2019 en pr\u00e9stamo a los grupos interesados y resoluci\u00f3n de consultas medioambientales\",\"breadcrumb\":{\"@id\":\"https:\\\/\\\/www.laguiadepamplona.com\\\/actualidad\\\/el-museo-de-educacion-ambiental-reabre-este-1-de-agosto-y-propone-la-exposicion-temporal-historias-de-los-rios-de-pamplona-dentro-del-proyecto-runa-2025\\\/#breadcrumb\"},\"inLanguage\":\"es\",\"potentialAction\":[{\"@type\":\"ReadAction\",\"target\":[\"https:\\\/\\\/www.laguiadepamplona.com\\\/actualidad\\\/el-museo-de-educacion-ambiental-reabre-este-1-de-agosto-y-propone-la-exposicion-temporal-historias-de-los-rios-de-pamplona-dentro-del-proyecto-runa-2025\\\/\"]}]},{\"@type\":\"ImageObject\",\"inLanguage\":\"es\",\"@id\":\"https:\\\/\\\/www.laguiadepamplona.com\\\/actualidad\\\/el-museo-de-educacion-ambiental-reabre-este-1-de-agosto-y-propone-la-exposicion-temporal-historias-de-los-rios-de-pamplona-dentro-del-proyecto-runa-2025\\\/#primaryimage\",\"url\":\"https:\\\/\\\/www.laguiadepamplona.com\\\/actualidad\\\/wp-content\\\/uploads\\\/2024\\\/07\\\/museo_educacion_ambiental_puente_0.webp\",\"contentUrl\":\"https:\\\/\\\/www.laguiadepamplona.com\\\/actualidad\\\/wp-content\\\/uploads\\\/2024\\\/07\\\/museo_educacion_ambiental_puente_0.webp\",\"width\":1000,\"height\":667,\"caption\":\"museo educaci\u00f3n ambiental\"},{\"@type\":\"BreadcrumbList\",\"@id\":\"https:\\\/\\\/www.laguiadepamplona.com\\\/actualidad\\\/el-museo-de-educacion-ambiental-reabre-este-1-de-agosto-y-propone-la-exposicion-temporal-historias-de-los-rios-de-pamplona-dentro-del-proyecto-runa-2025\\\/#breadcrumb\",\"itemListElement\":[{\"@type\":\"ListItem\",\"position\":1,\"name\":\"Portada\",\"item\":\"https:\\\/\\\/www.laguiadepamplona.com\\\/actualidad\\\/\"},{\"@type\":\"ListItem\",\"position\":2,\"name\":\"El Museo de Educaci\u00f3n Ambiental reabre este 1 de agosto y propone la exposici\u00f3n temporal \u2018Historias de los r\u00edos de Pamplona, dentro del proyecto RUNA 2025\"}]},{\"@type\":\"WebSite\",\"@id\":\"https:\\\/\\\/www.laguiadepamplona.com\\\/actualidad\\\/#website\",\"url\":\"https:\\\/\\\/www.laguiadepamplona.com\\\/actualidad\\\/\",\"name\":\"La gu\u00eda de Pamplona\",\"description\":\"Noticias de Pamplona\",\"publisher\":{\"@id\":\"https:\\\/\\\/www.laguiadepamplona.com\\\/actualidad\\\/#organization\"},\"potentialAction\":[{\"@type\":\"SearchAction\",\"target\":{\"@type\":\"EntryPoint\",\"urlTemplate\":\"https:\\\/\\\/www.laguiadepamplona.com\\\/actualidad\\\/?s={search_term_string}\"},\"query-input\":{\"@type\":\"PropertyValueSpecification\",\"valueRequired\":true,\"valueName\":\"search_term_string\"}}],\"inLanguage\":\"es\"},{\"@type\":\"Organization\",\"@id\":\"https:\\\/\\\/www.laguiadepamplona.com\\\/actualidad\\\/#organization\",\"name\":\"La Gu\u00eda de Pamplona \\\/ Noticias\",\"url\":\"https:\\\/\\\/www.laguiadepamplona.com\\\/actualidad\\\/\",\"logo\":{\"@type\":\"ImageObject\",\"inLanguage\":\"es\",\"@id\":\"https:\\\/\\\/www.laguiadepamplona.com\\\/actualidad\\\/#\\\/schema\\\/logo\\\/image\\\/\",\"url\":\"https:\\\/\\\/www.laguiadepamplona.com\\\/actualidad\\\/wp-content\\\/uploads\\\/2018\\\/11\\\/logo-laguiadepamplona18-web1.png\",\"contentUrl\":\"https:\\\/\\\/www.laguiadepamplona.com\\\/actualidad\\\/wp-content\\\/uploads\\\/2018\\\/11\\\/logo-laguiadepamplona18-web1.png\",\"width\":600,\"height\":196,\"caption\":\"La Gu\u00eda de Pamplona \\\/ Noticias\"},\"image\":{\"@id\":\"https:\\\/\\\/www.laguiadepamplona.com\\\/actualidad\\\/#\\\/schema\\\/logo\\\/image\\\/\"},\"sameAs\":[\"https:\\\/\\\/www.facebook.com\\\/laguiadepamplonacom-133175176762273\\\/?ref=hl\",\"https:\\\/\\\/x.com\\\/LaGuiadPamplona\",\"https:\\\/\\\/www.instagram.com\\\/la_guia_de_pamplona\\\/\",\"https:\\\/\\\/www.youtube.com\\\/user\\\/laguiadepamplona\"]},{\"@type\":\"Person\",\"@id\":\"https:\\\/\\\/www.laguiadepamplona.com\\\/actualidad\\\/#\\\/schema\\\/person\\\/efe887376f0213d4657c93adc50b1fdb\",\"name\":\"La Gu\u00eda de Pamplona\",\"image\":{\"@type\":\"ImageObject\",\"inLanguage\":\"es\",\"@id\":\"https:\\\/\\\/secure.gravatar.com\\\/avatar\\\/b6992f131dc8d30ab0dff15446e9d346d9dbd95992de0fef795073f5ea83a81c?s=96&d=mm&r=g\",\"url\":\"https:\\\/\\\/secure.gravatar.com\\\/avatar\\\/b6992f131dc8d30ab0dff15446e9d346d9dbd95992de0fef795073f5ea83a81c?s=96&d=mm&r=g\",\"contentUrl\":\"https:\\\/\\\/secure.gravatar.com\\\/avatar\\\/b6992f131dc8d30ab0dff15446e9d346d9dbd95992de0fef795073f5ea83a81c?s=96&d=mm&r=g\",\"caption\":\"La Gu\u00eda de Pamplona\"}}]}<\/script>\n<!-- \/ Yoast SEO plugin. -->","yoast_head_json":{"title":"El Museo de Educaci\u00f3n Ambiental reabre este 1 de agosto y propone la exposici\u00f3n temporal \u2018Historias de los r\u00edos de Pamplona, dentro del proyecto RUNA 2025","description":"Adem\u00e1s de exposiciones, el equipo ofrece materiales \u2018viajeros\u2019 en pr\u00e9stamo a los grupos interesados y resoluci\u00f3n de consultas medioambientales","robots":{"index":"index","follow":"follow","max-snippet":"max-snippet:-1","max-image-preview":"max-image-preview:large","max-video-preview":"max-video-preview:-1"},"canonical":"https:\/\/www.laguiadepamplona.com\/actualidad\/el-museo-de-educacion-ambiental-reabre-este-1-de-agosto-y-propone-la-exposicion-temporal-historias-de-los-rios-de-pamplona-dentro-del-proyecto-runa-2025\/","og_locale":"es_ES","og_type":"article","og_title":"El Museo de Educaci\u00f3n Ambiental reabre este 1 de agosto y propone la exposici\u00f3n temporal \u2018Historias de los r\u00edos de Pamplona, dentro del proyecto RUNA 2025","og_description":"Adem\u00e1s de exposiciones, el equipo ofrece materiales \u2018viajeros\u2019 en pr\u00e9stamo a los grupos interesados y resoluci\u00f3n de consultas medioambientales","og_url":"https:\/\/www.laguiadepamplona.com\/actualidad\/el-museo-de-educacion-ambiental-reabre-este-1-de-agosto-y-propone-la-exposicion-temporal-historias-de-los-rios-de-pamplona-dentro-del-proyecto-runa-2025\/","og_site_name":"La Gu\u00eda de Pamplona","article_publisher":"https:\/\/www.facebook.com\/laguiadepamplonacom-133175176762273\/?ref=hl","article_published_time":"2024-07-30T16:09:31+00:00","og_image":[{"width":1000,"height":667,"url":"https:\/\/www.laguiadepamplona.com\/actualidad\/wp-content\/uploads\/2024\/07\/museo_educacion_ambiental_puente_0.webp","type":"image\/webp"}],"author":"La Gu\u00eda de Pamplona","twitter_card":"summary_large_image","twitter_creator":"@LaGuiadPamplona","twitter_site":"@LaGuiadPamplona","twitter_misc":{"Escrito por":"La Gu\u00eda de Pamplona","Tiempo de lectura":"3 minutos"},"schema":{"@context":"https:\/\/schema.org","@graph":[{"@type":"Article","@id":"https:\/\/www.laguiadepamplona.com\/actualidad\/el-museo-de-educacion-ambiental-reabre-este-1-de-agosto-y-propone-la-exposicion-temporal-historias-de-los-rios-de-pamplona-dentro-del-proyecto-runa-2025\/#article","isPartOf":{"@id":"https:\/\/www.laguiadepamplona.com\/actualidad\/el-museo-de-educacion-ambiental-reabre-este-1-de-agosto-y-propone-la-exposicion-temporal-historias-de-los-rios-de-pamplona-dentro-del-proyecto-runa-2025\/"},"author":{"name":"La Gu\u00eda de Pamplona","@id":"https:\/\/www.laguiadepamplona.com\/actualidad\/#\/schema\/person\/efe887376f0213d4657c93adc50b1fdb"},"headline":"El Museo de Educaci\u00f3n Ambiental reabre este 1 de agosto y propone la exposici\u00f3n temporal \u2018Historias de los r\u00edos de Pamplona, dentro del proyecto RUNA 2025","datePublished":"2024-07-30T16:09:31+00:00","mainEntityOfPage":{"@id":"https:\/\/www.laguiadepamplona.com\/actualidad\/el-museo-de-educacion-ambiental-reabre-este-1-de-agosto-y-propone-la-exposicion-temporal-historias-de-los-rios-de-pamplona-dentro-del-proyecto-runa-2025\/"},"wordCount":658,"commentCount":0,"publisher":{"@id":"https:\/\/www.laguiadepamplona.com\/actualidad\/#organization"},"image":{"@id":"https:\/\/www.laguiadepamplona.com\/actualidad\/el-museo-de-educacion-ambiental-reabre-este-1-de-agosto-y-propone-la-exposicion-temporal-historias-de-los-rios-de-pamplona-dentro-del-proyecto-runa-2025\/#primaryimage"},"thumbnailUrl":"https:\/\/www.laguiadepamplona.com\/actualidad\/wp-content\/uploads\/2024\/07\/museo_educacion_ambiental_puente_0.webp","articleSection":["Ayto Pamplona"],"inLanguage":"es","potentialAction":[{"@type":"CommentAction","name":"Comment","target":["https:\/\/www.laguiadepamplona.com\/actualidad\/el-museo-de-educacion-ambiental-reabre-este-1-de-agosto-y-propone-la-exposicion-temporal-historias-de-los-rios-de-pamplona-dentro-del-proyecto-runa-2025\/#respond"]}]},{"@type":"WebPage","@id":"https:\/\/www.laguiadepamplona.com\/actualidad\/el-museo-de-educacion-ambiental-reabre-este-1-de-agosto-y-propone-la-exposicion-temporal-historias-de-los-rios-de-pamplona-dentro-del-proyecto-runa-2025\/","url":"https:\/\/www.laguiadepamplona.com\/actualidad\/el-museo-de-educacion-ambiental-reabre-este-1-de-agosto-y-propone-la-exposicion-temporal-historias-de-los-rios-de-pamplona-dentro-del-proyecto-runa-2025\/","name":"El Museo de Educaci\u00f3n Ambiental reabre este 1 de agosto y propone la exposici\u00f3n temporal \u2018Historias de los r\u00edos de Pamplona, dentro del proyecto RUNA 2025","isPartOf":{"@id":"https:\/\/www.laguiadepamplona.com\/actualidad\/#website"},"primaryImageOfPage":{"@id":"https:\/\/www.laguiadepamplona.com\/actualidad\/el-museo-de-educacion-ambiental-reabre-este-1-de-agosto-y-propone-la-exposicion-temporal-historias-de-los-rios-de-pamplona-dentro-del-proyecto-runa-2025\/#primaryimage"},"image":{"@id":"https:\/\/www.laguiadepamplona.com\/actualidad\/el-museo-de-educacion-ambiental-reabre-este-1-de-agosto-y-propone-la-exposicion-temporal-historias-de-los-rios-de-pamplona-dentro-del-proyecto-runa-2025\/#primaryimage"},"thumbnailUrl":"https:\/\/www.laguiadepamplona.com\/actualidad\/wp-content\/uploads\/2024\/07\/museo_educacion_ambiental_puente_0.webp","datePublished":"2024-07-30T16:09:31+00:00","description":"Adem\u00e1s de exposiciones, el equipo ofrece materiales \u2018viajeros\u2019 en pr\u00e9stamo a los grupos interesados y resoluci\u00f3n de consultas medioambientales","breadcrumb":{"@id":"https:\/\/www.laguiadepamplona.com\/actualidad\/el-museo-de-educacion-ambiental-reabre-este-1-de-agosto-y-propone-la-exposicion-temporal-historias-de-los-rios-de-pamplona-dentro-del-proyecto-runa-2025\/#breadcrumb"},"inLanguage":"es","potentialAction":[{"@type":"ReadAction","target":["https:\/\/www.laguiadepamplona.com\/actualidad\/el-museo-de-educacion-ambiental-reabre-este-1-de-agosto-y-propone-la-exposicion-temporal-historias-de-los-rios-de-pamplona-dentro-del-proyecto-runa-2025\/"]}]},{"@type":"ImageObject","inLanguage":"es","@id":"https:\/\/www.laguiadepamplona.com\/actualidad\/el-museo-de-educacion-ambiental-reabre-este-1-de-agosto-y-propone-la-exposicion-temporal-historias-de-los-rios-de-pamplona-dentro-del-proyecto-runa-2025\/#primaryimage","url":"https:\/\/www.laguiadepamplona.com\/actualidad\/wp-content\/uploads\/2024\/07\/museo_educacion_ambiental_puente_0.webp","contentUrl":"https:\/\/www.laguiadepamplona.com\/actualidad\/wp-content\/uploads\/2024\/07\/museo_educacion_ambiental_puente_0.webp","width":1000,"height":667,"caption":"museo educaci\u00f3n ambiental"},{"@type":"BreadcrumbList","@id":"https:\/\/www.laguiadepamplona.com\/actualidad\/el-museo-de-educacion-ambiental-reabre-este-1-de-agosto-y-propone-la-exposicion-temporal-historias-de-los-rios-de-pamplona-dentro-del-proyecto-runa-2025\/#breadcrumb","itemListElement":[{"@type":"ListItem","position":1,"name":"Portada","item":"https:\/\/www.laguiadepamplona.com\/actualidad\/"},{"@type":"ListItem","position":2,"name":"El Museo de Educaci\u00f3n Ambiental reabre este 1 de agosto y propone la exposici\u00f3n temporal \u2018Historias de los r\u00edos de Pamplona, dentro del proyecto RUNA 2025"}]},{"@type":"WebSite","@id":"https:\/\/www.laguiadepamplona.com\/actualidad\/#website","url":"https:\/\/www.laguiadepamplona.com\/actualidad\/","name":"La gu\u00eda de Pamplona","description":"Noticias de Pamplona","publisher":{"@id":"https:\/\/www.laguiadepamplona.com\/actualidad\/#organization"},"potentialAction":[{"@type":"SearchAction","target":{"@type":"EntryPoint","urlTemplate":"https:\/\/www.laguiadepamplona.com\/actualidad\/?s={search_term_string}"},"query-input":{"@type":"PropertyValueSpecification","valueRequired":true,"valueName":"search_term_string"}}],"inLanguage":"es"},{"@type":"Organization","@id":"https:\/\/www.laguiadepamplona.com\/actualidad\/#organization","name":"La Gu\u00eda de Pamplona \/ Noticias","url":"https:\/\/www.laguiadepamplona.com\/actualidad\/","logo":{"@type":"ImageObject","inLanguage":"es","@id":"https:\/\/www.laguiadepamplona.com\/actualidad\/#\/schema\/logo\/image\/","url":"https:\/\/www.laguiadepamplona.com\/actualidad\/wp-content\/uploads\/2018\/11\/logo-laguiadepamplona18-web1.png","contentUrl":"https:\/\/www.laguiadepamplona.com\/actualidad\/wp-content\/uploads\/2018\/11\/logo-laguiadepamplona18-web1.png","width":600,"height":196,"caption":"La Gu\u00eda de Pamplona \/ Noticias"},"image":{"@id":"https:\/\/www.laguiadepamplona.com\/actualidad\/#\/schema\/logo\/image\/"},"sameAs":["https:\/\/www.facebook.com\/laguiadepamplonacom-133175176762273\/?ref=hl","https:\/\/x.com\/LaGuiadPamplona","https:\/\/www.instagram.com\/la_guia_de_pamplona\/","https:\/\/www.youtube.com\/user\/laguiadepamplona"]},{"@type":"Person","@id":"https:\/\/www.laguiadepamplona.com\/actualidad\/#\/schema\/person\/efe887376f0213d4657c93adc50b1fdb","name":"La Gu\u00eda de Pamplona","image":{"@type":"ImageObject","inLanguage":"es","@id":"https:\/\/secure.gravatar.com\/avatar\/b6992f131dc8d30ab0dff15446e9d346d9dbd95992de0fef795073f5ea83a81c?s=96&d=mm&r=g","url":"https:\/\/secure.gravatar.com\/avatar\/b6992f131dc8d30ab0dff15446e9d346d9dbd95992de0fef795073f5ea83a81c?s=96&d=mm&r=g","contentUrl":"https:\/\/secure.gravatar.com\/avatar\/b6992f131dc8d30ab0dff15446e9d346d9dbd95992de0fef795073f5ea83a81c?s=96&d=mm&r=g","caption":"La Gu\u00eda de Pamplona"}}]}},"post_mailing_queue_ids":[],"_links":{"self":[{"href":"https:\/\/www.laguiadepamplona.com\/actualidad\/wp-json\/wp\/v2\/posts\/50387","targetHints":{"allow":["GET"]}}],"collection":[{"href":"https:\/\/www.laguiadepamplona.com\/actualidad\/wp-json\/wp\/v2\/posts"}],"about":[{"href":"https:\/\/www.laguiadepamplona.com\/actualidad\/wp-json\/wp\/v2\/types\/post"}],"author":[{"embeddable":true,"href":"https:\/\/www.laguiadepamplona.com\/actualidad\/wp-json\/wp\/v2\/users\/1"}],"replies":[{"embeddable":true,"href":"https:\/\/www.laguiadepamplona.com\/actualidad\/wp-json\/wp\/v2\/comments?post=50387"}],"version-history":[{"count":1,"href":"https:\/\/www.laguiadepamplona.com\/actualidad\/wp-json\/wp\/v2\/posts\/50387\/revisions"}],"predecessor-version":[{"id":50389,"href":"https:\/\/www.laguiadepamplona.com\/actualidad\/wp-json\/wp\/v2\/posts\/50387\/revisions\/50389"}],"wp:featuredmedia":[{"embeddable":true,"href":"https:\/\/www.laguiadepamplona.com\/actualidad\/wp-json\/wp\/v2\/media\/50388"}],"wp:attachment":[{"href":"https:\/\/www.laguiadepamplona.com\/actualidad\/wp-json\/wp\/v2\/media?parent=50387"}],"wp:term":[{"taxonomy":"category","embeddable":true,"href":"https:\/\/www.laguiadepamplona.com\/actualidad\/wp-json\/wp\/v2\/categories?post=50387"},{"taxonomy":"post_tag","embeddable":true,"href":"https:\/\/www.laguiadepamplona.com\/actualidad\/wp-json\/wp\/v2\/tags?post=50387"}],"curies":[{"name":"wp","href":"https:\/\/api.w.org\/{rel}","templated":true}]}}