{"id":50379,"date":"2024-07-29T18:41:18","date_gmt":"2024-07-29T16:41:18","guid":{"rendered":"https:\/\/www.laguiadepamplona.com\/actualidad\/?p=50379"},"modified":"2024-07-29T18:41:18","modified_gmt":"2024-07-29T16:41:18","slug":"el-ayuntamiento-de-pamplona-y-la-asociacion-eizie-conceden-a-ainhoa-mendiluze-ormaetxea-la-beca-minaberri-para-la-traduccion-al-euskera-de-la-obra-speak","status":"publish","type":"post","link":"https:\/\/www.laguiadepamplona.com\/actualidad\/el-ayuntamiento-de-pamplona-y-la-asociacion-eizie-conceden-a-ainhoa-mendiluze-ormaetxea-la-beca-minaberri-para-la-traduccion-al-euskera-de-la-obra-speak\/","title":{"rendered":"El Ayuntamiento de Pamplona y la asociaci\u00f3n EIZIE conceden a Ainhoa Mendiluze Ormaetxea la beca Minaberri para la traducci\u00f3n al euskera de la obra \u2018Speak\u2019"},"content":{"rendered":"<h2>El galard\u00f3n, dotado con 3.000 euros, permitir\u00e1 la traducci\u00f3n de esta obra de la literatura juvenil escrita por Laurie Halse Anderon para finales de 2025<\/h2>\n<p><!--more--><\/p>\n<p>El Ayuntamiento de Pamplona y la asociaci\u00f3n EIZIE han concedido la beca Minaberri para la traducci\u00f3n de una obra de literatura juvenil a Ainhoa Mendiluze Ormaetxea. La becada, que recibir\u00e1 un galard\u00f3n de 3.000 euros, se encargar\u00e1 de traducir al euskera la obra \u2018Speak\u2019, de Laurie Halse Anderson, una de las escritoras de literatura juvenil m\u00e1s conocidas de Estados Unidos.<\/p>\n<p>Mendiluze, nacida en Tolosa en 1997, contar\u00e1 en esta labor de traducci\u00f3n con el apoyo de una mentora, que le asesorar\u00e1 durante el proceso. Graduada en Traducci\u00f3n por la Universidad del Pa\u00eds Vasco, su experiencia laboral le ha llevado a realizar pr\u00e1cticas de traducci\u00f3n en la Diputaci\u00f3n Foral de Gipuzkoa y a trabajar en Servicios Ling\u00fc\u00edsticos Saretik, traduciendo textos muy diversos, desde libros de texto a textos administrativo-jur\u00eddicos, econ\u00f3micos y pol\u00edticos y de literatura infantil, principalmente. Tras ejercer durante dos cursos como profesora de euskera en Secundaria como de alem\u00e1n en la Escuela Oficial de Idiomas, actualmente es traductora de la Universidad P\u00fablica de Navarra.<\/p>\n<p>El Consistorio y EIZIE convocaron esta primavera la beca Minaberri, dirigida a menores de 30 a\u00f1os, para traducir al euskera una obra significativa de la literatura juvenil internacional dada la escasez de publicaciones para este p\u00fablico en euskera. En total, han sido 25 los j\u00f3venes que se han presentado a esta primera convocatoria, para la que deb\u00edan traducir un extracto del libro \u2018Speak\u2019. El jurado, que ha estado compuesto por Manu L\u00f3pez Gaseni, Naroa Zubillaga G\u00f3mez y Aiora Jaka Irizar, preseleccion\u00f3 en una primera fase seis trabajos. Y, sobre ello, eligi\u00f3 el ganador, realizado por Ainhoa Mendiluze.<\/p>\n<p>El jurado ha valorado los retos de traducir a Laurie Halse Anderson y el hecho de que la traducci\u00f3n elegida ha conseguido \u201creflejar en un lenguaje juvenil y un euskera rico y natural el ambiente y las inquietudes de los adolescentes estadounidenses\u201d, que recoge el libro original. En este sentido, el fallo del jurado resalta que \u201cha conseguido crear un texto cercano y fresco, respetando adecuadamente el texto original y haciendo aflorar la expresividad del euskera\u201d.<\/p>\n<p>Ainhoa Mendiluze deber\u00e1 ahora traducir \u00edntegramente el libro, con la mentor\u00eda de la traductora Aiora Jaka, que le asistir\u00e1 en el proceso. El premio en met\u00e1lico, que concede el Ayuntamiento de Pamplona, se entregar\u00e1 en dos fases. La primera tendr\u00e1 lugar en el plazo m\u00e1ximo de dos meses desde la notificaci\u00f3n de la persona ganadora y la otra mitad se entregar\u00e1 despu\u00e9s de que el mentor o mentora presente el informe sobre el proceso de traducci\u00f3n a la asociaci\u00f3n EIZIE. La editorial Txalaparta ser\u00e1 la encargada de publicar las traducciones realizadas a trav\u00e9s de la beca y la mentorizaci\u00f3n contar\u00e1 con la colaboraci\u00f3n de Cedro. La traducci\u00f3n ser\u00e1 publicada con fecha l\u00edmite de diciembre de 2025.<\/p>\n<p>Laurie Halse Anderson public\u00f3 en 1999 la novela Speak, que ha sido traducida a numerosos idiomas, y de la que se han realizado una pel\u00edcula y una novela gr\u00e1fica. En sus libros utiliza un lenguaje expresivo y rico, y pone voz sin rodeos a las vivencias de las y los adolescentes. La escritora se refiere a menudo en sus obras a la necesidad de las personas de sentirse amadas y parte del grupo.<\/p>\n<p>La beca Minaberri prev\u00e9 traducir cada a\u00f1o un libro significativo de la literatura juvenil, con el objetivo de ofrecer obras de calidad a los j\u00f3venes lectores, aportando al euskera no s\u00f3lo obras creadas en euskera, sino tambi\u00e9n aquellas de la literatura juvenil internacional. La beca toma el nombre de \u2018Minaberri\u2019 en homenaje a la escritora y traductora bajonavarra Marijane Minaberri.<\/p>\n","protected":false},"excerpt":{"rendered":"<p>El galard\u00f3n, dotado con 3.000 euros, permitir\u00e1 la traducci\u00f3n de esta obra de la literatura juvenil escrita por Laurie Halse Anderon para finales de 2025<\/p>\n","protected":false},"author":1,"featured_media":50380,"comment_status":"open","ping_status":"closed","sticky":false,"template":"","format":"standard","meta":{"footnotes":""},"categories":[2],"tags":[],"class_list":["post-50379","post","type-post","status-publish","format-standard","has-post-thumbnail","hentry","category-ayuntamiento-pamplona"],"yoast_head":"<!-- This site is optimized with the Yoast SEO plugin v27.3 - https:\/\/yoast.com\/product\/yoast-seo-wordpress\/ -->\n<title>El Ayuntamiento de Pamplona y la asociaci\u00f3n EIZIE conceden a Ainhoa Mendiluze Ormaetxea la beca Minaberri para la traducci\u00f3n al euskera de la obra \u2018Speak\u2019<\/title>\n<meta name=\"description\" content=\"El galard\u00f3n, dotado con 3.000 euros, permitir\u00e1 la traducci\u00f3n de esta obra de la literatura juvenil escrita por Laurie Halse Anderon para finales de 2025\" \/>\n<meta name=\"robots\" content=\"index, follow, max-snippet:-1, max-image-preview:large, max-video-preview:-1\" \/>\n<link rel=\"canonical\" href=\"https:\/\/www.laguiadepamplona.com\/actualidad\/el-ayuntamiento-de-pamplona-y-la-asociacion-eizie-conceden-a-ainhoa-mendiluze-ormaetxea-la-beca-minaberri-para-la-traduccion-al-euskera-de-la-obra-speak\/\" \/>\n<meta property=\"og:locale\" content=\"es_ES\" \/>\n<meta property=\"og:type\" content=\"article\" \/>\n<meta property=\"og:title\" content=\"El Ayuntamiento de Pamplona y la asociaci\u00f3n EIZIE conceden a Ainhoa Mendiluze Ormaetxea la beca Minaberri para la traducci\u00f3n al euskera de la obra \u2018Speak\u2019\" \/>\n<meta property=\"og:description\" content=\"El galard\u00f3n, dotado con 3.000 euros, permitir\u00e1 la traducci\u00f3n de esta obra de la literatura juvenil escrita por Laurie Halse Anderon para finales de 2025\" \/>\n<meta property=\"og:url\" content=\"https:\/\/www.laguiadepamplona.com\/actualidad\/el-ayuntamiento-de-pamplona-y-la-asociacion-eizie-conceden-a-ainhoa-mendiluze-ormaetxea-la-beca-minaberri-para-la-traduccion-al-euskera-de-la-obra-speak\/\" \/>\n<meta property=\"og:site_name\" content=\"La Gu\u00eda de Pamplona\" \/>\n<meta property=\"article:publisher\" content=\"https:\/\/www.facebook.com\/laguiadepamplonacom-133175176762273\/?ref=hl\" \/>\n<meta property=\"article:published_time\" content=\"2024-07-29T16:41:18+00:00\" \/>\n<meta property=\"og:image\" content=\"https:\/\/www.laguiadepamplona.com\/actualidad\/wp-content\/uploads\/2024\/07\/beca-traduccion_web.jpg\" \/>\n\t<meta property=\"og:image:width\" content=\"663\" \/>\n\t<meta property=\"og:image:height\" content=\"442\" \/>\n\t<meta property=\"og:image:type\" content=\"image\/jpeg\" \/>\n<meta name=\"author\" content=\"La Gu\u00eda de Pamplona\" \/>\n<meta name=\"twitter:card\" content=\"summary_large_image\" \/>\n<meta name=\"twitter:creator\" content=\"@LaGuiadPamplona\" \/>\n<meta name=\"twitter:site\" content=\"@LaGuiadPamplona\" \/>\n<meta name=\"twitter:label1\" content=\"Escrito por\" \/>\n\t<meta name=\"twitter:data1\" content=\"La Gu\u00eda de Pamplona\" \/>\n\t<meta name=\"twitter:label2\" content=\"Tiempo de lectura\" \/>\n\t<meta name=\"twitter:data2\" content=\"3 minutos\" \/>\n<script type=\"application\/ld+json\" class=\"yoast-schema-graph\">{\"@context\":\"https:\\\/\\\/schema.org\",\"@graph\":[{\"@type\":\"Article\",\"@id\":\"https:\\\/\\\/www.laguiadepamplona.com\\\/actualidad\\\/el-ayuntamiento-de-pamplona-y-la-asociacion-eizie-conceden-a-ainhoa-mendiluze-ormaetxea-la-beca-minaberri-para-la-traduccion-al-euskera-de-la-obra-speak\\\/#article\",\"isPartOf\":{\"@id\":\"https:\\\/\\\/www.laguiadepamplona.com\\\/actualidad\\\/el-ayuntamiento-de-pamplona-y-la-asociacion-eizie-conceden-a-ainhoa-mendiluze-ormaetxea-la-beca-minaberri-para-la-traduccion-al-euskera-de-la-obra-speak\\\/\"},\"author\":{\"name\":\"La Gu\u00eda de Pamplona\",\"@id\":\"https:\\\/\\\/www.laguiadepamplona.com\\\/actualidad\\\/#\\\/schema\\\/person\\\/efe887376f0213d4657c93adc50b1fdb\"},\"headline\":\"El Ayuntamiento de Pamplona y la asociaci\u00f3n EIZIE conceden a Ainhoa Mendiluze Ormaetxea la beca Minaberri para la traducci\u00f3n al euskera de la obra \u2018Speak\u2019\",\"datePublished\":\"2024-07-29T16:41:18+00:00\",\"mainEntityOfPage\":{\"@id\":\"https:\\\/\\\/www.laguiadepamplona.com\\\/actualidad\\\/el-ayuntamiento-de-pamplona-y-la-asociacion-eizie-conceden-a-ainhoa-mendiluze-ormaetxea-la-beca-minaberri-para-la-traduccion-al-euskera-de-la-obra-speak\\\/\"},\"wordCount\":674,\"commentCount\":0,\"publisher\":{\"@id\":\"https:\\\/\\\/www.laguiadepamplona.com\\\/actualidad\\\/#organization\"},\"image\":{\"@id\":\"https:\\\/\\\/www.laguiadepamplona.com\\\/actualidad\\\/el-ayuntamiento-de-pamplona-y-la-asociacion-eizie-conceden-a-ainhoa-mendiluze-ormaetxea-la-beca-minaberri-para-la-traduccion-al-euskera-de-la-obra-speak\\\/#primaryimage\"},\"thumbnailUrl\":\"https:\\\/\\\/www.laguiadepamplona.com\\\/actualidad\\\/wp-content\\\/uploads\\\/2024\\\/07\\\/beca-traduccion_web.jpg\",\"articleSection\":[\"Ayto Pamplona\"],\"inLanguage\":\"es\",\"potentialAction\":[{\"@type\":\"CommentAction\",\"name\":\"Comment\",\"target\":[\"https:\\\/\\\/www.laguiadepamplona.com\\\/actualidad\\\/el-ayuntamiento-de-pamplona-y-la-asociacion-eizie-conceden-a-ainhoa-mendiluze-ormaetxea-la-beca-minaberri-para-la-traduccion-al-euskera-de-la-obra-speak\\\/#respond\"]}]},{\"@type\":\"WebPage\",\"@id\":\"https:\\\/\\\/www.laguiadepamplona.com\\\/actualidad\\\/el-ayuntamiento-de-pamplona-y-la-asociacion-eizie-conceden-a-ainhoa-mendiluze-ormaetxea-la-beca-minaberri-para-la-traduccion-al-euskera-de-la-obra-speak\\\/\",\"url\":\"https:\\\/\\\/www.laguiadepamplona.com\\\/actualidad\\\/el-ayuntamiento-de-pamplona-y-la-asociacion-eizie-conceden-a-ainhoa-mendiluze-ormaetxea-la-beca-minaberri-para-la-traduccion-al-euskera-de-la-obra-speak\\\/\",\"name\":\"El Ayuntamiento de Pamplona y la asociaci\u00f3n EIZIE conceden a Ainhoa Mendiluze Ormaetxea la beca Minaberri para la traducci\u00f3n al euskera de la obra \u2018Speak\u2019\",\"isPartOf\":{\"@id\":\"https:\\\/\\\/www.laguiadepamplona.com\\\/actualidad\\\/#website\"},\"primaryImageOfPage\":{\"@id\":\"https:\\\/\\\/www.laguiadepamplona.com\\\/actualidad\\\/el-ayuntamiento-de-pamplona-y-la-asociacion-eizie-conceden-a-ainhoa-mendiluze-ormaetxea-la-beca-minaberri-para-la-traduccion-al-euskera-de-la-obra-speak\\\/#primaryimage\"},\"image\":{\"@id\":\"https:\\\/\\\/www.laguiadepamplona.com\\\/actualidad\\\/el-ayuntamiento-de-pamplona-y-la-asociacion-eizie-conceden-a-ainhoa-mendiluze-ormaetxea-la-beca-minaberri-para-la-traduccion-al-euskera-de-la-obra-speak\\\/#primaryimage\"},\"thumbnailUrl\":\"https:\\\/\\\/www.laguiadepamplona.com\\\/actualidad\\\/wp-content\\\/uploads\\\/2024\\\/07\\\/beca-traduccion_web.jpg\",\"datePublished\":\"2024-07-29T16:41:18+00:00\",\"description\":\"El galard\u00f3n, dotado con 3.000 euros, permitir\u00e1 la traducci\u00f3n de esta obra de la literatura juvenil escrita por Laurie Halse Anderon para finales de 2025\",\"breadcrumb\":{\"@id\":\"https:\\\/\\\/www.laguiadepamplona.com\\\/actualidad\\\/el-ayuntamiento-de-pamplona-y-la-asociacion-eizie-conceden-a-ainhoa-mendiluze-ormaetxea-la-beca-minaberri-para-la-traduccion-al-euskera-de-la-obra-speak\\\/#breadcrumb\"},\"inLanguage\":\"es\",\"potentialAction\":[{\"@type\":\"ReadAction\",\"target\":[\"https:\\\/\\\/www.laguiadepamplona.com\\\/actualidad\\\/el-ayuntamiento-de-pamplona-y-la-asociacion-eizie-conceden-a-ainhoa-mendiluze-ormaetxea-la-beca-minaberri-para-la-traduccion-al-euskera-de-la-obra-speak\\\/\"]}]},{\"@type\":\"ImageObject\",\"inLanguage\":\"es\",\"@id\":\"https:\\\/\\\/www.laguiadepamplona.com\\\/actualidad\\\/el-ayuntamiento-de-pamplona-y-la-asociacion-eizie-conceden-a-ainhoa-mendiluze-ormaetxea-la-beca-minaberri-para-la-traduccion-al-euskera-de-la-obra-speak\\\/#primaryimage\",\"url\":\"https:\\\/\\\/www.laguiadepamplona.com\\\/actualidad\\\/wp-content\\\/uploads\\\/2024\\\/07\\\/beca-traduccion_web.jpg\",\"contentUrl\":\"https:\\\/\\\/www.laguiadepamplona.com\\\/actualidad\\\/wp-content\\\/uploads\\\/2024\\\/07\\\/beca-traduccion_web.jpg\",\"width\":663,\"height\":442,\"caption\":\"beca traducci\u00f3n\"},{\"@type\":\"BreadcrumbList\",\"@id\":\"https:\\\/\\\/www.laguiadepamplona.com\\\/actualidad\\\/el-ayuntamiento-de-pamplona-y-la-asociacion-eizie-conceden-a-ainhoa-mendiluze-ormaetxea-la-beca-minaberri-para-la-traduccion-al-euskera-de-la-obra-speak\\\/#breadcrumb\",\"itemListElement\":[{\"@type\":\"ListItem\",\"position\":1,\"name\":\"Portada\",\"item\":\"https:\\\/\\\/www.laguiadepamplona.com\\\/actualidad\\\/\"},{\"@type\":\"ListItem\",\"position\":2,\"name\":\"El Ayuntamiento de Pamplona y la asociaci\u00f3n EIZIE conceden a Ainhoa Mendiluze Ormaetxea la beca Minaberri para la traducci\u00f3n al euskera de la obra \u2018Speak\u2019\"}]},{\"@type\":\"WebSite\",\"@id\":\"https:\\\/\\\/www.laguiadepamplona.com\\\/actualidad\\\/#website\",\"url\":\"https:\\\/\\\/www.laguiadepamplona.com\\\/actualidad\\\/\",\"name\":\"La gu\u00eda de Pamplona\",\"description\":\"Noticias de Pamplona\",\"publisher\":{\"@id\":\"https:\\\/\\\/www.laguiadepamplona.com\\\/actualidad\\\/#organization\"},\"potentialAction\":[{\"@type\":\"SearchAction\",\"target\":{\"@type\":\"EntryPoint\",\"urlTemplate\":\"https:\\\/\\\/www.laguiadepamplona.com\\\/actualidad\\\/?s={search_term_string}\"},\"query-input\":{\"@type\":\"PropertyValueSpecification\",\"valueRequired\":true,\"valueName\":\"search_term_string\"}}],\"inLanguage\":\"es\"},{\"@type\":\"Organization\",\"@id\":\"https:\\\/\\\/www.laguiadepamplona.com\\\/actualidad\\\/#organization\",\"name\":\"La Gu\u00eda de Pamplona \\\/ Noticias\",\"url\":\"https:\\\/\\\/www.laguiadepamplona.com\\\/actualidad\\\/\",\"logo\":{\"@type\":\"ImageObject\",\"inLanguage\":\"es\",\"@id\":\"https:\\\/\\\/www.laguiadepamplona.com\\\/actualidad\\\/#\\\/schema\\\/logo\\\/image\\\/\",\"url\":\"https:\\\/\\\/www.laguiadepamplona.com\\\/actualidad\\\/wp-content\\\/uploads\\\/2018\\\/11\\\/logo-laguiadepamplona18-web1.png\",\"contentUrl\":\"https:\\\/\\\/www.laguiadepamplona.com\\\/actualidad\\\/wp-content\\\/uploads\\\/2018\\\/11\\\/logo-laguiadepamplona18-web1.png\",\"width\":600,\"height\":196,\"caption\":\"La Gu\u00eda de Pamplona \\\/ Noticias\"},\"image\":{\"@id\":\"https:\\\/\\\/www.laguiadepamplona.com\\\/actualidad\\\/#\\\/schema\\\/logo\\\/image\\\/\"},\"sameAs\":[\"https:\\\/\\\/www.facebook.com\\\/laguiadepamplonacom-133175176762273\\\/?ref=hl\",\"https:\\\/\\\/x.com\\\/LaGuiadPamplona\",\"https:\\\/\\\/www.instagram.com\\\/la_guia_de_pamplona\\\/\",\"https:\\\/\\\/www.youtube.com\\\/user\\\/laguiadepamplona\"]},{\"@type\":\"Person\",\"@id\":\"https:\\\/\\\/www.laguiadepamplona.com\\\/actualidad\\\/#\\\/schema\\\/person\\\/efe887376f0213d4657c93adc50b1fdb\",\"name\":\"La Gu\u00eda de Pamplona\",\"image\":{\"@type\":\"ImageObject\",\"inLanguage\":\"es\",\"@id\":\"https:\\\/\\\/secure.gravatar.com\\\/avatar\\\/b6992f131dc8d30ab0dff15446e9d346d9dbd95992de0fef795073f5ea83a81c?s=96&d=mm&r=g\",\"url\":\"https:\\\/\\\/secure.gravatar.com\\\/avatar\\\/b6992f131dc8d30ab0dff15446e9d346d9dbd95992de0fef795073f5ea83a81c?s=96&d=mm&r=g\",\"contentUrl\":\"https:\\\/\\\/secure.gravatar.com\\\/avatar\\\/b6992f131dc8d30ab0dff15446e9d346d9dbd95992de0fef795073f5ea83a81c?s=96&d=mm&r=g\",\"caption\":\"La Gu\u00eda de Pamplona\"}}]}<\/script>\n<!-- \/ Yoast SEO plugin. -->","yoast_head_json":{"title":"El Ayuntamiento de Pamplona y la asociaci\u00f3n EIZIE conceden a Ainhoa Mendiluze Ormaetxea la beca Minaberri para la traducci\u00f3n al euskera de la obra \u2018Speak\u2019","description":"El galard\u00f3n, dotado con 3.000 euros, permitir\u00e1 la traducci\u00f3n de esta obra de la literatura juvenil escrita por Laurie Halse Anderon para finales de 2025","robots":{"index":"index","follow":"follow","max-snippet":"max-snippet:-1","max-image-preview":"max-image-preview:large","max-video-preview":"max-video-preview:-1"},"canonical":"https:\/\/www.laguiadepamplona.com\/actualidad\/el-ayuntamiento-de-pamplona-y-la-asociacion-eizie-conceden-a-ainhoa-mendiluze-ormaetxea-la-beca-minaberri-para-la-traduccion-al-euskera-de-la-obra-speak\/","og_locale":"es_ES","og_type":"article","og_title":"El Ayuntamiento de Pamplona y la asociaci\u00f3n EIZIE conceden a Ainhoa Mendiluze Ormaetxea la beca Minaberri para la traducci\u00f3n al euskera de la obra \u2018Speak\u2019","og_description":"El galard\u00f3n, dotado con 3.000 euros, permitir\u00e1 la traducci\u00f3n de esta obra de la literatura juvenil escrita por Laurie Halse Anderon para finales de 2025","og_url":"https:\/\/www.laguiadepamplona.com\/actualidad\/el-ayuntamiento-de-pamplona-y-la-asociacion-eizie-conceden-a-ainhoa-mendiluze-ormaetxea-la-beca-minaberri-para-la-traduccion-al-euskera-de-la-obra-speak\/","og_site_name":"La Gu\u00eda de Pamplona","article_publisher":"https:\/\/www.facebook.com\/laguiadepamplonacom-133175176762273\/?ref=hl","article_published_time":"2024-07-29T16:41:18+00:00","og_image":[{"width":663,"height":442,"url":"https:\/\/www.laguiadepamplona.com\/actualidad\/wp-content\/uploads\/2024\/07\/beca-traduccion_web.jpg","type":"image\/jpeg"}],"author":"La Gu\u00eda de Pamplona","twitter_card":"summary_large_image","twitter_creator":"@LaGuiadPamplona","twitter_site":"@LaGuiadPamplona","twitter_misc":{"Escrito por":"La Gu\u00eda de Pamplona","Tiempo de lectura":"3 minutos"},"schema":{"@context":"https:\/\/schema.org","@graph":[{"@type":"Article","@id":"https:\/\/www.laguiadepamplona.com\/actualidad\/el-ayuntamiento-de-pamplona-y-la-asociacion-eizie-conceden-a-ainhoa-mendiluze-ormaetxea-la-beca-minaberri-para-la-traduccion-al-euskera-de-la-obra-speak\/#article","isPartOf":{"@id":"https:\/\/www.laguiadepamplona.com\/actualidad\/el-ayuntamiento-de-pamplona-y-la-asociacion-eizie-conceden-a-ainhoa-mendiluze-ormaetxea-la-beca-minaberri-para-la-traduccion-al-euskera-de-la-obra-speak\/"},"author":{"name":"La Gu\u00eda de Pamplona","@id":"https:\/\/www.laguiadepamplona.com\/actualidad\/#\/schema\/person\/efe887376f0213d4657c93adc50b1fdb"},"headline":"El Ayuntamiento de Pamplona y la asociaci\u00f3n EIZIE conceden a Ainhoa Mendiluze Ormaetxea la beca Minaberri para la traducci\u00f3n al euskera de la obra \u2018Speak\u2019","datePublished":"2024-07-29T16:41:18+00:00","mainEntityOfPage":{"@id":"https:\/\/www.laguiadepamplona.com\/actualidad\/el-ayuntamiento-de-pamplona-y-la-asociacion-eizie-conceden-a-ainhoa-mendiluze-ormaetxea-la-beca-minaberri-para-la-traduccion-al-euskera-de-la-obra-speak\/"},"wordCount":674,"commentCount":0,"publisher":{"@id":"https:\/\/www.laguiadepamplona.com\/actualidad\/#organization"},"image":{"@id":"https:\/\/www.laguiadepamplona.com\/actualidad\/el-ayuntamiento-de-pamplona-y-la-asociacion-eizie-conceden-a-ainhoa-mendiluze-ormaetxea-la-beca-minaberri-para-la-traduccion-al-euskera-de-la-obra-speak\/#primaryimage"},"thumbnailUrl":"https:\/\/www.laguiadepamplona.com\/actualidad\/wp-content\/uploads\/2024\/07\/beca-traduccion_web.jpg","articleSection":["Ayto Pamplona"],"inLanguage":"es","potentialAction":[{"@type":"CommentAction","name":"Comment","target":["https:\/\/www.laguiadepamplona.com\/actualidad\/el-ayuntamiento-de-pamplona-y-la-asociacion-eizie-conceden-a-ainhoa-mendiluze-ormaetxea-la-beca-minaberri-para-la-traduccion-al-euskera-de-la-obra-speak\/#respond"]}]},{"@type":"WebPage","@id":"https:\/\/www.laguiadepamplona.com\/actualidad\/el-ayuntamiento-de-pamplona-y-la-asociacion-eizie-conceden-a-ainhoa-mendiluze-ormaetxea-la-beca-minaberri-para-la-traduccion-al-euskera-de-la-obra-speak\/","url":"https:\/\/www.laguiadepamplona.com\/actualidad\/el-ayuntamiento-de-pamplona-y-la-asociacion-eizie-conceden-a-ainhoa-mendiluze-ormaetxea-la-beca-minaberri-para-la-traduccion-al-euskera-de-la-obra-speak\/","name":"El Ayuntamiento de Pamplona y la asociaci\u00f3n EIZIE conceden a Ainhoa Mendiluze Ormaetxea la beca Minaberri para la traducci\u00f3n al euskera de la obra \u2018Speak\u2019","isPartOf":{"@id":"https:\/\/www.laguiadepamplona.com\/actualidad\/#website"},"primaryImageOfPage":{"@id":"https:\/\/www.laguiadepamplona.com\/actualidad\/el-ayuntamiento-de-pamplona-y-la-asociacion-eizie-conceden-a-ainhoa-mendiluze-ormaetxea-la-beca-minaberri-para-la-traduccion-al-euskera-de-la-obra-speak\/#primaryimage"},"image":{"@id":"https:\/\/www.laguiadepamplona.com\/actualidad\/el-ayuntamiento-de-pamplona-y-la-asociacion-eizie-conceden-a-ainhoa-mendiluze-ormaetxea-la-beca-minaberri-para-la-traduccion-al-euskera-de-la-obra-speak\/#primaryimage"},"thumbnailUrl":"https:\/\/www.laguiadepamplona.com\/actualidad\/wp-content\/uploads\/2024\/07\/beca-traduccion_web.jpg","datePublished":"2024-07-29T16:41:18+00:00","description":"El galard\u00f3n, dotado con 3.000 euros, permitir\u00e1 la traducci\u00f3n de esta obra de la literatura juvenil escrita por Laurie Halse Anderon para finales de 2025","breadcrumb":{"@id":"https:\/\/www.laguiadepamplona.com\/actualidad\/el-ayuntamiento-de-pamplona-y-la-asociacion-eizie-conceden-a-ainhoa-mendiluze-ormaetxea-la-beca-minaberri-para-la-traduccion-al-euskera-de-la-obra-speak\/#breadcrumb"},"inLanguage":"es","potentialAction":[{"@type":"ReadAction","target":["https:\/\/www.laguiadepamplona.com\/actualidad\/el-ayuntamiento-de-pamplona-y-la-asociacion-eizie-conceden-a-ainhoa-mendiluze-ormaetxea-la-beca-minaberri-para-la-traduccion-al-euskera-de-la-obra-speak\/"]}]},{"@type":"ImageObject","inLanguage":"es","@id":"https:\/\/www.laguiadepamplona.com\/actualidad\/el-ayuntamiento-de-pamplona-y-la-asociacion-eizie-conceden-a-ainhoa-mendiluze-ormaetxea-la-beca-minaberri-para-la-traduccion-al-euskera-de-la-obra-speak\/#primaryimage","url":"https:\/\/www.laguiadepamplona.com\/actualidad\/wp-content\/uploads\/2024\/07\/beca-traduccion_web.jpg","contentUrl":"https:\/\/www.laguiadepamplona.com\/actualidad\/wp-content\/uploads\/2024\/07\/beca-traduccion_web.jpg","width":663,"height":442,"caption":"beca traducci\u00f3n"},{"@type":"BreadcrumbList","@id":"https:\/\/www.laguiadepamplona.com\/actualidad\/el-ayuntamiento-de-pamplona-y-la-asociacion-eizie-conceden-a-ainhoa-mendiluze-ormaetxea-la-beca-minaberri-para-la-traduccion-al-euskera-de-la-obra-speak\/#breadcrumb","itemListElement":[{"@type":"ListItem","position":1,"name":"Portada","item":"https:\/\/www.laguiadepamplona.com\/actualidad\/"},{"@type":"ListItem","position":2,"name":"El Ayuntamiento de Pamplona y la asociaci\u00f3n EIZIE conceden a Ainhoa Mendiluze Ormaetxea la beca Minaberri para la traducci\u00f3n al euskera de la obra \u2018Speak\u2019"}]},{"@type":"WebSite","@id":"https:\/\/www.laguiadepamplona.com\/actualidad\/#website","url":"https:\/\/www.laguiadepamplona.com\/actualidad\/","name":"La gu\u00eda de Pamplona","description":"Noticias de Pamplona","publisher":{"@id":"https:\/\/www.laguiadepamplona.com\/actualidad\/#organization"},"potentialAction":[{"@type":"SearchAction","target":{"@type":"EntryPoint","urlTemplate":"https:\/\/www.laguiadepamplona.com\/actualidad\/?s={search_term_string}"},"query-input":{"@type":"PropertyValueSpecification","valueRequired":true,"valueName":"search_term_string"}}],"inLanguage":"es"},{"@type":"Organization","@id":"https:\/\/www.laguiadepamplona.com\/actualidad\/#organization","name":"La Gu\u00eda de Pamplona \/ Noticias","url":"https:\/\/www.laguiadepamplona.com\/actualidad\/","logo":{"@type":"ImageObject","inLanguage":"es","@id":"https:\/\/www.laguiadepamplona.com\/actualidad\/#\/schema\/logo\/image\/","url":"https:\/\/www.laguiadepamplona.com\/actualidad\/wp-content\/uploads\/2018\/11\/logo-laguiadepamplona18-web1.png","contentUrl":"https:\/\/www.laguiadepamplona.com\/actualidad\/wp-content\/uploads\/2018\/11\/logo-laguiadepamplona18-web1.png","width":600,"height":196,"caption":"La Gu\u00eda de Pamplona \/ Noticias"},"image":{"@id":"https:\/\/www.laguiadepamplona.com\/actualidad\/#\/schema\/logo\/image\/"},"sameAs":["https:\/\/www.facebook.com\/laguiadepamplonacom-133175176762273\/?ref=hl","https:\/\/x.com\/LaGuiadPamplona","https:\/\/www.instagram.com\/la_guia_de_pamplona\/","https:\/\/www.youtube.com\/user\/laguiadepamplona"]},{"@type":"Person","@id":"https:\/\/www.laguiadepamplona.com\/actualidad\/#\/schema\/person\/efe887376f0213d4657c93adc50b1fdb","name":"La Gu\u00eda de Pamplona","image":{"@type":"ImageObject","inLanguage":"es","@id":"https:\/\/secure.gravatar.com\/avatar\/b6992f131dc8d30ab0dff15446e9d346d9dbd95992de0fef795073f5ea83a81c?s=96&d=mm&r=g","url":"https:\/\/secure.gravatar.com\/avatar\/b6992f131dc8d30ab0dff15446e9d346d9dbd95992de0fef795073f5ea83a81c?s=96&d=mm&r=g","contentUrl":"https:\/\/secure.gravatar.com\/avatar\/b6992f131dc8d30ab0dff15446e9d346d9dbd95992de0fef795073f5ea83a81c?s=96&d=mm&r=g","caption":"La Gu\u00eda de Pamplona"}}]}},"post_mailing_queue_ids":[],"_links":{"self":[{"href":"https:\/\/www.laguiadepamplona.com\/actualidad\/wp-json\/wp\/v2\/posts\/50379","targetHints":{"allow":["GET"]}}],"collection":[{"href":"https:\/\/www.laguiadepamplona.com\/actualidad\/wp-json\/wp\/v2\/posts"}],"about":[{"href":"https:\/\/www.laguiadepamplona.com\/actualidad\/wp-json\/wp\/v2\/types\/post"}],"author":[{"embeddable":true,"href":"https:\/\/www.laguiadepamplona.com\/actualidad\/wp-json\/wp\/v2\/users\/1"}],"replies":[{"embeddable":true,"href":"https:\/\/www.laguiadepamplona.com\/actualidad\/wp-json\/wp\/v2\/comments?post=50379"}],"version-history":[{"count":1,"href":"https:\/\/www.laguiadepamplona.com\/actualidad\/wp-json\/wp\/v2\/posts\/50379\/revisions"}],"predecessor-version":[{"id":50381,"href":"https:\/\/www.laguiadepamplona.com\/actualidad\/wp-json\/wp\/v2\/posts\/50379\/revisions\/50381"}],"wp:featuredmedia":[{"embeddable":true,"href":"https:\/\/www.laguiadepamplona.com\/actualidad\/wp-json\/wp\/v2\/media\/50380"}],"wp:attachment":[{"href":"https:\/\/www.laguiadepamplona.com\/actualidad\/wp-json\/wp\/v2\/media?parent=50379"}],"wp:term":[{"taxonomy":"category","embeddable":true,"href":"https:\/\/www.laguiadepamplona.com\/actualidad\/wp-json\/wp\/v2\/categories?post=50379"},{"taxonomy":"post_tag","embeddable":true,"href":"https:\/\/www.laguiadepamplona.com\/actualidad\/wp-json\/wp\/v2\/tags?post=50379"}],"curies":[{"name":"wp","href":"https:\/\/api.w.org\/{rel}","templated":true}]}}