{"id":50377,"date":"2024-07-29T18:39:11","date_gmt":"2024-07-29T16:39:11","guid":{"rendered":"https:\/\/www.laguiadepamplona.com\/actualidad\/?p=50377"},"modified":"2024-07-29T18:39:11","modified_gmt":"2024-07-29T16:39:11","slug":"vuelven-las-noches-de-cine-con-22-peliculas-que-se-proyectaran-en-los-parques-y-plazas-de-todos-los-barrios-de-pamplona-del-30-de-julio-al-29-de-agosto","status":"publish","type":"post","link":"https:\/\/www.laguiadepamplona.com\/actualidad\/vuelven-las-noches-de-cine-con-22-peliculas-que-se-proyectaran-en-los-parques-y-plazas-de-todos-los-barrios-de-pamplona-del-30-de-julio-al-29-de-agosto\/","title":{"rendered":"Vuelven las \u2018Noches de cine\u2019 con 22 pel\u00edculas que se proyectar\u00e1n en los parques y plazas de todos los barrios de Pamplona del 30 de julio al 29 de agosto"},"content":{"rendered":"<h2>Las proyecciones, que ser\u00e1n gratuitas, comienzan este martes en Etxabakoitz con el filme \u2018Ast\u00e9rix y Ob\u00e9lix: El Reino Medio\u2019<\/h2>\n<p><!--more--><\/p>\n<p>Un verano m\u00e1s, el Ayuntamiento de Pamplona propone a la ciudadan\u00eda disfrutar del cine al aire libre en las distintas plazas y parques de la ciudad. El ciclo \u2018Noches de cine\u2019 traer\u00e1, este 2024, un total de 22 pel\u00edculas, que podr\u00e1n disfrutarse de forma gratuita desde ma\u00f1ana, 30 de julio, hasta el 29 de agosto. Cada noche, de lunes a viernes, habr\u00e1 un largometraje nuevo para disfrutar pensados, en la mayor\u00eda de los casos, para el p\u00fablico familiar, infantil y juvenil. El lugar de proyecci\u00f3n cambiar\u00e1 cada jornada, pero la hora ser\u00e1 siempre la misma, a las 22 horas.<\/p>\n<p>Para proyectar los largometrajes, se han elegido lugares amplios en cada barrio de la ciudad. As\u00ed, se podr\u00e1 disfrutar de las \u2018Noches de cine\u2019 en el parque Yamaguchi, en el Lago de Mendillorru, en la plaza Maravillas Lamberto de Lezkairu, en el paseo de Buztintxuri, en la plaza Doctor Gortari de San Jorge, el parque de los Enamorados en Rochapea, la plaza San Franscico del Casco Antiguo, la plaza Arriurdi\u00f1eta en el barrio de Txantrea, en el Boulevard de Iturrama, en la plaza Alfredo Florist\u00e1n del barrio de Milagrosa y en el parque Etxabakoitz.<\/p>\n<p>Precisamente es en Etxabakoitz donde da comienzo esta propuesta municipal, este martes con la pel\u00edcula \u2018Ast\u00e9rix y Ob\u00e9lix: El Reino Medio\u2019, una comedia de aventuras francesa de 2023. Dirigida a p\u00fablico mayor de siete a\u00f1os, este filme se ambienta en el a\u00f1o 50 A.C. y recrea las aventuras de Ast\u00e9rix y Ob\u00e9lix en su viaje a China, para liberar a la emperatriz de ese pa\u00eds, que ha sido encarcelada. No obstante, C\u00e9sar y su poderoso ej\u00e9rcito tambi\u00e9n se dirigen hacia el Reino Medio.<\/p>\n<p>Tambi\u00e9n en el parque de Etxabakoitz se ha programado la segunda pel\u00edcula del ciclo, el mi\u00e9rcoles, d\u00eda 31. Ese d\u00eda se proyectar\u00e1 \u2018Bonnie Bears. Parque salvaje\u2019, un largometraje de animaci\u00f3n chino de 2022. Esta pel\u00edcula para todos los p\u00fablicos tiene, como hilo argumental, un nuevo parque de atracciones, que permite a sus visitantes transformarse en animales.<\/p>\n<p>Este jueves, el ciclo \u2018Noches de cine\u2019 se traslada a Mendillorri, al parque del Lago, donde se proyectar\u00e1 la pel\u00edcula \u2018Gran Turismo\u2019. Se trata de una pel\u00edcula de acci\u00f3n basada en hechos reales y dirigida por Neill Blomkamp, que cuenta entre su reparto con Orlando Bloom. El filme, de 2023, narra la historia de un adolescente que se convierte en piloto de carreras profesional despu\u00e9s de jugar al videojuego &#8216;Gran Turismo&#8217;, en el que gan\u00f3 una serie de competiciones.<\/p>\n<p>El viernes ser\u00e1 el turno del barrio de Lezkairu. Ah\u00ed, en la plaza Maravillas Lamberto se podr\u00e1 disfrutar de la pel\u00edcula en euskera Ilargirantz (Lun\u00e1ticos), un filme de animaci\u00f3n alem\u00e1n del director iran\u00ed Ali Samadi Ahadi realizada en 2021. La pel\u00edcula, dirigida a todos los p\u00fablicos, est\u00e1 basada en uno de los libros infantiles m\u00e1s populares de Alemania, \u00abMoonbound\u00bb, y cuenta la historia del peque\u00f1o Pete, que se embarca en un viaje para rescatar a su hermana peque\u00f1a del malvado Moon Man.<\/p>\n<p><strong>Cine familiar, acci\u00f3n, drama y comedia<\/strong><\/p>\n<p>Dentro de las 22 pel\u00edculas que componen esta edici\u00f3n el ciclo \u2018Noches de cine\u2019, el p\u00fablico asistente podr\u00e1 disfrutar de comedias, pel\u00edculas de animaci\u00f3n, acci\u00f3n y alg\u00fan que otro drama. La inmensa mayor\u00eda son largometrajes de humor, como la comedia rom\u00e1tica \u2018Viaje al para\u00edso\u2019 de George Clooney y Julia Roberts, \u2018Como Dios manda\u2019 o \u2018A todo tren 2\u2019, pero tambi\u00e9n se proyectar\u00e1n dramas como As Bestas y Oppenheimer. En este sentido, el Ayuntamiento busca acercar el cine m\u00e1s actual y m\u00e1s taquillero a la poblaci\u00f3n en su conjunto, para que pueda disfrutar de estos grandes largometrajes de forma totalmente gratuita.<\/p>\n<p>El grueso de las pel\u00edculas proyectadas se ha estrenado, de hecho, en los \u00faltimos 12 o 24 meses. As\u00ed, se podr\u00e1 ver \u2018Barbie\u2019 o \u2018Super Mario Bros\u2019. La pel\u00edcula, ambas de 2023, y con una gran taquilla en los cines. Tambi\u00e9n se proyectar\u00e1n \u2018Hotel Transilvania. Transforman\u00eda\u2019, \u2018Momias\u2019, \u2018Vaya vacaciones\u2019 o \u2018Ruby: Aventuras de una kraken adolescente\u2019.<\/p>\n<p>Adem\u00e1s, entre la veintena de pel\u00edculas seleccionadas, se han programado cinco en euskera, que se proyectar\u00e1n los d\u00edas 2, 8, 14, 20 y 26 de agosto. Se trata de \u2018Ilargirantz\u2019, \u2018Gazte Harrigarria T.S. Spivet\u2019, \u2018Paperezko hegazkinak\u2019, \u2018Irati\u2019 y \u2018Dragoiaren gidaria\u2019.<\/p>\n<p>&nbsp;<\/p>\n<h3>Noches de Cine. A las 22 horas. Entrada Libre<\/h3>\n<ul>\n<li><strong>Martes 30 de julio<\/strong>\n<ul>\n<li>Ast\u00e9rix y Ob\u00e9lix: El Reino Medio (Para mayores de 7 a\u00f1os)<\/li>\n<li>Parque Etxabakoitz<\/li>\n<\/ul>\n<\/li>\n<li><strong>Mi\u00e9rcoles 31 de julio<\/strong>\n<ul>\n<li>Boonie Bears: Parque Salvaje (Para todos los p\u00fablicos)<\/li>\n<li>Parque Etxabakoitz<\/li>\n<\/ul>\n<\/li>\n<li><strong>Jueves 1 de agosto<\/strong>\n<ul>\n<li>Gran turismo (Para mayores de 7 a\u00f1os)<\/li>\n<li>Parque Lago de Mendillorri<\/li>\n<\/ul>\n<\/li>\n<li><strong>Viernes 2 de agosto<\/strong>\n<ul>\n<li>Ilargirantz (Euskera. Para todos los p\u00fablicos)<\/li>\n<li>Plaza Maravillas Lamberto. Lezkairu<\/li>\n<\/ul>\n<\/li>\n<li><strong>Lunes 5 de agosto<\/strong>\n<ul>\n<li>Barbie (Para todos los p\u00fablicos)<\/li>\n<li>Parque Yamaguchi. San Juan<\/li>\n<\/ul>\n<\/li>\n<li><strong>Martes 6 de agosto<\/strong>\n<ul>\n<li>Hotel Transilvania. Transforman\u00eda (Para todos los p\u00fablicos)<\/li>\n<li>Paseo de Buztintxuri<\/li>\n<\/ul>\n<\/li>\n<li><strong>Mi\u00e9rcoles 7 de agosto<\/strong>\n<ul>\n<li>Spider-Man. Cruzando el multiverso (Para mayores de 7 a\u00f1os)<\/li>\n<li>Plaza Doctor Gortari. San Jorge<\/li>\n<\/ul>\n<\/li>\n<li><strong>Jueves 8 de agosto<\/strong>\n<ul>\n<li>Gazte Harrigarria, T.S. SPIVET (Euskera. Para mayores de 7 a\u00f1os)<\/li>\n<li>Parque Lago de Mendillorri<\/li>\n<\/ul>\n<\/li>\n<li><strong>Viernes 9 de agosto<\/strong>\n<ul>\n<li>Super Mario Bros. La pel\u00edcula (Para todos los p\u00fablicos)<\/li>\n<li>Plaza Maravillas Lamberto. Lezkairu<\/li>\n<\/ul>\n<\/li>\n<li><strong>Lunes 12 de agosto<\/strong>\n<ul>\n<li>Viaje al para\u00edso (Para todos los p\u00fablicos)<\/li>\n<li>Parque Yamaguchi. San Juan<\/li>\n<\/ul>\n<\/li>\n<li><strong>Martes 13 de agosto<\/strong>\n<ul>\n<li>Lilo, mi amigo el cocodrilo (Para todos los p\u00fablicos)<\/li>\n<li>Paseo de Buztintxuri<\/li>\n<\/ul>\n<\/li>\n<li><strong>Mi\u00e9rcoles 14 de agosto <\/strong>\n<ul>\n<li>Paperezko Hegazkinak (Euskera. Para todos los p\u00fablicos)<\/li>\n<li>Plaza Doctor Gortari. San Jorge<\/li>\n<\/ul>\n<\/li>\n<li><strong>Viernes 16 de agosto<\/strong>\n<ul>\n<li>Momias (Para todos los p\u00fablicos)<\/li>\n<li>Parque de los Enamorados. Rochapea<\/li>\n<\/ul>\n<\/li>\n<li><strong>Lunes 19 de agosto<\/strong>\n<ul>\n<li>A todo tren 2 (Para mayores de 7 a\u00f1os)<\/li>\n<li>Plaza de San Francisco. Casco Antiguo<\/li>\n<\/ul>\n<\/li>\n<li><strong>Martes 20 de agosto<\/strong>\n<ul>\n<li>Dragoiaren gidaria (Euskera. Para todos los p\u00fablicos)<\/li>\n<li>Plaza Arriurdi\u00f1eta. Txantrea<\/li>\n<\/ul>\n<\/li>\n<li><strong>Mi\u00e9rcoles 21 de agosto<\/strong>\n<ul>\n<li>Oppenheimer (Para mayores de 12 a\u00f1os)<\/li>\n<li>Boulevard de Iturrama<\/li>\n<\/ul>\n<\/li>\n<li><strong>Jueves 22 de agosto<\/strong>\n<ul>\n<li>As bestas (Para mayores de 12 a\u00f1os)<\/li>\n<li>Plaza de Alfredo Florist\u00e1n. Milagrosa<\/li>\n<\/ul>\n<\/li>\n<li><strong>Viernes 23 de agosto <\/strong>\n<ul>\n<li>El gato con botas. El \u00faltimo deseo (Para mayores de 7 a\u00f1os)<\/li>\n<li>Parque de los Enamorados. Rochapea<\/li>\n<\/ul>\n<\/li>\n<li><strong>Lunes 26 de agosto<\/strong>\n<ul>\n<li>Irati (Euskera. Para mayores de 16 a\u00f1os)<\/li>\n<li>Plaza de San Francisco. Casco Antiguo<\/li>\n<\/ul>\n<\/li>\n<li><strong>Martes 27 de agosto<\/strong>\n<ul>\n<li>Ruby: Aventuras de una kraken adolescente (Para todos los p\u00fablicos)<\/li>\n<li>Plaza Arriurdi\u00f1eta. Txantrea<\/li>\n<\/ul>\n<\/li>\n<li><strong>Mi\u00e9rcoles 28 de agosto<\/strong>\n<ul>\n<li>Como Dios manda (Para mayores de siete a\u00f1os)<\/li>\n<li>Boulevard de Iturrama<\/li>\n<\/ul>\n<\/li>\n<li><strong>Jueves 29 de agosto<\/strong>\n<ul>\n<li>\u00a1Vaya vacaciones! (Para mayores de siete a\u00f1os)<\/li>\n<li>Plaza de Alfredo Florist\u00e1n. Milagrosa<\/li>\n<\/ul>\n<\/li>\n<\/ul>\n","protected":false},"excerpt":{"rendered":"<p>Las proyecciones, que ser\u00e1n gratuitas, comienzan este martes en Etxabakoitz con el filme \u2018Ast\u00e9rix y Ob\u00e9lix: El Reino Medio\u2019<\/p>\n","protected":false},"author":1,"featured_media":23391,"comment_status":"open","ping_status":"closed","sticky":false,"template":"","format":"standard","meta":{"footnotes":""},"categories":[2],"tags":[],"class_list":["post-50377","post","type-post","status-publish","format-standard","has-post-thumbnail","hentry","category-ayuntamiento-pamplona"],"yoast_head":"<!-- This site is optimized with the Yoast SEO plugin v27.5 - https:\/\/yoast.com\/product\/yoast-seo-wordpress\/ -->\n<title>Vuelven las \u2018Noches de cine\u2019 con 22 pel\u00edculas que se proyectar\u00e1n en los parques y plazas de todos los barrios de Pamplona del 30 de julio al 29 de agosto<\/title>\n<meta name=\"description\" content=\"Las proyecciones, que ser\u00e1n gratuitas, comienzan este martes en Etxabakoitz con el filme \u2018Ast\u00e9rix y Ob\u00e9lix: El Reino Medio\u2019\" \/>\n<meta name=\"robots\" content=\"index, follow, max-snippet:-1, max-image-preview:large, max-video-preview:-1\" \/>\n<link rel=\"canonical\" href=\"https:\/\/www.laguiadepamplona.com\/actualidad\/vuelven-las-noches-de-cine-con-22-peliculas-que-se-proyectaran-en-los-parques-y-plazas-de-todos-los-barrios-de-pamplona-del-30-de-julio-al-29-de-agosto\/\" \/>\n<meta property=\"og:locale\" content=\"es_ES\" \/>\n<meta property=\"og:type\" content=\"article\" \/>\n<meta property=\"og:title\" content=\"Vuelven las \u2018Noches de cine\u2019 con 22 pel\u00edculas que se proyectar\u00e1n en los parques y plazas de todos los barrios de Pamplona del 30 de julio al 29 de agosto\" \/>\n<meta property=\"og:description\" content=\"Las proyecciones, que ser\u00e1n gratuitas, comienzan este martes en Etxabakoitz con el filme \u2018Ast\u00e9rix y Ob\u00e9lix: El Reino Medio\u2019\" \/>\n<meta property=\"og:url\" content=\"https:\/\/www.laguiadepamplona.com\/actualidad\/vuelven-las-noches-de-cine-con-22-peliculas-que-se-proyectaran-en-los-parques-y-plazas-de-todos-los-barrios-de-pamplona-del-30-de-julio-al-29-de-agosto\/\" \/>\n<meta property=\"og:site_name\" content=\"La Gu\u00eda de Pamplona\" \/>\n<meta property=\"article:publisher\" content=\"https:\/\/www.facebook.com\/laguiadepamplonacom-133175176762273\/?ref=hl\" \/>\n<meta property=\"article:published_time\" content=\"2024-07-29T16:39:11+00:00\" \/>\n<meta property=\"og:image\" content=\"https:\/\/www.laguiadepamplona.com\/actualidad\/wp-content\/uploads\/2019\/07\/noches-de-cine.jpg\" \/>\n\t<meta property=\"og:image:width\" content=\"1800\" \/>\n\t<meta property=\"og:image:height\" content=\"1035\" \/>\n\t<meta property=\"og:image:type\" content=\"image\/jpeg\" \/>\n<meta name=\"author\" content=\"La Gu\u00eda de Pamplona\" \/>\n<meta name=\"twitter:card\" content=\"summary_large_image\" \/>\n<meta name=\"twitter:creator\" content=\"@LaGuiadPamplona\" \/>\n<meta name=\"twitter:site\" content=\"@LaGuiadPamplona\" \/>\n<meta name=\"twitter:label1\" content=\"Escrito por\" \/>\n\t<meta name=\"twitter:data1\" content=\"La Gu\u00eda de Pamplona\" \/>\n\t<meta name=\"twitter:label2\" content=\"Tiempo de lectura\" \/>\n\t<meta name=\"twitter:data2\" content=\"5 minutos\" \/>\n<script type=\"application\/ld+json\" class=\"yoast-schema-graph\">{\"@context\":\"https:\\\/\\\/schema.org\",\"@graph\":[{\"@type\":\"Article\",\"@id\":\"https:\\\/\\\/www.laguiadepamplona.com\\\/actualidad\\\/vuelven-las-noches-de-cine-con-22-peliculas-que-se-proyectaran-en-los-parques-y-plazas-de-todos-los-barrios-de-pamplona-del-30-de-julio-al-29-de-agosto\\\/#article\",\"isPartOf\":{\"@id\":\"https:\\\/\\\/www.laguiadepamplona.com\\\/actualidad\\\/vuelven-las-noches-de-cine-con-22-peliculas-que-se-proyectaran-en-los-parques-y-plazas-de-todos-los-barrios-de-pamplona-del-30-de-julio-al-29-de-agosto\\\/\"},\"author\":{\"name\":\"La Gu\u00eda de Pamplona\",\"@id\":\"https:\\\/\\\/www.laguiadepamplona.com\\\/actualidad\\\/#\\\/schema\\\/person\\\/efe887376f0213d4657c93adc50b1fdb\"},\"headline\":\"Vuelven las \u2018Noches de cine\u2019 con 22 pel\u00edculas que se proyectar\u00e1n en los parques y plazas de todos los barrios de Pamplona del 30 de julio al 29 de agosto\",\"datePublished\":\"2024-07-29T16:39:11+00:00\",\"mainEntityOfPage\":{\"@id\":\"https:\\\/\\\/www.laguiadepamplona.com\\\/actualidad\\\/vuelven-las-noches-de-cine-con-22-peliculas-que-se-proyectaran-en-los-parques-y-plazas-de-todos-los-barrios-de-pamplona-del-30-de-julio-al-29-de-agosto\\\/\"},\"wordCount\":1158,\"commentCount\":0,\"publisher\":{\"@id\":\"https:\\\/\\\/www.laguiadepamplona.com\\\/actualidad\\\/#organization\"},\"image\":{\"@id\":\"https:\\\/\\\/www.laguiadepamplona.com\\\/actualidad\\\/vuelven-las-noches-de-cine-con-22-peliculas-que-se-proyectaran-en-los-parques-y-plazas-de-todos-los-barrios-de-pamplona-del-30-de-julio-al-29-de-agosto\\\/#primaryimage\"},\"thumbnailUrl\":\"https:\\\/\\\/www.laguiadepamplona.com\\\/actualidad\\\/wp-content\\\/uploads\\\/2019\\\/07\\\/noches-de-cine.jpg\",\"articleSection\":[\"Ayto Pamplona\"],\"inLanguage\":\"es\",\"potentialAction\":[{\"@type\":\"CommentAction\",\"name\":\"Comment\",\"target\":[\"https:\\\/\\\/www.laguiadepamplona.com\\\/actualidad\\\/vuelven-las-noches-de-cine-con-22-peliculas-que-se-proyectaran-en-los-parques-y-plazas-de-todos-los-barrios-de-pamplona-del-30-de-julio-al-29-de-agosto\\\/#respond\"]}]},{\"@type\":\"WebPage\",\"@id\":\"https:\\\/\\\/www.laguiadepamplona.com\\\/actualidad\\\/vuelven-las-noches-de-cine-con-22-peliculas-que-se-proyectaran-en-los-parques-y-plazas-de-todos-los-barrios-de-pamplona-del-30-de-julio-al-29-de-agosto\\\/\",\"url\":\"https:\\\/\\\/www.laguiadepamplona.com\\\/actualidad\\\/vuelven-las-noches-de-cine-con-22-peliculas-que-se-proyectaran-en-los-parques-y-plazas-de-todos-los-barrios-de-pamplona-del-30-de-julio-al-29-de-agosto\\\/\",\"name\":\"Vuelven las \u2018Noches de cine\u2019 con 22 pel\u00edculas que se proyectar\u00e1n en los parques y plazas de todos los barrios de Pamplona del 30 de julio al 29 de agosto\",\"isPartOf\":{\"@id\":\"https:\\\/\\\/www.laguiadepamplona.com\\\/actualidad\\\/#website\"},\"primaryImageOfPage\":{\"@id\":\"https:\\\/\\\/www.laguiadepamplona.com\\\/actualidad\\\/vuelven-las-noches-de-cine-con-22-peliculas-que-se-proyectaran-en-los-parques-y-plazas-de-todos-los-barrios-de-pamplona-del-30-de-julio-al-29-de-agosto\\\/#primaryimage\"},\"image\":{\"@id\":\"https:\\\/\\\/www.laguiadepamplona.com\\\/actualidad\\\/vuelven-las-noches-de-cine-con-22-peliculas-que-se-proyectaran-en-los-parques-y-plazas-de-todos-los-barrios-de-pamplona-del-30-de-julio-al-29-de-agosto\\\/#primaryimage\"},\"thumbnailUrl\":\"https:\\\/\\\/www.laguiadepamplona.com\\\/actualidad\\\/wp-content\\\/uploads\\\/2019\\\/07\\\/noches-de-cine.jpg\",\"datePublished\":\"2024-07-29T16:39:11+00:00\",\"description\":\"Las proyecciones, que ser\u00e1n gratuitas, comienzan este martes en Etxabakoitz con el filme \u2018Ast\u00e9rix y Ob\u00e9lix: El Reino Medio\u2019\",\"breadcrumb\":{\"@id\":\"https:\\\/\\\/www.laguiadepamplona.com\\\/actualidad\\\/vuelven-las-noches-de-cine-con-22-peliculas-que-se-proyectaran-en-los-parques-y-plazas-de-todos-los-barrios-de-pamplona-del-30-de-julio-al-29-de-agosto\\\/#breadcrumb\"},\"inLanguage\":\"es\",\"potentialAction\":[{\"@type\":\"ReadAction\",\"target\":[\"https:\\\/\\\/www.laguiadepamplona.com\\\/actualidad\\\/vuelven-las-noches-de-cine-con-22-peliculas-que-se-proyectaran-en-los-parques-y-plazas-de-todos-los-barrios-de-pamplona-del-30-de-julio-al-29-de-agosto\\\/\"]}]},{\"@type\":\"ImageObject\",\"inLanguage\":\"es\",\"@id\":\"https:\\\/\\\/www.laguiadepamplona.com\\\/actualidad\\\/vuelven-las-noches-de-cine-con-22-peliculas-que-se-proyectaran-en-los-parques-y-plazas-de-todos-los-barrios-de-pamplona-del-30-de-julio-al-29-de-agosto\\\/#primaryimage\",\"url\":\"https:\\\/\\\/www.laguiadepamplona.com\\\/actualidad\\\/wp-content\\\/uploads\\\/2019\\\/07\\\/noches-de-cine.jpg\",\"contentUrl\":\"https:\\\/\\\/www.laguiadepamplona.com\\\/actualidad\\\/wp-content\\\/uploads\\\/2019\\\/07\\\/noches-de-cine.jpg\",\"width\":1800,\"height\":1035,\"caption\":\"noches de cine\"},{\"@type\":\"BreadcrumbList\",\"@id\":\"https:\\\/\\\/www.laguiadepamplona.com\\\/actualidad\\\/vuelven-las-noches-de-cine-con-22-peliculas-que-se-proyectaran-en-los-parques-y-plazas-de-todos-los-barrios-de-pamplona-del-30-de-julio-al-29-de-agosto\\\/#breadcrumb\",\"itemListElement\":[{\"@type\":\"ListItem\",\"position\":1,\"name\":\"Portada\",\"item\":\"https:\\\/\\\/www.laguiadepamplona.com\\\/actualidad\\\/\"},{\"@type\":\"ListItem\",\"position\":2,\"name\":\"Vuelven las \u2018Noches de cine\u2019 con 22 pel\u00edculas que se proyectar\u00e1n en los parques y plazas de todos los barrios de Pamplona del 30 de julio al 29 de agosto\"}]},{\"@type\":\"WebSite\",\"@id\":\"https:\\\/\\\/www.laguiadepamplona.com\\\/actualidad\\\/#website\",\"url\":\"https:\\\/\\\/www.laguiadepamplona.com\\\/actualidad\\\/\",\"name\":\"La gu\u00eda de Pamplona\",\"description\":\"Noticias de Pamplona\",\"publisher\":{\"@id\":\"https:\\\/\\\/www.laguiadepamplona.com\\\/actualidad\\\/#organization\"},\"potentialAction\":[{\"@type\":\"SearchAction\",\"target\":{\"@type\":\"EntryPoint\",\"urlTemplate\":\"https:\\\/\\\/www.laguiadepamplona.com\\\/actualidad\\\/?s={search_term_string}\"},\"query-input\":{\"@type\":\"PropertyValueSpecification\",\"valueRequired\":true,\"valueName\":\"search_term_string\"}}],\"inLanguage\":\"es\"},{\"@type\":\"Organization\",\"@id\":\"https:\\\/\\\/www.laguiadepamplona.com\\\/actualidad\\\/#organization\",\"name\":\"La Gu\u00eda de Pamplona \\\/ Noticias\",\"url\":\"https:\\\/\\\/www.laguiadepamplona.com\\\/actualidad\\\/\",\"logo\":{\"@type\":\"ImageObject\",\"inLanguage\":\"es\",\"@id\":\"https:\\\/\\\/www.laguiadepamplona.com\\\/actualidad\\\/#\\\/schema\\\/logo\\\/image\\\/\",\"url\":\"https:\\\/\\\/www.laguiadepamplona.com\\\/actualidad\\\/wp-content\\\/uploads\\\/2018\\\/11\\\/logo-laguiadepamplona18-web1.png\",\"contentUrl\":\"https:\\\/\\\/www.laguiadepamplona.com\\\/actualidad\\\/wp-content\\\/uploads\\\/2018\\\/11\\\/logo-laguiadepamplona18-web1.png\",\"width\":600,\"height\":196,\"caption\":\"La Gu\u00eda de Pamplona \\\/ Noticias\"},\"image\":{\"@id\":\"https:\\\/\\\/www.laguiadepamplona.com\\\/actualidad\\\/#\\\/schema\\\/logo\\\/image\\\/\"},\"sameAs\":[\"https:\\\/\\\/www.facebook.com\\\/laguiadepamplonacom-133175176762273\\\/?ref=hl\",\"https:\\\/\\\/x.com\\\/LaGuiadPamplona\",\"https:\\\/\\\/www.instagram.com\\\/la_guia_de_pamplona\\\/\",\"https:\\\/\\\/www.youtube.com\\\/user\\\/laguiadepamplona\"]},{\"@type\":\"Person\",\"@id\":\"https:\\\/\\\/www.laguiadepamplona.com\\\/actualidad\\\/#\\\/schema\\\/person\\\/efe887376f0213d4657c93adc50b1fdb\",\"name\":\"La Gu\u00eda de Pamplona\",\"image\":{\"@type\":\"ImageObject\",\"inLanguage\":\"es\",\"@id\":\"https:\\\/\\\/secure.gravatar.com\\\/avatar\\\/b6992f131dc8d30ab0dff15446e9d346d9dbd95992de0fef795073f5ea83a81c?s=96&d=mm&r=g\",\"url\":\"https:\\\/\\\/secure.gravatar.com\\\/avatar\\\/b6992f131dc8d30ab0dff15446e9d346d9dbd95992de0fef795073f5ea83a81c?s=96&d=mm&r=g\",\"contentUrl\":\"https:\\\/\\\/secure.gravatar.com\\\/avatar\\\/b6992f131dc8d30ab0dff15446e9d346d9dbd95992de0fef795073f5ea83a81c?s=96&d=mm&r=g\",\"caption\":\"La Gu\u00eda de Pamplona\"}}]}<\/script>\n<!-- \/ Yoast SEO plugin. -->","yoast_head_json":{"title":"Vuelven las \u2018Noches de cine\u2019 con 22 pel\u00edculas que se proyectar\u00e1n en los parques y plazas de todos los barrios de Pamplona del 30 de julio al 29 de agosto","description":"Las proyecciones, que ser\u00e1n gratuitas, comienzan este martes en Etxabakoitz con el filme \u2018Ast\u00e9rix y Ob\u00e9lix: El Reino Medio\u2019","robots":{"index":"index","follow":"follow","max-snippet":"max-snippet:-1","max-image-preview":"max-image-preview:large","max-video-preview":"max-video-preview:-1"},"canonical":"https:\/\/www.laguiadepamplona.com\/actualidad\/vuelven-las-noches-de-cine-con-22-peliculas-que-se-proyectaran-en-los-parques-y-plazas-de-todos-los-barrios-de-pamplona-del-30-de-julio-al-29-de-agosto\/","og_locale":"es_ES","og_type":"article","og_title":"Vuelven las \u2018Noches de cine\u2019 con 22 pel\u00edculas que se proyectar\u00e1n en los parques y plazas de todos los barrios de Pamplona del 30 de julio al 29 de agosto","og_description":"Las proyecciones, que ser\u00e1n gratuitas, comienzan este martes en Etxabakoitz con el filme \u2018Ast\u00e9rix y Ob\u00e9lix: El Reino Medio\u2019","og_url":"https:\/\/www.laguiadepamplona.com\/actualidad\/vuelven-las-noches-de-cine-con-22-peliculas-que-se-proyectaran-en-los-parques-y-plazas-de-todos-los-barrios-de-pamplona-del-30-de-julio-al-29-de-agosto\/","og_site_name":"La Gu\u00eda de Pamplona","article_publisher":"https:\/\/www.facebook.com\/laguiadepamplonacom-133175176762273\/?ref=hl","article_published_time":"2024-07-29T16:39:11+00:00","og_image":[{"width":1800,"height":1035,"url":"https:\/\/www.laguiadepamplona.com\/actualidad\/wp-content\/uploads\/2019\/07\/noches-de-cine.jpg","type":"image\/jpeg"}],"author":"La Gu\u00eda de Pamplona","twitter_card":"summary_large_image","twitter_creator":"@LaGuiadPamplona","twitter_site":"@LaGuiadPamplona","twitter_misc":{"Escrito por":"La Gu\u00eda de Pamplona","Tiempo de lectura":"5 minutos"},"schema":{"@context":"https:\/\/schema.org","@graph":[{"@type":"Article","@id":"https:\/\/www.laguiadepamplona.com\/actualidad\/vuelven-las-noches-de-cine-con-22-peliculas-que-se-proyectaran-en-los-parques-y-plazas-de-todos-los-barrios-de-pamplona-del-30-de-julio-al-29-de-agosto\/#article","isPartOf":{"@id":"https:\/\/www.laguiadepamplona.com\/actualidad\/vuelven-las-noches-de-cine-con-22-peliculas-que-se-proyectaran-en-los-parques-y-plazas-de-todos-los-barrios-de-pamplona-del-30-de-julio-al-29-de-agosto\/"},"author":{"name":"La Gu\u00eda de Pamplona","@id":"https:\/\/www.laguiadepamplona.com\/actualidad\/#\/schema\/person\/efe887376f0213d4657c93adc50b1fdb"},"headline":"Vuelven las \u2018Noches de cine\u2019 con 22 pel\u00edculas que se proyectar\u00e1n en los parques y plazas de todos los barrios de Pamplona del 30 de julio al 29 de agosto","datePublished":"2024-07-29T16:39:11+00:00","mainEntityOfPage":{"@id":"https:\/\/www.laguiadepamplona.com\/actualidad\/vuelven-las-noches-de-cine-con-22-peliculas-que-se-proyectaran-en-los-parques-y-plazas-de-todos-los-barrios-de-pamplona-del-30-de-julio-al-29-de-agosto\/"},"wordCount":1158,"commentCount":0,"publisher":{"@id":"https:\/\/www.laguiadepamplona.com\/actualidad\/#organization"},"image":{"@id":"https:\/\/www.laguiadepamplona.com\/actualidad\/vuelven-las-noches-de-cine-con-22-peliculas-que-se-proyectaran-en-los-parques-y-plazas-de-todos-los-barrios-de-pamplona-del-30-de-julio-al-29-de-agosto\/#primaryimage"},"thumbnailUrl":"https:\/\/www.laguiadepamplona.com\/actualidad\/wp-content\/uploads\/2019\/07\/noches-de-cine.jpg","articleSection":["Ayto Pamplona"],"inLanguage":"es","potentialAction":[{"@type":"CommentAction","name":"Comment","target":["https:\/\/www.laguiadepamplona.com\/actualidad\/vuelven-las-noches-de-cine-con-22-peliculas-que-se-proyectaran-en-los-parques-y-plazas-de-todos-los-barrios-de-pamplona-del-30-de-julio-al-29-de-agosto\/#respond"]}]},{"@type":"WebPage","@id":"https:\/\/www.laguiadepamplona.com\/actualidad\/vuelven-las-noches-de-cine-con-22-peliculas-que-se-proyectaran-en-los-parques-y-plazas-de-todos-los-barrios-de-pamplona-del-30-de-julio-al-29-de-agosto\/","url":"https:\/\/www.laguiadepamplona.com\/actualidad\/vuelven-las-noches-de-cine-con-22-peliculas-que-se-proyectaran-en-los-parques-y-plazas-de-todos-los-barrios-de-pamplona-del-30-de-julio-al-29-de-agosto\/","name":"Vuelven las \u2018Noches de cine\u2019 con 22 pel\u00edculas que se proyectar\u00e1n en los parques y plazas de todos los barrios de Pamplona del 30 de julio al 29 de agosto","isPartOf":{"@id":"https:\/\/www.laguiadepamplona.com\/actualidad\/#website"},"primaryImageOfPage":{"@id":"https:\/\/www.laguiadepamplona.com\/actualidad\/vuelven-las-noches-de-cine-con-22-peliculas-que-se-proyectaran-en-los-parques-y-plazas-de-todos-los-barrios-de-pamplona-del-30-de-julio-al-29-de-agosto\/#primaryimage"},"image":{"@id":"https:\/\/www.laguiadepamplona.com\/actualidad\/vuelven-las-noches-de-cine-con-22-peliculas-que-se-proyectaran-en-los-parques-y-plazas-de-todos-los-barrios-de-pamplona-del-30-de-julio-al-29-de-agosto\/#primaryimage"},"thumbnailUrl":"https:\/\/www.laguiadepamplona.com\/actualidad\/wp-content\/uploads\/2019\/07\/noches-de-cine.jpg","datePublished":"2024-07-29T16:39:11+00:00","description":"Las proyecciones, que ser\u00e1n gratuitas, comienzan este martes en Etxabakoitz con el filme \u2018Ast\u00e9rix y Ob\u00e9lix: El Reino Medio\u2019","breadcrumb":{"@id":"https:\/\/www.laguiadepamplona.com\/actualidad\/vuelven-las-noches-de-cine-con-22-peliculas-que-se-proyectaran-en-los-parques-y-plazas-de-todos-los-barrios-de-pamplona-del-30-de-julio-al-29-de-agosto\/#breadcrumb"},"inLanguage":"es","potentialAction":[{"@type":"ReadAction","target":["https:\/\/www.laguiadepamplona.com\/actualidad\/vuelven-las-noches-de-cine-con-22-peliculas-que-se-proyectaran-en-los-parques-y-plazas-de-todos-los-barrios-de-pamplona-del-30-de-julio-al-29-de-agosto\/"]}]},{"@type":"ImageObject","inLanguage":"es","@id":"https:\/\/www.laguiadepamplona.com\/actualidad\/vuelven-las-noches-de-cine-con-22-peliculas-que-se-proyectaran-en-los-parques-y-plazas-de-todos-los-barrios-de-pamplona-del-30-de-julio-al-29-de-agosto\/#primaryimage","url":"https:\/\/www.laguiadepamplona.com\/actualidad\/wp-content\/uploads\/2019\/07\/noches-de-cine.jpg","contentUrl":"https:\/\/www.laguiadepamplona.com\/actualidad\/wp-content\/uploads\/2019\/07\/noches-de-cine.jpg","width":1800,"height":1035,"caption":"noches de cine"},{"@type":"BreadcrumbList","@id":"https:\/\/www.laguiadepamplona.com\/actualidad\/vuelven-las-noches-de-cine-con-22-peliculas-que-se-proyectaran-en-los-parques-y-plazas-de-todos-los-barrios-de-pamplona-del-30-de-julio-al-29-de-agosto\/#breadcrumb","itemListElement":[{"@type":"ListItem","position":1,"name":"Portada","item":"https:\/\/www.laguiadepamplona.com\/actualidad\/"},{"@type":"ListItem","position":2,"name":"Vuelven las \u2018Noches de cine\u2019 con 22 pel\u00edculas que se proyectar\u00e1n en los parques y plazas de todos los barrios de Pamplona del 30 de julio al 29 de agosto"}]},{"@type":"WebSite","@id":"https:\/\/www.laguiadepamplona.com\/actualidad\/#website","url":"https:\/\/www.laguiadepamplona.com\/actualidad\/","name":"La gu\u00eda de Pamplona","description":"Noticias de Pamplona","publisher":{"@id":"https:\/\/www.laguiadepamplona.com\/actualidad\/#organization"},"potentialAction":[{"@type":"SearchAction","target":{"@type":"EntryPoint","urlTemplate":"https:\/\/www.laguiadepamplona.com\/actualidad\/?s={search_term_string}"},"query-input":{"@type":"PropertyValueSpecification","valueRequired":true,"valueName":"search_term_string"}}],"inLanguage":"es"},{"@type":"Organization","@id":"https:\/\/www.laguiadepamplona.com\/actualidad\/#organization","name":"La Gu\u00eda de Pamplona \/ Noticias","url":"https:\/\/www.laguiadepamplona.com\/actualidad\/","logo":{"@type":"ImageObject","inLanguage":"es","@id":"https:\/\/www.laguiadepamplona.com\/actualidad\/#\/schema\/logo\/image\/","url":"https:\/\/www.laguiadepamplona.com\/actualidad\/wp-content\/uploads\/2018\/11\/logo-laguiadepamplona18-web1.png","contentUrl":"https:\/\/www.laguiadepamplona.com\/actualidad\/wp-content\/uploads\/2018\/11\/logo-laguiadepamplona18-web1.png","width":600,"height":196,"caption":"La Gu\u00eda de Pamplona \/ Noticias"},"image":{"@id":"https:\/\/www.laguiadepamplona.com\/actualidad\/#\/schema\/logo\/image\/"},"sameAs":["https:\/\/www.facebook.com\/laguiadepamplonacom-133175176762273\/?ref=hl","https:\/\/x.com\/LaGuiadPamplona","https:\/\/www.instagram.com\/la_guia_de_pamplona\/","https:\/\/www.youtube.com\/user\/laguiadepamplona"]},{"@type":"Person","@id":"https:\/\/www.laguiadepamplona.com\/actualidad\/#\/schema\/person\/efe887376f0213d4657c93adc50b1fdb","name":"La Gu\u00eda de Pamplona","image":{"@type":"ImageObject","inLanguage":"es","@id":"https:\/\/secure.gravatar.com\/avatar\/b6992f131dc8d30ab0dff15446e9d346d9dbd95992de0fef795073f5ea83a81c?s=96&d=mm&r=g","url":"https:\/\/secure.gravatar.com\/avatar\/b6992f131dc8d30ab0dff15446e9d346d9dbd95992de0fef795073f5ea83a81c?s=96&d=mm&r=g","contentUrl":"https:\/\/secure.gravatar.com\/avatar\/b6992f131dc8d30ab0dff15446e9d346d9dbd95992de0fef795073f5ea83a81c?s=96&d=mm&r=g","caption":"La Gu\u00eda de Pamplona"}}]}},"post_mailing_queue_ids":[],"_links":{"self":[{"href":"https:\/\/www.laguiadepamplona.com\/actualidad\/wp-json\/wp\/v2\/posts\/50377","targetHints":{"allow":["GET"]}}],"collection":[{"href":"https:\/\/www.laguiadepamplona.com\/actualidad\/wp-json\/wp\/v2\/posts"}],"about":[{"href":"https:\/\/www.laguiadepamplona.com\/actualidad\/wp-json\/wp\/v2\/types\/post"}],"author":[{"embeddable":true,"href":"https:\/\/www.laguiadepamplona.com\/actualidad\/wp-json\/wp\/v2\/users\/1"}],"replies":[{"embeddable":true,"href":"https:\/\/www.laguiadepamplona.com\/actualidad\/wp-json\/wp\/v2\/comments?post=50377"}],"version-history":[{"count":1,"href":"https:\/\/www.laguiadepamplona.com\/actualidad\/wp-json\/wp\/v2\/posts\/50377\/revisions"}],"predecessor-version":[{"id":50378,"href":"https:\/\/www.laguiadepamplona.com\/actualidad\/wp-json\/wp\/v2\/posts\/50377\/revisions\/50378"}],"wp:featuredmedia":[{"embeddable":true,"href":"https:\/\/www.laguiadepamplona.com\/actualidad\/wp-json\/wp\/v2\/media\/23391"}],"wp:attachment":[{"href":"https:\/\/www.laguiadepamplona.com\/actualidad\/wp-json\/wp\/v2\/media?parent=50377"}],"wp:term":[{"taxonomy":"category","embeddable":true,"href":"https:\/\/www.laguiadepamplona.com\/actualidad\/wp-json\/wp\/v2\/categories?post=50377"},{"taxonomy":"post_tag","embeddable":true,"href":"https:\/\/www.laguiadepamplona.com\/actualidad\/wp-json\/wp\/v2\/tags?post=50377"}],"curies":[{"name":"wp","href":"https:\/\/api.w.org\/{rel}","templated":true}]}}