{"id":50292,"date":"2024-07-17T13:43:24","date_gmt":"2024-07-17T11:43:24","guid":{"rendered":"https:\/\/www.laguiadepamplona.com\/actualidad\/?p=50292"},"modified":"2024-07-17T13:43:24","modified_gmt":"2024-07-17T11:43:24","slug":"iniciadas-obras-para-mejorar-la-caminabilidad-en-el-grupo-urdanoz-en-el-barrio-de-etxabakoitz-renovando-las-aceras-y-facilitando-la-visibilidad-en-pasos-de-cebra","status":"publish","type":"post","link":"https:\/\/www.laguiadepamplona.com\/actualidad\/iniciadas-obras-para-mejorar-la-caminabilidad-en-el-grupo-urdanoz-en-el-barrio-de-etxabakoitz-renovando-las-aceras-y-facilitando-la-visibilidad-en-pasos-de-cebra\/","title":{"rendered":"Iniciadas obras para mejorar la caminabilidad en el Grupo Urdanoz, en el barrio de Etxabakoitz, renovando las aceras y facilitando la visibilidad en pasos de cebra"},"content":{"rendered":"<h2>El plazo de ejecuci\u00f3n de los trabajos, con un presupuesto de 200.000 euros, es de dos meses<\/h2>\n<p><!--more--><\/p>\n<p>El Ayuntamiento de Pamplona inicia esta semana los trabajos previos para realizar obras en las aceras del Grupo Urdanoz, en Etxabakoitz, con el fin de mejorar la caminabilidad. Las obras afectan a los n\u00fameros 12, 13, 14 y 17, 18, 19 y 20. Las obras las ejecutar\u00e1 la empresa Construcciones y Excavaciones Erriberri, en el marco de la partida de inversi\u00f3n incluida en el contrato de mantenimiento de v\u00eda p\u00fablica. Se prev\u00e9 una inversi\u00f3n total de 200.000 euros, IVA incluido, y una duraci\u00f3n de 2 meses.<\/p>\n<p>Los trabajos, que comienzan esta semana con la implantaci\u00f3n, se centran en la renovaci\u00f3n de las aceras originales de la urbanizaci\u00f3n para dotarlas de un pavimento de baldosa hidr\u00e1ulica, an\u00e1logo al que se utiliza en urbanizaciones m\u00e1s actuales. Se van a adaptar las dimensiones de las aceras a los est\u00e1ndares de accesibilidad en v\u00eda p\u00fablica, y se van a ejecutar avances en pasos de peatones, con el fin de mejorar la visibilidad y seguridad para vecinos y vecinas.<\/p>\n<p>El n\u00famero de plazas reservadas para personas con movilidad reducida se mantiene y se mejorar\u00e1 el entorno, para que dispongan de una zona de aproximaci\u00f3n y transferencia lateral de una longitud igual a la de la plaza y un ancho m\u00ednimo de 1,50 metros.<\/p>\n<p><strong>Sostenibilidad<\/strong><\/p>\n<p>Adem\u00e1s, siguiendo los criterios actuales de mejora medioambiental en los proyectos municipales, la actuaci\u00f3n comprende la creaci\u00f3n de algunos parterres, que, en funci\u00f3n de su ubicaci\u00f3n, formar\u00e1n un sistema de drenaje sostenible. Tambi\u00e9n se crear\u00e1n varias posiciones de arbolado en la avenida de Ar\u00f3stegui n\u00ba 7 y 12, con el fin de crear espacios de sombra, y estancias de esparcimiento m\u00e1s agradables para sus residentes.<\/p>\n<p>Los trabajos dar\u00e1n continuidad a las inversiones ejecutadas en 2021, cuando se pavimentaron las aceras y se mejor\u00f3 la accesibilidad en los n\u00fameros 7, 8, 9, 13 y 14 del vial en el Grupo Urdanoz, en ambas m\u00e1rgenes.<\/p>\n","protected":false},"excerpt":{"rendered":"<p>El plazo de ejecuci\u00f3n de los trabajos, con un presupuesto de 200.000 euros, es de dos meses<\/p>\n","protected":false},"author":1,"featured_media":50293,"comment_status":"open","ping_status":"closed","sticky":false,"template":"","format":"standard","meta":{"footnotes":""},"categories":[2],"tags":[],"class_list":["post-50292","post","type-post","status-publish","format-standard","has-post-thumbnail","hentry","category-ayuntamiento-pamplona"],"yoast_head":"<!-- This site is optimized with the Yoast SEO plugin v27.3 - https:\/\/yoast.com\/product\/yoast-seo-wordpress\/ -->\n<title>Iniciadas obras para mejorar la caminabilidad en el Grupo Urdanoz, en el barrio de Etxabakoitz, renovando las aceras y facilitando la visibilidad en pasos de cebra<\/title>\n<meta name=\"description\" content=\"El plazo de ejecuci\u00f3n de los trabajos, con un presupuesto de 200.000 euros, es de dos meses\" \/>\n<meta name=\"robots\" content=\"index, follow, max-snippet:-1, max-image-preview:large, max-video-preview:-1\" \/>\n<link rel=\"canonical\" href=\"https:\/\/www.laguiadepamplona.com\/actualidad\/iniciadas-obras-para-mejorar-la-caminabilidad-en-el-grupo-urdanoz-en-el-barrio-de-etxabakoitz-renovando-las-aceras-y-facilitando-la-visibilidad-en-pasos-de-cebra\/\" \/>\n<meta property=\"og:locale\" content=\"es_ES\" \/>\n<meta property=\"og:type\" content=\"article\" \/>\n<meta property=\"og:title\" content=\"Iniciadas obras para mejorar la caminabilidad en el Grupo Urdanoz, en el barrio de Etxabakoitz, renovando las aceras y facilitando la visibilidad en pasos de cebra\" \/>\n<meta property=\"og:description\" content=\"El plazo de ejecuci\u00f3n de los trabajos, con un presupuesto de 200.000 euros, es de dos meses\" \/>\n<meta property=\"og:url\" content=\"https:\/\/www.laguiadepamplona.com\/actualidad\/iniciadas-obras-para-mejorar-la-caminabilidad-en-el-grupo-urdanoz-en-el-barrio-de-etxabakoitz-renovando-las-aceras-y-facilitando-la-visibilidad-en-pasos-de-cebra\/\" \/>\n<meta property=\"og:site_name\" content=\"La Gu\u00eda de Pamplona\" \/>\n<meta property=\"article:publisher\" content=\"https:\/\/www.facebook.com\/laguiadepamplonacom-133175176762273\/?ref=hl\" \/>\n<meta property=\"article:published_time\" content=\"2024-07-17T11:43:24+00:00\" \/>\n<meta property=\"og:image\" content=\"https:\/\/www.laguiadepamplona.com\/actualidad\/wp-content\/uploads\/2024\/07\/24.07.16_Ortofoto_Grupo_Urdanoz.webp\" \/>\n\t<meta property=\"og:image:width\" content=\"1000\" \/>\n\t<meta property=\"og:image:height\" content=\"669\" \/>\n\t<meta property=\"og:image:type\" content=\"image\/webp\" \/>\n<meta name=\"author\" content=\"La Gu\u00eda de Pamplona\" \/>\n<meta name=\"twitter:card\" content=\"summary_large_image\" \/>\n<meta name=\"twitter:creator\" content=\"@LaGuiadPamplona\" \/>\n<meta name=\"twitter:site\" content=\"@LaGuiadPamplona\" \/>\n<meta name=\"twitter:label1\" content=\"Escrito por\" \/>\n\t<meta name=\"twitter:data1\" content=\"La Gu\u00eda de Pamplona\" \/>\n\t<meta name=\"twitter:label2\" content=\"Tiempo de lectura\" \/>\n\t<meta name=\"twitter:data2\" content=\"2 minutos\" \/>\n<script type=\"application\/ld+json\" class=\"yoast-schema-graph\">{\"@context\":\"https:\\\/\\\/schema.org\",\"@graph\":[{\"@type\":\"Article\",\"@id\":\"https:\\\/\\\/www.laguiadepamplona.com\\\/actualidad\\\/iniciadas-obras-para-mejorar-la-caminabilidad-en-el-grupo-urdanoz-en-el-barrio-de-etxabakoitz-renovando-las-aceras-y-facilitando-la-visibilidad-en-pasos-de-cebra\\\/#article\",\"isPartOf\":{\"@id\":\"https:\\\/\\\/www.laguiadepamplona.com\\\/actualidad\\\/iniciadas-obras-para-mejorar-la-caminabilidad-en-el-grupo-urdanoz-en-el-barrio-de-etxabakoitz-renovando-las-aceras-y-facilitando-la-visibilidad-en-pasos-de-cebra\\\/\"},\"author\":{\"name\":\"La Gu\u00eda de Pamplona\",\"@id\":\"https:\\\/\\\/www.laguiadepamplona.com\\\/actualidad\\\/#\\\/schema\\\/person\\\/efe887376f0213d4657c93adc50b1fdb\"},\"headline\":\"Iniciadas obras para mejorar la caminabilidad en el Grupo Urdanoz, en el barrio de Etxabakoitz, renovando las aceras y facilitando la visibilidad en pasos de cebra\",\"datePublished\":\"2024-07-17T11:43:24+00:00\",\"mainEntityOfPage\":{\"@id\":\"https:\\\/\\\/www.laguiadepamplona.com\\\/actualidad\\\/iniciadas-obras-para-mejorar-la-caminabilidad-en-el-grupo-urdanoz-en-el-barrio-de-etxabakoitz-renovando-las-aceras-y-facilitando-la-visibilidad-en-pasos-de-cebra\\\/\"},\"wordCount\":368,\"commentCount\":0,\"publisher\":{\"@id\":\"https:\\\/\\\/www.laguiadepamplona.com\\\/actualidad\\\/#organization\"},\"image\":{\"@id\":\"https:\\\/\\\/www.laguiadepamplona.com\\\/actualidad\\\/iniciadas-obras-para-mejorar-la-caminabilidad-en-el-grupo-urdanoz-en-el-barrio-de-etxabakoitz-renovando-las-aceras-y-facilitando-la-visibilidad-en-pasos-de-cebra\\\/#primaryimage\"},\"thumbnailUrl\":\"https:\\\/\\\/www.laguiadepamplona.com\\\/actualidad\\\/wp-content\\\/uploads\\\/2024\\\/07\\\/24.07.16_Ortofoto_Grupo_Urdanoz.webp\",\"articleSection\":[\"Ayto Pamplona\"],\"inLanguage\":\"es\",\"potentialAction\":[{\"@type\":\"CommentAction\",\"name\":\"Comment\",\"target\":[\"https:\\\/\\\/www.laguiadepamplona.com\\\/actualidad\\\/iniciadas-obras-para-mejorar-la-caminabilidad-en-el-grupo-urdanoz-en-el-barrio-de-etxabakoitz-renovando-las-aceras-y-facilitando-la-visibilidad-en-pasos-de-cebra\\\/#respond\"]}]},{\"@type\":\"WebPage\",\"@id\":\"https:\\\/\\\/www.laguiadepamplona.com\\\/actualidad\\\/iniciadas-obras-para-mejorar-la-caminabilidad-en-el-grupo-urdanoz-en-el-barrio-de-etxabakoitz-renovando-las-aceras-y-facilitando-la-visibilidad-en-pasos-de-cebra\\\/\",\"url\":\"https:\\\/\\\/www.laguiadepamplona.com\\\/actualidad\\\/iniciadas-obras-para-mejorar-la-caminabilidad-en-el-grupo-urdanoz-en-el-barrio-de-etxabakoitz-renovando-las-aceras-y-facilitando-la-visibilidad-en-pasos-de-cebra\\\/\",\"name\":\"Iniciadas obras para mejorar la caminabilidad en el Grupo Urdanoz, en el barrio de Etxabakoitz, renovando las aceras y facilitando la visibilidad en pasos de cebra\",\"isPartOf\":{\"@id\":\"https:\\\/\\\/www.laguiadepamplona.com\\\/actualidad\\\/#website\"},\"primaryImageOfPage\":{\"@id\":\"https:\\\/\\\/www.laguiadepamplona.com\\\/actualidad\\\/iniciadas-obras-para-mejorar-la-caminabilidad-en-el-grupo-urdanoz-en-el-barrio-de-etxabakoitz-renovando-las-aceras-y-facilitando-la-visibilidad-en-pasos-de-cebra\\\/#primaryimage\"},\"image\":{\"@id\":\"https:\\\/\\\/www.laguiadepamplona.com\\\/actualidad\\\/iniciadas-obras-para-mejorar-la-caminabilidad-en-el-grupo-urdanoz-en-el-barrio-de-etxabakoitz-renovando-las-aceras-y-facilitando-la-visibilidad-en-pasos-de-cebra\\\/#primaryimage\"},\"thumbnailUrl\":\"https:\\\/\\\/www.laguiadepamplona.com\\\/actualidad\\\/wp-content\\\/uploads\\\/2024\\\/07\\\/24.07.16_Ortofoto_Grupo_Urdanoz.webp\",\"datePublished\":\"2024-07-17T11:43:24+00:00\",\"description\":\"El plazo de ejecuci\u00f3n de los trabajos, con un presupuesto de 200.000 euros, es de dos meses\",\"breadcrumb\":{\"@id\":\"https:\\\/\\\/www.laguiadepamplona.com\\\/actualidad\\\/iniciadas-obras-para-mejorar-la-caminabilidad-en-el-grupo-urdanoz-en-el-barrio-de-etxabakoitz-renovando-las-aceras-y-facilitando-la-visibilidad-en-pasos-de-cebra\\\/#breadcrumb\"},\"inLanguage\":\"es\",\"potentialAction\":[{\"@type\":\"ReadAction\",\"target\":[\"https:\\\/\\\/www.laguiadepamplona.com\\\/actualidad\\\/iniciadas-obras-para-mejorar-la-caminabilidad-en-el-grupo-urdanoz-en-el-barrio-de-etxabakoitz-renovando-las-aceras-y-facilitando-la-visibilidad-en-pasos-de-cebra\\\/\"]}]},{\"@type\":\"ImageObject\",\"inLanguage\":\"es\",\"@id\":\"https:\\\/\\\/www.laguiadepamplona.com\\\/actualidad\\\/iniciadas-obras-para-mejorar-la-caminabilidad-en-el-grupo-urdanoz-en-el-barrio-de-etxabakoitz-renovando-las-aceras-y-facilitando-la-visibilidad-en-pasos-de-cebra\\\/#primaryimage\",\"url\":\"https:\\\/\\\/www.laguiadepamplona.com\\\/actualidad\\\/wp-content\\\/uploads\\\/2024\\\/07\\\/24.07.16_Ortofoto_Grupo_Urdanoz.webp\",\"contentUrl\":\"https:\\\/\\\/www.laguiadepamplona.com\\\/actualidad\\\/wp-content\\\/uploads\\\/2024\\\/07\\\/24.07.16_Ortofoto_Grupo_Urdanoz.webp\",\"width\":1000,\"height\":669,\"caption\":\"ortofoto\"},{\"@type\":\"BreadcrumbList\",\"@id\":\"https:\\\/\\\/www.laguiadepamplona.com\\\/actualidad\\\/iniciadas-obras-para-mejorar-la-caminabilidad-en-el-grupo-urdanoz-en-el-barrio-de-etxabakoitz-renovando-las-aceras-y-facilitando-la-visibilidad-en-pasos-de-cebra\\\/#breadcrumb\",\"itemListElement\":[{\"@type\":\"ListItem\",\"position\":1,\"name\":\"Portada\",\"item\":\"https:\\\/\\\/www.laguiadepamplona.com\\\/actualidad\\\/\"},{\"@type\":\"ListItem\",\"position\":2,\"name\":\"Iniciadas obras para mejorar la caminabilidad en el Grupo Urdanoz, en el barrio de Etxabakoitz, renovando las aceras y facilitando la visibilidad en pasos de cebra\"}]},{\"@type\":\"WebSite\",\"@id\":\"https:\\\/\\\/www.laguiadepamplona.com\\\/actualidad\\\/#website\",\"url\":\"https:\\\/\\\/www.laguiadepamplona.com\\\/actualidad\\\/\",\"name\":\"La gu\u00eda de Pamplona\",\"description\":\"Noticias de Pamplona\",\"publisher\":{\"@id\":\"https:\\\/\\\/www.laguiadepamplona.com\\\/actualidad\\\/#organization\"},\"potentialAction\":[{\"@type\":\"SearchAction\",\"target\":{\"@type\":\"EntryPoint\",\"urlTemplate\":\"https:\\\/\\\/www.laguiadepamplona.com\\\/actualidad\\\/?s={search_term_string}\"},\"query-input\":{\"@type\":\"PropertyValueSpecification\",\"valueRequired\":true,\"valueName\":\"search_term_string\"}}],\"inLanguage\":\"es\"},{\"@type\":\"Organization\",\"@id\":\"https:\\\/\\\/www.laguiadepamplona.com\\\/actualidad\\\/#organization\",\"name\":\"La Gu\u00eda de Pamplona \\\/ Noticias\",\"url\":\"https:\\\/\\\/www.laguiadepamplona.com\\\/actualidad\\\/\",\"logo\":{\"@type\":\"ImageObject\",\"inLanguage\":\"es\",\"@id\":\"https:\\\/\\\/www.laguiadepamplona.com\\\/actualidad\\\/#\\\/schema\\\/logo\\\/image\\\/\",\"url\":\"https:\\\/\\\/www.laguiadepamplona.com\\\/actualidad\\\/wp-content\\\/uploads\\\/2018\\\/11\\\/logo-laguiadepamplona18-web1.png\",\"contentUrl\":\"https:\\\/\\\/www.laguiadepamplona.com\\\/actualidad\\\/wp-content\\\/uploads\\\/2018\\\/11\\\/logo-laguiadepamplona18-web1.png\",\"width\":600,\"height\":196,\"caption\":\"La Gu\u00eda de Pamplona \\\/ Noticias\"},\"image\":{\"@id\":\"https:\\\/\\\/www.laguiadepamplona.com\\\/actualidad\\\/#\\\/schema\\\/logo\\\/image\\\/\"},\"sameAs\":[\"https:\\\/\\\/www.facebook.com\\\/laguiadepamplonacom-133175176762273\\\/?ref=hl\",\"https:\\\/\\\/x.com\\\/LaGuiadPamplona\",\"https:\\\/\\\/www.instagram.com\\\/la_guia_de_pamplona\\\/\",\"https:\\\/\\\/www.youtube.com\\\/user\\\/laguiadepamplona\"]},{\"@type\":\"Person\",\"@id\":\"https:\\\/\\\/www.laguiadepamplona.com\\\/actualidad\\\/#\\\/schema\\\/person\\\/efe887376f0213d4657c93adc50b1fdb\",\"name\":\"La Gu\u00eda de Pamplona\",\"image\":{\"@type\":\"ImageObject\",\"inLanguage\":\"es\",\"@id\":\"https:\\\/\\\/secure.gravatar.com\\\/avatar\\\/b6992f131dc8d30ab0dff15446e9d346d9dbd95992de0fef795073f5ea83a81c?s=96&d=mm&r=g\",\"url\":\"https:\\\/\\\/secure.gravatar.com\\\/avatar\\\/b6992f131dc8d30ab0dff15446e9d346d9dbd95992de0fef795073f5ea83a81c?s=96&d=mm&r=g\",\"contentUrl\":\"https:\\\/\\\/secure.gravatar.com\\\/avatar\\\/b6992f131dc8d30ab0dff15446e9d346d9dbd95992de0fef795073f5ea83a81c?s=96&d=mm&r=g\",\"caption\":\"La Gu\u00eda de Pamplona\"}}]}<\/script>\n<!-- \/ Yoast SEO plugin. -->","yoast_head_json":{"title":"Iniciadas obras para mejorar la caminabilidad en el Grupo Urdanoz, en el barrio de Etxabakoitz, renovando las aceras y facilitando la visibilidad en pasos de cebra","description":"El plazo de ejecuci\u00f3n de los trabajos, con un presupuesto de 200.000 euros, es de dos meses","robots":{"index":"index","follow":"follow","max-snippet":"max-snippet:-1","max-image-preview":"max-image-preview:large","max-video-preview":"max-video-preview:-1"},"canonical":"https:\/\/www.laguiadepamplona.com\/actualidad\/iniciadas-obras-para-mejorar-la-caminabilidad-en-el-grupo-urdanoz-en-el-barrio-de-etxabakoitz-renovando-las-aceras-y-facilitando-la-visibilidad-en-pasos-de-cebra\/","og_locale":"es_ES","og_type":"article","og_title":"Iniciadas obras para mejorar la caminabilidad en el Grupo Urdanoz, en el barrio de Etxabakoitz, renovando las aceras y facilitando la visibilidad en pasos de cebra","og_description":"El plazo de ejecuci\u00f3n de los trabajos, con un presupuesto de 200.000 euros, es de dos meses","og_url":"https:\/\/www.laguiadepamplona.com\/actualidad\/iniciadas-obras-para-mejorar-la-caminabilidad-en-el-grupo-urdanoz-en-el-barrio-de-etxabakoitz-renovando-las-aceras-y-facilitando-la-visibilidad-en-pasos-de-cebra\/","og_site_name":"La Gu\u00eda de Pamplona","article_publisher":"https:\/\/www.facebook.com\/laguiadepamplonacom-133175176762273\/?ref=hl","article_published_time":"2024-07-17T11:43:24+00:00","og_image":[{"width":1000,"height":669,"url":"https:\/\/www.laguiadepamplona.com\/actualidad\/wp-content\/uploads\/2024\/07\/24.07.16_Ortofoto_Grupo_Urdanoz.webp","type":"image\/webp"}],"author":"La Gu\u00eda de Pamplona","twitter_card":"summary_large_image","twitter_creator":"@LaGuiadPamplona","twitter_site":"@LaGuiadPamplona","twitter_misc":{"Escrito por":"La Gu\u00eda de Pamplona","Tiempo de lectura":"2 minutos"},"schema":{"@context":"https:\/\/schema.org","@graph":[{"@type":"Article","@id":"https:\/\/www.laguiadepamplona.com\/actualidad\/iniciadas-obras-para-mejorar-la-caminabilidad-en-el-grupo-urdanoz-en-el-barrio-de-etxabakoitz-renovando-las-aceras-y-facilitando-la-visibilidad-en-pasos-de-cebra\/#article","isPartOf":{"@id":"https:\/\/www.laguiadepamplona.com\/actualidad\/iniciadas-obras-para-mejorar-la-caminabilidad-en-el-grupo-urdanoz-en-el-barrio-de-etxabakoitz-renovando-las-aceras-y-facilitando-la-visibilidad-en-pasos-de-cebra\/"},"author":{"name":"La Gu\u00eda de Pamplona","@id":"https:\/\/www.laguiadepamplona.com\/actualidad\/#\/schema\/person\/efe887376f0213d4657c93adc50b1fdb"},"headline":"Iniciadas obras para mejorar la caminabilidad en el Grupo Urdanoz, en el barrio de Etxabakoitz, renovando las aceras y facilitando la visibilidad en pasos de cebra","datePublished":"2024-07-17T11:43:24+00:00","mainEntityOfPage":{"@id":"https:\/\/www.laguiadepamplona.com\/actualidad\/iniciadas-obras-para-mejorar-la-caminabilidad-en-el-grupo-urdanoz-en-el-barrio-de-etxabakoitz-renovando-las-aceras-y-facilitando-la-visibilidad-en-pasos-de-cebra\/"},"wordCount":368,"commentCount":0,"publisher":{"@id":"https:\/\/www.laguiadepamplona.com\/actualidad\/#organization"},"image":{"@id":"https:\/\/www.laguiadepamplona.com\/actualidad\/iniciadas-obras-para-mejorar-la-caminabilidad-en-el-grupo-urdanoz-en-el-barrio-de-etxabakoitz-renovando-las-aceras-y-facilitando-la-visibilidad-en-pasos-de-cebra\/#primaryimage"},"thumbnailUrl":"https:\/\/www.laguiadepamplona.com\/actualidad\/wp-content\/uploads\/2024\/07\/24.07.16_Ortofoto_Grupo_Urdanoz.webp","articleSection":["Ayto Pamplona"],"inLanguage":"es","potentialAction":[{"@type":"CommentAction","name":"Comment","target":["https:\/\/www.laguiadepamplona.com\/actualidad\/iniciadas-obras-para-mejorar-la-caminabilidad-en-el-grupo-urdanoz-en-el-barrio-de-etxabakoitz-renovando-las-aceras-y-facilitando-la-visibilidad-en-pasos-de-cebra\/#respond"]}]},{"@type":"WebPage","@id":"https:\/\/www.laguiadepamplona.com\/actualidad\/iniciadas-obras-para-mejorar-la-caminabilidad-en-el-grupo-urdanoz-en-el-barrio-de-etxabakoitz-renovando-las-aceras-y-facilitando-la-visibilidad-en-pasos-de-cebra\/","url":"https:\/\/www.laguiadepamplona.com\/actualidad\/iniciadas-obras-para-mejorar-la-caminabilidad-en-el-grupo-urdanoz-en-el-barrio-de-etxabakoitz-renovando-las-aceras-y-facilitando-la-visibilidad-en-pasos-de-cebra\/","name":"Iniciadas obras para mejorar la caminabilidad en el Grupo Urdanoz, en el barrio de Etxabakoitz, renovando las aceras y facilitando la visibilidad en pasos de cebra","isPartOf":{"@id":"https:\/\/www.laguiadepamplona.com\/actualidad\/#website"},"primaryImageOfPage":{"@id":"https:\/\/www.laguiadepamplona.com\/actualidad\/iniciadas-obras-para-mejorar-la-caminabilidad-en-el-grupo-urdanoz-en-el-barrio-de-etxabakoitz-renovando-las-aceras-y-facilitando-la-visibilidad-en-pasos-de-cebra\/#primaryimage"},"image":{"@id":"https:\/\/www.laguiadepamplona.com\/actualidad\/iniciadas-obras-para-mejorar-la-caminabilidad-en-el-grupo-urdanoz-en-el-barrio-de-etxabakoitz-renovando-las-aceras-y-facilitando-la-visibilidad-en-pasos-de-cebra\/#primaryimage"},"thumbnailUrl":"https:\/\/www.laguiadepamplona.com\/actualidad\/wp-content\/uploads\/2024\/07\/24.07.16_Ortofoto_Grupo_Urdanoz.webp","datePublished":"2024-07-17T11:43:24+00:00","description":"El plazo de ejecuci\u00f3n de los trabajos, con un presupuesto de 200.000 euros, es de dos meses","breadcrumb":{"@id":"https:\/\/www.laguiadepamplona.com\/actualidad\/iniciadas-obras-para-mejorar-la-caminabilidad-en-el-grupo-urdanoz-en-el-barrio-de-etxabakoitz-renovando-las-aceras-y-facilitando-la-visibilidad-en-pasos-de-cebra\/#breadcrumb"},"inLanguage":"es","potentialAction":[{"@type":"ReadAction","target":["https:\/\/www.laguiadepamplona.com\/actualidad\/iniciadas-obras-para-mejorar-la-caminabilidad-en-el-grupo-urdanoz-en-el-barrio-de-etxabakoitz-renovando-las-aceras-y-facilitando-la-visibilidad-en-pasos-de-cebra\/"]}]},{"@type":"ImageObject","inLanguage":"es","@id":"https:\/\/www.laguiadepamplona.com\/actualidad\/iniciadas-obras-para-mejorar-la-caminabilidad-en-el-grupo-urdanoz-en-el-barrio-de-etxabakoitz-renovando-las-aceras-y-facilitando-la-visibilidad-en-pasos-de-cebra\/#primaryimage","url":"https:\/\/www.laguiadepamplona.com\/actualidad\/wp-content\/uploads\/2024\/07\/24.07.16_Ortofoto_Grupo_Urdanoz.webp","contentUrl":"https:\/\/www.laguiadepamplona.com\/actualidad\/wp-content\/uploads\/2024\/07\/24.07.16_Ortofoto_Grupo_Urdanoz.webp","width":1000,"height":669,"caption":"ortofoto"},{"@type":"BreadcrumbList","@id":"https:\/\/www.laguiadepamplona.com\/actualidad\/iniciadas-obras-para-mejorar-la-caminabilidad-en-el-grupo-urdanoz-en-el-barrio-de-etxabakoitz-renovando-las-aceras-y-facilitando-la-visibilidad-en-pasos-de-cebra\/#breadcrumb","itemListElement":[{"@type":"ListItem","position":1,"name":"Portada","item":"https:\/\/www.laguiadepamplona.com\/actualidad\/"},{"@type":"ListItem","position":2,"name":"Iniciadas obras para mejorar la caminabilidad en el Grupo Urdanoz, en el barrio de Etxabakoitz, renovando las aceras y facilitando la visibilidad en pasos de cebra"}]},{"@type":"WebSite","@id":"https:\/\/www.laguiadepamplona.com\/actualidad\/#website","url":"https:\/\/www.laguiadepamplona.com\/actualidad\/","name":"La gu\u00eda de Pamplona","description":"Noticias de Pamplona","publisher":{"@id":"https:\/\/www.laguiadepamplona.com\/actualidad\/#organization"},"potentialAction":[{"@type":"SearchAction","target":{"@type":"EntryPoint","urlTemplate":"https:\/\/www.laguiadepamplona.com\/actualidad\/?s={search_term_string}"},"query-input":{"@type":"PropertyValueSpecification","valueRequired":true,"valueName":"search_term_string"}}],"inLanguage":"es"},{"@type":"Organization","@id":"https:\/\/www.laguiadepamplona.com\/actualidad\/#organization","name":"La Gu\u00eda de Pamplona \/ Noticias","url":"https:\/\/www.laguiadepamplona.com\/actualidad\/","logo":{"@type":"ImageObject","inLanguage":"es","@id":"https:\/\/www.laguiadepamplona.com\/actualidad\/#\/schema\/logo\/image\/","url":"https:\/\/www.laguiadepamplona.com\/actualidad\/wp-content\/uploads\/2018\/11\/logo-laguiadepamplona18-web1.png","contentUrl":"https:\/\/www.laguiadepamplona.com\/actualidad\/wp-content\/uploads\/2018\/11\/logo-laguiadepamplona18-web1.png","width":600,"height":196,"caption":"La Gu\u00eda de Pamplona \/ Noticias"},"image":{"@id":"https:\/\/www.laguiadepamplona.com\/actualidad\/#\/schema\/logo\/image\/"},"sameAs":["https:\/\/www.facebook.com\/laguiadepamplonacom-133175176762273\/?ref=hl","https:\/\/x.com\/LaGuiadPamplona","https:\/\/www.instagram.com\/la_guia_de_pamplona\/","https:\/\/www.youtube.com\/user\/laguiadepamplona"]},{"@type":"Person","@id":"https:\/\/www.laguiadepamplona.com\/actualidad\/#\/schema\/person\/efe887376f0213d4657c93adc50b1fdb","name":"La Gu\u00eda de Pamplona","image":{"@type":"ImageObject","inLanguage":"es","@id":"https:\/\/secure.gravatar.com\/avatar\/b6992f131dc8d30ab0dff15446e9d346d9dbd95992de0fef795073f5ea83a81c?s=96&d=mm&r=g","url":"https:\/\/secure.gravatar.com\/avatar\/b6992f131dc8d30ab0dff15446e9d346d9dbd95992de0fef795073f5ea83a81c?s=96&d=mm&r=g","contentUrl":"https:\/\/secure.gravatar.com\/avatar\/b6992f131dc8d30ab0dff15446e9d346d9dbd95992de0fef795073f5ea83a81c?s=96&d=mm&r=g","caption":"La Gu\u00eda de Pamplona"}}]}},"post_mailing_queue_ids":[],"_links":{"self":[{"href":"https:\/\/www.laguiadepamplona.com\/actualidad\/wp-json\/wp\/v2\/posts\/50292","targetHints":{"allow":["GET"]}}],"collection":[{"href":"https:\/\/www.laguiadepamplona.com\/actualidad\/wp-json\/wp\/v2\/posts"}],"about":[{"href":"https:\/\/www.laguiadepamplona.com\/actualidad\/wp-json\/wp\/v2\/types\/post"}],"author":[{"embeddable":true,"href":"https:\/\/www.laguiadepamplona.com\/actualidad\/wp-json\/wp\/v2\/users\/1"}],"replies":[{"embeddable":true,"href":"https:\/\/www.laguiadepamplona.com\/actualidad\/wp-json\/wp\/v2\/comments?post=50292"}],"version-history":[{"count":1,"href":"https:\/\/www.laguiadepamplona.com\/actualidad\/wp-json\/wp\/v2\/posts\/50292\/revisions"}],"predecessor-version":[{"id":50294,"href":"https:\/\/www.laguiadepamplona.com\/actualidad\/wp-json\/wp\/v2\/posts\/50292\/revisions\/50294"}],"wp:featuredmedia":[{"embeddable":true,"href":"https:\/\/www.laguiadepamplona.com\/actualidad\/wp-json\/wp\/v2\/media\/50293"}],"wp:attachment":[{"href":"https:\/\/www.laguiadepamplona.com\/actualidad\/wp-json\/wp\/v2\/media?parent=50292"}],"wp:term":[{"taxonomy":"category","embeddable":true,"href":"https:\/\/www.laguiadepamplona.com\/actualidad\/wp-json\/wp\/v2\/categories?post=50292"},{"taxonomy":"post_tag","embeddable":true,"href":"https:\/\/www.laguiadepamplona.com\/actualidad\/wp-json\/wp\/v2\/tags?post=50292"}],"curies":[{"name":"wp","href":"https:\/\/api.w.org\/{rel}","templated":true}]}}