{"id":50287,"date":"2024-07-17T13:39:55","date_gmt":"2024-07-17T11:39:55","guid":{"rendered":"https:\/\/www.laguiadepamplona.com\/actualidad\/?p=50287"},"modified":"2024-07-17T13:39:55","modified_gmt":"2024-07-17T11:39:55","slug":"reanudado-el-servicio-de-bicicletas-electricas-de-pamplona-tras-el-paron-por-sanfermines","status":"publish","type":"post","link":"https:\/\/www.laguiadepamplona.com\/actualidad\/reanudado-el-servicio-de-bicicletas-electricas-de-pamplona-tras-el-paron-por-sanfermines\/","title":{"rendered":"Reanudado el servicio de bicicletas el\u00e9ctricas de Pamplona tras el par\u00f3n por Sanfermines"},"content":{"rendered":"<h2>La ciudad cuenta en la actualidad con 42 bases y 400 bicis repartidas por los distintos barrios<\/h2>\n<p><!--more--><\/p>\n<p>El servicio municipal de bicicletas el\u00e9ctricas de Pamplona se ha reactivado despu\u00e9s del par\u00f3n durante las fiestas de San Ferm\u00edn. Este mi\u00e9rcoles pr\u00e1cticamente todas las bases y las bicicletas vuelven a estar operativas, tras las labores de recolocaci\u00f3n realizadas durante el lunes y el martes. \u00danicamente quedan por entrar en funcionamiento las estaciones de Plaza de Toros y de la plaza Compa\u00f1\u00eda, ya que en estos dos casos hubo que desmontar tambi\u00e9n las bases. Se prev\u00e9 su puesta en marcha a lo largo de esta semana.<\/p>\n<p>En la actualidad, la ciudad cuenta con 42 bases y 400 bicis repartidas por los distintos barrios. Las personas interesadas en hacer uso de este servicio deben darse de alta en la aplicaci\u00f3n RideOn Pamplona, y elegir el tipo de tarifa que mejor se ajuste a sus necesidades. Existe la posibilidad de contratar suscripciones mensuales y anuales, o bien optar por la opci\u00f3n de pago por uso, en la que se abona por el desbloqueo y por los minutos en uso, salvo los 20 primeros.<\/p>\n<p>Las bicicletas de alquiler, junto a los casi 14 kil\u00f3metros de carril bici y las 2.500 plazas que se ofrecen en 9 aparcamientos disuasorios, contribuyen a esa movilidad sostenible, en detrimento de otros medios de transporte m\u00e1s contaminantes.<\/p>\n","protected":false},"excerpt":{"rendered":"<p>La ciudad cuenta en la actualidad con 42 bases y 400 bicis repartidas por los distintos barrios<\/p>\n","protected":false},"author":1,"featured_media":48132,"comment_status":"open","ping_status":"closed","sticky":false,"template":"","format":"standard","meta":{"footnotes":""},"categories":[2],"tags":[],"class_list":["post-50287","post","type-post","status-publish","format-standard","has-post-thumbnail","hentry","category-ayuntamiento-pamplona"],"yoast_head":"<!-- This site is optimized with the Yoast SEO plugin v27.3 - https:\/\/yoast.com\/product\/yoast-seo-wordpress\/ -->\n<title>Reanudado el servicio de bicicletas el\u00e9ctricas de Pamplona tras el par\u00f3n por Sanfermines<\/title>\n<meta name=\"description\" content=\"La ciudad cuenta en la actualidad con 42 bases y 400 bicis repartidas por los distintos barrios\" \/>\n<meta name=\"robots\" content=\"index, follow, max-snippet:-1, max-image-preview:large, max-video-preview:-1\" \/>\n<link rel=\"canonical\" href=\"https:\/\/www.laguiadepamplona.com\/actualidad\/reanudado-el-servicio-de-bicicletas-electricas-de-pamplona-tras-el-paron-por-sanfermines\/\" \/>\n<meta property=\"og:locale\" content=\"es_ES\" \/>\n<meta property=\"og:type\" content=\"article\" \/>\n<meta property=\"og:title\" content=\"Reanudado el servicio de bicicletas el\u00e9ctricas de Pamplona tras el par\u00f3n por Sanfermines\" \/>\n<meta property=\"og:description\" content=\"La ciudad cuenta en la actualidad con 42 bases y 400 bicis repartidas por los distintos barrios\" \/>\n<meta property=\"og:url\" content=\"https:\/\/www.laguiadepamplona.com\/actualidad\/reanudado-el-servicio-de-bicicletas-electricas-de-pamplona-tras-el-paron-por-sanfermines\/\" \/>\n<meta property=\"og:site_name\" content=\"La Gu\u00eda de Pamplona\" \/>\n<meta property=\"article:publisher\" content=\"https:\/\/www.facebook.com\/laguiadepamplonacom-133175176762273\/?ref=hl\" \/>\n<meta property=\"article:published_time\" content=\"2024-07-17T11:39:55+00:00\" \/>\n<meta property=\"og:image\" content=\"https:\/\/www.laguiadepamplona.com\/actualidad\/wp-content\/uploads\/2023\/12\/bici-electrica.webp\" \/>\n\t<meta property=\"og:image:width\" content=\"1200\" \/>\n\t<meta property=\"og:image:height\" content=\"778\" \/>\n\t<meta property=\"og:image:type\" content=\"image\/webp\" \/>\n<meta name=\"author\" content=\"La Gu\u00eda de Pamplona\" \/>\n<meta name=\"twitter:card\" content=\"summary_large_image\" \/>\n<meta name=\"twitter:creator\" content=\"@LaGuiadPamplona\" \/>\n<meta name=\"twitter:site\" content=\"@LaGuiadPamplona\" \/>\n<meta name=\"twitter:label1\" content=\"Escrito por\" \/>\n\t<meta name=\"twitter:data1\" content=\"La Gu\u00eda de Pamplona\" \/>\n\t<meta name=\"twitter:label2\" content=\"Tiempo de lectura\" \/>\n\t<meta name=\"twitter:data2\" content=\"2 minutos\" \/>\n<script type=\"application\/ld+json\" class=\"yoast-schema-graph\">{\"@context\":\"https:\\\/\\\/schema.org\",\"@graph\":[{\"@type\":\"Article\",\"@id\":\"https:\\\/\\\/www.laguiadepamplona.com\\\/actualidad\\\/reanudado-el-servicio-de-bicicletas-electricas-de-pamplona-tras-el-paron-por-sanfermines\\\/#article\",\"isPartOf\":{\"@id\":\"https:\\\/\\\/www.laguiadepamplona.com\\\/actualidad\\\/reanudado-el-servicio-de-bicicletas-electricas-de-pamplona-tras-el-paron-por-sanfermines\\\/\"},\"author\":{\"name\":\"La Gu\u00eda de Pamplona\",\"@id\":\"https:\\\/\\\/www.laguiadepamplona.com\\\/actualidad\\\/#\\\/schema\\\/person\\\/efe887376f0213d4657c93adc50b1fdb\"},\"headline\":\"Reanudado el servicio de bicicletas el\u00e9ctricas de Pamplona tras el par\u00f3n por Sanfermines\",\"datePublished\":\"2024-07-17T11:39:55+00:00\",\"mainEntityOfPage\":{\"@id\":\"https:\\\/\\\/www.laguiadepamplona.com\\\/actualidad\\\/reanudado-el-servicio-de-bicicletas-electricas-de-pamplona-tras-el-paron-por-sanfermines\\\/\"},\"wordCount\":246,\"commentCount\":0,\"publisher\":{\"@id\":\"https:\\\/\\\/www.laguiadepamplona.com\\\/actualidad\\\/#organization\"},\"image\":{\"@id\":\"https:\\\/\\\/www.laguiadepamplona.com\\\/actualidad\\\/reanudado-el-servicio-de-bicicletas-electricas-de-pamplona-tras-el-paron-por-sanfermines\\\/#primaryimage\"},\"thumbnailUrl\":\"https:\\\/\\\/www.laguiadepamplona.com\\\/actualidad\\\/wp-content\\\/uploads\\\/2023\\\/12\\\/bici-electrica.webp\",\"articleSection\":[\"Ayto Pamplona\"],\"inLanguage\":\"es\",\"potentialAction\":[{\"@type\":\"CommentAction\",\"name\":\"Comment\",\"target\":[\"https:\\\/\\\/www.laguiadepamplona.com\\\/actualidad\\\/reanudado-el-servicio-de-bicicletas-electricas-de-pamplona-tras-el-paron-por-sanfermines\\\/#respond\"]}]},{\"@type\":\"WebPage\",\"@id\":\"https:\\\/\\\/www.laguiadepamplona.com\\\/actualidad\\\/reanudado-el-servicio-de-bicicletas-electricas-de-pamplona-tras-el-paron-por-sanfermines\\\/\",\"url\":\"https:\\\/\\\/www.laguiadepamplona.com\\\/actualidad\\\/reanudado-el-servicio-de-bicicletas-electricas-de-pamplona-tras-el-paron-por-sanfermines\\\/\",\"name\":\"Reanudado el servicio de bicicletas el\u00e9ctricas de Pamplona tras el par\u00f3n por Sanfermines\",\"isPartOf\":{\"@id\":\"https:\\\/\\\/www.laguiadepamplona.com\\\/actualidad\\\/#website\"},\"primaryImageOfPage\":{\"@id\":\"https:\\\/\\\/www.laguiadepamplona.com\\\/actualidad\\\/reanudado-el-servicio-de-bicicletas-electricas-de-pamplona-tras-el-paron-por-sanfermines\\\/#primaryimage\"},\"image\":{\"@id\":\"https:\\\/\\\/www.laguiadepamplona.com\\\/actualidad\\\/reanudado-el-servicio-de-bicicletas-electricas-de-pamplona-tras-el-paron-por-sanfermines\\\/#primaryimage\"},\"thumbnailUrl\":\"https:\\\/\\\/www.laguiadepamplona.com\\\/actualidad\\\/wp-content\\\/uploads\\\/2023\\\/12\\\/bici-electrica.webp\",\"datePublished\":\"2024-07-17T11:39:55+00:00\",\"description\":\"La ciudad cuenta en la actualidad con 42 bases y 400 bicis repartidas por los distintos barrios\",\"breadcrumb\":{\"@id\":\"https:\\\/\\\/www.laguiadepamplona.com\\\/actualidad\\\/reanudado-el-servicio-de-bicicletas-electricas-de-pamplona-tras-el-paron-por-sanfermines\\\/#breadcrumb\"},\"inLanguage\":\"es\",\"potentialAction\":[{\"@type\":\"ReadAction\",\"target\":[\"https:\\\/\\\/www.laguiadepamplona.com\\\/actualidad\\\/reanudado-el-servicio-de-bicicletas-electricas-de-pamplona-tras-el-paron-por-sanfermines\\\/\"]}]},{\"@type\":\"ImageObject\",\"inLanguage\":\"es\",\"@id\":\"https:\\\/\\\/www.laguiadepamplona.com\\\/actualidad\\\/reanudado-el-servicio-de-bicicletas-electricas-de-pamplona-tras-el-paron-por-sanfermines\\\/#primaryimage\",\"url\":\"https:\\\/\\\/www.laguiadepamplona.com\\\/actualidad\\\/wp-content\\\/uploads\\\/2023\\\/12\\\/bici-electrica.webp\",\"contentUrl\":\"https:\\\/\\\/www.laguiadepamplona.com\\\/actualidad\\\/wp-content\\\/uploads\\\/2023\\\/12\\\/bici-electrica.webp\",\"width\":1200,\"height\":778,\"caption\":\"bici el\u00e9ctrica\"},{\"@type\":\"BreadcrumbList\",\"@id\":\"https:\\\/\\\/www.laguiadepamplona.com\\\/actualidad\\\/reanudado-el-servicio-de-bicicletas-electricas-de-pamplona-tras-el-paron-por-sanfermines\\\/#breadcrumb\",\"itemListElement\":[{\"@type\":\"ListItem\",\"position\":1,\"name\":\"Portada\",\"item\":\"https:\\\/\\\/www.laguiadepamplona.com\\\/actualidad\\\/\"},{\"@type\":\"ListItem\",\"position\":2,\"name\":\"Reanudado el servicio de bicicletas el\u00e9ctricas de Pamplona tras el par\u00f3n por Sanfermines\"}]},{\"@type\":\"WebSite\",\"@id\":\"https:\\\/\\\/www.laguiadepamplona.com\\\/actualidad\\\/#website\",\"url\":\"https:\\\/\\\/www.laguiadepamplona.com\\\/actualidad\\\/\",\"name\":\"La gu\u00eda de Pamplona\",\"description\":\"Noticias de Pamplona\",\"publisher\":{\"@id\":\"https:\\\/\\\/www.laguiadepamplona.com\\\/actualidad\\\/#organization\"},\"potentialAction\":[{\"@type\":\"SearchAction\",\"target\":{\"@type\":\"EntryPoint\",\"urlTemplate\":\"https:\\\/\\\/www.laguiadepamplona.com\\\/actualidad\\\/?s={search_term_string}\"},\"query-input\":{\"@type\":\"PropertyValueSpecification\",\"valueRequired\":true,\"valueName\":\"search_term_string\"}}],\"inLanguage\":\"es\"},{\"@type\":\"Organization\",\"@id\":\"https:\\\/\\\/www.laguiadepamplona.com\\\/actualidad\\\/#organization\",\"name\":\"La Gu\u00eda de Pamplona \\\/ Noticias\",\"url\":\"https:\\\/\\\/www.laguiadepamplona.com\\\/actualidad\\\/\",\"logo\":{\"@type\":\"ImageObject\",\"inLanguage\":\"es\",\"@id\":\"https:\\\/\\\/www.laguiadepamplona.com\\\/actualidad\\\/#\\\/schema\\\/logo\\\/image\\\/\",\"url\":\"https:\\\/\\\/www.laguiadepamplona.com\\\/actualidad\\\/wp-content\\\/uploads\\\/2018\\\/11\\\/logo-laguiadepamplona18-web1.png\",\"contentUrl\":\"https:\\\/\\\/www.laguiadepamplona.com\\\/actualidad\\\/wp-content\\\/uploads\\\/2018\\\/11\\\/logo-laguiadepamplona18-web1.png\",\"width\":600,\"height\":196,\"caption\":\"La Gu\u00eda de Pamplona \\\/ Noticias\"},\"image\":{\"@id\":\"https:\\\/\\\/www.laguiadepamplona.com\\\/actualidad\\\/#\\\/schema\\\/logo\\\/image\\\/\"},\"sameAs\":[\"https:\\\/\\\/www.facebook.com\\\/laguiadepamplonacom-133175176762273\\\/?ref=hl\",\"https:\\\/\\\/x.com\\\/LaGuiadPamplona\",\"https:\\\/\\\/www.instagram.com\\\/la_guia_de_pamplona\\\/\",\"https:\\\/\\\/www.youtube.com\\\/user\\\/laguiadepamplona\"]},{\"@type\":\"Person\",\"@id\":\"https:\\\/\\\/www.laguiadepamplona.com\\\/actualidad\\\/#\\\/schema\\\/person\\\/efe887376f0213d4657c93adc50b1fdb\",\"name\":\"La Gu\u00eda de Pamplona\",\"image\":{\"@type\":\"ImageObject\",\"inLanguage\":\"es\",\"@id\":\"https:\\\/\\\/secure.gravatar.com\\\/avatar\\\/b6992f131dc8d30ab0dff15446e9d346d9dbd95992de0fef795073f5ea83a81c?s=96&d=mm&r=g\",\"url\":\"https:\\\/\\\/secure.gravatar.com\\\/avatar\\\/b6992f131dc8d30ab0dff15446e9d346d9dbd95992de0fef795073f5ea83a81c?s=96&d=mm&r=g\",\"contentUrl\":\"https:\\\/\\\/secure.gravatar.com\\\/avatar\\\/b6992f131dc8d30ab0dff15446e9d346d9dbd95992de0fef795073f5ea83a81c?s=96&d=mm&r=g\",\"caption\":\"La Gu\u00eda de Pamplona\"}}]}<\/script>\n<!-- \/ Yoast SEO plugin. -->","yoast_head_json":{"title":"Reanudado el servicio de bicicletas el\u00e9ctricas de Pamplona tras el par\u00f3n por Sanfermines","description":"La ciudad cuenta en la actualidad con 42 bases y 400 bicis repartidas por los distintos barrios","robots":{"index":"index","follow":"follow","max-snippet":"max-snippet:-1","max-image-preview":"max-image-preview:large","max-video-preview":"max-video-preview:-1"},"canonical":"https:\/\/www.laguiadepamplona.com\/actualidad\/reanudado-el-servicio-de-bicicletas-electricas-de-pamplona-tras-el-paron-por-sanfermines\/","og_locale":"es_ES","og_type":"article","og_title":"Reanudado el servicio de bicicletas el\u00e9ctricas de Pamplona tras el par\u00f3n por Sanfermines","og_description":"La ciudad cuenta en la actualidad con 42 bases y 400 bicis repartidas por los distintos barrios","og_url":"https:\/\/www.laguiadepamplona.com\/actualidad\/reanudado-el-servicio-de-bicicletas-electricas-de-pamplona-tras-el-paron-por-sanfermines\/","og_site_name":"La Gu\u00eda de Pamplona","article_publisher":"https:\/\/www.facebook.com\/laguiadepamplonacom-133175176762273\/?ref=hl","article_published_time":"2024-07-17T11:39:55+00:00","og_image":[{"width":1200,"height":778,"url":"https:\/\/www.laguiadepamplona.com\/actualidad\/wp-content\/uploads\/2023\/12\/bici-electrica.webp","type":"image\/webp"}],"author":"La Gu\u00eda de Pamplona","twitter_card":"summary_large_image","twitter_creator":"@LaGuiadPamplona","twitter_site":"@LaGuiadPamplona","twitter_misc":{"Escrito por":"La Gu\u00eda de Pamplona","Tiempo de lectura":"2 minutos"},"schema":{"@context":"https:\/\/schema.org","@graph":[{"@type":"Article","@id":"https:\/\/www.laguiadepamplona.com\/actualidad\/reanudado-el-servicio-de-bicicletas-electricas-de-pamplona-tras-el-paron-por-sanfermines\/#article","isPartOf":{"@id":"https:\/\/www.laguiadepamplona.com\/actualidad\/reanudado-el-servicio-de-bicicletas-electricas-de-pamplona-tras-el-paron-por-sanfermines\/"},"author":{"name":"La Gu\u00eda de Pamplona","@id":"https:\/\/www.laguiadepamplona.com\/actualidad\/#\/schema\/person\/efe887376f0213d4657c93adc50b1fdb"},"headline":"Reanudado el servicio de bicicletas el\u00e9ctricas de Pamplona tras el par\u00f3n por Sanfermines","datePublished":"2024-07-17T11:39:55+00:00","mainEntityOfPage":{"@id":"https:\/\/www.laguiadepamplona.com\/actualidad\/reanudado-el-servicio-de-bicicletas-electricas-de-pamplona-tras-el-paron-por-sanfermines\/"},"wordCount":246,"commentCount":0,"publisher":{"@id":"https:\/\/www.laguiadepamplona.com\/actualidad\/#organization"},"image":{"@id":"https:\/\/www.laguiadepamplona.com\/actualidad\/reanudado-el-servicio-de-bicicletas-electricas-de-pamplona-tras-el-paron-por-sanfermines\/#primaryimage"},"thumbnailUrl":"https:\/\/www.laguiadepamplona.com\/actualidad\/wp-content\/uploads\/2023\/12\/bici-electrica.webp","articleSection":["Ayto Pamplona"],"inLanguage":"es","potentialAction":[{"@type":"CommentAction","name":"Comment","target":["https:\/\/www.laguiadepamplona.com\/actualidad\/reanudado-el-servicio-de-bicicletas-electricas-de-pamplona-tras-el-paron-por-sanfermines\/#respond"]}]},{"@type":"WebPage","@id":"https:\/\/www.laguiadepamplona.com\/actualidad\/reanudado-el-servicio-de-bicicletas-electricas-de-pamplona-tras-el-paron-por-sanfermines\/","url":"https:\/\/www.laguiadepamplona.com\/actualidad\/reanudado-el-servicio-de-bicicletas-electricas-de-pamplona-tras-el-paron-por-sanfermines\/","name":"Reanudado el servicio de bicicletas el\u00e9ctricas de Pamplona tras el par\u00f3n por Sanfermines","isPartOf":{"@id":"https:\/\/www.laguiadepamplona.com\/actualidad\/#website"},"primaryImageOfPage":{"@id":"https:\/\/www.laguiadepamplona.com\/actualidad\/reanudado-el-servicio-de-bicicletas-electricas-de-pamplona-tras-el-paron-por-sanfermines\/#primaryimage"},"image":{"@id":"https:\/\/www.laguiadepamplona.com\/actualidad\/reanudado-el-servicio-de-bicicletas-electricas-de-pamplona-tras-el-paron-por-sanfermines\/#primaryimage"},"thumbnailUrl":"https:\/\/www.laguiadepamplona.com\/actualidad\/wp-content\/uploads\/2023\/12\/bici-electrica.webp","datePublished":"2024-07-17T11:39:55+00:00","description":"La ciudad cuenta en la actualidad con 42 bases y 400 bicis repartidas por los distintos barrios","breadcrumb":{"@id":"https:\/\/www.laguiadepamplona.com\/actualidad\/reanudado-el-servicio-de-bicicletas-electricas-de-pamplona-tras-el-paron-por-sanfermines\/#breadcrumb"},"inLanguage":"es","potentialAction":[{"@type":"ReadAction","target":["https:\/\/www.laguiadepamplona.com\/actualidad\/reanudado-el-servicio-de-bicicletas-electricas-de-pamplona-tras-el-paron-por-sanfermines\/"]}]},{"@type":"ImageObject","inLanguage":"es","@id":"https:\/\/www.laguiadepamplona.com\/actualidad\/reanudado-el-servicio-de-bicicletas-electricas-de-pamplona-tras-el-paron-por-sanfermines\/#primaryimage","url":"https:\/\/www.laguiadepamplona.com\/actualidad\/wp-content\/uploads\/2023\/12\/bici-electrica.webp","contentUrl":"https:\/\/www.laguiadepamplona.com\/actualidad\/wp-content\/uploads\/2023\/12\/bici-electrica.webp","width":1200,"height":778,"caption":"bici el\u00e9ctrica"},{"@type":"BreadcrumbList","@id":"https:\/\/www.laguiadepamplona.com\/actualidad\/reanudado-el-servicio-de-bicicletas-electricas-de-pamplona-tras-el-paron-por-sanfermines\/#breadcrumb","itemListElement":[{"@type":"ListItem","position":1,"name":"Portada","item":"https:\/\/www.laguiadepamplona.com\/actualidad\/"},{"@type":"ListItem","position":2,"name":"Reanudado el servicio de bicicletas el\u00e9ctricas de Pamplona tras el par\u00f3n por Sanfermines"}]},{"@type":"WebSite","@id":"https:\/\/www.laguiadepamplona.com\/actualidad\/#website","url":"https:\/\/www.laguiadepamplona.com\/actualidad\/","name":"La gu\u00eda de Pamplona","description":"Noticias de Pamplona","publisher":{"@id":"https:\/\/www.laguiadepamplona.com\/actualidad\/#organization"},"potentialAction":[{"@type":"SearchAction","target":{"@type":"EntryPoint","urlTemplate":"https:\/\/www.laguiadepamplona.com\/actualidad\/?s={search_term_string}"},"query-input":{"@type":"PropertyValueSpecification","valueRequired":true,"valueName":"search_term_string"}}],"inLanguage":"es"},{"@type":"Organization","@id":"https:\/\/www.laguiadepamplona.com\/actualidad\/#organization","name":"La Gu\u00eda de Pamplona \/ Noticias","url":"https:\/\/www.laguiadepamplona.com\/actualidad\/","logo":{"@type":"ImageObject","inLanguage":"es","@id":"https:\/\/www.laguiadepamplona.com\/actualidad\/#\/schema\/logo\/image\/","url":"https:\/\/www.laguiadepamplona.com\/actualidad\/wp-content\/uploads\/2018\/11\/logo-laguiadepamplona18-web1.png","contentUrl":"https:\/\/www.laguiadepamplona.com\/actualidad\/wp-content\/uploads\/2018\/11\/logo-laguiadepamplona18-web1.png","width":600,"height":196,"caption":"La Gu\u00eda de Pamplona \/ Noticias"},"image":{"@id":"https:\/\/www.laguiadepamplona.com\/actualidad\/#\/schema\/logo\/image\/"},"sameAs":["https:\/\/www.facebook.com\/laguiadepamplonacom-133175176762273\/?ref=hl","https:\/\/x.com\/LaGuiadPamplona","https:\/\/www.instagram.com\/la_guia_de_pamplona\/","https:\/\/www.youtube.com\/user\/laguiadepamplona"]},{"@type":"Person","@id":"https:\/\/www.laguiadepamplona.com\/actualidad\/#\/schema\/person\/efe887376f0213d4657c93adc50b1fdb","name":"La Gu\u00eda de Pamplona","image":{"@type":"ImageObject","inLanguage":"es","@id":"https:\/\/secure.gravatar.com\/avatar\/b6992f131dc8d30ab0dff15446e9d346d9dbd95992de0fef795073f5ea83a81c?s=96&d=mm&r=g","url":"https:\/\/secure.gravatar.com\/avatar\/b6992f131dc8d30ab0dff15446e9d346d9dbd95992de0fef795073f5ea83a81c?s=96&d=mm&r=g","contentUrl":"https:\/\/secure.gravatar.com\/avatar\/b6992f131dc8d30ab0dff15446e9d346d9dbd95992de0fef795073f5ea83a81c?s=96&d=mm&r=g","caption":"La Gu\u00eda de Pamplona"}}]}},"post_mailing_queue_ids":[],"_links":{"self":[{"href":"https:\/\/www.laguiadepamplona.com\/actualidad\/wp-json\/wp\/v2\/posts\/50287","targetHints":{"allow":["GET"]}}],"collection":[{"href":"https:\/\/www.laguiadepamplona.com\/actualidad\/wp-json\/wp\/v2\/posts"}],"about":[{"href":"https:\/\/www.laguiadepamplona.com\/actualidad\/wp-json\/wp\/v2\/types\/post"}],"author":[{"embeddable":true,"href":"https:\/\/www.laguiadepamplona.com\/actualidad\/wp-json\/wp\/v2\/users\/1"}],"replies":[{"embeddable":true,"href":"https:\/\/www.laguiadepamplona.com\/actualidad\/wp-json\/wp\/v2\/comments?post=50287"}],"version-history":[{"count":1,"href":"https:\/\/www.laguiadepamplona.com\/actualidad\/wp-json\/wp\/v2\/posts\/50287\/revisions"}],"predecessor-version":[{"id":50288,"href":"https:\/\/www.laguiadepamplona.com\/actualidad\/wp-json\/wp\/v2\/posts\/50287\/revisions\/50288"}],"wp:featuredmedia":[{"embeddable":true,"href":"https:\/\/www.laguiadepamplona.com\/actualidad\/wp-json\/wp\/v2\/media\/48132"}],"wp:attachment":[{"href":"https:\/\/www.laguiadepamplona.com\/actualidad\/wp-json\/wp\/v2\/media?parent=50287"}],"wp:term":[{"taxonomy":"category","embeddable":true,"href":"https:\/\/www.laguiadepamplona.com\/actualidad\/wp-json\/wp\/v2\/categories?post=50287"},{"taxonomy":"post_tag","embeddable":true,"href":"https:\/\/www.laguiadepamplona.com\/actualidad\/wp-json\/wp\/v2\/tags?post=50287"}],"curies":[{"name":"wp","href":"https:\/\/api.w.org\/{rel}","templated":true}]}}