{"id":50284,"date":"2024-07-16T20:50:34","date_gmt":"2024-07-16T18:50:34","guid":{"rendered":"https:\/\/www.laguiadepamplona.com\/actualidad\/?p=50284"},"modified":"2024-07-16T20:50:34","modified_gmt":"2024-07-16T18:50:34","slug":"mas-de-200-personas-voluntarias-colaboraran-en-el-campeonato-europeo-de-cubo-de-rubik-que-se-celebrara-del-25-al-28-de-julio-en-pamplona","status":"publish","type":"post","link":"https:\/\/www.laguiadepamplona.com\/actualidad\/mas-de-200-personas-voluntarias-colaboraran-en-el-campeonato-europeo-de-cubo-de-rubik-que-se-celebrara-del-25-al-28-de-julio-en-pamplona\/","title":{"rendered":"M\u00e1s de 200 personas voluntarias colaborar\u00e1n en el Campeonato Europeo de Cubo de Rubik, que se celebrar\u00e1 del 25 al 28 de julio en Pamplona"},"content":{"rendered":"<h2>Un total de 1.250 participantes de 60 nacionalidades diferentes disputar\u00e1n este torneo, que cuenta con 17 modalidades oficiales diferentes<\/h2>\n<p><!--more--><\/p>\n<p>M\u00e1s de 200 personas voluntarias colaborar\u00e1n en el Campeonato Europeo de Cubo de Rubik (Rubiks WCA European Championship 2024), que acoge Pamplona del 25 al 28 de julio. El torneo, que contar\u00e1 con 1.250 participantes, es el m\u00e1s grande celebrado en Europa y el de mayor representaci\u00f3n, ya que hasta la capital navarra acudir\u00e1n participantes de 60 nacionalidades diferentes.<\/p>\n<p>A esta gran participaci\u00f3n se suma, adem\u00e1s, el p\u00fablico asistente al Navarra Arena para disfrutar de la competici\u00f3n. Se espera que m\u00e1s de 6.000 personas acudan al recinto durante las cuatro jornadas que dura el torneo. De hecho, ya se han vendido m\u00e1s de 600 entradas para cada d\u00eda de torneo y la venta contin\u00faa abierta. Para afrontar este reto log\u00edstico, desde la delegaci\u00f3n de WCA en Navarra y la Asociaci\u00f3n Espa\u00f1ola de Speedcubing cuentan con m\u00e1s de 200 personas voluntarias, que ejercer\u00e1n de jueces y mezcladores, y que se encargar\u00e1n de administrar resultados, gestionar la zona de eventos no oficiales y atender el punto de informaci\u00f3n y de registro.<\/p>\n<p>En las 17 competiciones oficiales, cada participante competir\u00e1 con su propio cubo, ya que existen cientos de modelos diferentes y cada competidor suele estar acostumbrado a una marca concreta. Durante la competici\u00f3n, habr\u00e1 mezcladores profesionales desordenando cada uno de los cubos, de forma que todos los competidores partan del mismo estado aleatorio. Para ello, un equipo de delegados de la World Cube Association generar\u00e1n mediante software las posiciones aleatorias de los cubos que los competidores tendr\u00e1n que resolver. Esas posiciones permanecer\u00e1n en secreto en todo momento.<\/p>\n<p><strong>17 modalidades oficiales y una Copa de Naciones<\/strong><\/p>\n<p>Este Campeonato Europeo ofrece la posibilidad de disputar las 17 modalidades oficiales reguladas por la asociaci\u00f3n mundial del cubo (WCA), desde el cl\u00e1sico Cubo de Rubik, hasta cubos con cientos de piezas, que cambian de forma, o con resoluciones de esos mismos mecanismos, pero realizados a ciegas.<\/p>\n<p>Por modalidades, la que contar\u00e1 con mayor n\u00famero de participantes ser\u00e1 el \u2018Cubo cl\u00e1sico\u2019 (3x3x3), seguida por su modalidad m\u00e1s peque\u00f1a, 2x2x2. Tras ellas, se encuentran Piraminx, el rompecabezas mec\u00e1nico con forma de tetraedro, y Skweb, un rompecabezas que gira en torno a los v\u00e9rtices y presenta giros de 120\u00ba. Todas las modalidades se llevan a cabo a lo largo de 4 d\u00edas de competici\u00f3n, con hasta 4 rondas clasificatorias para cada categor\u00eda.<\/p>\n<p>Aunque las categor\u00edas oficiales de este evento son todas individuales, durante la jornada del s\u00e1bado 27 de julio, se celebrar\u00e1 una Copa de Naciones, con los 4 mejores representantes de cada pa\u00eds. Los 24 pa\u00edses clasificados, se enfrentar\u00e1n los unos a los otros en enfrentamientos eliminatorios, en un formato muy similar al de la Eurocopa de f\u00fatbol. Entre los pa\u00edses destacados, encabezan la lista Holanda, Polonia y Alemania, con un resultado de clasificaci\u00f3n de tan solo 6 segundos. Espa\u00f1a, sin embargo, se encuentra en la decimoprimera posici\u00f3n, con un tiempo de clasificaci\u00f3n de 7.18 segundos.<\/p>\n<p><strong>150 cron\u00f3metros y un centenar de jueces<\/strong><\/p>\n<p>La organizaci\u00f3n planea tener una veintena de puestos de mezclas para revolver los puzles, cerca de un centenar de jueces verificando cada resoluci\u00f3n, y m\u00e1s de cien personas compitiendo de manera simult\u00e1nea. Casi 150 cron\u00f3metros oficiales de competici\u00f3n ser\u00e1n usados a lo largo de las jornadas y se usar\u00e1n m\u00e1s de 10.000 hojas de resultados, donde se anotar\u00e1n los tiempos de cada uno de los competidores. Todos los resultados se podr\u00e1n seguir en vivo a trav\u00e9s de la web live.worldcubeassociation.org.<\/p>\n<p>Adem\u00e1s, el evento completo ser\u00e1 retransmitido en directo a trav\u00e9s de la plataforma de Twitch y, para los espectadores, la organizaci\u00f3n planea proyectar en pantalla gigante las rapid\u00edsimas manos de los competidores, incluso con repeticiones a c\u00e1mara lenta. Para los m\u00e1s peque\u00f1os de la casa, habr\u00e1 una zona de ocio con diversas actividades interactivas, una tienda donde poder comprar cubos de velocidad e incluso un stand donde poder aprender a hacer el cubo.<\/p>\n<p>Las personas interesadas en acudir como p\u00fablico pueden adquirir sus entradas en la taquilla online del Navarra Arena y en los puntos de venta f\u00edsicos del Baluarte y La Morea, a un coste de tres euros la entrada diaria y nueve euros el abono para los cuatro d\u00edas.<\/p>\n","protected":false},"excerpt":{"rendered":"<p>Un total de 1.250 participantes de 60 nacionalidades diferentes disputar\u00e1n este torneo, que cuenta con 17 modalidades oficiales diferentes<\/p>\n","protected":false},"author":1,"featured_media":50285,"comment_status":"open","ping_status":"closed","sticky":false,"template":"","format":"standard","meta":{"footnotes":""},"categories":[2],"tags":[],"class_list":["post-50284","post","type-post","status-publish","format-standard","has-post-thumbnail","hentry","category-ayuntamiento-pamplona"],"yoast_head":"<!-- This site is optimized with the Yoast SEO plugin v27.3 - https:\/\/yoast.com\/product\/yoast-seo-wordpress\/ -->\n<title>M\u00e1s de 200 personas voluntarias colaborar\u00e1n en el Campeonato Europeo de Cubo de Rubik, que se celebrar\u00e1 del 25 al 28 de julio en Pamplona<\/title>\n<meta name=\"description\" content=\"Un total de 1.250 participantes de 60 nacionalidades diferentes disputar\u00e1n este torneo, que cuenta con 17 modalidades oficiales diferentes\" \/>\n<meta name=\"robots\" content=\"index, follow, max-snippet:-1, max-image-preview:large, max-video-preview:-1\" \/>\n<link rel=\"canonical\" href=\"https:\/\/www.laguiadepamplona.com\/actualidad\/mas-de-200-personas-voluntarias-colaboraran-en-el-campeonato-europeo-de-cubo-de-rubik-que-se-celebrara-del-25-al-28-de-julio-en-pamplona\/\" \/>\n<meta property=\"og:locale\" content=\"es_ES\" \/>\n<meta property=\"og:type\" content=\"article\" \/>\n<meta property=\"og:title\" content=\"M\u00e1s de 200 personas voluntarias colaborar\u00e1n en el Campeonato Europeo de Cubo de Rubik, que se celebrar\u00e1 del 25 al 28 de julio en Pamplona\" \/>\n<meta property=\"og:description\" content=\"Un total de 1.250 participantes de 60 nacionalidades diferentes disputar\u00e1n este torneo, que cuenta con 17 modalidades oficiales diferentes\" \/>\n<meta property=\"og:url\" content=\"https:\/\/www.laguiadepamplona.com\/actualidad\/mas-de-200-personas-voluntarias-colaboraran-en-el-campeonato-europeo-de-cubo-de-rubik-que-se-celebrara-del-25-al-28-de-julio-en-pamplona\/\" \/>\n<meta property=\"og:site_name\" content=\"La Gu\u00eda de Pamplona\" \/>\n<meta property=\"article:publisher\" content=\"https:\/\/www.facebook.com\/laguiadepamplonacom-133175176762273\/?ref=hl\" \/>\n<meta property=\"article:published_time\" content=\"2024-07-16T18:50:34+00:00\" \/>\n<meta property=\"og:image\" content=\"https:\/\/www.laguiadepamplona.com\/actualidad\/wp-content\/uploads\/2024\/07\/Cubo-Rubik_web.webp\" \/>\n\t<meta property=\"og:image:width\" content=\"1000\" \/>\n\t<meta property=\"og:image:height\" content=\"922\" \/>\n\t<meta property=\"og:image:type\" content=\"image\/webp\" \/>\n<meta name=\"author\" content=\"La Gu\u00eda de Pamplona\" \/>\n<meta name=\"twitter:card\" content=\"summary_large_image\" \/>\n<meta name=\"twitter:creator\" content=\"@LaGuiadPamplona\" \/>\n<meta name=\"twitter:site\" content=\"@LaGuiadPamplona\" \/>\n<meta name=\"twitter:label1\" content=\"Escrito por\" \/>\n\t<meta name=\"twitter:data1\" content=\"La Gu\u00eda de Pamplona\" \/>\n\t<meta name=\"twitter:label2\" content=\"Tiempo de lectura\" \/>\n\t<meta name=\"twitter:data2\" content=\"4 minutos\" \/>\n<script type=\"application\/ld+json\" class=\"yoast-schema-graph\">{\"@context\":\"https:\\\/\\\/schema.org\",\"@graph\":[{\"@type\":\"Article\",\"@id\":\"https:\\\/\\\/www.laguiadepamplona.com\\\/actualidad\\\/mas-de-200-personas-voluntarias-colaboraran-en-el-campeonato-europeo-de-cubo-de-rubik-que-se-celebrara-del-25-al-28-de-julio-en-pamplona\\\/#article\",\"isPartOf\":{\"@id\":\"https:\\\/\\\/www.laguiadepamplona.com\\\/actualidad\\\/mas-de-200-personas-voluntarias-colaboraran-en-el-campeonato-europeo-de-cubo-de-rubik-que-se-celebrara-del-25-al-28-de-julio-en-pamplona\\\/\"},\"author\":{\"name\":\"La Gu\u00eda de Pamplona\",\"@id\":\"https:\\\/\\\/www.laguiadepamplona.com\\\/actualidad\\\/#\\\/schema\\\/person\\\/efe887376f0213d4657c93adc50b1fdb\"},\"headline\":\"M\u00e1s de 200 personas voluntarias colaborar\u00e1n en el Campeonato Europeo de Cubo de Rubik, que se celebrar\u00e1 del 25 al 28 de julio en Pamplona\",\"datePublished\":\"2024-07-16T18:50:34+00:00\",\"mainEntityOfPage\":{\"@id\":\"https:\\\/\\\/www.laguiadepamplona.com\\\/actualidad\\\/mas-de-200-personas-voluntarias-colaboraran-en-el-campeonato-europeo-de-cubo-de-rubik-que-se-celebrara-del-25-al-28-de-julio-en-pamplona\\\/\"},\"wordCount\":778,\"commentCount\":0,\"publisher\":{\"@id\":\"https:\\\/\\\/www.laguiadepamplona.com\\\/actualidad\\\/#organization\"},\"image\":{\"@id\":\"https:\\\/\\\/www.laguiadepamplona.com\\\/actualidad\\\/mas-de-200-personas-voluntarias-colaboraran-en-el-campeonato-europeo-de-cubo-de-rubik-que-se-celebrara-del-25-al-28-de-julio-en-pamplona\\\/#primaryimage\"},\"thumbnailUrl\":\"https:\\\/\\\/www.laguiadepamplona.com\\\/actualidad\\\/wp-content\\\/uploads\\\/2024\\\/07\\\/Cubo-Rubik_web.webp\",\"articleSection\":[\"Ayto Pamplona\"],\"inLanguage\":\"es\",\"potentialAction\":[{\"@type\":\"CommentAction\",\"name\":\"Comment\",\"target\":[\"https:\\\/\\\/www.laguiadepamplona.com\\\/actualidad\\\/mas-de-200-personas-voluntarias-colaboraran-en-el-campeonato-europeo-de-cubo-de-rubik-que-se-celebrara-del-25-al-28-de-julio-en-pamplona\\\/#respond\"]}]},{\"@type\":\"WebPage\",\"@id\":\"https:\\\/\\\/www.laguiadepamplona.com\\\/actualidad\\\/mas-de-200-personas-voluntarias-colaboraran-en-el-campeonato-europeo-de-cubo-de-rubik-que-se-celebrara-del-25-al-28-de-julio-en-pamplona\\\/\",\"url\":\"https:\\\/\\\/www.laguiadepamplona.com\\\/actualidad\\\/mas-de-200-personas-voluntarias-colaboraran-en-el-campeonato-europeo-de-cubo-de-rubik-que-se-celebrara-del-25-al-28-de-julio-en-pamplona\\\/\",\"name\":\"M\u00e1s de 200 personas voluntarias colaborar\u00e1n en el Campeonato Europeo de Cubo de Rubik, que se celebrar\u00e1 del 25 al 28 de julio en Pamplona\",\"isPartOf\":{\"@id\":\"https:\\\/\\\/www.laguiadepamplona.com\\\/actualidad\\\/#website\"},\"primaryImageOfPage\":{\"@id\":\"https:\\\/\\\/www.laguiadepamplona.com\\\/actualidad\\\/mas-de-200-personas-voluntarias-colaboraran-en-el-campeonato-europeo-de-cubo-de-rubik-que-se-celebrara-del-25-al-28-de-julio-en-pamplona\\\/#primaryimage\"},\"image\":{\"@id\":\"https:\\\/\\\/www.laguiadepamplona.com\\\/actualidad\\\/mas-de-200-personas-voluntarias-colaboraran-en-el-campeonato-europeo-de-cubo-de-rubik-que-se-celebrara-del-25-al-28-de-julio-en-pamplona\\\/#primaryimage\"},\"thumbnailUrl\":\"https:\\\/\\\/www.laguiadepamplona.com\\\/actualidad\\\/wp-content\\\/uploads\\\/2024\\\/07\\\/Cubo-Rubik_web.webp\",\"datePublished\":\"2024-07-16T18:50:34+00:00\",\"description\":\"Un total de 1.250 participantes de 60 nacionalidades diferentes disputar\u00e1n este torneo, que cuenta con 17 modalidades oficiales diferentes\",\"breadcrumb\":{\"@id\":\"https:\\\/\\\/www.laguiadepamplona.com\\\/actualidad\\\/mas-de-200-personas-voluntarias-colaboraran-en-el-campeonato-europeo-de-cubo-de-rubik-que-se-celebrara-del-25-al-28-de-julio-en-pamplona\\\/#breadcrumb\"},\"inLanguage\":\"es\",\"potentialAction\":[{\"@type\":\"ReadAction\",\"target\":[\"https:\\\/\\\/www.laguiadepamplona.com\\\/actualidad\\\/mas-de-200-personas-voluntarias-colaboraran-en-el-campeonato-europeo-de-cubo-de-rubik-que-se-celebrara-del-25-al-28-de-julio-en-pamplona\\\/\"]}]},{\"@type\":\"ImageObject\",\"inLanguage\":\"es\",\"@id\":\"https:\\\/\\\/www.laguiadepamplona.com\\\/actualidad\\\/mas-de-200-personas-voluntarias-colaboraran-en-el-campeonato-europeo-de-cubo-de-rubik-que-se-celebrara-del-25-al-28-de-julio-en-pamplona\\\/#primaryimage\",\"url\":\"https:\\\/\\\/www.laguiadepamplona.com\\\/actualidad\\\/wp-content\\\/uploads\\\/2024\\\/07\\\/Cubo-Rubik_web.webp\",\"contentUrl\":\"https:\\\/\\\/www.laguiadepamplona.com\\\/actualidad\\\/wp-content\\\/uploads\\\/2024\\\/07\\\/Cubo-Rubik_web.webp\",\"width\":1000,\"height\":922,\"caption\":\"cartel cubo rubik\"},{\"@type\":\"BreadcrumbList\",\"@id\":\"https:\\\/\\\/www.laguiadepamplona.com\\\/actualidad\\\/mas-de-200-personas-voluntarias-colaboraran-en-el-campeonato-europeo-de-cubo-de-rubik-que-se-celebrara-del-25-al-28-de-julio-en-pamplona\\\/#breadcrumb\",\"itemListElement\":[{\"@type\":\"ListItem\",\"position\":1,\"name\":\"Portada\",\"item\":\"https:\\\/\\\/www.laguiadepamplona.com\\\/actualidad\\\/\"},{\"@type\":\"ListItem\",\"position\":2,\"name\":\"M\u00e1s de 200 personas voluntarias colaborar\u00e1n en el Campeonato Europeo de Cubo de Rubik, que se celebrar\u00e1 del 25 al 28 de julio en Pamplona\"}]},{\"@type\":\"WebSite\",\"@id\":\"https:\\\/\\\/www.laguiadepamplona.com\\\/actualidad\\\/#website\",\"url\":\"https:\\\/\\\/www.laguiadepamplona.com\\\/actualidad\\\/\",\"name\":\"La gu\u00eda de Pamplona\",\"description\":\"Noticias de Pamplona\",\"publisher\":{\"@id\":\"https:\\\/\\\/www.laguiadepamplona.com\\\/actualidad\\\/#organization\"},\"potentialAction\":[{\"@type\":\"SearchAction\",\"target\":{\"@type\":\"EntryPoint\",\"urlTemplate\":\"https:\\\/\\\/www.laguiadepamplona.com\\\/actualidad\\\/?s={search_term_string}\"},\"query-input\":{\"@type\":\"PropertyValueSpecification\",\"valueRequired\":true,\"valueName\":\"search_term_string\"}}],\"inLanguage\":\"es\"},{\"@type\":\"Organization\",\"@id\":\"https:\\\/\\\/www.laguiadepamplona.com\\\/actualidad\\\/#organization\",\"name\":\"La Gu\u00eda de Pamplona \\\/ Noticias\",\"url\":\"https:\\\/\\\/www.laguiadepamplona.com\\\/actualidad\\\/\",\"logo\":{\"@type\":\"ImageObject\",\"inLanguage\":\"es\",\"@id\":\"https:\\\/\\\/www.laguiadepamplona.com\\\/actualidad\\\/#\\\/schema\\\/logo\\\/image\\\/\",\"url\":\"https:\\\/\\\/www.laguiadepamplona.com\\\/actualidad\\\/wp-content\\\/uploads\\\/2018\\\/11\\\/logo-laguiadepamplona18-web1.png\",\"contentUrl\":\"https:\\\/\\\/www.laguiadepamplona.com\\\/actualidad\\\/wp-content\\\/uploads\\\/2018\\\/11\\\/logo-laguiadepamplona18-web1.png\",\"width\":600,\"height\":196,\"caption\":\"La Gu\u00eda de Pamplona \\\/ Noticias\"},\"image\":{\"@id\":\"https:\\\/\\\/www.laguiadepamplona.com\\\/actualidad\\\/#\\\/schema\\\/logo\\\/image\\\/\"},\"sameAs\":[\"https:\\\/\\\/www.facebook.com\\\/laguiadepamplonacom-133175176762273\\\/?ref=hl\",\"https:\\\/\\\/x.com\\\/LaGuiadPamplona\",\"https:\\\/\\\/www.instagram.com\\\/la_guia_de_pamplona\\\/\",\"https:\\\/\\\/www.youtube.com\\\/user\\\/laguiadepamplona\"]},{\"@type\":\"Person\",\"@id\":\"https:\\\/\\\/www.laguiadepamplona.com\\\/actualidad\\\/#\\\/schema\\\/person\\\/efe887376f0213d4657c93adc50b1fdb\",\"name\":\"La Gu\u00eda de Pamplona\",\"image\":{\"@type\":\"ImageObject\",\"inLanguage\":\"es\",\"@id\":\"https:\\\/\\\/secure.gravatar.com\\\/avatar\\\/b6992f131dc8d30ab0dff15446e9d346d9dbd95992de0fef795073f5ea83a81c?s=96&d=mm&r=g\",\"url\":\"https:\\\/\\\/secure.gravatar.com\\\/avatar\\\/b6992f131dc8d30ab0dff15446e9d346d9dbd95992de0fef795073f5ea83a81c?s=96&d=mm&r=g\",\"contentUrl\":\"https:\\\/\\\/secure.gravatar.com\\\/avatar\\\/b6992f131dc8d30ab0dff15446e9d346d9dbd95992de0fef795073f5ea83a81c?s=96&d=mm&r=g\",\"caption\":\"La Gu\u00eda de Pamplona\"}}]}<\/script>\n<!-- \/ Yoast SEO plugin. -->","yoast_head_json":{"title":"M\u00e1s de 200 personas voluntarias colaborar\u00e1n en el Campeonato Europeo de Cubo de Rubik, que se celebrar\u00e1 del 25 al 28 de julio en Pamplona","description":"Un total de 1.250 participantes de 60 nacionalidades diferentes disputar\u00e1n este torneo, que cuenta con 17 modalidades oficiales diferentes","robots":{"index":"index","follow":"follow","max-snippet":"max-snippet:-1","max-image-preview":"max-image-preview:large","max-video-preview":"max-video-preview:-1"},"canonical":"https:\/\/www.laguiadepamplona.com\/actualidad\/mas-de-200-personas-voluntarias-colaboraran-en-el-campeonato-europeo-de-cubo-de-rubik-que-se-celebrara-del-25-al-28-de-julio-en-pamplona\/","og_locale":"es_ES","og_type":"article","og_title":"M\u00e1s de 200 personas voluntarias colaborar\u00e1n en el Campeonato Europeo de Cubo de Rubik, que se celebrar\u00e1 del 25 al 28 de julio en Pamplona","og_description":"Un total de 1.250 participantes de 60 nacionalidades diferentes disputar\u00e1n este torneo, que cuenta con 17 modalidades oficiales diferentes","og_url":"https:\/\/www.laguiadepamplona.com\/actualidad\/mas-de-200-personas-voluntarias-colaboraran-en-el-campeonato-europeo-de-cubo-de-rubik-que-se-celebrara-del-25-al-28-de-julio-en-pamplona\/","og_site_name":"La Gu\u00eda de Pamplona","article_publisher":"https:\/\/www.facebook.com\/laguiadepamplonacom-133175176762273\/?ref=hl","article_published_time":"2024-07-16T18:50:34+00:00","og_image":[{"width":1000,"height":922,"url":"https:\/\/www.laguiadepamplona.com\/actualidad\/wp-content\/uploads\/2024\/07\/Cubo-Rubik_web.webp","type":"image\/webp"}],"author":"La Gu\u00eda de Pamplona","twitter_card":"summary_large_image","twitter_creator":"@LaGuiadPamplona","twitter_site":"@LaGuiadPamplona","twitter_misc":{"Escrito por":"La Gu\u00eda de Pamplona","Tiempo de lectura":"4 minutos"},"schema":{"@context":"https:\/\/schema.org","@graph":[{"@type":"Article","@id":"https:\/\/www.laguiadepamplona.com\/actualidad\/mas-de-200-personas-voluntarias-colaboraran-en-el-campeonato-europeo-de-cubo-de-rubik-que-se-celebrara-del-25-al-28-de-julio-en-pamplona\/#article","isPartOf":{"@id":"https:\/\/www.laguiadepamplona.com\/actualidad\/mas-de-200-personas-voluntarias-colaboraran-en-el-campeonato-europeo-de-cubo-de-rubik-que-se-celebrara-del-25-al-28-de-julio-en-pamplona\/"},"author":{"name":"La Gu\u00eda de Pamplona","@id":"https:\/\/www.laguiadepamplona.com\/actualidad\/#\/schema\/person\/efe887376f0213d4657c93adc50b1fdb"},"headline":"M\u00e1s de 200 personas voluntarias colaborar\u00e1n en el Campeonato Europeo de Cubo de Rubik, que se celebrar\u00e1 del 25 al 28 de julio en Pamplona","datePublished":"2024-07-16T18:50:34+00:00","mainEntityOfPage":{"@id":"https:\/\/www.laguiadepamplona.com\/actualidad\/mas-de-200-personas-voluntarias-colaboraran-en-el-campeonato-europeo-de-cubo-de-rubik-que-se-celebrara-del-25-al-28-de-julio-en-pamplona\/"},"wordCount":778,"commentCount":0,"publisher":{"@id":"https:\/\/www.laguiadepamplona.com\/actualidad\/#organization"},"image":{"@id":"https:\/\/www.laguiadepamplona.com\/actualidad\/mas-de-200-personas-voluntarias-colaboraran-en-el-campeonato-europeo-de-cubo-de-rubik-que-se-celebrara-del-25-al-28-de-julio-en-pamplona\/#primaryimage"},"thumbnailUrl":"https:\/\/www.laguiadepamplona.com\/actualidad\/wp-content\/uploads\/2024\/07\/Cubo-Rubik_web.webp","articleSection":["Ayto Pamplona"],"inLanguage":"es","potentialAction":[{"@type":"CommentAction","name":"Comment","target":["https:\/\/www.laguiadepamplona.com\/actualidad\/mas-de-200-personas-voluntarias-colaboraran-en-el-campeonato-europeo-de-cubo-de-rubik-que-se-celebrara-del-25-al-28-de-julio-en-pamplona\/#respond"]}]},{"@type":"WebPage","@id":"https:\/\/www.laguiadepamplona.com\/actualidad\/mas-de-200-personas-voluntarias-colaboraran-en-el-campeonato-europeo-de-cubo-de-rubik-que-se-celebrara-del-25-al-28-de-julio-en-pamplona\/","url":"https:\/\/www.laguiadepamplona.com\/actualidad\/mas-de-200-personas-voluntarias-colaboraran-en-el-campeonato-europeo-de-cubo-de-rubik-que-se-celebrara-del-25-al-28-de-julio-en-pamplona\/","name":"M\u00e1s de 200 personas voluntarias colaborar\u00e1n en el Campeonato Europeo de Cubo de Rubik, que se celebrar\u00e1 del 25 al 28 de julio en Pamplona","isPartOf":{"@id":"https:\/\/www.laguiadepamplona.com\/actualidad\/#website"},"primaryImageOfPage":{"@id":"https:\/\/www.laguiadepamplona.com\/actualidad\/mas-de-200-personas-voluntarias-colaboraran-en-el-campeonato-europeo-de-cubo-de-rubik-que-se-celebrara-del-25-al-28-de-julio-en-pamplona\/#primaryimage"},"image":{"@id":"https:\/\/www.laguiadepamplona.com\/actualidad\/mas-de-200-personas-voluntarias-colaboraran-en-el-campeonato-europeo-de-cubo-de-rubik-que-se-celebrara-del-25-al-28-de-julio-en-pamplona\/#primaryimage"},"thumbnailUrl":"https:\/\/www.laguiadepamplona.com\/actualidad\/wp-content\/uploads\/2024\/07\/Cubo-Rubik_web.webp","datePublished":"2024-07-16T18:50:34+00:00","description":"Un total de 1.250 participantes de 60 nacionalidades diferentes disputar\u00e1n este torneo, que cuenta con 17 modalidades oficiales diferentes","breadcrumb":{"@id":"https:\/\/www.laguiadepamplona.com\/actualidad\/mas-de-200-personas-voluntarias-colaboraran-en-el-campeonato-europeo-de-cubo-de-rubik-que-se-celebrara-del-25-al-28-de-julio-en-pamplona\/#breadcrumb"},"inLanguage":"es","potentialAction":[{"@type":"ReadAction","target":["https:\/\/www.laguiadepamplona.com\/actualidad\/mas-de-200-personas-voluntarias-colaboraran-en-el-campeonato-europeo-de-cubo-de-rubik-que-se-celebrara-del-25-al-28-de-julio-en-pamplona\/"]}]},{"@type":"ImageObject","inLanguage":"es","@id":"https:\/\/www.laguiadepamplona.com\/actualidad\/mas-de-200-personas-voluntarias-colaboraran-en-el-campeonato-europeo-de-cubo-de-rubik-que-se-celebrara-del-25-al-28-de-julio-en-pamplona\/#primaryimage","url":"https:\/\/www.laguiadepamplona.com\/actualidad\/wp-content\/uploads\/2024\/07\/Cubo-Rubik_web.webp","contentUrl":"https:\/\/www.laguiadepamplona.com\/actualidad\/wp-content\/uploads\/2024\/07\/Cubo-Rubik_web.webp","width":1000,"height":922,"caption":"cartel cubo rubik"},{"@type":"BreadcrumbList","@id":"https:\/\/www.laguiadepamplona.com\/actualidad\/mas-de-200-personas-voluntarias-colaboraran-en-el-campeonato-europeo-de-cubo-de-rubik-que-se-celebrara-del-25-al-28-de-julio-en-pamplona\/#breadcrumb","itemListElement":[{"@type":"ListItem","position":1,"name":"Portada","item":"https:\/\/www.laguiadepamplona.com\/actualidad\/"},{"@type":"ListItem","position":2,"name":"M\u00e1s de 200 personas voluntarias colaborar\u00e1n en el Campeonato Europeo de Cubo de Rubik, que se celebrar\u00e1 del 25 al 28 de julio en Pamplona"}]},{"@type":"WebSite","@id":"https:\/\/www.laguiadepamplona.com\/actualidad\/#website","url":"https:\/\/www.laguiadepamplona.com\/actualidad\/","name":"La gu\u00eda de Pamplona","description":"Noticias de Pamplona","publisher":{"@id":"https:\/\/www.laguiadepamplona.com\/actualidad\/#organization"},"potentialAction":[{"@type":"SearchAction","target":{"@type":"EntryPoint","urlTemplate":"https:\/\/www.laguiadepamplona.com\/actualidad\/?s={search_term_string}"},"query-input":{"@type":"PropertyValueSpecification","valueRequired":true,"valueName":"search_term_string"}}],"inLanguage":"es"},{"@type":"Organization","@id":"https:\/\/www.laguiadepamplona.com\/actualidad\/#organization","name":"La Gu\u00eda de Pamplona \/ Noticias","url":"https:\/\/www.laguiadepamplona.com\/actualidad\/","logo":{"@type":"ImageObject","inLanguage":"es","@id":"https:\/\/www.laguiadepamplona.com\/actualidad\/#\/schema\/logo\/image\/","url":"https:\/\/www.laguiadepamplona.com\/actualidad\/wp-content\/uploads\/2018\/11\/logo-laguiadepamplona18-web1.png","contentUrl":"https:\/\/www.laguiadepamplona.com\/actualidad\/wp-content\/uploads\/2018\/11\/logo-laguiadepamplona18-web1.png","width":600,"height":196,"caption":"La Gu\u00eda de Pamplona \/ Noticias"},"image":{"@id":"https:\/\/www.laguiadepamplona.com\/actualidad\/#\/schema\/logo\/image\/"},"sameAs":["https:\/\/www.facebook.com\/laguiadepamplonacom-133175176762273\/?ref=hl","https:\/\/x.com\/LaGuiadPamplona","https:\/\/www.instagram.com\/la_guia_de_pamplona\/","https:\/\/www.youtube.com\/user\/laguiadepamplona"]},{"@type":"Person","@id":"https:\/\/www.laguiadepamplona.com\/actualidad\/#\/schema\/person\/efe887376f0213d4657c93adc50b1fdb","name":"La Gu\u00eda de Pamplona","image":{"@type":"ImageObject","inLanguage":"es","@id":"https:\/\/secure.gravatar.com\/avatar\/b6992f131dc8d30ab0dff15446e9d346d9dbd95992de0fef795073f5ea83a81c?s=96&d=mm&r=g","url":"https:\/\/secure.gravatar.com\/avatar\/b6992f131dc8d30ab0dff15446e9d346d9dbd95992de0fef795073f5ea83a81c?s=96&d=mm&r=g","contentUrl":"https:\/\/secure.gravatar.com\/avatar\/b6992f131dc8d30ab0dff15446e9d346d9dbd95992de0fef795073f5ea83a81c?s=96&d=mm&r=g","caption":"La Gu\u00eda de Pamplona"}}]}},"post_mailing_queue_ids":[],"_links":{"self":[{"href":"https:\/\/www.laguiadepamplona.com\/actualidad\/wp-json\/wp\/v2\/posts\/50284","targetHints":{"allow":["GET"]}}],"collection":[{"href":"https:\/\/www.laguiadepamplona.com\/actualidad\/wp-json\/wp\/v2\/posts"}],"about":[{"href":"https:\/\/www.laguiadepamplona.com\/actualidad\/wp-json\/wp\/v2\/types\/post"}],"author":[{"embeddable":true,"href":"https:\/\/www.laguiadepamplona.com\/actualidad\/wp-json\/wp\/v2\/users\/1"}],"replies":[{"embeddable":true,"href":"https:\/\/www.laguiadepamplona.com\/actualidad\/wp-json\/wp\/v2\/comments?post=50284"}],"version-history":[{"count":1,"href":"https:\/\/www.laguiadepamplona.com\/actualidad\/wp-json\/wp\/v2\/posts\/50284\/revisions"}],"predecessor-version":[{"id":50286,"href":"https:\/\/www.laguiadepamplona.com\/actualidad\/wp-json\/wp\/v2\/posts\/50284\/revisions\/50286"}],"wp:featuredmedia":[{"embeddable":true,"href":"https:\/\/www.laguiadepamplona.com\/actualidad\/wp-json\/wp\/v2\/media\/50285"}],"wp:attachment":[{"href":"https:\/\/www.laguiadepamplona.com\/actualidad\/wp-json\/wp\/v2\/media?parent=50284"}],"wp:term":[{"taxonomy":"category","embeddable":true,"href":"https:\/\/www.laguiadepamplona.com\/actualidad\/wp-json\/wp\/v2\/categories?post=50284"},{"taxonomy":"post_tag","embeddable":true,"href":"https:\/\/www.laguiadepamplona.com\/actualidad\/wp-json\/wp\/v2\/tags?post=50284"}],"curies":[{"name":"wp","href":"https:\/\/api.w.org\/{rel}","templated":true}]}}