{"id":50280,"date":"2024-07-16T20:46:19","date_gmt":"2024-07-16T18:46:19","guid":{"rendered":"https:\/\/www.laguiadepamplona.com\/actualidad\/?p=50280"},"modified":"2024-07-16T20:46:19","modified_gmt":"2024-07-16T18:46:19","slug":"la-magia-de-la-noche-del-disenador-danes-gunnar-boerge-knudsen-disparada-el-dia-7-san-fermin-de-oro-del-xxiii-concurso-internacional-de-fuegos-artificiales","status":"publish","type":"post","link":"https:\/\/www.laguiadepamplona.com\/actualidad\/la-magia-de-la-noche-del-disenador-danes-gunnar-boerge-knudsen-disparada-el-dia-7-san-fermin-de-oro-del-xxiii-concurso-internacional-de-fuegos-artificiales\/","title":{"rendered":"\u2018La magia de la noche\u2019, del dise\u00f1ador dan\u00e9s Gunnar Boerge Knudsen, disparada el d\u00eda 7, San Ferm\u00edn de Oro del XXIII Concurso Internacional de Fuegos Artificiales"},"content":{"rendered":"<h2>El segundo premio es para Karl Mitchell-Shead, de Reino Unido, del d\u00eda 13, y el tercero, para Roeland Weijenburg, de Pa\u00edses Bajos, del d\u00eda 10<\/h2>\n<p><!--more--><\/p>\n<p>La colecci\u00f3n de fuegos Nattens magi (La magia de la noche), disparada el domingo 7 de julio, es la ganadora del XXIII Concurso Internacional de Fuegos Artificiales de San Ferm\u00edn. El dise\u00f1ador dan\u00e9s Gunnar Boerge Knudsen ve reconocido su dise\u00f1o con el San Ferm\u00edn de Oro, dotado con 5.000 euros. El jurado t\u00e9cnico ha elegido como San Ferm\u00edn de Plata a Karl Mitchell-Shead, de Reino Unido, autor de la colecci\u00f3n disparada el s\u00e1bado 13 de julio, y como San Ferm\u00edn de Bronce a Roeland Weijenburg, de Pa\u00edses Bajos, por su colecci\u00f3n del mi\u00e9rcoles 10 de julio.<\/p>\n<p>Los ganadores son todos internacionales, en una edici\u00f3n que ha contado con la cifra r\u00e9cord de seis participantes de otros pa\u00edses: Dinamarca, Francia, Pa\u00edses Bajos, Reino Unido e Italia, adem\u00e1s de profesionales espa\u00f1oles. La decisi\u00f3n del jurado t\u00e9cnico ha sido ampliamente debatida dada la alta calidad de la mayor\u00eda de los castillos. Las deliberaciones han elegido al ganador, Gunnar Boerge Knudsen, por su inteligencia al utilizar el espacio de la Ciudadela, sacando el mayor partido posible al material utilizado, para ofrecer una colecci\u00f3n equilibrada, llena de color y con un ritmo acompasado a lo largo de todo el castillo.<\/p>\n<p>El jurado destaca como puntos especiales del San Ferm\u00edn de Oro 2024, disparado por la pirotecnia H\u00f8jen &amp; Magic Fyrv\u00e6rkeri ApS ( Holstebro, Dinamarca), la combinaci\u00f3n y perfecci\u00f3n del castillo en su conjunto, equilibrado y vibrante; y el comienzo muy potente, en el que la utilizaci\u00f3n del blanco y rojo, los colores obligatorios, sorprend\u00eda por su fuerza y ritmo, llenando la fachada de Ciudadela.<\/p>\n<p>El dise\u00f1ador Gunnar Boerge Knudsen ha participado en seis ediciones del concurso de fuegos de autor, y ya obtuvo el San Ferm\u00edn de Plata en 2018. La mayor\u00eda del material que utiliz\u00f3 en Pamplona lo trajo desde Dinamarca, y algunos peque\u00f1os efectos fueron elaborados por la Pirotecnia Turis, que le ayud\u00f3 a montar el espect\u00e1culo ganador en la Ciudadela.<\/p>\n<p>El segundo premio de los fuegos de autor, el San Ferm\u00edn de Plata, dotado con 3.000 euros, es para el autor Karl Mitchell-Shead, de Reino Unido, por su colecci\u00f3n Con Ad astra (Hasta las estrellas), disparada por la pirot\u00e9cnica Illusion Fireworks Ltd. (Reino Unido), el d\u00eda 13. El jurado reconoce su comienzo sugerente, original y rotundo, en una colecci\u00f3n que presenta un dise\u00f1o muy depurado y limpio, y que se cierra de forma contundente e inusual. La colecci\u00f3n tambi\u00e9n brilla por la elegancia en su conjunto y la profusi\u00f3n de colores, destacando los numerosos cambios de color dentro de una misma pieza.<\/p>\n<p>Esta es la primera participaci\u00f3n del dise\u00f1ador en el concurso internacional, en el a\u00f1o en que su compa\u00f1\u00eda celebra sus primeros diez a\u00f1os de vida. El material que ha utilizado en San Ferm\u00edn no ha llegado desde Reino Unido, por cuestiones de presupuesto, sino que lo ha realizado Carlos Granados Mart\u00ed, de la Pirotecnia Mart\u00ed, de la localidad castellonense de Burrriana.<\/p>\n<p>El San Ferm\u00edn de Bronce, dotado con 2.000 euros, es para el dise\u00f1ador Roeland Weijenburg y su colecci\u00f3n Brave velocity! (Valent\u00eda a toda velocidad), disparada por la Pirotecnia Caffero (Pa\u00edses Bajos) el d\u00eda 10. El jurado valora la paleta de color variada y brillante, que gust\u00f3 mucho al p\u00fablico, y el ritmo r\u00e1pido de la pieza que hac\u00eda honor a su t\u00edtulo. Adem\u00e1s, destaca la alternancia y composici\u00f3n de las diferentes alturas del castillo y la inclusi\u00f3n de figuras reconocibles, como corazones o un toro, y la utilizaci\u00f3n del rojo y azul en la parte inferior de manera muy inteligente.<\/p>\n<p>El tercer premio de Pamplona es la vigente Concha de Plata del Concurso Internacional de Fuegos Artificiales de Donostia-San Sebasti\u00e1n (2023), certamen en el que obtuvo tambi\u00e9n el primer premio del jurado juvenil. En el espect\u00e1culo preparado espec\u00edficamente para San Ferm\u00edn, ha contado con el valenciano Daniel Tamarit, ganador del San Ferm\u00edn de Plata el pasado a\u00f1o, que le fabric\u00f3 en Pirotecnia Tamarit parte del material de su colecci\u00f3n.<\/p>\n<p>El jurado t\u00e9cnico ha estado integrado por la concejala delegada de Cultura, Fiestas, Educaci\u00f3n y Deporte, Maider Beloki Unzu; el director del \u00e1rea de Cultura, I\u00f1igo G\u00f3mez Eguiluz; la artista Celia Eslava Sot\u00e9s; el especialista en la industria pirot\u00e9cnica, Jos\u00e9 Mar\u00eda Par\u00eds Lluch; y la t\u00e9cnica del \u00e1rea de Cultura Montse P\u00e9rez Ome\u00f1aca.<\/p>\n<p>&nbsp;<\/p>\n<h3>XXIII Concurso Internacional de Fuegos Artificiales San Ferm\u00edn<\/h3>\n<p>SAN FERM\u00cdN DE ORO<\/p>\n<ul>\n<li><strong>Nattens magi (La magia de la noche)<\/strong>, disparada el domingo 7 de julio\n<ul>\n<li>Dise\u00f1ador: Gunnar Boerge Knudsen<\/li>\n<li>Pirotecnia: H\u00f8jen &amp; Magic Fyrv\u00e6rkeri ApS ( Holstebro, Dinamarca)<\/li>\n<\/ul>\n<\/li>\n<\/ul>\n<p>SAN FERM\u00cdN DE PLATA<\/p>\n<ul>\n<li><strong>Ad astra (Hasta las estrellas)<\/strong>, disparada el s\u00e1bado 13 de julio\n<ul>\n<li>Dise\u00f1ador: Karl Mitchell-Shead<\/li>\n<\/ul>\n<\/li>\n<\/ul>\n<p>Pirotecnia: Illusion Fireworks Ltd. (Wooton, Reino Unido)<\/p>\n<p>SAN FERM\u00cdN DE BRONCE<\/p>\n<ul>\n<li><strong>Brave velocity! (Valent\u00eda a toda velocidad)<\/strong>, disparada el mi\u00e9rcoles 10 de julio\n<ul>\n<li>Dise\u00f1ador: Roeland Weijenburg<\/li>\n<li>Pirotecnia: Caffero (Berlicum, Pa\u00edses Bajos)<\/li>\n<\/ul>\n<\/li>\n<\/ul>\n","protected":false},"excerpt":{"rendered":"<p>El segundo premio es para Karl Mitchell-Shead, de Reino Unido, del d\u00eda 13, y el tercero, para Roeland Weijenburg, de Pa\u00edses Bajos, del d\u00eda 10<\/p>\n","protected":false},"author":1,"featured_media":50237,"comment_status":"open","ping_status":"closed","sticky":false,"template":"","format":"standard","meta":{"footnotes":""},"categories":[2],"tags":[],"class_list":["post-50280","post","type-post","status-publish","format-standard","has-post-thumbnail","hentry","category-ayuntamiento-pamplona"],"yoast_head":"<!-- This site is optimized with the Yoast SEO plugin v27.3 - https:\/\/yoast.com\/product\/yoast-seo-wordpress\/ -->\n<title>\u2018La magia de la noche\u2019, del dise\u00f1ador dan\u00e9s Gunnar Boerge Knudsen, disparada el d\u00eda 7, San Ferm\u00edn de Oro del XXIII Concurso Internacional de Fuegos Artificiales<\/title>\n<meta name=\"description\" content=\"El segundo premio es para Karl Mitchell-Shead, de Reino Unido, del d\u00eda 13, y el tercero, para Roeland Weijenburg, de Pa\u00edses Bajos, del d\u00eda 10\" \/>\n<meta name=\"robots\" content=\"index, follow, max-snippet:-1, max-image-preview:large, max-video-preview:-1\" \/>\n<link rel=\"canonical\" href=\"https:\/\/www.laguiadepamplona.com\/actualidad\/la-magia-de-la-noche-del-disenador-danes-gunnar-boerge-knudsen-disparada-el-dia-7-san-fermin-de-oro-del-xxiii-concurso-internacional-de-fuegos-artificiales\/\" \/>\n<meta property=\"og:locale\" content=\"es_ES\" \/>\n<meta property=\"og:type\" content=\"article\" \/>\n<meta property=\"og:title\" content=\"\u2018La magia de la noche\u2019, del dise\u00f1ador dan\u00e9s Gunnar Boerge Knudsen, disparada el d\u00eda 7, San Ferm\u00edn de Oro del XXIII Concurso Internacional de Fuegos Artificiales\" \/>\n<meta property=\"og:description\" content=\"El segundo premio es para Karl Mitchell-Shead, de Reino Unido, del d\u00eda 13, y el tercero, para Roeland Weijenburg, de Pa\u00edses Bajos, del d\u00eda 10\" \/>\n<meta property=\"og:url\" content=\"https:\/\/www.laguiadepamplona.com\/actualidad\/la-magia-de-la-noche-del-disenador-danes-gunnar-boerge-knudsen-disparada-el-dia-7-san-fermin-de-oro-del-xxiii-concurso-internacional-de-fuegos-artificiales\/\" \/>\n<meta property=\"og:site_name\" content=\"La Gu\u00eda de Pamplona\" \/>\n<meta property=\"article:publisher\" content=\"https:\/\/www.facebook.com\/laguiadepamplonacom-133175176762273\/?ref=hl\" \/>\n<meta property=\"article:published_time\" content=\"2024-07-16T18:46:19+00:00\" \/>\n<meta property=\"og:image\" content=\"https:\/\/www.laguiadepamplona.com\/actualidad\/wp-content\/uploads\/2024\/07\/fuegos-artificiales-ciudadela.webp\" \/>\n\t<meta property=\"og:image:width\" content=\"1000\" \/>\n\t<meta property=\"og:image:height\" content=\"668\" \/>\n\t<meta property=\"og:image:type\" content=\"image\/webp\" \/>\n<meta name=\"author\" content=\"La Gu\u00eda de Pamplona\" \/>\n<meta name=\"twitter:card\" content=\"summary_large_image\" \/>\n<meta name=\"twitter:creator\" content=\"@LaGuiadPamplona\" \/>\n<meta name=\"twitter:site\" content=\"@LaGuiadPamplona\" \/>\n<meta name=\"twitter:label1\" content=\"Escrito por\" \/>\n\t<meta name=\"twitter:data1\" content=\"La Gu\u00eda de Pamplona\" \/>\n\t<meta name=\"twitter:label2\" content=\"Tiempo de lectura\" \/>\n\t<meta name=\"twitter:data2\" content=\"4 minutos\" \/>\n<script type=\"application\/ld+json\" class=\"yoast-schema-graph\">{\"@context\":\"https:\\\/\\\/schema.org\",\"@graph\":[{\"@type\":\"Article\",\"@id\":\"https:\\\/\\\/www.laguiadepamplona.com\\\/actualidad\\\/la-magia-de-la-noche-del-disenador-danes-gunnar-boerge-knudsen-disparada-el-dia-7-san-fermin-de-oro-del-xxiii-concurso-internacional-de-fuegos-artificiales\\\/#article\",\"isPartOf\":{\"@id\":\"https:\\\/\\\/www.laguiadepamplona.com\\\/actualidad\\\/la-magia-de-la-noche-del-disenador-danes-gunnar-boerge-knudsen-disparada-el-dia-7-san-fermin-de-oro-del-xxiii-concurso-internacional-de-fuegos-artificiales\\\/\"},\"author\":{\"name\":\"La Gu\u00eda de Pamplona\",\"@id\":\"https:\\\/\\\/www.laguiadepamplona.com\\\/actualidad\\\/#\\\/schema\\\/person\\\/efe887376f0213d4657c93adc50b1fdb\"},\"headline\":\"\u2018La magia de la noche\u2019, del dise\u00f1ador dan\u00e9s Gunnar Boerge Knudsen, disparada el d\u00eda 7, San Ferm\u00edn de Oro del XXIII Concurso Internacional de Fuegos Artificiales\",\"datePublished\":\"2024-07-16T18:46:19+00:00\",\"mainEntityOfPage\":{\"@id\":\"https:\\\/\\\/www.laguiadepamplona.com\\\/actualidad\\\/la-magia-de-la-noche-del-disenador-danes-gunnar-boerge-knudsen-disparada-el-dia-7-san-fermin-de-oro-del-xxiii-concurso-internacional-de-fuegos-artificiales\\\/\"},\"wordCount\":927,\"commentCount\":0,\"publisher\":{\"@id\":\"https:\\\/\\\/www.laguiadepamplona.com\\\/actualidad\\\/#organization\"},\"image\":{\"@id\":\"https:\\\/\\\/www.laguiadepamplona.com\\\/actualidad\\\/la-magia-de-la-noche-del-disenador-danes-gunnar-boerge-knudsen-disparada-el-dia-7-san-fermin-de-oro-del-xxiii-concurso-internacional-de-fuegos-artificiales\\\/#primaryimage\"},\"thumbnailUrl\":\"https:\\\/\\\/www.laguiadepamplona.com\\\/actualidad\\\/wp-content\\\/uploads\\\/2024\\\/07\\\/fuegos-artificiales-ciudadela.webp\",\"articleSection\":[\"Ayto Pamplona\"],\"inLanguage\":\"es\",\"potentialAction\":[{\"@type\":\"CommentAction\",\"name\":\"Comment\",\"target\":[\"https:\\\/\\\/www.laguiadepamplona.com\\\/actualidad\\\/la-magia-de-la-noche-del-disenador-danes-gunnar-boerge-knudsen-disparada-el-dia-7-san-fermin-de-oro-del-xxiii-concurso-internacional-de-fuegos-artificiales\\\/#respond\"]}]},{\"@type\":\"WebPage\",\"@id\":\"https:\\\/\\\/www.laguiadepamplona.com\\\/actualidad\\\/la-magia-de-la-noche-del-disenador-danes-gunnar-boerge-knudsen-disparada-el-dia-7-san-fermin-de-oro-del-xxiii-concurso-internacional-de-fuegos-artificiales\\\/\",\"url\":\"https:\\\/\\\/www.laguiadepamplona.com\\\/actualidad\\\/la-magia-de-la-noche-del-disenador-danes-gunnar-boerge-knudsen-disparada-el-dia-7-san-fermin-de-oro-del-xxiii-concurso-internacional-de-fuegos-artificiales\\\/\",\"name\":\"\u2018La magia de la noche\u2019, del dise\u00f1ador dan\u00e9s Gunnar Boerge Knudsen, disparada el d\u00eda 7, San Ferm\u00edn de Oro del XXIII Concurso Internacional de Fuegos Artificiales\",\"isPartOf\":{\"@id\":\"https:\\\/\\\/www.laguiadepamplona.com\\\/actualidad\\\/#website\"},\"primaryImageOfPage\":{\"@id\":\"https:\\\/\\\/www.laguiadepamplona.com\\\/actualidad\\\/la-magia-de-la-noche-del-disenador-danes-gunnar-boerge-knudsen-disparada-el-dia-7-san-fermin-de-oro-del-xxiii-concurso-internacional-de-fuegos-artificiales\\\/#primaryimage\"},\"image\":{\"@id\":\"https:\\\/\\\/www.laguiadepamplona.com\\\/actualidad\\\/la-magia-de-la-noche-del-disenador-danes-gunnar-boerge-knudsen-disparada-el-dia-7-san-fermin-de-oro-del-xxiii-concurso-internacional-de-fuegos-artificiales\\\/#primaryimage\"},\"thumbnailUrl\":\"https:\\\/\\\/www.laguiadepamplona.com\\\/actualidad\\\/wp-content\\\/uploads\\\/2024\\\/07\\\/fuegos-artificiales-ciudadela.webp\",\"datePublished\":\"2024-07-16T18:46:19+00:00\",\"description\":\"El segundo premio es para Karl Mitchell-Shead, de Reino Unido, del d\u00eda 13, y el tercero, para Roeland Weijenburg, de Pa\u00edses Bajos, del d\u00eda 10\",\"breadcrumb\":{\"@id\":\"https:\\\/\\\/www.laguiadepamplona.com\\\/actualidad\\\/la-magia-de-la-noche-del-disenador-danes-gunnar-boerge-knudsen-disparada-el-dia-7-san-fermin-de-oro-del-xxiii-concurso-internacional-de-fuegos-artificiales\\\/#breadcrumb\"},\"inLanguage\":\"es\",\"potentialAction\":[{\"@type\":\"ReadAction\",\"target\":[\"https:\\\/\\\/www.laguiadepamplona.com\\\/actualidad\\\/la-magia-de-la-noche-del-disenador-danes-gunnar-boerge-knudsen-disparada-el-dia-7-san-fermin-de-oro-del-xxiii-concurso-internacional-de-fuegos-artificiales\\\/\"]}]},{\"@type\":\"ImageObject\",\"inLanguage\":\"es\",\"@id\":\"https:\\\/\\\/www.laguiadepamplona.com\\\/actualidad\\\/la-magia-de-la-noche-del-disenador-danes-gunnar-boerge-knudsen-disparada-el-dia-7-san-fermin-de-oro-del-xxiii-concurso-internacional-de-fuegos-artificiales\\\/#primaryimage\",\"url\":\"https:\\\/\\\/www.laguiadepamplona.com\\\/actualidad\\\/wp-content\\\/uploads\\\/2024\\\/07\\\/fuegos-artificiales-ciudadela.webp\",\"contentUrl\":\"https:\\\/\\\/www.laguiadepamplona.com\\\/actualidad\\\/wp-content\\\/uploads\\\/2024\\\/07\\\/fuegos-artificiales-ciudadela.webp\",\"width\":1000,\"height\":668,\"caption\":\"fuegos artificiales ciudadela\"},{\"@type\":\"BreadcrumbList\",\"@id\":\"https:\\\/\\\/www.laguiadepamplona.com\\\/actualidad\\\/la-magia-de-la-noche-del-disenador-danes-gunnar-boerge-knudsen-disparada-el-dia-7-san-fermin-de-oro-del-xxiii-concurso-internacional-de-fuegos-artificiales\\\/#breadcrumb\",\"itemListElement\":[{\"@type\":\"ListItem\",\"position\":1,\"name\":\"Portada\",\"item\":\"https:\\\/\\\/www.laguiadepamplona.com\\\/actualidad\\\/\"},{\"@type\":\"ListItem\",\"position\":2,\"name\":\"\u2018La magia de la noche\u2019, del dise\u00f1ador dan\u00e9s Gunnar Boerge Knudsen, disparada el d\u00eda 7, San Ferm\u00edn de Oro del XXIII Concurso Internacional de Fuegos Artificiales\"}]},{\"@type\":\"WebSite\",\"@id\":\"https:\\\/\\\/www.laguiadepamplona.com\\\/actualidad\\\/#website\",\"url\":\"https:\\\/\\\/www.laguiadepamplona.com\\\/actualidad\\\/\",\"name\":\"La gu\u00eda de Pamplona\",\"description\":\"Noticias de Pamplona\",\"publisher\":{\"@id\":\"https:\\\/\\\/www.laguiadepamplona.com\\\/actualidad\\\/#organization\"},\"potentialAction\":[{\"@type\":\"SearchAction\",\"target\":{\"@type\":\"EntryPoint\",\"urlTemplate\":\"https:\\\/\\\/www.laguiadepamplona.com\\\/actualidad\\\/?s={search_term_string}\"},\"query-input\":{\"@type\":\"PropertyValueSpecification\",\"valueRequired\":true,\"valueName\":\"search_term_string\"}}],\"inLanguage\":\"es\"},{\"@type\":\"Organization\",\"@id\":\"https:\\\/\\\/www.laguiadepamplona.com\\\/actualidad\\\/#organization\",\"name\":\"La Gu\u00eda de Pamplona \\\/ Noticias\",\"url\":\"https:\\\/\\\/www.laguiadepamplona.com\\\/actualidad\\\/\",\"logo\":{\"@type\":\"ImageObject\",\"inLanguage\":\"es\",\"@id\":\"https:\\\/\\\/www.laguiadepamplona.com\\\/actualidad\\\/#\\\/schema\\\/logo\\\/image\\\/\",\"url\":\"https:\\\/\\\/www.laguiadepamplona.com\\\/actualidad\\\/wp-content\\\/uploads\\\/2018\\\/11\\\/logo-laguiadepamplona18-web1.png\",\"contentUrl\":\"https:\\\/\\\/www.laguiadepamplona.com\\\/actualidad\\\/wp-content\\\/uploads\\\/2018\\\/11\\\/logo-laguiadepamplona18-web1.png\",\"width\":600,\"height\":196,\"caption\":\"La Gu\u00eda de Pamplona \\\/ Noticias\"},\"image\":{\"@id\":\"https:\\\/\\\/www.laguiadepamplona.com\\\/actualidad\\\/#\\\/schema\\\/logo\\\/image\\\/\"},\"sameAs\":[\"https:\\\/\\\/www.facebook.com\\\/laguiadepamplonacom-133175176762273\\\/?ref=hl\",\"https:\\\/\\\/x.com\\\/LaGuiadPamplona\",\"https:\\\/\\\/www.instagram.com\\\/la_guia_de_pamplona\\\/\",\"https:\\\/\\\/www.youtube.com\\\/user\\\/laguiadepamplona\"]},{\"@type\":\"Person\",\"@id\":\"https:\\\/\\\/www.laguiadepamplona.com\\\/actualidad\\\/#\\\/schema\\\/person\\\/efe887376f0213d4657c93adc50b1fdb\",\"name\":\"La Gu\u00eda de Pamplona\",\"image\":{\"@type\":\"ImageObject\",\"inLanguage\":\"es\",\"@id\":\"https:\\\/\\\/secure.gravatar.com\\\/avatar\\\/b6992f131dc8d30ab0dff15446e9d346d9dbd95992de0fef795073f5ea83a81c?s=96&d=mm&r=g\",\"url\":\"https:\\\/\\\/secure.gravatar.com\\\/avatar\\\/b6992f131dc8d30ab0dff15446e9d346d9dbd95992de0fef795073f5ea83a81c?s=96&d=mm&r=g\",\"contentUrl\":\"https:\\\/\\\/secure.gravatar.com\\\/avatar\\\/b6992f131dc8d30ab0dff15446e9d346d9dbd95992de0fef795073f5ea83a81c?s=96&d=mm&r=g\",\"caption\":\"La Gu\u00eda de Pamplona\"}}]}<\/script>\n<!-- \/ Yoast SEO plugin. -->","yoast_head_json":{"title":"\u2018La magia de la noche\u2019, del dise\u00f1ador dan\u00e9s Gunnar Boerge Knudsen, disparada el d\u00eda 7, San Ferm\u00edn de Oro del XXIII Concurso Internacional de Fuegos Artificiales","description":"El segundo premio es para Karl Mitchell-Shead, de Reino Unido, del d\u00eda 13, y el tercero, para Roeland Weijenburg, de Pa\u00edses Bajos, del d\u00eda 10","robots":{"index":"index","follow":"follow","max-snippet":"max-snippet:-1","max-image-preview":"max-image-preview:large","max-video-preview":"max-video-preview:-1"},"canonical":"https:\/\/www.laguiadepamplona.com\/actualidad\/la-magia-de-la-noche-del-disenador-danes-gunnar-boerge-knudsen-disparada-el-dia-7-san-fermin-de-oro-del-xxiii-concurso-internacional-de-fuegos-artificiales\/","og_locale":"es_ES","og_type":"article","og_title":"\u2018La magia de la noche\u2019, del dise\u00f1ador dan\u00e9s Gunnar Boerge Knudsen, disparada el d\u00eda 7, San Ferm\u00edn de Oro del XXIII Concurso Internacional de Fuegos Artificiales","og_description":"El segundo premio es para Karl Mitchell-Shead, de Reino Unido, del d\u00eda 13, y el tercero, para Roeland Weijenburg, de Pa\u00edses Bajos, del d\u00eda 10","og_url":"https:\/\/www.laguiadepamplona.com\/actualidad\/la-magia-de-la-noche-del-disenador-danes-gunnar-boerge-knudsen-disparada-el-dia-7-san-fermin-de-oro-del-xxiii-concurso-internacional-de-fuegos-artificiales\/","og_site_name":"La Gu\u00eda de Pamplona","article_publisher":"https:\/\/www.facebook.com\/laguiadepamplonacom-133175176762273\/?ref=hl","article_published_time":"2024-07-16T18:46:19+00:00","og_image":[{"width":1000,"height":668,"url":"https:\/\/www.laguiadepamplona.com\/actualidad\/wp-content\/uploads\/2024\/07\/fuegos-artificiales-ciudadela.webp","type":"image\/webp"}],"author":"La Gu\u00eda de Pamplona","twitter_card":"summary_large_image","twitter_creator":"@LaGuiadPamplona","twitter_site":"@LaGuiadPamplona","twitter_misc":{"Escrito por":"La Gu\u00eda de Pamplona","Tiempo de lectura":"4 minutos"},"schema":{"@context":"https:\/\/schema.org","@graph":[{"@type":"Article","@id":"https:\/\/www.laguiadepamplona.com\/actualidad\/la-magia-de-la-noche-del-disenador-danes-gunnar-boerge-knudsen-disparada-el-dia-7-san-fermin-de-oro-del-xxiii-concurso-internacional-de-fuegos-artificiales\/#article","isPartOf":{"@id":"https:\/\/www.laguiadepamplona.com\/actualidad\/la-magia-de-la-noche-del-disenador-danes-gunnar-boerge-knudsen-disparada-el-dia-7-san-fermin-de-oro-del-xxiii-concurso-internacional-de-fuegos-artificiales\/"},"author":{"name":"La Gu\u00eda de Pamplona","@id":"https:\/\/www.laguiadepamplona.com\/actualidad\/#\/schema\/person\/efe887376f0213d4657c93adc50b1fdb"},"headline":"\u2018La magia de la noche\u2019, del dise\u00f1ador dan\u00e9s Gunnar Boerge Knudsen, disparada el d\u00eda 7, San Ferm\u00edn de Oro del XXIII Concurso Internacional de Fuegos Artificiales","datePublished":"2024-07-16T18:46:19+00:00","mainEntityOfPage":{"@id":"https:\/\/www.laguiadepamplona.com\/actualidad\/la-magia-de-la-noche-del-disenador-danes-gunnar-boerge-knudsen-disparada-el-dia-7-san-fermin-de-oro-del-xxiii-concurso-internacional-de-fuegos-artificiales\/"},"wordCount":927,"commentCount":0,"publisher":{"@id":"https:\/\/www.laguiadepamplona.com\/actualidad\/#organization"},"image":{"@id":"https:\/\/www.laguiadepamplona.com\/actualidad\/la-magia-de-la-noche-del-disenador-danes-gunnar-boerge-knudsen-disparada-el-dia-7-san-fermin-de-oro-del-xxiii-concurso-internacional-de-fuegos-artificiales\/#primaryimage"},"thumbnailUrl":"https:\/\/www.laguiadepamplona.com\/actualidad\/wp-content\/uploads\/2024\/07\/fuegos-artificiales-ciudadela.webp","articleSection":["Ayto Pamplona"],"inLanguage":"es","potentialAction":[{"@type":"CommentAction","name":"Comment","target":["https:\/\/www.laguiadepamplona.com\/actualidad\/la-magia-de-la-noche-del-disenador-danes-gunnar-boerge-knudsen-disparada-el-dia-7-san-fermin-de-oro-del-xxiii-concurso-internacional-de-fuegos-artificiales\/#respond"]}]},{"@type":"WebPage","@id":"https:\/\/www.laguiadepamplona.com\/actualidad\/la-magia-de-la-noche-del-disenador-danes-gunnar-boerge-knudsen-disparada-el-dia-7-san-fermin-de-oro-del-xxiii-concurso-internacional-de-fuegos-artificiales\/","url":"https:\/\/www.laguiadepamplona.com\/actualidad\/la-magia-de-la-noche-del-disenador-danes-gunnar-boerge-knudsen-disparada-el-dia-7-san-fermin-de-oro-del-xxiii-concurso-internacional-de-fuegos-artificiales\/","name":"\u2018La magia de la noche\u2019, del dise\u00f1ador dan\u00e9s Gunnar Boerge Knudsen, disparada el d\u00eda 7, San Ferm\u00edn de Oro del XXIII Concurso Internacional de Fuegos Artificiales","isPartOf":{"@id":"https:\/\/www.laguiadepamplona.com\/actualidad\/#website"},"primaryImageOfPage":{"@id":"https:\/\/www.laguiadepamplona.com\/actualidad\/la-magia-de-la-noche-del-disenador-danes-gunnar-boerge-knudsen-disparada-el-dia-7-san-fermin-de-oro-del-xxiii-concurso-internacional-de-fuegos-artificiales\/#primaryimage"},"image":{"@id":"https:\/\/www.laguiadepamplona.com\/actualidad\/la-magia-de-la-noche-del-disenador-danes-gunnar-boerge-knudsen-disparada-el-dia-7-san-fermin-de-oro-del-xxiii-concurso-internacional-de-fuegos-artificiales\/#primaryimage"},"thumbnailUrl":"https:\/\/www.laguiadepamplona.com\/actualidad\/wp-content\/uploads\/2024\/07\/fuegos-artificiales-ciudadela.webp","datePublished":"2024-07-16T18:46:19+00:00","description":"El segundo premio es para Karl Mitchell-Shead, de Reino Unido, del d\u00eda 13, y el tercero, para Roeland Weijenburg, de Pa\u00edses Bajos, del d\u00eda 10","breadcrumb":{"@id":"https:\/\/www.laguiadepamplona.com\/actualidad\/la-magia-de-la-noche-del-disenador-danes-gunnar-boerge-knudsen-disparada-el-dia-7-san-fermin-de-oro-del-xxiii-concurso-internacional-de-fuegos-artificiales\/#breadcrumb"},"inLanguage":"es","potentialAction":[{"@type":"ReadAction","target":["https:\/\/www.laguiadepamplona.com\/actualidad\/la-magia-de-la-noche-del-disenador-danes-gunnar-boerge-knudsen-disparada-el-dia-7-san-fermin-de-oro-del-xxiii-concurso-internacional-de-fuegos-artificiales\/"]}]},{"@type":"ImageObject","inLanguage":"es","@id":"https:\/\/www.laguiadepamplona.com\/actualidad\/la-magia-de-la-noche-del-disenador-danes-gunnar-boerge-knudsen-disparada-el-dia-7-san-fermin-de-oro-del-xxiii-concurso-internacional-de-fuegos-artificiales\/#primaryimage","url":"https:\/\/www.laguiadepamplona.com\/actualidad\/wp-content\/uploads\/2024\/07\/fuegos-artificiales-ciudadela.webp","contentUrl":"https:\/\/www.laguiadepamplona.com\/actualidad\/wp-content\/uploads\/2024\/07\/fuegos-artificiales-ciudadela.webp","width":1000,"height":668,"caption":"fuegos artificiales ciudadela"},{"@type":"BreadcrumbList","@id":"https:\/\/www.laguiadepamplona.com\/actualidad\/la-magia-de-la-noche-del-disenador-danes-gunnar-boerge-knudsen-disparada-el-dia-7-san-fermin-de-oro-del-xxiii-concurso-internacional-de-fuegos-artificiales\/#breadcrumb","itemListElement":[{"@type":"ListItem","position":1,"name":"Portada","item":"https:\/\/www.laguiadepamplona.com\/actualidad\/"},{"@type":"ListItem","position":2,"name":"\u2018La magia de la noche\u2019, del dise\u00f1ador dan\u00e9s Gunnar Boerge Knudsen, disparada el d\u00eda 7, San Ferm\u00edn de Oro del XXIII Concurso Internacional de Fuegos Artificiales"}]},{"@type":"WebSite","@id":"https:\/\/www.laguiadepamplona.com\/actualidad\/#website","url":"https:\/\/www.laguiadepamplona.com\/actualidad\/","name":"La gu\u00eda de Pamplona","description":"Noticias de Pamplona","publisher":{"@id":"https:\/\/www.laguiadepamplona.com\/actualidad\/#organization"},"potentialAction":[{"@type":"SearchAction","target":{"@type":"EntryPoint","urlTemplate":"https:\/\/www.laguiadepamplona.com\/actualidad\/?s={search_term_string}"},"query-input":{"@type":"PropertyValueSpecification","valueRequired":true,"valueName":"search_term_string"}}],"inLanguage":"es"},{"@type":"Organization","@id":"https:\/\/www.laguiadepamplona.com\/actualidad\/#organization","name":"La Gu\u00eda de Pamplona \/ Noticias","url":"https:\/\/www.laguiadepamplona.com\/actualidad\/","logo":{"@type":"ImageObject","inLanguage":"es","@id":"https:\/\/www.laguiadepamplona.com\/actualidad\/#\/schema\/logo\/image\/","url":"https:\/\/www.laguiadepamplona.com\/actualidad\/wp-content\/uploads\/2018\/11\/logo-laguiadepamplona18-web1.png","contentUrl":"https:\/\/www.laguiadepamplona.com\/actualidad\/wp-content\/uploads\/2018\/11\/logo-laguiadepamplona18-web1.png","width":600,"height":196,"caption":"La Gu\u00eda de Pamplona \/ Noticias"},"image":{"@id":"https:\/\/www.laguiadepamplona.com\/actualidad\/#\/schema\/logo\/image\/"},"sameAs":["https:\/\/www.facebook.com\/laguiadepamplonacom-133175176762273\/?ref=hl","https:\/\/x.com\/LaGuiadPamplona","https:\/\/www.instagram.com\/la_guia_de_pamplona\/","https:\/\/www.youtube.com\/user\/laguiadepamplona"]},{"@type":"Person","@id":"https:\/\/www.laguiadepamplona.com\/actualidad\/#\/schema\/person\/efe887376f0213d4657c93adc50b1fdb","name":"La Gu\u00eda de Pamplona","image":{"@type":"ImageObject","inLanguage":"es","@id":"https:\/\/secure.gravatar.com\/avatar\/b6992f131dc8d30ab0dff15446e9d346d9dbd95992de0fef795073f5ea83a81c?s=96&d=mm&r=g","url":"https:\/\/secure.gravatar.com\/avatar\/b6992f131dc8d30ab0dff15446e9d346d9dbd95992de0fef795073f5ea83a81c?s=96&d=mm&r=g","contentUrl":"https:\/\/secure.gravatar.com\/avatar\/b6992f131dc8d30ab0dff15446e9d346d9dbd95992de0fef795073f5ea83a81c?s=96&d=mm&r=g","caption":"La Gu\u00eda de Pamplona"}}]}},"post_mailing_queue_ids":[],"_links":{"self":[{"href":"https:\/\/www.laguiadepamplona.com\/actualidad\/wp-json\/wp\/v2\/posts\/50280","targetHints":{"allow":["GET"]}}],"collection":[{"href":"https:\/\/www.laguiadepamplona.com\/actualidad\/wp-json\/wp\/v2\/posts"}],"about":[{"href":"https:\/\/www.laguiadepamplona.com\/actualidad\/wp-json\/wp\/v2\/types\/post"}],"author":[{"embeddable":true,"href":"https:\/\/www.laguiadepamplona.com\/actualidad\/wp-json\/wp\/v2\/users\/1"}],"replies":[{"embeddable":true,"href":"https:\/\/www.laguiadepamplona.com\/actualidad\/wp-json\/wp\/v2\/comments?post=50280"}],"version-history":[{"count":1,"href":"https:\/\/www.laguiadepamplona.com\/actualidad\/wp-json\/wp\/v2\/posts\/50280\/revisions"}],"predecessor-version":[{"id":50281,"href":"https:\/\/www.laguiadepamplona.com\/actualidad\/wp-json\/wp\/v2\/posts\/50280\/revisions\/50281"}],"wp:featuredmedia":[{"embeddable":true,"href":"https:\/\/www.laguiadepamplona.com\/actualidad\/wp-json\/wp\/v2\/media\/50237"}],"wp:attachment":[{"href":"https:\/\/www.laguiadepamplona.com\/actualidad\/wp-json\/wp\/v2\/media?parent=50280"}],"wp:term":[{"taxonomy":"category","embeddable":true,"href":"https:\/\/www.laguiadepamplona.com\/actualidad\/wp-json\/wp\/v2\/categories?post=50280"},{"taxonomy":"post_tag","embeddable":true,"href":"https:\/\/www.laguiadepamplona.com\/actualidad\/wp-json\/wp\/v2\/tags?post=50280"}],"curies":[{"name":"wp","href":"https:\/\/api.w.org\/{rel}","templated":true}]}}