{"id":50277,"date":"2024-07-16T20:45:04","date_gmt":"2024-07-16T18:45:04","guid":{"rendered":"https:\/\/www.laguiadepamplona.com\/actualidad\/?p=50277"},"modified":"2024-07-16T20:45:04","modified_gmt":"2024-07-16T18:45:04","slug":"comienzan-este-martes-las-actividades-de-verano-en-la-casa-de-la-juventud-con-una-sesion-afrodance-dentro-del-programa-cada-dia-un-plan","status":"publish","type":"post","link":"https:\/\/www.laguiadepamplona.com\/actualidad\/comienzan-este-martes-las-actividades-de-verano-en-la-casa-de-la-juventud-con-una-sesion-afrodance-dentro-del-programa-cada-dia-un-plan\/","title":{"rendered":"Comienzan este martes las actividades de verano en la Casa de la Juventud con una sesi\u00f3n afrodance dentro del programa \u2018Cada d\u00eda un plan\u2019"},"content":{"rendered":"<h2>Hasta el 31 de agosto, se han organizado 32 actividades variadas y gratuitas por las tardes, de 19 a 20.30 horas, dirigidas a j\u00f3venes entre 12 y 30 a\u00f1os<\/h2>\n<p><!--more--><\/p>\n<p>La Casa de la Juventud se activa para este verano con su programa \u2018Cada d\u00eda un plan\u2019 que, desde este martes 16 de julio y hasta el 31 de agosto, propone una actividad diaria por las tardes. La octava edici\u00f3n de ese ciclo la conforman 32 actividades gratuitas que comienzan esta misma tarde con una sesi\u00f3n de afrodance. Las actividades de \u2018Cada d\u00eda un plan\u2019 est\u00e1n dirigidas a j\u00f3venes entre 12 y 30 a\u00f1os, se desarrollar\u00e1n de 19 a 20.30 horas y no requieren de inscripci\u00f3n previa.<\/p>\n<p>La primera semana despu\u00e9s de los Sanfermines tiene otras tres citas m\u00e1s. El mi\u00e9rcoles 17 de julio la tarde se dedicar\u00e1 a la pintura con un taller de paisajes expr\u00e9s con acuarela. El jueves 18 de julio ser\u00e1 momento de las manualidades para elaborar una diadema para recogerse el pelo durante el verano. El viernes concluir\u00e1 la semana con un taller de elaboraci\u00f3n de champ\u00fa con plantas y aceite herbal. Durante el verano, de lunes a viernes, con excepci\u00f3n de los festivos, se han previsto m\u00e1s actividades que combinan manualidades, dise\u00f1os personalizados, bailes del mundo, teatro, tecnolog\u00eda, canto o elaboraci\u00f3n de productos.<\/p>\n<p>\u2018Cada d\u00eda un plan\u2019 es un programa estival dirigido a j\u00f3venes de 12 y 30 a\u00f1os. Su principal objetivo es ofrecer una actividad de ocio y de desarrollo personal en la que poder participar de forma gratuita, inclusiva y sin necesidad de inscripci\u00f3n previa. Las actividades programadas son muy concretas y variadas para abarcar el mayor n\u00famero posible de intereses y gustos. El programa pretende ofrecer una oferta de ocio inclusivo, a coste cero, a la juventud de Pamplona durante el verano; difundir las actividades y servicios de la Casa de la Juventud entre j\u00f3venes; y atraer al sector m\u00e1s joven de la ciudad a los recursos municipales.<\/p>\n<h3>Cada d\u00eda un plan. Casa de la Juventud, del 16 de julio al 31 de agosto<\/h3>\n<ul>\n<li>Martes 16 de julio, de 19 a 20.30 horas. Afrodance<\/li>\n<li>Mi\u00e9rcoles 17 de julio, de 19 a 20.30 horas Paisaje expr\u00e9s con acuarela<\/li>\n<li>Jueves 18 de julio, de 19 a 20.30 horas Nudo creativo: Haz tu Diadema para el verano<\/li>\n<li>Viernes 19 de julio, de 19 a 20.30 horas Elaboraci\u00f3n de champ\u00fa con plantas y aceite herbal<\/li>\n<\/ul>\n","protected":false},"excerpt":{"rendered":"<p>Hasta el 31 de agosto, se han organizado 32 actividades variadas y gratuitas por las tardes, de 19 a 20.30 horas, dirigidas a j\u00f3venes entre 12 y 30 a\u00f1os<\/p>\n","protected":false},"author":1,"featured_media":50278,"comment_status":"open","ping_status":"closed","sticky":false,"template":"","format":"standard","meta":{"footnotes":""},"categories":[2],"tags":[],"class_list":["post-50277","post","type-post","status-publish","format-standard","has-post-thumbnail","hentry","category-ayuntamiento-pamplona"],"yoast_head":"<!-- This site is optimized with the Yoast SEO plugin v27.3 - https:\/\/yoast.com\/product\/yoast-seo-wordpress\/ -->\n<title>Comienzan este martes las actividades de verano en la Casa de la Juventud con una sesi\u00f3n afrodance dentro del programa \u2018Cada d\u00eda un plan\u2019<\/title>\n<meta name=\"description\" content=\"Hasta el 31 de agosto, se han organizado 32 actividades variadas y gratuitas por las tardes, de 19 a 20.30 horas, dirigidas a j\u00f3venes entre 12 y 30 a\u00f1os\" \/>\n<meta name=\"robots\" content=\"index, follow, max-snippet:-1, max-image-preview:large, max-video-preview:-1\" \/>\n<link rel=\"canonical\" href=\"https:\/\/www.laguiadepamplona.com\/actualidad\/comienzan-este-martes-las-actividades-de-verano-en-la-casa-de-la-juventud-con-una-sesion-afrodance-dentro-del-programa-cada-dia-un-plan\/\" \/>\n<meta property=\"og:locale\" content=\"es_ES\" \/>\n<meta property=\"og:type\" content=\"article\" \/>\n<meta property=\"og:title\" content=\"Comienzan este martes las actividades de verano en la Casa de la Juventud con una sesi\u00f3n afrodance dentro del programa \u2018Cada d\u00eda un plan\u2019\" \/>\n<meta property=\"og:description\" content=\"Hasta el 31 de agosto, se han organizado 32 actividades variadas y gratuitas por las tardes, de 19 a 20.30 horas, dirigidas a j\u00f3venes entre 12 y 30 a\u00f1os\" \/>\n<meta property=\"og:url\" content=\"https:\/\/www.laguiadepamplona.com\/actualidad\/comienzan-este-martes-las-actividades-de-verano-en-la-casa-de-la-juventud-con-una-sesion-afrodance-dentro-del-programa-cada-dia-un-plan\/\" \/>\n<meta property=\"og:site_name\" content=\"La Gu\u00eda de Pamplona\" \/>\n<meta property=\"article:publisher\" content=\"https:\/\/www.facebook.com\/laguiadepamplonacom-133175176762273\/?ref=hl\" \/>\n<meta property=\"article:published_time\" content=\"2024-07-16T18:45:04+00:00\" \/>\n<meta property=\"og:image\" content=\"https:\/\/www.laguiadepamplona.com\/actualidad\/wp-content\/uploads\/2024\/07\/Casa-Juventud_CAS_web_0.webp\" \/>\n\t<meta property=\"og:image:width\" content=\"1000\" \/>\n\t<meta property=\"og:image:height\" content=\"895\" \/>\n\t<meta property=\"og:image:type\" content=\"image\/webp\" \/>\n<meta name=\"author\" content=\"La Gu\u00eda de Pamplona\" \/>\n<meta name=\"twitter:card\" content=\"summary_large_image\" \/>\n<meta name=\"twitter:creator\" content=\"@LaGuiadPamplona\" \/>\n<meta name=\"twitter:site\" content=\"@LaGuiadPamplona\" \/>\n<meta name=\"twitter:label1\" content=\"Escrito por\" \/>\n\t<meta name=\"twitter:data1\" content=\"La Gu\u00eda de Pamplona\" \/>\n\t<meta name=\"twitter:label2\" content=\"Tiempo de lectura\" \/>\n\t<meta name=\"twitter:data2\" content=\"3 minutos\" \/>\n<script type=\"application\/ld+json\" class=\"yoast-schema-graph\">{\"@context\":\"https:\\\/\\\/schema.org\",\"@graph\":[{\"@type\":\"Article\",\"@id\":\"https:\\\/\\\/www.laguiadepamplona.com\\\/actualidad\\\/comienzan-este-martes-las-actividades-de-verano-en-la-casa-de-la-juventud-con-una-sesion-afrodance-dentro-del-programa-cada-dia-un-plan\\\/#article\",\"isPartOf\":{\"@id\":\"https:\\\/\\\/www.laguiadepamplona.com\\\/actualidad\\\/comienzan-este-martes-las-actividades-de-verano-en-la-casa-de-la-juventud-con-una-sesion-afrodance-dentro-del-programa-cada-dia-un-plan\\\/\"},\"author\":{\"name\":\"La Gu\u00eda de Pamplona\",\"@id\":\"https:\\\/\\\/www.laguiadepamplona.com\\\/actualidad\\\/#\\\/schema\\\/person\\\/efe887376f0213d4657c93adc50b1fdb\"},\"headline\":\"Comienzan este martes las actividades de verano en la Casa de la Juventud con una sesi\u00f3n afrodance dentro del programa \u2018Cada d\u00eda un plan\u2019\",\"datePublished\":\"2024-07-16T18:45:04+00:00\",\"mainEntityOfPage\":{\"@id\":\"https:\\\/\\\/www.laguiadepamplona.com\\\/actualidad\\\/comienzan-este-martes-las-actividades-de-verano-en-la-casa-de-la-juventud-con-una-sesion-afrodance-dentro-del-programa-cada-dia-un-plan\\\/\"},\"wordCount\":426,\"commentCount\":0,\"publisher\":{\"@id\":\"https:\\\/\\\/www.laguiadepamplona.com\\\/actualidad\\\/#organization\"},\"image\":{\"@id\":\"https:\\\/\\\/www.laguiadepamplona.com\\\/actualidad\\\/comienzan-este-martes-las-actividades-de-verano-en-la-casa-de-la-juventud-con-una-sesion-afrodance-dentro-del-programa-cada-dia-un-plan\\\/#primaryimage\"},\"thumbnailUrl\":\"https:\\\/\\\/www.laguiadepamplona.com\\\/actualidad\\\/wp-content\\\/uploads\\\/2024\\\/07\\\/Casa-Juventud_CAS_web_0.webp\",\"articleSection\":[\"Ayto Pamplona\"],\"inLanguage\":\"es\",\"potentialAction\":[{\"@type\":\"CommentAction\",\"name\":\"Comment\",\"target\":[\"https:\\\/\\\/www.laguiadepamplona.com\\\/actualidad\\\/comienzan-este-martes-las-actividades-de-verano-en-la-casa-de-la-juventud-con-una-sesion-afrodance-dentro-del-programa-cada-dia-un-plan\\\/#respond\"]}]},{\"@type\":\"WebPage\",\"@id\":\"https:\\\/\\\/www.laguiadepamplona.com\\\/actualidad\\\/comienzan-este-martes-las-actividades-de-verano-en-la-casa-de-la-juventud-con-una-sesion-afrodance-dentro-del-programa-cada-dia-un-plan\\\/\",\"url\":\"https:\\\/\\\/www.laguiadepamplona.com\\\/actualidad\\\/comienzan-este-martes-las-actividades-de-verano-en-la-casa-de-la-juventud-con-una-sesion-afrodance-dentro-del-programa-cada-dia-un-plan\\\/\",\"name\":\"Comienzan este martes las actividades de verano en la Casa de la Juventud con una sesi\u00f3n afrodance dentro del programa \u2018Cada d\u00eda un plan\u2019\",\"isPartOf\":{\"@id\":\"https:\\\/\\\/www.laguiadepamplona.com\\\/actualidad\\\/#website\"},\"primaryImageOfPage\":{\"@id\":\"https:\\\/\\\/www.laguiadepamplona.com\\\/actualidad\\\/comienzan-este-martes-las-actividades-de-verano-en-la-casa-de-la-juventud-con-una-sesion-afrodance-dentro-del-programa-cada-dia-un-plan\\\/#primaryimage\"},\"image\":{\"@id\":\"https:\\\/\\\/www.laguiadepamplona.com\\\/actualidad\\\/comienzan-este-martes-las-actividades-de-verano-en-la-casa-de-la-juventud-con-una-sesion-afrodance-dentro-del-programa-cada-dia-un-plan\\\/#primaryimage\"},\"thumbnailUrl\":\"https:\\\/\\\/www.laguiadepamplona.com\\\/actualidad\\\/wp-content\\\/uploads\\\/2024\\\/07\\\/Casa-Juventud_CAS_web_0.webp\",\"datePublished\":\"2024-07-16T18:45:04+00:00\",\"description\":\"Hasta el 31 de agosto, se han organizado 32 actividades variadas y gratuitas por las tardes, de 19 a 20.30 horas, dirigidas a j\u00f3venes entre 12 y 30 a\u00f1os\",\"breadcrumb\":{\"@id\":\"https:\\\/\\\/www.laguiadepamplona.com\\\/actualidad\\\/comienzan-este-martes-las-actividades-de-verano-en-la-casa-de-la-juventud-con-una-sesion-afrodance-dentro-del-programa-cada-dia-un-plan\\\/#breadcrumb\"},\"inLanguage\":\"es\",\"potentialAction\":[{\"@type\":\"ReadAction\",\"target\":[\"https:\\\/\\\/www.laguiadepamplona.com\\\/actualidad\\\/comienzan-este-martes-las-actividades-de-verano-en-la-casa-de-la-juventud-con-una-sesion-afrodance-dentro-del-programa-cada-dia-un-plan\\\/\"]}]},{\"@type\":\"ImageObject\",\"inLanguage\":\"es\",\"@id\":\"https:\\\/\\\/www.laguiadepamplona.com\\\/actualidad\\\/comienzan-este-martes-las-actividades-de-verano-en-la-casa-de-la-juventud-con-una-sesion-afrodance-dentro-del-programa-cada-dia-un-plan\\\/#primaryimage\",\"url\":\"https:\\\/\\\/www.laguiadepamplona.com\\\/actualidad\\\/wp-content\\\/uploads\\\/2024\\\/07\\\/Casa-Juventud_CAS_web_0.webp\",\"contentUrl\":\"https:\\\/\\\/www.laguiadepamplona.com\\\/actualidad\\\/wp-content\\\/uploads\\\/2024\\\/07\\\/Casa-Juventud_CAS_web_0.webp\",\"width\":1000,\"height\":895,\"caption\":\"casa juventud verano\"},{\"@type\":\"BreadcrumbList\",\"@id\":\"https:\\\/\\\/www.laguiadepamplona.com\\\/actualidad\\\/comienzan-este-martes-las-actividades-de-verano-en-la-casa-de-la-juventud-con-una-sesion-afrodance-dentro-del-programa-cada-dia-un-plan\\\/#breadcrumb\",\"itemListElement\":[{\"@type\":\"ListItem\",\"position\":1,\"name\":\"Portada\",\"item\":\"https:\\\/\\\/www.laguiadepamplona.com\\\/actualidad\\\/\"},{\"@type\":\"ListItem\",\"position\":2,\"name\":\"Comienzan este martes las actividades de verano en la Casa de la Juventud con una sesi\u00f3n afrodance dentro del programa \u2018Cada d\u00eda un plan\u2019\"}]},{\"@type\":\"WebSite\",\"@id\":\"https:\\\/\\\/www.laguiadepamplona.com\\\/actualidad\\\/#website\",\"url\":\"https:\\\/\\\/www.laguiadepamplona.com\\\/actualidad\\\/\",\"name\":\"La gu\u00eda de Pamplona\",\"description\":\"Noticias de Pamplona\",\"publisher\":{\"@id\":\"https:\\\/\\\/www.laguiadepamplona.com\\\/actualidad\\\/#organization\"},\"potentialAction\":[{\"@type\":\"SearchAction\",\"target\":{\"@type\":\"EntryPoint\",\"urlTemplate\":\"https:\\\/\\\/www.laguiadepamplona.com\\\/actualidad\\\/?s={search_term_string}\"},\"query-input\":{\"@type\":\"PropertyValueSpecification\",\"valueRequired\":true,\"valueName\":\"search_term_string\"}}],\"inLanguage\":\"es\"},{\"@type\":\"Organization\",\"@id\":\"https:\\\/\\\/www.laguiadepamplona.com\\\/actualidad\\\/#organization\",\"name\":\"La Gu\u00eda de Pamplona \\\/ Noticias\",\"url\":\"https:\\\/\\\/www.laguiadepamplona.com\\\/actualidad\\\/\",\"logo\":{\"@type\":\"ImageObject\",\"inLanguage\":\"es\",\"@id\":\"https:\\\/\\\/www.laguiadepamplona.com\\\/actualidad\\\/#\\\/schema\\\/logo\\\/image\\\/\",\"url\":\"https:\\\/\\\/www.laguiadepamplona.com\\\/actualidad\\\/wp-content\\\/uploads\\\/2018\\\/11\\\/logo-laguiadepamplona18-web1.png\",\"contentUrl\":\"https:\\\/\\\/www.laguiadepamplona.com\\\/actualidad\\\/wp-content\\\/uploads\\\/2018\\\/11\\\/logo-laguiadepamplona18-web1.png\",\"width\":600,\"height\":196,\"caption\":\"La Gu\u00eda de Pamplona \\\/ Noticias\"},\"image\":{\"@id\":\"https:\\\/\\\/www.laguiadepamplona.com\\\/actualidad\\\/#\\\/schema\\\/logo\\\/image\\\/\"},\"sameAs\":[\"https:\\\/\\\/www.facebook.com\\\/laguiadepamplonacom-133175176762273\\\/?ref=hl\",\"https:\\\/\\\/x.com\\\/LaGuiadPamplona\",\"https:\\\/\\\/www.instagram.com\\\/la_guia_de_pamplona\\\/\",\"https:\\\/\\\/www.youtube.com\\\/user\\\/laguiadepamplona\"]},{\"@type\":\"Person\",\"@id\":\"https:\\\/\\\/www.laguiadepamplona.com\\\/actualidad\\\/#\\\/schema\\\/person\\\/efe887376f0213d4657c93adc50b1fdb\",\"name\":\"La Gu\u00eda de Pamplona\",\"image\":{\"@type\":\"ImageObject\",\"inLanguage\":\"es\",\"@id\":\"https:\\\/\\\/secure.gravatar.com\\\/avatar\\\/b6992f131dc8d30ab0dff15446e9d346d9dbd95992de0fef795073f5ea83a81c?s=96&d=mm&r=g\",\"url\":\"https:\\\/\\\/secure.gravatar.com\\\/avatar\\\/b6992f131dc8d30ab0dff15446e9d346d9dbd95992de0fef795073f5ea83a81c?s=96&d=mm&r=g\",\"contentUrl\":\"https:\\\/\\\/secure.gravatar.com\\\/avatar\\\/b6992f131dc8d30ab0dff15446e9d346d9dbd95992de0fef795073f5ea83a81c?s=96&d=mm&r=g\",\"caption\":\"La Gu\u00eda de Pamplona\"}}]}<\/script>\n<!-- \/ Yoast SEO plugin. -->","yoast_head_json":{"title":"Comienzan este martes las actividades de verano en la Casa de la Juventud con una sesi\u00f3n afrodance dentro del programa \u2018Cada d\u00eda un plan\u2019","description":"Hasta el 31 de agosto, se han organizado 32 actividades variadas y gratuitas por las tardes, de 19 a 20.30 horas, dirigidas a j\u00f3venes entre 12 y 30 a\u00f1os","robots":{"index":"index","follow":"follow","max-snippet":"max-snippet:-1","max-image-preview":"max-image-preview:large","max-video-preview":"max-video-preview:-1"},"canonical":"https:\/\/www.laguiadepamplona.com\/actualidad\/comienzan-este-martes-las-actividades-de-verano-en-la-casa-de-la-juventud-con-una-sesion-afrodance-dentro-del-programa-cada-dia-un-plan\/","og_locale":"es_ES","og_type":"article","og_title":"Comienzan este martes las actividades de verano en la Casa de la Juventud con una sesi\u00f3n afrodance dentro del programa \u2018Cada d\u00eda un plan\u2019","og_description":"Hasta el 31 de agosto, se han organizado 32 actividades variadas y gratuitas por las tardes, de 19 a 20.30 horas, dirigidas a j\u00f3venes entre 12 y 30 a\u00f1os","og_url":"https:\/\/www.laguiadepamplona.com\/actualidad\/comienzan-este-martes-las-actividades-de-verano-en-la-casa-de-la-juventud-con-una-sesion-afrodance-dentro-del-programa-cada-dia-un-plan\/","og_site_name":"La Gu\u00eda de Pamplona","article_publisher":"https:\/\/www.facebook.com\/laguiadepamplonacom-133175176762273\/?ref=hl","article_published_time":"2024-07-16T18:45:04+00:00","og_image":[{"width":1000,"height":895,"url":"https:\/\/www.laguiadepamplona.com\/actualidad\/wp-content\/uploads\/2024\/07\/Casa-Juventud_CAS_web_0.webp","type":"image\/webp"}],"author":"La Gu\u00eda de Pamplona","twitter_card":"summary_large_image","twitter_creator":"@LaGuiadPamplona","twitter_site":"@LaGuiadPamplona","twitter_misc":{"Escrito por":"La Gu\u00eda de Pamplona","Tiempo de lectura":"3 minutos"},"schema":{"@context":"https:\/\/schema.org","@graph":[{"@type":"Article","@id":"https:\/\/www.laguiadepamplona.com\/actualidad\/comienzan-este-martes-las-actividades-de-verano-en-la-casa-de-la-juventud-con-una-sesion-afrodance-dentro-del-programa-cada-dia-un-plan\/#article","isPartOf":{"@id":"https:\/\/www.laguiadepamplona.com\/actualidad\/comienzan-este-martes-las-actividades-de-verano-en-la-casa-de-la-juventud-con-una-sesion-afrodance-dentro-del-programa-cada-dia-un-plan\/"},"author":{"name":"La Gu\u00eda de Pamplona","@id":"https:\/\/www.laguiadepamplona.com\/actualidad\/#\/schema\/person\/efe887376f0213d4657c93adc50b1fdb"},"headline":"Comienzan este martes las actividades de verano en la Casa de la Juventud con una sesi\u00f3n afrodance dentro del programa \u2018Cada d\u00eda un plan\u2019","datePublished":"2024-07-16T18:45:04+00:00","mainEntityOfPage":{"@id":"https:\/\/www.laguiadepamplona.com\/actualidad\/comienzan-este-martes-las-actividades-de-verano-en-la-casa-de-la-juventud-con-una-sesion-afrodance-dentro-del-programa-cada-dia-un-plan\/"},"wordCount":426,"commentCount":0,"publisher":{"@id":"https:\/\/www.laguiadepamplona.com\/actualidad\/#organization"},"image":{"@id":"https:\/\/www.laguiadepamplona.com\/actualidad\/comienzan-este-martes-las-actividades-de-verano-en-la-casa-de-la-juventud-con-una-sesion-afrodance-dentro-del-programa-cada-dia-un-plan\/#primaryimage"},"thumbnailUrl":"https:\/\/www.laguiadepamplona.com\/actualidad\/wp-content\/uploads\/2024\/07\/Casa-Juventud_CAS_web_0.webp","articleSection":["Ayto Pamplona"],"inLanguage":"es","potentialAction":[{"@type":"CommentAction","name":"Comment","target":["https:\/\/www.laguiadepamplona.com\/actualidad\/comienzan-este-martes-las-actividades-de-verano-en-la-casa-de-la-juventud-con-una-sesion-afrodance-dentro-del-programa-cada-dia-un-plan\/#respond"]}]},{"@type":"WebPage","@id":"https:\/\/www.laguiadepamplona.com\/actualidad\/comienzan-este-martes-las-actividades-de-verano-en-la-casa-de-la-juventud-con-una-sesion-afrodance-dentro-del-programa-cada-dia-un-plan\/","url":"https:\/\/www.laguiadepamplona.com\/actualidad\/comienzan-este-martes-las-actividades-de-verano-en-la-casa-de-la-juventud-con-una-sesion-afrodance-dentro-del-programa-cada-dia-un-plan\/","name":"Comienzan este martes las actividades de verano en la Casa de la Juventud con una sesi\u00f3n afrodance dentro del programa \u2018Cada d\u00eda un plan\u2019","isPartOf":{"@id":"https:\/\/www.laguiadepamplona.com\/actualidad\/#website"},"primaryImageOfPage":{"@id":"https:\/\/www.laguiadepamplona.com\/actualidad\/comienzan-este-martes-las-actividades-de-verano-en-la-casa-de-la-juventud-con-una-sesion-afrodance-dentro-del-programa-cada-dia-un-plan\/#primaryimage"},"image":{"@id":"https:\/\/www.laguiadepamplona.com\/actualidad\/comienzan-este-martes-las-actividades-de-verano-en-la-casa-de-la-juventud-con-una-sesion-afrodance-dentro-del-programa-cada-dia-un-plan\/#primaryimage"},"thumbnailUrl":"https:\/\/www.laguiadepamplona.com\/actualidad\/wp-content\/uploads\/2024\/07\/Casa-Juventud_CAS_web_0.webp","datePublished":"2024-07-16T18:45:04+00:00","description":"Hasta el 31 de agosto, se han organizado 32 actividades variadas y gratuitas por las tardes, de 19 a 20.30 horas, dirigidas a j\u00f3venes entre 12 y 30 a\u00f1os","breadcrumb":{"@id":"https:\/\/www.laguiadepamplona.com\/actualidad\/comienzan-este-martes-las-actividades-de-verano-en-la-casa-de-la-juventud-con-una-sesion-afrodance-dentro-del-programa-cada-dia-un-plan\/#breadcrumb"},"inLanguage":"es","potentialAction":[{"@type":"ReadAction","target":["https:\/\/www.laguiadepamplona.com\/actualidad\/comienzan-este-martes-las-actividades-de-verano-en-la-casa-de-la-juventud-con-una-sesion-afrodance-dentro-del-programa-cada-dia-un-plan\/"]}]},{"@type":"ImageObject","inLanguage":"es","@id":"https:\/\/www.laguiadepamplona.com\/actualidad\/comienzan-este-martes-las-actividades-de-verano-en-la-casa-de-la-juventud-con-una-sesion-afrodance-dentro-del-programa-cada-dia-un-plan\/#primaryimage","url":"https:\/\/www.laguiadepamplona.com\/actualidad\/wp-content\/uploads\/2024\/07\/Casa-Juventud_CAS_web_0.webp","contentUrl":"https:\/\/www.laguiadepamplona.com\/actualidad\/wp-content\/uploads\/2024\/07\/Casa-Juventud_CAS_web_0.webp","width":1000,"height":895,"caption":"casa juventud verano"},{"@type":"BreadcrumbList","@id":"https:\/\/www.laguiadepamplona.com\/actualidad\/comienzan-este-martes-las-actividades-de-verano-en-la-casa-de-la-juventud-con-una-sesion-afrodance-dentro-del-programa-cada-dia-un-plan\/#breadcrumb","itemListElement":[{"@type":"ListItem","position":1,"name":"Portada","item":"https:\/\/www.laguiadepamplona.com\/actualidad\/"},{"@type":"ListItem","position":2,"name":"Comienzan este martes las actividades de verano en la Casa de la Juventud con una sesi\u00f3n afrodance dentro del programa \u2018Cada d\u00eda un plan\u2019"}]},{"@type":"WebSite","@id":"https:\/\/www.laguiadepamplona.com\/actualidad\/#website","url":"https:\/\/www.laguiadepamplona.com\/actualidad\/","name":"La gu\u00eda de Pamplona","description":"Noticias de Pamplona","publisher":{"@id":"https:\/\/www.laguiadepamplona.com\/actualidad\/#organization"},"potentialAction":[{"@type":"SearchAction","target":{"@type":"EntryPoint","urlTemplate":"https:\/\/www.laguiadepamplona.com\/actualidad\/?s={search_term_string}"},"query-input":{"@type":"PropertyValueSpecification","valueRequired":true,"valueName":"search_term_string"}}],"inLanguage":"es"},{"@type":"Organization","@id":"https:\/\/www.laguiadepamplona.com\/actualidad\/#organization","name":"La Gu\u00eda de Pamplona \/ Noticias","url":"https:\/\/www.laguiadepamplona.com\/actualidad\/","logo":{"@type":"ImageObject","inLanguage":"es","@id":"https:\/\/www.laguiadepamplona.com\/actualidad\/#\/schema\/logo\/image\/","url":"https:\/\/www.laguiadepamplona.com\/actualidad\/wp-content\/uploads\/2018\/11\/logo-laguiadepamplona18-web1.png","contentUrl":"https:\/\/www.laguiadepamplona.com\/actualidad\/wp-content\/uploads\/2018\/11\/logo-laguiadepamplona18-web1.png","width":600,"height":196,"caption":"La Gu\u00eda de Pamplona \/ Noticias"},"image":{"@id":"https:\/\/www.laguiadepamplona.com\/actualidad\/#\/schema\/logo\/image\/"},"sameAs":["https:\/\/www.facebook.com\/laguiadepamplonacom-133175176762273\/?ref=hl","https:\/\/x.com\/LaGuiadPamplona","https:\/\/www.instagram.com\/la_guia_de_pamplona\/","https:\/\/www.youtube.com\/user\/laguiadepamplona"]},{"@type":"Person","@id":"https:\/\/www.laguiadepamplona.com\/actualidad\/#\/schema\/person\/efe887376f0213d4657c93adc50b1fdb","name":"La Gu\u00eda de Pamplona","image":{"@type":"ImageObject","inLanguage":"es","@id":"https:\/\/secure.gravatar.com\/avatar\/b6992f131dc8d30ab0dff15446e9d346d9dbd95992de0fef795073f5ea83a81c?s=96&d=mm&r=g","url":"https:\/\/secure.gravatar.com\/avatar\/b6992f131dc8d30ab0dff15446e9d346d9dbd95992de0fef795073f5ea83a81c?s=96&d=mm&r=g","contentUrl":"https:\/\/secure.gravatar.com\/avatar\/b6992f131dc8d30ab0dff15446e9d346d9dbd95992de0fef795073f5ea83a81c?s=96&d=mm&r=g","caption":"La Gu\u00eda de Pamplona"}}]}},"post_mailing_queue_ids":[],"_links":{"self":[{"href":"https:\/\/www.laguiadepamplona.com\/actualidad\/wp-json\/wp\/v2\/posts\/50277","targetHints":{"allow":["GET"]}}],"collection":[{"href":"https:\/\/www.laguiadepamplona.com\/actualidad\/wp-json\/wp\/v2\/posts"}],"about":[{"href":"https:\/\/www.laguiadepamplona.com\/actualidad\/wp-json\/wp\/v2\/types\/post"}],"author":[{"embeddable":true,"href":"https:\/\/www.laguiadepamplona.com\/actualidad\/wp-json\/wp\/v2\/users\/1"}],"replies":[{"embeddable":true,"href":"https:\/\/www.laguiadepamplona.com\/actualidad\/wp-json\/wp\/v2\/comments?post=50277"}],"version-history":[{"count":1,"href":"https:\/\/www.laguiadepamplona.com\/actualidad\/wp-json\/wp\/v2\/posts\/50277\/revisions"}],"predecessor-version":[{"id":50279,"href":"https:\/\/www.laguiadepamplona.com\/actualidad\/wp-json\/wp\/v2\/posts\/50277\/revisions\/50279"}],"wp:featuredmedia":[{"embeddable":true,"href":"https:\/\/www.laguiadepamplona.com\/actualidad\/wp-json\/wp\/v2\/media\/50278"}],"wp:attachment":[{"href":"https:\/\/www.laguiadepamplona.com\/actualidad\/wp-json\/wp\/v2\/media?parent=50277"}],"wp:term":[{"taxonomy":"category","embeddable":true,"href":"https:\/\/www.laguiadepamplona.com\/actualidad\/wp-json\/wp\/v2\/categories?post=50277"},{"taxonomy":"post_tag","embeddable":true,"href":"https:\/\/www.laguiadepamplona.com\/actualidad\/wp-json\/wp\/v2\/tags?post=50277"}],"curies":[{"name":"wp","href":"https:\/\/api.w.org\/{rel}","templated":true}]}}