{"id":50274,"date":"2024-07-16T20:38:08","date_gmt":"2024-07-16T18:38:08","guid":{"rendered":"https:\/\/www.laguiadepamplona.com\/actualidad\/?p=50274"},"modified":"2024-07-16T20:38:08","modified_gmt":"2024-07-16T18:38:08","slug":"el-ayuntamiento-de-pamplona-apuesta-por-visibilizar-socialmente-el-comercio-justo-integrandolo-en-sus-concursos-y-certamenes","status":"publish","type":"post","link":"https:\/\/www.laguiadepamplona.com\/actualidad\/el-ayuntamiento-de-pamplona-apuesta-por-visibilizar-socialmente-el-comercio-justo-integrandolo-en-sus-concursos-y-certamenes\/","title":{"rendered":"El Ayuntamiento de Pamplona apuesta por visibilizar socialmente el comercio justo, integr\u00e1ndolo en sus concursos y cert\u00e1menes"},"content":{"rendered":"<h2>Desde junio colabora con Setem Nafarroa, Oxfam-Intermon y Fundaci\u00f3n Adsis mediante la confecci\u00f3n de cestas- regalo que se suman a los premios<\/h2>\n<p><!--more--><\/p>\n<p>Setem Nafarroa, Oxfam-Intermon y Fundaci\u00f3n Adsis y el Ayuntamiento de Pamplona han comenzado con una iniciativa estable de visibilizaci\u00f3n del comercio justo hacia la ciudadan\u00eda. El Programa Municipal de Cooperaci\u00f3n Internacional al Desarrollo y las tres ONG se han coordinado para que, en los concursos y cert\u00e1menes municipales, adem\u00e1s de los premios previsto en las bases, las personas ganadoras reciban cestas con lotes de productos de comercio justo.<\/p>\n<p>La colaboraci\u00f3n para esta iniciativa comenz\u00f3 en junio y se desarroll\u00f3 inicialmente en tres actos: el Concurso Literario Infantil, la entrega de galardones a los corresponsales informativos y el Certamen Literario Juvenil. En total se han entregado 135 cestas a personas menores y j\u00f3venes premiados, lotes que el Ayuntamiento ha comprado en los establecimientos de estas ONG cuyo personal especializado confeccion\u00f3 atendiendo a la franja de edad de los premios. En las cestas, hay desde juegos y ropa a complementos, cosm\u00e9ticos o alimentos de todo tipo. Y siempre, chocolate. Como ejemplo, en el concurso infantil cada cesta ten\u00eda un coste de 75 euros y entre los productos entregados hab\u00eda desde juegos, como un \u2018domin\u00f3 de comercio justo\u2019 o un \u2018Chocolate m\u00e1gico\u2019, a l\u00e1pices, botellas, dulces como caramelos, gominolas o chocolatinas a barritas de cereales, galletas o zumos.<\/p>\n<p>Para el Consistorio esta colaboraci\u00f3n es una forma de dar cumplimiento a las l\u00edneas 2 y 3 del II Plan Director de Cooperaci\u00f3n Internacional para el Desarrollo de Pamplona ya que, por un lado, visibiliza ante la ciudadan\u00eda la solidaridad y la equidad que suponen las compras de \u2018comercio justo\u2019 y, por otro, establece un marco interno de cooperaci\u00f3n transversal entre \u00e1reas municipales a la hora de enfocar las acciones del plan.<\/p>\n<p><strong>Intercambios comerciales justos, no ayuda<\/strong><\/p>\n<p>El <a href=\"https:\/\/comerciojusto.org\/\" target=\"_blank\" rel=\"noopener\">Comercio justo<\/a> es un movimiento que comenz\u00f3 entre los a\u00f1os 40 y 50 en Estados Unidos y Europa, y que busca la equidad en los intercambios con sociedades en v\u00edas de desarrollo. Es una iniciativa con importante carga positiva social y ambiental, ya que certifica una cadena de producci\u00f3n de alimentos y objetos de calidad, con la garant\u00eda de que no han sido producidos con trabajo infantil y, en cambio, s\u00ed confeccionados y distribuidos con equidad de g\u00e9nero. Adem\u00e1s, en la cadena desde el punto de origen hasta el consumo final se acredita que a las personas participantes se han pagado salarios justos.<\/p>\n<p>A d\u00eda de hoy m\u00e1s de 2.000 personas trabajan como voluntarias y cerca de 200 como profesionales en las 73 tiendas gestionadas por las organizaciones de la Coordinadora Estatal de Comercio Justo, una entidad en la que participan Setem Nafarroa, Oxfam-Intermon y Fundaci\u00f3n Adsis. Esta coordinadora es la plataforma espa\u00f1ola que agrupa a organizaciones del movimiento de Comercio Justo vinculadas a la Econom\u00eda Social. Fundada en 1996, actualmente agrupa 31 entidades con presencia en 17 Comunidades Aut\u00f3nomas.<\/p>\n<p>Seg\u00fan los datos de la coordinadora, \u201cdespu\u00e9s de estas tres d\u00e9cadas de trabajo, el movimiento del Comercio Justo contin\u00faa trabajando para combatir unas realidades injustas que todav\u00eda persisten. Seg\u00fan el \u00faltimo informe del PNUD la pobreza contin\u00faa afectando a mil millones de personas y la desigualdad ha aumentado. El 80% de la poblaci\u00f3n mundial posee el 6% de la riqueza global mientras que el 1% posee la mitad de esta riqueza. Adem\u00e1s, existen 830 millones de trabajadores pobres, es decir, que viven con menos de 2 d\u00f3lares al d\u00eda, y 1500 millones de personas no cuentan con unas condiciones de trabajo dignas y seguras. El trabajo infantil afecta a 168 millones de ni\u00f1os y ni\u00f1as, la mitad realizan trabajos peligrosos\u201d.<\/p>\n","protected":false},"excerpt":{"rendered":"<p>Desde junio colabora con Setem Nafarroa, Oxfam-Intermon y Fundaci\u00f3n Adsis mediante la confecci\u00f3n de cestas- regalo que se suman a los premios<\/p>\n","protected":false},"author":1,"featured_media":50275,"comment_status":"open","ping_status":"closed","sticky":false,"template":"","format":"standard","meta":{"footnotes":""},"categories":[2],"tags":[],"class_list":["post-50274","post","type-post","status-publish","format-standard","has-post-thumbnail","hentry","category-ayuntamiento-pamplona"],"yoast_head":"<!-- This site is optimized with the Yoast SEO plugin v27.3 - https:\/\/yoast.com\/product\/yoast-seo-wordpress\/ -->\n<title>El Ayuntamiento de Pamplona apuesta por visibilizar socialmente el comercio justo, integr\u00e1ndolo en sus concursos y cert\u00e1menes<\/title>\n<meta name=\"description\" content=\"Desde junio colabora con Setem Nafarroa, Oxfam-Intermon y Fundaci\u00f3n Adsis mediante la confecci\u00f3n de cestas- regalo que se suman a los premios\" \/>\n<meta name=\"robots\" content=\"index, follow, max-snippet:-1, max-image-preview:large, max-video-preview:-1\" \/>\n<link rel=\"canonical\" href=\"https:\/\/www.laguiadepamplona.com\/actualidad\/el-ayuntamiento-de-pamplona-apuesta-por-visibilizar-socialmente-el-comercio-justo-integrandolo-en-sus-concursos-y-certamenes\/\" \/>\n<meta property=\"og:locale\" content=\"es_ES\" \/>\n<meta property=\"og:type\" content=\"article\" \/>\n<meta property=\"og:title\" content=\"El Ayuntamiento de Pamplona apuesta por visibilizar socialmente el comercio justo, integr\u00e1ndolo en sus concursos y cert\u00e1menes\" \/>\n<meta property=\"og:description\" content=\"Desde junio colabora con Setem Nafarroa, Oxfam-Intermon y Fundaci\u00f3n Adsis mediante la confecci\u00f3n de cestas- regalo que se suman a los premios\" \/>\n<meta property=\"og:url\" content=\"https:\/\/www.laguiadepamplona.com\/actualidad\/el-ayuntamiento-de-pamplona-apuesta-por-visibilizar-socialmente-el-comercio-justo-integrandolo-en-sus-concursos-y-certamenes\/\" \/>\n<meta property=\"og:site_name\" content=\"La Gu\u00eda de Pamplona\" \/>\n<meta property=\"article:publisher\" content=\"https:\/\/www.facebook.com\/laguiadepamplonacom-133175176762273\/?ref=hl\" \/>\n<meta property=\"article:published_time\" content=\"2024-07-16T18:38:08+00:00\" \/>\n<meta property=\"og:image\" content=\"https:\/\/www.laguiadepamplona.com\/actualidad\/wp-content\/uploads\/2024\/07\/comerciojustoweb3.webp\" \/>\n\t<meta property=\"og:image:width\" content=\"1000\" \/>\n\t<meta property=\"og:image:height\" content=\"666\" \/>\n\t<meta property=\"og:image:type\" content=\"image\/webp\" \/>\n<meta name=\"author\" content=\"La Gu\u00eda de Pamplona\" \/>\n<meta name=\"twitter:card\" content=\"summary_large_image\" \/>\n<meta name=\"twitter:creator\" content=\"@LaGuiadPamplona\" \/>\n<meta name=\"twitter:site\" content=\"@LaGuiadPamplona\" \/>\n<meta name=\"twitter:label1\" content=\"Escrito por\" \/>\n\t<meta name=\"twitter:data1\" content=\"La Gu\u00eda de Pamplona\" \/>\n\t<meta name=\"twitter:label2\" content=\"Tiempo de lectura\" \/>\n\t<meta name=\"twitter:data2\" content=\"3 minutos\" \/>\n<script type=\"application\/ld+json\" class=\"yoast-schema-graph\">{\"@context\":\"https:\\\/\\\/schema.org\",\"@graph\":[{\"@type\":\"Article\",\"@id\":\"https:\\\/\\\/www.laguiadepamplona.com\\\/actualidad\\\/el-ayuntamiento-de-pamplona-apuesta-por-visibilizar-socialmente-el-comercio-justo-integrandolo-en-sus-concursos-y-certamenes\\\/#article\",\"isPartOf\":{\"@id\":\"https:\\\/\\\/www.laguiadepamplona.com\\\/actualidad\\\/el-ayuntamiento-de-pamplona-apuesta-por-visibilizar-socialmente-el-comercio-justo-integrandolo-en-sus-concursos-y-certamenes\\\/\"},\"author\":{\"name\":\"La Gu\u00eda de Pamplona\",\"@id\":\"https:\\\/\\\/www.laguiadepamplona.com\\\/actualidad\\\/#\\\/schema\\\/person\\\/efe887376f0213d4657c93adc50b1fdb\"},\"headline\":\"El Ayuntamiento de Pamplona apuesta por visibilizar socialmente el comercio justo, integr\u00e1ndolo en sus concursos y cert\u00e1menes\",\"datePublished\":\"2024-07-16T18:38:08+00:00\",\"mainEntityOfPage\":{\"@id\":\"https:\\\/\\\/www.laguiadepamplona.com\\\/actualidad\\\/el-ayuntamiento-de-pamplona-apuesta-por-visibilizar-socialmente-el-comercio-justo-integrandolo-en-sus-concursos-y-certamenes\\\/\"},\"wordCount\":650,\"commentCount\":0,\"publisher\":{\"@id\":\"https:\\\/\\\/www.laguiadepamplona.com\\\/actualidad\\\/#organization\"},\"image\":{\"@id\":\"https:\\\/\\\/www.laguiadepamplona.com\\\/actualidad\\\/el-ayuntamiento-de-pamplona-apuesta-por-visibilizar-socialmente-el-comercio-justo-integrandolo-en-sus-concursos-y-certamenes\\\/#primaryimage\"},\"thumbnailUrl\":\"https:\\\/\\\/www.laguiadepamplona.com\\\/actualidad\\\/wp-content\\\/uploads\\\/2024\\\/07\\\/comerciojustoweb3.webp\",\"articleSection\":[\"Ayto Pamplona\"],\"inLanguage\":\"es\",\"potentialAction\":[{\"@type\":\"CommentAction\",\"name\":\"Comment\",\"target\":[\"https:\\\/\\\/www.laguiadepamplona.com\\\/actualidad\\\/el-ayuntamiento-de-pamplona-apuesta-por-visibilizar-socialmente-el-comercio-justo-integrandolo-en-sus-concursos-y-certamenes\\\/#respond\"]}]},{\"@type\":\"WebPage\",\"@id\":\"https:\\\/\\\/www.laguiadepamplona.com\\\/actualidad\\\/el-ayuntamiento-de-pamplona-apuesta-por-visibilizar-socialmente-el-comercio-justo-integrandolo-en-sus-concursos-y-certamenes\\\/\",\"url\":\"https:\\\/\\\/www.laguiadepamplona.com\\\/actualidad\\\/el-ayuntamiento-de-pamplona-apuesta-por-visibilizar-socialmente-el-comercio-justo-integrandolo-en-sus-concursos-y-certamenes\\\/\",\"name\":\"El Ayuntamiento de Pamplona apuesta por visibilizar socialmente el comercio justo, integr\u00e1ndolo en sus concursos y cert\u00e1menes\",\"isPartOf\":{\"@id\":\"https:\\\/\\\/www.laguiadepamplona.com\\\/actualidad\\\/#website\"},\"primaryImageOfPage\":{\"@id\":\"https:\\\/\\\/www.laguiadepamplona.com\\\/actualidad\\\/el-ayuntamiento-de-pamplona-apuesta-por-visibilizar-socialmente-el-comercio-justo-integrandolo-en-sus-concursos-y-certamenes\\\/#primaryimage\"},\"image\":{\"@id\":\"https:\\\/\\\/www.laguiadepamplona.com\\\/actualidad\\\/el-ayuntamiento-de-pamplona-apuesta-por-visibilizar-socialmente-el-comercio-justo-integrandolo-en-sus-concursos-y-certamenes\\\/#primaryimage\"},\"thumbnailUrl\":\"https:\\\/\\\/www.laguiadepamplona.com\\\/actualidad\\\/wp-content\\\/uploads\\\/2024\\\/07\\\/comerciojustoweb3.webp\",\"datePublished\":\"2024-07-16T18:38:08+00:00\",\"description\":\"Desde junio colabora con Setem Nafarroa, Oxfam-Intermon y Fundaci\u00f3n Adsis mediante la confecci\u00f3n de cestas- regalo que se suman a los premios\",\"breadcrumb\":{\"@id\":\"https:\\\/\\\/www.laguiadepamplona.com\\\/actualidad\\\/el-ayuntamiento-de-pamplona-apuesta-por-visibilizar-socialmente-el-comercio-justo-integrandolo-en-sus-concursos-y-certamenes\\\/#breadcrumb\"},\"inLanguage\":\"es\",\"potentialAction\":[{\"@type\":\"ReadAction\",\"target\":[\"https:\\\/\\\/www.laguiadepamplona.com\\\/actualidad\\\/el-ayuntamiento-de-pamplona-apuesta-por-visibilizar-socialmente-el-comercio-justo-integrandolo-en-sus-concursos-y-certamenes\\\/\"]}]},{\"@type\":\"ImageObject\",\"inLanguage\":\"es\",\"@id\":\"https:\\\/\\\/www.laguiadepamplona.com\\\/actualidad\\\/el-ayuntamiento-de-pamplona-apuesta-por-visibilizar-socialmente-el-comercio-justo-integrandolo-en-sus-concursos-y-certamenes\\\/#primaryimage\",\"url\":\"https:\\\/\\\/www.laguiadepamplona.com\\\/actualidad\\\/wp-content\\\/uploads\\\/2024\\\/07\\\/comerciojustoweb3.webp\",\"contentUrl\":\"https:\\\/\\\/www.laguiadepamplona.com\\\/actualidad\\\/wp-content\\\/uploads\\\/2024\\\/07\\\/comerciojustoweb3.webp\",\"width\":1000,\"height\":666,\"caption\":\"comercio justo\"},{\"@type\":\"BreadcrumbList\",\"@id\":\"https:\\\/\\\/www.laguiadepamplona.com\\\/actualidad\\\/el-ayuntamiento-de-pamplona-apuesta-por-visibilizar-socialmente-el-comercio-justo-integrandolo-en-sus-concursos-y-certamenes\\\/#breadcrumb\",\"itemListElement\":[{\"@type\":\"ListItem\",\"position\":1,\"name\":\"Portada\",\"item\":\"https:\\\/\\\/www.laguiadepamplona.com\\\/actualidad\\\/\"},{\"@type\":\"ListItem\",\"position\":2,\"name\":\"El Ayuntamiento de Pamplona apuesta por visibilizar socialmente el comercio justo, integr\u00e1ndolo en sus concursos y cert\u00e1menes\"}]},{\"@type\":\"WebSite\",\"@id\":\"https:\\\/\\\/www.laguiadepamplona.com\\\/actualidad\\\/#website\",\"url\":\"https:\\\/\\\/www.laguiadepamplona.com\\\/actualidad\\\/\",\"name\":\"La gu\u00eda de Pamplona\",\"description\":\"Noticias de Pamplona\",\"publisher\":{\"@id\":\"https:\\\/\\\/www.laguiadepamplona.com\\\/actualidad\\\/#organization\"},\"potentialAction\":[{\"@type\":\"SearchAction\",\"target\":{\"@type\":\"EntryPoint\",\"urlTemplate\":\"https:\\\/\\\/www.laguiadepamplona.com\\\/actualidad\\\/?s={search_term_string}\"},\"query-input\":{\"@type\":\"PropertyValueSpecification\",\"valueRequired\":true,\"valueName\":\"search_term_string\"}}],\"inLanguage\":\"es\"},{\"@type\":\"Organization\",\"@id\":\"https:\\\/\\\/www.laguiadepamplona.com\\\/actualidad\\\/#organization\",\"name\":\"La Gu\u00eda de Pamplona \\\/ Noticias\",\"url\":\"https:\\\/\\\/www.laguiadepamplona.com\\\/actualidad\\\/\",\"logo\":{\"@type\":\"ImageObject\",\"inLanguage\":\"es\",\"@id\":\"https:\\\/\\\/www.laguiadepamplona.com\\\/actualidad\\\/#\\\/schema\\\/logo\\\/image\\\/\",\"url\":\"https:\\\/\\\/www.laguiadepamplona.com\\\/actualidad\\\/wp-content\\\/uploads\\\/2018\\\/11\\\/logo-laguiadepamplona18-web1.png\",\"contentUrl\":\"https:\\\/\\\/www.laguiadepamplona.com\\\/actualidad\\\/wp-content\\\/uploads\\\/2018\\\/11\\\/logo-laguiadepamplona18-web1.png\",\"width\":600,\"height\":196,\"caption\":\"La Gu\u00eda de Pamplona \\\/ Noticias\"},\"image\":{\"@id\":\"https:\\\/\\\/www.laguiadepamplona.com\\\/actualidad\\\/#\\\/schema\\\/logo\\\/image\\\/\"},\"sameAs\":[\"https:\\\/\\\/www.facebook.com\\\/laguiadepamplonacom-133175176762273\\\/?ref=hl\",\"https:\\\/\\\/x.com\\\/LaGuiadPamplona\",\"https:\\\/\\\/www.instagram.com\\\/la_guia_de_pamplona\\\/\",\"https:\\\/\\\/www.youtube.com\\\/user\\\/laguiadepamplona\"]},{\"@type\":\"Person\",\"@id\":\"https:\\\/\\\/www.laguiadepamplona.com\\\/actualidad\\\/#\\\/schema\\\/person\\\/efe887376f0213d4657c93adc50b1fdb\",\"name\":\"La Gu\u00eda de Pamplona\",\"image\":{\"@type\":\"ImageObject\",\"inLanguage\":\"es\",\"@id\":\"https:\\\/\\\/secure.gravatar.com\\\/avatar\\\/b6992f131dc8d30ab0dff15446e9d346d9dbd95992de0fef795073f5ea83a81c?s=96&d=mm&r=g\",\"url\":\"https:\\\/\\\/secure.gravatar.com\\\/avatar\\\/b6992f131dc8d30ab0dff15446e9d346d9dbd95992de0fef795073f5ea83a81c?s=96&d=mm&r=g\",\"contentUrl\":\"https:\\\/\\\/secure.gravatar.com\\\/avatar\\\/b6992f131dc8d30ab0dff15446e9d346d9dbd95992de0fef795073f5ea83a81c?s=96&d=mm&r=g\",\"caption\":\"La Gu\u00eda de Pamplona\"}}]}<\/script>\n<!-- \/ Yoast SEO plugin. -->","yoast_head_json":{"title":"El Ayuntamiento de Pamplona apuesta por visibilizar socialmente el comercio justo, integr\u00e1ndolo en sus concursos y cert\u00e1menes","description":"Desde junio colabora con Setem Nafarroa, Oxfam-Intermon y Fundaci\u00f3n Adsis mediante la confecci\u00f3n de cestas- regalo que se suman a los premios","robots":{"index":"index","follow":"follow","max-snippet":"max-snippet:-1","max-image-preview":"max-image-preview:large","max-video-preview":"max-video-preview:-1"},"canonical":"https:\/\/www.laguiadepamplona.com\/actualidad\/el-ayuntamiento-de-pamplona-apuesta-por-visibilizar-socialmente-el-comercio-justo-integrandolo-en-sus-concursos-y-certamenes\/","og_locale":"es_ES","og_type":"article","og_title":"El Ayuntamiento de Pamplona apuesta por visibilizar socialmente el comercio justo, integr\u00e1ndolo en sus concursos y cert\u00e1menes","og_description":"Desde junio colabora con Setem Nafarroa, Oxfam-Intermon y Fundaci\u00f3n Adsis mediante la confecci\u00f3n de cestas- regalo que se suman a los premios","og_url":"https:\/\/www.laguiadepamplona.com\/actualidad\/el-ayuntamiento-de-pamplona-apuesta-por-visibilizar-socialmente-el-comercio-justo-integrandolo-en-sus-concursos-y-certamenes\/","og_site_name":"La Gu\u00eda de Pamplona","article_publisher":"https:\/\/www.facebook.com\/laguiadepamplonacom-133175176762273\/?ref=hl","article_published_time":"2024-07-16T18:38:08+00:00","og_image":[{"width":1000,"height":666,"url":"https:\/\/www.laguiadepamplona.com\/actualidad\/wp-content\/uploads\/2024\/07\/comerciojustoweb3.webp","type":"image\/webp"}],"author":"La Gu\u00eda de Pamplona","twitter_card":"summary_large_image","twitter_creator":"@LaGuiadPamplona","twitter_site":"@LaGuiadPamplona","twitter_misc":{"Escrito por":"La Gu\u00eda de Pamplona","Tiempo de lectura":"3 minutos"},"schema":{"@context":"https:\/\/schema.org","@graph":[{"@type":"Article","@id":"https:\/\/www.laguiadepamplona.com\/actualidad\/el-ayuntamiento-de-pamplona-apuesta-por-visibilizar-socialmente-el-comercio-justo-integrandolo-en-sus-concursos-y-certamenes\/#article","isPartOf":{"@id":"https:\/\/www.laguiadepamplona.com\/actualidad\/el-ayuntamiento-de-pamplona-apuesta-por-visibilizar-socialmente-el-comercio-justo-integrandolo-en-sus-concursos-y-certamenes\/"},"author":{"name":"La Gu\u00eda de Pamplona","@id":"https:\/\/www.laguiadepamplona.com\/actualidad\/#\/schema\/person\/efe887376f0213d4657c93adc50b1fdb"},"headline":"El Ayuntamiento de Pamplona apuesta por visibilizar socialmente el comercio justo, integr\u00e1ndolo en sus concursos y cert\u00e1menes","datePublished":"2024-07-16T18:38:08+00:00","mainEntityOfPage":{"@id":"https:\/\/www.laguiadepamplona.com\/actualidad\/el-ayuntamiento-de-pamplona-apuesta-por-visibilizar-socialmente-el-comercio-justo-integrandolo-en-sus-concursos-y-certamenes\/"},"wordCount":650,"commentCount":0,"publisher":{"@id":"https:\/\/www.laguiadepamplona.com\/actualidad\/#organization"},"image":{"@id":"https:\/\/www.laguiadepamplona.com\/actualidad\/el-ayuntamiento-de-pamplona-apuesta-por-visibilizar-socialmente-el-comercio-justo-integrandolo-en-sus-concursos-y-certamenes\/#primaryimage"},"thumbnailUrl":"https:\/\/www.laguiadepamplona.com\/actualidad\/wp-content\/uploads\/2024\/07\/comerciojustoweb3.webp","articleSection":["Ayto Pamplona"],"inLanguage":"es","potentialAction":[{"@type":"CommentAction","name":"Comment","target":["https:\/\/www.laguiadepamplona.com\/actualidad\/el-ayuntamiento-de-pamplona-apuesta-por-visibilizar-socialmente-el-comercio-justo-integrandolo-en-sus-concursos-y-certamenes\/#respond"]}]},{"@type":"WebPage","@id":"https:\/\/www.laguiadepamplona.com\/actualidad\/el-ayuntamiento-de-pamplona-apuesta-por-visibilizar-socialmente-el-comercio-justo-integrandolo-en-sus-concursos-y-certamenes\/","url":"https:\/\/www.laguiadepamplona.com\/actualidad\/el-ayuntamiento-de-pamplona-apuesta-por-visibilizar-socialmente-el-comercio-justo-integrandolo-en-sus-concursos-y-certamenes\/","name":"El Ayuntamiento de Pamplona apuesta por visibilizar socialmente el comercio justo, integr\u00e1ndolo en sus concursos y cert\u00e1menes","isPartOf":{"@id":"https:\/\/www.laguiadepamplona.com\/actualidad\/#website"},"primaryImageOfPage":{"@id":"https:\/\/www.laguiadepamplona.com\/actualidad\/el-ayuntamiento-de-pamplona-apuesta-por-visibilizar-socialmente-el-comercio-justo-integrandolo-en-sus-concursos-y-certamenes\/#primaryimage"},"image":{"@id":"https:\/\/www.laguiadepamplona.com\/actualidad\/el-ayuntamiento-de-pamplona-apuesta-por-visibilizar-socialmente-el-comercio-justo-integrandolo-en-sus-concursos-y-certamenes\/#primaryimage"},"thumbnailUrl":"https:\/\/www.laguiadepamplona.com\/actualidad\/wp-content\/uploads\/2024\/07\/comerciojustoweb3.webp","datePublished":"2024-07-16T18:38:08+00:00","description":"Desde junio colabora con Setem Nafarroa, Oxfam-Intermon y Fundaci\u00f3n Adsis mediante la confecci\u00f3n de cestas- regalo que se suman a los premios","breadcrumb":{"@id":"https:\/\/www.laguiadepamplona.com\/actualidad\/el-ayuntamiento-de-pamplona-apuesta-por-visibilizar-socialmente-el-comercio-justo-integrandolo-en-sus-concursos-y-certamenes\/#breadcrumb"},"inLanguage":"es","potentialAction":[{"@type":"ReadAction","target":["https:\/\/www.laguiadepamplona.com\/actualidad\/el-ayuntamiento-de-pamplona-apuesta-por-visibilizar-socialmente-el-comercio-justo-integrandolo-en-sus-concursos-y-certamenes\/"]}]},{"@type":"ImageObject","inLanguage":"es","@id":"https:\/\/www.laguiadepamplona.com\/actualidad\/el-ayuntamiento-de-pamplona-apuesta-por-visibilizar-socialmente-el-comercio-justo-integrandolo-en-sus-concursos-y-certamenes\/#primaryimage","url":"https:\/\/www.laguiadepamplona.com\/actualidad\/wp-content\/uploads\/2024\/07\/comerciojustoweb3.webp","contentUrl":"https:\/\/www.laguiadepamplona.com\/actualidad\/wp-content\/uploads\/2024\/07\/comerciojustoweb3.webp","width":1000,"height":666,"caption":"comercio justo"},{"@type":"BreadcrumbList","@id":"https:\/\/www.laguiadepamplona.com\/actualidad\/el-ayuntamiento-de-pamplona-apuesta-por-visibilizar-socialmente-el-comercio-justo-integrandolo-en-sus-concursos-y-certamenes\/#breadcrumb","itemListElement":[{"@type":"ListItem","position":1,"name":"Portada","item":"https:\/\/www.laguiadepamplona.com\/actualidad\/"},{"@type":"ListItem","position":2,"name":"El Ayuntamiento de Pamplona apuesta por visibilizar socialmente el comercio justo, integr\u00e1ndolo en sus concursos y cert\u00e1menes"}]},{"@type":"WebSite","@id":"https:\/\/www.laguiadepamplona.com\/actualidad\/#website","url":"https:\/\/www.laguiadepamplona.com\/actualidad\/","name":"La gu\u00eda de Pamplona","description":"Noticias de Pamplona","publisher":{"@id":"https:\/\/www.laguiadepamplona.com\/actualidad\/#organization"},"potentialAction":[{"@type":"SearchAction","target":{"@type":"EntryPoint","urlTemplate":"https:\/\/www.laguiadepamplona.com\/actualidad\/?s={search_term_string}"},"query-input":{"@type":"PropertyValueSpecification","valueRequired":true,"valueName":"search_term_string"}}],"inLanguage":"es"},{"@type":"Organization","@id":"https:\/\/www.laguiadepamplona.com\/actualidad\/#organization","name":"La Gu\u00eda de Pamplona \/ Noticias","url":"https:\/\/www.laguiadepamplona.com\/actualidad\/","logo":{"@type":"ImageObject","inLanguage":"es","@id":"https:\/\/www.laguiadepamplona.com\/actualidad\/#\/schema\/logo\/image\/","url":"https:\/\/www.laguiadepamplona.com\/actualidad\/wp-content\/uploads\/2018\/11\/logo-laguiadepamplona18-web1.png","contentUrl":"https:\/\/www.laguiadepamplona.com\/actualidad\/wp-content\/uploads\/2018\/11\/logo-laguiadepamplona18-web1.png","width":600,"height":196,"caption":"La Gu\u00eda de Pamplona \/ Noticias"},"image":{"@id":"https:\/\/www.laguiadepamplona.com\/actualidad\/#\/schema\/logo\/image\/"},"sameAs":["https:\/\/www.facebook.com\/laguiadepamplonacom-133175176762273\/?ref=hl","https:\/\/x.com\/LaGuiadPamplona","https:\/\/www.instagram.com\/la_guia_de_pamplona\/","https:\/\/www.youtube.com\/user\/laguiadepamplona"]},{"@type":"Person","@id":"https:\/\/www.laguiadepamplona.com\/actualidad\/#\/schema\/person\/efe887376f0213d4657c93adc50b1fdb","name":"La Gu\u00eda de Pamplona","image":{"@type":"ImageObject","inLanguage":"es","@id":"https:\/\/secure.gravatar.com\/avatar\/b6992f131dc8d30ab0dff15446e9d346d9dbd95992de0fef795073f5ea83a81c?s=96&d=mm&r=g","url":"https:\/\/secure.gravatar.com\/avatar\/b6992f131dc8d30ab0dff15446e9d346d9dbd95992de0fef795073f5ea83a81c?s=96&d=mm&r=g","contentUrl":"https:\/\/secure.gravatar.com\/avatar\/b6992f131dc8d30ab0dff15446e9d346d9dbd95992de0fef795073f5ea83a81c?s=96&d=mm&r=g","caption":"La Gu\u00eda de Pamplona"}}]}},"post_mailing_queue_ids":[],"_links":{"self":[{"href":"https:\/\/www.laguiadepamplona.com\/actualidad\/wp-json\/wp\/v2\/posts\/50274","targetHints":{"allow":["GET"]}}],"collection":[{"href":"https:\/\/www.laguiadepamplona.com\/actualidad\/wp-json\/wp\/v2\/posts"}],"about":[{"href":"https:\/\/www.laguiadepamplona.com\/actualidad\/wp-json\/wp\/v2\/types\/post"}],"author":[{"embeddable":true,"href":"https:\/\/www.laguiadepamplona.com\/actualidad\/wp-json\/wp\/v2\/users\/1"}],"replies":[{"embeddable":true,"href":"https:\/\/www.laguiadepamplona.com\/actualidad\/wp-json\/wp\/v2\/comments?post=50274"}],"version-history":[{"count":1,"href":"https:\/\/www.laguiadepamplona.com\/actualidad\/wp-json\/wp\/v2\/posts\/50274\/revisions"}],"predecessor-version":[{"id":50276,"href":"https:\/\/www.laguiadepamplona.com\/actualidad\/wp-json\/wp\/v2\/posts\/50274\/revisions\/50276"}],"wp:featuredmedia":[{"embeddable":true,"href":"https:\/\/www.laguiadepamplona.com\/actualidad\/wp-json\/wp\/v2\/media\/50275"}],"wp:attachment":[{"href":"https:\/\/www.laguiadepamplona.com\/actualidad\/wp-json\/wp\/v2\/media?parent=50274"}],"wp:term":[{"taxonomy":"category","embeddable":true,"href":"https:\/\/www.laguiadepamplona.com\/actualidad\/wp-json\/wp\/v2\/categories?post=50274"},{"taxonomy":"post_tag","embeddable":true,"href":"https:\/\/www.laguiadepamplona.com\/actualidad\/wp-json\/wp\/v2\/tags?post=50274"}],"curies":[{"name":"wp","href":"https:\/\/api.w.org\/{rel}","templated":true}]}}