{"id":50271,"date":"2024-07-03T20:06:59","date_gmt":"2024-07-03T18:06:59","guid":{"rendered":"https:\/\/www.laguiadepamplona.com\/actualidad\/?p=50271"},"modified":"2024-07-03T20:07:07","modified_gmt":"2024-07-03T18:07:07","slug":"pamplona-verifica-la-huella-de-carbono-de-los-sanfermines-de-2023-y-actualizara-los-indicadores-durante-estas-proximas-fiestas","status":"publish","type":"post","link":"https:\/\/www.laguiadepamplona.com\/actualidad\/pamplona-verifica-la-huella-de-carbono-de-los-sanfermines-de-2023-y-actualizara-los-indicadores-durante-estas-proximas-fiestas\/","title":{"rendered":"Pamplona verifica la Huella de Carbono de los Sanfermines de 2023 y actualizar\u00e1 los indicadores durante estas pr\u00f3ximas fiestas"},"content":{"rendered":"<h2>La entidad certificadora Bureau Veritas ha verificado las emisiones directas e indirectas de gases de efecto invernadero en trasporte, organizaci\u00f3n y energ\u00eda<\/h2>\n<p><!--more--><\/p>\n<p>El Ayuntamiento de Pamplona ha obtenido la verificaci\u00f3n de la Huella de Carbono de las fiestas de San Ferm\u00edn de 2023, de la mano de la entidad certificadora Bureau Veritas. Esta verificaci\u00f3n hace referencia a las emisiones directas e indirectas de gases de efecto invernadero (GEI) durante los nueve d\u00edas de fiestas, desde el 6 hasta el 14 de julio. Para el c\u00e1lculo, se han tenido en cuenta las emisiones producidas por la emisi\u00f3n de la energ\u00eda importada, por el transporte y por los productos que se utiliza la organizaci\u00f3n.<\/p>\n<p>La Huella de Carbono es un indicador ambiental que cuantifica la cantidad de gases de efecto invernadero emitidos y puede aplicarse a una persona, un producto, una organizaci\u00f3n y, como en este caso, a un evento. La verificaci\u00f3n ahora obtenida es un est\u00e1ndar internacionalmente reconocido, que viene a certificar que los c\u00e1lculos realizados por el Ayuntamiento se han realizado conforme a una metodolog\u00eda rigurosa y son fiables. Adem\u00e1s de ofrecer un valor diferenciador, permitir\u00e1 la comparaci\u00f3n de datos con otras ediciones. De hecho, durante los Sanfermines de este a\u00f1o se van a controlar las emisiones de GEI para valorar si se ha logrado su reducci\u00f3n con respecto a 2023.<\/p>\n<p>El alcance de la verificaci\u00f3n se establece para las actividades que incluyen desde la organizaci\u00f3n del evento al desarrollo del mismo, pasando por el transporte de proveedores y materiales, desplazamiento y alojamiento de las personas asistentes, montaje y desmontaje de instalaciones, celebraci\u00f3n de actividades l\u00fadicas por parte del Ayuntamiento, elementos publicitarios, medios de comunicaci\u00f3n y servicios municipales de apoyo. La verificaci\u00f3n certifica tambi\u00e9n las propuestas de reducci\u00f3n incluidas en el informe de c\u00e1lculo aportado por el Consistorio, cuya aplicaci\u00f3n ser\u00e1 verificada en a\u00f1os posteriores.<\/p>\n<p>De hecho, el objetivo del c\u00e1lculo de le huella de carbono es detectar los puntos del proceso susceptibles de reducci\u00f3n de la emisi\u00f3n de gases de efecto invernadero estableciendo objetivos de mejora continua y contribuir a la reducci\u00f3n del calentamiento global. El concejal especial de Promoci\u00f3n Econ\u00f3mica y Proyecci\u00f3n Europea, Koldo Mart\u00ednez, ha recibido la certificaci\u00f3n de manos de Francisco Mart\u00edn Santamar\u00eda, responsable de Clientes y Comit\u00e9 RC y Sostenibilidad de Bureau Veritas, y Francisco Garnica Arenzana, t\u00e9cnico comercial de Bureau Veritas.<\/p>\n<p>Burea Veritas es una entidad independiente de evaluaci\u00f3n de la conformidad, dentro del marco de certificaci\u00f3n de sistemas de gesti\u00f3n de eventos ISO 20120:2024. La verificaci\u00f3n obtenida ahora se ha realizado conforme al est\u00e1ndar de c\u00e1lculo UNE EN ISO 14064-1:2019.<\/p>\n","protected":false},"excerpt":{"rendered":"<p>La entidad certificadora Bureau Veritas ha verificado las emisiones directas e indirectas de gases de efecto invernadero en trasporte, organizaci\u00f3n y energ\u00eda<\/p>\n","protected":false},"author":1,"featured_media":50272,"comment_status":"open","ping_status":"closed","sticky":false,"template":"","format":"standard","meta":{"footnotes":""},"categories":[2,9406],"tags":[],"class_list":["post-50271","post","type-post","status-publish","format-standard","has-post-thumbnail","hentry","category-ayuntamiento-pamplona","category-san-fermin"],"yoast_head":"<!-- This site is optimized with the Yoast SEO plugin v27.3 - https:\/\/yoast.com\/product\/yoast-seo-wordpress\/ -->\n<title>Pamplona verifica la Huella de Carbono de los Sanfermines de 2023 y actualizar\u00e1 los indicadores durante estas pr\u00f3ximas fiestas<\/title>\n<meta name=\"description\" content=\"La entidad certificadora Bureau Veritas ha verificado las emisiones directas e indirectas de gases de efecto invernadero en trasporte, organizaci\u00f3n y energ\u00eda\" \/>\n<meta name=\"robots\" content=\"index, follow, max-snippet:-1, max-image-preview:large, max-video-preview:-1\" \/>\n<link rel=\"canonical\" href=\"https:\/\/www.laguiadepamplona.com\/actualidad\/pamplona-verifica-la-huella-de-carbono-de-los-sanfermines-de-2023-y-actualizara-los-indicadores-durante-estas-proximas-fiestas\/\" \/>\n<meta property=\"og:locale\" content=\"es_ES\" \/>\n<meta property=\"og:type\" content=\"article\" \/>\n<meta property=\"og:title\" content=\"Pamplona verifica la Huella de Carbono de los Sanfermines de 2023 y actualizar\u00e1 los indicadores durante estas pr\u00f3ximas fiestas\" \/>\n<meta property=\"og:description\" content=\"La entidad certificadora Bureau Veritas ha verificado las emisiones directas e indirectas de gases de efecto invernadero en trasporte, organizaci\u00f3n y energ\u00eda\" \/>\n<meta property=\"og:url\" content=\"https:\/\/www.laguiadepamplona.com\/actualidad\/pamplona-verifica-la-huella-de-carbono-de-los-sanfermines-de-2023-y-actualizara-los-indicadores-durante-estas-proximas-fiestas\/\" \/>\n<meta property=\"og:site_name\" content=\"La Gu\u00eda de Pamplona\" \/>\n<meta property=\"article:publisher\" content=\"https:\/\/www.facebook.com\/laguiadepamplonacom-133175176762273\/?ref=hl\" \/>\n<meta property=\"article:published_time\" content=\"2024-07-03T18:06:59+00:00\" \/>\n<meta property=\"article:modified_time\" content=\"2024-07-03T18:07:07+00:00\" \/>\n<meta property=\"og:image\" content=\"https:\/\/www.laguiadepamplona.com\/actualidad\/wp-content\/uploads\/2024\/07\/premio-veritas.webp\" \/>\n\t<meta property=\"og:image:width\" content=\"1000\" \/>\n\t<meta property=\"og:image:height\" content=\"667\" \/>\n\t<meta property=\"og:image:type\" content=\"image\/webp\" \/>\n<meta name=\"author\" content=\"La Gu\u00eda de Pamplona\" \/>\n<meta name=\"twitter:card\" content=\"summary_large_image\" \/>\n<meta name=\"twitter:creator\" content=\"@LaGuiadPamplona\" \/>\n<meta name=\"twitter:site\" content=\"@LaGuiadPamplona\" \/>\n<meta name=\"twitter:label1\" content=\"Escrito por\" \/>\n\t<meta name=\"twitter:data1\" content=\"La Gu\u00eda de Pamplona\" \/>\n\t<meta name=\"twitter:label2\" content=\"Tiempo de lectura\" \/>\n\t<meta name=\"twitter:data2\" content=\"3 minutos\" \/>\n<script type=\"application\/ld+json\" class=\"yoast-schema-graph\">{\"@context\":\"https:\\\/\\\/schema.org\",\"@graph\":[{\"@type\":\"Article\",\"@id\":\"https:\\\/\\\/www.laguiadepamplona.com\\\/actualidad\\\/pamplona-verifica-la-huella-de-carbono-de-los-sanfermines-de-2023-y-actualizara-los-indicadores-durante-estas-proximas-fiestas\\\/#article\",\"isPartOf\":{\"@id\":\"https:\\\/\\\/www.laguiadepamplona.com\\\/actualidad\\\/pamplona-verifica-la-huella-de-carbono-de-los-sanfermines-de-2023-y-actualizara-los-indicadores-durante-estas-proximas-fiestas\\\/\"},\"author\":{\"name\":\"La Gu\u00eda de Pamplona\",\"@id\":\"https:\\\/\\\/www.laguiadepamplona.com\\\/actualidad\\\/#\\\/schema\\\/person\\\/efe887376f0213d4657c93adc50b1fdb\"},\"headline\":\"Pamplona verifica la Huella de Carbono de los Sanfermines de 2023 y actualizar\u00e1 los indicadores durante estas pr\u00f3ximas fiestas\",\"datePublished\":\"2024-07-03T18:06:59+00:00\",\"dateModified\":\"2024-07-03T18:07:07+00:00\",\"mainEntityOfPage\":{\"@id\":\"https:\\\/\\\/www.laguiadepamplona.com\\\/actualidad\\\/pamplona-verifica-la-huella-de-carbono-de-los-sanfermines-de-2023-y-actualizara-los-indicadores-durante-estas-proximas-fiestas\\\/\"},\"wordCount\":489,\"commentCount\":0,\"publisher\":{\"@id\":\"https:\\\/\\\/www.laguiadepamplona.com\\\/actualidad\\\/#organization\"},\"image\":{\"@id\":\"https:\\\/\\\/www.laguiadepamplona.com\\\/actualidad\\\/pamplona-verifica-la-huella-de-carbono-de-los-sanfermines-de-2023-y-actualizara-los-indicadores-durante-estas-proximas-fiestas\\\/#primaryimage\"},\"thumbnailUrl\":\"https:\\\/\\\/www.laguiadepamplona.com\\\/actualidad\\\/wp-content\\\/uploads\\\/2024\\\/07\\\/premio-veritas.webp\",\"articleSection\":[\"Ayto Pamplona\",\"San Ferm\u00edn\"],\"inLanguage\":\"es\",\"potentialAction\":[{\"@type\":\"CommentAction\",\"name\":\"Comment\",\"target\":[\"https:\\\/\\\/www.laguiadepamplona.com\\\/actualidad\\\/pamplona-verifica-la-huella-de-carbono-de-los-sanfermines-de-2023-y-actualizara-los-indicadores-durante-estas-proximas-fiestas\\\/#respond\"]}]},{\"@type\":\"WebPage\",\"@id\":\"https:\\\/\\\/www.laguiadepamplona.com\\\/actualidad\\\/pamplona-verifica-la-huella-de-carbono-de-los-sanfermines-de-2023-y-actualizara-los-indicadores-durante-estas-proximas-fiestas\\\/\",\"url\":\"https:\\\/\\\/www.laguiadepamplona.com\\\/actualidad\\\/pamplona-verifica-la-huella-de-carbono-de-los-sanfermines-de-2023-y-actualizara-los-indicadores-durante-estas-proximas-fiestas\\\/\",\"name\":\"Pamplona verifica la Huella de Carbono de los Sanfermines de 2023 y actualizar\u00e1 los indicadores durante estas pr\u00f3ximas fiestas\",\"isPartOf\":{\"@id\":\"https:\\\/\\\/www.laguiadepamplona.com\\\/actualidad\\\/#website\"},\"primaryImageOfPage\":{\"@id\":\"https:\\\/\\\/www.laguiadepamplona.com\\\/actualidad\\\/pamplona-verifica-la-huella-de-carbono-de-los-sanfermines-de-2023-y-actualizara-los-indicadores-durante-estas-proximas-fiestas\\\/#primaryimage\"},\"image\":{\"@id\":\"https:\\\/\\\/www.laguiadepamplona.com\\\/actualidad\\\/pamplona-verifica-la-huella-de-carbono-de-los-sanfermines-de-2023-y-actualizara-los-indicadores-durante-estas-proximas-fiestas\\\/#primaryimage\"},\"thumbnailUrl\":\"https:\\\/\\\/www.laguiadepamplona.com\\\/actualidad\\\/wp-content\\\/uploads\\\/2024\\\/07\\\/premio-veritas.webp\",\"datePublished\":\"2024-07-03T18:06:59+00:00\",\"dateModified\":\"2024-07-03T18:07:07+00:00\",\"description\":\"La entidad certificadora Bureau Veritas ha verificado las emisiones directas e indirectas de gases de efecto invernadero en trasporte, organizaci\u00f3n y energ\u00eda\",\"breadcrumb\":{\"@id\":\"https:\\\/\\\/www.laguiadepamplona.com\\\/actualidad\\\/pamplona-verifica-la-huella-de-carbono-de-los-sanfermines-de-2023-y-actualizara-los-indicadores-durante-estas-proximas-fiestas\\\/#breadcrumb\"},\"inLanguage\":\"es\",\"potentialAction\":[{\"@type\":\"ReadAction\",\"target\":[\"https:\\\/\\\/www.laguiadepamplona.com\\\/actualidad\\\/pamplona-verifica-la-huella-de-carbono-de-los-sanfermines-de-2023-y-actualizara-los-indicadores-durante-estas-proximas-fiestas\\\/\"]}]},{\"@type\":\"ImageObject\",\"inLanguage\":\"es\",\"@id\":\"https:\\\/\\\/www.laguiadepamplona.com\\\/actualidad\\\/pamplona-verifica-la-huella-de-carbono-de-los-sanfermines-de-2023-y-actualizara-los-indicadores-durante-estas-proximas-fiestas\\\/#primaryimage\",\"url\":\"https:\\\/\\\/www.laguiadepamplona.com\\\/actualidad\\\/wp-content\\\/uploads\\\/2024\\\/07\\\/premio-veritas.webp\",\"contentUrl\":\"https:\\\/\\\/www.laguiadepamplona.com\\\/actualidad\\\/wp-content\\\/uploads\\\/2024\\\/07\\\/premio-veritas.webp\",\"width\":1000,\"height\":667,\"caption\":\"premio veritas\"},{\"@type\":\"BreadcrumbList\",\"@id\":\"https:\\\/\\\/www.laguiadepamplona.com\\\/actualidad\\\/pamplona-verifica-la-huella-de-carbono-de-los-sanfermines-de-2023-y-actualizara-los-indicadores-durante-estas-proximas-fiestas\\\/#breadcrumb\",\"itemListElement\":[{\"@type\":\"ListItem\",\"position\":1,\"name\":\"Portada\",\"item\":\"https:\\\/\\\/www.laguiadepamplona.com\\\/actualidad\\\/\"},{\"@type\":\"ListItem\",\"position\":2,\"name\":\"Pamplona verifica la Huella de Carbono de los Sanfermines de 2023 y actualizar\u00e1 los indicadores durante estas pr\u00f3ximas fiestas\"}]},{\"@type\":\"WebSite\",\"@id\":\"https:\\\/\\\/www.laguiadepamplona.com\\\/actualidad\\\/#website\",\"url\":\"https:\\\/\\\/www.laguiadepamplona.com\\\/actualidad\\\/\",\"name\":\"La gu\u00eda de Pamplona\",\"description\":\"Noticias de Pamplona\",\"publisher\":{\"@id\":\"https:\\\/\\\/www.laguiadepamplona.com\\\/actualidad\\\/#organization\"},\"potentialAction\":[{\"@type\":\"SearchAction\",\"target\":{\"@type\":\"EntryPoint\",\"urlTemplate\":\"https:\\\/\\\/www.laguiadepamplona.com\\\/actualidad\\\/?s={search_term_string}\"},\"query-input\":{\"@type\":\"PropertyValueSpecification\",\"valueRequired\":true,\"valueName\":\"search_term_string\"}}],\"inLanguage\":\"es\"},{\"@type\":\"Organization\",\"@id\":\"https:\\\/\\\/www.laguiadepamplona.com\\\/actualidad\\\/#organization\",\"name\":\"La Gu\u00eda de Pamplona \\\/ Noticias\",\"url\":\"https:\\\/\\\/www.laguiadepamplona.com\\\/actualidad\\\/\",\"logo\":{\"@type\":\"ImageObject\",\"inLanguage\":\"es\",\"@id\":\"https:\\\/\\\/www.laguiadepamplona.com\\\/actualidad\\\/#\\\/schema\\\/logo\\\/image\\\/\",\"url\":\"https:\\\/\\\/www.laguiadepamplona.com\\\/actualidad\\\/wp-content\\\/uploads\\\/2018\\\/11\\\/logo-laguiadepamplona18-web1.png\",\"contentUrl\":\"https:\\\/\\\/www.laguiadepamplona.com\\\/actualidad\\\/wp-content\\\/uploads\\\/2018\\\/11\\\/logo-laguiadepamplona18-web1.png\",\"width\":600,\"height\":196,\"caption\":\"La Gu\u00eda de Pamplona \\\/ Noticias\"},\"image\":{\"@id\":\"https:\\\/\\\/www.laguiadepamplona.com\\\/actualidad\\\/#\\\/schema\\\/logo\\\/image\\\/\"},\"sameAs\":[\"https:\\\/\\\/www.facebook.com\\\/laguiadepamplonacom-133175176762273\\\/?ref=hl\",\"https:\\\/\\\/x.com\\\/LaGuiadPamplona\",\"https:\\\/\\\/www.instagram.com\\\/la_guia_de_pamplona\\\/\",\"https:\\\/\\\/www.youtube.com\\\/user\\\/laguiadepamplona\"]},{\"@type\":\"Person\",\"@id\":\"https:\\\/\\\/www.laguiadepamplona.com\\\/actualidad\\\/#\\\/schema\\\/person\\\/efe887376f0213d4657c93adc50b1fdb\",\"name\":\"La Gu\u00eda de Pamplona\",\"image\":{\"@type\":\"ImageObject\",\"inLanguage\":\"es\",\"@id\":\"https:\\\/\\\/secure.gravatar.com\\\/avatar\\\/b6992f131dc8d30ab0dff15446e9d346d9dbd95992de0fef795073f5ea83a81c?s=96&d=mm&r=g\",\"url\":\"https:\\\/\\\/secure.gravatar.com\\\/avatar\\\/b6992f131dc8d30ab0dff15446e9d346d9dbd95992de0fef795073f5ea83a81c?s=96&d=mm&r=g\",\"contentUrl\":\"https:\\\/\\\/secure.gravatar.com\\\/avatar\\\/b6992f131dc8d30ab0dff15446e9d346d9dbd95992de0fef795073f5ea83a81c?s=96&d=mm&r=g\",\"caption\":\"La Gu\u00eda de Pamplona\"}}]}<\/script>\n<!-- \/ Yoast SEO plugin. -->","yoast_head_json":{"title":"Pamplona verifica la Huella de Carbono de los Sanfermines de 2023 y actualizar\u00e1 los indicadores durante estas pr\u00f3ximas fiestas","description":"La entidad certificadora Bureau Veritas ha verificado las emisiones directas e indirectas de gases de efecto invernadero en trasporte, organizaci\u00f3n y energ\u00eda","robots":{"index":"index","follow":"follow","max-snippet":"max-snippet:-1","max-image-preview":"max-image-preview:large","max-video-preview":"max-video-preview:-1"},"canonical":"https:\/\/www.laguiadepamplona.com\/actualidad\/pamplona-verifica-la-huella-de-carbono-de-los-sanfermines-de-2023-y-actualizara-los-indicadores-durante-estas-proximas-fiestas\/","og_locale":"es_ES","og_type":"article","og_title":"Pamplona verifica la Huella de Carbono de los Sanfermines de 2023 y actualizar\u00e1 los indicadores durante estas pr\u00f3ximas fiestas","og_description":"La entidad certificadora Bureau Veritas ha verificado las emisiones directas e indirectas de gases de efecto invernadero en trasporte, organizaci\u00f3n y energ\u00eda","og_url":"https:\/\/www.laguiadepamplona.com\/actualidad\/pamplona-verifica-la-huella-de-carbono-de-los-sanfermines-de-2023-y-actualizara-los-indicadores-durante-estas-proximas-fiestas\/","og_site_name":"La Gu\u00eda de Pamplona","article_publisher":"https:\/\/www.facebook.com\/laguiadepamplonacom-133175176762273\/?ref=hl","article_published_time":"2024-07-03T18:06:59+00:00","article_modified_time":"2024-07-03T18:07:07+00:00","og_image":[{"width":1000,"height":667,"url":"https:\/\/www.laguiadepamplona.com\/actualidad\/wp-content\/uploads\/2024\/07\/premio-veritas.webp","type":"image\/webp"}],"author":"La Gu\u00eda de Pamplona","twitter_card":"summary_large_image","twitter_creator":"@LaGuiadPamplona","twitter_site":"@LaGuiadPamplona","twitter_misc":{"Escrito por":"La Gu\u00eda de Pamplona","Tiempo de lectura":"3 minutos"},"schema":{"@context":"https:\/\/schema.org","@graph":[{"@type":"Article","@id":"https:\/\/www.laguiadepamplona.com\/actualidad\/pamplona-verifica-la-huella-de-carbono-de-los-sanfermines-de-2023-y-actualizara-los-indicadores-durante-estas-proximas-fiestas\/#article","isPartOf":{"@id":"https:\/\/www.laguiadepamplona.com\/actualidad\/pamplona-verifica-la-huella-de-carbono-de-los-sanfermines-de-2023-y-actualizara-los-indicadores-durante-estas-proximas-fiestas\/"},"author":{"name":"La Gu\u00eda de Pamplona","@id":"https:\/\/www.laguiadepamplona.com\/actualidad\/#\/schema\/person\/efe887376f0213d4657c93adc50b1fdb"},"headline":"Pamplona verifica la Huella de Carbono de los Sanfermines de 2023 y actualizar\u00e1 los indicadores durante estas pr\u00f3ximas fiestas","datePublished":"2024-07-03T18:06:59+00:00","dateModified":"2024-07-03T18:07:07+00:00","mainEntityOfPage":{"@id":"https:\/\/www.laguiadepamplona.com\/actualidad\/pamplona-verifica-la-huella-de-carbono-de-los-sanfermines-de-2023-y-actualizara-los-indicadores-durante-estas-proximas-fiestas\/"},"wordCount":489,"commentCount":0,"publisher":{"@id":"https:\/\/www.laguiadepamplona.com\/actualidad\/#organization"},"image":{"@id":"https:\/\/www.laguiadepamplona.com\/actualidad\/pamplona-verifica-la-huella-de-carbono-de-los-sanfermines-de-2023-y-actualizara-los-indicadores-durante-estas-proximas-fiestas\/#primaryimage"},"thumbnailUrl":"https:\/\/www.laguiadepamplona.com\/actualidad\/wp-content\/uploads\/2024\/07\/premio-veritas.webp","articleSection":["Ayto Pamplona","San Ferm\u00edn"],"inLanguage":"es","potentialAction":[{"@type":"CommentAction","name":"Comment","target":["https:\/\/www.laguiadepamplona.com\/actualidad\/pamplona-verifica-la-huella-de-carbono-de-los-sanfermines-de-2023-y-actualizara-los-indicadores-durante-estas-proximas-fiestas\/#respond"]}]},{"@type":"WebPage","@id":"https:\/\/www.laguiadepamplona.com\/actualidad\/pamplona-verifica-la-huella-de-carbono-de-los-sanfermines-de-2023-y-actualizara-los-indicadores-durante-estas-proximas-fiestas\/","url":"https:\/\/www.laguiadepamplona.com\/actualidad\/pamplona-verifica-la-huella-de-carbono-de-los-sanfermines-de-2023-y-actualizara-los-indicadores-durante-estas-proximas-fiestas\/","name":"Pamplona verifica la Huella de Carbono de los Sanfermines de 2023 y actualizar\u00e1 los indicadores durante estas pr\u00f3ximas fiestas","isPartOf":{"@id":"https:\/\/www.laguiadepamplona.com\/actualidad\/#website"},"primaryImageOfPage":{"@id":"https:\/\/www.laguiadepamplona.com\/actualidad\/pamplona-verifica-la-huella-de-carbono-de-los-sanfermines-de-2023-y-actualizara-los-indicadores-durante-estas-proximas-fiestas\/#primaryimage"},"image":{"@id":"https:\/\/www.laguiadepamplona.com\/actualidad\/pamplona-verifica-la-huella-de-carbono-de-los-sanfermines-de-2023-y-actualizara-los-indicadores-durante-estas-proximas-fiestas\/#primaryimage"},"thumbnailUrl":"https:\/\/www.laguiadepamplona.com\/actualidad\/wp-content\/uploads\/2024\/07\/premio-veritas.webp","datePublished":"2024-07-03T18:06:59+00:00","dateModified":"2024-07-03T18:07:07+00:00","description":"La entidad certificadora Bureau Veritas ha verificado las emisiones directas e indirectas de gases de efecto invernadero en trasporte, organizaci\u00f3n y energ\u00eda","breadcrumb":{"@id":"https:\/\/www.laguiadepamplona.com\/actualidad\/pamplona-verifica-la-huella-de-carbono-de-los-sanfermines-de-2023-y-actualizara-los-indicadores-durante-estas-proximas-fiestas\/#breadcrumb"},"inLanguage":"es","potentialAction":[{"@type":"ReadAction","target":["https:\/\/www.laguiadepamplona.com\/actualidad\/pamplona-verifica-la-huella-de-carbono-de-los-sanfermines-de-2023-y-actualizara-los-indicadores-durante-estas-proximas-fiestas\/"]}]},{"@type":"ImageObject","inLanguage":"es","@id":"https:\/\/www.laguiadepamplona.com\/actualidad\/pamplona-verifica-la-huella-de-carbono-de-los-sanfermines-de-2023-y-actualizara-los-indicadores-durante-estas-proximas-fiestas\/#primaryimage","url":"https:\/\/www.laguiadepamplona.com\/actualidad\/wp-content\/uploads\/2024\/07\/premio-veritas.webp","contentUrl":"https:\/\/www.laguiadepamplona.com\/actualidad\/wp-content\/uploads\/2024\/07\/premio-veritas.webp","width":1000,"height":667,"caption":"premio veritas"},{"@type":"BreadcrumbList","@id":"https:\/\/www.laguiadepamplona.com\/actualidad\/pamplona-verifica-la-huella-de-carbono-de-los-sanfermines-de-2023-y-actualizara-los-indicadores-durante-estas-proximas-fiestas\/#breadcrumb","itemListElement":[{"@type":"ListItem","position":1,"name":"Portada","item":"https:\/\/www.laguiadepamplona.com\/actualidad\/"},{"@type":"ListItem","position":2,"name":"Pamplona verifica la Huella de Carbono de los Sanfermines de 2023 y actualizar\u00e1 los indicadores durante estas pr\u00f3ximas fiestas"}]},{"@type":"WebSite","@id":"https:\/\/www.laguiadepamplona.com\/actualidad\/#website","url":"https:\/\/www.laguiadepamplona.com\/actualidad\/","name":"La gu\u00eda de Pamplona","description":"Noticias de Pamplona","publisher":{"@id":"https:\/\/www.laguiadepamplona.com\/actualidad\/#organization"},"potentialAction":[{"@type":"SearchAction","target":{"@type":"EntryPoint","urlTemplate":"https:\/\/www.laguiadepamplona.com\/actualidad\/?s={search_term_string}"},"query-input":{"@type":"PropertyValueSpecification","valueRequired":true,"valueName":"search_term_string"}}],"inLanguage":"es"},{"@type":"Organization","@id":"https:\/\/www.laguiadepamplona.com\/actualidad\/#organization","name":"La Gu\u00eda de Pamplona \/ Noticias","url":"https:\/\/www.laguiadepamplona.com\/actualidad\/","logo":{"@type":"ImageObject","inLanguage":"es","@id":"https:\/\/www.laguiadepamplona.com\/actualidad\/#\/schema\/logo\/image\/","url":"https:\/\/www.laguiadepamplona.com\/actualidad\/wp-content\/uploads\/2018\/11\/logo-laguiadepamplona18-web1.png","contentUrl":"https:\/\/www.laguiadepamplona.com\/actualidad\/wp-content\/uploads\/2018\/11\/logo-laguiadepamplona18-web1.png","width":600,"height":196,"caption":"La Gu\u00eda de Pamplona \/ Noticias"},"image":{"@id":"https:\/\/www.laguiadepamplona.com\/actualidad\/#\/schema\/logo\/image\/"},"sameAs":["https:\/\/www.facebook.com\/laguiadepamplonacom-133175176762273\/?ref=hl","https:\/\/x.com\/LaGuiadPamplona","https:\/\/www.instagram.com\/la_guia_de_pamplona\/","https:\/\/www.youtube.com\/user\/laguiadepamplona"]},{"@type":"Person","@id":"https:\/\/www.laguiadepamplona.com\/actualidad\/#\/schema\/person\/efe887376f0213d4657c93adc50b1fdb","name":"La Gu\u00eda de Pamplona","image":{"@type":"ImageObject","inLanguage":"es","@id":"https:\/\/secure.gravatar.com\/avatar\/b6992f131dc8d30ab0dff15446e9d346d9dbd95992de0fef795073f5ea83a81c?s=96&d=mm&r=g","url":"https:\/\/secure.gravatar.com\/avatar\/b6992f131dc8d30ab0dff15446e9d346d9dbd95992de0fef795073f5ea83a81c?s=96&d=mm&r=g","contentUrl":"https:\/\/secure.gravatar.com\/avatar\/b6992f131dc8d30ab0dff15446e9d346d9dbd95992de0fef795073f5ea83a81c?s=96&d=mm&r=g","caption":"La Gu\u00eda de Pamplona"}}]}},"post_mailing_queue_ids":[],"_links":{"self":[{"href":"https:\/\/www.laguiadepamplona.com\/actualidad\/wp-json\/wp\/v2\/posts\/50271","targetHints":{"allow":["GET"]}}],"collection":[{"href":"https:\/\/www.laguiadepamplona.com\/actualidad\/wp-json\/wp\/v2\/posts"}],"about":[{"href":"https:\/\/www.laguiadepamplona.com\/actualidad\/wp-json\/wp\/v2\/types\/post"}],"author":[{"embeddable":true,"href":"https:\/\/www.laguiadepamplona.com\/actualidad\/wp-json\/wp\/v2\/users\/1"}],"replies":[{"embeddable":true,"href":"https:\/\/www.laguiadepamplona.com\/actualidad\/wp-json\/wp\/v2\/comments?post=50271"}],"version-history":[{"count":1,"href":"https:\/\/www.laguiadepamplona.com\/actualidad\/wp-json\/wp\/v2\/posts\/50271\/revisions"}],"predecessor-version":[{"id":50273,"href":"https:\/\/www.laguiadepamplona.com\/actualidad\/wp-json\/wp\/v2\/posts\/50271\/revisions\/50273"}],"wp:featuredmedia":[{"embeddable":true,"href":"https:\/\/www.laguiadepamplona.com\/actualidad\/wp-json\/wp\/v2\/media\/50272"}],"wp:attachment":[{"href":"https:\/\/www.laguiadepamplona.com\/actualidad\/wp-json\/wp\/v2\/media?parent=50271"}],"wp:term":[{"taxonomy":"category","embeddable":true,"href":"https:\/\/www.laguiadepamplona.com\/actualidad\/wp-json\/wp\/v2\/categories?post=50271"},{"taxonomy":"post_tag","embeddable":true,"href":"https:\/\/www.laguiadepamplona.com\/actualidad\/wp-json\/wp\/v2\/tags?post=50271"}],"curies":[{"name":"wp","href":"https:\/\/api.w.org\/{rel}","templated":true}]}}