{"id":50268,"date":"2024-07-03T20:05:29","date_gmt":"2024-07-03T18:05:29","guid":{"rendered":"https:\/\/www.laguiadepamplona.com\/actualidad\/?p=50268"},"modified":"2024-07-03T20:07:24","modified_gmt":"2024-07-03T18:07:24","slug":"una-imagen-de-la-plaza-consistorial-en-el-chupinazo-protagoniza-este-domingo-7-de-julio-el-cupon-de-el-sueldazo-del-fin-de-semana-de-la-once","status":"publish","type":"post","link":"https:\/\/www.laguiadepamplona.com\/actualidad\/una-imagen-de-la-plaza-consistorial-en-el-chupinazo-protagoniza-este-domingo-7-de-julio-el-cupon-de-el-sueldazo-del-fin-de-semana-de-la-once\/","title":{"rendered":"Una imagen de la plaza Consistorial en el Chupinazo protagoniza este domingo 7 de julio el cup\u00f3n de \u201cEl Sueldazo del fin de semana\u201d de la ONCE"},"content":{"rendered":"<h2>El alcalde de Pamplona ha recibido al delegado territorial y a la presidenta del Consejo Territorial de la ONCE que le han presentado el dise\u00f1o del cup\u00f3n<\/h2>\n<p><!--more--><\/p>\n<p>Una imagen de la plaza Consistorial en el Chupinazo con los gaiteros reci\u00e9n salidos a la calle desde el zagu\u00e1n protagonizar\u00e1 el cup\u00f3n que la ONCE va a dedicar a las fiestas de Pamplona este domingo 7 de julio. El alcalde de Pamplona, Joseba Asiron Saez, ha recibido esta ma\u00f1ana en su despacho de la Casa Consistorial al delegado territorial de la ONCE en Navarra, Valent\u00edn Fort\u00fan Arriezu, y a la presidenta del Consejo Territorial, Pilar Herrero Jim\u00e9nez.<\/p>\n<p>En el encuentro los representantes de la entidad le han hecho entrega a Asiron del programa de los Sanfermines 2024 en braille, tanto en euskera como en castellano, un ejemplar que estar\u00e1 disponible en el zagu\u00e1n a partir del 8 de julio. Habr\u00e1 otro disponible en la sede de la ONCE. Tambi\u00e9n le han ofrecido al alcalde una l\u00e1mina enmarcada del cup\u00f3n de este a\u00f1o.<\/p>\n<p>Un a\u00f1o m\u00e1s la ONCE ha querido homenajear a los Sanfermines para lo que suele elegir im\u00e1genes representativas de momenticos, personajes u otros elementos caracter\u00edsticos. En 2023 fue la procesi\u00f3n, en 2022 los c\u00e1nticos frente a la hornacina antes del encierro y en 2021 la despedida de los Gigantes y Cabezudos, de nuevo con una imagen de la Plaza Consistorial, en este caso los \u00faltimos bailes de la fiesta. En otras ediciones se han plasmado im\u00e1genes del encierro, del santo o de la Plaza Consistorial en el Chupinazo.<\/p>\n<p>El Sueldazo del fin de semana de la ONCE ofrece, todos los s\u00e1bados y domingos, un premio principal a las cinco cifras y serie de 300.000 euros, m\u00e1s 5.000 euros al mes durante 20 a\u00f1os consecutivos a un solo cup\u00f3n. Y premios de 2.000 euros al mes durante 10 a\u00f1os consecutivos, a otros cuatro cupones. Esos cupones los venden los m\u00e1s de 20.400 agentes de la entidad en todo el Estado, 181 personas en Navarra. Adem\u00e1s, se pueden adquirir desde la p\u00e1gina web oficial de Juegos ONCE (<a href=\"http:\/\/www.juegosonce.es\" target=\"_blank\" rel=\"noopener\">www.juegosonce.es<\/a>), establecimientos colaboradores autorizados. Gracias al Terminal Punto de Venta (TPV), se puede incluso elegir el n\u00famero que m\u00e1s guste para cada sorteo.<\/p>\n","protected":false},"excerpt":{"rendered":"<p>El alcalde de Pamplona ha recibido al delegado territorial y a la presidenta del Consejo Territorial de la ONCE que le han presentado el dise\u00f1o del cup\u00f3n<\/p>\n","protected":false},"author":1,"featured_media":50269,"comment_status":"open","ping_status":"closed","sticky":false,"template":"","format":"standard","meta":{"footnotes":""},"categories":[2,9406],"tags":[],"class_list":["post-50268","post","type-post","status-publish","format-standard","has-post-thumbnail","hentry","category-ayuntamiento-pamplona","category-san-fermin"],"yoast_head":"<!-- This site is optimized with the Yoast SEO plugin v27.3 - https:\/\/yoast.com\/product\/yoast-seo-wordpress\/ -->\n<title>Una imagen de la plaza Consistorial en el Chupinazo protagoniza este domingo 7 de julio el cup\u00f3n de \u201cEl Sueldazo del fin de semana\u201d de la ONCE<\/title>\n<meta name=\"description\" content=\"El alcalde de Pamplona ha recibido al delegado territorial y a la presidenta del Consejo Territorial de la ONCE que le han presentado el dise\u00f1o del cup\u00f3n\" \/>\n<meta name=\"robots\" content=\"index, follow, max-snippet:-1, max-image-preview:large, max-video-preview:-1\" \/>\n<link rel=\"canonical\" href=\"https:\/\/www.laguiadepamplona.com\/actualidad\/una-imagen-de-la-plaza-consistorial-en-el-chupinazo-protagoniza-este-domingo-7-de-julio-el-cupon-de-el-sueldazo-del-fin-de-semana-de-la-once\/\" \/>\n<meta property=\"og:locale\" content=\"es_ES\" \/>\n<meta property=\"og:type\" content=\"article\" \/>\n<meta property=\"og:title\" content=\"Una imagen de la plaza Consistorial en el Chupinazo protagoniza este domingo 7 de julio el cup\u00f3n de \u201cEl Sueldazo del fin de semana\u201d de la ONCE\" \/>\n<meta property=\"og:description\" content=\"El alcalde de Pamplona ha recibido al delegado territorial y a la presidenta del Consejo Territorial de la ONCE que le han presentado el dise\u00f1o del cup\u00f3n\" \/>\n<meta property=\"og:url\" content=\"https:\/\/www.laguiadepamplona.com\/actualidad\/una-imagen-de-la-plaza-consistorial-en-el-chupinazo-protagoniza-este-domingo-7-de-julio-el-cupon-de-el-sueldazo-del-fin-de-semana-de-la-once\/\" \/>\n<meta property=\"og:site_name\" content=\"La Gu\u00eda de Pamplona\" \/>\n<meta property=\"article:publisher\" content=\"https:\/\/www.facebook.com\/laguiadepamplonacom-133175176762273\/?ref=hl\" \/>\n<meta property=\"article:published_time\" content=\"2024-07-03T18:05:29+00:00\" \/>\n<meta property=\"article:modified_time\" content=\"2024-07-03T18:07:24+00:00\" \/>\n<meta property=\"og:image\" content=\"https:\/\/www.laguiadepamplona.com\/actualidad\/wp-content\/uploads\/2024\/07\/cupononce1_0.webp\" \/>\n\t<meta property=\"og:image:width\" content=\"1000\" \/>\n\t<meta property=\"og:image:height\" content=\"667\" \/>\n\t<meta property=\"og:image:type\" content=\"image\/webp\" \/>\n<meta name=\"author\" content=\"La Gu\u00eda de Pamplona\" \/>\n<meta name=\"twitter:card\" content=\"summary_large_image\" \/>\n<meta name=\"twitter:creator\" content=\"@LaGuiadPamplona\" \/>\n<meta name=\"twitter:site\" content=\"@LaGuiadPamplona\" \/>\n<meta name=\"twitter:label1\" content=\"Escrito por\" \/>\n\t<meta name=\"twitter:data1\" content=\"La Gu\u00eda de Pamplona\" \/>\n\t<meta name=\"twitter:label2\" content=\"Tiempo de lectura\" \/>\n\t<meta name=\"twitter:data2\" content=\"2 minutos\" \/>\n<script type=\"application\/ld+json\" class=\"yoast-schema-graph\">{\"@context\":\"https:\\\/\\\/schema.org\",\"@graph\":[{\"@type\":\"Article\",\"@id\":\"https:\\\/\\\/www.laguiadepamplona.com\\\/actualidad\\\/una-imagen-de-la-plaza-consistorial-en-el-chupinazo-protagoniza-este-domingo-7-de-julio-el-cupon-de-el-sueldazo-del-fin-de-semana-de-la-once\\\/#article\",\"isPartOf\":{\"@id\":\"https:\\\/\\\/www.laguiadepamplona.com\\\/actualidad\\\/una-imagen-de-la-plaza-consistorial-en-el-chupinazo-protagoniza-este-domingo-7-de-julio-el-cupon-de-el-sueldazo-del-fin-de-semana-de-la-once\\\/\"},\"author\":{\"name\":\"La Gu\u00eda de Pamplona\",\"@id\":\"https:\\\/\\\/www.laguiadepamplona.com\\\/actualidad\\\/#\\\/schema\\\/person\\\/efe887376f0213d4657c93adc50b1fdb\"},\"headline\":\"Una imagen de la plaza Consistorial en el Chupinazo protagoniza este domingo 7 de julio el cup\u00f3n de \u201cEl Sueldazo del fin de semana\u201d de la ONCE\",\"datePublished\":\"2024-07-03T18:05:29+00:00\",\"dateModified\":\"2024-07-03T18:07:24+00:00\",\"mainEntityOfPage\":{\"@id\":\"https:\\\/\\\/www.laguiadepamplona.com\\\/actualidad\\\/una-imagen-de-la-plaza-consistorial-en-el-chupinazo-protagoniza-este-domingo-7-de-julio-el-cupon-de-el-sueldazo-del-fin-de-semana-de-la-once\\\/\"},\"wordCount\":415,\"commentCount\":0,\"publisher\":{\"@id\":\"https:\\\/\\\/www.laguiadepamplona.com\\\/actualidad\\\/#organization\"},\"image\":{\"@id\":\"https:\\\/\\\/www.laguiadepamplona.com\\\/actualidad\\\/una-imagen-de-la-plaza-consistorial-en-el-chupinazo-protagoniza-este-domingo-7-de-julio-el-cupon-de-el-sueldazo-del-fin-de-semana-de-la-once\\\/#primaryimage\"},\"thumbnailUrl\":\"https:\\\/\\\/www.laguiadepamplona.com\\\/actualidad\\\/wp-content\\\/uploads\\\/2024\\\/07\\\/cupononce1_0.webp\",\"articleSection\":[\"Ayto Pamplona\",\"San Ferm\u00edn\"],\"inLanguage\":\"es\",\"potentialAction\":[{\"@type\":\"CommentAction\",\"name\":\"Comment\",\"target\":[\"https:\\\/\\\/www.laguiadepamplona.com\\\/actualidad\\\/una-imagen-de-la-plaza-consistorial-en-el-chupinazo-protagoniza-este-domingo-7-de-julio-el-cupon-de-el-sueldazo-del-fin-de-semana-de-la-once\\\/#respond\"]}]},{\"@type\":\"WebPage\",\"@id\":\"https:\\\/\\\/www.laguiadepamplona.com\\\/actualidad\\\/una-imagen-de-la-plaza-consistorial-en-el-chupinazo-protagoniza-este-domingo-7-de-julio-el-cupon-de-el-sueldazo-del-fin-de-semana-de-la-once\\\/\",\"url\":\"https:\\\/\\\/www.laguiadepamplona.com\\\/actualidad\\\/una-imagen-de-la-plaza-consistorial-en-el-chupinazo-protagoniza-este-domingo-7-de-julio-el-cupon-de-el-sueldazo-del-fin-de-semana-de-la-once\\\/\",\"name\":\"Una imagen de la plaza Consistorial en el Chupinazo protagoniza este domingo 7 de julio el cup\u00f3n de \u201cEl Sueldazo del fin de semana\u201d de la ONCE\",\"isPartOf\":{\"@id\":\"https:\\\/\\\/www.laguiadepamplona.com\\\/actualidad\\\/#website\"},\"primaryImageOfPage\":{\"@id\":\"https:\\\/\\\/www.laguiadepamplona.com\\\/actualidad\\\/una-imagen-de-la-plaza-consistorial-en-el-chupinazo-protagoniza-este-domingo-7-de-julio-el-cupon-de-el-sueldazo-del-fin-de-semana-de-la-once\\\/#primaryimage\"},\"image\":{\"@id\":\"https:\\\/\\\/www.laguiadepamplona.com\\\/actualidad\\\/una-imagen-de-la-plaza-consistorial-en-el-chupinazo-protagoniza-este-domingo-7-de-julio-el-cupon-de-el-sueldazo-del-fin-de-semana-de-la-once\\\/#primaryimage\"},\"thumbnailUrl\":\"https:\\\/\\\/www.laguiadepamplona.com\\\/actualidad\\\/wp-content\\\/uploads\\\/2024\\\/07\\\/cupononce1_0.webp\",\"datePublished\":\"2024-07-03T18:05:29+00:00\",\"dateModified\":\"2024-07-03T18:07:24+00:00\",\"description\":\"El alcalde de Pamplona ha recibido al delegado territorial y a la presidenta del Consejo Territorial de la ONCE que le han presentado el dise\u00f1o del cup\u00f3n\",\"breadcrumb\":{\"@id\":\"https:\\\/\\\/www.laguiadepamplona.com\\\/actualidad\\\/una-imagen-de-la-plaza-consistorial-en-el-chupinazo-protagoniza-este-domingo-7-de-julio-el-cupon-de-el-sueldazo-del-fin-de-semana-de-la-once\\\/#breadcrumb\"},\"inLanguage\":\"es\",\"potentialAction\":[{\"@type\":\"ReadAction\",\"target\":[\"https:\\\/\\\/www.laguiadepamplona.com\\\/actualidad\\\/una-imagen-de-la-plaza-consistorial-en-el-chupinazo-protagoniza-este-domingo-7-de-julio-el-cupon-de-el-sueldazo-del-fin-de-semana-de-la-once\\\/\"]}]},{\"@type\":\"ImageObject\",\"inLanguage\":\"es\",\"@id\":\"https:\\\/\\\/www.laguiadepamplona.com\\\/actualidad\\\/una-imagen-de-la-plaza-consistorial-en-el-chupinazo-protagoniza-este-domingo-7-de-julio-el-cupon-de-el-sueldazo-del-fin-de-semana-de-la-once\\\/#primaryimage\",\"url\":\"https:\\\/\\\/www.laguiadepamplona.com\\\/actualidad\\\/wp-content\\\/uploads\\\/2024\\\/07\\\/cupononce1_0.webp\",\"contentUrl\":\"https:\\\/\\\/www.laguiadepamplona.com\\\/actualidad\\\/wp-content\\\/uploads\\\/2024\\\/07\\\/cupononce1_0.webp\",\"width\":1000,\"height\":667,\"caption\":\"cup\u00f3n once\"},{\"@type\":\"BreadcrumbList\",\"@id\":\"https:\\\/\\\/www.laguiadepamplona.com\\\/actualidad\\\/una-imagen-de-la-plaza-consistorial-en-el-chupinazo-protagoniza-este-domingo-7-de-julio-el-cupon-de-el-sueldazo-del-fin-de-semana-de-la-once\\\/#breadcrumb\",\"itemListElement\":[{\"@type\":\"ListItem\",\"position\":1,\"name\":\"Portada\",\"item\":\"https:\\\/\\\/www.laguiadepamplona.com\\\/actualidad\\\/\"},{\"@type\":\"ListItem\",\"position\":2,\"name\":\"Una imagen de la plaza Consistorial en el Chupinazo protagoniza este domingo 7 de julio el cup\u00f3n de \u201cEl Sueldazo del fin de semana\u201d de la ONCE\"}]},{\"@type\":\"WebSite\",\"@id\":\"https:\\\/\\\/www.laguiadepamplona.com\\\/actualidad\\\/#website\",\"url\":\"https:\\\/\\\/www.laguiadepamplona.com\\\/actualidad\\\/\",\"name\":\"La gu\u00eda de Pamplona\",\"description\":\"Noticias de Pamplona\",\"publisher\":{\"@id\":\"https:\\\/\\\/www.laguiadepamplona.com\\\/actualidad\\\/#organization\"},\"potentialAction\":[{\"@type\":\"SearchAction\",\"target\":{\"@type\":\"EntryPoint\",\"urlTemplate\":\"https:\\\/\\\/www.laguiadepamplona.com\\\/actualidad\\\/?s={search_term_string}\"},\"query-input\":{\"@type\":\"PropertyValueSpecification\",\"valueRequired\":true,\"valueName\":\"search_term_string\"}}],\"inLanguage\":\"es\"},{\"@type\":\"Organization\",\"@id\":\"https:\\\/\\\/www.laguiadepamplona.com\\\/actualidad\\\/#organization\",\"name\":\"La Gu\u00eda de Pamplona \\\/ Noticias\",\"url\":\"https:\\\/\\\/www.laguiadepamplona.com\\\/actualidad\\\/\",\"logo\":{\"@type\":\"ImageObject\",\"inLanguage\":\"es\",\"@id\":\"https:\\\/\\\/www.laguiadepamplona.com\\\/actualidad\\\/#\\\/schema\\\/logo\\\/image\\\/\",\"url\":\"https:\\\/\\\/www.laguiadepamplona.com\\\/actualidad\\\/wp-content\\\/uploads\\\/2018\\\/11\\\/logo-laguiadepamplona18-web1.png\",\"contentUrl\":\"https:\\\/\\\/www.laguiadepamplona.com\\\/actualidad\\\/wp-content\\\/uploads\\\/2018\\\/11\\\/logo-laguiadepamplona18-web1.png\",\"width\":600,\"height\":196,\"caption\":\"La Gu\u00eda de Pamplona \\\/ Noticias\"},\"image\":{\"@id\":\"https:\\\/\\\/www.laguiadepamplona.com\\\/actualidad\\\/#\\\/schema\\\/logo\\\/image\\\/\"},\"sameAs\":[\"https:\\\/\\\/www.facebook.com\\\/laguiadepamplonacom-133175176762273\\\/?ref=hl\",\"https:\\\/\\\/x.com\\\/LaGuiadPamplona\",\"https:\\\/\\\/www.instagram.com\\\/la_guia_de_pamplona\\\/\",\"https:\\\/\\\/www.youtube.com\\\/user\\\/laguiadepamplona\"]},{\"@type\":\"Person\",\"@id\":\"https:\\\/\\\/www.laguiadepamplona.com\\\/actualidad\\\/#\\\/schema\\\/person\\\/efe887376f0213d4657c93adc50b1fdb\",\"name\":\"La Gu\u00eda de Pamplona\",\"image\":{\"@type\":\"ImageObject\",\"inLanguage\":\"es\",\"@id\":\"https:\\\/\\\/secure.gravatar.com\\\/avatar\\\/b6992f131dc8d30ab0dff15446e9d346d9dbd95992de0fef795073f5ea83a81c?s=96&d=mm&r=g\",\"url\":\"https:\\\/\\\/secure.gravatar.com\\\/avatar\\\/b6992f131dc8d30ab0dff15446e9d346d9dbd95992de0fef795073f5ea83a81c?s=96&d=mm&r=g\",\"contentUrl\":\"https:\\\/\\\/secure.gravatar.com\\\/avatar\\\/b6992f131dc8d30ab0dff15446e9d346d9dbd95992de0fef795073f5ea83a81c?s=96&d=mm&r=g\",\"caption\":\"La Gu\u00eda de Pamplona\"}}]}<\/script>\n<!-- \/ Yoast SEO plugin. -->","yoast_head_json":{"title":"Una imagen de la plaza Consistorial en el Chupinazo protagoniza este domingo 7 de julio el cup\u00f3n de \u201cEl Sueldazo del fin de semana\u201d de la ONCE","description":"El alcalde de Pamplona ha recibido al delegado territorial y a la presidenta del Consejo Territorial de la ONCE que le han presentado el dise\u00f1o del cup\u00f3n","robots":{"index":"index","follow":"follow","max-snippet":"max-snippet:-1","max-image-preview":"max-image-preview:large","max-video-preview":"max-video-preview:-1"},"canonical":"https:\/\/www.laguiadepamplona.com\/actualidad\/una-imagen-de-la-plaza-consistorial-en-el-chupinazo-protagoniza-este-domingo-7-de-julio-el-cupon-de-el-sueldazo-del-fin-de-semana-de-la-once\/","og_locale":"es_ES","og_type":"article","og_title":"Una imagen de la plaza Consistorial en el Chupinazo protagoniza este domingo 7 de julio el cup\u00f3n de \u201cEl Sueldazo del fin de semana\u201d de la ONCE","og_description":"El alcalde de Pamplona ha recibido al delegado territorial y a la presidenta del Consejo Territorial de la ONCE que le han presentado el dise\u00f1o del cup\u00f3n","og_url":"https:\/\/www.laguiadepamplona.com\/actualidad\/una-imagen-de-la-plaza-consistorial-en-el-chupinazo-protagoniza-este-domingo-7-de-julio-el-cupon-de-el-sueldazo-del-fin-de-semana-de-la-once\/","og_site_name":"La Gu\u00eda de Pamplona","article_publisher":"https:\/\/www.facebook.com\/laguiadepamplonacom-133175176762273\/?ref=hl","article_published_time":"2024-07-03T18:05:29+00:00","article_modified_time":"2024-07-03T18:07:24+00:00","og_image":[{"width":1000,"height":667,"url":"https:\/\/www.laguiadepamplona.com\/actualidad\/wp-content\/uploads\/2024\/07\/cupononce1_0.webp","type":"image\/webp"}],"author":"La Gu\u00eda de Pamplona","twitter_card":"summary_large_image","twitter_creator":"@LaGuiadPamplona","twitter_site":"@LaGuiadPamplona","twitter_misc":{"Escrito por":"La Gu\u00eda de Pamplona","Tiempo de lectura":"2 minutos"},"schema":{"@context":"https:\/\/schema.org","@graph":[{"@type":"Article","@id":"https:\/\/www.laguiadepamplona.com\/actualidad\/una-imagen-de-la-plaza-consistorial-en-el-chupinazo-protagoniza-este-domingo-7-de-julio-el-cupon-de-el-sueldazo-del-fin-de-semana-de-la-once\/#article","isPartOf":{"@id":"https:\/\/www.laguiadepamplona.com\/actualidad\/una-imagen-de-la-plaza-consistorial-en-el-chupinazo-protagoniza-este-domingo-7-de-julio-el-cupon-de-el-sueldazo-del-fin-de-semana-de-la-once\/"},"author":{"name":"La Gu\u00eda de Pamplona","@id":"https:\/\/www.laguiadepamplona.com\/actualidad\/#\/schema\/person\/efe887376f0213d4657c93adc50b1fdb"},"headline":"Una imagen de la plaza Consistorial en el Chupinazo protagoniza este domingo 7 de julio el cup\u00f3n de \u201cEl Sueldazo del fin de semana\u201d de la ONCE","datePublished":"2024-07-03T18:05:29+00:00","dateModified":"2024-07-03T18:07:24+00:00","mainEntityOfPage":{"@id":"https:\/\/www.laguiadepamplona.com\/actualidad\/una-imagen-de-la-plaza-consistorial-en-el-chupinazo-protagoniza-este-domingo-7-de-julio-el-cupon-de-el-sueldazo-del-fin-de-semana-de-la-once\/"},"wordCount":415,"commentCount":0,"publisher":{"@id":"https:\/\/www.laguiadepamplona.com\/actualidad\/#organization"},"image":{"@id":"https:\/\/www.laguiadepamplona.com\/actualidad\/una-imagen-de-la-plaza-consistorial-en-el-chupinazo-protagoniza-este-domingo-7-de-julio-el-cupon-de-el-sueldazo-del-fin-de-semana-de-la-once\/#primaryimage"},"thumbnailUrl":"https:\/\/www.laguiadepamplona.com\/actualidad\/wp-content\/uploads\/2024\/07\/cupononce1_0.webp","articleSection":["Ayto Pamplona","San Ferm\u00edn"],"inLanguage":"es","potentialAction":[{"@type":"CommentAction","name":"Comment","target":["https:\/\/www.laguiadepamplona.com\/actualidad\/una-imagen-de-la-plaza-consistorial-en-el-chupinazo-protagoniza-este-domingo-7-de-julio-el-cupon-de-el-sueldazo-del-fin-de-semana-de-la-once\/#respond"]}]},{"@type":"WebPage","@id":"https:\/\/www.laguiadepamplona.com\/actualidad\/una-imagen-de-la-plaza-consistorial-en-el-chupinazo-protagoniza-este-domingo-7-de-julio-el-cupon-de-el-sueldazo-del-fin-de-semana-de-la-once\/","url":"https:\/\/www.laguiadepamplona.com\/actualidad\/una-imagen-de-la-plaza-consistorial-en-el-chupinazo-protagoniza-este-domingo-7-de-julio-el-cupon-de-el-sueldazo-del-fin-de-semana-de-la-once\/","name":"Una imagen de la plaza Consistorial en el Chupinazo protagoniza este domingo 7 de julio el cup\u00f3n de \u201cEl Sueldazo del fin de semana\u201d de la ONCE","isPartOf":{"@id":"https:\/\/www.laguiadepamplona.com\/actualidad\/#website"},"primaryImageOfPage":{"@id":"https:\/\/www.laguiadepamplona.com\/actualidad\/una-imagen-de-la-plaza-consistorial-en-el-chupinazo-protagoniza-este-domingo-7-de-julio-el-cupon-de-el-sueldazo-del-fin-de-semana-de-la-once\/#primaryimage"},"image":{"@id":"https:\/\/www.laguiadepamplona.com\/actualidad\/una-imagen-de-la-plaza-consistorial-en-el-chupinazo-protagoniza-este-domingo-7-de-julio-el-cupon-de-el-sueldazo-del-fin-de-semana-de-la-once\/#primaryimage"},"thumbnailUrl":"https:\/\/www.laguiadepamplona.com\/actualidad\/wp-content\/uploads\/2024\/07\/cupononce1_0.webp","datePublished":"2024-07-03T18:05:29+00:00","dateModified":"2024-07-03T18:07:24+00:00","description":"El alcalde de Pamplona ha recibido al delegado territorial y a la presidenta del Consejo Territorial de la ONCE que le han presentado el dise\u00f1o del cup\u00f3n","breadcrumb":{"@id":"https:\/\/www.laguiadepamplona.com\/actualidad\/una-imagen-de-la-plaza-consistorial-en-el-chupinazo-protagoniza-este-domingo-7-de-julio-el-cupon-de-el-sueldazo-del-fin-de-semana-de-la-once\/#breadcrumb"},"inLanguage":"es","potentialAction":[{"@type":"ReadAction","target":["https:\/\/www.laguiadepamplona.com\/actualidad\/una-imagen-de-la-plaza-consistorial-en-el-chupinazo-protagoniza-este-domingo-7-de-julio-el-cupon-de-el-sueldazo-del-fin-de-semana-de-la-once\/"]}]},{"@type":"ImageObject","inLanguage":"es","@id":"https:\/\/www.laguiadepamplona.com\/actualidad\/una-imagen-de-la-plaza-consistorial-en-el-chupinazo-protagoniza-este-domingo-7-de-julio-el-cupon-de-el-sueldazo-del-fin-de-semana-de-la-once\/#primaryimage","url":"https:\/\/www.laguiadepamplona.com\/actualidad\/wp-content\/uploads\/2024\/07\/cupononce1_0.webp","contentUrl":"https:\/\/www.laguiadepamplona.com\/actualidad\/wp-content\/uploads\/2024\/07\/cupononce1_0.webp","width":1000,"height":667,"caption":"cup\u00f3n once"},{"@type":"BreadcrumbList","@id":"https:\/\/www.laguiadepamplona.com\/actualidad\/una-imagen-de-la-plaza-consistorial-en-el-chupinazo-protagoniza-este-domingo-7-de-julio-el-cupon-de-el-sueldazo-del-fin-de-semana-de-la-once\/#breadcrumb","itemListElement":[{"@type":"ListItem","position":1,"name":"Portada","item":"https:\/\/www.laguiadepamplona.com\/actualidad\/"},{"@type":"ListItem","position":2,"name":"Una imagen de la plaza Consistorial en el Chupinazo protagoniza este domingo 7 de julio el cup\u00f3n de \u201cEl Sueldazo del fin de semana\u201d de la ONCE"}]},{"@type":"WebSite","@id":"https:\/\/www.laguiadepamplona.com\/actualidad\/#website","url":"https:\/\/www.laguiadepamplona.com\/actualidad\/","name":"La gu\u00eda de Pamplona","description":"Noticias de Pamplona","publisher":{"@id":"https:\/\/www.laguiadepamplona.com\/actualidad\/#organization"},"potentialAction":[{"@type":"SearchAction","target":{"@type":"EntryPoint","urlTemplate":"https:\/\/www.laguiadepamplona.com\/actualidad\/?s={search_term_string}"},"query-input":{"@type":"PropertyValueSpecification","valueRequired":true,"valueName":"search_term_string"}}],"inLanguage":"es"},{"@type":"Organization","@id":"https:\/\/www.laguiadepamplona.com\/actualidad\/#organization","name":"La Gu\u00eda de Pamplona \/ Noticias","url":"https:\/\/www.laguiadepamplona.com\/actualidad\/","logo":{"@type":"ImageObject","inLanguage":"es","@id":"https:\/\/www.laguiadepamplona.com\/actualidad\/#\/schema\/logo\/image\/","url":"https:\/\/www.laguiadepamplona.com\/actualidad\/wp-content\/uploads\/2018\/11\/logo-laguiadepamplona18-web1.png","contentUrl":"https:\/\/www.laguiadepamplona.com\/actualidad\/wp-content\/uploads\/2018\/11\/logo-laguiadepamplona18-web1.png","width":600,"height":196,"caption":"La Gu\u00eda de Pamplona \/ Noticias"},"image":{"@id":"https:\/\/www.laguiadepamplona.com\/actualidad\/#\/schema\/logo\/image\/"},"sameAs":["https:\/\/www.facebook.com\/laguiadepamplonacom-133175176762273\/?ref=hl","https:\/\/x.com\/LaGuiadPamplona","https:\/\/www.instagram.com\/la_guia_de_pamplona\/","https:\/\/www.youtube.com\/user\/laguiadepamplona"]},{"@type":"Person","@id":"https:\/\/www.laguiadepamplona.com\/actualidad\/#\/schema\/person\/efe887376f0213d4657c93adc50b1fdb","name":"La Gu\u00eda de Pamplona","image":{"@type":"ImageObject","inLanguage":"es","@id":"https:\/\/secure.gravatar.com\/avatar\/b6992f131dc8d30ab0dff15446e9d346d9dbd95992de0fef795073f5ea83a81c?s=96&d=mm&r=g","url":"https:\/\/secure.gravatar.com\/avatar\/b6992f131dc8d30ab0dff15446e9d346d9dbd95992de0fef795073f5ea83a81c?s=96&d=mm&r=g","contentUrl":"https:\/\/secure.gravatar.com\/avatar\/b6992f131dc8d30ab0dff15446e9d346d9dbd95992de0fef795073f5ea83a81c?s=96&d=mm&r=g","caption":"La Gu\u00eda de Pamplona"}}]}},"post_mailing_queue_ids":[],"_links":{"self":[{"href":"https:\/\/www.laguiadepamplona.com\/actualidad\/wp-json\/wp\/v2\/posts\/50268","targetHints":{"allow":["GET"]}}],"collection":[{"href":"https:\/\/www.laguiadepamplona.com\/actualidad\/wp-json\/wp\/v2\/posts"}],"about":[{"href":"https:\/\/www.laguiadepamplona.com\/actualidad\/wp-json\/wp\/v2\/types\/post"}],"author":[{"embeddable":true,"href":"https:\/\/www.laguiadepamplona.com\/actualidad\/wp-json\/wp\/v2\/users\/1"}],"replies":[{"embeddable":true,"href":"https:\/\/www.laguiadepamplona.com\/actualidad\/wp-json\/wp\/v2\/comments?post=50268"}],"version-history":[{"count":1,"href":"https:\/\/www.laguiadepamplona.com\/actualidad\/wp-json\/wp\/v2\/posts\/50268\/revisions"}],"predecessor-version":[{"id":50270,"href":"https:\/\/www.laguiadepamplona.com\/actualidad\/wp-json\/wp\/v2\/posts\/50268\/revisions\/50270"}],"wp:featuredmedia":[{"embeddable":true,"href":"https:\/\/www.laguiadepamplona.com\/actualidad\/wp-json\/wp\/v2\/media\/50269"}],"wp:attachment":[{"href":"https:\/\/www.laguiadepamplona.com\/actualidad\/wp-json\/wp\/v2\/media?parent=50268"}],"wp:term":[{"taxonomy":"category","embeddable":true,"href":"https:\/\/www.laguiadepamplona.com\/actualidad\/wp-json\/wp\/v2\/categories?post=50268"},{"taxonomy":"post_tag","embeddable":true,"href":"https:\/\/www.laguiadepamplona.com\/actualidad\/wp-json\/wp\/v2\/tags?post=50268"}],"curies":[{"name":"wp","href":"https:\/\/api.w.org\/{rel}","templated":true}]}}