{"id":50265,"date":"2024-07-03T20:03:40","date_gmt":"2024-07-03T18:03:40","guid":{"rendered":"https:\/\/www.laguiadepamplona.com\/actualidad\/?p=50265"},"modified":"2024-07-03T20:07:43","modified_gmt":"2024-07-03T18:07:43","slug":"delegadas-las-presidencias-de-los-festejos-taurinos-de-la-feria-del-toro-de-san-fermin-2024","status":"publish","type":"post","link":"https:\/\/www.laguiadepamplona.com\/actualidad\/delegadas-las-presidencias-de-los-festejos-taurinos-de-la-feria-del-toro-de-san-fermin-2024\/","title":{"rendered":"Delegadas las presidencias de los festejos taurinos de la Feria del Toro de San Ferm\u00edn 2024"},"content":{"rendered":"<h2>El alcalde de Pamplona presidir\u00e1 el festejo del 7 de julio; presidir\u00e1n corridas ediles de los grupos municipales de UPN, PSN, PP y Geroa Bai<\/h2>\n<p><!--more--><\/p>\n<p>El alcalde de Pamplona, Joseba Asiron Saez, ha delegado siete de las ocho presidencias de las corridas de toros de la Feria de San Ferm\u00edn 2024. Como suele ser tradici\u00f3n, el alcalde de Pamplona presidir\u00e1 la primera corrida, el domingo 7 de julio, con toros de La Palmosilla, de Tarifa (C\u00e1diz), para los diestros Diego Urdiales, Fernando Adri\u00e1n y Borja Jim\u00e9nez. El resto de presidencias, del 8 al 14 de julio, recaer\u00e1n en dos ediles de UPN, dos de PSN, uno de PP y dos de Geroa Bai.<\/p>\n<p>Seg\u00fan establece la resoluci\u00f3n de Alcald\u00eda, el lunes 8 de julio preside el festejo el concejal Mikel Armend\u00e1riz Barnechea (Geroa Bai), con toros de los herederos de Cebada Gago, de Medina Sidonia (C\u00e1diz). Esta corrida ser\u00e1 lidiada por Juan Leal, Rom\u00e1n e Isaac Fonseca. El martes 9, con toros de la ganader\u00eda de Victoriano del R\u00edo y Toros de Cort\u00e9s, de Guadalix de la Sierra (Madrid), preside la corrida la concejala de UPN, Cristina Ibarrola. El martes los toreros previstos son Sebasti\u00e1n Castiella, Emilio de Justo y Gin\u00e9s Mar\u00edn.<\/p>\n<p>El mi\u00e9rcoles 10 le corresponde la presidencia a Nuria Medina Santos (PSN). El festejo lo protagonizar\u00e1n los astados de Fuente Ymbro, de San Jos\u00e9 del Valle (C\u00e1diz), con los toreros Miguel \u00c1ngel Perera, Andr\u00e9s Roca Rey y Tom\u00e1s Rufo. Al d\u00eda siguiente, jueves 11 de julio, preside el festejo el concejal Koldo Mart\u00ednez Urionabarrenetxea (Geroa Bai), con astados de Domingo Hern\u00e1ndez, de Fuenlabrada (Madrid), para los diestros Alejandro Talavante, Daniel Luque y Juan Ortega. El viernes 12, la corrida ser\u00e1 presidida por Carmen Alba Orduna (PP); los astados ser\u00e1n de la ganader\u00eda de Jandilla y Vegahermosa, de M\u00e9rida (Badajoz), con los diestros Morante de la Puebla, Cayetano Rivera y Andr\u00e9s Roca Rey.<\/p>\n<p>Los dos \u00faltimos festejos ser\u00e1n presididos por Izaskun Zozaya Yunta (UPN), el s\u00e1bado 13 con toros de Jos\u00e9 Escolar Gil, de Lanzahita (\u00c1vila), y por Marina Curiel Garc\u00eda (PSN), el domingo 14, con astados de Miura, de Lora del R\u00edo (Sevilla). Los matadores del d\u00eda 13 son Rafaelillo, G\u00f3mez del Pilar y Juan de Castilla; y los del 14, Antonio Ferrera, Manuel Escribano y Jes\u00fas Enrique Colombo.<\/p>\n<p>La persona que preside los festejos taurinos es la encargada de dirigir el espect\u00e1culo: marca el inicio, realiza los avisos a los diestros, los cambios de tercio, la concesi\u00f3n de trofeos, y tiene la \u00faltima palabra en casos de devoluciones de astados o la suspensi\u00f3n de la corrida por inclemencias meteorol\u00f3gicas. La presidencia, con apoyo de asesores taurinos, dirige la lidia aplicando el Reglamento e indica mediante pa\u00f1uelos de colores los distintos tiempos: blanco para iniciarla, verde para devolver las reses al corral, rojos para las banderillas negras, azul para que el toro de la vuelta al ruedo o naranja para indultar al morlaco.<\/p>\n<p>&nbsp;<\/p>\n<h3>Presidencias de la Feria del Toro 2024<\/h3>\n<ul>\n<li>Domingo 7 de julio\n<ul>\n<li>Joseba Asiron Saez, alcalde<\/li>\n<\/ul>\n<\/li>\n<li>Lunes 8 de julio\n<ul>\n<li>Mikel Armend\u00e1riz Barnechea (Geroa Bai)<\/li>\n<\/ul>\n<\/li>\n<li>Martes 9 de julio\n<ul>\n<li>Cristina Ibarrola Guill\u00e9n (UPN)<\/li>\n<\/ul>\n<\/li>\n<li>Mi\u00e9rcoles 10 de julio\n<ul>\n<li>Muria Medina Santos (PSN)<\/li>\n<\/ul>\n<\/li>\n<li>Jueves 11 de julio\n<ul>\n<li>Koldo Mart\u00ednez Urionabarrenetxea (Geroa Bai)<\/li>\n<\/ul>\n<\/li>\n<li>Viernes 12 de julio\n<ul>\n<li>Carmen Alba Orduna (PP)<\/li>\n<\/ul>\n<\/li>\n<li>S\u00e1bado 13 de julio\n<ul>\n<li>Izaskun Zozaya Yunta (UPN)<\/li>\n<\/ul>\n<\/li>\n<li>Domingo 14 de julio\n<ul>\n<li>Marina Curiel (PSN)<\/li>\n<\/ul>\n<\/li>\n<\/ul>\n","protected":false},"excerpt":{"rendered":"<p>El alcalde de Pamplona presidir\u00e1 el festejo del 7 de julio; presidir\u00e1n corridas ediles de los grupos municipales de UPN, PSN, PP y Geroa Bai<\/p>\n","protected":false},"author":1,"featured_media":50266,"comment_status":"open","ping_status":"closed","sticky":false,"template":"","format":"standard","meta":{"footnotes":""},"categories":[2,9406],"tags":[],"class_list":["post-50265","post","type-post","status-publish","format-standard","has-post-thumbnail","hentry","category-ayuntamiento-pamplona","category-san-fermin"],"yoast_head":"<!-- This site is optimized with the Yoast SEO plugin v27.3 - https:\/\/yoast.com\/product\/yoast-seo-wordpress\/ -->\n<title>Delegadas las presidencias de los festejos taurinos de la Feria del Toro de San Ferm\u00edn 2024<\/title>\n<meta name=\"description\" content=\"El alcalde de Pamplona presidir\u00e1 el festejo del 7 de julio; presidir\u00e1n corridas ediles de los grupos municipales de UPN, PSN, PP y Geroa Bai\" \/>\n<meta name=\"robots\" content=\"index, follow, max-snippet:-1, max-image-preview:large, max-video-preview:-1\" \/>\n<link rel=\"canonical\" href=\"https:\/\/www.laguiadepamplona.com\/actualidad\/delegadas-las-presidencias-de-los-festejos-taurinos-de-la-feria-del-toro-de-san-fermin-2024\/\" \/>\n<meta property=\"og:locale\" content=\"es_ES\" \/>\n<meta property=\"og:type\" content=\"article\" \/>\n<meta property=\"og:title\" content=\"Delegadas las presidencias de los festejos taurinos de la Feria del Toro de San Ferm\u00edn 2024\" \/>\n<meta property=\"og:description\" content=\"El alcalde de Pamplona presidir\u00e1 el festejo del 7 de julio; presidir\u00e1n corridas ediles de los grupos municipales de UPN, PSN, PP y Geroa Bai\" \/>\n<meta property=\"og:url\" content=\"https:\/\/www.laguiadepamplona.com\/actualidad\/delegadas-las-presidencias-de-los-festejos-taurinos-de-la-feria-del-toro-de-san-fermin-2024\/\" \/>\n<meta property=\"og:site_name\" content=\"La Gu\u00eda de Pamplona\" \/>\n<meta property=\"article:publisher\" content=\"https:\/\/www.facebook.com\/laguiadepamplonacom-133175176762273\/?ref=hl\" \/>\n<meta property=\"article:published_time\" content=\"2024-07-03T18:03:40+00:00\" \/>\n<meta property=\"article:modified_time\" content=\"2024-07-03T18:07:43+00:00\" \/>\n<meta property=\"og:image\" content=\"https:\/\/www.laguiadepamplona.com\/actualidad\/wp-content\/uploads\/2024\/07\/presidencia-toros.webp\" \/>\n\t<meta property=\"og:image:width\" content=\"1000\" \/>\n\t<meta property=\"og:image:height\" content=\"667\" \/>\n\t<meta property=\"og:image:type\" content=\"image\/webp\" \/>\n<meta name=\"author\" content=\"La Gu\u00eda de Pamplona\" \/>\n<meta name=\"twitter:card\" content=\"summary_large_image\" \/>\n<meta name=\"twitter:creator\" content=\"@LaGuiadPamplona\" \/>\n<meta name=\"twitter:site\" content=\"@LaGuiadPamplona\" \/>\n<meta name=\"twitter:label1\" content=\"Escrito por\" \/>\n\t<meta name=\"twitter:data1\" content=\"La Gu\u00eda de Pamplona\" \/>\n\t<meta name=\"twitter:label2\" content=\"Tiempo de lectura\" \/>\n\t<meta name=\"twitter:data2\" content=\"3 minutos\" \/>\n<script type=\"application\/ld+json\" class=\"yoast-schema-graph\">{\"@context\":\"https:\\\/\\\/schema.org\",\"@graph\":[{\"@type\":\"Article\",\"@id\":\"https:\\\/\\\/www.laguiadepamplona.com\\\/actualidad\\\/delegadas-las-presidencias-de-los-festejos-taurinos-de-la-feria-del-toro-de-san-fermin-2024\\\/#article\",\"isPartOf\":{\"@id\":\"https:\\\/\\\/www.laguiadepamplona.com\\\/actualidad\\\/delegadas-las-presidencias-de-los-festejos-taurinos-de-la-feria-del-toro-de-san-fermin-2024\\\/\"},\"author\":{\"name\":\"La Gu\u00eda de Pamplona\",\"@id\":\"https:\\\/\\\/www.laguiadepamplona.com\\\/actualidad\\\/#\\\/schema\\\/person\\\/efe887376f0213d4657c93adc50b1fdb\"},\"headline\":\"Delegadas las presidencias de los festejos taurinos de la Feria del Toro de San Ferm\u00edn 2024\",\"datePublished\":\"2024-07-03T18:03:40+00:00\",\"dateModified\":\"2024-07-03T18:07:43+00:00\",\"mainEntityOfPage\":{\"@id\":\"https:\\\/\\\/www.laguiadepamplona.com\\\/actualidad\\\/delegadas-las-presidencias-de-los-festejos-taurinos-de-la-feria-del-toro-de-san-fermin-2024\\\/\"},\"wordCount\":599,\"commentCount\":0,\"publisher\":{\"@id\":\"https:\\\/\\\/www.laguiadepamplona.com\\\/actualidad\\\/#organization\"},\"image\":{\"@id\":\"https:\\\/\\\/www.laguiadepamplona.com\\\/actualidad\\\/delegadas-las-presidencias-de-los-festejos-taurinos-de-la-feria-del-toro-de-san-fermin-2024\\\/#primaryimage\"},\"thumbnailUrl\":\"https:\\\/\\\/www.laguiadepamplona.com\\\/actualidad\\\/wp-content\\\/uploads\\\/2024\\\/07\\\/presidencia-toros.webp\",\"articleSection\":[\"Ayto Pamplona\",\"San Ferm\u00edn\"],\"inLanguage\":\"es\",\"potentialAction\":[{\"@type\":\"CommentAction\",\"name\":\"Comment\",\"target\":[\"https:\\\/\\\/www.laguiadepamplona.com\\\/actualidad\\\/delegadas-las-presidencias-de-los-festejos-taurinos-de-la-feria-del-toro-de-san-fermin-2024\\\/#respond\"]}]},{\"@type\":\"WebPage\",\"@id\":\"https:\\\/\\\/www.laguiadepamplona.com\\\/actualidad\\\/delegadas-las-presidencias-de-los-festejos-taurinos-de-la-feria-del-toro-de-san-fermin-2024\\\/\",\"url\":\"https:\\\/\\\/www.laguiadepamplona.com\\\/actualidad\\\/delegadas-las-presidencias-de-los-festejos-taurinos-de-la-feria-del-toro-de-san-fermin-2024\\\/\",\"name\":\"Delegadas las presidencias de los festejos taurinos de la Feria del Toro de San Ferm\u00edn 2024\",\"isPartOf\":{\"@id\":\"https:\\\/\\\/www.laguiadepamplona.com\\\/actualidad\\\/#website\"},\"primaryImageOfPage\":{\"@id\":\"https:\\\/\\\/www.laguiadepamplona.com\\\/actualidad\\\/delegadas-las-presidencias-de-los-festejos-taurinos-de-la-feria-del-toro-de-san-fermin-2024\\\/#primaryimage\"},\"image\":{\"@id\":\"https:\\\/\\\/www.laguiadepamplona.com\\\/actualidad\\\/delegadas-las-presidencias-de-los-festejos-taurinos-de-la-feria-del-toro-de-san-fermin-2024\\\/#primaryimage\"},\"thumbnailUrl\":\"https:\\\/\\\/www.laguiadepamplona.com\\\/actualidad\\\/wp-content\\\/uploads\\\/2024\\\/07\\\/presidencia-toros.webp\",\"datePublished\":\"2024-07-03T18:03:40+00:00\",\"dateModified\":\"2024-07-03T18:07:43+00:00\",\"description\":\"El alcalde de Pamplona presidir\u00e1 el festejo del 7 de julio; presidir\u00e1n corridas ediles de los grupos municipales de UPN, PSN, PP y Geroa Bai\",\"breadcrumb\":{\"@id\":\"https:\\\/\\\/www.laguiadepamplona.com\\\/actualidad\\\/delegadas-las-presidencias-de-los-festejos-taurinos-de-la-feria-del-toro-de-san-fermin-2024\\\/#breadcrumb\"},\"inLanguage\":\"es\",\"potentialAction\":[{\"@type\":\"ReadAction\",\"target\":[\"https:\\\/\\\/www.laguiadepamplona.com\\\/actualidad\\\/delegadas-las-presidencias-de-los-festejos-taurinos-de-la-feria-del-toro-de-san-fermin-2024\\\/\"]}]},{\"@type\":\"ImageObject\",\"inLanguage\":\"es\",\"@id\":\"https:\\\/\\\/www.laguiadepamplona.com\\\/actualidad\\\/delegadas-las-presidencias-de-los-festejos-taurinos-de-la-feria-del-toro-de-san-fermin-2024\\\/#primaryimage\",\"url\":\"https:\\\/\\\/www.laguiadepamplona.com\\\/actualidad\\\/wp-content\\\/uploads\\\/2024\\\/07\\\/presidencia-toros.webp\",\"contentUrl\":\"https:\\\/\\\/www.laguiadepamplona.com\\\/actualidad\\\/wp-content\\\/uploads\\\/2024\\\/07\\\/presidencia-toros.webp\",\"width\":1000,\"height\":667},{\"@type\":\"BreadcrumbList\",\"@id\":\"https:\\\/\\\/www.laguiadepamplona.com\\\/actualidad\\\/delegadas-las-presidencias-de-los-festejos-taurinos-de-la-feria-del-toro-de-san-fermin-2024\\\/#breadcrumb\",\"itemListElement\":[{\"@type\":\"ListItem\",\"position\":1,\"name\":\"Portada\",\"item\":\"https:\\\/\\\/www.laguiadepamplona.com\\\/actualidad\\\/\"},{\"@type\":\"ListItem\",\"position\":2,\"name\":\"Delegadas las presidencias de los festejos taurinos de la Feria del Toro de San Ferm\u00edn 2024\"}]},{\"@type\":\"WebSite\",\"@id\":\"https:\\\/\\\/www.laguiadepamplona.com\\\/actualidad\\\/#website\",\"url\":\"https:\\\/\\\/www.laguiadepamplona.com\\\/actualidad\\\/\",\"name\":\"La gu\u00eda de Pamplona\",\"description\":\"Noticias de Pamplona\",\"publisher\":{\"@id\":\"https:\\\/\\\/www.laguiadepamplona.com\\\/actualidad\\\/#organization\"},\"potentialAction\":[{\"@type\":\"SearchAction\",\"target\":{\"@type\":\"EntryPoint\",\"urlTemplate\":\"https:\\\/\\\/www.laguiadepamplona.com\\\/actualidad\\\/?s={search_term_string}\"},\"query-input\":{\"@type\":\"PropertyValueSpecification\",\"valueRequired\":true,\"valueName\":\"search_term_string\"}}],\"inLanguage\":\"es\"},{\"@type\":\"Organization\",\"@id\":\"https:\\\/\\\/www.laguiadepamplona.com\\\/actualidad\\\/#organization\",\"name\":\"La Gu\u00eda de Pamplona \\\/ Noticias\",\"url\":\"https:\\\/\\\/www.laguiadepamplona.com\\\/actualidad\\\/\",\"logo\":{\"@type\":\"ImageObject\",\"inLanguage\":\"es\",\"@id\":\"https:\\\/\\\/www.laguiadepamplona.com\\\/actualidad\\\/#\\\/schema\\\/logo\\\/image\\\/\",\"url\":\"https:\\\/\\\/www.laguiadepamplona.com\\\/actualidad\\\/wp-content\\\/uploads\\\/2018\\\/11\\\/logo-laguiadepamplona18-web1.png\",\"contentUrl\":\"https:\\\/\\\/www.laguiadepamplona.com\\\/actualidad\\\/wp-content\\\/uploads\\\/2018\\\/11\\\/logo-laguiadepamplona18-web1.png\",\"width\":600,\"height\":196,\"caption\":\"La Gu\u00eda de Pamplona \\\/ Noticias\"},\"image\":{\"@id\":\"https:\\\/\\\/www.laguiadepamplona.com\\\/actualidad\\\/#\\\/schema\\\/logo\\\/image\\\/\"},\"sameAs\":[\"https:\\\/\\\/www.facebook.com\\\/laguiadepamplonacom-133175176762273\\\/?ref=hl\",\"https:\\\/\\\/x.com\\\/LaGuiadPamplona\",\"https:\\\/\\\/www.instagram.com\\\/la_guia_de_pamplona\\\/\",\"https:\\\/\\\/www.youtube.com\\\/user\\\/laguiadepamplona\"]},{\"@type\":\"Person\",\"@id\":\"https:\\\/\\\/www.laguiadepamplona.com\\\/actualidad\\\/#\\\/schema\\\/person\\\/efe887376f0213d4657c93adc50b1fdb\",\"name\":\"La Gu\u00eda de Pamplona\",\"image\":{\"@type\":\"ImageObject\",\"inLanguage\":\"es\",\"@id\":\"https:\\\/\\\/secure.gravatar.com\\\/avatar\\\/b6992f131dc8d30ab0dff15446e9d346d9dbd95992de0fef795073f5ea83a81c?s=96&d=mm&r=g\",\"url\":\"https:\\\/\\\/secure.gravatar.com\\\/avatar\\\/b6992f131dc8d30ab0dff15446e9d346d9dbd95992de0fef795073f5ea83a81c?s=96&d=mm&r=g\",\"contentUrl\":\"https:\\\/\\\/secure.gravatar.com\\\/avatar\\\/b6992f131dc8d30ab0dff15446e9d346d9dbd95992de0fef795073f5ea83a81c?s=96&d=mm&r=g\",\"caption\":\"La Gu\u00eda de Pamplona\"}}]}<\/script>\n<!-- \/ Yoast SEO plugin. -->","yoast_head_json":{"title":"Delegadas las presidencias de los festejos taurinos de la Feria del Toro de San Ferm\u00edn 2024","description":"El alcalde de Pamplona presidir\u00e1 el festejo del 7 de julio; presidir\u00e1n corridas ediles de los grupos municipales de UPN, PSN, PP y Geroa Bai","robots":{"index":"index","follow":"follow","max-snippet":"max-snippet:-1","max-image-preview":"max-image-preview:large","max-video-preview":"max-video-preview:-1"},"canonical":"https:\/\/www.laguiadepamplona.com\/actualidad\/delegadas-las-presidencias-de-los-festejos-taurinos-de-la-feria-del-toro-de-san-fermin-2024\/","og_locale":"es_ES","og_type":"article","og_title":"Delegadas las presidencias de los festejos taurinos de la Feria del Toro de San Ferm\u00edn 2024","og_description":"El alcalde de Pamplona presidir\u00e1 el festejo del 7 de julio; presidir\u00e1n corridas ediles de los grupos municipales de UPN, PSN, PP y Geroa Bai","og_url":"https:\/\/www.laguiadepamplona.com\/actualidad\/delegadas-las-presidencias-de-los-festejos-taurinos-de-la-feria-del-toro-de-san-fermin-2024\/","og_site_name":"La Gu\u00eda de Pamplona","article_publisher":"https:\/\/www.facebook.com\/laguiadepamplonacom-133175176762273\/?ref=hl","article_published_time":"2024-07-03T18:03:40+00:00","article_modified_time":"2024-07-03T18:07:43+00:00","og_image":[{"width":1000,"height":667,"url":"https:\/\/www.laguiadepamplona.com\/actualidad\/wp-content\/uploads\/2024\/07\/presidencia-toros.webp","type":"image\/webp"}],"author":"La Gu\u00eda de Pamplona","twitter_card":"summary_large_image","twitter_creator":"@LaGuiadPamplona","twitter_site":"@LaGuiadPamplona","twitter_misc":{"Escrito por":"La Gu\u00eda de Pamplona","Tiempo de lectura":"3 minutos"},"schema":{"@context":"https:\/\/schema.org","@graph":[{"@type":"Article","@id":"https:\/\/www.laguiadepamplona.com\/actualidad\/delegadas-las-presidencias-de-los-festejos-taurinos-de-la-feria-del-toro-de-san-fermin-2024\/#article","isPartOf":{"@id":"https:\/\/www.laguiadepamplona.com\/actualidad\/delegadas-las-presidencias-de-los-festejos-taurinos-de-la-feria-del-toro-de-san-fermin-2024\/"},"author":{"name":"La Gu\u00eda de Pamplona","@id":"https:\/\/www.laguiadepamplona.com\/actualidad\/#\/schema\/person\/efe887376f0213d4657c93adc50b1fdb"},"headline":"Delegadas las presidencias de los festejos taurinos de la Feria del Toro de San Ferm\u00edn 2024","datePublished":"2024-07-03T18:03:40+00:00","dateModified":"2024-07-03T18:07:43+00:00","mainEntityOfPage":{"@id":"https:\/\/www.laguiadepamplona.com\/actualidad\/delegadas-las-presidencias-de-los-festejos-taurinos-de-la-feria-del-toro-de-san-fermin-2024\/"},"wordCount":599,"commentCount":0,"publisher":{"@id":"https:\/\/www.laguiadepamplona.com\/actualidad\/#organization"},"image":{"@id":"https:\/\/www.laguiadepamplona.com\/actualidad\/delegadas-las-presidencias-de-los-festejos-taurinos-de-la-feria-del-toro-de-san-fermin-2024\/#primaryimage"},"thumbnailUrl":"https:\/\/www.laguiadepamplona.com\/actualidad\/wp-content\/uploads\/2024\/07\/presidencia-toros.webp","articleSection":["Ayto Pamplona","San Ferm\u00edn"],"inLanguage":"es","potentialAction":[{"@type":"CommentAction","name":"Comment","target":["https:\/\/www.laguiadepamplona.com\/actualidad\/delegadas-las-presidencias-de-los-festejos-taurinos-de-la-feria-del-toro-de-san-fermin-2024\/#respond"]}]},{"@type":"WebPage","@id":"https:\/\/www.laguiadepamplona.com\/actualidad\/delegadas-las-presidencias-de-los-festejos-taurinos-de-la-feria-del-toro-de-san-fermin-2024\/","url":"https:\/\/www.laguiadepamplona.com\/actualidad\/delegadas-las-presidencias-de-los-festejos-taurinos-de-la-feria-del-toro-de-san-fermin-2024\/","name":"Delegadas las presidencias de los festejos taurinos de la Feria del Toro de San Ferm\u00edn 2024","isPartOf":{"@id":"https:\/\/www.laguiadepamplona.com\/actualidad\/#website"},"primaryImageOfPage":{"@id":"https:\/\/www.laguiadepamplona.com\/actualidad\/delegadas-las-presidencias-de-los-festejos-taurinos-de-la-feria-del-toro-de-san-fermin-2024\/#primaryimage"},"image":{"@id":"https:\/\/www.laguiadepamplona.com\/actualidad\/delegadas-las-presidencias-de-los-festejos-taurinos-de-la-feria-del-toro-de-san-fermin-2024\/#primaryimage"},"thumbnailUrl":"https:\/\/www.laguiadepamplona.com\/actualidad\/wp-content\/uploads\/2024\/07\/presidencia-toros.webp","datePublished":"2024-07-03T18:03:40+00:00","dateModified":"2024-07-03T18:07:43+00:00","description":"El alcalde de Pamplona presidir\u00e1 el festejo del 7 de julio; presidir\u00e1n corridas ediles de los grupos municipales de UPN, PSN, PP y Geroa Bai","breadcrumb":{"@id":"https:\/\/www.laguiadepamplona.com\/actualidad\/delegadas-las-presidencias-de-los-festejos-taurinos-de-la-feria-del-toro-de-san-fermin-2024\/#breadcrumb"},"inLanguage":"es","potentialAction":[{"@type":"ReadAction","target":["https:\/\/www.laguiadepamplona.com\/actualidad\/delegadas-las-presidencias-de-los-festejos-taurinos-de-la-feria-del-toro-de-san-fermin-2024\/"]}]},{"@type":"ImageObject","inLanguage":"es","@id":"https:\/\/www.laguiadepamplona.com\/actualidad\/delegadas-las-presidencias-de-los-festejos-taurinos-de-la-feria-del-toro-de-san-fermin-2024\/#primaryimage","url":"https:\/\/www.laguiadepamplona.com\/actualidad\/wp-content\/uploads\/2024\/07\/presidencia-toros.webp","contentUrl":"https:\/\/www.laguiadepamplona.com\/actualidad\/wp-content\/uploads\/2024\/07\/presidencia-toros.webp","width":1000,"height":667},{"@type":"BreadcrumbList","@id":"https:\/\/www.laguiadepamplona.com\/actualidad\/delegadas-las-presidencias-de-los-festejos-taurinos-de-la-feria-del-toro-de-san-fermin-2024\/#breadcrumb","itemListElement":[{"@type":"ListItem","position":1,"name":"Portada","item":"https:\/\/www.laguiadepamplona.com\/actualidad\/"},{"@type":"ListItem","position":2,"name":"Delegadas las presidencias de los festejos taurinos de la Feria del Toro de San Ferm\u00edn 2024"}]},{"@type":"WebSite","@id":"https:\/\/www.laguiadepamplona.com\/actualidad\/#website","url":"https:\/\/www.laguiadepamplona.com\/actualidad\/","name":"La gu\u00eda de Pamplona","description":"Noticias de Pamplona","publisher":{"@id":"https:\/\/www.laguiadepamplona.com\/actualidad\/#organization"},"potentialAction":[{"@type":"SearchAction","target":{"@type":"EntryPoint","urlTemplate":"https:\/\/www.laguiadepamplona.com\/actualidad\/?s={search_term_string}"},"query-input":{"@type":"PropertyValueSpecification","valueRequired":true,"valueName":"search_term_string"}}],"inLanguage":"es"},{"@type":"Organization","@id":"https:\/\/www.laguiadepamplona.com\/actualidad\/#organization","name":"La Gu\u00eda de Pamplona \/ Noticias","url":"https:\/\/www.laguiadepamplona.com\/actualidad\/","logo":{"@type":"ImageObject","inLanguage":"es","@id":"https:\/\/www.laguiadepamplona.com\/actualidad\/#\/schema\/logo\/image\/","url":"https:\/\/www.laguiadepamplona.com\/actualidad\/wp-content\/uploads\/2018\/11\/logo-laguiadepamplona18-web1.png","contentUrl":"https:\/\/www.laguiadepamplona.com\/actualidad\/wp-content\/uploads\/2018\/11\/logo-laguiadepamplona18-web1.png","width":600,"height":196,"caption":"La Gu\u00eda de Pamplona \/ Noticias"},"image":{"@id":"https:\/\/www.laguiadepamplona.com\/actualidad\/#\/schema\/logo\/image\/"},"sameAs":["https:\/\/www.facebook.com\/laguiadepamplonacom-133175176762273\/?ref=hl","https:\/\/x.com\/LaGuiadPamplona","https:\/\/www.instagram.com\/la_guia_de_pamplona\/","https:\/\/www.youtube.com\/user\/laguiadepamplona"]},{"@type":"Person","@id":"https:\/\/www.laguiadepamplona.com\/actualidad\/#\/schema\/person\/efe887376f0213d4657c93adc50b1fdb","name":"La Gu\u00eda de Pamplona","image":{"@type":"ImageObject","inLanguage":"es","@id":"https:\/\/secure.gravatar.com\/avatar\/b6992f131dc8d30ab0dff15446e9d346d9dbd95992de0fef795073f5ea83a81c?s=96&d=mm&r=g","url":"https:\/\/secure.gravatar.com\/avatar\/b6992f131dc8d30ab0dff15446e9d346d9dbd95992de0fef795073f5ea83a81c?s=96&d=mm&r=g","contentUrl":"https:\/\/secure.gravatar.com\/avatar\/b6992f131dc8d30ab0dff15446e9d346d9dbd95992de0fef795073f5ea83a81c?s=96&d=mm&r=g","caption":"La Gu\u00eda de Pamplona"}}]}},"post_mailing_queue_ids":[],"_links":{"self":[{"href":"https:\/\/www.laguiadepamplona.com\/actualidad\/wp-json\/wp\/v2\/posts\/50265","targetHints":{"allow":["GET"]}}],"collection":[{"href":"https:\/\/www.laguiadepamplona.com\/actualidad\/wp-json\/wp\/v2\/posts"}],"about":[{"href":"https:\/\/www.laguiadepamplona.com\/actualidad\/wp-json\/wp\/v2\/types\/post"}],"author":[{"embeddable":true,"href":"https:\/\/www.laguiadepamplona.com\/actualidad\/wp-json\/wp\/v2\/users\/1"}],"replies":[{"embeddable":true,"href":"https:\/\/www.laguiadepamplona.com\/actualidad\/wp-json\/wp\/v2\/comments?post=50265"}],"version-history":[{"count":1,"href":"https:\/\/www.laguiadepamplona.com\/actualidad\/wp-json\/wp\/v2\/posts\/50265\/revisions"}],"predecessor-version":[{"id":50267,"href":"https:\/\/www.laguiadepamplona.com\/actualidad\/wp-json\/wp\/v2\/posts\/50265\/revisions\/50267"}],"wp:featuredmedia":[{"embeddable":true,"href":"https:\/\/www.laguiadepamplona.com\/actualidad\/wp-json\/wp\/v2\/media\/50266"}],"wp:attachment":[{"href":"https:\/\/www.laguiadepamplona.com\/actualidad\/wp-json\/wp\/v2\/media?parent=50265"}],"wp:term":[{"taxonomy":"category","embeddable":true,"href":"https:\/\/www.laguiadepamplona.com\/actualidad\/wp-json\/wp\/v2\/categories?post=50265"},{"taxonomy":"post_tag","embeddable":true,"href":"https:\/\/www.laguiadepamplona.com\/actualidad\/wp-json\/wp\/v2\/tags?post=50265"}],"curies":[{"name":"wp","href":"https:\/\/api.w.org\/{rel}","templated":true}]}}