{"id":50263,"date":"2024-07-03T20:01:46","date_gmt":"2024-07-03T18:01:46","guid":{"rendered":"https:\/\/www.laguiadepamplona.com\/actualidad\/?p=50263"},"modified":"2024-07-03T20:01:46","modified_gmt":"2024-07-03T18:01:46","slug":"el-ayuntamiento-de-pamplona-repartira-120-000-euros-en-dos-convocatorias-de-cooperacion-al-desarrollo-para-realizar-diferentes-proyectos-de-sensibilizacion-y-educacion","status":"publish","type":"post","link":"https:\/\/www.laguiadepamplona.com\/actualidad\/el-ayuntamiento-de-pamplona-repartira-120-000-euros-en-dos-convocatorias-de-cooperacion-al-desarrollo-para-realizar-diferentes-proyectos-de-sensibilizacion-y-educacion\/","title":{"rendered":"El Ayuntamiento de Pamplona repartir\u00e1 120.000 euros en dos convocatorias de cooperaci\u00f3n al desarrollo para realizar diferentes proyectos de sensibilizaci\u00f3n y educaci\u00f3n"},"content":{"rendered":"<h2>Se financiar\u00e1n proyectos a realizar en Pamplona y dirigidos a poblaci\u00f3n en general o colectivos espec\u00edficos, entre otros<\/h2>\n<p><!--more--><\/p>\n<p>Sigue abierto el plazo de presentaci\u00f3n, hasta el 11 de julio, de la documentaci\u00f3n para dos convocatorias municipales de ayudas relacionadas con la cooperaci\u00f3n al desarrollo, que repartir\u00e1n un total de 120.000 euros, 60.000 cada una de ellas. Se trata de la convocatoria de subvenciones, en r\u00e9gimen de concurrencia competitiva, destinadas a la realizaci\u00f3n de proyectos de educaci\u00f3n para el desarrollo y la ciudadan\u00eda global en 2024 y la convocatoria, tambi\u00e9n en r\u00e9gimen de concurrencia competitiva, destinadas a la realizaci\u00f3n de proyectos de sensibilizaci\u00f3n y educaci\u00f3n para el desarrollo en 2024.<\/p>\n<p>Ambas convocatorias buscan financiar diferentes proyectos de sensibilizaci\u00f3n y\/o educaci\u00f3n a realizar en el \u00e1mbito territorial de Pamplona y dirigidos a la poblaci\u00f3n en general o a colectivos espec\u00edficos. Las actividades que optan a estas ayudas se podr\u00e1n realizar del 1 de septiembre de 2024 al 31 de agosto de 2025. La informaci\u00f3n sobre las dos convocatorias se puede consultar en el <a href=\"https:\/\/bon.navarra.es\/es\/boletin\/-\/sumario\/2024\/122\" target=\"_blank\" rel=\"noopener\">Bolet\u00edn Oficial de Navarra n\u00famero 122<\/a> de 13 de junio y en la p\u00e1gina <a href=\"https:\/\/sedeelectronica.pamplona.es\/buscadortramites.aspx?cat=3&amp;subcat=2&amp;pagina=0&amp;enlace=LiConcAyudasSubvenciones\" target=\"_blank\" rel=\"noopener\">web municipal<\/a>. Las solicitudes se presentar\u00e1n de forma telem\u00e1tica a trav\u00e9s del tr\u00e1mite \u2018<a href=\"https:\/\/sedeelectronica.pamplona.es\/FichaTramite.aspx?id=229967TA&amp;idioma=1\" target=\"_blank\" rel=\"noopener\">Solicitud electr\u00f3nica de subvenciones para personas jur\u00eddicas<\/a>\u2019 publicado en la sede electr\u00f3nica del Ayuntamiento de Pamplona.<\/p>\n<p>En l\u00edneas generales, para ambas convocatorias, las entidades que concurran deber\u00e1n ser personas jur\u00eddicas legalmente constituida e inscritas en el Registro de Organizaciones No Gubernamentales de Desarrollo de la Agencia Espa\u00f1ola de Cooperaci\u00f3n Internacional para el Desarrollo (AECID). La entidad solicitante ha de acreditar experiencia previa en gesti\u00f3n de proyectos de sensibilizaci\u00f3n y\/o educaci\u00f3n para el desarrollo, tener domicilio social o delegaci\u00f3n permanente en Pamplona o desarrollar la mayor parte de su actividad en Pamplona y con su ciudadan\u00eda y disponer de una estructura que garantice el cumplimento de sus fines sociales. Respecto al trabajo en red, las entidades colaboradoras en la ejecuci\u00f3n del proyecto, ya sea de forma puntual o continuada, deber\u00e1n cumplir con los requisitos de carecer de \u00e1nimo de lucro y ser entidades p\u00fablicas o privadas, con o sin personalidad jur\u00eddica.<\/p>\n<p><strong>Proyectos de educaci\u00f3n para el desarrollo y la ciudadan\u00eda global<\/strong><\/p>\n<p>La primera convocatoria busca fomentar una ciudadan\u00eda comprometida activamente y solidaria, promoviendo conciencia cr\u00edtica con el mundo que le rodea. Los proyectos ir\u00e1n dirigidos a una zona concreta de la ciudad o un sector\/tem\u00e1tica. La convocatoria establece como tem\u00e1ticas prioritarias la promoci\u00f3n y defensa de los Derechos Humanos; el comercio justo, consumo responsable y econom\u00eda solidaria; g\u00e9nero y desarrollo; migraciones y personas refugiadas; convivencia y respeto a las identidades culturales; y ecolog\u00eda, soberan\u00eda alimentaria, problem\u00e1ticas ambientales y cambio clim\u00e1tico.<\/p>\n<p>Podr\u00e1n presentarse nuevos proyectos, que tengan una programaci\u00f3n de continuidad para los dos a\u00f1os siguientes, o proyectos de continuidad, que deber\u00e1n haber sido subvencionados por esta convocatoria en un ejercicio anterior, presentando para este ejercicio de 2024 su continuaci\u00f3n o desarrollo. Cada modalidad contar\u00e1 con una partida m\u00e1xima de 30.000 euros. Con estas ayudas, el Ayuntamiento de Pamplona contribuye a fomentar una cultura de la solidaridad en nuestra ciudad, a trav\u00e9s de acciones que fomenten el arraigo al territorio o que trabajen un sector\/tem\u00e1tica de inter\u00e9s, de manera que las personas y organizaciones de la ciudad sean agentes de cambio, tanto en nuestro entorno cercano, como a nivel global.<\/p>\n<p>Para optar a la subvenci\u00f3n las propuestas deben consistir en proyectos que fomenten las relaciones solidarias en cualquier espacio o sector; ser procesos amplios de conocimiento, reflexi\u00f3n, formaci\u00f3n y acci\u00f3n transformadora, que requerir\u00e1n una estrategia global a medio plazo; que desarrollen suficientemente la informaci\u00f3n referida a los objetivos, resultados, actividades y recursos necesarios para la ejecuci\u00f3n del proyecto, con actividades de car\u00e1cter abierto y preferentemente gratuito. Los proyectos deber\u00e1n promover actitudes de compromiso solidario ante las desigualdades e injusticias sociales existentes en el mundo globalizado.<\/p>\n<p><strong>Proyectos de sensibilizaci\u00f3n y educaci\u00f3n para el desarrollo en 2024<\/strong><\/p>\n<p>La segunda convocatoria tiene por objeto sensibilizar y formar en aspectos relacionados con las situaciones de precariedad en los pa\u00edses del sur, las causas que las producen y los esfuerzos que sus comunidades est\u00e1n realizando para superarlas, promoviendo de esta manera actitudes de compromiso solidario de la ciudadan\u00eda de Pamplona. Se busca que, desde el \u00e1mbito local, la poblaci\u00f3n sea consciente de la responsabilidad a este respecto y se pueda actuar en consecuencia por un mundo m\u00e1s justo y equitativo. As\u00ed mismo, se promover\u00e1n acciones para la sensibilizaci\u00f3n contra el racismo y la discriminaci\u00f3n y de la promoci\u00f3n de la tolerancia y convivencia intercultural.<\/p>\n<p>Los proyectos subvencionables abordar\u00e1n alguna de las siguientes dimensiones: sensibilizaci\u00f3n (acciones orientadas a la ciudadan\u00eda que permitan despertar la conciencia cr\u00edtica, realizar pr\u00e1cticas solidarias y\/o visibilizar los efectos de las desigualdades), educaci\u00f3n para el desarrollo (acciones que hagan incidencia en un mayor conocimiento de las causas y consecuencias de las vulneraciones de derechos y las desigualdades con un componente transformador), investigaci\u00f3n para el desarrollo (acciones orientadas a analizar las causas estructurales que provocan la vulneraci\u00f3n de derechos y las desigualdades) o incidencia pol\u00edtica y movilizaci\u00f3n social (acciones dirigidas a transformar la agenda de las pol\u00edticas p\u00fablicas o de los espacios de toma de decisiones que puedan afectar a los colectivos m\u00e1s excluidos y a los derechos humanos).<\/p>\n<p>Las actividades deber\u00e1n tener car\u00e1cter abierto, p\u00fablico y gratuito, y se desarrollar\u00e1n preferentemente en locales municipales y exclusivamente en el \u00e1mbito territorial de Pamplona. Deben presentar suficientemente desarrollada la informaci\u00f3n referida a los resultados, actividades y recursos necesarios para la ejecuci\u00f3n del proyecto; informar suficientemente de los objetivos y experiencias de trabajo de la entidad responsable de la ejecuci\u00f3n del proyecto; y la entidad debe demostrar un amplio conocimiento del proyecto y del modo en que se va a llevar a cabo, as\u00ed como de los materiales y personal necesarios para su adecuada ejecuci\u00f3n. Cada entidad podr\u00e1 presentar \u00fanicamente una solicitud a esta convocatoria. Se financiar\u00e1 hasta el 90% del presupuesto total presentado, con un l\u00edmite de subvenci\u00f3n de 10.000 euros.<\/p>\n","protected":false},"excerpt":{"rendered":"<p>Se financiar\u00e1n proyectos a realizar en Pamplona y dirigidos a poblaci\u00f3n en general o colectivos espec\u00edficos, entre otros<\/p>\n","protected":false},"author":1,"featured_media":42333,"comment_status":"open","ping_status":"closed","sticky":false,"template":"","format":"standard","meta":{"footnotes":""},"categories":[2],"tags":[],"class_list":["post-50263","post","type-post","status-publish","format-standard","has-post-thumbnail","hentry","category-ayuntamiento-pamplona"],"yoast_head":"<!-- This site is optimized with the Yoast SEO plugin v27.3 - https:\/\/yoast.com\/product\/yoast-seo-wordpress\/ -->\n<title>El Ayuntamiento de Pamplona repartir\u00e1 120.000 euros en dos convocatorias de cooperaci\u00f3n al desarrollo para realizar diferentes proyectos de sensibilizaci\u00f3n y educaci\u00f3n<\/title>\n<meta name=\"description\" content=\"Se financiar\u00e1n proyectos a realizar en Pamplona y dirigidos a poblaci\u00f3n en general o colectivos espec\u00edficos, entre otros\" \/>\n<meta name=\"robots\" content=\"index, follow, max-snippet:-1, max-image-preview:large, max-video-preview:-1\" \/>\n<link rel=\"canonical\" href=\"https:\/\/www.laguiadepamplona.com\/actualidad\/el-ayuntamiento-de-pamplona-repartira-120-000-euros-en-dos-convocatorias-de-cooperacion-al-desarrollo-para-realizar-diferentes-proyectos-de-sensibilizacion-y-educacion\/\" \/>\n<meta property=\"og:locale\" content=\"es_ES\" \/>\n<meta property=\"og:type\" content=\"article\" \/>\n<meta property=\"og:title\" content=\"El Ayuntamiento de Pamplona repartir\u00e1 120.000 euros en dos convocatorias de cooperaci\u00f3n al desarrollo para realizar diferentes proyectos de sensibilizaci\u00f3n y educaci\u00f3n\" \/>\n<meta property=\"og:description\" content=\"Se financiar\u00e1n proyectos a realizar en Pamplona y dirigidos a poblaci\u00f3n en general o colectivos espec\u00edficos, entre otros\" \/>\n<meta property=\"og:url\" content=\"https:\/\/www.laguiadepamplona.com\/actualidad\/el-ayuntamiento-de-pamplona-repartira-120-000-euros-en-dos-convocatorias-de-cooperacion-al-desarrollo-para-realizar-diferentes-proyectos-de-sensibilizacion-y-educacion\/\" \/>\n<meta property=\"og:site_name\" content=\"La Gu\u00eda de Pamplona\" \/>\n<meta property=\"article:publisher\" content=\"https:\/\/www.facebook.com\/laguiadepamplonacom-133175176762273\/?ref=hl\" \/>\n<meta property=\"article:published_time\" content=\"2024-07-03T18:01:46+00:00\" \/>\n<meta property=\"og:image\" content=\"https:\/\/www.laguiadepamplona.com\/actualidad\/wp-content\/uploads\/2022\/11\/papeles_0.webp\" \/>\n\t<meta property=\"og:image:width\" content=\"1920\" \/>\n\t<meta property=\"og:image:height\" content=\"1280\" \/>\n\t<meta property=\"og:image:type\" content=\"image\/webp\" \/>\n<meta name=\"author\" content=\"La Gu\u00eda de Pamplona\" \/>\n<meta name=\"twitter:card\" content=\"summary_large_image\" \/>\n<meta name=\"twitter:creator\" content=\"@LaGuiadPamplona\" \/>\n<meta name=\"twitter:site\" content=\"@LaGuiadPamplona\" \/>\n<meta name=\"twitter:label1\" content=\"Escrito por\" \/>\n\t<meta name=\"twitter:data1\" content=\"La Gu\u00eda de Pamplona\" \/>\n\t<meta name=\"twitter:label2\" content=\"Tiempo de lectura\" \/>\n\t<meta name=\"twitter:data2\" content=\"5 minutos\" \/>\n<script type=\"application\/ld+json\" class=\"yoast-schema-graph\">{\"@context\":\"https:\\\/\\\/schema.org\",\"@graph\":[{\"@type\":\"Article\",\"@id\":\"https:\\\/\\\/www.laguiadepamplona.com\\\/actualidad\\\/el-ayuntamiento-de-pamplona-repartira-120-000-euros-en-dos-convocatorias-de-cooperacion-al-desarrollo-para-realizar-diferentes-proyectos-de-sensibilizacion-y-educacion\\\/#article\",\"isPartOf\":{\"@id\":\"https:\\\/\\\/www.laguiadepamplona.com\\\/actualidad\\\/el-ayuntamiento-de-pamplona-repartira-120-000-euros-en-dos-convocatorias-de-cooperacion-al-desarrollo-para-realizar-diferentes-proyectos-de-sensibilizacion-y-educacion\\\/\"},\"author\":{\"name\":\"La Gu\u00eda de Pamplona\",\"@id\":\"https:\\\/\\\/www.laguiadepamplona.com\\\/actualidad\\\/#\\\/schema\\\/person\\\/efe887376f0213d4657c93adc50b1fdb\"},\"headline\":\"El Ayuntamiento de Pamplona repartir\u00e1 120.000 euros en dos convocatorias de cooperaci\u00f3n al desarrollo para realizar diferentes proyectos de sensibilizaci\u00f3n y educaci\u00f3n\",\"datePublished\":\"2024-07-03T18:01:46+00:00\",\"mainEntityOfPage\":{\"@id\":\"https:\\\/\\\/www.laguiadepamplona.com\\\/actualidad\\\/el-ayuntamiento-de-pamplona-repartira-120-000-euros-en-dos-convocatorias-de-cooperacion-al-desarrollo-para-realizar-diferentes-proyectos-de-sensibilizacion-y-educacion\\\/\"},\"wordCount\":1108,\"commentCount\":0,\"publisher\":{\"@id\":\"https:\\\/\\\/www.laguiadepamplona.com\\\/actualidad\\\/#organization\"},\"image\":{\"@id\":\"https:\\\/\\\/www.laguiadepamplona.com\\\/actualidad\\\/el-ayuntamiento-de-pamplona-repartira-120-000-euros-en-dos-convocatorias-de-cooperacion-al-desarrollo-para-realizar-diferentes-proyectos-de-sensibilizacion-y-educacion\\\/#primaryimage\"},\"thumbnailUrl\":\"https:\\\/\\\/www.laguiadepamplona.com\\\/actualidad\\\/wp-content\\\/uploads\\\/2022\\\/11\\\/papeles_0.webp\",\"articleSection\":[\"Ayto Pamplona\"],\"inLanguage\":\"es\",\"potentialAction\":[{\"@type\":\"CommentAction\",\"name\":\"Comment\",\"target\":[\"https:\\\/\\\/www.laguiadepamplona.com\\\/actualidad\\\/el-ayuntamiento-de-pamplona-repartira-120-000-euros-en-dos-convocatorias-de-cooperacion-al-desarrollo-para-realizar-diferentes-proyectos-de-sensibilizacion-y-educacion\\\/#respond\"]}]},{\"@type\":\"WebPage\",\"@id\":\"https:\\\/\\\/www.laguiadepamplona.com\\\/actualidad\\\/el-ayuntamiento-de-pamplona-repartira-120-000-euros-en-dos-convocatorias-de-cooperacion-al-desarrollo-para-realizar-diferentes-proyectos-de-sensibilizacion-y-educacion\\\/\",\"url\":\"https:\\\/\\\/www.laguiadepamplona.com\\\/actualidad\\\/el-ayuntamiento-de-pamplona-repartira-120-000-euros-en-dos-convocatorias-de-cooperacion-al-desarrollo-para-realizar-diferentes-proyectos-de-sensibilizacion-y-educacion\\\/\",\"name\":\"El Ayuntamiento de Pamplona repartir\u00e1 120.000 euros en dos convocatorias de cooperaci\u00f3n al desarrollo para realizar diferentes proyectos de sensibilizaci\u00f3n y educaci\u00f3n\",\"isPartOf\":{\"@id\":\"https:\\\/\\\/www.laguiadepamplona.com\\\/actualidad\\\/#website\"},\"primaryImageOfPage\":{\"@id\":\"https:\\\/\\\/www.laguiadepamplona.com\\\/actualidad\\\/el-ayuntamiento-de-pamplona-repartira-120-000-euros-en-dos-convocatorias-de-cooperacion-al-desarrollo-para-realizar-diferentes-proyectos-de-sensibilizacion-y-educacion\\\/#primaryimage\"},\"image\":{\"@id\":\"https:\\\/\\\/www.laguiadepamplona.com\\\/actualidad\\\/el-ayuntamiento-de-pamplona-repartira-120-000-euros-en-dos-convocatorias-de-cooperacion-al-desarrollo-para-realizar-diferentes-proyectos-de-sensibilizacion-y-educacion\\\/#primaryimage\"},\"thumbnailUrl\":\"https:\\\/\\\/www.laguiadepamplona.com\\\/actualidad\\\/wp-content\\\/uploads\\\/2022\\\/11\\\/papeles_0.webp\",\"datePublished\":\"2024-07-03T18:01:46+00:00\",\"description\":\"Se financiar\u00e1n proyectos a realizar en Pamplona y dirigidos a poblaci\u00f3n en general o colectivos espec\u00edficos, entre otros\",\"breadcrumb\":{\"@id\":\"https:\\\/\\\/www.laguiadepamplona.com\\\/actualidad\\\/el-ayuntamiento-de-pamplona-repartira-120-000-euros-en-dos-convocatorias-de-cooperacion-al-desarrollo-para-realizar-diferentes-proyectos-de-sensibilizacion-y-educacion\\\/#breadcrumb\"},\"inLanguage\":\"es\",\"potentialAction\":[{\"@type\":\"ReadAction\",\"target\":[\"https:\\\/\\\/www.laguiadepamplona.com\\\/actualidad\\\/el-ayuntamiento-de-pamplona-repartira-120-000-euros-en-dos-convocatorias-de-cooperacion-al-desarrollo-para-realizar-diferentes-proyectos-de-sensibilizacion-y-educacion\\\/\"]}]},{\"@type\":\"ImageObject\",\"inLanguage\":\"es\",\"@id\":\"https:\\\/\\\/www.laguiadepamplona.com\\\/actualidad\\\/el-ayuntamiento-de-pamplona-repartira-120-000-euros-en-dos-convocatorias-de-cooperacion-al-desarrollo-para-realizar-diferentes-proyectos-de-sensibilizacion-y-educacion\\\/#primaryimage\",\"url\":\"https:\\\/\\\/www.laguiadepamplona.com\\\/actualidad\\\/wp-content\\\/uploads\\\/2022\\\/11\\\/papeles_0.webp\",\"contentUrl\":\"https:\\\/\\\/www.laguiadepamplona.com\\\/actualidad\\\/wp-content\\\/uploads\\\/2022\\\/11\\\/papeles_0.webp\",\"width\":1920,\"height\":1280},{\"@type\":\"BreadcrumbList\",\"@id\":\"https:\\\/\\\/www.laguiadepamplona.com\\\/actualidad\\\/el-ayuntamiento-de-pamplona-repartira-120-000-euros-en-dos-convocatorias-de-cooperacion-al-desarrollo-para-realizar-diferentes-proyectos-de-sensibilizacion-y-educacion\\\/#breadcrumb\",\"itemListElement\":[{\"@type\":\"ListItem\",\"position\":1,\"name\":\"Portada\",\"item\":\"https:\\\/\\\/www.laguiadepamplona.com\\\/actualidad\\\/\"},{\"@type\":\"ListItem\",\"position\":2,\"name\":\"El Ayuntamiento de Pamplona repartir\u00e1 120.000 euros en dos convocatorias de cooperaci\u00f3n al desarrollo para realizar diferentes proyectos de sensibilizaci\u00f3n y educaci\u00f3n\"}]},{\"@type\":\"WebSite\",\"@id\":\"https:\\\/\\\/www.laguiadepamplona.com\\\/actualidad\\\/#website\",\"url\":\"https:\\\/\\\/www.laguiadepamplona.com\\\/actualidad\\\/\",\"name\":\"La gu\u00eda de Pamplona\",\"description\":\"Noticias de Pamplona\",\"publisher\":{\"@id\":\"https:\\\/\\\/www.laguiadepamplona.com\\\/actualidad\\\/#organization\"},\"potentialAction\":[{\"@type\":\"SearchAction\",\"target\":{\"@type\":\"EntryPoint\",\"urlTemplate\":\"https:\\\/\\\/www.laguiadepamplona.com\\\/actualidad\\\/?s={search_term_string}\"},\"query-input\":{\"@type\":\"PropertyValueSpecification\",\"valueRequired\":true,\"valueName\":\"search_term_string\"}}],\"inLanguage\":\"es\"},{\"@type\":\"Organization\",\"@id\":\"https:\\\/\\\/www.laguiadepamplona.com\\\/actualidad\\\/#organization\",\"name\":\"La Gu\u00eda de Pamplona \\\/ Noticias\",\"url\":\"https:\\\/\\\/www.laguiadepamplona.com\\\/actualidad\\\/\",\"logo\":{\"@type\":\"ImageObject\",\"inLanguage\":\"es\",\"@id\":\"https:\\\/\\\/www.laguiadepamplona.com\\\/actualidad\\\/#\\\/schema\\\/logo\\\/image\\\/\",\"url\":\"https:\\\/\\\/www.laguiadepamplona.com\\\/actualidad\\\/wp-content\\\/uploads\\\/2018\\\/11\\\/logo-laguiadepamplona18-web1.png\",\"contentUrl\":\"https:\\\/\\\/www.laguiadepamplona.com\\\/actualidad\\\/wp-content\\\/uploads\\\/2018\\\/11\\\/logo-laguiadepamplona18-web1.png\",\"width\":600,\"height\":196,\"caption\":\"La Gu\u00eda de Pamplona \\\/ Noticias\"},\"image\":{\"@id\":\"https:\\\/\\\/www.laguiadepamplona.com\\\/actualidad\\\/#\\\/schema\\\/logo\\\/image\\\/\"},\"sameAs\":[\"https:\\\/\\\/www.facebook.com\\\/laguiadepamplonacom-133175176762273\\\/?ref=hl\",\"https:\\\/\\\/x.com\\\/LaGuiadPamplona\",\"https:\\\/\\\/www.instagram.com\\\/la_guia_de_pamplona\\\/\",\"https:\\\/\\\/www.youtube.com\\\/user\\\/laguiadepamplona\"]},{\"@type\":\"Person\",\"@id\":\"https:\\\/\\\/www.laguiadepamplona.com\\\/actualidad\\\/#\\\/schema\\\/person\\\/efe887376f0213d4657c93adc50b1fdb\",\"name\":\"La Gu\u00eda de Pamplona\",\"image\":{\"@type\":\"ImageObject\",\"inLanguage\":\"es\",\"@id\":\"https:\\\/\\\/secure.gravatar.com\\\/avatar\\\/b6992f131dc8d30ab0dff15446e9d346d9dbd95992de0fef795073f5ea83a81c?s=96&d=mm&r=g\",\"url\":\"https:\\\/\\\/secure.gravatar.com\\\/avatar\\\/b6992f131dc8d30ab0dff15446e9d346d9dbd95992de0fef795073f5ea83a81c?s=96&d=mm&r=g\",\"contentUrl\":\"https:\\\/\\\/secure.gravatar.com\\\/avatar\\\/b6992f131dc8d30ab0dff15446e9d346d9dbd95992de0fef795073f5ea83a81c?s=96&d=mm&r=g\",\"caption\":\"La Gu\u00eda de Pamplona\"}}]}<\/script>\n<!-- \/ Yoast SEO plugin. -->","yoast_head_json":{"title":"El Ayuntamiento de Pamplona repartir\u00e1 120.000 euros en dos convocatorias de cooperaci\u00f3n al desarrollo para realizar diferentes proyectos de sensibilizaci\u00f3n y educaci\u00f3n","description":"Se financiar\u00e1n proyectos a realizar en Pamplona y dirigidos a poblaci\u00f3n en general o colectivos espec\u00edficos, entre otros","robots":{"index":"index","follow":"follow","max-snippet":"max-snippet:-1","max-image-preview":"max-image-preview:large","max-video-preview":"max-video-preview:-1"},"canonical":"https:\/\/www.laguiadepamplona.com\/actualidad\/el-ayuntamiento-de-pamplona-repartira-120-000-euros-en-dos-convocatorias-de-cooperacion-al-desarrollo-para-realizar-diferentes-proyectos-de-sensibilizacion-y-educacion\/","og_locale":"es_ES","og_type":"article","og_title":"El Ayuntamiento de Pamplona repartir\u00e1 120.000 euros en dos convocatorias de cooperaci\u00f3n al desarrollo para realizar diferentes proyectos de sensibilizaci\u00f3n y educaci\u00f3n","og_description":"Se financiar\u00e1n proyectos a realizar en Pamplona y dirigidos a poblaci\u00f3n en general o colectivos espec\u00edficos, entre otros","og_url":"https:\/\/www.laguiadepamplona.com\/actualidad\/el-ayuntamiento-de-pamplona-repartira-120-000-euros-en-dos-convocatorias-de-cooperacion-al-desarrollo-para-realizar-diferentes-proyectos-de-sensibilizacion-y-educacion\/","og_site_name":"La Gu\u00eda de Pamplona","article_publisher":"https:\/\/www.facebook.com\/laguiadepamplonacom-133175176762273\/?ref=hl","article_published_time":"2024-07-03T18:01:46+00:00","og_image":[{"width":1920,"height":1280,"url":"https:\/\/www.laguiadepamplona.com\/actualidad\/wp-content\/uploads\/2022\/11\/papeles_0.webp","type":"image\/webp"}],"author":"La Gu\u00eda de Pamplona","twitter_card":"summary_large_image","twitter_creator":"@LaGuiadPamplona","twitter_site":"@LaGuiadPamplona","twitter_misc":{"Escrito por":"La Gu\u00eda de Pamplona","Tiempo de lectura":"5 minutos"},"schema":{"@context":"https:\/\/schema.org","@graph":[{"@type":"Article","@id":"https:\/\/www.laguiadepamplona.com\/actualidad\/el-ayuntamiento-de-pamplona-repartira-120-000-euros-en-dos-convocatorias-de-cooperacion-al-desarrollo-para-realizar-diferentes-proyectos-de-sensibilizacion-y-educacion\/#article","isPartOf":{"@id":"https:\/\/www.laguiadepamplona.com\/actualidad\/el-ayuntamiento-de-pamplona-repartira-120-000-euros-en-dos-convocatorias-de-cooperacion-al-desarrollo-para-realizar-diferentes-proyectos-de-sensibilizacion-y-educacion\/"},"author":{"name":"La Gu\u00eda de Pamplona","@id":"https:\/\/www.laguiadepamplona.com\/actualidad\/#\/schema\/person\/efe887376f0213d4657c93adc50b1fdb"},"headline":"El Ayuntamiento de Pamplona repartir\u00e1 120.000 euros en dos convocatorias de cooperaci\u00f3n al desarrollo para realizar diferentes proyectos de sensibilizaci\u00f3n y educaci\u00f3n","datePublished":"2024-07-03T18:01:46+00:00","mainEntityOfPage":{"@id":"https:\/\/www.laguiadepamplona.com\/actualidad\/el-ayuntamiento-de-pamplona-repartira-120-000-euros-en-dos-convocatorias-de-cooperacion-al-desarrollo-para-realizar-diferentes-proyectos-de-sensibilizacion-y-educacion\/"},"wordCount":1108,"commentCount":0,"publisher":{"@id":"https:\/\/www.laguiadepamplona.com\/actualidad\/#organization"},"image":{"@id":"https:\/\/www.laguiadepamplona.com\/actualidad\/el-ayuntamiento-de-pamplona-repartira-120-000-euros-en-dos-convocatorias-de-cooperacion-al-desarrollo-para-realizar-diferentes-proyectos-de-sensibilizacion-y-educacion\/#primaryimage"},"thumbnailUrl":"https:\/\/www.laguiadepamplona.com\/actualidad\/wp-content\/uploads\/2022\/11\/papeles_0.webp","articleSection":["Ayto Pamplona"],"inLanguage":"es","potentialAction":[{"@type":"CommentAction","name":"Comment","target":["https:\/\/www.laguiadepamplona.com\/actualidad\/el-ayuntamiento-de-pamplona-repartira-120-000-euros-en-dos-convocatorias-de-cooperacion-al-desarrollo-para-realizar-diferentes-proyectos-de-sensibilizacion-y-educacion\/#respond"]}]},{"@type":"WebPage","@id":"https:\/\/www.laguiadepamplona.com\/actualidad\/el-ayuntamiento-de-pamplona-repartira-120-000-euros-en-dos-convocatorias-de-cooperacion-al-desarrollo-para-realizar-diferentes-proyectos-de-sensibilizacion-y-educacion\/","url":"https:\/\/www.laguiadepamplona.com\/actualidad\/el-ayuntamiento-de-pamplona-repartira-120-000-euros-en-dos-convocatorias-de-cooperacion-al-desarrollo-para-realizar-diferentes-proyectos-de-sensibilizacion-y-educacion\/","name":"El Ayuntamiento de Pamplona repartir\u00e1 120.000 euros en dos convocatorias de cooperaci\u00f3n al desarrollo para realizar diferentes proyectos de sensibilizaci\u00f3n y educaci\u00f3n","isPartOf":{"@id":"https:\/\/www.laguiadepamplona.com\/actualidad\/#website"},"primaryImageOfPage":{"@id":"https:\/\/www.laguiadepamplona.com\/actualidad\/el-ayuntamiento-de-pamplona-repartira-120-000-euros-en-dos-convocatorias-de-cooperacion-al-desarrollo-para-realizar-diferentes-proyectos-de-sensibilizacion-y-educacion\/#primaryimage"},"image":{"@id":"https:\/\/www.laguiadepamplona.com\/actualidad\/el-ayuntamiento-de-pamplona-repartira-120-000-euros-en-dos-convocatorias-de-cooperacion-al-desarrollo-para-realizar-diferentes-proyectos-de-sensibilizacion-y-educacion\/#primaryimage"},"thumbnailUrl":"https:\/\/www.laguiadepamplona.com\/actualidad\/wp-content\/uploads\/2022\/11\/papeles_0.webp","datePublished":"2024-07-03T18:01:46+00:00","description":"Se financiar\u00e1n proyectos a realizar en Pamplona y dirigidos a poblaci\u00f3n en general o colectivos espec\u00edficos, entre otros","breadcrumb":{"@id":"https:\/\/www.laguiadepamplona.com\/actualidad\/el-ayuntamiento-de-pamplona-repartira-120-000-euros-en-dos-convocatorias-de-cooperacion-al-desarrollo-para-realizar-diferentes-proyectos-de-sensibilizacion-y-educacion\/#breadcrumb"},"inLanguage":"es","potentialAction":[{"@type":"ReadAction","target":["https:\/\/www.laguiadepamplona.com\/actualidad\/el-ayuntamiento-de-pamplona-repartira-120-000-euros-en-dos-convocatorias-de-cooperacion-al-desarrollo-para-realizar-diferentes-proyectos-de-sensibilizacion-y-educacion\/"]}]},{"@type":"ImageObject","inLanguage":"es","@id":"https:\/\/www.laguiadepamplona.com\/actualidad\/el-ayuntamiento-de-pamplona-repartira-120-000-euros-en-dos-convocatorias-de-cooperacion-al-desarrollo-para-realizar-diferentes-proyectos-de-sensibilizacion-y-educacion\/#primaryimage","url":"https:\/\/www.laguiadepamplona.com\/actualidad\/wp-content\/uploads\/2022\/11\/papeles_0.webp","contentUrl":"https:\/\/www.laguiadepamplona.com\/actualidad\/wp-content\/uploads\/2022\/11\/papeles_0.webp","width":1920,"height":1280},{"@type":"BreadcrumbList","@id":"https:\/\/www.laguiadepamplona.com\/actualidad\/el-ayuntamiento-de-pamplona-repartira-120-000-euros-en-dos-convocatorias-de-cooperacion-al-desarrollo-para-realizar-diferentes-proyectos-de-sensibilizacion-y-educacion\/#breadcrumb","itemListElement":[{"@type":"ListItem","position":1,"name":"Portada","item":"https:\/\/www.laguiadepamplona.com\/actualidad\/"},{"@type":"ListItem","position":2,"name":"El Ayuntamiento de Pamplona repartir\u00e1 120.000 euros en dos convocatorias de cooperaci\u00f3n al desarrollo para realizar diferentes proyectos de sensibilizaci\u00f3n y educaci\u00f3n"}]},{"@type":"WebSite","@id":"https:\/\/www.laguiadepamplona.com\/actualidad\/#website","url":"https:\/\/www.laguiadepamplona.com\/actualidad\/","name":"La gu\u00eda de Pamplona","description":"Noticias de Pamplona","publisher":{"@id":"https:\/\/www.laguiadepamplona.com\/actualidad\/#organization"},"potentialAction":[{"@type":"SearchAction","target":{"@type":"EntryPoint","urlTemplate":"https:\/\/www.laguiadepamplona.com\/actualidad\/?s={search_term_string}"},"query-input":{"@type":"PropertyValueSpecification","valueRequired":true,"valueName":"search_term_string"}}],"inLanguage":"es"},{"@type":"Organization","@id":"https:\/\/www.laguiadepamplona.com\/actualidad\/#organization","name":"La Gu\u00eda de Pamplona \/ Noticias","url":"https:\/\/www.laguiadepamplona.com\/actualidad\/","logo":{"@type":"ImageObject","inLanguage":"es","@id":"https:\/\/www.laguiadepamplona.com\/actualidad\/#\/schema\/logo\/image\/","url":"https:\/\/www.laguiadepamplona.com\/actualidad\/wp-content\/uploads\/2018\/11\/logo-laguiadepamplona18-web1.png","contentUrl":"https:\/\/www.laguiadepamplona.com\/actualidad\/wp-content\/uploads\/2018\/11\/logo-laguiadepamplona18-web1.png","width":600,"height":196,"caption":"La Gu\u00eda de Pamplona \/ Noticias"},"image":{"@id":"https:\/\/www.laguiadepamplona.com\/actualidad\/#\/schema\/logo\/image\/"},"sameAs":["https:\/\/www.facebook.com\/laguiadepamplonacom-133175176762273\/?ref=hl","https:\/\/x.com\/LaGuiadPamplona","https:\/\/www.instagram.com\/la_guia_de_pamplona\/","https:\/\/www.youtube.com\/user\/laguiadepamplona"]},{"@type":"Person","@id":"https:\/\/www.laguiadepamplona.com\/actualidad\/#\/schema\/person\/efe887376f0213d4657c93adc50b1fdb","name":"La Gu\u00eda de Pamplona","image":{"@type":"ImageObject","inLanguage":"es","@id":"https:\/\/secure.gravatar.com\/avatar\/b6992f131dc8d30ab0dff15446e9d346d9dbd95992de0fef795073f5ea83a81c?s=96&d=mm&r=g","url":"https:\/\/secure.gravatar.com\/avatar\/b6992f131dc8d30ab0dff15446e9d346d9dbd95992de0fef795073f5ea83a81c?s=96&d=mm&r=g","contentUrl":"https:\/\/secure.gravatar.com\/avatar\/b6992f131dc8d30ab0dff15446e9d346d9dbd95992de0fef795073f5ea83a81c?s=96&d=mm&r=g","caption":"La Gu\u00eda de Pamplona"}}]}},"post_mailing_queue_ids":[],"_links":{"self":[{"href":"https:\/\/www.laguiadepamplona.com\/actualidad\/wp-json\/wp\/v2\/posts\/50263","targetHints":{"allow":["GET"]}}],"collection":[{"href":"https:\/\/www.laguiadepamplona.com\/actualidad\/wp-json\/wp\/v2\/posts"}],"about":[{"href":"https:\/\/www.laguiadepamplona.com\/actualidad\/wp-json\/wp\/v2\/types\/post"}],"author":[{"embeddable":true,"href":"https:\/\/www.laguiadepamplona.com\/actualidad\/wp-json\/wp\/v2\/users\/1"}],"replies":[{"embeddable":true,"href":"https:\/\/www.laguiadepamplona.com\/actualidad\/wp-json\/wp\/v2\/comments?post=50263"}],"version-history":[{"count":1,"href":"https:\/\/www.laguiadepamplona.com\/actualidad\/wp-json\/wp\/v2\/posts\/50263\/revisions"}],"predecessor-version":[{"id":50264,"href":"https:\/\/www.laguiadepamplona.com\/actualidad\/wp-json\/wp\/v2\/posts\/50263\/revisions\/50264"}],"wp:featuredmedia":[{"embeddable":true,"href":"https:\/\/www.laguiadepamplona.com\/actualidad\/wp-json\/wp\/v2\/media\/42333"}],"wp:attachment":[{"href":"https:\/\/www.laguiadepamplona.com\/actualidad\/wp-json\/wp\/v2\/media?parent=50263"}],"wp:term":[{"taxonomy":"category","embeddable":true,"href":"https:\/\/www.laguiadepamplona.com\/actualidad\/wp-json\/wp\/v2\/categories?post=50263"},{"taxonomy":"post_tag","embeddable":true,"href":"https:\/\/www.laguiadepamplona.com\/actualidad\/wp-json\/wp\/v2\/tags?post=50263"}],"curies":[{"name":"wp","href":"https:\/\/api.w.org\/{rel}","templated":true}]}}