{"id":50260,"date":"2024-07-03T20:00:24","date_gmt":"2024-07-03T18:00:24","guid":{"rendered":"https:\/\/www.laguiadepamplona.com\/actualidad\/?p=50260"},"modified":"2024-07-03T20:00:24","modified_gmt":"2024-07-03T18:00:24","slug":"el-ayuntamiento-de-pamplona-adquirira-un-vehiculo-manipulador-telescopico-y-un-camion-con-caja-basculante-para-el-servicio-municipal-de-zonas-verdes","status":"publish","type":"post","link":"https:\/\/www.laguiadepamplona.com\/actualidad\/el-ayuntamiento-de-pamplona-adquirira-un-vehiculo-manipulador-telescopico-y-un-camion-con-caja-basculante-para-el-servicio-municipal-de-zonas-verdes\/","title":{"rendered":"El Ayuntamiento de Pamplona adquirir\u00e1 un veh\u00edculo manipulador telesc\u00f3pico y un cami\u00f3n con caja basculante para el servicio municipal de Zonas Verdes"},"content":{"rendered":"<h2>Ambos veh\u00edculos, para lo que se ha aprobado la licitaci\u00f3n de un contrato, se destinar\u00e1n al vivero municipal y a la Brigada de Arbolado, respectivamente<\/h2>\n<p><!--more--><\/p>\n<p>La Junta de Gobierno Local del Ayuntamiento de Pamplona ha aprobado la licitaci\u00f3n del contrato para la adquisici\u00f3n de dos veh\u00edculos para el servicio municipal de Zonas Verdes. Se trata de un veh\u00edculo manipulador telesc\u00f3pico para el vivero municipal y de un cami\u00f3n con caja basculante para la Brigada de Arbolado. El contrato se licita en dos lotes, con un presupuesto m\u00e1ximo de 70.000 y 90.000 euros, respectivamente.<\/p>\n<p>Ambos veh\u00edculos deber\u00e1n entregarse en 2024 matriculados y homologados en base a la legislaci\u00f3n vigente en el momento de la recepci\u00f3n y para su uso inmediato. El plazo de entrega del manipulador telesc\u00f3pico ser\u00e1 de un m\u00e1ximo de 3 meses tras la firma del contrato y el cami\u00f3n deber\u00e1 entregarse en 2024. Los veh\u00edculos no deben estar rotulados y deber\u00e1n cumplir con una serie de caracter\u00edsticas t\u00e9cnicas. Cualquier prescripci\u00f3n t\u00e9cnica que se ofrezca por encima de las requeridas se entender\u00e1 incluida en el precio ofertado, sin que en ning\u00fan caso sea admisible ofrecer un precio por encima del de licitaci\u00f3n con la justificaci\u00f3n de las mejores prescripciones ofertadas.<\/p>\n<p>Las empresas adjudicatarias de los lotes del contrato deber\u00e1n contar con un servicio t\u00e9cnico en Pamplona, o dentro de un radio m\u00e1ximo de 50 kil\u00f3metros de Pamplona, para poder realizar con celeridad las solicitudes de asistencia t\u00e9cnica, mantenimiento y reparaci\u00f3n necesarias, as\u00ed como el suministro y sustituci\u00f3n de piezas y repuestos originales o equivalentes del veh\u00edculo, conforme a las especificaciones del fabricante o del importador del veh\u00edculo.<\/p>\n<p><strong>Sobre el manipulador telesc\u00f3pico<\/strong><\/p>\n<p>Se exige que el manipulador telesc\u00f3pico sea nuevo, con una extensi\u00f3n del brazo comprendida entre 5 y 9 metros y una capacidad de elevaci\u00f3n de peso m\u00e1xima de 3.000 kilos. La potencia m\u00ednima del veh\u00edculo ser\u00e1 de 54 Kw (73 CV). El veh\u00edculo suministrado ser\u00e1 entregado habiendo sido matriculado a nombre del Ayuntamiento de Pamplona. Deber\u00e1 contar con ficha t\u00e9cnica y permiso de circulaci\u00f3n a nombre del Ayuntamiento de Pamplona; certificado de garant\u00eda del fabricante o del importador del veh\u00edculo, que cubra al menos la garant\u00eda comercial y legal, conforme a las disposiciones legales vigentes; y plan de mantenimiento del veh\u00edculo.<\/p>\n<p>El contrato regula el pago en especie de parte del precio de adjudicaci\u00f3n del suministro de la nueva maquinaria, con la enajenaci\u00f3n del manipulador actual. La empresa adjudicataria deber\u00e1 asumir la titularidad del manipulador enajenado y descontar su valor m\u00ednimo de enajenaci\u00f3n establecido por el presente pliego, o el precio mejorado ofertado en su propuesta de licitaci\u00f3n, si este es mayor. El valor m\u00ednimo de enajenaci\u00f3n del manipulador que es actualmente propiedad del Ayuntamiento de Pamplona es de 3.000 euros (I.V.A. no incluido).<\/p>\n<p><strong>Sobre el cami\u00f3n con caja basculante<\/strong><\/p>\n<p>Las caracter\u00edsticas m\u00ednimas y b\u00e1sicas que exige el Ayuntamiento de Pamplona para el cami\u00f3n con caja basculante tiene que ver con aspectos como el chasis, motor, taras, suspensi\u00f3n, transmisi\u00f3n, frenos o cabina, entre otras cosas. El veh\u00edculo tendr\u00e1 una MMA comprendida entre 7.000 y 10.000 kilos, con una carga \u00fatil m\u00ednima de 3.500 kilos y una capacidad remolcable de 3.000 kilos. La potencia m\u00ednima ser\u00e1 de 150 CV.<\/p>\n<p>Respecto a la caja basculante, tendr\u00e1 un piso de chapa de acero de 3 mm. de espesor m\u00ednimo y una altura m\u00e1xima en vac\u00edo del piso de la caja al suelo de 1.200 mm.LA caja basculante tendr\u00e1 una longitud de carga aproximada de 3.750\/4.500 mm. y una anchura de carga aproximada de 2.000\/2.400 mm.<\/p>\n","protected":false},"excerpt":{"rendered":"<p>Ambos veh\u00edculos, para lo que se ha aprobado la licitaci\u00f3n de un contrato, se destinar\u00e1n al vivero municipal y a la Brigada de Arbolado, respectivamente<\/p>\n","protected":false},"author":1,"featured_media":50261,"comment_status":"open","ping_status":"closed","sticky":false,"template":"","format":"standard","meta":{"footnotes":""},"categories":[2],"tags":[],"class_list":["post-50260","post","type-post","status-publish","format-standard","has-post-thumbnail","hentry","category-ayuntamiento-pamplona"],"yoast_head":"<!-- This site is optimized with the Yoast SEO plugin v27.3 - https:\/\/yoast.com\/product\/yoast-seo-wordpress\/ -->\n<title>El Ayuntamiento de Pamplona adquirir\u00e1 un veh\u00edculo manipulador telesc\u00f3pico y un cami\u00f3n con caja basculante para el servicio municipal de Zonas Verdes<\/title>\n<meta name=\"description\" content=\"Ambos veh\u00edculos, para lo que se ha aprobado la licitaci\u00f3n de un contrato, se destinar\u00e1n al vivero municipal y a la Brigada de Arbolado, respectivamente\" \/>\n<meta name=\"robots\" content=\"index, follow, max-snippet:-1, max-image-preview:large, max-video-preview:-1\" \/>\n<link rel=\"canonical\" href=\"https:\/\/www.laguiadepamplona.com\/actualidad\/el-ayuntamiento-de-pamplona-adquirira-un-vehiculo-manipulador-telescopico-y-un-camion-con-caja-basculante-para-el-servicio-municipal-de-zonas-verdes\/\" \/>\n<meta property=\"og:locale\" content=\"es_ES\" \/>\n<meta property=\"og:type\" content=\"article\" \/>\n<meta property=\"og:title\" content=\"El Ayuntamiento de Pamplona adquirir\u00e1 un veh\u00edculo manipulador telesc\u00f3pico y un cami\u00f3n con caja basculante para el servicio municipal de Zonas Verdes\" \/>\n<meta property=\"og:description\" content=\"Ambos veh\u00edculos, para lo que se ha aprobado la licitaci\u00f3n de un contrato, se destinar\u00e1n al vivero municipal y a la Brigada de Arbolado, respectivamente\" \/>\n<meta property=\"og:url\" content=\"https:\/\/www.laguiadepamplona.com\/actualidad\/el-ayuntamiento-de-pamplona-adquirira-un-vehiculo-manipulador-telescopico-y-un-camion-con-caja-basculante-para-el-servicio-municipal-de-zonas-verdes\/\" \/>\n<meta property=\"og:site_name\" content=\"La Gu\u00eda de Pamplona\" \/>\n<meta property=\"article:publisher\" content=\"https:\/\/www.facebook.com\/laguiadepamplonacom-133175176762273\/?ref=hl\" \/>\n<meta property=\"article:published_time\" content=\"2024-07-03T18:00:24+00:00\" \/>\n<meta property=\"og:image\" content=\"https:\/\/www.laguiadepamplona.com\/actualidad\/wp-content\/uploads\/2024\/07\/vuelta_castillo_zona_verde_jardin_parque_camino_web.webp\" \/>\n\t<meta property=\"og:image:width\" content=\"1000\" \/>\n\t<meta property=\"og:image:height\" content=\"666\" \/>\n\t<meta property=\"og:image:type\" content=\"image\/webp\" \/>\n<meta name=\"author\" content=\"La Gu\u00eda de Pamplona\" \/>\n<meta name=\"twitter:card\" content=\"summary_large_image\" \/>\n<meta name=\"twitter:creator\" content=\"@LaGuiadPamplona\" \/>\n<meta name=\"twitter:site\" content=\"@LaGuiadPamplona\" \/>\n<meta name=\"twitter:label1\" content=\"Escrito por\" \/>\n\t<meta name=\"twitter:data1\" content=\"La Gu\u00eda de Pamplona\" \/>\n\t<meta name=\"twitter:label2\" content=\"Tiempo de lectura\" \/>\n\t<meta name=\"twitter:data2\" content=\"3 minutos\" \/>\n<script type=\"application\/ld+json\" class=\"yoast-schema-graph\">{\"@context\":\"https:\\\/\\\/schema.org\",\"@graph\":[{\"@type\":\"Article\",\"@id\":\"https:\\\/\\\/www.laguiadepamplona.com\\\/actualidad\\\/el-ayuntamiento-de-pamplona-adquirira-un-vehiculo-manipulador-telescopico-y-un-camion-con-caja-basculante-para-el-servicio-municipal-de-zonas-verdes\\\/#article\",\"isPartOf\":{\"@id\":\"https:\\\/\\\/www.laguiadepamplona.com\\\/actualidad\\\/el-ayuntamiento-de-pamplona-adquirira-un-vehiculo-manipulador-telescopico-y-un-camion-con-caja-basculante-para-el-servicio-municipal-de-zonas-verdes\\\/\"},\"author\":{\"name\":\"La Gu\u00eda de Pamplona\",\"@id\":\"https:\\\/\\\/www.laguiadepamplona.com\\\/actualidad\\\/#\\\/schema\\\/person\\\/efe887376f0213d4657c93adc50b1fdb\"},\"headline\":\"El Ayuntamiento de Pamplona adquirir\u00e1 un veh\u00edculo manipulador telesc\u00f3pico y un cami\u00f3n con caja basculante para el servicio municipal de Zonas Verdes\",\"datePublished\":\"2024-07-03T18:00:24+00:00\",\"mainEntityOfPage\":{\"@id\":\"https:\\\/\\\/www.laguiadepamplona.com\\\/actualidad\\\/el-ayuntamiento-de-pamplona-adquirira-un-vehiculo-manipulador-telescopico-y-un-camion-con-caja-basculante-para-el-servicio-municipal-de-zonas-verdes\\\/\"},\"wordCount\":660,\"commentCount\":0,\"publisher\":{\"@id\":\"https:\\\/\\\/www.laguiadepamplona.com\\\/actualidad\\\/#organization\"},\"image\":{\"@id\":\"https:\\\/\\\/www.laguiadepamplona.com\\\/actualidad\\\/el-ayuntamiento-de-pamplona-adquirira-un-vehiculo-manipulador-telescopico-y-un-camion-con-caja-basculante-para-el-servicio-municipal-de-zonas-verdes\\\/#primaryimage\"},\"thumbnailUrl\":\"https:\\\/\\\/www.laguiadepamplona.com\\\/actualidad\\\/wp-content\\\/uploads\\\/2024\\\/07\\\/vuelta_castillo_zona_verde_jardin_parque_camino_web.webp\",\"articleSection\":[\"Ayto Pamplona\"],\"inLanguage\":\"es\",\"potentialAction\":[{\"@type\":\"CommentAction\",\"name\":\"Comment\",\"target\":[\"https:\\\/\\\/www.laguiadepamplona.com\\\/actualidad\\\/el-ayuntamiento-de-pamplona-adquirira-un-vehiculo-manipulador-telescopico-y-un-camion-con-caja-basculante-para-el-servicio-municipal-de-zonas-verdes\\\/#respond\"]}]},{\"@type\":\"WebPage\",\"@id\":\"https:\\\/\\\/www.laguiadepamplona.com\\\/actualidad\\\/el-ayuntamiento-de-pamplona-adquirira-un-vehiculo-manipulador-telescopico-y-un-camion-con-caja-basculante-para-el-servicio-municipal-de-zonas-verdes\\\/\",\"url\":\"https:\\\/\\\/www.laguiadepamplona.com\\\/actualidad\\\/el-ayuntamiento-de-pamplona-adquirira-un-vehiculo-manipulador-telescopico-y-un-camion-con-caja-basculante-para-el-servicio-municipal-de-zonas-verdes\\\/\",\"name\":\"El Ayuntamiento de Pamplona adquirir\u00e1 un veh\u00edculo manipulador telesc\u00f3pico y un cami\u00f3n con caja basculante para el servicio municipal de Zonas Verdes\",\"isPartOf\":{\"@id\":\"https:\\\/\\\/www.laguiadepamplona.com\\\/actualidad\\\/#website\"},\"primaryImageOfPage\":{\"@id\":\"https:\\\/\\\/www.laguiadepamplona.com\\\/actualidad\\\/el-ayuntamiento-de-pamplona-adquirira-un-vehiculo-manipulador-telescopico-y-un-camion-con-caja-basculante-para-el-servicio-municipal-de-zonas-verdes\\\/#primaryimage\"},\"image\":{\"@id\":\"https:\\\/\\\/www.laguiadepamplona.com\\\/actualidad\\\/el-ayuntamiento-de-pamplona-adquirira-un-vehiculo-manipulador-telescopico-y-un-camion-con-caja-basculante-para-el-servicio-municipal-de-zonas-verdes\\\/#primaryimage\"},\"thumbnailUrl\":\"https:\\\/\\\/www.laguiadepamplona.com\\\/actualidad\\\/wp-content\\\/uploads\\\/2024\\\/07\\\/vuelta_castillo_zona_verde_jardin_parque_camino_web.webp\",\"datePublished\":\"2024-07-03T18:00:24+00:00\",\"description\":\"Ambos veh\u00edculos, para lo que se ha aprobado la licitaci\u00f3n de un contrato, se destinar\u00e1n al vivero municipal y a la Brigada de Arbolado, respectivamente\",\"breadcrumb\":{\"@id\":\"https:\\\/\\\/www.laguiadepamplona.com\\\/actualidad\\\/el-ayuntamiento-de-pamplona-adquirira-un-vehiculo-manipulador-telescopico-y-un-camion-con-caja-basculante-para-el-servicio-municipal-de-zonas-verdes\\\/#breadcrumb\"},\"inLanguage\":\"es\",\"potentialAction\":[{\"@type\":\"ReadAction\",\"target\":[\"https:\\\/\\\/www.laguiadepamplona.com\\\/actualidad\\\/el-ayuntamiento-de-pamplona-adquirira-un-vehiculo-manipulador-telescopico-y-un-camion-con-caja-basculante-para-el-servicio-municipal-de-zonas-verdes\\\/\"]}]},{\"@type\":\"ImageObject\",\"inLanguage\":\"es\",\"@id\":\"https:\\\/\\\/www.laguiadepamplona.com\\\/actualidad\\\/el-ayuntamiento-de-pamplona-adquirira-un-vehiculo-manipulador-telescopico-y-un-camion-con-caja-basculante-para-el-servicio-municipal-de-zonas-verdes\\\/#primaryimage\",\"url\":\"https:\\\/\\\/www.laguiadepamplona.com\\\/actualidad\\\/wp-content\\\/uploads\\\/2024\\\/07\\\/vuelta_castillo_zona_verde_jardin_parque_camino_web.webp\",\"contentUrl\":\"https:\\\/\\\/www.laguiadepamplona.com\\\/actualidad\\\/wp-content\\\/uploads\\\/2024\\\/07\\\/vuelta_castillo_zona_verde_jardin_parque_camino_web.webp\",\"width\":1000,\"height\":666,\"caption\":\"vuelta castillo zona verde jardin\"},{\"@type\":\"BreadcrumbList\",\"@id\":\"https:\\\/\\\/www.laguiadepamplona.com\\\/actualidad\\\/el-ayuntamiento-de-pamplona-adquirira-un-vehiculo-manipulador-telescopico-y-un-camion-con-caja-basculante-para-el-servicio-municipal-de-zonas-verdes\\\/#breadcrumb\",\"itemListElement\":[{\"@type\":\"ListItem\",\"position\":1,\"name\":\"Portada\",\"item\":\"https:\\\/\\\/www.laguiadepamplona.com\\\/actualidad\\\/\"},{\"@type\":\"ListItem\",\"position\":2,\"name\":\"El Ayuntamiento de Pamplona adquirir\u00e1 un veh\u00edculo manipulador telesc\u00f3pico y un cami\u00f3n con caja basculante para el servicio municipal de Zonas Verdes\"}]},{\"@type\":\"WebSite\",\"@id\":\"https:\\\/\\\/www.laguiadepamplona.com\\\/actualidad\\\/#website\",\"url\":\"https:\\\/\\\/www.laguiadepamplona.com\\\/actualidad\\\/\",\"name\":\"La gu\u00eda de Pamplona\",\"description\":\"Noticias de Pamplona\",\"publisher\":{\"@id\":\"https:\\\/\\\/www.laguiadepamplona.com\\\/actualidad\\\/#organization\"},\"potentialAction\":[{\"@type\":\"SearchAction\",\"target\":{\"@type\":\"EntryPoint\",\"urlTemplate\":\"https:\\\/\\\/www.laguiadepamplona.com\\\/actualidad\\\/?s={search_term_string}\"},\"query-input\":{\"@type\":\"PropertyValueSpecification\",\"valueRequired\":true,\"valueName\":\"search_term_string\"}}],\"inLanguage\":\"es\"},{\"@type\":\"Organization\",\"@id\":\"https:\\\/\\\/www.laguiadepamplona.com\\\/actualidad\\\/#organization\",\"name\":\"La Gu\u00eda de Pamplona \\\/ Noticias\",\"url\":\"https:\\\/\\\/www.laguiadepamplona.com\\\/actualidad\\\/\",\"logo\":{\"@type\":\"ImageObject\",\"inLanguage\":\"es\",\"@id\":\"https:\\\/\\\/www.laguiadepamplona.com\\\/actualidad\\\/#\\\/schema\\\/logo\\\/image\\\/\",\"url\":\"https:\\\/\\\/www.laguiadepamplona.com\\\/actualidad\\\/wp-content\\\/uploads\\\/2018\\\/11\\\/logo-laguiadepamplona18-web1.png\",\"contentUrl\":\"https:\\\/\\\/www.laguiadepamplona.com\\\/actualidad\\\/wp-content\\\/uploads\\\/2018\\\/11\\\/logo-laguiadepamplona18-web1.png\",\"width\":600,\"height\":196,\"caption\":\"La Gu\u00eda de Pamplona \\\/ Noticias\"},\"image\":{\"@id\":\"https:\\\/\\\/www.laguiadepamplona.com\\\/actualidad\\\/#\\\/schema\\\/logo\\\/image\\\/\"},\"sameAs\":[\"https:\\\/\\\/www.facebook.com\\\/laguiadepamplonacom-133175176762273\\\/?ref=hl\",\"https:\\\/\\\/x.com\\\/LaGuiadPamplona\",\"https:\\\/\\\/www.instagram.com\\\/la_guia_de_pamplona\\\/\",\"https:\\\/\\\/www.youtube.com\\\/user\\\/laguiadepamplona\"]},{\"@type\":\"Person\",\"@id\":\"https:\\\/\\\/www.laguiadepamplona.com\\\/actualidad\\\/#\\\/schema\\\/person\\\/efe887376f0213d4657c93adc50b1fdb\",\"name\":\"La Gu\u00eda de Pamplona\",\"image\":{\"@type\":\"ImageObject\",\"inLanguage\":\"es\",\"@id\":\"https:\\\/\\\/secure.gravatar.com\\\/avatar\\\/b6992f131dc8d30ab0dff15446e9d346d9dbd95992de0fef795073f5ea83a81c?s=96&d=mm&r=g\",\"url\":\"https:\\\/\\\/secure.gravatar.com\\\/avatar\\\/b6992f131dc8d30ab0dff15446e9d346d9dbd95992de0fef795073f5ea83a81c?s=96&d=mm&r=g\",\"contentUrl\":\"https:\\\/\\\/secure.gravatar.com\\\/avatar\\\/b6992f131dc8d30ab0dff15446e9d346d9dbd95992de0fef795073f5ea83a81c?s=96&d=mm&r=g\",\"caption\":\"La Gu\u00eda de Pamplona\"}}]}<\/script>\n<!-- \/ Yoast SEO plugin. -->","yoast_head_json":{"title":"El Ayuntamiento de Pamplona adquirir\u00e1 un veh\u00edculo manipulador telesc\u00f3pico y un cami\u00f3n con caja basculante para el servicio municipal de Zonas Verdes","description":"Ambos veh\u00edculos, para lo que se ha aprobado la licitaci\u00f3n de un contrato, se destinar\u00e1n al vivero municipal y a la Brigada de Arbolado, respectivamente","robots":{"index":"index","follow":"follow","max-snippet":"max-snippet:-1","max-image-preview":"max-image-preview:large","max-video-preview":"max-video-preview:-1"},"canonical":"https:\/\/www.laguiadepamplona.com\/actualidad\/el-ayuntamiento-de-pamplona-adquirira-un-vehiculo-manipulador-telescopico-y-un-camion-con-caja-basculante-para-el-servicio-municipal-de-zonas-verdes\/","og_locale":"es_ES","og_type":"article","og_title":"El Ayuntamiento de Pamplona adquirir\u00e1 un veh\u00edculo manipulador telesc\u00f3pico y un cami\u00f3n con caja basculante para el servicio municipal de Zonas Verdes","og_description":"Ambos veh\u00edculos, para lo que se ha aprobado la licitaci\u00f3n de un contrato, se destinar\u00e1n al vivero municipal y a la Brigada de Arbolado, respectivamente","og_url":"https:\/\/www.laguiadepamplona.com\/actualidad\/el-ayuntamiento-de-pamplona-adquirira-un-vehiculo-manipulador-telescopico-y-un-camion-con-caja-basculante-para-el-servicio-municipal-de-zonas-verdes\/","og_site_name":"La Gu\u00eda de Pamplona","article_publisher":"https:\/\/www.facebook.com\/laguiadepamplonacom-133175176762273\/?ref=hl","article_published_time":"2024-07-03T18:00:24+00:00","og_image":[{"width":1000,"height":666,"url":"https:\/\/www.laguiadepamplona.com\/actualidad\/wp-content\/uploads\/2024\/07\/vuelta_castillo_zona_verde_jardin_parque_camino_web.webp","type":"image\/webp"}],"author":"La Gu\u00eda de Pamplona","twitter_card":"summary_large_image","twitter_creator":"@LaGuiadPamplona","twitter_site":"@LaGuiadPamplona","twitter_misc":{"Escrito por":"La Gu\u00eda de Pamplona","Tiempo de lectura":"3 minutos"},"schema":{"@context":"https:\/\/schema.org","@graph":[{"@type":"Article","@id":"https:\/\/www.laguiadepamplona.com\/actualidad\/el-ayuntamiento-de-pamplona-adquirira-un-vehiculo-manipulador-telescopico-y-un-camion-con-caja-basculante-para-el-servicio-municipal-de-zonas-verdes\/#article","isPartOf":{"@id":"https:\/\/www.laguiadepamplona.com\/actualidad\/el-ayuntamiento-de-pamplona-adquirira-un-vehiculo-manipulador-telescopico-y-un-camion-con-caja-basculante-para-el-servicio-municipal-de-zonas-verdes\/"},"author":{"name":"La Gu\u00eda de Pamplona","@id":"https:\/\/www.laguiadepamplona.com\/actualidad\/#\/schema\/person\/efe887376f0213d4657c93adc50b1fdb"},"headline":"El Ayuntamiento de Pamplona adquirir\u00e1 un veh\u00edculo manipulador telesc\u00f3pico y un cami\u00f3n con caja basculante para el servicio municipal de Zonas Verdes","datePublished":"2024-07-03T18:00:24+00:00","mainEntityOfPage":{"@id":"https:\/\/www.laguiadepamplona.com\/actualidad\/el-ayuntamiento-de-pamplona-adquirira-un-vehiculo-manipulador-telescopico-y-un-camion-con-caja-basculante-para-el-servicio-municipal-de-zonas-verdes\/"},"wordCount":660,"commentCount":0,"publisher":{"@id":"https:\/\/www.laguiadepamplona.com\/actualidad\/#organization"},"image":{"@id":"https:\/\/www.laguiadepamplona.com\/actualidad\/el-ayuntamiento-de-pamplona-adquirira-un-vehiculo-manipulador-telescopico-y-un-camion-con-caja-basculante-para-el-servicio-municipal-de-zonas-verdes\/#primaryimage"},"thumbnailUrl":"https:\/\/www.laguiadepamplona.com\/actualidad\/wp-content\/uploads\/2024\/07\/vuelta_castillo_zona_verde_jardin_parque_camino_web.webp","articleSection":["Ayto Pamplona"],"inLanguage":"es","potentialAction":[{"@type":"CommentAction","name":"Comment","target":["https:\/\/www.laguiadepamplona.com\/actualidad\/el-ayuntamiento-de-pamplona-adquirira-un-vehiculo-manipulador-telescopico-y-un-camion-con-caja-basculante-para-el-servicio-municipal-de-zonas-verdes\/#respond"]}]},{"@type":"WebPage","@id":"https:\/\/www.laguiadepamplona.com\/actualidad\/el-ayuntamiento-de-pamplona-adquirira-un-vehiculo-manipulador-telescopico-y-un-camion-con-caja-basculante-para-el-servicio-municipal-de-zonas-verdes\/","url":"https:\/\/www.laguiadepamplona.com\/actualidad\/el-ayuntamiento-de-pamplona-adquirira-un-vehiculo-manipulador-telescopico-y-un-camion-con-caja-basculante-para-el-servicio-municipal-de-zonas-verdes\/","name":"El Ayuntamiento de Pamplona adquirir\u00e1 un veh\u00edculo manipulador telesc\u00f3pico y un cami\u00f3n con caja basculante para el servicio municipal de Zonas Verdes","isPartOf":{"@id":"https:\/\/www.laguiadepamplona.com\/actualidad\/#website"},"primaryImageOfPage":{"@id":"https:\/\/www.laguiadepamplona.com\/actualidad\/el-ayuntamiento-de-pamplona-adquirira-un-vehiculo-manipulador-telescopico-y-un-camion-con-caja-basculante-para-el-servicio-municipal-de-zonas-verdes\/#primaryimage"},"image":{"@id":"https:\/\/www.laguiadepamplona.com\/actualidad\/el-ayuntamiento-de-pamplona-adquirira-un-vehiculo-manipulador-telescopico-y-un-camion-con-caja-basculante-para-el-servicio-municipal-de-zonas-verdes\/#primaryimage"},"thumbnailUrl":"https:\/\/www.laguiadepamplona.com\/actualidad\/wp-content\/uploads\/2024\/07\/vuelta_castillo_zona_verde_jardin_parque_camino_web.webp","datePublished":"2024-07-03T18:00:24+00:00","description":"Ambos veh\u00edculos, para lo que se ha aprobado la licitaci\u00f3n de un contrato, se destinar\u00e1n al vivero municipal y a la Brigada de Arbolado, respectivamente","breadcrumb":{"@id":"https:\/\/www.laguiadepamplona.com\/actualidad\/el-ayuntamiento-de-pamplona-adquirira-un-vehiculo-manipulador-telescopico-y-un-camion-con-caja-basculante-para-el-servicio-municipal-de-zonas-verdes\/#breadcrumb"},"inLanguage":"es","potentialAction":[{"@type":"ReadAction","target":["https:\/\/www.laguiadepamplona.com\/actualidad\/el-ayuntamiento-de-pamplona-adquirira-un-vehiculo-manipulador-telescopico-y-un-camion-con-caja-basculante-para-el-servicio-municipal-de-zonas-verdes\/"]}]},{"@type":"ImageObject","inLanguage":"es","@id":"https:\/\/www.laguiadepamplona.com\/actualidad\/el-ayuntamiento-de-pamplona-adquirira-un-vehiculo-manipulador-telescopico-y-un-camion-con-caja-basculante-para-el-servicio-municipal-de-zonas-verdes\/#primaryimage","url":"https:\/\/www.laguiadepamplona.com\/actualidad\/wp-content\/uploads\/2024\/07\/vuelta_castillo_zona_verde_jardin_parque_camino_web.webp","contentUrl":"https:\/\/www.laguiadepamplona.com\/actualidad\/wp-content\/uploads\/2024\/07\/vuelta_castillo_zona_verde_jardin_parque_camino_web.webp","width":1000,"height":666,"caption":"vuelta castillo zona verde jardin"},{"@type":"BreadcrumbList","@id":"https:\/\/www.laguiadepamplona.com\/actualidad\/el-ayuntamiento-de-pamplona-adquirira-un-vehiculo-manipulador-telescopico-y-un-camion-con-caja-basculante-para-el-servicio-municipal-de-zonas-verdes\/#breadcrumb","itemListElement":[{"@type":"ListItem","position":1,"name":"Portada","item":"https:\/\/www.laguiadepamplona.com\/actualidad\/"},{"@type":"ListItem","position":2,"name":"El Ayuntamiento de Pamplona adquirir\u00e1 un veh\u00edculo manipulador telesc\u00f3pico y un cami\u00f3n con caja basculante para el servicio municipal de Zonas Verdes"}]},{"@type":"WebSite","@id":"https:\/\/www.laguiadepamplona.com\/actualidad\/#website","url":"https:\/\/www.laguiadepamplona.com\/actualidad\/","name":"La gu\u00eda de Pamplona","description":"Noticias de Pamplona","publisher":{"@id":"https:\/\/www.laguiadepamplona.com\/actualidad\/#organization"},"potentialAction":[{"@type":"SearchAction","target":{"@type":"EntryPoint","urlTemplate":"https:\/\/www.laguiadepamplona.com\/actualidad\/?s={search_term_string}"},"query-input":{"@type":"PropertyValueSpecification","valueRequired":true,"valueName":"search_term_string"}}],"inLanguage":"es"},{"@type":"Organization","@id":"https:\/\/www.laguiadepamplona.com\/actualidad\/#organization","name":"La Gu\u00eda de Pamplona \/ Noticias","url":"https:\/\/www.laguiadepamplona.com\/actualidad\/","logo":{"@type":"ImageObject","inLanguage":"es","@id":"https:\/\/www.laguiadepamplona.com\/actualidad\/#\/schema\/logo\/image\/","url":"https:\/\/www.laguiadepamplona.com\/actualidad\/wp-content\/uploads\/2018\/11\/logo-laguiadepamplona18-web1.png","contentUrl":"https:\/\/www.laguiadepamplona.com\/actualidad\/wp-content\/uploads\/2018\/11\/logo-laguiadepamplona18-web1.png","width":600,"height":196,"caption":"La Gu\u00eda de Pamplona \/ Noticias"},"image":{"@id":"https:\/\/www.laguiadepamplona.com\/actualidad\/#\/schema\/logo\/image\/"},"sameAs":["https:\/\/www.facebook.com\/laguiadepamplonacom-133175176762273\/?ref=hl","https:\/\/x.com\/LaGuiadPamplona","https:\/\/www.instagram.com\/la_guia_de_pamplona\/","https:\/\/www.youtube.com\/user\/laguiadepamplona"]},{"@type":"Person","@id":"https:\/\/www.laguiadepamplona.com\/actualidad\/#\/schema\/person\/efe887376f0213d4657c93adc50b1fdb","name":"La Gu\u00eda de Pamplona","image":{"@type":"ImageObject","inLanguage":"es","@id":"https:\/\/secure.gravatar.com\/avatar\/b6992f131dc8d30ab0dff15446e9d346d9dbd95992de0fef795073f5ea83a81c?s=96&d=mm&r=g","url":"https:\/\/secure.gravatar.com\/avatar\/b6992f131dc8d30ab0dff15446e9d346d9dbd95992de0fef795073f5ea83a81c?s=96&d=mm&r=g","contentUrl":"https:\/\/secure.gravatar.com\/avatar\/b6992f131dc8d30ab0dff15446e9d346d9dbd95992de0fef795073f5ea83a81c?s=96&d=mm&r=g","caption":"La Gu\u00eda de Pamplona"}}]}},"post_mailing_queue_ids":[],"_links":{"self":[{"href":"https:\/\/www.laguiadepamplona.com\/actualidad\/wp-json\/wp\/v2\/posts\/50260","targetHints":{"allow":["GET"]}}],"collection":[{"href":"https:\/\/www.laguiadepamplona.com\/actualidad\/wp-json\/wp\/v2\/posts"}],"about":[{"href":"https:\/\/www.laguiadepamplona.com\/actualidad\/wp-json\/wp\/v2\/types\/post"}],"author":[{"embeddable":true,"href":"https:\/\/www.laguiadepamplona.com\/actualidad\/wp-json\/wp\/v2\/users\/1"}],"replies":[{"embeddable":true,"href":"https:\/\/www.laguiadepamplona.com\/actualidad\/wp-json\/wp\/v2\/comments?post=50260"}],"version-history":[{"count":1,"href":"https:\/\/www.laguiadepamplona.com\/actualidad\/wp-json\/wp\/v2\/posts\/50260\/revisions"}],"predecessor-version":[{"id":50262,"href":"https:\/\/www.laguiadepamplona.com\/actualidad\/wp-json\/wp\/v2\/posts\/50260\/revisions\/50262"}],"wp:featuredmedia":[{"embeddable":true,"href":"https:\/\/www.laguiadepamplona.com\/actualidad\/wp-json\/wp\/v2\/media\/50261"}],"wp:attachment":[{"href":"https:\/\/www.laguiadepamplona.com\/actualidad\/wp-json\/wp\/v2\/media?parent=50260"}],"wp:term":[{"taxonomy":"category","embeddable":true,"href":"https:\/\/www.laguiadepamplona.com\/actualidad\/wp-json\/wp\/v2\/categories?post=50260"},{"taxonomy":"post_tag","embeddable":true,"href":"https:\/\/www.laguiadepamplona.com\/actualidad\/wp-json\/wp\/v2\/tags?post=50260"}],"curies":[{"name":"wp","href":"https:\/\/api.w.org\/{rel}","templated":true}]}}