{"id":50254,"date":"2024-07-02T19:29:00","date_gmt":"2024-07-02T17:29:00","guid":{"rendered":"https:\/\/www.laguiadepamplona.com\/actualidad\/?p=50254"},"modified":"2024-07-03T20:08:18","modified_gmt":"2024-07-03T18:08:18","slug":"mas-de-70-personas-se-unen-en-apoyo-a-la-convivencia-durante-las-proximas-fiestas-de-san-fermin-posando-para-una-fotografia-colectiva-en-la-plaza-consistorial","status":"publish","type":"post","link":"https:\/\/www.laguiadepamplona.com\/actualidad\/mas-de-70-personas-se-unen-en-apoyo-a-la-convivencia-durante-las-proximas-fiestas-de-san-fermin-posando-para-una-fotografia-colectiva-en-la-plaza-consistorial\/","title":{"rendered":"M\u00e1s de 70 personas se unen en apoyo a la convivencia durante las pr\u00f3ximas fiestas de San Ferm\u00edn posando para una fotograf\u00eda colectiva en la Plaza Consistorial"},"content":{"rendered":"<h2>Han participado el alcalde, representantes de los grupos municipales, miembros de colectivos culturales y sociales y diferentes personalidades<\/h2>\n<p><!--more--><\/p>\n<p>La Plaza Consistorial ha sido el marco para una foto en pro de la convivencia y el buen desarrollo de las ya cercanas fiestas de San Ferm\u00edn. Alrededor de 75 personas han posado, con la fachada de la Casa Consistorial de fondo, para unirse al \u2018Manifiesto Social por la convivencia en Sanfermines\u2019, una propuesta de Alcald\u00eda, apoyada por unanimidad por todos los grupos municipales.<\/p>\n<p>La fotograf\u00eda tomada esta tarde ha unido al alcalde de Pamplona, Joseba Asiron Saez, y a representantes de todos los grupos municipales, adem\u00e1s de contar con la participaci\u00f3n de diferentes colectivos y personalidades. Se han sumado a esta iniciativa la Polic\u00eda Municipal de Pamplona, Duguna Iru\u00f1eko Dantzariak \/ Dantzaris de Pamplona, Comparsa de Gigantes y Cabezudos, Asociaci\u00f3n de Gaiteros de Pamplona\/Iru\u00f1eko Gaiteroak Elkartea, Iruinako Txistulari Taldea-Banda de Txistularis de Pamplona y La Pamplonesa; integrantes de los colectivos de diversidad Gaz Kahl\u00f3, Fain y Alpargatika; Asun Casasola; Tere S\u00e1ez, de Lunes Lilas; Cermin; Anfas; los pelotaris Pello Mart\u00ednez de Eulate, Maite Ruiz de Larramendi y Iera Agirre; el cantante El Drogas y Maruxak; y auxiliares de Protecci\u00f3n Civil, DYA y Cruz Roja tambi\u00e9n han estado presentes en esta fotograf\u00eda.<\/p>\n<p>Asimismo, no han faltado representantes del tejido asociativo relacionado con los Sanfermines como son la Federaci\u00f3n de Pe\u00f1as de Pamplona, Nafarroako Ikastolen Federazioa \u2013 Federaci\u00f3n de Ikastolas de Navarra, otros como la Churrer\u00eda de La Ma\u00f1ueta o la Casa de Misericordia, y otras entidades como el Defensor del Pueblo, la Asociaci\u00f3n de Jubilados Sasoiak o el fotoperiodista Joxe Lacalle, galardonado con el bombo de La Jarana de este a\u00f1o, acudir\u00e1n igualmente. Entre las personas que tambi\u00e9n han posado est\u00e1n lanzadores y lanzadoras de Chupinazos en los \u00faltimos a\u00f1os como el Mai Garde y Roberto Torres, representando al Club Atl\u00e9tico Osasuna, Motxila 21 y El Tuli.<\/p>\n","protected":false},"excerpt":{"rendered":"<p>Han participado el alcalde, representantes de los grupos municipales, miembros de colectivos culturales y sociales y diferentes personalidades<\/p>\n","protected":false},"author":1,"featured_media":50255,"comment_status":"open","ping_status":"closed","sticky":false,"template":"","format":"standard","meta":{"footnotes":""},"categories":[2,9406],"tags":[],"class_list":["post-50254","post","type-post","status-publish","format-standard","has-post-thumbnail","hentry","category-ayuntamiento-pamplona","category-san-fermin"],"yoast_head":"<!-- This site is optimized with the Yoast SEO plugin v27.3 - https:\/\/yoast.com\/product\/yoast-seo-wordpress\/ -->\n<title>M\u00e1s de 70 personas se unen en apoyo a la convivencia durante las pr\u00f3ximas fiestas de San Ferm\u00edn posando para una fotograf\u00eda colectiva en la Plaza Consistorial<\/title>\n<meta name=\"description\" content=\"Han participado el alcalde, representantes de los grupos municipales, miembros de colectivos culturales y sociales y diferentes personalidades\" \/>\n<meta name=\"robots\" content=\"index, follow, max-snippet:-1, max-image-preview:large, max-video-preview:-1\" \/>\n<link rel=\"canonical\" href=\"https:\/\/www.laguiadepamplona.com\/actualidad\/mas-de-70-personas-se-unen-en-apoyo-a-la-convivencia-durante-las-proximas-fiestas-de-san-fermin-posando-para-una-fotografia-colectiva-en-la-plaza-consistorial\/\" \/>\n<meta property=\"og:locale\" content=\"es_ES\" \/>\n<meta property=\"og:type\" content=\"article\" \/>\n<meta property=\"og:title\" content=\"M\u00e1s de 70 personas se unen en apoyo a la convivencia durante las pr\u00f3ximas fiestas de San Ferm\u00edn posando para una fotograf\u00eda colectiva en la Plaza Consistorial\" \/>\n<meta property=\"og:description\" content=\"Han participado el alcalde, representantes de los grupos municipales, miembros de colectivos culturales y sociales y diferentes personalidades\" \/>\n<meta property=\"og:url\" content=\"https:\/\/www.laguiadepamplona.com\/actualidad\/mas-de-70-personas-se-unen-en-apoyo-a-la-convivencia-durante-las-proximas-fiestas-de-san-fermin-posando-para-una-fotografia-colectiva-en-la-plaza-consistorial\/\" \/>\n<meta property=\"og:site_name\" content=\"La Gu\u00eda de Pamplona\" \/>\n<meta property=\"article:publisher\" content=\"https:\/\/www.facebook.com\/laguiadepamplonacom-133175176762273\/?ref=hl\" \/>\n<meta property=\"article:published_time\" content=\"2024-07-02T17:29:00+00:00\" \/>\n<meta property=\"article:modified_time\" content=\"2024-07-03T18:08:18+00:00\" \/>\n<meta property=\"og:image\" content=\"https:\/\/www.laguiadepamplona.com\/actualidad\/wp-content\/uploads\/2024\/07\/FOTO-colectiva-convivencia-sanfermines.webp\" \/>\n\t<meta property=\"og:image:width\" content=\"1000\" \/>\n\t<meta property=\"og:image:height\" content=\"667\" \/>\n\t<meta property=\"og:image:type\" content=\"image\/webp\" \/>\n<meta name=\"author\" content=\"La Gu\u00eda de Pamplona\" \/>\n<meta name=\"twitter:card\" content=\"summary_large_image\" \/>\n<meta name=\"twitter:creator\" content=\"@LaGuiadPamplona\" \/>\n<meta name=\"twitter:site\" content=\"@LaGuiadPamplona\" \/>\n<meta name=\"twitter:label1\" content=\"Escrito por\" \/>\n\t<meta name=\"twitter:data1\" content=\"La Gu\u00eda de Pamplona\" \/>\n\t<meta name=\"twitter:label2\" content=\"Tiempo de lectura\" \/>\n\t<meta name=\"twitter:data2\" content=\"2 minutos\" \/>\n<script type=\"application\/ld+json\" class=\"yoast-schema-graph\">{\"@context\":\"https:\\\/\\\/schema.org\",\"@graph\":[{\"@type\":\"Article\",\"@id\":\"https:\\\/\\\/www.laguiadepamplona.com\\\/actualidad\\\/mas-de-70-personas-se-unen-en-apoyo-a-la-convivencia-durante-las-proximas-fiestas-de-san-fermin-posando-para-una-fotografia-colectiva-en-la-plaza-consistorial\\\/#article\",\"isPartOf\":{\"@id\":\"https:\\\/\\\/www.laguiadepamplona.com\\\/actualidad\\\/mas-de-70-personas-se-unen-en-apoyo-a-la-convivencia-durante-las-proximas-fiestas-de-san-fermin-posando-para-una-fotografia-colectiva-en-la-plaza-consistorial\\\/\"},\"author\":{\"name\":\"La Gu\u00eda de Pamplona\",\"@id\":\"https:\\\/\\\/www.laguiadepamplona.com\\\/actualidad\\\/#\\\/schema\\\/person\\\/efe887376f0213d4657c93adc50b1fdb\"},\"headline\":\"M\u00e1s de 70 personas se unen en apoyo a la convivencia durante las pr\u00f3ximas fiestas de San Ferm\u00edn posando para una fotograf\u00eda colectiva en la Plaza Consistorial\",\"datePublished\":\"2024-07-02T17:29:00+00:00\",\"dateModified\":\"2024-07-03T18:08:18+00:00\",\"mainEntityOfPage\":{\"@id\":\"https:\\\/\\\/www.laguiadepamplona.com\\\/actualidad\\\/mas-de-70-personas-se-unen-en-apoyo-a-la-convivencia-durante-las-proximas-fiestas-de-san-fermin-posando-para-una-fotografia-colectiva-en-la-plaza-consistorial\\\/\"},\"wordCount\":368,\"commentCount\":0,\"publisher\":{\"@id\":\"https:\\\/\\\/www.laguiadepamplona.com\\\/actualidad\\\/#organization\"},\"image\":{\"@id\":\"https:\\\/\\\/www.laguiadepamplona.com\\\/actualidad\\\/mas-de-70-personas-se-unen-en-apoyo-a-la-convivencia-durante-las-proximas-fiestas-de-san-fermin-posando-para-una-fotografia-colectiva-en-la-plaza-consistorial\\\/#primaryimage\"},\"thumbnailUrl\":\"https:\\\/\\\/www.laguiadepamplona.com\\\/actualidad\\\/wp-content\\\/uploads\\\/2024\\\/07\\\/FOTO-colectiva-convivencia-sanfermines.webp\",\"articleSection\":[\"Ayto Pamplona\",\"San Ferm\u00edn\"],\"inLanguage\":\"es\",\"potentialAction\":[{\"@type\":\"CommentAction\",\"name\":\"Comment\",\"target\":[\"https:\\\/\\\/www.laguiadepamplona.com\\\/actualidad\\\/mas-de-70-personas-se-unen-en-apoyo-a-la-convivencia-durante-las-proximas-fiestas-de-san-fermin-posando-para-una-fotografia-colectiva-en-la-plaza-consistorial\\\/#respond\"]}]},{\"@type\":\"WebPage\",\"@id\":\"https:\\\/\\\/www.laguiadepamplona.com\\\/actualidad\\\/mas-de-70-personas-se-unen-en-apoyo-a-la-convivencia-durante-las-proximas-fiestas-de-san-fermin-posando-para-una-fotografia-colectiva-en-la-plaza-consistorial\\\/\",\"url\":\"https:\\\/\\\/www.laguiadepamplona.com\\\/actualidad\\\/mas-de-70-personas-se-unen-en-apoyo-a-la-convivencia-durante-las-proximas-fiestas-de-san-fermin-posando-para-una-fotografia-colectiva-en-la-plaza-consistorial\\\/\",\"name\":\"M\u00e1s de 70 personas se unen en apoyo a la convivencia durante las pr\u00f3ximas fiestas de San Ferm\u00edn posando para una fotograf\u00eda colectiva en la Plaza Consistorial\",\"isPartOf\":{\"@id\":\"https:\\\/\\\/www.laguiadepamplona.com\\\/actualidad\\\/#website\"},\"primaryImageOfPage\":{\"@id\":\"https:\\\/\\\/www.laguiadepamplona.com\\\/actualidad\\\/mas-de-70-personas-se-unen-en-apoyo-a-la-convivencia-durante-las-proximas-fiestas-de-san-fermin-posando-para-una-fotografia-colectiva-en-la-plaza-consistorial\\\/#primaryimage\"},\"image\":{\"@id\":\"https:\\\/\\\/www.laguiadepamplona.com\\\/actualidad\\\/mas-de-70-personas-se-unen-en-apoyo-a-la-convivencia-durante-las-proximas-fiestas-de-san-fermin-posando-para-una-fotografia-colectiva-en-la-plaza-consistorial\\\/#primaryimage\"},\"thumbnailUrl\":\"https:\\\/\\\/www.laguiadepamplona.com\\\/actualidad\\\/wp-content\\\/uploads\\\/2024\\\/07\\\/FOTO-colectiva-convivencia-sanfermines.webp\",\"datePublished\":\"2024-07-02T17:29:00+00:00\",\"dateModified\":\"2024-07-03T18:08:18+00:00\",\"description\":\"Han participado el alcalde, representantes de los grupos municipales, miembros de colectivos culturales y sociales y diferentes personalidades\",\"breadcrumb\":{\"@id\":\"https:\\\/\\\/www.laguiadepamplona.com\\\/actualidad\\\/mas-de-70-personas-se-unen-en-apoyo-a-la-convivencia-durante-las-proximas-fiestas-de-san-fermin-posando-para-una-fotografia-colectiva-en-la-plaza-consistorial\\\/#breadcrumb\"},\"inLanguage\":\"es\",\"potentialAction\":[{\"@type\":\"ReadAction\",\"target\":[\"https:\\\/\\\/www.laguiadepamplona.com\\\/actualidad\\\/mas-de-70-personas-se-unen-en-apoyo-a-la-convivencia-durante-las-proximas-fiestas-de-san-fermin-posando-para-una-fotografia-colectiva-en-la-plaza-consistorial\\\/\"]}]},{\"@type\":\"ImageObject\",\"inLanguage\":\"es\",\"@id\":\"https:\\\/\\\/www.laguiadepamplona.com\\\/actualidad\\\/mas-de-70-personas-se-unen-en-apoyo-a-la-convivencia-durante-las-proximas-fiestas-de-san-fermin-posando-para-una-fotografia-colectiva-en-la-plaza-consistorial\\\/#primaryimage\",\"url\":\"https:\\\/\\\/www.laguiadepamplona.com\\\/actualidad\\\/wp-content\\\/uploads\\\/2024\\\/07\\\/FOTO-colectiva-convivencia-sanfermines.webp\",\"contentUrl\":\"https:\\\/\\\/www.laguiadepamplona.com\\\/actualidad\\\/wp-content\\\/uploads\\\/2024\\\/07\\\/FOTO-colectiva-convivencia-sanfermines.webp\",\"width\":1000,\"height\":667,\"caption\":\"convivencia sanfermines\"},{\"@type\":\"BreadcrumbList\",\"@id\":\"https:\\\/\\\/www.laguiadepamplona.com\\\/actualidad\\\/mas-de-70-personas-se-unen-en-apoyo-a-la-convivencia-durante-las-proximas-fiestas-de-san-fermin-posando-para-una-fotografia-colectiva-en-la-plaza-consistorial\\\/#breadcrumb\",\"itemListElement\":[{\"@type\":\"ListItem\",\"position\":1,\"name\":\"Portada\",\"item\":\"https:\\\/\\\/www.laguiadepamplona.com\\\/actualidad\\\/\"},{\"@type\":\"ListItem\",\"position\":2,\"name\":\"M\u00e1s de 70 personas se unen en apoyo a la convivencia durante las pr\u00f3ximas fiestas de San Ferm\u00edn posando para una fotograf\u00eda colectiva en la Plaza Consistorial\"}]},{\"@type\":\"WebSite\",\"@id\":\"https:\\\/\\\/www.laguiadepamplona.com\\\/actualidad\\\/#website\",\"url\":\"https:\\\/\\\/www.laguiadepamplona.com\\\/actualidad\\\/\",\"name\":\"La gu\u00eda de Pamplona\",\"description\":\"Noticias de Pamplona\",\"publisher\":{\"@id\":\"https:\\\/\\\/www.laguiadepamplona.com\\\/actualidad\\\/#organization\"},\"potentialAction\":[{\"@type\":\"SearchAction\",\"target\":{\"@type\":\"EntryPoint\",\"urlTemplate\":\"https:\\\/\\\/www.laguiadepamplona.com\\\/actualidad\\\/?s={search_term_string}\"},\"query-input\":{\"@type\":\"PropertyValueSpecification\",\"valueRequired\":true,\"valueName\":\"search_term_string\"}}],\"inLanguage\":\"es\"},{\"@type\":\"Organization\",\"@id\":\"https:\\\/\\\/www.laguiadepamplona.com\\\/actualidad\\\/#organization\",\"name\":\"La Gu\u00eda de Pamplona \\\/ Noticias\",\"url\":\"https:\\\/\\\/www.laguiadepamplona.com\\\/actualidad\\\/\",\"logo\":{\"@type\":\"ImageObject\",\"inLanguage\":\"es\",\"@id\":\"https:\\\/\\\/www.laguiadepamplona.com\\\/actualidad\\\/#\\\/schema\\\/logo\\\/image\\\/\",\"url\":\"https:\\\/\\\/www.laguiadepamplona.com\\\/actualidad\\\/wp-content\\\/uploads\\\/2018\\\/11\\\/logo-laguiadepamplona18-web1.png\",\"contentUrl\":\"https:\\\/\\\/www.laguiadepamplona.com\\\/actualidad\\\/wp-content\\\/uploads\\\/2018\\\/11\\\/logo-laguiadepamplona18-web1.png\",\"width\":600,\"height\":196,\"caption\":\"La Gu\u00eda de Pamplona \\\/ Noticias\"},\"image\":{\"@id\":\"https:\\\/\\\/www.laguiadepamplona.com\\\/actualidad\\\/#\\\/schema\\\/logo\\\/image\\\/\"},\"sameAs\":[\"https:\\\/\\\/www.facebook.com\\\/laguiadepamplonacom-133175176762273\\\/?ref=hl\",\"https:\\\/\\\/x.com\\\/LaGuiadPamplona\",\"https:\\\/\\\/www.instagram.com\\\/la_guia_de_pamplona\\\/\",\"https:\\\/\\\/www.youtube.com\\\/user\\\/laguiadepamplona\"]},{\"@type\":\"Person\",\"@id\":\"https:\\\/\\\/www.laguiadepamplona.com\\\/actualidad\\\/#\\\/schema\\\/person\\\/efe887376f0213d4657c93adc50b1fdb\",\"name\":\"La Gu\u00eda de Pamplona\",\"image\":{\"@type\":\"ImageObject\",\"inLanguage\":\"es\",\"@id\":\"https:\\\/\\\/secure.gravatar.com\\\/avatar\\\/b6992f131dc8d30ab0dff15446e9d346d9dbd95992de0fef795073f5ea83a81c?s=96&d=mm&r=g\",\"url\":\"https:\\\/\\\/secure.gravatar.com\\\/avatar\\\/b6992f131dc8d30ab0dff15446e9d346d9dbd95992de0fef795073f5ea83a81c?s=96&d=mm&r=g\",\"contentUrl\":\"https:\\\/\\\/secure.gravatar.com\\\/avatar\\\/b6992f131dc8d30ab0dff15446e9d346d9dbd95992de0fef795073f5ea83a81c?s=96&d=mm&r=g\",\"caption\":\"La Gu\u00eda de Pamplona\"}}]}<\/script>\n<!-- \/ Yoast SEO plugin. -->","yoast_head_json":{"title":"M\u00e1s de 70 personas se unen en apoyo a la convivencia durante las pr\u00f3ximas fiestas de San Ferm\u00edn posando para una fotograf\u00eda colectiva en la Plaza Consistorial","description":"Han participado el alcalde, representantes de los grupos municipales, miembros de colectivos culturales y sociales y diferentes personalidades","robots":{"index":"index","follow":"follow","max-snippet":"max-snippet:-1","max-image-preview":"max-image-preview:large","max-video-preview":"max-video-preview:-1"},"canonical":"https:\/\/www.laguiadepamplona.com\/actualidad\/mas-de-70-personas-se-unen-en-apoyo-a-la-convivencia-durante-las-proximas-fiestas-de-san-fermin-posando-para-una-fotografia-colectiva-en-la-plaza-consistorial\/","og_locale":"es_ES","og_type":"article","og_title":"M\u00e1s de 70 personas se unen en apoyo a la convivencia durante las pr\u00f3ximas fiestas de San Ferm\u00edn posando para una fotograf\u00eda colectiva en la Plaza Consistorial","og_description":"Han participado el alcalde, representantes de los grupos municipales, miembros de colectivos culturales y sociales y diferentes personalidades","og_url":"https:\/\/www.laguiadepamplona.com\/actualidad\/mas-de-70-personas-se-unen-en-apoyo-a-la-convivencia-durante-las-proximas-fiestas-de-san-fermin-posando-para-una-fotografia-colectiva-en-la-plaza-consistorial\/","og_site_name":"La Gu\u00eda de Pamplona","article_publisher":"https:\/\/www.facebook.com\/laguiadepamplonacom-133175176762273\/?ref=hl","article_published_time":"2024-07-02T17:29:00+00:00","article_modified_time":"2024-07-03T18:08:18+00:00","og_image":[{"width":1000,"height":667,"url":"https:\/\/www.laguiadepamplona.com\/actualidad\/wp-content\/uploads\/2024\/07\/FOTO-colectiva-convivencia-sanfermines.webp","type":"image\/webp"}],"author":"La Gu\u00eda de Pamplona","twitter_card":"summary_large_image","twitter_creator":"@LaGuiadPamplona","twitter_site":"@LaGuiadPamplona","twitter_misc":{"Escrito por":"La Gu\u00eda de Pamplona","Tiempo de lectura":"2 minutos"},"schema":{"@context":"https:\/\/schema.org","@graph":[{"@type":"Article","@id":"https:\/\/www.laguiadepamplona.com\/actualidad\/mas-de-70-personas-se-unen-en-apoyo-a-la-convivencia-durante-las-proximas-fiestas-de-san-fermin-posando-para-una-fotografia-colectiva-en-la-plaza-consistorial\/#article","isPartOf":{"@id":"https:\/\/www.laguiadepamplona.com\/actualidad\/mas-de-70-personas-se-unen-en-apoyo-a-la-convivencia-durante-las-proximas-fiestas-de-san-fermin-posando-para-una-fotografia-colectiva-en-la-plaza-consistorial\/"},"author":{"name":"La Gu\u00eda de Pamplona","@id":"https:\/\/www.laguiadepamplona.com\/actualidad\/#\/schema\/person\/efe887376f0213d4657c93adc50b1fdb"},"headline":"M\u00e1s de 70 personas se unen en apoyo a la convivencia durante las pr\u00f3ximas fiestas de San Ferm\u00edn posando para una fotograf\u00eda colectiva en la Plaza Consistorial","datePublished":"2024-07-02T17:29:00+00:00","dateModified":"2024-07-03T18:08:18+00:00","mainEntityOfPage":{"@id":"https:\/\/www.laguiadepamplona.com\/actualidad\/mas-de-70-personas-se-unen-en-apoyo-a-la-convivencia-durante-las-proximas-fiestas-de-san-fermin-posando-para-una-fotografia-colectiva-en-la-plaza-consistorial\/"},"wordCount":368,"commentCount":0,"publisher":{"@id":"https:\/\/www.laguiadepamplona.com\/actualidad\/#organization"},"image":{"@id":"https:\/\/www.laguiadepamplona.com\/actualidad\/mas-de-70-personas-se-unen-en-apoyo-a-la-convivencia-durante-las-proximas-fiestas-de-san-fermin-posando-para-una-fotografia-colectiva-en-la-plaza-consistorial\/#primaryimage"},"thumbnailUrl":"https:\/\/www.laguiadepamplona.com\/actualidad\/wp-content\/uploads\/2024\/07\/FOTO-colectiva-convivencia-sanfermines.webp","articleSection":["Ayto Pamplona","San Ferm\u00edn"],"inLanguage":"es","potentialAction":[{"@type":"CommentAction","name":"Comment","target":["https:\/\/www.laguiadepamplona.com\/actualidad\/mas-de-70-personas-se-unen-en-apoyo-a-la-convivencia-durante-las-proximas-fiestas-de-san-fermin-posando-para-una-fotografia-colectiva-en-la-plaza-consistorial\/#respond"]}]},{"@type":"WebPage","@id":"https:\/\/www.laguiadepamplona.com\/actualidad\/mas-de-70-personas-se-unen-en-apoyo-a-la-convivencia-durante-las-proximas-fiestas-de-san-fermin-posando-para-una-fotografia-colectiva-en-la-plaza-consistorial\/","url":"https:\/\/www.laguiadepamplona.com\/actualidad\/mas-de-70-personas-se-unen-en-apoyo-a-la-convivencia-durante-las-proximas-fiestas-de-san-fermin-posando-para-una-fotografia-colectiva-en-la-plaza-consistorial\/","name":"M\u00e1s de 70 personas se unen en apoyo a la convivencia durante las pr\u00f3ximas fiestas de San Ferm\u00edn posando para una fotograf\u00eda colectiva en la Plaza Consistorial","isPartOf":{"@id":"https:\/\/www.laguiadepamplona.com\/actualidad\/#website"},"primaryImageOfPage":{"@id":"https:\/\/www.laguiadepamplona.com\/actualidad\/mas-de-70-personas-se-unen-en-apoyo-a-la-convivencia-durante-las-proximas-fiestas-de-san-fermin-posando-para-una-fotografia-colectiva-en-la-plaza-consistorial\/#primaryimage"},"image":{"@id":"https:\/\/www.laguiadepamplona.com\/actualidad\/mas-de-70-personas-se-unen-en-apoyo-a-la-convivencia-durante-las-proximas-fiestas-de-san-fermin-posando-para-una-fotografia-colectiva-en-la-plaza-consistorial\/#primaryimage"},"thumbnailUrl":"https:\/\/www.laguiadepamplona.com\/actualidad\/wp-content\/uploads\/2024\/07\/FOTO-colectiva-convivencia-sanfermines.webp","datePublished":"2024-07-02T17:29:00+00:00","dateModified":"2024-07-03T18:08:18+00:00","description":"Han participado el alcalde, representantes de los grupos municipales, miembros de colectivos culturales y sociales y diferentes personalidades","breadcrumb":{"@id":"https:\/\/www.laguiadepamplona.com\/actualidad\/mas-de-70-personas-se-unen-en-apoyo-a-la-convivencia-durante-las-proximas-fiestas-de-san-fermin-posando-para-una-fotografia-colectiva-en-la-plaza-consistorial\/#breadcrumb"},"inLanguage":"es","potentialAction":[{"@type":"ReadAction","target":["https:\/\/www.laguiadepamplona.com\/actualidad\/mas-de-70-personas-se-unen-en-apoyo-a-la-convivencia-durante-las-proximas-fiestas-de-san-fermin-posando-para-una-fotografia-colectiva-en-la-plaza-consistorial\/"]}]},{"@type":"ImageObject","inLanguage":"es","@id":"https:\/\/www.laguiadepamplona.com\/actualidad\/mas-de-70-personas-se-unen-en-apoyo-a-la-convivencia-durante-las-proximas-fiestas-de-san-fermin-posando-para-una-fotografia-colectiva-en-la-plaza-consistorial\/#primaryimage","url":"https:\/\/www.laguiadepamplona.com\/actualidad\/wp-content\/uploads\/2024\/07\/FOTO-colectiva-convivencia-sanfermines.webp","contentUrl":"https:\/\/www.laguiadepamplona.com\/actualidad\/wp-content\/uploads\/2024\/07\/FOTO-colectiva-convivencia-sanfermines.webp","width":1000,"height":667,"caption":"convivencia sanfermines"},{"@type":"BreadcrumbList","@id":"https:\/\/www.laguiadepamplona.com\/actualidad\/mas-de-70-personas-se-unen-en-apoyo-a-la-convivencia-durante-las-proximas-fiestas-de-san-fermin-posando-para-una-fotografia-colectiva-en-la-plaza-consistorial\/#breadcrumb","itemListElement":[{"@type":"ListItem","position":1,"name":"Portada","item":"https:\/\/www.laguiadepamplona.com\/actualidad\/"},{"@type":"ListItem","position":2,"name":"M\u00e1s de 70 personas se unen en apoyo a la convivencia durante las pr\u00f3ximas fiestas de San Ferm\u00edn posando para una fotograf\u00eda colectiva en la Plaza Consistorial"}]},{"@type":"WebSite","@id":"https:\/\/www.laguiadepamplona.com\/actualidad\/#website","url":"https:\/\/www.laguiadepamplona.com\/actualidad\/","name":"La gu\u00eda de Pamplona","description":"Noticias de Pamplona","publisher":{"@id":"https:\/\/www.laguiadepamplona.com\/actualidad\/#organization"},"potentialAction":[{"@type":"SearchAction","target":{"@type":"EntryPoint","urlTemplate":"https:\/\/www.laguiadepamplona.com\/actualidad\/?s={search_term_string}"},"query-input":{"@type":"PropertyValueSpecification","valueRequired":true,"valueName":"search_term_string"}}],"inLanguage":"es"},{"@type":"Organization","@id":"https:\/\/www.laguiadepamplona.com\/actualidad\/#organization","name":"La Gu\u00eda de Pamplona \/ Noticias","url":"https:\/\/www.laguiadepamplona.com\/actualidad\/","logo":{"@type":"ImageObject","inLanguage":"es","@id":"https:\/\/www.laguiadepamplona.com\/actualidad\/#\/schema\/logo\/image\/","url":"https:\/\/www.laguiadepamplona.com\/actualidad\/wp-content\/uploads\/2018\/11\/logo-laguiadepamplona18-web1.png","contentUrl":"https:\/\/www.laguiadepamplona.com\/actualidad\/wp-content\/uploads\/2018\/11\/logo-laguiadepamplona18-web1.png","width":600,"height":196,"caption":"La Gu\u00eda de Pamplona \/ Noticias"},"image":{"@id":"https:\/\/www.laguiadepamplona.com\/actualidad\/#\/schema\/logo\/image\/"},"sameAs":["https:\/\/www.facebook.com\/laguiadepamplonacom-133175176762273\/?ref=hl","https:\/\/x.com\/LaGuiadPamplona","https:\/\/www.instagram.com\/la_guia_de_pamplona\/","https:\/\/www.youtube.com\/user\/laguiadepamplona"]},{"@type":"Person","@id":"https:\/\/www.laguiadepamplona.com\/actualidad\/#\/schema\/person\/efe887376f0213d4657c93adc50b1fdb","name":"La Gu\u00eda de Pamplona","image":{"@type":"ImageObject","inLanguage":"es","@id":"https:\/\/secure.gravatar.com\/avatar\/b6992f131dc8d30ab0dff15446e9d346d9dbd95992de0fef795073f5ea83a81c?s=96&d=mm&r=g","url":"https:\/\/secure.gravatar.com\/avatar\/b6992f131dc8d30ab0dff15446e9d346d9dbd95992de0fef795073f5ea83a81c?s=96&d=mm&r=g","contentUrl":"https:\/\/secure.gravatar.com\/avatar\/b6992f131dc8d30ab0dff15446e9d346d9dbd95992de0fef795073f5ea83a81c?s=96&d=mm&r=g","caption":"La Gu\u00eda de Pamplona"}}]}},"post_mailing_queue_ids":[],"_links":{"self":[{"href":"https:\/\/www.laguiadepamplona.com\/actualidad\/wp-json\/wp\/v2\/posts\/50254","targetHints":{"allow":["GET"]}}],"collection":[{"href":"https:\/\/www.laguiadepamplona.com\/actualidad\/wp-json\/wp\/v2\/posts"}],"about":[{"href":"https:\/\/www.laguiadepamplona.com\/actualidad\/wp-json\/wp\/v2\/types\/post"}],"author":[{"embeddable":true,"href":"https:\/\/www.laguiadepamplona.com\/actualidad\/wp-json\/wp\/v2\/users\/1"}],"replies":[{"embeddable":true,"href":"https:\/\/www.laguiadepamplona.com\/actualidad\/wp-json\/wp\/v2\/comments?post=50254"}],"version-history":[{"count":1,"href":"https:\/\/www.laguiadepamplona.com\/actualidad\/wp-json\/wp\/v2\/posts\/50254\/revisions"}],"predecessor-version":[{"id":50256,"href":"https:\/\/www.laguiadepamplona.com\/actualidad\/wp-json\/wp\/v2\/posts\/50254\/revisions\/50256"}],"wp:featuredmedia":[{"embeddable":true,"href":"https:\/\/www.laguiadepamplona.com\/actualidad\/wp-json\/wp\/v2\/media\/50255"}],"wp:attachment":[{"href":"https:\/\/www.laguiadepamplona.com\/actualidad\/wp-json\/wp\/v2\/media?parent=50254"}],"wp:term":[{"taxonomy":"category","embeddable":true,"href":"https:\/\/www.laguiadepamplona.com\/actualidad\/wp-json\/wp\/v2\/categories?post=50254"},{"taxonomy":"post_tag","embeddable":true,"href":"https:\/\/www.laguiadepamplona.com\/actualidad\/wp-json\/wp\/v2\/tags?post=50254"}],"curies":[{"name":"wp","href":"https:\/\/api.w.org\/{rel}","templated":true}]}}