{"id":50248,"date":"2024-07-02T13:02:41","date_gmt":"2024-07-02T11:02:41","guid":{"rendered":"https:\/\/www.laguiadepamplona.com\/actualidad\/?p=50248"},"modified":"2024-07-02T13:02:41","modified_gmt":"2024-07-02T11:02:41","slug":"civivox-condestable-acoge-una-muestra-sobre-la-historia-de-la-comparsa-de-la-txantrea-en-su-40-aniversario","status":"publish","type":"post","link":"https:\/\/www.laguiadepamplona.com\/actualidad\/civivox-condestable-acoge-una-muestra-sobre-la-historia-de-la-comparsa-de-la-txantrea-en-su-40-aniversario\/","title":{"rendered":"Civivox Condestable acoge una muestra sobre la historia de la Comparsa de la Txantrea en su 40 aniversario"},"content":{"rendered":"<h2>La exposici\u00f3n, que podr\u00e1 visitarse hasta el 24 de julio, incluye fotograf\u00edas y moldes, adem\u00e1s de las figuras que componen la comparsa<\/h2>\n<p><!--more--><\/p>\n<p>Los gigantes y los kilikis del barrio pamplon\u00e9s de Txantrea cumplen 40 a\u00f1os. Con el paso ya firme en la edad adulta, con cierta solera y con mucha ilusi\u00f3n, la Comparsa de la Txantrea ha hecho de este 2024 un a\u00f1o de celebraciones, de echar la vista atr\u00e1s y ver el camino recorrido. Esto es lo que consigue la exposici\u00f3n \u201840 aniversario de la Comparsa de Gigantes de la Txantrea\u2019, que podr\u00e1 visitarse en el Palacio de Condestable, en su zagu\u00e1n, patio y en la Sala G\u00f3tica, hasta el 24 de julio.<\/p>\n<p>La concejala delegada de Cultura, Fiestas, Educaci\u00f3n y Deporte, Maider Beloki, ha inaugurado esta ma\u00f1ana la muestra, junto con Julen Aldaz, Blas Subiza e I\u00f1aki de Santiago, todo ellos miembros de una comparsa que ech\u00f3 a andar en diciembre de 1983. Fue, como han recordado en rueda de prensa, de la mano de la Comisi\u00f3n Txiki de la Pe\u00f1a Armon\u00eda Txantreana, y con la vista puesta en ofrecer alguna alternativa de ocio y entretenimiento para los m\u00e1s peque\u00f1os del barrio. As\u00ed surgi\u00f3 la Comparsa de la Txantrea, que lejos de tener reyes y reinas entre sus figuras, se decant\u00f3 por personas de la mitolog\u00eda vasca, como Tartalo, Sorgi\u00f1e, Basajaun y Mari. El 29 de abril de 1984 los cuatro gigantes fueron presentados en p\u00fablico, junto con los kilikis Cotilla, Japi, Profe y Piripi que, en este caso, optaron por figuras m\u00e1s vinculadas al barrio. La \u2018comitiva\u2019 se complet\u00f3 a\u00f1os m\u00e1s tarde con una pareja de Aker.<\/p>\n<p>La confecci\u00f3n de la comparsa, el dise\u00f1o de las figuras, el proceso de fabricaci\u00f3n y los moldes que dieron vida a los gigantes y kilikis son algunas de las curiosidades que se pueden observar en esta muestra. As\u00ed, se exponen moldes de gran tama\u00f1o de los cuerpos de los gigantes grandes y de los gigantes txikis, tambi\u00e9n de sus cabezas, utensilios para trabajar el poli\u00e9ster, caballetes, cuernos originales de los primeros Aker y un cuerpo y una cabeza de los gigantes originales. La exposici\u00f3n incluye, asimismo, alrededor de 80 fotograf\u00edas de la comparsa, desde sus or\u00edgenes hasta la actualidad, adem\u00e1s de paneles con informaci\u00f3n sobre los lugares que ha visitado y en los que ha bailado la comparsa en este tiempo. Tambi\u00e9n se podr\u00e1n ver distintos obsequios que comparsas y ayuntamientos han regalado a la Comparsa de la Txantrea en estas visitas, que les han llevado a m\u00e1s de cien lugares diferentes de Catalu\u00f1a, Arag\u00f3n, Castilla y Le\u00f3n, La Rioja o Asturias, entre otros.<\/p>\n<p>La exposici\u00f3n incluye, como no, a todas las figuras que componen tanto la Comparsa. El Palacio de Condestable ser\u00e1 para ellas su hogar durante los pr\u00f3ximos 22 d\u00edas, hasta la clausura de la muestra el d\u00eda 24 de julio. All\u00ed podr\u00e1n verse los cuatro gigantes grandes, Tartalo, Sorgi\u00f1e, Basajaun y Mari; los seis gigantes txikis, Amaia de Butr\u00f3n, Eudon, Amagoia, Garc\u00eda Ximenez, Amaia y Teodosio de Go\u00f1i; los cuatro kilikis, Cotilla, Piripi, Profe, Japi y dos Aker.\u00a0 Pero tambi\u00e9n los seis integrantes de la Comparsa Txiki, Amaia de Butr\u00f3n, Eudon, Amagoia, Garc\u00eda Ximenez, Amaia y Teodosio de Go\u00f1i, que surgieron en el a\u00f1o 1992, gracias a la colaboraci\u00f3n de la ikastola Axular.<\/p>\n<p>El apoyo en los or\u00edgenes del Ayuntamiento de Pamplona y de la Comparsa de Gigantes y Cabezudos de Pamplona, fue clave para salir adelante, pero tambi\u00e9n para aprender a bailar y desfilar. Con el paso de los a\u00f1os, la Comparsa de la Txantrea ha crecido gracias al respaldo del barrio y de distintos colectivos, con los que ha desarrollado su faceta cultural, a trav\u00e9s de espect\u00e1culos de baile y teatrales, haciendo que todo un barrio se sienta identificados con ellos. En todo este tiempo, m\u00e1s de 150 personas han pasado por la comparsa, que ahora se nutre de todos esos chicos y chicas que comienzan en la Comparsa Txiki.<\/p>\n","protected":false},"excerpt":{"rendered":"<p>La exposici\u00f3n, que podr\u00e1 visitarse hasta el 24 de julio, incluye fotograf\u00edas y moldes, adem\u00e1s de las figuras que componen la comparsa<\/p>\n","protected":false},"author":1,"featured_media":50249,"comment_status":"open","ping_status":"closed","sticky":false,"template":"","format":"standard","meta":{"footnotes":""},"categories":[2],"tags":[],"class_list":["post-50248","post","type-post","status-publish","format-standard","has-post-thumbnail","hentry","category-ayuntamiento-pamplona"],"yoast_head":"<!-- This site is optimized with the Yoast SEO plugin v27.3 - https:\/\/yoast.com\/product\/yoast-seo-wordpress\/ -->\n<title>Civivox Condestable acoge una muestra sobre la historia de la Comparsa de la Txantrea en su 40 aniversario<\/title>\n<meta name=\"description\" content=\"La exposici\u00f3n, que podr\u00e1 visitarse hasta el 24 de julio, incluye fotograf\u00edas y moldes, adem\u00e1s de las figuras que componen la comparsa\" \/>\n<meta name=\"robots\" content=\"index, follow, max-snippet:-1, max-image-preview:large, max-video-preview:-1\" \/>\n<link rel=\"canonical\" href=\"https:\/\/www.laguiadepamplona.com\/actualidad\/civivox-condestable-acoge-una-muestra-sobre-la-historia-de-la-comparsa-de-la-txantrea-en-su-40-aniversario\/\" \/>\n<meta property=\"og:locale\" content=\"es_ES\" \/>\n<meta property=\"og:type\" content=\"article\" \/>\n<meta property=\"og:title\" content=\"Civivox Condestable acoge una muestra sobre la historia de la Comparsa de la Txantrea en su 40 aniversario\" \/>\n<meta property=\"og:description\" content=\"La exposici\u00f3n, que podr\u00e1 visitarse hasta el 24 de julio, incluye fotograf\u00edas y moldes, adem\u00e1s de las figuras que componen la comparsa\" \/>\n<meta property=\"og:url\" content=\"https:\/\/www.laguiadepamplona.com\/actualidad\/civivox-condestable-acoge-una-muestra-sobre-la-historia-de-la-comparsa-de-la-txantrea-en-su-40-aniversario\/\" \/>\n<meta property=\"og:site_name\" content=\"La Gu\u00eda de Pamplona\" \/>\n<meta property=\"article:publisher\" content=\"https:\/\/www.facebook.com\/laguiadepamplonacom-133175176762273\/?ref=hl\" \/>\n<meta property=\"article:published_time\" content=\"2024-07-02T11:02:41+00:00\" \/>\n<meta property=\"og:image\" content=\"https:\/\/www.laguiadepamplona.com\/actualidad\/wp-content\/uploads\/2024\/07\/Expo-gigantes.webp\" \/>\n\t<meta property=\"og:image:width\" content=\"1000\" \/>\n\t<meta property=\"og:image:height\" content=\"548\" \/>\n\t<meta property=\"og:image:type\" content=\"image\/webp\" \/>\n<meta name=\"author\" content=\"La Gu\u00eda de Pamplona\" \/>\n<meta name=\"twitter:card\" content=\"summary_large_image\" \/>\n<meta name=\"twitter:creator\" content=\"@LaGuiadPamplona\" \/>\n<meta name=\"twitter:site\" content=\"@LaGuiadPamplona\" \/>\n<meta name=\"twitter:label1\" content=\"Escrito por\" \/>\n\t<meta name=\"twitter:data1\" content=\"La Gu\u00eda de Pamplona\" \/>\n\t<meta name=\"twitter:label2\" content=\"Tiempo de lectura\" \/>\n\t<meta name=\"twitter:data2\" content=\"4 minutos\" \/>\n<script type=\"application\/ld+json\" class=\"yoast-schema-graph\">{\"@context\":\"https:\\\/\\\/schema.org\",\"@graph\":[{\"@type\":\"Article\",\"@id\":\"https:\\\/\\\/www.laguiadepamplona.com\\\/actualidad\\\/civivox-condestable-acoge-una-muestra-sobre-la-historia-de-la-comparsa-de-la-txantrea-en-su-40-aniversario\\\/#article\",\"isPartOf\":{\"@id\":\"https:\\\/\\\/www.laguiadepamplona.com\\\/actualidad\\\/civivox-condestable-acoge-una-muestra-sobre-la-historia-de-la-comparsa-de-la-txantrea-en-su-40-aniversario\\\/\"},\"author\":{\"name\":\"La Gu\u00eda de Pamplona\",\"@id\":\"https:\\\/\\\/www.laguiadepamplona.com\\\/actualidad\\\/#\\\/schema\\\/person\\\/efe887376f0213d4657c93adc50b1fdb\"},\"headline\":\"Civivox Condestable acoge una muestra sobre la historia de la Comparsa de la Txantrea en su 40 aniversario\",\"datePublished\":\"2024-07-02T11:02:41+00:00\",\"mainEntityOfPage\":{\"@id\":\"https:\\\/\\\/www.laguiadepamplona.com\\\/actualidad\\\/civivox-condestable-acoge-una-muestra-sobre-la-historia-de-la-comparsa-de-la-txantrea-en-su-40-aniversario\\\/\"},\"wordCount\":722,\"commentCount\":0,\"publisher\":{\"@id\":\"https:\\\/\\\/www.laguiadepamplona.com\\\/actualidad\\\/#organization\"},\"image\":{\"@id\":\"https:\\\/\\\/www.laguiadepamplona.com\\\/actualidad\\\/civivox-condestable-acoge-una-muestra-sobre-la-historia-de-la-comparsa-de-la-txantrea-en-su-40-aniversario\\\/#primaryimage\"},\"thumbnailUrl\":\"https:\\\/\\\/www.laguiadepamplona.com\\\/actualidad\\\/wp-content\\\/uploads\\\/2024\\\/07\\\/Expo-gigantes.webp\",\"articleSection\":[\"Ayto Pamplona\"],\"inLanguage\":\"es\",\"potentialAction\":[{\"@type\":\"CommentAction\",\"name\":\"Comment\",\"target\":[\"https:\\\/\\\/www.laguiadepamplona.com\\\/actualidad\\\/civivox-condestable-acoge-una-muestra-sobre-la-historia-de-la-comparsa-de-la-txantrea-en-su-40-aniversario\\\/#respond\"]}]},{\"@type\":\"WebPage\",\"@id\":\"https:\\\/\\\/www.laguiadepamplona.com\\\/actualidad\\\/civivox-condestable-acoge-una-muestra-sobre-la-historia-de-la-comparsa-de-la-txantrea-en-su-40-aniversario\\\/\",\"url\":\"https:\\\/\\\/www.laguiadepamplona.com\\\/actualidad\\\/civivox-condestable-acoge-una-muestra-sobre-la-historia-de-la-comparsa-de-la-txantrea-en-su-40-aniversario\\\/\",\"name\":\"Civivox Condestable acoge una muestra sobre la historia de la Comparsa de la Txantrea en su 40 aniversario\",\"isPartOf\":{\"@id\":\"https:\\\/\\\/www.laguiadepamplona.com\\\/actualidad\\\/#website\"},\"primaryImageOfPage\":{\"@id\":\"https:\\\/\\\/www.laguiadepamplona.com\\\/actualidad\\\/civivox-condestable-acoge-una-muestra-sobre-la-historia-de-la-comparsa-de-la-txantrea-en-su-40-aniversario\\\/#primaryimage\"},\"image\":{\"@id\":\"https:\\\/\\\/www.laguiadepamplona.com\\\/actualidad\\\/civivox-condestable-acoge-una-muestra-sobre-la-historia-de-la-comparsa-de-la-txantrea-en-su-40-aniversario\\\/#primaryimage\"},\"thumbnailUrl\":\"https:\\\/\\\/www.laguiadepamplona.com\\\/actualidad\\\/wp-content\\\/uploads\\\/2024\\\/07\\\/Expo-gigantes.webp\",\"datePublished\":\"2024-07-02T11:02:41+00:00\",\"description\":\"La exposici\u00f3n, que podr\u00e1 visitarse hasta el 24 de julio, incluye fotograf\u00edas y moldes, adem\u00e1s de las figuras que componen la comparsa\",\"breadcrumb\":{\"@id\":\"https:\\\/\\\/www.laguiadepamplona.com\\\/actualidad\\\/civivox-condestable-acoge-una-muestra-sobre-la-historia-de-la-comparsa-de-la-txantrea-en-su-40-aniversario\\\/#breadcrumb\"},\"inLanguage\":\"es\",\"potentialAction\":[{\"@type\":\"ReadAction\",\"target\":[\"https:\\\/\\\/www.laguiadepamplona.com\\\/actualidad\\\/civivox-condestable-acoge-una-muestra-sobre-la-historia-de-la-comparsa-de-la-txantrea-en-su-40-aniversario\\\/\"]}]},{\"@type\":\"ImageObject\",\"inLanguage\":\"es\",\"@id\":\"https:\\\/\\\/www.laguiadepamplona.com\\\/actualidad\\\/civivox-condestable-acoge-una-muestra-sobre-la-historia-de-la-comparsa-de-la-txantrea-en-su-40-aniversario\\\/#primaryimage\",\"url\":\"https:\\\/\\\/www.laguiadepamplona.com\\\/actualidad\\\/wp-content\\\/uploads\\\/2024\\\/07\\\/Expo-gigantes.webp\",\"contentUrl\":\"https:\\\/\\\/www.laguiadepamplona.com\\\/actualidad\\\/wp-content\\\/uploads\\\/2024\\\/07\\\/Expo-gigantes.webp\",\"width\":1000,\"height\":548,\"caption\":\"expo gigantes\"},{\"@type\":\"BreadcrumbList\",\"@id\":\"https:\\\/\\\/www.laguiadepamplona.com\\\/actualidad\\\/civivox-condestable-acoge-una-muestra-sobre-la-historia-de-la-comparsa-de-la-txantrea-en-su-40-aniversario\\\/#breadcrumb\",\"itemListElement\":[{\"@type\":\"ListItem\",\"position\":1,\"name\":\"Portada\",\"item\":\"https:\\\/\\\/www.laguiadepamplona.com\\\/actualidad\\\/\"},{\"@type\":\"ListItem\",\"position\":2,\"name\":\"Civivox Condestable acoge una muestra sobre la historia de la Comparsa de la Txantrea en su 40 aniversario\"}]},{\"@type\":\"WebSite\",\"@id\":\"https:\\\/\\\/www.laguiadepamplona.com\\\/actualidad\\\/#website\",\"url\":\"https:\\\/\\\/www.laguiadepamplona.com\\\/actualidad\\\/\",\"name\":\"La gu\u00eda de Pamplona\",\"description\":\"Noticias de Pamplona\",\"publisher\":{\"@id\":\"https:\\\/\\\/www.laguiadepamplona.com\\\/actualidad\\\/#organization\"},\"potentialAction\":[{\"@type\":\"SearchAction\",\"target\":{\"@type\":\"EntryPoint\",\"urlTemplate\":\"https:\\\/\\\/www.laguiadepamplona.com\\\/actualidad\\\/?s={search_term_string}\"},\"query-input\":{\"@type\":\"PropertyValueSpecification\",\"valueRequired\":true,\"valueName\":\"search_term_string\"}}],\"inLanguage\":\"es\"},{\"@type\":\"Organization\",\"@id\":\"https:\\\/\\\/www.laguiadepamplona.com\\\/actualidad\\\/#organization\",\"name\":\"La Gu\u00eda de Pamplona \\\/ Noticias\",\"url\":\"https:\\\/\\\/www.laguiadepamplona.com\\\/actualidad\\\/\",\"logo\":{\"@type\":\"ImageObject\",\"inLanguage\":\"es\",\"@id\":\"https:\\\/\\\/www.laguiadepamplona.com\\\/actualidad\\\/#\\\/schema\\\/logo\\\/image\\\/\",\"url\":\"https:\\\/\\\/www.laguiadepamplona.com\\\/actualidad\\\/wp-content\\\/uploads\\\/2018\\\/11\\\/logo-laguiadepamplona18-web1.png\",\"contentUrl\":\"https:\\\/\\\/www.laguiadepamplona.com\\\/actualidad\\\/wp-content\\\/uploads\\\/2018\\\/11\\\/logo-laguiadepamplona18-web1.png\",\"width\":600,\"height\":196,\"caption\":\"La Gu\u00eda de Pamplona \\\/ Noticias\"},\"image\":{\"@id\":\"https:\\\/\\\/www.laguiadepamplona.com\\\/actualidad\\\/#\\\/schema\\\/logo\\\/image\\\/\"},\"sameAs\":[\"https:\\\/\\\/www.facebook.com\\\/laguiadepamplonacom-133175176762273\\\/?ref=hl\",\"https:\\\/\\\/x.com\\\/LaGuiadPamplona\",\"https:\\\/\\\/www.instagram.com\\\/la_guia_de_pamplona\\\/\",\"https:\\\/\\\/www.youtube.com\\\/user\\\/laguiadepamplona\"]},{\"@type\":\"Person\",\"@id\":\"https:\\\/\\\/www.laguiadepamplona.com\\\/actualidad\\\/#\\\/schema\\\/person\\\/efe887376f0213d4657c93adc50b1fdb\",\"name\":\"La Gu\u00eda de Pamplona\",\"image\":{\"@type\":\"ImageObject\",\"inLanguage\":\"es\",\"@id\":\"https:\\\/\\\/secure.gravatar.com\\\/avatar\\\/b6992f131dc8d30ab0dff15446e9d346d9dbd95992de0fef795073f5ea83a81c?s=96&d=mm&r=g\",\"url\":\"https:\\\/\\\/secure.gravatar.com\\\/avatar\\\/b6992f131dc8d30ab0dff15446e9d346d9dbd95992de0fef795073f5ea83a81c?s=96&d=mm&r=g\",\"contentUrl\":\"https:\\\/\\\/secure.gravatar.com\\\/avatar\\\/b6992f131dc8d30ab0dff15446e9d346d9dbd95992de0fef795073f5ea83a81c?s=96&d=mm&r=g\",\"caption\":\"La Gu\u00eda de Pamplona\"}}]}<\/script>\n<!-- \/ Yoast SEO plugin. -->","yoast_head_json":{"title":"Civivox Condestable acoge una muestra sobre la historia de la Comparsa de la Txantrea en su 40 aniversario","description":"La exposici\u00f3n, que podr\u00e1 visitarse hasta el 24 de julio, incluye fotograf\u00edas y moldes, adem\u00e1s de las figuras que componen la comparsa","robots":{"index":"index","follow":"follow","max-snippet":"max-snippet:-1","max-image-preview":"max-image-preview:large","max-video-preview":"max-video-preview:-1"},"canonical":"https:\/\/www.laguiadepamplona.com\/actualidad\/civivox-condestable-acoge-una-muestra-sobre-la-historia-de-la-comparsa-de-la-txantrea-en-su-40-aniversario\/","og_locale":"es_ES","og_type":"article","og_title":"Civivox Condestable acoge una muestra sobre la historia de la Comparsa de la Txantrea en su 40 aniversario","og_description":"La exposici\u00f3n, que podr\u00e1 visitarse hasta el 24 de julio, incluye fotograf\u00edas y moldes, adem\u00e1s de las figuras que componen la comparsa","og_url":"https:\/\/www.laguiadepamplona.com\/actualidad\/civivox-condestable-acoge-una-muestra-sobre-la-historia-de-la-comparsa-de-la-txantrea-en-su-40-aniversario\/","og_site_name":"La Gu\u00eda de Pamplona","article_publisher":"https:\/\/www.facebook.com\/laguiadepamplonacom-133175176762273\/?ref=hl","article_published_time":"2024-07-02T11:02:41+00:00","og_image":[{"width":1000,"height":548,"url":"https:\/\/www.laguiadepamplona.com\/actualidad\/wp-content\/uploads\/2024\/07\/Expo-gigantes.webp","type":"image\/webp"}],"author":"La Gu\u00eda de Pamplona","twitter_card":"summary_large_image","twitter_creator":"@LaGuiadPamplona","twitter_site":"@LaGuiadPamplona","twitter_misc":{"Escrito por":"La Gu\u00eda de Pamplona","Tiempo de lectura":"4 minutos"},"schema":{"@context":"https:\/\/schema.org","@graph":[{"@type":"Article","@id":"https:\/\/www.laguiadepamplona.com\/actualidad\/civivox-condestable-acoge-una-muestra-sobre-la-historia-de-la-comparsa-de-la-txantrea-en-su-40-aniversario\/#article","isPartOf":{"@id":"https:\/\/www.laguiadepamplona.com\/actualidad\/civivox-condestable-acoge-una-muestra-sobre-la-historia-de-la-comparsa-de-la-txantrea-en-su-40-aniversario\/"},"author":{"name":"La Gu\u00eda de Pamplona","@id":"https:\/\/www.laguiadepamplona.com\/actualidad\/#\/schema\/person\/efe887376f0213d4657c93adc50b1fdb"},"headline":"Civivox Condestable acoge una muestra sobre la historia de la Comparsa de la Txantrea en su 40 aniversario","datePublished":"2024-07-02T11:02:41+00:00","mainEntityOfPage":{"@id":"https:\/\/www.laguiadepamplona.com\/actualidad\/civivox-condestable-acoge-una-muestra-sobre-la-historia-de-la-comparsa-de-la-txantrea-en-su-40-aniversario\/"},"wordCount":722,"commentCount":0,"publisher":{"@id":"https:\/\/www.laguiadepamplona.com\/actualidad\/#organization"},"image":{"@id":"https:\/\/www.laguiadepamplona.com\/actualidad\/civivox-condestable-acoge-una-muestra-sobre-la-historia-de-la-comparsa-de-la-txantrea-en-su-40-aniversario\/#primaryimage"},"thumbnailUrl":"https:\/\/www.laguiadepamplona.com\/actualidad\/wp-content\/uploads\/2024\/07\/Expo-gigantes.webp","articleSection":["Ayto Pamplona"],"inLanguage":"es","potentialAction":[{"@type":"CommentAction","name":"Comment","target":["https:\/\/www.laguiadepamplona.com\/actualidad\/civivox-condestable-acoge-una-muestra-sobre-la-historia-de-la-comparsa-de-la-txantrea-en-su-40-aniversario\/#respond"]}]},{"@type":"WebPage","@id":"https:\/\/www.laguiadepamplona.com\/actualidad\/civivox-condestable-acoge-una-muestra-sobre-la-historia-de-la-comparsa-de-la-txantrea-en-su-40-aniversario\/","url":"https:\/\/www.laguiadepamplona.com\/actualidad\/civivox-condestable-acoge-una-muestra-sobre-la-historia-de-la-comparsa-de-la-txantrea-en-su-40-aniversario\/","name":"Civivox Condestable acoge una muestra sobre la historia de la Comparsa de la Txantrea en su 40 aniversario","isPartOf":{"@id":"https:\/\/www.laguiadepamplona.com\/actualidad\/#website"},"primaryImageOfPage":{"@id":"https:\/\/www.laguiadepamplona.com\/actualidad\/civivox-condestable-acoge-una-muestra-sobre-la-historia-de-la-comparsa-de-la-txantrea-en-su-40-aniversario\/#primaryimage"},"image":{"@id":"https:\/\/www.laguiadepamplona.com\/actualidad\/civivox-condestable-acoge-una-muestra-sobre-la-historia-de-la-comparsa-de-la-txantrea-en-su-40-aniversario\/#primaryimage"},"thumbnailUrl":"https:\/\/www.laguiadepamplona.com\/actualidad\/wp-content\/uploads\/2024\/07\/Expo-gigantes.webp","datePublished":"2024-07-02T11:02:41+00:00","description":"La exposici\u00f3n, que podr\u00e1 visitarse hasta el 24 de julio, incluye fotograf\u00edas y moldes, adem\u00e1s de las figuras que componen la comparsa","breadcrumb":{"@id":"https:\/\/www.laguiadepamplona.com\/actualidad\/civivox-condestable-acoge-una-muestra-sobre-la-historia-de-la-comparsa-de-la-txantrea-en-su-40-aniversario\/#breadcrumb"},"inLanguage":"es","potentialAction":[{"@type":"ReadAction","target":["https:\/\/www.laguiadepamplona.com\/actualidad\/civivox-condestable-acoge-una-muestra-sobre-la-historia-de-la-comparsa-de-la-txantrea-en-su-40-aniversario\/"]}]},{"@type":"ImageObject","inLanguage":"es","@id":"https:\/\/www.laguiadepamplona.com\/actualidad\/civivox-condestable-acoge-una-muestra-sobre-la-historia-de-la-comparsa-de-la-txantrea-en-su-40-aniversario\/#primaryimage","url":"https:\/\/www.laguiadepamplona.com\/actualidad\/wp-content\/uploads\/2024\/07\/Expo-gigantes.webp","contentUrl":"https:\/\/www.laguiadepamplona.com\/actualidad\/wp-content\/uploads\/2024\/07\/Expo-gigantes.webp","width":1000,"height":548,"caption":"expo gigantes"},{"@type":"BreadcrumbList","@id":"https:\/\/www.laguiadepamplona.com\/actualidad\/civivox-condestable-acoge-una-muestra-sobre-la-historia-de-la-comparsa-de-la-txantrea-en-su-40-aniversario\/#breadcrumb","itemListElement":[{"@type":"ListItem","position":1,"name":"Portada","item":"https:\/\/www.laguiadepamplona.com\/actualidad\/"},{"@type":"ListItem","position":2,"name":"Civivox Condestable acoge una muestra sobre la historia de la Comparsa de la Txantrea en su 40 aniversario"}]},{"@type":"WebSite","@id":"https:\/\/www.laguiadepamplona.com\/actualidad\/#website","url":"https:\/\/www.laguiadepamplona.com\/actualidad\/","name":"La gu\u00eda de Pamplona","description":"Noticias de Pamplona","publisher":{"@id":"https:\/\/www.laguiadepamplona.com\/actualidad\/#organization"},"potentialAction":[{"@type":"SearchAction","target":{"@type":"EntryPoint","urlTemplate":"https:\/\/www.laguiadepamplona.com\/actualidad\/?s={search_term_string}"},"query-input":{"@type":"PropertyValueSpecification","valueRequired":true,"valueName":"search_term_string"}}],"inLanguage":"es"},{"@type":"Organization","@id":"https:\/\/www.laguiadepamplona.com\/actualidad\/#organization","name":"La Gu\u00eda de Pamplona \/ Noticias","url":"https:\/\/www.laguiadepamplona.com\/actualidad\/","logo":{"@type":"ImageObject","inLanguage":"es","@id":"https:\/\/www.laguiadepamplona.com\/actualidad\/#\/schema\/logo\/image\/","url":"https:\/\/www.laguiadepamplona.com\/actualidad\/wp-content\/uploads\/2018\/11\/logo-laguiadepamplona18-web1.png","contentUrl":"https:\/\/www.laguiadepamplona.com\/actualidad\/wp-content\/uploads\/2018\/11\/logo-laguiadepamplona18-web1.png","width":600,"height":196,"caption":"La Gu\u00eda de Pamplona \/ Noticias"},"image":{"@id":"https:\/\/www.laguiadepamplona.com\/actualidad\/#\/schema\/logo\/image\/"},"sameAs":["https:\/\/www.facebook.com\/laguiadepamplonacom-133175176762273\/?ref=hl","https:\/\/x.com\/LaGuiadPamplona","https:\/\/www.instagram.com\/la_guia_de_pamplona\/","https:\/\/www.youtube.com\/user\/laguiadepamplona"]},{"@type":"Person","@id":"https:\/\/www.laguiadepamplona.com\/actualidad\/#\/schema\/person\/efe887376f0213d4657c93adc50b1fdb","name":"La Gu\u00eda de Pamplona","image":{"@type":"ImageObject","inLanguage":"es","@id":"https:\/\/secure.gravatar.com\/avatar\/b6992f131dc8d30ab0dff15446e9d346d9dbd95992de0fef795073f5ea83a81c?s=96&d=mm&r=g","url":"https:\/\/secure.gravatar.com\/avatar\/b6992f131dc8d30ab0dff15446e9d346d9dbd95992de0fef795073f5ea83a81c?s=96&d=mm&r=g","contentUrl":"https:\/\/secure.gravatar.com\/avatar\/b6992f131dc8d30ab0dff15446e9d346d9dbd95992de0fef795073f5ea83a81c?s=96&d=mm&r=g","caption":"La Gu\u00eda de Pamplona"}}]}},"post_mailing_queue_ids":[],"_links":{"self":[{"href":"https:\/\/www.laguiadepamplona.com\/actualidad\/wp-json\/wp\/v2\/posts\/50248","targetHints":{"allow":["GET"]}}],"collection":[{"href":"https:\/\/www.laguiadepamplona.com\/actualidad\/wp-json\/wp\/v2\/posts"}],"about":[{"href":"https:\/\/www.laguiadepamplona.com\/actualidad\/wp-json\/wp\/v2\/types\/post"}],"author":[{"embeddable":true,"href":"https:\/\/www.laguiadepamplona.com\/actualidad\/wp-json\/wp\/v2\/users\/1"}],"replies":[{"embeddable":true,"href":"https:\/\/www.laguiadepamplona.com\/actualidad\/wp-json\/wp\/v2\/comments?post=50248"}],"version-history":[{"count":1,"href":"https:\/\/www.laguiadepamplona.com\/actualidad\/wp-json\/wp\/v2\/posts\/50248\/revisions"}],"predecessor-version":[{"id":50250,"href":"https:\/\/www.laguiadepamplona.com\/actualidad\/wp-json\/wp\/v2\/posts\/50248\/revisions\/50250"}],"wp:featuredmedia":[{"embeddable":true,"href":"https:\/\/www.laguiadepamplona.com\/actualidad\/wp-json\/wp\/v2\/media\/50249"}],"wp:attachment":[{"href":"https:\/\/www.laguiadepamplona.com\/actualidad\/wp-json\/wp\/v2\/media?parent=50248"}],"wp:term":[{"taxonomy":"category","embeddable":true,"href":"https:\/\/www.laguiadepamplona.com\/actualidad\/wp-json\/wp\/v2\/categories?post=50248"},{"taxonomy":"post_tag","embeddable":true,"href":"https:\/\/www.laguiadepamplona.com\/actualidad\/wp-json\/wp\/v2\/tags?post=50248"}],"curies":[{"name":"wp","href":"https:\/\/api.w.org\/{rel}","templated":true}]}}