{"id":50245,"date":"2024-07-02T13:00:45","date_gmt":"2024-07-02T11:00:45","guid":{"rendered":"https:\/\/www.laguiadepamplona.com\/actualidad\/?p=50245"},"modified":"2024-07-02T13:00:45","modified_gmt":"2024-07-02T11:00:45","slug":"esta-noche-1-700-m2-del-encierro-quedaran-tratados-con-liquido-antideslizante","status":"publish","type":"post","link":"https:\/\/www.laguiadepamplona.com\/actualidad\/esta-noche-1-700-m2-del-encierro-quedaran-tratados-con-liquido-antideslizante\/","title":{"rendered":"Esta noche 1.700 m2 del Encierro quedar\u00e1n tratados con l\u00edquido antideslizante"},"content":{"rendered":"<h2>Los 1.500 litros de este compuesto qu\u00edmico se han tra\u00eddo en 75 garrafas y se esparcir\u00e1n de forma manual con regaderas y escobones<\/h2>\n<p><!--more--><\/p>\n<p><strong><u>Esta noche, a las 23 horas<\/u><\/strong>, 10 operarios de la empresa madrile\u00f1a Pavitec, supervisados por personal del \u00c1rea de Seguridad Ciudadana y Convivencia esparcir\u00e1n 1.500 litros de l\u00edquido antideslizante en el espacio que media entre <strong><u>la Plaza Consistorial<\/u><\/strong> y el inicio de la calle Estafeta, as\u00ed como, por segundo a\u00f1o, unos 300 m<sup>2<\/sup> la salida de los Corrales del Gas. Esta \u00faltima ubicaci\u00f3n comenz\u00f3 a hacerse a requerimiento de los pastores del Encierro. estar\u00e1n presentes en el inicio del operativo el director del \u00e1rea municipal, <strong>Juan Manuel Gil Larequi<\/strong>, y el responsable t\u00e9cnico de la empresa, <strong>Vicente Garc\u00eda Nogueira<\/strong>.<\/p>\n<p>En total, se cubrir\u00e1n 1.700 m<sup>2 <\/sup>de pavimento de la carrera, a raz\u00f3n de aproximadamente un litro (0,8 l.) por metro cuadrado. La operaci\u00f3n consiste en extender el l\u00edquido como una pel\u00edcula protectora esparciendo de forma manual el l\u00edquido con ayuda de regaderas y escobones y se extender\u00e1 durante toda la noche para concluir alrededor de la 8 de la ma\u00f1ana. El l\u00edquido antideslizante busca evitar la ca\u00edda de las reses y la fragmentaci\u00f3n de las manadas lo que incrementa la velocidad de la carrera y, en definitiva, minimiza su peligrosidad.<\/p>\n<p>El compuesto qu\u00edmico produce una reacci\u00f3n que libera en la parte sil\u00edcea del pavimento los microporos que a lo largo del a\u00f1o se ven embozados por la suciedad o el pulido de las m\u00e1quinas de limpieza. Esos poros producen un \u201cefecto ventosa\u201d que permite el mejor agarre de las pezu\u00f1as del animal y que funciona especialmente bien en el caso de que el pavimento est\u00e9 mojado. El Ayuntamiento de Pamplona realiz\u00f3 una prueba piloto en 2005 con una soluci\u00f3n qu\u00edmica antideslizante y, desde ese a\u00f1o, se ha venido aplicando el tratamiento de forma ininterrumpida. la empresa Pavitec lo hace desde el a\u00f1o 2006. Su manejo del antideslizante les ha llevado desde Portugal Chequia, B\u00e9lgica, o Hungr\u00eda hasta a Qatar, Rep\u00fablica Dominicana o M\u00e9xico.<\/p>\n","protected":false},"excerpt":{"rendered":"<p>Los 1.500 litros de este compuesto qu\u00edmico se han tra\u00eddo en 75 garrafas y se esparcir\u00e1n de forma manual con regaderas y escobones<\/p>\n","protected":false},"author":1,"featured_media":50246,"comment_status":"open","ping_status":"closed","sticky":false,"template":"","format":"standard","meta":{"footnotes":""},"categories":[2,9406],"tags":[],"class_list":["post-50245","post","type-post","status-publish","format-standard","has-post-thumbnail","hentry","category-ayuntamiento-pamplona","category-san-fermin"],"yoast_head":"<!-- This site is optimized with the Yoast SEO plugin v27.3 - https:\/\/yoast.com\/product\/yoast-seo-wordpress\/ -->\n<title>Esta noche 1.700 m2 del Encierro quedar\u00e1n tratados con l\u00edquido antideslizante<\/title>\n<meta name=\"description\" content=\"Los 1.500 litros de este compuesto qu\u00edmico se han tra\u00eddo en 75 garrafas y se esparcir\u00e1n de forma manual con regaderas y escobones\" \/>\n<meta name=\"robots\" content=\"index, follow, max-snippet:-1, max-image-preview:large, max-video-preview:-1\" \/>\n<link rel=\"canonical\" href=\"https:\/\/www.laguiadepamplona.com\/actualidad\/esta-noche-1-700-m2-del-encierro-quedaran-tratados-con-liquido-antideslizante\/\" \/>\n<meta property=\"og:locale\" content=\"es_ES\" \/>\n<meta property=\"og:type\" content=\"article\" \/>\n<meta property=\"og:title\" content=\"Esta noche 1.700 m2 del Encierro quedar\u00e1n tratados con l\u00edquido antideslizante\" \/>\n<meta property=\"og:description\" content=\"Los 1.500 litros de este compuesto qu\u00edmico se han tra\u00eddo en 75 garrafas y se esparcir\u00e1n de forma manual con regaderas y escobones\" \/>\n<meta property=\"og:url\" content=\"https:\/\/www.laguiadepamplona.com\/actualidad\/esta-noche-1-700-m2-del-encierro-quedaran-tratados-con-liquido-antideslizante\/\" \/>\n<meta property=\"og:site_name\" content=\"La Gu\u00eda de Pamplona\" \/>\n<meta property=\"article:publisher\" content=\"https:\/\/www.facebook.com\/laguiadepamplonacom-133175176762273\/?ref=hl\" \/>\n<meta property=\"article:published_time\" content=\"2024-07-02T11:00:45+00:00\" \/>\n<meta property=\"og:image\" content=\"https:\/\/www.laguiadepamplona.com\/actualidad\/wp-content\/uploads\/2024\/07\/ANTIDESLIZANTE-SF23_NB_0001.webp\" \/>\n\t<meta property=\"og:image:width\" content=\"1000\" \/>\n\t<meta property=\"og:image:height\" content=\"667\" \/>\n\t<meta property=\"og:image:type\" content=\"image\/webp\" \/>\n<meta name=\"author\" content=\"La Gu\u00eda de Pamplona\" \/>\n<meta name=\"twitter:card\" content=\"summary_large_image\" \/>\n<meta name=\"twitter:creator\" content=\"@LaGuiadPamplona\" \/>\n<meta name=\"twitter:site\" content=\"@LaGuiadPamplona\" \/>\n<meta name=\"twitter:label1\" content=\"Escrito por\" \/>\n\t<meta name=\"twitter:data1\" content=\"La Gu\u00eda de Pamplona\" \/>\n\t<meta name=\"twitter:label2\" content=\"Tiempo de lectura\" \/>\n\t<meta name=\"twitter:data2\" content=\"2 minutos\" \/>\n<script type=\"application\/ld+json\" class=\"yoast-schema-graph\">{\"@context\":\"https:\\\/\\\/schema.org\",\"@graph\":[{\"@type\":\"Article\",\"@id\":\"https:\\\/\\\/www.laguiadepamplona.com\\\/actualidad\\\/esta-noche-1-700-m2-del-encierro-quedaran-tratados-con-liquido-antideslizante\\\/#article\",\"isPartOf\":{\"@id\":\"https:\\\/\\\/www.laguiadepamplona.com\\\/actualidad\\\/esta-noche-1-700-m2-del-encierro-quedaran-tratados-con-liquido-antideslizante\\\/\"},\"author\":{\"name\":\"La Gu\u00eda de Pamplona\",\"@id\":\"https:\\\/\\\/www.laguiadepamplona.com\\\/actualidad\\\/#\\\/schema\\\/person\\\/efe887376f0213d4657c93adc50b1fdb\"},\"headline\":\"Esta noche 1.700 m2 del Encierro quedar\u00e1n tratados con l\u00edquido antideslizante\",\"datePublished\":\"2024-07-02T11:00:45+00:00\",\"mainEntityOfPage\":{\"@id\":\"https:\\\/\\\/www.laguiadepamplona.com\\\/actualidad\\\/esta-noche-1-700-m2-del-encierro-quedaran-tratados-con-liquido-antideslizante\\\/\"},\"wordCount\":372,\"commentCount\":0,\"publisher\":{\"@id\":\"https:\\\/\\\/www.laguiadepamplona.com\\\/actualidad\\\/#organization\"},\"image\":{\"@id\":\"https:\\\/\\\/www.laguiadepamplona.com\\\/actualidad\\\/esta-noche-1-700-m2-del-encierro-quedaran-tratados-con-liquido-antideslizante\\\/#primaryimage\"},\"thumbnailUrl\":\"https:\\\/\\\/www.laguiadepamplona.com\\\/actualidad\\\/wp-content\\\/uploads\\\/2024\\\/07\\\/ANTIDESLIZANTE-SF23_NB_0001.webp\",\"articleSection\":[\"Ayto Pamplona\",\"San Ferm\u00edn\"],\"inLanguage\":\"es\",\"potentialAction\":[{\"@type\":\"CommentAction\",\"name\":\"Comment\",\"target\":[\"https:\\\/\\\/www.laguiadepamplona.com\\\/actualidad\\\/esta-noche-1-700-m2-del-encierro-quedaran-tratados-con-liquido-antideslizante\\\/#respond\"]}]},{\"@type\":\"WebPage\",\"@id\":\"https:\\\/\\\/www.laguiadepamplona.com\\\/actualidad\\\/esta-noche-1-700-m2-del-encierro-quedaran-tratados-con-liquido-antideslizante\\\/\",\"url\":\"https:\\\/\\\/www.laguiadepamplona.com\\\/actualidad\\\/esta-noche-1-700-m2-del-encierro-quedaran-tratados-con-liquido-antideslizante\\\/\",\"name\":\"Esta noche 1.700 m2 del Encierro quedar\u00e1n tratados con l\u00edquido antideslizante\",\"isPartOf\":{\"@id\":\"https:\\\/\\\/www.laguiadepamplona.com\\\/actualidad\\\/#website\"},\"primaryImageOfPage\":{\"@id\":\"https:\\\/\\\/www.laguiadepamplona.com\\\/actualidad\\\/esta-noche-1-700-m2-del-encierro-quedaran-tratados-con-liquido-antideslizante\\\/#primaryimage\"},\"image\":{\"@id\":\"https:\\\/\\\/www.laguiadepamplona.com\\\/actualidad\\\/esta-noche-1-700-m2-del-encierro-quedaran-tratados-con-liquido-antideslizante\\\/#primaryimage\"},\"thumbnailUrl\":\"https:\\\/\\\/www.laguiadepamplona.com\\\/actualidad\\\/wp-content\\\/uploads\\\/2024\\\/07\\\/ANTIDESLIZANTE-SF23_NB_0001.webp\",\"datePublished\":\"2024-07-02T11:00:45+00:00\",\"description\":\"Los 1.500 litros de este compuesto qu\u00edmico se han tra\u00eddo en 75 garrafas y se esparcir\u00e1n de forma manual con regaderas y escobones\",\"breadcrumb\":{\"@id\":\"https:\\\/\\\/www.laguiadepamplona.com\\\/actualidad\\\/esta-noche-1-700-m2-del-encierro-quedaran-tratados-con-liquido-antideslizante\\\/#breadcrumb\"},\"inLanguage\":\"es\",\"potentialAction\":[{\"@type\":\"ReadAction\",\"target\":[\"https:\\\/\\\/www.laguiadepamplona.com\\\/actualidad\\\/esta-noche-1-700-m2-del-encierro-quedaran-tratados-con-liquido-antideslizante\\\/\"]}]},{\"@type\":\"ImageObject\",\"inLanguage\":\"es\",\"@id\":\"https:\\\/\\\/www.laguiadepamplona.com\\\/actualidad\\\/esta-noche-1-700-m2-del-encierro-quedaran-tratados-con-liquido-antideslizante\\\/#primaryimage\",\"url\":\"https:\\\/\\\/www.laguiadepamplona.com\\\/actualidad\\\/wp-content\\\/uploads\\\/2024\\\/07\\\/ANTIDESLIZANTE-SF23_NB_0001.webp\",\"contentUrl\":\"https:\\\/\\\/www.laguiadepamplona.com\\\/actualidad\\\/wp-content\\\/uploads\\\/2024\\\/07\\\/ANTIDESLIZANTE-SF23_NB_0001.webp\",\"width\":1000,\"height\":667,\"caption\":\"antideslizante sanfermines\"},{\"@type\":\"BreadcrumbList\",\"@id\":\"https:\\\/\\\/www.laguiadepamplona.com\\\/actualidad\\\/esta-noche-1-700-m2-del-encierro-quedaran-tratados-con-liquido-antideslizante\\\/#breadcrumb\",\"itemListElement\":[{\"@type\":\"ListItem\",\"position\":1,\"name\":\"Portada\",\"item\":\"https:\\\/\\\/www.laguiadepamplona.com\\\/actualidad\\\/\"},{\"@type\":\"ListItem\",\"position\":2,\"name\":\"Esta noche 1.700 m2 del Encierro quedar\u00e1n tratados con l\u00edquido antideslizante\"}]},{\"@type\":\"WebSite\",\"@id\":\"https:\\\/\\\/www.laguiadepamplona.com\\\/actualidad\\\/#website\",\"url\":\"https:\\\/\\\/www.laguiadepamplona.com\\\/actualidad\\\/\",\"name\":\"La gu\u00eda de Pamplona\",\"description\":\"Noticias de Pamplona\",\"publisher\":{\"@id\":\"https:\\\/\\\/www.laguiadepamplona.com\\\/actualidad\\\/#organization\"},\"potentialAction\":[{\"@type\":\"SearchAction\",\"target\":{\"@type\":\"EntryPoint\",\"urlTemplate\":\"https:\\\/\\\/www.laguiadepamplona.com\\\/actualidad\\\/?s={search_term_string}\"},\"query-input\":{\"@type\":\"PropertyValueSpecification\",\"valueRequired\":true,\"valueName\":\"search_term_string\"}}],\"inLanguage\":\"es\"},{\"@type\":\"Organization\",\"@id\":\"https:\\\/\\\/www.laguiadepamplona.com\\\/actualidad\\\/#organization\",\"name\":\"La Gu\u00eda de Pamplona \\\/ Noticias\",\"url\":\"https:\\\/\\\/www.laguiadepamplona.com\\\/actualidad\\\/\",\"logo\":{\"@type\":\"ImageObject\",\"inLanguage\":\"es\",\"@id\":\"https:\\\/\\\/www.laguiadepamplona.com\\\/actualidad\\\/#\\\/schema\\\/logo\\\/image\\\/\",\"url\":\"https:\\\/\\\/www.laguiadepamplona.com\\\/actualidad\\\/wp-content\\\/uploads\\\/2018\\\/11\\\/logo-laguiadepamplona18-web1.png\",\"contentUrl\":\"https:\\\/\\\/www.laguiadepamplona.com\\\/actualidad\\\/wp-content\\\/uploads\\\/2018\\\/11\\\/logo-laguiadepamplona18-web1.png\",\"width\":600,\"height\":196,\"caption\":\"La Gu\u00eda de Pamplona \\\/ Noticias\"},\"image\":{\"@id\":\"https:\\\/\\\/www.laguiadepamplona.com\\\/actualidad\\\/#\\\/schema\\\/logo\\\/image\\\/\"},\"sameAs\":[\"https:\\\/\\\/www.facebook.com\\\/laguiadepamplonacom-133175176762273\\\/?ref=hl\",\"https:\\\/\\\/x.com\\\/LaGuiadPamplona\",\"https:\\\/\\\/www.instagram.com\\\/la_guia_de_pamplona\\\/\",\"https:\\\/\\\/www.youtube.com\\\/user\\\/laguiadepamplona\"]},{\"@type\":\"Person\",\"@id\":\"https:\\\/\\\/www.laguiadepamplona.com\\\/actualidad\\\/#\\\/schema\\\/person\\\/efe887376f0213d4657c93adc50b1fdb\",\"name\":\"La Gu\u00eda de Pamplona\",\"image\":{\"@type\":\"ImageObject\",\"inLanguage\":\"es\",\"@id\":\"https:\\\/\\\/secure.gravatar.com\\\/avatar\\\/b6992f131dc8d30ab0dff15446e9d346d9dbd95992de0fef795073f5ea83a81c?s=96&d=mm&r=g\",\"url\":\"https:\\\/\\\/secure.gravatar.com\\\/avatar\\\/b6992f131dc8d30ab0dff15446e9d346d9dbd95992de0fef795073f5ea83a81c?s=96&d=mm&r=g\",\"contentUrl\":\"https:\\\/\\\/secure.gravatar.com\\\/avatar\\\/b6992f131dc8d30ab0dff15446e9d346d9dbd95992de0fef795073f5ea83a81c?s=96&d=mm&r=g\",\"caption\":\"La Gu\u00eda de Pamplona\"}}]}<\/script>\n<!-- \/ Yoast SEO plugin. -->","yoast_head_json":{"title":"Esta noche 1.700 m2 del Encierro quedar\u00e1n tratados con l\u00edquido antideslizante","description":"Los 1.500 litros de este compuesto qu\u00edmico se han tra\u00eddo en 75 garrafas y se esparcir\u00e1n de forma manual con regaderas y escobones","robots":{"index":"index","follow":"follow","max-snippet":"max-snippet:-1","max-image-preview":"max-image-preview:large","max-video-preview":"max-video-preview:-1"},"canonical":"https:\/\/www.laguiadepamplona.com\/actualidad\/esta-noche-1-700-m2-del-encierro-quedaran-tratados-con-liquido-antideslizante\/","og_locale":"es_ES","og_type":"article","og_title":"Esta noche 1.700 m2 del Encierro quedar\u00e1n tratados con l\u00edquido antideslizante","og_description":"Los 1.500 litros de este compuesto qu\u00edmico se han tra\u00eddo en 75 garrafas y se esparcir\u00e1n de forma manual con regaderas y escobones","og_url":"https:\/\/www.laguiadepamplona.com\/actualidad\/esta-noche-1-700-m2-del-encierro-quedaran-tratados-con-liquido-antideslizante\/","og_site_name":"La Gu\u00eda de Pamplona","article_publisher":"https:\/\/www.facebook.com\/laguiadepamplonacom-133175176762273\/?ref=hl","article_published_time":"2024-07-02T11:00:45+00:00","og_image":[{"width":1000,"height":667,"url":"https:\/\/www.laguiadepamplona.com\/actualidad\/wp-content\/uploads\/2024\/07\/ANTIDESLIZANTE-SF23_NB_0001.webp","type":"image\/webp"}],"author":"La Gu\u00eda de Pamplona","twitter_card":"summary_large_image","twitter_creator":"@LaGuiadPamplona","twitter_site":"@LaGuiadPamplona","twitter_misc":{"Escrito por":"La Gu\u00eda de Pamplona","Tiempo de lectura":"2 minutos"},"schema":{"@context":"https:\/\/schema.org","@graph":[{"@type":"Article","@id":"https:\/\/www.laguiadepamplona.com\/actualidad\/esta-noche-1-700-m2-del-encierro-quedaran-tratados-con-liquido-antideslizante\/#article","isPartOf":{"@id":"https:\/\/www.laguiadepamplona.com\/actualidad\/esta-noche-1-700-m2-del-encierro-quedaran-tratados-con-liquido-antideslizante\/"},"author":{"name":"La Gu\u00eda de Pamplona","@id":"https:\/\/www.laguiadepamplona.com\/actualidad\/#\/schema\/person\/efe887376f0213d4657c93adc50b1fdb"},"headline":"Esta noche 1.700 m2 del Encierro quedar\u00e1n tratados con l\u00edquido antideslizante","datePublished":"2024-07-02T11:00:45+00:00","mainEntityOfPage":{"@id":"https:\/\/www.laguiadepamplona.com\/actualidad\/esta-noche-1-700-m2-del-encierro-quedaran-tratados-con-liquido-antideslizante\/"},"wordCount":372,"commentCount":0,"publisher":{"@id":"https:\/\/www.laguiadepamplona.com\/actualidad\/#organization"},"image":{"@id":"https:\/\/www.laguiadepamplona.com\/actualidad\/esta-noche-1-700-m2-del-encierro-quedaran-tratados-con-liquido-antideslizante\/#primaryimage"},"thumbnailUrl":"https:\/\/www.laguiadepamplona.com\/actualidad\/wp-content\/uploads\/2024\/07\/ANTIDESLIZANTE-SF23_NB_0001.webp","articleSection":["Ayto Pamplona","San Ferm\u00edn"],"inLanguage":"es","potentialAction":[{"@type":"CommentAction","name":"Comment","target":["https:\/\/www.laguiadepamplona.com\/actualidad\/esta-noche-1-700-m2-del-encierro-quedaran-tratados-con-liquido-antideslizante\/#respond"]}]},{"@type":"WebPage","@id":"https:\/\/www.laguiadepamplona.com\/actualidad\/esta-noche-1-700-m2-del-encierro-quedaran-tratados-con-liquido-antideslizante\/","url":"https:\/\/www.laguiadepamplona.com\/actualidad\/esta-noche-1-700-m2-del-encierro-quedaran-tratados-con-liquido-antideslizante\/","name":"Esta noche 1.700 m2 del Encierro quedar\u00e1n tratados con l\u00edquido antideslizante","isPartOf":{"@id":"https:\/\/www.laguiadepamplona.com\/actualidad\/#website"},"primaryImageOfPage":{"@id":"https:\/\/www.laguiadepamplona.com\/actualidad\/esta-noche-1-700-m2-del-encierro-quedaran-tratados-con-liquido-antideslizante\/#primaryimage"},"image":{"@id":"https:\/\/www.laguiadepamplona.com\/actualidad\/esta-noche-1-700-m2-del-encierro-quedaran-tratados-con-liquido-antideslizante\/#primaryimage"},"thumbnailUrl":"https:\/\/www.laguiadepamplona.com\/actualidad\/wp-content\/uploads\/2024\/07\/ANTIDESLIZANTE-SF23_NB_0001.webp","datePublished":"2024-07-02T11:00:45+00:00","description":"Los 1.500 litros de este compuesto qu\u00edmico se han tra\u00eddo en 75 garrafas y se esparcir\u00e1n de forma manual con regaderas y escobones","breadcrumb":{"@id":"https:\/\/www.laguiadepamplona.com\/actualidad\/esta-noche-1-700-m2-del-encierro-quedaran-tratados-con-liquido-antideslizante\/#breadcrumb"},"inLanguage":"es","potentialAction":[{"@type":"ReadAction","target":["https:\/\/www.laguiadepamplona.com\/actualidad\/esta-noche-1-700-m2-del-encierro-quedaran-tratados-con-liquido-antideslizante\/"]}]},{"@type":"ImageObject","inLanguage":"es","@id":"https:\/\/www.laguiadepamplona.com\/actualidad\/esta-noche-1-700-m2-del-encierro-quedaran-tratados-con-liquido-antideslizante\/#primaryimage","url":"https:\/\/www.laguiadepamplona.com\/actualidad\/wp-content\/uploads\/2024\/07\/ANTIDESLIZANTE-SF23_NB_0001.webp","contentUrl":"https:\/\/www.laguiadepamplona.com\/actualidad\/wp-content\/uploads\/2024\/07\/ANTIDESLIZANTE-SF23_NB_0001.webp","width":1000,"height":667,"caption":"antideslizante sanfermines"},{"@type":"BreadcrumbList","@id":"https:\/\/www.laguiadepamplona.com\/actualidad\/esta-noche-1-700-m2-del-encierro-quedaran-tratados-con-liquido-antideslizante\/#breadcrumb","itemListElement":[{"@type":"ListItem","position":1,"name":"Portada","item":"https:\/\/www.laguiadepamplona.com\/actualidad\/"},{"@type":"ListItem","position":2,"name":"Esta noche 1.700 m2 del Encierro quedar\u00e1n tratados con l\u00edquido antideslizante"}]},{"@type":"WebSite","@id":"https:\/\/www.laguiadepamplona.com\/actualidad\/#website","url":"https:\/\/www.laguiadepamplona.com\/actualidad\/","name":"La gu\u00eda de Pamplona","description":"Noticias de Pamplona","publisher":{"@id":"https:\/\/www.laguiadepamplona.com\/actualidad\/#organization"},"potentialAction":[{"@type":"SearchAction","target":{"@type":"EntryPoint","urlTemplate":"https:\/\/www.laguiadepamplona.com\/actualidad\/?s={search_term_string}"},"query-input":{"@type":"PropertyValueSpecification","valueRequired":true,"valueName":"search_term_string"}}],"inLanguage":"es"},{"@type":"Organization","@id":"https:\/\/www.laguiadepamplona.com\/actualidad\/#organization","name":"La Gu\u00eda de Pamplona \/ Noticias","url":"https:\/\/www.laguiadepamplona.com\/actualidad\/","logo":{"@type":"ImageObject","inLanguage":"es","@id":"https:\/\/www.laguiadepamplona.com\/actualidad\/#\/schema\/logo\/image\/","url":"https:\/\/www.laguiadepamplona.com\/actualidad\/wp-content\/uploads\/2018\/11\/logo-laguiadepamplona18-web1.png","contentUrl":"https:\/\/www.laguiadepamplona.com\/actualidad\/wp-content\/uploads\/2018\/11\/logo-laguiadepamplona18-web1.png","width":600,"height":196,"caption":"La Gu\u00eda de Pamplona \/ Noticias"},"image":{"@id":"https:\/\/www.laguiadepamplona.com\/actualidad\/#\/schema\/logo\/image\/"},"sameAs":["https:\/\/www.facebook.com\/laguiadepamplonacom-133175176762273\/?ref=hl","https:\/\/x.com\/LaGuiadPamplona","https:\/\/www.instagram.com\/la_guia_de_pamplona\/","https:\/\/www.youtube.com\/user\/laguiadepamplona"]},{"@type":"Person","@id":"https:\/\/www.laguiadepamplona.com\/actualidad\/#\/schema\/person\/efe887376f0213d4657c93adc50b1fdb","name":"La Gu\u00eda de Pamplona","image":{"@type":"ImageObject","inLanguage":"es","@id":"https:\/\/secure.gravatar.com\/avatar\/b6992f131dc8d30ab0dff15446e9d346d9dbd95992de0fef795073f5ea83a81c?s=96&d=mm&r=g","url":"https:\/\/secure.gravatar.com\/avatar\/b6992f131dc8d30ab0dff15446e9d346d9dbd95992de0fef795073f5ea83a81c?s=96&d=mm&r=g","contentUrl":"https:\/\/secure.gravatar.com\/avatar\/b6992f131dc8d30ab0dff15446e9d346d9dbd95992de0fef795073f5ea83a81c?s=96&d=mm&r=g","caption":"La Gu\u00eda de Pamplona"}}]}},"post_mailing_queue_ids":[],"_links":{"self":[{"href":"https:\/\/www.laguiadepamplona.com\/actualidad\/wp-json\/wp\/v2\/posts\/50245","targetHints":{"allow":["GET"]}}],"collection":[{"href":"https:\/\/www.laguiadepamplona.com\/actualidad\/wp-json\/wp\/v2\/posts"}],"about":[{"href":"https:\/\/www.laguiadepamplona.com\/actualidad\/wp-json\/wp\/v2\/types\/post"}],"author":[{"embeddable":true,"href":"https:\/\/www.laguiadepamplona.com\/actualidad\/wp-json\/wp\/v2\/users\/1"}],"replies":[{"embeddable":true,"href":"https:\/\/www.laguiadepamplona.com\/actualidad\/wp-json\/wp\/v2\/comments?post=50245"}],"version-history":[{"count":1,"href":"https:\/\/www.laguiadepamplona.com\/actualidad\/wp-json\/wp\/v2\/posts\/50245\/revisions"}],"predecessor-version":[{"id":50247,"href":"https:\/\/www.laguiadepamplona.com\/actualidad\/wp-json\/wp\/v2\/posts\/50245\/revisions\/50247"}],"wp:featuredmedia":[{"embeddable":true,"href":"https:\/\/www.laguiadepamplona.com\/actualidad\/wp-json\/wp\/v2\/media\/50246"}],"wp:attachment":[{"href":"https:\/\/www.laguiadepamplona.com\/actualidad\/wp-json\/wp\/v2\/media?parent=50245"}],"wp:term":[{"taxonomy":"category","embeddable":true,"href":"https:\/\/www.laguiadepamplona.com\/actualidad\/wp-json\/wp\/v2\/categories?post=50245"},{"taxonomy":"post_tag","embeddable":true,"href":"https:\/\/www.laguiadepamplona.com\/actualidad\/wp-json\/wp\/v2\/tags?post=50245"}],"curies":[{"name":"wp","href":"https:\/\/api.w.org\/{rel}","templated":true}]}}