{"id":50239,"date":"2024-07-02T12:56:16","date_gmt":"2024-07-02T10:56:16","guid":{"rendered":"https:\/\/www.laguiadepamplona.com\/actualidad\/?p=50239"},"modified":"2024-07-02T13:10:56","modified_gmt":"2024-07-02T11:10:56","slug":"el-telefono-de-atencion-ciudadana-010-atendera-a-la-ciudadania-todas-las-mananas-del-6-al-14-de-julio-y-reabrira-el-lunes-15-en-horario-de-verano","status":"publish","type":"post","link":"https:\/\/www.laguiadepamplona.com\/actualidad\/el-telefono-de-atencion-ciudadana-010-atendera-a-la-ciudadania-todas-las-mananas-del-6-al-14-de-julio-y-reabrira-el-lunes-15-en-horario-de-verano\/","title":{"rendered":"El Tel\u00e9fono de Atenci\u00f3n Ciudadana 010 atender\u00e1 a la ciudadan\u00eda todas las ma\u00f1anas del 6 al 14 de julio y reabrir\u00e1 el lunes 15 en horario de verano"},"content":{"rendered":"<h2>Del 6 al 14 de julio los registros presenciales del Ayuntamiento estar\u00e1n cerrados, pero seguir\u00e1 activo 24 horas toda la semana el registro on line<\/h2>\n<p><!--more--><\/p>\n<p>El Tel\u00e9fono de Atenci\u00f3n Ciudadana 010 (948 420 100) modifica sus horarios por el verano. Del 6 al 14 de julio el servicio estar\u00e1 en funcionamiento en horario de ma\u00f1ana y atender\u00e1 las llamadas de la ciudadan\u00eda todos los d\u00edas de 9.30 a 13.30 horas. A partir del d\u00eda 15 de julio y hasta el 31 de agosto, servicio recoger\u00e1 las llamadas de lunes a viernes de 8 a 15 horas. A partir de septiembre, como es habitual, el horario se ampliar\u00e1 hasta las 19 horas entre semana, y a las ma\u00f1anas de los s\u00e1bados de 9.30 a 13.30 horas.<\/p>\n<p>Por otro lado, los registros municipales presenciales cerrar\u00e1n durante los Sanfermines, aunque siempre ser\u00e1 posible utilizar el registro telem\u00e1tico de la Sede Electr\u00f3nica, un servicio que no para durante las fiestas y est\u00e1 habilitado de lunes a domingo de 0 a 24 horas. A partir del 15 de julio el registro central de Condestable (calle Mayor, 2), as\u00ed como los registros auxiliares, estar\u00e1n abiertos al p\u00fablico en horario de lunes a viernes 8.30 a 14.30 horas.<\/p>\n<p>Asimismo, el Archivo Municipal de Pamplona permanecer\u00e1 cerrado durante las fiestas de San Ferm\u00edn para reabrir sus puertas durante el resto del verano en su horario habitual de lunes a viernes de 8.30 a 14.30 horas. Desde ese servicio se atienden a las solicitudes de la ciudadan\u00eda para la autorizaci\u00f3n de uso y reproducci\u00f3n de documentos, adem\u00e1s de permitir la consulta presencial de colecciones Fondos y Colecciones fotogr\u00e1ficas, Bibliogr\u00e1ficas y Hemerogr\u00e1ficas y expedientes sobre licencias y Padr\u00f3n, entre otros. El Archivo tienen dos salas de lectura, una sala de consulta y sistemas de reprograf\u00eda (fotocopiadora, lector reproductor de microfilm, etc.).<\/p>\n","protected":false},"excerpt":{"rendered":"<p>Del 6 al 14 de julio los registros presenciales del Ayuntamiento estar\u00e1n cerrados, pero seguir\u00e1 activo 24 horas toda la semana el registro on line<\/p>\n","protected":false},"author":1,"featured_media":50240,"comment_status":"open","ping_status":"closed","sticky":false,"template":"","format":"standard","meta":{"footnotes":""},"categories":[2,9406],"tags":[],"class_list":["post-50239","post","type-post","status-publish","format-standard","has-post-thumbnail","hentry","category-ayuntamiento-pamplona","category-san-fermin"],"yoast_head":"<!-- This site is optimized with the Yoast SEO plugin v27.3 - https:\/\/yoast.com\/product\/yoast-seo-wordpress\/ -->\n<title>El Tel\u00e9fono de Atenci\u00f3n Ciudadana 010 atender\u00e1 a la ciudadan\u00eda todas las ma\u00f1anas del 6 al 14 de julio y reabrir\u00e1 el lunes 15 en horario de verano<\/title>\n<meta name=\"description\" content=\"Del 6 al 14 de julio los registros presenciales del Ayuntamiento estar\u00e1n cerrados, pero seguir\u00e1 activo 24 horas toda la semana el registro on line\" \/>\n<meta name=\"robots\" content=\"index, follow, max-snippet:-1, max-image-preview:large, max-video-preview:-1\" \/>\n<link rel=\"canonical\" href=\"https:\/\/www.laguiadepamplona.com\/actualidad\/el-telefono-de-atencion-ciudadana-010-atendera-a-la-ciudadania-todas-las-mananas-del-6-al-14-de-julio-y-reabrira-el-lunes-15-en-horario-de-verano\/\" \/>\n<meta property=\"og:locale\" content=\"es_ES\" \/>\n<meta property=\"og:type\" content=\"article\" \/>\n<meta property=\"og:title\" content=\"El Tel\u00e9fono de Atenci\u00f3n Ciudadana 010 atender\u00e1 a la ciudadan\u00eda todas las ma\u00f1anas del 6 al 14 de julio y reabrir\u00e1 el lunes 15 en horario de verano\" \/>\n<meta property=\"og:description\" content=\"Del 6 al 14 de julio los registros presenciales del Ayuntamiento estar\u00e1n cerrados, pero seguir\u00e1 activo 24 horas toda la semana el registro on line\" \/>\n<meta property=\"og:url\" content=\"https:\/\/www.laguiadepamplona.com\/actualidad\/el-telefono-de-atencion-ciudadana-010-atendera-a-la-ciudadania-todas-las-mananas-del-6-al-14-de-julio-y-reabrira-el-lunes-15-en-horario-de-verano\/\" \/>\n<meta property=\"og:site_name\" content=\"La Gu\u00eda de Pamplona\" \/>\n<meta property=\"article:publisher\" content=\"https:\/\/www.facebook.com\/laguiadepamplonacom-133175176762273\/?ref=hl\" \/>\n<meta property=\"article:published_time\" content=\"2024-07-02T10:56:16+00:00\" \/>\n<meta property=\"article:modified_time\" content=\"2024-07-02T11:10:56+00:00\" \/>\n<meta property=\"og:image\" content=\"https:\/\/www.laguiadepamplona.com\/actualidad\/wp-content\/uploads\/2024\/07\/09-Foto-010.webp\" \/>\n\t<meta property=\"og:image:width\" content=\"1000\" \/>\n\t<meta property=\"og:image:height\" content=\"815\" \/>\n\t<meta property=\"og:image:type\" content=\"image\/webp\" \/>\n<meta name=\"author\" content=\"La Gu\u00eda de Pamplona\" \/>\n<meta name=\"twitter:card\" content=\"summary_large_image\" \/>\n<meta name=\"twitter:creator\" content=\"@LaGuiadPamplona\" \/>\n<meta name=\"twitter:site\" content=\"@LaGuiadPamplona\" \/>\n<meta name=\"twitter:label1\" content=\"Escrito por\" \/>\n\t<meta name=\"twitter:data1\" content=\"La Gu\u00eda de Pamplona\" \/>\n\t<meta name=\"twitter:label2\" content=\"Tiempo de lectura\" \/>\n\t<meta name=\"twitter:data2\" content=\"2 minutos\" \/>\n<script type=\"application\/ld+json\" class=\"yoast-schema-graph\">{\"@context\":\"https:\\\/\\\/schema.org\",\"@graph\":[{\"@type\":\"Article\",\"@id\":\"https:\\\/\\\/www.laguiadepamplona.com\\\/actualidad\\\/el-telefono-de-atencion-ciudadana-010-atendera-a-la-ciudadania-todas-las-mananas-del-6-al-14-de-julio-y-reabrira-el-lunes-15-en-horario-de-verano\\\/#article\",\"isPartOf\":{\"@id\":\"https:\\\/\\\/www.laguiadepamplona.com\\\/actualidad\\\/el-telefono-de-atencion-ciudadana-010-atendera-a-la-ciudadania-todas-las-mananas-del-6-al-14-de-julio-y-reabrira-el-lunes-15-en-horario-de-verano\\\/\"},\"author\":{\"name\":\"La Gu\u00eda de Pamplona\",\"@id\":\"https:\\\/\\\/www.laguiadepamplona.com\\\/actualidad\\\/#\\\/schema\\\/person\\\/efe887376f0213d4657c93adc50b1fdb\"},\"headline\":\"El Tel\u00e9fono de Atenci\u00f3n Ciudadana 010 atender\u00e1 a la ciudadan\u00eda todas las ma\u00f1anas del 6 al 14 de julio y reabrir\u00e1 el lunes 15 en horario de verano\",\"datePublished\":\"2024-07-02T10:56:16+00:00\",\"dateModified\":\"2024-07-02T11:10:56+00:00\",\"mainEntityOfPage\":{\"@id\":\"https:\\\/\\\/www.laguiadepamplona.com\\\/actualidad\\\/el-telefono-de-atencion-ciudadana-010-atendera-a-la-ciudadania-todas-las-mananas-del-6-al-14-de-julio-y-reabrira-el-lunes-15-en-horario-de-verano\\\/\"},\"wordCount\":327,\"commentCount\":0,\"publisher\":{\"@id\":\"https:\\\/\\\/www.laguiadepamplona.com\\\/actualidad\\\/#organization\"},\"image\":{\"@id\":\"https:\\\/\\\/www.laguiadepamplona.com\\\/actualidad\\\/el-telefono-de-atencion-ciudadana-010-atendera-a-la-ciudadania-todas-las-mananas-del-6-al-14-de-julio-y-reabrira-el-lunes-15-en-horario-de-verano\\\/#primaryimage\"},\"thumbnailUrl\":\"https:\\\/\\\/www.laguiadepamplona.com\\\/actualidad\\\/wp-content\\\/uploads\\\/2024\\\/07\\\/09-Foto-010.webp\",\"articleSection\":[\"Ayto Pamplona\",\"San Ferm\u00edn\"],\"inLanguage\":\"es\",\"potentialAction\":[{\"@type\":\"CommentAction\",\"name\":\"Comment\",\"target\":[\"https:\\\/\\\/www.laguiadepamplona.com\\\/actualidad\\\/el-telefono-de-atencion-ciudadana-010-atendera-a-la-ciudadania-todas-las-mananas-del-6-al-14-de-julio-y-reabrira-el-lunes-15-en-horario-de-verano\\\/#respond\"]}]},{\"@type\":\"WebPage\",\"@id\":\"https:\\\/\\\/www.laguiadepamplona.com\\\/actualidad\\\/el-telefono-de-atencion-ciudadana-010-atendera-a-la-ciudadania-todas-las-mananas-del-6-al-14-de-julio-y-reabrira-el-lunes-15-en-horario-de-verano\\\/\",\"url\":\"https:\\\/\\\/www.laguiadepamplona.com\\\/actualidad\\\/el-telefono-de-atencion-ciudadana-010-atendera-a-la-ciudadania-todas-las-mananas-del-6-al-14-de-julio-y-reabrira-el-lunes-15-en-horario-de-verano\\\/\",\"name\":\"El Tel\u00e9fono de Atenci\u00f3n Ciudadana 010 atender\u00e1 a la ciudadan\u00eda todas las ma\u00f1anas del 6 al 14 de julio y reabrir\u00e1 el lunes 15 en horario de verano\",\"isPartOf\":{\"@id\":\"https:\\\/\\\/www.laguiadepamplona.com\\\/actualidad\\\/#website\"},\"primaryImageOfPage\":{\"@id\":\"https:\\\/\\\/www.laguiadepamplona.com\\\/actualidad\\\/el-telefono-de-atencion-ciudadana-010-atendera-a-la-ciudadania-todas-las-mananas-del-6-al-14-de-julio-y-reabrira-el-lunes-15-en-horario-de-verano\\\/#primaryimage\"},\"image\":{\"@id\":\"https:\\\/\\\/www.laguiadepamplona.com\\\/actualidad\\\/el-telefono-de-atencion-ciudadana-010-atendera-a-la-ciudadania-todas-las-mananas-del-6-al-14-de-julio-y-reabrira-el-lunes-15-en-horario-de-verano\\\/#primaryimage\"},\"thumbnailUrl\":\"https:\\\/\\\/www.laguiadepamplona.com\\\/actualidad\\\/wp-content\\\/uploads\\\/2024\\\/07\\\/09-Foto-010.webp\",\"datePublished\":\"2024-07-02T10:56:16+00:00\",\"dateModified\":\"2024-07-02T11:10:56+00:00\",\"description\":\"Del 6 al 14 de julio los registros presenciales del Ayuntamiento estar\u00e1n cerrados, pero seguir\u00e1 activo 24 horas toda la semana el registro on line\",\"breadcrumb\":{\"@id\":\"https:\\\/\\\/www.laguiadepamplona.com\\\/actualidad\\\/el-telefono-de-atencion-ciudadana-010-atendera-a-la-ciudadania-todas-las-mananas-del-6-al-14-de-julio-y-reabrira-el-lunes-15-en-horario-de-verano\\\/#breadcrumb\"},\"inLanguage\":\"es\",\"potentialAction\":[{\"@type\":\"ReadAction\",\"target\":[\"https:\\\/\\\/www.laguiadepamplona.com\\\/actualidad\\\/el-telefono-de-atencion-ciudadana-010-atendera-a-la-ciudadania-todas-las-mananas-del-6-al-14-de-julio-y-reabrira-el-lunes-15-en-horario-de-verano\\\/\"]}]},{\"@type\":\"ImageObject\",\"inLanguage\":\"es\",\"@id\":\"https:\\\/\\\/www.laguiadepamplona.com\\\/actualidad\\\/el-telefono-de-atencion-ciudadana-010-atendera-a-la-ciudadania-todas-las-mananas-del-6-al-14-de-julio-y-reabrira-el-lunes-15-en-horario-de-verano\\\/#primaryimage\",\"url\":\"https:\\\/\\\/www.laguiadepamplona.com\\\/actualidad\\\/wp-content\\\/uploads\\\/2024\\\/07\\\/09-Foto-010.webp\",\"contentUrl\":\"https:\\\/\\\/www.laguiadepamplona.com\\\/actualidad\\\/wp-content\\\/uploads\\\/2024\\\/07\\\/09-Foto-010.webp\",\"width\":1000,\"height\":815,\"caption\":\"atenci\u00f3n telef\u00f3nica 010\"},{\"@type\":\"BreadcrumbList\",\"@id\":\"https:\\\/\\\/www.laguiadepamplona.com\\\/actualidad\\\/el-telefono-de-atencion-ciudadana-010-atendera-a-la-ciudadania-todas-las-mananas-del-6-al-14-de-julio-y-reabrira-el-lunes-15-en-horario-de-verano\\\/#breadcrumb\",\"itemListElement\":[{\"@type\":\"ListItem\",\"position\":1,\"name\":\"Portada\",\"item\":\"https:\\\/\\\/www.laguiadepamplona.com\\\/actualidad\\\/\"},{\"@type\":\"ListItem\",\"position\":2,\"name\":\"El Tel\u00e9fono de Atenci\u00f3n Ciudadana 010 atender\u00e1 a la ciudadan\u00eda todas las ma\u00f1anas del 6 al 14 de julio y reabrir\u00e1 el lunes 15 en horario de verano\"}]},{\"@type\":\"WebSite\",\"@id\":\"https:\\\/\\\/www.laguiadepamplona.com\\\/actualidad\\\/#website\",\"url\":\"https:\\\/\\\/www.laguiadepamplona.com\\\/actualidad\\\/\",\"name\":\"La gu\u00eda de Pamplona\",\"description\":\"Noticias de Pamplona\",\"publisher\":{\"@id\":\"https:\\\/\\\/www.laguiadepamplona.com\\\/actualidad\\\/#organization\"},\"potentialAction\":[{\"@type\":\"SearchAction\",\"target\":{\"@type\":\"EntryPoint\",\"urlTemplate\":\"https:\\\/\\\/www.laguiadepamplona.com\\\/actualidad\\\/?s={search_term_string}\"},\"query-input\":{\"@type\":\"PropertyValueSpecification\",\"valueRequired\":true,\"valueName\":\"search_term_string\"}}],\"inLanguage\":\"es\"},{\"@type\":\"Organization\",\"@id\":\"https:\\\/\\\/www.laguiadepamplona.com\\\/actualidad\\\/#organization\",\"name\":\"La Gu\u00eda de Pamplona \\\/ Noticias\",\"url\":\"https:\\\/\\\/www.laguiadepamplona.com\\\/actualidad\\\/\",\"logo\":{\"@type\":\"ImageObject\",\"inLanguage\":\"es\",\"@id\":\"https:\\\/\\\/www.laguiadepamplona.com\\\/actualidad\\\/#\\\/schema\\\/logo\\\/image\\\/\",\"url\":\"https:\\\/\\\/www.laguiadepamplona.com\\\/actualidad\\\/wp-content\\\/uploads\\\/2018\\\/11\\\/logo-laguiadepamplona18-web1.png\",\"contentUrl\":\"https:\\\/\\\/www.laguiadepamplona.com\\\/actualidad\\\/wp-content\\\/uploads\\\/2018\\\/11\\\/logo-laguiadepamplona18-web1.png\",\"width\":600,\"height\":196,\"caption\":\"La Gu\u00eda de Pamplona \\\/ Noticias\"},\"image\":{\"@id\":\"https:\\\/\\\/www.laguiadepamplona.com\\\/actualidad\\\/#\\\/schema\\\/logo\\\/image\\\/\"},\"sameAs\":[\"https:\\\/\\\/www.facebook.com\\\/laguiadepamplonacom-133175176762273\\\/?ref=hl\",\"https:\\\/\\\/x.com\\\/LaGuiadPamplona\",\"https:\\\/\\\/www.instagram.com\\\/la_guia_de_pamplona\\\/\",\"https:\\\/\\\/www.youtube.com\\\/user\\\/laguiadepamplona\"]},{\"@type\":\"Person\",\"@id\":\"https:\\\/\\\/www.laguiadepamplona.com\\\/actualidad\\\/#\\\/schema\\\/person\\\/efe887376f0213d4657c93adc50b1fdb\",\"name\":\"La Gu\u00eda de Pamplona\",\"image\":{\"@type\":\"ImageObject\",\"inLanguage\":\"es\",\"@id\":\"https:\\\/\\\/secure.gravatar.com\\\/avatar\\\/b6992f131dc8d30ab0dff15446e9d346d9dbd95992de0fef795073f5ea83a81c?s=96&d=mm&r=g\",\"url\":\"https:\\\/\\\/secure.gravatar.com\\\/avatar\\\/b6992f131dc8d30ab0dff15446e9d346d9dbd95992de0fef795073f5ea83a81c?s=96&d=mm&r=g\",\"contentUrl\":\"https:\\\/\\\/secure.gravatar.com\\\/avatar\\\/b6992f131dc8d30ab0dff15446e9d346d9dbd95992de0fef795073f5ea83a81c?s=96&d=mm&r=g\",\"caption\":\"La Gu\u00eda de Pamplona\"}}]}<\/script>\n<!-- \/ Yoast SEO plugin. -->","yoast_head_json":{"title":"El Tel\u00e9fono de Atenci\u00f3n Ciudadana 010 atender\u00e1 a la ciudadan\u00eda todas las ma\u00f1anas del 6 al 14 de julio y reabrir\u00e1 el lunes 15 en horario de verano","description":"Del 6 al 14 de julio los registros presenciales del Ayuntamiento estar\u00e1n cerrados, pero seguir\u00e1 activo 24 horas toda la semana el registro on line","robots":{"index":"index","follow":"follow","max-snippet":"max-snippet:-1","max-image-preview":"max-image-preview:large","max-video-preview":"max-video-preview:-1"},"canonical":"https:\/\/www.laguiadepamplona.com\/actualidad\/el-telefono-de-atencion-ciudadana-010-atendera-a-la-ciudadania-todas-las-mananas-del-6-al-14-de-julio-y-reabrira-el-lunes-15-en-horario-de-verano\/","og_locale":"es_ES","og_type":"article","og_title":"El Tel\u00e9fono de Atenci\u00f3n Ciudadana 010 atender\u00e1 a la ciudadan\u00eda todas las ma\u00f1anas del 6 al 14 de julio y reabrir\u00e1 el lunes 15 en horario de verano","og_description":"Del 6 al 14 de julio los registros presenciales del Ayuntamiento estar\u00e1n cerrados, pero seguir\u00e1 activo 24 horas toda la semana el registro on line","og_url":"https:\/\/www.laguiadepamplona.com\/actualidad\/el-telefono-de-atencion-ciudadana-010-atendera-a-la-ciudadania-todas-las-mananas-del-6-al-14-de-julio-y-reabrira-el-lunes-15-en-horario-de-verano\/","og_site_name":"La Gu\u00eda de Pamplona","article_publisher":"https:\/\/www.facebook.com\/laguiadepamplonacom-133175176762273\/?ref=hl","article_published_time":"2024-07-02T10:56:16+00:00","article_modified_time":"2024-07-02T11:10:56+00:00","og_image":[{"width":1000,"height":815,"url":"https:\/\/www.laguiadepamplona.com\/actualidad\/wp-content\/uploads\/2024\/07\/09-Foto-010.webp","type":"image\/webp"}],"author":"La Gu\u00eda de Pamplona","twitter_card":"summary_large_image","twitter_creator":"@LaGuiadPamplona","twitter_site":"@LaGuiadPamplona","twitter_misc":{"Escrito por":"La Gu\u00eda de Pamplona","Tiempo de lectura":"2 minutos"},"schema":{"@context":"https:\/\/schema.org","@graph":[{"@type":"Article","@id":"https:\/\/www.laguiadepamplona.com\/actualidad\/el-telefono-de-atencion-ciudadana-010-atendera-a-la-ciudadania-todas-las-mananas-del-6-al-14-de-julio-y-reabrira-el-lunes-15-en-horario-de-verano\/#article","isPartOf":{"@id":"https:\/\/www.laguiadepamplona.com\/actualidad\/el-telefono-de-atencion-ciudadana-010-atendera-a-la-ciudadania-todas-las-mananas-del-6-al-14-de-julio-y-reabrira-el-lunes-15-en-horario-de-verano\/"},"author":{"name":"La Gu\u00eda de Pamplona","@id":"https:\/\/www.laguiadepamplona.com\/actualidad\/#\/schema\/person\/efe887376f0213d4657c93adc50b1fdb"},"headline":"El Tel\u00e9fono de Atenci\u00f3n Ciudadana 010 atender\u00e1 a la ciudadan\u00eda todas las ma\u00f1anas del 6 al 14 de julio y reabrir\u00e1 el lunes 15 en horario de verano","datePublished":"2024-07-02T10:56:16+00:00","dateModified":"2024-07-02T11:10:56+00:00","mainEntityOfPage":{"@id":"https:\/\/www.laguiadepamplona.com\/actualidad\/el-telefono-de-atencion-ciudadana-010-atendera-a-la-ciudadania-todas-las-mananas-del-6-al-14-de-julio-y-reabrira-el-lunes-15-en-horario-de-verano\/"},"wordCount":327,"commentCount":0,"publisher":{"@id":"https:\/\/www.laguiadepamplona.com\/actualidad\/#organization"},"image":{"@id":"https:\/\/www.laguiadepamplona.com\/actualidad\/el-telefono-de-atencion-ciudadana-010-atendera-a-la-ciudadania-todas-las-mananas-del-6-al-14-de-julio-y-reabrira-el-lunes-15-en-horario-de-verano\/#primaryimage"},"thumbnailUrl":"https:\/\/www.laguiadepamplona.com\/actualidad\/wp-content\/uploads\/2024\/07\/09-Foto-010.webp","articleSection":["Ayto Pamplona","San Ferm\u00edn"],"inLanguage":"es","potentialAction":[{"@type":"CommentAction","name":"Comment","target":["https:\/\/www.laguiadepamplona.com\/actualidad\/el-telefono-de-atencion-ciudadana-010-atendera-a-la-ciudadania-todas-las-mananas-del-6-al-14-de-julio-y-reabrira-el-lunes-15-en-horario-de-verano\/#respond"]}]},{"@type":"WebPage","@id":"https:\/\/www.laguiadepamplona.com\/actualidad\/el-telefono-de-atencion-ciudadana-010-atendera-a-la-ciudadania-todas-las-mananas-del-6-al-14-de-julio-y-reabrira-el-lunes-15-en-horario-de-verano\/","url":"https:\/\/www.laguiadepamplona.com\/actualidad\/el-telefono-de-atencion-ciudadana-010-atendera-a-la-ciudadania-todas-las-mananas-del-6-al-14-de-julio-y-reabrira-el-lunes-15-en-horario-de-verano\/","name":"El Tel\u00e9fono de Atenci\u00f3n Ciudadana 010 atender\u00e1 a la ciudadan\u00eda todas las ma\u00f1anas del 6 al 14 de julio y reabrir\u00e1 el lunes 15 en horario de verano","isPartOf":{"@id":"https:\/\/www.laguiadepamplona.com\/actualidad\/#website"},"primaryImageOfPage":{"@id":"https:\/\/www.laguiadepamplona.com\/actualidad\/el-telefono-de-atencion-ciudadana-010-atendera-a-la-ciudadania-todas-las-mananas-del-6-al-14-de-julio-y-reabrira-el-lunes-15-en-horario-de-verano\/#primaryimage"},"image":{"@id":"https:\/\/www.laguiadepamplona.com\/actualidad\/el-telefono-de-atencion-ciudadana-010-atendera-a-la-ciudadania-todas-las-mananas-del-6-al-14-de-julio-y-reabrira-el-lunes-15-en-horario-de-verano\/#primaryimage"},"thumbnailUrl":"https:\/\/www.laguiadepamplona.com\/actualidad\/wp-content\/uploads\/2024\/07\/09-Foto-010.webp","datePublished":"2024-07-02T10:56:16+00:00","dateModified":"2024-07-02T11:10:56+00:00","description":"Del 6 al 14 de julio los registros presenciales del Ayuntamiento estar\u00e1n cerrados, pero seguir\u00e1 activo 24 horas toda la semana el registro on line","breadcrumb":{"@id":"https:\/\/www.laguiadepamplona.com\/actualidad\/el-telefono-de-atencion-ciudadana-010-atendera-a-la-ciudadania-todas-las-mananas-del-6-al-14-de-julio-y-reabrira-el-lunes-15-en-horario-de-verano\/#breadcrumb"},"inLanguage":"es","potentialAction":[{"@type":"ReadAction","target":["https:\/\/www.laguiadepamplona.com\/actualidad\/el-telefono-de-atencion-ciudadana-010-atendera-a-la-ciudadania-todas-las-mananas-del-6-al-14-de-julio-y-reabrira-el-lunes-15-en-horario-de-verano\/"]}]},{"@type":"ImageObject","inLanguage":"es","@id":"https:\/\/www.laguiadepamplona.com\/actualidad\/el-telefono-de-atencion-ciudadana-010-atendera-a-la-ciudadania-todas-las-mananas-del-6-al-14-de-julio-y-reabrira-el-lunes-15-en-horario-de-verano\/#primaryimage","url":"https:\/\/www.laguiadepamplona.com\/actualidad\/wp-content\/uploads\/2024\/07\/09-Foto-010.webp","contentUrl":"https:\/\/www.laguiadepamplona.com\/actualidad\/wp-content\/uploads\/2024\/07\/09-Foto-010.webp","width":1000,"height":815,"caption":"atenci\u00f3n telef\u00f3nica 010"},{"@type":"BreadcrumbList","@id":"https:\/\/www.laguiadepamplona.com\/actualidad\/el-telefono-de-atencion-ciudadana-010-atendera-a-la-ciudadania-todas-las-mananas-del-6-al-14-de-julio-y-reabrira-el-lunes-15-en-horario-de-verano\/#breadcrumb","itemListElement":[{"@type":"ListItem","position":1,"name":"Portada","item":"https:\/\/www.laguiadepamplona.com\/actualidad\/"},{"@type":"ListItem","position":2,"name":"El Tel\u00e9fono de Atenci\u00f3n Ciudadana 010 atender\u00e1 a la ciudadan\u00eda todas las ma\u00f1anas del 6 al 14 de julio y reabrir\u00e1 el lunes 15 en horario de verano"}]},{"@type":"WebSite","@id":"https:\/\/www.laguiadepamplona.com\/actualidad\/#website","url":"https:\/\/www.laguiadepamplona.com\/actualidad\/","name":"La gu\u00eda de Pamplona","description":"Noticias de Pamplona","publisher":{"@id":"https:\/\/www.laguiadepamplona.com\/actualidad\/#organization"},"potentialAction":[{"@type":"SearchAction","target":{"@type":"EntryPoint","urlTemplate":"https:\/\/www.laguiadepamplona.com\/actualidad\/?s={search_term_string}"},"query-input":{"@type":"PropertyValueSpecification","valueRequired":true,"valueName":"search_term_string"}}],"inLanguage":"es"},{"@type":"Organization","@id":"https:\/\/www.laguiadepamplona.com\/actualidad\/#organization","name":"La Gu\u00eda de Pamplona \/ Noticias","url":"https:\/\/www.laguiadepamplona.com\/actualidad\/","logo":{"@type":"ImageObject","inLanguage":"es","@id":"https:\/\/www.laguiadepamplona.com\/actualidad\/#\/schema\/logo\/image\/","url":"https:\/\/www.laguiadepamplona.com\/actualidad\/wp-content\/uploads\/2018\/11\/logo-laguiadepamplona18-web1.png","contentUrl":"https:\/\/www.laguiadepamplona.com\/actualidad\/wp-content\/uploads\/2018\/11\/logo-laguiadepamplona18-web1.png","width":600,"height":196,"caption":"La Gu\u00eda de Pamplona \/ Noticias"},"image":{"@id":"https:\/\/www.laguiadepamplona.com\/actualidad\/#\/schema\/logo\/image\/"},"sameAs":["https:\/\/www.facebook.com\/laguiadepamplonacom-133175176762273\/?ref=hl","https:\/\/x.com\/LaGuiadPamplona","https:\/\/www.instagram.com\/la_guia_de_pamplona\/","https:\/\/www.youtube.com\/user\/laguiadepamplona"]},{"@type":"Person","@id":"https:\/\/www.laguiadepamplona.com\/actualidad\/#\/schema\/person\/efe887376f0213d4657c93adc50b1fdb","name":"La Gu\u00eda de Pamplona","image":{"@type":"ImageObject","inLanguage":"es","@id":"https:\/\/secure.gravatar.com\/avatar\/b6992f131dc8d30ab0dff15446e9d346d9dbd95992de0fef795073f5ea83a81c?s=96&d=mm&r=g","url":"https:\/\/secure.gravatar.com\/avatar\/b6992f131dc8d30ab0dff15446e9d346d9dbd95992de0fef795073f5ea83a81c?s=96&d=mm&r=g","contentUrl":"https:\/\/secure.gravatar.com\/avatar\/b6992f131dc8d30ab0dff15446e9d346d9dbd95992de0fef795073f5ea83a81c?s=96&d=mm&r=g","caption":"La Gu\u00eda de Pamplona"}}]}},"post_mailing_queue_ids":[],"_links":{"self":[{"href":"https:\/\/www.laguiadepamplona.com\/actualidad\/wp-json\/wp\/v2\/posts\/50239","targetHints":{"allow":["GET"]}}],"collection":[{"href":"https:\/\/www.laguiadepamplona.com\/actualidad\/wp-json\/wp\/v2\/posts"}],"about":[{"href":"https:\/\/www.laguiadepamplona.com\/actualidad\/wp-json\/wp\/v2\/types\/post"}],"author":[{"embeddable":true,"href":"https:\/\/www.laguiadepamplona.com\/actualidad\/wp-json\/wp\/v2\/users\/1"}],"replies":[{"embeddable":true,"href":"https:\/\/www.laguiadepamplona.com\/actualidad\/wp-json\/wp\/v2\/comments?post=50239"}],"version-history":[{"count":1,"href":"https:\/\/www.laguiadepamplona.com\/actualidad\/wp-json\/wp\/v2\/posts\/50239\/revisions"}],"predecessor-version":[{"id":50241,"href":"https:\/\/www.laguiadepamplona.com\/actualidad\/wp-json\/wp\/v2\/posts\/50239\/revisions\/50241"}],"wp:featuredmedia":[{"embeddable":true,"href":"https:\/\/www.laguiadepamplona.com\/actualidad\/wp-json\/wp\/v2\/media\/50240"}],"wp:attachment":[{"href":"https:\/\/www.laguiadepamplona.com\/actualidad\/wp-json\/wp\/v2\/media?parent=50239"}],"wp:term":[{"taxonomy":"category","embeddable":true,"href":"https:\/\/www.laguiadepamplona.com\/actualidad\/wp-json\/wp\/v2\/categories?post=50239"},{"taxonomy":"post_tag","embeddable":true,"href":"https:\/\/www.laguiadepamplona.com\/actualidad\/wp-json\/wp\/v2\/tags?post=50239"}],"curies":[{"name":"wp","href":"https:\/\/api.w.org\/{rel}","templated":true}]}}