{"id":50223,"date":"2024-06-27T11:59:38","date_gmt":"2024-06-27T09:59:38","guid":{"rendered":"https:\/\/www.laguiadepamplona.com\/actualidad\/?p=50223"},"modified":"2024-06-27T12:04:35","modified_gmt":"2024-06-27T10:04:35","slug":"la-pamplonesa-abre-boca-este-viernes-en-la-plaza-consistorial-con-el-tradicional-concierto-presanferminero-aperitivo-musical-con-la-banda-sonora-de-las-fiestas","status":"publish","type":"post","link":"https:\/\/www.laguiadepamplona.com\/actualidad\/la-pamplonesa-abre-boca-este-viernes-en-la-plaza-consistorial-con-el-tradicional-concierto-presanferminero-aperitivo-musical-con-la-banda-sonora-de-las-fiestas\/","title":{"rendered":"La Pamplonesa abre boca este viernes en la Plaza Consistorial con el tradicional concierto presanferminero, aperitivo musical con la banda sonora de las fiestas"},"content":{"rendered":"<h2>El concierto al aire libre comenzar\u00e1 a las 20 horas, bajo la direcci\u00f3n de Jes\u00fas Garisoain<\/h2>\n<p><!--more--><\/p>\n<p>La Plaza Consistorial acoge este viernes el tradicional concierto presanferminero que ofrece la banda de m\u00fasica municipal La Pamplonesa. M\u00fasica al aire libre con la banda sonora habitual de las fiestas para ir prepar\u00e1ndose ante el ya cercano Chupinazo del 6 de julio. El concierto dar\u00e1 comienzo a las 20 horas, con la direcci\u00f3n de Jes\u00fas Garisoain, y podr\u00e1n asistir libremente todas aquellas personas que quieran disfrutar de la buena m\u00fasica sanferminera.<\/p>\n<p>No faltar\u00e1n en el programa cl\u00e1sicos populares, composiciones tradicionales del maestro Turrillas y otros pasodobles, pasacalles y jotas que sonar\u00e1n innumerables veces durante las fiestas de San Ferm\u00edn. El pasacalles popular \u2018\u00a1\u00c1nimo pues!\u2019 abrir\u00e1 el concierto, que seguir\u00e1 con el pasodoble \u2018Clar\u00edn de fiestas\u2019 de Turrillas y el pasacalles \u2018Las siete calles\u2019. De nuevo, el maestro Turrillas ser\u00e1 protagonista con la biribilketa \u2018Color\u00edn\u2019, el pasodble \u2018Pamplona, feria del toro\u2019 y los pasacalles \u2018Aqu\u00ed\u2026 La Veleta\u2019 y \u2018Pamplona y sus pe\u00f1as\u2019.<\/p>\n<p>\u2018El asombro de Damasco\u2019, pasodoble de P. Luna, servir\u00e1 de continuidad con el resto del programa. Para ir finalizando, La Pamplonesa interpretar\u00e1 la marcha \u2018Deba\u2019 de Sorozabal el vals \u2013 jota \u2018Alegr\u00eda sanferminera\u2019 de Turrillas, las jotas \u2018La Pilindros\u2019 y \u2018La Dominguera\u2019 de S. Cervantes y varias dianas populares. Para cerrar el concierto, como si se tratara de la despedida diaria de los gigantes y cabezudos, se podr\u00e1 escuchar la \u2018Polonesa\u2019.<\/p>\n<p>&nbsp;<\/p>\n<h3>Concierto Presanferminero. Plaza Consistorial. Viernes 28 de junio, a las 20 horas<\/h3>\n<ul>\n<li>\u00a1\u00c1nimo pues!\u00a0(pasacalle) \u2013 Popular<\/li>\n<li>Clar\u00edn de fiestas\u00a0(pasodoble) \u2013 M. Turrillas<\/li>\n<li>Las siete calles\u00a0(pasacalle) \u2013 Popular<\/li>\n<li>Color\u00edn\u00a0 (biribilketa) \u2013\u00a0M. Turrillas<\/li>\n<li>Pamplona feria del toro (pasodoble) \u2013 M. Turrillas<\/li>\n<li>Aqu\u00ed\u2026 La Veleta\u00a0(pasacalle) \u2013 M. Turrillas<\/li>\n<li>Pamplona y sus pe\u00f1as\u00a0(pasacalle) \u2013 M. Turrillas<\/li>\n<li>El asombro de Damasco (pasodoble)\u00a0\u2013 P. Luna<\/li>\n<li>Deba\u00a0(marcha)\u00a0\u2013 P. Sorozabal<\/li>\n<li>Alegr\u00eda sanferminera\u00a0(vals-jota)\u00a0\u2013 M. Turrillas<\/li>\n<li>La Pilindros (jota)\u00a0\u2013\u00a0S. Cervantes<\/li>\n<li>Dianas 1-4 \u2013\u00a0Popular<\/li>\n<li>La Dominguera (jota)\u00a0\u2013 S. Cervantes<\/li>\n<li>Polonesa \u2013\u00a0Tradicional<\/li>\n<\/ul>\n","protected":false},"excerpt":{"rendered":"<p>El concierto al aire libre comenzar\u00e1 a las 20 horas, bajo la direcci\u00f3n de Jes\u00fas Garisoain<\/p>\n","protected":false},"author":1,"featured_media":47203,"comment_status":"open","ping_status":"closed","sticky":false,"template":"","format":"standard","meta":{"footnotes":""},"categories":[2,9406],"tags":[],"class_list":["post-50223","post","type-post","status-publish","format-standard","has-post-thumbnail","hentry","category-ayuntamiento-pamplona","category-san-fermin"],"yoast_head":"<!-- This site is optimized with the Yoast SEO plugin v27.3 - https:\/\/yoast.com\/product\/yoast-seo-wordpress\/ -->\n<title>La Pamplonesa abre boca este viernes en la Plaza Consistorial con el tradicional concierto presanferminero, aperitivo musical con la banda sonora de las fiestas<\/title>\n<meta name=\"description\" content=\"El concierto de la Pamplonesa al aire libre comenzar\u00e1 a las 20 horas, bajo la direcci\u00f3n de Jes\u00fas Garisoain\" \/>\n<meta name=\"robots\" content=\"index, follow, max-snippet:-1, max-image-preview:large, max-video-preview:-1\" \/>\n<link rel=\"canonical\" href=\"https:\/\/www.laguiadepamplona.com\/actualidad\/la-pamplonesa-abre-boca-este-viernes-en-la-plaza-consistorial-con-el-tradicional-concierto-presanferminero-aperitivo-musical-con-la-banda-sonora-de-las-fiestas\/\" \/>\n<meta property=\"og:locale\" content=\"es_ES\" \/>\n<meta property=\"og:type\" content=\"article\" \/>\n<meta property=\"og:title\" content=\"La Pamplonesa abre boca este viernes en la Plaza Consistorial con el tradicional concierto presanferminero, aperitivo musical con la banda sonora de las fiestas\" \/>\n<meta property=\"og:description\" content=\"El concierto de la Pamplonesa al aire libre comenzar\u00e1 a las 20 horas, bajo la direcci\u00f3n de Jes\u00fas Garisoain\" \/>\n<meta property=\"og:url\" content=\"https:\/\/www.laguiadepamplona.com\/actualidad\/la-pamplonesa-abre-boca-este-viernes-en-la-plaza-consistorial-con-el-tradicional-concierto-presanferminero-aperitivo-musical-con-la-banda-sonora-de-las-fiestas\/\" \/>\n<meta property=\"og:site_name\" content=\"La Gu\u00eda de Pamplona\" \/>\n<meta property=\"article:publisher\" content=\"https:\/\/www.facebook.com\/laguiadepamplonacom-133175176762273\/?ref=hl\" \/>\n<meta property=\"article:published_time\" content=\"2024-06-27T09:59:38+00:00\" \/>\n<meta property=\"article:modified_time\" content=\"2024-06-27T10:04:35+00:00\" \/>\n<meta property=\"og:image\" content=\"https:\/\/www.laguiadepamplona.com\/actualidad\/wp-content\/uploads\/2023\/06\/LA-PAMPLONAESA_EE5A9251.webp\" \/>\n\t<meta property=\"og:image:width\" content=\"1600\" \/>\n\t<meta property=\"og:image:height\" content=\"1067\" \/>\n\t<meta property=\"og:image:type\" content=\"image\/webp\" \/>\n<meta name=\"author\" content=\"La Gu\u00eda de Pamplona\" \/>\n<meta name=\"twitter:card\" content=\"summary_large_image\" \/>\n<meta name=\"twitter:creator\" content=\"@LaGuiadPamplona\" \/>\n<meta name=\"twitter:site\" content=\"@LaGuiadPamplona\" \/>\n<meta name=\"twitter:label1\" content=\"Escrito por\" \/>\n\t<meta name=\"twitter:data1\" content=\"La Gu\u00eda de Pamplona\" \/>\n\t<meta name=\"twitter:label2\" content=\"Tiempo de lectura\" \/>\n\t<meta name=\"twitter:data2\" content=\"2 minutos\" \/>\n<script type=\"application\/ld+json\" class=\"yoast-schema-graph\">{\"@context\":\"https:\\\/\\\/schema.org\",\"@graph\":[{\"@type\":\"Article\",\"@id\":\"https:\\\/\\\/www.laguiadepamplona.com\\\/actualidad\\\/la-pamplonesa-abre-boca-este-viernes-en-la-plaza-consistorial-con-el-tradicional-concierto-presanferminero-aperitivo-musical-con-la-banda-sonora-de-las-fiestas\\\/#article\",\"isPartOf\":{\"@id\":\"https:\\\/\\\/www.laguiadepamplona.com\\\/actualidad\\\/la-pamplonesa-abre-boca-este-viernes-en-la-plaza-consistorial-con-el-tradicional-concierto-presanferminero-aperitivo-musical-con-la-banda-sonora-de-las-fiestas\\\/\"},\"author\":{\"name\":\"La Gu\u00eda de Pamplona\",\"@id\":\"https:\\\/\\\/www.laguiadepamplona.com\\\/actualidad\\\/#\\\/schema\\\/person\\\/efe887376f0213d4657c93adc50b1fdb\"},\"headline\":\"La Pamplonesa abre boca este viernes en la Plaza Consistorial con el tradicional concierto presanferminero, aperitivo musical con la banda sonora de las fiestas\",\"datePublished\":\"2024-06-27T09:59:38+00:00\",\"dateModified\":\"2024-06-27T10:04:35+00:00\",\"mainEntityOfPage\":{\"@id\":\"https:\\\/\\\/www.laguiadepamplona.com\\\/actualidad\\\/la-pamplonesa-abre-boca-este-viernes-en-la-plaza-consistorial-con-el-tradicional-concierto-presanferminero-aperitivo-musical-con-la-banda-sonora-de-las-fiestas\\\/\"},\"wordCount\":361,\"commentCount\":0,\"publisher\":{\"@id\":\"https:\\\/\\\/www.laguiadepamplona.com\\\/actualidad\\\/#organization\"},\"image\":{\"@id\":\"https:\\\/\\\/www.laguiadepamplona.com\\\/actualidad\\\/la-pamplonesa-abre-boca-este-viernes-en-la-plaza-consistorial-con-el-tradicional-concierto-presanferminero-aperitivo-musical-con-la-banda-sonora-de-las-fiestas\\\/#primaryimage\"},\"thumbnailUrl\":\"https:\\\/\\\/www.laguiadepamplona.com\\\/actualidad\\\/wp-content\\\/uploads\\\/2023\\\/06\\\/LA-PAMPLONAESA_EE5A9251.webp\",\"articleSection\":[\"Ayto Pamplona\",\"San Ferm\u00edn\"],\"inLanguage\":\"es\",\"potentialAction\":[{\"@type\":\"CommentAction\",\"name\":\"Comment\",\"target\":[\"https:\\\/\\\/www.laguiadepamplona.com\\\/actualidad\\\/la-pamplonesa-abre-boca-este-viernes-en-la-plaza-consistorial-con-el-tradicional-concierto-presanferminero-aperitivo-musical-con-la-banda-sonora-de-las-fiestas\\\/#respond\"]}]},{\"@type\":\"WebPage\",\"@id\":\"https:\\\/\\\/www.laguiadepamplona.com\\\/actualidad\\\/la-pamplonesa-abre-boca-este-viernes-en-la-plaza-consistorial-con-el-tradicional-concierto-presanferminero-aperitivo-musical-con-la-banda-sonora-de-las-fiestas\\\/\",\"url\":\"https:\\\/\\\/www.laguiadepamplona.com\\\/actualidad\\\/la-pamplonesa-abre-boca-este-viernes-en-la-plaza-consistorial-con-el-tradicional-concierto-presanferminero-aperitivo-musical-con-la-banda-sonora-de-las-fiestas\\\/\",\"name\":\"La Pamplonesa abre boca este viernes en la Plaza Consistorial con el tradicional concierto presanferminero, aperitivo musical con la banda sonora de las fiestas\",\"isPartOf\":{\"@id\":\"https:\\\/\\\/www.laguiadepamplona.com\\\/actualidad\\\/#website\"},\"primaryImageOfPage\":{\"@id\":\"https:\\\/\\\/www.laguiadepamplona.com\\\/actualidad\\\/la-pamplonesa-abre-boca-este-viernes-en-la-plaza-consistorial-con-el-tradicional-concierto-presanferminero-aperitivo-musical-con-la-banda-sonora-de-las-fiestas\\\/#primaryimage\"},\"image\":{\"@id\":\"https:\\\/\\\/www.laguiadepamplona.com\\\/actualidad\\\/la-pamplonesa-abre-boca-este-viernes-en-la-plaza-consistorial-con-el-tradicional-concierto-presanferminero-aperitivo-musical-con-la-banda-sonora-de-las-fiestas\\\/#primaryimage\"},\"thumbnailUrl\":\"https:\\\/\\\/www.laguiadepamplona.com\\\/actualidad\\\/wp-content\\\/uploads\\\/2023\\\/06\\\/LA-PAMPLONAESA_EE5A9251.webp\",\"datePublished\":\"2024-06-27T09:59:38+00:00\",\"dateModified\":\"2024-06-27T10:04:35+00:00\",\"description\":\"El concierto de la Pamplonesa al aire libre comenzar\u00e1 a las 20 horas, bajo la direcci\u00f3n de Jes\u00fas Garisoain\",\"breadcrumb\":{\"@id\":\"https:\\\/\\\/www.laguiadepamplona.com\\\/actualidad\\\/la-pamplonesa-abre-boca-este-viernes-en-la-plaza-consistorial-con-el-tradicional-concierto-presanferminero-aperitivo-musical-con-la-banda-sonora-de-las-fiestas\\\/#breadcrumb\"},\"inLanguage\":\"es\",\"potentialAction\":[{\"@type\":\"ReadAction\",\"target\":[\"https:\\\/\\\/www.laguiadepamplona.com\\\/actualidad\\\/la-pamplonesa-abre-boca-este-viernes-en-la-plaza-consistorial-con-el-tradicional-concierto-presanferminero-aperitivo-musical-con-la-banda-sonora-de-las-fiestas\\\/\"]}]},{\"@type\":\"ImageObject\",\"inLanguage\":\"es\",\"@id\":\"https:\\\/\\\/www.laguiadepamplona.com\\\/actualidad\\\/la-pamplonesa-abre-boca-este-viernes-en-la-plaza-consistorial-con-el-tradicional-concierto-presanferminero-aperitivo-musical-con-la-banda-sonora-de-las-fiestas\\\/#primaryimage\",\"url\":\"https:\\\/\\\/www.laguiadepamplona.com\\\/actualidad\\\/wp-content\\\/uploads\\\/2023\\\/06\\\/LA-PAMPLONAESA_EE5A9251.webp\",\"contentUrl\":\"https:\\\/\\\/www.laguiadepamplona.com\\\/actualidad\\\/wp-content\\\/uploads\\\/2023\\\/06\\\/LA-PAMPLONAESA_EE5A9251.webp\",\"width\":1600,\"height\":1067,\"caption\":\"Pamplonesa\"},{\"@type\":\"BreadcrumbList\",\"@id\":\"https:\\\/\\\/www.laguiadepamplona.com\\\/actualidad\\\/la-pamplonesa-abre-boca-este-viernes-en-la-plaza-consistorial-con-el-tradicional-concierto-presanferminero-aperitivo-musical-con-la-banda-sonora-de-las-fiestas\\\/#breadcrumb\",\"itemListElement\":[{\"@type\":\"ListItem\",\"position\":1,\"name\":\"Portada\",\"item\":\"https:\\\/\\\/www.laguiadepamplona.com\\\/actualidad\\\/\"},{\"@type\":\"ListItem\",\"position\":2,\"name\":\"La Pamplonesa abre boca este viernes en la Plaza Consistorial con el tradicional concierto presanferminero, aperitivo musical con la banda sonora de las fiestas\"}]},{\"@type\":\"WebSite\",\"@id\":\"https:\\\/\\\/www.laguiadepamplona.com\\\/actualidad\\\/#website\",\"url\":\"https:\\\/\\\/www.laguiadepamplona.com\\\/actualidad\\\/\",\"name\":\"La gu\u00eda de Pamplona\",\"description\":\"Noticias de Pamplona\",\"publisher\":{\"@id\":\"https:\\\/\\\/www.laguiadepamplona.com\\\/actualidad\\\/#organization\"},\"potentialAction\":[{\"@type\":\"SearchAction\",\"target\":{\"@type\":\"EntryPoint\",\"urlTemplate\":\"https:\\\/\\\/www.laguiadepamplona.com\\\/actualidad\\\/?s={search_term_string}\"},\"query-input\":{\"@type\":\"PropertyValueSpecification\",\"valueRequired\":true,\"valueName\":\"search_term_string\"}}],\"inLanguage\":\"es\"},{\"@type\":\"Organization\",\"@id\":\"https:\\\/\\\/www.laguiadepamplona.com\\\/actualidad\\\/#organization\",\"name\":\"La Gu\u00eda de Pamplona \\\/ Noticias\",\"url\":\"https:\\\/\\\/www.laguiadepamplona.com\\\/actualidad\\\/\",\"logo\":{\"@type\":\"ImageObject\",\"inLanguage\":\"es\",\"@id\":\"https:\\\/\\\/www.laguiadepamplona.com\\\/actualidad\\\/#\\\/schema\\\/logo\\\/image\\\/\",\"url\":\"https:\\\/\\\/www.laguiadepamplona.com\\\/actualidad\\\/wp-content\\\/uploads\\\/2018\\\/11\\\/logo-laguiadepamplona18-web1.png\",\"contentUrl\":\"https:\\\/\\\/www.laguiadepamplona.com\\\/actualidad\\\/wp-content\\\/uploads\\\/2018\\\/11\\\/logo-laguiadepamplona18-web1.png\",\"width\":600,\"height\":196,\"caption\":\"La Gu\u00eda de Pamplona \\\/ Noticias\"},\"image\":{\"@id\":\"https:\\\/\\\/www.laguiadepamplona.com\\\/actualidad\\\/#\\\/schema\\\/logo\\\/image\\\/\"},\"sameAs\":[\"https:\\\/\\\/www.facebook.com\\\/laguiadepamplonacom-133175176762273\\\/?ref=hl\",\"https:\\\/\\\/x.com\\\/LaGuiadPamplona\",\"https:\\\/\\\/www.instagram.com\\\/la_guia_de_pamplona\\\/\",\"https:\\\/\\\/www.youtube.com\\\/user\\\/laguiadepamplona\"]},{\"@type\":\"Person\",\"@id\":\"https:\\\/\\\/www.laguiadepamplona.com\\\/actualidad\\\/#\\\/schema\\\/person\\\/efe887376f0213d4657c93adc50b1fdb\",\"name\":\"La Gu\u00eda de Pamplona\",\"image\":{\"@type\":\"ImageObject\",\"inLanguage\":\"es\",\"@id\":\"https:\\\/\\\/secure.gravatar.com\\\/avatar\\\/b6992f131dc8d30ab0dff15446e9d346d9dbd95992de0fef795073f5ea83a81c?s=96&d=mm&r=g\",\"url\":\"https:\\\/\\\/secure.gravatar.com\\\/avatar\\\/b6992f131dc8d30ab0dff15446e9d346d9dbd95992de0fef795073f5ea83a81c?s=96&d=mm&r=g\",\"contentUrl\":\"https:\\\/\\\/secure.gravatar.com\\\/avatar\\\/b6992f131dc8d30ab0dff15446e9d346d9dbd95992de0fef795073f5ea83a81c?s=96&d=mm&r=g\",\"caption\":\"La Gu\u00eda de Pamplona\"}}]}<\/script>\n<!-- \/ Yoast SEO plugin. -->","yoast_head_json":{"title":"La Pamplonesa abre boca este viernes en la Plaza Consistorial con el tradicional concierto presanferminero, aperitivo musical con la banda sonora de las fiestas","description":"El concierto de la Pamplonesa al aire libre comenzar\u00e1 a las 20 horas, bajo la direcci\u00f3n de Jes\u00fas Garisoain","robots":{"index":"index","follow":"follow","max-snippet":"max-snippet:-1","max-image-preview":"max-image-preview:large","max-video-preview":"max-video-preview:-1"},"canonical":"https:\/\/www.laguiadepamplona.com\/actualidad\/la-pamplonesa-abre-boca-este-viernes-en-la-plaza-consistorial-con-el-tradicional-concierto-presanferminero-aperitivo-musical-con-la-banda-sonora-de-las-fiestas\/","og_locale":"es_ES","og_type":"article","og_title":"La Pamplonesa abre boca este viernes en la Plaza Consistorial con el tradicional concierto presanferminero, aperitivo musical con la banda sonora de las fiestas","og_description":"El concierto de la Pamplonesa al aire libre comenzar\u00e1 a las 20 horas, bajo la direcci\u00f3n de Jes\u00fas Garisoain","og_url":"https:\/\/www.laguiadepamplona.com\/actualidad\/la-pamplonesa-abre-boca-este-viernes-en-la-plaza-consistorial-con-el-tradicional-concierto-presanferminero-aperitivo-musical-con-la-banda-sonora-de-las-fiestas\/","og_site_name":"La Gu\u00eda de Pamplona","article_publisher":"https:\/\/www.facebook.com\/laguiadepamplonacom-133175176762273\/?ref=hl","article_published_time":"2024-06-27T09:59:38+00:00","article_modified_time":"2024-06-27T10:04:35+00:00","og_image":[{"width":1600,"height":1067,"url":"https:\/\/www.laguiadepamplona.com\/actualidad\/wp-content\/uploads\/2023\/06\/LA-PAMPLONAESA_EE5A9251.webp","type":"image\/webp"}],"author":"La Gu\u00eda de Pamplona","twitter_card":"summary_large_image","twitter_creator":"@LaGuiadPamplona","twitter_site":"@LaGuiadPamplona","twitter_misc":{"Escrito por":"La Gu\u00eda de Pamplona","Tiempo de lectura":"2 minutos"},"schema":{"@context":"https:\/\/schema.org","@graph":[{"@type":"Article","@id":"https:\/\/www.laguiadepamplona.com\/actualidad\/la-pamplonesa-abre-boca-este-viernes-en-la-plaza-consistorial-con-el-tradicional-concierto-presanferminero-aperitivo-musical-con-la-banda-sonora-de-las-fiestas\/#article","isPartOf":{"@id":"https:\/\/www.laguiadepamplona.com\/actualidad\/la-pamplonesa-abre-boca-este-viernes-en-la-plaza-consistorial-con-el-tradicional-concierto-presanferminero-aperitivo-musical-con-la-banda-sonora-de-las-fiestas\/"},"author":{"name":"La Gu\u00eda de Pamplona","@id":"https:\/\/www.laguiadepamplona.com\/actualidad\/#\/schema\/person\/efe887376f0213d4657c93adc50b1fdb"},"headline":"La Pamplonesa abre boca este viernes en la Plaza Consistorial con el tradicional concierto presanferminero, aperitivo musical con la banda sonora de las fiestas","datePublished":"2024-06-27T09:59:38+00:00","dateModified":"2024-06-27T10:04:35+00:00","mainEntityOfPage":{"@id":"https:\/\/www.laguiadepamplona.com\/actualidad\/la-pamplonesa-abre-boca-este-viernes-en-la-plaza-consistorial-con-el-tradicional-concierto-presanferminero-aperitivo-musical-con-la-banda-sonora-de-las-fiestas\/"},"wordCount":361,"commentCount":0,"publisher":{"@id":"https:\/\/www.laguiadepamplona.com\/actualidad\/#organization"},"image":{"@id":"https:\/\/www.laguiadepamplona.com\/actualidad\/la-pamplonesa-abre-boca-este-viernes-en-la-plaza-consistorial-con-el-tradicional-concierto-presanferminero-aperitivo-musical-con-la-banda-sonora-de-las-fiestas\/#primaryimage"},"thumbnailUrl":"https:\/\/www.laguiadepamplona.com\/actualidad\/wp-content\/uploads\/2023\/06\/LA-PAMPLONAESA_EE5A9251.webp","articleSection":["Ayto Pamplona","San Ferm\u00edn"],"inLanguage":"es","potentialAction":[{"@type":"CommentAction","name":"Comment","target":["https:\/\/www.laguiadepamplona.com\/actualidad\/la-pamplonesa-abre-boca-este-viernes-en-la-plaza-consistorial-con-el-tradicional-concierto-presanferminero-aperitivo-musical-con-la-banda-sonora-de-las-fiestas\/#respond"]}]},{"@type":"WebPage","@id":"https:\/\/www.laguiadepamplona.com\/actualidad\/la-pamplonesa-abre-boca-este-viernes-en-la-plaza-consistorial-con-el-tradicional-concierto-presanferminero-aperitivo-musical-con-la-banda-sonora-de-las-fiestas\/","url":"https:\/\/www.laguiadepamplona.com\/actualidad\/la-pamplonesa-abre-boca-este-viernes-en-la-plaza-consistorial-con-el-tradicional-concierto-presanferminero-aperitivo-musical-con-la-banda-sonora-de-las-fiestas\/","name":"La Pamplonesa abre boca este viernes en la Plaza Consistorial con el tradicional concierto presanferminero, aperitivo musical con la banda sonora de las fiestas","isPartOf":{"@id":"https:\/\/www.laguiadepamplona.com\/actualidad\/#website"},"primaryImageOfPage":{"@id":"https:\/\/www.laguiadepamplona.com\/actualidad\/la-pamplonesa-abre-boca-este-viernes-en-la-plaza-consistorial-con-el-tradicional-concierto-presanferminero-aperitivo-musical-con-la-banda-sonora-de-las-fiestas\/#primaryimage"},"image":{"@id":"https:\/\/www.laguiadepamplona.com\/actualidad\/la-pamplonesa-abre-boca-este-viernes-en-la-plaza-consistorial-con-el-tradicional-concierto-presanferminero-aperitivo-musical-con-la-banda-sonora-de-las-fiestas\/#primaryimage"},"thumbnailUrl":"https:\/\/www.laguiadepamplona.com\/actualidad\/wp-content\/uploads\/2023\/06\/LA-PAMPLONAESA_EE5A9251.webp","datePublished":"2024-06-27T09:59:38+00:00","dateModified":"2024-06-27T10:04:35+00:00","description":"El concierto de la Pamplonesa al aire libre comenzar\u00e1 a las 20 horas, bajo la direcci\u00f3n de Jes\u00fas Garisoain","breadcrumb":{"@id":"https:\/\/www.laguiadepamplona.com\/actualidad\/la-pamplonesa-abre-boca-este-viernes-en-la-plaza-consistorial-con-el-tradicional-concierto-presanferminero-aperitivo-musical-con-la-banda-sonora-de-las-fiestas\/#breadcrumb"},"inLanguage":"es","potentialAction":[{"@type":"ReadAction","target":["https:\/\/www.laguiadepamplona.com\/actualidad\/la-pamplonesa-abre-boca-este-viernes-en-la-plaza-consistorial-con-el-tradicional-concierto-presanferminero-aperitivo-musical-con-la-banda-sonora-de-las-fiestas\/"]}]},{"@type":"ImageObject","inLanguage":"es","@id":"https:\/\/www.laguiadepamplona.com\/actualidad\/la-pamplonesa-abre-boca-este-viernes-en-la-plaza-consistorial-con-el-tradicional-concierto-presanferminero-aperitivo-musical-con-la-banda-sonora-de-las-fiestas\/#primaryimage","url":"https:\/\/www.laguiadepamplona.com\/actualidad\/wp-content\/uploads\/2023\/06\/LA-PAMPLONAESA_EE5A9251.webp","contentUrl":"https:\/\/www.laguiadepamplona.com\/actualidad\/wp-content\/uploads\/2023\/06\/LA-PAMPLONAESA_EE5A9251.webp","width":1600,"height":1067,"caption":"Pamplonesa"},{"@type":"BreadcrumbList","@id":"https:\/\/www.laguiadepamplona.com\/actualidad\/la-pamplonesa-abre-boca-este-viernes-en-la-plaza-consistorial-con-el-tradicional-concierto-presanferminero-aperitivo-musical-con-la-banda-sonora-de-las-fiestas\/#breadcrumb","itemListElement":[{"@type":"ListItem","position":1,"name":"Portada","item":"https:\/\/www.laguiadepamplona.com\/actualidad\/"},{"@type":"ListItem","position":2,"name":"La Pamplonesa abre boca este viernes en la Plaza Consistorial con el tradicional concierto presanferminero, aperitivo musical con la banda sonora de las fiestas"}]},{"@type":"WebSite","@id":"https:\/\/www.laguiadepamplona.com\/actualidad\/#website","url":"https:\/\/www.laguiadepamplona.com\/actualidad\/","name":"La gu\u00eda de Pamplona","description":"Noticias de Pamplona","publisher":{"@id":"https:\/\/www.laguiadepamplona.com\/actualidad\/#organization"},"potentialAction":[{"@type":"SearchAction","target":{"@type":"EntryPoint","urlTemplate":"https:\/\/www.laguiadepamplona.com\/actualidad\/?s={search_term_string}"},"query-input":{"@type":"PropertyValueSpecification","valueRequired":true,"valueName":"search_term_string"}}],"inLanguage":"es"},{"@type":"Organization","@id":"https:\/\/www.laguiadepamplona.com\/actualidad\/#organization","name":"La Gu\u00eda de Pamplona \/ Noticias","url":"https:\/\/www.laguiadepamplona.com\/actualidad\/","logo":{"@type":"ImageObject","inLanguage":"es","@id":"https:\/\/www.laguiadepamplona.com\/actualidad\/#\/schema\/logo\/image\/","url":"https:\/\/www.laguiadepamplona.com\/actualidad\/wp-content\/uploads\/2018\/11\/logo-laguiadepamplona18-web1.png","contentUrl":"https:\/\/www.laguiadepamplona.com\/actualidad\/wp-content\/uploads\/2018\/11\/logo-laguiadepamplona18-web1.png","width":600,"height":196,"caption":"La Gu\u00eda de Pamplona \/ Noticias"},"image":{"@id":"https:\/\/www.laguiadepamplona.com\/actualidad\/#\/schema\/logo\/image\/"},"sameAs":["https:\/\/www.facebook.com\/laguiadepamplonacom-133175176762273\/?ref=hl","https:\/\/x.com\/LaGuiadPamplona","https:\/\/www.instagram.com\/la_guia_de_pamplona\/","https:\/\/www.youtube.com\/user\/laguiadepamplona"]},{"@type":"Person","@id":"https:\/\/www.laguiadepamplona.com\/actualidad\/#\/schema\/person\/efe887376f0213d4657c93adc50b1fdb","name":"La Gu\u00eda de Pamplona","image":{"@type":"ImageObject","inLanguage":"es","@id":"https:\/\/secure.gravatar.com\/avatar\/b6992f131dc8d30ab0dff15446e9d346d9dbd95992de0fef795073f5ea83a81c?s=96&d=mm&r=g","url":"https:\/\/secure.gravatar.com\/avatar\/b6992f131dc8d30ab0dff15446e9d346d9dbd95992de0fef795073f5ea83a81c?s=96&d=mm&r=g","contentUrl":"https:\/\/secure.gravatar.com\/avatar\/b6992f131dc8d30ab0dff15446e9d346d9dbd95992de0fef795073f5ea83a81c?s=96&d=mm&r=g","caption":"La Gu\u00eda de Pamplona"}}]}},"post_mailing_queue_ids":[],"_links":{"self":[{"href":"https:\/\/www.laguiadepamplona.com\/actualidad\/wp-json\/wp\/v2\/posts\/50223","targetHints":{"allow":["GET"]}}],"collection":[{"href":"https:\/\/www.laguiadepamplona.com\/actualidad\/wp-json\/wp\/v2\/posts"}],"about":[{"href":"https:\/\/www.laguiadepamplona.com\/actualidad\/wp-json\/wp\/v2\/types\/post"}],"author":[{"embeddable":true,"href":"https:\/\/www.laguiadepamplona.com\/actualidad\/wp-json\/wp\/v2\/users\/1"}],"replies":[{"embeddable":true,"href":"https:\/\/www.laguiadepamplona.com\/actualidad\/wp-json\/wp\/v2\/comments?post=50223"}],"version-history":[{"count":1,"href":"https:\/\/www.laguiadepamplona.com\/actualidad\/wp-json\/wp\/v2\/posts\/50223\/revisions"}],"predecessor-version":[{"id":50224,"href":"https:\/\/www.laguiadepamplona.com\/actualidad\/wp-json\/wp\/v2\/posts\/50223\/revisions\/50224"}],"wp:featuredmedia":[{"embeddable":true,"href":"https:\/\/www.laguiadepamplona.com\/actualidad\/wp-json\/wp\/v2\/media\/47203"}],"wp:attachment":[{"href":"https:\/\/www.laguiadepamplona.com\/actualidad\/wp-json\/wp\/v2\/media?parent=50223"}],"wp:term":[{"taxonomy":"category","embeddable":true,"href":"https:\/\/www.laguiadepamplona.com\/actualidad\/wp-json\/wp\/v2\/categories?post=50223"},{"taxonomy":"post_tag","embeddable":true,"href":"https:\/\/www.laguiadepamplona.com\/actualidad\/wp-json\/wp\/v2\/tags?post=50223"}],"curies":[{"name":"wp","href":"https:\/\/api.w.org\/{rel}","templated":true}]}}