{"id":50219,"date":"2024-06-27T11:56:12","date_gmt":"2024-06-27T09:56:12","guid":{"rendered":"https:\/\/www.laguiadepamplona.com\/actualidad\/?p=50219"},"modified":"2024-06-27T11:56:12","modified_gmt":"2024-06-27T09:56:12","slug":"la-escuela-infantil-printzearen-harresi-fuerte-el-principe-reformara-su-cubierta-para-impermeabilizarla-y-erradicar-las-filtraciones","status":"publish","type":"post","link":"https:\/\/www.laguiadepamplona.com\/actualidad\/la-escuela-infantil-printzearen-harresi-fuerte-el-principe-reformara-su-cubierta-para-impermeabilizarla-y-erradicar-las-filtraciones\/","title":{"rendered":"La Escuela Infantil Printzearen Harresi \/ Fuerte el Pr\u00edncipe reformar\u00e1 su cubierta para impermeabilizarla y erradicar las filtraciones"},"content":{"rendered":"<h2>Se invertir\u00e1n 422.161,58 euros para unos trabajos que podr\u00edan comenzar a finales de verano y que se desarrollar\u00e1n durante cuatro meses<\/h2>\n<p><!--more--><\/p>\n<p>La Junta de Gobierno de Escuelas Infantiles Municipales de Pamplona ha aprobado esta ma\u00f1ana la licitaci\u00f3n de las obras de remodelaci\u00f3n de la cubierta de la EI Printzearen Harresi \/ Fuerte el Pr\u00edncipe. El presupuesto del contrato asciende a 422.161,58 euros, con unas obras que se desarrollar\u00e1n durante cuatro meses y que podr\u00edan comenzar a finales de verano. Se busca con esta reforma impermeabilizar la cubierta de la escuela infantil para solucionar las filtraciones existentes.<\/p>\n<p>La nueva cubierta mantendr\u00e1 su fisonom\u00eda de doble sistema de acabado, aunque se retirar\u00e1n todas las capas que conforma la construcci\u00f3n original para implementar una nueva soluci\u00f3n constructiva. Para la cubierta ajardinada, sobre la capa de formaci\u00f3n de pendientes existente, se dispondr\u00e1 una barrera de vapor y, sobre esta, el aislamiento en dos capas. La cubierta se rematar\u00e1 con un sustrato espec\u00edfico con el sistema de riego correspondiente y plantas tipo sedum tapizante. Por otro lado, en las zonas de cubierta acabadas en material p\u00e9treo, la base se solucionar\u00e1 de forma similar a la cubierta ajardinada con una l\u00e1mina drenante y acabado en canto rodado o grava, seg\u00fan zonas concretas.<\/p>\n<p>Adem\u00e1s, se dispondr\u00e1n nuevos sumideros en los puntos en los que se ha estimado necesario y se mejorar\u00e1 la soluci\u00f3n t\u00e9cnica de los mechinales existentes en la coronaci\u00f3n de algunos petos desceg\u00e1ndolos y protegi\u00e9ndolos de manera que no puedan colmatarse nuevamente. Se actuar\u00e1 tambi\u00e9n sobre todas las coronaciones de los muros, vierteaguas, albardillas, alero y dem\u00e1s puntos singulares para garantizar la estanqueidad al agua de estos elementos. Tambi\u00e9n se sanear\u00e1n y limpiar\u00e1n los muretes laterales de los lucernarios.<\/p>\n<p>Finalmente, en los patios interiores se instalar\u00e1n nuevos sumideros para la recogida de aguas pluviales conectados a arquetas de registro que permitan detectar r\u00e1pidamente, si lo hubiera, cualquier problema que pueda producirse en la red de evacuaci\u00f3n.\u00a0 La disposici\u00f3n de los nuevos sumideros en cubierta obligar\u00e1 a desarrollar algunos trabajos de alba\u00f1iler\u00eda y acabados en el interior del edificio que permitir\u00e1n la instalaci\u00f3n de la red de evacuaci\u00f3n de pluviales pertinente.<\/p>\n","protected":false},"excerpt":{"rendered":"<p>Se invertir\u00e1n 422.161,58 euros para unos trabajos que podr\u00edan comenzar a finales de verano y que se desarrollar\u00e1n durante cuatro meses<\/p>\n","protected":false},"author":1,"featured_media":49299,"comment_status":"open","ping_status":"closed","sticky":false,"template":"","format":"standard","meta":{"footnotes":""},"categories":[2],"tags":[],"class_list":["post-50219","post","type-post","status-publish","format-standard","has-post-thumbnail","hentry","category-ayuntamiento-pamplona"],"yoast_head":"<!-- This site is optimized with the Yoast SEO plugin v27.3 - https:\/\/yoast.com\/product\/yoast-seo-wordpress\/ -->\n<title>La Escuela Infantil Printzearen Harresi \/ Fuerte el Pr\u00edncipe reformar\u00e1 su cubierta para impermeabilizarla y erradicar las filtraciones<\/title>\n<meta name=\"description\" content=\"Se invertir\u00e1n 422.161,58 euros para unos trabajos que podr\u00edan comenzar a finales de verano y que se desarrollar\u00e1n durante cuatro meses\" \/>\n<meta name=\"robots\" content=\"index, follow, max-snippet:-1, max-image-preview:large, max-video-preview:-1\" \/>\n<link rel=\"canonical\" href=\"https:\/\/www.laguiadepamplona.com\/actualidad\/la-escuela-infantil-printzearen-harresi-fuerte-el-principe-reformara-su-cubierta-para-impermeabilizarla-y-erradicar-las-filtraciones\/\" \/>\n<meta property=\"og:locale\" content=\"es_ES\" \/>\n<meta property=\"og:type\" content=\"article\" \/>\n<meta property=\"og:title\" content=\"La Escuela Infantil Printzearen Harresi \/ Fuerte el Pr\u00edncipe reformar\u00e1 su cubierta para impermeabilizarla y erradicar las filtraciones\" \/>\n<meta property=\"og:description\" content=\"Se invertir\u00e1n 422.161,58 euros para unos trabajos que podr\u00edan comenzar a finales de verano y que se desarrollar\u00e1n durante cuatro meses\" \/>\n<meta property=\"og:url\" content=\"https:\/\/www.laguiadepamplona.com\/actualidad\/la-escuela-infantil-printzearen-harresi-fuerte-el-principe-reformara-su-cubierta-para-impermeabilizarla-y-erradicar-las-filtraciones\/\" \/>\n<meta property=\"og:site_name\" content=\"La Gu\u00eda de Pamplona\" \/>\n<meta property=\"article:publisher\" content=\"https:\/\/www.facebook.com\/laguiadepamplonacom-133175176762273\/?ref=hl\" \/>\n<meta property=\"article:published_time\" content=\"2024-06-27T09:56:12+00:00\" \/>\n<meta property=\"og:image\" content=\"https:\/\/www.laguiadepamplona.com\/actualidad\/wp-content\/uploads\/2024\/04\/escuelas-infantiles.webp\" \/>\n\t<meta property=\"og:image:width\" content=\"880\" \/>\n\t<meta property=\"og:image:height\" content=\"590\" \/>\n\t<meta property=\"og:image:type\" content=\"image\/webp\" \/>\n<meta name=\"author\" content=\"La Gu\u00eda de Pamplona\" \/>\n<meta name=\"twitter:card\" content=\"summary_large_image\" \/>\n<meta name=\"twitter:creator\" content=\"@LaGuiadPamplona\" \/>\n<meta name=\"twitter:site\" content=\"@LaGuiadPamplona\" \/>\n<meta name=\"twitter:label1\" content=\"Escrito por\" \/>\n\t<meta name=\"twitter:data1\" content=\"La Gu\u00eda de Pamplona\" \/>\n\t<meta name=\"twitter:label2\" content=\"Tiempo de lectura\" \/>\n\t<meta name=\"twitter:data2\" content=\"2 minutos\" \/>\n<script type=\"application\/ld+json\" class=\"yoast-schema-graph\">{\"@context\":\"https:\\\/\\\/schema.org\",\"@graph\":[{\"@type\":\"Article\",\"@id\":\"https:\\\/\\\/www.laguiadepamplona.com\\\/actualidad\\\/la-escuela-infantil-printzearen-harresi-fuerte-el-principe-reformara-su-cubierta-para-impermeabilizarla-y-erradicar-las-filtraciones\\\/#article\",\"isPartOf\":{\"@id\":\"https:\\\/\\\/www.laguiadepamplona.com\\\/actualidad\\\/la-escuela-infantil-printzearen-harresi-fuerte-el-principe-reformara-su-cubierta-para-impermeabilizarla-y-erradicar-las-filtraciones\\\/\"},\"author\":{\"name\":\"La Gu\u00eda de Pamplona\",\"@id\":\"https:\\\/\\\/www.laguiadepamplona.com\\\/actualidad\\\/#\\\/schema\\\/person\\\/efe887376f0213d4657c93adc50b1fdb\"},\"headline\":\"La Escuela Infantil Printzearen Harresi \\\/ Fuerte el Pr\u00edncipe reformar\u00e1 su cubierta para impermeabilizarla y erradicar las filtraciones\",\"datePublished\":\"2024-06-27T09:56:12+00:00\",\"mainEntityOfPage\":{\"@id\":\"https:\\\/\\\/www.laguiadepamplona.com\\\/actualidad\\\/la-escuela-infantil-printzearen-harresi-fuerte-el-principe-reformara-su-cubierta-para-impermeabilizarla-y-erradicar-las-filtraciones\\\/\"},\"wordCount\":409,\"commentCount\":0,\"publisher\":{\"@id\":\"https:\\\/\\\/www.laguiadepamplona.com\\\/actualidad\\\/#organization\"},\"image\":{\"@id\":\"https:\\\/\\\/www.laguiadepamplona.com\\\/actualidad\\\/la-escuela-infantil-printzearen-harresi-fuerte-el-principe-reformara-su-cubierta-para-impermeabilizarla-y-erradicar-las-filtraciones\\\/#primaryimage\"},\"thumbnailUrl\":\"https:\\\/\\\/www.laguiadepamplona.com\\\/actualidad\\\/wp-content\\\/uploads\\\/2024\\\/04\\\/escuelas-infantiles.webp\",\"articleSection\":[\"Ayto Pamplona\"],\"inLanguage\":\"es\",\"potentialAction\":[{\"@type\":\"CommentAction\",\"name\":\"Comment\",\"target\":[\"https:\\\/\\\/www.laguiadepamplona.com\\\/actualidad\\\/la-escuela-infantil-printzearen-harresi-fuerte-el-principe-reformara-su-cubierta-para-impermeabilizarla-y-erradicar-las-filtraciones\\\/#respond\"]}]},{\"@type\":\"WebPage\",\"@id\":\"https:\\\/\\\/www.laguiadepamplona.com\\\/actualidad\\\/la-escuela-infantil-printzearen-harresi-fuerte-el-principe-reformara-su-cubierta-para-impermeabilizarla-y-erradicar-las-filtraciones\\\/\",\"url\":\"https:\\\/\\\/www.laguiadepamplona.com\\\/actualidad\\\/la-escuela-infantil-printzearen-harresi-fuerte-el-principe-reformara-su-cubierta-para-impermeabilizarla-y-erradicar-las-filtraciones\\\/\",\"name\":\"La Escuela Infantil Printzearen Harresi \\\/ Fuerte el Pr\u00edncipe reformar\u00e1 su cubierta para impermeabilizarla y erradicar las filtraciones\",\"isPartOf\":{\"@id\":\"https:\\\/\\\/www.laguiadepamplona.com\\\/actualidad\\\/#website\"},\"primaryImageOfPage\":{\"@id\":\"https:\\\/\\\/www.laguiadepamplona.com\\\/actualidad\\\/la-escuela-infantil-printzearen-harresi-fuerte-el-principe-reformara-su-cubierta-para-impermeabilizarla-y-erradicar-las-filtraciones\\\/#primaryimage\"},\"image\":{\"@id\":\"https:\\\/\\\/www.laguiadepamplona.com\\\/actualidad\\\/la-escuela-infantil-printzearen-harresi-fuerte-el-principe-reformara-su-cubierta-para-impermeabilizarla-y-erradicar-las-filtraciones\\\/#primaryimage\"},\"thumbnailUrl\":\"https:\\\/\\\/www.laguiadepamplona.com\\\/actualidad\\\/wp-content\\\/uploads\\\/2024\\\/04\\\/escuelas-infantiles.webp\",\"datePublished\":\"2024-06-27T09:56:12+00:00\",\"description\":\"Se invertir\u00e1n 422.161,58 euros para unos trabajos que podr\u00edan comenzar a finales de verano y que se desarrollar\u00e1n durante cuatro meses\",\"breadcrumb\":{\"@id\":\"https:\\\/\\\/www.laguiadepamplona.com\\\/actualidad\\\/la-escuela-infantil-printzearen-harresi-fuerte-el-principe-reformara-su-cubierta-para-impermeabilizarla-y-erradicar-las-filtraciones\\\/#breadcrumb\"},\"inLanguage\":\"es\",\"potentialAction\":[{\"@type\":\"ReadAction\",\"target\":[\"https:\\\/\\\/www.laguiadepamplona.com\\\/actualidad\\\/la-escuela-infantil-printzearen-harresi-fuerte-el-principe-reformara-su-cubierta-para-impermeabilizarla-y-erradicar-las-filtraciones\\\/\"]}]},{\"@type\":\"ImageObject\",\"inLanguage\":\"es\",\"@id\":\"https:\\\/\\\/www.laguiadepamplona.com\\\/actualidad\\\/la-escuela-infantil-printzearen-harresi-fuerte-el-principe-reformara-su-cubierta-para-impermeabilizarla-y-erradicar-las-filtraciones\\\/#primaryimage\",\"url\":\"https:\\\/\\\/www.laguiadepamplona.com\\\/actualidad\\\/wp-content\\\/uploads\\\/2024\\\/04\\\/escuelas-infantiles.webp\",\"contentUrl\":\"https:\\\/\\\/www.laguiadepamplona.com\\\/actualidad\\\/wp-content\\\/uploads\\\/2024\\\/04\\\/escuelas-infantiles.webp\",\"width\":880,\"height\":590,\"caption\":\"escuelas infantiles\"},{\"@type\":\"BreadcrumbList\",\"@id\":\"https:\\\/\\\/www.laguiadepamplona.com\\\/actualidad\\\/la-escuela-infantil-printzearen-harresi-fuerte-el-principe-reformara-su-cubierta-para-impermeabilizarla-y-erradicar-las-filtraciones\\\/#breadcrumb\",\"itemListElement\":[{\"@type\":\"ListItem\",\"position\":1,\"name\":\"Portada\",\"item\":\"https:\\\/\\\/www.laguiadepamplona.com\\\/actualidad\\\/\"},{\"@type\":\"ListItem\",\"position\":2,\"name\":\"La Escuela Infantil Printzearen Harresi \\\/ Fuerte el Pr\u00edncipe reformar\u00e1 su cubierta para impermeabilizarla y erradicar las filtraciones\"}]},{\"@type\":\"WebSite\",\"@id\":\"https:\\\/\\\/www.laguiadepamplona.com\\\/actualidad\\\/#website\",\"url\":\"https:\\\/\\\/www.laguiadepamplona.com\\\/actualidad\\\/\",\"name\":\"La gu\u00eda de Pamplona\",\"description\":\"Noticias de Pamplona\",\"publisher\":{\"@id\":\"https:\\\/\\\/www.laguiadepamplona.com\\\/actualidad\\\/#organization\"},\"potentialAction\":[{\"@type\":\"SearchAction\",\"target\":{\"@type\":\"EntryPoint\",\"urlTemplate\":\"https:\\\/\\\/www.laguiadepamplona.com\\\/actualidad\\\/?s={search_term_string}\"},\"query-input\":{\"@type\":\"PropertyValueSpecification\",\"valueRequired\":true,\"valueName\":\"search_term_string\"}}],\"inLanguage\":\"es\"},{\"@type\":\"Organization\",\"@id\":\"https:\\\/\\\/www.laguiadepamplona.com\\\/actualidad\\\/#organization\",\"name\":\"La Gu\u00eda de Pamplona \\\/ Noticias\",\"url\":\"https:\\\/\\\/www.laguiadepamplona.com\\\/actualidad\\\/\",\"logo\":{\"@type\":\"ImageObject\",\"inLanguage\":\"es\",\"@id\":\"https:\\\/\\\/www.laguiadepamplona.com\\\/actualidad\\\/#\\\/schema\\\/logo\\\/image\\\/\",\"url\":\"https:\\\/\\\/www.laguiadepamplona.com\\\/actualidad\\\/wp-content\\\/uploads\\\/2018\\\/11\\\/logo-laguiadepamplona18-web1.png\",\"contentUrl\":\"https:\\\/\\\/www.laguiadepamplona.com\\\/actualidad\\\/wp-content\\\/uploads\\\/2018\\\/11\\\/logo-laguiadepamplona18-web1.png\",\"width\":600,\"height\":196,\"caption\":\"La Gu\u00eda de Pamplona \\\/ Noticias\"},\"image\":{\"@id\":\"https:\\\/\\\/www.laguiadepamplona.com\\\/actualidad\\\/#\\\/schema\\\/logo\\\/image\\\/\"},\"sameAs\":[\"https:\\\/\\\/www.facebook.com\\\/laguiadepamplonacom-133175176762273\\\/?ref=hl\",\"https:\\\/\\\/x.com\\\/LaGuiadPamplona\",\"https:\\\/\\\/www.instagram.com\\\/la_guia_de_pamplona\\\/\",\"https:\\\/\\\/www.youtube.com\\\/user\\\/laguiadepamplona\"]},{\"@type\":\"Person\",\"@id\":\"https:\\\/\\\/www.laguiadepamplona.com\\\/actualidad\\\/#\\\/schema\\\/person\\\/efe887376f0213d4657c93adc50b1fdb\",\"name\":\"La Gu\u00eda de Pamplona\",\"image\":{\"@type\":\"ImageObject\",\"inLanguage\":\"es\",\"@id\":\"https:\\\/\\\/secure.gravatar.com\\\/avatar\\\/b6992f131dc8d30ab0dff15446e9d346d9dbd95992de0fef795073f5ea83a81c?s=96&d=mm&r=g\",\"url\":\"https:\\\/\\\/secure.gravatar.com\\\/avatar\\\/b6992f131dc8d30ab0dff15446e9d346d9dbd95992de0fef795073f5ea83a81c?s=96&d=mm&r=g\",\"contentUrl\":\"https:\\\/\\\/secure.gravatar.com\\\/avatar\\\/b6992f131dc8d30ab0dff15446e9d346d9dbd95992de0fef795073f5ea83a81c?s=96&d=mm&r=g\",\"caption\":\"La Gu\u00eda de Pamplona\"}}]}<\/script>\n<!-- \/ Yoast SEO plugin. -->","yoast_head_json":{"title":"La Escuela Infantil Printzearen Harresi \/ Fuerte el Pr\u00edncipe reformar\u00e1 su cubierta para impermeabilizarla y erradicar las filtraciones","description":"Se invertir\u00e1n 422.161,58 euros para unos trabajos que podr\u00edan comenzar a finales de verano y que se desarrollar\u00e1n durante cuatro meses","robots":{"index":"index","follow":"follow","max-snippet":"max-snippet:-1","max-image-preview":"max-image-preview:large","max-video-preview":"max-video-preview:-1"},"canonical":"https:\/\/www.laguiadepamplona.com\/actualidad\/la-escuela-infantil-printzearen-harresi-fuerte-el-principe-reformara-su-cubierta-para-impermeabilizarla-y-erradicar-las-filtraciones\/","og_locale":"es_ES","og_type":"article","og_title":"La Escuela Infantil Printzearen Harresi \/ Fuerte el Pr\u00edncipe reformar\u00e1 su cubierta para impermeabilizarla y erradicar las filtraciones","og_description":"Se invertir\u00e1n 422.161,58 euros para unos trabajos que podr\u00edan comenzar a finales de verano y que se desarrollar\u00e1n durante cuatro meses","og_url":"https:\/\/www.laguiadepamplona.com\/actualidad\/la-escuela-infantil-printzearen-harresi-fuerte-el-principe-reformara-su-cubierta-para-impermeabilizarla-y-erradicar-las-filtraciones\/","og_site_name":"La Gu\u00eda de Pamplona","article_publisher":"https:\/\/www.facebook.com\/laguiadepamplonacom-133175176762273\/?ref=hl","article_published_time":"2024-06-27T09:56:12+00:00","og_image":[{"width":880,"height":590,"url":"https:\/\/www.laguiadepamplona.com\/actualidad\/wp-content\/uploads\/2024\/04\/escuelas-infantiles.webp","type":"image\/webp"}],"author":"La Gu\u00eda de Pamplona","twitter_card":"summary_large_image","twitter_creator":"@LaGuiadPamplona","twitter_site":"@LaGuiadPamplona","twitter_misc":{"Escrito por":"La Gu\u00eda de Pamplona","Tiempo de lectura":"2 minutos"},"schema":{"@context":"https:\/\/schema.org","@graph":[{"@type":"Article","@id":"https:\/\/www.laguiadepamplona.com\/actualidad\/la-escuela-infantil-printzearen-harresi-fuerte-el-principe-reformara-su-cubierta-para-impermeabilizarla-y-erradicar-las-filtraciones\/#article","isPartOf":{"@id":"https:\/\/www.laguiadepamplona.com\/actualidad\/la-escuela-infantil-printzearen-harresi-fuerte-el-principe-reformara-su-cubierta-para-impermeabilizarla-y-erradicar-las-filtraciones\/"},"author":{"name":"La Gu\u00eda de Pamplona","@id":"https:\/\/www.laguiadepamplona.com\/actualidad\/#\/schema\/person\/efe887376f0213d4657c93adc50b1fdb"},"headline":"La Escuela Infantil Printzearen Harresi \/ Fuerte el Pr\u00edncipe reformar\u00e1 su cubierta para impermeabilizarla y erradicar las filtraciones","datePublished":"2024-06-27T09:56:12+00:00","mainEntityOfPage":{"@id":"https:\/\/www.laguiadepamplona.com\/actualidad\/la-escuela-infantil-printzearen-harresi-fuerte-el-principe-reformara-su-cubierta-para-impermeabilizarla-y-erradicar-las-filtraciones\/"},"wordCount":409,"commentCount":0,"publisher":{"@id":"https:\/\/www.laguiadepamplona.com\/actualidad\/#organization"},"image":{"@id":"https:\/\/www.laguiadepamplona.com\/actualidad\/la-escuela-infantil-printzearen-harresi-fuerte-el-principe-reformara-su-cubierta-para-impermeabilizarla-y-erradicar-las-filtraciones\/#primaryimage"},"thumbnailUrl":"https:\/\/www.laguiadepamplona.com\/actualidad\/wp-content\/uploads\/2024\/04\/escuelas-infantiles.webp","articleSection":["Ayto Pamplona"],"inLanguage":"es","potentialAction":[{"@type":"CommentAction","name":"Comment","target":["https:\/\/www.laguiadepamplona.com\/actualidad\/la-escuela-infantil-printzearen-harresi-fuerte-el-principe-reformara-su-cubierta-para-impermeabilizarla-y-erradicar-las-filtraciones\/#respond"]}]},{"@type":"WebPage","@id":"https:\/\/www.laguiadepamplona.com\/actualidad\/la-escuela-infantil-printzearen-harresi-fuerte-el-principe-reformara-su-cubierta-para-impermeabilizarla-y-erradicar-las-filtraciones\/","url":"https:\/\/www.laguiadepamplona.com\/actualidad\/la-escuela-infantil-printzearen-harresi-fuerte-el-principe-reformara-su-cubierta-para-impermeabilizarla-y-erradicar-las-filtraciones\/","name":"La Escuela Infantil Printzearen Harresi \/ Fuerte el Pr\u00edncipe reformar\u00e1 su cubierta para impermeabilizarla y erradicar las filtraciones","isPartOf":{"@id":"https:\/\/www.laguiadepamplona.com\/actualidad\/#website"},"primaryImageOfPage":{"@id":"https:\/\/www.laguiadepamplona.com\/actualidad\/la-escuela-infantil-printzearen-harresi-fuerte-el-principe-reformara-su-cubierta-para-impermeabilizarla-y-erradicar-las-filtraciones\/#primaryimage"},"image":{"@id":"https:\/\/www.laguiadepamplona.com\/actualidad\/la-escuela-infantil-printzearen-harresi-fuerte-el-principe-reformara-su-cubierta-para-impermeabilizarla-y-erradicar-las-filtraciones\/#primaryimage"},"thumbnailUrl":"https:\/\/www.laguiadepamplona.com\/actualidad\/wp-content\/uploads\/2024\/04\/escuelas-infantiles.webp","datePublished":"2024-06-27T09:56:12+00:00","description":"Se invertir\u00e1n 422.161,58 euros para unos trabajos que podr\u00edan comenzar a finales de verano y que se desarrollar\u00e1n durante cuatro meses","breadcrumb":{"@id":"https:\/\/www.laguiadepamplona.com\/actualidad\/la-escuela-infantil-printzearen-harresi-fuerte-el-principe-reformara-su-cubierta-para-impermeabilizarla-y-erradicar-las-filtraciones\/#breadcrumb"},"inLanguage":"es","potentialAction":[{"@type":"ReadAction","target":["https:\/\/www.laguiadepamplona.com\/actualidad\/la-escuela-infantil-printzearen-harresi-fuerte-el-principe-reformara-su-cubierta-para-impermeabilizarla-y-erradicar-las-filtraciones\/"]}]},{"@type":"ImageObject","inLanguage":"es","@id":"https:\/\/www.laguiadepamplona.com\/actualidad\/la-escuela-infantil-printzearen-harresi-fuerte-el-principe-reformara-su-cubierta-para-impermeabilizarla-y-erradicar-las-filtraciones\/#primaryimage","url":"https:\/\/www.laguiadepamplona.com\/actualidad\/wp-content\/uploads\/2024\/04\/escuelas-infantiles.webp","contentUrl":"https:\/\/www.laguiadepamplona.com\/actualidad\/wp-content\/uploads\/2024\/04\/escuelas-infantiles.webp","width":880,"height":590,"caption":"escuelas infantiles"},{"@type":"BreadcrumbList","@id":"https:\/\/www.laguiadepamplona.com\/actualidad\/la-escuela-infantil-printzearen-harresi-fuerte-el-principe-reformara-su-cubierta-para-impermeabilizarla-y-erradicar-las-filtraciones\/#breadcrumb","itemListElement":[{"@type":"ListItem","position":1,"name":"Portada","item":"https:\/\/www.laguiadepamplona.com\/actualidad\/"},{"@type":"ListItem","position":2,"name":"La Escuela Infantil Printzearen Harresi \/ Fuerte el Pr\u00edncipe reformar\u00e1 su cubierta para impermeabilizarla y erradicar las filtraciones"}]},{"@type":"WebSite","@id":"https:\/\/www.laguiadepamplona.com\/actualidad\/#website","url":"https:\/\/www.laguiadepamplona.com\/actualidad\/","name":"La gu\u00eda de Pamplona","description":"Noticias de Pamplona","publisher":{"@id":"https:\/\/www.laguiadepamplona.com\/actualidad\/#organization"},"potentialAction":[{"@type":"SearchAction","target":{"@type":"EntryPoint","urlTemplate":"https:\/\/www.laguiadepamplona.com\/actualidad\/?s={search_term_string}"},"query-input":{"@type":"PropertyValueSpecification","valueRequired":true,"valueName":"search_term_string"}}],"inLanguage":"es"},{"@type":"Organization","@id":"https:\/\/www.laguiadepamplona.com\/actualidad\/#organization","name":"La Gu\u00eda de Pamplona \/ Noticias","url":"https:\/\/www.laguiadepamplona.com\/actualidad\/","logo":{"@type":"ImageObject","inLanguage":"es","@id":"https:\/\/www.laguiadepamplona.com\/actualidad\/#\/schema\/logo\/image\/","url":"https:\/\/www.laguiadepamplona.com\/actualidad\/wp-content\/uploads\/2018\/11\/logo-laguiadepamplona18-web1.png","contentUrl":"https:\/\/www.laguiadepamplona.com\/actualidad\/wp-content\/uploads\/2018\/11\/logo-laguiadepamplona18-web1.png","width":600,"height":196,"caption":"La Gu\u00eda de Pamplona \/ Noticias"},"image":{"@id":"https:\/\/www.laguiadepamplona.com\/actualidad\/#\/schema\/logo\/image\/"},"sameAs":["https:\/\/www.facebook.com\/laguiadepamplonacom-133175176762273\/?ref=hl","https:\/\/x.com\/LaGuiadPamplona","https:\/\/www.instagram.com\/la_guia_de_pamplona\/","https:\/\/www.youtube.com\/user\/laguiadepamplona"]},{"@type":"Person","@id":"https:\/\/www.laguiadepamplona.com\/actualidad\/#\/schema\/person\/efe887376f0213d4657c93adc50b1fdb","name":"La Gu\u00eda de Pamplona","image":{"@type":"ImageObject","inLanguage":"es","@id":"https:\/\/secure.gravatar.com\/avatar\/b6992f131dc8d30ab0dff15446e9d346d9dbd95992de0fef795073f5ea83a81c?s=96&d=mm&r=g","url":"https:\/\/secure.gravatar.com\/avatar\/b6992f131dc8d30ab0dff15446e9d346d9dbd95992de0fef795073f5ea83a81c?s=96&d=mm&r=g","contentUrl":"https:\/\/secure.gravatar.com\/avatar\/b6992f131dc8d30ab0dff15446e9d346d9dbd95992de0fef795073f5ea83a81c?s=96&d=mm&r=g","caption":"La Gu\u00eda de Pamplona"}}]}},"post_mailing_queue_ids":[],"_links":{"self":[{"href":"https:\/\/www.laguiadepamplona.com\/actualidad\/wp-json\/wp\/v2\/posts\/50219","targetHints":{"allow":["GET"]}}],"collection":[{"href":"https:\/\/www.laguiadepamplona.com\/actualidad\/wp-json\/wp\/v2\/posts"}],"about":[{"href":"https:\/\/www.laguiadepamplona.com\/actualidad\/wp-json\/wp\/v2\/types\/post"}],"author":[{"embeddable":true,"href":"https:\/\/www.laguiadepamplona.com\/actualidad\/wp-json\/wp\/v2\/users\/1"}],"replies":[{"embeddable":true,"href":"https:\/\/www.laguiadepamplona.com\/actualidad\/wp-json\/wp\/v2\/comments?post=50219"}],"version-history":[{"count":1,"href":"https:\/\/www.laguiadepamplona.com\/actualidad\/wp-json\/wp\/v2\/posts\/50219\/revisions"}],"predecessor-version":[{"id":50220,"href":"https:\/\/www.laguiadepamplona.com\/actualidad\/wp-json\/wp\/v2\/posts\/50219\/revisions\/50220"}],"wp:featuredmedia":[{"embeddable":true,"href":"https:\/\/www.laguiadepamplona.com\/actualidad\/wp-json\/wp\/v2\/media\/49299"}],"wp:attachment":[{"href":"https:\/\/www.laguiadepamplona.com\/actualidad\/wp-json\/wp\/v2\/media?parent=50219"}],"wp:term":[{"taxonomy":"category","embeddable":true,"href":"https:\/\/www.laguiadepamplona.com\/actualidad\/wp-json\/wp\/v2\/categories?post=50219"},{"taxonomy":"post_tag","embeddable":true,"href":"https:\/\/www.laguiadepamplona.com\/actualidad\/wp-json\/wp\/v2\/tags?post=50219"}],"curies":[{"name":"wp","href":"https:\/\/api.w.org\/{rel}","templated":true}]}}