{"id":50216,"date":"2024-06-27T11:55:00","date_gmt":"2024-06-27T09:55:00","guid":{"rendered":"https:\/\/www.laguiadepamplona.com\/actualidad\/?p=50216"},"modified":"2024-06-27T12:06:00","modified_gmt":"2024-06-27T10:06:00","slug":"camaras-de-alta-densidad-monitorizaran-el-chupinazo-para-estudiar-los-flujos-de-personas-en-la-plaza-consistorial-dentro-del-proyecto-san-fermin-crowd-lab","status":"publish","type":"post","link":"https:\/\/www.laguiadepamplona.com\/actualidad\/camaras-de-alta-densidad-monitorizaran-el-chupinazo-para-estudiar-los-flujos-de-personas-en-la-plaza-consistorial-dentro-del-proyecto-san-fermin-crowd-lab\/","title":{"rendered":"C\u00e1maras de alta densidad monitorizar\u00e1n el Chupinazo para estudiar los flujos de personas en la Plaza Consistorial, dentro del proyecto \u2018San Ferm\u00edn Crowd Lab\u2019"},"content":{"rendered":"<h2>El Ayuntamiento de Pamplona suscribe un convenio de colaboraci\u00f3n con investigadores de la Universidad de Navarra<\/h2>\n<p><!--more--><\/p>\n<p>Los movimientos de personas en la Plaza Consistorial en el momento del Chupinazo van a ser analizados en un estudio pionero que se realizar\u00e1 el pr\u00f3ximo s\u00e1bado 6 de julio. El Ayuntamiento de Pamplona firmar\u00e1 un convenio de colaboraci\u00f3n con investigadores de la Universidad de Navarra, que desarrollan el proyecto \u2018San Ferm\u00edn Crowd Lab\u2019. Los investigadores, encabezados por el catedr\u00e1tico de F\u00edsica Iker Zuriguel, instalar\u00e1n c\u00e1maras de alta densidad para monitorizar la din\u00e1mica de flujos en ese escenario y otros que albergan actos multitudinarios.<\/p>\n<p>\u2018San Ferm\u00edn Crowd Lab\u2019 tiene por objetivo conseguir medidas de alta precisi\u00f3n del movimiento de personas en situaciones de alta densidad durante las fiestas de San Ferm\u00edn. Estas medidas permitir\u00e1n sacar conclusiones que podr\u00e1n servir, en su caso, para mejorar la gesti\u00f3n de aglomeraciones en eventos celebrados en v\u00eda p\u00fablica con una elevada participaci\u00f3n ciudadana e incrementar la seguridad, con la adopci\u00f3n de medidas para reducir situaciones de riesgo.<\/p>\n<p>El inter\u00e9s para el Ayuntamiento de Pamplona en esta iniciativa se justifica en conseguir medidas de alta precisi\u00f3n del movimiento de personas en situaciones de alta densidad en San Ferm\u00edn para incrementar la seguridad ciudadana. Por ello, se compromete a facilitar, en la medida de lo posible, la instalaci\u00f3n de c\u00e1maras fijas, as\u00ed como a la cesi\u00f3n de espacios propios desde los que se puedan grabar aglomeraciones de personas durante las fiestas de San Ferm\u00edn.<\/p>\n<p>Por su parte, el Granular Lab de la Universidad de Navarra se compromete a medir el comportamiento din\u00e1mico de multitudes en escenarios que presentan mayor riesgo potencial. En primer lugar, est\u00e1 previsto analizar el Chupinazo, aunque tambi\u00e9n existen otros escenarios de inter\u00e9s, como los que se dan en las calles Jarauta, Estafeta, Calderer\u00eda o San Nicol\u00e1s a determinadas horas del d\u00eda, o la confluencia de las calles San Saturnino, Mayor y Jarauta en el d\u00eda 7, hacia las 13:00 horas.<\/p>\n<p>El convenio que suscriben Ayuntamiento de Pamplona y Universidad de Navarra tiene una duraci\u00f3n de tres a\u00f1os, y no supone coste econ\u00f3mico para el consistorio. La Universidad de Navarra se hace cargo de la adquisici\u00f3n de c\u00e1maras y objetivos y los gastos de instalaci\u00f3n de estos sistemas de grabaci\u00f3n, compra ordenadores para el tratamiento de las im\u00e1genes y peque\u00f1o aparataje electr\u00f3nico (adaptadores, controles remotos\u2026), y alquila un dispositivo LIDAR. El coste aproximado de este equipamiento es de 30.000 euros.<\/p>\n<p>El convenio se\u00f1ala que los v\u00eddeos registrados ser\u00e1n propiedad municipal. Los derechos econ\u00f3micos inherentes a la propiedad intelectual sobre los v\u00eddeos registrados pertenecer\u00e1n al Ayuntamiento de Pamplona, en exclusiva y en el \u00e1mbito mundial. El Granular Lab podr\u00e1 hacer uso de los videos registrados, una vez anonimizados, para los fines de su propia investigaci\u00f3n y docencia, siempre que no sea con car\u00e1cter comercial. Las mediciones cient\u00edficas extra\u00eddas de los v\u00eddeos ser\u00e1n siempre an\u00f3nimas y pertenecer\u00e1n al Granular Lab de la Universidad de Navarra. \u00c9ste tendr\u00e1 obligaci\u00f3n de cederlas al Ayuntamiento de Pamplona siempre que as\u00ed se le requiera. Adem\u00e1s, el Granular Lab colaborar\u00e1 con el Ayuntamiento de Pamplona en la edici\u00f3n de v\u00eddeos en los que se promocione la investigaci\u00f3n realizada.<\/p>\n<p>Este convenio forma parte del Convenio Marco para el desarrollo de acciones y proyectos de la Agenda Urbana Pamplona 2030.<\/p>\n","protected":false},"excerpt":{"rendered":"<p>El Ayuntamiento de Pamplona suscribe un convenio de colaboraci\u00f3n con investigadores de la Universidad de Navarra<\/p>\n","protected":false},"author":1,"featured_media":50217,"comment_status":"open","ping_status":"closed","sticky":false,"template":"","format":"standard","meta":{"footnotes":""},"categories":[2,9406],"tags":[],"class_list":["post-50216","post","type-post","status-publish","format-standard","has-post-thumbnail","hentry","category-ayuntamiento-pamplona","category-san-fermin"],"yoast_head":"<!-- This site is optimized with the Yoast SEO plugin v27.3 - https:\/\/yoast.com\/product\/yoast-seo-wordpress\/ -->\n<title>C\u00e1maras de alta densidad monitorizar\u00e1n el Chupinazo para estudiar los flujos de personas en la Plaza Consistorial, dentro del proyecto \u2018San Ferm\u00edn Crowd Lab\u2019<\/title>\n<meta name=\"description\" content=\"El Ayuntamiento de Pamplona suscribe un convenio de colaboraci\u00f3n con investigadores de la Universidad de Navarra\" \/>\n<meta name=\"robots\" content=\"index, follow, max-snippet:-1, max-image-preview:large, max-video-preview:-1\" \/>\n<link rel=\"canonical\" href=\"https:\/\/www.laguiadepamplona.com\/actualidad\/camaras-de-alta-densidad-monitorizaran-el-chupinazo-para-estudiar-los-flujos-de-personas-en-la-plaza-consistorial-dentro-del-proyecto-san-fermin-crowd-lab\/\" \/>\n<meta property=\"og:locale\" content=\"es_ES\" \/>\n<meta property=\"og:type\" content=\"article\" \/>\n<meta property=\"og:title\" content=\"C\u00e1maras de alta densidad monitorizar\u00e1n el Chupinazo para estudiar los flujos de personas en la Plaza Consistorial, dentro del proyecto \u2018San Ferm\u00edn Crowd Lab\u2019\" \/>\n<meta property=\"og:description\" content=\"El Ayuntamiento de Pamplona suscribe un convenio de colaboraci\u00f3n con investigadores de la Universidad de Navarra\" \/>\n<meta property=\"og:url\" content=\"https:\/\/www.laguiadepamplona.com\/actualidad\/camaras-de-alta-densidad-monitorizaran-el-chupinazo-para-estudiar-los-flujos-de-personas-en-la-plaza-consistorial-dentro-del-proyecto-san-fermin-crowd-lab\/\" \/>\n<meta property=\"og:site_name\" content=\"La Gu\u00eda de Pamplona\" \/>\n<meta property=\"article:publisher\" content=\"https:\/\/www.facebook.com\/laguiadepamplonacom-133175176762273\/?ref=hl\" \/>\n<meta property=\"article:published_time\" content=\"2024-06-27T09:55:00+00:00\" \/>\n<meta property=\"article:modified_time\" content=\"2024-06-27T10:06:00+00:00\" \/>\n<meta property=\"og:image\" content=\"https:\/\/www.laguiadepamplona.com\/actualidad\/wp-content\/uploads\/2024\/06\/convenio-UNAV_web.webp\" \/>\n\t<meta property=\"og:image:width\" content=\"1000\" \/>\n\t<meta property=\"og:image:height\" content=\"667\" \/>\n\t<meta property=\"og:image:type\" content=\"image\/webp\" \/>\n<meta name=\"author\" content=\"La Gu\u00eda de Pamplona\" \/>\n<meta name=\"twitter:card\" content=\"summary_large_image\" \/>\n<meta name=\"twitter:creator\" content=\"@LaGuiadPamplona\" \/>\n<meta name=\"twitter:site\" content=\"@LaGuiadPamplona\" \/>\n<meta name=\"twitter:label1\" content=\"Escrito por\" \/>\n\t<meta name=\"twitter:data1\" content=\"La Gu\u00eda de Pamplona\" \/>\n\t<meta name=\"twitter:label2\" content=\"Tiempo de lectura\" \/>\n\t<meta name=\"twitter:data2\" content=\"3 minutos\" \/>\n<script type=\"application\/ld+json\" class=\"yoast-schema-graph\">{\"@context\":\"https:\\\/\\\/schema.org\",\"@graph\":[{\"@type\":\"Article\",\"@id\":\"https:\\\/\\\/www.laguiadepamplona.com\\\/actualidad\\\/camaras-de-alta-densidad-monitorizaran-el-chupinazo-para-estudiar-los-flujos-de-personas-en-la-plaza-consistorial-dentro-del-proyecto-san-fermin-crowd-lab\\\/#article\",\"isPartOf\":{\"@id\":\"https:\\\/\\\/www.laguiadepamplona.com\\\/actualidad\\\/camaras-de-alta-densidad-monitorizaran-el-chupinazo-para-estudiar-los-flujos-de-personas-en-la-plaza-consistorial-dentro-del-proyecto-san-fermin-crowd-lab\\\/\"},\"author\":{\"name\":\"La Gu\u00eda de Pamplona\",\"@id\":\"https:\\\/\\\/www.laguiadepamplona.com\\\/actualidad\\\/#\\\/schema\\\/person\\\/efe887376f0213d4657c93adc50b1fdb\"},\"headline\":\"C\u00e1maras de alta densidad monitorizar\u00e1n el Chupinazo para estudiar los flujos de personas en la Plaza Consistorial, dentro del proyecto \u2018San Ferm\u00edn Crowd Lab\u2019\",\"datePublished\":\"2024-06-27T09:55:00+00:00\",\"dateModified\":\"2024-06-27T10:06:00+00:00\",\"mainEntityOfPage\":{\"@id\":\"https:\\\/\\\/www.laguiadepamplona.com\\\/actualidad\\\/camaras-de-alta-densidad-monitorizaran-el-chupinazo-para-estudiar-los-flujos-de-personas-en-la-plaza-consistorial-dentro-del-proyecto-san-fermin-crowd-lab\\\/\"},\"wordCount\":629,\"commentCount\":0,\"publisher\":{\"@id\":\"https:\\\/\\\/www.laguiadepamplona.com\\\/actualidad\\\/#organization\"},\"image\":{\"@id\":\"https:\\\/\\\/www.laguiadepamplona.com\\\/actualidad\\\/camaras-de-alta-densidad-monitorizaran-el-chupinazo-para-estudiar-los-flujos-de-personas-en-la-plaza-consistorial-dentro-del-proyecto-san-fermin-crowd-lab\\\/#primaryimage\"},\"thumbnailUrl\":\"https:\\\/\\\/www.laguiadepamplona.com\\\/actualidad\\\/wp-content\\\/uploads\\\/2024\\\/06\\\/convenio-UNAV_web.webp\",\"articleSection\":[\"Ayto Pamplona\",\"San Ferm\u00edn\"],\"inLanguage\":\"es\",\"potentialAction\":[{\"@type\":\"CommentAction\",\"name\":\"Comment\",\"target\":[\"https:\\\/\\\/www.laguiadepamplona.com\\\/actualidad\\\/camaras-de-alta-densidad-monitorizaran-el-chupinazo-para-estudiar-los-flujos-de-personas-en-la-plaza-consistorial-dentro-del-proyecto-san-fermin-crowd-lab\\\/#respond\"]}]},{\"@type\":\"WebPage\",\"@id\":\"https:\\\/\\\/www.laguiadepamplona.com\\\/actualidad\\\/camaras-de-alta-densidad-monitorizaran-el-chupinazo-para-estudiar-los-flujos-de-personas-en-la-plaza-consistorial-dentro-del-proyecto-san-fermin-crowd-lab\\\/\",\"url\":\"https:\\\/\\\/www.laguiadepamplona.com\\\/actualidad\\\/camaras-de-alta-densidad-monitorizaran-el-chupinazo-para-estudiar-los-flujos-de-personas-en-la-plaza-consistorial-dentro-del-proyecto-san-fermin-crowd-lab\\\/\",\"name\":\"C\u00e1maras de alta densidad monitorizar\u00e1n el Chupinazo para estudiar los flujos de personas en la Plaza Consistorial, dentro del proyecto \u2018San Ferm\u00edn Crowd Lab\u2019\",\"isPartOf\":{\"@id\":\"https:\\\/\\\/www.laguiadepamplona.com\\\/actualidad\\\/#website\"},\"primaryImageOfPage\":{\"@id\":\"https:\\\/\\\/www.laguiadepamplona.com\\\/actualidad\\\/camaras-de-alta-densidad-monitorizaran-el-chupinazo-para-estudiar-los-flujos-de-personas-en-la-plaza-consistorial-dentro-del-proyecto-san-fermin-crowd-lab\\\/#primaryimage\"},\"image\":{\"@id\":\"https:\\\/\\\/www.laguiadepamplona.com\\\/actualidad\\\/camaras-de-alta-densidad-monitorizaran-el-chupinazo-para-estudiar-los-flujos-de-personas-en-la-plaza-consistorial-dentro-del-proyecto-san-fermin-crowd-lab\\\/#primaryimage\"},\"thumbnailUrl\":\"https:\\\/\\\/www.laguiadepamplona.com\\\/actualidad\\\/wp-content\\\/uploads\\\/2024\\\/06\\\/convenio-UNAV_web.webp\",\"datePublished\":\"2024-06-27T09:55:00+00:00\",\"dateModified\":\"2024-06-27T10:06:00+00:00\",\"description\":\"El Ayuntamiento de Pamplona suscribe un convenio de colaboraci\u00f3n con investigadores de la Universidad de Navarra\",\"breadcrumb\":{\"@id\":\"https:\\\/\\\/www.laguiadepamplona.com\\\/actualidad\\\/camaras-de-alta-densidad-monitorizaran-el-chupinazo-para-estudiar-los-flujos-de-personas-en-la-plaza-consistorial-dentro-del-proyecto-san-fermin-crowd-lab\\\/#breadcrumb\"},\"inLanguage\":\"es\",\"potentialAction\":[{\"@type\":\"ReadAction\",\"target\":[\"https:\\\/\\\/www.laguiadepamplona.com\\\/actualidad\\\/camaras-de-alta-densidad-monitorizaran-el-chupinazo-para-estudiar-los-flujos-de-personas-en-la-plaza-consistorial-dentro-del-proyecto-san-fermin-crowd-lab\\\/\"]}]},{\"@type\":\"ImageObject\",\"inLanguage\":\"es\",\"@id\":\"https:\\\/\\\/www.laguiadepamplona.com\\\/actualidad\\\/camaras-de-alta-densidad-monitorizaran-el-chupinazo-para-estudiar-los-flujos-de-personas-en-la-plaza-consistorial-dentro-del-proyecto-san-fermin-crowd-lab\\\/#primaryimage\",\"url\":\"https:\\\/\\\/www.laguiadepamplona.com\\\/actualidad\\\/wp-content\\\/uploads\\\/2024\\\/06\\\/convenio-UNAV_web.webp\",\"contentUrl\":\"https:\\\/\\\/www.laguiadepamplona.com\\\/actualidad\\\/wp-content\\\/uploads\\\/2024\\\/06\\\/convenio-UNAV_web.webp\",\"width\":1000,\"height\":667,\"caption\":\"chupinazo pamplona\"},{\"@type\":\"BreadcrumbList\",\"@id\":\"https:\\\/\\\/www.laguiadepamplona.com\\\/actualidad\\\/camaras-de-alta-densidad-monitorizaran-el-chupinazo-para-estudiar-los-flujos-de-personas-en-la-plaza-consistorial-dentro-del-proyecto-san-fermin-crowd-lab\\\/#breadcrumb\",\"itemListElement\":[{\"@type\":\"ListItem\",\"position\":1,\"name\":\"Portada\",\"item\":\"https:\\\/\\\/www.laguiadepamplona.com\\\/actualidad\\\/\"},{\"@type\":\"ListItem\",\"position\":2,\"name\":\"C\u00e1maras de alta densidad monitorizar\u00e1n el Chupinazo para estudiar los flujos de personas en la Plaza Consistorial, dentro del proyecto \u2018San Ferm\u00edn Crowd Lab\u2019\"}]},{\"@type\":\"WebSite\",\"@id\":\"https:\\\/\\\/www.laguiadepamplona.com\\\/actualidad\\\/#website\",\"url\":\"https:\\\/\\\/www.laguiadepamplona.com\\\/actualidad\\\/\",\"name\":\"La gu\u00eda de Pamplona\",\"description\":\"Noticias de Pamplona\",\"publisher\":{\"@id\":\"https:\\\/\\\/www.laguiadepamplona.com\\\/actualidad\\\/#organization\"},\"potentialAction\":[{\"@type\":\"SearchAction\",\"target\":{\"@type\":\"EntryPoint\",\"urlTemplate\":\"https:\\\/\\\/www.laguiadepamplona.com\\\/actualidad\\\/?s={search_term_string}\"},\"query-input\":{\"@type\":\"PropertyValueSpecification\",\"valueRequired\":true,\"valueName\":\"search_term_string\"}}],\"inLanguage\":\"es\"},{\"@type\":\"Organization\",\"@id\":\"https:\\\/\\\/www.laguiadepamplona.com\\\/actualidad\\\/#organization\",\"name\":\"La Gu\u00eda de Pamplona \\\/ Noticias\",\"url\":\"https:\\\/\\\/www.laguiadepamplona.com\\\/actualidad\\\/\",\"logo\":{\"@type\":\"ImageObject\",\"inLanguage\":\"es\",\"@id\":\"https:\\\/\\\/www.laguiadepamplona.com\\\/actualidad\\\/#\\\/schema\\\/logo\\\/image\\\/\",\"url\":\"https:\\\/\\\/www.laguiadepamplona.com\\\/actualidad\\\/wp-content\\\/uploads\\\/2018\\\/11\\\/logo-laguiadepamplona18-web1.png\",\"contentUrl\":\"https:\\\/\\\/www.laguiadepamplona.com\\\/actualidad\\\/wp-content\\\/uploads\\\/2018\\\/11\\\/logo-laguiadepamplona18-web1.png\",\"width\":600,\"height\":196,\"caption\":\"La Gu\u00eda de Pamplona \\\/ Noticias\"},\"image\":{\"@id\":\"https:\\\/\\\/www.laguiadepamplona.com\\\/actualidad\\\/#\\\/schema\\\/logo\\\/image\\\/\"},\"sameAs\":[\"https:\\\/\\\/www.facebook.com\\\/laguiadepamplonacom-133175176762273\\\/?ref=hl\",\"https:\\\/\\\/x.com\\\/LaGuiadPamplona\",\"https:\\\/\\\/www.instagram.com\\\/la_guia_de_pamplona\\\/\",\"https:\\\/\\\/www.youtube.com\\\/user\\\/laguiadepamplona\"]},{\"@type\":\"Person\",\"@id\":\"https:\\\/\\\/www.laguiadepamplona.com\\\/actualidad\\\/#\\\/schema\\\/person\\\/efe887376f0213d4657c93adc50b1fdb\",\"name\":\"La Gu\u00eda de Pamplona\",\"image\":{\"@type\":\"ImageObject\",\"inLanguage\":\"es\",\"@id\":\"https:\\\/\\\/secure.gravatar.com\\\/avatar\\\/b6992f131dc8d30ab0dff15446e9d346d9dbd95992de0fef795073f5ea83a81c?s=96&d=mm&r=g\",\"url\":\"https:\\\/\\\/secure.gravatar.com\\\/avatar\\\/b6992f131dc8d30ab0dff15446e9d346d9dbd95992de0fef795073f5ea83a81c?s=96&d=mm&r=g\",\"contentUrl\":\"https:\\\/\\\/secure.gravatar.com\\\/avatar\\\/b6992f131dc8d30ab0dff15446e9d346d9dbd95992de0fef795073f5ea83a81c?s=96&d=mm&r=g\",\"caption\":\"La Gu\u00eda de Pamplona\"}}]}<\/script>\n<!-- \/ Yoast SEO plugin. -->","yoast_head_json":{"title":"C\u00e1maras de alta densidad monitorizar\u00e1n el Chupinazo para estudiar los flujos de personas en la Plaza Consistorial, dentro del proyecto \u2018San Ferm\u00edn Crowd Lab\u2019","description":"El Ayuntamiento de Pamplona suscribe un convenio de colaboraci\u00f3n con investigadores de la Universidad de Navarra","robots":{"index":"index","follow":"follow","max-snippet":"max-snippet:-1","max-image-preview":"max-image-preview:large","max-video-preview":"max-video-preview:-1"},"canonical":"https:\/\/www.laguiadepamplona.com\/actualidad\/camaras-de-alta-densidad-monitorizaran-el-chupinazo-para-estudiar-los-flujos-de-personas-en-la-plaza-consistorial-dentro-del-proyecto-san-fermin-crowd-lab\/","og_locale":"es_ES","og_type":"article","og_title":"C\u00e1maras de alta densidad monitorizar\u00e1n el Chupinazo para estudiar los flujos de personas en la Plaza Consistorial, dentro del proyecto \u2018San Ferm\u00edn Crowd Lab\u2019","og_description":"El Ayuntamiento de Pamplona suscribe un convenio de colaboraci\u00f3n con investigadores de la Universidad de Navarra","og_url":"https:\/\/www.laguiadepamplona.com\/actualidad\/camaras-de-alta-densidad-monitorizaran-el-chupinazo-para-estudiar-los-flujos-de-personas-en-la-plaza-consistorial-dentro-del-proyecto-san-fermin-crowd-lab\/","og_site_name":"La Gu\u00eda de Pamplona","article_publisher":"https:\/\/www.facebook.com\/laguiadepamplonacom-133175176762273\/?ref=hl","article_published_time":"2024-06-27T09:55:00+00:00","article_modified_time":"2024-06-27T10:06:00+00:00","og_image":[{"width":1000,"height":667,"url":"https:\/\/www.laguiadepamplona.com\/actualidad\/wp-content\/uploads\/2024\/06\/convenio-UNAV_web.webp","type":"image\/webp"}],"author":"La Gu\u00eda de Pamplona","twitter_card":"summary_large_image","twitter_creator":"@LaGuiadPamplona","twitter_site":"@LaGuiadPamplona","twitter_misc":{"Escrito por":"La Gu\u00eda de Pamplona","Tiempo de lectura":"3 minutos"},"schema":{"@context":"https:\/\/schema.org","@graph":[{"@type":"Article","@id":"https:\/\/www.laguiadepamplona.com\/actualidad\/camaras-de-alta-densidad-monitorizaran-el-chupinazo-para-estudiar-los-flujos-de-personas-en-la-plaza-consistorial-dentro-del-proyecto-san-fermin-crowd-lab\/#article","isPartOf":{"@id":"https:\/\/www.laguiadepamplona.com\/actualidad\/camaras-de-alta-densidad-monitorizaran-el-chupinazo-para-estudiar-los-flujos-de-personas-en-la-plaza-consistorial-dentro-del-proyecto-san-fermin-crowd-lab\/"},"author":{"name":"La Gu\u00eda de Pamplona","@id":"https:\/\/www.laguiadepamplona.com\/actualidad\/#\/schema\/person\/efe887376f0213d4657c93adc50b1fdb"},"headline":"C\u00e1maras de alta densidad monitorizar\u00e1n el Chupinazo para estudiar los flujos de personas en la Plaza Consistorial, dentro del proyecto \u2018San Ferm\u00edn Crowd Lab\u2019","datePublished":"2024-06-27T09:55:00+00:00","dateModified":"2024-06-27T10:06:00+00:00","mainEntityOfPage":{"@id":"https:\/\/www.laguiadepamplona.com\/actualidad\/camaras-de-alta-densidad-monitorizaran-el-chupinazo-para-estudiar-los-flujos-de-personas-en-la-plaza-consistorial-dentro-del-proyecto-san-fermin-crowd-lab\/"},"wordCount":629,"commentCount":0,"publisher":{"@id":"https:\/\/www.laguiadepamplona.com\/actualidad\/#organization"},"image":{"@id":"https:\/\/www.laguiadepamplona.com\/actualidad\/camaras-de-alta-densidad-monitorizaran-el-chupinazo-para-estudiar-los-flujos-de-personas-en-la-plaza-consistorial-dentro-del-proyecto-san-fermin-crowd-lab\/#primaryimage"},"thumbnailUrl":"https:\/\/www.laguiadepamplona.com\/actualidad\/wp-content\/uploads\/2024\/06\/convenio-UNAV_web.webp","articleSection":["Ayto Pamplona","San Ferm\u00edn"],"inLanguage":"es","potentialAction":[{"@type":"CommentAction","name":"Comment","target":["https:\/\/www.laguiadepamplona.com\/actualidad\/camaras-de-alta-densidad-monitorizaran-el-chupinazo-para-estudiar-los-flujos-de-personas-en-la-plaza-consistorial-dentro-del-proyecto-san-fermin-crowd-lab\/#respond"]}]},{"@type":"WebPage","@id":"https:\/\/www.laguiadepamplona.com\/actualidad\/camaras-de-alta-densidad-monitorizaran-el-chupinazo-para-estudiar-los-flujos-de-personas-en-la-plaza-consistorial-dentro-del-proyecto-san-fermin-crowd-lab\/","url":"https:\/\/www.laguiadepamplona.com\/actualidad\/camaras-de-alta-densidad-monitorizaran-el-chupinazo-para-estudiar-los-flujos-de-personas-en-la-plaza-consistorial-dentro-del-proyecto-san-fermin-crowd-lab\/","name":"C\u00e1maras de alta densidad monitorizar\u00e1n el Chupinazo para estudiar los flujos de personas en la Plaza Consistorial, dentro del proyecto \u2018San Ferm\u00edn Crowd Lab\u2019","isPartOf":{"@id":"https:\/\/www.laguiadepamplona.com\/actualidad\/#website"},"primaryImageOfPage":{"@id":"https:\/\/www.laguiadepamplona.com\/actualidad\/camaras-de-alta-densidad-monitorizaran-el-chupinazo-para-estudiar-los-flujos-de-personas-en-la-plaza-consistorial-dentro-del-proyecto-san-fermin-crowd-lab\/#primaryimage"},"image":{"@id":"https:\/\/www.laguiadepamplona.com\/actualidad\/camaras-de-alta-densidad-monitorizaran-el-chupinazo-para-estudiar-los-flujos-de-personas-en-la-plaza-consistorial-dentro-del-proyecto-san-fermin-crowd-lab\/#primaryimage"},"thumbnailUrl":"https:\/\/www.laguiadepamplona.com\/actualidad\/wp-content\/uploads\/2024\/06\/convenio-UNAV_web.webp","datePublished":"2024-06-27T09:55:00+00:00","dateModified":"2024-06-27T10:06:00+00:00","description":"El Ayuntamiento de Pamplona suscribe un convenio de colaboraci\u00f3n con investigadores de la Universidad de Navarra","breadcrumb":{"@id":"https:\/\/www.laguiadepamplona.com\/actualidad\/camaras-de-alta-densidad-monitorizaran-el-chupinazo-para-estudiar-los-flujos-de-personas-en-la-plaza-consistorial-dentro-del-proyecto-san-fermin-crowd-lab\/#breadcrumb"},"inLanguage":"es","potentialAction":[{"@type":"ReadAction","target":["https:\/\/www.laguiadepamplona.com\/actualidad\/camaras-de-alta-densidad-monitorizaran-el-chupinazo-para-estudiar-los-flujos-de-personas-en-la-plaza-consistorial-dentro-del-proyecto-san-fermin-crowd-lab\/"]}]},{"@type":"ImageObject","inLanguage":"es","@id":"https:\/\/www.laguiadepamplona.com\/actualidad\/camaras-de-alta-densidad-monitorizaran-el-chupinazo-para-estudiar-los-flujos-de-personas-en-la-plaza-consistorial-dentro-del-proyecto-san-fermin-crowd-lab\/#primaryimage","url":"https:\/\/www.laguiadepamplona.com\/actualidad\/wp-content\/uploads\/2024\/06\/convenio-UNAV_web.webp","contentUrl":"https:\/\/www.laguiadepamplona.com\/actualidad\/wp-content\/uploads\/2024\/06\/convenio-UNAV_web.webp","width":1000,"height":667,"caption":"chupinazo pamplona"},{"@type":"BreadcrumbList","@id":"https:\/\/www.laguiadepamplona.com\/actualidad\/camaras-de-alta-densidad-monitorizaran-el-chupinazo-para-estudiar-los-flujos-de-personas-en-la-plaza-consistorial-dentro-del-proyecto-san-fermin-crowd-lab\/#breadcrumb","itemListElement":[{"@type":"ListItem","position":1,"name":"Portada","item":"https:\/\/www.laguiadepamplona.com\/actualidad\/"},{"@type":"ListItem","position":2,"name":"C\u00e1maras de alta densidad monitorizar\u00e1n el Chupinazo para estudiar los flujos de personas en la Plaza Consistorial, dentro del proyecto \u2018San Ferm\u00edn Crowd Lab\u2019"}]},{"@type":"WebSite","@id":"https:\/\/www.laguiadepamplona.com\/actualidad\/#website","url":"https:\/\/www.laguiadepamplona.com\/actualidad\/","name":"La gu\u00eda de Pamplona","description":"Noticias de Pamplona","publisher":{"@id":"https:\/\/www.laguiadepamplona.com\/actualidad\/#organization"},"potentialAction":[{"@type":"SearchAction","target":{"@type":"EntryPoint","urlTemplate":"https:\/\/www.laguiadepamplona.com\/actualidad\/?s={search_term_string}"},"query-input":{"@type":"PropertyValueSpecification","valueRequired":true,"valueName":"search_term_string"}}],"inLanguage":"es"},{"@type":"Organization","@id":"https:\/\/www.laguiadepamplona.com\/actualidad\/#organization","name":"La Gu\u00eda de Pamplona \/ Noticias","url":"https:\/\/www.laguiadepamplona.com\/actualidad\/","logo":{"@type":"ImageObject","inLanguage":"es","@id":"https:\/\/www.laguiadepamplona.com\/actualidad\/#\/schema\/logo\/image\/","url":"https:\/\/www.laguiadepamplona.com\/actualidad\/wp-content\/uploads\/2018\/11\/logo-laguiadepamplona18-web1.png","contentUrl":"https:\/\/www.laguiadepamplona.com\/actualidad\/wp-content\/uploads\/2018\/11\/logo-laguiadepamplona18-web1.png","width":600,"height":196,"caption":"La Gu\u00eda de Pamplona \/ Noticias"},"image":{"@id":"https:\/\/www.laguiadepamplona.com\/actualidad\/#\/schema\/logo\/image\/"},"sameAs":["https:\/\/www.facebook.com\/laguiadepamplonacom-133175176762273\/?ref=hl","https:\/\/x.com\/LaGuiadPamplona","https:\/\/www.instagram.com\/la_guia_de_pamplona\/","https:\/\/www.youtube.com\/user\/laguiadepamplona"]},{"@type":"Person","@id":"https:\/\/www.laguiadepamplona.com\/actualidad\/#\/schema\/person\/efe887376f0213d4657c93adc50b1fdb","name":"La Gu\u00eda de Pamplona","image":{"@type":"ImageObject","inLanguage":"es","@id":"https:\/\/secure.gravatar.com\/avatar\/b6992f131dc8d30ab0dff15446e9d346d9dbd95992de0fef795073f5ea83a81c?s=96&d=mm&r=g","url":"https:\/\/secure.gravatar.com\/avatar\/b6992f131dc8d30ab0dff15446e9d346d9dbd95992de0fef795073f5ea83a81c?s=96&d=mm&r=g","contentUrl":"https:\/\/secure.gravatar.com\/avatar\/b6992f131dc8d30ab0dff15446e9d346d9dbd95992de0fef795073f5ea83a81c?s=96&d=mm&r=g","caption":"La Gu\u00eda de Pamplona"}}]}},"post_mailing_queue_ids":[],"_links":{"self":[{"href":"https:\/\/www.laguiadepamplona.com\/actualidad\/wp-json\/wp\/v2\/posts\/50216","targetHints":{"allow":["GET"]}}],"collection":[{"href":"https:\/\/www.laguiadepamplona.com\/actualidad\/wp-json\/wp\/v2\/posts"}],"about":[{"href":"https:\/\/www.laguiadepamplona.com\/actualidad\/wp-json\/wp\/v2\/types\/post"}],"author":[{"embeddable":true,"href":"https:\/\/www.laguiadepamplona.com\/actualidad\/wp-json\/wp\/v2\/users\/1"}],"replies":[{"embeddable":true,"href":"https:\/\/www.laguiadepamplona.com\/actualidad\/wp-json\/wp\/v2\/comments?post=50216"}],"version-history":[{"count":1,"href":"https:\/\/www.laguiadepamplona.com\/actualidad\/wp-json\/wp\/v2\/posts\/50216\/revisions"}],"predecessor-version":[{"id":50218,"href":"https:\/\/www.laguiadepamplona.com\/actualidad\/wp-json\/wp\/v2\/posts\/50216\/revisions\/50218"}],"wp:featuredmedia":[{"embeddable":true,"href":"https:\/\/www.laguiadepamplona.com\/actualidad\/wp-json\/wp\/v2\/media\/50217"}],"wp:attachment":[{"href":"https:\/\/www.laguiadepamplona.com\/actualidad\/wp-json\/wp\/v2\/media?parent=50216"}],"wp:term":[{"taxonomy":"category","embeddable":true,"href":"https:\/\/www.laguiadepamplona.com\/actualidad\/wp-json\/wp\/v2\/categories?post=50216"},{"taxonomy":"post_tag","embeddable":true,"href":"https:\/\/www.laguiadepamplona.com\/actualidad\/wp-json\/wp\/v2\/tags?post=50216"}],"curies":[{"name":"wp","href":"https:\/\/api.w.org\/{rel}","templated":true}]}}