{"id":50213,"date":"2024-06-27T11:51:20","date_gmt":"2024-06-27T09:51:20","guid":{"rendered":"https:\/\/www.laguiadepamplona.com\/actualidad\/?p=50213"},"modified":"2024-06-27T11:51:50","modified_gmt":"2024-06-27T09:51:50","slug":"pamplona-refuerza-su-compromiso-por-unos-sanfermines-libres-de-agresiones-sexistas-e-insistira-en-la-informacion-a-la-ciudadania-sobre-los-recursos-de-atencion-disponibles","status":"publish","type":"post","link":"https:\/\/www.laguiadepamplona.com\/actualidad\/pamplona-refuerza-su-compromiso-por-unos-sanfermines-libres-de-agresiones-sexistas-e-insistira-en-la-informacion-a-la-ciudadania-sobre-los-recursos-de-atencion-disponibles\/","title":{"rendered":"Pamplona refuerza su compromiso por unos Sanfermines libres de agresiones sexistas e insistir\u00e1 en la informaci\u00f3n a la ciudadan\u00eda sobre los recursos de atenci\u00f3n disponibles"},"content":{"rendered":"<h2>Volver\u00e1 el punto de informaci\u00f3n de la Plaza del Castillo, del 5 al 14 de julio, como recurso para la sensibilizaci\u00f3n<\/h2>\n<p><!--more--><\/p>\n<p>La estrategia \u2018Pamplona libre de agresiones sexistas \/ Eraso sexistarik gabe, Iru\u00f1a aske\u2019 posiciona un a\u00f1o m\u00e1s a la ciudad como referente en el compromiso de la lucha contra la violencia hacia las mujeres, tambi\u00e9n durante las fiestas de San Ferm\u00edn. Los mensajes y las acciones que lleva a cabo el Ayuntamiento de Pamplona se refuerzan ante el compromiso ineludible de disfrutar las fiestas en libertad y de involucrar a la ciudadan\u00eda en la lucha contra la violencia sexista.<\/p>\n<p>En el marco de la campa\u00f1a, el s\u00edmbolo de la mano roja volver\u00e1 a estar presente en las fiestas, en diferentes soportes y formatos, para seguir avanzando en la eliminaci\u00f3n de las agresiones sexistas. Un a\u00f1o m\u00e1s, se habilitar\u00e1 el punto de informaci\u00f3n de la Plaza del Castillo, del 5 al 14 de julio, como epicentro de la sensibilizaci\u00f3n y como espacio de referencia para conocer y activar los recursos de atenci\u00f3n disponibles, as\u00ed como para el reparto de los materiales de la campa\u00f1a.<\/p>\n<p>La concejala delegada de Igualdad, Acci\u00f3n Comunitaria, Barrios, Participaci\u00f3n Ciudadana y Euskera, Zaloa Basabe, el concejal delegado de Acci\u00f3n Social, Txema Maule\u00f3n, la directora de Igualdad, Acci\u00f3n Comunitaria, Barrios, Participaci\u00f3n Ciudadana y Euskera, Elian Pe\u00f1a, y la t\u00e9cnica municipal de Igualdad, Vanesa Eguiluz, ha presentado esta ma\u00f1ana los materiales de la campa\u00f1a, as\u00ed como las actuaciones que se van a llevar a cabo. Pamplona es una ciudad comprometida a nivel institucional y social con la erradicaci\u00f3n de todo tipo de violencia hacia las mujeres. Es la ciudad, en su conjunto, quien se involucra y tiene una respuesta unitaria de tolerancia cero contra las agresiones sexistas.<\/p>\n<p>La estrategia \u2018Pamplona libre de agresiones sexistas \/ Eraso sexistarik gabe, Iru\u00f1a aske\u2019 se basa en la participaci\u00f3n y coordinaci\u00f3n de todas las personas involucradas tanto a nivel institucional como a nivel social, a trav\u00e9s del Grupo Permanente para el Abordaje de las Violencias contra las Mujeres, dependiente del Consejo Municipal de las Mujeres. Se trata de una campa\u00f1a y una estrategia consensuadas, con el objetivo de que las mujeres vivan la ciudad como un espacio libre y seguro, desde el respeto y la igualdad entre mujeres y hombres y, en caso de agresi\u00f3n, la ciudad ofrezca recursos y una respuesta coordinada.<\/p>\n<p><strong>Violencia sexista con impacto en todas las mujeres<\/strong><\/p>\n<p>Dentro de esa estrategia, el Ayuntamiento de Pamplona insiste en que las agresiones sexistas no deben normalizarse por el hecho de producirse en entornos festivos. Son violencias que tienen un impacto sobre todas las mujeres (no solamente contra quienes las sufren) ya que condicionan la libertad y participaci\u00f3n en igualdad de las mujeres en las fiestas. Adem\u00e1s, las agresiones sexistas no solo hay que abordarlas desde el \u00e1mbito penal, sino que tambi\u00e9n requieren la implicaci\u00f3n de toda la ciudadan\u00eda y un abordaje que incluya a toda la sociedad.<\/p>\n<p>Las agresiones sexistas son actos injustificables, no cabe especular ni cuestionar a la v\u00edctima sobre sus comportamientos. Asimismo, el rechazo firme a las agresiones sexistas debe ir acompa\u00f1ado de un apoyo y una protecci\u00f3n a las mujeres que han sufrido estas agresiones y a su entorno. Pamplona es una ciudad comprometida a nivel institucional y social con la erradicaci\u00f3n de todo tipo de violencia hacia las mujeres y, dentro de este compromiso, pone a disposici\u00f3n de las mujeres recursos de apoyo y acompa\u00f1amiento, as\u00ed como protocolos de actuaci\u00f3n definidos.<\/p>\n<p><strong>Protocolo de actuaci\u00f3n y respuesta<\/strong><\/p>\n<p>El Protocolo de Actuaci\u00f3n y Respuesta frente a agresiones Sexistas en Sanfermines lo conforman otros tres protocolos dependientes de diferentes \u00e1reas municipales. Uno de ellos es el Protocolo de Intervenci\u00f3n Policial, que aplica el \u00e1rea de Seguridad Ciudadana y Polic\u00eda Municipal. Otro es el Protocolo de Atenci\u00f3n y Acompa\u00f1amiento, que depende del \u00e1rea de Acci\u00f3n Social, con guardias de 24 horas con personal especializado para realizar el acompa\u00f1amiento. Este protocolo se activa a trav\u00e9s del 112, la Polic\u00eda Municipal de Pamplona o el punto de informaci\u00f3n de la Plaza del Castillo.<\/p>\n<p>El tercer protocolo es el de respuesta ciudadana e institucional, que depende del \u00e1rea de Igualdad, y se encarga de coordinar la respuesta entre el Ayuntamiento de Pamplona, las asociaciones de mujeres y el movimiento feminista. Diferentes personas implicadas en cada uno de los protocolos se re\u00fanen diariamente durante los Sanfermines en una comisi\u00f3n de seguimiento para evaluar y valorar las situaciones y los datos que se van generando.<\/p>\n<p><strong>Punto de informaci\u00f3n de la Plaza del Castillo<\/strong><\/p>\n<p>El punto de informaci\u00f3n de la Plaza del Castillo durante las fiestas de San Ferm\u00edn es un recurso para la sensibilizaci\u00f3n de la ciudadan\u00eda en materia de prevenci\u00f3n y actuaci\u00f3n frente a las agresiones sexistas. No se trata de un recurso de atenci\u00f3n a v\u00edctimas, sino que informa a la ciudadan\u00eda sobre la campa\u00f1a y, espec\u00edficamente a las mujeres, sobre los recursos disponibles. El punto se dirige a toda poblaci\u00f3n y prestar\u00e1 especial atenci\u00f3n a j\u00f3venes entre 14 y 30 a\u00f1os.<\/p>\n<p>El punto de informaci\u00f3n abrir\u00e1 el 5 de julio, con un horario ese d\u00eda de 12 a 14 horas y de 19 a 22 horas, y continuar\u00e1 durante las fiestas, del 6 al 14 de julio, de 11.30 a 15 horas por la ma\u00f1ana y de 18 horas hasta la medianoche. La atenci\u00f3n se ofrece en cuatro idiomas, castellano, euskera, ingl\u00e9s y franc\u00e9s. Los Sanfermines pasados se registraron 17.881 consultas en el punto de informaci\u00f3n de la Plaza del Castillo, 618 consultas m\u00e1s que en las fiestas de 2022.<\/p>\n<p>Junto a esa labor de informaci\u00f3n, ese punto se concibe como un espacio de activaci\u00f3n de recursos de referencia. Centraliza y facilita el acceso de las mujeres a servicios de informaci\u00f3n y atenci\u00f3n especializada en caso de agresi\u00f3n en espacios festivos y de ocio; orienta sobre esos recursos; activa, si fuera necesario, el protocolo de atenci\u00f3n y acompa\u00f1amiento; recoge informaci\u00f3n de car\u00e1cter an\u00f3nimo sobre agresiones sexistas sufridas o presenciadas y sobre la respuesta del entorno frente a ellas; y fortalece las din\u00e1micas de colaboraci\u00f3n entre el Ayuntamiento de Pamplona, los colectivos feministas y las asociaciones de mujeres.<\/p>\n<p><strong>Apuesta por implicar al p\u00fablico infantil<\/strong><\/p>\n<p>La campa\u00f1a institucional y la apuesta de Pamplona por ser una ciudad libre de agresiones sexistas tambi\u00e9n durante San Ferm\u00edn se ver\u00e1 reflejada en diferentes soportes y materiales con los que se visibilizar\u00e1 ese compromiso. Tres manos rojas de grandes dimensiones se colocar\u00e1n en la plaza de la Paz, en la avenida de Carlos III y en la rotonda de Trinitarios, en la confluencia de la calle Biurdana y la avenida de Gipuzkoa.<\/p>\n<p>Este a\u00f1o, como novedad, se retoma un \u2018Cuaderno de artista\u2019 dirigido a p\u00fablico infantil, en el que a trav\u00e9s de diferentes actividades se invita a dibujar entre todas y todos una Pamplona igualitaria, libre y rica en diversidad, lanzando mensajes de corresponsabilidad y en la que todo el mundo pueda participar en igualdad.<\/p>\n<p>Las im\u00e1genes de la campa\u00f1a se podr\u00e1n ver tambi\u00e9n en los escenarios de fiestas, en mupis y ed\u00edculos de la ciudad o en el transporte urbano comarcal. Se han editado pins, pegatinas y carteles; se han incluido mensajes en el programa de fiestas, en gu\u00edas informativas y en otros materiales; y se colabora con RENFE, AENA, TCC, Teletaxi San Ferm\u00edn o la Mancomunidad de la Comarca de Pamplona, entre otros, para la difusi\u00f3n de la campa\u00f1a. Asimismo, se han repartido materiales a establecimientos de hosteler\u00eda, pe\u00f1as, hoteles\u2026<\/p>\n","protected":false},"excerpt":{"rendered":"<p>Volver\u00e1 el punto de informaci\u00f3n de la Plaza del Castillo, del 5 al 14 de julio, como recurso para la sensibilizaci\u00f3n<\/p>\n","protected":false},"author":1,"featured_media":50214,"comment_status":"open","ping_status":"closed","sticky":false,"template":"","format":"standard","meta":{"footnotes":""},"categories":[2,9406],"tags":[],"class_list":["post-50213","post","type-post","status-publish","format-standard","has-post-thumbnail","hentry","category-ayuntamiento-pamplona","category-san-fermin"],"yoast_head":"<!-- This site is optimized with the Yoast SEO plugin v27.3 - https:\/\/yoast.com\/product\/yoast-seo-wordpress\/ -->\n<title>Pamplona refuerza su compromiso por unos Sanfermines libres de agresiones sexistas e insistir\u00e1 en la informaci\u00f3n a la ciudadan\u00eda sobre los recursos de atenci\u00f3n disponibles<\/title>\n<meta name=\"description\" content=\"Volver\u00e1 el punto de informaci\u00f3n de la Plaza del Castillo, del 5 al 14 de julio, como recurso para la sensibilizaci\u00f3n\" \/>\n<meta name=\"robots\" content=\"index, follow, max-snippet:-1, max-image-preview:large, max-video-preview:-1\" \/>\n<link rel=\"canonical\" href=\"https:\/\/www.laguiadepamplona.com\/actualidad\/pamplona-refuerza-su-compromiso-por-unos-sanfermines-libres-de-agresiones-sexistas-e-insistira-en-la-informacion-a-la-ciudadania-sobre-los-recursos-de-atencion-disponibles\/\" \/>\n<meta property=\"og:locale\" content=\"es_ES\" \/>\n<meta property=\"og:type\" content=\"article\" \/>\n<meta property=\"og:title\" content=\"Pamplona refuerza su compromiso por unos Sanfermines libres de agresiones sexistas e insistir\u00e1 en la informaci\u00f3n a la ciudadan\u00eda sobre los recursos de atenci\u00f3n disponibles\" \/>\n<meta property=\"og:description\" content=\"Volver\u00e1 el punto de informaci\u00f3n de la Plaza del Castillo, del 5 al 14 de julio, como recurso para la sensibilizaci\u00f3n\" \/>\n<meta property=\"og:url\" content=\"https:\/\/www.laguiadepamplona.com\/actualidad\/pamplona-refuerza-su-compromiso-por-unos-sanfermines-libres-de-agresiones-sexistas-e-insistira-en-la-informacion-a-la-ciudadania-sobre-los-recursos-de-atencion-disponibles\/\" \/>\n<meta property=\"og:site_name\" content=\"La Gu\u00eda de Pamplona\" \/>\n<meta property=\"article:publisher\" content=\"https:\/\/www.facebook.com\/laguiadepamplonacom-133175176762273\/?ref=hl\" \/>\n<meta property=\"article:published_time\" content=\"2024-06-27T09:51:20+00:00\" \/>\n<meta property=\"article:modified_time\" content=\"2024-06-27T09:51:50+00:00\" \/>\n<meta property=\"og:image\" content=\"https:\/\/www.laguiadepamplona.com\/actualidad\/wp-content\/uploads\/2024\/06\/rawpamplonacotralaviolenciasexista1.webp\" \/>\n\t<meta property=\"og:image:width\" content=\"1000\" \/>\n\t<meta property=\"og:image:height\" content=\"667\" \/>\n\t<meta property=\"og:image:type\" content=\"image\/webp\" \/>\n<meta name=\"author\" content=\"La Gu\u00eda de Pamplona\" \/>\n<meta name=\"twitter:card\" content=\"summary_large_image\" \/>\n<meta name=\"twitter:creator\" content=\"@LaGuiadPamplona\" \/>\n<meta name=\"twitter:site\" content=\"@LaGuiadPamplona\" \/>\n<meta name=\"twitter:label1\" content=\"Escrito por\" \/>\n\t<meta name=\"twitter:data1\" content=\"La Gu\u00eda de Pamplona\" \/>\n\t<meta name=\"twitter:label2\" content=\"Tiempo de lectura\" \/>\n\t<meta name=\"twitter:data2\" content=\"6 minutos\" \/>\n<script type=\"application\/ld+json\" class=\"yoast-schema-graph\">{\"@context\":\"https:\\\/\\\/schema.org\",\"@graph\":[{\"@type\":\"Article\",\"@id\":\"https:\\\/\\\/www.laguiadepamplona.com\\\/actualidad\\\/pamplona-refuerza-su-compromiso-por-unos-sanfermines-libres-de-agresiones-sexistas-e-insistira-en-la-informacion-a-la-ciudadania-sobre-los-recursos-de-atencion-disponibles\\\/#article\",\"isPartOf\":{\"@id\":\"https:\\\/\\\/www.laguiadepamplona.com\\\/actualidad\\\/pamplona-refuerza-su-compromiso-por-unos-sanfermines-libres-de-agresiones-sexistas-e-insistira-en-la-informacion-a-la-ciudadania-sobre-los-recursos-de-atencion-disponibles\\\/\"},\"author\":{\"name\":\"La Gu\u00eda de Pamplona\",\"@id\":\"https:\\\/\\\/www.laguiadepamplona.com\\\/actualidad\\\/#\\\/schema\\\/person\\\/efe887376f0213d4657c93adc50b1fdb\"},\"headline\":\"Pamplona refuerza su compromiso por unos Sanfermines libres de agresiones sexistas e insistir\u00e1 en la informaci\u00f3n a la ciudadan\u00eda sobre los recursos de atenci\u00f3n disponibles\",\"datePublished\":\"2024-06-27T09:51:20+00:00\",\"dateModified\":\"2024-06-27T09:51:50+00:00\",\"mainEntityOfPage\":{\"@id\":\"https:\\\/\\\/www.laguiadepamplona.com\\\/actualidad\\\/pamplona-refuerza-su-compromiso-por-unos-sanfermines-libres-de-agresiones-sexistas-e-insistira-en-la-informacion-a-la-ciudadania-sobre-los-recursos-de-atencion-disponibles\\\/\"},\"wordCount\":1354,\"commentCount\":0,\"publisher\":{\"@id\":\"https:\\\/\\\/www.laguiadepamplona.com\\\/actualidad\\\/#organization\"},\"image\":{\"@id\":\"https:\\\/\\\/www.laguiadepamplona.com\\\/actualidad\\\/pamplona-refuerza-su-compromiso-por-unos-sanfermines-libres-de-agresiones-sexistas-e-insistira-en-la-informacion-a-la-ciudadania-sobre-los-recursos-de-atencion-disponibles\\\/#primaryimage\"},\"thumbnailUrl\":\"https:\\\/\\\/www.laguiadepamplona.com\\\/actualidad\\\/wp-content\\\/uploads\\\/2024\\\/06\\\/rawpamplonacotralaviolenciasexista1.webp\",\"articleSection\":[\"Ayto Pamplona\",\"San Ferm\u00edn\"],\"inLanguage\":\"es\",\"potentialAction\":[{\"@type\":\"CommentAction\",\"name\":\"Comment\",\"target\":[\"https:\\\/\\\/www.laguiadepamplona.com\\\/actualidad\\\/pamplona-refuerza-su-compromiso-por-unos-sanfermines-libres-de-agresiones-sexistas-e-insistira-en-la-informacion-a-la-ciudadania-sobre-los-recursos-de-atencion-disponibles\\\/#respond\"]}]},{\"@type\":\"WebPage\",\"@id\":\"https:\\\/\\\/www.laguiadepamplona.com\\\/actualidad\\\/pamplona-refuerza-su-compromiso-por-unos-sanfermines-libres-de-agresiones-sexistas-e-insistira-en-la-informacion-a-la-ciudadania-sobre-los-recursos-de-atencion-disponibles\\\/\",\"url\":\"https:\\\/\\\/www.laguiadepamplona.com\\\/actualidad\\\/pamplona-refuerza-su-compromiso-por-unos-sanfermines-libres-de-agresiones-sexistas-e-insistira-en-la-informacion-a-la-ciudadania-sobre-los-recursos-de-atencion-disponibles\\\/\",\"name\":\"Pamplona refuerza su compromiso por unos Sanfermines libres de agresiones sexistas e insistir\u00e1 en la informaci\u00f3n a la ciudadan\u00eda sobre los recursos de atenci\u00f3n disponibles\",\"isPartOf\":{\"@id\":\"https:\\\/\\\/www.laguiadepamplona.com\\\/actualidad\\\/#website\"},\"primaryImageOfPage\":{\"@id\":\"https:\\\/\\\/www.laguiadepamplona.com\\\/actualidad\\\/pamplona-refuerza-su-compromiso-por-unos-sanfermines-libres-de-agresiones-sexistas-e-insistira-en-la-informacion-a-la-ciudadania-sobre-los-recursos-de-atencion-disponibles\\\/#primaryimage\"},\"image\":{\"@id\":\"https:\\\/\\\/www.laguiadepamplona.com\\\/actualidad\\\/pamplona-refuerza-su-compromiso-por-unos-sanfermines-libres-de-agresiones-sexistas-e-insistira-en-la-informacion-a-la-ciudadania-sobre-los-recursos-de-atencion-disponibles\\\/#primaryimage\"},\"thumbnailUrl\":\"https:\\\/\\\/www.laguiadepamplona.com\\\/actualidad\\\/wp-content\\\/uploads\\\/2024\\\/06\\\/rawpamplonacotralaviolenciasexista1.webp\",\"datePublished\":\"2024-06-27T09:51:20+00:00\",\"dateModified\":\"2024-06-27T09:51:50+00:00\",\"description\":\"Volver\u00e1 el punto de informaci\u00f3n de la Plaza del Castillo, del 5 al 14 de julio, como recurso para la sensibilizaci\u00f3n\",\"breadcrumb\":{\"@id\":\"https:\\\/\\\/www.laguiadepamplona.com\\\/actualidad\\\/pamplona-refuerza-su-compromiso-por-unos-sanfermines-libres-de-agresiones-sexistas-e-insistira-en-la-informacion-a-la-ciudadania-sobre-los-recursos-de-atencion-disponibles\\\/#breadcrumb\"},\"inLanguage\":\"es\",\"potentialAction\":[{\"@type\":\"ReadAction\",\"target\":[\"https:\\\/\\\/www.laguiadepamplona.com\\\/actualidad\\\/pamplona-refuerza-su-compromiso-por-unos-sanfermines-libres-de-agresiones-sexistas-e-insistira-en-la-informacion-a-la-ciudadania-sobre-los-recursos-de-atencion-disponibles\\\/\"]}]},{\"@type\":\"ImageObject\",\"inLanguage\":\"es\",\"@id\":\"https:\\\/\\\/www.laguiadepamplona.com\\\/actualidad\\\/pamplona-refuerza-su-compromiso-por-unos-sanfermines-libres-de-agresiones-sexistas-e-insistira-en-la-informacion-a-la-ciudadania-sobre-los-recursos-de-atencion-disponibles\\\/#primaryimage\",\"url\":\"https:\\\/\\\/www.laguiadepamplona.com\\\/actualidad\\\/wp-content\\\/uploads\\\/2024\\\/06\\\/rawpamplonacotralaviolenciasexista1.webp\",\"contentUrl\":\"https:\\\/\\\/www.laguiadepamplona.com\\\/actualidad\\\/wp-content\\\/uploads\\\/2024\\\/06\\\/rawpamplonacotralaviolenciasexista1.webp\",\"width\":1000,\"height\":667,\"caption\":\"pamplona contra violencia\"},{\"@type\":\"BreadcrumbList\",\"@id\":\"https:\\\/\\\/www.laguiadepamplona.com\\\/actualidad\\\/pamplona-refuerza-su-compromiso-por-unos-sanfermines-libres-de-agresiones-sexistas-e-insistira-en-la-informacion-a-la-ciudadania-sobre-los-recursos-de-atencion-disponibles\\\/#breadcrumb\",\"itemListElement\":[{\"@type\":\"ListItem\",\"position\":1,\"name\":\"Portada\",\"item\":\"https:\\\/\\\/www.laguiadepamplona.com\\\/actualidad\\\/\"},{\"@type\":\"ListItem\",\"position\":2,\"name\":\"Pamplona refuerza su compromiso por unos Sanfermines libres de agresiones sexistas e insistir\u00e1 en la informaci\u00f3n a la ciudadan\u00eda sobre los recursos de atenci\u00f3n disponibles\"}]},{\"@type\":\"WebSite\",\"@id\":\"https:\\\/\\\/www.laguiadepamplona.com\\\/actualidad\\\/#website\",\"url\":\"https:\\\/\\\/www.laguiadepamplona.com\\\/actualidad\\\/\",\"name\":\"La gu\u00eda de Pamplona\",\"description\":\"Noticias de Pamplona\",\"publisher\":{\"@id\":\"https:\\\/\\\/www.laguiadepamplona.com\\\/actualidad\\\/#organization\"},\"potentialAction\":[{\"@type\":\"SearchAction\",\"target\":{\"@type\":\"EntryPoint\",\"urlTemplate\":\"https:\\\/\\\/www.laguiadepamplona.com\\\/actualidad\\\/?s={search_term_string}\"},\"query-input\":{\"@type\":\"PropertyValueSpecification\",\"valueRequired\":true,\"valueName\":\"search_term_string\"}}],\"inLanguage\":\"es\"},{\"@type\":\"Organization\",\"@id\":\"https:\\\/\\\/www.laguiadepamplona.com\\\/actualidad\\\/#organization\",\"name\":\"La Gu\u00eda de Pamplona \\\/ Noticias\",\"url\":\"https:\\\/\\\/www.laguiadepamplona.com\\\/actualidad\\\/\",\"logo\":{\"@type\":\"ImageObject\",\"inLanguage\":\"es\",\"@id\":\"https:\\\/\\\/www.laguiadepamplona.com\\\/actualidad\\\/#\\\/schema\\\/logo\\\/image\\\/\",\"url\":\"https:\\\/\\\/www.laguiadepamplona.com\\\/actualidad\\\/wp-content\\\/uploads\\\/2018\\\/11\\\/logo-laguiadepamplona18-web1.png\",\"contentUrl\":\"https:\\\/\\\/www.laguiadepamplona.com\\\/actualidad\\\/wp-content\\\/uploads\\\/2018\\\/11\\\/logo-laguiadepamplona18-web1.png\",\"width\":600,\"height\":196,\"caption\":\"La Gu\u00eda de Pamplona \\\/ Noticias\"},\"image\":{\"@id\":\"https:\\\/\\\/www.laguiadepamplona.com\\\/actualidad\\\/#\\\/schema\\\/logo\\\/image\\\/\"},\"sameAs\":[\"https:\\\/\\\/www.facebook.com\\\/laguiadepamplonacom-133175176762273\\\/?ref=hl\",\"https:\\\/\\\/x.com\\\/LaGuiadPamplona\",\"https:\\\/\\\/www.instagram.com\\\/la_guia_de_pamplona\\\/\",\"https:\\\/\\\/www.youtube.com\\\/user\\\/laguiadepamplona\"]},{\"@type\":\"Person\",\"@id\":\"https:\\\/\\\/www.laguiadepamplona.com\\\/actualidad\\\/#\\\/schema\\\/person\\\/efe887376f0213d4657c93adc50b1fdb\",\"name\":\"La Gu\u00eda de Pamplona\",\"image\":{\"@type\":\"ImageObject\",\"inLanguage\":\"es\",\"@id\":\"https:\\\/\\\/secure.gravatar.com\\\/avatar\\\/b6992f131dc8d30ab0dff15446e9d346d9dbd95992de0fef795073f5ea83a81c?s=96&d=mm&r=g\",\"url\":\"https:\\\/\\\/secure.gravatar.com\\\/avatar\\\/b6992f131dc8d30ab0dff15446e9d346d9dbd95992de0fef795073f5ea83a81c?s=96&d=mm&r=g\",\"contentUrl\":\"https:\\\/\\\/secure.gravatar.com\\\/avatar\\\/b6992f131dc8d30ab0dff15446e9d346d9dbd95992de0fef795073f5ea83a81c?s=96&d=mm&r=g\",\"caption\":\"La Gu\u00eda de Pamplona\"}}]}<\/script>\n<!-- \/ Yoast SEO plugin. -->","yoast_head_json":{"title":"Pamplona refuerza su compromiso por unos Sanfermines libres de agresiones sexistas e insistir\u00e1 en la informaci\u00f3n a la ciudadan\u00eda sobre los recursos de atenci\u00f3n disponibles","description":"Volver\u00e1 el punto de informaci\u00f3n de la Plaza del Castillo, del 5 al 14 de julio, como recurso para la sensibilizaci\u00f3n","robots":{"index":"index","follow":"follow","max-snippet":"max-snippet:-1","max-image-preview":"max-image-preview:large","max-video-preview":"max-video-preview:-1"},"canonical":"https:\/\/www.laguiadepamplona.com\/actualidad\/pamplona-refuerza-su-compromiso-por-unos-sanfermines-libres-de-agresiones-sexistas-e-insistira-en-la-informacion-a-la-ciudadania-sobre-los-recursos-de-atencion-disponibles\/","og_locale":"es_ES","og_type":"article","og_title":"Pamplona refuerza su compromiso por unos Sanfermines libres de agresiones sexistas e insistir\u00e1 en la informaci\u00f3n a la ciudadan\u00eda sobre los recursos de atenci\u00f3n disponibles","og_description":"Volver\u00e1 el punto de informaci\u00f3n de la Plaza del Castillo, del 5 al 14 de julio, como recurso para la sensibilizaci\u00f3n","og_url":"https:\/\/www.laguiadepamplona.com\/actualidad\/pamplona-refuerza-su-compromiso-por-unos-sanfermines-libres-de-agresiones-sexistas-e-insistira-en-la-informacion-a-la-ciudadania-sobre-los-recursos-de-atencion-disponibles\/","og_site_name":"La Gu\u00eda de Pamplona","article_publisher":"https:\/\/www.facebook.com\/laguiadepamplonacom-133175176762273\/?ref=hl","article_published_time":"2024-06-27T09:51:20+00:00","article_modified_time":"2024-06-27T09:51:50+00:00","og_image":[{"width":1000,"height":667,"url":"https:\/\/www.laguiadepamplona.com\/actualidad\/wp-content\/uploads\/2024\/06\/rawpamplonacotralaviolenciasexista1.webp","type":"image\/webp"}],"author":"La Gu\u00eda de Pamplona","twitter_card":"summary_large_image","twitter_creator":"@LaGuiadPamplona","twitter_site":"@LaGuiadPamplona","twitter_misc":{"Escrito por":"La Gu\u00eda de Pamplona","Tiempo de lectura":"6 minutos"},"schema":{"@context":"https:\/\/schema.org","@graph":[{"@type":"Article","@id":"https:\/\/www.laguiadepamplona.com\/actualidad\/pamplona-refuerza-su-compromiso-por-unos-sanfermines-libres-de-agresiones-sexistas-e-insistira-en-la-informacion-a-la-ciudadania-sobre-los-recursos-de-atencion-disponibles\/#article","isPartOf":{"@id":"https:\/\/www.laguiadepamplona.com\/actualidad\/pamplona-refuerza-su-compromiso-por-unos-sanfermines-libres-de-agresiones-sexistas-e-insistira-en-la-informacion-a-la-ciudadania-sobre-los-recursos-de-atencion-disponibles\/"},"author":{"name":"La Gu\u00eda de Pamplona","@id":"https:\/\/www.laguiadepamplona.com\/actualidad\/#\/schema\/person\/efe887376f0213d4657c93adc50b1fdb"},"headline":"Pamplona refuerza su compromiso por unos Sanfermines libres de agresiones sexistas e insistir\u00e1 en la informaci\u00f3n a la ciudadan\u00eda sobre los recursos de atenci\u00f3n disponibles","datePublished":"2024-06-27T09:51:20+00:00","dateModified":"2024-06-27T09:51:50+00:00","mainEntityOfPage":{"@id":"https:\/\/www.laguiadepamplona.com\/actualidad\/pamplona-refuerza-su-compromiso-por-unos-sanfermines-libres-de-agresiones-sexistas-e-insistira-en-la-informacion-a-la-ciudadania-sobre-los-recursos-de-atencion-disponibles\/"},"wordCount":1354,"commentCount":0,"publisher":{"@id":"https:\/\/www.laguiadepamplona.com\/actualidad\/#organization"},"image":{"@id":"https:\/\/www.laguiadepamplona.com\/actualidad\/pamplona-refuerza-su-compromiso-por-unos-sanfermines-libres-de-agresiones-sexistas-e-insistira-en-la-informacion-a-la-ciudadania-sobre-los-recursos-de-atencion-disponibles\/#primaryimage"},"thumbnailUrl":"https:\/\/www.laguiadepamplona.com\/actualidad\/wp-content\/uploads\/2024\/06\/rawpamplonacotralaviolenciasexista1.webp","articleSection":["Ayto Pamplona","San Ferm\u00edn"],"inLanguage":"es","potentialAction":[{"@type":"CommentAction","name":"Comment","target":["https:\/\/www.laguiadepamplona.com\/actualidad\/pamplona-refuerza-su-compromiso-por-unos-sanfermines-libres-de-agresiones-sexistas-e-insistira-en-la-informacion-a-la-ciudadania-sobre-los-recursos-de-atencion-disponibles\/#respond"]}]},{"@type":"WebPage","@id":"https:\/\/www.laguiadepamplona.com\/actualidad\/pamplona-refuerza-su-compromiso-por-unos-sanfermines-libres-de-agresiones-sexistas-e-insistira-en-la-informacion-a-la-ciudadania-sobre-los-recursos-de-atencion-disponibles\/","url":"https:\/\/www.laguiadepamplona.com\/actualidad\/pamplona-refuerza-su-compromiso-por-unos-sanfermines-libres-de-agresiones-sexistas-e-insistira-en-la-informacion-a-la-ciudadania-sobre-los-recursos-de-atencion-disponibles\/","name":"Pamplona refuerza su compromiso por unos Sanfermines libres de agresiones sexistas e insistir\u00e1 en la informaci\u00f3n a la ciudadan\u00eda sobre los recursos de atenci\u00f3n disponibles","isPartOf":{"@id":"https:\/\/www.laguiadepamplona.com\/actualidad\/#website"},"primaryImageOfPage":{"@id":"https:\/\/www.laguiadepamplona.com\/actualidad\/pamplona-refuerza-su-compromiso-por-unos-sanfermines-libres-de-agresiones-sexistas-e-insistira-en-la-informacion-a-la-ciudadania-sobre-los-recursos-de-atencion-disponibles\/#primaryimage"},"image":{"@id":"https:\/\/www.laguiadepamplona.com\/actualidad\/pamplona-refuerza-su-compromiso-por-unos-sanfermines-libres-de-agresiones-sexistas-e-insistira-en-la-informacion-a-la-ciudadania-sobre-los-recursos-de-atencion-disponibles\/#primaryimage"},"thumbnailUrl":"https:\/\/www.laguiadepamplona.com\/actualidad\/wp-content\/uploads\/2024\/06\/rawpamplonacotralaviolenciasexista1.webp","datePublished":"2024-06-27T09:51:20+00:00","dateModified":"2024-06-27T09:51:50+00:00","description":"Volver\u00e1 el punto de informaci\u00f3n de la Plaza del Castillo, del 5 al 14 de julio, como recurso para la sensibilizaci\u00f3n","breadcrumb":{"@id":"https:\/\/www.laguiadepamplona.com\/actualidad\/pamplona-refuerza-su-compromiso-por-unos-sanfermines-libres-de-agresiones-sexistas-e-insistira-en-la-informacion-a-la-ciudadania-sobre-los-recursos-de-atencion-disponibles\/#breadcrumb"},"inLanguage":"es","potentialAction":[{"@type":"ReadAction","target":["https:\/\/www.laguiadepamplona.com\/actualidad\/pamplona-refuerza-su-compromiso-por-unos-sanfermines-libres-de-agresiones-sexistas-e-insistira-en-la-informacion-a-la-ciudadania-sobre-los-recursos-de-atencion-disponibles\/"]}]},{"@type":"ImageObject","inLanguage":"es","@id":"https:\/\/www.laguiadepamplona.com\/actualidad\/pamplona-refuerza-su-compromiso-por-unos-sanfermines-libres-de-agresiones-sexistas-e-insistira-en-la-informacion-a-la-ciudadania-sobre-los-recursos-de-atencion-disponibles\/#primaryimage","url":"https:\/\/www.laguiadepamplona.com\/actualidad\/wp-content\/uploads\/2024\/06\/rawpamplonacotralaviolenciasexista1.webp","contentUrl":"https:\/\/www.laguiadepamplona.com\/actualidad\/wp-content\/uploads\/2024\/06\/rawpamplonacotralaviolenciasexista1.webp","width":1000,"height":667,"caption":"pamplona contra violencia"},{"@type":"BreadcrumbList","@id":"https:\/\/www.laguiadepamplona.com\/actualidad\/pamplona-refuerza-su-compromiso-por-unos-sanfermines-libres-de-agresiones-sexistas-e-insistira-en-la-informacion-a-la-ciudadania-sobre-los-recursos-de-atencion-disponibles\/#breadcrumb","itemListElement":[{"@type":"ListItem","position":1,"name":"Portada","item":"https:\/\/www.laguiadepamplona.com\/actualidad\/"},{"@type":"ListItem","position":2,"name":"Pamplona refuerza su compromiso por unos Sanfermines libres de agresiones sexistas e insistir\u00e1 en la informaci\u00f3n a la ciudadan\u00eda sobre los recursos de atenci\u00f3n disponibles"}]},{"@type":"WebSite","@id":"https:\/\/www.laguiadepamplona.com\/actualidad\/#website","url":"https:\/\/www.laguiadepamplona.com\/actualidad\/","name":"La gu\u00eda de Pamplona","description":"Noticias de Pamplona","publisher":{"@id":"https:\/\/www.laguiadepamplona.com\/actualidad\/#organization"},"potentialAction":[{"@type":"SearchAction","target":{"@type":"EntryPoint","urlTemplate":"https:\/\/www.laguiadepamplona.com\/actualidad\/?s={search_term_string}"},"query-input":{"@type":"PropertyValueSpecification","valueRequired":true,"valueName":"search_term_string"}}],"inLanguage":"es"},{"@type":"Organization","@id":"https:\/\/www.laguiadepamplona.com\/actualidad\/#organization","name":"La Gu\u00eda de Pamplona \/ Noticias","url":"https:\/\/www.laguiadepamplona.com\/actualidad\/","logo":{"@type":"ImageObject","inLanguage":"es","@id":"https:\/\/www.laguiadepamplona.com\/actualidad\/#\/schema\/logo\/image\/","url":"https:\/\/www.laguiadepamplona.com\/actualidad\/wp-content\/uploads\/2018\/11\/logo-laguiadepamplona18-web1.png","contentUrl":"https:\/\/www.laguiadepamplona.com\/actualidad\/wp-content\/uploads\/2018\/11\/logo-laguiadepamplona18-web1.png","width":600,"height":196,"caption":"La Gu\u00eda de Pamplona \/ Noticias"},"image":{"@id":"https:\/\/www.laguiadepamplona.com\/actualidad\/#\/schema\/logo\/image\/"},"sameAs":["https:\/\/www.facebook.com\/laguiadepamplonacom-133175176762273\/?ref=hl","https:\/\/x.com\/LaGuiadPamplona","https:\/\/www.instagram.com\/la_guia_de_pamplona\/","https:\/\/www.youtube.com\/user\/laguiadepamplona"]},{"@type":"Person","@id":"https:\/\/www.laguiadepamplona.com\/actualidad\/#\/schema\/person\/efe887376f0213d4657c93adc50b1fdb","name":"La Gu\u00eda de Pamplona","image":{"@type":"ImageObject","inLanguage":"es","@id":"https:\/\/secure.gravatar.com\/avatar\/b6992f131dc8d30ab0dff15446e9d346d9dbd95992de0fef795073f5ea83a81c?s=96&d=mm&r=g","url":"https:\/\/secure.gravatar.com\/avatar\/b6992f131dc8d30ab0dff15446e9d346d9dbd95992de0fef795073f5ea83a81c?s=96&d=mm&r=g","contentUrl":"https:\/\/secure.gravatar.com\/avatar\/b6992f131dc8d30ab0dff15446e9d346d9dbd95992de0fef795073f5ea83a81c?s=96&d=mm&r=g","caption":"La Gu\u00eda de Pamplona"}}]}},"post_mailing_queue_ids":[],"_links":{"self":[{"href":"https:\/\/www.laguiadepamplona.com\/actualidad\/wp-json\/wp\/v2\/posts\/50213","targetHints":{"allow":["GET"]}}],"collection":[{"href":"https:\/\/www.laguiadepamplona.com\/actualidad\/wp-json\/wp\/v2\/posts"}],"about":[{"href":"https:\/\/www.laguiadepamplona.com\/actualidad\/wp-json\/wp\/v2\/types\/post"}],"author":[{"embeddable":true,"href":"https:\/\/www.laguiadepamplona.com\/actualidad\/wp-json\/wp\/v2\/users\/1"}],"replies":[{"embeddable":true,"href":"https:\/\/www.laguiadepamplona.com\/actualidad\/wp-json\/wp\/v2\/comments?post=50213"}],"version-history":[{"count":1,"href":"https:\/\/www.laguiadepamplona.com\/actualidad\/wp-json\/wp\/v2\/posts\/50213\/revisions"}],"predecessor-version":[{"id":50215,"href":"https:\/\/www.laguiadepamplona.com\/actualidad\/wp-json\/wp\/v2\/posts\/50213\/revisions\/50215"}],"wp:featuredmedia":[{"embeddable":true,"href":"https:\/\/www.laguiadepamplona.com\/actualidad\/wp-json\/wp\/v2\/media\/50214"}],"wp:attachment":[{"href":"https:\/\/www.laguiadepamplona.com\/actualidad\/wp-json\/wp\/v2\/media?parent=50213"}],"wp:term":[{"taxonomy":"category","embeddable":true,"href":"https:\/\/www.laguiadepamplona.com\/actualidad\/wp-json\/wp\/v2\/categories?post=50213"},{"taxonomy":"post_tag","embeddable":true,"href":"https:\/\/www.laguiadepamplona.com\/actualidad\/wp-json\/wp\/v2\/tags?post=50213"}],"curies":[{"name":"wp","href":"https:\/\/api.w.org\/{rel}","templated":true}]}}