{"id":50208,"date":"2024-06-26T13:32:51","date_gmt":"2024-06-26T11:32:51","guid":{"rendered":"https:\/\/www.laguiadepamplona.com\/actualidad\/?p=50208"},"modified":"2024-06-26T13:32:51","modified_gmt":"2024-06-26T11:32:51","slug":"la-fachada-de-la-casa-consistorial-se-tine-de-blanco-y-rojo-este-jueves-debido-a-la-celebracion-del-dia-internacional-de-las-personas-sordociegas","status":"publish","type":"post","link":"https:\/\/www.laguiadepamplona.com\/actualidad\/la-fachada-de-la-casa-consistorial-se-tine-de-blanco-y-rojo-este-jueves-debido-a-la-celebracion-del-dia-internacional-de-las-personas-sordociegas\/","title":{"rendered":"La fachada de la Casa Consistorial se ti\u00f1e de blanco y rojo este jueves debido a la celebraci\u00f3n del D\u00eda Internacional de las Personas Sordociegas"},"content":{"rendered":"<p><!--more--><\/p>\n<p>El Ayuntamiento de Pamplona vuelve a unirse a una causa solidaria este jueves. Su fachada se iluminar\u00e1 de blanco y rojo, colores del bast\u00f3n que utilizan, para conmemorar el D\u00eda Internacional de las Personas Sordociegas, que se celebra cada 27 de junio. La Comisi\u00f3n de Asuntos Ciudadanos del Ayuntamiento de Pamplona aprob\u00f3 ayer martes una declaraci\u00f3n institucional en la que mostraba el \u201creconocimiento y la admiraci\u00f3n a las personas, profesionales y entidades del sector social que ayudan, acompa\u00f1an, colaboran y prestan servicios de apoyo a las personas sordociegas para la mejora de las condiciones de vida\u201d.<\/p>\n<p>La sordoceguera es una discapacidad que sufre un porcentaje bajo de la poblaci\u00f3n y que consiste en una condici\u00f3n que afecta de forma severa tanto a la visi\u00f3n como a la audici\u00f3n de quienes la padecen y que, por lo general, limita de forma considerable sus vidas. Puede deberse a m\u00faltiples causas, pero una de las principales es el llamado\u00a0\u2018<strong>s\u00edndrome de Usher\u2019<\/strong>. Es una enfermedad hereditaria que est\u00e1 estrechamente relacionada a la retinitis pigmentaria y que afecta la vista y el o\u00eddo. Sus primeros indicios ocurren a partir de los ochos a\u00f1os en adelante.<\/p>\n<p>El D\u00eda Internacional de las Personas Sordociegas se celebra el 27 de junio para conmemorar el nacimiento de Hellen Keller, que sufri\u00f3 una enfermedad durante su infancia que le caus\u00f3 la sordera, la ceguera e incluso la p\u00e9rdida del habla. Pese a eso, Keller fue un ejemplo de superaci\u00f3n y consigui\u00f3 obtener un t\u00edtulo universitario, escribi\u00f3 un gran n\u00famero de art\u00edculos y se convirti\u00f3 en un referente para las personas con discapacidad.<\/p>\n","protected":false},"excerpt":{"rendered":"","protected":false},"author":1,"featured_media":36967,"comment_status":"open","ping_status":"closed","sticky":false,"template":"","format":"standard","meta":{"footnotes":""},"categories":[2],"tags":[],"class_list":["post-50208","post","type-post","status-publish","format-standard","has-post-thumbnail","hentry","category-ayuntamiento-pamplona"],"yoast_head":"<!-- This site is optimized with the Yoast SEO plugin v27.3 - https:\/\/yoast.com\/product\/yoast-seo-wordpress\/ -->\n<title>La fachada de la Casa Consistorial se ti\u00f1e de blanco y rojo este jueves debido a la celebraci\u00f3n del D\u00eda Internacional de las Personas Sordociegas<\/title>\n<meta name=\"description\" content=\"La sordoceguera es una discapacidad que sufre un porcentaje bajo de la poblaci\u00f3n y que consiste en una condici\u00f3n que afecta de forma severa\" \/>\n<meta name=\"robots\" content=\"index, follow, max-snippet:-1, max-image-preview:large, max-video-preview:-1\" \/>\n<link rel=\"canonical\" href=\"https:\/\/www.laguiadepamplona.com\/actualidad\/la-fachada-de-la-casa-consistorial-se-tine-de-blanco-y-rojo-este-jueves-debido-a-la-celebracion-del-dia-internacional-de-las-personas-sordociegas\/\" \/>\n<meta property=\"og:locale\" content=\"es_ES\" \/>\n<meta property=\"og:type\" content=\"article\" \/>\n<meta property=\"og:title\" content=\"La fachada de la Casa Consistorial se ti\u00f1e de blanco y rojo este jueves debido a la celebraci\u00f3n del D\u00eda Internacional de las Personas Sordociegas\" \/>\n<meta property=\"og:description\" content=\"La sordoceguera es una discapacidad que sufre un porcentaje bajo de la poblaci\u00f3n y que consiste en una condici\u00f3n que afecta de forma severa\" \/>\n<meta property=\"og:url\" content=\"https:\/\/www.laguiadepamplona.com\/actualidad\/la-fachada-de-la-casa-consistorial-se-tine-de-blanco-y-rojo-este-jueves-debido-a-la-celebracion-del-dia-internacional-de-las-personas-sordociegas\/\" \/>\n<meta property=\"og:site_name\" content=\"La Gu\u00eda de Pamplona\" \/>\n<meta property=\"article:publisher\" content=\"https:\/\/www.facebook.com\/laguiadepamplonacom-133175176762273\/?ref=hl\" \/>\n<meta property=\"article:published_time\" content=\"2024-06-26T11:32:51+00:00\" \/>\n<meta property=\"og:image\" content=\"https:\/\/www.laguiadepamplona.com\/actualidad\/wp-content\/uploads\/2021\/10\/ayuntamiento-rojo.jpg\" \/>\n\t<meta property=\"og:image:width\" content=\"1529\" \/>\n\t<meta property=\"og:image:height\" content=\"1019\" \/>\n\t<meta property=\"og:image:type\" content=\"image\/jpeg\" \/>\n<meta name=\"author\" content=\"La Gu\u00eda de Pamplona\" \/>\n<meta name=\"twitter:card\" content=\"summary_large_image\" \/>\n<meta name=\"twitter:creator\" content=\"@LaGuiadPamplona\" \/>\n<meta name=\"twitter:site\" content=\"@LaGuiadPamplona\" \/>\n<meta name=\"twitter:label1\" content=\"Escrito por\" \/>\n\t<meta name=\"twitter:data1\" content=\"La Gu\u00eda de Pamplona\" \/>\n\t<meta name=\"twitter:label2\" content=\"Tiempo de lectura\" \/>\n\t<meta name=\"twitter:data2\" content=\"2 minutos\" \/>\n<script type=\"application\/ld+json\" class=\"yoast-schema-graph\">{\"@context\":\"https:\\\/\\\/schema.org\",\"@graph\":[{\"@type\":\"Article\",\"@id\":\"https:\\\/\\\/www.laguiadepamplona.com\\\/actualidad\\\/la-fachada-de-la-casa-consistorial-se-tine-de-blanco-y-rojo-este-jueves-debido-a-la-celebracion-del-dia-internacional-de-las-personas-sordociegas\\\/#article\",\"isPartOf\":{\"@id\":\"https:\\\/\\\/www.laguiadepamplona.com\\\/actualidad\\\/la-fachada-de-la-casa-consistorial-se-tine-de-blanco-y-rojo-este-jueves-debido-a-la-celebracion-del-dia-internacional-de-las-personas-sordociegas\\\/\"},\"author\":{\"name\":\"La Gu\u00eda de Pamplona\",\"@id\":\"https:\\\/\\\/www.laguiadepamplona.com\\\/actualidad\\\/#\\\/schema\\\/person\\\/efe887376f0213d4657c93adc50b1fdb\"},\"headline\":\"La fachada de la Casa Consistorial se ti\u00f1e de blanco y rojo este jueves debido a la celebraci\u00f3n del D\u00eda Internacional de las Personas Sordociegas\",\"datePublished\":\"2024-06-26T11:32:51+00:00\",\"mainEntityOfPage\":{\"@id\":\"https:\\\/\\\/www.laguiadepamplona.com\\\/actualidad\\\/la-fachada-de-la-casa-consistorial-se-tine-de-blanco-y-rojo-este-jueves-debido-a-la-celebracion-del-dia-internacional-de-las-personas-sordociegas\\\/\"},\"wordCount\":309,\"commentCount\":0,\"publisher\":{\"@id\":\"https:\\\/\\\/www.laguiadepamplona.com\\\/actualidad\\\/#organization\"},\"image\":{\"@id\":\"https:\\\/\\\/www.laguiadepamplona.com\\\/actualidad\\\/la-fachada-de-la-casa-consistorial-se-tine-de-blanco-y-rojo-este-jueves-debido-a-la-celebracion-del-dia-internacional-de-las-personas-sordociegas\\\/#primaryimage\"},\"thumbnailUrl\":\"https:\\\/\\\/www.laguiadepamplona.com\\\/actualidad\\\/wp-content\\\/uploads\\\/2021\\\/10\\\/ayuntamiento-rojo.jpg\",\"articleSection\":[\"Ayto Pamplona\"],\"inLanguage\":\"es\",\"potentialAction\":[{\"@type\":\"CommentAction\",\"name\":\"Comment\",\"target\":[\"https:\\\/\\\/www.laguiadepamplona.com\\\/actualidad\\\/la-fachada-de-la-casa-consistorial-se-tine-de-blanco-y-rojo-este-jueves-debido-a-la-celebracion-del-dia-internacional-de-las-personas-sordociegas\\\/#respond\"]}]},{\"@type\":\"WebPage\",\"@id\":\"https:\\\/\\\/www.laguiadepamplona.com\\\/actualidad\\\/la-fachada-de-la-casa-consistorial-se-tine-de-blanco-y-rojo-este-jueves-debido-a-la-celebracion-del-dia-internacional-de-las-personas-sordociegas\\\/\",\"url\":\"https:\\\/\\\/www.laguiadepamplona.com\\\/actualidad\\\/la-fachada-de-la-casa-consistorial-se-tine-de-blanco-y-rojo-este-jueves-debido-a-la-celebracion-del-dia-internacional-de-las-personas-sordociegas\\\/\",\"name\":\"La fachada de la Casa Consistorial se ti\u00f1e de blanco y rojo este jueves debido a la celebraci\u00f3n del D\u00eda Internacional de las Personas Sordociegas\",\"isPartOf\":{\"@id\":\"https:\\\/\\\/www.laguiadepamplona.com\\\/actualidad\\\/#website\"},\"primaryImageOfPage\":{\"@id\":\"https:\\\/\\\/www.laguiadepamplona.com\\\/actualidad\\\/la-fachada-de-la-casa-consistorial-se-tine-de-blanco-y-rojo-este-jueves-debido-a-la-celebracion-del-dia-internacional-de-las-personas-sordociegas\\\/#primaryimage\"},\"image\":{\"@id\":\"https:\\\/\\\/www.laguiadepamplona.com\\\/actualidad\\\/la-fachada-de-la-casa-consistorial-se-tine-de-blanco-y-rojo-este-jueves-debido-a-la-celebracion-del-dia-internacional-de-las-personas-sordociegas\\\/#primaryimage\"},\"thumbnailUrl\":\"https:\\\/\\\/www.laguiadepamplona.com\\\/actualidad\\\/wp-content\\\/uploads\\\/2021\\\/10\\\/ayuntamiento-rojo.jpg\",\"datePublished\":\"2024-06-26T11:32:51+00:00\",\"description\":\"La sordoceguera es una discapacidad que sufre un porcentaje bajo de la poblaci\u00f3n y que consiste en una condici\u00f3n que afecta de forma severa\",\"breadcrumb\":{\"@id\":\"https:\\\/\\\/www.laguiadepamplona.com\\\/actualidad\\\/la-fachada-de-la-casa-consistorial-se-tine-de-blanco-y-rojo-este-jueves-debido-a-la-celebracion-del-dia-internacional-de-las-personas-sordociegas\\\/#breadcrumb\"},\"inLanguage\":\"es\",\"potentialAction\":[{\"@type\":\"ReadAction\",\"target\":[\"https:\\\/\\\/www.laguiadepamplona.com\\\/actualidad\\\/la-fachada-de-la-casa-consistorial-se-tine-de-blanco-y-rojo-este-jueves-debido-a-la-celebracion-del-dia-internacional-de-las-personas-sordociegas\\\/\"]}]},{\"@type\":\"ImageObject\",\"inLanguage\":\"es\",\"@id\":\"https:\\\/\\\/www.laguiadepamplona.com\\\/actualidad\\\/la-fachada-de-la-casa-consistorial-se-tine-de-blanco-y-rojo-este-jueves-debido-a-la-celebracion-del-dia-internacional-de-las-personas-sordociegas\\\/#primaryimage\",\"url\":\"https:\\\/\\\/www.laguiadepamplona.com\\\/actualidad\\\/wp-content\\\/uploads\\\/2021\\\/10\\\/ayuntamiento-rojo.jpg\",\"contentUrl\":\"https:\\\/\\\/www.laguiadepamplona.com\\\/actualidad\\\/wp-content\\\/uploads\\\/2021\\\/10\\\/ayuntamiento-rojo.jpg\",\"width\":1529,\"height\":1019,\"caption\":\"ayuntamiento rojo\"},{\"@type\":\"BreadcrumbList\",\"@id\":\"https:\\\/\\\/www.laguiadepamplona.com\\\/actualidad\\\/la-fachada-de-la-casa-consistorial-se-tine-de-blanco-y-rojo-este-jueves-debido-a-la-celebracion-del-dia-internacional-de-las-personas-sordociegas\\\/#breadcrumb\",\"itemListElement\":[{\"@type\":\"ListItem\",\"position\":1,\"name\":\"Portada\",\"item\":\"https:\\\/\\\/www.laguiadepamplona.com\\\/actualidad\\\/\"},{\"@type\":\"ListItem\",\"position\":2,\"name\":\"La fachada de la Casa Consistorial se ti\u00f1e de blanco y rojo este jueves debido a la celebraci\u00f3n del D\u00eda Internacional de las Personas Sordociegas\"}]},{\"@type\":\"WebSite\",\"@id\":\"https:\\\/\\\/www.laguiadepamplona.com\\\/actualidad\\\/#website\",\"url\":\"https:\\\/\\\/www.laguiadepamplona.com\\\/actualidad\\\/\",\"name\":\"La gu\u00eda de Pamplona\",\"description\":\"Noticias de Pamplona\",\"publisher\":{\"@id\":\"https:\\\/\\\/www.laguiadepamplona.com\\\/actualidad\\\/#organization\"},\"potentialAction\":[{\"@type\":\"SearchAction\",\"target\":{\"@type\":\"EntryPoint\",\"urlTemplate\":\"https:\\\/\\\/www.laguiadepamplona.com\\\/actualidad\\\/?s={search_term_string}\"},\"query-input\":{\"@type\":\"PropertyValueSpecification\",\"valueRequired\":true,\"valueName\":\"search_term_string\"}}],\"inLanguage\":\"es\"},{\"@type\":\"Organization\",\"@id\":\"https:\\\/\\\/www.laguiadepamplona.com\\\/actualidad\\\/#organization\",\"name\":\"La Gu\u00eda de Pamplona \\\/ Noticias\",\"url\":\"https:\\\/\\\/www.laguiadepamplona.com\\\/actualidad\\\/\",\"logo\":{\"@type\":\"ImageObject\",\"inLanguage\":\"es\",\"@id\":\"https:\\\/\\\/www.laguiadepamplona.com\\\/actualidad\\\/#\\\/schema\\\/logo\\\/image\\\/\",\"url\":\"https:\\\/\\\/www.laguiadepamplona.com\\\/actualidad\\\/wp-content\\\/uploads\\\/2018\\\/11\\\/logo-laguiadepamplona18-web1.png\",\"contentUrl\":\"https:\\\/\\\/www.laguiadepamplona.com\\\/actualidad\\\/wp-content\\\/uploads\\\/2018\\\/11\\\/logo-laguiadepamplona18-web1.png\",\"width\":600,\"height\":196,\"caption\":\"La Gu\u00eda de Pamplona \\\/ Noticias\"},\"image\":{\"@id\":\"https:\\\/\\\/www.laguiadepamplona.com\\\/actualidad\\\/#\\\/schema\\\/logo\\\/image\\\/\"},\"sameAs\":[\"https:\\\/\\\/www.facebook.com\\\/laguiadepamplonacom-133175176762273\\\/?ref=hl\",\"https:\\\/\\\/x.com\\\/LaGuiadPamplona\",\"https:\\\/\\\/www.instagram.com\\\/la_guia_de_pamplona\\\/\",\"https:\\\/\\\/www.youtube.com\\\/user\\\/laguiadepamplona\"]},{\"@type\":\"Person\",\"@id\":\"https:\\\/\\\/www.laguiadepamplona.com\\\/actualidad\\\/#\\\/schema\\\/person\\\/efe887376f0213d4657c93adc50b1fdb\",\"name\":\"La Gu\u00eda de Pamplona\",\"image\":{\"@type\":\"ImageObject\",\"inLanguage\":\"es\",\"@id\":\"https:\\\/\\\/secure.gravatar.com\\\/avatar\\\/b6992f131dc8d30ab0dff15446e9d346d9dbd95992de0fef795073f5ea83a81c?s=96&d=mm&r=g\",\"url\":\"https:\\\/\\\/secure.gravatar.com\\\/avatar\\\/b6992f131dc8d30ab0dff15446e9d346d9dbd95992de0fef795073f5ea83a81c?s=96&d=mm&r=g\",\"contentUrl\":\"https:\\\/\\\/secure.gravatar.com\\\/avatar\\\/b6992f131dc8d30ab0dff15446e9d346d9dbd95992de0fef795073f5ea83a81c?s=96&d=mm&r=g\",\"caption\":\"La Gu\u00eda de Pamplona\"}}]}<\/script>\n<!-- \/ Yoast SEO plugin. -->","yoast_head_json":{"title":"La fachada de la Casa Consistorial se ti\u00f1e de blanco y rojo este jueves debido a la celebraci\u00f3n del D\u00eda Internacional de las Personas Sordociegas","description":"La sordoceguera es una discapacidad que sufre un porcentaje bajo de la poblaci\u00f3n y que consiste en una condici\u00f3n que afecta de forma severa","robots":{"index":"index","follow":"follow","max-snippet":"max-snippet:-1","max-image-preview":"max-image-preview:large","max-video-preview":"max-video-preview:-1"},"canonical":"https:\/\/www.laguiadepamplona.com\/actualidad\/la-fachada-de-la-casa-consistorial-se-tine-de-blanco-y-rojo-este-jueves-debido-a-la-celebracion-del-dia-internacional-de-las-personas-sordociegas\/","og_locale":"es_ES","og_type":"article","og_title":"La fachada de la Casa Consistorial se ti\u00f1e de blanco y rojo este jueves debido a la celebraci\u00f3n del D\u00eda Internacional de las Personas Sordociegas","og_description":"La sordoceguera es una discapacidad que sufre un porcentaje bajo de la poblaci\u00f3n y que consiste en una condici\u00f3n que afecta de forma severa","og_url":"https:\/\/www.laguiadepamplona.com\/actualidad\/la-fachada-de-la-casa-consistorial-se-tine-de-blanco-y-rojo-este-jueves-debido-a-la-celebracion-del-dia-internacional-de-las-personas-sordociegas\/","og_site_name":"La Gu\u00eda de Pamplona","article_publisher":"https:\/\/www.facebook.com\/laguiadepamplonacom-133175176762273\/?ref=hl","article_published_time":"2024-06-26T11:32:51+00:00","og_image":[{"width":1529,"height":1019,"url":"https:\/\/www.laguiadepamplona.com\/actualidad\/wp-content\/uploads\/2021\/10\/ayuntamiento-rojo.jpg","type":"image\/jpeg"}],"author":"La Gu\u00eda de Pamplona","twitter_card":"summary_large_image","twitter_creator":"@LaGuiadPamplona","twitter_site":"@LaGuiadPamplona","twitter_misc":{"Escrito por":"La Gu\u00eda de Pamplona","Tiempo de lectura":"2 minutos"},"schema":{"@context":"https:\/\/schema.org","@graph":[{"@type":"Article","@id":"https:\/\/www.laguiadepamplona.com\/actualidad\/la-fachada-de-la-casa-consistorial-se-tine-de-blanco-y-rojo-este-jueves-debido-a-la-celebracion-del-dia-internacional-de-las-personas-sordociegas\/#article","isPartOf":{"@id":"https:\/\/www.laguiadepamplona.com\/actualidad\/la-fachada-de-la-casa-consistorial-se-tine-de-blanco-y-rojo-este-jueves-debido-a-la-celebracion-del-dia-internacional-de-las-personas-sordociegas\/"},"author":{"name":"La Gu\u00eda de Pamplona","@id":"https:\/\/www.laguiadepamplona.com\/actualidad\/#\/schema\/person\/efe887376f0213d4657c93adc50b1fdb"},"headline":"La fachada de la Casa Consistorial se ti\u00f1e de blanco y rojo este jueves debido a la celebraci\u00f3n del D\u00eda Internacional de las Personas Sordociegas","datePublished":"2024-06-26T11:32:51+00:00","mainEntityOfPage":{"@id":"https:\/\/www.laguiadepamplona.com\/actualidad\/la-fachada-de-la-casa-consistorial-se-tine-de-blanco-y-rojo-este-jueves-debido-a-la-celebracion-del-dia-internacional-de-las-personas-sordociegas\/"},"wordCount":309,"commentCount":0,"publisher":{"@id":"https:\/\/www.laguiadepamplona.com\/actualidad\/#organization"},"image":{"@id":"https:\/\/www.laguiadepamplona.com\/actualidad\/la-fachada-de-la-casa-consistorial-se-tine-de-blanco-y-rojo-este-jueves-debido-a-la-celebracion-del-dia-internacional-de-las-personas-sordociegas\/#primaryimage"},"thumbnailUrl":"https:\/\/www.laguiadepamplona.com\/actualidad\/wp-content\/uploads\/2021\/10\/ayuntamiento-rojo.jpg","articleSection":["Ayto Pamplona"],"inLanguage":"es","potentialAction":[{"@type":"CommentAction","name":"Comment","target":["https:\/\/www.laguiadepamplona.com\/actualidad\/la-fachada-de-la-casa-consistorial-se-tine-de-blanco-y-rojo-este-jueves-debido-a-la-celebracion-del-dia-internacional-de-las-personas-sordociegas\/#respond"]}]},{"@type":"WebPage","@id":"https:\/\/www.laguiadepamplona.com\/actualidad\/la-fachada-de-la-casa-consistorial-se-tine-de-blanco-y-rojo-este-jueves-debido-a-la-celebracion-del-dia-internacional-de-las-personas-sordociegas\/","url":"https:\/\/www.laguiadepamplona.com\/actualidad\/la-fachada-de-la-casa-consistorial-se-tine-de-blanco-y-rojo-este-jueves-debido-a-la-celebracion-del-dia-internacional-de-las-personas-sordociegas\/","name":"La fachada de la Casa Consistorial se ti\u00f1e de blanco y rojo este jueves debido a la celebraci\u00f3n del D\u00eda Internacional de las Personas Sordociegas","isPartOf":{"@id":"https:\/\/www.laguiadepamplona.com\/actualidad\/#website"},"primaryImageOfPage":{"@id":"https:\/\/www.laguiadepamplona.com\/actualidad\/la-fachada-de-la-casa-consistorial-se-tine-de-blanco-y-rojo-este-jueves-debido-a-la-celebracion-del-dia-internacional-de-las-personas-sordociegas\/#primaryimage"},"image":{"@id":"https:\/\/www.laguiadepamplona.com\/actualidad\/la-fachada-de-la-casa-consistorial-se-tine-de-blanco-y-rojo-este-jueves-debido-a-la-celebracion-del-dia-internacional-de-las-personas-sordociegas\/#primaryimage"},"thumbnailUrl":"https:\/\/www.laguiadepamplona.com\/actualidad\/wp-content\/uploads\/2021\/10\/ayuntamiento-rojo.jpg","datePublished":"2024-06-26T11:32:51+00:00","description":"La sordoceguera es una discapacidad que sufre un porcentaje bajo de la poblaci\u00f3n y que consiste en una condici\u00f3n que afecta de forma severa","breadcrumb":{"@id":"https:\/\/www.laguiadepamplona.com\/actualidad\/la-fachada-de-la-casa-consistorial-se-tine-de-blanco-y-rojo-este-jueves-debido-a-la-celebracion-del-dia-internacional-de-las-personas-sordociegas\/#breadcrumb"},"inLanguage":"es","potentialAction":[{"@type":"ReadAction","target":["https:\/\/www.laguiadepamplona.com\/actualidad\/la-fachada-de-la-casa-consistorial-se-tine-de-blanco-y-rojo-este-jueves-debido-a-la-celebracion-del-dia-internacional-de-las-personas-sordociegas\/"]}]},{"@type":"ImageObject","inLanguage":"es","@id":"https:\/\/www.laguiadepamplona.com\/actualidad\/la-fachada-de-la-casa-consistorial-se-tine-de-blanco-y-rojo-este-jueves-debido-a-la-celebracion-del-dia-internacional-de-las-personas-sordociegas\/#primaryimage","url":"https:\/\/www.laguiadepamplona.com\/actualidad\/wp-content\/uploads\/2021\/10\/ayuntamiento-rojo.jpg","contentUrl":"https:\/\/www.laguiadepamplona.com\/actualidad\/wp-content\/uploads\/2021\/10\/ayuntamiento-rojo.jpg","width":1529,"height":1019,"caption":"ayuntamiento rojo"},{"@type":"BreadcrumbList","@id":"https:\/\/www.laguiadepamplona.com\/actualidad\/la-fachada-de-la-casa-consistorial-se-tine-de-blanco-y-rojo-este-jueves-debido-a-la-celebracion-del-dia-internacional-de-las-personas-sordociegas\/#breadcrumb","itemListElement":[{"@type":"ListItem","position":1,"name":"Portada","item":"https:\/\/www.laguiadepamplona.com\/actualidad\/"},{"@type":"ListItem","position":2,"name":"La fachada de la Casa Consistorial se ti\u00f1e de blanco y rojo este jueves debido a la celebraci\u00f3n del D\u00eda Internacional de las Personas Sordociegas"}]},{"@type":"WebSite","@id":"https:\/\/www.laguiadepamplona.com\/actualidad\/#website","url":"https:\/\/www.laguiadepamplona.com\/actualidad\/","name":"La gu\u00eda de Pamplona","description":"Noticias de Pamplona","publisher":{"@id":"https:\/\/www.laguiadepamplona.com\/actualidad\/#organization"},"potentialAction":[{"@type":"SearchAction","target":{"@type":"EntryPoint","urlTemplate":"https:\/\/www.laguiadepamplona.com\/actualidad\/?s={search_term_string}"},"query-input":{"@type":"PropertyValueSpecification","valueRequired":true,"valueName":"search_term_string"}}],"inLanguage":"es"},{"@type":"Organization","@id":"https:\/\/www.laguiadepamplona.com\/actualidad\/#organization","name":"La Gu\u00eda de Pamplona \/ Noticias","url":"https:\/\/www.laguiadepamplona.com\/actualidad\/","logo":{"@type":"ImageObject","inLanguage":"es","@id":"https:\/\/www.laguiadepamplona.com\/actualidad\/#\/schema\/logo\/image\/","url":"https:\/\/www.laguiadepamplona.com\/actualidad\/wp-content\/uploads\/2018\/11\/logo-laguiadepamplona18-web1.png","contentUrl":"https:\/\/www.laguiadepamplona.com\/actualidad\/wp-content\/uploads\/2018\/11\/logo-laguiadepamplona18-web1.png","width":600,"height":196,"caption":"La Gu\u00eda de Pamplona \/ Noticias"},"image":{"@id":"https:\/\/www.laguiadepamplona.com\/actualidad\/#\/schema\/logo\/image\/"},"sameAs":["https:\/\/www.facebook.com\/laguiadepamplonacom-133175176762273\/?ref=hl","https:\/\/x.com\/LaGuiadPamplona","https:\/\/www.instagram.com\/la_guia_de_pamplona\/","https:\/\/www.youtube.com\/user\/laguiadepamplona"]},{"@type":"Person","@id":"https:\/\/www.laguiadepamplona.com\/actualidad\/#\/schema\/person\/efe887376f0213d4657c93adc50b1fdb","name":"La Gu\u00eda de Pamplona","image":{"@type":"ImageObject","inLanguage":"es","@id":"https:\/\/secure.gravatar.com\/avatar\/b6992f131dc8d30ab0dff15446e9d346d9dbd95992de0fef795073f5ea83a81c?s=96&d=mm&r=g","url":"https:\/\/secure.gravatar.com\/avatar\/b6992f131dc8d30ab0dff15446e9d346d9dbd95992de0fef795073f5ea83a81c?s=96&d=mm&r=g","contentUrl":"https:\/\/secure.gravatar.com\/avatar\/b6992f131dc8d30ab0dff15446e9d346d9dbd95992de0fef795073f5ea83a81c?s=96&d=mm&r=g","caption":"La Gu\u00eda de Pamplona"}}]}},"post_mailing_queue_ids":[],"_links":{"self":[{"href":"https:\/\/www.laguiadepamplona.com\/actualidad\/wp-json\/wp\/v2\/posts\/50208","targetHints":{"allow":["GET"]}}],"collection":[{"href":"https:\/\/www.laguiadepamplona.com\/actualidad\/wp-json\/wp\/v2\/posts"}],"about":[{"href":"https:\/\/www.laguiadepamplona.com\/actualidad\/wp-json\/wp\/v2\/types\/post"}],"author":[{"embeddable":true,"href":"https:\/\/www.laguiadepamplona.com\/actualidad\/wp-json\/wp\/v2\/users\/1"}],"replies":[{"embeddable":true,"href":"https:\/\/www.laguiadepamplona.com\/actualidad\/wp-json\/wp\/v2\/comments?post=50208"}],"version-history":[{"count":1,"href":"https:\/\/www.laguiadepamplona.com\/actualidad\/wp-json\/wp\/v2\/posts\/50208\/revisions"}],"predecessor-version":[{"id":50209,"href":"https:\/\/www.laguiadepamplona.com\/actualidad\/wp-json\/wp\/v2\/posts\/50208\/revisions\/50209"}],"wp:featuredmedia":[{"embeddable":true,"href":"https:\/\/www.laguiadepamplona.com\/actualidad\/wp-json\/wp\/v2\/media\/36967"}],"wp:attachment":[{"href":"https:\/\/www.laguiadepamplona.com\/actualidad\/wp-json\/wp\/v2\/media?parent=50208"}],"wp:term":[{"taxonomy":"category","embeddable":true,"href":"https:\/\/www.laguiadepamplona.com\/actualidad\/wp-json\/wp\/v2\/categories?post=50208"},{"taxonomy":"post_tag","embeddable":true,"href":"https:\/\/www.laguiadepamplona.com\/actualidad\/wp-json\/wp\/v2\/tags?post=50208"}],"curies":[{"name":"wp","href":"https:\/\/api.w.org\/{rel}","templated":true}]}}