{"id":50202,"date":"2024-06-26T13:28:54","date_gmt":"2024-06-26T11:28:54","guid":{"rendered":"https:\/\/www.laguiadepamplona.com\/actualidad\/?p=50202"},"modified":"2024-06-26T13:28:54","modified_gmt":"2024-06-26T11:28:54","slug":"el-alcalde-de-pamplona-joseba-asiron-analiza-con-el-ministro-de-cultura-ernest-urtasun-los-retos-culturales-de-la-ciudad","status":"publish","type":"post","link":"https:\/\/www.laguiadepamplona.com\/actualidad\/el-alcalde-de-pamplona-joseba-asiron-analiza-con-el-ministro-de-cultura-ernest-urtasun-los-retos-culturales-de-la-ciudad\/","title":{"rendered":"El alcalde de Pamplona, Joseba Asiron, analiza con el ministro de Cultura, Ernest Urtasun, los retos culturales de la ciudad"},"content":{"rendered":"<h2>El proyecto de centro de cultura contempor\u00e1nea en Ciudadela, la reforma de Casa Arraiza como residencia para artistas y el proyecto sobre Patrimonio Cultural Inmaterial en contextos urbanos, temas de la reuni\u00f3n<\/h2>\n<p><!--more--><\/p>\n<p>El alcalde de Pamplona, Joseba Asiron, ha recibido en la Casa Consistorial al ministro de Cultura del Gobierno de Espa\u00f1a, Ernest Urtasun, de visita institucional a la Comunidad foral. El encuentro ha servido para abordar distintos proyectos culturales que el Ayuntamiento quiere poner en marcha. En este sentido, Asiron ha presentado a Urtasun iniciativas como el proyecto de centro de cultura contempor\u00e1nea en la Ciudadela o la rehabilitaci\u00f3n de Casa Arraiza como residencia eventual de artistas. Urtasun y Asiron han analizado tambi\u00e9n\u00a0el proyecto de investigaci\u00f3n piloto puesto en marcha en Pamplona sobre el Patrimonio Cultural Inmaterial (PCI) en contextos urbanos, una iniciativa del Ministerio de Cultura.<\/p>\n<p>De esta forma, durante el encuentro, el alcalde Asiron ha presentado al ministro el proyecto de Casa Arraiza, una iniciativa que quiere reconvertir este espacio en un punto de referencia para la cultura en la capital navarra. El Ayuntamiento sac\u00f3 a concurso el dise\u00f1o para la renovaci\u00f3n de este edificio, ubicado en Aranzadi y construido en 1915. La propuesta de intervenci\u00f3n adjudicataria del contrato mantendr\u00e1 la trama de los edificios y conservar\u00e1 el valor patrimonial de las estructuras vegetales y arbolado del jard\u00edn, si bien adaptar\u00e1 el inmueble a los nuevos usos. El Consistorio prev\u00e9 destinar alrededor de 3 millones de euros a este proyecto, que supone actuar sobre una superficie total de 7.650 metros cuadrados.<\/p>\n<p>Adem\u00e1s, ambos mandatarios han abordado la importancia de trabajar juntos para la promoci\u00f3n y protecci\u00f3n del patrimonio cultural, material e inmaterial. \u00c9ste \u00faltimo a trav\u00e9s de iniciativas como el proyecto de investigaci\u00f3n que est\u00e1 desarrollando la empresa Labrit Patrimonio de forma piloto por encargo del Ministerio de Cultura. El estudio se desarrollar\u00e1 en Pamplona, Madrid, Palma, Bilbao y Granada, y servir\u00e1 para generar una metodolog\u00eda pionera en la gesti\u00f3n del Patrimonio Cultural Inmaterial que pueda ser replicable en otros contextos urbanos de este tipo. Los retos para la salvaguardia del patrimonio inmaterial en territorios urbanos requieren la colaboraci\u00f3n entre diversos agentes y \u00e1reas como la de planeamiento urbana, las pol\u00edticas culturales, gestores y portadores del patrimonio, siempre pensando en su aprovechamiento como factor de desarrollo urbano sostenible.<\/p>\n<p>El encuentro ha concluido con la presentaci\u00f3n del proyecto de centro de cultura contempor\u00e1nea, que quiere convertir a la Ciudadela de Pamplona en punto de encuentro cultural, acogiendo todo tipo de expresiones art\u00edsticas.<\/p>\n","protected":false},"excerpt":{"rendered":"<p>El proyecto de centro de cultura contempor\u00e1nea en Ciudadela, la reforma de Casa Arraiza como residencia para artistas y el proyecto sobre Patrimonio Cultural Inmaterial en contextos urbanos, temas de&#8230;<\/p>\n","protected":false},"author":1,"featured_media":50203,"comment_status":"open","ping_status":"closed","sticky":false,"template":"","format":"standard","meta":{"footnotes":""},"categories":[2],"tags":[],"class_list":["post-50202","post","type-post","status-publish","format-standard","has-post-thumbnail","hentry","category-ayuntamiento-pamplona"],"yoast_head":"<!-- This site is optimized with the Yoast SEO plugin v27.3 - https:\/\/yoast.com\/product\/yoast-seo-wordpress\/ -->\n<title>El alcalde de Pamplona, Joseba Asiron, analiza con el ministro de Cultura, Ernest Urtasun, los retos culturales de la ciudad<\/title>\n<meta name=\"description\" content=\"El proyecto de centro de cultura contempor\u00e1nea en Ciudadela, la reforma de Casa Arraiza como residencia para artistas\" \/>\n<meta name=\"robots\" content=\"index, follow, max-snippet:-1, max-image-preview:large, max-video-preview:-1\" \/>\n<link rel=\"canonical\" href=\"https:\/\/www.laguiadepamplona.com\/actualidad\/el-alcalde-de-pamplona-joseba-asiron-analiza-con-el-ministro-de-cultura-ernest-urtasun-los-retos-culturales-de-la-ciudad\/\" \/>\n<meta property=\"og:locale\" content=\"es_ES\" \/>\n<meta property=\"og:type\" content=\"article\" \/>\n<meta property=\"og:title\" content=\"El alcalde de Pamplona, Joseba Asiron, analiza con el ministro de Cultura, Ernest Urtasun, los retos culturales de la ciudad\" \/>\n<meta property=\"og:description\" content=\"El proyecto de centro de cultura contempor\u00e1nea en Ciudadela, la reforma de Casa Arraiza como residencia para artistas\" \/>\n<meta property=\"og:url\" content=\"https:\/\/www.laguiadepamplona.com\/actualidad\/el-alcalde-de-pamplona-joseba-asiron-analiza-con-el-ministro-de-cultura-ernest-urtasun-los-retos-culturales-de-la-ciudad\/\" \/>\n<meta property=\"og:site_name\" content=\"La Gu\u00eda de Pamplona\" \/>\n<meta property=\"article:publisher\" content=\"https:\/\/www.facebook.com\/laguiadepamplonacom-133175176762273\/?ref=hl\" \/>\n<meta property=\"article:published_time\" content=\"2024-06-26T11:28:54+00:00\" \/>\n<meta property=\"og:image\" content=\"https:\/\/www.laguiadepamplona.com\/actualidad\/wp-content\/uploads\/2024\/06\/visitaministrocde5a11876.webp\" \/>\n\t<meta property=\"og:image:width\" content=\"1000\" \/>\n\t<meta property=\"og:image:height\" content=\"667\" \/>\n\t<meta property=\"og:image:type\" content=\"image\/webp\" \/>\n<meta name=\"author\" content=\"La Gu\u00eda de Pamplona\" \/>\n<meta name=\"twitter:card\" content=\"summary_large_image\" \/>\n<meta name=\"twitter:creator\" content=\"@LaGuiadPamplona\" \/>\n<meta name=\"twitter:site\" content=\"@LaGuiadPamplona\" \/>\n<meta name=\"twitter:label1\" content=\"Escrito por\" \/>\n\t<meta name=\"twitter:data1\" content=\"La Gu\u00eda de Pamplona\" \/>\n\t<meta name=\"twitter:label2\" content=\"Tiempo de lectura\" \/>\n\t<meta name=\"twitter:data2\" content=\"2 minutos\" \/>\n<script type=\"application\/ld+json\" class=\"yoast-schema-graph\">{\"@context\":\"https:\\\/\\\/schema.org\",\"@graph\":[{\"@type\":\"Article\",\"@id\":\"https:\\\/\\\/www.laguiadepamplona.com\\\/actualidad\\\/el-alcalde-de-pamplona-joseba-asiron-analiza-con-el-ministro-de-cultura-ernest-urtasun-los-retos-culturales-de-la-ciudad\\\/#article\",\"isPartOf\":{\"@id\":\"https:\\\/\\\/www.laguiadepamplona.com\\\/actualidad\\\/el-alcalde-de-pamplona-joseba-asiron-analiza-con-el-ministro-de-cultura-ernest-urtasun-los-retos-culturales-de-la-ciudad\\\/\"},\"author\":{\"name\":\"La Gu\u00eda de Pamplona\",\"@id\":\"https:\\\/\\\/www.laguiadepamplona.com\\\/actualidad\\\/#\\\/schema\\\/person\\\/efe887376f0213d4657c93adc50b1fdb\"},\"headline\":\"El alcalde de Pamplona, Joseba Asiron, analiza con el ministro de Cultura, Ernest Urtasun, los retos culturales de la ciudad\",\"datePublished\":\"2024-06-26T11:28:54+00:00\",\"mainEntityOfPage\":{\"@id\":\"https:\\\/\\\/www.laguiadepamplona.com\\\/actualidad\\\/el-alcalde-de-pamplona-joseba-asiron-analiza-con-el-ministro-de-cultura-ernest-urtasun-los-retos-culturales-de-la-ciudad\\\/\"},\"wordCount\":455,\"commentCount\":0,\"publisher\":{\"@id\":\"https:\\\/\\\/www.laguiadepamplona.com\\\/actualidad\\\/#organization\"},\"image\":{\"@id\":\"https:\\\/\\\/www.laguiadepamplona.com\\\/actualidad\\\/el-alcalde-de-pamplona-joseba-asiron-analiza-con-el-ministro-de-cultura-ernest-urtasun-los-retos-culturales-de-la-ciudad\\\/#primaryimage\"},\"thumbnailUrl\":\"https:\\\/\\\/www.laguiadepamplona.com\\\/actualidad\\\/wp-content\\\/uploads\\\/2024\\\/06\\\/visitaministrocde5a11876.webp\",\"articleSection\":[\"Ayto Pamplona\"],\"inLanguage\":\"es\",\"potentialAction\":[{\"@type\":\"CommentAction\",\"name\":\"Comment\",\"target\":[\"https:\\\/\\\/www.laguiadepamplona.com\\\/actualidad\\\/el-alcalde-de-pamplona-joseba-asiron-analiza-con-el-ministro-de-cultura-ernest-urtasun-los-retos-culturales-de-la-ciudad\\\/#respond\"]}]},{\"@type\":\"WebPage\",\"@id\":\"https:\\\/\\\/www.laguiadepamplona.com\\\/actualidad\\\/el-alcalde-de-pamplona-joseba-asiron-analiza-con-el-ministro-de-cultura-ernest-urtasun-los-retos-culturales-de-la-ciudad\\\/\",\"url\":\"https:\\\/\\\/www.laguiadepamplona.com\\\/actualidad\\\/el-alcalde-de-pamplona-joseba-asiron-analiza-con-el-ministro-de-cultura-ernest-urtasun-los-retos-culturales-de-la-ciudad\\\/\",\"name\":\"El alcalde de Pamplona, Joseba Asiron, analiza con el ministro de Cultura, Ernest Urtasun, los retos culturales de la ciudad\",\"isPartOf\":{\"@id\":\"https:\\\/\\\/www.laguiadepamplona.com\\\/actualidad\\\/#website\"},\"primaryImageOfPage\":{\"@id\":\"https:\\\/\\\/www.laguiadepamplona.com\\\/actualidad\\\/el-alcalde-de-pamplona-joseba-asiron-analiza-con-el-ministro-de-cultura-ernest-urtasun-los-retos-culturales-de-la-ciudad\\\/#primaryimage\"},\"image\":{\"@id\":\"https:\\\/\\\/www.laguiadepamplona.com\\\/actualidad\\\/el-alcalde-de-pamplona-joseba-asiron-analiza-con-el-ministro-de-cultura-ernest-urtasun-los-retos-culturales-de-la-ciudad\\\/#primaryimage\"},\"thumbnailUrl\":\"https:\\\/\\\/www.laguiadepamplona.com\\\/actualidad\\\/wp-content\\\/uploads\\\/2024\\\/06\\\/visitaministrocde5a11876.webp\",\"datePublished\":\"2024-06-26T11:28:54+00:00\",\"description\":\"El proyecto de centro de cultura contempor\u00e1nea en Ciudadela, la reforma de Casa Arraiza como residencia para artistas\",\"breadcrumb\":{\"@id\":\"https:\\\/\\\/www.laguiadepamplona.com\\\/actualidad\\\/el-alcalde-de-pamplona-joseba-asiron-analiza-con-el-ministro-de-cultura-ernest-urtasun-los-retos-culturales-de-la-ciudad\\\/#breadcrumb\"},\"inLanguage\":\"es\",\"potentialAction\":[{\"@type\":\"ReadAction\",\"target\":[\"https:\\\/\\\/www.laguiadepamplona.com\\\/actualidad\\\/el-alcalde-de-pamplona-joseba-asiron-analiza-con-el-ministro-de-cultura-ernest-urtasun-los-retos-culturales-de-la-ciudad\\\/\"]}]},{\"@type\":\"ImageObject\",\"inLanguage\":\"es\",\"@id\":\"https:\\\/\\\/www.laguiadepamplona.com\\\/actualidad\\\/el-alcalde-de-pamplona-joseba-asiron-analiza-con-el-ministro-de-cultura-ernest-urtasun-los-retos-culturales-de-la-ciudad\\\/#primaryimage\",\"url\":\"https:\\\/\\\/www.laguiadepamplona.com\\\/actualidad\\\/wp-content\\\/uploads\\\/2024\\\/06\\\/visitaministrocde5a11876.webp\",\"contentUrl\":\"https:\\\/\\\/www.laguiadepamplona.com\\\/actualidad\\\/wp-content\\\/uploads\\\/2024\\\/06\\\/visitaministrocde5a11876.webp\",\"width\":1000,\"height\":667,\"caption\":\"visita ministro de cultura\"},{\"@type\":\"BreadcrumbList\",\"@id\":\"https:\\\/\\\/www.laguiadepamplona.com\\\/actualidad\\\/el-alcalde-de-pamplona-joseba-asiron-analiza-con-el-ministro-de-cultura-ernest-urtasun-los-retos-culturales-de-la-ciudad\\\/#breadcrumb\",\"itemListElement\":[{\"@type\":\"ListItem\",\"position\":1,\"name\":\"Portada\",\"item\":\"https:\\\/\\\/www.laguiadepamplona.com\\\/actualidad\\\/\"},{\"@type\":\"ListItem\",\"position\":2,\"name\":\"El alcalde de Pamplona, Joseba Asiron, analiza con el ministro de Cultura, Ernest Urtasun, los retos culturales de la ciudad\"}]},{\"@type\":\"WebSite\",\"@id\":\"https:\\\/\\\/www.laguiadepamplona.com\\\/actualidad\\\/#website\",\"url\":\"https:\\\/\\\/www.laguiadepamplona.com\\\/actualidad\\\/\",\"name\":\"La gu\u00eda de Pamplona\",\"description\":\"Noticias de Pamplona\",\"publisher\":{\"@id\":\"https:\\\/\\\/www.laguiadepamplona.com\\\/actualidad\\\/#organization\"},\"potentialAction\":[{\"@type\":\"SearchAction\",\"target\":{\"@type\":\"EntryPoint\",\"urlTemplate\":\"https:\\\/\\\/www.laguiadepamplona.com\\\/actualidad\\\/?s={search_term_string}\"},\"query-input\":{\"@type\":\"PropertyValueSpecification\",\"valueRequired\":true,\"valueName\":\"search_term_string\"}}],\"inLanguage\":\"es\"},{\"@type\":\"Organization\",\"@id\":\"https:\\\/\\\/www.laguiadepamplona.com\\\/actualidad\\\/#organization\",\"name\":\"La Gu\u00eda de Pamplona \\\/ Noticias\",\"url\":\"https:\\\/\\\/www.laguiadepamplona.com\\\/actualidad\\\/\",\"logo\":{\"@type\":\"ImageObject\",\"inLanguage\":\"es\",\"@id\":\"https:\\\/\\\/www.laguiadepamplona.com\\\/actualidad\\\/#\\\/schema\\\/logo\\\/image\\\/\",\"url\":\"https:\\\/\\\/www.laguiadepamplona.com\\\/actualidad\\\/wp-content\\\/uploads\\\/2018\\\/11\\\/logo-laguiadepamplona18-web1.png\",\"contentUrl\":\"https:\\\/\\\/www.laguiadepamplona.com\\\/actualidad\\\/wp-content\\\/uploads\\\/2018\\\/11\\\/logo-laguiadepamplona18-web1.png\",\"width\":600,\"height\":196,\"caption\":\"La Gu\u00eda de Pamplona \\\/ Noticias\"},\"image\":{\"@id\":\"https:\\\/\\\/www.laguiadepamplona.com\\\/actualidad\\\/#\\\/schema\\\/logo\\\/image\\\/\"},\"sameAs\":[\"https:\\\/\\\/www.facebook.com\\\/laguiadepamplonacom-133175176762273\\\/?ref=hl\",\"https:\\\/\\\/x.com\\\/LaGuiadPamplona\",\"https:\\\/\\\/www.instagram.com\\\/la_guia_de_pamplona\\\/\",\"https:\\\/\\\/www.youtube.com\\\/user\\\/laguiadepamplona\"]},{\"@type\":\"Person\",\"@id\":\"https:\\\/\\\/www.laguiadepamplona.com\\\/actualidad\\\/#\\\/schema\\\/person\\\/efe887376f0213d4657c93adc50b1fdb\",\"name\":\"La Gu\u00eda de Pamplona\",\"image\":{\"@type\":\"ImageObject\",\"inLanguage\":\"es\",\"@id\":\"https:\\\/\\\/secure.gravatar.com\\\/avatar\\\/b6992f131dc8d30ab0dff15446e9d346d9dbd95992de0fef795073f5ea83a81c?s=96&d=mm&r=g\",\"url\":\"https:\\\/\\\/secure.gravatar.com\\\/avatar\\\/b6992f131dc8d30ab0dff15446e9d346d9dbd95992de0fef795073f5ea83a81c?s=96&d=mm&r=g\",\"contentUrl\":\"https:\\\/\\\/secure.gravatar.com\\\/avatar\\\/b6992f131dc8d30ab0dff15446e9d346d9dbd95992de0fef795073f5ea83a81c?s=96&d=mm&r=g\",\"caption\":\"La Gu\u00eda de Pamplona\"}}]}<\/script>\n<!-- \/ Yoast SEO plugin. -->","yoast_head_json":{"title":"El alcalde de Pamplona, Joseba Asiron, analiza con el ministro de Cultura, Ernest Urtasun, los retos culturales de la ciudad","description":"El proyecto de centro de cultura contempor\u00e1nea en Ciudadela, la reforma de Casa Arraiza como residencia para artistas","robots":{"index":"index","follow":"follow","max-snippet":"max-snippet:-1","max-image-preview":"max-image-preview:large","max-video-preview":"max-video-preview:-1"},"canonical":"https:\/\/www.laguiadepamplona.com\/actualidad\/el-alcalde-de-pamplona-joseba-asiron-analiza-con-el-ministro-de-cultura-ernest-urtasun-los-retos-culturales-de-la-ciudad\/","og_locale":"es_ES","og_type":"article","og_title":"El alcalde de Pamplona, Joseba Asiron, analiza con el ministro de Cultura, Ernest Urtasun, los retos culturales de la ciudad","og_description":"El proyecto de centro de cultura contempor\u00e1nea en Ciudadela, la reforma de Casa Arraiza como residencia para artistas","og_url":"https:\/\/www.laguiadepamplona.com\/actualidad\/el-alcalde-de-pamplona-joseba-asiron-analiza-con-el-ministro-de-cultura-ernest-urtasun-los-retos-culturales-de-la-ciudad\/","og_site_name":"La Gu\u00eda de Pamplona","article_publisher":"https:\/\/www.facebook.com\/laguiadepamplonacom-133175176762273\/?ref=hl","article_published_time":"2024-06-26T11:28:54+00:00","og_image":[{"width":1000,"height":667,"url":"https:\/\/www.laguiadepamplona.com\/actualidad\/wp-content\/uploads\/2024\/06\/visitaministrocde5a11876.webp","type":"image\/webp"}],"author":"La Gu\u00eda de Pamplona","twitter_card":"summary_large_image","twitter_creator":"@LaGuiadPamplona","twitter_site":"@LaGuiadPamplona","twitter_misc":{"Escrito por":"La Gu\u00eda de Pamplona","Tiempo de lectura":"2 minutos"},"schema":{"@context":"https:\/\/schema.org","@graph":[{"@type":"Article","@id":"https:\/\/www.laguiadepamplona.com\/actualidad\/el-alcalde-de-pamplona-joseba-asiron-analiza-con-el-ministro-de-cultura-ernest-urtasun-los-retos-culturales-de-la-ciudad\/#article","isPartOf":{"@id":"https:\/\/www.laguiadepamplona.com\/actualidad\/el-alcalde-de-pamplona-joseba-asiron-analiza-con-el-ministro-de-cultura-ernest-urtasun-los-retos-culturales-de-la-ciudad\/"},"author":{"name":"La Gu\u00eda de Pamplona","@id":"https:\/\/www.laguiadepamplona.com\/actualidad\/#\/schema\/person\/efe887376f0213d4657c93adc50b1fdb"},"headline":"El alcalde de Pamplona, Joseba Asiron, analiza con el ministro de Cultura, Ernest Urtasun, los retos culturales de la ciudad","datePublished":"2024-06-26T11:28:54+00:00","mainEntityOfPage":{"@id":"https:\/\/www.laguiadepamplona.com\/actualidad\/el-alcalde-de-pamplona-joseba-asiron-analiza-con-el-ministro-de-cultura-ernest-urtasun-los-retos-culturales-de-la-ciudad\/"},"wordCount":455,"commentCount":0,"publisher":{"@id":"https:\/\/www.laguiadepamplona.com\/actualidad\/#organization"},"image":{"@id":"https:\/\/www.laguiadepamplona.com\/actualidad\/el-alcalde-de-pamplona-joseba-asiron-analiza-con-el-ministro-de-cultura-ernest-urtasun-los-retos-culturales-de-la-ciudad\/#primaryimage"},"thumbnailUrl":"https:\/\/www.laguiadepamplona.com\/actualidad\/wp-content\/uploads\/2024\/06\/visitaministrocde5a11876.webp","articleSection":["Ayto Pamplona"],"inLanguage":"es","potentialAction":[{"@type":"CommentAction","name":"Comment","target":["https:\/\/www.laguiadepamplona.com\/actualidad\/el-alcalde-de-pamplona-joseba-asiron-analiza-con-el-ministro-de-cultura-ernest-urtasun-los-retos-culturales-de-la-ciudad\/#respond"]}]},{"@type":"WebPage","@id":"https:\/\/www.laguiadepamplona.com\/actualidad\/el-alcalde-de-pamplona-joseba-asiron-analiza-con-el-ministro-de-cultura-ernest-urtasun-los-retos-culturales-de-la-ciudad\/","url":"https:\/\/www.laguiadepamplona.com\/actualidad\/el-alcalde-de-pamplona-joseba-asiron-analiza-con-el-ministro-de-cultura-ernest-urtasun-los-retos-culturales-de-la-ciudad\/","name":"El alcalde de Pamplona, Joseba Asiron, analiza con el ministro de Cultura, Ernest Urtasun, los retos culturales de la ciudad","isPartOf":{"@id":"https:\/\/www.laguiadepamplona.com\/actualidad\/#website"},"primaryImageOfPage":{"@id":"https:\/\/www.laguiadepamplona.com\/actualidad\/el-alcalde-de-pamplona-joseba-asiron-analiza-con-el-ministro-de-cultura-ernest-urtasun-los-retos-culturales-de-la-ciudad\/#primaryimage"},"image":{"@id":"https:\/\/www.laguiadepamplona.com\/actualidad\/el-alcalde-de-pamplona-joseba-asiron-analiza-con-el-ministro-de-cultura-ernest-urtasun-los-retos-culturales-de-la-ciudad\/#primaryimage"},"thumbnailUrl":"https:\/\/www.laguiadepamplona.com\/actualidad\/wp-content\/uploads\/2024\/06\/visitaministrocde5a11876.webp","datePublished":"2024-06-26T11:28:54+00:00","description":"El proyecto de centro de cultura contempor\u00e1nea en Ciudadela, la reforma de Casa Arraiza como residencia para artistas","breadcrumb":{"@id":"https:\/\/www.laguiadepamplona.com\/actualidad\/el-alcalde-de-pamplona-joseba-asiron-analiza-con-el-ministro-de-cultura-ernest-urtasun-los-retos-culturales-de-la-ciudad\/#breadcrumb"},"inLanguage":"es","potentialAction":[{"@type":"ReadAction","target":["https:\/\/www.laguiadepamplona.com\/actualidad\/el-alcalde-de-pamplona-joseba-asiron-analiza-con-el-ministro-de-cultura-ernest-urtasun-los-retos-culturales-de-la-ciudad\/"]}]},{"@type":"ImageObject","inLanguage":"es","@id":"https:\/\/www.laguiadepamplona.com\/actualidad\/el-alcalde-de-pamplona-joseba-asiron-analiza-con-el-ministro-de-cultura-ernest-urtasun-los-retos-culturales-de-la-ciudad\/#primaryimage","url":"https:\/\/www.laguiadepamplona.com\/actualidad\/wp-content\/uploads\/2024\/06\/visitaministrocde5a11876.webp","contentUrl":"https:\/\/www.laguiadepamplona.com\/actualidad\/wp-content\/uploads\/2024\/06\/visitaministrocde5a11876.webp","width":1000,"height":667,"caption":"visita ministro de cultura"},{"@type":"BreadcrumbList","@id":"https:\/\/www.laguiadepamplona.com\/actualidad\/el-alcalde-de-pamplona-joseba-asiron-analiza-con-el-ministro-de-cultura-ernest-urtasun-los-retos-culturales-de-la-ciudad\/#breadcrumb","itemListElement":[{"@type":"ListItem","position":1,"name":"Portada","item":"https:\/\/www.laguiadepamplona.com\/actualidad\/"},{"@type":"ListItem","position":2,"name":"El alcalde de Pamplona, Joseba Asiron, analiza con el ministro de Cultura, Ernest Urtasun, los retos culturales de la ciudad"}]},{"@type":"WebSite","@id":"https:\/\/www.laguiadepamplona.com\/actualidad\/#website","url":"https:\/\/www.laguiadepamplona.com\/actualidad\/","name":"La gu\u00eda de Pamplona","description":"Noticias de Pamplona","publisher":{"@id":"https:\/\/www.laguiadepamplona.com\/actualidad\/#organization"},"potentialAction":[{"@type":"SearchAction","target":{"@type":"EntryPoint","urlTemplate":"https:\/\/www.laguiadepamplona.com\/actualidad\/?s={search_term_string}"},"query-input":{"@type":"PropertyValueSpecification","valueRequired":true,"valueName":"search_term_string"}}],"inLanguage":"es"},{"@type":"Organization","@id":"https:\/\/www.laguiadepamplona.com\/actualidad\/#organization","name":"La Gu\u00eda de Pamplona \/ Noticias","url":"https:\/\/www.laguiadepamplona.com\/actualidad\/","logo":{"@type":"ImageObject","inLanguage":"es","@id":"https:\/\/www.laguiadepamplona.com\/actualidad\/#\/schema\/logo\/image\/","url":"https:\/\/www.laguiadepamplona.com\/actualidad\/wp-content\/uploads\/2018\/11\/logo-laguiadepamplona18-web1.png","contentUrl":"https:\/\/www.laguiadepamplona.com\/actualidad\/wp-content\/uploads\/2018\/11\/logo-laguiadepamplona18-web1.png","width":600,"height":196,"caption":"La Gu\u00eda de Pamplona \/ Noticias"},"image":{"@id":"https:\/\/www.laguiadepamplona.com\/actualidad\/#\/schema\/logo\/image\/"},"sameAs":["https:\/\/www.facebook.com\/laguiadepamplonacom-133175176762273\/?ref=hl","https:\/\/x.com\/LaGuiadPamplona","https:\/\/www.instagram.com\/la_guia_de_pamplona\/","https:\/\/www.youtube.com\/user\/laguiadepamplona"]},{"@type":"Person","@id":"https:\/\/www.laguiadepamplona.com\/actualidad\/#\/schema\/person\/efe887376f0213d4657c93adc50b1fdb","name":"La Gu\u00eda de Pamplona","image":{"@type":"ImageObject","inLanguage":"es","@id":"https:\/\/secure.gravatar.com\/avatar\/b6992f131dc8d30ab0dff15446e9d346d9dbd95992de0fef795073f5ea83a81c?s=96&d=mm&r=g","url":"https:\/\/secure.gravatar.com\/avatar\/b6992f131dc8d30ab0dff15446e9d346d9dbd95992de0fef795073f5ea83a81c?s=96&d=mm&r=g","contentUrl":"https:\/\/secure.gravatar.com\/avatar\/b6992f131dc8d30ab0dff15446e9d346d9dbd95992de0fef795073f5ea83a81c?s=96&d=mm&r=g","caption":"La Gu\u00eda de Pamplona"}}]}},"post_mailing_queue_ids":[],"_links":{"self":[{"href":"https:\/\/www.laguiadepamplona.com\/actualidad\/wp-json\/wp\/v2\/posts\/50202","targetHints":{"allow":["GET"]}}],"collection":[{"href":"https:\/\/www.laguiadepamplona.com\/actualidad\/wp-json\/wp\/v2\/posts"}],"about":[{"href":"https:\/\/www.laguiadepamplona.com\/actualidad\/wp-json\/wp\/v2\/types\/post"}],"author":[{"embeddable":true,"href":"https:\/\/www.laguiadepamplona.com\/actualidad\/wp-json\/wp\/v2\/users\/1"}],"replies":[{"embeddable":true,"href":"https:\/\/www.laguiadepamplona.com\/actualidad\/wp-json\/wp\/v2\/comments?post=50202"}],"version-history":[{"count":1,"href":"https:\/\/www.laguiadepamplona.com\/actualidad\/wp-json\/wp\/v2\/posts\/50202\/revisions"}],"predecessor-version":[{"id":50204,"href":"https:\/\/www.laguiadepamplona.com\/actualidad\/wp-json\/wp\/v2\/posts\/50202\/revisions\/50204"}],"wp:featuredmedia":[{"embeddable":true,"href":"https:\/\/www.laguiadepamplona.com\/actualidad\/wp-json\/wp\/v2\/media\/50203"}],"wp:attachment":[{"href":"https:\/\/www.laguiadepamplona.com\/actualidad\/wp-json\/wp\/v2\/media?parent=50202"}],"wp:term":[{"taxonomy":"category","embeddable":true,"href":"https:\/\/www.laguiadepamplona.com\/actualidad\/wp-json\/wp\/v2\/categories?post=50202"},{"taxonomy":"post_tag","embeddable":true,"href":"https:\/\/www.laguiadepamplona.com\/actualidad\/wp-json\/wp\/v2\/tags?post=50202"}],"curies":[{"name":"wp","href":"https:\/\/api.w.org\/{rel}","templated":true}]}}