{"id":50177,"date":"2024-06-24T18:09:51","date_gmt":"2024-06-24T16:09:51","guid":{"rendered":"https:\/\/www.laguiadepamplona.com\/actualidad\/?p=50177"},"modified":"2024-06-24T18:09:51","modified_gmt":"2024-06-24T16:09:51","slug":"el-28-de-junio-finaliza-el-plazo-para-presentar-las-solicitudes-para-la-convocatoria-de-subvenciones-para-la-organizacion-de-escuelas-deportivas-de-base","status":"publish","type":"post","link":"https:\/\/www.laguiadepamplona.com\/actualidad\/el-28-de-junio-finaliza-el-plazo-para-presentar-las-solicitudes-para-la-convocatoria-de-subvenciones-para-la-organizacion-de-escuelas-deportivas-de-base\/","title":{"rendered":"El 28 de junio finaliza el plazo para presentar las solicitudes para la convocatoria de subvenciones para la organizaci\u00f3n de escuelas deportivas de base"},"content":{"rendered":"<h2>El Ayuntamiento destina 216.000 euros para las escuelas dirigidas a menores entre los 6 y los 14 a\u00f1os o, en determinados casos, hasta 15 a\u00f1os<\/h2>\n<p><!--more--><\/p>\n<p>El Ayuntamiento de Pamplona ha convocado las subvenciones, en r\u00e9gimen de concurrencia competitiva, para la organizaci\u00f3n de escuelas deportivas de base para menores entre 6 y 14 a\u00f1os, o hasta los 15 en determinados casos, durante la temporada 2023 \u2013 2024. El 28 de junio concluye el plazo para que entidades deportivas y agrupaciones de entidades sin \u00e1nimo de lucro presenten sus solicitudes. La cuant\u00eda destinada a esta convocatoria se eleva este a\u00f1o en 6.000 euros para alcanzar un presupuesto de 216.000 euros.<\/p>\n<p>Mediante la organizaci\u00f3n de \u2018Escuelas Deportivas de Base\u2019 se facilita, en las etapas educativas de Primaria y la ESO, el sostenimiento de las estructuras tradicionales de promoci\u00f3n deportiva fuera del horario lectivo ya sea con origen, o con destino, al deporte federado en la ciudad. Con car\u00e1cter general, la pr\u00e1ctica deportiva federada permitir\u00e1 conseguir una progresi\u00f3n al deporte de \u00e9lite a las personas con un rendimiento deportivo m\u00e1s destacado, mantener durante un cierto tiempo limitado a personas con intereses o motivaciones en la competici\u00f3n deportiva y una relativa mayor cantidad de ejercicio semanal moderado e intenso por persona respecto al que se obtiene en la pr\u00e1ctica deportiva recreativa por libre.<\/p>\n<p>Las solicitudes se presentar\u00e1n de forma telem\u00e1tica, a trav\u00e9s del tr\u00e1mite \u2018Solicitud electr\u00f3nica de subvenciones para personas jur\u00eddicas\u2019, publicado en la Sede Electr\u00f3nica del Ayuntamiento de Pamplona. Las bases de la convocatoria se pueden consultar en el <a href=\"https:\/\/bon.navarra.es\/es\/anuncio\/-\/texto\/2024\/122\/54\" target=\"_blank\" rel=\"noopener\">Bolet\u00edn Oficial de Navarra n\u00famero 122<\/a> de 13 de junio. El a\u00f1o pasado la convocatoria subvencion\u00f3 la actividad coordinada por 14 entidades, a trav\u00e9s de la que se atendieron a m\u00e1s de un centenar de entidades deportivas de la ciudad y a 6.849 menores (4.678 ni\u00f1os y 2.171 ni\u00f1as).<\/p>\n<p><strong>Caracter\u00edsticas de las escuelas deportivas de base<\/strong><\/p>\n<p>Las escuelas deportivas de base que opten a subvenci\u00f3n deber\u00e1n desarrollarse en Pamplona o, desarroll\u00e1ndose en otro lugar, al menos un 80% de las personas inscritas deber\u00e1n estar empadronadas en Pamplona. Si no se alcanzara ese porcentaje, y en el caso \u00fanicamente de actividades realizadas en Pamplona, las ofertas podr\u00e1n ser subvencionadas, pero no se tendr\u00e1 en cuenta para el c\u00e1lculo de la cuant\u00eda de la ayuda el n\u00famero de participantes sin empadronar.<\/p>\n<p>Asimismo, las podr\u00e1n organizar \u00fanicamente las Federaciones Deportivas de Navarra. Excepcionalmente, cuando alguna de las Federaciones Deportivas no se presentara en la convocatoria, a excepci\u00f3n de la Federaci\u00f3n Navarra de Deportes Adaptados que lo har\u00e1 en otra convocatoria diferente, se podr\u00e1 presentar entidad deportiva, que deber\u00e1 cumplir una serie de requisitos. Solo podr\u00e1 presentarse una entidad para un determinado deporte oficial, que asumir\u00e1 el rol de organizar, deseablemente con el visto bueno de la Federaci\u00f3n Deportiva navarra correspondiente, el mayor n\u00famero de grupos de actividad de la misma modalidad deportiva oficial en m\u00faltiples lugares y entidades de Pamplona, as\u00ed como coordinar la disposici\u00f3n de los recursos humanos, materiales y de instalaciones b\u00e1sicos en todos ellos.<\/p>\n<p>Las escuelas deportivas de base estar\u00e1n dirigidas a menores entre 6 y 14 a\u00f1os que, al inicio de la temporada 2023-2024, hayan nacido entre los a\u00f1os 2017 y 2009 (ambos inclusive). Cualquier deportista fuera de estos rangos de edad no ser\u00e1 objeto de subvenci\u00f3n, salvo en deportes minoritarios donde se podr\u00e1n presentar deportistas nacidos en el a\u00f1o 2008 siempre en cantidad, como m\u00e1ximo, del 10% del total de deportistas presentados. Se entienden como deportes minoritarios a los deportes con menos de 1.500 licencias federativas en Navarra durante el a\u00f1o 2023. Las cuotas a cobrar no podr\u00e1n ser inferiores a 45,00 euros por persona para 8 meses con sesiones 3 horas por semana. Las bases de la convocatoria establecen una ratio\/modulo seg\u00fan deporte para el c\u00e1lculo de la subvenci\u00f3n en el criterio de \u2018Horas de clase impartidas\u2019.<\/p>\n<p><strong>Requisitos espec\u00edficos de las entidades y agrupaciones de entidades solicitantes<\/strong><\/p>\n<p>Las entidades que concurran a estas ayudas deben estar legalmente constituidas e inscritas en el registro correspondiente a la fecha de finalizaci\u00f3n del plazo de presentaci\u00f3n de solicitudes. Para el caso de agrupaciones de entidades, todas y cada una de las entidades integrantes de las mismas deber\u00e1n cumplir ese requisito. Quienes se presenten deben tener el domicilio social y fiscal en Pamplona. Para el caso de las agrupaciones de entidades, todas y cada una de las entidades integrantes de las mismas deber\u00e1n cumplir el requisito anterior.<\/p>\n<p>Asimismo, las entidades no deben tener \u00e1nimo de lucro. Las solicitudes realizadas por las agrupaciones deportivas de entidades deber\u00e1n presentar su acuerdo de colaboraci\u00f3n Se exige, adem\u00e1s, que la entidad no haya sido sancionada durante la temporada 2023-2024, con car\u00e1cter firme en v\u00eda administrativa, por infracciones tipificadas como \u2018muy graves\u2019 en la Ley 19\/2007, de 11 de julio, contra la violencia, el racismo, la xenofobia y la intolerancia en el deporte, en la Ley Foral 15\/2001, de 5 de julio, del Deporte de Navarra o en la Ley Foral 2\/1989, de 13 de marzo, reguladora de Espect\u00e1culos P\u00fablicos y Actividades Recreativas.<\/p>\n<p>Se consideran gastos subvencionables las horas de clase impartidas, hasta un m\u00e1ximo de 96 horas de clase por grupo; la coordinaci\u00f3n de la actividad; el material deportivo propio del deporte; y las acciones de igualdad en el marco del proyecto correspondiente.<\/p>\n","protected":false},"excerpt":{"rendered":"<p>El Ayuntamiento destina 216.000 euros para las escuelas dirigidas a menores entre los 6 y los 14 a\u00f1os o, en determinados casos, hasta 15 a\u00f1os<\/p>\n","protected":false},"author":1,"featured_media":50178,"comment_status":"open","ping_status":"closed","sticky":false,"template":"","format":"standard","meta":{"footnotes":""},"categories":[2],"tags":[],"class_list":["post-50177","post","type-post","status-publish","format-standard","has-post-thumbnail","hentry","category-ayuntamiento-pamplona"],"yoast_head":"<!-- This site is optimized with the Yoast SEO plugin v27.5 - https:\/\/yoast.com\/product\/yoast-seo-wordpress\/ -->\n<title>El 28 de junio finaliza el plazo para presentar las solicitudes para la convocatoria de subvenciones para la organizaci\u00f3n de escuelas deportivas de base<\/title>\n<meta name=\"description\" content=\"El Ayuntamiento destina 216.000 euros para las escuelas dirigidas a menores entre los 6 y los 14 a\u00f1os o, en determinados casos, hasta 15 a\u00f1os\" \/>\n<meta name=\"robots\" content=\"index, follow, max-snippet:-1, max-image-preview:large, max-video-preview:-1\" \/>\n<link rel=\"canonical\" href=\"https:\/\/www.laguiadepamplona.com\/actualidad\/el-28-de-junio-finaliza-el-plazo-para-presentar-las-solicitudes-para-la-convocatoria-de-subvenciones-para-la-organizacion-de-escuelas-deportivas-de-base\/\" \/>\n<meta property=\"og:locale\" content=\"es_ES\" \/>\n<meta property=\"og:type\" content=\"article\" \/>\n<meta property=\"og:title\" content=\"El 28 de junio finaliza el plazo para presentar las solicitudes para la convocatoria de subvenciones para la organizaci\u00f3n de escuelas deportivas de base\" \/>\n<meta property=\"og:description\" content=\"El Ayuntamiento destina 216.000 euros para las escuelas dirigidas a menores entre los 6 y los 14 a\u00f1os o, en determinados casos, hasta 15 a\u00f1os\" \/>\n<meta property=\"og:url\" content=\"https:\/\/www.laguiadepamplona.com\/actualidad\/el-28-de-junio-finaliza-el-plazo-para-presentar-las-solicitudes-para-la-convocatoria-de-subvenciones-para-la-organizacion-de-escuelas-deportivas-de-base\/\" \/>\n<meta property=\"og:site_name\" content=\"La Gu\u00eda de Pamplona\" \/>\n<meta property=\"article:publisher\" content=\"https:\/\/www.facebook.com\/laguiadepamplonacom-133175176762273\/?ref=hl\" \/>\n<meta property=\"article:published_time\" content=\"2024-06-24T16:09:51+00:00\" \/>\n<meta property=\"og:image\" content=\"https:\/\/www.laguiadepamplona.com\/actualidad\/wp-content\/uploads\/2024\/06\/escuelas-deportivas_web.webp\" \/>\n\t<meta property=\"og:image:width\" content=\"1000\" \/>\n\t<meta property=\"og:image:height\" content=\"666\" \/>\n\t<meta property=\"og:image:type\" content=\"image\/webp\" \/>\n<meta name=\"author\" content=\"La Gu\u00eda de Pamplona\" \/>\n<meta name=\"twitter:card\" content=\"summary_large_image\" \/>\n<meta name=\"twitter:creator\" content=\"@LaGuiadPamplona\" \/>\n<meta name=\"twitter:site\" content=\"@LaGuiadPamplona\" \/>\n<meta name=\"twitter:label1\" content=\"Escrito por\" \/>\n\t<meta name=\"twitter:data1\" content=\"La Gu\u00eda de Pamplona\" \/>\n\t<meta name=\"twitter:label2\" content=\"Tiempo de lectura\" \/>\n\t<meta name=\"twitter:data2\" content=\"4 minutos\" \/>\n<script type=\"application\/ld+json\" class=\"yoast-schema-graph\">{\"@context\":\"https:\\\/\\\/schema.org\",\"@graph\":[{\"@type\":\"Article\",\"@id\":\"https:\\\/\\\/www.laguiadepamplona.com\\\/actualidad\\\/el-28-de-junio-finaliza-el-plazo-para-presentar-las-solicitudes-para-la-convocatoria-de-subvenciones-para-la-organizacion-de-escuelas-deportivas-de-base\\\/#article\",\"isPartOf\":{\"@id\":\"https:\\\/\\\/www.laguiadepamplona.com\\\/actualidad\\\/el-28-de-junio-finaliza-el-plazo-para-presentar-las-solicitudes-para-la-convocatoria-de-subvenciones-para-la-organizacion-de-escuelas-deportivas-de-base\\\/\"},\"author\":{\"name\":\"La Gu\u00eda de Pamplona\",\"@id\":\"https:\\\/\\\/www.laguiadepamplona.com\\\/actualidad\\\/#\\\/schema\\\/person\\\/efe887376f0213d4657c93adc50b1fdb\"},\"headline\":\"El 28 de junio finaliza el plazo para presentar las solicitudes para la convocatoria de subvenciones para la organizaci\u00f3n de escuelas deportivas de base\",\"datePublished\":\"2024-06-24T16:09:51+00:00\",\"mainEntityOfPage\":{\"@id\":\"https:\\\/\\\/www.laguiadepamplona.com\\\/actualidad\\\/el-28-de-junio-finaliza-el-plazo-para-presentar-las-solicitudes-para-la-convocatoria-de-subvenciones-para-la-organizacion-de-escuelas-deportivas-de-base\\\/\"},\"wordCount\":932,\"commentCount\":0,\"publisher\":{\"@id\":\"https:\\\/\\\/www.laguiadepamplona.com\\\/actualidad\\\/#organization\"},\"image\":{\"@id\":\"https:\\\/\\\/www.laguiadepamplona.com\\\/actualidad\\\/el-28-de-junio-finaliza-el-plazo-para-presentar-las-solicitudes-para-la-convocatoria-de-subvenciones-para-la-organizacion-de-escuelas-deportivas-de-base\\\/#primaryimage\"},\"thumbnailUrl\":\"https:\\\/\\\/www.laguiadepamplona.com\\\/actualidad\\\/wp-content\\\/uploads\\\/2024\\\/06\\\/escuelas-deportivas_web.webp\",\"articleSection\":[\"Ayto Pamplona\"],\"inLanguage\":\"es\",\"potentialAction\":[{\"@type\":\"CommentAction\",\"name\":\"Comment\",\"target\":[\"https:\\\/\\\/www.laguiadepamplona.com\\\/actualidad\\\/el-28-de-junio-finaliza-el-plazo-para-presentar-las-solicitudes-para-la-convocatoria-de-subvenciones-para-la-organizacion-de-escuelas-deportivas-de-base\\\/#respond\"]}]},{\"@type\":\"WebPage\",\"@id\":\"https:\\\/\\\/www.laguiadepamplona.com\\\/actualidad\\\/el-28-de-junio-finaliza-el-plazo-para-presentar-las-solicitudes-para-la-convocatoria-de-subvenciones-para-la-organizacion-de-escuelas-deportivas-de-base\\\/\",\"url\":\"https:\\\/\\\/www.laguiadepamplona.com\\\/actualidad\\\/el-28-de-junio-finaliza-el-plazo-para-presentar-las-solicitudes-para-la-convocatoria-de-subvenciones-para-la-organizacion-de-escuelas-deportivas-de-base\\\/\",\"name\":\"El 28 de junio finaliza el plazo para presentar las solicitudes para la convocatoria de subvenciones para la organizaci\u00f3n de escuelas deportivas de base\",\"isPartOf\":{\"@id\":\"https:\\\/\\\/www.laguiadepamplona.com\\\/actualidad\\\/#website\"},\"primaryImageOfPage\":{\"@id\":\"https:\\\/\\\/www.laguiadepamplona.com\\\/actualidad\\\/el-28-de-junio-finaliza-el-plazo-para-presentar-las-solicitudes-para-la-convocatoria-de-subvenciones-para-la-organizacion-de-escuelas-deportivas-de-base\\\/#primaryimage\"},\"image\":{\"@id\":\"https:\\\/\\\/www.laguiadepamplona.com\\\/actualidad\\\/el-28-de-junio-finaliza-el-plazo-para-presentar-las-solicitudes-para-la-convocatoria-de-subvenciones-para-la-organizacion-de-escuelas-deportivas-de-base\\\/#primaryimage\"},\"thumbnailUrl\":\"https:\\\/\\\/www.laguiadepamplona.com\\\/actualidad\\\/wp-content\\\/uploads\\\/2024\\\/06\\\/escuelas-deportivas_web.webp\",\"datePublished\":\"2024-06-24T16:09:51+00:00\",\"description\":\"El Ayuntamiento destina 216.000 euros para las escuelas dirigidas a menores entre los 6 y los 14 a\u00f1os o, en determinados casos, hasta 15 a\u00f1os\",\"breadcrumb\":{\"@id\":\"https:\\\/\\\/www.laguiadepamplona.com\\\/actualidad\\\/el-28-de-junio-finaliza-el-plazo-para-presentar-las-solicitudes-para-la-convocatoria-de-subvenciones-para-la-organizacion-de-escuelas-deportivas-de-base\\\/#breadcrumb\"},\"inLanguage\":\"es\",\"potentialAction\":[{\"@type\":\"ReadAction\",\"target\":[\"https:\\\/\\\/www.laguiadepamplona.com\\\/actualidad\\\/el-28-de-junio-finaliza-el-plazo-para-presentar-las-solicitudes-para-la-convocatoria-de-subvenciones-para-la-organizacion-de-escuelas-deportivas-de-base\\\/\"]}]},{\"@type\":\"ImageObject\",\"inLanguage\":\"es\",\"@id\":\"https:\\\/\\\/www.laguiadepamplona.com\\\/actualidad\\\/el-28-de-junio-finaliza-el-plazo-para-presentar-las-solicitudes-para-la-convocatoria-de-subvenciones-para-la-organizacion-de-escuelas-deportivas-de-base\\\/#primaryimage\",\"url\":\"https:\\\/\\\/www.laguiadepamplona.com\\\/actualidad\\\/wp-content\\\/uploads\\\/2024\\\/06\\\/escuelas-deportivas_web.webp\",\"contentUrl\":\"https:\\\/\\\/www.laguiadepamplona.com\\\/actualidad\\\/wp-content\\\/uploads\\\/2024\\\/06\\\/escuelas-deportivas_web.webp\",\"width\":1000,\"height\":666,\"caption\":\"escuelas deportivas\"},{\"@type\":\"BreadcrumbList\",\"@id\":\"https:\\\/\\\/www.laguiadepamplona.com\\\/actualidad\\\/el-28-de-junio-finaliza-el-plazo-para-presentar-las-solicitudes-para-la-convocatoria-de-subvenciones-para-la-organizacion-de-escuelas-deportivas-de-base\\\/#breadcrumb\",\"itemListElement\":[{\"@type\":\"ListItem\",\"position\":1,\"name\":\"Portada\",\"item\":\"https:\\\/\\\/www.laguiadepamplona.com\\\/actualidad\\\/\"},{\"@type\":\"ListItem\",\"position\":2,\"name\":\"El 28 de junio finaliza el plazo para presentar las solicitudes para la convocatoria de subvenciones para la organizaci\u00f3n de escuelas deportivas de base\"}]},{\"@type\":\"WebSite\",\"@id\":\"https:\\\/\\\/www.laguiadepamplona.com\\\/actualidad\\\/#website\",\"url\":\"https:\\\/\\\/www.laguiadepamplona.com\\\/actualidad\\\/\",\"name\":\"La gu\u00eda de Pamplona\",\"description\":\"Noticias de Pamplona\",\"publisher\":{\"@id\":\"https:\\\/\\\/www.laguiadepamplona.com\\\/actualidad\\\/#organization\"},\"potentialAction\":[{\"@type\":\"SearchAction\",\"target\":{\"@type\":\"EntryPoint\",\"urlTemplate\":\"https:\\\/\\\/www.laguiadepamplona.com\\\/actualidad\\\/?s={search_term_string}\"},\"query-input\":{\"@type\":\"PropertyValueSpecification\",\"valueRequired\":true,\"valueName\":\"search_term_string\"}}],\"inLanguage\":\"es\"},{\"@type\":\"Organization\",\"@id\":\"https:\\\/\\\/www.laguiadepamplona.com\\\/actualidad\\\/#organization\",\"name\":\"La Gu\u00eda de Pamplona \\\/ Noticias\",\"url\":\"https:\\\/\\\/www.laguiadepamplona.com\\\/actualidad\\\/\",\"logo\":{\"@type\":\"ImageObject\",\"inLanguage\":\"es\",\"@id\":\"https:\\\/\\\/www.laguiadepamplona.com\\\/actualidad\\\/#\\\/schema\\\/logo\\\/image\\\/\",\"url\":\"https:\\\/\\\/www.laguiadepamplona.com\\\/actualidad\\\/wp-content\\\/uploads\\\/2018\\\/11\\\/logo-laguiadepamplona18-web1.png\",\"contentUrl\":\"https:\\\/\\\/www.laguiadepamplona.com\\\/actualidad\\\/wp-content\\\/uploads\\\/2018\\\/11\\\/logo-laguiadepamplona18-web1.png\",\"width\":600,\"height\":196,\"caption\":\"La Gu\u00eda de Pamplona \\\/ Noticias\"},\"image\":{\"@id\":\"https:\\\/\\\/www.laguiadepamplona.com\\\/actualidad\\\/#\\\/schema\\\/logo\\\/image\\\/\"},\"sameAs\":[\"https:\\\/\\\/www.facebook.com\\\/laguiadepamplonacom-133175176762273\\\/?ref=hl\",\"https:\\\/\\\/x.com\\\/LaGuiadPamplona\",\"https:\\\/\\\/www.instagram.com\\\/la_guia_de_pamplona\\\/\",\"https:\\\/\\\/www.youtube.com\\\/user\\\/laguiadepamplona\"]},{\"@type\":\"Person\",\"@id\":\"https:\\\/\\\/www.laguiadepamplona.com\\\/actualidad\\\/#\\\/schema\\\/person\\\/efe887376f0213d4657c93adc50b1fdb\",\"name\":\"La Gu\u00eda de Pamplona\",\"image\":{\"@type\":\"ImageObject\",\"inLanguage\":\"es\",\"@id\":\"https:\\\/\\\/secure.gravatar.com\\\/avatar\\\/b6992f131dc8d30ab0dff15446e9d346d9dbd95992de0fef795073f5ea83a81c?s=96&d=mm&r=g\",\"url\":\"https:\\\/\\\/secure.gravatar.com\\\/avatar\\\/b6992f131dc8d30ab0dff15446e9d346d9dbd95992de0fef795073f5ea83a81c?s=96&d=mm&r=g\",\"contentUrl\":\"https:\\\/\\\/secure.gravatar.com\\\/avatar\\\/b6992f131dc8d30ab0dff15446e9d346d9dbd95992de0fef795073f5ea83a81c?s=96&d=mm&r=g\",\"caption\":\"La Gu\u00eda de Pamplona\"}}]}<\/script>\n<!-- \/ Yoast SEO plugin. -->","yoast_head_json":{"title":"El 28 de junio finaliza el plazo para presentar las solicitudes para la convocatoria de subvenciones para la organizaci\u00f3n de escuelas deportivas de base","description":"El Ayuntamiento destina 216.000 euros para las escuelas dirigidas a menores entre los 6 y los 14 a\u00f1os o, en determinados casos, hasta 15 a\u00f1os","robots":{"index":"index","follow":"follow","max-snippet":"max-snippet:-1","max-image-preview":"max-image-preview:large","max-video-preview":"max-video-preview:-1"},"canonical":"https:\/\/www.laguiadepamplona.com\/actualidad\/el-28-de-junio-finaliza-el-plazo-para-presentar-las-solicitudes-para-la-convocatoria-de-subvenciones-para-la-organizacion-de-escuelas-deportivas-de-base\/","og_locale":"es_ES","og_type":"article","og_title":"El 28 de junio finaliza el plazo para presentar las solicitudes para la convocatoria de subvenciones para la organizaci\u00f3n de escuelas deportivas de base","og_description":"El Ayuntamiento destina 216.000 euros para las escuelas dirigidas a menores entre los 6 y los 14 a\u00f1os o, en determinados casos, hasta 15 a\u00f1os","og_url":"https:\/\/www.laguiadepamplona.com\/actualidad\/el-28-de-junio-finaliza-el-plazo-para-presentar-las-solicitudes-para-la-convocatoria-de-subvenciones-para-la-organizacion-de-escuelas-deportivas-de-base\/","og_site_name":"La Gu\u00eda de Pamplona","article_publisher":"https:\/\/www.facebook.com\/laguiadepamplonacom-133175176762273\/?ref=hl","article_published_time":"2024-06-24T16:09:51+00:00","og_image":[{"width":1000,"height":666,"url":"https:\/\/www.laguiadepamplona.com\/actualidad\/wp-content\/uploads\/2024\/06\/escuelas-deportivas_web.webp","type":"image\/webp"}],"author":"La Gu\u00eda de Pamplona","twitter_card":"summary_large_image","twitter_creator":"@LaGuiadPamplona","twitter_site":"@LaGuiadPamplona","twitter_misc":{"Escrito por":"La Gu\u00eda de Pamplona","Tiempo de lectura":"4 minutos"},"schema":{"@context":"https:\/\/schema.org","@graph":[{"@type":"Article","@id":"https:\/\/www.laguiadepamplona.com\/actualidad\/el-28-de-junio-finaliza-el-plazo-para-presentar-las-solicitudes-para-la-convocatoria-de-subvenciones-para-la-organizacion-de-escuelas-deportivas-de-base\/#article","isPartOf":{"@id":"https:\/\/www.laguiadepamplona.com\/actualidad\/el-28-de-junio-finaliza-el-plazo-para-presentar-las-solicitudes-para-la-convocatoria-de-subvenciones-para-la-organizacion-de-escuelas-deportivas-de-base\/"},"author":{"name":"La Gu\u00eda de Pamplona","@id":"https:\/\/www.laguiadepamplona.com\/actualidad\/#\/schema\/person\/efe887376f0213d4657c93adc50b1fdb"},"headline":"El 28 de junio finaliza el plazo para presentar las solicitudes para la convocatoria de subvenciones para la organizaci\u00f3n de escuelas deportivas de base","datePublished":"2024-06-24T16:09:51+00:00","mainEntityOfPage":{"@id":"https:\/\/www.laguiadepamplona.com\/actualidad\/el-28-de-junio-finaliza-el-plazo-para-presentar-las-solicitudes-para-la-convocatoria-de-subvenciones-para-la-organizacion-de-escuelas-deportivas-de-base\/"},"wordCount":932,"commentCount":0,"publisher":{"@id":"https:\/\/www.laguiadepamplona.com\/actualidad\/#organization"},"image":{"@id":"https:\/\/www.laguiadepamplona.com\/actualidad\/el-28-de-junio-finaliza-el-plazo-para-presentar-las-solicitudes-para-la-convocatoria-de-subvenciones-para-la-organizacion-de-escuelas-deportivas-de-base\/#primaryimage"},"thumbnailUrl":"https:\/\/www.laguiadepamplona.com\/actualidad\/wp-content\/uploads\/2024\/06\/escuelas-deportivas_web.webp","articleSection":["Ayto Pamplona"],"inLanguage":"es","potentialAction":[{"@type":"CommentAction","name":"Comment","target":["https:\/\/www.laguiadepamplona.com\/actualidad\/el-28-de-junio-finaliza-el-plazo-para-presentar-las-solicitudes-para-la-convocatoria-de-subvenciones-para-la-organizacion-de-escuelas-deportivas-de-base\/#respond"]}]},{"@type":"WebPage","@id":"https:\/\/www.laguiadepamplona.com\/actualidad\/el-28-de-junio-finaliza-el-plazo-para-presentar-las-solicitudes-para-la-convocatoria-de-subvenciones-para-la-organizacion-de-escuelas-deportivas-de-base\/","url":"https:\/\/www.laguiadepamplona.com\/actualidad\/el-28-de-junio-finaliza-el-plazo-para-presentar-las-solicitudes-para-la-convocatoria-de-subvenciones-para-la-organizacion-de-escuelas-deportivas-de-base\/","name":"El 28 de junio finaliza el plazo para presentar las solicitudes para la convocatoria de subvenciones para la organizaci\u00f3n de escuelas deportivas de base","isPartOf":{"@id":"https:\/\/www.laguiadepamplona.com\/actualidad\/#website"},"primaryImageOfPage":{"@id":"https:\/\/www.laguiadepamplona.com\/actualidad\/el-28-de-junio-finaliza-el-plazo-para-presentar-las-solicitudes-para-la-convocatoria-de-subvenciones-para-la-organizacion-de-escuelas-deportivas-de-base\/#primaryimage"},"image":{"@id":"https:\/\/www.laguiadepamplona.com\/actualidad\/el-28-de-junio-finaliza-el-plazo-para-presentar-las-solicitudes-para-la-convocatoria-de-subvenciones-para-la-organizacion-de-escuelas-deportivas-de-base\/#primaryimage"},"thumbnailUrl":"https:\/\/www.laguiadepamplona.com\/actualidad\/wp-content\/uploads\/2024\/06\/escuelas-deportivas_web.webp","datePublished":"2024-06-24T16:09:51+00:00","description":"El Ayuntamiento destina 216.000 euros para las escuelas dirigidas a menores entre los 6 y los 14 a\u00f1os o, en determinados casos, hasta 15 a\u00f1os","breadcrumb":{"@id":"https:\/\/www.laguiadepamplona.com\/actualidad\/el-28-de-junio-finaliza-el-plazo-para-presentar-las-solicitudes-para-la-convocatoria-de-subvenciones-para-la-organizacion-de-escuelas-deportivas-de-base\/#breadcrumb"},"inLanguage":"es","potentialAction":[{"@type":"ReadAction","target":["https:\/\/www.laguiadepamplona.com\/actualidad\/el-28-de-junio-finaliza-el-plazo-para-presentar-las-solicitudes-para-la-convocatoria-de-subvenciones-para-la-organizacion-de-escuelas-deportivas-de-base\/"]}]},{"@type":"ImageObject","inLanguage":"es","@id":"https:\/\/www.laguiadepamplona.com\/actualidad\/el-28-de-junio-finaliza-el-plazo-para-presentar-las-solicitudes-para-la-convocatoria-de-subvenciones-para-la-organizacion-de-escuelas-deportivas-de-base\/#primaryimage","url":"https:\/\/www.laguiadepamplona.com\/actualidad\/wp-content\/uploads\/2024\/06\/escuelas-deportivas_web.webp","contentUrl":"https:\/\/www.laguiadepamplona.com\/actualidad\/wp-content\/uploads\/2024\/06\/escuelas-deportivas_web.webp","width":1000,"height":666,"caption":"escuelas deportivas"},{"@type":"BreadcrumbList","@id":"https:\/\/www.laguiadepamplona.com\/actualidad\/el-28-de-junio-finaliza-el-plazo-para-presentar-las-solicitudes-para-la-convocatoria-de-subvenciones-para-la-organizacion-de-escuelas-deportivas-de-base\/#breadcrumb","itemListElement":[{"@type":"ListItem","position":1,"name":"Portada","item":"https:\/\/www.laguiadepamplona.com\/actualidad\/"},{"@type":"ListItem","position":2,"name":"El 28 de junio finaliza el plazo para presentar las solicitudes para la convocatoria de subvenciones para la organizaci\u00f3n de escuelas deportivas de base"}]},{"@type":"WebSite","@id":"https:\/\/www.laguiadepamplona.com\/actualidad\/#website","url":"https:\/\/www.laguiadepamplona.com\/actualidad\/","name":"La gu\u00eda de Pamplona","description":"Noticias de Pamplona","publisher":{"@id":"https:\/\/www.laguiadepamplona.com\/actualidad\/#organization"},"potentialAction":[{"@type":"SearchAction","target":{"@type":"EntryPoint","urlTemplate":"https:\/\/www.laguiadepamplona.com\/actualidad\/?s={search_term_string}"},"query-input":{"@type":"PropertyValueSpecification","valueRequired":true,"valueName":"search_term_string"}}],"inLanguage":"es"},{"@type":"Organization","@id":"https:\/\/www.laguiadepamplona.com\/actualidad\/#organization","name":"La Gu\u00eda de Pamplona \/ Noticias","url":"https:\/\/www.laguiadepamplona.com\/actualidad\/","logo":{"@type":"ImageObject","inLanguage":"es","@id":"https:\/\/www.laguiadepamplona.com\/actualidad\/#\/schema\/logo\/image\/","url":"https:\/\/www.laguiadepamplona.com\/actualidad\/wp-content\/uploads\/2018\/11\/logo-laguiadepamplona18-web1.png","contentUrl":"https:\/\/www.laguiadepamplona.com\/actualidad\/wp-content\/uploads\/2018\/11\/logo-laguiadepamplona18-web1.png","width":600,"height":196,"caption":"La Gu\u00eda de Pamplona \/ Noticias"},"image":{"@id":"https:\/\/www.laguiadepamplona.com\/actualidad\/#\/schema\/logo\/image\/"},"sameAs":["https:\/\/www.facebook.com\/laguiadepamplonacom-133175176762273\/?ref=hl","https:\/\/x.com\/LaGuiadPamplona","https:\/\/www.instagram.com\/la_guia_de_pamplona\/","https:\/\/www.youtube.com\/user\/laguiadepamplona"]},{"@type":"Person","@id":"https:\/\/www.laguiadepamplona.com\/actualidad\/#\/schema\/person\/efe887376f0213d4657c93adc50b1fdb","name":"La Gu\u00eda de Pamplona","image":{"@type":"ImageObject","inLanguage":"es","@id":"https:\/\/secure.gravatar.com\/avatar\/b6992f131dc8d30ab0dff15446e9d346d9dbd95992de0fef795073f5ea83a81c?s=96&d=mm&r=g","url":"https:\/\/secure.gravatar.com\/avatar\/b6992f131dc8d30ab0dff15446e9d346d9dbd95992de0fef795073f5ea83a81c?s=96&d=mm&r=g","contentUrl":"https:\/\/secure.gravatar.com\/avatar\/b6992f131dc8d30ab0dff15446e9d346d9dbd95992de0fef795073f5ea83a81c?s=96&d=mm&r=g","caption":"La Gu\u00eda de Pamplona"}}]}},"post_mailing_queue_ids":[],"_links":{"self":[{"href":"https:\/\/www.laguiadepamplona.com\/actualidad\/wp-json\/wp\/v2\/posts\/50177","targetHints":{"allow":["GET"]}}],"collection":[{"href":"https:\/\/www.laguiadepamplona.com\/actualidad\/wp-json\/wp\/v2\/posts"}],"about":[{"href":"https:\/\/www.laguiadepamplona.com\/actualidad\/wp-json\/wp\/v2\/types\/post"}],"author":[{"embeddable":true,"href":"https:\/\/www.laguiadepamplona.com\/actualidad\/wp-json\/wp\/v2\/users\/1"}],"replies":[{"embeddable":true,"href":"https:\/\/www.laguiadepamplona.com\/actualidad\/wp-json\/wp\/v2\/comments?post=50177"}],"version-history":[{"count":1,"href":"https:\/\/www.laguiadepamplona.com\/actualidad\/wp-json\/wp\/v2\/posts\/50177\/revisions"}],"predecessor-version":[{"id":50179,"href":"https:\/\/www.laguiadepamplona.com\/actualidad\/wp-json\/wp\/v2\/posts\/50177\/revisions\/50179"}],"wp:featuredmedia":[{"embeddable":true,"href":"https:\/\/www.laguiadepamplona.com\/actualidad\/wp-json\/wp\/v2\/media\/50178"}],"wp:attachment":[{"href":"https:\/\/www.laguiadepamplona.com\/actualidad\/wp-json\/wp\/v2\/media?parent=50177"}],"wp:term":[{"taxonomy":"category","embeddable":true,"href":"https:\/\/www.laguiadepamplona.com\/actualidad\/wp-json\/wp\/v2\/categories?post=50177"},{"taxonomy":"post_tag","embeddable":true,"href":"https:\/\/www.laguiadepamplona.com\/actualidad\/wp-json\/wp\/v2\/tags?post=50177"}],"curies":[{"name":"wp","href":"https:\/\/api.w.org\/{rel}","templated":true}]}}