{"id":50119,"date":"2024-06-19T12:44:15","date_gmt":"2024-06-19T10:44:15","guid":{"rendered":"https:\/\/www.laguiadepamplona.com\/actualidad\/?p=50119"},"modified":"2024-06-19T12:44:15","modified_gmt":"2024-06-19T10:44:15","slug":"alrededor-de-un-centenar-de-jovenes-salen-a-la-calle-este-jueves-para-protagonizar-exhibiciones-y-actuaciones-de-baile-y-musica-como-fin-de-curso-de-la-casa-de-la-juventud","status":"publish","type":"post","link":"https:\/\/www.laguiadepamplona.com\/actualidad\/alrededor-de-un-centenar-de-jovenes-salen-a-la-calle-este-jueves-para-protagonizar-exhibiciones-y-actuaciones-de-baile-y-musica-como-fin-de-curso-de-la-casa-de-la-juventud\/","title":{"rendered":"Alrededor de un centenar de j\u00f3venes salen a la calle este jueves para protagonizar exhibiciones y actuaciones de baile y m\u00fasica como fin de curso de la Casa de la Juventud"},"content":{"rendered":"<h2>La nueva edici\u00f3n de \u2018La Casa sale a la calle\u2019 comenzar\u00e1 a las 18.30 horas en la avenida de Carlos III, junto al monumento al Encierro<\/h2>\n<p><!--more--><\/p>\n<p>La Casa de la Juventud organiza este jueves la decimocuarta edici\u00f3n de su festival de fin de curso \u2018La Casa sale a la calle\u2019. Alrededor de un centenar de chicos y chicas se subir\u00e1n al escenario que se instalar\u00e1 en la avenida de Carlos III, junto al monumento al Encierro, para protagonizar una muestra con exhibiciones de los diferentes cursos que se imparten en la Casa de la Juventud y con actuaciones de los grupos de baile y de m\u00fasica que ensayan habitualmente en sus instalaciones. El festival comenzar\u00e1 a las 18.30 horas.<\/p>\n<p>Se han previsto exhibiciones de los cursos de bailes latinos, comercial dance, afrodance, hip-hop y dancehall, impartidos durante el a\u00f1o en la Casa de la Juventud. Entre quienes ensayan en las salas de la Casa, habr\u00e1 presencia de grupos de k-pop, hip-hop, danzas t\u00edpicas de Per\u00fa, breakers, danzas orientales y actuaciones musicales del grupo Trintxera y Komando y, como novedad, de Eurki Konpartsa &amp; Gaiteros, una reciente asociaci\u00f3n encargada de dar felicidad y vida al barrio de Santa Engracia y parte de Rochapea. El festival estar\u00e1 amenizado por la animadora de la Casa de la Juventud.<\/p>\n<p>Las actividades de este final de curso se completar\u00e1n el martes 25 de junio, a las 20 horas en el sal\u00f3n de actos de la Casa de la Juventud, con una batalla de improvisaci\u00f3n entre las alumnas y alumnos del curso de teatro.<\/p>\n<p><strong>Cursos y talleres durante todo el a\u00f1o<\/strong><\/p>\n<p>El festival contar\u00e1 con la presencia y participaci\u00f3n de j\u00f3venes que aprovechan las instalaciones de la Casa de la Juventud para reunirse y llevar a cabo sus actividades, as\u00ed como j\u00f3venes que han hecho alg\u00fan curso dentro de la programaci\u00f3n habitual de la Casa A lo largo del a\u00f1o, la Casa de la Juventud oferta algo m\u00e1s de 130 cursos y talleres de distintas disciplinas, una oferta variada que se va adaptando a los intereses de la gente joven y que se programa en base a sus propias sugerencias. En el conjunto de todos estos cursos y talleres se inscriben a lo largo del a\u00f1o m\u00e1s de 1.800 j\u00f3venes.<\/p>\n<p>La programaci\u00f3n gira alrededor de 5 \u00e1reas: actividades deportivas, danza y expresi\u00f3n, est\u00e9tica y bienestar, cursos culturales y de desarrollo personal y los talleres gratuitos de inform\u00e1tica. Con ello se pretende promocionar la actividad f\u00edsica l\u00fadica como fuente de bienestar personal, promover la creatividad en distintos \u00e1mbitos (artes pl\u00e1sticas, literatura, etc.) desde un enfoque no elitista o formar a la juventud en habilidades que les sean \u00fatiles para su d\u00eda a d\u00eda, como cursos de cocina b\u00e1sica, arreglos de costura, etc\u00e9tera.<\/p>\n<p><strong>Cesi\u00f3n de espacios en la Casa de la Juventud<\/strong><\/p>\n<p>La Casa de la Juventud cede sus instalaciones a lo largo de todo el a\u00f1o, de lunes a domingo, a cualquier joven que as\u00ed lo solicite. La cesi\u00f3n se hace de forma gratuita y comprende, adem\u00e1s, la posibilidad de utilizar los recursos con los que cuenta el centro, es decir, equipos de sonido, proyectores, monitores de televisi\u00f3n&#8230;<\/p>\n<p>El n\u00famero total de personas de este servicio de cesi\u00f3n de espacios en el a\u00f1o 2023 alcanz\u00f3 la cifra de 39.534. En ella, se engloba tanto j\u00f3venes que acuden al centro regularmente (una o m\u00e1s veces a la semana) como quienes lo hacen de forma puntual (en un d\u00eda y hora concretos, sin continuidad en el tiempo). Durante el curso 2023-2024, han utilizado este servicio 75 grupos estables, adem\u00e1s de los que lo han hecho de forma puntual.<\/p>\n<p>Las actividades que llevan a cabo estos grupos representan un abanico de diferentes disciplinas art\u00edsticas y de ocio y tiempo libre. As\u00ed, en la Casa de la Juventud se re\u00fanen grupos de teatro, de baile (danzas regionales, danzas africanas, break dance, k-pop, hip-hop, bailes latinos, orientales etc.), de m\u00fasica, yoga, juegos de mesa, etc.<\/p>\n","protected":false},"excerpt":{"rendered":"<p>La nueva edici\u00f3n de \u2018La Casa sale a la calle\u2019 comenzar\u00e1 a las 18.30 horas en la avenida de Carlos III, junto al monumento al Encierro<\/p>\n","protected":false},"author":1,"featured_media":50120,"comment_status":"open","ping_status":"closed","sticky":false,"template":"","format":"standard","meta":{"footnotes":""},"categories":[2],"tags":[],"class_list":["post-50119","post","type-post","status-publish","format-standard","has-post-thumbnail","hentry","category-ayuntamiento-pamplona"],"yoast_head":"<!-- This site is optimized with the Yoast SEO plugin v27.3 - https:\/\/yoast.com\/product\/yoast-seo-wordpress\/ -->\n<title>Alrededor de un centenar de j\u00f3venes salen a la calle este jueves para protagonizar exhibiciones y actuaciones de baile y m\u00fasica como fin de curso de la Casa de la Juventud<\/title>\n<meta name=\"description\" content=\"La nueva edici\u00f3n de \u2018La Casa sale a la calle\u2019 comenzar\u00e1 a las 18.30 horas en la avenida de Carlos III, junto al monumento al Encierro\" \/>\n<meta name=\"robots\" content=\"index, follow, max-snippet:-1, max-image-preview:large, max-video-preview:-1\" \/>\n<link rel=\"canonical\" href=\"https:\/\/www.laguiadepamplona.com\/actualidad\/alrededor-de-un-centenar-de-jovenes-salen-a-la-calle-este-jueves-para-protagonizar-exhibiciones-y-actuaciones-de-baile-y-musica-como-fin-de-curso-de-la-casa-de-la-juventud\/\" \/>\n<meta property=\"og:locale\" content=\"es_ES\" \/>\n<meta property=\"og:type\" content=\"article\" \/>\n<meta property=\"og:title\" content=\"Alrededor de un centenar de j\u00f3venes salen a la calle este jueves para protagonizar exhibiciones y actuaciones de baile y m\u00fasica como fin de curso de la Casa de la Juventud\" \/>\n<meta property=\"og:description\" content=\"La nueva edici\u00f3n de \u2018La Casa sale a la calle\u2019 comenzar\u00e1 a las 18.30 horas en la avenida de Carlos III, junto al monumento al Encierro\" \/>\n<meta property=\"og:url\" content=\"https:\/\/www.laguiadepamplona.com\/actualidad\/alrededor-de-un-centenar-de-jovenes-salen-a-la-calle-este-jueves-para-protagonizar-exhibiciones-y-actuaciones-de-baile-y-musica-como-fin-de-curso-de-la-casa-de-la-juventud\/\" \/>\n<meta property=\"og:site_name\" content=\"La Gu\u00eda de Pamplona\" \/>\n<meta property=\"article:publisher\" content=\"https:\/\/www.facebook.com\/laguiadepamplonacom-133175176762273\/?ref=hl\" \/>\n<meta property=\"article:published_time\" content=\"2024-06-19T10:44:15+00:00\" \/>\n<meta property=\"og:image\" content=\"https:\/\/www.laguiadepamplona.com\/actualidad\/wp-content\/uploads\/2024\/06\/ACTUACIONES-Y-ACTIVIDADES-CARLOS-III_NB_0145.webp\" \/>\n\t<meta property=\"og:image:width\" content=\"1000\" \/>\n\t<meta property=\"og:image:height\" content=\"667\" \/>\n\t<meta property=\"og:image:type\" content=\"image\/webp\" \/>\n<meta name=\"author\" content=\"La Gu\u00eda de Pamplona\" \/>\n<meta name=\"twitter:card\" content=\"summary_large_image\" \/>\n<meta name=\"twitter:creator\" content=\"@LaGuiadPamplona\" \/>\n<meta name=\"twitter:site\" content=\"@LaGuiadPamplona\" \/>\n<meta name=\"twitter:label1\" content=\"Escrito por\" \/>\n\t<meta name=\"twitter:data1\" content=\"La Gu\u00eda de Pamplona\" \/>\n\t<meta name=\"twitter:label2\" content=\"Tiempo de lectura\" \/>\n\t<meta name=\"twitter:data2\" content=\"4 minutos\" \/>\n<script type=\"application\/ld+json\" class=\"yoast-schema-graph\">{\"@context\":\"https:\\\/\\\/schema.org\",\"@graph\":[{\"@type\":\"Article\",\"@id\":\"https:\\\/\\\/www.laguiadepamplona.com\\\/actualidad\\\/alrededor-de-un-centenar-de-jovenes-salen-a-la-calle-este-jueves-para-protagonizar-exhibiciones-y-actuaciones-de-baile-y-musica-como-fin-de-curso-de-la-casa-de-la-juventud\\\/#article\",\"isPartOf\":{\"@id\":\"https:\\\/\\\/www.laguiadepamplona.com\\\/actualidad\\\/alrededor-de-un-centenar-de-jovenes-salen-a-la-calle-este-jueves-para-protagonizar-exhibiciones-y-actuaciones-de-baile-y-musica-como-fin-de-curso-de-la-casa-de-la-juventud\\\/\"},\"author\":{\"name\":\"La Gu\u00eda de Pamplona\",\"@id\":\"https:\\\/\\\/www.laguiadepamplona.com\\\/actualidad\\\/#\\\/schema\\\/person\\\/efe887376f0213d4657c93adc50b1fdb\"},\"headline\":\"Alrededor de un centenar de j\u00f3venes salen a la calle este jueves para protagonizar exhibiciones y actuaciones de baile y m\u00fasica como fin de curso de la Casa de la Juventud\",\"datePublished\":\"2024-06-19T10:44:15+00:00\",\"mainEntityOfPage\":{\"@id\":\"https:\\\/\\\/www.laguiadepamplona.com\\\/actualidad\\\/alrededor-de-un-centenar-de-jovenes-salen-a-la-calle-este-jueves-para-protagonizar-exhibiciones-y-actuaciones-de-baile-y-musica-como-fin-de-curso-de-la-casa-de-la-juventud\\\/\"},\"wordCount\":723,\"commentCount\":0,\"publisher\":{\"@id\":\"https:\\\/\\\/www.laguiadepamplona.com\\\/actualidad\\\/#organization\"},\"image\":{\"@id\":\"https:\\\/\\\/www.laguiadepamplona.com\\\/actualidad\\\/alrededor-de-un-centenar-de-jovenes-salen-a-la-calle-este-jueves-para-protagonizar-exhibiciones-y-actuaciones-de-baile-y-musica-como-fin-de-curso-de-la-casa-de-la-juventud\\\/#primaryimage\"},\"thumbnailUrl\":\"https:\\\/\\\/www.laguiadepamplona.com\\\/actualidad\\\/wp-content\\\/uploads\\\/2024\\\/06\\\/ACTUACIONES-Y-ACTIVIDADES-CARLOS-III_NB_0145.webp\",\"articleSection\":[\"Ayto Pamplona\"],\"inLanguage\":\"es\",\"potentialAction\":[{\"@type\":\"CommentAction\",\"name\":\"Comment\",\"target\":[\"https:\\\/\\\/www.laguiadepamplona.com\\\/actualidad\\\/alrededor-de-un-centenar-de-jovenes-salen-a-la-calle-este-jueves-para-protagonizar-exhibiciones-y-actuaciones-de-baile-y-musica-como-fin-de-curso-de-la-casa-de-la-juventud\\\/#respond\"]}]},{\"@type\":\"WebPage\",\"@id\":\"https:\\\/\\\/www.laguiadepamplona.com\\\/actualidad\\\/alrededor-de-un-centenar-de-jovenes-salen-a-la-calle-este-jueves-para-protagonizar-exhibiciones-y-actuaciones-de-baile-y-musica-como-fin-de-curso-de-la-casa-de-la-juventud\\\/\",\"url\":\"https:\\\/\\\/www.laguiadepamplona.com\\\/actualidad\\\/alrededor-de-un-centenar-de-jovenes-salen-a-la-calle-este-jueves-para-protagonizar-exhibiciones-y-actuaciones-de-baile-y-musica-como-fin-de-curso-de-la-casa-de-la-juventud\\\/\",\"name\":\"Alrededor de un centenar de j\u00f3venes salen a la calle este jueves para protagonizar exhibiciones y actuaciones de baile y m\u00fasica como fin de curso de la Casa de la Juventud\",\"isPartOf\":{\"@id\":\"https:\\\/\\\/www.laguiadepamplona.com\\\/actualidad\\\/#website\"},\"primaryImageOfPage\":{\"@id\":\"https:\\\/\\\/www.laguiadepamplona.com\\\/actualidad\\\/alrededor-de-un-centenar-de-jovenes-salen-a-la-calle-este-jueves-para-protagonizar-exhibiciones-y-actuaciones-de-baile-y-musica-como-fin-de-curso-de-la-casa-de-la-juventud\\\/#primaryimage\"},\"image\":{\"@id\":\"https:\\\/\\\/www.laguiadepamplona.com\\\/actualidad\\\/alrededor-de-un-centenar-de-jovenes-salen-a-la-calle-este-jueves-para-protagonizar-exhibiciones-y-actuaciones-de-baile-y-musica-como-fin-de-curso-de-la-casa-de-la-juventud\\\/#primaryimage\"},\"thumbnailUrl\":\"https:\\\/\\\/www.laguiadepamplona.com\\\/actualidad\\\/wp-content\\\/uploads\\\/2024\\\/06\\\/ACTUACIONES-Y-ACTIVIDADES-CARLOS-III_NB_0145.webp\",\"datePublished\":\"2024-06-19T10:44:15+00:00\",\"description\":\"La nueva edici\u00f3n de \u2018La Casa sale a la calle\u2019 comenzar\u00e1 a las 18.30 horas en la avenida de Carlos III, junto al monumento al Encierro\",\"breadcrumb\":{\"@id\":\"https:\\\/\\\/www.laguiadepamplona.com\\\/actualidad\\\/alrededor-de-un-centenar-de-jovenes-salen-a-la-calle-este-jueves-para-protagonizar-exhibiciones-y-actuaciones-de-baile-y-musica-como-fin-de-curso-de-la-casa-de-la-juventud\\\/#breadcrumb\"},\"inLanguage\":\"es\",\"potentialAction\":[{\"@type\":\"ReadAction\",\"target\":[\"https:\\\/\\\/www.laguiadepamplona.com\\\/actualidad\\\/alrededor-de-un-centenar-de-jovenes-salen-a-la-calle-este-jueves-para-protagonizar-exhibiciones-y-actuaciones-de-baile-y-musica-como-fin-de-curso-de-la-casa-de-la-juventud\\\/\"]}]},{\"@type\":\"ImageObject\",\"inLanguage\":\"es\",\"@id\":\"https:\\\/\\\/www.laguiadepamplona.com\\\/actualidad\\\/alrededor-de-un-centenar-de-jovenes-salen-a-la-calle-este-jueves-para-protagonizar-exhibiciones-y-actuaciones-de-baile-y-musica-como-fin-de-curso-de-la-casa-de-la-juventud\\\/#primaryimage\",\"url\":\"https:\\\/\\\/www.laguiadepamplona.com\\\/actualidad\\\/wp-content\\\/uploads\\\/2024\\\/06\\\/ACTUACIONES-Y-ACTIVIDADES-CARLOS-III_NB_0145.webp\",\"contentUrl\":\"https:\\\/\\\/www.laguiadepamplona.com\\\/actualidad\\\/wp-content\\\/uploads\\\/2024\\\/06\\\/ACTUACIONES-Y-ACTIVIDADES-CARLOS-III_NB_0145.webp\",\"width\":1000,\"height\":667,\"caption\":\"actuaciones y actividades carlos III\"},{\"@type\":\"BreadcrumbList\",\"@id\":\"https:\\\/\\\/www.laguiadepamplona.com\\\/actualidad\\\/alrededor-de-un-centenar-de-jovenes-salen-a-la-calle-este-jueves-para-protagonizar-exhibiciones-y-actuaciones-de-baile-y-musica-como-fin-de-curso-de-la-casa-de-la-juventud\\\/#breadcrumb\",\"itemListElement\":[{\"@type\":\"ListItem\",\"position\":1,\"name\":\"Portada\",\"item\":\"https:\\\/\\\/www.laguiadepamplona.com\\\/actualidad\\\/\"},{\"@type\":\"ListItem\",\"position\":2,\"name\":\"Alrededor de un centenar de j\u00f3venes salen a la calle este jueves para protagonizar exhibiciones y actuaciones de baile y m\u00fasica como fin de curso de la Casa de la Juventud\"}]},{\"@type\":\"WebSite\",\"@id\":\"https:\\\/\\\/www.laguiadepamplona.com\\\/actualidad\\\/#website\",\"url\":\"https:\\\/\\\/www.laguiadepamplona.com\\\/actualidad\\\/\",\"name\":\"La gu\u00eda de Pamplona\",\"description\":\"Noticias de Pamplona\",\"publisher\":{\"@id\":\"https:\\\/\\\/www.laguiadepamplona.com\\\/actualidad\\\/#organization\"},\"potentialAction\":[{\"@type\":\"SearchAction\",\"target\":{\"@type\":\"EntryPoint\",\"urlTemplate\":\"https:\\\/\\\/www.laguiadepamplona.com\\\/actualidad\\\/?s={search_term_string}\"},\"query-input\":{\"@type\":\"PropertyValueSpecification\",\"valueRequired\":true,\"valueName\":\"search_term_string\"}}],\"inLanguage\":\"es\"},{\"@type\":\"Organization\",\"@id\":\"https:\\\/\\\/www.laguiadepamplona.com\\\/actualidad\\\/#organization\",\"name\":\"La Gu\u00eda de Pamplona \\\/ Noticias\",\"url\":\"https:\\\/\\\/www.laguiadepamplona.com\\\/actualidad\\\/\",\"logo\":{\"@type\":\"ImageObject\",\"inLanguage\":\"es\",\"@id\":\"https:\\\/\\\/www.laguiadepamplona.com\\\/actualidad\\\/#\\\/schema\\\/logo\\\/image\\\/\",\"url\":\"https:\\\/\\\/www.laguiadepamplona.com\\\/actualidad\\\/wp-content\\\/uploads\\\/2018\\\/11\\\/logo-laguiadepamplona18-web1.png\",\"contentUrl\":\"https:\\\/\\\/www.laguiadepamplona.com\\\/actualidad\\\/wp-content\\\/uploads\\\/2018\\\/11\\\/logo-laguiadepamplona18-web1.png\",\"width\":600,\"height\":196,\"caption\":\"La Gu\u00eda de Pamplona \\\/ Noticias\"},\"image\":{\"@id\":\"https:\\\/\\\/www.laguiadepamplona.com\\\/actualidad\\\/#\\\/schema\\\/logo\\\/image\\\/\"},\"sameAs\":[\"https:\\\/\\\/www.facebook.com\\\/laguiadepamplonacom-133175176762273\\\/?ref=hl\",\"https:\\\/\\\/x.com\\\/LaGuiadPamplona\",\"https:\\\/\\\/www.instagram.com\\\/la_guia_de_pamplona\\\/\",\"https:\\\/\\\/www.youtube.com\\\/user\\\/laguiadepamplona\"]},{\"@type\":\"Person\",\"@id\":\"https:\\\/\\\/www.laguiadepamplona.com\\\/actualidad\\\/#\\\/schema\\\/person\\\/efe887376f0213d4657c93adc50b1fdb\",\"name\":\"La Gu\u00eda de Pamplona\",\"image\":{\"@type\":\"ImageObject\",\"inLanguage\":\"es\",\"@id\":\"https:\\\/\\\/secure.gravatar.com\\\/avatar\\\/b6992f131dc8d30ab0dff15446e9d346d9dbd95992de0fef795073f5ea83a81c?s=96&d=mm&r=g\",\"url\":\"https:\\\/\\\/secure.gravatar.com\\\/avatar\\\/b6992f131dc8d30ab0dff15446e9d346d9dbd95992de0fef795073f5ea83a81c?s=96&d=mm&r=g\",\"contentUrl\":\"https:\\\/\\\/secure.gravatar.com\\\/avatar\\\/b6992f131dc8d30ab0dff15446e9d346d9dbd95992de0fef795073f5ea83a81c?s=96&d=mm&r=g\",\"caption\":\"La Gu\u00eda de Pamplona\"}}]}<\/script>\n<!-- \/ Yoast SEO plugin. -->","yoast_head_json":{"title":"Alrededor de un centenar de j\u00f3venes salen a la calle este jueves para protagonizar exhibiciones y actuaciones de baile y m\u00fasica como fin de curso de la Casa de la Juventud","description":"La nueva edici\u00f3n de \u2018La Casa sale a la calle\u2019 comenzar\u00e1 a las 18.30 horas en la avenida de Carlos III, junto al monumento al Encierro","robots":{"index":"index","follow":"follow","max-snippet":"max-snippet:-1","max-image-preview":"max-image-preview:large","max-video-preview":"max-video-preview:-1"},"canonical":"https:\/\/www.laguiadepamplona.com\/actualidad\/alrededor-de-un-centenar-de-jovenes-salen-a-la-calle-este-jueves-para-protagonizar-exhibiciones-y-actuaciones-de-baile-y-musica-como-fin-de-curso-de-la-casa-de-la-juventud\/","og_locale":"es_ES","og_type":"article","og_title":"Alrededor de un centenar de j\u00f3venes salen a la calle este jueves para protagonizar exhibiciones y actuaciones de baile y m\u00fasica como fin de curso de la Casa de la Juventud","og_description":"La nueva edici\u00f3n de \u2018La Casa sale a la calle\u2019 comenzar\u00e1 a las 18.30 horas en la avenida de Carlos III, junto al monumento al Encierro","og_url":"https:\/\/www.laguiadepamplona.com\/actualidad\/alrededor-de-un-centenar-de-jovenes-salen-a-la-calle-este-jueves-para-protagonizar-exhibiciones-y-actuaciones-de-baile-y-musica-como-fin-de-curso-de-la-casa-de-la-juventud\/","og_site_name":"La Gu\u00eda de Pamplona","article_publisher":"https:\/\/www.facebook.com\/laguiadepamplonacom-133175176762273\/?ref=hl","article_published_time":"2024-06-19T10:44:15+00:00","og_image":[{"width":1000,"height":667,"url":"https:\/\/www.laguiadepamplona.com\/actualidad\/wp-content\/uploads\/2024\/06\/ACTUACIONES-Y-ACTIVIDADES-CARLOS-III_NB_0145.webp","type":"image\/webp"}],"author":"La Gu\u00eda de Pamplona","twitter_card":"summary_large_image","twitter_creator":"@LaGuiadPamplona","twitter_site":"@LaGuiadPamplona","twitter_misc":{"Escrito por":"La Gu\u00eda de Pamplona","Tiempo de lectura":"4 minutos"},"schema":{"@context":"https:\/\/schema.org","@graph":[{"@type":"Article","@id":"https:\/\/www.laguiadepamplona.com\/actualidad\/alrededor-de-un-centenar-de-jovenes-salen-a-la-calle-este-jueves-para-protagonizar-exhibiciones-y-actuaciones-de-baile-y-musica-como-fin-de-curso-de-la-casa-de-la-juventud\/#article","isPartOf":{"@id":"https:\/\/www.laguiadepamplona.com\/actualidad\/alrededor-de-un-centenar-de-jovenes-salen-a-la-calle-este-jueves-para-protagonizar-exhibiciones-y-actuaciones-de-baile-y-musica-como-fin-de-curso-de-la-casa-de-la-juventud\/"},"author":{"name":"La Gu\u00eda de Pamplona","@id":"https:\/\/www.laguiadepamplona.com\/actualidad\/#\/schema\/person\/efe887376f0213d4657c93adc50b1fdb"},"headline":"Alrededor de un centenar de j\u00f3venes salen a la calle este jueves para protagonizar exhibiciones y actuaciones de baile y m\u00fasica como fin de curso de la Casa de la Juventud","datePublished":"2024-06-19T10:44:15+00:00","mainEntityOfPage":{"@id":"https:\/\/www.laguiadepamplona.com\/actualidad\/alrededor-de-un-centenar-de-jovenes-salen-a-la-calle-este-jueves-para-protagonizar-exhibiciones-y-actuaciones-de-baile-y-musica-como-fin-de-curso-de-la-casa-de-la-juventud\/"},"wordCount":723,"commentCount":0,"publisher":{"@id":"https:\/\/www.laguiadepamplona.com\/actualidad\/#organization"},"image":{"@id":"https:\/\/www.laguiadepamplona.com\/actualidad\/alrededor-de-un-centenar-de-jovenes-salen-a-la-calle-este-jueves-para-protagonizar-exhibiciones-y-actuaciones-de-baile-y-musica-como-fin-de-curso-de-la-casa-de-la-juventud\/#primaryimage"},"thumbnailUrl":"https:\/\/www.laguiadepamplona.com\/actualidad\/wp-content\/uploads\/2024\/06\/ACTUACIONES-Y-ACTIVIDADES-CARLOS-III_NB_0145.webp","articleSection":["Ayto Pamplona"],"inLanguage":"es","potentialAction":[{"@type":"CommentAction","name":"Comment","target":["https:\/\/www.laguiadepamplona.com\/actualidad\/alrededor-de-un-centenar-de-jovenes-salen-a-la-calle-este-jueves-para-protagonizar-exhibiciones-y-actuaciones-de-baile-y-musica-como-fin-de-curso-de-la-casa-de-la-juventud\/#respond"]}]},{"@type":"WebPage","@id":"https:\/\/www.laguiadepamplona.com\/actualidad\/alrededor-de-un-centenar-de-jovenes-salen-a-la-calle-este-jueves-para-protagonizar-exhibiciones-y-actuaciones-de-baile-y-musica-como-fin-de-curso-de-la-casa-de-la-juventud\/","url":"https:\/\/www.laguiadepamplona.com\/actualidad\/alrededor-de-un-centenar-de-jovenes-salen-a-la-calle-este-jueves-para-protagonizar-exhibiciones-y-actuaciones-de-baile-y-musica-como-fin-de-curso-de-la-casa-de-la-juventud\/","name":"Alrededor de un centenar de j\u00f3venes salen a la calle este jueves para protagonizar exhibiciones y actuaciones de baile y m\u00fasica como fin de curso de la Casa de la Juventud","isPartOf":{"@id":"https:\/\/www.laguiadepamplona.com\/actualidad\/#website"},"primaryImageOfPage":{"@id":"https:\/\/www.laguiadepamplona.com\/actualidad\/alrededor-de-un-centenar-de-jovenes-salen-a-la-calle-este-jueves-para-protagonizar-exhibiciones-y-actuaciones-de-baile-y-musica-como-fin-de-curso-de-la-casa-de-la-juventud\/#primaryimage"},"image":{"@id":"https:\/\/www.laguiadepamplona.com\/actualidad\/alrededor-de-un-centenar-de-jovenes-salen-a-la-calle-este-jueves-para-protagonizar-exhibiciones-y-actuaciones-de-baile-y-musica-como-fin-de-curso-de-la-casa-de-la-juventud\/#primaryimage"},"thumbnailUrl":"https:\/\/www.laguiadepamplona.com\/actualidad\/wp-content\/uploads\/2024\/06\/ACTUACIONES-Y-ACTIVIDADES-CARLOS-III_NB_0145.webp","datePublished":"2024-06-19T10:44:15+00:00","description":"La nueva edici\u00f3n de \u2018La Casa sale a la calle\u2019 comenzar\u00e1 a las 18.30 horas en la avenida de Carlos III, junto al monumento al Encierro","breadcrumb":{"@id":"https:\/\/www.laguiadepamplona.com\/actualidad\/alrededor-de-un-centenar-de-jovenes-salen-a-la-calle-este-jueves-para-protagonizar-exhibiciones-y-actuaciones-de-baile-y-musica-como-fin-de-curso-de-la-casa-de-la-juventud\/#breadcrumb"},"inLanguage":"es","potentialAction":[{"@type":"ReadAction","target":["https:\/\/www.laguiadepamplona.com\/actualidad\/alrededor-de-un-centenar-de-jovenes-salen-a-la-calle-este-jueves-para-protagonizar-exhibiciones-y-actuaciones-de-baile-y-musica-como-fin-de-curso-de-la-casa-de-la-juventud\/"]}]},{"@type":"ImageObject","inLanguage":"es","@id":"https:\/\/www.laguiadepamplona.com\/actualidad\/alrededor-de-un-centenar-de-jovenes-salen-a-la-calle-este-jueves-para-protagonizar-exhibiciones-y-actuaciones-de-baile-y-musica-como-fin-de-curso-de-la-casa-de-la-juventud\/#primaryimage","url":"https:\/\/www.laguiadepamplona.com\/actualidad\/wp-content\/uploads\/2024\/06\/ACTUACIONES-Y-ACTIVIDADES-CARLOS-III_NB_0145.webp","contentUrl":"https:\/\/www.laguiadepamplona.com\/actualidad\/wp-content\/uploads\/2024\/06\/ACTUACIONES-Y-ACTIVIDADES-CARLOS-III_NB_0145.webp","width":1000,"height":667,"caption":"actuaciones y actividades carlos III"},{"@type":"BreadcrumbList","@id":"https:\/\/www.laguiadepamplona.com\/actualidad\/alrededor-de-un-centenar-de-jovenes-salen-a-la-calle-este-jueves-para-protagonizar-exhibiciones-y-actuaciones-de-baile-y-musica-como-fin-de-curso-de-la-casa-de-la-juventud\/#breadcrumb","itemListElement":[{"@type":"ListItem","position":1,"name":"Portada","item":"https:\/\/www.laguiadepamplona.com\/actualidad\/"},{"@type":"ListItem","position":2,"name":"Alrededor de un centenar de j\u00f3venes salen a la calle este jueves para protagonizar exhibiciones y actuaciones de baile y m\u00fasica como fin de curso de la Casa de la Juventud"}]},{"@type":"WebSite","@id":"https:\/\/www.laguiadepamplona.com\/actualidad\/#website","url":"https:\/\/www.laguiadepamplona.com\/actualidad\/","name":"La gu\u00eda de Pamplona","description":"Noticias de Pamplona","publisher":{"@id":"https:\/\/www.laguiadepamplona.com\/actualidad\/#organization"},"potentialAction":[{"@type":"SearchAction","target":{"@type":"EntryPoint","urlTemplate":"https:\/\/www.laguiadepamplona.com\/actualidad\/?s={search_term_string}"},"query-input":{"@type":"PropertyValueSpecification","valueRequired":true,"valueName":"search_term_string"}}],"inLanguage":"es"},{"@type":"Organization","@id":"https:\/\/www.laguiadepamplona.com\/actualidad\/#organization","name":"La Gu\u00eda de Pamplona \/ Noticias","url":"https:\/\/www.laguiadepamplona.com\/actualidad\/","logo":{"@type":"ImageObject","inLanguage":"es","@id":"https:\/\/www.laguiadepamplona.com\/actualidad\/#\/schema\/logo\/image\/","url":"https:\/\/www.laguiadepamplona.com\/actualidad\/wp-content\/uploads\/2018\/11\/logo-laguiadepamplona18-web1.png","contentUrl":"https:\/\/www.laguiadepamplona.com\/actualidad\/wp-content\/uploads\/2018\/11\/logo-laguiadepamplona18-web1.png","width":600,"height":196,"caption":"La Gu\u00eda de Pamplona \/ Noticias"},"image":{"@id":"https:\/\/www.laguiadepamplona.com\/actualidad\/#\/schema\/logo\/image\/"},"sameAs":["https:\/\/www.facebook.com\/laguiadepamplonacom-133175176762273\/?ref=hl","https:\/\/x.com\/LaGuiadPamplona","https:\/\/www.instagram.com\/la_guia_de_pamplona\/","https:\/\/www.youtube.com\/user\/laguiadepamplona"]},{"@type":"Person","@id":"https:\/\/www.laguiadepamplona.com\/actualidad\/#\/schema\/person\/efe887376f0213d4657c93adc50b1fdb","name":"La Gu\u00eda de Pamplona","image":{"@type":"ImageObject","inLanguage":"es","@id":"https:\/\/secure.gravatar.com\/avatar\/b6992f131dc8d30ab0dff15446e9d346d9dbd95992de0fef795073f5ea83a81c?s=96&d=mm&r=g","url":"https:\/\/secure.gravatar.com\/avatar\/b6992f131dc8d30ab0dff15446e9d346d9dbd95992de0fef795073f5ea83a81c?s=96&d=mm&r=g","contentUrl":"https:\/\/secure.gravatar.com\/avatar\/b6992f131dc8d30ab0dff15446e9d346d9dbd95992de0fef795073f5ea83a81c?s=96&d=mm&r=g","caption":"La Gu\u00eda de Pamplona"}}]}},"post_mailing_queue_ids":[],"_links":{"self":[{"href":"https:\/\/www.laguiadepamplona.com\/actualidad\/wp-json\/wp\/v2\/posts\/50119","targetHints":{"allow":["GET"]}}],"collection":[{"href":"https:\/\/www.laguiadepamplona.com\/actualidad\/wp-json\/wp\/v2\/posts"}],"about":[{"href":"https:\/\/www.laguiadepamplona.com\/actualidad\/wp-json\/wp\/v2\/types\/post"}],"author":[{"embeddable":true,"href":"https:\/\/www.laguiadepamplona.com\/actualidad\/wp-json\/wp\/v2\/users\/1"}],"replies":[{"embeddable":true,"href":"https:\/\/www.laguiadepamplona.com\/actualidad\/wp-json\/wp\/v2\/comments?post=50119"}],"version-history":[{"count":1,"href":"https:\/\/www.laguiadepamplona.com\/actualidad\/wp-json\/wp\/v2\/posts\/50119\/revisions"}],"predecessor-version":[{"id":50121,"href":"https:\/\/www.laguiadepamplona.com\/actualidad\/wp-json\/wp\/v2\/posts\/50119\/revisions\/50121"}],"wp:featuredmedia":[{"embeddable":true,"href":"https:\/\/www.laguiadepamplona.com\/actualidad\/wp-json\/wp\/v2\/media\/50120"}],"wp:attachment":[{"href":"https:\/\/www.laguiadepamplona.com\/actualidad\/wp-json\/wp\/v2\/media?parent=50119"}],"wp:term":[{"taxonomy":"category","embeddable":true,"href":"https:\/\/www.laguiadepamplona.com\/actualidad\/wp-json\/wp\/v2\/categories?post=50119"},{"taxonomy":"post_tag","embeddable":true,"href":"https:\/\/www.laguiadepamplona.com\/actualidad\/wp-json\/wp\/v2\/tags?post=50119"}],"curies":[{"name":"wp","href":"https:\/\/api.w.org\/{rel}","templated":true}]}}